{"id":9215,"date":"2026-09-02T12:28:37","date_gmt":"2026-09-02T12:28:37","guid":{"rendered":"https:\/\/www.mobilier-design-occasion.fr\/magazine\/?p=9215"},"modified":"2026-09-02T12:28:40","modified_gmt":"2026-09-02T12:28:40","slug":"le-fauteuil-pivotant-lallie-parfait-pour-un-salon-qui-vous-ressemble","status":"publish","type":"post","link":"https:\/\/www.mobilier-design-occasion.fr\/magazine\/le-fauteuil-pivotant-lallie-parfait-pour-un-salon-qui-vous-ressemble\/","title":{"rendered":"Le fauteuil pivotant : l&#8217;alli\u00e9 parfait pour un salon qui vous ressemble"},"content":{"rendered":"\n<p class=\"wp-block-paragraph\"><\/p>\n\n\n\n<p class=\"wp-block-paragraph\">Le <a href=\"https:\/\/www.mobilier-design-occasion.fr\/magazine\/tendances-2024-choisir-les-meubles-parfaits-pour-chaque-piece-de-votre-maison\/\">salon<\/a> a longtemps \u00e9t\u00e9 pens\u00e9 comme un espace fig\u00e9, <a href=\"https:\/\/www.mobilier-design-occasion.fr\/magazine\/test-avis-sur-deco-in-paris\/\">canap\u00e9<\/a> face \u00e0 la t\u00e9l\u00e9vision, fauteuils align\u00e9s contre le mur. Cette configuration a fait son temps. Aujourd&#8217;hui, on cherche des pi\u00e8ces qui s&#8217;adaptent \u00e0 nos usages plut\u00f4t que l&#8217;inverse. Le <a href=\"https:\/\/www.mobilier-design-occasion.fr\/magazine\/test-avis-sur-poltronesofa\/\">fauteuil<\/a> pivotant r\u00e9pond exactement \u00e0 ce besoin : un si\u00e8ge qui tourne \u00e0 360 degr\u00e9s pour suivre la conversation, la <a href=\"https:\/\/www.mobilier-design-occasion.fr\/magazine\/le-charme-discret-de-la-lumiere-tamisee-du-chandelier\/\">lumi\u00e8re<\/a> du jour ou simplement l&#8217;envie du moment.<\/p>\n\n\n\n<h2 class=\"wp-block-heading\"><span class=\"ez-toc-section\" id=\"Pourquoi_le_fauteuil_pivotant_seduit_autant\"><\/span>Pourquoi le fauteuil pivotant s\u00e9duit autant<span class=\"ez-toc-section-end\"><\/span><\/h2><div id=\"ez-toc-container\" class=\"ez-toc-v2_0_87 counter-hierarchy ez-toc-counter ez-toc-grey ez-toc-container-direction\">\n<div class=\"ez-toc-title-container\">\n<span class=\"ez-toc-title-toggle\"><a href=\"#\" class=\"ez-toc-pull-right ez-toc-btn ez-toc-btn-xs ez-toc-btn-default ez-toc-toggle\" aria-label=\"Toggle Table of Content\"><span class=\"ez-toc-js-icon-con\"><span class=\"\"><span class=\"eztoc-hide\" style=\"display:none;\">Toggle<\/span><span class=\"ez-toc-icon-toggle-span\"><svg style=\"fill: #999;color:#999\" xmlns=\"http:\/\/www.w3.org\/2000\/svg\" class=\"list-377408\" width=\"20px\" height=\"20px\" viewBox=\"0 0 24 24\" fill=\"none\"><path d=\"M6 6H4v2h2V6zm14 0H8v2h12V6zM4 11h2v2H4v-2zm16 0H8v2h12v-2zM4 16h2v2H4v-2zm16 0H8v2h12v-2z\" fill=\"currentColor\"><\/path><\/svg><svg style=\"fill: #999;color:#999\" class=\"arrow-unsorted-368013\" xmlns=\"http:\/\/www.w3.org\/2000\/svg\" width=\"10px\" height=\"10px\" viewBox=\"0 0 24 24\" version=\"1.2\" baseProfile=\"tiny\"><path d=\"M18.2 9.3l-6.2-6.3-6.2 6.3c-.2.2-.3.4-.3.7s.1.5.3.7c.2.2.4.3.7.3h11c.3 0 .5-.1.7-.3.2-.2.3-.5.3-.7s-.1-.5-.3-.7zM5.8 14.7l6.2 6.3 6.2-6.3c.2-.2.3-.5.3-.7s-.1-.5-.3-.7c-.2-.2-.4-.3-.7-.3h-11c-.3 0-.5.1-.7.3-.2.2-.3.5-.3.7s.1.5.3.7z\"\/><\/svg><\/span><\/span><\/span><\/a><\/span><\/div>\n<nav><ul class='ez-toc-list ez-toc-list-level-1 eztoc-toggle-hide-by-default' ><li class='ez-toc-page-1 ez-toc-heading-level-2'><a class=\"ez-toc-link ez-toc-heading-1\" href=\"https:\/\/www.mobilier-design-occasion.fr\/magazine\/le-fauteuil-pivotant-lallie-parfait-pour-un-salon-qui-vous-ressemble\/#Pourquoi_le_fauteuil_pivotant_seduit_autant\" >Pourquoi le fauteuil pivotant s\u00e9duit autant<\/a><\/li><li class='ez-toc-page-1 ez-toc-heading-level-2'><a class=\"ez-toc-link ez-toc-heading-2\" href=\"https:\/\/www.mobilier-design-occasion.fr\/magazine\/le-fauteuil-pivotant-lallie-parfait-pour-un-salon-qui-vous-ressemble\/#Comment_bien_lintegrer_dans_son_interieur\" >Comment bien l&#8217;int\u00e9grer dans son int\u00e9rieur<\/a><\/li><li class='ez-toc-page-1 ez-toc-heading-level-2'><a class=\"ez-toc-link ez-toc-heading-3\" href=\"https:\/\/www.mobilier-design-occasion.fr\/magazine\/le-fauteuil-pivotant-lallie-parfait-pour-un-salon-qui-vous-ressemble\/#Un_investissement_qui_traverse_les_modes\" >Un investissement qui traverse les modes<\/a><\/li><\/ul><\/nav><\/div>\n\n\n\n\n<p class=\"wp-block-paragraph\">Ce succ\u00e8s n&#8217;est pas qu&#8217;une question de <a href=\"https:\/\/www.mobilier-design-occasion.fr\/magazine\/5-marques-de-design-intemporel-que-vous-devez-absolument-connaitre\/\">tendance<\/a>. Il tient \u00e0 des avantages tr\u00e8s concrets.<\/p>\n\n\n\n<p class=\"wp-block-paragraph\"><strong>Une flexibilit\u00e9 d&#8217;usage r\u00e9elle.<\/strong> Un fauteuil qui pivote permet de se tourner vers un invit\u00e9, vers la fen\u00eatre pour lire, ou vers l&#8217;\u00e9cran pour un film, sans avoir \u00e0 d\u00e9placer le <a href=\"https:\/\/www.mobilier-design-occasion.fr\/magazine\/comment-entretenir-son-mobilier-design-au-quotidien-top-astuces\/\">meuble<\/a>. Dans un salon o\u00f9 l&#8217;espace est compt\u00e9, cette mobilit\u00e9 change vraiment le quotidien.<\/p>\n\n\n\n<p class=\"wp-block-paragraph\"><strong>Un gain de place intelligent.<\/strong> Contrairement \u00e0 un canap\u00e9 d&#8217;angle ou \u00e0 un ensemble de fauteuils fixes, un mod\u00e8le pivotant s&#8217;installe dans un coin, pr\u00e8s d&#8217;une baie vitr\u00e9e ou en vis-\u00e0-vis d&#8217;un canap\u00e9, sans imposer une circulation fig\u00e9e autour de lui.<\/p>\n\n\n\n<p class=\"wp-block-paragraph\"><strong>Une pi\u00e8ce \u00e0 part enti\u00e8re.<\/strong> Avec des formes g\u00e9n\u00e9reuses, des assises basses ou hautes, des pi\u00e9tements en <a href=\"https:\/\/www.mobilier-design-occasion.fr\/magazine\/avis-mathy-by-bols\/\">bois<\/a>, en m\u00e9tal ou en laiton, le fauteuil pivotant n&#8217;est plus un simple si\u00e8ge d&#8217;appoint. Il devient un point focal du salon, au m\u00eame titre qu&#8217;une <a href=\"https:\/\/www.mobilier-design-occasion.fr\/magazine\/devoilez-le-secret-de-lelegance-dans-votre-espace-de-travail\/\">table<\/a> basse <a href=\"https:\/\/www.mobilier-design-occasion.fr\/magazine\/table-tulipe-knoll-indemodable-du-design\/\">design<\/a> ou un <a href=\"https:\/\/www.mobilier-design-occasion.fr\/magazine\/pourquoi-adopter-un-tapis-en-jute-dans-son-salon\/\">tapis<\/a> graphique.<\/p>\n\n\n\n<h2 class=\"wp-block-heading\"><span class=\"ez-toc-section\" id=\"Comment_bien_lintegrer_dans_son_interieur\"><\/span>Comment bien l&#8217;int\u00e9grer dans son int\u00e9rieur<span class=\"ez-toc-section-end\"><\/span><\/h2>\n\n\n\n<p class=\"wp-block-paragraph\">Choisir un fauteuil pivotant ne se limite pas \u00e0 cocher la case &#8220;confort&#8221;. Quelques rep\u00e8res aident \u00e0 faire le bon choix.<\/p>\n\n\n\n<p class=\"wp-block-paragraph\"><strong>Le tissu.<\/strong> Le velours reste une valeur s\u00fbre pour une ambiance chaleureuse et un rendu haut de gamme. Le boucl\u00e9, tr\u00e8s pr\u00e9sent en ce moment, apporte une texture plus rustique et facile \u00e0 vivre au quotidien. Pour les foyers avec enfants ou animaux, un tissu d\u00e9perlant ou facilement lavable \u00e9vite bien des soucis.<\/p>\n\n\n\n<p class=\"wp-block-paragraph\"><strong>La <a href=\"https:\/\/www.mobilier-design-occasion.fr\/magazine\/les-tendances-mobilier-et-decoration-pour-2025-quel-style-adopter-pour-votre-maison\/\">couleur<\/a>.<\/strong> Un fauteuil dans une teinte affirm\u00e9e (terracotta, <a href=\"https:\/\/www.mobilier-design-occasion.fr\/magazine\/decouvrez-les-tendances-du-mobilier-design-en-2024-comment-embellir-votre-espace-avec-style\/\">bleu<\/a> canard, vert sauge) fonctionne comme une touche graphique dans un salon aux murs neutres. \u00c0 l&#8217;inverse, dans une pi\u00e8ce d\u00e9j\u00e0 charg\u00e9e en couleurs ou en motifs, un coloris beige ou gris laisse respirer l&#8217;ensemble.<\/p>\n\n\n\n<p class=\"wp-block-paragraph\"><strong>Le pi\u00e9tement.<\/strong> Un pied en m\u00e9tal fin et dor\u00e9 apporte une note contemporaine, tandis qu&#8217;un pi\u00e9tement en <a href=\"https:\/\/www.mobilier-design-occasion.fr\/magazine\/pollution-de-lair-dans-la-chambre-comment-proteger-nos-enfants\/\">bois massif<\/a> ancre le fauteuil dans un <a href=\"https:\/\/www.mobilier-design-occasion.fr\/magazine\/mobilier-vintage-les-styles-les-plus-prises\/\">style<\/a> plus <a href=\"https:\/\/www.mobilier-design-occasion.fr\/magazine\/9-astuces-inconnues-pour-une-chambre-a-coucher-etincelante\/\">scandinave<\/a> ou naturel.<\/p>\n\n\n\n<p class=\"wp-block-paragraph\"><strong>L&#8217;emplacement.<\/strong> Pr\u00e9voyez un d\u00e9gagement suffisant autour du fauteuil pour qu&#8217;il puisse r\u00e9ellement pivoter sans heurter une <a href=\"https:\/\/www.mobilier-design-occasion.fr\/magazine\/console-maison-du-monde-doccasion\/\">table basse<\/a> ou une biblioth\u00e8que. C&#8217;est un d\u00e9tail qu&#8217;on oublie souvent au moment de l&#8217;achat, alors qu&#8217;il conditionne tout l&#8217;usage du meuble.<\/p>\n\n\n\n<h2 class=\"wp-block-heading\"><span class=\"ez-toc-section\" id=\"Un_investissement_qui_traverse_les_modes\"><\/span>Un investissement qui traverse les modes<span class=\"ez-toc-section-end\"><\/span><\/h2>\n\n\n\n<p class=\"wp-block-paragraph\">Contrairement \u00e0 certains meubles tr\u00e8s marqu\u00e9s par une tendance passag\u00e8re, un bon fauteuil pivotant, bien construit et dans un tissu de qualit\u00e9, se garde des ann\u00e9es. La <a href=\"https:\/\/www.mobilier-design-occasion.fr\/magazine\/le-petit-lexique-du-mobilier-design\/\">structure<\/a> pivotante, si elle est robuste, ne s&#8217;use pas plus vite qu&#8217;une assise classique. C&#8217;est donc un achat qui m\u00e9rite qu&#8217;on y mette le prix juste, plut\u00f4t qu&#8217;on cherche le mod\u00e8le le moins cher.<\/p>\n\n\n\n<p class=\"wp-block-paragraph\">Pour celles et ceux qui veulent comparer les styles, les tissus et les gammes de prix, <a href=\"https:\/\/www.zago-store.com\/collections\/fauteuils-pivotants\">la collection de fauteuils pivotants<\/a> rassemble plusieurs propositions qui couvrent aussi bien les int\u00e9rieurs minimalistes que les salons plus habill\u00e9s et color\u00e9s.<\/p>\n\n\n\n<p class=\"wp-block-paragraph\">Au final, le fauteuil pivotant n&#8217;est pas un simple gadget de d\u00e9coration. C&#8217;est une r\u00e9ponse pratique \u00e0 la fa\u00e7on dont on vit vraiment dans son salon : en mouvement, en conversation, en train de changer d&#8217;activit\u00e9 plusieurs fois dans la m\u00eame soir\u00e9e. Un <a href=\"https:\/\/www.mobilier-design-occasion.fr\/magazine\/test-avis-sur-la-redoute-interieurs-am-pm\/\">mobilier<\/a> qui bouge avec vous, tout simplement.<\/p>\n","protected":false},"excerpt":{"rendered":"<p>Le salon a longtemps \u00e9t\u00e9 pens\u00e9 comme un espace fig\u00e9, canap\u00e9 face \u00e0 la t\u00e9l\u00e9vision, fauteuils align\u00e9s contre le mur. Cette configuration a fait son temps. Aujourd&#8217;hui, on cherche des pi\u00e8ces qui s&#8217;adaptent \u00e0 nos usages plut\u00f4t que l&#8217;inverse. Le fauteuil pivotant r\u00e9pond exactement \u00e0 ce besoin : un si\u00e8ge qui tourne \u00e0 360 degr\u00e9s [&hellip;]<\/p>\n","protected":false},"author":2,"featured_media":9216,"comment_status":"open","ping_status":"open","sticky":false,"template":"","format":"standard","meta":{"footnotes":""},"categories":[122],"tags":[],"class_list":["post-9215","post","type-post","status-publish","format-standard","has-post-thumbnail","hentry","category-salon"],"yoast_head":"<!-- This site is optimized with the Yoast SEO plugin v28.4 - https:\/\/yoast.com\/product\/yoast-seo-wordpress\/ -->\n<title>Le fauteuil pivotant : l&#039;alli\u00e9 parfait pour un salon qui vous ressemble - Mobilier Design Magazine<\/title>\n<meta name=\"robots\" content=\"index, follow, max-snippet:-1, max-image-preview:large, max-video-preview:-1\" \/>\n<link rel=\"canonical\" href=\"https:\/\/www.mobilier-design-occasion.fr\/magazine\/le-fauteuil-pivotant-lallie-parfait-pour-un-salon-qui-vous-ressemble\/\" \/>\n<meta property=\"og:locale\" content=\"fr_FR\" \/>\n<meta property=\"og:type\" content=\"article\" \/>\n<meta property=\"og:title\" content=\"Le fauteuil pivotant : l&#039;alli\u00e9 parfait pour un salon qui vous ressemble - Mobilier Design Magazine\" \/>\n<meta property=\"og:description\" content=\"Le salon a longtemps \u00e9t\u00e9 pens\u00e9 comme un espace fig\u00e9, canap\u00e9 face \u00e0 la t\u00e9l\u00e9vision, fauteuils align\u00e9s contre le mur. Cette configuration a fait son temps. Aujourd&#8217;hui, on cherche des pi\u00e8ces qui s&#8217;adaptent \u00e0 nos usages plut\u00f4t que l&#8217;inverse. Le fauteuil pivotant r\u00e9pond exactement \u00e0 ce besoin : un si\u00e8ge qui tourne \u00e0 360 degr\u00e9s [&hellip;]\" \/>\n<meta property=\"og:url\" content=\"https:\/\/www.mobilier-design-occasion.fr\/magazine\/le-fauteuil-pivotant-lallie-parfait-pour-un-salon-qui-vous-ressemble\/\" \/>\n<meta property=\"og:site_name\" content=\"Mobilier Design Magazine\" \/>\n<meta property=\"article:publisher\" content=\"https:\/\/www.facebook.com\/mobilierdesignoccasion\" \/>\n<meta property=\"article:published_time\" content=\"2026-09-02T12:28:37+00:00\" \/>\n<meta property=\"article:modified_time\" content=\"2026-09-02T12:28:40+00:00\" \/>\n<meta property=\"og:image\" content=\"https:\/\/www.mobilier-design-occasion.fr\/magazine\/wp-content\/uploads\/2026\/09\/pexels-roman-odintsov-6036516-scaled.jpg\" \/>\n\t<meta property=\"og:image:width\" content=\"1365\" \/>\n\t<meta property=\"og:image:height\" content=\"2048\" \/>\n\t<meta property=\"og:image:type\" content=\"image\/jpeg\" \/>\n<meta name=\"author\" content=\"Vincent Vandegans\" \/>\n<meta name=\"twitter:card\" content=\"summary_large_image\" \/>\n<meta name=\"twitter:label1\" content=\"\u00c9crit par\" \/>\n\t<meta name=\"twitter:data1\" content=\"Vincent Vandegans\" \/>\n\t<meta name=\"twitter:label2\" content=\"Dur\u00e9e de lecture estim\u00e9e\" \/>\n\t<meta name=\"twitter:data2\" content=\"3 minutes\" \/>\n<script type=\"application\/ld+json\" class=\"yoast-schema-graph\">{\"@context\":\"https:\\\/\\\/schema.org\",\"@graph\":[{\"@type\":\"Article\",\"@id\":\"https:\\\/\\\/www.mobilier-design-occasion.fr\\\/magazine\\\/le-fauteuil-pivotant-lallie-parfait-pour-un-salon-qui-vous-ressemble\\\/#article\",\"isPartOf\":{\"@id\":\"https:\\\/\\\/www.mobilier-design-occasion.fr\\\/magazine\\\/le-fauteuil-pivotant-lallie-parfait-pour-un-salon-qui-vous-ressemble\\\/\"},\"author\":{\"name\":\"Vincent Vandegans\",\"@id\":\"https:\\\/\\\/www.mobilier-design-occasion.fr\\\/magazine\\\/#\\\/schema\\\/person\\\/af895bedc80bfb6b17730a672fddac9e\"},\"headline\":\"Le fauteuil pivotant : l&#8217;alli\u00e9 parfait pour un salon qui vous ressemble\",\"datePublished\":\"2026-09-02T12:28:37+00:00\",\"dateModified\":\"2026-09-02T12:28:40+00:00\",\"mainEntityOfPage\":{\"@id\":\"https:\\\/\\\/www.mobilier-design-occasion.fr\\\/magazine\\\/le-fauteuil-pivotant-lallie-parfait-pour-un-salon-qui-vous-ressemble\\\/\"},\"wordCount\":662,\"commentCount\":0,\"publisher\":{\"@id\":\"https:\\\/\\\/www.mobilier-design-occasion.fr\\\/magazine\\\/#organization\"},\"image\":{\"@id\":\"https:\\\/\\\/www.mobilier-design-occasion.fr\\\/magazine\\\/le-fauteuil-pivotant-lallie-parfait-pour-un-salon-qui-vous-ressemble\\\/#primaryimage\"},\"thumbnailUrl\":\"https:\\\/\\\/www.mobilier-design-occasion.fr\\\/magazine\\\/wp-content\\\/uploads\\\/2026\\\/09\\\/pexels-roman-odintsov-6036516-scaled.jpg\",\"articleSection\":[\"Salon\"],\"inLanguage\":\"fr-FR\",\"potentialAction\":[{\"@type\":\"CommentAction\",\"name\":\"Comment\",\"target\":[\"https:\\\/\\\/www.mobilier-design-occasion.fr\\\/magazine\\\/le-fauteuil-pivotant-lallie-parfait-pour-un-salon-qui-vous-ressemble\\\/#respond\"]}]},{\"@type\":\"WebPage\",\"@id\":\"https:\\\/\\\/www.mobilier-design-occasion.fr\\\/magazine\\\/le-fauteuil-pivotant-lallie-parfait-pour-un-salon-qui-vous-ressemble\\\/\",\"url\":\"https:\\\/\\\/www.mobilier-design-occasion.fr\\\/magazine\\\/le-fauteuil-pivotant-lallie-parfait-pour-un-salon-qui-vous-ressemble\\\/\",\"name\":\"Le fauteuil pivotant : l'alli\u00e9 parfait pour un salon qui vous ressemble - Mobilier Design Magazine\",\"isPartOf\":{\"@id\":\"https:\\\/\\\/www.mobilier-design-occasion.fr\\\/magazine\\\/#website\"},\"primaryImageOfPage\":{\"@id\":\"https:\\\/\\\/www.mobilier-design-occasion.fr\\\/magazine\\\/le-fauteuil-pivotant-lallie-parfait-pour-un-salon-qui-vous-ressemble\\\/#primaryimage\"},\"image\":{\"@id\":\"https:\\\/\\\/www.mobilier-design-occasion.fr\\\/magazine\\\/le-fauteuil-pivotant-lallie-parfait-pour-un-salon-qui-vous-ressemble\\\/#primaryimage\"},\"thumbnailUrl\":\"https:\\\/\\\/www.mobilier-design-occasion.fr\\\/magazine\\\/wp-content\\\/uploads\\\/2026\\\/09\\\/pexels-roman-odintsov-6036516-scaled.jpg\",\"datePublished\":\"2026-09-02T12:28:37+00:00\",\"dateModified\":\"2026-09-02T12:28:40+00:00\",\"breadcrumb\":{\"@id\":\"https:\\\/\\\/www.mobilier-design-occasion.fr\\\/magazine\\\/le-fauteuil-pivotant-lallie-parfait-pour-un-salon-qui-vous-ressemble\\\/#breadcrumb\"},\"inLanguage\":\"fr-FR\",\"potentialAction\":[{\"@type\":\"ReadAction\",\"target\":[\"https:\\\/\\\/www.mobilier-design-occasion.fr\\\/magazine\\\/le-fauteuil-pivotant-lallie-parfait-pour-un-salon-qui-vous-ressemble\\\/\"]}]},{\"@type\":\"ImageObject\",\"inLanguage\":\"fr-FR\",\"@id\":\"https:\\\/\\\/www.mobilier-design-occasion.fr\\\/magazine\\\/le-fauteuil-pivotant-lallie-parfait-pour-un-salon-qui-vous-ressemble\\\/#primaryimage\",\"url\":\"https:\\\/\\\/www.mobilier-design-occasion.fr\\\/magazine\\\/wp-content\\\/uploads\\\/2026\\\/09\\\/pexels-roman-odintsov-6036516-scaled.jpg\",\"contentUrl\":\"https:\\\/\\\/www.mobilier-design-occasion.fr\\\/magazine\\\/wp-content\\\/uploads\\\/2026\\\/09\\\/pexels-roman-odintsov-6036516-scaled.jpg\",\"width\":1365,\"height\":2048},{\"@type\":\"BreadcrumbList\",\"@id\":\"https:\\\/\\\/www.mobilier-design-occasion.fr\\\/magazine\\\/le-fauteuil-pivotant-lallie-parfait-pour-un-salon-qui-vous-ressemble\\\/#breadcrumb\",\"itemListElement\":[{\"@type\":\"ListItem\",\"position\":1,\"name\":\"Accueil\",\"item\":\"https:\\\/\\\/www.mobilier-design-occasion.fr\\\/magazine\\\/\"},{\"@type\":\"ListItem\",\"position\":2,\"name\":\"Le fauteuil pivotant : l&#8217;alli\u00e9 parfait pour un salon qui vous ressemble\"}]},{\"@type\":\"WebSite\",\"@id\":\"https:\\\/\\\/www.mobilier-design-occasion.fr\\\/magazine\\\/#website\",\"url\":\"https:\\\/\\\/www.mobilier-design-occasion.fr\\\/magazine\\\/\",\"name\":\"Mobilier Design Magazine\",\"description\":\"\",\"publisher\":{\"@id\":\"https:\\\/\\\/www.mobilier-design-occasion.fr\\\/magazine\\\/#organization\"},\"potentialAction\":[{\"@type\":\"SearchAction\",\"target\":{\"@type\":\"EntryPoint\",\"urlTemplate\":\"https:\\\/\\\/www.mobilier-design-occasion.fr\\\/magazine\\\/?s={search_term_string}\"},\"query-input\":{\"@type\":\"PropertyValueSpecification\",\"valueRequired\":true,\"valueName\":\"search_term_string\"}}],\"inLanguage\":\"fr-FR\"},{\"@type\":\"Organization\",\"@id\":\"https:\\\/\\\/www.mobilier-design-occasion.fr\\\/magazine\\\/#organization\",\"name\":\"Mobilier Design Magazine\",\"url\":\"https:\\\/\\\/www.mobilier-design-occasion.fr\\\/magazine\\\/\",\"logo\":{\"@type\":\"ImageObject\",\"inLanguage\":\"fr-FR\",\"@id\":\"https:\\\/\\\/www.mobilier-design-occasion.fr\\\/magazine\\\/#\\\/schema\\\/logo\\\/image\\\/\",\"url\":\"https:\\\/\\\/www.mobilier-design-occasion.fr\\\/magazine\\\/wp-content\\\/uploads\\\/2024\\\/02\\\/android-chrome-192x192-1.png\",\"contentUrl\":\"https:\\\/\\\/www.mobilier-design-occasion.fr\\\/magazine\\\/wp-content\\\/uploads\\\/2024\\\/02\\\/android-chrome-192x192-1.png\",\"width\":192,\"height\":192,\"caption\":\"Mobilier Design Magazine\"},\"image\":{\"@id\":\"https:\\\/\\\/www.mobilier-design-occasion.fr\\\/magazine\\\/#\\\/schema\\\/logo\\\/image\\\/\"},\"sameAs\":[\"https:\\\/\\\/www.facebook.com\\\/mobilierdesignoccasion\"]},{\"@type\":\"Person\",\"@id\":\"https:\\\/\\\/www.mobilier-design-occasion.fr\\\/magazine\\\/#\\\/schema\\\/person\\\/af895bedc80bfb6b17730a672fddac9e\",\"name\":\"Vincent Vandegans\",\"image\":{\"@type\":\"ImageObject\",\"inLanguage\":\"fr-FR\",\"@id\":\"https:\\\/\\\/secure.gravatar.com\\\/avatar\\\/b984800dabdf722d5e3f03f637c8932dea77d81118467d17ad2953e3b273ec66?s=96&d=mm&r=g\",\"url\":\"https:\\\/\\\/secure.gravatar.com\\\/avatar\\\/b984800dabdf722d5e3f03f637c8932dea77d81118467d17ad2953e3b273ec66?s=96&d=mm&r=g\",\"contentUrl\":\"https:\\\/\\\/secure.gravatar.com\\\/avatar\\\/b984800dabdf722d5e3f03f637c8932dea77d81118467d17ad2953e3b273ec66?s=96&d=mm&r=g\",\"caption\":\"Vincent Vandegans\"},\"description\":\"Vincent est passionn\u00e9 par les produits d'occasion, il a ouvert le site MDO avec Cyrielle pour aider les gens \u00e0 trouver du mobilier d'occasion, vintage ou usag\u00e9. Depuis, ils ont \u00e9tendu leurs activit\u00e9s et conseillent tout le monde sur le mobilier d'int\u00e9rieur et d'ext\u00e9rieur au quotidien \u00e0 travers le magazine MDO.\",\"url\":\"https:\\\/\\\/www.mobilier-design-occasion.fr\\\/magazine\\\/author\\\/vincent\\\/\"}]}<\/script>\n<!-- \/ Yoast SEO plugin. -->","yoast_head_json":{"title":"Le fauteuil pivotant : l'alli\u00e9 parfait pour un salon qui vous ressemble - Mobilier Design Magazine","robots":{"index":"index","follow":"follow","max-snippet":"max-snippet:-1","max-image-preview":"max-image-preview:large","max-video-preview":"max-video-preview:-1"},"canonical":"https:\/\/www.mobilier-design-occasion.fr\/magazine\/le-fauteuil-pivotant-lallie-parfait-pour-un-salon-qui-vous-ressemble\/","og_locale":"fr_FR","og_type":"article","og_title":"Le fauteuil pivotant : l'alli\u00e9 parfait pour un salon qui vous ressemble - Mobilier Design Magazine","og_description":"Le salon a longtemps \u00e9t\u00e9 pens\u00e9 comme un espace fig\u00e9, canap\u00e9 face \u00e0 la t\u00e9l\u00e9vision, fauteuils align\u00e9s contre le mur. Cette configuration a fait son temps. Aujourd&#8217;hui, on cherche des pi\u00e8ces qui s&#8217;adaptent \u00e0 nos usages plut\u00f4t que l&#8217;inverse. Le fauteuil pivotant r\u00e9pond exactement \u00e0 ce besoin : un si\u00e8ge qui tourne \u00e0 360 degr\u00e9s [&hellip;]","og_url":"https:\/\/www.mobilier-design-occasion.fr\/magazine\/le-fauteuil-pivotant-lallie-parfait-pour-un-salon-qui-vous-ressemble\/","og_site_name":"Mobilier Design Magazine","article_publisher":"https:\/\/www.facebook.com\/mobilierdesignoccasion","article_published_time":"2026-09-02T12:28:37+00:00","article_modified_time":"2026-09-02T12:28:40+00:00","og_image":[{"width":1365,"height":2048,"url":"https:\/\/www.mobilier-design-occasion.fr\/magazine\/wp-content\/uploads\/2026\/09\/pexels-roman-odintsov-6036516-scaled.jpg","type":"image\/jpeg"}],"author":"Vincent Vandegans","twitter_card":"summary_large_image","twitter_misc":{"\u00c9crit par":"Vincent Vandegans","Dur\u00e9e de lecture estim\u00e9e":"3 minutes"},"schema":{"@context":"https:\/\/schema.org","@graph":[{"@type":"Article","@id":"https:\/\/www.mobilier-design-occasion.fr\/magazine\/le-fauteuil-pivotant-lallie-parfait-pour-un-salon-qui-vous-ressemble\/#article","isPartOf":{"@id":"https:\/\/www.mobilier-design-occasion.fr\/magazine\/le-fauteuil-pivotant-lallie-parfait-pour-un-salon-qui-vous-ressemble\/"},"author":{"name":"Vincent Vandegans","@id":"https:\/\/www.mobilier-design-occasion.fr\/magazine\/#\/schema\/person\/af895bedc80bfb6b17730a672fddac9e"},"headline":"Le fauteuil pivotant : l&#8217;alli\u00e9 parfait pour un salon qui vous ressemble","datePublished":"2026-09-02T12:28:37+00:00","dateModified":"2026-09-02T12:28:40+00:00","mainEntityOfPage":{"@id":"https:\/\/www.mobilier-design-occasion.fr\/magazine\/le-fauteuil-pivotant-lallie-parfait-pour-un-salon-qui-vous-ressemble\/"},"wordCount":662,"commentCount":0,"publisher":{"@id":"https:\/\/www.mobilier-design-occasion.fr\/magazine\/#organization"},"image":{"@id":"https:\/\/www.mobilier-design-occasion.fr\/magazine\/le-fauteuil-pivotant-lallie-parfait-pour-un-salon-qui-vous-ressemble\/#primaryimage"},"thumbnailUrl":"https:\/\/www.mobilier-design-occasion.fr\/magazine\/wp-content\/uploads\/2026\/09\/pexels-roman-odintsov-6036516-scaled.jpg","articleSection":["Salon"],"inLanguage":"fr-FR","potentialAction":[{"@type":"CommentAction","name":"Comment","target":["https:\/\/www.mobilier-design-occasion.fr\/magazine\/le-fauteuil-pivotant-lallie-parfait-pour-un-salon-qui-vous-ressemble\/#respond"]}]},{"@type":"WebPage","@id":"https:\/\/www.mobilier-design-occasion.fr\/magazine\/le-fauteuil-pivotant-lallie-parfait-pour-un-salon-qui-vous-ressemble\/","url":"https:\/\/www.mobilier-design-occasion.fr\/magazine\/le-fauteuil-pivotant-lallie-parfait-pour-un-salon-qui-vous-ressemble\/","name":"Le fauteuil pivotant : l'alli\u00e9 parfait pour un salon qui vous ressemble - Mobilier Design Magazine","isPartOf":{"@id":"https:\/\/www.mobilier-design-occasion.fr\/magazine\/#website"},"primaryImageOfPage":{"@id":"https:\/\/www.mobilier-design-occasion.fr\/magazine\/le-fauteuil-pivotant-lallie-parfait-pour-un-salon-qui-vous-ressemble\/#primaryimage"},"image":{"@id":"https:\/\/www.mobilier-design-occasion.fr\/magazine\/le-fauteuil-pivotant-lallie-parfait-pour-un-salon-qui-vous-ressemble\/#primaryimage"},"thumbnailUrl":"https:\/\/www.mobilier-design-occasion.fr\/magazine\/wp-content\/uploads\/2026\/09\/pexels-roman-odintsov-6036516-scaled.jpg","datePublished":"2026-09-02T12:28:37+00:00","dateModified":"2026-09-02T12:28:40+00:00","breadcrumb":{"@id":"https:\/\/www.mobilier-design-occasion.fr\/magazine\/le-fauteuil-pivotant-lallie-parfait-pour-un-salon-qui-vous-ressemble\/#breadcrumb"},"inLanguage":"fr-FR","potentialAction":[{"@type":"ReadAction","target":["https:\/\/www.mobilier-design-occasion.fr\/magazine\/le-fauteuil-pivotant-lallie-parfait-pour-un-salon-qui-vous-ressemble\/"]}]},{"@type":"ImageObject","inLanguage":"fr-FR","@id":"https:\/\/www.mobilier-design-occasion.fr\/magazine\/le-fauteuil-pivotant-lallie-parfait-pour-un-salon-qui-vous-ressemble\/#primaryimage","url":"https:\/\/www.mobilier-design-occasion.fr\/magazine\/wp-content\/uploads\/2026\/09\/pexels-roman-odintsov-6036516-scaled.jpg","contentUrl":"https:\/\/www.mobilier-design-occasion.fr\/magazine\/wp-content\/uploads\/2026\/09\/pexels-roman-odintsov-6036516-scaled.jpg","width":1365,"height":2048},{"@type":"BreadcrumbList","@id":"https:\/\/www.mobilier-design-occasion.fr\/magazine\/le-fauteuil-pivotant-lallie-parfait-pour-un-salon-qui-vous-ressemble\/#breadcrumb","itemListElement":[{"@type":"ListItem","position":1,"name":"Accueil","item":"https:\/\/www.mobilier-design-occasion.fr\/magazine\/"},{"@type":"ListItem","position":2,"name":"Le fauteuil pivotant : l&#8217;alli\u00e9 parfait pour un salon qui vous ressemble"}]},{"@type":"WebSite","@id":"https:\/\/www.mobilier-design-occasion.fr\/magazine\/#website","url":"https:\/\/www.mobilier-design-occasion.fr\/magazine\/","name":"Mobilier Design Magazine","description":"","publisher":{"@id":"https:\/\/www.mobilier-design-occasion.fr\/magazine\/#organization"},"potentialAction":[{"@type":"SearchAction","target":{"@type":"EntryPoint","urlTemplate":"https:\/\/www.mobilier-design-occasion.fr\/magazine\/?s={search_term_string}"},"query-input":{"@type":"PropertyValueSpecification","valueRequired":true,"valueName":"search_term_string"}}],"inLanguage":"fr-FR"},{"@type":"Organization","@id":"https:\/\/www.mobilier-design-occasion.fr\/magazine\/#organization","name":"Mobilier Design Magazine","url":"https:\/\/www.mobilier-design-occasion.fr\/magazine\/","logo":{"@type":"ImageObject","inLanguage":"fr-FR","@id":"https:\/\/www.mobilier-design-occasion.fr\/magazine\/#\/schema\/logo\/image\/","url":"https:\/\/www.mobilier-design-occasion.fr\/magazine\/wp-content\/uploads\/2024\/02\/android-chrome-192x192-1.png","contentUrl":"https:\/\/www.mobilier-design-occasion.fr\/magazine\/wp-content\/uploads\/2024\/02\/android-chrome-192x192-1.png","width":192,"height":192,"caption":"Mobilier Design Magazine"},"image":{"@id":"https:\/\/www.mobilier-design-occasion.fr\/magazine\/#\/schema\/logo\/image\/"},"sameAs":["https:\/\/www.facebook.com\/mobilierdesignoccasion"]},{"@type":"Person","@id":"https:\/\/www.mobilier-design-occasion.fr\/magazine\/#\/schema\/person\/af895bedc80bfb6b17730a672fddac9e","name":"Vincent Vandegans","image":{"@type":"ImageObject","inLanguage":"fr-FR","@id":"https:\/\/secure.gravatar.com\/avatar\/b984800dabdf722d5e3f03f637c8932dea77d81118467d17ad2953e3b273ec66?s=96&d=mm&r=g","url":"https:\/\/secure.gravatar.com\/avatar\/b984800dabdf722d5e3f03f637c8932dea77d81118467d17ad2953e3b273ec66?s=96&d=mm&r=g","contentUrl":"https:\/\/secure.gravatar.com\/avatar\/b984800dabdf722d5e3f03f637c8932dea77d81118467d17ad2953e3b273ec66?s=96&d=mm&r=g","caption":"Vincent Vandegans"},"description":"Vincent est passionn\u00e9 par les produits d'occasion, il a ouvert le site MDO avec Cyrielle pour aider les gens \u00e0 trouver du mobilier d'occasion, vintage ou usag\u00e9. Depuis, ils ont \u00e9tendu leurs activit\u00e9s et conseillent tout le monde sur le mobilier d'int\u00e9rieur et d'ext\u00e9rieur au quotidien \u00e0 travers le magazine MDO.","url":"https:\/\/www.mobilier-design-occasion.fr\/magazine\/author\/vincent\/"}]}},"_links":{"self":[{"href":"https:\/\/www.mobilier-design-occasion.fr\/magazine\/wp-json\/wp\/v2\/posts\/9215","targetHints":{"allow":["GET"]}}],"collection":[{"href":"https:\/\/www.mobilier-design-occasion.fr\/magazine\/wp-json\/wp\/v2\/posts"}],"about":[{"href":"https:\/\/www.mobilier-design-occasion.fr\/magazine\/wp-json\/wp\/v2\/types\/post"}],"author":[{"embeddable":true,"href":"https:\/\/www.mobilier-design-occasion.fr\/magazine\/wp-json\/wp\/v2\/users\/2"}],"replies":[{"embeddable":true,"href":"https:\/\/www.mobilier-design-occasion.fr\/magazine\/wp-json\/wp\/v2\/comments?post=9215"}],"version-history":[{"count":1,"href":"https:\/\/www.mobilier-design-occasion.fr\/magazine\/wp-json\/wp\/v2\/posts\/9215\/revisions"}],"predecessor-version":[{"id":9217,"href":"https:\/\/www.mobilier-design-occasion.fr\/magazine\/wp-json\/wp\/v2\/posts\/9215\/revisions\/9217"}],"wp:featuredmedia":[{"embeddable":true,"href":"https:\/\/www.mobilier-design-occasion.fr\/magazine\/wp-json\/wp\/v2\/media\/9216"}],"wp:attachment":[{"href":"https:\/\/www.mobilier-design-occasion.fr\/magazine\/wp-json\/wp\/v2\/media?parent=9215"}],"wp:term":[{"taxonomy":"category","embeddable":true,"href":"https:\/\/www.mobilier-design-occasion.fr\/magazine\/wp-json\/wp\/v2\/categories?post=9215"},{"taxonomy":"post_tag","embeddable":true,"href":"https:\/\/www.mobilier-design-occasion.fr\/magazine\/wp-json\/wp\/v2\/tags?post=9215"}],"curies":[{"name":"wp","href":"https:\/\/api.w.org\/{rel}","templated":true}]}}