{"id":9209,"date":"2026-08-31T19:14:36","date_gmt":"2026-08-31T19:14:36","guid":{"rendered":"https:\/\/www.mobilier-design-occasion.fr\/magazine\/?p=9209"},"modified":"2026-08-31T19:14:40","modified_gmt":"2026-08-31T19:14:40","slug":"amenager-un-coin-bureau-design-chez-soi-entre-pieces-vintage-et-equipement-moderne","status":"publish","type":"post","link":"https:\/\/www.mobilier-design-occasion.fr\/magazine\/amenager-un-coin-bureau-design-chez-soi-entre-pieces-vintage-et-equipement-moderne\/","title":{"rendered":"Am\u00e9nager un coin bureau design chez soi : entre pi\u00e8ces vintage et \u00e9quipement moderne"},"content":{"rendered":"\n<p class=\"wp-block-paragraph\">Le t\u00e9l\u00e9travail a profond\u00e9ment chang\u00e9 notre fa\u00e7on d&#8217;habiter nos int\u00e9rieurs. Ce qui n&#8217;\u00e9tait autrefois qu&#8217;un coin de passage, un angle de <a href=\"https:\/\/www.mobilier-design-occasion.fr\/magazine\/5-elements-pour-amenager-une-chambre-montessori\/\">chambre<\/a> ou une <a href=\"https:\/\/www.mobilier-design-occasion.fr\/magazine\/nouvel-an-astuces-pour-une-decoration-en-harmonie-avec-vos-meubles\/\">table<\/a> pliante remis\u00e9e dans un placard, est devenu une v\u00e9ritable pi\u00e8ce \u00e0 vivre, o\u00f9 l&#8217;on passe parfois plus d&#8217;heures qu&#8217;au <a href=\"https:\/\/www.mobilier-design-occasion.fr\/magazine\/tendances-2024-choisir-les-meubles-parfaits-pour-chaque-piece-de-votre-maison\/\">salon<\/a>. Se pose alors une question toute simple, mais rarement anodine : comment cr\u00e9er un espace de travail qui nous ressemble, \u00e0 la fois esth\u00e9tique et confortable, sans sacrifier l&#8217;un pour l&#8217;autre ?<\/p>\n\n\n\n<p class=\"wp-block-paragraph\">C&#8217;est tout l&#8217;enjeu d&#8217;un bon am\u00e9nagement de <a href=\"https:\/\/www.mobilier-design-occasion.fr\/magazine\/devoilez-le-secret-de-lelegance-dans-votre-espace-de-travail\/\">bureau<\/a> \u00e0 la maison. Il ne s&#8217;agit pas simplement de poser un plan de travail contre un mur, mais de penser un v\u00e9ritable coin de vie, avec ses mati\u00e8res, sa <a href=\"https:\/\/www.mobilier-design-occasion.fr\/magazine\/le-charme-discret-de-la-lumiere-tamisee-du-chandelier\/\">lumi\u00e8re<\/a>, son <a href=\"https:\/\/www.mobilier-design-occasion.fr\/magazine\/test-avis-sur-la-redoute-interieurs-am-pm\/\">mobilier<\/a>, et surtout son confort au quotidien. Entre l&#8217;envie d&#8217;un <a href=\"https:\/\/www.mobilier-design-occasion.fr\/magazine\/envie-dun-interieur-chic-ikea-revele-comment-et-cest-surprenant\/\">int\u00e9rieur<\/a> qui a du caract\u00e8re et le besoin tr\u00e8s concret de pr\u00e9server son dos apr\u00e8s huit heures de visioconf\u00e9rence, beaucoup de gens h\u00e9sitent encore sur la marche \u00e0 suivre.<\/p>\n\n\n\n<h2 class=\"wp-block-heading\"><span class=\"ez-toc-section\" id=\"Penser_son_coin_bureau_comme_une_piece_a_part_entiere\"><\/span>Penser son coin bureau comme une pi\u00e8ce \u00e0 part enti\u00e8re<span class=\"ez-toc-section-end\"><\/span><\/h2><div id=\"ez-toc-container\" class=\"ez-toc-v2_0_87 counter-hierarchy ez-toc-counter ez-toc-grey ez-toc-container-direction\">\n<div class=\"ez-toc-title-container\">\n<span class=\"ez-toc-title-toggle\"><a href=\"#\" class=\"ez-toc-pull-right ez-toc-btn ez-toc-btn-xs ez-toc-btn-default ez-toc-toggle\" aria-label=\"Toggle Table of Content\"><span class=\"ez-toc-js-icon-con\"><span class=\"\"><span class=\"eztoc-hide\" style=\"display:none;\">Toggle<\/span><span class=\"ez-toc-icon-toggle-span\"><svg style=\"fill: #999;color:#999\" xmlns=\"http:\/\/www.w3.org\/2000\/svg\" class=\"list-377408\" width=\"20px\" height=\"20px\" viewBox=\"0 0 24 24\" fill=\"none\"><path d=\"M6 6H4v2h2V6zm14 0H8v2h12V6zM4 11h2v2H4v-2zm16 0H8v2h12v-2zM4 16h2v2H4v-2zm16 0H8v2h12v-2z\" fill=\"currentColor\"><\/path><\/svg><svg style=\"fill: #999;color:#999\" class=\"arrow-unsorted-368013\" xmlns=\"http:\/\/www.w3.org\/2000\/svg\" width=\"10px\" height=\"10px\" viewBox=\"0 0 24 24\" version=\"1.2\" baseProfile=\"tiny\"><path d=\"M18.2 9.3l-6.2-6.3-6.2 6.3c-.2.2-.3.4-.3.7s.1.5.3.7c.2.2.4.3.7.3h11c.3 0 .5-.1.7-.3.2-.2.3-.5.3-.7s-.1-.5-.3-.7zM5.8 14.7l6.2 6.3 6.2-6.3c.2-.2.3-.5.3-.7s-.1-.5-.3-.7c-.2-.2-.4-.3-.7-.3h-11c-.3 0-.5.1-.7.3-.2.2-.3.5-.3.7s.1.5.3.7z\"\/><\/svg><\/span><\/span><\/span><\/a><\/span><\/div>\n<nav><ul class='ez-toc-list ez-toc-list-level-1 eztoc-toggle-hide-by-default' ><li class='ez-toc-page-1 ez-toc-heading-level-2'><a class=\"ez-toc-link ez-toc-heading-1\" href=\"https:\/\/www.mobilier-design-occasion.fr\/magazine\/amenager-un-coin-bureau-design-chez-soi-entre-pieces-vintage-et-equipement-moderne\/#Penser_son_coin_bureau_comme_une_piece_a_part_entiere\" >Penser son coin bureau comme une pi\u00e8ce \u00e0 part enti\u00e8re<\/a><\/li><li class='ez-toc-page-1 ez-toc-heading-level-2'><a class=\"ez-toc-link ez-toc-heading-2\" href=\"https:\/\/www.mobilier-design-occasion.fr\/magazine\/amenager-un-coin-bureau-design-chez-soi-entre-pieces-vintage-et-equipement-moderne\/#Miser_sur_une_base_au_caractere_affirme\" >Miser sur une base au caract\u00e8re affirm\u00e9<\/a><\/li><li class='ez-toc-page-1 ez-toc-heading-level-2'><a class=\"ez-toc-link ez-toc-heading-3\" href=\"https:\/\/www.mobilier-design-occasion.fr\/magazine\/amenager-un-coin-bureau-design-chez-soi-entre-pieces-vintage-et-equipement-moderne\/#Le_compromis_ergonomie_quand_le_confort_rejoint_lesthetique\" >Le compromis ergonomie : quand le confort rejoint l&#8217;esth\u00e9tique<\/a><\/li><li class='ez-toc-page-1 ez-toc-heading-level-2'><a class=\"ez-toc-link ez-toc-heading-4\" href=\"https:\/\/www.mobilier-design-occasion.fr\/magazine\/amenager-un-coin-bureau-design-chez-soi-entre-pieces-vintage-et-equipement-moderne\/#Prendre_le_temps_de_comparer_avant_de_se_decider\" >Prendre le temps de comparer avant de se d\u00e9cider<\/a><\/li><li class='ez-toc-page-1 ez-toc-heading-level-2'><a class=\"ez-toc-link ez-toc-heading-5\" href=\"https:\/\/www.mobilier-design-occasion.fr\/magazine\/amenager-un-coin-bureau-design-chez-soi-entre-pieces-vintage-et-equipement-moderne\/#Associer_une_assise_qui_a_du_style\" >Associer une assise qui a du style<\/a><\/li><li class='ez-toc-page-1 ez-toc-heading-level-2'><a class=\"ez-toc-link ez-toc-heading-6\" href=\"https:\/\/www.mobilier-design-occasion.fr\/magazine\/amenager-un-coin-bureau-design-chez-soi-entre-pieces-vintage-et-equipement-moderne\/#Bureau-ajustablefr_une_reference_sur_le_sujet\" >Bureau-ajustable.fr, une r\u00e9f\u00e9rence sur le sujet<\/a><\/li><li class='ez-toc-page-1 ez-toc-heading-level-2'><a class=\"ez-toc-link ez-toc-heading-7\" href=\"https:\/\/www.mobilier-design-occasion.fr\/magazine\/amenager-un-coin-bureau-design-chez-soi-entre-pieces-vintage-et-equipement-moderne\/#Les_accessoires_qui_font_vraiment_la_difference\" >Les accessoires qui font vraiment la diff\u00e9rence<\/a><\/li><li class='ez-toc-page-1 ez-toc-heading-level-2'><a class=\"ez-toc-link ez-toc-heading-8\" href=\"https:\/\/www.mobilier-design-occasion.fr\/magazine\/amenager-un-coin-bureau-design-chez-soi-entre-pieces-vintage-et-equipement-moderne\/#Composer_avec_les_petits_espaces\" >Composer avec les petits espaces<\/a><\/li><li class='ez-toc-page-1 ez-toc-heading-level-2'><a class=\"ez-toc-link ez-toc-heading-9\" href=\"https:\/\/www.mobilier-design-occasion.fr\/magazine\/amenager-un-coin-bureau-design-chez-soi-entre-pieces-vintage-et-equipement-moderne\/#Jouer_sur_les_matieres_et_les_couleurs\" >Jouer sur les mati\u00e8res et les couleurs<\/a><\/li><li class='ez-toc-page-1 ez-toc-heading-level-2'><a class=\"ez-toc-link ez-toc-heading-10\" href=\"https:\/\/www.mobilier-design-occasion.fr\/magazine\/amenager-un-coin-bureau-design-chez-soi-entre-pieces-vintage-et-equipement-moderne\/#Entretenir_un_mobilier_de_seconde_main\" >Entretenir un mobilier de seconde main<\/a><\/li><li class='ez-toc-page-1 ez-toc-heading-level-2'><a class=\"ez-toc-link ez-toc-heading-11\" href=\"https:\/\/www.mobilier-design-occasion.fr\/magazine\/amenager-un-coin-bureau-design-chez-soi-entre-pieces-vintage-et-equipement-moderne\/#Ne_pas_negliger_la_lumiere_naturelle\" >Ne pas n\u00e9gliger la lumi\u00e8re naturelle<\/a><\/li><li class='ez-toc-page-1 ez-toc-heading-level-2'><a class=\"ez-toc-link ez-toc-heading-12\" href=\"https:\/\/www.mobilier-design-occasion.fr\/magazine\/amenager-un-coin-bureau-design-chez-soi-entre-pieces-vintage-et-equipement-moderne\/#Un_interieur_reussi_marie_histoire_et_confort\" >Un int\u00e9rieur r\u00e9ussi marie histoire et confort<\/a><\/li><\/ul><\/nav><\/div>\n\n\n\n\n<p class=\"wp-block-paragraph\">La premi\u00e8re erreur, tr\u00e8s fr\u00e9quente, consiste \u00e0 traiter le bureau comme un simple accessoire fonctionnel plut\u00f4t que comme un \u00e9l\u00e9ment de d\u00e9coration \u00e0 part enti\u00e8re. Pourtant, c&#8217;est souvent l&#8217;espace de la maison qu&#8217;on regarde le plus longtemps dans la journ\u00e9e. Il m\u00e9rite donc autant d&#8217;attention que le salon ou la chambre : un choix de mobilier r\u00e9fl\u00e9chi, une palette de couleurs coh\u00e9rente avec le reste de l&#8217;int\u00e9rieur, et un \u00e9clairage pens\u00e9 pour les longues heures de travail.<\/p>\n\n\n\n<p class=\"wp-block-paragraph\">Avant m\u00eame de penser mat\u00e9riel, il vaut mieux se poser les bonnes questions : quel usage au quotidien (travail intensif, t\u00e2ches ponctuelles, lecture), quelle surface disponible, et surtout quel <a href=\"https:\/\/www.mobilier-design-occasion.fr\/magazine\/mobilier-vintage-les-styles-les-plus-prises\/\">style<\/a> souhaite-t-on donner \u00e0 cet espace. C&#8217;est cette r\u00e9flexion en amont qui \u00e9vite ensuite les achats impulsifs et les meubles qui ne trouvent jamais vraiment leur place.<\/p>\n\n\n\n<figure class=\"wp-block-image size-large\"><img loading=\"lazy\" decoding=\"async\" width=\"1024\" height=\"791\" src=\"https:\/\/www.mobilier-design-occasion.fr\/magazine\/wp-content\/uploads\/2026\/08\/b83214807b09900392238d7c761ada972013606d-1024x791.jpeg\" alt=\"\" class=\"wp-image-9212\" srcset=\"https:\/\/www.mobilier-design-occasion.fr\/magazine\/wp-content\/uploads\/2026\/08\/b83214807b09900392238d7c761ada972013606d-1024x791.jpeg 1024w, https:\/\/www.mobilier-design-occasion.fr\/magazine\/wp-content\/uploads\/2026\/08\/b83214807b09900392238d7c761ada972013606d-300x232.jpeg 300w, https:\/\/www.mobilier-design-occasion.fr\/magazine\/wp-content\/uploads\/2026\/08\/b83214807b09900392238d7c761ada972013606d-1536x1187.jpeg 1536w, https:\/\/www.mobilier-design-occasion.fr\/magazine\/wp-content\/uploads\/2026\/08\/b83214807b09900392238d7c761ada972013606d-767x593.jpeg 767w, https:\/\/www.mobilier-design-occasion.fr\/magazine\/wp-content\/uploads\/2026\/08\/b83214807b09900392238d7c761ada972013606d-810x626.jpeg 810w, https:\/\/www.mobilier-design-occasion.fr\/magazine\/wp-content\/uploads\/2026\/08\/b83214807b09900392238d7c761ada972013606d-1140x881.jpeg 1140w, https:\/\/www.mobilier-design-occasion.fr\/magazine\/wp-content\/uploads\/2026\/08\/b83214807b09900392238d7c761ada972013606d.jpeg 1920w\" sizes=\"auto, (max-width: 1024px) 100vw, 1024px\" \/><\/figure>\n\n\n\n<h2 class=\"wp-block-heading\"><span class=\"ez-toc-section\" id=\"Miser_sur_une_base_au_caractere_affirme\"><\/span>Miser sur une base au caract\u00e8re affirm\u00e9<span class=\"ez-toc-section-end\"><\/span><\/h2>\n\n\n\n<p class=\"wp-block-paragraph\">Tout commence souvent par le <a href=\"https:\/\/www.mobilier-design-occasion.fr\/magazine\/comment-entretenir-son-mobilier-design-au-quotidien-top-astuces\/\">meuble<\/a> lui-m\u00eame. Un secr\u00e9taire chin\u00e9 dans les ann\u00e9es 60, une table d&#8217;architecte en <a href=\"https:\/\/www.mobilier-design-occasion.fr\/magazine\/avis-mathy-by-bols\/\">bois<\/a> massif, un bureau ministre r\u00e9cup\u00e9r\u00e9 en brocante : ces pi\u00e8ces racontent une histoire que le mobilier neuf ne saura jamais reproduire. Elles apportent une patine, une texture, une singularit\u00e9 qui ancrent imm\u00e9diatement l&#8217;espace dans un style assum\u00e9 plut\u00f4t que dans l&#8217;anonymat d&#8217;un catalogue.<\/p>\n\n\n\n<p class=\"wp-block-paragraph\">C&#8217;est l\u00e0 tout l&#8217;int\u00e9r\u00eat du mobilier de <a href=\"https:\/\/www.mobilier-design-occasion.fr\/magazine\/reussir-a-vendre-son-mobilier\/\">seconde main<\/a> : d\u00e9nicher une pi\u00e8ce iconique \u00e0 prix raisonn\u00e9, tout en s&#8217;inscrivant dans une d\u00e9marche plus durable et plus responsable. Un bureau <a href=\"https:\/\/www.mobilier-design-occasion.fr\/magazine\/lart-de-laccueil-entre-bar-et-comptoir\/\">vintage<\/a> bien choisi devient le point d&#8217;ancrage visuel de toute la pi\u00e8ce, autour duquel on peut ensuite construire le reste de la d\u00e9coration, luminaires, rangements, textiles.<\/p>\n\n\n\n<h2 class=\"wp-block-heading\"><span class=\"ez-toc-section\" id=\"Le_compromis_ergonomie_quand_le_confort_rejoint_lesthetique\"><\/span>Le compromis ergonomie : quand le confort rejoint l&#8217;esth\u00e9tique<span class=\"ez-toc-section-end\"><\/span><\/h2>\n\n\n\n<p class=\"wp-block-paragraph\">Reste un point sur lequel le mobilier ancien montre parfois ses limites : l&#8217;ergonomie. Passer plusieurs heures par jour assis dans la m\u00eame position n&#8217;est bon ni pour le dos, ni pour la circulation, ni m\u00eame pour la concentration sur la dur\u00e9e. C&#8217;est pourquoi de plus en plus de personnes optent aujourd&#8217;hui pour un bureau \u00e0 hauteur r\u00e9glable \u00e9lectriquement, qui permet d&#8217;alterner les positions assise et debout au fil de la journ\u00e9e, sans pour autant renoncer \u00e0 un int\u00e9rieur soign\u00e9 d\u00e8s lors que le mod\u00e8le est bien choisi et bien int\u00e9gr\u00e9 au reste du mobilier.<\/p>\n\n\n\n<p class=\"wp-block-paragraph\">Contrairement \u00e0 une id\u00e9e re\u00e7ue, un bureau \u00e9lectrique n&#8217;a plus rien d&#8217;un meuble de bureau impersonnel. Les finitions se sont largement am\u00e9lior\u00e9es ces derni\u00e8res ann\u00e9es, avec des plateaux en <a href=\"https:\/\/www.mobilier-design-occasion.fr\/magazine\/pollution-de-lair-dans-la-chambre-comment-proteger-nos-enfants\/\">bois massif<\/a>, des pi\u00e9tements discrets, et des coloris qui s&#8217;accordent facilement avec un int\u00e9rieur vintage ou contemporain. Sur ce segment, certaines marques se distinguent nettement par leur rapport qualit\u00e9-fabrication. On peut par exemple consulter&nbsp;<a href=\"https:\/\/www.bureau-ajustable.fr\/avis-desktronic-homepro\/\">ce test complet du Desktronic HomePro<\/a>&nbsp;pour se faire une id\u00e9e pr\u00e9cise du niveau de finition, de la stabilit\u00e9 du plateau et de la fiabilit\u00e9 du moteur, avant de l&#8217;associer \u00e0 un plateau en bois massif ou \u00e0 une structure plus discr\u00e8te qui se fond naturellement dans un int\u00e9rieur au style plus ancien.<\/p>\n\n\n\n<h2 class=\"wp-block-heading\"><span class=\"ez-toc-section\" id=\"Prendre_le_temps_de_comparer_avant_de_se_decider\"><\/span>Prendre le temps de comparer avant de se d\u00e9cider<span class=\"ez-toc-section-end\"><\/span><\/h2>\n\n\n\n<p class=\"wp-block-paragraph\">Comme pour tout achat de mobilier, il vaut mieux prendre le temps de comparer avant de se lancer, d&#8217;autant que les \u00e9carts de prix, de motorisation et de qualit\u00e9 de finition entre les marques peuvent \u00eatre significatifs. Pour les lecteurs qui h\u00e9sitent encore entre plusieurs mod\u00e8les,&nbsp;<a href=\"https:\/\/www.bureau-ajustable.fr\/desktronic-vs-flexispot\/\">un comparatif entre les principales marques de bureaux \u00e9lectriques<\/a>&nbsp;permet d&#8217;y voir plus clair sur les diff\u00e9rences de motorisation, de garantie et de finitions, et donc de choisir la base la plus adapt\u00e9e \u00e0 son propre projet d\u00e9co et \u00e0 son budget.<\/p>\n\n\n\n<p class=\"wp-block-paragraph\">Ce type de comparatif est particuli\u00e8rement utile quand on cherche \u00e0 associer performance technique et exigence esth\u00e9tique : un moteur silencieux et fiable, une amplitude de r\u00e9glage suffisante, mais aussi un rendu visuel qui ne d\u00e9tonne pas avec le reste de la pi\u00e8ce. C&#8217;est souvent en croisant plusieurs avis qu&#8217;on affine son choix, plut\u00f4t qu&#8217;en se fiant \u00e0 un seul test.<\/p>\n\n\n\n<figure class=\"wp-block-image size-large\"><img loading=\"lazy\" decoding=\"async\" width=\"1024\" height=\"683\" src=\"https:\/\/www.mobilier-design-occasion.fr\/magazine\/wp-content\/uploads\/2026\/08\/f4a5167d0618157b54f93b05beb8acae9405d44f-1024x683.jpeg\" alt=\"\" class=\"wp-image-9213\" srcset=\"https:\/\/www.mobilier-design-occasion.fr\/magazine\/wp-content\/uploads\/2026\/08\/f4a5167d0618157b54f93b05beb8acae9405d44f-1024x683.jpeg 1024w, https:\/\/www.mobilier-design-occasion.fr\/magazine\/wp-content\/uploads\/2026\/08\/f4a5167d0618157b54f93b05beb8acae9405d44f-300x200.jpeg 300w, https:\/\/www.mobilier-design-occasion.fr\/magazine\/wp-content\/uploads\/2026\/08\/f4a5167d0618157b54f93b05beb8acae9405d44f-768x512.jpeg 768w, https:\/\/www.mobilier-design-occasion.fr\/magazine\/wp-content\/uploads\/2026\/08\/f4a5167d0618157b54f93b05beb8acae9405d44f-1536x1024.jpeg 1536w, https:\/\/www.mobilier-design-occasion.fr\/magazine\/wp-content\/uploads\/2026\/08\/f4a5167d0618157b54f93b05beb8acae9405d44f-1140x760.jpeg 1140w, https:\/\/www.mobilier-design-occasion.fr\/magazine\/wp-content\/uploads\/2026\/08\/f4a5167d0618157b54f93b05beb8acae9405d44f-810x540.jpeg 810w, https:\/\/www.mobilier-design-occasion.fr\/magazine\/wp-content\/uploads\/2026\/08\/f4a5167d0618157b54f93b05beb8acae9405d44f.jpeg 1920w\" sizes=\"auto, (max-width: 1024px) 100vw, 1024px\" \/><\/figure>\n\n\n\n<h2 class=\"wp-block-heading\"><span class=\"ez-toc-section\" id=\"Associer_une_assise_qui_a_du_style\"><\/span>Associer une assise qui a du style<span class=\"ez-toc-section-end\"><\/span><\/h2>\n\n\n\n<p class=\"wp-block-paragraph\">Le bureau ne fait pas tout. L&#8217;assise m\u00e9rite tout autant d&#8217;attention, tant elle conditionne le confort au quotidien, bien plus encore que la surface de travail elle-m\u00eame. Une <a href=\"https:\/\/www.mobilier-design-occasion.fr\/magazine\/fermob-occasion\/\">chaise<\/a> sign\u00e9e, un <a href=\"https:\/\/www.mobilier-design-occasion.fr\/magazine\/test-avis-sur-poltronesofa\/\">fauteuil<\/a> en cuir patin\u00e9 ou m\u00eame un mod\u00e8le plus contemporain aux lignes \u00e9pur\u00e9es peuvent transformer un simple coin bureau en un espace o\u00f9 l&#8217;on a r\u00e9ellement envie de s&#8217;installer chaque matin.<\/p>\n\n\n\n<p class=\"wp-block-paragraph\">Ici encore, mixer les \u00e9poques fonctionne souvent mieux qu&#8217;un ensemble trop uniforme : un bureau ancien associ\u00e9 \u00e0 une assise plus actuelle cr\u00e9e un contraste qui dynamise la pi\u00e8ce et \u00e9vite l&#8217;effet &#8220;salle d&#8217;exposition&#8221;. \u00c0 l&#8217;inverse, une chaise de bureau ergonomique moderne, aux lignes sobres, peut tr\u00e8s bien cohabiter avec un plan de travail vintage si les teintes sont choisies avec soin. L&#8217;essentiel est de ne pas n\u00e9gliger le maintien lombaire, un crit\u00e8re souvent oubli\u00e9 au profit du seul esth\u00e9tisme, alors qu&#8217;il conditionne directement le confort sur la dur\u00e9e.<\/p>\n\n\n\n<h2 class=\"wp-block-heading\"><span class=\"ez-toc-section\" id=\"Bureau-ajustablefr_une_reference_sur_le_sujet\"><\/span>Bureau-ajustable.fr, une r\u00e9f\u00e9rence sur le sujet<span class=\"ez-toc-section-end\"><\/span><\/h2>\n\n\n\n<p class=\"wp-block-paragraph\">Pour qui souhaite creuser le sujet du bureau assis-debout et, plus largement, de l&#8217;am\u00e9nagement du poste de travail \u00e0 la maison, bureau-ajustable.fr s&#8217;est impos\u00e9 comme un m\u00e9dia de r\u00e9f\u00e9rence sur cette th\u00e9matique en <a href=\"https:\/\/www.mobilier-design-occasion.fr\/magazine\/test-avis-sur-ripaton\/\">France<\/a>. Le site propose des tests d\u00e9taill\u00e9s de bureaux \u00e9lectriques, des comparatifs entre marques, mais aussi des guides pratiques sur l&#8217;ergonomie et l&#8217;organisation du t\u00e9l\u00e9travail au quotidien. C&#8217;est une ressource particuli\u00e8rement utile pour quiconque cherche \u00e0 s&#8217;\u00e9quiper sans se perdre dans la profusion de mod\u00e8les disponibles sur le march\u00e9, avec une approche factuelle et ind\u00e9pendante des enjeux li\u00e9s au travail \u00e0 domicile.<\/p>\n\n\n\n<h2 class=\"wp-block-heading\"><span class=\"ez-toc-section\" id=\"Les_accessoires_qui_font_vraiment_la_difference\"><\/span>Les accessoires qui font vraiment la diff\u00e9rence<span class=\"ez-toc-section-end\"><\/span><\/h2>\n\n\n\n<p class=\"wp-block-paragraph\">Au-del\u00e0 du duo bureau et assise, ce sont souvent les petits d\u00e9tails qui transforment un espace fonctionnel en un v\u00e9ritable lieu de vie agr\u00e9able. Une <a href=\"https:\/\/www.mobilier-design-occasion.fr\/magazine\/lodyssee-lumineuse-lheritage-industriel-revisite\/\">lampe<\/a> d&#8217;appoint au <a href=\"https:\/\/www.mobilier-design-occasion.fr\/magazine\/table-tulipe-knoll-indemodable-du-design\/\">design<\/a> marqu\u00e9, par exemple, apporte \u00e0 la fois une ambiance lumineuse chaleureuse en fin de journ\u00e9e et une touche d\u00e9corative forte. Les mod\u00e8les articul\u00e9s, en particulier ceux inspir\u00e9s des luminaires industriels ou des lampes de bureau vintage, s&#8217;int\u00e8grent parfaitement dans ce type d&#8217;am\u00e9nagement.<\/p>\n\n\n\n<p class=\"wp-block-paragraph\">Le <a href=\"https:\/\/www.mobilier-design-occasion.fr\/magazine\/decouvrez-le-cabinet-vintage-pour-exposer-vos-plus-belles-collections\/\">rangement<\/a> m\u00e9rite lui aussi d&#8217;\u00eatre pens\u00e9 en amont plut\u00f4t qu&#8217;ajout\u00e9 apr\u00e8s coup. Une \u00e9tag\u00e8re murale, un caisson \u00e0 roulettes chin\u00e9, ou m\u00eame une simple caisse en bois d\u00e9tourn\u00e9e, permettent de garder le plan de travail d\u00e9gag\u00e9 sans multiplier les meubles neufs. C&#8217;est encore une fois l&#8217;occasion de privil\u00e9gier la seconde main pour composer un ensemble coh\u00e9rent, o\u00f9 chaque pi\u00e8ce a \u00e9t\u00e9 choisie plut\u00f4t qu&#8217;achet\u00e9e par d\u00e9faut.<\/p>\n\n\n\n<p class=\"wp-block-paragraph\">Enfin, la gestion des c\u00e2bles, souvent n\u00e9glig\u00e9e, peut ruiner l&#8217;esth\u00e9tique d&#8217;un bureau par ailleurs tr\u00e8s r\u00e9ussi. Des solutions discr\u00e8tes existent pour les regrouper le long des pieds du bureau ou sous le plan de travail, un d\u00e9tail technique qui n&#8217;a rien de glamour mais qui change r\u00e9ellement la perception globale de l&#8217;espace une fois en place.<\/p>\n\n\n\n<h2 class=\"wp-block-heading\"><span class=\"ez-toc-section\" id=\"Composer_avec_les_petits_espaces\"><\/span>Composer avec les petits espaces<span class=\"ez-toc-section-end\"><\/span><\/h2>\n\n\n\n<p class=\"wp-block-paragraph\">Tout le monde ne dispose pas d&#8217;une pi\u00e8ce enti\u00e8re \u00e0 consacrer au t\u00e9l\u00e9travail. Dans un studio ou un appartement compact, le coin bureau doit souvent cohabiter avec d&#8217;autres usages, coin repas, entr\u00e9e, voire chambre. Dans ce cas, les meubles vintage de petite taille, secr\u00e9taires ferm\u00e9s, consoles \u00e9troites, tables gigognes, prennent tout leur sens : ils permettent de circonscrire l&#8217;espace de travail sans l&#8217;imposer visuellement dans toute la pi\u00e8ce.<\/p>\n\n\n\n<p class=\"wp-block-paragraph\">Un miroir ancien positionn\u00e9 \u00e0 proximit\u00e9, une \u00e9tag\u00e8re suspendue plut\u00f4t qu&#8217;un meuble au sol, ou encore un <a href=\"https:\/\/www.mobilier-design-occasion.fr\/magazine\/pourquoi-adopter-un-tapis-en-jute-dans-son-salon\/\">tapis<\/a> d\u00e9limitant la zone de travail, sont autant de techniques simples pour structurer un petit espace sans l&#8217;alourdir. L&#8217;id\u00e9e est de cr\u00e9er une fronti\u00e8re visuelle nette entre le moment de travail et le reste de la pi\u00e8ce, m\u00eame dans quelques m\u00e8tres carr\u00e9s seulement.<\/p>\n\n\n\n<h2 class=\"wp-block-heading\"><span class=\"ez-toc-section\" id=\"Jouer_sur_les_matieres_et_les_couleurs\"><\/span>Jouer sur les mati\u00e8res et les couleurs<span class=\"ez-toc-section-end\"><\/span><\/h2>\n\n\n\n<p class=\"wp-block-paragraph\">Le mobilier vintage se distingue aussi par la richesse de ses mati\u00e8res : bois massif patin\u00e9, laiton, cuir vieilli, verre fum\u00e9. Ces textures apportent une profondeur qu&#8217;un mobilier enti\u00e8rement neuf peine parfois \u00e0 \u00e9galer. Pour \u00e9viter que l&#8217;ensemble ne paraisse disparate, il est utile de choisir une palette de couleurs restreinte, deux ou trois teintes dominantes, autour desquelles s&#8217;articulent le mobilier, les textiles et les accessoires.<\/p>\n\n\n\n<p class=\"wp-block-paragraph\">Les teintes terracotta, vert sauge ou <a href=\"https:\/\/www.mobilier-design-occasion.fr\/magazine\/decouvrez-les-tendances-du-mobilier-design-en-2024-comment-embellir-votre-espace-avec-style\/\">bleu<\/a> profond se marient particuli\u00e8rement bien avec le bois ancien et le cuir, tout en restant compatibles avec une touche plus moderne apport\u00e9e par l&#8217;\u00e9quipement \u00e9lectrique \u00e9voqu\u00e9 plus haut. L&#8217;objectif n&#8217;est pas de figer l&#8217;espace dans un style unique et dat\u00e9, mais bien de cr\u00e9er un dialogue entre les \u00e9poques.<\/p>\n\n\n\n<h2 class=\"wp-block-heading\"><span class=\"ez-toc-section\" id=\"Entretenir_un_mobilier_de_seconde_main\"><\/span>Entretenir un mobilier de seconde main<span class=\"ez-toc-section-end\"><\/span><\/h2>\n\n\n\n<p class=\"wp-block-paragraph\">Adopter du mobilier ancien implique aussi un minimum d&#8217;entretien pour pr\u00e9server sa qualit\u00e9 dans le temps. Un bois massif se nourrit r\u00e9guli\u00e8rement avec une cire ou une huile adapt\u00e9e \u00e0 son essence, ce qui permet de raviver sa teinte et d&#8217;\u00e9viter qu&#8217;il ne se dess\u00e8che avec les ann\u00e9es. Le cuir, de son c\u00f4t\u00e9, gagne \u00e0 \u00eatre hydrat\u00e9 avec un baume sp\u00e9cifique, en particulier sur les assises fortement sollicit\u00e9es comme les fauteuils de bureau.<\/p>\n\n\n\n<p class=\"wp-block-paragraph\">Ces gestes simples, r\u00e9alis\u00e9s une \u00e0 deux fois par an, prolongent consid\u00e9rablement la dur\u00e9e de vie d&#8217;une pi\u00e8ce ancienne et participent pleinement \u00e0 la d\u00e9marche durable qui motive souvent le choix de la seconde main. C&#8217;est aussi ce qui diff\u00e9rencie un meuble vintage bien entretenu d&#8217;un meuble simplement vieilli faute de soin.<\/p>\n\n\n\n<h2 class=\"wp-block-heading\"><span class=\"ez-toc-section\" id=\"Ne_pas_negliger_la_lumiere_naturelle\"><\/span>Ne pas n\u00e9gliger la lumi\u00e8re naturelle<span class=\"ez-toc-section-end\"><\/span><\/h2>\n\n\n\n<p class=\"wp-block-paragraph\">Au-del\u00e0 du choix du mobilier, l&#8217;emplacement m\u00eame du bureau dans la pi\u00e8ce joue un r\u00f4le souvent sous-estim\u00e9 sur le confort de travail. Une lumi\u00e8re naturelle insuffisante ou mal orient\u00e9e fatigue les yeux bien plus vite qu&#8217;on ne l&#8217;imagine, en particulier sur les \u00e9crans, et peut peser sur la concentration au fil de la journ\u00e9e. Dans l&#8217;id\u00e9al, on installe le bureau perpendiculairement \u00e0 la fen\u00eatre plut\u00f4t que face \u00e0 elle, afin d&#8217;\u00e9viter les reflets sur l&#8217;\u00e9cran tout en profitant d&#8217;un \u00e9clairage naturel constant.<\/p>\n\n\n\n<p class=\"wp-block-paragraph\">Quand la configuration de la pi\u00e8ce ne permet pas ce placement optimal, un <a href=\"https:\/\/www.mobilier-design-occasion.fr\/magazine\/quel-voilage-pour-lit-cabane\/\">voilage<\/a> l\u00e9ger ou un store filtrant permet de temp\u00e9rer la luminosit\u00e9 sans plonger l&#8217;espace dans l&#8217;obscurit\u00e9. En compl\u00e9ment, un \u00e9clairage d&#8217;appoint chaud, plut\u00f4t qu&#8217;un plafonnier <a href=\"https:\/\/www.mobilier-design-occasion.fr\/magazine\/reinventez-votre-espace-avec-lelegance-du-blanc-et-la-puissance-du-bois-naturel\/\">blanc<\/a> trop froid, aide \u00e0 recr\u00e9er une ambiance agr\u00e9able en fin de journ\u00e9e, une fois la lumi\u00e8re naturelle d\u00e9clinante. C&#8217;est un d\u00e9tail simple, mais qui change concr\u00e8tement le rapport qu&#8217;on entretient avec son espace de travail au quotidien.<\/p>\n\n\n\n<h2 class=\"wp-block-heading\"><span class=\"ez-toc-section\" id=\"Un_interieur_reussi_marie_histoire_et_confort\"><\/span>Un int\u00e9rieur r\u00e9ussi marie histoire et confort<span class=\"ez-toc-section-end\"><\/span><\/h2>\n\n\n\n<p class=\"wp-block-paragraph\">Au final, un coin bureau r\u00e9ussi n&#8217;oppose pas le style au confort : il les fait cohabiter intelligemment. Une pi\u00e8ce vintage pour l&#8217;\u00e2me, un \u00e9quipement pens\u00e9 pour le corps, quelques accessoires bien choisis pour la touche finale, et le tour est jou\u00e9. C&#8217;est aussi \u00e7a, l&#8217;esprit du mobilier de seconde main : composer un int\u00e9rieur qui a du sens, qui raconte une histoire, sans rien sacrifier au confort du quotidien.<\/p>\n\n\n\n<figure class=\"wp-block-image size-large\"><img loading=\"lazy\" decoding=\"async\" width=\"1024\" height=\"683\" src=\"https:\/\/www.mobilier-design-occasion.fr\/magazine\/wp-content\/uploads\/2026\/08\/875d7331d7320ac4da1ea63723ce4af3dd670d33-1024x683.jpeg\" alt=\"\" class=\"wp-image-9210\" srcset=\"https:\/\/www.mobilier-design-occasion.fr\/magazine\/wp-content\/uploads\/2026\/08\/875d7331d7320ac4da1ea63723ce4af3dd670d33-1024x683.jpeg 1024w, https:\/\/www.mobilier-design-occasion.fr\/magazine\/wp-content\/uploads\/2026\/08\/875d7331d7320ac4da1ea63723ce4af3dd670d33-768x512.jpeg 768w, https:\/\/www.mobilier-design-occasion.fr\/magazine\/wp-content\/uploads\/2026\/08\/875d7331d7320ac4da1ea63723ce4af3dd670d33-300x200.jpeg 300w, https:\/\/www.mobilier-design-occasion.fr\/magazine\/wp-content\/uploads\/2026\/08\/875d7331d7320ac4da1ea63723ce4af3dd670d33-1536x1024.jpeg 1536w, https:\/\/www.mobilier-design-occasion.fr\/magazine\/wp-content\/uploads\/2026\/08\/875d7331d7320ac4da1ea63723ce4af3dd670d33-1140x760.jpeg 1140w, https:\/\/www.mobilier-design-occasion.fr\/magazine\/wp-content\/uploads\/2026\/08\/875d7331d7320ac4da1ea63723ce4af3dd670d33-810x540.jpeg 810w, https:\/\/www.mobilier-design-occasion.fr\/magazine\/wp-content\/uploads\/2026\/08\/875d7331d7320ac4da1ea63723ce4af3dd670d33.jpeg 1920w\" sizes=\"auto, (max-width: 1024px) 100vw, 1024px\" \/><\/figure>\n","protected":false},"excerpt":{"rendered":"<p>Le t\u00e9l\u00e9travail a profond\u00e9ment chang\u00e9 notre fa\u00e7on d&#8217;habiter nos int\u00e9rieurs. Ce qui n&#8217;\u00e9tait autrefois qu&#8217;un coin de passage, un angle de chambre ou une table pliante remis\u00e9e dans un placard, est devenu une v\u00e9ritable pi\u00e8ce \u00e0 vivre, o\u00f9 l&#8217;on passe parfois plus d&#8217;heures qu&#8217;au salon. Se pose alors une question toute simple, mais rarement anodine [&hellip;]<\/p>\n","protected":false},"author":2,"featured_media":9211,"comment_status":"open","ping_status":"open","sticky":false,"template":"","format":"standard","meta":{"footnotes":""},"categories":[128],"tags":[],"class_list":["post-9209","post","type-post","status-publish","format-standard","has-post-thumbnail","hentry","category-bureau"],"yoast_head":"<!-- This site is optimized with the Yoast SEO plugin v28.3 - https:\/\/yoast.com\/product\/yoast-seo-wordpress\/ -->\n<title>Am\u00e9nager un coin bureau design chez soi : entre pi\u00e8ces vintage et \u00e9quipement moderne - Mobilier Design Magazine<\/title>\n<meta name=\"robots\" content=\"index, follow, max-snippet:-1, max-image-preview:large, max-video-preview:-1\" \/>\n<link rel=\"canonical\" href=\"https:\/\/www.mobilier-design-occasion.fr\/magazine\/amenager-un-coin-bureau-design-chez-soi-entre-pieces-vintage-et-equipement-moderne\/\" \/>\n<meta property=\"og:locale\" content=\"fr_FR\" \/>\n<meta property=\"og:type\" content=\"article\" \/>\n<meta property=\"og:title\" content=\"Am\u00e9nager un coin bureau design chez soi : entre pi\u00e8ces vintage et \u00e9quipement moderne - Mobilier Design Magazine\" \/>\n<meta property=\"og:description\" content=\"Le t\u00e9l\u00e9travail a profond\u00e9ment chang\u00e9 notre fa\u00e7on d&#8217;habiter nos int\u00e9rieurs. Ce qui n&#8217;\u00e9tait autrefois qu&#8217;un coin de passage, un angle de chambre ou une table pliante remis\u00e9e dans un placard, est devenu une v\u00e9ritable pi\u00e8ce \u00e0 vivre, o\u00f9 l&#8217;on passe parfois plus d&#8217;heures qu&#8217;au salon. Se pose alors une question toute simple, mais rarement anodine [&hellip;]\" \/>\n<meta property=\"og:url\" content=\"https:\/\/www.mobilier-design-occasion.fr\/magazine\/amenager-un-coin-bureau-design-chez-soi-entre-pieces-vintage-et-equipement-moderne\/\" \/>\n<meta property=\"og:site_name\" content=\"Mobilier Design Magazine\" \/>\n<meta property=\"article:publisher\" content=\"https:\/\/www.facebook.com\/mobilierdesignoccasion\" \/>\n<meta property=\"article:published_time\" content=\"2026-08-31T19:14:36+00:00\" \/>\n<meta property=\"article:modified_time\" content=\"2026-08-31T19:14:40+00:00\" \/>\n<meta property=\"og:image\" content=\"https:\/\/www.mobilier-design-occasion.fr\/magazine\/wp-content\/uploads\/2026\/08\/b1713a720cffd35c3d179f9fd81ff8b1f820ce07.jpeg\" \/>\n\t<meta property=\"og:image:width\" content=\"1920\" \/>\n\t<meta property=\"og:image:height\" content=\"1280\" \/>\n\t<meta property=\"og:image:type\" content=\"image\/jpeg\" \/>\n<meta name=\"author\" content=\"Vincent Vandegans\" \/>\n<meta name=\"twitter:card\" content=\"summary_large_image\" \/>\n<meta name=\"twitter:label1\" content=\"\u00c9crit par\" \/>\n\t<meta name=\"twitter:data1\" content=\"Vincent Vandegans\" \/>\n\t<meta name=\"twitter:label2\" content=\"Dur\u00e9e de lecture estim\u00e9e\" \/>\n\t<meta name=\"twitter:data2\" content=\"11 minutes\" \/>\n<script type=\"application\/ld+json\" class=\"yoast-schema-graph\">{\"@context\":\"https:\\\/\\\/schema.org\",\"@graph\":[{\"@type\":\"Article\",\"@id\":\"https:\\\/\\\/www.mobilier-design-occasion.fr\\\/magazine\\\/amenager-un-coin-bureau-design-chez-soi-entre-pieces-vintage-et-equipement-moderne\\\/#article\",\"isPartOf\":{\"@id\":\"https:\\\/\\\/www.mobilier-design-occasion.fr\\\/magazine\\\/amenager-un-coin-bureau-design-chez-soi-entre-pieces-vintage-et-equipement-moderne\\\/\"},\"author\":{\"name\":\"Vincent Vandegans\",\"@id\":\"https:\\\/\\\/www.mobilier-design-occasion.fr\\\/magazine\\\/#\\\/schema\\\/person\\\/af895bedc80bfb6b17730a672fddac9e\"},\"headline\":\"Am\u00e9nager un coin bureau design chez soi : entre pi\u00e8ces vintage et \u00e9quipement moderne\",\"datePublished\":\"2026-08-31T19:14:36+00:00\",\"dateModified\":\"2026-08-31T19:14:40+00:00\",\"mainEntityOfPage\":{\"@id\":\"https:\\\/\\\/www.mobilier-design-occasion.fr\\\/magazine\\\/amenager-un-coin-bureau-design-chez-soi-entre-pieces-vintage-et-equipement-moderne\\\/\"},\"wordCount\":2196,\"commentCount\":0,\"publisher\":{\"@id\":\"https:\\\/\\\/www.mobilier-design-occasion.fr\\\/magazine\\\/#organization\"},\"image\":{\"@id\":\"https:\\\/\\\/www.mobilier-design-occasion.fr\\\/magazine\\\/amenager-un-coin-bureau-design-chez-soi-entre-pieces-vintage-et-equipement-moderne\\\/#primaryimage\"},\"thumbnailUrl\":\"https:\\\/\\\/www.mobilier-design-occasion.fr\\\/magazine\\\/wp-content\\\/uploads\\\/2026\\\/08\\\/b1713a720cffd35c3d179f9fd81ff8b1f820ce07.jpeg\",\"articleSection\":[\"Bureau\"],\"inLanguage\":\"fr-FR\",\"potentialAction\":[{\"@type\":\"CommentAction\",\"name\":\"Comment\",\"target\":[\"https:\\\/\\\/www.mobilier-design-occasion.fr\\\/magazine\\\/amenager-un-coin-bureau-design-chez-soi-entre-pieces-vintage-et-equipement-moderne\\\/#respond\"]}]},{\"@type\":\"WebPage\",\"@id\":\"https:\\\/\\\/www.mobilier-design-occasion.fr\\\/magazine\\\/amenager-un-coin-bureau-design-chez-soi-entre-pieces-vintage-et-equipement-moderne\\\/\",\"url\":\"https:\\\/\\\/www.mobilier-design-occasion.fr\\\/magazine\\\/amenager-un-coin-bureau-design-chez-soi-entre-pieces-vintage-et-equipement-moderne\\\/\",\"name\":\"Am\u00e9nager un coin bureau design chez soi : entre pi\u00e8ces vintage et \u00e9quipement moderne - Mobilier Design Magazine\",\"isPartOf\":{\"@id\":\"https:\\\/\\\/www.mobilier-design-occasion.fr\\\/magazine\\\/#website\"},\"primaryImageOfPage\":{\"@id\":\"https:\\\/\\\/www.mobilier-design-occasion.fr\\\/magazine\\\/amenager-un-coin-bureau-design-chez-soi-entre-pieces-vintage-et-equipement-moderne\\\/#primaryimage\"},\"image\":{\"@id\":\"https:\\\/\\\/www.mobilier-design-occasion.fr\\\/magazine\\\/amenager-un-coin-bureau-design-chez-soi-entre-pieces-vintage-et-equipement-moderne\\\/#primaryimage\"},\"thumbnailUrl\":\"https:\\\/\\\/www.mobilier-design-occasion.fr\\\/magazine\\\/wp-content\\\/uploads\\\/2026\\\/08\\\/b1713a720cffd35c3d179f9fd81ff8b1f820ce07.jpeg\",\"datePublished\":\"2026-08-31T19:14:36+00:00\",\"dateModified\":\"2026-08-31T19:14:40+00:00\",\"breadcrumb\":{\"@id\":\"https:\\\/\\\/www.mobilier-design-occasion.fr\\\/magazine\\\/amenager-un-coin-bureau-design-chez-soi-entre-pieces-vintage-et-equipement-moderne\\\/#breadcrumb\"},\"inLanguage\":\"fr-FR\",\"potentialAction\":[{\"@type\":\"ReadAction\",\"target\":[\"https:\\\/\\\/www.mobilier-design-occasion.fr\\\/magazine\\\/amenager-un-coin-bureau-design-chez-soi-entre-pieces-vintage-et-equipement-moderne\\\/\"]}]},{\"@type\":\"ImageObject\",\"inLanguage\":\"fr-FR\",\"@id\":\"https:\\\/\\\/www.mobilier-design-occasion.fr\\\/magazine\\\/amenager-un-coin-bureau-design-chez-soi-entre-pieces-vintage-et-equipement-moderne\\\/#primaryimage\",\"url\":\"https:\\\/\\\/www.mobilier-design-occasion.fr\\\/magazine\\\/wp-content\\\/uploads\\\/2026\\\/08\\\/b1713a720cffd35c3d179f9fd81ff8b1f820ce07.jpeg\",\"contentUrl\":\"https:\\\/\\\/www.mobilier-design-occasion.fr\\\/magazine\\\/wp-content\\\/uploads\\\/2026\\\/08\\\/b1713a720cffd35c3d179f9fd81ff8b1f820ce07.jpeg\",\"width\":1920,\"height\":1280},{\"@type\":\"BreadcrumbList\",\"@id\":\"https:\\\/\\\/www.mobilier-design-occasion.fr\\\/magazine\\\/amenager-un-coin-bureau-design-chez-soi-entre-pieces-vintage-et-equipement-moderne\\\/#breadcrumb\",\"itemListElement\":[{\"@type\":\"ListItem\",\"position\":1,\"name\":\"Accueil\",\"item\":\"https:\\\/\\\/www.mobilier-design-occasion.fr\\\/magazine\\\/\"},{\"@type\":\"ListItem\",\"position\":2,\"name\":\"Am\u00e9nager un coin bureau design chez soi : entre pi\u00e8ces vintage et \u00e9quipement moderne\"}]},{\"@type\":\"WebSite\",\"@id\":\"https:\\\/\\\/www.mobilier-design-occasion.fr\\\/magazine\\\/#website\",\"url\":\"https:\\\/\\\/www.mobilier-design-occasion.fr\\\/magazine\\\/\",\"name\":\"Mobilier Design Magazine\",\"description\":\"\",\"publisher\":{\"@id\":\"https:\\\/\\\/www.mobilier-design-occasion.fr\\\/magazine\\\/#organization\"},\"potentialAction\":[{\"@type\":\"SearchAction\",\"target\":{\"@type\":\"EntryPoint\",\"urlTemplate\":\"https:\\\/\\\/www.mobilier-design-occasion.fr\\\/magazine\\\/?s={search_term_string}\"},\"query-input\":{\"@type\":\"PropertyValueSpecification\",\"valueRequired\":true,\"valueName\":\"search_term_string\"}}],\"inLanguage\":\"fr-FR\"},{\"@type\":\"Organization\",\"@id\":\"https:\\\/\\\/www.mobilier-design-occasion.fr\\\/magazine\\\/#organization\",\"name\":\"Mobilier Design Magazine\",\"url\":\"https:\\\/\\\/www.mobilier-design-occasion.fr\\\/magazine\\\/\",\"logo\":{\"@type\":\"ImageObject\",\"inLanguage\":\"fr-FR\",\"@id\":\"https:\\\/\\\/www.mobilier-design-occasion.fr\\\/magazine\\\/#\\\/schema\\\/logo\\\/image\\\/\",\"url\":\"https:\\\/\\\/www.mobilier-design-occasion.fr\\\/magazine\\\/wp-content\\\/uploads\\\/2024\\\/02\\\/android-chrome-192x192-1.png\",\"contentUrl\":\"https:\\\/\\\/www.mobilier-design-occasion.fr\\\/magazine\\\/wp-content\\\/uploads\\\/2024\\\/02\\\/android-chrome-192x192-1.png\",\"width\":192,\"height\":192,\"caption\":\"Mobilier Design Magazine\"},\"image\":{\"@id\":\"https:\\\/\\\/www.mobilier-design-occasion.fr\\\/magazine\\\/#\\\/schema\\\/logo\\\/image\\\/\"},\"sameAs\":[\"https:\\\/\\\/www.facebook.com\\\/mobilierdesignoccasion\"]},{\"@type\":\"Person\",\"@id\":\"https:\\\/\\\/www.mobilier-design-occasion.fr\\\/magazine\\\/#\\\/schema\\\/person\\\/af895bedc80bfb6b17730a672fddac9e\",\"name\":\"Vincent Vandegans\",\"image\":{\"@type\":\"ImageObject\",\"inLanguage\":\"fr-FR\",\"@id\":\"https:\\\/\\\/secure.gravatar.com\\\/avatar\\\/b984800dabdf722d5e3f03f637c8932dea77d81118467d17ad2953e3b273ec66?s=96&d=mm&r=g\",\"url\":\"https:\\\/\\\/secure.gravatar.com\\\/avatar\\\/b984800dabdf722d5e3f03f637c8932dea77d81118467d17ad2953e3b273ec66?s=96&d=mm&r=g\",\"contentUrl\":\"https:\\\/\\\/secure.gravatar.com\\\/avatar\\\/b984800dabdf722d5e3f03f637c8932dea77d81118467d17ad2953e3b273ec66?s=96&d=mm&r=g\",\"caption\":\"Vincent Vandegans\"},\"description\":\"Vincent est passionn\u00e9 par les produits d'occasion, il a ouvert le site MDO avec Cyrielle pour aider les gens \u00e0 trouver du mobilier d'occasion, vintage ou usag\u00e9. Depuis, ils ont \u00e9tendu leurs activit\u00e9s et conseillent tout le monde sur le mobilier d'int\u00e9rieur et d'ext\u00e9rieur au quotidien \u00e0 travers le magazine MDO.\",\"url\":\"https:\\\/\\\/www.mobilier-design-occasion.fr\\\/magazine\\\/author\\\/vincent\\\/\"}]}<\/script>\n<!-- \/ Yoast SEO plugin. -->","yoast_head_json":{"title":"Am\u00e9nager un coin bureau design chez soi : entre pi\u00e8ces vintage et \u00e9quipement moderne - Mobilier Design Magazine","robots":{"index":"index","follow":"follow","max-snippet":"max-snippet:-1","max-image-preview":"max-image-preview:large","max-video-preview":"max-video-preview:-1"},"canonical":"https:\/\/www.mobilier-design-occasion.fr\/magazine\/amenager-un-coin-bureau-design-chez-soi-entre-pieces-vintage-et-equipement-moderne\/","og_locale":"fr_FR","og_type":"article","og_title":"Am\u00e9nager un coin bureau design chez soi : entre pi\u00e8ces vintage et \u00e9quipement moderne - Mobilier Design Magazine","og_description":"Le t\u00e9l\u00e9travail a profond\u00e9ment chang\u00e9 notre fa\u00e7on d&#8217;habiter nos int\u00e9rieurs. Ce qui n&#8217;\u00e9tait autrefois qu&#8217;un coin de passage, un angle de chambre ou une table pliante remis\u00e9e dans un placard, est devenu une v\u00e9ritable pi\u00e8ce \u00e0 vivre, o\u00f9 l&#8217;on passe parfois plus d&#8217;heures qu&#8217;au salon. Se pose alors une question toute simple, mais rarement anodine [&hellip;]","og_url":"https:\/\/www.mobilier-design-occasion.fr\/magazine\/amenager-un-coin-bureau-design-chez-soi-entre-pieces-vintage-et-equipement-moderne\/","og_site_name":"Mobilier Design Magazine","article_publisher":"https:\/\/www.facebook.com\/mobilierdesignoccasion","article_published_time":"2026-08-31T19:14:36+00:00","article_modified_time":"2026-08-31T19:14:40+00:00","og_image":[{"width":1920,"height":1280,"url":"https:\/\/www.mobilier-design-occasion.fr\/magazine\/wp-content\/uploads\/2026\/08\/b1713a720cffd35c3d179f9fd81ff8b1f820ce07.jpeg","type":"image\/jpeg"}],"author":"Vincent Vandegans","twitter_card":"summary_large_image","twitter_misc":{"\u00c9crit par":"Vincent Vandegans","Dur\u00e9e de lecture estim\u00e9e":"11 minutes"},"schema":{"@context":"https:\/\/schema.org","@graph":[{"@type":"Article","@id":"https:\/\/www.mobilier-design-occasion.fr\/magazine\/amenager-un-coin-bureau-design-chez-soi-entre-pieces-vintage-et-equipement-moderne\/#article","isPartOf":{"@id":"https:\/\/www.mobilier-design-occasion.fr\/magazine\/amenager-un-coin-bureau-design-chez-soi-entre-pieces-vintage-et-equipement-moderne\/"},"author":{"name":"Vincent Vandegans","@id":"https:\/\/www.mobilier-design-occasion.fr\/magazine\/#\/schema\/person\/af895bedc80bfb6b17730a672fddac9e"},"headline":"Am\u00e9nager un coin bureau design chez soi : entre pi\u00e8ces vintage et \u00e9quipement moderne","datePublished":"2026-08-31T19:14:36+00:00","dateModified":"2026-08-31T19:14:40+00:00","mainEntityOfPage":{"@id":"https:\/\/www.mobilier-design-occasion.fr\/magazine\/amenager-un-coin-bureau-design-chez-soi-entre-pieces-vintage-et-equipement-moderne\/"},"wordCount":2196,"commentCount":0,"publisher":{"@id":"https:\/\/www.mobilier-design-occasion.fr\/magazine\/#organization"},"image":{"@id":"https:\/\/www.mobilier-design-occasion.fr\/magazine\/amenager-un-coin-bureau-design-chez-soi-entre-pieces-vintage-et-equipement-moderne\/#primaryimage"},"thumbnailUrl":"https:\/\/www.mobilier-design-occasion.fr\/magazine\/wp-content\/uploads\/2026\/08\/b1713a720cffd35c3d179f9fd81ff8b1f820ce07.jpeg","articleSection":["Bureau"],"inLanguage":"fr-FR","potentialAction":[{"@type":"CommentAction","name":"Comment","target":["https:\/\/www.mobilier-design-occasion.fr\/magazine\/amenager-un-coin-bureau-design-chez-soi-entre-pieces-vintage-et-equipement-moderne\/#respond"]}]},{"@type":"WebPage","@id":"https:\/\/www.mobilier-design-occasion.fr\/magazine\/amenager-un-coin-bureau-design-chez-soi-entre-pieces-vintage-et-equipement-moderne\/","url":"https:\/\/www.mobilier-design-occasion.fr\/magazine\/amenager-un-coin-bureau-design-chez-soi-entre-pieces-vintage-et-equipement-moderne\/","name":"Am\u00e9nager un coin bureau design chez soi : entre pi\u00e8ces vintage et \u00e9quipement moderne - Mobilier Design Magazine","isPartOf":{"@id":"https:\/\/www.mobilier-design-occasion.fr\/magazine\/#website"},"primaryImageOfPage":{"@id":"https:\/\/www.mobilier-design-occasion.fr\/magazine\/amenager-un-coin-bureau-design-chez-soi-entre-pieces-vintage-et-equipement-moderne\/#primaryimage"},"image":{"@id":"https:\/\/www.mobilier-design-occasion.fr\/magazine\/amenager-un-coin-bureau-design-chez-soi-entre-pieces-vintage-et-equipement-moderne\/#primaryimage"},"thumbnailUrl":"https:\/\/www.mobilier-design-occasion.fr\/magazine\/wp-content\/uploads\/2026\/08\/b1713a720cffd35c3d179f9fd81ff8b1f820ce07.jpeg","datePublished":"2026-08-31T19:14:36+00:00","dateModified":"2026-08-31T19:14:40+00:00","breadcrumb":{"@id":"https:\/\/www.mobilier-design-occasion.fr\/magazine\/amenager-un-coin-bureau-design-chez-soi-entre-pieces-vintage-et-equipement-moderne\/#breadcrumb"},"inLanguage":"fr-FR","potentialAction":[{"@type":"ReadAction","target":["https:\/\/www.mobilier-design-occasion.fr\/magazine\/amenager-un-coin-bureau-design-chez-soi-entre-pieces-vintage-et-equipement-moderne\/"]}]},{"@type":"ImageObject","inLanguage":"fr-FR","@id":"https:\/\/www.mobilier-design-occasion.fr\/magazine\/amenager-un-coin-bureau-design-chez-soi-entre-pieces-vintage-et-equipement-moderne\/#primaryimage","url":"https:\/\/www.mobilier-design-occasion.fr\/magazine\/wp-content\/uploads\/2026\/08\/b1713a720cffd35c3d179f9fd81ff8b1f820ce07.jpeg","contentUrl":"https:\/\/www.mobilier-design-occasion.fr\/magazine\/wp-content\/uploads\/2026\/08\/b1713a720cffd35c3d179f9fd81ff8b1f820ce07.jpeg","width":1920,"height":1280},{"@type":"BreadcrumbList","@id":"https:\/\/www.mobilier-design-occasion.fr\/magazine\/amenager-un-coin-bureau-design-chez-soi-entre-pieces-vintage-et-equipement-moderne\/#breadcrumb","itemListElement":[{"@type":"ListItem","position":1,"name":"Accueil","item":"https:\/\/www.mobilier-design-occasion.fr\/magazine\/"},{"@type":"ListItem","position":2,"name":"Am\u00e9nager un coin bureau design chez soi : entre pi\u00e8ces vintage et \u00e9quipement moderne"}]},{"@type":"WebSite","@id":"https:\/\/www.mobilier-design-occasion.fr\/magazine\/#website","url":"https:\/\/www.mobilier-design-occasion.fr\/magazine\/","name":"Mobilier Design Magazine","description":"","publisher":{"@id":"https:\/\/www.mobilier-design-occasion.fr\/magazine\/#organization"},"potentialAction":[{"@type":"SearchAction","target":{"@type":"EntryPoint","urlTemplate":"https:\/\/www.mobilier-design-occasion.fr\/magazine\/?s={search_term_string}"},"query-input":{"@type":"PropertyValueSpecification","valueRequired":true,"valueName":"search_term_string"}}],"inLanguage":"fr-FR"},{"@type":"Organization","@id":"https:\/\/www.mobilier-design-occasion.fr\/magazine\/#organization","name":"Mobilier Design Magazine","url":"https:\/\/www.mobilier-design-occasion.fr\/magazine\/","logo":{"@type":"ImageObject","inLanguage":"fr-FR","@id":"https:\/\/www.mobilier-design-occasion.fr\/magazine\/#\/schema\/logo\/image\/","url":"https:\/\/www.mobilier-design-occasion.fr\/magazine\/wp-content\/uploads\/2024\/02\/android-chrome-192x192-1.png","contentUrl":"https:\/\/www.mobilier-design-occasion.fr\/magazine\/wp-content\/uploads\/2024\/02\/android-chrome-192x192-1.png","width":192,"height":192,"caption":"Mobilier Design Magazine"},"image":{"@id":"https:\/\/www.mobilier-design-occasion.fr\/magazine\/#\/schema\/logo\/image\/"},"sameAs":["https:\/\/www.facebook.com\/mobilierdesignoccasion"]},{"@type":"Person","@id":"https:\/\/www.mobilier-design-occasion.fr\/magazine\/#\/schema\/person\/af895bedc80bfb6b17730a672fddac9e","name":"Vincent Vandegans","image":{"@type":"ImageObject","inLanguage":"fr-FR","@id":"https:\/\/secure.gravatar.com\/avatar\/b984800dabdf722d5e3f03f637c8932dea77d81118467d17ad2953e3b273ec66?s=96&d=mm&r=g","url":"https:\/\/secure.gravatar.com\/avatar\/b984800dabdf722d5e3f03f637c8932dea77d81118467d17ad2953e3b273ec66?s=96&d=mm&r=g","contentUrl":"https:\/\/secure.gravatar.com\/avatar\/b984800dabdf722d5e3f03f637c8932dea77d81118467d17ad2953e3b273ec66?s=96&d=mm&r=g","caption":"Vincent Vandegans"},"description":"Vincent est passionn\u00e9 par les produits d'occasion, il a ouvert le site MDO avec Cyrielle pour aider les gens \u00e0 trouver du mobilier d'occasion, vintage ou usag\u00e9. Depuis, ils ont \u00e9tendu leurs activit\u00e9s et conseillent tout le monde sur le mobilier d'int\u00e9rieur et d'ext\u00e9rieur au quotidien \u00e0 travers le magazine MDO.","url":"https:\/\/www.mobilier-design-occasion.fr\/magazine\/author\/vincent\/"}]}},"_links":{"self":[{"href":"https:\/\/www.mobilier-design-occasion.fr\/magazine\/wp-json\/wp\/v2\/posts\/9209","targetHints":{"allow":["GET"]}}],"collection":[{"href":"https:\/\/www.mobilier-design-occasion.fr\/magazine\/wp-json\/wp\/v2\/posts"}],"about":[{"href":"https:\/\/www.mobilier-design-occasion.fr\/magazine\/wp-json\/wp\/v2\/types\/post"}],"author":[{"embeddable":true,"href":"https:\/\/www.mobilier-design-occasion.fr\/magazine\/wp-json\/wp\/v2\/users\/2"}],"replies":[{"embeddable":true,"href":"https:\/\/www.mobilier-design-occasion.fr\/magazine\/wp-json\/wp\/v2\/comments?post=9209"}],"version-history":[{"count":1,"href":"https:\/\/www.mobilier-design-occasion.fr\/magazine\/wp-json\/wp\/v2\/posts\/9209\/revisions"}],"predecessor-version":[{"id":9214,"href":"https:\/\/www.mobilier-design-occasion.fr\/magazine\/wp-json\/wp\/v2\/posts\/9209\/revisions\/9214"}],"wp:featuredmedia":[{"embeddable":true,"href":"https:\/\/www.mobilier-design-occasion.fr\/magazine\/wp-json\/wp\/v2\/media\/9211"}],"wp:attachment":[{"href":"https:\/\/www.mobilier-design-occasion.fr\/magazine\/wp-json\/wp\/v2\/media?parent=9209"}],"wp:term":[{"taxonomy":"category","embeddable":true,"href":"https:\/\/www.mobilier-design-occasion.fr\/magazine\/wp-json\/wp\/v2\/categories?post=9209"},{"taxonomy":"post_tag","embeddable":true,"href":"https:\/\/www.mobilier-design-occasion.fr\/magazine\/wp-json\/wp\/v2\/tags?post=9209"}],"curies":[{"name":"wp","href":"https:\/\/api.w.org\/{rel}","templated":true}]}}