{"id":9205,"date":"2026-08-31T07:31:39","date_gmt":"2026-08-31T07:31:39","guid":{"rendered":"https:\/\/www.mobilier-design-occasion.fr\/magazine\/?p=9205"},"modified":"2026-08-31T07:31:39","modified_gmt":"2026-08-31T07:31:39","slug":"rideau-occultant-thermique-comment-conserver-la-chaleur-en-hiver","status":"publish","type":"post","link":"https:\/\/www.mobilier-design-occasion.fr\/magazine\/rideau-occultant-thermique-comment-conserver-la-chaleur-en-hiver\/","title":{"rendered":"Rideau occultant thermique : comment conserver la chaleur en hiver ?"},"content":{"rendered":"<p>Face \u00e0 la baisse des temp\u00e9ratures, de nombreux foyers cherchent \u00e0 optimiser leur confort tout en r\u00e9alisant des \u00e9conomies d\u2019\u00e9nergie. Le <strong>rideau occultant thermique<\/strong> s\u2019impose ainsi comme une solution accessible pour am\u00e9liorer l\u2019isolation de l\u2019habitat et limiter les <strong>d\u00e9perditions thermiques<\/strong>. Quels sont ses atouts r\u00e9els, comment agit-il sur la <strong>conservation de la chaleur en hiver<\/strong>, et quelles pr\u00e9cautions prendre pour tirer le meilleur parti de ce dispositif ? Plong\u00e9e dans les m\u00e9canismes et usages du <strong>rideau thermique<\/strong>.<\/p>\n<h2><span class=\"ez-toc-section\" id=\"Le_principe_du_rideau_occultant_thermique_et_son_efficacite_contre_le_froid\"><\/span>Le principe du rideau occultant thermique et son efficacit\u00e9 contre le froid<span class=\"ez-toc-section-end\"><\/span><\/h2><div id=\"ez-toc-container\" class=\"ez-toc-v2_0_87 counter-hierarchy ez-toc-counter ez-toc-grey ez-toc-container-direction\">\n<div class=\"ez-toc-title-container\">\n<span class=\"ez-toc-title-toggle\"><a href=\"#\" class=\"ez-toc-pull-right ez-toc-btn ez-toc-btn-xs ez-toc-btn-default ez-toc-toggle\" aria-label=\"Toggle Table of Content\"><span class=\"ez-toc-js-icon-con\"><span class=\"\"><span class=\"eztoc-hide\" style=\"display:none;\">Toggle<\/span><span class=\"ez-toc-icon-toggle-span\"><svg style=\"fill: #999;color:#999\" xmlns=\"http:\/\/www.w3.org\/2000\/svg\" class=\"list-377408\" width=\"20px\" height=\"20px\" viewBox=\"0 0 24 24\" fill=\"none\"><path d=\"M6 6H4v2h2V6zm14 0H8v2h12V6zM4 11h2v2H4v-2zm16 0H8v2h12v-2zM4 16h2v2H4v-2zm16 0H8v2h12v-2z\" fill=\"currentColor\"><\/path><\/svg><svg style=\"fill: #999;color:#999\" class=\"arrow-unsorted-368013\" xmlns=\"http:\/\/www.w3.org\/2000\/svg\" width=\"10px\" height=\"10px\" viewBox=\"0 0 24 24\" version=\"1.2\" baseProfile=\"tiny\"><path d=\"M18.2 9.3l-6.2-6.3-6.2 6.3c-.2.2-.3.4-.3.7s.1.5.3.7c.2.2.4.3.7.3h11c.3 0 .5-.1.7-.3.2-.2.3-.5.3-.7s-.1-.5-.3-.7zM5.8 14.7l6.2 6.3 6.2-6.3c.2-.2.3-.5.3-.7s-.1-.5-.3-.7c-.2-.2-.4-.3-.7-.3h-11c-.3 0-.5.1-.7.3-.2.2-.3.5-.3.7s.1.5.3.7z\"\/><\/svg><\/span><\/span><\/span><\/a><\/span><\/div>\n<nav><ul class='ez-toc-list ez-toc-list-level-1 eztoc-toggle-hide-by-default' ><li class='ez-toc-page-1 ez-toc-heading-level-2'><a class=\"ez-toc-link ez-toc-heading-1\" href=\"https:\/\/www.mobilier-design-occasion.fr\/magazine\/rideau-occultant-thermique-comment-conserver-la-chaleur-en-hiver\/#Le_principe_du_rideau_occultant_thermique_et_son_efficacite_contre_le_froid\" >Le principe du rideau occultant thermique et son efficacit\u00e9 contre le froid<\/a><\/li><li class='ez-toc-page-1 ez-toc-heading-level-2'><a class=\"ez-toc-link ez-toc-heading-2\" href=\"https:\/\/www.mobilier-design-occasion.fr\/magazine\/rideau-occultant-thermique-comment-conserver-la-chaleur-en-hiver\/#Reduction_de_la_perte_de_chaleur_quels_facteurs_influencent_vraiment\" >R\u00e9duction de la perte de chaleur : quels facteurs influencent vraiment ?<\/a><\/li><li class='ez-toc-page-1 ez-toc-heading-level-2'><a class=\"ez-toc-link ez-toc-heading-3\" href=\"https:\/\/www.mobilier-design-occasion.fr\/magazine\/rideau-occultant-thermique-comment-conserver-la-chaleur-en-hiver\/#Installation_correcte_du_rideau_un_levier_determinant\" >Installation correcte du rideau : un levier d\u00e9terminant<\/a><\/li><li class='ez-toc-page-1 ez-toc-heading-level-2'><a class=\"ez-toc-link ez-toc-heading-4\" href=\"https:\/\/www.mobilier-design-occasion.fr\/magazine\/rideau-occultant-thermique-comment-conserver-la-chaleur-en-hiver\/#Cas_dusage_et_resultats_observes\" >Cas d\u2019usage et r\u00e9sultats observ\u00e9s<\/a><\/li><li class='ez-toc-page-1 ez-toc-heading-level-2'><a class=\"ez-toc-link ez-toc-heading-5\" href=\"https:\/\/www.mobilier-design-occasion.fr\/magazine\/rideau-occultant-thermique-comment-conserver-la-chaleur-en-hiver\/#Limiter_la_deperdition_thermique_sans_travaux_lourds\" >Limiter la d\u00e9perdition thermique sans travaux lourds<\/a><\/li><\/ul><\/nav><\/div>\n\n<p>Un <strong>rideau occultant thermique<\/strong> <a href=\"https:\/\/www.becquet.fr\/rideau-occultant-lumiere-rideau-occultant-thermique-c15\">comme chez Becquet<\/a>, se compose g\u00e9n\u00e9ralement de plusieurs couches de tissu, dont une <strong>doublure thermique<\/strong>. Cette derni\u00e8re joue un r\u00f4le central, agissant comme une <strong>barri\u00e8re anti-froid<\/strong> entre l\u2019int\u00e9rieur de la pi\u00e8ce et les fen\u00eatres, souvent sources majeures de <strong>perte de chaleur<\/strong>. La fonction premi\u00e8re du <strong>rideau thermique<\/strong> va donc au-del\u00e0 de l&#8217;obscurcissement\u202f: il s\u2019agit surtout d\u2019am\u00e9liorer l&#8217;<strong>isolation thermique<\/strong> de l\u2019ouverture \u00e9quip\u00e9e.<\/p>\n<p>En p\u00e9riode hivernale, les fen\u00eatres mal isol\u00e9es favorisent une importante fuite de la chaleur vers l\u2019ext\u00e9rieur. Installer un <strong>rideau occultant thermique<\/strong> devant ces surfaces permet d\u2019interrompre cette circulation ind\u00e9sirable. L\u2019effet obtenu d\u00e9pend en partie de la qualit\u00e9 de la <strong>doublure thermique<\/strong> choisie et de son \u00e9paisseur. Une mati\u00e8re dense, telle que le molleton sp\u00e9cifique ou le polyester aluminis\u00e9, <strong>r\u00e9fl\u00e9chit la chaleur<\/strong> produite \u00e0 l\u2019int\u00e9rieur vers la pi\u00e8ce et forme une v\u00e9ritable <strong>protection contre le froid<\/strong>.<\/p>\n<h2><span class=\"ez-toc-section\" id=\"Reduction_de_la_perte_de_chaleur_quels_facteurs_influencent_vraiment\"><\/span>R\u00e9duction de la perte de chaleur : quels facteurs influencent vraiment ?<span class=\"ez-toc-section-end\"><\/span><\/h2>\n<p>L\u2019<strong>efficacit\u00e9 \u00e9nerg\u00e9tique<\/strong> du <strong>rideau thermique<\/strong> varie selon diff\u00e9rents param\u00e8tres. Tout d\u2019abord, la qualit\u00e9 de la fen\u00eatre elle-m\u00eame a une incidence majeure : un simple vitrage n\u00e9cessite un rideau tr\u00e8s performant pour compenser une <strong>isolation thermique<\/strong> faible, tandis qu\u2019un double vitrage compl\u00e9t\u00e9 par un rideau optimisera consid\u00e9rablement la <strong>conservation de la chaleur en hiver<\/strong>.<\/p>\n<p>La dimension du <strong>rideau thermique<\/strong> compte \u00e9galement. Un produit large, qui recouvre toute la surface vitr\u00e9e jusqu\u2019\u00e0 l\u00e9g\u00e8rement d\u00e9border sur les c\u00f4t\u00e9s et le bas, favorisera une <strong>r\u00e9duction de la perte de chaleur<\/strong> significative. D\u2019autre part, la densit\u00e9 et la nature du tissu d\u00e9terminent sa capacit\u00e9 de <strong>r\u00e9flexion de la chaleur<\/strong>. Certains mod\u00e8les pr\u00e9sentent aussi une face m\u00e9tallis\u00e9e c\u00f4t\u00e9 fen\u00eatre, renfor\u00e7ant encore la <strong>barri\u00e8re anti-froid<\/strong> gr\u00e2ce \u00e0 la r\u00e9flexion des rayonnements infrarouges diffus\u00e9s par le chauffage int\u00e9rieur.<\/p>\n<h2><span class=\"ez-toc-section\" id=\"Installation_correcte_du_rideau_un_levier_determinant\"><\/span>Installation correcte du rideau : un levier d\u00e9terminant<span class=\"ez-toc-section-end\"><\/span><\/h2>\n<p>Installer judicieusement le <strong>rideau occultant thermique<\/strong> reste essentiel pour atteindre une r\u00e9elle am\u00e9lioration de l\u2019<strong>isolation thermique<\/strong>. Il est recommand\u00e9 de laisser tomber le rideau \u00e0 quelques centim\u00e8tres du sol et de veiller \u00e0 une fixation suffisante sur les extr\u00e9mit\u00e9s afin d\u2019\u00e9viter les flux d\u2019air lat\u00e9raux. Un ourlet lest\u00e9 au bas du rideau peut augmenter l\u2019\u00e9tanch\u00e9it\u00e9 et renforcer la <strong>protection contre le froid<\/strong>.<\/p>\n<p>Un autre point cl\u00e9 consiste \u00e0 \u00e9viter tout espace entre le rideau et le mur ou la fen\u00eatre, ce qui limite les courants d\u2019air parasites. Ces ajustements pratiques contribuent \u00e0 l\u2019<strong>efficacit\u00e9 \u00e9nerg\u00e9tique<\/strong> g\u00e9n\u00e9rale du <strong>rideau thermique<\/strong> et pr\u00e9viennent la circulation de l\u2019air froid vers l\u2019int\u00e9rieur.<\/p>\n<h2><span class=\"ez-toc-section\" id=\"Cas_dusage_et_resultats_observes\"><\/span>Cas d\u2019usage et r\u00e9sultats observ\u00e9s<span class=\"ez-toc-section-end\"><\/span><\/h2>\n<figure class=\"image\"><img decoding=\"async\" src=\"https:\/\/www.mobilier-design-occasion.fr\/magazine\/wp-content\/uploads\/2026\/08\/rideau-fonce-pour-chambre.jpg\" alt=\"rideau fonc\u00e9 pour chambre\"><\/figure>\n<p>L\u2019ajout d\u2019un <strong>rideau thermique<\/strong> dans une chambre expos\u00e9e plein nord illustre bien l\u2019int\u00e9r\u00eat de la d\u00e9marche. Plusieurs utilisateurs rel\u00e8vent une baisse sensible de la sensation de froid pr\u00e8s de la fen\u00eatre apr\u00e8s installation et constatent que le chauffage sollicite moins longtemps pour garantir la m\u00eame temp\u00e9rature ambiante, t\u00e9moignant d\u2019une meilleure <strong>conservation de la chaleur en hiver<\/strong>.<\/p>\n<p>Dans certains cas, notamment en maison ancienne avec simple vitrage, une double couche de <strong>rideau thermique<\/strong> combin\u00e9e \u00e0 des joints isolants offre des gains perceptibles. Si l\u2019impact chiffr\u00e9 d\u00e9pend fortement du contexte, la tendance confirme une <strong>r\u00e9duction de la facture \u00e9nerg\u00e9tique<\/strong> d\u00e8s lors que la solution est correctement mise en \u0153uvre.<\/p>\n<h2><span class=\"ez-toc-section\" id=\"Limiter_la_deperdition_thermique_sans_travaux_lourds\"><\/span>Limiter la d\u00e9perdition thermique sans travaux lourds<span class=\"ez-toc-section-end\"><\/span><\/h2>\n<p>Recourir \u00e0 un <strong>rideau occultant thermique<\/strong> repr\u00e9sente une alternative souple aux interventions sur la menuiserie, souvent co\u00fbteuses et complexes. Ce choix ne remplace \u00e9videmment pas un remplacement de fen\u00eatre pour une <strong>isolation thermique<\/strong> optimale, mais il constitue une transition efficace, simple \u00e0 installer et relevant d\u2019un investissement mod\u00e9r\u00e9, pour am\u00e9liorer le confort thermique.<\/p>\n<p>Au-del\u00e0 du gain en <strong>isolation thermique<\/strong>, l\u2019opacit\u00e9 du rideau apporte aussi intimit\u00e9 et obscurit\u00e9, compl\u00e9tant la <strong>protection contre le froid<\/strong> par une ambiance chaleureuse. Adapter la couleur et l\u2019\u00e9paisseur selon la pi\u00e8ce vis\u00e9e garantit un r\u00e9sultat coh\u00e9rent avec les attentes, tant au niveau du confort que de l\u2019esth\u00e9tisme, permettant ainsi de conjuguer praticit\u00e9 et <strong>performance \u00e9nerg\u00e9tique<\/strong>, m\u00eame face aux plus rudes hivers.<\/p>\n","protected":false},"excerpt":{"rendered":"<p>Face \u00e0 la baisse des temp\u00e9ratures, de nombreux foyers cherchent \u00e0 optimiser leur confort tout en r\u00e9alisant des \u00e9conomies d\u2019\u00e9nergie. Le rideau occultant thermique s\u2019impose ainsi comme une solution accessible pour am\u00e9liorer l\u2019isolation de l\u2019habitat et limiter les d\u00e9perditions thermiques. Quels sont ses atouts r\u00e9els, comment agit-il sur la conservation de la chaleur en hiver, [&hellip;]<\/p>\n","protected":false},"author":1,"featured_media":9208,"comment_status":"open","ping_status":"open","sticky":false,"template":"","format":"standard","meta":{"footnotes":""},"categories":[2],"tags":[],"class_list":["post-9205","post","type-post","status-publish","format-standard","has-post-thumbnail","hentry","category-tendances"],"yoast_head":"<!-- This site is optimized with the Yoast SEO plugin v28.3 - https:\/\/yoast.com\/product\/yoast-seo-wordpress\/ -->\n<title>Rideau occultant thermique : comment conserver la chaleur en hiver ? - Mobilier Design Magazine<\/title>\n<meta name=\"robots\" content=\"index, follow, max-snippet:-1, max-image-preview:large, max-video-preview:-1\" \/>\n<link rel=\"canonical\" href=\"https:\/\/www.mobilier-design-occasion.fr\/magazine\/rideau-occultant-thermique-comment-conserver-la-chaleur-en-hiver\/\" \/>\n<meta property=\"og:locale\" content=\"fr_FR\" \/>\n<meta property=\"og:type\" content=\"article\" \/>\n<meta property=\"og:title\" content=\"Rideau occultant thermique : comment conserver la chaleur en hiver ? - Mobilier Design Magazine\" \/>\n<meta property=\"og:description\" content=\"Face \u00e0 la baisse des temp\u00e9ratures, de nombreux foyers cherchent \u00e0 optimiser leur confort tout en r\u00e9alisant des \u00e9conomies d\u2019\u00e9nergie. Le rideau occultant thermique s\u2019impose ainsi comme une solution accessible pour am\u00e9liorer l\u2019isolation de l\u2019habitat et limiter les d\u00e9perditions thermiques. Quels sont ses atouts r\u00e9els, comment agit-il sur la conservation de la chaleur en hiver, [&hellip;]\" \/>\n<meta property=\"og:url\" content=\"https:\/\/www.mobilier-design-occasion.fr\/magazine\/rideau-occultant-thermique-comment-conserver-la-chaleur-en-hiver\/\" \/>\n<meta property=\"og:site_name\" content=\"Mobilier Design Magazine\" \/>\n<meta property=\"article:publisher\" content=\"https:\/\/www.facebook.com\/mobilierdesignoccasion\" \/>\n<meta property=\"article:published_time\" content=\"2026-08-31T07:31:39+00:00\" \/>\n<meta property=\"og:image\" content=\"https:\/\/www.mobilier-design-occasion.fr\/magazine\/wp-content\/uploads\/2026\/08\/rideau-fonce-pour-chambre.jpg\" \/>\n<meta name=\"author\" content=\"Cyrielle Poirot\" \/>\n<meta name=\"twitter:card\" content=\"summary_large_image\" \/>\n<meta name=\"twitter:label1\" content=\"\u00c9crit par\" \/>\n\t<meta name=\"twitter:data1\" content=\"Cyrielle Poirot\" \/>\n\t<meta name=\"twitter:label2\" content=\"Dur\u00e9e de lecture estim\u00e9e\" \/>\n\t<meta name=\"twitter:data2\" content=\"4 minutes\" \/>\n<script type=\"application\/ld+json\" class=\"yoast-schema-graph\">{\"@context\":\"https:\\\/\\\/schema.org\",\"@graph\":[{\"@type\":\"Article\",\"@id\":\"https:\\\/\\\/www.mobilier-design-occasion.fr\\\/magazine\\\/rideau-occultant-thermique-comment-conserver-la-chaleur-en-hiver\\\/#article\",\"isPartOf\":{\"@id\":\"https:\\\/\\\/www.mobilier-design-occasion.fr\\\/magazine\\\/rideau-occultant-thermique-comment-conserver-la-chaleur-en-hiver\\\/\"},\"author\":{\"name\":\"Cyrielle Poirot\",\"@id\":\"https:\\\/\\\/www.mobilier-design-occasion.fr\\\/magazine\\\/#\\\/schema\\\/person\\\/5b2e5627a714ddadaaf8c9b886c55eff\"},\"headline\":\"Rideau occultant thermique : comment conserver la chaleur en hiver ?\",\"datePublished\":\"2026-08-31T07:31:39+00:00\",\"mainEntityOfPage\":{\"@id\":\"https:\\\/\\\/www.mobilier-design-occasion.fr\\\/magazine\\\/rideau-occultant-thermique-comment-conserver-la-chaleur-en-hiver\\\/\"},\"wordCount\":858,\"commentCount\":0,\"publisher\":{\"@id\":\"https:\\\/\\\/www.mobilier-design-occasion.fr\\\/magazine\\\/#organization\"},\"image\":{\"@id\":\"https:\\\/\\\/www.mobilier-design-occasion.fr\\\/magazine\\\/rideau-occultant-thermique-comment-conserver-la-chaleur-en-hiver\\\/#primaryimage\"},\"thumbnailUrl\":\"https:\\\/\\\/www.mobilier-design-occasion.fr\\\/magazine\\\/wp-content\\\/uploads\\\/2026\\\/08\\\/rideau-occultant-thermique-comment-conserver-la-chaleur-en-hiver.jpg\",\"articleSection\":[\"Tendances\"],\"inLanguage\":\"fr-FR\",\"potentialAction\":[{\"@type\":\"CommentAction\",\"name\":\"Comment\",\"target\":[\"https:\\\/\\\/www.mobilier-design-occasion.fr\\\/magazine\\\/rideau-occultant-thermique-comment-conserver-la-chaleur-en-hiver\\\/#respond\"]}]},{\"@type\":\"WebPage\",\"@id\":\"https:\\\/\\\/www.mobilier-design-occasion.fr\\\/magazine\\\/rideau-occultant-thermique-comment-conserver-la-chaleur-en-hiver\\\/\",\"url\":\"https:\\\/\\\/www.mobilier-design-occasion.fr\\\/magazine\\\/rideau-occultant-thermique-comment-conserver-la-chaleur-en-hiver\\\/\",\"name\":\"Rideau occultant thermique : comment conserver la chaleur en hiver ? - Mobilier Design Magazine\",\"isPartOf\":{\"@id\":\"https:\\\/\\\/www.mobilier-design-occasion.fr\\\/magazine\\\/#website\"},\"primaryImageOfPage\":{\"@id\":\"https:\\\/\\\/www.mobilier-design-occasion.fr\\\/magazine\\\/rideau-occultant-thermique-comment-conserver-la-chaleur-en-hiver\\\/#primaryimage\"},\"image\":{\"@id\":\"https:\\\/\\\/www.mobilier-design-occasion.fr\\\/magazine\\\/rideau-occultant-thermique-comment-conserver-la-chaleur-en-hiver\\\/#primaryimage\"},\"thumbnailUrl\":\"https:\\\/\\\/www.mobilier-design-occasion.fr\\\/magazine\\\/wp-content\\\/uploads\\\/2026\\\/08\\\/rideau-occultant-thermique-comment-conserver-la-chaleur-en-hiver.jpg\",\"datePublished\":\"2026-08-31T07:31:39+00:00\",\"breadcrumb\":{\"@id\":\"https:\\\/\\\/www.mobilier-design-occasion.fr\\\/magazine\\\/rideau-occultant-thermique-comment-conserver-la-chaleur-en-hiver\\\/#breadcrumb\"},\"inLanguage\":\"fr-FR\",\"potentialAction\":[{\"@type\":\"ReadAction\",\"target\":[\"https:\\\/\\\/www.mobilier-design-occasion.fr\\\/magazine\\\/rideau-occultant-thermique-comment-conserver-la-chaleur-en-hiver\\\/\"]}]},{\"@type\":\"ImageObject\",\"inLanguage\":\"fr-FR\",\"@id\":\"https:\\\/\\\/www.mobilier-design-occasion.fr\\\/magazine\\\/rideau-occultant-thermique-comment-conserver-la-chaleur-en-hiver\\\/#primaryimage\",\"url\":\"https:\\\/\\\/www.mobilier-design-occasion.fr\\\/magazine\\\/wp-content\\\/uploads\\\/2026\\\/08\\\/rideau-occultant-thermique-comment-conserver-la-chaleur-en-hiver.jpg\",\"contentUrl\":\"https:\\\/\\\/www.mobilier-design-occasion.fr\\\/magazine\\\/wp-content\\\/uploads\\\/2026\\\/08\\\/rideau-occultant-thermique-comment-conserver-la-chaleur-en-hiver.jpg\",\"width\":1920,\"height\":1080,\"caption\":\"Rideau occultant thermique : comment conserver la chaleur en hiver ?\"},{\"@type\":\"BreadcrumbList\",\"@id\":\"https:\\\/\\\/www.mobilier-design-occasion.fr\\\/magazine\\\/rideau-occultant-thermique-comment-conserver-la-chaleur-en-hiver\\\/#breadcrumb\",\"itemListElement\":[{\"@type\":\"ListItem\",\"position\":1,\"name\":\"Accueil\",\"item\":\"https:\\\/\\\/www.mobilier-design-occasion.fr\\\/magazine\\\/\"},{\"@type\":\"ListItem\",\"position\":2,\"name\":\"Rideau occultant thermique : comment conserver la chaleur en hiver ?\"}]},{\"@type\":\"WebSite\",\"@id\":\"https:\\\/\\\/www.mobilier-design-occasion.fr\\\/magazine\\\/#website\",\"url\":\"https:\\\/\\\/www.mobilier-design-occasion.fr\\\/magazine\\\/\",\"name\":\"Mobilier Design Magazine\",\"description\":\"\",\"publisher\":{\"@id\":\"https:\\\/\\\/www.mobilier-design-occasion.fr\\\/magazine\\\/#organization\"},\"potentialAction\":[{\"@type\":\"SearchAction\",\"target\":{\"@type\":\"EntryPoint\",\"urlTemplate\":\"https:\\\/\\\/www.mobilier-design-occasion.fr\\\/magazine\\\/?s={search_term_string}\"},\"query-input\":{\"@type\":\"PropertyValueSpecification\",\"valueRequired\":true,\"valueName\":\"search_term_string\"}}],\"inLanguage\":\"fr-FR\"},{\"@type\":\"Organization\",\"@id\":\"https:\\\/\\\/www.mobilier-design-occasion.fr\\\/magazine\\\/#organization\",\"name\":\"Mobilier Design Magazine\",\"url\":\"https:\\\/\\\/www.mobilier-design-occasion.fr\\\/magazine\\\/\",\"logo\":{\"@type\":\"ImageObject\",\"inLanguage\":\"fr-FR\",\"@id\":\"https:\\\/\\\/www.mobilier-design-occasion.fr\\\/magazine\\\/#\\\/schema\\\/logo\\\/image\\\/\",\"url\":\"https:\\\/\\\/www.mobilier-design-occasion.fr\\\/magazine\\\/wp-content\\\/uploads\\\/2024\\\/02\\\/android-chrome-192x192-1.png\",\"contentUrl\":\"https:\\\/\\\/www.mobilier-design-occasion.fr\\\/magazine\\\/wp-content\\\/uploads\\\/2024\\\/02\\\/android-chrome-192x192-1.png\",\"width\":192,\"height\":192,\"caption\":\"Mobilier Design Magazine\"},\"image\":{\"@id\":\"https:\\\/\\\/www.mobilier-design-occasion.fr\\\/magazine\\\/#\\\/schema\\\/logo\\\/image\\\/\"},\"sameAs\":[\"https:\\\/\\\/www.facebook.com\\\/mobilierdesignoccasion\"]},{\"@type\":\"Person\",\"@id\":\"https:\\\/\\\/www.mobilier-design-occasion.fr\\\/magazine\\\/#\\\/schema\\\/person\\\/5b2e5627a714ddadaaf8c9b886c55eff\",\"name\":\"Cyrielle Poirot\",\"image\":{\"@type\":\"ImageObject\",\"inLanguage\":\"fr-FR\",\"@id\":\"https:\\\/\\\/secure.gravatar.com\\\/avatar\\\/c8d2674e093b06894d8d1dc468b626bd752523471f3ac6e75f7c7a1400d40b4d?s=96&d=mm&r=g\",\"url\":\"https:\\\/\\\/secure.gravatar.com\\\/avatar\\\/c8d2674e093b06894d8d1dc468b626bd752523471f3ac6e75f7c7a1400d40b4d?s=96&d=mm&r=g\",\"contentUrl\":\"https:\\\/\\\/secure.gravatar.com\\\/avatar\\\/c8d2674e093b06894d8d1dc468b626bd752523471f3ac6e75f7c7a1400d40b4d?s=96&d=mm&r=g\",\"caption\":\"Cyrielle Poirot\"},\"description\":\"Cyrielle est passionn\u00e9e par la d\u00e9coration d'int\u00e9rieur et s'est sp\u00e9cialis\u00e9e depuis quelques ann\u00e9es dans l'\u00e9dition du site Mobilier-Design, avec une touche sp\u00e9cifique pour les produits d'occasion.\",\"sameAs\":[\"https:\\\/\\\/www.mobilier-design-occasion.fr\\\/magazine\"],\"url\":\"https:\\\/\\\/www.mobilier-design-occasion.fr\\\/magazine\\\/author\\\/cyrielle\\\/\"}]}<\/script>\n<!-- \/ Yoast SEO plugin. -->","yoast_head_json":{"title":"Rideau occultant thermique : comment conserver la chaleur en hiver ? - Mobilier Design Magazine","robots":{"index":"index","follow":"follow","max-snippet":"max-snippet:-1","max-image-preview":"max-image-preview:large","max-video-preview":"max-video-preview:-1"},"canonical":"https:\/\/www.mobilier-design-occasion.fr\/magazine\/rideau-occultant-thermique-comment-conserver-la-chaleur-en-hiver\/","og_locale":"fr_FR","og_type":"article","og_title":"Rideau occultant thermique : comment conserver la chaleur en hiver ? - Mobilier Design Magazine","og_description":"Face \u00e0 la baisse des temp\u00e9ratures, de nombreux foyers cherchent \u00e0 optimiser leur confort tout en r\u00e9alisant des \u00e9conomies d\u2019\u00e9nergie. Le rideau occultant thermique s\u2019impose ainsi comme une solution accessible pour am\u00e9liorer l\u2019isolation de l\u2019habitat et limiter les d\u00e9perditions thermiques. Quels sont ses atouts r\u00e9els, comment agit-il sur la conservation de la chaleur en hiver, [&hellip;]","og_url":"https:\/\/www.mobilier-design-occasion.fr\/magazine\/rideau-occultant-thermique-comment-conserver-la-chaleur-en-hiver\/","og_site_name":"Mobilier Design Magazine","article_publisher":"https:\/\/www.facebook.com\/mobilierdesignoccasion","article_published_time":"2026-08-31T07:31:39+00:00","og_image":[{"url":"https:\/\/www.mobilier-design-occasion.fr\/magazine\/wp-content\/uploads\/2026\/08\/rideau-fonce-pour-chambre.jpg","type":"","width":"","height":""}],"author":"Cyrielle Poirot","twitter_card":"summary_large_image","twitter_misc":{"\u00c9crit par":"Cyrielle Poirot","Dur\u00e9e de lecture estim\u00e9e":"4 minutes"},"schema":{"@context":"https:\/\/schema.org","@graph":[{"@type":"Article","@id":"https:\/\/www.mobilier-design-occasion.fr\/magazine\/rideau-occultant-thermique-comment-conserver-la-chaleur-en-hiver\/#article","isPartOf":{"@id":"https:\/\/www.mobilier-design-occasion.fr\/magazine\/rideau-occultant-thermique-comment-conserver-la-chaleur-en-hiver\/"},"author":{"name":"Cyrielle Poirot","@id":"https:\/\/www.mobilier-design-occasion.fr\/magazine\/#\/schema\/person\/5b2e5627a714ddadaaf8c9b886c55eff"},"headline":"Rideau occultant thermique : comment conserver la chaleur en hiver ?","datePublished":"2026-08-31T07:31:39+00:00","mainEntityOfPage":{"@id":"https:\/\/www.mobilier-design-occasion.fr\/magazine\/rideau-occultant-thermique-comment-conserver-la-chaleur-en-hiver\/"},"wordCount":858,"commentCount":0,"publisher":{"@id":"https:\/\/www.mobilier-design-occasion.fr\/magazine\/#organization"},"image":{"@id":"https:\/\/www.mobilier-design-occasion.fr\/magazine\/rideau-occultant-thermique-comment-conserver-la-chaleur-en-hiver\/#primaryimage"},"thumbnailUrl":"https:\/\/www.mobilier-design-occasion.fr\/magazine\/wp-content\/uploads\/2026\/08\/rideau-occultant-thermique-comment-conserver-la-chaleur-en-hiver.jpg","articleSection":["Tendances"],"inLanguage":"fr-FR","potentialAction":[{"@type":"CommentAction","name":"Comment","target":["https:\/\/www.mobilier-design-occasion.fr\/magazine\/rideau-occultant-thermique-comment-conserver-la-chaleur-en-hiver\/#respond"]}]},{"@type":"WebPage","@id":"https:\/\/www.mobilier-design-occasion.fr\/magazine\/rideau-occultant-thermique-comment-conserver-la-chaleur-en-hiver\/","url":"https:\/\/www.mobilier-design-occasion.fr\/magazine\/rideau-occultant-thermique-comment-conserver-la-chaleur-en-hiver\/","name":"Rideau occultant thermique : comment conserver la chaleur en hiver ? - Mobilier Design Magazine","isPartOf":{"@id":"https:\/\/www.mobilier-design-occasion.fr\/magazine\/#website"},"primaryImageOfPage":{"@id":"https:\/\/www.mobilier-design-occasion.fr\/magazine\/rideau-occultant-thermique-comment-conserver-la-chaleur-en-hiver\/#primaryimage"},"image":{"@id":"https:\/\/www.mobilier-design-occasion.fr\/magazine\/rideau-occultant-thermique-comment-conserver-la-chaleur-en-hiver\/#primaryimage"},"thumbnailUrl":"https:\/\/www.mobilier-design-occasion.fr\/magazine\/wp-content\/uploads\/2026\/08\/rideau-occultant-thermique-comment-conserver-la-chaleur-en-hiver.jpg","datePublished":"2026-08-31T07:31:39+00:00","breadcrumb":{"@id":"https:\/\/www.mobilier-design-occasion.fr\/magazine\/rideau-occultant-thermique-comment-conserver-la-chaleur-en-hiver\/#breadcrumb"},"inLanguage":"fr-FR","potentialAction":[{"@type":"ReadAction","target":["https:\/\/www.mobilier-design-occasion.fr\/magazine\/rideau-occultant-thermique-comment-conserver-la-chaleur-en-hiver\/"]}]},{"@type":"ImageObject","inLanguage":"fr-FR","@id":"https:\/\/www.mobilier-design-occasion.fr\/magazine\/rideau-occultant-thermique-comment-conserver-la-chaleur-en-hiver\/#primaryimage","url":"https:\/\/www.mobilier-design-occasion.fr\/magazine\/wp-content\/uploads\/2026\/08\/rideau-occultant-thermique-comment-conserver-la-chaleur-en-hiver.jpg","contentUrl":"https:\/\/www.mobilier-design-occasion.fr\/magazine\/wp-content\/uploads\/2026\/08\/rideau-occultant-thermique-comment-conserver-la-chaleur-en-hiver.jpg","width":1920,"height":1080,"caption":"Rideau occultant thermique : comment conserver la chaleur en hiver ?"},{"@type":"BreadcrumbList","@id":"https:\/\/www.mobilier-design-occasion.fr\/magazine\/rideau-occultant-thermique-comment-conserver-la-chaleur-en-hiver\/#breadcrumb","itemListElement":[{"@type":"ListItem","position":1,"name":"Accueil","item":"https:\/\/www.mobilier-design-occasion.fr\/magazine\/"},{"@type":"ListItem","position":2,"name":"Rideau occultant thermique : comment conserver la chaleur en hiver ?"}]},{"@type":"WebSite","@id":"https:\/\/www.mobilier-design-occasion.fr\/magazine\/#website","url":"https:\/\/www.mobilier-design-occasion.fr\/magazine\/","name":"Mobilier Design Magazine","description":"","publisher":{"@id":"https:\/\/www.mobilier-design-occasion.fr\/magazine\/#organization"},"potentialAction":[{"@type":"SearchAction","target":{"@type":"EntryPoint","urlTemplate":"https:\/\/www.mobilier-design-occasion.fr\/magazine\/?s={search_term_string}"},"query-input":{"@type":"PropertyValueSpecification","valueRequired":true,"valueName":"search_term_string"}}],"inLanguage":"fr-FR"},{"@type":"Organization","@id":"https:\/\/www.mobilier-design-occasion.fr\/magazine\/#organization","name":"Mobilier Design Magazine","url":"https:\/\/www.mobilier-design-occasion.fr\/magazine\/","logo":{"@type":"ImageObject","inLanguage":"fr-FR","@id":"https:\/\/www.mobilier-design-occasion.fr\/magazine\/#\/schema\/logo\/image\/","url":"https:\/\/www.mobilier-design-occasion.fr\/magazine\/wp-content\/uploads\/2024\/02\/android-chrome-192x192-1.png","contentUrl":"https:\/\/www.mobilier-design-occasion.fr\/magazine\/wp-content\/uploads\/2024\/02\/android-chrome-192x192-1.png","width":192,"height":192,"caption":"Mobilier Design Magazine"},"image":{"@id":"https:\/\/www.mobilier-design-occasion.fr\/magazine\/#\/schema\/logo\/image\/"},"sameAs":["https:\/\/www.facebook.com\/mobilierdesignoccasion"]},{"@type":"Person","@id":"https:\/\/www.mobilier-design-occasion.fr\/magazine\/#\/schema\/person\/5b2e5627a714ddadaaf8c9b886c55eff","name":"Cyrielle Poirot","image":{"@type":"ImageObject","inLanguage":"fr-FR","@id":"https:\/\/secure.gravatar.com\/avatar\/c8d2674e093b06894d8d1dc468b626bd752523471f3ac6e75f7c7a1400d40b4d?s=96&d=mm&r=g","url":"https:\/\/secure.gravatar.com\/avatar\/c8d2674e093b06894d8d1dc468b626bd752523471f3ac6e75f7c7a1400d40b4d?s=96&d=mm&r=g","contentUrl":"https:\/\/secure.gravatar.com\/avatar\/c8d2674e093b06894d8d1dc468b626bd752523471f3ac6e75f7c7a1400d40b4d?s=96&d=mm&r=g","caption":"Cyrielle Poirot"},"description":"Cyrielle est passionn\u00e9e par la d\u00e9coration d'int\u00e9rieur et s'est sp\u00e9cialis\u00e9e depuis quelques ann\u00e9es dans l'\u00e9dition du site Mobilier-Design, avec une touche sp\u00e9cifique pour les produits d'occasion.","sameAs":["https:\/\/www.mobilier-design-occasion.fr\/magazine"],"url":"https:\/\/www.mobilier-design-occasion.fr\/magazine\/author\/cyrielle\/"}]}},"_links":{"self":[{"href":"https:\/\/www.mobilier-design-occasion.fr\/magazine\/wp-json\/wp\/v2\/posts\/9205","targetHints":{"allow":["GET"]}}],"collection":[{"href":"https:\/\/www.mobilier-design-occasion.fr\/magazine\/wp-json\/wp\/v2\/posts"}],"about":[{"href":"https:\/\/www.mobilier-design-occasion.fr\/magazine\/wp-json\/wp\/v2\/types\/post"}],"author":[{"embeddable":true,"href":"https:\/\/www.mobilier-design-occasion.fr\/magazine\/wp-json\/wp\/v2\/users\/1"}],"replies":[{"embeddable":true,"href":"https:\/\/www.mobilier-design-occasion.fr\/magazine\/wp-json\/wp\/v2\/comments?post=9205"}],"version-history":[{"count":1,"href":"https:\/\/www.mobilier-design-occasion.fr\/magazine\/wp-json\/wp\/v2\/posts\/9205\/revisions"}],"predecessor-version":[{"id":9207,"href":"https:\/\/www.mobilier-design-occasion.fr\/magazine\/wp-json\/wp\/v2\/posts\/9205\/revisions\/9207"}],"wp:featuredmedia":[{"embeddable":true,"href":"https:\/\/www.mobilier-design-occasion.fr\/magazine\/wp-json\/wp\/v2\/media\/9208"}],"wp:attachment":[{"href":"https:\/\/www.mobilier-design-occasion.fr\/magazine\/wp-json\/wp\/v2\/media?parent=9205"}],"wp:term":[{"taxonomy":"category","embeddable":true,"href":"https:\/\/www.mobilier-design-occasion.fr\/magazine\/wp-json\/wp\/v2\/categories?post=9205"},{"taxonomy":"post_tag","embeddable":true,"href":"https:\/\/www.mobilier-design-occasion.fr\/magazine\/wp-json\/wp\/v2\/tags?post=9205"}],"curies":[{"name":"wp","href":"https:\/\/api.w.org\/{rel}","templated":true}]}}