{"id":8936,"date":"2026-05-01T07:15:25","date_gmt":"2026-05-01T07:15:25","guid":{"rendered":"https:\/\/www.mobilier-design-occasion.fr\/magazine\/?p=8936"},"modified":"2026-05-01T07:17:41","modified_gmt":"2026-05-01T07:17:41","slug":"le-lit-mezzanine-la-durabilite-avant-tout","status":"publish","type":"post","link":"https:\/\/www.mobilier-design-occasion.fr\/magazine\/le-lit-mezzanine-la-durabilite-avant-tout\/","title":{"rendered":"Le Lit Mezzanine, la durabilit\u00e9 avant tout."},"content":{"rendered":"\n<p>Optimiser l&#8217;espace dans une chambre d&#8217;enfant ou un studio est un d\u00e9fi de taille. Le lit mezzanine s\u2019impose souvent comme la solution miracle, lib\u00e9rant une surface au sol pr\u00e9cieuse pour un bureau ou un coin d\u00e9tente. Cependant, au-del\u00e0 de l&#8217;aspect pratique, un nouvel imp\u00e9ratif guide d\u00e9sormais les parents et les consommateurs avertis : <strong>la durabilit\u00e9<\/strong>. Choisir un <a href=\"https:\/\/www.alfredetcompagnie.com\/248-lit-mezzanine.html\">lit mezzanine \u00e9co-responsable<\/a> n&#8217;est plus une option, mais une d\u00e9marche r\u00e9fl\u00e9chie pour pr\u00e9server la sant\u00e9 de nos enfants et l&#8217;avenir de la plan\u00e8te.<\/p>\n\n\n\n<hr class=\"wp-block-separator has-alpha-channel-opacity\"\/>\n\n\n\n<h3 class=\"wp-block-heading\"><span class=\"ez-toc-section\" id=\"La_force_de_la_matiere\"><\/span>La force de la mati\u00e8re<span class=\"ez-toc-section-end\"><\/span><\/h3><div id=\"ez-toc-container\" class=\"ez-toc-v2_0_82_2 counter-hierarchy ez-toc-counter ez-toc-grey ez-toc-container-direction\">\n<div class=\"ez-toc-title-container\">\n<span class=\"ez-toc-title-toggle\"><a href=\"#\" class=\"ez-toc-pull-right ez-toc-btn ez-toc-btn-xs ez-toc-btn-default ez-toc-toggle\" aria-label=\"Toggle Table of Content\"><span class=\"ez-toc-js-icon-con\"><span class=\"\"><span class=\"eztoc-hide\" style=\"display:none;\">Toggle<\/span><span class=\"ez-toc-icon-toggle-span\"><svg style=\"fill: #999;color:#999\" xmlns=\"http:\/\/www.w3.org\/2000\/svg\" class=\"list-377408\" width=\"20px\" height=\"20px\" viewBox=\"0 0 24 24\" fill=\"none\"><path d=\"M6 6H4v2h2V6zm14 0H8v2h12V6zM4 11h2v2H4v-2zm16 0H8v2h12v-2zM4 16h2v2H4v-2zm16 0H8v2h12v-2z\" fill=\"currentColor\"><\/path><\/svg><svg style=\"fill: #999;color:#999\" class=\"arrow-unsorted-368013\" xmlns=\"http:\/\/www.w3.org\/2000\/svg\" width=\"10px\" height=\"10px\" viewBox=\"0 0 24 24\" version=\"1.2\" baseProfile=\"tiny\"><path d=\"M18.2 9.3l-6.2-6.3-6.2 6.3c-.2.2-.3.4-.3.7s.1.5.3.7c.2.2.4.3.7.3h11c.3 0 .5-.1.7-.3.2-.2.3-.5.3-.7s-.1-.5-.3-.7zM5.8 14.7l6.2 6.3 6.2-6.3c.2-.2.3-.5.3-.7s-.1-.5-.3-.7c-.2-.2-.4-.3-.7-.3h-11c-.3 0-.5.1-.7.3-.2.2-.3.5-.3.7s.1.5.3.7z\"\/><\/svg><\/span><\/span><\/span><\/a><\/span><\/div>\n<nav><ul class='ez-toc-list ez-toc-list-level-1 eztoc-toggle-hide-by-default' ><li class='ez-toc-page-1 ez-toc-heading-level-3'><a class=\"ez-toc-link ez-toc-heading-1\" href=\"https:\/\/www.mobilier-design-occasion.fr\/magazine\/le-lit-mezzanine-la-durabilite-avant-tout\/#La_force_de_la_matiere\" >La force de la mati\u00e8re<\/a><\/li><li class='ez-toc-page-1 ez-toc-heading-level-3'><a class=\"ez-toc-link ez-toc-heading-2\" href=\"https:\/\/www.mobilier-design-occasion.fr\/magazine\/le-lit-mezzanine-la-durabilite-avant-tout\/#Un_sommeil_sain\" >Un sommeil sain<\/a><\/li><li class='ez-toc-page-1 ez-toc-heading-level-3'><a class=\"ez-toc-link ez-toc-heading-3\" href=\"https:\/\/www.mobilier-design-occasion.fr\/magazine\/le-lit-mezzanine-la-durabilite-avant-tout\/#Pourquoi_investir_dans_la_qualite\" >Pourquoi investir dans la qualit\u00e9?<\/a><\/li><\/ul><\/nav><\/div>\n\n\n\n\n<p>Le secret d&#8217;un lit qui traverse les ann\u00e9es r\u00e9side avant tout dans ses composants. Pour garantir une structure capable de supporter les jeux et le passage du temps, deux mat\u00e9riaux se distinguent par leur faible impact environnemental et leur solidit\u00e9 :<\/p>\n\n\n\n<ul class=\"wp-block-list\">\n<li><strong>Le Bois Massif :<\/strong> C&#8217;est le roi de la long\u00e9vit\u00e9. Qu&#8217;il s&#8217;agisse de pin, de h\u00eatre ou de ch\u00eane issu de for\u00eats g\u00e9r\u00e9es durablement (certifi\u00e9es <strong>FSC<\/strong> ou <strong>PEFC<\/strong>), le bois massif offre une stabilit\u00e9 m\u00e9canique incomparable. Contrairement aux mat\u00e9riaux bas de gamme, il peut \u00eatre ponc\u00e9, r\u00e9par\u00e9 et m\u00eame repeint au fil des ans.<\/li>\n\n\n\n<li><strong>Le MDF &#8220;G\u00e9n\u00e9ration \u00c9cologie&#8221; :<\/strong> Souvent critiqu\u00e9 par le pass\u00e9 pour ses colles charg\u00e9es de formald\u00e9hyde, le panneau de fibres de bois se r\u00e9invente. Les versions \u00e9cologiques utilisent d\u00e9sormais des r\u00e9sines d&#8217;origine v\u00e9g\u00e9tale ou des liants \u00e0 tr\u00e8s faible \u00e9mission, garantissant une robustesse similaire au bois massif tout en valorisant les sous-produits de la fili\u00e8re bois.<\/li>\n<\/ul>\n\n\n\n<hr class=\"wp-block-separator has-alpha-channel-opacity\"\/>\n\n\n\n<h3 class=\"wp-block-heading\"><span class=\"ez-toc-section\" id=\"Un_sommeil_sain\"><\/span>Un sommeil sain<span class=\"ez-toc-section-end\"><\/span><\/h3>\n\n\n\n<p>La robustesse n&#8217;est pas seulement physique, elle est aussi sanitaire. Un meuble \u00e9co-responsable doit garantir une qualit\u00e9 de l&#8217;air int\u00e9rieur irr\u00e9prochable. Saviez-vous que l&#8217;air int\u00e9rieur est parfois plus pollu\u00e9 que l&#8217;air ext\u00e9rieur \u00e0 cause des <strong>Compos\u00e9s Organiques Volatils (COV)<\/strong> ?<\/p>\n\n\n\n<p>Pour contrer ce ph\u00e9nom\u00e8ne, les fabricants engag\u00e9s privil\u00e9gient :<\/p>\n\n\n\n<ol start=\"1\" class=\"wp-block-list\">\n<li><strong>Les peintures et vernis \u00e0 base d&#8217;eau :<\/strong> Sans solvants chimiques agressifs, ils ne d\u00e9gagent pas d&#8217;odeurs persistantes et toxiques apr\u00e8s le d\u00e9ballage.<\/li>\n\n\n\n<li><strong>La r\u00e9duction des COV :<\/strong> En limitant drastiquement ces substances, on r\u00e9duit les risques d&#8217;allergies et de troubles respiratoires chez les plus jeunes. C&#8217;est un crit\u00e8re essentiel pour un meuble o\u00f9 l&#8217;enfant passe pr\u00e8s de 10 heures par nuit.<\/li>\n<\/ol>\n\n\n\n<blockquote class=\"wp-block-quote is-layout-flow wp-block-quote-is-layout-flow\">\n<p><strong>Le saviez-vous ?<\/strong> Selon les recommandations de l&#8217;<a target=\"_blank\" rel=\"noreferrer noopener\" href=\"https:\/\/www.ademe.fr\/\">ADEME<\/a>, privil\u00e9gier des meubles avec des finitions naturelles ou des labels environnementaux permet d&#8217;am\u00e9liorer significativement le bien-\u00eatre au sein de l&#8217;habitat.<\/p>\n<\/blockquote>\n\n\n\n<hr class=\"wp-block-separator has-alpha-channel-opacity\"\/>\n\n\n\n<h3 class=\"wp-block-heading\"><span class=\"ez-toc-section\" id=\"Pourquoi_investir_dans_la_qualite\"><\/span>Pourquoi investir dans la qualit\u00e9?<span class=\"ez-toc-section-end\"><\/span><\/h3>\n\n\n\n<p>Acheter un lit robuste est un acte \u00e9conomique et \u00e9cologique sur le long terme. Un lit mezzanine de qualit\u00e9 sup\u00e9rieure ne grincera pas apr\u00e8s six mois et ne montrera aucun signe de faiblesse structurelle. En \u00e9vitant le renouvellement fr\u00e9quent des meubles, vous r\u00e9duisez votre empreinte carbone et la production de d\u00e9chets.<\/p>\n\n\n\n<p>De plus, ces mod\u00e8les sont souvent con\u00e7us pour \u00eatre <strong>\u00e9volutifs<\/strong>. Un lit mezzanine bien pens\u00e9 peut parfois se transformer en lit bas classique, accompagnant l&#8217;enfant jusqu&#8217;\u00e0 l&#8217;adolescence, voire au-del\u00e0.<\/p>\n\n\n\n<hr class=\"wp-block-separator has-alpha-channel-opacity\"\/>\n\n\n\n<p>Choisir un lit mezzanine robuste, c&#8217;est faire le choix d&#8217;un mobilier qui a du sens. En privil\u00e9giant le bois massif certifi\u00e9, le MDF nouvelle g\u00e9n\u00e9ration et des finitions saines \u00e0 base d&#8217;eau, vous cr\u00e9ez un environnement s\u00fbr et durable. C&#8217;est un investissement pour la sant\u00e9 de votre enfant, mais aussi un geste concret pour une consommation plus responsable.<\/p>\n\n\n\n<p><em>Pour aller plus loin dans l&#8217;am\u00e9nagement de votre int\u00e9rieur, d\u00e9couvrez \u00e9galement nos conseils pour choisir un matelas naturel adapt\u00e9 \u00e0 la croissance des plus jeunes.<\/em><\/p>\n","protected":false},"excerpt":{"rendered":"<p>Optimiser l&#8217;espace dans une chambre d&#8217;enfant ou un studio est un d\u00e9fi de taille. Le lit mezzanine s\u2019impose souvent comme la solution miracle, lib\u00e9rant une surface au sol pr\u00e9cieuse pour un bureau ou un coin d\u00e9tente. Cependant, au-del\u00e0 de l&#8217;aspect pratique, un nouvel imp\u00e9ratif guide d\u00e9sormais les parents et les consommateurs avertis : la durabilit\u00e9. [&hellip;]<\/p>\n","protected":false},"author":2,"featured_media":8937,"comment_status":"open","ping_status":"open","sticky":false,"template":"","format":"standard","meta":{"footnotes":""},"categories":[120],"tags":[],"class_list":["post-8936","post","type-post","status-publish","format-standard","has-post-thumbnail","hentry","category-chambre"],"yoast_head":"<!-- This site is optimized with the Yoast SEO plugin v27.5 - https:\/\/yoast.com\/product\/yoast-seo-wordpress\/ -->\n<title>Le Lit Mezzanine, la durabilit\u00e9 avant tout. - Mobilier Design Magazine<\/title>\n<meta name=\"robots\" content=\"index, follow, max-snippet:-1, max-image-preview:large, max-video-preview:-1\" \/>\n<link rel=\"canonical\" href=\"https:\/\/www.mobilier-design-occasion.fr\/magazine\/le-lit-mezzanine-la-durabilite-avant-tout\/\" \/>\n<meta property=\"og:locale\" content=\"fr_FR\" \/>\n<meta property=\"og:type\" content=\"article\" \/>\n<meta property=\"og:title\" content=\"Le Lit Mezzanine, la durabilit\u00e9 avant tout. - Mobilier Design Magazine\" \/>\n<meta property=\"og:description\" content=\"Optimiser l&#8217;espace dans une chambre d&#8217;enfant ou un studio est un d\u00e9fi de taille. Le lit mezzanine s\u2019impose souvent comme la solution miracle, lib\u00e9rant une surface au sol pr\u00e9cieuse pour un bureau ou un coin d\u00e9tente. Cependant, au-del\u00e0 de l&#8217;aspect pratique, un nouvel imp\u00e9ratif guide d\u00e9sormais les parents et les consommateurs avertis : la durabilit\u00e9. [&hellip;]\" \/>\n<meta property=\"og:url\" content=\"https:\/\/www.mobilier-design-occasion.fr\/magazine\/le-lit-mezzanine-la-durabilite-avant-tout\/\" \/>\n<meta property=\"og:site_name\" content=\"Mobilier Design Magazine\" \/>\n<meta property=\"article:publisher\" content=\"https:\/\/www.facebook.com\/mobilierdesignoccasion\" \/>\n<meta property=\"article:published_time\" content=\"2026-05-01T07:15:25+00:00\" \/>\n<meta property=\"article:modified_time\" content=\"2026-05-01T07:17:41+00:00\" \/>\n<meta property=\"og:image\" content=\"https:\/\/www.mobilier-design-occasion.fr\/magazine\/wp-content\/uploads\/2026\/05\/pexels-andreaedavis-9194120-scaled.jpg\" \/>\n\t<meta property=\"og:image:width\" content=\"1363\" \/>\n\t<meta property=\"og:image:height\" content=\"2048\" \/>\n\t<meta property=\"og:image:type\" content=\"image\/jpeg\" \/>\n<meta name=\"author\" content=\"Vincent Vandegans\" \/>\n<meta name=\"twitter:card\" content=\"summary_large_image\" \/>\n<meta name=\"twitter:label1\" content=\"\u00c9crit par\" \/>\n\t<meta name=\"twitter:data1\" content=\"Vincent Vandegans\" \/>\n\t<meta name=\"twitter:label2\" content=\"Dur\u00e9e de lecture estim\u00e9e\" \/>\n\t<meta name=\"twitter:data2\" content=\"3 minutes\" \/>\n<script type=\"application\/ld+json\" class=\"yoast-schema-graph\">{\"@context\":\"https:\\\/\\\/schema.org\",\"@graph\":[{\"@type\":\"Article\",\"@id\":\"https:\\\/\\\/www.mobilier-design-occasion.fr\\\/magazine\\\/le-lit-mezzanine-la-durabilite-avant-tout\\\/#article\",\"isPartOf\":{\"@id\":\"https:\\\/\\\/www.mobilier-design-occasion.fr\\\/magazine\\\/le-lit-mezzanine-la-durabilite-avant-tout\\\/\"},\"author\":{\"name\":\"Vincent Vandegans\",\"@id\":\"https:\\\/\\\/www.mobilier-design-occasion.fr\\\/magazine\\\/#\\\/schema\\\/person\\\/af895bedc80bfb6b17730a672fddac9e\"},\"headline\":\"Le Lit Mezzanine, la durabilit\u00e9 avant tout.\",\"datePublished\":\"2026-05-01T07:15:25+00:00\",\"dateModified\":\"2026-05-01T07:17:41+00:00\",\"mainEntityOfPage\":{\"@id\":\"https:\\\/\\\/www.mobilier-design-occasion.fr\\\/magazine\\\/le-lit-mezzanine-la-durabilite-avant-tout\\\/\"},\"wordCount\":639,\"commentCount\":0,\"publisher\":{\"@id\":\"https:\\\/\\\/www.mobilier-design-occasion.fr\\\/magazine\\\/#organization\"},\"image\":{\"@id\":\"https:\\\/\\\/www.mobilier-design-occasion.fr\\\/magazine\\\/le-lit-mezzanine-la-durabilite-avant-tout\\\/#primaryimage\"},\"thumbnailUrl\":\"https:\\\/\\\/www.mobilier-design-occasion.fr\\\/magazine\\\/wp-content\\\/uploads\\\/2026\\\/05\\\/pexels-andreaedavis-9194120-scaled.jpg\",\"articleSection\":[\"Chambre\"],\"inLanguage\":\"fr-FR\",\"potentialAction\":[{\"@type\":\"CommentAction\",\"name\":\"Comment\",\"target\":[\"https:\\\/\\\/www.mobilier-design-occasion.fr\\\/magazine\\\/le-lit-mezzanine-la-durabilite-avant-tout\\\/#respond\"]}]},{\"@type\":\"WebPage\",\"@id\":\"https:\\\/\\\/www.mobilier-design-occasion.fr\\\/magazine\\\/le-lit-mezzanine-la-durabilite-avant-tout\\\/\",\"url\":\"https:\\\/\\\/www.mobilier-design-occasion.fr\\\/magazine\\\/le-lit-mezzanine-la-durabilite-avant-tout\\\/\",\"name\":\"Le Lit Mezzanine, la durabilit\u00e9 avant tout. - Mobilier Design Magazine\",\"isPartOf\":{\"@id\":\"https:\\\/\\\/www.mobilier-design-occasion.fr\\\/magazine\\\/#website\"},\"primaryImageOfPage\":{\"@id\":\"https:\\\/\\\/www.mobilier-design-occasion.fr\\\/magazine\\\/le-lit-mezzanine-la-durabilite-avant-tout\\\/#primaryimage\"},\"image\":{\"@id\":\"https:\\\/\\\/www.mobilier-design-occasion.fr\\\/magazine\\\/le-lit-mezzanine-la-durabilite-avant-tout\\\/#primaryimage\"},\"thumbnailUrl\":\"https:\\\/\\\/www.mobilier-design-occasion.fr\\\/magazine\\\/wp-content\\\/uploads\\\/2026\\\/05\\\/pexels-andreaedavis-9194120-scaled.jpg\",\"datePublished\":\"2026-05-01T07:15:25+00:00\",\"dateModified\":\"2026-05-01T07:17:41+00:00\",\"breadcrumb\":{\"@id\":\"https:\\\/\\\/www.mobilier-design-occasion.fr\\\/magazine\\\/le-lit-mezzanine-la-durabilite-avant-tout\\\/#breadcrumb\"},\"inLanguage\":\"fr-FR\",\"potentialAction\":[{\"@type\":\"ReadAction\",\"target\":[\"https:\\\/\\\/www.mobilier-design-occasion.fr\\\/magazine\\\/le-lit-mezzanine-la-durabilite-avant-tout\\\/\"]}]},{\"@type\":\"ImageObject\",\"inLanguage\":\"fr-FR\",\"@id\":\"https:\\\/\\\/www.mobilier-design-occasion.fr\\\/magazine\\\/le-lit-mezzanine-la-durabilite-avant-tout\\\/#primaryimage\",\"url\":\"https:\\\/\\\/www.mobilier-design-occasion.fr\\\/magazine\\\/wp-content\\\/uploads\\\/2026\\\/05\\\/pexels-andreaedavis-9194120-scaled.jpg\",\"contentUrl\":\"https:\\\/\\\/www.mobilier-design-occasion.fr\\\/magazine\\\/wp-content\\\/uploads\\\/2026\\\/05\\\/pexels-andreaedavis-9194120-scaled.jpg\",\"width\":1363,\"height\":2048},{\"@type\":\"BreadcrumbList\",\"@id\":\"https:\\\/\\\/www.mobilier-design-occasion.fr\\\/magazine\\\/le-lit-mezzanine-la-durabilite-avant-tout\\\/#breadcrumb\",\"itemListElement\":[{\"@type\":\"ListItem\",\"position\":1,\"name\":\"Accueil\",\"item\":\"https:\\\/\\\/www.mobilier-design-occasion.fr\\\/magazine\\\/\"},{\"@type\":\"ListItem\",\"position\":2,\"name\":\"Le Lit Mezzanine, la durabilit\u00e9 avant tout.\"}]},{\"@type\":\"WebSite\",\"@id\":\"https:\\\/\\\/www.mobilier-design-occasion.fr\\\/magazine\\\/#website\",\"url\":\"https:\\\/\\\/www.mobilier-design-occasion.fr\\\/magazine\\\/\",\"name\":\"Mobilier Design Magazine\",\"description\":\"\",\"publisher\":{\"@id\":\"https:\\\/\\\/www.mobilier-design-occasion.fr\\\/magazine\\\/#organization\"},\"potentialAction\":[{\"@type\":\"SearchAction\",\"target\":{\"@type\":\"EntryPoint\",\"urlTemplate\":\"https:\\\/\\\/www.mobilier-design-occasion.fr\\\/magazine\\\/?s={search_term_string}\"},\"query-input\":{\"@type\":\"PropertyValueSpecification\",\"valueRequired\":true,\"valueName\":\"search_term_string\"}}],\"inLanguage\":\"fr-FR\"},{\"@type\":\"Organization\",\"@id\":\"https:\\\/\\\/www.mobilier-design-occasion.fr\\\/magazine\\\/#organization\",\"name\":\"Mobilier Design Magazine\",\"url\":\"https:\\\/\\\/www.mobilier-design-occasion.fr\\\/magazine\\\/\",\"logo\":{\"@type\":\"ImageObject\",\"inLanguage\":\"fr-FR\",\"@id\":\"https:\\\/\\\/www.mobilier-design-occasion.fr\\\/magazine\\\/#\\\/schema\\\/logo\\\/image\\\/\",\"url\":\"https:\\\/\\\/www.mobilier-design-occasion.fr\\\/magazine\\\/wp-content\\\/uploads\\\/2024\\\/02\\\/android-chrome-192x192-1.png\",\"contentUrl\":\"https:\\\/\\\/www.mobilier-design-occasion.fr\\\/magazine\\\/wp-content\\\/uploads\\\/2024\\\/02\\\/android-chrome-192x192-1.png\",\"width\":192,\"height\":192,\"caption\":\"Mobilier Design Magazine\"},\"image\":{\"@id\":\"https:\\\/\\\/www.mobilier-design-occasion.fr\\\/magazine\\\/#\\\/schema\\\/logo\\\/image\\\/\"},\"sameAs\":[\"https:\\\/\\\/www.facebook.com\\\/mobilierdesignoccasion\"]},{\"@type\":\"Person\",\"@id\":\"https:\\\/\\\/www.mobilier-design-occasion.fr\\\/magazine\\\/#\\\/schema\\\/person\\\/af895bedc80bfb6b17730a672fddac9e\",\"name\":\"Vincent Vandegans\",\"image\":{\"@type\":\"ImageObject\",\"inLanguage\":\"fr-FR\",\"@id\":\"https:\\\/\\\/secure.gravatar.com\\\/avatar\\\/b984800dabdf722d5e3f03f637c8932dea77d81118467d17ad2953e3b273ec66?s=96&d=mm&r=g\",\"url\":\"https:\\\/\\\/secure.gravatar.com\\\/avatar\\\/b984800dabdf722d5e3f03f637c8932dea77d81118467d17ad2953e3b273ec66?s=96&d=mm&r=g\",\"contentUrl\":\"https:\\\/\\\/secure.gravatar.com\\\/avatar\\\/b984800dabdf722d5e3f03f637c8932dea77d81118467d17ad2953e3b273ec66?s=96&d=mm&r=g\",\"caption\":\"Vincent Vandegans\"},\"description\":\"Vincent est passionn\u00e9 par les produits d'occasion, il a ouvert le site MDO avec Cyrielle pour aider les gens \u00e0 trouver du mobilier d'occasion, vintage ou usag\u00e9. Depuis, ils ont \u00e9tendu leurs activit\u00e9s et conseillent tout le monde sur le mobilier d'int\u00e9rieur et d'ext\u00e9rieur au quotidien \u00e0 travers le magazine MDO.\",\"url\":\"https:\\\/\\\/www.mobilier-design-occasion.fr\\\/magazine\\\/author\\\/vincent\\\/\"}]}<\/script>\n<!-- \/ Yoast SEO plugin. -->","yoast_head_json":{"title":"Le Lit Mezzanine, la durabilit\u00e9 avant tout. - Mobilier Design Magazine","robots":{"index":"index","follow":"follow","max-snippet":"max-snippet:-1","max-image-preview":"max-image-preview:large","max-video-preview":"max-video-preview:-1"},"canonical":"https:\/\/www.mobilier-design-occasion.fr\/magazine\/le-lit-mezzanine-la-durabilite-avant-tout\/","og_locale":"fr_FR","og_type":"article","og_title":"Le Lit Mezzanine, la durabilit\u00e9 avant tout. - Mobilier Design Magazine","og_description":"Optimiser l&#8217;espace dans une chambre d&#8217;enfant ou un studio est un d\u00e9fi de taille. Le lit mezzanine s\u2019impose souvent comme la solution miracle, lib\u00e9rant une surface au sol pr\u00e9cieuse pour un bureau ou un coin d\u00e9tente. Cependant, au-del\u00e0 de l&#8217;aspect pratique, un nouvel imp\u00e9ratif guide d\u00e9sormais les parents et les consommateurs avertis : la durabilit\u00e9. [&hellip;]","og_url":"https:\/\/www.mobilier-design-occasion.fr\/magazine\/le-lit-mezzanine-la-durabilite-avant-tout\/","og_site_name":"Mobilier Design Magazine","article_publisher":"https:\/\/www.facebook.com\/mobilierdesignoccasion","article_published_time":"2026-05-01T07:15:25+00:00","article_modified_time":"2026-05-01T07:17:41+00:00","og_image":[{"width":1363,"height":2048,"url":"https:\/\/www.mobilier-design-occasion.fr\/magazine\/wp-content\/uploads\/2026\/05\/pexels-andreaedavis-9194120-scaled.jpg","type":"image\/jpeg"}],"author":"Vincent Vandegans","twitter_card":"summary_large_image","twitter_misc":{"\u00c9crit par":"Vincent Vandegans","Dur\u00e9e de lecture estim\u00e9e":"3 minutes"},"schema":{"@context":"https:\/\/schema.org","@graph":[{"@type":"Article","@id":"https:\/\/www.mobilier-design-occasion.fr\/magazine\/le-lit-mezzanine-la-durabilite-avant-tout\/#article","isPartOf":{"@id":"https:\/\/www.mobilier-design-occasion.fr\/magazine\/le-lit-mezzanine-la-durabilite-avant-tout\/"},"author":{"name":"Vincent Vandegans","@id":"https:\/\/www.mobilier-design-occasion.fr\/magazine\/#\/schema\/person\/af895bedc80bfb6b17730a672fddac9e"},"headline":"Le Lit Mezzanine, la durabilit\u00e9 avant tout.","datePublished":"2026-05-01T07:15:25+00:00","dateModified":"2026-05-01T07:17:41+00:00","mainEntityOfPage":{"@id":"https:\/\/www.mobilier-design-occasion.fr\/magazine\/le-lit-mezzanine-la-durabilite-avant-tout\/"},"wordCount":639,"commentCount":0,"publisher":{"@id":"https:\/\/www.mobilier-design-occasion.fr\/magazine\/#organization"},"image":{"@id":"https:\/\/www.mobilier-design-occasion.fr\/magazine\/le-lit-mezzanine-la-durabilite-avant-tout\/#primaryimage"},"thumbnailUrl":"https:\/\/www.mobilier-design-occasion.fr\/magazine\/wp-content\/uploads\/2026\/05\/pexels-andreaedavis-9194120-scaled.jpg","articleSection":["Chambre"],"inLanguage":"fr-FR","potentialAction":[{"@type":"CommentAction","name":"Comment","target":["https:\/\/www.mobilier-design-occasion.fr\/magazine\/le-lit-mezzanine-la-durabilite-avant-tout\/#respond"]}]},{"@type":"WebPage","@id":"https:\/\/www.mobilier-design-occasion.fr\/magazine\/le-lit-mezzanine-la-durabilite-avant-tout\/","url":"https:\/\/www.mobilier-design-occasion.fr\/magazine\/le-lit-mezzanine-la-durabilite-avant-tout\/","name":"Le Lit Mezzanine, la durabilit\u00e9 avant tout. - Mobilier Design Magazine","isPartOf":{"@id":"https:\/\/www.mobilier-design-occasion.fr\/magazine\/#website"},"primaryImageOfPage":{"@id":"https:\/\/www.mobilier-design-occasion.fr\/magazine\/le-lit-mezzanine-la-durabilite-avant-tout\/#primaryimage"},"image":{"@id":"https:\/\/www.mobilier-design-occasion.fr\/magazine\/le-lit-mezzanine-la-durabilite-avant-tout\/#primaryimage"},"thumbnailUrl":"https:\/\/www.mobilier-design-occasion.fr\/magazine\/wp-content\/uploads\/2026\/05\/pexels-andreaedavis-9194120-scaled.jpg","datePublished":"2026-05-01T07:15:25+00:00","dateModified":"2026-05-01T07:17:41+00:00","breadcrumb":{"@id":"https:\/\/www.mobilier-design-occasion.fr\/magazine\/le-lit-mezzanine-la-durabilite-avant-tout\/#breadcrumb"},"inLanguage":"fr-FR","potentialAction":[{"@type":"ReadAction","target":["https:\/\/www.mobilier-design-occasion.fr\/magazine\/le-lit-mezzanine-la-durabilite-avant-tout\/"]}]},{"@type":"ImageObject","inLanguage":"fr-FR","@id":"https:\/\/www.mobilier-design-occasion.fr\/magazine\/le-lit-mezzanine-la-durabilite-avant-tout\/#primaryimage","url":"https:\/\/www.mobilier-design-occasion.fr\/magazine\/wp-content\/uploads\/2026\/05\/pexels-andreaedavis-9194120-scaled.jpg","contentUrl":"https:\/\/www.mobilier-design-occasion.fr\/magazine\/wp-content\/uploads\/2026\/05\/pexels-andreaedavis-9194120-scaled.jpg","width":1363,"height":2048},{"@type":"BreadcrumbList","@id":"https:\/\/www.mobilier-design-occasion.fr\/magazine\/le-lit-mezzanine-la-durabilite-avant-tout\/#breadcrumb","itemListElement":[{"@type":"ListItem","position":1,"name":"Accueil","item":"https:\/\/www.mobilier-design-occasion.fr\/magazine\/"},{"@type":"ListItem","position":2,"name":"Le Lit Mezzanine, la durabilit\u00e9 avant tout."}]},{"@type":"WebSite","@id":"https:\/\/www.mobilier-design-occasion.fr\/magazine\/#website","url":"https:\/\/www.mobilier-design-occasion.fr\/magazine\/","name":"Mobilier Design Magazine","description":"","publisher":{"@id":"https:\/\/www.mobilier-design-occasion.fr\/magazine\/#organization"},"potentialAction":[{"@type":"SearchAction","target":{"@type":"EntryPoint","urlTemplate":"https:\/\/www.mobilier-design-occasion.fr\/magazine\/?s={search_term_string}"},"query-input":{"@type":"PropertyValueSpecification","valueRequired":true,"valueName":"search_term_string"}}],"inLanguage":"fr-FR"},{"@type":"Organization","@id":"https:\/\/www.mobilier-design-occasion.fr\/magazine\/#organization","name":"Mobilier Design Magazine","url":"https:\/\/www.mobilier-design-occasion.fr\/magazine\/","logo":{"@type":"ImageObject","inLanguage":"fr-FR","@id":"https:\/\/www.mobilier-design-occasion.fr\/magazine\/#\/schema\/logo\/image\/","url":"https:\/\/www.mobilier-design-occasion.fr\/magazine\/wp-content\/uploads\/2024\/02\/android-chrome-192x192-1.png","contentUrl":"https:\/\/www.mobilier-design-occasion.fr\/magazine\/wp-content\/uploads\/2024\/02\/android-chrome-192x192-1.png","width":192,"height":192,"caption":"Mobilier Design Magazine"},"image":{"@id":"https:\/\/www.mobilier-design-occasion.fr\/magazine\/#\/schema\/logo\/image\/"},"sameAs":["https:\/\/www.facebook.com\/mobilierdesignoccasion"]},{"@type":"Person","@id":"https:\/\/www.mobilier-design-occasion.fr\/magazine\/#\/schema\/person\/af895bedc80bfb6b17730a672fddac9e","name":"Vincent Vandegans","image":{"@type":"ImageObject","inLanguage":"fr-FR","@id":"https:\/\/secure.gravatar.com\/avatar\/b984800dabdf722d5e3f03f637c8932dea77d81118467d17ad2953e3b273ec66?s=96&d=mm&r=g","url":"https:\/\/secure.gravatar.com\/avatar\/b984800dabdf722d5e3f03f637c8932dea77d81118467d17ad2953e3b273ec66?s=96&d=mm&r=g","contentUrl":"https:\/\/secure.gravatar.com\/avatar\/b984800dabdf722d5e3f03f637c8932dea77d81118467d17ad2953e3b273ec66?s=96&d=mm&r=g","caption":"Vincent Vandegans"},"description":"Vincent est passionn\u00e9 par les produits d'occasion, il a ouvert le site MDO avec Cyrielle pour aider les gens \u00e0 trouver du mobilier d'occasion, vintage ou usag\u00e9. Depuis, ils ont \u00e9tendu leurs activit\u00e9s et conseillent tout le monde sur le mobilier d'int\u00e9rieur et d'ext\u00e9rieur au quotidien \u00e0 travers le magazine MDO.","url":"https:\/\/www.mobilier-design-occasion.fr\/magazine\/author\/vincent\/"}]}},"_links":{"self":[{"href":"https:\/\/www.mobilier-design-occasion.fr\/magazine\/wp-json\/wp\/v2\/posts\/8936","targetHints":{"allow":["GET"]}}],"collection":[{"href":"https:\/\/www.mobilier-design-occasion.fr\/magazine\/wp-json\/wp\/v2\/posts"}],"about":[{"href":"https:\/\/www.mobilier-design-occasion.fr\/magazine\/wp-json\/wp\/v2\/types\/post"}],"author":[{"embeddable":true,"href":"https:\/\/www.mobilier-design-occasion.fr\/magazine\/wp-json\/wp\/v2\/users\/2"}],"replies":[{"embeddable":true,"href":"https:\/\/www.mobilier-design-occasion.fr\/magazine\/wp-json\/wp\/v2\/comments?post=8936"}],"version-history":[{"count":2,"href":"https:\/\/www.mobilier-design-occasion.fr\/magazine\/wp-json\/wp\/v2\/posts\/8936\/revisions"}],"predecessor-version":[{"id":8939,"href":"https:\/\/www.mobilier-design-occasion.fr\/magazine\/wp-json\/wp\/v2\/posts\/8936\/revisions\/8939"}],"wp:featuredmedia":[{"embeddable":true,"href":"https:\/\/www.mobilier-design-occasion.fr\/magazine\/wp-json\/wp\/v2\/media\/8937"}],"wp:attachment":[{"href":"https:\/\/www.mobilier-design-occasion.fr\/magazine\/wp-json\/wp\/v2\/media?parent=8936"}],"wp:term":[{"taxonomy":"category","embeddable":true,"href":"https:\/\/www.mobilier-design-occasion.fr\/magazine\/wp-json\/wp\/v2\/categories?post=8936"},{"taxonomy":"post_tag","embeddable":true,"href":"https:\/\/www.mobilier-design-occasion.fr\/magazine\/wp-json\/wp\/v2\/tags?post=8936"}],"curies":[{"name":"wp","href":"https:\/\/api.w.org\/{rel}","templated":true}]}}