{"id":8932,"date":"2026-04-30T08:05:41","date_gmt":"2026-04-30T08:05:41","guid":{"rendered":"https:\/\/www.mobilier-design-occasion.fr\/magazine\/amenager-sa-terrasse-avec-style-les-equipements-qui-font-vraiment-la-difference-en-ete\/"},"modified":"2026-04-30T08:05:41","modified_gmt":"2026-04-30T08:05:41","slug":"amenager-sa-terrasse-avec-style-les-equipements-qui-font-vraiment-la-difference-en-ete","status":"publish","type":"post","link":"https:\/\/www.mobilier-design-occasion.fr\/magazine\/amenager-sa-terrasse-avec-style-les-equipements-qui-font-vraiment-la-difference-en-ete\/","title":{"rendered":"Am\u00e9nager sa terrasse avec style : les \u00e9quipements qui font vraiment la diff\u00e9rence en \u00e9t\u00e9"},"content":{"rendered":"<div>\n<p>Une terrasse bien pens\u00e9e, c&#8217;est une pi\u00e8ce de vie suppl\u00e9mentaire. En \u00e9t\u00e9, elle devient l&#8217;endroit o\u00f9 l&#8217;on passe le plus de temps. Encore faut-il qu&#8217;elle soit agr\u00e9able, fra\u00eeche et esth\u00e9tique. Voici les \u00e9quipements qui font vraiment la diff\u00e9rence.<\/p>\n<h2><span class=\"ez-toc-section\" id=\"Quels_sont_les_equipements_pour_rester_au_frais\"><\/span>Quels sont les \u00e9quipements pour rester au frais\u00a0?<span class=\"ez-toc-section-end\"><\/span><\/h2><div id=\"ez-toc-container\" class=\"ez-toc-v2_0_82_2 counter-hierarchy ez-toc-counter ez-toc-grey ez-toc-container-direction\">\n<div class=\"ez-toc-title-container\">\n<span class=\"ez-toc-title-toggle\"><a href=\"#\" class=\"ez-toc-pull-right ez-toc-btn ez-toc-btn-xs ez-toc-btn-default ez-toc-toggle\" aria-label=\"Toggle Table of Content\"><span class=\"ez-toc-js-icon-con\"><span class=\"\"><span class=\"eztoc-hide\" style=\"display:none;\">Toggle<\/span><span class=\"ez-toc-icon-toggle-span\"><svg style=\"fill: #999;color:#999\" xmlns=\"http:\/\/www.w3.org\/2000\/svg\" class=\"list-377408\" width=\"20px\" height=\"20px\" viewBox=\"0 0 24 24\" fill=\"none\"><path d=\"M6 6H4v2h2V6zm14 0H8v2h12V6zM4 11h2v2H4v-2zm16 0H8v2h12v-2zM4 16h2v2H4v-2zm16 0H8v2h12v-2z\" fill=\"currentColor\"><\/path><\/svg><svg style=\"fill: #999;color:#999\" class=\"arrow-unsorted-368013\" xmlns=\"http:\/\/www.w3.org\/2000\/svg\" width=\"10px\" height=\"10px\" viewBox=\"0 0 24 24\" version=\"1.2\" baseProfile=\"tiny\"><path d=\"M18.2 9.3l-6.2-6.3-6.2 6.3c-.2.2-.3.4-.3.7s.1.5.3.7c.2.2.4.3.7.3h11c.3 0 .5-.1.7-.3.2-.2.3-.5.3-.7s-.1-.5-.3-.7zM5.8 14.7l6.2 6.3 6.2-6.3c.2-.2.3-.5.3-.7s-.1-.5-.3-.7c-.2-.2-.4-.3-.7-.3h-11c-.3 0-.5.1-.7.3-.2.2-.3.5-.3.7s.1.5.3.7z\"\/><\/svg><\/span><\/span><\/span><\/a><\/span><\/div>\n<nav><ul class='ez-toc-list ez-toc-list-level-1 eztoc-toggle-hide-by-default' ><li class='ez-toc-page-1 ez-toc-heading-level-2'><a class=\"ez-toc-link ez-toc-heading-1\" href=\"https:\/\/www.mobilier-design-occasion.fr\/magazine\/amenager-sa-terrasse-avec-style-les-equipements-qui-font-vraiment-la-difference-en-ete\/#Quels_sont_les_equipements_pour_rester_au_frais\" >Quels sont les \u00e9quipements pour rester au frais\u00a0?<\/a><\/li><li class='ez-toc-page-1 ez-toc-heading-level-2'><a class=\"ez-toc-link ez-toc-heading-2\" href=\"https:\/\/www.mobilier-design-occasion.fr\/magazine\/amenager-sa-terrasse-avec-style-les-equipements-qui-font-vraiment-la-difference-en-ete\/#Comment_miser_sur_la_qualite_et_la_durabilite\" >Comment miser sur la qualit\u00e9 et la durabilit\u00e9\u00a0?<\/a><\/li><li class='ez-toc-page-1 ez-toc-heading-level-2'><a class=\"ez-toc-link ez-toc-heading-3\" href=\"https:\/\/www.mobilier-design-occasion.fr\/magazine\/amenager-sa-terrasse-avec-style-les-equipements-qui-font-vraiment-la-difference-en-ete\/#Comment_creer_une_vraie_ambiance_avec_leclairage_et_les_accessoires\" >Comment cr\u00e9er une vraie ambiance avec l&#8217;\u00e9clairage et les accessoires\u00a0?<\/a><\/li><\/ul><\/nav><\/div>\n\n<p>La chaleur est souvent le premier frein \u00e0 l&#8217;utilisation de la terrasse en plein \u00e9t\u00e9. <strong>Un <\/strong><a href=\"https:\/\/qui.beetrootserver.click\/?original-host=le-specialiste-brumisation.com\"><strong>brumisateur<\/strong><\/a><strong> bien choisi permet de faire baisser la temp\u00e9rature ressentie de plusieurs degr\u00e9s<\/strong>. Surtout sans encombrer l&#8217;espace ni nuire \u00e0 l&#8217;esth\u00e9tique de l&#8217;ensemble. <\/p>\n<p>Les mod\u00e8les sur pied ou muraux s&#8217;int\u00e8grent facilement \u00e0 n&#8217;importe quelle configuration. Associez-le \u00e0 une pergola ou un store pour cr\u00e9er une zone d&#8217;ombre efficace. <strong>La combinaison ombre et fra\u00eecheur transforme une terrasse expos\u00e9e en espace habitable m\u00eame par chaleur intense.<\/p>\n<p><img decoding=\"async\" class=\"aligncenter\" src=\"https:\/\/www.mobilier-design-occasion.fr\/magazine\/wp-content\/uploads\/2026\/04\/1b6eb87ad8a64c038117f206da1d5d9f.jpeg\" width=\"700\"><br \/><\/strong><\/p>\n<h2><span class=\"ez-toc-section\" id=\"Comment_miser_sur_la_qualite_et_la_durabilite\"><\/span>Comment miser sur la qualit\u00e9 et la durabilit\u00e9\u00a0?<span class=\"ez-toc-section-end\"><\/span><\/h2>\n<p>Le choix du mobilier conditionne \u00e0 la fois le confort et l&#8217;esth\u00e9tique de votre terrasse. Privil\u00e9giez des mat\u00e9riaux r\u00e9sistants aux intemp\u00e9ries. Par exemple le teck vieillit bien et supporte l&#8217;humidit\u00e9, l&#8217;aluminium est l\u00e9ger et ne rouille pas. La r\u00e9sine tress\u00e9e offre un rendu \u00e9l\u00e9gant avec peu d&#8217;entretien. <\/p>\n<p>Si vous souhaitez acc\u00e9der \u00e0 du mobilier de cr\u00e9ateur sans payer le prix du neuf, <strong>le march\u00e9 de l&#8217;occasion est une excellente alternative<\/strong>. Des pi\u00e8ces de vastes maisons comme Roche Bobois ou Ligne Roset se trouvent \u00e0 prix r\u00e9duit, avec un cachet que le mobilier de grande surface ne peut pas offrir.<\/p>\n<h2><span class=\"ez-toc-section\" id=\"Comment_creer_une_vraie_ambiance_avec_leclairage_et_les_accessoires\"><\/span>Comment cr\u00e9er une vraie ambiance avec l&#8217;\u00e9clairage et les accessoires\u00a0?<span class=\"ez-toc-section-end\"><\/span><\/h2>\n<p>C&#8217;est souvent ce qui transmet une terrasse du fonctionnel \u00e0 l&#8217;agr\u00e9able. Des guirlandes lumineuses, quelques lanternes pos\u00e9es au sol changent l&#8217;atmosph\u00e8re en soir\u00e9e. <\/p>\n<p>Choisissez des coussins et textiles labellis\u00e9s outdoor, trait\u00e9s contre les UV et l&#8217;humidit\u00e9. Ils conservent leurs couleurs bien plus longtemps que des coussins classiques expos\u00e9s au soleil.<\/p>\n<\/div>\n","protected":false},"excerpt":{"rendered":"<p>Une terrasse bien pens\u00e9e, c&#8217;est une pi\u00e8ce de vie suppl\u00e9mentaire. En \u00e9t\u00e9, elle devient l&#8217;endroit o\u00f9 l&#8217;on passe le plus de temps. Encore faut-il qu&#8217;elle soit agr\u00e9able, fra\u00eeche et esth\u00e9tique. Voici les \u00e9quipements qui font vraiment la diff\u00e9rence. Quels sont les \u00e9quipements pour rester au frais\u00a0? La chaleur est souvent le premier frein \u00e0 l&#8217;utilisation [&hellip;]<\/p>\n","protected":false},"author":2,"featured_media":8935,"comment_status":"open","ping_status":"open","sticky":false,"template":"","format":"standard","meta":{"footnotes":""},"categories":[124],"tags":[],"class_list":["post-8932","post","type-post","status-publish","format-standard","has-post-thumbnail","hentry","category-exterieur"],"yoast_head":"<!-- This site is optimized with the Yoast SEO plugin v27.5 - https:\/\/yoast.com\/product\/yoast-seo-wordpress\/ -->\n<title>Am\u00e9nager sa terrasse avec style : les meilleurs \u00e9quipements !<\/title>\n<meta name=\"description\" content=\"Vous am\u00e9nagez votre terrasse pour l&#039;\u00e9t\u00e9 ? Mobilier design : d\u00e9couvrez les essentiels pour transformer votre espace ext\u00e9rieur en v\u00e9ritable lieu de vie.\" \/>\n<meta name=\"robots\" content=\"index, follow, max-snippet:-1, max-image-preview:large, max-video-preview:-1\" \/>\n<link rel=\"canonical\" href=\"https:\/\/www.mobilier-design-occasion.fr\/magazine\/amenager-sa-terrasse-avec-style-les-equipements-qui-font-vraiment-la-difference-en-ete\/\" \/>\n<meta property=\"og:locale\" content=\"fr_FR\" \/>\n<meta property=\"og:type\" content=\"article\" \/>\n<meta property=\"og:title\" content=\"Am\u00e9nager sa terrasse avec style : les meilleurs \u00e9quipements !\" \/>\n<meta property=\"og:description\" content=\"Vous am\u00e9nagez votre terrasse pour l&#039;\u00e9t\u00e9 ? Mobilier design : d\u00e9couvrez les essentiels pour transformer votre espace ext\u00e9rieur en v\u00e9ritable lieu de vie.\" \/>\n<meta property=\"og:url\" content=\"https:\/\/www.mobilier-design-occasion.fr\/magazine\/amenager-sa-terrasse-avec-style-les-equipements-qui-font-vraiment-la-difference-en-ete\/\" \/>\n<meta property=\"og:site_name\" content=\"Mobilier Design Magazine\" \/>\n<meta property=\"article:publisher\" content=\"https:\/\/www.facebook.com\/mobilierdesignoccasion\" \/>\n<meta property=\"article:published_time\" content=\"2026-04-30T08:05:41+00:00\" \/>\n<meta property=\"og:image\" content=\"https:\/\/www.mobilier-design-occasion.fr\/magazine\/wp-content\/uploads\/2026\/04\/c102188ccfc556f35d2f3cfde6bdf5f0.jpeg\" \/>\n\t<meta property=\"og:image:width\" content=\"848\" \/>\n\t<meta property=\"og:image:height\" content=\"565\" \/>\n\t<meta property=\"og:image:type\" content=\"image\/jpeg\" \/>\n<meta name=\"author\" content=\"Vincent Vandegans\" \/>\n<meta name=\"twitter:card\" content=\"summary_large_image\" \/>\n<meta name=\"twitter:label1\" content=\"\u00c9crit par\" \/>\n\t<meta name=\"twitter:data1\" content=\"Vincent Vandegans\" \/>\n\t<meta name=\"twitter:label2\" content=\"Dur\u00e9e de lecture estim\u00e9e\" \/>\n\t<meta name=\"twitter:data2\" content=\"2 minutes\" \/>\n<script type=\"application\/ld+json\" class=\"yoast-schema-graph\">{\"@context\":\"https:\\\/\\\/schema.org\",\"@graph\":[{\"@type\":\"Article\",\"@id\":\"https:\\\/\\\/www.mobilier-design-occasion.fr\\\/magazine\\\/amenager-sa-terrasse-avec-style-les-equipements-qui-font-vraiment-la-difference-en-ete\\\/#article\",\"isPartOf\":{\"@id\":\"https:\\\/\\\/www.mobilier-design-occasion.fr\\\/magazine\\\/amenager-sa-terrasse-avec-style-les-equipements-qui-font-vraiment-la-difference-en-ete\\\/\"},\"author\":{\"name\":\"Vincent Vandegans\",\"@id\":\"https:\\\/\\\/www.mobilier-design-occasion.fr\\\/magazine\\\/#\\\/schema\\\/person\\\/af895bedc80bfb6b17730a672fddac9e\"},\"headline\":\"Am\u00e9nager sa terrasse avec style : les \u00e9quipements qui font vraiment la diff\u00e9rence en \u00e9t\u00e9\",\"datePublished\":\"2026-04-30T08:05:41+00:00\",\"mainEntityOfPage\":{\"@id\":\"https:\\\/\\\/www.mobilier-design-occasion.fr\\\/magazine\\\/amenager-sa-terrasse-avec-style-les-equipements-qui-font-vraiment-la-difference-en-ete\\\/\"},\"wordCount\":359,\"commentCount\":0,\"publisher\":{\"@id\":\"https:\\\/\\\/www.mobilier-design-occasion.fr\\\/magazine\\\/#organization\"},\"image\":{\"@id\":\"https:\\\/\\\/www.mobilier-design-occasion.fr\\\/magazine\\\/amenager-sa-terrasse-avec-style-les-equipements-qui-font-vraiment-la-difference-en-ete\\\/#primaryimage\"},\"thumbnailUrl\":\"https:\\\/\\\/www.mobilier-design-occasion.fr\\\/magazine\\\/wp-content\\\/uploads\\\/2026\\\/04\\\/c102188ccfc556f35d2f3cfde6bdf5f0.jpeg\",\"articleSection\":[\"Ext\u00e9rieur\"],\"inLanguage\":\"fr-FR\",\"potentialAction\":[{\"@type\":\"CommentAction\",\"name\":\"Comment\",\"target\":[\"https:\\\/\\\/www.mobilier-design-occasion.fr\\\/magazine\\\/amenager-sa-terrasse-avec-style-les-equipements-qui-font-vraiment-la-difference-en-ete\\\/#respond\"]}]},{\"@type\":\"WebPage\",\"@id\":\"https:\\\/\\\/www.mobilier-design-occasion.fr\\\/magazine\\\/amenager-sa-terrasse-avec-style-les-equipements-qui-font-vraiment-la-difference-en-ete\\\/\",\"url\":\"https:\\\/\\\/www.mobilier-design-occasion.fr\\\/magazine\\\/amenager-sa-terrasse-avec-style-les-equipements-qui-font-vraiment-la-difference-en-ete\\\/\",\"name\":\"Am\u00e9nager sa terrasse avec style : les meilleurs \u00e9quipements !\",\"isPartOf\":{\"@id\":\"https:\\\/\\\/www.mobilier-design-occasion.fr\\\/magazine\\\/#website\"},\"primaryImageOfPage\":{\"@id\":\"https:\\\/\\\/www.mobilier-design-occasion.fr\\\/magazine\\\/amenager-sa-terrasse-avec-style-les-equipements-qui-font-vraiment-la-difference-en-ete\\\/#primaryimage\"},\"image\":{\"@id\":\"https:\\\/\\\/www.mobilier-design-occasion.fr\\\/magazine\\\/amenager-sa-terrasse-avec-style-les-equipements-qui-font-vraiment-la-difference-en-ete\\\/#primaryimage\"},\"thumbnailUrl\":\"https:\\\/\\\/www.mobilier-design-occasion.fr\\\/magazine\\\/wp-content\\\/uploads\\\/2026\\\/04\\\/c102188ccfc556f35d2f3cfde6bdf5f0.jpeg\",\"datePublished\":\"2026-04-30T08:05:41+00:00\",\"description\":\"Vous am\u00e9nagez votre terrasse pour l'\u00e9t\u00e9 ? Mobilier design : d\u00e9couvrez les essentiels pour transformer votre espace ext\u00e9rieur en v\u00e9ritable lieu de vie.\",\"breadcrumb\":{\"@id\":\"https:\\\/\\\/www.mobilier-design-occasion.fr\\\/magazine\\\/amenager-sa-terrasse-avec-style-les-equipements-qui-font-vraiment-la-difference-en-ete\\\/#breadcrumb\"},\"inLanguage\":\"fr-FR\",\"potentialAction\":[{\"@type\":\"ReadAction\",\"target\":[\"https:\\\/\\\/www.mobilier-design-occasion.fr\\\/magazine\\\/amenager-sa-terrasse-avec-style-les-equipements-qui-font-vraiment-la-difference-en-ete\\\/\"]}]},{\"@type\":\"ImageObject\",\"inLanguage\":\"fr-FR\",\"@id\":\"https:\\\/\\\/www.mobilier-design-occasion.fr\\\/magazine\\\/amenager-sa-terrasse-avec-style-les-equipements-qui-font-vraiment-la-difference-en-ete\\\/#primaryimage\",\"url\":\"https:\\\/\\\/www.mobilier-design-occasion.fr\\\/magazine\\\/wp-content\\\/uploads\\\/2026\\\/04\\\/c102188ccfc556f35d2f3cfde6bdf5f0.jpeg\",\"contentUrl\":\"https:\\\/\\\/www.mobilier-design-occasion.fr\\\/magazine\\\/wp-content\\\/uploads\\\/2026\\\/04\\\/c102188ccfc556f35d2f3cfde6bdf5f0.jpeg\",\"width\":848,\"height\":565},{\"@type\":\"BreadcrumbList\",\"@id\":\"https:\\\/\\\/www.mobilier-design-occasion.fr\\\/magazine\\\/amenager-sa-terrasse-avec-style-les-equipements-qui-font-vraiment-la-difference-en-ete\\\/#breadcrumb\",\"itemListElement\":[{\"@type\":\"ListItem\",\"position\":1,\"name\":\"Accueil\",\"item\":\"https:\\\/\\\/www.mobilier-design-occasion.fr\\\/magazine\\\/\"},{\"@type\":\"ListItem\",\"position\":2,\"name\":\"Am\u00e9nager sa terrasse avec style : les \u00e9quipements qui font vraiment la diff\u00e9rence en \u00e9t\u00e9\"}]},{\"@type\":\"WebSite\",\"@id\":\"https:\\\/\\\/www.mobilier-design-occasion.fr\\\/magazine\\\/#website\",\"url\":\"https:\\\/\\\/www.mobilier-design-occasion.fr\\\/magazine\\\/\",\"name\":\"Mobilier Design Magazine\",\"description\":\"\",\"publisher\":{\"@id\":\"https:\\\/\\\/www.mobilier-design-occasion.fr\\\/magazine\\\/#organization\"},\"potentialAction\":[{\"@type\":\"SearchAction\",\"target\":{\"@type\":\"EntryPoint\",\"urlTemplate\":\"https:\\\/\\\/www.mobilier-design-occasion.fr\\\/magazine\\\/?s={search_term_string}\"},\"query-input\":{\"@type\":\"PropertyValueSpecification\",\"valueRequired\":true,\"valueName\":\"search_term_string\"}}],\"inLanguage\":\"fr-FR\"},{\"@type\":\"Organization\",\"@id\":\"https:\\\/\\\/www.mobilier-design-occasion.fr\\\/magazine\\\/#organization\",\"name\":\"Mobilier Design Magazine\",\"url\":\"https:\\\/\\\/www.mobilier-design-occasion.fr\\\/magazine\\\/\",\"logo\":{\"@type\":\"ImageObject\",\"inLanguage\":\"fr-FR\",\"@id\":\"https:\\\/\\\/www.mobilier-design-occasion.fr\\\/magazine\\\/#\\\/schema\\\/logo\\\/image\\\/\",\"url\":\"https:\\\/\\\/www.mobilier-design-occasion.fr\\\/magazine\\\/wp-content\\\/uploads\\\/2024\\\/02\\\/android-chrome-192x192-1.png\",\"contentUrl\":\"https:\\\/\\\/www.mobilier-design-occasion.fr\\\/magazine\\\/wp-content\\\/uploads\\\/2024\\\/02\\\/android-chrome-192x192-1.png\",\"width\":192,\"height\":192,\"caption\":\"Mobilier Design Magazine\"},\"image\":{\"@id\":\"https:\\\/\\\/www.mobilier-design-occasion.fr\\\/magazine\\\/#\\\/schema\\\/logo\\\/image\\\/\"},\"sameAs\":[\"https:\\\/\\\/www.facebook.com\\\/mobilierdesignoccasion\"]},{\"@type\":\"Person\",\"@id\":\"https:\\\/\\\/www.mobilier-design-occasion.fr\\\/magazine\\\/#\\\/schema\\\/person\\\/af895bedc80bfb6b17730a672fddac9e\",\"name\":\"Vincent Vandegans\",\"image\":{\"@type\":\"ImageObject\",\"inLanguage\":\"fr-FR\",\"@id\":\"https:\\\/\\\/secure.gravatar.com\\\/avatar\\\/b984800dabdf722d5e3f03f637c8932dea77d81118467d17ad2953e3b273ec66?s=96&d=mm&r=g\",\"url\":\"https:\\\/\\\/secure.gravatar.com\\\/avatar\\\/b984800dabdf722d5e3f03f637c8932dea77d81118467d17ad2953e3b273ec66?s=96&d=mm&r=g\",\"contentUrl\":\"https:\\\/\\\/secure.gravatar.com\\\/avatar\\\/b984800dabdf722d5e3f03f637c8932dea77d81118467d17ad2953e3b273ec66?s=96&d=mm&r=g\",\"caption\":\"Vincent Vandegans\"},\"description\":\"Vincent est passionn\u00e9 par les produits d'occasion, il a ouvert le site MDO avec Cyrielle pour aider les gens \u00e0 trouver du mobilier d'occasion, vintage ou usag\u00e9. Depuis, ils ont \u00e9tendu leurs activit\u00e9s et conseillent tout le monde sur le mobilier d'int\u00e9rieur et d'ext\u00e9rieur au quotidien \u00e0 travers le magazine MDO.\",\"url\":\"https:\\\/\\\/www.mobilier-design-occasion.fr\\\/magazine\\\/author\\\/vincent\\\/\"}]}<\/script>\n<!-- \/ Yoast SEO plugin. -->","yoast_head_json":{"title":"Am\u00e9nager sa terrasse avec style : les meilleurs \u00e9quipements !","description":"Vous am\u00e9nagez votre terrasse pour l'\u00e9t\u00e9 ? Mobilier design : d\u00e9couvrez les essentiels pour transformer votre espace ext\u00e9rieur en v\u00e9ritable lieu de vie.","robots":{"index":"index","follow":"follow","max-snippet":"max-snippet:-1","max-image-preview":"max-image-preview:large","max-video-preview":"max-video-preview:-1"},"canonical":"https:\/\/www.mobilier-design-occasion.fr\/magazine\/amenager-sa-terrasse-avec-style-les-equipements-qui-font-vraiment-la-difference-en-ete\/","og_locale":"fr_FR","og_type":"article","og_title":"Am\u00e9nager sa terrasse avec style : les meilleurs \u00e9quipements !","og_description":"Vous am\u00e9nagez votre terrasse pour l'\u00e9t\u00e9 ? Mobilier design : d\u00e9couvrez les essentiels pour transformer votre espace ext\u00e9rieur en v\u00e9ritable lieu de vie.","og_url":"https:\/\/www.mobilier-design-occasion.fr\/magazine\/amenager-sa-terrasse-avec-style-les-equipements-qui-font-vraiment-la-difference-en-ete\/","og_site_name":"Mobilier Design Magazine","article_publisher":"https:\/\/www.facebook.com\/mobilierdesignoccasion","article_published_time":"2026-04-30T08:05:41+00:00","og_image":[{"width":848,"height":565,"url":"https:\/\/www.mobilier-design-occasion.fr\/magazine\/wp-content\/uploads\/2026\/04\/c102188ccfc556f35d2f3cfde6bdf5f0.jpeg","type":"image\/jpeg"}],"author":"Vincent Vandegans","twitter_card":"summary_large_image","twitter_misc":{"\u00c9crit par":"Vincent Vandegans","Dur\u00e9e de lecture estim\u00e9e":"2 minutes"},"schema":{"@context":"https:\/\/schema.org","@graph":[{"@type":"Article","@id":"https:\/\/www.mobilier-design-occasion.fr\/magazine\/amenager-sa-terrasse-avec-style-les-equipements-qui-font-vraiment-la-difference-en-ete\/#article","isPartOf":{"@id":"https:\/\/www.mobilier-design-occasion.fr\/magazine\/amenager-sa-terrasse-avec-style-les-equipements-qui-font-vraiment-la-difference-en-ete\/"},"author":{"name":"Vincent Vandegans","@id":"https:\/\/www.mobilier-design-occasion.fr\/magazine\/#\/schema\/person\/af895bedc80bfb6b17730a672fddac9e"},"headline":"Am\u00e9nager sa terrasse avec style : les \u00e9quipements qui font vraiment la diff\u00e9rence en \u00e9t\u00e9","datePublished":"2026-04-30T08:05:41+00:00","mainEntityOfPage":{"@id":"https:\/\/www.mobilier-design-occasion.fr\/magazine\/amenager-sa-terrasse-avec-style-les-equipements-qui-font-vraiment-la-difference-en-ete\/"},"wordCount":359,"commentCount":0,"publisher":{"@id":"https:\/\/www.mobilier-design-occasion.fr\/magazine\/#organization"},"image":{"@id":"https:\/\/www.mobilier-design-occasion.fr\/magazine\/amenager-sa-terrasse-avec-style-les-equipements-qui-font-vraiment-la-difference-en-ete\/#primaryimage"},"thumbnailUrl":"https:\/\/www.mobilier-design-occasion.fr\/magazine\/wp-content\/uploads\/2026\/04\/c102188ccfc556f35d2f3cfde6bdf5f0.jpeg","articleSection":["Ext\u00e9rieur"],"inLanguage":"fr-FR","potentialAction":[{"@type":"CommentAction","name":"Comment","target":["https:\/\/www.mobilier-design-occasion.fr\/magazine\/amenager-sa-terrasse-avec-style-les-equipements-qui-font-vraiment-la-difference-en-ete\/#respond"]}]},{"@type":"WebPage","@id":"https:\/\/www.mobilier-design-occasion.fr\/magazine\/amenager-sa-terrasse-avec-style-les-equipements-qui-font-vraiment-la-difference-en-ete\/","url":"https:\/\/www.mobilier-design-occasion.fr\/magazine\/amenager-sa-terrasse-avec-style-les-equipements-qui-font-vraiment-la-difference-en-ete\/","name":"Am\u00e9nager sa terrasse avec style : les meilleurs \u00e9quipements !","isPartOf":{"@id":"https:\/\/www.mobilier-design-occasion.fr\/magazine\/#website"},"primaryImageOfPage":{"@id":"https:\/\/www.mobilier-design-occasion.fr\/magazine\/amenager-sa-terrasse-avec-style-les-equipements-qui-font-vraiment-la-difference-en-ete\/#primaryimage"},"image":{"@id":"https:\/\/www.mobilier-design-occasion.fr\/magazine\/amenager-sa-terrasse-avec-style-les-equipements-qui-font-vraiment-la-difference-en-ete\/#primaryimage"},"thumbnailUrl":"https:\/\/www.mobilier-design-occasion.fr\/magazine\/wp-content\/uploads\/2026\/04\/c102188ccfc556f35d2f3cfde6bdf5f0.jpeg","datePublished":"2026-04-30T08:05:41+00:00","description":"Vous am\u00e9nagez votre terrasse pour l'\u00e9t\u00e9 ? Mobilier design : d\u00e9couvrez les essentiels pour transformer votre espace ext\u00e9rieur en v\u00e9ritable lieu de vie.","breadcrumb":{"@id":"https:\/\/www.mobilier-design-occasion.fr\/magazine\/amenager-sa-terrasse-avec-style-les-equipements-qui-font-vraiment-la-difference-en-ete\/#breadcrumb"},"inLanguage":"fr-FR","potentialAction":[{"@type":"ReadAction","target":["https:\/\/www.mobilier-design-occasion.fr\/magazine\/amenager-sa-terrasse-avec-style-les-equipements-qui-font-vraiment-la-difference-en-ete\/"]}]},{"@type":"ImageObject","inLanguage":"fr-FR","@id":"https:\/\/www.mobilier-design-occasion.fr\/magazine\/amenager-sa-terrasse-avec-style-les-equipements-qui-font-vraiment-la-difference-en-ete\/#primaryimage","url":"https:\/\/www.mobilier-design-occasion.fr\/magazine\/wp-content\/uploads\/2026\/04\/c102188ccfc556f35d2f3cfde6bdf5f0.jpeg","contentUrl":"https:\/\/www.mobilier-design-occasion.fr\/magazine\/wp-content\/uploads\/2026\/04\/c102188ccfc556f35d2f3cfde6bdf5f0.jpeg","width":848,"height":565},{"@type":"BreadcrumbList","@id":"https:\/\/www.mobilier-design-occasion.fr\/magazine\/amenager-sa-terrasse-avec-style-les-equipements-qui-font-vraiment-la-difference-en-ete\/#breadcrumb","itemListElement":[{"@type":"ListItem","position":1,"name":"Accueil","item":"https:\/\/www.mobilier-design-occasion.fr\/magazine\/"},{"@type":"ListItem","position":2,"name":"Am\u00e9nager sa terrasse avec style : les \u00e9quipements qui font vraiment la diff\u00e9rence en \u00e9t\u00e9"}]},{"@type":"WebSite","@id":"https:\/\/www.mobilier-design-occasion.fr\/magazine\/#website","url":"https:\/\/www.mobilier-design-occasion.fr\/magazine\/","name":"Mobilier Design Magazine","description":"","publisher":{"@id":"https:\/\/www.mobilier-design-occasion.fr\/magazine\/#organization"},"potentialAction":[{"@type":"SearchAction","target":{"@type":"EntryPoint","urlTemplate":"https:\/\/www.mobilier-design-occasion.fr\/magazine\/?s={search_term_string}"},"query-input":{"@type":"PropertyValueSpecification","valueRequired":true,"valueName":"search_term_string"}}],"inLanguage":"fr-FR"},{"@type":"Organization","@id":"https:\/\/www.mobilier-design-occasion.fr\/magazine\/#organization","name":"Mobilier Design Magazine","url":"https:\/\/www.mobilier-design-occasion.fr\/magazine\/","logo":{"@type":"ImageObject","inLanguage":"fr-FR","@id":"https:\/\/www.mobilier-design-occasion.fr\/magazine\/#\/schema\/logo\/image\/","url":"https:\/\/www.mobilier-design-occasion.fr\/magazine\/wp-content\/uploads\/2024\/02\/android-chrome-192x192-1.png","contentUrl":"https:\/\/www.mobilier-design-occasion.fr\/magazine\/wp-content\/uploads\/2024\/02\/android-chrome-192x192-1.png","width":192,"height":192,"caption":"Mobilier Design Magazine"},"image":{"@id":"https:\/\/www.mobilier-design-occasion.fr\/magazine\/#\/schema\/logo\/image\/"},"sameAs":["https:\/\/www.facebook.com\/mobilierdesignoccasion"]},{"@type":"Person","@id":"https:\/\/www.mobilier-design-occasion.fr\/magazine\/#\/schema\/person\/af895bedc80bfb6b17730a672fddac9e","name":"Vincent Vandegans","image":{"@type":"ImageObject","inLanguage":"fr-FR","@id":"https:\/\/secure.gravatar.com\/avatar\/b984800dabdf722d5e3f03f637c8932dea77d81118467d17ad2953e3b273ec66?s=96&d=mm&r=g","url":"https:\/\/secure.gravatar.com\/avatar\/b984800dabdf722d5e3f03f637c8932dea77d81118467d17ad2953e3b273ec66?s=96&d=mm&r=g","contentUrl":"https:\/\/secure.gravatar.com\/avatar\/b984800dabdf722d5e3f03f637c8932dea77d81118467d17ad2953e3b273ec66?s=96&d=mm&r=g","caption":"Vincent Vandegans"},"description":"Vincent est passionn\u00e9 par les produits d'occasion, il a ouvert le site MDO avec Cyrielle pour aider les gens \u00e0 trouver du mobilier d'occasion, vintage ou usag\u00e9. Depuis, ils ont \u00e9tendu leurs activit\u00e9s et conseillent tout le monde sur le mobilier d'int\u00e9rieur et d'ext\u00e9rieur au quotidien \u00e0 travers le magazine MDO.","url":"https:\/\/www.mobilier-design-occasion.fr\/magazine\/author\/vincent\/"}]}},"_links":{"self":[{"href":"https:\/\/www.mobilier-design-occasion.fr\/magazine\/wp-json\/wp\/v2\/posts\/8932","targetHints":{"allow":["GET"]}}],"collection":[{"href":"https:\/\/www.mobilier-design-occasion.fr\/magazine\/wp-json\/wp\/v2\/posts"}],"about":[{"href":"https:\/\/www.mobilier-design-occasion.fr\/magazine\/wp-json\/wp\/v2\/types\/post"}],"author":[{"embeddable":true,"href":"https:\/\/www.mobilier-design-occasion.fr\/magazine\/wp-json\/wp\/v2\/users\/2"}],"replies":[{"embeddable":true,"href":"https:\/\/www.mobilier-design-occasion.fr\/magazine\/wp-json\/wp\/v2\/comments?post=8932"}],"version-history":[{"count":1,"href":"https:\/\/www.mobilier-design-occasion.fr\/magazine\/wp-json\/wp\/v2\/posts\/8932\/revisions"}],"predecessor-version":[{"id":8934,"href":"https:\/\/www.mobilier-design-occasion.fr\/magazine\/wp-json\/wp\/v2\/posts\/8932\/revisions\/8934"}],"wp:featuredmedia":[{"embeddable":true,"href":"https:\/\/www.mobilier-design-occasion.fr\/magazine\/wp-json\/wp\/v2\/media\/8935"}],"wp:attachment":[{"href":"https:\/\/www.mobilier-design-occasion.fr\/magazine\/wp-json\/wp\/v2\/media?parent=8932"}],"wp:term":[{"taxonomy":"category","embeddable":true,"href":"https:\/\/www.mobilier-design-occasion.fr\/magazine\/wp-json\/wp\/v2\/categories?post=8932"},{"taxonomy":"post_tag","embeddable":true,"href":"https:\/\/www.mobilier-design-occasion.fr\/magazine\/wp-json\/wp\/v2\/tags?post=8932"}],"curies":[{"name":"wp","href":"https:\/\/api.w.org\/{rel}","templated":true}]}}