{"id":8896,"date":"2026-03-13T19:00:04","date_gmt":"2026-03-13T19:00:04","guid":{"rendered":"https:\/\/www.mobilier-design-occasion.fr\/magazine\/plaque-pvc-nouvelle-alternative-au-carrelage-dans-les-interieurs\/"},"modified":"2026-03-13T19:00:05","modified_gmt":"2026-03-13T19:00:05","slug":"plaque-pvc-nouvelle-alternative-au-carrelage-dans-les-interieurs","status":"publish","type":"post","link":"https:\/\/www.mobilier-design-occasion.fr\/magazine\/plaque-pvc-nouvelle-alternative-au-carrelage-dans-les-interieurs\/","title":{"rendered":"Plaque PVC\u00a0: nouvelle alternative au carrelage dans les int\u00e9rieurs"},"content":{"rendered":"<div>\n<p>Dans les pi\u00e8ces comme la <strong>cuisine<\/strong> et la <strong>salle de bain<\/strong>, le <strong>carrelage<\/strong> a longtemps \u00e9t\u00e9 le rev\u00eatement le plus utilis\u00e9. Il s\u2019est naturellement impos\u00e9 par sa durabilit\u00e9, sa facilit\u00e9 d\u2019entretien et une bonne r\u00e9sistance. L\u2019\u00e9volution des tendances d\u00e9co contribue \u00e0 l\u2019apparition de nouveaux mat\u00e9riaux d\u00e9di\u00e9s \u00e0 la r\u00e9novation. C\u2019est le cas de la <strong>plaque PVC<\/strong>, qui se d\u00e9marque par ses multiples avantages.<\/p>\n<h2>L\u2019int\u00e9r\u00eat des panneaux d\u00e9coratifs et plaques murales<\/h2>\n<p><img loading=\"lazy\" decoding=\"async\" class=\"aligncenter\" src=\"https:\/\/www.mobilier-design-occasion.fr\/magazine\/wp-content\/uploads\/2026\/03\/3b77ff39ca24efee1782699046d86785.jpg\" alt=\"\" width=\"700\" height=\"403\"><br \/>Le gain de popularit\u00e9 des <strong>panneaux d\u00e9coratifs<\/strong> destin\u00e9s aux murs s\u2019explique ais\u00e9ment. L\u2019attrait repose principalement sur leur capacit\u00e9 \u00e0 recouvrir n\u2019importe quelle surface verticale. C\u2019est notamment le cas de la <a href=\"https:\/\/galeriedeco.fr\/products\/plaque-pvc-panneau-pvc\">plaque pvc salle de bain<\/a> appr\u00e9ci\u00e9e par les bricoleurs pour sa facilit\u00e9 d\u2019utilisation. Son collage peut s\u2019effectuer sur une vari\u00e9t\u00e9 de supports sans qu\u2019il soit n\u00e9cessaire de proc\u00e9der \u00e0 d\u2019importants travaux. Les marques proposent maintenant plusieurs <strong>textures<\/strong> et effets visuels adapt\u00e9s \u00e0 tous types de projets.<\/p>\n<p>Vous avez m\u00eame droit \u00e0 de belles imitations de pierre, de b\u00e9ton ou de carrelage. De cette fa\u00e7on, tous les <strong>styles d\u00e9coratifs<\/strong> voulus peuvent \u00eatre int\u00e9gr\u00e9s dans votre int\u00e9rieur.<\/p>\n<h2>Les autres avantages concrets<\/h2>\n<p>Au cours des projets o\u00f9 la <strong>r\u00e9novation<\/strong> doit se faire rapidement, la <strong>plaque PVC<\/strong> procure de nombreux atouts. Le mat\u00e9riau est assez l\u00e9ger pour que sa manipulation ne constitue aucun probl\u00e8me pour les ouvriers. D\u2019ailleurs, le temps n\u00e9cessaire \u00e0 son installation est diminu\u00e9. Le recours \u00e0 la plaque PVC est une excellente option pour <strong>r\u00e9nover un bien<\/strong> sans proc\u00e9der \u00e0 des d\u00e9molitions majeures.<\/p>\n<p>En ce qui concerne l\u2019entretien, il est aussi \u00e0 la port\u00e9e de tous. Tout ce dont vous aurez besoin est d\u2019un chiffon humide pour \u00e9liminer les salet\u00e9s pr\u00e9sentes sur la plaque. Contrairement au <strong>carrelage<\/strong>, ce type de <strong>rev\u00eatement<\/strong> ne perd rien de son esth\u00e9tique au fil des ann\u00e9es.<\/p>\n<\/div>\n","protected":false},"excerpt":{"rendered":"<p>Dans les pi\u00e8ces comme la cuisine et la salle de bain, le carrelage a longtemps \u00e9t\u00e9 le rev\u00eatement le plus utilis\u00e9. Il s\u2019est naturellement impos\u00e9 par sa durabilit\u00e9, sa facilit\u00e9 d\u2019entretien et une bonne r\u00e9sistance. L\u2019\u00e9volution des tendances d\u00e9co contribue \u00e0 l\u2019apparition de nouveaux mat\u00e9riaux d\u00e9di\u00e9s \u00e0 la r\u00e9novation. C\u2019est le cas de la plaque [&hellip;]<\/p>\n","protected":false},"author":2,"featured_media":8899,"comment_status":"open","ping_status":"open","sticky":false,"template":"","format":"standard","meta":{"footnotes":""},"categories":[2],"tags":[],"class_list":["post-8896","post","type-post","status-publish","format-standard","has-post-thumbnail","hentry","category-tendances"],"yoast_head":"<!-- This site is optimized with the Yoast SEO plugin v27.5 - https:\/\/yoast.com\/product\/yoast-seo-wordpress\/ -->\n<title>Plaque PVC : le nouvel atout d\u00e9coratif pour vos divers int\u00e9rieurs<\/title>\n<meta name=\"description\" content=\"Bien utilis\u00e9e, la plaque PVC peut radicalement changer l\u2019apparence de plusieurs pi\u00e8ces de votre logement. Quels sont les atouts \u00e0 en tirer ?\" \/>\n<meta name=\"robots\" content=\"index, follow, max-snippet:-1, max-image-preview:large, max-video-preview:-1\" \/>\n<link rel=\"canonical\" href=\"https:\/\/www.mobilier-design-occasion.fr\/magazine\/plaque-pvc-nouvelle-alternative-au-carrelage-dans-les-interieurs\/\" \/>\n<meta property=\"og:locale\" content=\"fr_FR\" \/>\n<meta property=\"og:type\" content=\"article\" \/>\n<meta property=\"og:title\" content=\"Plaque PVC : le nouvel atout d\u00e9coratif pour vos divers int\u00e9rieurs\" \/>\n<meta property=\"og:description\" content=\"Bien utilis\u00e9e, la plaque PVC peut radicalement changer l\u2019apparence de plusieurs pi\u00e8ces de votre logement. Quels sont les atouts \u00e0 en tirer ?\" \/>\n<meta property=\"og:url\" content=\"https:\/\/www.mobilier-design-occasion.fr\/magazine\/plaque-pvc-nouvelle-alternative-au-carrelage-dans-les-interieurs\/\" \/>\n<meta property=\"og:site_name\" content=\"Mobilier Design Magazine\" \/>\n<meta property=\"article:publisher\" content=\"https:\/\/www.facebook.com\/mobilierdesignoccasion\" \/>\n<meta property=\"article:published_time\" content=\"2026-03-13T19:00:04+00:00\" \/>\n<meta property=\"article:modified_time\" content=\"2026-03-13T19:00:05+00:00\" \/>\n<meta property=\"og:image\" content=\"https:\/\/www.mobilier-design-occasion.fr\/magazine\/wp-content\/uploads\/2026\/03\/feb00e9cf106d2df226ac6618ada4cc6.jpg\" \/>\n\t<meta property=\"og:image:width\" content=\"1000\" \/>\n\t<meta property=\"og:image:height\" content=\"649\" \/>\n\t<meta property=\"og:image:type\" content=\"image\/jpeg\" \/>\n<meta name=\"author\" content=\"Vincent Vandegans\" \/>\n<meta name=\"twitter:card\" content=\"summary_large_image\" \/>\n<meta name=\"twitter:label1\" content=\"\u00c9crit par\" \/>\n\t<meta name=\"twitter:data1\" content=\"Vincent Vandegans\" \/>\n\t<meta name=\"twitter:label2\" content=\"Dur\u00e9e de lecture estim\u00e9e\" \/>\n\t<meta name=\"twitter:data2\" content=\"2 minutes\" \/>\n<script type=\"application\/ld+json\" class=\"yoast-schema-graph\">{\"@context\":\"https:\\\/\\\/schema.org\",\"@graph\":[{\"@type\":\"Article\",\"@id\":\"https:\\\/\\\/www.mobilier-design-occasion.fr\\\/magazine\\\/plaque-pvc-nouvelle-alternative-au-carrelage-dans-les-interieurs\\\/#article\",\"isPartOf\":{\"@id\":\"https:\\\/\\\/www.mobilier-design-occasion.fr\\\/magazine\\\/plaque-pvc-nouvelle-alternative-au-carrelage-dans-les-interieurs\\\/\"},\"author\":{\"name\":\"Vincent Vandegans\",\"@id\":\"https:\\\/\\\/www.mobilier-design-occasion.fr\\\/magazine\\\/#\\\/schema\\\/person\\\/af895bedc80bfb6b17730a672fddac9e\"},\"headline\":\"Plaque PVC\u00a0: nouvelle alternative au carrelage dans les int\u00e9rieurs\",\"datePublished\":\"2026-03-13T19:00:04+00:00\",\"dateModified\":\"2026-03-13T19:00:05+00:00\",\"mainEntityOfPage\":{\"@id\":\"https:\\\/\\\/www.mobilier-design-occasion.fr\\\/magazine\\\/plaque-pvc-nouvelle-alternative-au-carrelage-dans-les-interieurs\\\/\"},\"wordCount\":349,\"commentCount\":0,\"publisher\":{\"@id\":\"https:\\\/\\\/www.mobilier-design-occasion.fr\\\/magazine\\\/#organization\"},\"image\":{\"@id\":\"https:\\\/\\\/www.mobilier-design-occasion.fr\\\/magazine\\\/plaque-pvc-nouvelle-alternative-au-carrelage-dans-les-interieurs\\\/#primaryimage\"},\"thumbnailUrl\":\"https:\\\/\\\/www.mobilier-design-occasion.fr\\\/magazine\\\/wp-content\\\/uploads\\\/2026\\\/03\\\/feb00e9cf106d2df226ac6618ada4cc6.jpg\",\"articleSection\":[\"Tendances\"],\"inLanguage\":\"fr-FR\",\"potentialAction\":[{\"@type\":\"CommentAction\",\"name\":\"Comment\",\"target\":[\"https:\\\/\\\/www.mobilier-design-occasion.fr\\\/magazine\\\/plaque-pvc-nouvelle-alternative-au-carrelage-dans-les-interieurs\\\/#respond\"]}]},{\"@type\":\"WebPage\",\"@id\":\"https:\\\/\\\/www.mobilier-design-occasion.fr\\\/magazine\\\/plaque-pvc-nouvelle-alternative-au-carrelage-dans-les-interieurs\\\/\",\"url\":\"https:\\\/\\\/www.mobilier-design-occasion.fr\\\/magazine\\\/plaque-pvc-nouvelle-alternative-au-carrelage-dans-les-interieurs\\\/\",\"name\":\"Plaque PVC : le nouvel atout d\u00e9coratif pour vos divers int\u00e9rieurs\",\"isPartOf\":{\"@id\":\"https:\\\/\\\/www.mobilier-design-occasion.fr\\\/magazine\\\/#website\"},\"primaryImageOfPage\":{\"@id\":\"https:\\\/\\\/www.mobilier-design-occasion.fr\\\/magazine\\\/plaque-pvc-nouvelle-alternative-au-carrelage-dans-les-interieurs\\\/#primaryimage\"},\"image\":{\"@id\":\"https:\\\/\\\/www.mobilier-design-occasion.fr\\\/magazine\\\/plaque-pvc-nouvelle-alternative-au-carrelage-dans-les-interieurs\\\/#primaryimage\"},\"thumbnailUrl\":\"https:\\\/\\\/www.mobilier-design-occasion.fr\\\/magazine\\\/wp-content\\\/uploads\\\/2026\\\/03\\\/feb00e9cf106d2df226ac6618ada4cc6.jpg\",\"datePublished\":\"2026-03-13T19:00:04+00:00\",\"dateModified\":\"2026-03-13T19:00:05+00:00\",\"description\":\"Bien utilis\u00e9e, la plaque PVC peut radicalement changer l\u2019apparence de plusieurs pi\u00e8ces de votre logement. Quels sont les atouts \u00e0 en tirer ?\",\"breadcrumb\":{\"@id\":\"https:\\\/\\\/www.mobilier-design-occasion.fr\\\/magazine\\\/plaque-pvc-nouvelle-alternative-au-carrelage-dans-les-interieurs\\\/#breadcrumb\"},\"inLanguage\":\"fr-FR\",\"potentialAction\":[{\"@type\":\"ReadAction\",\"target\":[\"https:\\\/\\\/www.mobilier-design-occasion.fr\\\/magazine\\\/plaque-pvc-nouvelle-alternative-au-carrelage-dans-les-interieurs\\\/\"]}]},{\"@type\":\"ImageObject\",\"inLanguage\":\"fr-FR\",\"@id\":\"https:\\\/\\\/www.mobilier-design-occasion.fr\\\/magazine\\\/plaque-pvc-nouvelle-alternative-au-carrelage-dans-les-interieurs\\\/#primaryimage\",\"url\":\"https:\\\/\\\/www.mobilier-design-occasion.fr\\\/magazine\\\/wp-content\\\/uploads\\\/2026\\\/03\\\/feb00e9cf106d2df226ac6618ada4cc6.jpg\",\"contentUrl\":\"https:\\\/\\\/www.mobilier-design-occasion.fr\\\/magazine\\\/wp-content\\\/uploads\\\/2026\\\/03\\\/feb00e9cf106d2df226ac6618ada4cc6.jpg\",\"width\":1000,\"height\":649},{\"@type\":\"BreadcrumbList\",\"@id\":\"https:\\\/\\\/www.mobilier-design-occasion.fr\\\/magazine\\\/plaque-pvc-nouvelle-alternative-au-carrelage-dans-les-interieurs\\\/#breadcrumb\",\"itemListElement\":[{\"@type\":\"ListItem\",\"position\":1,\"name\":\"Accueil\",\"item\":\"https:\\\/\\\/www.mobilier-design-occasion.fr\\\/magazine\\\/\"},{\"@type\":\"ListItem\",\"position\":2,\"name\":\"Plaque PVC\u00a0: nouvelle alternative au carrelage dans les int\u00e9rieurs\"}]},{\"@type\":\"WebSite\",\"@id\":\"https:\\\/\\\/www.mobilier-design-occasion.fr\\\/magazine\\\/#website\",\"url\":\"https:\\\/\\\/www.mobilier-design-occasion.fr\\\/magazine\\\/\",\"name\":\"Mobilier Design Magazine\",\"description\":\"\",\"publisher\":{\"@id\":\"https:\\\/\\\/www.mobilier-design-occasion.fr\\\/magazine\\\/#organization\"},\"potentialAction\":[{\"@type\":\"SearchAction\",\"target\":{\"@type\":\"EntryPoint\",\"urlTemplate\":\"https:\\\/\\\/www.mobilier-design-occasion.fr\\\/magazine\\\/?s={search_term_string}\"},\"query-input\":{\"@type\":\"PropertyValueSpecification\",\"valueRequired\":true,\"valueName\":\"search_term_string\"}}],\"inLanguage\":\"fr-FR\"},{\"@type\":\"Organization\",\"@id\":\"https:\\\/\\\/www.mobilier-design-occasion.fr\\\/magazine\\\/#organization\",\"name\":\"Mobilier Design Magazine\",\"url\":\"https:\\\/\\\/www.mobilier-design-occasion.fr\\\/magazine\\\/\",\"logo\":{\"@type\":\"ImageObject\",\"inLanguage\":\"fr-FR\",\"@id\":\"https:\\\/\\\/www.mobilier-design-occasion.fr\\\/magazine\\\/#\\\/schema\\\/logo\\\/image\\\/\",\"url\":\"https:\\\/\\\/www.mobilier-design-occasion.fr\\\/magazine\\\/wp-content\\\/uploads\\\/2024\\\/02\\\/android-chrome-192x192-1.png\",\"contentUrl\":\"https:\\\/\\\/www.mobilier-design-occasion.fr\\\/magazine\\\/wp-content\\\/uploads\\\/2024\\\/02\\\/android-chrome-192x192-1.png\",\"width\":192,\"height\":192,\"caption\":\"Mobilier Design Magazine\"},\"image\":{\"@id\":\"https:\\\/\\\/www.mobilier-design-occasion.fr\\\/magazine\\\/#\\\/schema\\\/logo\\\/image\\\/\"},\"sameAs\":[\"https:\\\/\\\/www.facebook.com\\\/mobilierdesignoccasion\"]},{\"@type\":\"Person\",\"@id\":\"https:\\\/\\\/www.mobilier-design-occasion.fr\\\/magazine\\\/#\\\/schema\\\/person\\\/af895bedc80bfb6b17730a672fddac9e\",\"name\":\"Vincent Vandegans\",\"image\":{\"@type\":\"ImageObject\",\"inLanguage\":\"fr-FR\",\"@id\":\"https:\\\/\\\/secure.gravatar.com\\\/avatar\\\/b984800dabdf722d5e3f03f637c8932dea77d81118467d17ad2953e3b273ec66?s=96&d=mm&r=g\",\"url\":\"https:\\\/\\\/secure.gravatar.com\\\/avatar\\\/b984800dabdf722d5e3f03f637c8932dea77d81118467d17ad2953e3b273ec66?s=96&d=mm&r=g\",\"contentUrl\":\"https:\\\/\\\/secure.gravatar.com\\\/avatar\\\/b984800dabdf722d5e3f03f637c8932dea77d81118467d17ad2953e3b273ec66?s=96&d=mm&r=g\",\"caption\":\"Vincent Vandegans\"},\"description\":\"Vincent est passionn\u00e9 par les produits d'occasion, il a ouvert le site MDO avec Cyrielle pour aider les gens \u00e0 trouver du mobilier d'occasion, vintage ou usag\u00e9. Depuis, ils ont \u00e9tendu leurs activit\u00e9s et conseillent tout le monde sur le mobilier d'int\u00e9rieur et d'ext\u00e9rieur au quotidien \u00e0 travers le magazine MDO.\",\"url\":\"https:\\\/\\\/www.mobilier-design-occasion.fr\\\/magazine\\\/author\\\/vincent\\\/\"}]}<\/script>\n<!-- \/ Yoast SEO plugin. -->","yoast_head_json":{"title":"Plaque PVC : le nouvel atout d\u00e9coratif pour vos divers int\u00e9rieurs","description":"Bien utilis\u00e9e, la plaque PVC peut radicalement changer l\u2019apparence de plusieurs pi\u00e8ces de votre logement. Quels sont les atouts \u00e0 en tirer ?","robots":{"index":"index","follow":"follow","max-snippet":"max-snippet:-1","max-image-preview":"max-image-preview:large","max-video-preview":"max-video-preview:-1"},"canonical":"https:\/\/www.mobilier-design-occasion.fr\/magazine\/plaque-pvc-nouvelle-alternative-au-carrelage-dans-les-interieurs\/","og_locale":"fr_FR","og_type":"article","og_title":"Plaque PVC : le nouvel atout d\u00e9coratif pour vos divers int\u00e9rieurs","og_description":"Bien utilis\u00e9e, la plaque PVC peut radicalement changer l\u2019apparence de plusieurs pi\u00e8ces de votre logement. Quels sont les atouts \u00e0 en tirer ?","og_url":"https:\/\/www.mobilier-design-occasion.fr\/magazine\/plaque-pvc-nouvelle-alternative-au-carrelage-dans-les-interieurs\/","og_site_name":"Mobilier Design Magazine","article_publisher":"https:\/\/www.facebook.com\/mobilierdesignoccasion","article_published_time":"2026-03-13T19:00:04+00:00","article_modified_time":"2026-03-13T19:00:05+00:00","og_image":[{"width":1000,"height":649,"url":"https:\/\/www.mobilier-design-occasion.fr\/magazine\/wp-content\/uploads\/2026\/03\/feb00e9cf106d2df226ac6618ada4cc6.jpg","type":"image\/jpeg"}],"author":"Vincent Vandegans","twitter_card":"summary_large_image","twitter_misc":{"\u00c9crit par":"Vincent Vandegans","Dur\u00e9e de lecture estim\u00e9e":"2 minutes"},"schema":{"@context":"https:\/\/schema.org","@graph":[{"@type":"Article","@id":"https:\/\/www.mobilier-design-occasion.fr\/magazine\/plaque-pvc-nouvelle-alternative-au-carrelage-dans-les-interieurs\/#article","isPartOf":{"@id":"https:\/\/www.mobilier-design-occasion.fr\/magazine\/plaque-pvc-nouvelle-alternative-au-carrelage-dans-les-interieurs\/"},"author":{"name":"Vincent Vandegans","@id":"https:\/\/www.mobilier-design-occasion.fr\/magazine\/#\/schema\/person\/af895bedc80bfb6b17730a672fddac9e"},"headline":"Plaque PVC\u00a0: nouvelle alternative au carrelage dans les int\u00e9rieurs","datePublished":"2026-03-13T19:00:04+00:00","dateModified":"2026-03-13T19:00:05+00:00","mainEntityOfPage":{"@id":"https:\/\/www.mobilier-design-occasion.fr\/magazine\/plaque-pvc-nouvelle-alternative-au-carrelage-dans-les-interieurs\/"},"wordCount":349,"commentCount":0,"publisher":{"@id":"https:\/\/www.mobilier-design-occasion.fr\/magazine\/#organization"},"image":{"@id":"https:\/\/www.mobilier-design-occasion.fr\/magazine\/plaque-pvc-nouvelle-alternative-au-carrelage-dans-les-interieurs\/#primaryimage"},"thumbnailUrl":"https:\/\/www.mobilier-design-occasion.fr\/magazine\/wp-content\/uploads\/2026\/03\/feb00e9cf106d2df226ac6618ada4cc6.jpg","articleSection":["Tendances"],"inLanguage":"fr-FR","potentialAction":[{"@type":"CommentAction","name":"Comment","target":["https:\/\/www.mobilier-design-occasion.fr\/magazine\/plaque-pvc-nouvelle-alternative-au-carrelage-dans-les-interieurs\/#respond"]}]},{"@type":"WebPage","@id":"https:\/\/www.mobilier-design-occasion.fr\/magazine\/plaque-pvc-nouvelle-alternative-au-carrelage-dans-les-interieurs\/","url":"https:\/\/www.mobilier-design-occasion.fr\/magazine\/plaque-pvc-nouvelle-alternative-au-carrelage-dans-les-interieurs\/","name":"Plaque PVC : le nouvel atout d\u00e9coratif pour vos divers int\u00e9rieurs","isPartOf":{"@id":"https:\/\/www.mobilier-design-occasion.fr\/magazine\/#website"},"primaryImageOfPage":{"@id":"https:\/\/www.mobilier-design-occasion.fr\/magazine\/plaque-pvc-nouvelle-alternative-au-carrelage-dans-les-interieurs\/#primaryimage"},"image":{"@id":"https:\/\/www.mobilier-design-occasion.fr\/magazine\/plaque-pvc-nouvelle-alternative-au-carrelage-dans-les-interieurs\/#primaryimage"},"thumbnailUrl":"https:\/\/www.mobilier-design-occasion.fr\/magazine\/wp-content\/uploads\/2026\/03\/feb00e9cf106d2df226ac6618ada4cc6.jpg","datePublished":"2026-03-13T19:00:04+00:00","dateModified":"2026-03-13T19:00:05+00:00","description":"Bien utilis\u00e9e, la plaque PVC peut radicalement changer l\u2019apparence de plusieurs pi\u00e8ces de votre logement. Quels sont les atouts \u00e0 en tirer ?","breadcrumb":{"@id":"https:\/\/www.mobilier-design-occasion.fr\/magazine\/plaque-pvc-nouvelle-alternative-au-carrelage-dans-les-interieurs\/#breadcrumb"},"inLanguage":"fr-FR","potentialAction":[{"@type":"ReadAction","target":["https:\/\/www.mobilier-design-occasion.fr\/magazine\/plaque-pvc-nouvelle-alternative-au-carrelage-dans-les-interieurs\/"]}]},{"@type":"ImageObject","inLanguage":"fr-FR","@id":"https:\/\/www.mobilier-design-occasion.fr\/magazine\/plaque-pvc-nouvelle-alternative-au-carrelage-dans-les-interieurs\/#primaryimage","url":"https:\/\/www.mobilier-design-occasion.fr\/magazine\/wp-content\/uploads\/2026\/03\/feb00e9cf106d2df226ac6618ada4cc6.jpg","contentUrl":"https:\/\/www.mobilier-design-occasion.fr\/magazine\/wp-content\/uploads\/2026\/03\/feb00e9cf106d2df226ac6618ada4cc6.jpg","width":1000,"height":649},{"@type":"BreadcrumbList","@id":"https:\/\/www.mobilier-design-occasion.fr\/magazine\/plaque-pvc-nouvelle-alternative-au-carrelage-dans-les-interieurs\/#breadcrumb","itemListElement":[{"@type":"ListItem","position":1,"name":"Accueil","item":"https:\/\/www.mobilier-design-occasion.fr\/magazine\/"},{"@type":"ListItem","position":2,"name":"Plaque PVC\u00a0: nouvelle alternative au carrelage dans les int\u00e9rieurs"}]},{"@type":"WebSite","@id":"https:\/\/www.mobilier-design-occasion.fr\/magazine\/#website","url":"https:\/\/www.mobilier-design-occasion.fr\/magazine\/","name":"Mobilier Design Magazine","description":"","publisher":{"@id":"https:\/\/www.mobilier-design-occasion.fr\/magazine\/#organization"},"potentialAction":[{"@type":"SearchAction","target":{"@type":"EntryPoint","urlTemplate":"https:\/\/www.mobilier-design-occasion.fr\/magazine\/?s={search_term_string}"},"query-input":{"@type":"PropertyValueSpecification","valueRequired":true,"valueName":"search_term_string"}}],"inLanguage":"fr-FR"},{"@type":"Organization","@id":"https:\/\/www.mobilier-design-occasion.fr\/magazine\/#organization","name":"Mobilier Design Magazine","url":"https:\/\/www.mobilier-design-occasion.fr\/magazine\/","logo":{"@type":"ImageObject","inLanguage":"fr-FR","@id":"https:\/\/www.mobilier-design-occasion.fr\/magazine\/#\/schema\/logo\/image\/","url":"https:\/\/www.mobilier-design-occasion.fr\/magazine\/wp-content\/uploads\/2024\/02\/android-chrome-192x192-1.png","contentUrl":"https:\/\/www.mobilier-design-occasion.fr\/magazine\/wp-content\/uploads\/2024\/02\/android-chrome-192x192-1.png","width":192,"height":192,"caption":"Mobilier Design Magazine"},"image":{"@id":"https:\/\/www.mobilier-design-occasion.fr\/magazine\/#\/schema\/logo\/image\/"},"sameAs":["https:\/\/www.facebook.com\/mobilierdesignoccasion"]},{"@type":"Person","@id":"https:\/\/www.mobilier-design-occasion.fr\/magazine\/#\/schema\/person\/af895bedc80bfb6b17730a672fddac9e","name":"Vincent Vandegans","image":{"@type":"ImageObject","inLanguage":"fr-FR","@id":"https:\/\/secure.gravatar.com\/avatar\/b984800dabdf722d5e3f03f637c8932dea77d81118467d17ad2953e3b273ec66?s=96&d=mm&r=g","url":"https:\/\/secure.gravatar.com\/avatar\/b984800dabdf722d5e3f03f637c8932dea77d81118467d17ad2953e3b273ec66?s=96&d=mm&r=g","contentUrl":"https:\/\/secure.gravatar.com\/avatar\/b984800dabdf722d5e3f03f637c8932dea77d81118467d17ad2953e3b273ec66?s=96&d=mm&r=g","caption":"Vincent Vandegans"},"description":"Vincent est passionn\u00e9 par les produits d'occasion, il a ouvert le site MDO avec Cyrielle pour aider les gens \u00e0 trouver du mobilier d'occasion, vintage ou usag\u00e9. Depuis, ils ont \u00e9tendu leurs activit\u00e9s et conseillent tout le monde sur le mobilier d'int\u00e9rieur et d'ext\u00e9rieur au quotidien \u00e0 travers le magazine MDO.","url":"https:\/\/www.mobilier-design-occasion.fr\/magazine\/author\/vincent\/"}]}},"_links":{"self":[{"href":"https:\/\/www.mobilier-design-occasion.fr\/magazine\/wp-json\/wp\/v2\/posts\/8896","targetHints":{"allow":["GET"]}}],"collection":[{"href":"https:\/\/www.mobilier-design-occasion.fr\/magazine\/wp-json\/wp\/v2\/posts"}],"about":[{"href":"https:\/\/www.mobilier-design-occasion.fr\/magazine\/wp-json\/wp\/v2\/types\/post"}],"author":[{"embeddable":true,"href":"https:\/\/www.mobilier-design-occasion.fr\/magazine\/wp-json\/wp\/v2\/users\/2"}],"replies":[{"embeddable":true,"href":"https:\/\/www.mobilier-design-occasion.fr\/magazine\/wp-json\/wp\/v2\/comments?post=8896"}],"version-history":[{"count":1,"href":"https:\/\/www.mobilier-design-occasion.fr\/magazine\/wp-json\/wp\/v2\/posts\/8896\/revisions"}],"predecessor-version":[{"id":8898,"href":"https:\/\/www.mobilier-design-occasion.fr\/magazine\/wp-json\/wp\/v2\/posts\/8896\/revisions\/8898"}],"wp:featuredmedia":[{"embeddable":true,"href":"https:\/\/www.mobilier-design-occasion.fr\/magazine\/wp-json\/wp\/v2\/media\/8899"}],"wp:attachment":[{"href":"https:\/\/www.mobilier-design-occasion.fr\/magazine\/wp-json\/wp\/v2\/media?parent=8896"}],"wp:term":[{"taxonomy":"category","embeddable":true,"href":"https:\/\/www.mobilier-design-occasion.fr\/magazine\/wp-json\/wp\/v2\/categories?post=8896"},{"taxonomy":"post_tag","embeddable":true,"href":"https:\/\/www.mobilier-design-occasion.fr\/magazine\/wp-json\/wp\/v2\/tags?post=8896"}],"curies":[{"name":"wp","href":"https:\/\/api.w.org\/{rel}","templated":true}]}}