{"id":8893,"date":"2026-03-13T17:44:20","date_gmt":"2026-03-13T17:44:20","guid":{"rendered":"https:\/\/www.mobilier-design-occasion.fr\/magazine\/comment-choisir-un-mobilier-de-cuisine-design-et-durable\/"},"modified":"2026-03-13T17:44:20","modified_gmt":"2026-03-13T17:44:20","slug":"comment-choisir-un-mobilier-de-cuisine-design-et-durable","status":"publish","type":"post","link":"https:\/\/www.mobilier-design-occasion.fr\/magazine\/comment-choisir-un-mobilier-de-cuisine-design-et-durable\/","title":{"rendered":"Comment choisir un mobilier de cuisine design et durable"},"content":{"rendered":"<article dir=\"auto\" data-turn-id=\"request-WEB:28a7ff5c-fd89-4fcd-8c97-596d43bedce8-1\" data-testid=\"conversation-turn-4\" data-scroll-anchor=\"true\" data-turn=\"assistant\">\n<p data-start=\"60\" data-end=\"449\">La cuisine est devenue l&rsquo;une des pi&egrave;ces les plus importantes de la maison. Longtemps consid&eacute;r&eacute;e comme un simple espace fonctionnel, elle est aujourd&rsquo;hui au c&oelig;ur de la vie quotidienne. On y cuisine, on y re&ccedil;oit, on y partage des moments en famille. Dans ce contexte, le <strong data-start=\"329\" data-end=\"359\">mobilier de cuisine design<\/strong> joue un r&ocirc;le cl&eacute; pour cr&eacute;er un espace &agrave; la fois esth&eacute;tique, pratique et agr&eacute;able &agrave; vivre.<\/p>\n<p data-start=\"451\" data-end=\"709\">Choisir les bons meubles permet d&rsquo;optimiser l&rsquo;espace tout en donnant du caract&egrave;re &agrave; la pi&egrave;ce. Entre <strong data-start=\"551\" data-end=\"578\">rangements intelligents<\/strong>, mat&eacute;riaux durables et lignes contemporaines, le mobilier de cuisine participe pleinement &agrave; la qualit&eacute; de l&rsquo;<a href=\"https:\/\/archisdesign.fr\/\">am&eacute;nagement int&eacute;rieur<\/a>.<\/p>\n<h2 data-section-id=\"1ixpivb\" data-start=\"711\" data-end=\"770\"><span class=\"ez-toc-section\" id=\"Le_mobilier_de_cuisine_element_central_de_lamenagement\"><\/span>Le mobilier de cuisine, &eacute;l&eacute;ment central de l&rsquo;am&eacute;nagement<span class=\"ez-toc-section-end\"><\/span><\/h2><div id=\"ez-toc-container\" class=\"ez-toc-v2_0_82_2 counter-hierarchy ez-toc-counter ez-toc-grey ez-toc-container-direction\">\n<div class=\"ez-toc-title-container\">\n<span class=\"ez-toc-title-toggle\"><a href=\"#\" class=\"ez-toc-pull-right ez-toc-btn ez-toc-btn-xs ez-toc-btn-default ez-toc-toggle\" aria-label=\"Toggle Table of Content\"><span class=\"ez-toc-js-icon-con\"><span class=\"\"><span class=\"eztoc-hide\" style=\"display:none;\">Toggle<\/span><span class=\"ez-toc-icon-toggle-span\"><svg style=\"fill: #999;color:#999\" xmlns=\"http:\/\/www.w3.org\/2000\/svg\" class=\"list-377408\" width=\"20px\" height=\"20px\" viewBox=\"0 0 24 24\" fill=\"none\"><path d=\"M6 6H4v2h2V6zm14 0H8v2h12V6zM4 11h2v2H4v-2zm16 0H8v2h12v-2zM4 16h2v2H4v-2zm16 0H8v2h12v-2z\" fill=\"currentColor\"><\/path><\/svg><svg style=\"fill: #999;color:#999\" class=\"arrow-unsorted-368013\" xmlns=\"http:\/\/www.w3.org\/2000\/svg\" width=\"10px\" height=\"10px\" viewBox=\"0 0 24 24\" version=\"1.2\" baseProfile=\"tiny\"><path d=\"M18.2 9.3l-6.2-6.3-6.2 6.3c-.2.2-.3.4-.3.7s.1.5.3.7c.2.2.4.3.7.3h11c.3 0 .5-.1.7-.3.2-.2.3-.5.3-.7s-.1-.5-.3-.7zM5.8 14.7l6.2 6.3 6.2-6.3c.2-.2.3-.5.3-.7s-.1-.5-.3-.7c-.2-.2-.4-.3-.7-.3h-11c-.3 0-.5.1-.7.3-.2.2-.3.5-.3.7s.1.5.3.7z\"\/><\/svg><\/span><\/span><\/span><\/a><\/span><\/div>\n<nav><ul class='ez-toc-list ez-toc-list-level-1 eztoc-toggle-hide-by-default' ><li class='ez-toc-page-1 ez-toc-heading-level-2'><a class=\"ez-toc-link ez-toc-heading-1\" href=\"https:\/\/www.mobilier-design-occasion.fr\/magazine\/comment-choisir-un-mobilier-de-cuisine-design-et-durable\/#Le_mobilier_de_cuisine_element_central_de_lamenagement\" >Le mobilier de cuisine, &eacute;l&eacute;ment central de l&rsquo;am&eacute;nagement<\/a><\/li><li class='ez-toc-page-1 ez-toc-heading-level-2'><a class=\"ez-toc-link ez-toc-heading-2\" href=\"https:\/\/www.mobilier-design-occasion.fr\/magazine\/comment-choisir-un-mobilier-de-cuisine-design-et-durable\/#Les_elements_cles_dun_mobilier_de_cuisine_reussi\" >Les &eacute;l&eacute;ments cl&eacute;s d&rsquo;un mobilier de cuisine r&eacute;ussi<\/a><\/li><li class='ez-toc-page-1 ez-toc-heading-level-2'><a class=\"ez-toc-link ez-toc-heading-3\" href=\"https:\/\/www.mobilier-design-occasion.fr\/magazine\/comment-choisir-un-mobilier-de-cuisine-design-et-durable\/#Le_mobilier_design_doccasion_une_alternative_interessante\" >Le mobilier design d&rsquo;occasion : une alternative int&eacute;ressante<\/a><\/li><\/ul><\/nav><\/div>\n\n<p data-start=\"772\" data-end=\"938\">Dans une cuisine moderne, les meubles ne servent plus uniquement &agrave; stocker. Ils structurent l&rsquo;espace et contribuent &agrave; cr&eacute;er une v&eacute;ritable <strong data-start=\"910\" data-end=\"937\">architecture int&eacute;rieure<\/strong>.<\/p>\n<p data-start=\"940\" data-end=\"984\">Un mobilier bien pens&eacute; permet notamment de :<\/p>\n<ul data-start=\"986\" data-end=\"1154\">\n<li data-section-id=\"1d9uvhf\" data-start=\"986\" data-end=\"1026\">optimiser les <strong data-start=\"1002\" data-end=\"1026\">zones de circulation<\/strong><\/li>\n<li data-section-id=\"y3dy97\" data-start=\"1027\" data-end=\"1062\">faciliter les gestes du quotidien<\/li>\n<li data-section-id=\"1cpg9vd\" data-start=\"1063\" data-end=\"1098\">valoriser les volumes de la pi&egrave;ce<\/li>\n<li data-section-id=\"1m17ce4\" data-start=\"1099\" data-end=\"1154\">int&eacute;grer discr&egrave;tement les &eacute;quipements &eacute;lectrom&eacute;nagers<\/li>\n<\/ul>\n<p data-start=\"1156\" data-end=\"1387\">Par exemple, les cuisines ouvertes sur le salon n&eacute;cessitent un mobilier particuli&egrave;rement soign&eacute;. Les meubles deviennent visibles depuis les espaces de vie et doivent donc s&rsquo;int&eacute;grer harmonieusement dans l&rsquo;ensemble de la d&eacute;coration.<\/p>\n<p data-start=\"1389\" data-end=\"1537\">Les tendances actuelles privil&eacute;gient des <strong data-start=\"1430\" data-end=\"1448\">lignes &eacute;pur&eacute;es<\/strong>, des fa&ccedil;ades sans poign&eacute;es et des mat&eacute;riaux nobles comme le bois, la pierre ou le m&eacute;tal.<\/p>\n<h2 data-section-id=\"1lc2ouq\" data-start=\"1539\" data-end=\"1591\"><span class=\"ez-toc-section\" id=\"Les_elements_cles_dun_mobilier_de_cuisine_reussi\"><\/span>Les &eacute;l&eacute;ments cl&eacute;s d&rsquo;un mobilier de cuisine r&eacute;ussi<span class=\"ez-toc-section-end\"><\/span><\/h2>\n<p data-start=\"1593\" data-end=\"1715\">Pour cr&eacute;er une cuisine &agrave; la fois &eacute;l&eacute;gante et fonctionnelle, plusieurs types de meubles doivent &ecirc;tre soigneusement choisis.<\/p>\n<p data-start=\"1717\" data-end=\"1753\">Parmi les &eacute;l&eacute;ments incontournables :<\/p>\n<ul data-start=\"1755\" data-end=\"2120\">\n<li data-section-id=\"3v2n3w\" data-start=\"1755\" data-end=\"1855\"><strong data-start=\"1757\" data-end=\"1776\">Les meubles bas<\/strong>, qui supportent le plan de travail et offrent un acc&egrave;s facile aux rangements<\/li>\n<li data-section-id=\"1xvs83\" data-start=\"1856\" data-end=\"1949\"><strong data-start=\"1858\" data-end=\"1879\">Les meubles hauts<\/strong>, id&eacute;aux pour maximiser l&rsquo;espace de stockage sans encombrer la pi&egrave;ce<\/li>\n<li data-section-id=\"p2j7dx\" data-start=\"1950\" data-end=\"2025\"><strong data-start=\"1952\" data-end=\"1970\">L&rsquo;&icirc;lot central<\/strong>, devenu un &eacute;l&eacute;ment phare des cuisines contemporaines<\/li>\n<li data-section-id=\"ua71gb\" data-start=\"2026\" data-end=\"2120\"><strong data-start=\"2028\" data-end=\"2057\">Les colonnes de rangement<\/strong>, parfaites pour int&eacute;grer four, r&eacute;frig&eacute;rateur ou garde-manger<\/li>\n<\/ul>\n<p data-start=\"2122\" data-end=\"2420\">Ces &eacute;l&eacute;ments permettent de structurer l&rsquo;espace tout en conservant une circulation fluide. Un bon mobilier de cuisine doit &eacute;galement proposer des <strong data-start=\"2267\" data-end=\"2307\">solutions de rangement intelligentes<\/strong> : tiroirs coulissants, meubles d&rsquo;angle optimis&eacute;s, compartiments modulables ou syst&egrave;mes d&rsquo;ouverture ergonomiques.<\/p>\n<h2 data-section-id=\"ncu96d\" data-start=\"2422\" data-end=\"2485\"><span class=\"ez-toc-section\" id=\"Le_mobilier_design_doccasion_une_alternative_interessante\"><\/span>Le mobilier design d&rsquo;occasion : une alternative int&eacute;ressante<span class=\"ez-toc-section-end\"><\/span><\/h2>\n<p data-start=\"2487\" data-end=\"2742\">Aujourd&rsquo;hui, de plus en plus de particuliers s&rsquo;int&eacute;ressent au <strong data-start=\"2549\" data-end=\"2579\">mobilier design d&rsquo;occasion<\/strong> pour &eacute;quiper leur cuisine. Cette tendance r&eacute;pond &agrave; plusieurs enjeux : r&eacute;duire les co&ucirc;ts, consommer de mani&egrave;re plus responsable et acc&eacute;der &agrave; des pi&egrave;ces de qualit&eacute;.<\/p>\n<p data-start=\"2744\" data-end=\"2819\">Opter pour du mobilier de cuisine d&rsquo;occasion pr&eacute;sente plusieurs avantages :<\/p>\n<ul data-start=\"2821\" data-end=\"3061\">\n<li data-section-id=\"4hyqry\" data-start=\"2821\" data-end=\"2893\"><strong data-start=\"2823\" data-end=\"2861\">r&eacute;aliser des &eacute;conomies importantes<\/strong> sur des meubles haut de gamme<\/li>\n<li data-section-id=\"1uyl2r7\" data-start=\"2894\" data-end=\"2945\">donner une seconde vie &agrave; du mobilier de qualit&eacute;<\/li>\n<li data-section-id=\"1rqb33h\" data-start=\"2946\" data-end=\"3007\">cr&eacute;er une cuisine avec du caract&egrave;re et une identit&eacute; forte<\/li>\n<li data-section-id=\"olxlq1\" data-start=\"3008\" data-end=\"3061\">adopter une d&eacute;marche plus <strong data-start=\"3036\" data-end=\"3061\">&eacute;cologique et durable<\/strong><\/li>\n<\/ul>\n<p data-start=\"3063\" data-end=\"3260\">Certains meubles design traversent les ann&eacute;es sans perdre leur &eacute;l&eacute;gance. Associ&eacute;s &agrave; des &eacute;l&eacute;ments contemporains, ils permettent de cr&eacute;er une cuisine unique, m&eacute;langeant <strong data-start=\"3230\" data-end=\"3259\">modernit&eacute; et authenticit&eacute;<\/strong>.<\/p>\n<p data-start=\"3262\" data-end=\"3517\" data-is-last-node=\"\" data-is-only-node=\"\">Au final, le mobilier de cuisine reste l&rsquo;un des piliers d&rsquo;un am&eacute;nagement r&eacute;ussi. En prenant le temps de s&eacute;lectionner des meubles &agrave; la fois esth&eacute;tiques, pratiques et durables, il est possible de transformer une simple cuisine en un v&eacute;ritable espace de vie.<\/p>\n<\/article>\n","protected":false},"excerpt":{"rendered":"<p>La cuisine est devenue l&rsquo;une des pi&egrave;ces les plus importantes de la maison. Longtemps consid&eacute;r&eacute;e comme un simple espace fonctionnel, elle est aujourd&rsquo;hui au c&oelig;ur de la vie quotidienne. On y cuisine, on y re&ccedil;oit, on y partage des moments en famille. Dans ce contexte, le mobilier de cuisine design joue un r&ocirc;le cl&eacute; pour [&hellip;]<\/p>\n","protected":false},"author":2,"featured_media":8895,"comment_status":"open","ping_status":"open","sticky":false,"template":"","format":"standard","meta":{"footnotes":""},"categories":[121],"tags":[],"class_list":["post-8893","post","type-post","status-publish","format-standard","has-post-thumbnail","hentry","category-cuisine"],"yoast_head":"<!-- This site is optimized with the Yoast SEO plugin v27.5 - https:\/\/yoast.com\/product\/yoast-seo-wordpress\/ -->\n<title>Mobilier de cuisine design : comment bien choisir ses meubles<\/title>\n<meta name=\"description\" content=\"D\u00e9couvrez comment choisir un mobilier de cuisine design durable et fonctionnel. Conseils pour am\u00e9nager une cuisine moderne et optimiser l\u2019espace.\" \/>\n<meta name=\"robots\" content=\"index, follow, max-snippet:-1, max-image-preview:large, max-video-preview:-1\" \/>\n<link rel=\"canonical\" href=\"https:\/\/www.mobilier-design-occasion.fr\/magazine\/comment-choisir-un-mobilier-de-cuisine-design-et-durable\/\" \/>\n<meta property=\"og:locale\" content=\"fr_FR\" \/>\n<meta property=\"og:type\" content=\"article\" \/>\n<meta property=\"og:title\" content=\"Mobilier de cuisine design : comment bien choisir ses meubles\" \/>\n<meta property=\"og:description\" content=\"D\u00e9couvrez comment choisir un mobilier de cuisine design durable et fonctionnel. Conseils pour am\u00e9nager une cuisine moderne et optimiser l\u2019espace.\" \/>\n<meta property=\"og:url\" content=\"https:\/\/www.mobilier-design-occasion.fr\/magazine\/comment-choisir-un-mobilier-de-cuisine-design-et-durable\/\" \/>\n<meta property=\"og:site_name\" content=\"Mobilier Design Magazine\" \/>\n<meta property=\"article:publisher\" content=\"https:\/\/www.facebook.com\/mobilierdesignoccasion\" \/>\n<meta property=\"article:published_time\" content=\"2026-03-13T17:44:20+00:00\" \/>\n<meta property=\"og:image\" content=\"https:\/\/www.mobilier-design-occasion.fr\/magazine\/wp-content\/uploads\/2026\/03\/8084e2730a0a661c58dda3644e54ecb6-scaled.jpg\" \/>\n\t<meta property=\"og:image:width\" content=\"1387\" \/>\n\t<meta property=\"og:image:height\" content=\"2048\" \/>\n\t<meta property=\"og:image:type\" content=\"image\/jpeg\" \/>\n<meta name=\"author\" content=\"Vincent Vandegans\" \/>\n<meta name=\"twitter:card\" content=\"summary_large_image\" \/>\n<meta name=\"twitter:label1\" content=\"\u00c9crit par\" \/>\n\t<meta name=\"twitter:data1\" content=\"Vincent Vandegans\" \/>\n\t<meta name=\"twitter:label2\" content=\"Dur\u00e9e de lecture estim\u00e9e\" \/>\n\t<meta name=\"twitter:data2\" content=\"4 minutes\" \/>\n<script type=\"application\/ld+json\" class=\"yoast-schema-graph\">{\"@context\":\"https:\\\/\\\/schema.org\",\"@graph\":[{\"@type\":\"Article\",\"@id\":\"https:\\\/\\\/www.mobilier-design-occasion.fr\\\/magazine\\\/comment-choisir-un-mobilier-de-cuisine-design-et-durable\\\/#article\",\"isPartOf\":{\"@id\":\"https:\\\/\\\/www.mobilier-design-occasion.fr\\\/magazine\\\/comment-choisir-un-mobilier-de-cuisine-design-et-durable\\\/\"},\"author\":{\"name\":\"Vincent Vandegans\",\"@id\":\"https:\\\/\\\/www.mobilier-design-occasion.fr\\\/magazine\\\/#\\\/schema\\\/person\\\/af895bedc80bfb6b17730a672fddac9e\"},\"headline\":\"Comment choisir un mobilier de cuisine design et durable\",\"datePublished\":\"2026-03-13T17:44:20+00:00\",\"mainEntityOfPage\":{\"@id\":\"https:\\\/\\\/www.mobilier-design-occasion.fr\\\/magazine\\\/comment-choisir-un-mobilier-de-cuisine-design-et-durable\\\/\"},\"wordCount\":714,\"commentCount\":0,\"publisher\":{\"@id\":\"https:\\\/\\\/www.mobilier-design-occasion.fr\\\/magazine\\\/#organization\"},\"image\":{\"@id\":\"https:\\\/\\\/www.mobilier-design-occasion.fr\\\/magazine\\\/comment-choisir-un-mobilier-de-cuisine-design-et-durable\\\/#primaryimage\"},\"thumbnailUrl\":\"https:\\\/\\\/www.mobilier-design-occasion.fr\\\/magazine\\\/wp-content\\\/uploads\\\/2026\\\/03\\\/8084e2730a0a661c58dda3644e54ecb6-scaled.jpg\",\"articleSection\":[\"Cuisine\"],\"inLanguage\":\"fr-FR\",\"potentialAction\":[{\"@type\":\"CommentAction\",\"name\":\"Comment\",\"target\":[\"https:\\\/\\\/www.mobilier-design-occasion.fr\\\/magazine\\\/comment-choisir-un-mobilier-de-cuisine-design-et-durable\\\/#respond\"]}]},{\"@type\":\"WebPage\",\"@id\":\"https:\\\/\\\/www.mobilier-design-occasion.fr\\\/magazine\\\/comment-choisir-un-mobilier-de-cuisine-design-et-durable\\\/\",\"url\":\"https:\\\/\\\/www.mobilier-design-occasion.fr\\\/magazine\\\/comment-choisir-un-mobilier-de-cuisine-design-et-durable\\\/\",\"name\":\"Mobilier de cuisine design : comment bien choisir ses meubles\",\"isPartOf\":{\"@id\":\"https:\\\/\\\/www.mobilier-design-occasion.fr\\\/magazine\\\/#website\"},\"primaryImageOfPage\":{\"@id\":\"https:\\\/\\\/www.mobilier-design-occasion.fr\\\/magazine\\\/comment-choisir-un-mobilier-de-cuisine-design-et-durable\\\/#primaryimage\"},\"image\":{\"@id\":\"https:\\\/\\\/www.mobilier-design-occasion.fr\\\/magazine\\\/comment-choisir-un-mobilier-de-cuisine-design-et-durable\\\/#primaryimage\"},\"thumbnailUrl\":\"https:\\\/\\\/www.mobilier-design-occasion.fr\\\/magazine\\\/wp-content\\\/uploads\\\/2026\\\/03\\\/8084e2730a0a661c58dda3644e54ecb6-scaled.jpg\",\"datePublished\":\"2026-03-13T17:44:20+00:00\",\"description\":\"D\u00e9couvrez comment choisir un mobilier de cuisine design durable et fonctionnel. Conseils pour am\u00e9nager une cuisine moderne et optimiser l\u2019espace.\",\"breadcrumb\":{\"@id\":\"https:\\\/\\\/www.mobilier-design-occasion.fr\\\/magazine\\\/comment-choisir-un-mobilier-de-cuisine-design-et-durable\\\/#breadcrumb\"},\"inLanguage\":\"fr-FR\",\"potentialAction\":[{\"@type\":\"ReadAction\",\"target\":[\"https:\\\/\\\/www.mobilier-design-occasion.fr\\\/magazine\\\/comment-choisir-un-mobilier-de-cuisine-design-et-durable\\\/\"]}]},{\"@type\":\"ImageObject\",\"inLanguage\":\"fr-FR\",\"@id\":\"https:\\\/\\\/www.mobilier-design-occasion.fr\\\/magazine\\\/comment-choisir-un-mobilier-de-cuisine-design-et-durable\\\/#primaryimage\",\"url\":\"https:\\\/\\\/www.mobilier-design-occasion.fr\\\/magazine\\\/wp-content\\\/uploads\\\/2026\\\/03\\\/8084e2730a0a661c58dda3644e54ecb6-scaled.jpg\",\"contentUrl\":\"https:\\\/\\\/www.mobilier-design-occasion.fr\\\/magazine\\\/wp-content\\\/uploads\\\/2026\\\/03\\\/8084e2730a0a661c58dda3644e54ecb6-scaled.jpg\",\"width\":1387,\"height\":2048},{\"@type\":\"BreadcrumbList\",\"@id\":\"https:\\\/\\\/www.mobilier-design-occasion.fr\\\/magazine\\\/comment-choisir-un-mobilier-de-cuisine-design-et-durable\\\/#breadcrumb\",\"itemListElement\":[{\"@type\":\"ListItem\",\"position\":1,\"name\":\"Accueil\",\"item\":\"https:\\\/\\\/www.mobilier-design-occasion.fr\\\/magazine\\\/\"},{\"@type\":\"ListItem\",\"position\":2,\"name\":\"Comment choisir un mobilier de cuisine design et durable\"}]},{\"@type\":\"WebSite\",\"@id\":\"https:\\\/\\\/www.mobilier-design-occasion.fr\\\/magazine\\\/#website\",\"url\":\"https:\\\/\\\/www.mobilier-design-occasion.fr\\\/magazine\\\/\",\"name\":\"Mobilier Design Magazine\",\"description\":\"\",\"publisher\":{\"@id\":\"https:\\\/\\\/www.mobilier-design-occasion.fr\\\/magazine\\\/#organization\"},\"potentialAction\":[{\"@type\":\"SearchAction\",\"target\":{\"@type\":\"EntryPoint\",\"urlTemplate\":\"https:\\\/\\\/www.mobilier-design-occasion.fr\\\/magazine\\\/?s={search_term_string}\"},\"query-input\":{\"@type\":\"PropertyValueSpecification\",\"valueRequired\":true,\"valueName\":\"search_term_string\"}}],\"inLanguage\":\"fr-FR\"},{\"@type\":\"Organization\",\"@id\":\"https:\\\/\\\/www.mobilier-design-occasion.fr\\\/magazine\\\/#organization\",\"name\":\"Mobilier Design Magazine\",\"url\":\"https:\\\/\\\/www.mobilier-design-occasion.fr\\\/magazine\\\/\",\"logo\":{\"@type\":\"ImageObject\",\"inLanguage\":\"fr-FR\",\"@id\":\"https:\\\/\\\/www.mobilier-design-occasion.fr\\\/magazine\\\/#\\\/schema\\\/logo\\\/image\\\/\",\"url\":\"https:\\\/\\\/www.mobilier-design-occasion.fr\\\/magazine\\\/wp-content\\\/uploads\\\/2024\\\/02\\\/android-chrome-192x192-1.png\",\"contentUrl\":\"https:\\\/\\\/www.mobilier-design-occasion.fr\\\/magazine\\\/wp-content\\\/uploads\\\/2024\\\/02\\\/android-chrome-192x192-1.png\",\"width\":192,\"height\":192,\"caption\":\"Mobilier Design Magazine\"},\"image\":{\"@id\":\"https:\\\/\\\/www.mobilier-design-occasion.fr\\\/magazine\\\/#\\\/schema\\\/logo\\\/image\\\/\"},\"sameAs\":[\"https:\\\/\\\/www.facebook.com\\\/mobilierdesignoccasion\"]},{\"@type\":\"Person\",\"@id\":\"https:\\\/\\\/www.mobilier-design-occasion.fr\\\/magazine\\\/#\\\/schema\\\/person\\\/af895bedc80bfb6b17730a672fddac9e\",\"name\":\"Vincent Vandegans\",\"image\":{\"@type\":\"ImageObject\",\"inLanguage\":\"fr-FR\",\"@id\":\"https:\\\/\\\/secure.gravatar.com\\\/avatar\\\/b984800dabdf722d5e3f03f637c8932dea77d81118467d17ad2953e3b273ec66?s=96&d=mm&r=g\",\"url\":\"https:\\\/\\\/secure.gravatar.com\\\/avatar\\\/b984800dabdf722d5e3f03f637c8932dea77d81118467d17ad2953e3b273ec66?s=96&d=mm&r=g\",\"contentUrl\":\"https:\\\/\\\/secure.gravatar.com\\\/avatar\\\/b984800dabdf722d5e3f03f637c8932dea77d81118467d17ad2953e3b273ec66?s=96&d=mm&r=g\",\"caption\":\"Vincent Vandegans\"},\"description\":\"Vincent est passionn\u00e9 par les produits d'occasion, il a ouvert le site MDO avec Cyrielle pour aider les gens \u00e0 trouver du mobilier d'occasion, vintage ou usag\u00e9. Depuis, ils ont \u00e9tendu leurs activit\u00e9s et conseillent tout le monde sur le mobilier d'int\u00e9rieur et d'ext\u00e9rieur au quotidien \u00e0 travers le magazine MDO.\",\"url\":\"https:\\\/\\\/www.mobilier-design-occasion.fr\\\/magazine\\\/author\\\/vincent\\\/\"}]}<\/script>\n<!-- \/ Yoast SEO plugin. -->","yoast_head_json":{"title":"Mobilier de cuisine design : comment bien choisir ses meubles","description":"D\u00e9couvrez comment choisir un mobilier de cuisine design durable et fonctionnel. Conseils pour am\u00e9nager une cuisine moderne et optimiser l\u2019espace.","robots":{"index":"index","follow":"follow","max-snippet":"max-snippet:-1","max-image-preview":"max-image-preview:large","max-video-preview":"max-video-preview:-1"},"canonical":"https:\/\/www.mobilier-design-occasion.fr\/magazine\/comment-choisir-un-mobilier-de-cuisine-design-et-durable\/","og_locale":"fr_FR","og_type":"article","og_title":"Mobilier de cuisine design : comment bien choisir ses meubles","og_description":"D\u00e9couvrez comment choisir un mobilier de cuisine design durable et fonctionnel. Conseils pour am\u00e9nager une cuisine moderne et optimiser l\u2019espace.","og_url":"https:\/\/www.mobilier-design-occasion.fr\/magazine\/comment-choisir-un-mobilier-de-cuisine-design-et-durable\/","og_site_name":"Mobilier Design Magazine","article_publisher":"https:\/\/www.facebook.com\/mobilierdesignoccasion","article_published_time":"2026-03-13T17:44:20+00:00","og_image":[{"width":1387,"height":2048,"url":"https:\/\/www.mobilier-design-occasion.fr\/magazine\/wp-content\/uploads\/2026\/03\/8084e2730a0a661c58dda3644e54ecb6-scaled.jpg","type":"image\/jpeg"}],"author":"Vincent Vandegans","twitter_card":"summary_large_image","twitter_misc":{"\u00c9crit par":"Vincent Vandegans","Dur\u00e9e de lecture estim\u00e9e":"4 minutes"},"schema":{"@context":"https:\/\/schema.org","@graph":[{"@type":"Article","@id":"https:\/\/www.mobilier-design-occasion.fr\/magazine\/comment-choisir-un-mobilier-de-cuisine-design-et-durable\/#article","isPartOf":{"@id":"https:\/\/www.mobilier-design-occasion.fr\/magazine\/comment-choisir-un-mobilier-de-cuisine-design-et-durable\/"},"author":{"name":"Vincent Vandegans","@id":"https:\/\/www.mobilier-design-occasion.fr\/magazine\/#\/schema\/person\/af895bedc80bfb6b17730a672fddac9e"},"headline":"Comment choisir un mobilier de cuisine design et durable","datePublished":"2026-03-13T17:44:20+00:00","mainEntityOfPage":{"@id":"https:\/\/www.mobilier-design-occasion.fr\/magazine\/comment-choisir-un-mobilier-de-cuisine-design-et-durable\/"},"wordCount":714,"commentCount":0,"publisher":{"@id":"https:\/\/www.mobilier-design-occasion.fr\/magazine\/#organization"},"image":{"@id":"https:\/\/www.mobilier-design-occasion.fr\/magazine\/comment-choisir-un-mobilier-de-cuisine-design-et-durable\/#primaryimage"},"thumbnailUrl":"https:\/\/www.mobilier-design-occasion.fr\/magazine\/wp-content\/uploads\/2026\/03\/8084e2730a0a661c58dda3644e54ecb6-scaled.jpg","articleSection":["Cuisine"],"inLanguage":"fr-FR","potentialAction":[{"@type":"CommentAction","name":"Comment","target":["https:\/\/www.mobilier-design-occasion.fr\/magazine\/comment-choisir-un-mobilier-de-cuisine-design-et-durable\/#respond"]}]},{"@type":"WebPage","@id":"https:\/\/www.mobilier-design-occasion.fr\/magazine\/comment-choisir-un-mobilier-de-cuisine-design-et-durable\/","url":"https:\/\/www.mobilier-design-occasion.fr\/magazine\/comment-choisir-un-mobilier-de-cuisine-design-et-durable\/","name":"Mobilier de cuisine design : comment bien choisir ses meubles","isPartOf":{"@id":"https:\/\/www.mobilier-design-occasion.fr\/magazine\/#website"},"primaryImageOfPage":{"@id":"https:\/\/www.mobilier-design-occasion.fr\/magazine\/comment-choisir-un-mobilier-de-cuisine-design-et-durable\/#primaryimage"},"image":{"@id":"https:\/\/www.mobilier-design-occasion.fr\/magazine\/comment-choisir-un-mobilier-de-cuisine-design-et-durable\/#primaryimage"},"thumbnailUrl":"https:\/\/www.mobilier-design-occasion.fr\/magazine\/wp-content\/uploads\/2026\/03\/8084e2730a0a661c58dda3644e54ecb6-scaled.jpg","datePublished":"2026-03-13T17:44:20+00:00","description":"D\u00e9couvrez comment choisir un mobilier de cuisine design durable et fonctionnel. Conseils pour am\u00e9nager une cuisine moderne et optimiser l\u2019espace.","breadcrumb":{"@id":"https:\/\/www.mobilier-design-occasion.fr\/magazine\/comment-choisir-un-mobilier-de-cuisine-design-et-durable\/#breadcrumb"},"inLanguage":"fr-FR","potentialAction":[{"@type":"ReadAction","target":["https:\/\/www.mobilier-design-occasion.fr\/magazine\/comment-choisir-un-mobilier-de-cuisine-design-et-durable\/"]}]},{"@type":"ImageObject","inLanguage":"fr-FR","@id":"https:\/\/www.mobilier-design-occasion.fr\/magazine\/comment-choisir-un-mobilier-de-cuisine-design-et-durable\/#primaryimage","url":"https:\/\/www.mobilier-design-occasion.fr\/magazine\/wp-content\/uploads\/2026\/03\/8084e2730a0a661c58dda3644e54ecb6-scaled.jpg","contentUrl":"https:\/\/www.mobilier-design-occasion.fr\/magazine\/wp-content\/uploads\/2026\/03\/8084e2730a0a661c58dda3644e54ecb6-scaled.jpg","width":1387,"height":2048},{"@type":"BreadcrumbList","@id":"https:\/\/www.mobilier-design-occasion.fr\/magazine\/comment-choisir-un-mobilier-de-cuisine-design-et-durable\/#breadcrumb","itemListElement":[{"@type":"ListItem","position":1,"name":"Accueil","item":"https:\/\/www.mobilier-design-occasion.fr\/magazine\/"},{"@type":"ListItem","position":2,"name":"Comment choisir un mobilier de cuisine design et durable"}]},{"@type":"WebSite","@id":"https:\/\/www.mobilier-design-occasion.fr\/magazine\/#website","url":"https:\/\/www.mobilier-design-occasion.fr\/magazine\/","name":"Mobilier Design Magazine","description":"","publisher":{"@id":"https:\/\/www.mobilier-design-occasion.fr\/magazine\/#organization"},"potentialAction":[{"@type":"SearchAction","target":{"@type":"EntryPoint","urlTemplate":"https:\/\/www.mobilier-design-occasion.fr\/magazine\/?s={search_term_string}"},"query-input":{"@type":"PropertyValueSpecification","valueRequired":true,"valueName":"search_term_string"}}],"inLanguage":"fr-FR"},{"@type":"Organization","@id":"https:\/\/www.mobilier-design-occasion.fr\/magazine\/#organization","name":"Mobilier Design Magazine","url":"https:\/\/www.mobilier-design-occasion.fr\/magazine\/","logo":{"@type":"ImageObject","inLanguage":"fr-FR","@id":"https:\/\/www.mobilier-design-occasion.fr\/magazine\/#\/schema\/logo\/image\/","url":"https:\/\/www.mobilier-design-occasion.fr\/magazine\/wp-content\/uploads\/2024\/02\/android-chrome-192x192-1.png","contentUrl":"https:\/\/www.mobilier-design-occasion.fr\/magazine\/wp-content\/uploads\/2024\/02\/android-chrome-192x192-1.png","width":192,"height":192,"caption":"Mobilier Design Magazine"},"image":{"@id":"https:\/\/www.mobilier-design-occasion.fr\/magazine\/#\/schema\/logo\/image\/"},"sameAs":["https:\/\/www.facebook.com\/mobilierdesignoccasion"]},{"@type":"Person","@id":"https:\/\/www.mobilier-design-occasion.fr\/magazine\/#\/schema\/person\/af895bedc80bfb6b17730a672fddac9e","name":"Vincent Vandegans","image":{"@type":"ImageObject","inLanguage":"fr-FR","@id":"https:\/\/secure.gravatar.com\/avatar\/b984800dabdf722d5e3f03f637c8932dea77d81118467d17ad2953e3b273ec66?s=96&d=mm&r=g","url":"https:\/\/secure.gravatar.com\/avatar\/b984800dabdf722d5e3f03f637c8932dea77d81118467d17ad2953e3b273ec66?s=96&d=mm&r=g","contentUrl":"https:\/\/secure.gravatar.com\/avatar\/b984800dabdf722d5e3f03f637c8932dea77d81118467d17ad2953e3b273ec66?s=96&d=mm&r=g","caption":"Vincent Vandegans"},"description":"Vincent est passionn\u00e9 par les produits d'occasion, il a ouvert le site MDO avec Cyrielle pour aider les gens \u00e0 trouver du mobilier d'occasion, vintage ou usag\u00e9. Depuis, ils ont \u00e9tendu leurs activit\u00e9s et conseillent tout le monde sur le mobilier d'int\u00e9rieur et d'ext\u00e9rieur au quotidien \u00e0 travers le magazine MDO.","url":"https:\/\/www.mobilier-design-occasion.fr\/magazine\/author\/vincent\/"}]}},"_links":{"self":[{"href":"https:\/\/www.mobilier-design-occasion.fr\/magazine\/wp-json\/wp\/v2\/posts\/8893","targetHints":{"allow":["GET"]}}],"collection":[{"href":"https:\/\/www.mobilier-design-occasion.fr\/magazine\/wp-json\/wp\/v2\/posts"}],"about":[{"href":"https:\/\/www.mobilier-design-occasion.fr\/magazine\/wp-json\/wp\/v2\/types\/post"}],"author":[{"embeddable":true,"href":"https:\/\/www.mobilier-design-occasion.fr\/magazine\/wp-json\/wp\/v2\/users\/2"}],"replies":[{"embeddable":true,"href":"https:\/\/www.mobilier-design-occasion.fr\/magazine\/wp-json\/wp\/v2\/comments?post=8893"}],"version-history":[{"count":1,"href":"https:\/\/www.mobilier-design-occasion.fr\/magazine\/wp-json\/wp\/v2\/posts\/8893\/revisions"}],"predecessor-version":[{"id":8894,"href":"https:\/\/www.mobilier-design-occasion.fr\/magazine\/wp-json\/wp\/v2\/posts\/8893\/revisions\/8894"}],"wp:featuredmedia":[{"embeddable":true,"href":"https:\/\/www.mobilier-design-occasion.fr\/magazine\/wp-json\/wp\/v2\/media\/8895"}],"wp:attachment":[{"href":"https:\/\/www.mobilier-design-occasion.fr\/magazine\/wp-json\/wp\/v2\/media?parent=8893"}],"wp:term":[{"taxonomy":"category","embeddable":true,"href":"https:\/\/www.mobilier-design-occasion.fr\/magazine\/wp-json\/wp\/v2\/categories?post=8893"},{"taxonomy":"post_tag","embeddable":true,"href":"https:\/\/www.mobilier-design-occasion.fr\/magazine\/wp-json\/wp\/v2\/tags?post=8893"}],"curies":[{"name":"wp","href":"https:\/\/api.w.org\/{rel}","templated":true}]}}