{"id":8890,"date":"2026-03-13T09:57:17","date_gmt":"2026-03-13T09:57:17","guid":{"rendered":"https:\/\/www.mobilier-design-occasion.fr\/magazine\/?p=8890"},"modified":"2026-03-13T09:57:18","modified_gmt":"2026-03-13T09:57:18","slug":"carrelage-imitation-parquet-le-meilleur-des-deux-mondes-pour-votre-interieur","status":"publish","type":"post","link":"https:\/\/www.mobilier-design-occasion.fr\/magazine\/carrelage-imitation-parquet-le-meilleur-des-deux-mondes-pour-votre-interieur\/","title":{"rendered":"Carrelage imitation parquet : le meilleur des deux mondes pour votre int\u00e9rieur"},"content":{"rendered":"\n<p>Le parquet a longtemps r\u00e9gn\u00e9 en ma\u00eetre dans nos int\u00e9rieurs. Chaleureux, \u00e9l\u00e9gant, naturel, il incarne une certaine id\u00e9e du confort \u00e0 la maison. Pourtant, son entretien exigeant, sa sensibilit\u00e9 \u00e0 l&#8217;humidit\u00e9 et son co\u00fbt parfois \u00e9lev\u00e9 poussent de plus en plus de propri\u00e9taires \u00e0 chercher une alternative. C&#8217;est l\u00e0 que le carrelage imitation parquet s&#8217;impose comme la solution id\u00e9ale.<\/p>\n\n\n\n<hr class=\"wp-block-separator has-alpha-channel-opacity\"\/>\n\n\n\n<h3 class=\"wp-block-heading\"><span class=\"ez-toc-section\" id=\"Quest-ce_que_le_carrelage_imitation_parquet\"><\/span>Qu&#8217;est-ce que le carrelage imitation parquet ?<span class=\"ez-toc-section-end\"><\/span><\/h3><div id=\"ez-toc-container\" class=\"ez-toc-v2_0_82_2 counter-hierarchy ez-toc-counter ez-toc-grey ez-toc-container-direction\">\n<div class=\"ez-toc-title-container\">\n<span class=\"ez-toc-title-toggle\"><a href=\"#\" class=\"ez-toc-pull-right ez-toc-btn ez-toc-btn-xs ez-toc-btn-default ez-toc-toggle\" aria-label=\"Toggle Table of Content\"><span class=\"ez-toc-js-icon-con\"><span class=\"\"><span class=\"eztoc-hide\" style=\"display:none;\">Toggle<\/span><span class=\"ez-toc-icon-toggle-span\"><svg style=\"fill: #999;color:#999\" xmlns=\"http:\/\/www.w3.org\/2000\/svg\" class=\"list-377408\" width=\"20px\" height=\"20px\" viewBox=\"0 0 24 24\" fill=\"none\"><path d=\"M6 6H4v2h2V6zm14 0H8v2h12V6zM4 11h2v2H4v-2zm16 0H8v2h12v-2zM4 16h2v2H4v-2zm16 0H8v2h12v-2z\" fill=\"currentColor\"><\/path><\/svg><svg style=\"fill: #999;color:#999\" class=\"arrow-unsorted-368013\" xmlns=\"http:\/\/www.w3.org\/2000\/svg\" width=\"10px\" height=\"10px\" viewBox=\"0 0 24 24\" version=\"1.2\" baseProfile=\"tiny\"><path d=\"M18.2 9.3l-6.2-6.3-6.2 6.3c-.2.2-.3.4-.3.7s.1.5.3.7c.2.2.4.3.7.3h11c.3 0 .5-.1.7-.3.2-.2.3-.5.3-.7s-.1-.5-.3-.7zM5.8 14.7l6.2 6.3 6.2-6.3c.2-.2.3-.5.3-.7s-.1-.5-.3-.7c-.2-.2-.4-.3-.7-.3h-11c-.3 0-.5.1-.7.3-.2.2-.3.5-.3.7s.1.5.3.7z\"\/><\/svg><\/span><\/span><\/span><\/a><\/span><\/div>\n<nav><ul class='ez-toc-list ez-toc-list-level-1 eztoc-toggle-hide-by-default' ><li class='ez-toc-page-1 ez-toc-heading-level-3'><a class=\"ez-toc-link ez-toc-heading-1\" href=\"https:\/\/www.mobilier-design-occasion.fr\/magazine\/carrelage-imitation-parquet-le-meilleur-des-deux-mondes-pour-votre-interieur\/#Quest-ce_que_le_carrelage_imitation_parquet\" >Qu&#8217;est-ce que le carrelage imitation parquet ?<\/a><\/li><li class='ez-toc-page-1 ez-toc-heading-level-3'><a class=\"ez-toc-link ez-toc-heading-2\" href=\"https:\/\/www.mobilier-design-occasion.fr\/magazine\/carrelage-imitation-parquet-le-meilleur-des-deux-mondes-pour-votre-interieur\/#Les_avantages_concrets_face_au_parquet_bois\" >Les avantages concrets face au parquet bois<\/a><\/li><li class='ez-toc-page-1 ez-toc-heading-level-3'><a class=\"ez-toc-link ez-toc-heading-3\" href=\"https:\/\/www.mobilier-design-occasion.fr\/magazine\/carrelage-imitation-parquet-le-meilleur-des-deux-mondes-pour-votre-interieur\/#Dans_quelles_pieces_lutiliser\" >Dans quelles pi\u00e8ces l&#8217;utiliser ?<\/a><\/li><li class='ez-toc-page-1 ez-toc-heading-level-3'><a class=\"ez-toc-link ez-toc-heading-4\" href=\"https:\/\/www.mobilier-design-occasion.fr\/magazine\/carrelage-imitation-parquet-le-meilleur-des-deux-mondes-pour-votre-interieur\/#Conseils_pour_choisir_le_bon_modele\" >Conseils pour choisir le bon mod\u00e8le<\/a><\/li><li class='ez-toc-page-1 ez-toc-heading-level-3'><a class=\"ez-toc-link ez-toc-heading-5\" href=\"https:\/\/www.mobilier-design-occasion.fr\/magazine\/carrelage-imitation-parquet-le-meilleur-des-deux-mondes-pour-votre-interieur\/#Ou_trouver_un_large_choix_de_references\" >O\u00f9 trouver un large choix de r\u00e9f\u00e9rences ?<\/a><\/li><li class='ez-toc-page-1 ez-toc-heading-level-3'><a class=\"ez-toc-link ez-toc-heading-6\" href=\"https:\/\/www.mobilier-design-occasion.fr\/magazine\/carrelage-imitation-parquet-le-meilleur-des-deux-mondes-pour-votre-interieur\/#En_resume\" >En r\u00e9sum\u00e9<\/a><\/li><\/ul><\/nav><\/div>\n\n\n\n\n<p>Il s&#8217;agit d&#8217;un carrelage en gr\u00e8s c\u00e9rame, fabriqu\u00e9 \u00e0 partir d&#8217;argile et de min\u00e9raux cuits \u00e0 tr\u00e8s haute temp\u00e9rature, dont la surface est imprim\u00e9e num\u00e9riquement pour reproduire fid\u00e8lement les veines, les noeuds et les variations de teinte du bois. Le r\u00e9sultat est visuellement tr\u00e8s convaincant, au point qu&#8217;on distingue \u00e0 peine la diff\u00e9rence avec un vrai parquet \u00e0 premi\u00e8re vue.<\/p>\n\n\n\n<p>Les formats disponibles sont vari\u00e9s. On trouve des lames longues et \u00e9troites (type 20&#215;120 cm ou 30&#215;120 cm) qui imitent les planches de parquet traditionnel, mais aussi des formats plus modernes comme le chevron ou le point de Hongrie, pour des poses d\u00e9coratives.<\/p>\n\n\n\n<hr class=\"wp-block-separator has-alpha-channel-opacity\"\/>\n\n\n\n<h3 class=\"wp-block-heading\"><span class=\"ez-toc-section\" id=\"Les_avantages_concrets_face_au_parquet_bois\"><\/span>Les avantages concrets face au parquet bois<span class=\"ez-toc-section-end\"><\/span><\/h3>\n\n\n\n<p><strong>R\u00e9sistance \u00e0 l&#8217;eau.<\/strong> Le gr\u00e8s c\u00e9rame ne gonfle pas, ne se raye pas avec l&#8217;humidit\u00e9 et supporte parfaitement les pi\u00e8ces humides comme la salle de bains, la cuisine ou une buanderie. Un vrai parquet bois, lui, ne le supporte pas.<\/p>\n\n\n\n<p><strong>Entretien minimal.<\/strong> Un simple passage de serpilli\u00e8re suffit. Aucune vitrification, aucun pon\u00e7age \u00e0 pr\u00e9voir au fil des ann\u00e9es.<\/p>\n\n\n\n<p><strong>Durabilit\u00e9.<\/strong> Le carrelage ne se raye pas avec les passages r\u00e9p\u00e9t\u00e9s, r\u00e9siste aux talons aiguilles et aux griffes d&#8217;animaux. Sa dur\u00e9e de vie se compte en d\u00e9cennies.<\/p>\n\n\n\n<p><strong>Prix ma\u00eetris\u00e9.<\/strong> Le carrelage imitation bois revient souvent moins cher \u00e0 l&#8217;achat et \u00e0 la pose qu&#8217;un parquet massif ou contrecoll\u00e9 de qualit\u00e9 \u00e9quivalente sur le plan esth\u00e9tique.<\/p>\n\n\n\n<p><strong>Compatibilit\u00e9 avec le chauffage au sol.<\/strong> Le gr\u00e8s c\u00e9rame conduit tr\u00e8s bien la chaleur, ce qui en fait un alli\u00e9 naturel des syst\u00e8mes de plancher chauffant.<\/p>\n\n\n\n<hr class=\"wp-block-separator has-alpha-channel-opacity\"\/>\n\n\n\n<h3 class=\"wp-block-heading\"><span class=\"ez-toc-section\" id=\"Dans_quelles_pieces_lutiliser\"><\/span>Dans quelles pi\u00e8ces l&#8217;utiliser ?<span class=\"ez-toc-section-end\"><\/span><\/h3>\n\n\n\n<p>Pratiquement partout. Le carrelage imitation parquet fonctionne aussi bien dans un salon qu&#8217;une chambre, une salle \u00e0 manger, un couloir ou une cuisine ouverte. Gr\u00e2ce \u00e0 sa r\u00e9sistance \u00e0 l&#8217;eau, il s&#8217;installe \u00e9galement en salle de bains, l\u00e0 o\u00f9 le parquet bois est d\u00e9conseill\u00e9.<\/p>\n\n\n\n<p>Pour les espaces de vie, on privil\u00e9gie des teintes claires (ch\u00eane blanchi, bois gris cendr\u00e9) pour agrandir visuellement la pi\u00e8ce. Dans les chambres, des tons plus chauds (noyer, teck) apportent une atmosph\u00e8re cosy.<\/p>\n\n\n\n<p>Afficher l&#8217;image <em>Exemple de pose en lames longues dans un salon contemporain.<\/em><\/p>\n\n\n\n<hr class=\"wp-block-separator has-alpha-channel-opacity\"\/>\n\n\n\n<h3 class=\"wp-block-heading\"><span class=\"ez-toc-section\" id=\"Conseils_pour_choisir_le_bon_modele\"><\/span>Conseils pour choisir le bon mod\u00e8le<span class=\"ez-toc-section-end\"><\/span><\/h3>\n\n\n\n<p><strong>La rectification.<\/strong> Choisissez un carrelage rectifi\u00e9 (bords taill\u00e9s avec pr\u00e9cision) pour obtenir des joints tr\u00e8s fins, ce qui renforce l&#8217;illusion d&#8217;un parquet massif.<\/p>\n\n\n\n<p><strong>La classification PEI.<\/strong> Pour un sol tr\u00e8s fr\u00e9quent\u00e9, visez au minimum un PEI 4. Pour une chambre \u00e0 faible passage, un PEI 3 suffit.<\/p>\n\n\n\n<p><strong>La finition.<\/strong> Les finitions matte ou structur\u00e9e (relief l\u00e9ger en surface) sont plus authentiques que les finitions brillantes et offrent un meilleur antid\u00e9rapant.<\/p>\n\n\n\n<p><strong>Le sens de pose.<\/strong> Dans un couloir ou une pi\u00e8ce rectangulaire, poser les lames dans la longueur de la pi\u00e8ce l&#8217;allonge visuellement. En diagonale, elle dynamise l&#8217;espace.<\/p>\n\n\n\n<hr class=\"wp-block-separator has-alpha-channel-opacity\"\/>\n\n\n\n<h3 class=\"wp-block-heading\"><span class=\"ez-toc-section\" id=\"Ou_trouver_un_large_choix_de_references\"><\/span>O\u00f9 trouver un large choix de r\u00e9f\u00e9rences ?<span class=\"ez-toc-section-end\"><\/span><\/h3>\n\n\n\n<p>Pour un projet de r\u00e9novation ou de construction neuve, il est essentiel de comparer les r\u00e9f\u00e9rences en termes de teinte, de format et de qualit\u00e9. La marque <strong>As de Carreaux<\/strong> propose une s\u00e9lection compl\u00e8te de <a href=\"https:\/\/www.asdecarreaux.com\/23-carrelage-imitation-parquet\">carrelage imitation parquet<\/a> en gr\u00e8s c\u00e9rame, allant des lames classiques aux formats d\u00e9coratifs tendance, avec la possibilit\u00e9 de commander des \u00e9chantillons avant d&#8217;acheter.<\/p>\n\n\n\n<p>Pour aller plus loin sur les tendances en mati\u00e8re de rev\u00eatement de sol int\u00e9rieur, le <a href=\"https:\/\/www.ctmnc.fr\">Centre Technique des Mat\u00e9riaux Naturels de Construction<\/a> (CTMNC) publie r\u00e9guli\u00e8rement des ressources sur les propri\u00e9t\u00e9s des carreaux c\u00e9ramiques et gr\u00e8s c\u00e9rame.<\/p>\n\n\n\n<hr class=\"wp-block-separator has-alpha-channel-opacity\"\/>\n\n\n\n<h3 class=\"wp-block-heading\"><span class=\"ez-toc-section\" id=\"En_resume\"><\/span>En r\u00e9sum\u00e9<span class=\"ez-toc-section-end\"><\/span><\/h3>\n\n\n\n<p>Le carrelage imitation parquet combine le charme chaleureux du bois avec les performances techniques du gr\u00e8s c\u00e9rame. C&#8217;est un choix de d\u00e9coration int\u00e9rieure particuli\u00e8rement pertinent pour les familles, les propri\u00e9taires de chiens ou chats, et toute personne qui souhaite un sol beau, durable et facile \u00e0 vivre, sans les contraintes du bois massif.<\/p>\n\n\n\n<p>Que vous r\u00e9nowiez un appartement ancien ou construisiez une maison contemporaine, ce type de rev\u00eatement m\u00e9rite d&#8217;\u00eatre s\u00e9rieusement envisag\u00e9 avant de trancher entre parquet et carrelage.<\/p>\n","protected":false},"excerpt":{"rendered":"<p>Le parquet a longtemps r\u00e9gn\u00e9 en ma\u00eetre dans nos int\u00e9rieurs. Chaleureux, \u00e9l\u00e9gant, naturel, il incarne une certaine id\u00e9e du confort \u00e0 la maison. Pourtant, son entretien exigeant, sa sensibilit\u00e9 \u00e0 l&#8217;humidit\u00e9 et son co\u00fbt parfois \u00e9lev\u00e9 poussent de plus en plus de propri\u00e9taires \u00e0 chercher une alternative. C&#8217;est l\u00e0 que le carrelage imitation parquet s&#8217;impose [&hellip;]<\/p>\n","protected":false},"author":2,"featured_media":8891,"comment_status":"open","ping_status":"open","sticky":false,"template":"","format":"standard","meta":{"footnotes":""},"categories":[122],"tags":[],"class_list":["post-8890","post","type-post","status-publish","format-standard","has-post-thumbnail","hentry","category-salon"],"yoast_head":"<!-- This site is optimized with the Yoast SEO plugin v27.5 - https:\/\/yoast.com\/product\/yoast-seo-wordpress\/ -->\n<title>Carrelage imitation parquet : le meilleur des deux mondes pour votre int\u00e9rieur - Mobilier Design Magazine<\/title>\n<meta name=\"robots\" content=\"index, follow, max-snippet:-1, max-image-preview:large, max-video-preview:-1\" \/>\n<link rel=\"canonical\" href=\"https:\/\/www.mobilier-design-occasion.fr\/magazine\/carrelage-imitation-parquet-le-meilleur-des-deux-mondes-pour-votre-interieur\/\" \/>\n<meta property=\"og:locale\" content=\"fr_FR\" \/>\n<meta property=\"og:type\" content=\"article\" \/>\n<meta property=\"og:title\" content=\"Carrelage imitation parquet : le meilleur des deux mondes pour votre int\u00e9rieur - Mobilier Design Magazine\" \/>\n<meta property=\"og:description\" content=\"Le parquet a longtemps r\u00e9gn\u00e9 en ma\u00eetre dans nos int\u00e9rieurs. Chaleureux, \u00e9l\u00e9gant, naturel, il incarne une certaine id\u00e9e du confort \u00e0 la maison. Pourtant, son entretien exigeant, sa sensibilit\u00e9 \u00e0 l&#8217;humidit\u00e9 et son co\u00fbt parfois \u00e9lev\u00e9 poussent de plus en plus de propri\u00e9taires \u00e0 chercher une alternative. C&#8217;est l\u00e0 que le carrelage imitation parquet s&#8217;impose [&hellip;]\" \/>\n<meta property=\"og:url\" content=\"https:\/\/www.mobilier-design-occasion.fr\/magazine\/carrelage-imitation-parquet-le-meilleur-des-deux-mondes-pour-votre-interieur\/\" \/>\n<meta property=\"og:site_name\" content=\"Mobilier Design Magazine\" \/>\n<meta property=\"article:publisher\" content=\"https:\/\/www.facebook.com\/mobilierdesignoccasion\" \/>\n<meta property=\"article:published_time\" content=\"2026-03-13T09:57:17+00:00\" \/>\n<meta property=\"article:modified_time\" content=\"2026-03-13T09:57:18+00:00\" \/>\n<meta property=\"og:image\" content=\"https:\/\/www.mobilier-design-occasion.fr\/magazine\/wp-content\/uploads\/2026\/03\/pexels-vika-glitter-392079-3315291-scaled.jpg\" \/>\n\t<meta property=\"og:image:width\" content=\"1707\" \/>\n\t<meta property=\"og:image:height\" content=\"2048\" \/>\n\t<meta property=\"og:image:type\" content=\"image\/jpeg\" \/>\n<meta name=\"author\" content=\"Vincent Vandegans\" \/>\n<meta name=\"twitter:card\" content=\"summary_large_image\" \/>\n<meta name=\"twitter:label1\" content=\"\u00c9crit par\" \/>\n\t<meta name=\"twitter:data1\" content=\"Vincent Vandegans\" \/>\n\t<meta name=\"twitter:label2\" content=\"Dur\u00e9e de lecture estim\u00e9e\" \/>\n\t<meta name=\"twitter:data2\" content=\"4 minutes\" \/>\n<script type=\"application\/ld+json\" class=\"yoast-schema-graph\">{\"@context\":\"https:\\\/\\\/schema.org\",\"@graph\":[{\"@type\":\"Article\",\"@id\":\"https:\\\/\\\/www.mobilier-design-occasion.fr\\\/magazine\\\/carrelage-imitation-parquet-le-meilleur-des-deux-mondes-pour-votre-interieur\\\/#article\",\"isPartOf\":{\"@id\":\"https:\\\/\\\/www.mobilier-design-occasion.fr\\\/magazine\\\/carrelage-imitation-parquet-le-meilleur-des-deux-mondes-pour-votre-interieur\\\/\"},\"author\":{\"name\":\"Vincent Vandegans\",\"@id\":\"https:\\\/\\\/www.mobilier-design-occasion.fr\\\/magazine\\\/#\\\/schema\\\/person\\\/af895bedc80bfb6b17730a672fddac9e\"},\"headline\":\"Carrelage imitation parquet : le meilleur des deux mondes pour votre int\u00e9rieur\",\"datePublished\":\"2026-03-13T09:57:17+00:00\",\"dateModified\":\"2026-03-13T09:57:18+00:00\",\"mainEntityOfPage\":{\"@id\":\"https:\\\/\\\/www.mobilier-design-occasion.fr\\\/magazine\\\/carrelage-imitation-parquet-le-meilleur-des-deux-mondes-pour-votre-interieur\\\/\"},\"wordCount\":804,\"commentCount\":0,\"publisher\":{\"@id\":\"https:\\\/\\\/www.mobilier-design-occasion.fr\\\/magazine\\\/#organization\"},\"image\":{\"@id\":\"https:\\\/\\\/www.mobilier-design-occasion.fr\\\/magazine\\\/carrelage-imitation-parquet-le-meilleur-des-deux-mondes-pour-votre-interieur\\\/#primaryimage\"},\"thumbnailUrl\":\"https:\\\/\\\/www.mobilier-design-occasion.fr\\\/magazine\\\/wp-content\\\/uploads\\\/2026\\\/03\\\/pexels-vika-glitter-392079-3315291-scaled.jpg\",\"articleSection\":[\"Salon\"],\"inLanguage\":\"fr-FR\",\"potentialAction\":[{\"@type\":\"CommentAction\",\"name\":\"Comment\",\"target\":[\"https:\\\/\\\/www.mobilier-design-occasion.fr\\\/magazine\\\/carrelage-imitation-parquet-le-meilleur-des-deux-mondes-pour-votre-interieur\\\/#respond\"]}]},{\"@type\":\"WebPage\",\"@id\":\"https:\\\/\\\/www.mobilier-design-occasion.fr\\\/magazine\\\/carrelage-imitation-parquet-le-meilleur-des-deux-mondes-pour-votre-interieur\\\/\",\"url\":\"https:\\\/\\\/www.mobilier-design-occasion.fr\\\/magazine\\\/carrelage-imitation-parquet-le-meilleur-des-deux-mondes-pour-votre-interieur\\\/\",\"name\":\"Carrelage imitation parquet : le meilleur des deux mondes pour votre int\u00e9rieur - Mobilier Design Magazine\",\"isPartOf\":{\"@id\":\"https:\\\/\\\/www.mobilier-design-occasion.fr\\\/magazine\\\/#website\"},\"primaryImageOfPage\":{\"@id\":\"https:\\\/\\\/www.mobilier-design-occasion.fr\\\/magazine\\\/carrelage-imitation-parquet-le-meilleur-des-deux-mondes-pour-votre-interieur\\\/#primaryimage\"},\"image\":{\"@id\":\"https:\\\/\\\/www.mobilier-design-occasion.fr\\\/magazine\\\/carrelage-imitation-parquet-le-meilleur-des-deux-mondes-pour-votre-interieur\\\/#primaryimage\"},\"thumbnailUrl\":\"https:\\\/\\\/www.mobilier-design-occasion.fr\\\/magazine\\\/wp-content\\\/uploads\\\/2026\\\/03\\\/pexels-vika-glitter-392079-3315291-scaled.jpg\",\"datePublished\":\"2026-03-13T09:57:17+00:00\",\"dateModified\":\"2026-03-13T09:57:18+00:00\",\"breadcrumb\":{\"@id\":\"https:\\\/\\\/www.mobilier-design-occasion.fr\\\/magazine\\\/carrelage-imitation-parquet-le-meilleur-des-deux-mondes-pour-votre-interieur\\\/#breadcrumb\"},\"inLanguage\":\"fr-FR\",\"potentialAction\":[{\"@type\":\"ReadAction\",\"target\":[\"https:\\\/\\\/www.mobilier-design-occasion.fr\\\/magazine\\\/carrelage-imitation-parquet-le-meilleur-des-deux-mondes-pour-votre-interieur\\\/\"]}]},{\"@type\":\"ImageObject\",\"inLanguage\":\"fr-FR\",\"@id\":\"https:\\\/\\\/www.mobilier-design-occasion.fr\\\/magazine\\\/carrelage-imitation-parquet-le-meilleur-des-deux-mondes-pour-votre-interieur\\\/#primaryimage\",\"url\":\"https:\\\/\\\/www.mobilier-design-occasion.fr\\\/magazine\\\/wp-content\\\/uploads\\\/2026\\\/03\\\/pexels-vika-glitter-392079-3315291-scaled.jpg\",\"contentUrl\":\"https:\\\/\\\/www.mobilier-design-occasion.fr\\\/magazine\\\/wp-content\\\/uploads\\\/2026\\\/03\\\/pexels-vika-glitter-392079-3315291-scaled.jpg\",\"width\":1707,\"height\":2048},{\"@type\":\"BreadcrumbList\",\"@id\":\"https:\\\/\\\/www.mobilier-design-occasion.fr\\\/magazine\\\/carrelage-imitation-parquet-le-meilleur-des-deux-mondes-pour-votre-interieur\\\/#breadcrumb\",\"itemListElement\":[{\"@type\":\"ListItem\",\"position\":1,\"name\":\"Accueil\",\"item\":\"https:\\\/\\\/www.mobilier-design-occasion.fr\\\/magazine\\\/\"},{\"@type\":\"ListItem\",\"position\":2,\"name\":\"Carrelage imitation parquet : le meilleur des deux mondes pour votre int\u00e9rieur\"}]},{\"@type\":\"WebSite\",\"@id\":\"https:\\\/\\\/www.mobilier-design-occasion.fr\\\/magazine\\\/#website\",\"url\":\"https:\\\/\\\/www.mobilier-design-occasion.fr\\\/magazine\\\/\",\"name\":\"Mobilier Design Magazine\",\"description\":\"\",\"publisher\":{\"@id\":\"https:\\\/\\\/www.mobilier-design-occasion.fr\\\/magazine\\\/#organization\"},\"potentialAction\":[{\"@type\":\"SearchAction\",\"target\":{\"@type\":\"EntryPoint\",\"urlTemplate\":\"https:\\\/\\\/www.mobilier-design-occasion.fr\\\/magazine\\\/?s={search_term_string}\"},\"query-input\":{\"@type\":\"PropertyValueSpecification\",\"valueRequired\":true,\"valueName\":\"search_term_string\"}}],\"inLanguage\":\"fr-FR\"},{\"@type\":\"Organization\",\"@id\":\"https:\\\/\\\/www.mobilier-design-occasion.fr\\\/magazine\\\/#organization\",\"name\":\"Mobilier Design Magazine\",\"url\":\"https:\\\/\\\/www.mobilier-design-occasion.fr\\\/magazine\\\/\",\"logo\":{\"@type\":\"ImageObject\",\"inLanguage\":\"fr-FR\",\"@id\":\"https:\\\/\\\/www.mobilier-design-occasion.fr\\\/magazine\\\/#\\\/schema\\\/logo\\\/image\\\/\",\"url\":\"https:\\\/\\\/www.mobilier-design-occasion.fr\\\/magazine\\\/wp-content\\\/uploads\\\/2024\\\/02\\\/android-chrome-192x192-1.png\",\"contentUrl\":\"https:\\\/\\\/www.mobilier-design-occasion.fr\\\/magazine\\\/wp-content\\\/uploads\\\/2024\\\/02\\\/android-chrome-192x192-1.png\",\"width\":192,\"height\":192,\"caption\":\"Mobilier Design Magazine\"},\"image\":{\"@id\":\"https:\\\/\\\/www.mobilier-design-occasion.fr\\\/magazine\\\/#\\\/schema\\\/logo\\\/image\\\/\"},\"sameAs\":[\"https:\\\/\\\/www.facebook.com\\\/mobilierdesignoccasion\"]},{\"@type\":\"Person\",\"@id\":\"https:\\\/\\\/www.mobilier-design-occasion.fr\\\/magazine\\\/#\\\/schema\\\/person\\\/af895bedc80bfb6b17730a672fddac9e\",\"name\":\"Vincent Vandegans\",\"image\":{\"@type\":\"ImageObject\",\"inLanguage\":\"fr-FR\",\"@id\":\"https:\\\/\\\/secure.gravatar.com\\\/avatar\\\/b984800dabdf722d5e3f03f637c8932dea77d81118467d17ad2953e3b273ec66?s=96&d=mm&r=g\",\"url\":\"https:\\\/\\\/secure.gravatar.com\\\/avatar\\\/b984800dabdf722d5e3f03f637c8932dea77d81118467d17ad2953e3b273ec66?s=96&d=mm&r=g\",\"contentUrl\":\"https:\\\/\\\/secure.gravatar.com\\\/avatar\\\/b984800dabdf722d5e3f03f637c8932dea77d81118467d17ad2953e3b273ec66?s=96&d=mm&r=g\",\"caption\":\"Vincent Vandegans\"},\"description\":\"Vincent est passionn\u00e9 par les produits d'occasion, il a ouvert le site MDO avec Cyrielle pour aider les gens \u00e0 trouver du mobilier d'occasion, vintage ou usag\u00e9. Depuis, ils ont \u00e9tendu leurs activit\u00e9s et conseillent tout le monde sur le mobilier d'int\u00e9rieur et d'ext\u00e9rieur au quotidien \u00e0 travers le magazine MDO.\",\"url\":\"https:\\\/\\\/www.mobilier-design-occasion.fr\\\/magazine\\\/author\\\/vincent\\\/\"}]}<\/script>\n<!-- \/ Yoast SEO plugin. -->","yoast_head_json":{"title":"Carrelage imitation parquet : le meilleur des deux mondes pour votre int\u00e9rieur - Mobilier Design Magazine","robots":{"index":"index","follow":"follow","max-snippet":"max-snippet:-1","max-image-preview":"max-image-preview:large","max-video-preview":"max-video-preview:-1"},"canonical":"https:\/\/www.mobilier-design-occasion.fr\/magazine\/carrelage-imitation-parquet-le-meilleur-des-deux-mondes-pour-votre-interieur\/","og_locale":"fr_FR","og_type":"article","og_title":"Carrelage imitation parquet : le meilleur des deux mondes pour votre int\u00e9rieur - Mobilier Design Magazine","og_description":"Le parquet a longtemps r\u00e9gn\u00e9 en ma\u00eetre dans nos int\u00e9rieurs. Chaleureux, \u00e9l\u00e9gant, naturel, il incarne une certaine id\u00e9e du confort \u00e0 la maison. Pourtant, son entretien exigeant, sa sensibilit\u00e9 \u00e0 l&#8217;humidit\u00e9 et son co\u00fbt parfois \u00e9lev\u00e9 poussent de plus en plus de propri\u00e9taires \u00e0 chercher une alternative. C&#8217;est l\u00e0 que le carrelage imitation parquet s&#8217;impose [&hellip;]","og_url":"https:\/\/www.mobilier-design-occasion.fr\/magazine\/carrelage-imitation-parquet-le-meilleur-des-deux-mondes-pour-votre-interieur\/","og_site_name":"Mobilier Design Magazine","article_publisher":"https:\/\/www.facebook.com\/mobilierdesignoccasion","article_published_time":"2026-03-13T09:57:17+00:00","article_modified_time":"2026-03-13T09:57:18+00:00","og_image":[{"width":1707,"height":2048,"url":"https:\/\/www.mobilier-design-occasion.fr\/magazine\/wp-content\/uploads\/2026\/03\/pexels-vika-glitter-392079-3315291-scaled.jpg","type":"image\/jpeg"}],"author":"Vincent Vandegans","twitter_card":"summary_large_image","twitter_misc":{"\u00c9crit par":"Vincent Vandegans","Dur\u00e9e de lecture estim\u00e9e":"4 minutes"},"schema":{"@context":"https:\/\/schema.org","@graph":[{"@type":"Article","@id":"https:\/\/www.mobilier-design-occasion.fr\/magazine\/carrelage-imitation-parquet-le-meilleur-des-deux-mondes-pour-votre-interieur\/#article","isPartOf":{"@id":"https:\/\/www.mobilier-design-occasion.fr\/magazine\/carrelage-imitation-parquet-le-meilleur-des-deux-mondes-pour-votre-interieur\/"},"author":{"name":"Vincent Vandegans","@id":"https:\/\/www.mobilier-design-occasion.fr\/magazine\/#\/schema\/person\/af895bedc80bfb6b17730a672fddac9e"},"headline":"Carrelage imitation parquet : le meilleur des deux mondes pour votre int\u00e9rieur","datePublished":"2026-03-13T09:57:17+00:00","dateModified":"2026-03-13T09:57:18+00:00","mainEntityOfPage":{"@id":"https:\/\/www.mobilier-design-occasion.fr\/magazine\/carrelage-imitation-parquet-le-meilleur-des-deux-mondes-pour-votre-interieur\/"},"wordCount":804,"commentCount":0,"publisher":{"@id":"https:\/\/www.mobilier-design-occasion.fr\/magazine\/#organization"},"image":{"@id":"https:\/\/www.mobilier-design-occasion.fr\/magazine\/carrelage-imitation-parquet-le-meilleur-des-deux-mondes-pour-votre-interieur\/#primaryimage"},"thumbnailUrl":"https:\/\/www.mobilier-design-occasion.fr\/magazine\/wp-content\/uploads\/2026\/03\/pexels-vika-glitter-392079-3315291-scaled.jpg","articleSection":["Salon"],"inLanguage":"fr-FR","potentialAction":[{"@type":"CommentAction","name":"Comment","target":["https:\/\/www.mobilier-design-occasion.fr\/magazine\/carrelage-imitation-parquet-le-meilleur-des-deux-mondes-pour-votre-interieur\/#respond"]}]},{"@type":"WebPage","@id":"https:\/\/www.mobilier-design-occasion.fr\/magazine\/carrelage-imitation-parquet-le-meilleur-des-deux-mondes-pour-votre-interieur\/","url":"https:\/\/www.mobilier-design-occasion.fr\/magazine\/carrelage-imitation-parquet-le-meilleur-des-deux-mondes-pour-votre-interieur\/","name":"Carrelage imitation parquet : le meilleur des deux mondes pour votre int\u00e9rieur - Mobilier Design Magazine","isPartOf":{"@id":"https:\/\/www.mobilier-design-occasion.fr\/magazine\/#website"},"primaryImageOfPage":{"@id":"https:\/\/www.mobilier-design-occasion.fr\/magazine\/carrelage-imitation-parquet-le-meilleur-des-deux-mondes-pour-votre-interieur\/#primaryimage"},"image":{"@id":"https:\/\/www.mobilier-design-occasion.fr\/magazine\/carrelage-imitation-parquet-le-meilleur-des-deux-mondes-pour-votre-interieur\/#primaryimage"},"thumbnailUrl":"https:\/\/www.mobilier-design-occasion.fr\/magazine\/wp-content\/uploads\/2026\/03\/pexels-vika-glitter-392079-3315291-scaled.jpg","datePublished":"2026-03-13T09:57:17+00:00","dateModified":"2026-03-13T09:57:18+00:00","breadcrumb":{"@id":"https:\/\/www.mobilier-design-occasion.fr\/magazine\/carrelage-imitation-parquet-le-meilleur-des-deux-mondes-pour-votre-interieur\/#breadcrumb"},"inLanguage":"fr-FR","potentialAction":[{"@type":"ReadAction","target":["https:\/\/www.mobilier-design-occasion.fr\/magazine\/carrelage-imitation-parquet-le-meilleur-des-deux-mondes-pour-votre-interieur\/"]}]},{"@type":"ImageObject","inLanguage":"fr-FR","@id":"https:\/\/www.mobilier-design-occasion.fr\/magazine\/carrelage-imitation-parquet-le-meilleur-des-deux-mondes-pour-votre-interieur\/#primaryimage","url":"https:\/\/www.mobilier-design-occasion.fr\/magazine\/wp-content\/uploads\/2026\/03\/pexels-vika-glitter-392079-3315291-scaled.jpg","contentUrl":"https:\/\/www.mobilier-design-occasion.fr\/magazine\/wp-content\/uploads\/2026\/03\/pexels-vika-glitter-392079-3315291-scaled.jpg","width":1707,"height":2048},{"@type":"BreadcrumbList","@id":"https:\/\/www.mobilier-design-occasion.fr\/magazine\/carrelage-imitation-parquet-le-meilleur-des-deux-mondes-pour-votre-interieur\/#breadcrumb","itemListElement":[{"@type":"ListItem","position":1,"name":"Accueil","item":"https:\/\/www.mobilier-design-occasion.fr\/magazine\/"},{"@type":"ListItem","position":2,"name":"Carrelage imitation parquet : le meilleur des deux mondes pour votre int\u00e9rieur"}]},{"@type":"WebSite","@id":"https:\/\/www.mobilier-design-occasion.fr\/magazine\/#website","url":"https:\/\/www.mobilier-design-occasion.fr\/magazine\/","name":"Mobilier Design Magazine","description":"","publisher":{"@id":"https:\/\/www.mobilier-design-occasion.fr\/magazine\/#organization"},"potentialAction":[{"@type":"SearchAction","target":{"@type":"EntryPoint","urlTemplate":"https:\/\/www.mobilier-design-occasion.fr\/magazine\/?s={search_term_string}"},"query-input":{"@type":"PropertyValueSpecification","valueRequired":true,"valueName":"search_term_string"}}],"inLanguage":"fr-FR"},{"@type":"Organization","@id":"https:\/\/www.mobilier-design-occasion.fr\/magazine\/#organization","name":"Mobilier Design Magazine","url":"https:\/\/www.mobilier-design-occasion.fr\/magazine\/","logo":{"@type":"ImageObject","inLanguage":"fr-FR","@id":"https:\/\/www.mobilier-design-occasion.fr\/magazine\/#\/schema\/logo\/image\/","url":"https:\/\/www.mobilier-design-occasion.fr\/magazine\/wp-content\/uploads\/2024\/02\/android-chrome-192x192-1.png","contentUrl":"https:\/\/www.mobilier-design-occasion.fr\/magazine\/wp-content\/uploads\/2024\/02\/android-chrome-192x192-1.png","width":192,"height":192,"caption":"Mobilier Design Magazine"},"image":{"@id":"https:\/\/www.mobilier-design-occasion.fr\/magazine\/#\/schema\/logo\/image\/"},"sameAs":["https:\/\/www.facebook.com\/mobilierdesignoccasion"]},{"@type":"Person","@id":"https:\/\/www.mobilier-design-occasion.fr\/magazine\/#\/schema\/person\/af895bedc80bfb6b17730a672fddac9e","name":"Vincent Vandegans","image":{"@type":"ImageObject","inLanguage":"fr-FR","@id":"https:\/\/secure.gravatar.com\/avatar\/b984800dabdf722d5e3f03f637c8932dea77d81118467d17ad2953e3b273ec66?s=96&d=mm&r=g","url":"https:\/\/secure.gravatar.com\/avatar\/b984800dabdf722d5e3f03f637c8932dea77d81118467d17ad2953e3b273ec66?s=96&d=mm&r=g","contentUrl":"https:\/\/secure.gravatar.com\/avatar\/b984800dabdf722d5e3f03f637c8932dea77d81118467d17ad2953e3b273ec66?s=96&d=mm&r=g","caption":"Vincent Vandegans"},"description":"Vincent est passionn\u00e9 par les produits d'occasion, il a ouvert le site MDO avec Cyrielle pour aider les gens \u00e0 trouver du mobilier d'occasion, vintage ou usag\u00e9. Depuis, ils ont \u00e9tendu leurs activit\u00e9s et conseillent tout le monde sur le mobilier d'int\u00e9rieur et d'ext\u00e9rieur au quotidien \u00e0 travers le magazine MDO.","url":"https:\/\/www.mobilier-design-occasion.fr\/magazine\/author\/vincent\/"}]}},"_links":{"self":[{"href":"https:\/\/www.mobilier-design-occasion.fr\/magazine\/wp-json\/wp\/v2\/posts\/8890","targetHints":{"allow":["GET"]}}],"collection":[{"href":"https:\/\/www.mobilier-design-occasion.fr\/magazine\/wp-json\/wp\/v2\/posts"}],"about":[{"href":"https:\/\/www.mobilier-design-occasion.fr\/magazine\/wp-json\/wp\/v2\/types\/post"}],"author":[{"embeddable":true,"href":"https:\/\/www.mobilier-design-occasion.fr\/magazine\/wp-json\/wp\/v2\/users\/2"}],"replies":[{"embeddable":true,"href":"https:\/\/www.mobilier-design-occasion.fr\/magazine\/wp-json\/wp\/v2\/comments?post=8890"}],"version-history":[{"count":1,"href":"https:\/\/www.mobilier-design-occasion.fr\/magazine\/wp-json\/wp\/v2\/posts\/8890\/revisions"}],"predecessor-version":[{"id":8892,"href":"https:\/\/www.mobilier-design-occasion.fr\/magazine\/wp-json\/wp\/v2\/posts\/8890\/revisions\/8892"}],"wp:featuredmedia":[{"embeddable":true,"href":"https:\/\/www.mobilier-design-occasion.fr\/magazine\/wp-json\/wp\/v2\/media\/8891"}],"wp:attachment":[{"href":"https:\/\/www.mobilier-design-occasion.fr\/magazine\/wp-json\/wp\/v2\/media?parent=8890"}],"wp:term":[{"taxonomy":"category","embeddable":true,"href":"https:\/\/www.mobilier-design-occasion.fr\/magazine\/wp-json\/wp\/v2\/categories?post=8890"},{"taxonomy":"post_tag","embeddable":true,"href":"https:\/\/www.mobilier-design-occasion.fr\/magazine\/wp-json\/wp\/v2\/tags?post=8890"}],"curies":[{"name":"wp","href":"https:\/\/api.w.org\/{rel}","templated":true}]}}