{"id":8885,"date":"2026-03-11T11:14:09","date_gmt":"2026-03-11T11:14:09","guid":{"rendered":"https:\/\/www.mobilier-design-occasion.fr\/magazine\/?p=8885"},"modified":"2026-03-11T11:14:10","modified_gmt":"2026-03-11T11:14:10","slug":"sac-de-couchage-pour-enfant-tout-ce-quune-maman-doit-savoir-avant-dacheter","status":"publish","type":"post","link":"https:\/\/www.mobilier-design-occasion.fr\/magazine\/sac-de-couchage-pour-enfant-tout-ce-quune-maman-doit-savoir-avant-dacheter\/","title":{"rendered":"Sac de couchage pour enfant : tout ce qu&#8217;une maman doit savoir avant d&#8217;acheter"},"content":{"rendered":"\n<p>Que ce soit pour un premier s\u00e9jour chez les grands-parents, une <a href=\"https:\/\/www.mobilier-design-occasion.fr\/magazine\/combien-dheures-de-sommeil-pour-mon-enfant\/\">nuit<\/a> en tente ou un camp de vacances, le sac de couchage est un \u00e9quipement cl\u00e9 pour l&#8217;enfant. Mal choisi, il peut ruiner une nuit enti\u00e8re. Bien choisi, il devient un cocon rassurant que l&#8217;enfant r\u00e9clame \u00e0 chaque aventure.<\/p>\n\n\n\n<hr class=\"wp-block-separator has-alpha-channel-opacity\"\/>\n\n\n\n<h2 class=\"wp-block-heading\"><span class=\"ez-toc-section\" id=\"Pourquoi_le_sac_de_couchage_enfant_ce_nest_pas_un_sac_adulte_en_petit\"><\/span>Pourquoi le sac de couchage enfant, ce n&#8217;est pas un sac adulte en petit<span class=\"ez-toc-section-end\"><\/span><\/h2><div id=\"ez-toc-container\" class=\"ez-toc-v2_0_82_2 counter-hierarchy ez-toc-counter ez-toc-grey ez-toc-container-direction\">\n<div class=\"ez-toc-title-container\">\n<span class=\"ez-toc-title-toggle\"><a href=\"#\" class=\"ez-toc-pull-right ez-toc-btn ez-toc-btn-xs ez-toc-btn-default ez-toc-toggle\" aria-label=\"Toggle Table of Content\"><span class=\"ez-toc-js-icon-con\"><span class=\"\"><span class=\"eztoc-hide\" style=\"display:none;\">Toggle<\/span><span class=\"ez-toc-icon-toggle-span\"><svg style=\"fill: #999;color:#999\" xmlns=\"http:\/\/www.w3.org\/2000\/svg\" class=\"list-377408\" width=\"20px\" height=\"20px\" viewBox=\"0 0 24 24\" fill=\"none\"><path d=\"M6 6H4v2h2V6zm14 0H8v2h12V6zM4 11h2v2H4v-2zm16 0H8v2h12v-2zM4 16h2v2H4v-2zm16 0H8v2h12v-2z\" fill=\"currentColor\"><\/path><\/svg><svg style=\"fill: #999;color:#999\" class=\"arrow-unsorted-368013\" xmlns=\"http:\/\/www.w3.org\/2000\/svg\" width=\"10px\" height=\"10px\" viewBox=\"0 0 24 24\" version=\"1.2\" baseProfile=\"tiny\"><path d=\"M18.2 9.3l-6.2-6.3-6.2 6.3c-.2.2-.3.4-.3.7s.1.5.3.7c.2.2.4.3.7.3h11c.3 0 .5-.1.7-.3.2-.2.3-.5.3-.7s-.1-.5-.3-.7zM5.8 14.7l6.2 6.3 6.2-6.3c.2-.2.3-.5.3-.7s-.1-.5-.3-.7c-.2-.2-.4-.3-.7-.3h-11c-.3 0-.5.1-.7.3-.2.2-.3.5-.3.7s.1.5.3.7z\"\/><\/svg><\/span><\/span><\/span><\/a><\/span><\/div>\n<nav><ul class='ez-toc-list ez-toc-list-level-1 eztoc-toggle-hide-by-default' ><li class='ez-toc-page-1 ez-toc-heading-level-2'><a class=\"ez-toc-link ez-toc-heading-1\" href=\"https:\/\/www.mobilier-design-occasion.fr\/magazine\/sac-de-couchage-pour-enfant-tout-ce-quune-maman-doit-savoir-avant-dacheter\/#Pourquoi_le_sac_de_couchage_enfant_ce_nest_pas_un_sac_adulte_en_petit\" >Pourquoi le sac de couchage enfant, ce n&#8217;est pas un sac adulte en petit<\/a><\/li><li class='ez-toc-page-1 ez-toc-heading-level-2'><a class=\"ez-toc-link ez-toc-heading-2\" href=\"https:\/\/www.mobilier-design-occasion.fr\/magazine\/sac-de-couchage-pour-enfant-tout-ce-quune-maman-doit-savoir-avant-dacheter\/#Les_criteres_essentiels_a_verifier\" >Les crit\u00e8res essentiels \u00e0 v\u00e9rifier<\/a><\/li><li class='ez-toc-page-1 ez-toc-heading-level-2'><a class=\"ez-toc-link ez-toc-heading-3\" href=\"https:\/\/www.mobilier-design-occasion.fr\/magazine\/sac-de-couchage-pour-enfant-tout-ce-quune-maman-doit-savoir-avant-dacheter\/#Les_astuces_de_mamans_qui_changent_tout\" >Les astuces de mamans qui changent tout<\/a><\/li><li class='ez-toc-page-1 ez-toc-heading-level-2'><a class=\"ez-toc-link ez-toc-heading-4\" href=\"https:\/\/www.mobilier-design-occasion.fr\/magazine\/sac-de-couchage-pour-enfant-tout-ce-quune-maman-doit-savoir-avant-dacheter\/#Pour_quels_usages\" >Pour quels usages ?<\/a><\/li><li class='ez-toc-page-1 ez-toc-heading-level-2'><a class=\"ez-toc-link ez-toc-heading-5\" href=\"https:\/\/www.mobilier-design-occasion.fr\/magazine\/sac-de-couchage-pour-enfant-tout-ce-quune-maman-doit-savoir-avant-dacheter\/#A_partir_de_quel_age\" >\u00c0 partir de quel \u00e2ge ?<\/a><\/li><\/ul><\/nav><\/div>\n\n\n\n\n<p>Les enfants r\u00e9gulent mal leur temp\u00e9rature corporelle. Ils transpirent davantage, se d\u00e9couvrent facilement et peuvent passer du chaud au froid en quelques heures. Un sac con\u00e7u pour adulte, m\u00eame en taille r\u00e9duite, ne compense pas ces sp\u00e9cificit\u00e9s.<\/p>\n\n\n\n<p>Un <a href=\"https:\/\/www.lelitcabane.fr\/collections\/sac-de-couchage-enfant\">sac de couchage enfant<\/a> est dimensionn\u00e9 pour limiter les poches d&#8217;air non chauff\u00e9es autour du corps, ce qui am\u00e9liore directement le confort thermique de nuit.<\/p>\n\n\n\n<hr class=\"wp-block-separator has-alpha-channel-opacity\"\/>\n\n\n\n<figure class=\"wp-block-image size-large\"><img loading=\"lazy\" decoding=\"async\" width=\"1024\" height=\"683\" src=\"https:\/\/www.mobilier-design-occasion.fr\/magazine\/wp-content\/uploads\/2026\/03\/pexels-cottonbro-5994389-1024x683.jpg\" alt=\"\" class=\"wp-image-8887\" srcset=\"https:\/\/www.mobilier-design-occasion.fr\/magazine\/wp-content\/uploads\/2026\/03\/pexels-cottonbro-5994389-1024x683.jpg 1024w, https:\/\/www.mobilier-design-occasion.fr\/magazine\/wp-content\/uploads\/2026\/03\/pexels-cottonbro-5994389-300x200.jpg 300w, https:\/\/www.mobilier-design-occasion.fr\/magazine\/wp-content\/uploads\/2026\/03\/pexels-cottonbro-5994389-768x512.jpg 768w, https:\/\/www.mobilier-design-occasion.fr\/magazine\/wp-content\/uploads\/2026\/03\/pexels-cottonbro-5994389-1536x1024.jpg 1536w, https:\/\/www.mobilier-design-occasion.fr\/magazine\/wp-content\/uploads\/2026\/03\/pexels-cottonbro-5994389-scaled.jpg 2048w, https:\/\/www.mobilier-design-occasion.fr\/magazine\/wp-content\/uploads\/2026\/03\/pexels-cottonbro-5994389-810x540.jpg 810w, https:\/\/www.mobilier-design-occasion.fr\/magazine\/wp-content\/uploads\/2026\/03\/pexels-cottonbro-5994389-1140x760.jpg 1140w\" sizes=\"auto, (max-width: 1024px) 100vw, 1024px\" \/><\/figure>\n\n\n\n<h2 class=\"wp-block-heading\"><span class=\"ez-toc-section\" id=\"Les_criteres_essentiels_a_verifier\"><\/span>Les crit\u00e8res essentiels \u00e0 v\u00e9rifier<span class=\"ez-toc-section-end\"><\/span><\/h2>\n\n\n\n<p><strong>La temp\u00e9rature de confort<\/strong><\/p>\n\n\n\n<p>C&#8217;est l&#8217;indice le plus important. On distingue trois valeurs sur l&#8217;\u00e9tiquette : confort, limite et extr\u00eame. Pour un <a href=\"https:\/\/www.mobilier-design-occasion.fr\/magazine\/test-avis-sur-ripaton\/\">enfant<\/a>, fiez-vous toujours \u00e0 la temp\u00e9rature de <strong>confort<\/strong>, pas \u00e0 la limite. Si les nuits descendent \u00e0 10\u00b0C, choisissez un sac confort 10\u00b0C ou mieux, 5\u00b0C.<\/p>\n\n\n\n<p><strong>La forme du sac<\/strong><\/p>\n\n\n\n<p>La forme momie enveloppe bien le corps et retient mieux la chaleur. La forme rectangulaire offre plus de libert\u00e9 de mouvement, id\u00e9ale pour les enfants qui s&#8217;agitent beaucoup. Pour un usage en <a href=\"https:\/\/www.mobilier-design-occasion.fr\/magazine\/5-elements-pour-amenager-une-chambre-montessori\/\">chambre<\/a> ou en <a href=\"https:\/\/www.mobilier-design-occasion.fr\/magazine\/le-petit-lexique-du-mobilier-design\/\">int\u00e9rieur<\/a>, la forme rectangulaire suffit amplement.<\/p>\n\n\n\n<p><strong>Le rembourrage<\/strong><\/p>\n\n\n\n<p>La ouate synth\u00e9tique reste la meilleure option pour les enfants : lavable en machine, sans allerg\u00e8nes, elle conserve ses propri\u00e9t\u00e9s m\u00eame humide. Le duvet naturel est plus l\u00e9ger et compressible mais demande plus d&#8217;entretien.<\/p>\n\n\n\n<p><strong>La taille<\/strong><\/p>\n\n\n\n<p>Un sac trop grand = une nuit froide. V\u00e9rifiez la taille recommand\u00e9e selon l&#8217;\u00e2ge ou la taille de l&#8217;enfant. Certains mod\u00e8les sont \u00e9volutifs avec un syst\u00e8me d&#8217;extension, ce qui prolonge la dur\u00e9e de vie du produit.<\/p>\n\n\n\n<hr class=\"wp-block-separator has-alpha-channel-opacity\"\/>\n\n\n\n<h2 class=\"wp-block-heading\"><span class=\"ez-toc-section\" id=\"Les_astuces_de_mamans_qui_changent_tout\"><\/span>Les astuces de mamans qui changent tout<span class=\"ez-toc-section-end\"><\/span><\/h2>\n\n\n\n<p><strong>Glisser une bouillotte en tissu<\/strong> dans le sac 10 minutes avant le coucher en hiver. L&#8217;enfant trouve un sac d\u00e9j\u00e0 chaud, l&#8217;endormissement est bien plus rapide.<\/p>\n\n\n\n<p><strong>Toujours opter pour une fermeture \u00e9clair anti-coincement<\/strong> avec un prot\u00e8ge-zip c\u00f4t\u00e9 int\u00e9rieur. Les petits doigts et les cheveux s&#8217;y coincent facilement, surtout en pleine nuit dans le noir.<\/p>\n\n\n\n<p><strong>Pr\u00e9voir une taie de coussin assortie<\/strong> que l&#8217;enfant peut glisser sur son oreiller habituel. \u00c7a cr\u00e9e un &#8220;kit nuit&#8221; identifiable, rassurant pour les enfants qui dorment hors de chez eux.<\/p>\n\n\n\n<figure class=\"wp-block-image size-large\"><img loading=\"lazy\" decoding=\"async\" width=\"1024\" height=\"683\" src=\"https:\/\/www.mobilier-design-occasion.fr\/magazine\/wp-content\/uploads\/2026\/03\/pexels-freestockpro-12969114-1024x683.jpg\" alt=\"\" class=\"wp-image-8888\" srcset=\"https:\/\/www.mobilier-design-occasion.fr\/magazine\/wp-content\/uploads\/2026\/03\/pexels-freestockpro-12969114-1024x683.jpg 1024w, https:\/\/www.mobilier-design-occasion.fr\/magazine\/wp-content\/uploads\/2026\/03\/pexels-freestockpro-12969114-300x200.jpg 300w, https:\/\/www.mobilier-design-occasion.fr\/magazine\/wp-content\/uploads\/2026\/03\/pexels-freestockpro-12969114-768x512.jpg 768w, https:\/\/www.mobilier-design-occasion.fr\/magazine\/wp-content\/uploads\/2026\/03\/pexels-freestockpro-12969114-1536x1024.jpg 1536w, https:\/\/www.mobilier-design-occasion.fr\/magazine\/wp-content\/uploads\/2026\/03\/pexels-freestockpro-12969114-scaled.jpg 2048w, https:\/\/www.mobilier-design-occasion.fr\/magazine\/wp-content\/uploads\/2026\/03\/pexels-freestockpro-12969114-810x540.jpg 810w, https:\/\/www.mobilier-design-occasion.fr\/magazine\/wp-content\/uploads\/2026\/03\/pexels-freestockpro-12969114-1140x760.jpg 1140w\" sizes=\"auto, (max-width: 1024px) 100vw, 1024px\" \/><\/figure>\n\n\n\n<p><strong>Laver le sac avant la premi\u00e8re utilisation<\/strong> pour \u00e9liminer les r\u00e9sidus de traitement <a href=\"https:\/\/www.mobilier-design-occasion.fr\/magazine\/test-avis-essix-home\/\">textile<\/a> et l&#8217;odeur de neuf, parfois source de r\u00e9sistance chez les enfants sensibles.<\/p>\n\n\n\n<p><strong>Ne pas ranger le sac compress\u00e9<\/strong> entre deux utilisations. Le stocker \u00e0 plat ou dans un grand sac de <a href=\"https:\/\/www.mobilier-design-occasion.fr\/magazine\/decouvrez-le-cabinet-vintage-pour-exposer-vos-plus-belles-collections\/\">rangement<\/a> pr\u00e9serve le rembourrage et allonge sa dur\u00e9e de vie.<\/p>\n\n\n\n<hr class=\"wp-block-separator has-alpha-channel-opacity\"\/>\n\n\n\n<h2 class=\"wp-block-heading\"><span class=\"ez-toc-section\" id=\"Pour_quels_usages\"><\/span>Pour quels usages ?<span class=\"ez-toc-section-end\"><\/span><\/h2>\n\n\n\n<figure class=\"wp-block-table\"><table class=\"has-fixed-layout\"><thead><tr><th>Contexte<\/th><th>Recommandation<\/th><\/tr><\/thead><tbody><tr><td>Chambre d&#8217;enfant, soir\u00e9es pyjama<\/td><td>Sac rectangulaire, confort 15-18\u00b0C<\/td><\/tr><tr><td>Nuit chez les grands-parents<\/td><td>Sac momie l\u00e9ger, confort 10\u00b0C<\/td><\/tr><tr><td>Camping \u00e9t\u00e9<\/td><td>Sac momie, confort 5-8\u00b0C<\/td><\/tr><tr><td>Randonn\u00e9e, altitude<\/td><td>Sac momie technique, confort 0\u00b0C ou moins<\/td><\/tr><\/tbody><\/table><\/figure>\n\n\n\n<hr class=\"wp-block-separator has-alpha-channel-opacity\"\/>\n\n\n\n<h2 class=\"wp-block-heading\"><span class=\"ez-toc-section\" id=\"A_partir_de_quel_age\"><\/span>\u00c0 partir de quel \u00e2ge ?<span class=\"ez-toc-section-end\"><\/span><\/h2>\n\n\n\n<p>D\u00e8s 18 mois pour les mod\u00e8les sp\u00e9cialement con\u00e7us avec des fermetures s\u00e9curis\u00e9es et sans capuche. Avant cet \u00e2ge, les recommandations de s\u00e9curit\u00e9 p\u00e9diatriques d\u00e9conseillent les sacs de couchage non adapt\u00e9s. V\u00e9rifiez toujours la mention d&#8217;\u00e2ge sur la fiche produit.<\/p>\n\n\n\n<hr class=\"wp-block-separator has-alpha-channel-opacity\"\/>\n\n\n\n<p>Un bon sac de couchage accompagne l&#8217;enfant pendant plusieurs ann\u00e9es. C&#8217;est un achat qui m\u00e9rite r\u00e9flexion, mais une fois le bon mod\u00e8le trouv\u00e9, il devient vite l&#8217;alli\u00e9 indispensable de toutes les nuits en dehors du lit.<\/p>\n","protected":false},"excerpt":{"rendered":"<p>Que ce soit pour un premier s\u00e9jour chez les grands-parents, une nuit en tente ou un camp de vacances, le sac de couchage est un \u00e9quipement cl\u00e9 pour l&#8217;enfant. Mal choisi, il peut ruiner une nuit enti\u00e8re. Bien choisi, il devient un cocon rassurant que l&#8217;enfant r\u00e9clame \u00e0 chaque aventure. Pourquoi le sac de couchage [&hellip;]<\/p>\n","protected":false},"author":2,"featured_media":8886,"comment_status":"open","ping_status":"open","sticky":false,"template":"","format":"standard","meta":{"footnotes":""},"categories":[120,125],"tags":[],"class_list":["post-8885","post","type-post","status-publish","format-standard","has-post-thumbnail","hentry","category-chambre","category-chambre-enfant"],"yoast_head":"<!-- This site is optimized with the Yoast SEO plugin v27.5 - https:\/\/yoast.com\/product\/yoast-seo-wordpress\/ -->\n<title>Sac de couchage pour enfant : tout ce qu&#039;une maman doit savoir avant d&#039;acheter - Mobilier Design Magazine<\/title>\n<meta name=\"robots\" content=\"index, follow, max-snippet:-1, max-image-preview:large, max-video-preview:-1\" \/>\n<link rel=\"canonical\" href=\"https:\/\/www.mobilier-design-occasion.fr\/magazine\/sac-de-couchage-pour-enfant-tout-ce-quune-maman-doit-savoir-avant-dacheter\/\" \/>\n<meta property=\"og:locale\" content=\"fr_FR\" \/>\n<meta property=\"og:type\" content=\"article\" \/>\n<meta property=\"og:title\" content=\"Sac de couchage pour enfant : tout ce qu&#039;une maman doit savoir avant d&#039;acheter - Mobilier Design Magazine\" \/>\n<meta property=\"og:description\" content=\"Que ce soit pour un premier s\u00e9jour chez les grands-parents, une nuit en tente ou un camp de vacances, le sac de couchage est un \u00e9quipement cl\u00e9 pour l&#8217;enfant. Mal choisi, il peut ruiner une nuit enti\u00e8re. Bien choisi, il devient un cocon rassurant que l&#8217;enfant r\u00e9clame \u00e0 chaque aventure. Pourquoi le sac de couchage [&hellip;]\" \/>\n<meta property=\"og:url\" content=\"https:\/\/www.mobilier-design-occasion.fr\/magazine\/sac-de-couchage-pour-enfant-tout-ce-quune-maman-doit-savoir-avant-dacheter\/\" \/>\n<meta property=\"og:site_name\" content=\"Mobilier Design Magazine\" \/>\n<meta property=\"article:publisher\" content=\"https:\/\/www.facebook.com\/mobilierdesignoccasion\" \/>\n<meta property=\"article:published_time\" content=\"2026-03-11T11:14:09+00:00\" \/>\n<meta property=\"article:modified_time\" content=\"2026-03-11T11:14:10+00:00\" \/>\n<meta property=\"og:image\" content=\"https:\/\/www.mobilier-design-occasion.fr\/magazine\/wp-content\/uploads\/2026\/03\/LoveMama_26_f6ea6627-441a-4e4b-9f66-a7e4b3d16b0e.webp\" \/>\n\t<meta property=\"og:image:width\" content=\"1080\" \/>\n\t<meta property=\"og:image:height\" content=\"1080\" \/>\n\t<meta property=\"og:image:type\" content=\"image\/webp\" \/>\n<meta name=\"author\" content=\"Vincent Vandegans\" \/>\n<meta name=\"twitter:card\" content=\"summary_large_image\" \/>\n<meta name=\"twitter:label1\" content=\"\u00c9crit par\" \/>\n\t<meta name=\"twitter:data1\" content=\"Vincent Vandegans\" \/>\n\t<meta name=\"twitter:label2\" content=\"Dur\u00e9e de lecture estim\u00e9e\" \/>\n\t<meta name=\"twitter:data2\" content=\"4 minutes\" \/>\n<script type=\"application\/ld+json\" class=\"yoast-schema-graph\">{\"@context\":\"https:\\\/\\\/schema.org\",\"@graph\":[{\"@type\":\"Article\",\"@id\":\"https:\\\/\\\/www.mobilier-design-occasion.fr\\\/magazine\\\/sac-de-couchage-pour-enfant-tout-ce-quune-maman-doit-savoir-avant-dacheter\\\/#article\",\"isPartOf\":{\"@id\":\"https:\\\/\\\/www.mobilier-design-occasion.fr\\\/magazine\\\/sac-de-couchage-pour-enfant-tout-ce-quune-maman-doit-savoir-avant-dacheter\\\/\"},\"author\":{\"name\":\"Vincent Vandegans\",\"@id\":\"https:\\\/\\\/www.mobilier-design-occasion.fr\\\/magazine\\\/#\\\/schema\\\/person\\\/af895bedc80bfb6b17730a672fddac9e\"},\"headline\":\"Sac de couchage pour enfant : tout ce qu&#8217;une maman doit savoir avant d&#8217;acheter\",\"datePublished\":\"2026-03-11T11:14:09+00:00\",\"dateModified\":\"2026-03-11T11:14:10+00:00\",\"mainEntityOfPage\":{\"@id\":\"https:\\\/\\\/www.mobilier-design-occasion.fr\\\/magazine\\\/sac-de-couchage-pour-enfant-tout-ce-quune-maman-doit-savoir-avant-dacheter\\\/\"},\"wordCount\":649,\"commentCount\":0,\"publisher\":{\"@id\":\"https:\\\/\\\/www.mobilier-design-occasion.fr\\\/magazine\\\/#organization\"},\"image\":{\"@id\":\"https:\\\/\\\/www.mobilier-design-occasion.fr\\\/magazine\\\/sac-de-couchage-pour-enfant-tout-ce-quune-maman-doit-savoir-avant-dacheter\\\/#primaryimage\"},\"thumbnailUrl\":\"https:\\\/\\\/www.mobilier-design-occasion.fr\\\/magazine\\\/wp-content\\\/uploads\\\/2026\\\/03\\\/LoveMama_26_f6ea6627-441a-4e4b-9f66-a7e4b3d16b0e.webp\",\"articleSection\":[\"Chambre\",\"Chambre enfant\"],\"inLanguage\":\"fr-FR\",\"potentialAction\":[{\"@type\":\"CommentAction\",\"name\":\"Comment\",\"target\":[\"https:\\\/\\\/www.mobilier-design-occasion.fr\\\/magazine\\\/sac-de-couchage-pour-enfant-tout-ce-quune-maman-doit-savoir-avant-dacheter\\\/#respond\"]}]},{\"@type\":\"WebPage\",\"@id\":\"https:\\\/\\\/www.mobilier-design-occasion.fr\\\/magazine\\\/sac-de-couchage-pour-enfant-tout-ce-quune-maman-doit-savoir-avant-dacheter\\\/\",\"url\":\"https:\\\/\\\/www.mobilier-design-occasion.fr\\\/magazine\\\/sac-de-couchage-pour-enfant-tout-ce-quune-maman-doit-savoir-avant-dacheter\\\/\",\"name\":\"Sac de couchage pour enfant : tout ce qu'une maman doit savoir avant d'acheter - Mobilier Design Magazine\",\"isPartOf\":{\"@id\":\"https:\\\/\\\/www.mobilier-design-occasion.fr\\\/magazine\\\/#website\"},\"primaryImageOfPage\":{\"@id\":\"https:\\\/\\\/www.mobilier-design-occasion.fr\\\/magazine\\\/sac-de-couchage-pour-enfant-tout-ce-quune-maman-doit-savoir-avant-dacheter\\\/#primaryimage\"},\"image\":{\"@id\":\"https:\\\/\\\/www.mobilier-design-occasion.fr\\\/magazine\\\/sac-de-couchage-pour-enfant-tout-ce-quune-maman-doit-savoir-avant-dacheter\\\/#primaryimage\"},\"thumbnailUrl\":\"https:\\\/\\\/www.mobilier-design-occasion.fr\\\/magazine\\\/wp-content\\\/uploads\\\/2026\\\/03\\\/LoveMama_26_f6ea6627-441a-4e4b-9f66-a7e4b3d16b0e.webp\",\"datePublished\":\"2026-03-11T11:14:09+00:00\",\"dateModified\":\"2026-03-11T11:14:10+00:00\",\"breadcrumb\":{\"@id\":\"https:\\\/\\\/www.mobilier-design-occasion.fr\\\/magazine\\\/sac-de-couchage-pour-enfant-tout-ce-quune-maman-doit-savoir-avant-dacheter\\\/#breadcrumb\"},\"inLanguage\":\"fr-FR\",\"potentialAction\":[{\"@type\":\"ReadAction\",\"target\":[\"https:\\\/\\\/www.mobilier-design-occasion.fr\\\/magazine\\\/sac-de-couchage-pour-enfant-tout-ce-quune-maman-doit-savoir-avant-dacheter\\\/\"]}]},{\"@type\":\"ImageObject\",\"inLanguage\":\"fr-FR\",\"@id\":\"https:\\\/\\\/www.mobilier-design-occasion.fr\\\/magazine\\\/sac-de-couchage-pour-enfant-tout-ce-quune-maman-doit-savoir-avant-dacheter\\\/#primaryimage\",\"url\":\"https:\\\/\\\/www.mobilier-design-occasion.fr\\\/magazine\\\/wp-content\\\/uploads\\\/2026\\\/03\\\/LoveMama_26_f6ea6627-441a-4e4b-9f66-a7e4b3d16b0e.webp\",\"contentUrl\":\"https:\\\/\\\/www.mobilier-design-occasion.fr\\\/magazine\\\/wp-content\\\/uploads\\\/2026\\\/03\\\/LoveMama_26_f6ea6627-441a-4e4b-9f66-a7e4b3d16b0e.webp\",\"width\":1080,\"height\":1080},{\"@type\":\"BreadcrumbList\",\"@id\":\"https:\\\/\\\/www.mobilier-design-occasion.fr\\\/magazine\\\/sac-de-couchage-pour-enfant-tout-ce-quune-maman-doit-savoir-avant-dacheter\\\/#breadcrumb\",\"itemListElement\":[{\"@type\":\"ListItem\",\"position\":1,\"name\":\"Accueil\",\"item\":\"https:\\\/\\\/www.mobilier-design-occasion.fr\\\/magazine\\\/\"},{\"@type\":\"ListItem\",\"position\":2,\"name\":\"Sac de couchage pour enfant : tout ce qu&#8217;une maman doit savoir avant d&#8217;acheter\"}]},{\"@type\":\"WebSite\",\"@id\":\"https:\\\/\\\/www.mobilier-design-occasion.fr\\\/magazine\\\/#website\",\"url\":\"https:\\\/\\\/www.mobilier-design-occasion.fr\\\/magazine\\\/\",\"name\":\"Mobilier Design Magazine\",\"description\":\"\",\"publisher\":{\"@id\":\"https:\\\/\\\/www.mobilier-design-occasion.fr\\\/magazine\\\/#organization\"},\"potentialAction\":[{\"@type\":\"SearchAction\",\"target\":{\"@type\":\"EntryPoint\",\"urlTemplate\":\"https:\\\/\\\/www.mobilier-design-occasion.fr\\\/magazine\\\/?s={search_term_string}\"},\"query-input\":{\"@type\":\"PropertyValueSpecification\",\"valueRequired\":true,\"valueName\":\"search_term_string\"}}],\"inLanguage\":\"fr-FR\"},{\"@type\":\"Organization\",\"@id\":\"https:\\\/\\\/www.mobilier-design-occasion.fr\\\/magazine\\\/#organization\",\"name\":\"Mobilier Design Magazine\",\"url\":\"https:\\\/\\\/www.mobilier-design-occasion.fr\\\/magazine\\\/\",\"logo\":{\"@type\":\"ImageObject\",\"inLanguage\":\"fr-FR\",\"@id\":\"https:\\\/\\\/www.mobilier-design-occasion.fr\\\/magazine\\\/#\\\/schema\\\/logo\\\/image\\\/\",\"url\":\"https:\\\/\\\/www.mobilier-design-occasion.fr\\\/magazine\\\/wp-content\\\/uploads\\\/2024\\\/02\\\/android-chrome-192x192-1.png\",\"contentUrl\":\"https:\\\/\\\/www.mobilier-design-occasion.fr\\\/magazine\\\/wp-content\\\/uploads\\\/2024\\\/02\\\/android-chrome-192x192-1.png\",\"width\":192,\"height\":192,\"caption\":\"Mobilier Design Magazine\"},\"image\":{\"@id\":\"https:\\\/\\\/www.mobilier-design-occasion.fr\\\/magazine\\\/#\\\/schema\\\/logo\\\/image\\\/\"},\"sameAs\":[\"https:\\\/\\\/www.facebook.com\\\/mobilierdesignoccasion\"]},{\"@type\":\"Person\",\"@id\":\"https:\\\/\\\/www.mobilier-design-occasion.fr\\\/magazine\\\/#\\\/schema\\\/person\\\/af895bedc80bfb6b17730a672fddac9e\",\"name\":\"Vincent Vandegans\",\"image\":{\"@type\":\"ImageObject\",\"inLanguage\":\"fr-FR\",\"@id\":\"https:\\\/\\\/secure.gravatar.com\\\/avatar\\\/b984800dabdf722d5e3f03f637c8932dea77d81118467d17ad2953e3b273ec66?s=96&d=mm&r=g\",\"url\":\"https:\\\/\\\/secure.gravatar.com\\\/avatar\\\/b984800dabdf722d5e3f03f637c8932dea77d81118467d17ad2953e3b273ec66?s=96&d=mm&r=g\",\"contentUrl\":\"https:\\\/\\\/secure.gravatar.com\\\/avatar\\\/b984800dabdf722d5e3f03f637c8932dea77d81118467d17ad2953e3b273ec66?s=96&d=mm&r=g\",\"caption\":\"Vincent Vandegans\"},\"description\":\"Vincent est passionn\u00e9 par les produits d'occasion, il a ouvert le site MDO avec Cyrielle pour aider les gens \u00e0 trouver du mobilier d'occasion, vintage ou usag\u00e9. Depuis, ils ont \u00e9tendu leurs activit\u00e9s et conseillent tout le monde sur le mobilier d'int\u00e9rieur et d'ext\u00e9rieur au quotidien \u00e0 travers le magazine MDO.\",\"url\":\"https:\\\/\\\/www.mobilier-design-occasion.fr\\\/magazine\\\/author\\\/vincent\\\/\"}]}<\/script>\n<!-- \/ Yoast SEO plugin. -->","yoast_head_json":{"title":"Sac de couchage pour enfant : tout ce qu'une maman doit savoir avant d'acheter - Mobilier Design Magazine","robots":{"index":"index","follow":"follow","max-snippet":"max-snippet:-1","max-image-preview":"max-image-preview:large","max-video-preview":"max-video-preview:-1"},"canonical":"https:\/\/www.mobilier-design-occasion.fr\/magazine\/sac-de-couchage-pour-enfant-tout-ce-quune-maman-doit-savoir-avant-dacheter\/","og_locale":"fr_FR","og_type":"article","og_title":"Sac de couchage pour enfant : tout ce qu'une maman doit savoir avant d'acheter - Mobilier Design Magazine","og_description":"Que ce soit pour un premier s\u00e9jour chez les grands-parents, une nuit en tente ou un camp de vacances, le sac de couchage est un \u00e9quipement cl\u00e9 pour l&#8217;enfant. Mal choisi, il peut ruiner une nuit enti\u00e8re. Bien choisi, il devient un cocon rassurant que l&#8217;enfant r\u00e9clame \u00e0 chaque aventure. Pourquoi le sac de couchage [&hellip;]","og_url":"https:\/\/www.mobilier-design-occasion.fr\/magazine\/sac-de-couchage-pour-enfant-tout-ce-quune-maman-doit-savoir-avant-dacheter\/","og_site_name":"Mobilier Design Magazine","article_publisher":"https:\/\/www.facebook.com\/mobilierdesignoccasion","article_published_time":"2026-03-11T11:14:09+00:00","article_modified_time":"2026-03-11T11:14:10+00:00","og_image":[{"width":1080,"height":1080,"url":"https:\/\/www.mobilier-design-occasion.fr\/magazine\/wp-content\/uploads\/2026\/03\/LoveMama_26_f6ea6627-441a-4e4b-9f66-a7e4b3d16b0e.webp","type":"image\/webp"}],"author":"Vincent Vandegans","twitter_card":"summary_large_image","twitter_misc":{"\u00c9crit par":"Vincent Vandegans","Dur\u00e9e de lecture estim\u00e9e":"4 minutes"},"schema":{"@context":"https:\/\/schema.org","@graph":[{"@type":"Article","@id":"https:\/\/www.mobilier-design-occasion.fr\/magazine\/sac-de-couchage-pour-enfant-tout-ce-quune-maman-doit-savoir-avant-dacheter\/#article","isPartOf":{"@id":"https:\/\/www.mobilier-design-occasion.fr\/magazine\/sac-de-couchage-pour-enfant-tout-ce-quune-maman-doit-savoir-avant-dacheter\/"},"author":{"name":"Vincent Vandegans","@id":"https:\/\/www.mobilier-design-occasion.fr\/magazine\/#\/schema\/person\/af895bedc80bfb6b17730a672fddac9e"},"headline":"Sac de couchage pour enfant : tout ce qu&#8217;une maman doit savoir avant d&#8217;acheter","datePublished":"2026-03-11T11:14:09+00:00","dateModified":"2026-03-11T11:14:10+00:00","mainEntityOfPage":{"@id":"https:\/\/www.mobilier-design-occasion.fr\/magazine\/sac-de-couchage-pour-enfant-tout-ce-quune-maman-doit-savoir-avant-dacheter\/"},"wordCount":649,"commentCount":0,"publisher":{"@id":"https:\/\/www.mobilier-design-occasion.fr\/magazine\/#organization"},"image":{"@id":"https:\/\/www.mobilier-design-occasion.fr\/magazine\/sac-de-couchage-pour-enfant-tout-ce-quune-maman-doit-savoir-avant-dacheter\/#primaryimage"},"thumbnailUrl":"https:\/\/www.mobilier-design-occasion.fr\/magazine\/wp-content\/uploads\/2026\/03\/LoveMama_26_f6ea6627-441a-4e4b-9f66-a7e4b3d16b0e.webp","articleSection":["Chambre","Chambre enfant"],"inLanguage":"fr-FR","potentialAction":[{"@type":"CommentAction","name":"Comment","target":["https:\/\/www.mobilier-design-occasion.fr\/magazine\/sac-de-couchage-pour-enfant-tout-ce-quune-maman-doit-savoir-avant-dacheter\/#respond"]}]},{"@type":"WebPage","@id":"https:\/\/www.mobilier-design-occasion.fr\/magazine\/sac-de-couchage-pour-enfant-tout-ce-quune-maman-doit-savoir-avant-dacheter\/","url":"https:\/\/www.mobilier-design-occasion.fr\/magazine\/sac-de-couchage-pour-enfant-tout-ce-quune-maman-doit-savoir-avant-dacheter\/","name":"Sac de couchage pour enfant : tout ce qu'une maman doit savoir avant d'acheter - Mobilier Design Magazine","isPartOf":{"@id":"https:\/\/www.mobilier-design-occasion.fr\/magazine\/#website"},"primaryImageOfPage":{"@id":"https:\/\/www.mobilier-design-occasion.fr\/magazine\/sac-de-couchage-pour-enfant-tout-ce-quune-maman-doit-savoir-avant-dacheter\/#primaryimage"},"image":{"@id":"https:\/\/www.mobilier-design-occasion.fr\/magazine\/sac-de-couchage-pour-enfant-tout-ce-quune-maman-doit-savoir-avant-dacheter\/#primaryimage"},"thumbnailUrl":"https:\/\/www.mobilier-design-occasion.fr\/magazine\/wp-content\/uploads\/2026\/03\/LoveMama_26_f6ea6627-441a-4e4b-9f66-a7e4b3d16b0e.webp","datePublished":"2026-03-11T11:14:09+00:00","dateModified":"2026-03-11T11:14:10+00:00","breadcrumb":{"@id":"https:\/\/www.mobilier-design-occasion.fr\/magazine\/sac-de-couchage-pour-enfant-tout-ce-quune-maman-doit-savoir-avant-dacheter\/#breadcrumb"},"inLanguage":"fr-FR","potentialAction":[{"@type":"ReadAction","target":["https:\/\/www.mobilier-design-occasion.fr\/magazine\/sac-de-couchage-pour-enfant-tout-ce-quune-maman-doit-savoir-avant-dacheter\/"]}]},{"@type":"ImageObject","inLanguage":"fr-FR","@id":"https:\/\/www.mobilier-design-occasion.fr\/magazine\/sac-de-couchage-pour-enfant-tout-ce-quune-maman-doit-savoir-avant-dacheter\/#primaryimage","url":"https:\/\/www.mobilier-design-occasion.fr\/magazine\/wp-content\/uploads\/2026\/03\/LoveMama_26_f6ea6627-441a-4e4b-9f66-a7e4b3d16b0e.webp","contentUrl":"https:\/\/www.mobilier-design-occasion.fr\/magazine\/wp-content\/uploads\/2026\/03\/LoveMama_26_f6ea6627-441a-4e4b-9f66-a7e4b3d16b0e.webp","width":1080,"height":1080},{"@type":"BreadcrumbList","@id":"https:\/\/www.mobilier-design-occasion.fr\/magazine\/sac-de-couchage-pour-enfant-tout-ce-quune-maman-doit-savoir-avant-dacheter\/#breadcrumb","itemListElement":[{"@type":"ListItem","position":1,"name":"Accueil","item":"https:\/\/www.mobilier-design-occasion.fr\/magazine\/"},{"@type":"ListItem","position":2,"name":"Sac de couchage pour enfant : tout ce qu&#8217;une maman doit savoir avant d&#8217;acheter"}]},{"@type":"WebSite","@id":"https:\/\/www.mobilier-design-occasion.fr\/magazine\/#website","url":"https:\/\/www.mobilier-design-occasion.fr\/magazine\/","name":"Mobilier Design Magazine","description":"","publisher":{"@id":"https:\/\/www.mobilier-design-occasion.fr\/magazine\/#organization"},"potentialAction":[{"@type":"SearchAction","target":{"@type":"EntryPoint","urlTemplate":"https:\/\/www.mobilier-design-occasion.fr\/magazine\/?s={search_term_string}"},"query-input":{"@type":"PropertyValueSpecification","valueRequired":true,"valueName":"search_term_string"}}],"inLanguage":"fr-FR"},{"@type":"Organization","@id":"https:\/\/www.mobilier-design-occasion.fr\/magazine\/#organization","name":"Mobilier Design Magazine","url":"https:\/\/www.mobilier-design-occasion.fr\/magazine\/","logo":{"@type":"ImageObject","inLanguage":"fr-FR","@id":"https:\/\/www.mobilier-design-occasion.fr\/magazine\/#\/schema\/logo\/image\/","url":"https:\/\/www.mobilier-design-occasion.fr\/magazine\/wp-content\/uploads\/2024\/02\/android-chrome-192x192-1.png","contentUrl":"https:\/\/www.mobilier-design-occasion.fr\/magazine\/wp-content\/uploads\/2024\/02\/android-chrome-192x192-1.png","width":192,"height":192,"caption":"Mobilier Design Magazine"},"image":{"@id":"https:\/\/www.mobilier-design-occasion.fr\/magazine\/#\/schema\/logo\/image\/"},"sameAs":["https:\/\/www.facebook.com\/mobilierdesignoccasion"]},{"@type":"Person","@id":"https:\/\/www.mobilier-design-occasion.fr\/magazine\/#\/schema\/person\/af895bedc80bfb6b17730a672fddac9e","name":"Vincent Vandegans","image":{"@type":"ImageObject","inLanguage":"fr-FR","@id":"https:\/\/secure.gravatar.com\/avatar\/b984800dabdf722d5e3f03f637c8932dea77d81118467d17ad2953e3b273ec66?s=96&d=mm&r=g","url":"https:\/\/secure.gravatar.com\/avatar\/b984800dabdf722d5e3f03f637c8932dea77d81118467d17ad2953e3b273ec66?s=96&d=mm&r=g","contentUrl":"https:\/\/secure.gravatar.com\/avatar\/b984800dabdf722d5e3f03f637c8932dea77d81118467d17ad2953e3b273ec66?s=96&d=mm&r=g","caption":"Vincent Vandegans"},"description":"Vincent est passionn\u00e9 par les produits d'occasion, il a ouvert le site MDO avec Cyrielle pour aider les gens \u00e0 trouver du mobilier d'occasion, vintage ou usag\u00e9. Depuis, ils ont \u00e9tendu leurs activit\u00e9s et conseillent tout le monde sur le mobilier d'int\u00e9rieur et d'ext\u00e9rieur au quotidien \u00e0 travers le magazine MDO.","url":"https:\/\/www.mobilier-design-occasion.fr\/magazine\/author\/vincent\/"}]}},"_links":{"self":[{"href":"https:\/\/www.mobilier-design-occasion.fr\/magazine\/wp-json\/wp\/v2\/posts\/8885","targetHints":{"allow":["GET"]}}],"collection":[{"href":"https:\/\/www.mobilier-design-occasion.fr\/magazine\/wp-json\/wp\/v2\/posts"}],"about":[{"href":"https:\/\/www.mobilier-design-occasion.fr\/magazine\/wp-json\/wp\/v2\/types\/post"}],"author":[{"embeddable":true,"href":"https:\/\/www.mobilier-design-occasion.fr\/magazine\/wp-json\/wp\/v2\/users\/2"}],"replies":[{"embeddable":true,"href":"https:\/\/www.mobilier-design-occasion.fr\/magazine\/wp-json\/wp\/v2\/comments?post=8885"}],"version-history":[{"count":1,"href":"https:\/\/www.mobilier-design-occasion.fr\/magazine\/wp-json\/wp\/v2\/posts\/8885\/revisions"}],"predecessor-version":[{"id":8889,"href":"https:\/\/www.mobilier-design-occasion.fr\/magazine\/wp-json\/wp\/v2\/posts\/8885\/revisions\/8889"}],"wp:featuredmedia":[{"embeddable":true,"href":"https:\/\/www.mobilier-design-occasion.fr\/magazine\/wp-json\/wp\/v2\/media\/8886"}],"wp:attachment":[{"href":"https:\/\/www.mobilier-design-occasion.fr\/magazine\/wp-json\/wp\/v2\/media?parent=8885"}],"wp:term":[{"taxonomy":"category","embeddable":true,"href":"https:\/\/www.mobilier-design-occasion.fr\/magazine\/wp-json\/wp\/v2\/categories?post=8885"},{"taxonomy":"post_tag","embeddable":true,"href":"https:\/\/www.mobilier-design-occasion.fr\/magazine\/wp-json\/wp\/v2\/tags?post=8885"}],"curies":[{"name":"wp","href":"https:\/\/api.w.org\/{rel}","templated":true}]}}