{"id":8878,"date":"2026-03-03T19:35:13","date_gmt":"2026-03-03T19:35:13","guid":{"rendered":"https:\/\/www.mobilier-design-occasion.fr\/magazine\/reussir-un-demenagement-professionnel-a-paris-conseils-et-etapes-cles\/"},"modified":"2026-03-03T19:35:13","modified_gmt":"2026-03-03T19:35:13","slug":"reussir-un-demenagement-professionnel-a-paris-conseils-et-etapes-cles","status":"publish","type":"post","link":"https:\/\/www.mobilier-design-occasion.fr\/magazine\/reussir-un-demenagement-professionnel-a-paris-conseils-et-etapes-cles\/","title":{"rendered":"R\u00e9ussir un d\u00e9m\u00e9nagement professionnel \u00e0 Paris : conseils et \u00e9tapes cl\u00e9s"},"content":{"rendered":"<article>\n<p>L&rsquo;organisation d&rsquo;un <strong>d&eacute;m&eacute;nagement professionnel &agrave; Paris<\/strong> repr&eacute;sente un v&eacute;ritable d&eacute;fi, que ce soit pour une petite entreprise ou pour le <strong>transfert de bureaux<\/strong> de grande ampleur. La densit&eacute; urbaine, la gestion du mat&eacute;riel et les <strong>d&eacute;marches administratives<\/strong> peuvent compliquer la t&acirc;che. En adoptant une m&eacute;thode structur&eacute;e et en sollicitant l&rsquo;<strong>expertise d&rsquo;un d&eacute;m&eacute;nageur professionnel<\/strong>, il devient bien plus simple de garantir un changement de locaux efficace et sans mauvaises surprises.<\/p>\n<p>Explorer les nombreuses solutions disponibles dans la capitale permet d&rsquo;optimiser &agrave; la fois le <strong>budget<\/strong> et la s&eacute;r&eacute;nit&eacute; des &eacute;quipes impliqu&eacute;es dans le processus. Pour r&eacute;ussir ce projet cl&eacute;, quelques &eacute;tapes sont incontournables, du <strong>devis gratuit<\/strong> jusqu&rsquo;&agrave; l&rsquo;installation des collaborateurs dans leur nouvel environnement de travail.<\/p>\n<section id=\"pourquoi-se-faire-accompagner-par-un-demenageur-professionnel-a-paris\">\n<h2><span class=\"ez-toc-section\" id=\"Pourquoi_se_faire_accompagner_par_un_demenageur_professionnel_a_Paris\"><\/span>Pourquoi se faire accompagner par un d&eacute;m&eacute;nageur professionnel &agrave; Paris&nbsp;?<span class=\"ez-toc-section-end\"><\/span><\/h2><div id=\"ez-toc-container\" class=\"ez-toc-v2_0_82_2 counter-hierarchy ez-toc-counter ez-toc-grey ez-toc-container-direction\">\n<div class=\"ez-toc-title-container\">\n<span class=\"ez-toc-title-toggle\"><a href=\"#\" class=\"ez-toc-pull-right ez-toc-btn ez-toc-btn-xs ez-toc-btn-default ez-toc-toggle\" aria-label=\"Toggle Table of Content\"><span class=\"ez-toc-js-icon-con\"><span class=\"\"><span class=\"eztoc-hide\" style=\"display:none;\">Toggle<\/span><span class=\"ez-toc-icon-toggle-span\"><svg style=\"fill: #999;color:#999\" xmlns=\"http:\/\/www.w3.org\/2000\/svg\" class=\"list-377408\" width=\"20px\" height=\"20px\" viewBox=\"0 0 24 24\" fill=\"none\"><path d=\"M6 6H4v2h2V6zm14 0H8v2h12V6zM4 11h2v2H4v-2zm16 0H8v2h12v-2zM4 16h2v2H4v-2zm16 0H8v2h12v-2z\" fill=\"currentColor\"><\/path><\/svg><svg style=\"fill: #999;color:#999\" class=\"arrow-unsorted-368013\" xmlns=\"http:\/\/www.w3.org\/2000\/svg\" width=\"10px\" height=\"10px\" viewBox=\"0 0 24 24\" version=\"1.2\" baseProfile=\"tiny\"><path d=\"M18.2 9.3l-6.2-6.3-6.2 6.3c-.2.2-.3.4-.3.7s.1.5.3.7c.2.2.4.3.7.3h11c.3 0 .5-.1.7-.3.2-.2.3-.5.3-.7s-.1-.5-.3-.7zM5.8 14.7l6.2 6.3 6.2-6.3c.2-.2.3-.5.3-.7s-.1-.5-.3-.7c-.2-.2-.4-.3-.7-.3h-11c-.3 0-.5.1-.7.3-.2.2-.3.5-.3.7s.1.5.3.7z\"\/><\/svg><\/span><\/span><\/span><\/a><\/span><\/div>\n<nav><ul class='ez-toc-list ez-toc-list-level-1 eztoc-toggle-hide-by-default' ><li class='ez-toc-page-1 ez-toc-heading-level-2'><a class=\"ez-toc-link ez-toc-heading-1\" href=\"https:\/\/www.mobilier-design-occasion.fr\/magazine\/reussir-un-demenagement-professionnel-a-paris-conseils-et-etapes-cles\/#Pourquoi_se_faire_accompagner_par_un_demenageur_professionnel_a_Paris\" >Pourquoi se faire accompagner par un d&eacute;m&eacute;nageur professionnel &agrave; Paris&nbsp;?<\/a><\/li><li class='ez-toc-page-1 ez-toc-heading-level-2'><a class=\"ez-toc-link ez-toc-heading-2\" href=\"https:\/\/www.mobilier-design-occasion.fr\/magazine\/reussir-un-demenagement-professionnel-a-paris-conseils-et-etapes-cles\/#Les_principales_etapes_dun_demenagement_dentreprise_reussi\" >Les principales &eacute;tapes d&rsquo;un d&eacute;m&eacute;nagement d&rsquo;entreprise r&eacute;ussi<\/a><ul class='ez-toc-list-level-3' ><li class='ez-toc-heading-level-3'><a class=\"ez-toc-link ez-toc-heading-3\" href=\"https:\/\/www.mobilier-design-occasion.fr\/magazine\/reussir-un-demenagement-professionnel-a-paris-conseils-et-etapes-cles\/#Levaluation_des_besoins_et_le_choix_du_prestataire\" >L&rsquo;&eacute;valuation des besoins et le choix du prestataire<\/a><\/li><li class='ez-toc-page-1 ez-toc-heading-level-3'><a class=\"ez-toc-link ez-toc-heading-4\" href=\"https:\/\/www.mobilier-design-occasion.fr\/magazine\/reussir-un-demenagement-professionnel-a-paris-conseils-et-etapes-cles\/#Les_demarches_administratives_avant_le_jour_J\" >Les d&eacute;marches administratives avant le jour J<\/a><\/li><li class='ez-toc-page-1 ez-toc-heading-level-3'><a class=\"ez-toc-link ez-toc-heading-5\" href=\"https:\/\/www.mobilier-design-occasion.fr\/magazine\/reussir-un-demenagement-professionnel-a-paris-conseils-et-etapes-cles\/#Lorganisation_materielle_et_la_coordination_sur_le_terrain\" >L&rsquo;organisation mat&eacute;rielle et la coordination sur le terrain<\/a><\/li><\/ul><\/li><li class='ez-toc-page-1 ez-toc-heading-level-2'><a class=\"ez-toc-link ez-toc-heading-6\" href=\"https:\/\/www.mobilier-design-occasion.fr\/magazine\/reussir-un-demenagement-professionnel-a-paris-conseils-et-etapes-cles\/#Quels_services_complementaires_offrent_les_specialistes_du_demenagement_professionnel\" >Quels services compl&eacute;mentaires offrent les sp&eacute;cialistes du d&eacute;m&eacute;nagement professionnel&nbsp;?<\/a><\/li><li class='ez-toc-page-1 ez-toc-heading-level-2'><a class=\"ez-toc-link ez-toc-heading-7\" href=\"https:\/\/www.mobilier-design-occasion.fr\/magazine\/reussir-un-demenagement-professionnel-a-paris-conseils-et-etapes-cles\/#Combien_coute_un_demenagement_professionnel_a_Paris\" >Combien co&ucirc;te un d&eacute;m&eacute;nagement professionnel &agrave; Paris&nbsp;?<\/a><ul class='ez-toc-list-level-3' ><li class='ez-toc-heading-level-3'><a class=\"ez-toc-link ez-toc-heading-8\" href=\"https:\/\/www.mobilier-design-occasion.fr\/magazine\/reussir-un-demenagement-professionnel-a-paris-conseils-et-etapes-cles\/#Pourquoi_choisir_un_demenageur_professionnel_plutot_quune_equipe_interne_pour_un_transfert_de_bureaux\" >Pourquoi choisir un d&eacute;m&eacute;nageur professionnel plut&ocirc;t qu&rsquo;une &eacute;quipe interne pour un transfert de bureaux&nbsp;?<\/a><\/li><li class='ez-toc-page-1 ez-toc-heading-level-3'><a class=\"ez-toc-link ez-toc-heading-9\" href=\"https:\/\/www.mobilier-design-occasion.fr\/magazine\/reussir-un-demenagement-professionnel-a-paris-conseils-et-etapes-cles\/#Quelles_demarches_administratives_anticiper_pour_un_demenagement_professionnel_a_Paris\" >Quelles d&eacute;marches administratives anticiper pour un d&eacute;m&eacute;nagement professionnel &agrave; Paris&nbsp;?<\/a><\/li><li class='ez-toc-page-1 ez-toc-heading-level-3'><a class=\"ez-toc-link ez-toc-heading-10\" href=\"https:\/\/www.mobilier-design-occasion.fr\/magazine\/reussir-un-demenagement-professionnel-a-paris-conseils-et-etapes-cles\/#Quest-ce_qui_influe_principalement_sur_le_prix_dun_demenagement_professionnel_a_Paris\" >Qu&rsquo;est-ce qui influe principalement sur le prix d&rsquo;un d&eacute;m&eacute;nagement professionnel &agrave; Paris&nbsp;?<\/a><\/li><li class='ez-toc-page-1 ez-toc-heading-level-3'><a class=\"ez-toc-link ez-toc-heading-11\" href=\"https:\/\/www.mobilier-design-occasion.fr\/magazine\/reussir-un-demenagement-professionnel-a-paris-conseils-et-etapes-cles\/#Un_demenageur_professionnel_prend-il_en_charge_le_demontage_et_remontage_de_materiel_lors_du_transfert_de_bureaux\" >Un d&eacute;m&eacute;nageur professionnel prend-il en charge le d&eacute;montage et remontage de mat&eacute;riel lors du transfert de bureaux&nbsp;?<\/a><\/li><\/ul><\/li><\/ul><\/nav><\/div>\n\n<p>Faire appel &agrave; un <strong>d&eacute;m&eacute;nageur professionnel<\/strong> lors d&rsquo;un <strong>d&eacute;m&eacute;nagement d&rsquo;entreprise<\/strong> apporte de nombreux avantages. L&rsquo;organisation est plus fluide, les risques de casse ou de perte de mat&eacute;riel diminuent, et les d&eacute;lais sont mieux ma&icirc;tris&eacute;s. Dans une ville comme Paris, o&ugrave; l&rsquo;acc&egrave;s aux b&acirc;timents peut s&rsquo;av&eacute;rer complexe avec des escaliers exigus ou des immeubles sans ascenseur, l&rsquo;<strong>exp&eacute;rience d&rsquo;un sp&eacute;cialiste<\/strong> reste pr&eacute;cieuse.<\/p>\n<p>Un accompagnement sur mesure comprend g&eacute;n&eacute;ralement la possibilit&eacute; de recourir &agrave; des solutions sp&eacute;cifiques comme un <strong>monte-meubles<\/strong> pour simplifier le transport de charges volumineuses ou fragiles. Ce niveau de service permet aussi un bon &eacute;quilibre entre <strong>co&ucirc;t, rapidit&eacute;<\/strong> et s&eacute;curit&eacute;.<\/p>\n<\/section>\n<section id=\"les-principales-etapes-dun-demenagement-dentreprise-reussi\">\n<h2><span class=\"ez-toc-section\" id=\"Les_principales_etapes_dun_demenagement_dentreprise_reussi\"><\/span>Les principales &eacute;tapes d&rsquo;un d&eacute;m&eacute;nagement d&rsquo;entreprise r&eacute;ussi<span class=\"ez-toc-section-end\"><\/span><\/h2>\n<p>La pr&eacute;paration d&rsquo;un <strong>transfert de bureaux<\/strong> implique de suivre plusieurs phases garantissant la bonne r&eacute;ussite du projet. De la <strong>gestion logistique<\/strong> jusqu&#8217;&agrave; la reprise d&rsquo;activit&eacute;, chaque &eacute;tape m&eacute;rite attention.<\/p>\n<p>Adopter une organisation rigoureuse et planifi&eacute;e limite la dur&eacute;e de l&rsquo;interruption de service, ce qui demeure essentiel pour la productivit&eacute; et la satisfaction des clients.<\/p>\n<h3><span class=\"ez-toc-section\" id=\"Levaluation_des_besoins_et_le_choix_du_prestataire\"><\/span>L&rsquo;&eacute;valuation des besoins et le choix du prestataire<span class=\"ez-toc-section-end\"><\/span><\/h3>\n<p>Avant toute chose, il convient de r&eacute;aliser un &eacute;tat des lieux pr&eacute;cis&nbsp;: <strong>volume &agrave; d&eacute;m&eacute;nager<\/strong>, nombre de postes de travail, &eacute;quipements particuliers &agrave; transporter et contraintes li&eacute;es &agrave; l&rsquo;immeuble parisien. Un <strong>d&eacute;m&eacute;nageur professionnel<\/strong> propose souvent une visite pr&eacute;alable afin d&rsquo;&eacute;tablir un <strong>devis gratuit<\/strong> correspondant parfaitement aux attentes et au <strong>prix d&eacute;m&eacute;nagement<\/strong> constat&eacute; sur le march&eacute;.<\/p>\n<p>Comparer plusieurs devis permet d&rsquo;avoir une vision claire des prestations offertes, qu&rsquo;il s&rsquo;agisse du <strong>d&eacute;montage et remontage de mat&eacute;riel informatique<\/strong>, du d&eacute;placement des archives ou de la gestion des meubles volumineux via un <strong>monte-meubles<\/strong>. Chaque d&eacute;tail compte pour &eacute;viter les impr&eacute;vus.<\/p>\n<h3><span class=\"ez-toc-section\" id=\"Les_demarches_administratives_avant_le_jour_J\"><\/span>Les d&eacute;marches administratives avant le jour J<span class=\"ez-toc-section-end\"><\/span><\/h3>\n<p>Certaines <strong>d&eacute;marches administratives<\/strong> ne doivent pas &ecirc;tre n&eacute;glig&eacute;es. Il est n&eacute;cessaire d&rsquo;informer les partenaires, clients et fournisseurs de la nouvelle adresse. Des demandes aupr&egrave;s de la mairie ou de la pr&eacute;fecture peuvent &eacute;galement &ecirc;tre requises pour r&eacute;server un emplacement devant l&rsquo;immeuble afin de faciliter l&rsquo;acc&egrave;s au camion de d&eacute;m&eacute;nagement. Ce point prend toute son importance dans les quartiers parisiens &agrave; forte circulation.<\/p>\n<p>Il est aussi recommand&eacute; de mettre &agrave; jour les <strong>contrats d&rsquo;&eacute;nergie<\/strong>, d&rsquo;assurances professionnelles et toutes autres formalit&eacute;s relatives &agrave; l&rsquo;adresse de l&rsquo;entreprise. Bien anticiper ces aspects &eacute;vite les mauvaises surprises apr&egrave;s le transfert de bureaux.<\/p>\n<h3><span class=\"ez-toc-section\" id=\"Lorganisation_materielle_et_la_coordination_sur_le_terrain\"><\/span>L&rsquo;organisation mat&eacute;rielle et la coordination sur le terrain<span class=\"ez-toc-section-end\"><\/span><\/h3>\n<p>Le jour du transfert approche et l&rsquo;implication des &eacute;quipes devient essentielle. Pr&eacute;voyez des cartons adapt&eacute;s, du mat&eacute;riel de protection et un &eacute;tiquetage pr&eacute;cis de chaque poste. Pour les <a href=\"https:\/\/marianne-demenagement.fr\/professionnels\/\"><strong>d&eacute;m&eacute;nagements professionnels<\/strong><\/a> comprenant du mat&eacute;riel sensible, la coordination avec le <strong>d&eacute;m&eacute;nageur<\/strong> s&rsquo;organise en amont afin de prot&eacute;ger efficacement ordinateurs, serveurs ou &eacute;quipement technique indispensable au bon fonctionnement de l&rsquo;entreprise.<\/p>\n<p>Lors du chargement, le recours &agrave; un <strong>monte-meubles<\/strong> peut limiter les manipulations dans des escaliers &eacute;troits ou sur des parkings difficiles d&rsquo;acc&egrave;s &agrave; Paris. Cette optimisation r&eacute;duit aussi le temps pass&eacute; sur place et accro&icirc;t la <strong>s&eacute;curit&eacute;<\/strong> pour tous.<\/p>\n<\/section>\n<section id=\"quels-services-complementaires-offrent-les-specialistes-du-demenagement-professionnel\">\n<h2><span class=\"ez-toc-section\" id=\"Quels_services_complementaires_offrent_les_specialistes_du_demenagement_professionnel\"><\/span>Quels services compl&eacute;mentaires offrent les sp&eacute;cialistes du d&eacute;m&eacute;nagement professionnel&nbsp;?<span class=\"ez-toc-section-end\"><\/span><\/h2>\n<p>Au-del&agrave; du simple transport, les experts du <strong>d&eacute;m&eacute;nagement d&rsquo;entreprise<\/strong> proposent souvent des offres personnalis&eacute;es selon les caract&eacute;ristiques du projet et les attentes de la soci&eacute;t&eacute;. Ces options ajoutent une r&eacute;elle valeur ajout&eacute;e et permettent d&rsquo;ajuster le <strong>service<\/strong> au cas par cas.<\/p>\n<p>Pour les structures cherchant &agrave; minimiser l&rsquo;impact sur leurs activit&eacute;s quotidiennes, il existe par exemple des prestations &laquo;&nbsp;tout compris&nbsp;&raquo;, comprenant le <strong>d&eacute;montage et remontage de mat&eacute;riel sp&eacute;cifique<\/strong> ainsi que le nettoyage des anciens locaux.<\/p>\n<ul>\n<li><strong>D&eacute;montage et remontage de mobilier<\/strong> et de mat&eacute;riel informatique<\/li>\n<li><strong>Mise &agrave; disposition de monte-meubles<\/strong><\/li>\n<li><strong>Emballage et d&eacute;ballage des documents confidentiels<\/strong><\/li>\n<li><strong>Stockage temporaire<\/strong> si besoin entre deux adresses<\/li>\n<li><strong>Gestion s&eacute;curis&eacute;e des d&eacute;chets<\/strong> et mobiliers non r&eacute;utilisables<\/li>\n<\/ul>\n<p>S&rsquo;en remettre totalement &agrave; un <strong>d&eacute;m&eacute;nageur professionnel<\/strong> reste donc la solution id&eacute;ale pour b&eacute;n&eacute;ficier d&rsquo;une <strong>expertise d&eacute;m&eacute;nageur<\/strong> adapt&eacute;e &agrave; Paris et profiter d&rsquo;un service flexible, &eacute;volutif en fonction de la taille et de la complexit&eacute; du <strong>d&eacute;m&eacute;nagement particulier<\/strong> ou collectif.<\/p>\n<\/section>\n<section id=\"combien-coute-un-demenagement-professionnel-a-paris\">\n<h2><span class=\"ez-toc-section\" id=\"Combien_coute_un_demenagement_professionnel_a_Paris\"><\/span>Combien co&ucirc;te un d&eacute;m&eacute;nagement professionnel &agrave; Paris&nbsp;?<span class=\"ez-toc-section-end\"><\/span><\/h2>\n<p>Le <strong>prix d&eacute;m&eacute;nagement<\/strong> varie selon plusieurs crit&egrave;res&nbsp;: <strong>volume &agrave; transporter<\/strong>, distance entre les sites, besoins sp&eacute;cifiques (comme un <strong>monte-meubles<\/strong>) et niveau d&rsquo;accompagnement souhait&eacute;. Les offres comprennent g&eacute;n&eacute;ralement le <strong>devis gratuit<\/strong>, permettant d&rsquo;anticiper le budget et d&rsquo;&eacute;viter les mauvaises surprises.<\/p>\n<p>Parmi les principaux crit&egrave;res influen&ccedil;ant le tarif, on retrouve aussi l&rsquo;<strong>accessibilit&eacute; des locaux<\/strong>, la saisonnalit&eacute; (p&eacute;riodes de forte demande), mais aussi les &eacute;ventuelles <strong>assurances compl&eacute;mentaires<\/strong>. Obtenir un <strong>devis d&eacute;taill&eacute;<\/strong> aide &agrave; dissiper tout doute concernant les co&ucirc;ts annexes li&eacute;s aux traitements sp&eacute;ciaux ou au mat&eacute;riel fragile.<\/p>\n<table>\n<tbody>\n<tr>\n<th>Service<\/th>\n<th>Estimation du prix<\/th>\n<\/tr>\n<tr>\n<td><strong>D&eacute;m&eacute;nagement classique bureaux (petit volume)<\/strong><\/td>\n<td>800&nbsp;&euro; &#8211; 2000&nbsp;&euro;<\/td>\n<\/tr>\n<tr>\n<td><strong>Transfert de grandes surfaces ou entreprises<\/strong><\/td>\n<td>2500&nbsp;&euro; &#8211; 6000&nbsp;&euro;<\/td>\n<\/tr>\n<tr>\n<td><strong>Location monte-meubles demi-journ&eacute;e<\/strong><\/td>\n<td>150&nbsp;&euro; &#8211; 400&nbsp;&euro;<\/td>\n<\/tr>\n<tr>\n<td><strong>D&eacute;montage\/remontage mobilier sp&eacute;cialis&eacute;<\/strong><\/td>\n<td>100&nbsp;&euro; &#8211; 300&nbsp;&euro; par poste<\/td>\n<\/tr>\n<\/tbody>\n<\/table>\n<p>La <strong>flexibilit&eacute;<\/strong> et la <strong>transparence du devis<\/strong> facilitent grandement le processus de prise de d&eacute;cision, surtout lorsque chaque d&eacute;pense doit &ecirc;tre justifi&eacute;e aupr&egrave;s de la direction ou du service financier.<\/p>\n<\/section>\n<\/article>\n<h3><span class=\"ez-toc-section\" id=\"Pourquoi_choisir_un_demenageur_professionnel_plutot_quune_equipe_interne_pour_un_transfert_de_bureaux\"><\/span>Pourquoi choisir un d&eacute;m&eacute;nageur professionnel plut&ocirc;t qu&rsquo;une &eacute;quipe interne pour un transfert de bureaux&nbsp;?<span class=\"ez-toc-section-end\"><\/span><\/h3>\n<p> Externaliser &agrave; un sp&eacute;cialiste garantit une meilleure gestion des impr&eacute;vus, limite les risques de blessure, et assure un transport s&eacute;curis&eacute; gr&acirc;ce &agrave; l&rsquo;utilisation de mat&eacute;riel adapt&eacute; comme le monte-meubles. <\/p>\n<ul>\n<li>Optimisation du temps<\/li>\n<li>Gestion des d&eacute;marches administratives<\/li>\n<li>Protection renforc&eacute;e pour le mat&eacute;riel sensible<\/li>\n<\/ul>\n<h3><span class=\"ez-toc-section\" id=\"Quelles_demarches_administratives_anticiper_pour_un_demenagement_professionnel_a_Paris\"><\/span>Quelles d&eacute;marches administratives anticiper pour un d&eacute;m&eacute;nagement professionnel &agrave; Paris&nbsp;?<span class=\"ez-toc-section-end\"><\/span><\/h3>\n<p> Il faut pr&eacute;venir la Mairie pour la r&eacute;servation des emplacements de stationnement, signaler le changement d&rsquo;adresse aupr&egrave;s des organismes officiels et mettre &agrave; jour tous les contrats relatifs &agrave; vos locaux (assurances, &eacute;lectricit&eacute;, t&eacute;l&eacute;coms). <\/p>\n<ul>\n<li>Relocalisation administrative<\/li>\n<li>Communication aux clients et fournisseurs<\/li>\n<li>Mise &agrave; jour des coordonn&eacute;es professionnelles<\/li>\n<\/ul>\n<h3><span class=\"ez-toc-section\" id=\"Quest-ce_qui_influe_principalement_sur_le_prix_dun_demenagement_professionnel_a_Paris\"><\/span>Qu&rsquo;est-ce qui influe principalement sur le prix d&rsquo;un d&eacute;m&eacute;nagement professionnel &agrave; Paris&nbsp;?<span class=\"ez-toc-section-end\"><\/span><\/h3>\n<p> Le co&ucirc;t d&eacute;pend du volume des biens, de l&rsquo;accessibilit&eacute; (escaliers, &eacute;tage &eacute;lev&eacute;&hellip;), de la n&eacute;cessit&eacute; de louer un monte-meubles ou non et du niveau de services attendus. <\/p>\n<ul>\n<li>Nombre de postes &agrave; transf&eacute;rer<\/li>\n<li>Volume des &eacute;quipements informatiques, archives, mobilier<\/li>\n<li>Besoins en d&eacute;montage et remontage de mat&eacute;riel<\/li>\n<\/ul>\n<h3><span class=\"ez-toc-section\" id=\"Un_demenageur_professionnel_prend-il_en_charge_le_demontage_et_remontage_de_materiel_lors_du_transfert_de_bureaux\"><\/span>Un d&eacute;m&eacute;nageur professionnel prend-il en charge le d&eacute;montage et remontage de mat&eacute;riel lors du transfert de bureaux&nbsp;?<span class=\"ez-toc-section-end\"><\/span><\/h3>\n<p> Oui, la majorit&eacute; des prestataires incluent ce service dans leurs offres pour faciliter l&rsquo;am&eacute;nagement rapide dans les nouveaux locaux, notamment pour le mobilier et les &eacute;quipements informatiques. Certains proposent &eacute;galement des solutions standards pour le rangement, le transport s&eacute;curis&eacute; et l&rsquo;installation imm&eacute;diate du mat&eacute;riel. <\/p>\n","protected":false},"excerpt":{"rendered":"<p>L&rsquo;organisation d&rsquo;un d&eacute;m&eacute;nagement professionnel &agrave; Paris repr&eacute;sente un v&eacute;ritable d&eacute;fi, que ce soit pour une petite entreprise ou pour le transfert de bureaux de grande ampleur. La densit&eacute; urbaine, la gestion du mat&eacute;riel et les d&eacute;marches administratives peuvent compliquer la t&acirc;che. En adoptant une m&eacute;thode structur&eacute;e et en sollicitant l&rsquo;expertise d&rsquo;un d&eacute;m&eacute;nageur professionnel, il devient [&hellip;]<\/p>\n","protected":false},"author":2,"featured_media":8880,"comment_status":"open","ping_status":"open","sticky":false,"template":"","format":"standard","meta":{"footnotes":""},"categories":[2],"tags":[],"class_list":["post-8878","post","type-post","status-publish","format-standard","has-post-thumbnail","hentry","category-tendances"],"yoast_head":"<!-- This site is optimized with the Yoast SEO plugin v27.5 - https:\/\/yoast.com\/product\/yoast-seo-wordpress\/ -->\n<title>D\u00e9m\u00e9nagement professionnel \u00e0 Paris : Guide et Conseils Essentiels<\/title>\n<meta name=\"description\" content=\"Comment r\u00e9ussir un d\u00e9m\u00e9nagement professionnel \u00e0 Paris avec des conseils pratiques et les \u00e9tapes cl\u00e9s pour un transfert de bureaux sans tracas.\" \/>\n<meta name=\"robots\" content=\"index, follow, max-snippet:-1, max-image-preview:large, max-video-preview:-1\" \/>\n<link rel=\"canonical\" href=\"https:\/\/www.mobilier-design-occasion.fr\/magazine\/reussir-un-demenagement-professionnel-a-paris-conseils-et-etapes-cles\/\" \/>\n<meta property=\"og:locale\" content=\"fr_FR\" \/>\n<meta property=\"og:type\" content=\"article\" \/>\n<meta property=\"og:title\" content=\"D\u00e9m\u00e9nagement professionnel \u00e0 Paris : Guide et Conseils Essentiels\" \/>\n<meta property=\"og:description\" content=\"Comment r\u00e9ussir un d\u00e9m\u00e9nagement professionnel \u00e0 Paris avec des conseils pratiques et les \u00e9tapes cl\u00e9s pour un transfert de bureaux sans tracas.\" \/>\n<meta property=\"og:url\" content=\"https:\/\/www.mobilier-design-occasion.fr\/magazine\/reussir-un-demenagement-professionnel-a-paris-conseils-et-etapes-cles\/\" \/>\n<meta property=\"og:site_name\" content=\"Mobilier Design Magazine\" \/>\n<meta property=\"article:publisher\" content=\"https:\/\/www.facebook.com\/mobilierdesignoccasion\" \/>\n<meta property=\"article:published_time\" content=\"2026-03-03T19:35:13+00:00\" \/>\n<meta property=\"og:image\" content=\"https:\/\/www.mobilier-design-occasion.fr\/magazine\/wp-content\/uploads\/2026\/03\/dbd86ab1f60f7bac37ad98ec02509f0e.jpg\" \/>\n\t<meta property=\"og:image:width\" content=\"1000\" \/>\n\t<meta property=\"og:image:height\" content=\"667\" \/>\n\t<meta property=\"og:image:type\" content=\"image\/jpeg\" \/>\n<meta name=\"author\" content=\"Vincent Vandegans\" \/>\n<meta name=\"twitter:card\" content=\"summary_large_image\" \/>\n<meta name=\"twitter:label1\" content=\"\u00c9crit par\" \/>\n\t<meta name=\"twitter:data1\" content=\"Vincent Vandegans\" \/>\n\t<meta name=\"twitter:label2\" content=\"Dur\u00e9e de lecture estim\u00e9e\" \/>\n\t<meta name=\"twitter:data2\" content=\"9 minutes\" \/>\n<script type=\"application\/ld+json\" class=\"yoast-schema-graph\">{\"@context\":\"https:\\\/\\\/schema.org\",\"@graph\":[{\"@type\":\"Article\",\"@id\":\"https:\\\/\\\/www.mobilier-design-occasion.fr\\\/magazine\\\/reussir-un-demenagement-professionnel-a-paris-conseils-et-etapes-cles\\\/#article\",\"isPartOf\":{\"@id\":\"https:\\\/\\\/www.mobilier-design-occasion.fr\\\/magazine\\\/reussir-un-demenagement-professionnel-a-paris-conseils-et-etapes-cles\\\/\"},\"author\":{\"name\":\"Vincent Vandegans\",\"@id\":\"https:\\\/\\\/www.mobilier-design-occasion.fr\\\/magazine\\\/#\\\/schema\\\/person\\\/af895bedc80bfb6b17730a672fddac9e\"},\"headline\":\"R\u00e9ussir un d\u00e9m\u00e9nagement professionnel \u00e0 Paris : conseils et \u00e9tapes cl\u00e9s\",\"datePublished\":\"2026-03-03T19:35:13+00:00\",\"mainEntityOfPage\":{\"@id\":\"https:\\\/\\\/www.mobilier-design-occasion.fr\\\/magazine\\\/reussir-un-demenagement-professionnel-a-paris-conseils-et-etapes-cles\\\/\"},\"wordCount\":1719,\"commentCount\":0,\"publisher\":{\"@id\":\"https:\\\/\\\/www.mobilier-design-occasion.fr\\\/magazine\\\/#organization\"},\"image\":{\"@id\":\"https:\\\/\\\/www.mobilier-design-occasion.fr\\\/magazine\\\/reussir-un-demenagement-professionnel-a-paris-conseils-et-etapes-cles\\\/#primaryimage\"},\"thumbnailUrl\":\"https:\\\/\\\/www.mobilier-design-occasion.fr\\\/magazine\\\/wp-content\\\/uploads\\\/2026\\\/03\\\/dbd86ab1f60f7bac37ad98ec02509f0e.jpg\",\"articleSection\":[\"Tendances\"],\"inLanguage\":\"fr-FR\",\"potentialAction\":[{\"@type\":\"CommentAction\",\"name\":\"Comment\",\"target\":[\"https:\\\/\\\/www.mobilier-design-occasion.fr\\\/magazine\\\/reussir-un-demenagement-professionnel-a-paris-conseils-et-etapes-cles\\\/#respond\"]}]},{\"@type\":\"WebPage\",\"@id\":\"https:\\\/\\\/www.mobilier-design-occasion.fr\\\/magazine\\\/reussir-un-demenagement-professionnel-a-paris-conseils-et-etapes-cles\\\/\",\"url\":\"https:\\\/\\\/www.mobilier-design-occasion.fr\\\/magazine\\\/reussir-un-demenagement-professionnel-a-paris-conseils-et-etapes-cles\\\/\",\"name\":\"D\u00e9m\u00e9nagement professionnel \u00e0 Paris : Guide et Conseils Essentiels\",\"isPartOf\":{\"@id\":\"https:\\\/\\\/www.mobilier-design-occasion.fr\\\/magazine\\\/#website\"},\"primaryImageOfPage\":{\"@id\":\"https:\\\/\\\/www.mobilier-design-occasion.fr\\\/magazine\\\/reussir-un-demenagement-professionnel-a-paris-conseils-et-etapes-cles\\\/#primaryimage\"},\"image\":{\"@id\":\"https:\\\/\\\/www.mobilier-design-occasion.fr\\\/magazine\\\/reussir-un-demenagement-professionnel-a-paris-conseils-et-etapes-cles\\\/#primaryimage\"},\"thumbnailUrl\":\"https:\\\/\\\/www.mobilier-design-occasion.fr\\\/magazine\\\/wp-content\\\/uploads\\\/2026\\\/03\\\/dbd86ab1f60f7bac37ad98ec02509f0e.jpg\",\"datePublished\":\"2026-03-03T19:35:13+00:00\",\"description\":\"Comment r\u00e9ussir un d\u00e9m\u00e9nagement professionnel \u00e0 Paris avec des conseils pratiques et les \u00e9tapes cl\u00e9s pour un transfert de bureaux sans tracas.\",\"breadcrumb\":{\"@id\":\"https:\\\/\\\/www.mobilier-design-occasion.fr\\\/magazine\\\/reussir-un-demenagement-professionnel-a-paris-conseils-et-etapes-cles\\\/#breadcrumb\"},\"inLanguage\":\"fr-FR\",\"potentialAction\":[{\"@type\":\"ReadAction\",\"target\":[\"https:\\\/\\\/www.mobilier-design-occasion.fr\\\/magazine\\\/reussir-un-demenagement-professionnel-a-paris-conseils-et-etapes-cles\\\/\"]}]},{\"@type\":\"ImageObject\",\"inLanguage\":\"fr-FR\",\"@id\":\"https:\\\/\\\/www.mobilier-design-occasion.fr\\\/magazine\\\/reussir-un-demenagement-professionnel-a-paris-conseils-et-etapes-cles\\\/#primaryimage\",\"url\":\"https:\\\/\\\/www.mobilier-design-occasion.fr\\\/magazine\\\/wp-content\\\/uploads\\\/2026\\\/03\\\/dbd86ab1f60f7bac37ad98ec02509f0e.jpg\",\"contentUrl\":\"https:\\\/\\\/www.mobilier-design-occasion.fr\\\/magazine\\\/wp-content\\\/uploads\\\/2026\\\/03\\\/dbd86ab1f60f7bac37ad98ec02509f0e.jpg\",\"width\":1000,\"height\":667},{\"@type\":\"BreadcrumbList\",\"@id\":\"https:\\\/\\\/www.mobilier-design-occasion.fr\\\/magazine\\\/reussir-un-demenagement-professionnel-a-paris-conseils-et-etapes-cles\\\/#breadcrumb\",\"itemListElement\":[{\"@type\":\"ListItem\",\"position\":1,\"name\":\"Accueil\",\"item\":\"https:\\\/\\\/www.mobilier-design-occasion.fr\\\/magazine\\\/\"},{\"@type\":\"ListItem\",\"position\":2,\"name\":\"R\u00e9ussir un d\u00e9m\u00e9nagement professionnel \u00e0 Paris : conseils et \u00e9tapes cl\u00e9s\"}]},{\"@type\":\"WebSite\",\"@id\":\"https:\\\/\\\/www.mobilier-design-occasion.fr\\\/magazine\\\/#website\",\"url\":\"https:\\\/\\\/www.mobilier-design-occasion.fr\\\/magazine\\\/\",\"name\":\"Mobilier Design Magazine\",\"description\":\"\",\"publisher\":{\"@id\":\"https:\\\/\\\/www.mobilier-design-occasion.fr\\\/magazine\\\/#organization\"},\"potentialAction\":[{\"@type\":\"SearchAction\",\"target\":{\"@type\":\"EntryPoint\",\"urlTemplate\":\"https:\\\/\\\/www.mobilier-design-occasion.fr\\\/magazine\\\/?s={search_term_string}\"},\"query-input\":{\"@type\":\"PropertyValueSpecification\",\"valueRequired\":true,\"valueName\":\"search_term_string\"}}],\"inLanguage\":\"fr-FR\"},{\"@type\":\"Organization\",\"@id\":\"https:\\\/\\\/www.mobilier-design-occasion.fr\\\/magazine\\\/#organization\",\"name\":\"Mobilier Design Magazine\",\"url\":\"https:\\\/\\\/www.mobilier-design-occasion.fr\\\/magazine\\\/\",\"logo\":{\"@type\":\"ImageObject\",\"inLanguage\":\"fr-FR\",\"@id\":\"https:\\\/\\\/www.mobilier-design-occasion.fr\\\/magazine\\\/#\\\/schema\\\/logo\\\/image\\\/\",\"url\":\"https:\\\/\\\/www.mobilier-design-occasion.fr\\\/magazine\\\/wp-content\\\/uploads\\\/2024\\\/02\\\/android-chrome-192x192-1.png\",\"contentUrl\":\"https:\\\/\\\/www.mobilier-design-occasion.fr\\\/magazine\\\/wp-content\\\/uploads\\\/2024\\\/02\\\/android-chrome-192x192-1.png\",\"width\":192,\"height\":192,\"caption\":\"Mobilier Design Magazine\"},\"image\":{\"@id\":\"https:\\\/\\\/www.mobilier-design-occasion.fr\\\/magazine\\\/#\\\/schema\\\/logo\\\/image\\\/\"},\"sameAs\":[\"https:\\\/\\\/www.facebook.com\\\/mobilierdesignoccasion\"]},{\"@type\":\"Person\",\"@id\":\"https:\\\/\\\/www.mobilier-design-occasion.fr\\\/magazine\\\/#\\\/schema\\\/person\\\/af895bedc80bfb6b17730a672fddac9e\",\"name\":\"Vincent Vandegans\",\"image\":{\"@type\":\"ImageObject\",\"inLanguage\":\"fr-FR\",\"@id\":\"https:\\\/\\\/secure.gravatar.com\\\/avatar\\\/b984800dabdf722d5e3f03f637c8932dea77d81118467d17ad2953e3b273ec66?s=96&d=mm&r=g\",\"url\":\"https:\\\/\\\/secure.gravatar.com\\\/avatar\\\/b984800dabdf722d5e3f03f637c8932dea77d81118467d17ad2953e3b273ec66?s=96&d=mm&r=g\",\"contentUrl\":\"https:\\\/\\\/secure.gravatar.com\\\/avatar\\\/b984800dabdf722d5e3f03f637c8932dea77d81118467d17ad2953e3b273ec66?s=96&d=mm&r=g\",\"caption\":\"Vincent Vandegans\"},\"description\":\"Vincent est passionn\u00e9 par les produits d'occasion, il a ouvert le site MDO avec Cyrielle pour aider les gens \u00e0 trouver du mobilier d'occasion, vintage ou usag\u00e9. Depuis, ils ont \u00e9tendu leurs activit\u00e9s et conseillent tout le monde sur le mobilier d'int\u00e9rieur et d'ext\u00e9rieur au quotidien \u00e0 travers le magazine MDO.\",\"url\":\"https:\\\/\\\/www.mobilier-design-occasion.fr\\\/magazine\\\/author\\\/vincent\\\/\"}]}<\/script>\n<!-- \/ Yoast SEO plugin. -->","yoast_head_json":{"title":"D\u00e9m\u00e9nagement professionnel \u00e0 Paris : Guide et Conseils Essentiels","description":"Comment r\u00e9ussir un d\u00e9m\u00e9nagement professionnel \u00e0 Paris avec des conseils pratiques et les \u00e9tapes cl\u00e9s pour un transfert de bureaux sans tracas.","robots":{"index":"index","follow":"follow","max-snippet":"max-snippet:-1","max-image-preview":"max-image-preview:large","max-video-preview":"max-video-preview:-1"},"canonical":"https:\/\/www.mobilier-design-occasion.fr\/magazine\/reussir-un-demenagement-professionnel-a-paris-conseils-et-etapes-cles\/","og_locale":"fr_FR","og_type":"article","og_title":"D\u00e9m\u00e9nagement professionnel \u00e0 Paris : Guide et Conseils Essentiels","og_description":"Comment r\u00e9ussir un d\u00e9m\u00e9nagement professionnel \u00e0 Paris avec des conseils pratiques et les \u00e9tapes cl\u00e9s pour un transfert de bureaux sans tracas.","og_url":"https:\/\/www.mobilier-design-occasion.fr\/magazine\/reussir-un-demenagement-professionnel-a-paris-conseils-et-etapes-cles\/","og_site_name":"Mobilier Design Magazine","article_publisher":"https:\/\/www.facebook.com\/mobilierdesignoccasion","article_published_time":"2026-03-03T19:35:13+00:00","og_image":[{"width":1000,"height":667,"url":"https:\/\/www.mobilier-design-occasion.fr\/magazine\/wp-content\/uploads\/2026\/03\/dbd86ab1f60f7bac37ad98ec02509f0e.jpg","type":"image\/jpeg"}],"author":"Vincent Vandegans","twitter_card":"summary_large_image","twitter_misc":{"\u00c9crit par":"Vincent Vandegans","Dur\u00e9e de lecture estim\u00e9e":"9 minutes"},"schema":{"@context":"https:\/\/schema.org","@graph":[{"@type":"Article","@id":"https:\/\/www.mobilier-design-occasion.fr\/magazine\/reussir-un-demenagement-professionnel-a-paris-conseils-et-etapes-cles\/#article","isPartOf":{"@id":"https:\/\/www.mobilier-design-occasion.fr\/magazine\/reussir-un-demenagement-professionnel-a-paris-conseils-et-etapes-cles\/"},"author":{"name":"Vincent Vandegans","@id":"https:\/\/www.mobilier-design-occasion.fr\/magazine\/#\/schema\/person\/af895bedc80bfb6b17730a672fddac9e"},"headline":"R\u00e9ussir un d\u00e9m\u00e9nagement professionnel \u00e0 Paris : conseils et \u00e9tapes cl\u00e9s","datePublished":"2026-03-03T19:35:13+00:00","mainEntityOfPage":{"@id":"https:\/\/www.mobilier-design-occasion.fr\/magazine\/reussir-un-demenagement-professionnel-a-paris-conseils-et-etapes-cles\/"},"wordCount":1719,"commentCount":0,"publisher":{"@id":"https:\/\/www.mobilier-design-occasion.fr\/magazine\/#organization"},"image":{"@id":"https:\/\/www.mobilier-design-occasion.fr\/magazine\/reussir-un-demenagement-professionnel-a-paris-conseils-et-etapes-cles\/#primaryimage"},"thumbnailUrl":"https:\/\/www.mobilier-design-occasion.fr\/magazine\/wp-content\/uploads\/2026\/03\/dbd86ab1f60f7bac37ad98ec02509f0e.jpg","articleSection":["Tendances"],"inLanguage":"fr-FR","potentialAction":[{"@type":"CommentAction","name":"Comment","target":["https:\/\/www.mobilier-design-occasion.fr\/magazine\/reussir-un-demenagement-professionnel-a-paris-conseils-et-etapes-cles\/#respond"]}]},{"@type":"WebPage","@id":"https:\/\/www.mobilier-design-occasion.fr\/magazine\/reussir-un-demenagement-professionnel-a-paris-conseils-et-etapes-cles\/","url":"https:\/\/www.mobilier-design-occasion.fr\/magazine\/reussir-un-demenagement-professionnel-a-paris-conseils-et-etapes-cles\/","name":"D\u00e9m\u00e9nagement professionnel \u00e0 Paris : Guide et Conseils Essentiels","isPartOf":{"@id":"https:\/\/www.mobilier-design-occasion.fr\/magazine\/#website"},"primaryImageOfPage":{"@id":"https:\/\/www.mobilier-design-occasion.fr\/magazine\/reussir-un-demenagement-professionnel-a-paris-conseils-et-etapes-cles\/#primaryimage"},"image":{"@id":"https:\/\/www.mobilier-design-occasion.fr\/magazine\/reussir-un-demenagement-professionnel-a-paris-conseils-et-etapes-cles\/#primaryimage"},"thumbnailUrl":"https:\/\/www.mobilier-design-occasion.fr\/magazine\/wp-content\/uploads\/2026\/03\/dbd86ab1f60f7bac37ad98ec02509f0e.jpg","datePublished":"2026-03-03T19:35:13+00:00","description":"Comment r\u00e9ussir un d\u00e9m\u00e9nagement professionnel \u00e0 Paris avec des conseils pratiques et les \u00e9tapes cl\u00e9s pour un transfert de bureaux sans tracas.","breadcrumb":{"@id":"https:\/\/www.mobilier-design-occasion.fr\/magazine\/reussir-un-demenagement-professionnel-a-paris-conseils-et-etapes-cles\/#breadcrumb"},"inLanguage":"fr-FR","potentialAction":[{"@type":"ReadAction","target":["https:\/\/www.mobilier-design-occasion.fr\/magazine\/reussir-un-demenagement-professionnel-a-paris-conseils-et-etapes-cles\/"]}]},{"@type":"ImageObject","inLanguage":"fr-FR","@id":"https:\/\/www.mobilier-design-occasion.fr\/magazine\/reussir-un-demenagement-professionnel-a-paris-conseils-et-etapes-cles\/#primaryimage","url":"https:\/\/www.mobilier-design-occasion.fr\/magazine\/wp-content\/uploads\/2026\/03\/dbd86ab1f60f7bac37ad98ec02509f0e.jpg","contentUrl":"https:\/\/www.mobilier-design-occasion.fr\/magazine\/wp-content\/uploads\/2026\/03\/dbd86ab1f60f7bac37ad98ec02509f0e.jpg","width":1000,"height":667},{"@type":"BreadcrumbList","@id":"https:\/\/www.mobilier-design-occasion.fr\/magazine\/reussir-un-demenagement-professionnel-a-paris-conseils-et-etapes-cles\/#breadcrumb","itemListElement":[{"@type":"ListItem","position":1,"name":"Accueil","item":"https:\/\/www.mobilier-design-occasion.fr\/magazine\/"},{"@type":"ListItem","position":2,"name":"R\u00e9ussir un d\u00e9m\u00e9nagement professionnel \u00e0 Paris : conseils et \u00e9tapes cl\u00e9s"}]},{"@type":"WebSite","@id":"https:\/\/www.mobilier-design-occasion.fr\/magazine\/#website","url":"https:\/\/www.mobilier-design-occasion.fr\/magazine\/","name":"Mobilier Design Magazine","description":"","publisher":{"@id":"https:\/\/www.mobilier-design-occasion.fr\/magazine\/#organization"},"potentialAction":[{"@type":"SearchAction","target":{"@type":"EntryPoint","urlTemplate":"https:\/\/www.mobilier-design-occasion.fr\/magazine\/?s={search_term_string}"},"query-input":{"@type":"PropertyValueSpecification","valueRequired":true,"valueName":"search_term_string"}}],"inLanguage":"fr-FR"},{"@type":"Organization","@id":"https:\/\/www.mobilier-design-occasion.fr\/magazine\/#organization","name":"Mobilier Design Magazine","url":"https:\/\/www.mobilier-design-occasion.fr\/magazine\/","logo":{"@type":"ImageObject","inLanguage":"fr-FR","@id":"https:\/\/www.mobilier-design-occasion.fr\/magazine\/#\/schema\/logo\/image\/","url":"https:\/\/www.mobilier-design-occasion.fr\/magazine\/wp-content\/uploads\/2024\/02\/android-chrome-192x192-1.png","contentUrl":"https:\/\/www.mobilier-design-occasion.fr\/magazine\/wp-content\/uploads\/2024\/02\/android-chrome-192x192-1.png","width":192,"height":192,"caption":"Mobilier Design Magazine"},"image":{"@id":"https:\/\/www.mobilier-design-occasion.fr\/magazine\/#\/schema\/logo\/image\/"},"sameAs":["https:\/\/www.facebook.com\/mobilierdesignoccasion"]},{"@type":"Person","@id":"https:\/\/www.mobilier-design-occasion.fr\/magazine\/#\/schema\/person\/af895bedc80bfb6b17730a672fddac9e","name":"Vincent Vandegans","image":{"@type":"ImageObject","inLanguage":"fr-FR","@id":"https:\/\/secure.gravatar.com\/avatar\/b984800dabdf722d5e3f03f637c8932dea77d81118467d17ad2953e3b273ec66?s=96&d=mm&r=g","url":"https:\/\/secure.gravatar.com\/avatar\/b984800dabdf722d5e3f03f637c8932dea77d81118467d17ad2953e3b273ec66?s=96&d=mm&r=g","contentUrl":"https:\/\/secure.gravatar.com\/avatar\/b984800dabdf722d5e3f03f637c8932dea77d81118467d17ad2953e3b273ec66?s=96&d=mm&r=g","caption":"Vincent Vandegans"},"description":"Vincent est passionn\u00e9 par les produits d'occasion, il a ouvert le site MDO avec Cyrielle pour aider les gens \u00e0 trouver du mobilier d'occasion, vintage ou usag\u00e9. Depuis, ils ont \u00e9tendu leurs activit\u00e9s et conseillent tout le monde sur le mobilier d'int\u00e9rieur et d'ext\u00e9rieur au quotidien \u00e0 travers le magazine MDO.","url":"https:\/\/www.mobilier-design-occasion.fr\/magazine\/author\/vincent\/"}]}},"_links":{"self":[{"href":"https:\/\/www.mobilier-design-occasion.fr\/magazine\/wp-json\/wp\/v2\/posts\/8878","targetHints":{"allow":["GET"]}}],"collection":[{"href":"https:\/\/www.mobilier-design-occasion.fr\/magazine\/wp-json\/wp\/v2\/posts"}],"about":[{"href":"https:\/\/www.mobilier-design-occasion.fr\/magazine\/wp-json\/wp\/v2\/types\/post"}],"author":[{"embeddable":true,"href":"https:\/\/www.mobilier-design-occasion.fr\/magazine\/wp-json\/wp\/v2\/users\/2"}],"replies":[{"embeddable":true,"href":"https:\/\/www.mobilier-design-occasion.fr\/magazine\/wp-json\/wp\/v2\/comments?post=8878"}],"version-history":[{"count":1,"href":"https:\/\/www.mobilier-design-occasion.fr\/magazine\/wp-json\/wp\/v2\/posts\/8878\/revisions"}],"predecessor-version":[{"id":8879,"href":"https:\/\/www.mobilier-design-occasion.fr\/magazine\/wp-json\/wp\/v2\/posts\/8878\/revisions\/8879"}],"wp:featuredmedia":[{"embeddable":true,"href":"https:\/\/www.mobilier-design-occasion.fr\/magazine\/wp-json\/wp\/v2\/media\/8880"}],"wp:attachment":[{"href":"https:\/\/www.mobilier-design-occasion.fr\/magazine\/wp-json\/wp\/v2\/media?parent=8878"}],"wp:term":[{"taxonomy":"category","embeddable":true,"href":"https:\/\/www.mobilier-design-occasion.fr\/magazine\/wp-json\/wp\/v2\/categories?post=8878"},{"taxonomy":"post_tag","embeddable":true,"href":"https:\/\/www.mobilier-design-occasion.fr\/magazine\/wp-json\/wp\/v2\/tags?post=8878"}],"curies":[{"name":"wp","href":"https:\/\/api.w.org\/{rel}","templated":true}]}}