{"id":8859,"date":"2026-02-21T14:54:46","date_gmt":"2026-02-21T14:54:46","guid":{"rendered":"https:\/\/www.mobilier-design-occasion.fr\/magazine\/?p=8859"},"modified":"2026-02-21T14:54:47","modified_gmt":"2026-02-21T14:54:47","slug":"agrandir-sa-maison-avec-une-veranda-tout-ce-quil-faut-savoir-avant-de-se-lance","status":"publish","type":"post","link":"https:\/\/www.mobilier-design-occasion.fr\/magazine\/agrandir-sa-maison-avec-une-veranda-tout-ce-quil-faut-savoir-avant-de-se-lance\/","title":{"rendered":"Agrandir sa maison avec une v\u00e9randa : tout ce qu&#8217;il faut savoir avant de se lance"},"content":{"rendered":"\n<p>Ajouter une pi\u00e8ce suppl\u00e9mentaire \u00e0 sa maison est l&#8217;un des projets les plus enthousiasmants pour un propri\u00e9taire. Entre gain de surface, apport de <a href=\"https:\/\/www.mobilier-design-occasion.fr\/magazine\/le-charme-discret-de-la-lumiere-tamisee-du-chandelier\/\">lumi\u00e8re<\/a> naturelle et valorisation du patrimoine, la v\u00e9randa s&#8217;impose aujourd&#8217;hui comme une solution d&#8217;extension pl\u00e9biscit\u00e9e. Mais avant de sortir le carnet de ch\u00e8ques et de contacter un installateur, il est utile de poser les bonnes questions : quel mat\u00e9riau choisir ? Faut-il un permis de construire ? Quel budget pr\u00e9voir ? Voici un tour d&#8217;horizon complet pour aborder votre projet sereinement.<\/p>\n\n\n\n<hr class=\"wp-block-separator has-alpha-channel-opacity\"\/>\n\n\n\n<h2 class=\"wp-block-heading\"><span class=\"ez-toc-section\" id=\"Pourquoi_laluminium_simpose_comme_le_materiau_de_reference\"><\/span>Pourquoi l&#8217;aluminium s&#8217;impose comme le mat\u00e9riau de r\u00e9f\u00e9rence<span class=\"ez-toc-section-end\"><\/span><\/h2><div id=\"ez-toc-container\" class=\"ez-toc-v2_0_82_2 counter-hierarchy ez-toc-counter ez-toc-grey ez-toc-container-direction\">\n<div class=\"ez-toc-title-container\">\n<span class=\"ez-toc-title-toggle\"><a href=\"#\" class=\"ez-toc-pull-right ez-toc-btn ez-toc-btn-xs ez-toc-btn-default ez-toc-toggle\" aria-label=\"Toggle Table of Content\"><span class=\"ez-toc-js-icon-con\"><span class=\"\"><span class=\"eztoc-hide\" style=\"display:none;\">Toggle<\/span><span class=\"ez-toc-icon-toggle-span\"><svg style=\"fill: #999;color:#999\" xmlns=\"http:\/\/www.w3.org\/2000\/svg\" class=\"list-377408\" width=\"20px\" height=\"20px\" viewBox=\"0 0 24 24\" fill=\"none\"><path d=\"M6 6H4v2h2V6zm14 0H8v2h12V6zM4 11h2v2H4v-2zm16 0H8v2h12v-2zM4 16h2v2H4v-2zm16 0H8v2h12v-2z\" fill=\"currentColor\"><\/path><\/svg><svg style=\"fill: #999;color:#999\" class=\"arrow-unsorted-368013\" xmlns=\"http:\/\/www.w3.org\/2000\/svg\" width=\"10px\" height=\"10px\" viewBox=\"0 0 24 24\" version=\"1.2\" baseProfile=\"tiny\"><path d=\"M18.2 9.3l-6.2-6.3-6.2 6.3c-.2.2-.3.4-.3.7s.1.5.3.7c.2.2.4.3.7.3h11c.3 0 .5-.1.7-.3.2-.2.3-.5.3-.7s-.1-.5-.3-.7zM5.8 14.7l6.2 6.3 6.2-6.3c.2-.2.3-.5.3-.7s-.1-.5-.3-.7c-.2-.2-.4-.3-.7-.3h-11c-.3 0-.5.1-.7.3-.2.2-.3.5-.3.7s.1.5.3.7z\"\/><\/svg><\/span><\/span><\/span><\/a><\/span><\/div>\n<nav><ul class='ez-toc-list ez-toc-list-level-1 eztoc-toggle-hide-by-default' ><li class='ez-toc-page-1 ez-toc-heading-level-2'><a class=\"ez-toc-link ez-toc-heading-1\" href=\"https:\/\/www.mobilier-design-occasion.fr\/magazine\/agrandir-sa-maison-avec-une-veranda-tout-ce-quil-faut-savoir-avant-de-se-lance\/#Pourquoi_laluminium_simpose_comme_le_materiau_de_reference\" >Pourquoi l&#8217;aluminium s&#8217;impose comme le mat\u00e9riau de r\u00e9f\u00e9rence<\/a><\/li><li class='ez-toc-page-1 ez-toc-heading-level-2'><a class=\"ez-toc-link ez-toc-heading-2\" href=\"https:\/\/www.mobilier-design-occasion.fr\/magazine\/agrandir-sa-maison-avec-une-veranda-tout-ce-quil-faut-savoir-avant-de-se-lance\/#Veranda_moderne_ou_traditionnelle_comment_choisir\" >V\u00e9randa moderne ou traditionnelle : comment choisir ?<\/a><\/li><li class='ez-toc-page-1 ez-toc-heading-level-2'><a class=\"ez-toc-link ez-toc-heading-3\" href=\"https:\/\/www.mobilier-design-occasion.fr\/magazine\/agrandir-sa-maison-avec-une-veranda-tout-ce-quil-faut-savoir-avant-de-se-lance\/#Les_demarches_administratives_a_ne_pas_negliger\" >Les d\u00e9marches administratives \u00e0 ne pas n\u00e9gliger<\/a><\/li><li class='ez-toc-page-1 ez-toc-heading-level-2'><a class=\"ez-toc-link ez-toc-heading-4\" href=\"https:\/\/www.mobilier-design-occasion.fr\/magazine\/agrandir-sa-maison-avec-une-veranda-tout-ce-quil-faut-savoir-avant-de-se-lance\/#Quel_budget_anticiper\" >Quel budget anticiper ?<\/a><\/li><li class='ez-toc-page-1 ez-toc-heading-level-2'><a class=\"ez-toc-link ez-toc-heading-5\" href=\"https:\/\/www.mobilier-design-occasion.fr\/magazine\/agrandir-sa-maison-avec-une-veranda-tout-ce-quil-faut-savoir-avant-de-se-lance\/#Les_questions_cles_a_poser_a_votre_constructeur\" >Les questions cl\u00e9s \u00e0 poser \u00e0 votre constructeur<\/a><\/li><\/ul><\/nav><\/div>\n\n\n\n\n<p>Pendant longtemps, le <a href=\"https:\/\/www.mobilier-design-occasion.fr\/magazine\/avis-mathy-by-bols\/\">bois<\/a> et le PVC se partageaient le march\u00e9 des v\u00e9randas. Aujourd&#8217;hui, les propri\u00e9taires qui souhaitent <a href=\"https:\/\/www.conceptalu.com\/verandas\/\">opter pour une v\u00e9randa aluminium<\/a> font un choix \u00e0 la fois rationnel et <a href=\"https:\/\/www.mobilier-design-occasion.fr\/magazine\/le-petit-lexique-du-mobilier-design\/\">esth\u00e9tique<\/a>. L&#8217;aluminium cumule en effet de nombreux avantages que ses concurrents peinent \u00e0 \u00e9galer.<\/p>\n\n\n\n<p>Premier atout : sa durabilit\u00e9. Contrairement au bois, qui n\u00e9cessite des traitements r\u00e9guliers contre l&#8217;humidit\u00e9, les insectes et les UV, l&#8217;aluminium r\u00e9siste naturellement aux intemp\u00e9ries sans entretien particulier. Un simple <a href=\"https:\/\/www.mobilier-design-occasion.fr\/magazine\/comment-entretenir-son-mobilier-design-au-quotidien-top-astuces\/\">nettoyage<\/a> \u00e0 l&#8217;eau suffit \u00e0 le maintenir en parfait \u00e9tat pendant des d\u00e9cennies. Pour des propri\u00e9taires qui cherchent \u00e0 investir une fois pour longtemps, c&#8217;est un argument de poids.<\/p>\n\n\n\n<p>Deuxi\u00e8me atout : ses performances thermiques. Les profil\u00e9s en aluminium modernes int\u00e8grent des ruptures de pont thermique, qui emp\u00eachent les \u00e9changes de chaleur entre l&#8217;<a href=\"https:\/\/www.mobilier-design-occasion.fr\/magazine\/envie-dun-interieur-chic-ikea-revele-comment-et-cest-surprenant\/\">int\u00e9rieur<\/a> et l&#8217;<a href=\"https:\/\/www.mobilier-design-occasion.fr\/magazine\/fermob-occasion\/\">ext\u00e9rieur<\/a>. R\u00e9sultat : la v\u00e9randa devient une v\u00e9ritable pi\u00e8ce \u00e0 vivre en toutes saisons, chaude en hiver et fra\u00eeche en \u00e9t\u00e9, sans surconsommation \u00e9nerg\u00e9tique.<\/p>\n\n\n\n<p>Troisi\u00e8me atout : la libert\u00e9 de <a href=\"https:\/\/www.mobilier-design-occasion.fr\/magazine\/table-tulipe-knoll-indemodable-du-design\/\">design<\/a>. L&#8217;aluminium peut \u00eatre fa\u00e7onn\u00e9 en sections tr\u00e8s fines, ce qui permet de maximiser les surfaces vitr\u00e9es et de laisser entrer un maximum de lumi\u00e8re. Les coloris disponibles \u2014 du <a href=\"https:\/\/www.mobilier-design-occasion.fr\/magazine\/reinventez-votre-espace-avec-lelegance-du-blanc-et-la-puissance-du-bois-naturel\/\">blanc<\/a> classique au gris anthracite, en passant par des teintes bois \u2014 permettent de s&#8217;adapter \u00e0 tous les styles architecturaux.<\/p>\n\n\n\n<hr class=\"wp-block-separator has-alpha-channel-opacity\"\/>\n\n\n\n<h2 class=\"wp-block-heading\"><span class=\"ez-toc-section\" id=\"Veranda_moderne_ou_traditionnelle_comment_choisir\"><\/span>V\u00e9randa moderne ou traditionnelle : comment choisir ?<span class=\"ez-toc-section-end\"><\/span><\/h2>\n\n\n\n<p>Le choix du <a href=\"https:\/\/www.mobilier-design-occasion.fr\/magazine\/mobilier-vintage-les-styles-les-plus-prises\/\">style<\/a> de v\u00e9randa d\u00e9pend avant tout de l&#8217;architecture de votre maison. Une maison en pierre ou en briques se mariera mieux avec une v\u00e9randa aux lignes plus douces, aux toitures en pente \u00e9voquant les verri\u00e8res du XIXe si\u00e8cle. Une maison contemporaine, \u00e0 toiture plate ou avec des lignes g\u00e9om\u00e9triques affirm\u00e9es, accueillera naturellement une v\u00e9randa au toit plat ou l\u00e9g\u00e8rement inclin\u00e9, \u00e0 l&#8217;esth\u00e9tique r\u00e9solument moderne.<\/p>\n\n\n\n<p>Au-del\u00e0 du style visuel, posez-vous la question de l&#8217;usage. Une v\u00e9randa destin\u00e9e \u00e0 devenir une <a href=\"https:\/\/www.mobilier-design-occasion.fr\/magazine\/tendances-2024-choisir-les-meubles-parfaits-pour-chaque-piece-de-votre-maison\/\">cuisine<\/a> ouverte ne sera pas con\u00e7ue de la m\u00eame fa\u00e7on qu&#8217;un espace d\u00e9tente ou qu&#8217;un <a href=\"https:\/\/www.mobilier-design-occasion.fr\/magazine\/devoilez-le-secret-de-lelegance-dans-votre-espace-de-travail\/\">bureau<\/a> lumineux. Les volumes, l&#8217;orientation, la gestion de la chaleur et les options de ventilation diff\u00e8rent selon les usages envisag\u00e9s.<\/p>\n\n\n\n<p>L&#8217;orientation est d&#8217;ailleurs un crit\u00e8re souvent sous-estim\u00e9. Une v\u00e9randa expos\u00e9e plein sud b\u00e9n\u00e9ficiera d&#8217;un ensoleillement maximal en hiver, mais peut devenir \u00e9touffante en plein \u00e9t\u00e9 si elle n&#8217;est pas \u00e9quip\u00e9e de protections solaires adapt\u00e9es (stores int\u00e9rieurs, brise-soleil, vitrage contr\u00f4le solaire). Une orientation sud-est ou sud-ouest permet souvent de trouver un bon \u00e9quilibre entre lumi\u00e8re et confort thermique estival.<\/p>\n\n\n\n<hr class=\"wp-block-separator has-alpha-channel-opacity\"\/>\n\n\n\n<h2 class=\"wp-block-heading\"><span class=\"ez-toc-section\" id=\"Les_demarches_administratives_a_ne_pas_negliger\"><\/span>Les d\u00e9marches administratives \u00e0 ne pas n\u00e9gliger<span class=\"ez-toc-section-end\"><\/span><\/h2>\n\n\n\n<p>Construire une v\u00e9randa n&#8217;est pas une d\u00e9cision qui s&#8217;improvise d&#8217;un point de vue r\u00e9glementaire. Selon la surface cr\u00e9\u00e9e et la zone dans laquelle se situe votre bien, les obligations varient.<\/p>\n\n\n\n<p>Pour une v\u00e9randa de moins de 5 m\u00b2, aucune d\u00e9marche n&#8217;est en principe requise. Entre 5 et 40 m\u00b2 en zone urbaine couverte par un Plan Local d&#8217;Urbanisme (PLU), une d\u00e9claration pr\u00e9alable de travaux suffit. Au-del\u00e0 de 40 m\u00b2, un permis de construire est obligatoire. Dans les zones non couvertes par un PLU, le seuil de la d\u00e9claration pr\u00e9alable est abaiss\u00e9 \u00e0 20 m\u00b2.<\/p>\n\n\n\n<p>Il convient \u00e9galement de v\u00e9rifier si votre terrain est situ\u00e9 dans un secteur prot\u00e9g\u00e9 (zone class\u00e9e, p\u00e9rim\u00e8tre d&#8217;un monument historique), auquel cas des r\u00e8gles sp\u00e9cifiques peuvent s&#8217;appliquer et n\u00e9cessiter l&#8217;avis de l&#8217;Architecte des B\u00e2timents de <a href=\"https:\/\/www.mobilier-design-occasion.fr\/magazine\/test-avis-sur-ripaton\/\">France<\/a>.<\/p>\n\n\n\n<p>Enfin, pensez \u00e0 la taxe fonci\u00e8re : toute construction permanente augmente la surface taxable de votre bien. Une v\u00e9randa ferm\u00e9e et habitable toute l&#8217;ann\u00e9e sera int\u00e9gr\u00e9e dans le calcul de la taxe fonci\u00e8re dans les 90 jours suivant l&#8217;ach\u00e8vement des travaux, conform\u00e9ment \u00e0 l&#8217;obligation d\u00e9clarative aupr\u00e8s des services fiscaux.<\/p>\n\n\n\n<hr class=\"wp-block-separator has-alpha-channel-opacity\"\/>\n\n\n\n<h2 class=\"wp-block-heading\"><span class=\"ez-toc-section\" id=\"Quel_budget_anticiper\"><\/span>Quel budget anticiper ?<span class=\"ez-toc-section-end\"><\/span><\/h2>\n\n\n\n<p>Le co\u00fbt d&#8217;une v\u00e9randa en aluminium varie consid\u00e9rablement selon sa surface, son niveau de gamme, les options choisies et les \u00e9ventuels travaux de pr\u00e9paration (dalle, ma\u00e7onnerie, raccordement \u00e9lectrique). \u00c0 titre indicatif, comptez entre 1 300 \u20ac et 2 500 \u20ac par m\u00e8tre carr\u00e9 pour une v\u00e9randa de qualit\u00e9, pose et finitions comprises.<\/p>\n\n\n\n<p>Ce montant peut sembler \u00e9lev\u00e9 au premier abord, mais il faut le mettre en regard de la valeur cr\u00e9\u00e9e. Une v\u00e9randa bien r\u00e9alis\u00e9e augmente directement la superficie habitable de la maison et peut am\u00e9liorer significativement sa valeur v\u00e9nale lors d&#8217;une \u00e9ventuelle revente. Des \u00e9tudes immobili\u00e8res ont montr\u00e9 qu&#8217;une extension bien int\u00e9gr\u00e9e peut valoriser un bien de 5 \u00e0 15 % selon les march\u00e9s locaux.<\/p>\n\n\n\n<p>Pour limiter les mauvaises surprises, demandez syst\u00e9matiquement un devis d\u00e9taill\u00e9 incluant les postes ma\u00e7onnerie, aluminium, vitrage, toiture, \u00e9lectricit\u00e9 et finitions. Un devis incomplet peut cacher des co\u00fbts additionnels importants qui s&#8217;ajouteront en cours de chantier.<\/p>\n\n\n\n<hr class=\"wp-block-separator has-alpha-channel-opacity\"\/>\n\n\n\n<h2 class=\"wp-block-heading\"><span class=\"ez-toc-section\" id=\"Les_questions_cles_a_poser_a_votre_constructeur\"><\/span>Les questions cl\u00e9s \u00e0 poser \u00e0 votre constructeur<span class=\"ez-toc-section-end\"><\/span><\/h2>\n\n\n\n<p>Avant de signer un contrat, voici les points \u00e0 aborder imp\u00e9rativement avec le professionnel que vous sollicitez :<\/p>\n\n\n\n<p>La garantie d\u00e9cennale est-elle bien incluse ? En France, tout constructeur est l\u00e9galement tenu de couvrir ses ouvrages pendant dix ans contre les malfa\u00e7ons affectant la solidit\u00e9 ou l&#8217;habitabilit\u00e9. V\u00e9rifiez que l&#8217;attestation d&#8217;assurance est bien \u00e0 jour.<\/p>\n\n\n\n<p>Qui g\u00e8re les d\u00e9marches administratives ? Certains constructeurs int\u00e8grent la pr\u00e9paration des dossiers de d\u00e9claration de travaux ou de permis de construire dans leur prestation. C&#8217;est un service appr\u00e9ciable qui \u00e9vite les allers-retours en mairie et les risques d&#8217;erreurs dans les formulaires.<\/p>\n\n\n\n<p>Quels sont les d\u00e9lais r\u00e9alistes ? Entre la signature du devis, la fabrication des profil\u00e9s sur mesure, la r\u00e9alisation de la dalle et la pose effective, comptez en g\u00e9n\u00e9ral entre deux et six mois selon la complexit\u00e9 du projet et le carnet de commandes du constructeur.<\/p>\n\n\n\n<p>Quelles options de personnalisation sont disponibles ? Couleurs, types de vitrage, protections solaires, domotique, finitions int\u00e9rieures\u2026 Plus un constructeur propose d&#8217;options, plus il sera en mesure d&#8217;adapter la v\u00e9randa \u00e0 vos besoins et \u00e0 l&#8217;esth\u00e9tique de votre maison.<\/p>\n\n\n\n<hr class=\"wp-block-separator has-alpha-channel-opacity\"\/>\n\n\n\n<p>Une v\u00e9randa r\u00e9ussie est avant tout le fruit d&#8217;une pr\u00e9paration rigoureuse. En prenant le temps de d\u00e9finir vos usages, de choisir le bon mat\u00e9riau, de respecter les contraintes administratives et de vous entourer de professionnels comp\u00e9tents, vous mettez toutes les chances de votre c\u00f4t\u00e9 pour cr\u00e9er un espace de vie lumineux, confortable et durable qui embellira votre quotidien pendant de nombreuses ann\u00e9es.<\/p>\n\n\n\n<hr class=\"wp-block-separator has-alpha-channel-opacity\"\/>\n\n\n\n<p><em>Cet article est fourni \u00e0 titre informatif. Les r\u00e8gles d&#8217;urbanisme pouvant varier selon les communes, il est recommand\u00e9 de consulter votre mairie avant d&#8217;engager tout projet de construction.<\/em><\/p>\n","protected":false},"excerpt":{"rendered":"<p>Ajouter une pi\u00e8ce suppl\u00e9mentaire \u00e0 sa maison est l&#8217;un des projets les plus enthousiasmants pour un propri\u00e9taire. Entre gain de surface, apport de lumi\u00e8re naturelle et valorisation du patrimoine, la v\u00e9randa s&#8217;impose aujourd&#8217;hui comme une solution d&#8217;extension pl\u00e9biscit\u00e9e. Mais avant de sortir le carnet de ch\u00e8ques et de contacter un installateur, il est utile de [&hellip;]<\/p>\n","protected":false},"author":2,"featured_media":8860,"comment_status":"open","ping_status":"open","sticky":false,"template":"","format":"standard","meta":{"footnotes":""},"categories":[124],"tags":[],"class_list":["post-8859","post","type-post","status-publish","format-standard","has-post-thumbnail","hentry","category-exterieur"],"yoast_head":"<!-- This site is optimized with the Yoast SEO plugin v27.5 - https:\/\/yoast.com\/product\/yoast-seo-wordpress\/ -->\n<title>Agrandir sa maison avec une v\u00e9randa : tout ce qu&#039;il faut savoir avant de se lance - Mobilier Design Magazine<\/title>\n<meta name=\"robots\" content=\"index, follow, max-snippet:-1, max-image-preview:large, max-video-preview:-1\" \/>\n<link rel=\"canonical\" href=\"https:\/\/www.mobilier-design-occasion.fr\/magazine\/agrandir-sa-maison-avec-une-veranda-tout-ce-quil-faut-savoir-avant-de-se-lance\/\" \/>\n<meta property=\"og:locale\" content=\"fr_FR\" \/>\n<meta property=\"og:type\" content=\"article\" \/>\n<meta property=\"og:title\" content=\"Agrandir sa maison avec une v\u00e9randa : tout ce qu&#039;il faut savoir avant de se lance - Mobilier Design Magazine\" \/>\n<meta property=\"og:description\" content=\"Ajouter une pi\u00e8ce suppl\u00e9mentaire \u00e0 sa maison est l&#8217;un des projets les plus enthousiasmants pour un propri\u00e9taire. Entre gain de surface, apport de lumi\u00e8re naturelle et valorisation du patrimoine, la v\u00e9randa s&#8217;impose aujourd&#8217;hui comme une solution d&#8217;extension pl\u00e9biscit\u00e9e. Mais avant de sortir le carnet de ch\u00e8ques et de contacter un installateur, il est utile de [&hellip;]\" \/>\n<meta property=\"og:url\" content=\"https:\/\/www.mobilier-design-occasion.fr\/magazine\/agrandir-sa-maison-avec-une-veranda-tout-ce-quil-faut-savoir-avant-de-se-lance\/\" \/>\n<meta property=\"og:site_name\" content=\"Mobilier Design Magazine\" \/>\n<meta property=\"article:publisher\" content=\"https:\/\/www.facebook.com\/mobilierdesignoccasion\" \/>\n<meta property=\"article:published_time\" content=\"2026-02-21T14:54:46+00:00\" \/>\n<meta property=\"article:modified_time\" content=\"2026-02-21T14:54:47+00:00\" \/>\n<meta property=\"og:image\" content=\"https:\/\/www.mobilier-design-occasion.fr\/magazine\/wp-content\/uploads\/2026\/02\/pexels-deeanacreates-2565222-scaled.jpg\" \/>\n\t<meta property=\"og:image:width\" content=\"1365\" \/>\n\t<meta property=\"og:image:height\" content=\"2048\" \/>\n\t<meta property=\"og:image:type\" content=\"image\/jpeg\" \/>\n<meta name=\"author\" content=\"Vincent Vandegans\" \/>\n<meta name=\"twitter:card\" content=\"summary_large_image\" \/>\n<meta name=\"twitter:label1\" content=\"\u00c9crit par\" \/>\n\t<meta name=\"twitter:data1\" content=\"Vincent Vandegans\" \/>\n\t<meta name=\"twitter:label2\" content=\"Dur\u00e9e de lecture estim\u00e9e\" \/>\n\t<meta name=\"twitter:data2\" content=\"6 minutes\" \/>\n<script type=\"application\/ld+json\" class=\"yoast-schema-graph\">{\"@context\":\"https:\\\/\\\/schema.org\",\"@graph\":[{\"@type\":\"Article\",\"@id\":\"https:\\\/\\\/www.mobilier-design-occasion.fr\\\/magazine\\\/agrandir-sa-maison-avec-une-veranda-tout-ce-quil-faut-savoir-avant-de-se-lance\\\/#article\",\"isPartOf\":{\"@id\":\"https:\\\/\\\/www.mobilier-design-occasion.fr\\\/magazine\\\/agrandir-sa-maison-avec-une-veranda-tout-ce-quil-faut-savoir-avant-de-se-lance\\\/\"},\"author\":{\"name\":\"Vincent Vandegans\",\"@id\":\"https:\\\/\\\/www.mobilier-design-occasion.fr\\\/magazine\\\/#\\\/schema\\\/person\\\/af895bedc80bfb6b17730a672fddac9e\"},\"headline\":\"Agrandir sa maison avec une v\u00e9randa : tout ce qu&#8217;il faut savoir avant de se lance\",\"datePublished\":\"2026-02-21T14:54:46+00:00\",\"dateModified\":\"2026-02-21T14:54:47+00:00\",\"mainEntityOfPage\":{\"@id\":\"https:\\\/\\\/www.mobilier-design-occasion.fr\\\/magazine\\\/agrandir-sa-maison-avec-une-veranda-tout-ce-quil-faut-savoir-avant-de-se-lance\\\/\"},\"wordCount\":1274,\"commentCount\":0,\"publisher\":{\"@id\":\"https:\\\/\\\/www.mobilier-design-occasion.fr\\\/magazine\\\/#organization\"},\"image\":{\"@id\":\"https:\\\/\\\/www.mobilier-design-occasion.fr\\\/magazine\\\/agrandir-sa-maison-avec-une-veranda-tout-ce-quil-faut-savoir-avant-de-se-lance\\\/#primaryimage\"},\"thumbnailUrl\":\"https:\\\/\\\/www.mobilier-design-occasion.fr\\\/magazine\\\/wp-content\\\/uploads\\\/2026\\\/02\\\/pexels-deeanacreates-2565222-scaled.jpg\",\"articleSection\":[\"Ext\u00e9rieur\"],\"inLanguage\":\"fr-FR\",\"potentialAction\":[{\"@type\":\"CommentAction\",\"name\":\"Comment\",\"target\":[\"https:\\\/\\\/www.mobilier-design-occasion.fr\\\/magazine\\\/agrandir-sa-maison-avec-une-veranda-tout-ce-quil-faut-savoir-avant-de-se-lance\\\/#respond\"]}]},{\"@type\":\"WebPage\",\"@id\":\"https:\\\/\\\/www.mobilier-design-occasion.fr\\\/magazine\\\/agrandir-sa-maison-avec-une-veranda-tout-ce-quil-faut-savoir-avant-de-se-lance\\\/\",\"url\":\"https:\\\/\\\/www.mobilier-design-occasion.fr\\\/magazine\\\/agrandir-sa-maison-avec-une-veranda-tout-ce-quil-faut-savoir-avant-de-se-lance\\\/\",\"name\":\"Agrandir sa maison avec une v\u00e9randa : tout ce qu'il faut savoir avant de se lance - Mobilier Design Magazine\",\"isPartOf\":{\"@id\":\"https:\\\/\\\/www.mobilier-design-occasion.fr\\\/magazine\\\/#website\"},\"primaryImageOfPage\":{\"@id\":\"https:\\\/\\\/www.mobilier-design-occasion.fr\\\/magazine\\\/agrandir-sa-maison-avec-une-veranda-tout-ce-quil-faut-savoir-avant-de-se-lance\\\/#primaryimage\"},\"image\":{\"@id\":\"https:\\\/\\\/www.mobilier-design-occasion.fr\\\/magazine\\\/agrandir-sa-maison-avec-une-veranda-tout-ce-quil-faut-savoir-avant-de-se-lance\\\/#primaryimage\"},\"thumbnailUrl\":\"https:\\\/\\\/www.mobilier-design-occasion.fr\\\/magazine\\\/wp-content\\\/uploads\\\/2026\\\/02\\\/pexels-deeanacreates-2565222-scaled.jpg\",\"datePublished\":\"2026-02-21T14:54:46+00:00\",\"dateModified\":\"2026-02-21T14:54:47+00:00\",\"breadcrumb\":{\"@id\":\"https:\\\/\\\/www.mobilier-design-occasion.fr\\\/magazine\\\/agrandir-sa-maison-avec-une-veranda-tout-ce-quil-faut-savoir-avant-de-se-lance\\\/#breadcrumb\"},\"inLanguage\":\"fr-FR\",\"potentialAction\":[{\"@type\":\"ReadAction\",\"target\":[\"https:\\\/\\\/www.mobilier-design-occasion.fr\\\/magazine\\\/agrandir-sa-maison-avec-une-veranda-tout-ce-quil-faut-savoir-avant-de-se-lance\\\/\"]}]},{\"@type\":\"ImageObject\",\"inLanguage\":\"fr-FR\",\"@id\":\"https:\\\/\\\/www.mobilier-design-occasion.fr\\\/magazine\\\/agrandir-sa-maison-avec-une-veranda-tout-ce-quil-faut-savoir-avant-de-se-lance\\\/#primaryimage\",\"url\":\"https:\\\/\\\/www.mobilier-design-occasion.fr\\\/magazine\\\/wp-content\\\/uploads\\\/2026\\\/02\\\/pexels-deeanacreates-2565222-scaled.jpg\",\"contentUrl\":\"https:\\\/\\\/www.mobilier-design-occasion.fr\\\/magazine\\\/wp-content\\\/uploads\\\/2026\\\/02\\\/pexels-deeanacreates-2565222-scaled.jpg\",\"width\":1365,\"height\":2048},{\"@type\":\"BreadcrumbList\",\"@id\":\"https:\\\/\\\/www.mobilier-design-occasion.fr\\\/magazine\\\/agrandir-sa-maison-avec-une-veranda-tout-ce-quil-faut-savoir-avant-de-se-lance\\\/#breadcrumb\",\"itemListElement\":[{\"@type\":\"ListItem\",\"position\":1,\"name\":\"Accueil\",\"item\":\"https:\\\/\\\/www.mobilier-design-occasion.fr\\\/magazine\\\/\"},{\"@type\":\"ListItem\",\"position\":2,\"name\":\"Agrandir sa maison avec une v\u00e9randa : tout ce qu&#8217;il faut savoir avant de se lance\"}]},{\"@type\":\"WebSite\",\"@id\":\"https:\\\/\\\/www.mobilier-design-occasion.fr\\\/magazine\\\/#website\",\"url\":\"https:\\\/\\\/www.mobilier-design-occasion.fr\\\/magazine\\\/\",\"name\":\"Mobilier Design Magazine\",\"description\":\"\",\"publisher\":{\"@id\":\"https:\\\/\\\/www.mobilier-design-occasion.fr\\\/magazine\\\/#organization\"},\"potentialAction\":[{\"@type\":\"SearchAction\",\"target\":{\"@type\":\"EntryPoint\",\"urlTemplate\":\"https:\\\/\\\/www.mobilier-design-occasion.fr\\\/magazine\\\/?s={search_term_string}\"},\"query-input\":{\"@type\":\"PropertyValueSpecification\",\"valueRequired\":true,\"valueName\":\"search_term_string\"}}],\"inLanguage\":\"fr-FR\"},{\"@type\":\"Organization\",\"@id\":\"https:\\\/\\\/www.mobilier-design-occasion.fr\\\/magazine\\\/#organization\",\"name\":\"Mobilier Design Magazine\",\"url\":\"https:\\\/\\\/www.mobilier-design-occasion.fr\\\/magazine\\\/\",\"logo\":{\"@type\":\"ImageObject\",\"inLanguage\":\"fr-FR\",\"@id\":\"https:\\\/\\\/www.mobilier-design-occasion.fr\\\/magazine\\\/#\\\/schema\\\/logo\\\/image\\\/\",\"url\":\"https:\\\/\\\/www.mobilier-design-occasion.fr\\\/magazine\\\/wp-content\\\/uploads\\\/2024\\\/02\\\/android-chrome-192x192-1.png\",\"contentUrl\":\"https:\\\/\\\/www.mobilier-design-occasion.fr\\\/magazine\\\/wp-content\\\/uploads\\\/2024\\\/02\\\/android-chrome-192x192-1.png\",\"width\":192,\"height\":192,\"caption\":\"Mobilier Design Magazine\"},\"image\":{\"@id\":\"https:\\\/\\\/www.mobilier-design-occasion.fr\\\/magazine\\\/#\\\/schema\\\/logo\\\/image\\\/\"},\"sameAs\":[\"https:\\\/\\\/www.facebook.com\\\/mobilierdesignoccasion\"]},{\"@type\":\"Person\",\"@id\":\"https:\\\/\\\/www.mobilier-design-occasion.fr\\\/magazine\\\/#\\\/schema\\\/person\\\/af895bedc80bfb6b17730a672fddac9e\",\"name\":\"Vincent Vandegans\",\"image\":{\"@type\":\"ImageObject\",\"inLanguage\":\"fr-FR\",\"@id\":\"https:\\\/\\\/secure.gravatar.com\\\/avatar\\\/b984800dabdf722d5e3f03f637c8932dea77d81118467d17ad2953e3b273ec66?s=96&d=mm&r=g\",\"url\":\"https:\\\/\\\/secure.gravatar.com\\\/avatar\\\/b984800dabdf722d5e3f03f637c8932dea77d81118467d17ad2953e3b273ec66?s=96&d=mm&r=g\",\"contentUrl\":\"https:\\\/\\\/secure.gravatar.com\\\/avatar\\\/b984800dabdf722d5e3f03f637c8932dea77d81118467d17ad2953e3b273ec66?s=96&d=mm&r=g\",\"caption\":\"Vincent Vandegans\"},\"description\":\"Vincent est passionn\u00e9 par les produits d'occasion, il a ouvert le site MDO avec Cyrielle pour aider les gens \u00e0 trouver du mobilier d'occasion, vintage ou usag\u00e9. Depuis, ils ont \u00e9tendu leurs activit\u00e9s et conseillent tout le monde sur le mobilier d'int\u00e9rieur et d'ext\u00e9rieur au quotidien \u00e0 travers le magazine MDO.\",\"url\":\"https:\\\/\\\/www.mobilier-design-occasion.fr\\\/magazine\\\/author\\\/vincent\\\/\"}]}<\/script>\n<!-- \/ Yoast SEO plugin. -->","yoast_head_json":{"title":"Agrandir sa maison avec une v\u00e9randa : tout ce qu'il faut savoir avant de se lance - Mobilier Design Magazine","robots":{"index":"index","follow":"follow","max-snippet":"max-snippet:-1","max-image-preview":"max-image-preview:large","max-video-preview":"max-video-preview:-1"},"canonical":"https:\/\/www.mobilier-design-occasion.fr\/magazine\/agrandir-sa-maison-avec-une-veranda-tout-ce-quil-faut-savoir-avant-de-se-lance\/","og_locale":"fr_FR","og_type":"article","og_title":"Agrandir sa maison avec une v\u00e9randa : tout ce qu'il faut savoir avant de se lance - Mobilier Design Magazine","og_description":"Ajouter une pi\u00e8ce suppl\u00e9mentaire \u00e0 sa maison est l&#8217;un des projets les plus enthousiasmants pour un propri\u00e9taire. Entre gain de surface, apport de lumi\u00e8re naturelle et valorisation du patrimoine, la v\u00e9randa s&#8217;impose aujourd&#8217;hui comme une solution d&#8217;extension pl\u00e9biscit\u00e9e. Mais avant de sortir le carnet de ch\u00e8ques et de contacter un installateur, il est utile de [&hellip;]","og_url":"https:\/\/www.mobilier-design-occasion.fr\/magazine\/agrandir-sa-maison-avec-une-veranda-tout-ce-quil-faut-savoir-avant-de-se-lance\/","og_site_name":"Mobilier Design Magazine","article_publisher":"https:\/\/www.facebook.com\/mobilierdesignoccasion","article_published_time":"2026-02-21T14:54:46+00:00","article_modified_time":"2026-02-21T14:54:47+00:00","og_image":[{"width":1365,"height":2048,"url":"https:\/\/www.mobilier-design-occasion.fr\/magazine\/wp-content\/uploads\/2026\/02\/pexels-deeanacreates-2565222-scaled.jpg","type":"image\/jpeg"}],"author":"Vincent Vandegans","twitter_card":"summary_large_image","twitter_misc":{"\u00c9crit par":"Vincent Vandegans","Dur\u00e9e de lecture estim\u00e9e":"6 minutes"},"schema":{"@context":"https:\/\/schema.org","@graph":[{"@type":"Article","@id":"https:\/\/www.mobilier-design-occasion.fr\/magazine\/agrandir-sa-maison-avec-une-veranda-tout-ce-quil-faut-savoir-avant-de-se-lance\/#article","isPartOf":{"@id":"https:\/\/www.mobilier-design-occasion.fr\/magazine\/agrandir-sa-maison-avec-une-veranda-tout-ce-quil-faut-savoir-avant-de-se-lance\/"},"author":{"name":"Vincent Vandegans","@id":"https:\/\/www.mobilier-design-occasion.fr\/magazine\/#\/schema\/person\/af895bedc80bfb6b17730a672fddac9e"},"headline":"Agrandir sa maison avec une v\u00e9randa : tout ce qu&#8217;il faut savoir avant de se lance","datePublished":"2026-02-21T14:54:46+00:00","dateModified":"2026-02-21T14:54:47+00:00","mainEntityOfPage":{"@id":"https:\/\/www.mobilier-design-occasion.fr\/magazine\/agrandir-sa-maison-avec-une-veranda-tout-ce-quil-faut-savoir-avant-de-se-lance\/"},"wordCount":1274,"commentCount":0,"publisher":{"@id":"https:\/\/www.mobilier-design-occasion.fr\/magazine\/#organization"},"image":{"@id":"https:\/\/www.mobilier-design-occasion.fr\/magazine\/agrandir-sa-maison-avec-une-veranda-tout-ce-quil-faut-savoir-avant-de-se-lance\/#primaryimage"},"thumbnailUrl":"https:\/\/www.mobilier-design-occasion.fr\/magazine\/wp-content\/uploads\/2026\/02\/pexels-deeanacreates-2565222-scaled.jpg","articleSection":["Ext\u00e9rieur"],"inLanguage":"fr-FR","potentialAction":[{"@type":"CommentAction","name":"Comment","target":["https:\/\/www.mobilier-design-occasion.fr\/magazine\/agrandir-sa-maison-avec-une-veranda-tout-ce-quil-faut-savoir-avant-de-se-lance\/#respond"]}]},{"@type":"WebPage","@id":"https:\/\/www.mobilier-design-occasion.fr\/magazine\/agrandir-sa-maison-avec-une-veranda-tout-ce-quil-faut-savoir-avant-de-se-lance\/","url":"https:\/\/www.mobilier-design-occasion.fr\/magazine\/agrandir-sa-maison-avec-une-veranda-tout-ce-quil-faut-savoir-avant-de-se-lance\/","name":"Agrandir sa maison avec une v\u00e9randa : tout ce qu'il faut savoir avant de se lance - Mobilier Design Magazine","isPartOf":{"@id":"https:\/\/www.mobilier-design-occasion.fr\/magazine\/#website"},"primaryImageOfPage":{"@id":"https:\/\/www.mobilier-design-occasion.fr\/magazine\/agrandir-sa-maison-avec-une-veranda-tout-ce-quil-faut-savoir-avant-de-se-lance\/#primaryimage"},"image":{"@id":"https:\/\/www.mobilier-design-occasion.fr\/magazine\/agrandir-sa-maison-avec-une-veranda-tout-ce-quil-faut-savoir-avant-de-se-lance\/#primaryimage"},"thumbnailUrl":"https:\/\/www.mobilier-design-occasion.fr\/magazine\/wp-content\/uploads\/2026\/02\/pexels-deeanacreates-2565222-scaled.jpg","datePublished":"2026-02-21T14:54:46+00:00","dateModified":"2026-02-21T14:54:47+00:00","breadcrumb":{"@id":"https:\/\/www.mobilier-design-occasion.fr\/magazine\/agrandir-sa-maison-avec-une-veranda-tout-ce-quil-faut-savoir-avant-de-se-lance\/#breadcrumb"},"inLanguage":"fr-FR","potentialAction":[{"@type":"ReadAction","target":["https:\/\/www.mobilier-design-occasion.fr\/magazine\/agrandir-sa-maison-avec-une-veranda-tout-ce-quil-faut-savoir-avant-de-se-lance\/"]}]},{"@type":"ImageObject","inLanguage":"fr-FR","@id":"https:\/\/www.mobilier-design-occasion.fr\/magazine\/agrandir-sa-maison-avec-une-veranda-tout-ce-quil-faut-savoir-avant-de-se-lance\/#primaryimage","url":"https:\/\/www.mobilier-design-occasion.fr\/magazine\/wp-content\/uploads\/2026\/02\/pexels-deeanacreates-2565222-scaled.jpg","contentUrl":"https:\/\/www.mobilier-design-occasion.fr\/magazine\/wp-content\/uploads\/2026\/02\/pexels-deeanacreates-2565222-scaled.jpg","width":1365,"height":2048},{"@type":"BreadcrumbList","@id":"https:\/\/www.mobilier-design-occasion.fr\/magazine\/agrandir-sa-maison-avec-une-veranda-tout-ce-quil-faut-savoir-avant-de-se-lance\/#breadcrumb","itemListElement":[{"@type":"ListItem","position":1,"name":"Accueil","item":"https:\/\/www.mobilier-design-occasion.fr\/magazine\/"},{"@type":"ListItem","position":2,"name":"Agrandir sa maison avec une v\u00e9randa : tout ce qu&#8217;il faut savoir avant de se lance"}]},{"@type":"WebSite","@id":"https:\/\/www.mobilier-design-occasion.fr\/magazine\/#website","url":"https:\/\/www.mobilier-design-occasion.fr\/magazine\/","name":"Mobilier Design Magazine","description":"","publisher":{"@id":"https:\/\/www.mobilier-design-occasion.fr\/magazine\/#organization"},"potentialAction":[{"@type":"SearchAction","target":{"@type":"EntryPoint","urlTemplate":"https:\/\/www.mobilier-design-occasion.fr\/magazine\/?s={search_term_string}"},"query-input":{"@type":"PropertyValueSpecification","valueRequired":true,"valueName":"search_term_string"}}],"inLanguage":"fr-FR"},{"@type":"Organization","@id":"https:\/\/www.mobilier-design-occasion.fr\/magazine\/#organization","name":"Mobilier Design Magazine","url":"https:\/\/www.mobilier-design-occasion.fr\/magazine\/","logo":{"@type":"ImageObject","inLanguage":"fr-FR","@id":"https:\/\/www.mobilier-design-occasion.fr\/magazine\/#\/schema\/logo\/image\/","url":"https:\/\/www.mobilier-design-occasion.fr\/magazine\/wp-content\/uploads\/2024\/02\/android-chrome-192x192-1.png","contentUrl":"https:\/\/www.mobilier-design-occasion.fr\/magazine\/wp-content\/uploads\/2024\/02\/android-chrome-192x192-1.png","width":192,"height":192,"caption":"Mobilier Design Magazine"},"image":{"@id":"https:\/\/www.mobilier-design-occasion.fr\/magazine\/#\/schema\/logo\/image\/"},"sameAs":["https:\/\/www.facebook.com\/mobilierdesignoccasion"]},{"@type":"Person","@id":"https:\/\/www.mobilier-design-occasion.fr\/magazine\/#\/schema\/person\/af895bedc80bfb6b17730a672fddac9e","name":"Vincent Vandegans","image":{"@type":"ImageObject","inLanguage":"fr-FR","@id":"https:\/\/secure.gravatar.com\/avatar\/b984800dabdf722d5e3f03f637c8932dea77d81118467d17ad2953e3b273ec66?s=96&d=mm&r=g","url":"https:\/\/secure.gravatar.com\/avatar\/b984800dabdf722d5e3f03f637c8932dea77d81118467d17ad2953e3b273ec66?s=96&d=mm&r=g","contentUrl":"https:\/\/secure.gravatar.com\/avatar\/b984800dabdf722d5e3f03f637c8932dea77d81118467d17ad2953e3b273ec66?s=96&d=mm&r=g","caption":"Vincent Vandegans"},"description":"Vincent est passionn\u00e9 par les produits d'occasion, il a ouvert le site MDO avec Cyrielle pour aider les gens \u00e0 trouver du mobilier d'occasion, vintage ou usag\u00e9. Depuis, ils ont \u00e9tendu leurs activit\u00e9s et conseillent tout le monde sur le mobilier d'int\u00e9rieur et d'ext\u00e9rieur au quotidien \u00e0 travers le magazine MDO.","url":"https:\/\/www.mobilier-design-occasion.fr\/magazine\/author\/vincent\/"}]}},"_links":{"self":[{"href":"https:\/\/www.mobilier-design-occasion.fr\/magazine\/wp-json\/wp\/v2\/posts\/8859","targetHints":{"allow":["GET"]}}],"collection":[{"href":"https:\/\/www.mobilier-design-occasion.fr\/magazine\/wp-json\/wp\/v2\/posts"}],"about":[{"href":"https:\/\/www.mobilier-design-occasion.fr\/magazine\/wp-json\/wp\/v2\/types\/post"}],"author":[{"embeddable":true,"href":"https:\/\/www.mobilier-design-occasion.fr\/magazine\/wp-json\/wp\/v2\/users\/2"}],"replies":[{"embeddable":true,"href":"https:\/\/www.mobilier-design-occasion.fr\/magazine\/wp-json\/wp\/v2\/comments?post=8859"}],"version-history":[{"count":1,"href":"https:\/\/www.mobilier-design-occasion.fr\/magazine\/wp-json\/wp\/v2\/posts\/8859\/revisions"}],"predecessor-version":[{"id":8861,"href":"https:\/\/www.mobilier-design-occasion.fr\/magazine\/wp-json\/wp\/v2\/posts\/8859\/revisions\/8861"}],"wp:featuredmedia":[{"embeddable":true,"href":"https:\/\/www.mobilier-design-occasion.fr\/magazine\/wp-json\/wp\/v2\/media\/8860"}],"wp:attachment":[{"href":"https:\/\/www.mobilier-design-occasion.fr\/magazine\/wp-json\/wp\/v2\/media?parent=8859"}],"wp:term":[{"taxonomy":"category","embeddable":true,"href":"https:\/\/www.mobilier-design-occasion.fr\/magazine\/wp-json\/wp\/v2\/categories?post=8859"},{"taxonomy":"post_tag","embeddable":true,"href":"https:\/\/www.mobilier-design-occasion.fr\/magazine\/wp-json\/wp\/v2\/tags?post=8859"}],"curies":[{"name":"wp","href":"https:\/\/api.w.org\/{rel}","templated":true}]}}