{"id":8856,"date":"2026-02-20T22:00:48","date_gmt":"2026-02-20T22:00:48","guid":{"rendered":"https:\/\/www.mobilier-design-occasion.fr\/magazine\/lart-du-mouvement-fige-exploration-de-la-sculpture-figurative-moderne\/"},"modified":"2026-02-20T22:00:48","modified_gmt":"2026-02-20T22:00:48","slug":"lart-du-mouvement-fige-exploration-de-la-sculpture-figurative-moderne","status":"publish","type":"post","link":"https:\/\/www.mobilier-design-occasion.fr\/magazine\/lart-du-mouvement-fige-exploration-de-la-sculpture-figurative-moderne\/","title":{"rendered":"L\u2019art du mouvement fig\u00e9 : exploration de la sculpture figurative moderne"},"content":{"rendered":"<article dir=\"auto\" data-turn-id=\"request-WEB:4ac8e2ea-0def-4a6d-b05c-1a3938ece08f-5\" data-testid=\"conversation-turn-12\" data-scroll-anchor=\"true\" data-turn=\"assistant\">\n<p data-start=\"76\" data-end=\"118\">La sculpture figurative moderne occupe une place singuli&egrave;re dans l&rsquo;histoire de l&rsquo;art. Alors que le XXe si&egrave;cle a vu s&rsquo;imposer l&rsquo;abstraction, le minimalisme et l&rsquo;art conceptuel, de nombreux artistes ont continu&eacute; &agrave; placer la figure humaine au centre de leur recherche. Ce choix n&rsquo;a rien d&rsquo;un simple attachement acad&eacute;mique : il traduit une volont&eacute; de renouveler la repr&eacute;sentation du corps en l&rsquo;inscrivant dans les questionnements contemporains.<\/p>\n<p data-start=\"564\" data-end=\"1302\">Dans cette approche, le corps n&rsquo;est plus seulement un sujet d&rsquo;&eacute;tude anatomique ou un id&eacute;al esth&eacute;tique. Il devient un vecteur d&rsquo;&eacute;motions, de tensions et de r&eacute;cits silencieux. La sculpture figurative moderne explore la fronti&egrave;re entre immobilit&eacute; et mouvement, cherchant &agrave; capturer l&rsquo;instant avec une intensit&eacute; presque cin&eacute;matographique. Cette dynamique se retrouve notamment dans le travail de certains sculpteurs contemporains, dont <a href=\"https:\/\/talentsartistiques.com\/luo-li-rong-sculpture\/\" data-start=\"996\" data-end=\"1064\">luo li rong<\/a>, reconnue pour ses figures f&eacute;minines en bronze aux drap&eacute;s fluides et aux postures empreintes de l&eacute;g&egrave;ret&eacute;. Ses &oelig;uvres illustrent parfaitement cette recherche d&rsquo;un mouvement suspendu, o&ugrave; la mati&egrave;re semble anim&eacute;e d&rsquo;une &eacute;nergie int&eacute;rieure.<\/p>\n<p data-start=\"1304\" data-end=\"1598\">La modernit&eacute; de la sculpture figurative ne r&eacute;side donc pas dans la rupture avec la tradition, mais dans la mani&egrave;re dont elle la r&eacute;interpr&egrave;te. Les r&eacute;f&eacute;rences classiques sont revisit&eacute;es, parfois simplifi&eacute;es, parfois intensifi&eacute;es, pour r&eacute;pondre aux sensibilit&eacute;s et aux pr&eacute;occupations du pr&eacute;sent.<\/p>\n<h2 data-start=\"1600\" data-end=\"1644\"><span class=\"ez-toc-section\" id=\"Heritages_et_transformations_au_XXe_siecle\"><\/span>H&eacute;ritages et transformations au XXe si&egrave;cle<span class=\"ez-toc-section-end\"><\/span><\/h2><div id=\"ez-toc-container\" class=\"ez-toc-v2_0_82_2 counter-hierarchy ez-toc-counter ez-toc-grey ez-toc-container-direction\">\n<div class=\"ez-toc-title-container\">\n<span class=\"ez-toc-title-toggle\"><a href=\"#\" class=\"ez-toc-pull-right ez-toc-btn ez-toc-btn-xs ez-toc-btn-default ez-toc-toggle\" aria-label=\"Toggle Table of Content\"><span class=\"ez-toc-js-icon-con\"><span class=\"\"><span class=\"eztoc-hide\" style=\"display:none;\">Toggle<\/span><span class=\"ez-toc-icon-toggle-span\"><svg style=\"fill: #999;color:#999\" xmlns=\"http:\/\/www.w3.org\/2000\/svg\" class=\"list-377408\" width=\"20px\" height=\"20px\" viewBox=\"0 0 24 24\" fill=\"none\"><path d=\"M6 6H4v2h2V6zm14 0H8v2h12V6zM4 11h2v2H4v-2zm16 0H8v2h12v-2zM4 16h2v2H4v-2zm16 0H8v2h12v-2z\" fill=\"currentColor\"><\/path><\/svg><svg style=\"fill: #999;color:#999\" class=\"arrow-unsorted-368013\" xmlns=\"http:\/\/www.w3.org\/2000\/svg\" width=\"10px\" height=\"10px\" viewBox=\"0 0 24 24\" version=\"1.2\" baseProfile=\"tiny\"><path d=\"M18.2 9.3l-6.2-6.3-6.2 6.3c-.2.2-.3.4-.3.7s.1.5.3.7c.2.2.4.3.7.3h11c.3 0 .5-.1.7-.3.2-.2.3-.5.3-.7s-.1-.5-.3-.7zM5.8 14.7l6.2 6.3 6.2-6.3c.2-.2.3-.5.3-.7s-.1-.5-.3-.7c-.2-.2-.4-.3-.7-.3h-11c-.3 0-.5.1-.7.3-.2.2-.3.5-.3.7s.1.5.3.7z\"\/><\/svg><\/span><\/span><\/span><\/a><\/span><\/div>\n<nav><ul class='ez-toc-list ez-toc-list-level-1 eztoc-toggle-hide-by-default' ><li class='ez-toc-page-1 ez-toc-heading-level-2'><a class=\"ez-toc-link ez-toc-heading-1\" href=\"https:\/\/www.mobilier-design-occasion.fr\/magazine\/lart-du-mouvement-fige-exploration-de-la-sculpture-figurative-moderne\/#Heritages_et_transformations_au_XXe_siecle\" >H&eacute;ritages et transformations au XXe si&egrave;cle<\/a><\/li><li class='ez-toc-page-1 ez-toc-heading-level-2'><a class=\"ez-toc-link ez-toc-heading-2\" href=\"https:\/\/www.mobilier-design-occasion.fr\/magazine\/lart-du-mouvement-fige-exploration-de-la-sculpture-figurative-moderne\/#Le_defi_du_mouvement_figer_linstant\" >Le d&eacute;fi du mouvement : figer l&rsquo;instant<\/a><\/li><li class='ez-toc-page-1 ez-toc-heading-level-2'><a class=\"ez-toc-link ez-toc-heading-3\" href=\"https:\/\/www.mobilier-design-occasion.fr\/magazine\/lart-du-mouvement-fige-exploration-de-la-sculpture-figurative-moderne\/#Materiaux_et_innovations_techniques\" >Mat&eacute;riaux et innovations techniques<\/a><\/li><li class='ez-toc-page-1 ez-toc-heading-level-2'><a class=\"ez-toc-link ez-toc-heading-4\" href=\"https:\/\/www.mobilier-design-occasion.fr\/magazine\/lart-du-mouvement-fige-exploration-de-la-sculpture-figurative-moderne\/#La_relation_a_lespace_et_au_spectateur\" >La relation &agrave; l&rsquo;espace et au spectateur<\/a><\/li><li class='ez-toc-page-1 ez-toc-heading-level-2'><a class=\"ez-toc-link ez-toc-heading-5\" href=\"https:\/\/www.mobilier-design-occasion.fr\/magazine\/lart-du-mouvement-fige-exploration-de-la-sculpture-figurative-moderne\/#La_figure_feminine_dans_la_sculpture_contemporaine\" >La figure f&eacute;minine dans la sculpture contemporaine<\/a><\/li><li class='ez-toc-page-1 ez-toc-heading-level-2'><a class=\"ez-toc-link ez-toc-heading-6\" href=\"https:\/\/www.mobilier-design-occasion.fr\/magazine\/lart-du-mouvement-fige-exploration-de-la-sculpture-figurative-moderne\/#Un_art_entre_memoire_et_vitalite\" >Un art entre m&eacute;moire et vitalit&eacute;<\/a><\/li><\/ul><\/nav><\/div>\n\n<p data-start=\"1646\" data-end=\"2053\">Le XXe si&egrave;cle constitue un moment charni&egrave;re pour la sculpture. Si l&rsquo;abstraction a profond&eacute;ment marqu&eacute; les arts plastiques, la figuration ne dispara&icirc;t pas pour autant. Elle &eacute;volue. Auguste Rodin, &agrave; la charni&egrave;re des XIXe et XXe si&egrave;cles, ouvre la voie &agrave; une sculpture plus expressive, o&ugrave; le model&eacute; vibrant et les surfaces irr&eacute;guli&egrave;res traduisent des &eacute;tats int&eacute;rieurs plut&ocirc;t qu&rsquo;une simple perfection formelle.<\/p>\n<p data-start=\"2055\" data-end=\"2363\">Plus tard, Alberto Giacometti propose une vision radicalement diff&eacute;rente de la figure humaine. Ses silhouettes &eacute;lanc&eacute;es et effil&eacute;es, presque &eacute;rod&eacute;es, expriment une r&eacute;flexion sur la solitude et la fragilit&eacute; de l&rsquo;existence. La repr&eacute;sentation du corps devient ainsi un moyen d&rsquo;interroger la condition humaine.<\/p>\n<p data-start=\"2365\" data-end=\"2716\">Parall&egrave;lement, d&rsquo;autres artistes poursuivent une figuration attentive &agrave; l&rsquo;anatomie et au mouvement, tout en int&eacute;grant les acquis formels de la modernit&eacute;. Les proportions peuvent &ecirc;tre &eacute;tir&eacute;es, les volumes simplifi&eacute;s, les surfaces stylis&eacute;es. La sculpture figurative moderne se caract&eacute;rise donc par sa capacit&eacute; &agrave; conjuguer tradition et exp&eacute;rimentation.<\/p>\n<h2 data-start=\"2718\" data-end=\"2758\"><span class=\"ez-toc-section\" id=\"Le_defi_du_mouvement_figer_linstant\"><\/span>Le d&eacute;fi du mouvement : figer l&rsquo;instant<span class=\"ez-toc-section-end\"><\/span><\/h2>\n<p data-start=\"2760\" data-end=\"3122\">L&rsquo;un des enjeux majeurs de la sculpture figurative moderne r&eacute;side dans la repr&eacute;sentation du mouvement. Comment sugg&eacute;rer l&rsquo;&eacute;lan, la rotation ou la chute dans un mat&eacute;riau par nature immobile ? Le bronze, le marbre ou la r&eacute;sine imposent une fixit&eacute; structurelle, mais le sculpteur cherche &agrave; d&eacute;passer cette contrainte par la composition et le traitement des formes.<\/p>\n<p data-start=\"3124\" data-end=\"3535\">Le travail du drap&eacute; joue un r&ocirc;le essentiel. Les plis d&rsquo;un v&ecirc;tement peuvent indiquer la direction d&rsquo;un souffle, la rapidit&eacute; d&rsquo;un d&eacute;placement ou la tension d&rsquo;un geste. Les lignes obliques et les torsions du corps participent &eacute;galement &agrave; cette impression de dynamisme. Un simple d&eacute;calage du bassin, une inclinaison de la t&ecirc;te ou l&rsquo;extension d&rsquo;un bras suffisent &agrave; inscrire la figure dans un mouvement perceptible.<\/p>\n<p data-start=\"3537\" data-end=\"3825\">L&rsquo;&eacute;quilibre est souvent volontairement pr&eacute;caire. Certaines sculptures semblent sur le point de basculer ou d&rsquo;avancer, cr&eacute;ant une tension visuelle qui engage le regard. Le spectateur per&ccedil;oit alors l&rsquo;instant comme suspendu, pris entre un avant et un apr&egrave;s qu&rsquo;il lui appartient d&rsquo;imaginer.<\/p>\n<h2 data-start=\"3827\" data-end=\"3864\"><span class=\"ez-toc-section\" id=\"Materiaux_et_innovations_techniques\"><\/span>Mat&eacute;riaux et innovations techniques<span class=\"ez-toc-section-end\"><\/span><\/h2>\n<p data-start=\"3866\" data-end=\"4206\">Le choix des mat&eacute;riaux influence profond&eacute;ment l&rsquo;esth&eacute;tique de la sculpture figurative moderne. Le bronze demeure l&rsquo;un des m&eacute;diums privil&eacute;gi&eacute;s en raison de sa solidit&eacute; et de sa capacit&eacute; &agrave; restituer avec pr&eacute;cision les d&eacute;tails anatomiques et les textures. Les variations de patine enrichissent la surface et renforcent les effets de lumi&egrave;re.<\/p>\n<p data-start=\"4208\" data-end=\"4454\">Le marbre, associ&eacute; &agrave; la tradition antique et renaissante, continue d&rsquo;&ecirc;tre utilis&eacute; pour sa qualit&eacute; lumineuse et sa finesse. Sa translucidit&eacute; permet de travailler subtilement les transitions entre ombre et lumi&egrave;re, accentuant l&rsquo;impression de vie.<\/p>\n<p data-start=\"4456\" data-end=\"4849\">&Agrave; ces mat&eacute;riaux classiques s&rsquo;ajoutent la r&eacute;sine, l&rsquo;acier ou l&rsquo;aluminium. Les techniques contemporaines, telles que la mod&eacute;lisation num&eacute;rique ou l&rsquo;impression 3D, interviennent parfois dans la phase pr&eacute;paratoire. Toutefois, le modelage manuel et la finition artisanale demeurent essentiels. La main de l&rsquo;artiste, dans le travail des volumes et des surfaces, reste au c&oelig;ur du processus cr&eacute;atif.<\/p>\n<h2 data-start=\"4851\" data-end=\"4892\"><span class=\"ez-toc-section\" id=\"La_relation_a_lespace_et_au_spectateur\"><\/span>La relation &agrave; l&rsquo;espace et au spectateur<span class=\"ez-toc-section-end\"><\/span><\/h2>\n<p data-start=\"4894\" data-end=\"5131\">La sculpture, par nature tridimensionnelle, entretient une relation directe avec l&rsquo;espace. Contrairement &agrave; une &oelig;uvre plane, elle exige un d&eacute;placement du spectateur. La perception change selon l&rsquo;angle de vue, la distance ou l&rsquo;&eacute;clairage.<\/p>\n<p data-start=\"5133\" data-end=\"5415\">Dans la sculpture figurative moderne, cette interaction est pleinement assum&eacute;e. Les &oelig;uvres monumentales install&eacute;es dans l&rsquo;espace public dialoguent avec l&rsquo;architecture et le paysage urbain. Elles modifient la perception d&rsquo;un lieu et deviennent parfois des rep&egrave;res visuels durables.<\/p>\n<p data-start=\"5417\" data-end=\"5705\">Les sculptures de plus petit format invitent &agrave; une observation plus intime. Le spectateur s&rsquo;approche, d&eacute;couvre la finesse d&rsquo;un model&eacute;, la pr&eacute;cision d&rsquo;un d&eacute;tail, la tension d&rsquo;un muscle. Cette proximit&eacute; cr&eacute;e une exp&eacute;rience sensible, presque tactile, qui renforce la pr&eacute;sence de la figure.<\/p>\n<h2 data-start=\"5707\" data-end=\"5759\"><span class=\"ez-toc-section\" id=\"La_figure_feminine_dans_la_sculpture_contemporaine\"><\/span>La figure f&eacute;minine dans la sculpture contemporaine<span class=\"ez-toc-section-end\"><\/span><\/h2>\n<p data-start=\"5761\" data-end=\"6115\">La figure f&eacute;minine occupe une place importante dans la sculpture figurative moderne. Elle est repr&eacute;sent&eacute;e dans une grande diversit&eacute; d&rsquo;attitudes et d&rsquo;expressions, loin des st&eacute;r&eacute;otypes fig&eacute;s du pass&eacute;. Les artistes contemporains explorent la gr&acirc;ce, la force, la vuln&eacute;rabilit&eacute; ou la d&eacute;termination &agrave; travers des postures et des gestes soigneusement &eacute;tudi&eacute;s.<\/p>\n<p data-start=\"6117\" data-end=\"6435\">La pr&eacute;cision anatomique et le soin apport&eacute; aux d&eacute;tails ne rel&egrave;vent pas seulement d&rsquo;une prouesse technique. Ils participent &agrave; la construction d&rsquo;une pr&eacute;sence cr&eacute;dible et expressive. Le corps devient porteur d&rsquo;une narration implicite, d&rsquo;une &eacute;motion perceptible dans l&rsquo;inclinaison d&rsquo;un regard ou la tension d&rsquo;une &eacute;paule.<\/p>\n<p data-start=\"6437\" data-end=\"6627\">En revisitant les codes h&eacute;rit&eacute;s de l&rsquo;Antiquit&eacute; et de la Renaissance, la sculpture figurative moderne offre une vision renouvel&eacute;e du corps f&eacute;minin, inscrite dans les sensibilit&eacute;s actuelles.<\/p>\n<h2 data-start=\"6629\" data-end=\"6663\"><span class=\"ez-toc-section\" id=\"Un_art_entre_memoire_et_vitalite\"><\/span>Un art entre m&eacute;moire et vitalit&eacute;<span class=\"ez-toc-section-end\"><\/span><\/h2>\n<p data-start=\"6665\" data-end=\"6922\">La sculpture figurative moderne d&eacute;montre que la repr&eacute;sentation du corps demeure un champ d&rsquo;exploration fertile. Malgr&eacute; les bouleversements esth&eacute;tiques du XXe si&egrave;cle, la figure humaine conserve une force universelle et un pouvoir d&rsquo;identification imm&eacute;diat.<\/p>\n<p data-start=\"6924\" data-end=\"7172\">En conjuguant h&eacute;ritage classique et innovations techniques, les artistes contemporains renouvellent le langage sculptural. Le mouvement fig&eacute; dans la mati&egrave;re devient une trace durable de l&rsquo;&eacute;ph&eacute;m&egrave;re, une mani&egrave;re de saisir la vie dans son intensit&eacute;.<\/p>\n<p data-start=\"7174\" data-end=\"7417\" data-is-last-node=\"\" data-is-only-node=\"\">&Agrave; travers le bronze, la pierre ou les mat&eacute;riaux contemporains, la sculpture figurative moderne affirme ainsi sa capacit&eacute; &agrave; capturer l&rsquo;instant tout en l&rsquo;inscrivant dans la dur&eacute;e, offrant une exp&eacute;rience visuelle et spatiale profond&eacute;ment humaine.<\/p>\n<\/article>\n","protected":false},"excerpt":{"rendered":"<p>La sculpture figurative moderne occupe une place singuli&egrave;re dans l&rsquo;histoire de l&rsquo;art. Alors que le XXe si&egrave;cle a vu s&rsquo;imposer l&rsquo;abstraction, le minimalisme et l&rsquo;art conceptuel, de nombreux artistes ont continu&eacute; &agrave; placer la figure humaine au centre de leur recherche. Ce choix n&rsquo;a rien d&rsquo;un simple attachement acad&eacute;mique : il traduit une volont&eacute; de [&hellip;]<\/p>\n","protected":false},"author":2,"featured_media":8858,"comment_status":"open","ping_status":"open","sticky":false,"template":"","format":"standard","meta":{"footnotes":""},"categories":[1],"tags":[],"class_list":["post-8856","post","type-post","status-publish","format-standard","has-post-thumbnail","hentry","category-uncategorized"],"yoast_head":"<!-- This site is optimized with the Yoast SEO plugin v27.5 - https:\/\/yoast.com\/product\/yoast-seo-wordpress\/ -->\n<title>L\u2019art du mouvement fig\u00e9 : sculpture figurative moderne<\/title>\n<meta name=\"description\" content=\"D\u00e9couvrez la sculpture figurative moderne et son art de capturer le mouvement dans la mati\u00e8re. H\u00e9ritages, techniques, figures f\u00e9minines et artistes contemporains analys\u00e9s.\" \/>\n<meta name=\"robots\" content=\"index, follow, max-snippet:-1, max-image-preview:large, max-video-preview:-1\" \/>\n<link rel=\"canonical\" href=\"https:\/\/www.mobilier-design-occasion.fr\/magazine\/lart-du-mouvement-fige-exploration-de-la-sculpture-figurative-moderne\/\" \/>\n<meta property=\"og:locale\" content=\"fr_FR\" \/>\n<meta property=\"og:type\" content=\"article\" \/>\n<meta property=\"og:title\" content=\"L\u2019art du mouvement fig\u00e9 : sculpture figurative moderne\" \/>\n<meta property=\"og:description\" content=\"D\u00e9couvrez la sculpture figurative moderne et son art de capturer le mouvement dans la mati\u00e8re. H\u00e9ritages, techniques, figures f\u00e9minines et artistes contemporains analys\u00e9s.\" \/>\n<meta property=\"og:url\" content=\"https:\/\/www.mobilier-design-occasion.fr\/magazine\/lart-du-mouvement-fige-exploration-de-la-sculpture-figurative-moderne\/\" \/>\n<meta property=\"og:site_name\" content=\"Mobilier Design Magazine\" \/>\n<meta property=\"article:publisher\" content=\"https:\/\/www.facebook.com\/mobilierdesignoccasion\" \/>\n<meta property=\"article:published_time\" content=\"2026-02-20T22:00:48+00:00\" \/>\n<meta property=\"og:image\" content=\"https:\/\/www.mobilier-design-occasion.fr\/magazine\/wp-content\/uploads\/2026\/02\/a1dd0385ed0be6ae47d76f463635167a-scaled.jpg\" \/>\n\t<meta property=\"og:image:width\" content=\"2048\" \/>\n\t<meta property=\"og:image:height\" content=\"1365\" \/>\n\t<meta property=\"og:image:type\" content=\"image\/jpeg\" \/>\n<meta name=\"author\" content=\"Vincent Vandegans\" \/>\n<meta name=\"twitter:card\" content=\"summary_large_image\" \/>\n<meta name=\"twitter:label1\" content=\"\u00c9crit par\" \/>\n\t<meta name=\"twitter:data1\" content=\"Vincent Vandegans\" \/>\n\t<meta name=\"twitter:label2\" content=\"Dur\u00e9e de lecture estim\u00e9e\" \/>\n\t<meta name=\"twitter:data2\" content=\"7 minutes\" \/>\n<script type=\"application\/ld+json\" class=\"yoast-schema-graph\">{\"@context\":\"https:\\\/\\\/schema.org\",\"@graph\":[{\"@type\":\"Article\",\"@id\":\"https:\\\/\\\/www.mobilier-design-occasion.fr\\\/magazine\\\/lart-du-mouvement-fige-exploration-de-la-sculpture-figurative-moderne\\\/#article\",\"isPartOf\":{\"@id\":\"https:\\\/\\\/www.mobilier-design-occasion.fr\\\/magazine\\\/lart-du-mouvement-fige-exploration-de-la-sculpture-figurative-moderne\\\/\"},\"author\":{\"name\":\"Vincent Vandegans\",\"@id\":\"https:\\\/\\\/www.mobilier-design-occasion.fr\\\/magazine\\\/#\\\/schema\\\/person\\\/af895bedc80bfb6b17730a672fddac9e\"},\"headline\":\"L\u2019art du mouvement fig\u00e9 : exploration de la sculpture figurative moderne\",\"datePublished\":\"2026-02-20T22:00:48+00:00\",\"mainEntityOfPage\":{\"@id\":\"https:\\\/\\\/www.mobilier-design-occasion.fr\\\/magazine\\\/lart-du-mouvement-fige-exploration-de-la-sculpture-figurative-moderne\\\/\"},\"wordCount\":1505,\"commentCount\":0,\"publisher\":{\"@id\":\"https:\\\/\\\/www.mobilier-design-occasion.fr\\\/magazine\\\/#organization\"},\"image\":{\"@id\":\"https:\\\/\\\/www.mobilier-design-occasion.fr\\\/magazine\\\/lart-du-mouvement-fige-exploration-de-la-sculpture-figurative-moderne\\\/#primaryimage\"},\"thumbnailUrl\":\"https:\\\/\\\/www.mobilier-design-occasion.fr\\\/magazine\\\/wp-content\\\/uploads\\\/2026\\\/02\\\/a1dd0385ed0be6ae47d76f463635167a-scaled.jpg\",\"articleSection\":[\"Uncategorized\"],\"inLanguage\":\"fr-FR\",\"potentialAction\":[{\"@type\":\"CommentAction\",\"name\":\"Comment\",\"target\":[\"https:\\\/\\\/www.mobilier-design-occasion.fr\\\/magazine\\\/lart-du-mouvement-fige-exploration-de-la-sculpture-figurative-moderne\\\/#respond\"]}]},{\"@type\":\"WebPage\",\"@id\":\"https:\\\/\\\/www.mobilier-design-occasion.fr\\\/magazine\\\/lart-du-mouvement-fige-exploration-de-la-sculpture-figurative-moderne\\\/\",\"url\":\"https:\\\/\\\/www.mobilier-design-occasion.fr\\\/magazine\\\/lart-du-mouvement-fige-exploration-de-la-sculpture-figurative-moderne\\\/\",\"name\":\"L\u2019art du mouvement fig\u00e9 : sculpture figurative moderne\",\"isPartOf\":{\"@id\":\"https:\\\/\\\/www.mobilier-design-occasion.fr\\\/magazine\\\/#website\"},\"primaryImageOfPage\":{\"@id\":\"https:\\\/\\\/www.mobilier-design-occasion.fr\\\/magazine\\\/lart-du-mouvement-fige-exploration-de-la-sculpture-figurative-moderne\\\/#primaryimage\"},\"image\":{\"@id\":\"https:\\\/\\\/www.mobilier-design-occasion.fr\\\/magazine\\\/lart-du-mouvement-fige-exploration-de-la-sculpture-figurative-moderne\\\/#primaryimage\"},\"thumbnailUrl\":\"https:\\\/\\\/www.mobilier-design-occasion.fr\\\/magazine\\\/wp-content\\\/uploads\\\/2026\\\/02\\\/a1dd0385ed0be6ae47d76f463635167a-scaled.jpg\",\"datePublished\":\"2026-02-20T22:00:48+00:00\",\"description\":\"D\u00e9couvrez la sculpture figurative moderne et son art de capturer le mouvement dans la mati\u00e8re. H\u00e9ritages, techniques, figures f\u00e9minines et artistes contemporains analys\u00e9s.\",\"breadcrumb\":{\"@id\":\"https:\\\/\\\/www.mobilier-design-occasion.fr\\\/magazine\\\/lart-du-mouvement-fige-exploration-de-la-sculpture-figurative-moderne\\\/#breadcrumb\"},\"inLanguage\":\"fr-FR\",\"potentialAction\":[{\"@type\":\"ReadAction\",\"target\":[\"https:\\\/\\\/www.mobilier-design-occasion.fr\\\/magazine\\\/lart-du-mouvement-fige-exploration-de-la-sculpture-figurative-moderne\\\/\"]}]},{\"@type\":\"ImageObject\",\"inLanguage\":\"fr-FR\",\"@id\":\"https:\\\/\\\/www.mobilier-design-occasion.fr\\\/magazine\\\/lart-du-mouvement-fige-exploration-de-la-sculpture-figurative-moderne\\\/#primaryimage\",\"url\":\"https:\\\/\\\/www.mobilier-design-occasion.fr\\\/magazine\\\/wp-content\\\/uploads\\\/2026\\\/02\\\/a1dd0385ed0be6ae47d76f463635167a-scaled.jpg\",\"contentUrl\":\"https:\\\/\\\/www.mobilier-design-occasion.fr\\\/magazine\\\/wp-content\\\/uploads\\\/2026\\\/02\\\/a1dd0385ed0be6ae47d76f463635167a-scaled.jpg\",\"width\":2048,\"height\":1365},{\"@type\":\"BreadcrumbList\",\"@id\":\"https:\\\/\\\/www.mobilier-design-occasion.fr\\\/magazine\\\/lart-du-mouvement-fige-exploration-de-la-sculpture-figurative-moderne\\\/#breadcrumb\",\"itemListElement\":[{\"@type\":\"ListItem\",\"position\":1,\"name\":\"Accueil\",\"item\":\"https:\\\/\\\/www.mobilier-design-occasion.fr\\\/magazine\\\/\"},{\"@type\":\"ListItem\",\"position\":2,\"name\":\"L\u2019art du mouvement fig\u00e9 : exploration de la sculpture figurative moderne\"}]},{\"@type\":\"WebSite\",\"@id\":\"https:\\\/\\\/www.mobilier-design-occasion.fr\\\/magazine\\\/#website\",\"url\":\"https:\\\/\\\/www.mobilier-design-occasion.fr\\\/magazine\\\/\",\"name\":\"Mobilier Design Magazine\",\"description\":\"\",\"publisher\":{\"@id\":\"https:\\\/\\\/www.mobilier-design-occasion.fr\\\/magazine\\\/#organization\"},\"potentialAction\":[{\"@type\":\"SearchAction\",\"target\":{\"@type\":\"EntryPoint\",\"urlTemplate\":\"https:\\\/\\\/www.mobilier-design-occasion.fr\\\/magazine\\\/?s={search_term_string}\"},\"query-input\":{\"@type\":\"PropertyValueSpecification\",\"valueRequired\":true,\"valueName\":\"search_term_string\"}}],\"inLanguage\":\"fr-FR\"},{\"@type\":\"Organization\",\"@id\":\"https:\\\/\\\/www.mobilier-design-occasion.fr\\\/magazine\\\/#organization\",\"name\":\"Mobilier Design Magazine\",\"url\":\"https:\\\/\\\/www.mobilier-design-occasion.fr\\\/magazine\\\/\",\"logo\":{\"@type\":\"ImageObject\",\"inLanguage\":\"fr-FR\",\"@id\":\"https:\\\/\\\/www.mobilier-design-occasion.fr\\\/magazine\\\/#\\\/schema\\\/logo\\\/image\\\/\",\"url\":\"https:\\\/\\\/www.mobilier-design-occasion.fr\\\/magazine\\\/wp-content\\\/uploads\\\/2024\\\/02\\\/android-chrome-192x192-1.png\",\"contentUrl\":\"https:\\\/\\\/www.mobilier-design-occasion.fr\\\/magazine\\\/wp-content\\\/uploads\\\/2024\\\/02\\\/android-chrome-192x192-1.png\",\"width\":192,\"height\":192,\"caption\":\"Mobilier Design Magazine\"},\"image\":{\"@id\":\"https:\\\/\\\/www.mobilier-design-occasion.fr\\\/magazine\\\/#\\\/schema\\\/logo\\\/image\\\/\"},\"sameAs\":[\"https:\\\/\\\/www.facebook.com\\\/mobilierdesignoccasion\"]},{\"@type\":\"Person\",\"@id\":\"https:\\\/\\\/www.mobilier-design-occasion.fr\\\/magazine\\\/#\\\/schema\\\/person\\\/af895bedc80bfb6b17730a672fddac9e\",\"name\":\"Vincent Vandegans\",\"image\":{\"@type\":\"ImageObject\",\"inLanguage\":\"fr-FR\",\"@id\":\"https:\\\/\\\/secure.gravatar.com\\\/avatar\\\/b984800dabdf722d5e3f03f637c8932dea77d81118467d17ad2953e3b273ec66?s=96&d=mm&r=g\",\"url\":\"https:\\\/\\\/secure.gravatar.com\\\/avatar\\\/b984800dabdf722d5e3f03f637c8932dea77d81118467d17ad2953e3b273ec66?s=96&d=mm&r=g\",\"contentUrl\":\"https:\\\/\\\/secure.gravatar.com\\\/avatar\\\/b984800dabdf722d5e3f03f637c8932dea77d81118467d17ad2953e3b273ec66?s=96&d=mm&r=g\",\"caption\":\"Vincent Vandegans\"},\"description\":\"Vincent est passionn\u00e9 par les produits d'occasion, il a ouvert le site MDO avec Cyrielle pour aider les gens \u00e0 trouver du mobilier d'occasion, vintage ou usag\u00e9. Depuis, ils ont \u00e9tendu leurs activit\u00e9s et conseillent tout le monde sur le mobilier d'int\u00e9rieur et d'ext\u00e9rieur au quotidien \u00e0 travers le magazine MDO.\",\"url\":\"https:\\\/\\\/www.mobilier-design-occasion.fr\\\/magazine\\\/author\\\/vincent\\\/\"}]}<\/script>\n<!-- \/ Yoast SEO plugin. -->","yoast_head_json":{"title":"L\u2019art du mouvement fig\u00e9 : sculpture figurative moderne","description":"D\u00e9couvrez la sculpture figurative moderne et son art de capturer le mouvement dans la mati\u00e8re. H\u00e9ritages, techniques, figures f\u00e9minines et artistes contemporains analys\u00e9s.","robots":{"index":"index","follow":"follow","max-snippet":"max-snippet:-1","max-image-preview":"max-image-preview:large","max-video-preview":"max-video-preview:-1"},"canonical":"https:\/\/www.mobilier-design-occasion.fr\/magazine\/lart-du-mouvement-fige-exploration-de-la-sculpture-figurative-moderne\/","og_locale":"fr_FR","og_type":"article","og_title":"L\u2019art du mouvement fig\u00e9 : sculpture figurative moderne","og_description":"D\u00e9couvrez la sculpture figurative moderne et son art de capturer le mouvement dans la mati\u00e8re. H\u00e9ritages, techniques, figures f\u00e9minines et artistes contemporains analys\u00e9s.","og_url":"https:\/\/www.mobilier-design-occasion.fr\/magazine\/lart-du-mouvement-fige-exploration-de-la-sculpture-figurative-moderne\/","og_site_name":"Mobilier Design Magazine","article_publisher":"https:\/\/www.facebook.com\/mobilierdesignoccasion","article_published_time":"2026-02-20T22:00:48+00:00","og_image":[{"width":2048,"height":1365,"url":"https:\/\/www.mobilier-design-occasion.fr\/magazine\/wp-content\/uploads\/2026\/02\/a1dd0385ed0be6ae47d76f463635167a-scaled.jpg","type":"image\/jpeg"}],"author":"Vincent Vandegans","twitter_card":"summary_large_image","twitter_misc":{"\u00c9crit par":"Vincent Vandegans","Dur\u00e9e de lecture estim\u00e9e":"7 minutes"},"schema":{"@context":"https:\/\/schema.org","@graph":[{"@type":"Article","@id":"https:\/\/www.mobilier-design-occasion.fr\/magazine\/lart-du-mouvement-fige-exploration-de-la-sculpture-figurative-moderne\/#article","isPartOf":{"@id":"https:\/\/www.mobilier-design-occasion.fr\/magazine\/lart-du-mouvement-fige-exploration-de-la-sculpture-figurative-moderne\/"},"author":{"name":"Vincent Vandegans","@id":"https:\/\/www.mobilier-design-occasion.fr\/magazine\/#\/schema\/person\/af895bedc80bfb6b17730a672fddac9e"},"headline":"L\u2019art du mouvement fig\u00e9 : exploration de la sculpture figurative moderne","datePublished":"2026-02-20T22:00:48+00:00","mainEntityOfPage":{"@id":"https:\/\/www.mobilier-design-occasion.fr\/magazine\/lart-du-mouvement-fige-exploration-de-la-sculpture-figurative-moderne\/"},"wordCount":1505,"commentCount":0,"publisher":{"@id":"https:\/\/www.mobilier-design-occasion.fr\/magazine\/#organization"},"image":{"@id":"https:\/\/www.mobilier-design-occasion.fr\/magazine\/lart-du-mouvement-fige-exploration-de-la-sculpture-figurative-moderne\/#primaryimage"},"thumbnailUrl":"https:\/\/www.mobilier-design-occasion.fr\/magazine\/wp-content\/uploads\/2026\/02\/a1dd0385ed0be6ae47d76f463635167a-scaled.jpg","articleSection":["Uncategorized"],"inLanguage":"fr-FR","potentialAction":[{"@type":"CommentAction","name":"Comment","target":["https:\/\/www.mobilier-design-occasion.fr\/magazine\/lart-du-mouvement-fige-exploration-de-la-sculpture-figurative-moderne\/#respond"]}]},{"@type":"WebPage","@id":"https:\/\/www.mobilier-design-occasion.fr\/magazine\/lart-du-mouvement-fige-exploration-de-la-sculpture-figurative-moderne\/","url":"https:\/\/www.mobilier-design-occasion.fr\/magazine\/lart-du-mouvement-fige-exploration-de-la-sculpture-figurative-moderne\/","name":"L\u2019art du mouvement fig\u00e9 : sculpture figurative moderne","isPartOf":{"@id":"https:\/\/www.mobilier-design-occasion.fr\/magazine\/#website"},"primaryImageOfPage":{"@id":"https:\/\/www.mobilier-design-occasion.fr\/magazine\/lart-du-mouvement-fige-exploration-de-la-sculpture-figurative-moderne\/#primaryimage"},"image":{"@id":"https:\/\/www.mobilier-design-occasion.fr\/magazine\/lart-du-mouvement-fige-exploration-de-la-sculpture-figurative-moderne\/#primaryimage"},"thumbnailUrl":"https:\/\/www.mobilier-design-occasion.fr\/magazine\/wp-content\/uploads\/2026\/02\/a1dd0385ed0be6ae47d76f463635167a-scaled.jpg","datePublished":"2026-02-20T22:00:48+00:00","description":"D\u00e9couvrez la sculpture figurative moderne et son art de capturer le mouvement dans la mati\u00e8re. H\u00e9ritages, techniques, figures f\u00e9minines et artistes contemporains analys\u00e9s.","breadcrumb":{"@id":"https:\/\/www.mobilier-design-occasion.fr\/magazine\/lart-du-mouvement-fige-exploration-de-la-sculpture-figurative-moderne\/#breadcrumb"},"inLanguage":"fr-FR","potentialAction":[{"@type":"ReadAction","target":["https:\/\/www.mobilier-design-occasion.fr\/magazine\/lart-du-mouvement-fige-exploration-de-la-sculpture-figurative-moderne\/"]}]},{"@type":"ImageObject","inLanguage":"fr-FR","@id":"https:\/\/www.mobilier-design-occasion.fr\/magazine\/lart-du-mouvement-fige-exploration-de-la-sculpture-figurative-moderne\/#primaryimage","url":"https:\/\/www.mobilier-design-occasion.fr\/magazine\/wp-content\/uploads\/2026\/02\/a1dd0385ed0be6ae47d76f463635167a-scaled.jpg","contentUrl":"https:\/\/www.mobilier-design-occasion.fr\/magazine\/wp-content\/uploads\/2026\/02\/a1dd0385ed0be6ae47d76f463635167a-scaled.jpg","width":2048,"height":1365},{"@type":"BreadcrumbList","@id":"https:\/\/www.mobilier-design-occasion.fr\/magazine\/lart-du-mouvement-fige-exploration-de-la-sculpture-figurative-moderne\/#breadcrumb","itemListElement":[{"@type":"ListItem","position":1,"name":"Accueil","item":"https:\/\/www.mobilier-design-occasion.fr\/magazine\/"},{"@type":"ListItem","position":2,"name":"L\u2019art du mouvement fig\u00e9 : exploration de la sculpture figurative moderne"}]},{"@type":"WebSite","@id":"https:\/\/www.mobilier-design-occasion.fr\/magazine\/#website","url":"https:\/\/www.mobilier-design-occasion.fr\/magazine\/","name":"Mobilier Design Magazine","description":"","publisher":{"@id":"https:\/\/www.mobilier-design-occasion.fr\/magazine\/#organization"},"potentialAction":[{"@type":"SearchAction","target":{"@type":"EntryPoint","urlTemplate":"https:\/\/www.mobilier-design-occasion.fr\/magazine\/?s={search_term_string}"},"query-input":{"@type":"PropertyValueSpecification","valueRequired":true,"valueName":"search_term_string"}}],"inLanguage":"fr-FR"},{"@type":"Organization","@id":"https:\/\/www.mobilier-design-occasion.fr\/magazine\/#organization","name":"Mobilier Design Magazine","url":"https:\/\/www.mobilier-design-occasion.fr\/magazine\/","logo":{"@type":"ImageObject","inLanguage":"fr-FR","@id":"https:\/\/www.mobilier-design-occasion.fr\/magazine\/#\/schema\/logo\/image\/","url":"https:\/\/www.mobilier-design-occasion.fr\/magazine\/wp-content\/uploads\/2024\/02\/android-chrome-192x192-1.png","contentUrl":"https:\/\/www.mobilier-design-occasion.fr\/magazine\/wp-content\/uploads\/2024\/02\/android-chrome-192x192-1.png","width":192,"height":192,"caption":"Mobilier Design Magazine"},"image":{"@id":"https:\/\/www.mobilier-design-occasion.fr\/magazine\/#\/schema\/logo\/image\/"},"sameAs":["https:\/\/www.facebook.com\/mobilierdesignoccasion"]},{"@type":"Person","@id":"https:\/\/www.mobilier-design-occasion.fr\/magazine\/#\/schema\/person\/af895bedc80bfb6b17730a672fddac9e","name":"Vincent Vandegans","image":{"@type":"ImageObject","inLanguage":"fr-FR","@id":"https:\/\/secure.gravatar.com\/avatar\/b984800dabdf722d5e3f03f637c8932dea77d81118467d17ad2953e3b273ec66?s=96&d=mm&r=g","url":"https:\/\/secure.gravatar.com\/avatar\/b984800dabdf722d5e3f03f637c8932dea77d81118467d17ad2953e3b273ec66?s=96&d=mm&r=g","contentUrl":"https:\/\/secure.gravatar.com\/avatar\/b984800dabdf722d5e3f03f637c8932dea77d81118467d17ad2953e3b273ec66?s=96&d=mm&r=g","caption":"Vincent Vandegans"},"description":"Vincent est passionn\u00e9 par les produits d'occasion, il a ouvert le site MDO avec Cyrielle pour aider les gens \u00e0 trouver du mobilier d'occasion, vintage ou usag\u00e9. Depuis, ils ont \u00e9tendu leurs activit\u00e9s et conseillent tout le monde sur le mobilier d'int\u00e9rieur et d'ext\u00e9rieur au quotidien \u00e0 travers le magazine MDO.","url":"https:\/\/www.mobilier-design-occasion.fr\/magazine\/author\/vincent\/"}]}},"_links":{"self":[{"href":"https:\/\/www.mobilier-design-occasion.fr\/magazine\/wp-json\/wp\/v2\/posts\/8856","targetHints":{"allow":["GET"]}}],"collection":[{"href":"https:\/\/www.mobilier-design-occasion.fr\/magazine\/wp-json\/wp\/v2\/posts"}],"about":[{"href":"https:\/\/www.mobilier-design-occasion.fr\/magazine\/wp-json\/wp\/v2\/types\/post"}],"author":[{"embeddable":true,"href":"https:\/\/www.mobilier-design-occasion.fr\/magazine\/wp-json\/wp\/v2\/users\/2"}],"replies":[{"embeddable":true,"href":"https:\/\/www.mobilier-design-occasion.fr\/magazine\/wp-json\/wp\/v2\/comments?post=8856"}],"version-history":[{"count":1,"href":"https:\/\/www.mobilier-design-occasion.fr\/magazine\/wp-json\/wp\/v2\/posts\/8856\/revisions"}],"predecessor-version":[{"id":8857,"href":"https:\/\/www.mobilier-design-occasion.fr\/magazine\/wp-json\/wp\/v2\/posts\/8856\/revisions\/8857"}],"wp:featuredmedia":[{"embeddable":true,"href":"https:\/\/www.mobilier-design-occasion.fr\/magazine\/wp-json\/wp\/v2\/media\/8858"}],"wp:attachment":[{"href":"https:\/\/www.mobilier-design-occasion.fr\/magazine\/wp-json\/wp\/v2\/media?parent=8856"}],"wp:term":[{"taxonomy":"category","embeddable":true,"href":"https:\/\/www.mobilier-design-occasion.fr\/magazine\/wp-json\/wp\/v2\/categories?post=8856"},{"taxonomy":"post_tag","embeddable":true,"href":"https:\/\/www.mobilier-design-occasion.fr\/magazine\/wp-json\/wp\/v2\/tags?post=8856"}],"curies":[{"name":"wp","href":"https:\/\/api.w.org\/{rel}","templated":true}]}}