{"id":8777,"date":"2026-01-24T09:46:32","date_gmt":"2026-01-24T09:46:32","guid":{"rendered":"https:\/\/www.mobilier-design-occasion.fr\/magazine\/?p=8777"},"modified":"2026-01-24T09:46:33","modified_gmt":"2026-01-24T09:46:33","slug":"la-magie-du-noyer-de-larbre-a-la-splendeur-des-noix","status":"publish","type":"post","link":"https:\/\/www.mobilier-design-occasion.fr\/magazine\/la-magie-du-noyer-de-larbre-a-la-splendeur-des-noix\/","title":{"rendered":"La magie du noyer : de l&#8217;arbre \u00e0 la splendeur des noix"},"content":{"rendered":"\n<p>Si tu as d\u00e9j\u00e0 envisag\u00e9 de donner un coup de neuf \u00e0 ton <a href=\"https:\/\/www.mobilier-design-occasion.fr\/magazine\/envie-dun-interieur-chic-ikea-revele-comment-et-cest-surprenant\/\">int\u00e9rieur<\/a> avec une touche d&#8217;\u00e9l\u00e9gance naturelle, le <a href=\"https:\/\/www.mobilier-design-occasion.fr\/magazine\/avis-mathy-by-bols\/\">bois<\/a> de noyer est peut-\u00eatre exactement ce qu&#8217;il te faut. Les noyers ne produisent pas seulement de magnifiques noix, mais aussi l&#8217;un des bois les plus recherch\u00e9s dans le monde du <a href=\"https:\/\/www.mobilier-design-occasion.fr\/magazine\/table-tulipe-knoll-indemodable-du-design\/\">design<\/a>. Plongeons dans le monde fascinant du noyer et d\u00e9couvrons pourquoi ce bois est un choix si populaire pour les meubles et la d\u00e9coration int\u00e9rieure.<\/p>\n\n\n\n<h2 class=\"wp-block-heading\"><span class=\"ez-toc-section\" id=\"Le_voyage_du_noyer_de_larbre_au_bois\"><\/span>Le voyage du noyer : de l&#8217;arbre au bois<span class=\"ez-toc-section-end\"><\/span><\/h2><div id=\"ez-toc-container\" class=\"ez-toc-v2_0_82_2 counter-hierarchy ez-toc-counter ez-toc-grey ez-toc-container-direction\">\n<div class=\"ez-toc-title-container\">\n<span class=\"ez-toc-title-toggle\"><a href=\"#\" class=\"ez-toc-pull-right ez-toc-btn ez-toc-btn-xs ez-toc-btn-default ez-toc-toggle\" aria-label=\"Toggle Table of Content\"><span class=\"ez-toc-js-icon-con\"><span class=\"\"><span class=\"eztoc-hide\" style=\"display:none;\">Toggle<\/span><span class=\"ez-toc-icon-toggle-span\"><svg style=\"fill: #999;color:#999\" xmlns=\"http:\/\/www.w3.org\/2000\/svg\" class=\"list-377408\" width=\"20px\" height=\"20px\" viewBox=\"0 0 24 24\" fill=\"none\"><path d=\"M6 6H4v2h2V6zm14 0H8v2h12V6zM4 11h2v2H4v-2zm16 0H8v2h12v-2zM4 16h2v2H4v-2zm16 0H8v2h12v-2z\" fill=\"currentColor\"><\/path><\/svg><svg style=\"fill: #999;color:#999\" class=\"arrow-unsorted-368013\" xmlns=\"http:\/\/www.w3.org\/2000\/svg\" width=\"10px\" height=\"10px\" viewBox=\"0 0 24 24\" version=\"1.2\" baseProfile=\"tiny\"><path d=\"M18.2 9.3l-6.2-6.3-6.2 6.3c-.2.2-.3.4-.3.7s.1.5.3.7c.2.2.4.3.7.3h11c.3 0 .5-.1.7-.3.2-.2.3-.5.3-.7s-.1-.5-.3-.7zM5.8 14.7l6.2 6.3 6.2-6.3c.2-.2.3-.5.3-.7s-.1-.5-.3-.7c-.2-.2-.4-.3-.7-.3h-11c-.3 0-.5.1-.7.3-.2.2-.3.5-.3.7s.1.5.3.7z\"\/><\/svg><\/span><\/span><\/span><\/a><\/span><\/div>\n<nav><ul class='ez-toc-list ez-toc-list-level-1 eztoc-toggle-hide-by-default' ><li class='ez-toc-page-1 ez-toc-heading-level-2'><a class=\"ez-toc-link ez-toc-heading-1\" href=\"https:\/\/www.mobilier-design-occasion.fr\/magazine\/la-magie-du-noyer-de-larbre-a-la-splendeur-des-noix\/#Le_voyage_du_noyer_de_larbre_au_bois\" >Le voyage du noyer : de l&#8217;arbre au bois<\/a><ul class='ez-toc-list-level-3' ><li class='ez-toc-heading-level-3'><a class=\"ez-toc-link ez-toc-heading-2\" href=\"https:\/\/www.mobilier-design-occasion.fr\/magazine\/la-magie-du-noyer-de-larbre-a-la-splendeur-des-noix\/#La_culture_des_noyers\" >La culture des noyers<\/a><\/li><li class='ez-toc-page-1 ez-toc-heading-level-3'><a class=\"ez-toc-link ez-toc-heading-3\" href=\"https:\/\/www.mobilier-design-occasion.fr\/magazine\/la-magie-du-noyer-de-larbre-a-la-splendeur-des-noix\/#La_recolte_du_bois_de_noyer\" >La r\u00e9colte du bois de noyer<\/a><\/li><\/ul><\/li><li class='ez-toc-page-1 ez-toc-heading-level-2'><a class=\"ez-toc-link ez-toc-heading-4\" href=\"https:\/\/www.mobilier-design-occasion.fr\/magazine\/la-magie-du-noyer-de-larbre-a-la-splendeur-des-noix\/#La_valeur_esthetique_du_bois_de_noyer\" >La valeur esth\u00e9tique du bois de noyer<\/a><ul class='ez-toc-list-level-3' ><li class='ez-toc-heading-level-3'><a class=\"ez-toc-link ez-toc-heading-5\" href=\"https:\/\/www.mobilier-design-occasion.fr\/magazine\/la-magie-du-noyer-de-larbre-a-la-splendeur-des-noix\/#Applications_dans_les_meubles\" >Applications dans les meubles<\/a><\/li><li class='ez-toc-page-1 ez-toc-heading-level-3'><a class=\"ez-toc-link ez-toc-heading-6\" href=\"https:\/\/www.mobilier-design-occasion.fr\/magazine\/la-magie-du-noyer-de-larbre-a-la-splendeur-des-noix\/#Finitions_et_entretien\" >Finitions et entretien<\/a><\/li><\/ul><\/li><li class='ez-toc-page-1 ez-toc-heading-level-2'><a class=\"ez-toc-link ez-toc-heading-7\" href=\"https:\/\/www.mobilier-design-occasion.fr\/magazine\/la-magie-du-noyer-de-larbre-a-la-splendeur-des-noix\/#Durabilite_et_respect_de_lenvironnement\" >Durabilit\u00e9 et respect de l&#8217;environnement<\/a><ul class='ez-toc-list-level-3' ><li class='ez-toc-heading-level-3'><a class=\"ez-toc-link ez-toc-heading-8\" href=\"https:\/\/www.mobilier-design-occasion.fr\/magazine\/la-magie-du-noyer-de-larbre-a-la-splendeur-des-noix\/#Sylviculture_durable\" >Sylviculture durable<\/a><\/li><\/ul><\/li><li class='ez-toc-page-1 ez-toc-heading-level-2'><a class=\"ez-toc-link ez-toc-heading-9\" href=\"https:\/\/www.mobilier-design-occasion.fr\/magazine\/la-magie-du-noyer-de-larbre-a-la-splendeur-des-noix\/#Le_bois_de_noyer_dans_les_tendances_de_design_modernes\" >Le bois de noyer dans les tendances de design modernes<\/a><ul class='ez-toc-list-level-3' ><li class='ez-toc-heading-level-3'><a class=\"ez-toc-link ez-toc-heading-10\" href=\"https:\/\/www.mobilier-design-occasion.fr\/magazine\/la-magie-du-noyer-de-larbre-a-la-splendeur-des-noix\/#Design_biophilique\" >Design biophilique<\/a><\/li><li class='ez-toc-page-1 ez-toc-heading-level-3'><a class=\"ez-toc-link ez-toc-heading-11\" href=\"https:\/\/www.mobilier-design-occasion.fr\/magazine\/la-magie-du-noyer-de-larbre-a-la-splendeur-des-noix\/#Minimalisme\" >Minimalisme<\/a><\/li><li class='ez-toc-page-1 ez-toc-heading-level-3'><a class=\"ez-toc-link ez-toc-heading-12\" href=\"https:\/\/www.mobilier-design-occasion.fr\/magazine\/la-magie-du-noyer-de-larbre-a-la-splendeur-des-noix\/#Vintage_et_retro\" >Vintage et r\u00e9tro<\/a><\/li><\/ul><\/li><li class='ez-toc-page-1 ez-toc-heading-level-2'><a class=\"ez-toc-link ez-toc-heading-13\" href=\"https:\/\/www.mobilier-design-occasion.fr\/magazine\/la-magie-du-noyer-de-larbre-a-la-splendeur-des-noix\/#Conclusion\" >Conclusion<\/a><\/li><\/ul><\/nav><\/div>\n\n\n\n\n<p>Les noyers, connus pour leur allure majestueuse et leur r\u00e9colte abondante, sont bien plus que de simples arbres \u00e0 noix. Le bois de ces arbres, en particulier le Juglans regia (\u00e9galement appel\u00e9 noyer commun), est r\u00e9put\u00e9 pour sa durabilit\u00e9 et sa valeur esth\u00e9tique.<\/p>\n\n\n\n<h3 class=\"wp-block-heading\"><span class=\"ez-toc-section\" id=\"La_culture_des_noyers\"><\/span>La culture des noyers<span class=\"ez-toc-section-end\"><\/span><\/h3>\n\n\n\n<p><\/p>\n\n\n\n<figure class=\"wp-block-image size-large\"><img loading=\"lazy\" decoding=\"async\" width=\"1024\" height=\"324\" src=\"https:\/\/www.mobilier-design-occasion.fr\/magazine\/wp-content\/uploads\/2026\/01\/image-6-1024x324.png\" alt=\"\" class=\"wp-image-8779\" srcset=\"https:\/\/www.mobilier-design-occasion.fr\/magazine\/wp-content\/uploads\/2026\/01\/image-6-1024x324.png 1024w, https:\/\/www.mobilier-design-occasion.fr\/magazine\/wp-content\/uploads\/2026\/01\/image-6-300x95.png 300w, https:\/\/www.mobilier-design-occasion.fr\/magazine\/wp-content\/uploads\/2026\/01\/image-6-768x243.png 768w, https:\/\/www.mobilier-design-occasion.fr\/magazine\/wp-content\/uploads\/2026\/01\/image-6-1536x486.png 1536w, https:\/\/www.mobilier-design-occasion.fr\/magazine\/wp-content\/uploads\/2026\/01\/image-6-scaled.png 2048w, https:\/\/www.mobilier-design-occasion.fr\/magazine\/wp-content\/uploads\/2026\/01\/image-6-810x256.png 810w, https:\/\/www.mobilier-design-occasion.fr\/magazine\/wp-content\/uploads\/2026\/01\/image-6-1140x361.png 1140w\" sizes=\"auto, (max-width: 1024px) 100vw, 1024px\" \/><\/figure>\n\n\n\n<p>Tout commence par la culture des arbres. Les noyers ont besoin d&#8217;espace pour pousser et prosp\u00e8rent mieux dans un climat temp\u00e9r\u00e9. Ils peuvent devenir assez grands, ce qui signifie qu&#8217;ils ont besoin de beaucoup de soleil et d&#8217;eau pour atteindre leur plein potentiel. Si tu es int\u00e9ress\u00e9 par la culture de ton propre noyer, tu peux trouver plus d&#8217;informations sur <a href=\"https:\/\/www.denootsaeck.com\/fr\/noyers-juglans\/\">Noyer<\/a>.<\/p>\n\n\n\n<h3 class=\"wp-block-heading\"><span class=\"ez-toc-section\" id=\"La_recolte_du_bois_de_noyer\"><\/span>La r\u00e9colte du bois de noyer<span class=\"ez-toc-section-end\"><\/span><\/h3>\n\n\n\n<p>La r\u00e9colte du bois de noyer est un processus minutieux. Les arbres sont g\u00e9n\u00e9ralement abattus lorsqu&#8217;ils ont entre 30 et 50 ans, moment o\u00f9 le bois atteint sa densit\u00e9 et sa <a href=\"https:\/\/www.mobilier-design-occasion.fr\/magazine\/les-tendances-mobilier-et-decoration-pour-2025-quel-style-adopter-pour-votre-maison\/\">couleur<\/a> maximales. Le bois est ensuite s\u00e9ch\u00e9, ce qui est essentiel pour garantir sa qualit\u00e9 et sa durabilit\u00e9. Ce processus peut durer plusieurs mois, en fonction de l&#8217;\u00e9paisseur du bois et des conditions environnementales.<\/p>\n\n\n\n<h2 class=\"wp-block-heading\"><span class=\"ez-toc-section\" id=\"La_valeur_esthetique_du_bois_de_noyer\"><\/span>La valeur esth\u00e9tique du bois de noyer<span class=\"ez-toc-section-end\"><\/span><\/h2>\n\n\n\n<p>L&#8217;une des raisons pour lesquelles le bois de noyer est si appr\u00e9ci\u00e9 dans le monde du design est sa valeur esth\u00e9tique. Le bois a une couleur riche et sombre qui varie du brun clair au brun chocolat profond, souvent avec de magnifiques motifs de grain qui rendent chaque pi\u00e8ce unique.<\/p>\n\n\n\n<h3 class=\"wp-block-heading\"><span class=\"ez-toc-section\" id=\"Applications_dans_les_meubles\"><\/span>Applications dans les meubles<span class=\"ez-toc-section-end\"><\/span><\/h3>\n\n\n\n<p>Le bois de noyer est souvent utilis\u00e9 pour des meubles haut de gamme tels que des tables, des armoires et des chaises. La beaut\u00e9 naturelle du bois en fait un excellent choix pour des designs \u00e0 la fois classiques et modernes. Que tu veuilles une <a href=\"https:\/\/www.mobilier-design-occasion.fr\/magazine\/devoilez-le-secret-de-lelegance-dans-votre-espace-de-travail\/\">table<\/a> minimaliste et \u00e9l\u00e9gante ou une commode <a href=\"https:\/\/www.mobilier-design-occasion.fr\/magazine\/lodyssee-lumineuse-lheritage-industriel-revisite\/\">vintage<\/a>, le bois de noyer s&#8217;adapte \u00e0 tout.<\/p>\n\n\n\n<h3 class=\"wp-block-heading\"><span class=\"ez-toc-section\" id=\"Finitions_et_entretien\"><\/span>Finitions et entretien<span class=\"ez-toc-section-end\"><\/span><\/h3>\n\n\n\n<p>La finition du bois de noyer peut se faire de diff\u00e9rentes mani\u00e8res, selon l&#8217;apparence souhait\u00e9e. Une simple finition \u00e0 l&#8217;huile ou \u00e0 la cire peut mettre en valeur la beaut\u00e9 naturelle du bois, tandis qu&#8217;une finition laqu\u00e9e offre une meilleure protection contre l&#8217;usure. L&#8217;entretien des meubles en bois de noyer est relativement simple ; un d\u00e9poussi\u00e9rage r\u00e9gulier et l&#8217;application occasionnelle d&#8217;une nouvelle couche d&#8217;huile ou de cire suffisent g\u00e9n\u00e9ralement \u00e0 garder le bois en parfait \u00e9tat.<\/p>\n\n\n\n<figure class=\"wp-block-image size-large\"><img loading=\"lazy\" decoding=\"async\" width=\"1024\" height=\"323\" src=\"https:\/\/www.mobilier-design-occasion.fr\/magazine\/wp-content\/uploads\/2026\/01\/image-7-1024x323.png\" alt=\"\" class=\"wp-image-8780\" srcset=\"https:\/\/www.mobilier-design-occasion.fr\/magazine\/wp-content\/uploads\/2026\/01\/image-7-1024x323.png 1024w, https:\/\/www.mobilier-design-occasion.fr\/magazine\/wp-content\/uploads\/2026\/01\/image-7-300x95.png 300w, https:\/\/www.mobilier-design-occasion.fr\/magazine\/wp-content\/uploads\/2026\/01\/image-7-768x242.png 768w, https:\/\/www.mobilier-design-occasion.fr\/magazine\/wp-content\/uploads\/2026\/01\/image-7-1536x484.png 1536w, https:\/\/www.mobilier-design-occasion.fr\/magazine\/wp-content\/uploads\/2026\/01\/image-7-scaled.png 2048w, https:\/\/www.mobilier-design-occasion.fr\/magazine\/wp-content\/uploads\/2026\/01\/image-7-810x255.png 810w, https:\/\/www.mobilier-design-occasion.fr\/magazine\/wp-content\/uploads\/2026\/01\/image-7-1140x359.png 1140w\" sizes=\"auto, (max-width: 1024px) 100vw, 1024px\" \/><\/figure>\n\n\n\n<h2 class=\"wp-block-heading\"><span class=\"ez-toc-section\" id=\"Durabilite_et_respect_de_lenvironnement\"><\/span>Durabilit\u00e9 et respect de l&#8217;environnement<span class=\"ez-toc-section-end\"><\/span><\/h2>\n\n\n\n<p>\u00c0 une \u00e9poque o\u00f9 la durabilit\u00e9 devient de plus en plus importante, le bois de noyer est un excellent choix. C&#8217;est un bois dur qui dure longtemps, ce qui signifie que les meubles en bois de noyer peuvent durer des g\u00e9n\u00e9rations. De plus, les noyers poussent relativement rapidement par rapport \u00e0 d&#8217;autres bois durs, ce qui contribue \u00e0 leur durabilit\u00e9.<\/p>\n\n\n\n<h3 class=\"wp-block-heading\"><span class=\"ez-toc-section\" id=\"Sylviculture_durable\"><\/span>Sylviculture durable<span class=\"ez-toc-section-end\"><\/span><\/h3>\n\n\n\n<p>De nombreux cultivateurs de noyers s&#8217;engagent dans des pratiques de sylviculture durable. Cela signifie qu&#8217;ils plantent de nouveaux arbres pour remplacer ceux qui sont abattus, ce qui aide \u00e0 maintenir l&#8217;\u00e9quilibre \u00e9cologique. En choisissant du bois de noyer provenant de sources durables, tu contribues \u00e0 la pr\u00e9servation de nos for\u00eats et de l&#8217;environnement.<\/p>\n\n\n\n<h2 class=\"wp-block-heading\"><span class=\"ez-toc-section\" id=\"Le_bois_de_noyer_dans_les_tendances_de_design_modernes\"><\/span>Le bois de noyer dans les tendances de design modernes<span class=\"ez-toc-section-end\"><\/span><\/h2>\n\n\n\n<p>Le bois de noyer s&#8217;int\u00e8gre parfaitement dans diverses tendances de design modernes, du design biophilique au <a href=\"https:\/\/www.mobilier-design-occasion.fr\/magazine\/le-petit-lexique-du-mobilier-design\/\">minimalisme<\/a> en passant par les styles vintage.<\/p>\n\n\n\n<h3 class=\"wp-block-heading\"><span class=\"ez-toc-section\" id=\"Design_biophilique\"><\/span>Design biophilique<span class=\"ez-toc-section-end\"><\/span><\/h3>\n\n\n\n<p>Le design biophilique est une <a href=\"https:\/\/www.mobilier-design-occasion.fr\/magazine\/5-marques-de-design-intemporel-que-vous-devez-absolument-connaitre\/\">tendance<\/a> qui apporte la nature \u00e0 l&#8217;int\u00e9rieur, et le bois de noyer est parfait pour cela. Le mat\u00e9riau naturel cr\u00e9e une atmosph\u00e8re chaleureuse et accueillante et aide \u00e0 \u00e9tablir une connexion avec la nature, m\u00eame \u00e0 l&#8217;int\u00e9rieur.<\/p>\n\n\n\n<h3 class=\"wp-block-heading\"><span class=\"ez-toc-section\" id=\"Minimalisme\"><\/span>Minimalisme<span class=\"ez-toc-section-end\"><\/span><\/h3>\n\n\n\n<p>\u00c0 une \u00e9poque o\u00f9 le minimalisme est en plein essor, le bois de noyer offre le parfait \u00e9quilibre entre simplicit\u00e9 et luxe. Les lignes \u00e9pur\u00e9es et la couleur riche du bois en font un choix id\u00e9al pour les designs minimalistes. Une simple mais \u00e9l\u00e9gante table en bois de noyer peut transformer compl\u00e8tement une pi\u00e8ce sans la dominer.<\/p>\n\n\n\n<h3 class=\"wp-block-heading\"><span class=\"ez-toc-section\" id=\"Vintage_et_retro\"><\/span>Vintage et r\u00e9tro<span class=\"ez-toc-section-end\"><\/span><\/h3>\n\n\n\n<p>Si tu es fan des styles vintage et r\u00e9tro, le bois de noyer est un excellent choix. Le bois \u00e9tait beaucoup utilis\u00e9 dans les ann\u00e9es 50 et 60 et s&#8217;accorde parfaitement avec les meubles de cette \u00e9poque. Une <a href=\"https:\/\/www.mobilier-design-occasion.fr\/magazine\/lart-de-laccueil-entre-bar-et-comptoir\/\">armoire<\/a> en bois de noyer r\u00e9tro ou une table \u00e0 manger vintage peut \u00eatre un v\u00e9ritable point fort dans ton int\u00e9rieur.<\/p>\n\n\n\n<h2 class=\"wp-block-heading\"><span class=\"ez-toc-section\" id=\"Conclusion\"><\/span>Conclusion<span class=\"ez-toc-section-end\"><\/span><\/h2>\n\n\n\n<p>Le bois de noyer est un mat\u00e9riau polyvalent et intemporel qui s&#8217;adapte \u00e0 tous les int\u00e9rieurs. Que tu optes pour un choix durable, un design biophilique, un look vintage ou un <a href=\"https:\/\/www.mobilier-design-occasion.fr\/magazine\/mobilier-vintage-les-styles-les-plus-prises\/\">style<\/a> minimaliste, le bois de noyer offre tout cela. Donc, si tu cherches un moyen d&#8217;\u00e9lever ton int\u00e9rieur \u00e0 un niveau sup\u00e9rieur, consid\u00e8re certainement la beaut\u00e9 et la qualit\u00e9 du bois de noyer.<\/p>\n","protected":false},"excerpt":{"rendered":"<p>Si tu as d\u00e9j\u00e0 envisag\u00e9 de donner un coup de neuf \u00e0 ton int\u00e9rieur avec une touche d&#8217;\u00e9l\u00e9gance naturelle, le bois de noyer est peut-\u00eatre exactement ce qu&#8217;il te faut. Les noyers ne produisent pas seulement de magnifiques noix, mais aussi l&#8217;un des bois les plus recherch\u00e9s dans le monde du design. Plongeons dans le [&hellip;]<\/p>\n","protected":false},"author":2,"featured_media":8778,"comment_status":"open","ping_status":"open","sticky":false,"template":"","format":"standard","meta":{"footnotes":""},"categories":[124],"tags":[],"class_list":["post-8777","post","type-post","status-publish","format-standard","has-post-thumbnail","hentry","category-exterieur"],"yoast_head":"<!-- This site is optimized with the Yoast SEO plugin v27.5 - https:\/\/yoast.com\/product\/yoast-seo-wordpress\/ -->\n<title>La magie du noyer : de l&#039;arbre \u00e0 la splendeur des noix - Mobilier Design Magazine<\/title>\n<meta name=\"robots\" content=\"index, follow, max-snippet:-1, max-image-preview:large, max-video-preview:-1\" \/>\n<link rel=\"canonical\" href=\"https:\/\/www.mobilier-design-occasion.fr\/magazine\/la-magie-du-noyer-de-larbre-a-la-splendeur-des-noix\/\" \/>\n<meta property=\"og:locale\" content=\"fr_FR\" \/>\n<meta property=\"og:type\" content=\"article\" \/>\n<meta property=\"og:title\" content=\"La magie du noyer : de l&#039;arbre \u00e0 la splendeur des noix - Mobilier Design Magazine\" \/>\n<meta property=\"og:description\" content=\"Si tu as d\u00e9j\u00e0 envisag\u00e9 de donner un coup de neuf \u00e0 ton int\u00e9rieur avec une touche d&#8217;\u00e9l\u00e9gance naturelle, le bois de noyer est peut-\u00eatre exactement ce qu&#8217;il te faut. Les noyers ne produisent pas seulement de magnifiques noix, mais aussi l&#8217;un des bois les plus recherch\u00e9s dans le monde du design. Plongeons dans le [&hellip;]\" \/>\n<meta property=\"og:url\" content=\"https:\/\/www.mobilier-design-occasion.fr\/magazine\/la-magie-du-noyer-de-larbre-a-la-splendeur-des-noix\/\" \/>\n<meta property=\"og:site_name\" content=\"Mobilier Design Magazine\" \/>\n<meta property=\"article:publisher\" content=\"https:\/\/www.facebook.com\/mobilierdesignoccasion\" \/>\n<meta property=\"article:published_time\" content=\"2026-01-24T09:46:32+00:00\" \/>\n<meta property=\"article:modified_time\" content=\"2026-01-24T09:46:33+00:00\" \/>\n<meta property=\"og:image\" content=\"https:\/\/www.mobilier-design-occasion.fr\/magazine\/wp-content\/uploads\/2026\/01\/pexels-imadclicks-31296181-scaled.jpg\" \/>\n\t<meta property=\"og:image:width\" content=\"1536\" \/>\n\t<meta property=\"og:image:height\" content=\"2048\" \/>\n\t<meta property=\"og:image:type\" content=\"image\/jpeg\" \/>\n<meta name=\"author\" content=\"Vincent Vandegans\" \/>\n<meta name=\"twitter:card\" content=\"summary_large_image\" \/>\n<meta name=\"twitter:label1\" content=\"\u00c9crit par\" \/>\n\t<meta name=\"twitter:data1\" content=\"Vincent Vandegans\" \/>\n\t<meta name=\"twitter:label2\" content=\"Dur\u00e9e de lecture estim\u00e9e\" \/>\n\t<meta name=\"twitter:data2\" content=\"5 minutes\" \/>\n<script type=\"application\/ld+json\" class=\"yoast-schema-graph\">{\"@context\":\"https:\\\/\\\/schema.org\",\"@graph\":[{\"@type\":\"Article\",\"@id\":\"https:\\\/\\\/www.mobilier-design-occasion.fr\\\/magazine\\\/la-magie-du-noyer-de-larbre-a-la-splendeur-des-noix\\\/#article\",\"isPartOf\":{\"@id\":\"https:\\\/\\\/www.mobilier-design-occasion.fr\\\/magazine\\\/la-magie-du-noyer-de-larbre-a-la-splendeur-des-noix\\\/\"},\"author\":{\"name\":\"Vincent Vandegans\",\"@id\":\"https:\\\/\\\/www.mobilier-design-occasion.fr\\\/magazine\\\/#\\\/schema\\\/person\\\/af895bedc80bfb6b17730a672fddac9e\"},\"headline\":\"La magie du noyer : de l&#8217;arbre \u00e0 la splendeur des noix\",\"datePublished\":\"2026-01-24T09:46:32+00:00\",\"dateModified\":\"2026-01-24T09:46:33+00:00\",\"mainEntityOfPage\":{\"@id\":\"https:\\\/\\\/www.mobilier-design-occasion.fr\\\/magazine\\\/la-magie-du-noyer-de-larbre-a-la-splendeur-des-noix\\\/\"},\"wordCount\":925,\"commentCount\":0,\"publisher\":{\"@id\":\"https:\\\/\\\/www.mobilier-design-occasion.fr\\\/magazine\\\/#organization\"},\"image\":{\"@id\":\"https:\\\/\\\/www.mobilier-design-occasion.fr\\\/magazine\\\/la-magie-du-noyer-de-larbre-a-la-splendeur-des-noix\\\/#primaryimage\"},\"thumbnailUrl\":\"https:\\\/\\\/www.mobilier-design-occasion.fr\\\/magazine\\\/wp-content\\\/uploads\\\/2026\\\/01\\\/pexels-imadclicks-31296181-scaled.jpg\",\"articleSection\":[\"Ext\u00e9rieur\"],\"inLanguage\":\"fr-FR\",\"potentialAction\":[{\"@type\":\"CommentAction\",\"name\":\"Comment\",\"target\":[\"https:\\\/\\\/www.mobilier-design-occasion.fr\\\/magazine\\\/la-magie-du-noyer-de-larbre-a-la-splendeur-des-noix\\\/#respond\"]}]},{\"@type\":\"WebPage\",\"@id\":\"https:\\\/\\\/www.mobilier-design-occasion.fr\\\/magazine\\\/la-magie-du-noyer-de-larbre-a-la-splendeur-des-noix\\\/\",\"url\":\"https:\\\/\\\/www.mobilier-design-occasion.fr\\\/magazine\\\/la-magie-du-noyer-de-larbre-a-la-splendeur-des-noix\\\/\",\"name\":\"La magie du noyer : de l'arbre \u00e0 la splendeur des noix - Mobilier Design Magazine\",\"isPartOf\":{\"@id\":\"https:\\\/\\\/www.mobilier-design-occasion.fr\\\/magazine\\\/#website\"},\"primaryImageOfPage\":{\"@id\":\"https:\\\/\\\/www.mobilier-design-occasion.fr\\\/magazine\\\/la-magie-du-noyer-de-larbre-a-la-splendeur-des-noix\\\/#primaryimage\"},\"image\":{\"@id\":\"https:\\\/\\\/www.mobilier-design-occasion.fr\\\/magazine\\\/la-magie-du-noyer-de-larbre-a-la-splendeur-des-noix\\\/#primaryimage\"},\"thumbnailUrl\":\"https:\\\/\\\/www.mobilier-design-occasion.fr\\\/magazine\\\/wp-content\\\/uploads\\\/2026\\\/01\\\/pexels-imadclicks-31296181-scaled.jpg\",\"datePublished\":\"2026-01-24T09:46:32+00:00\",\"dateModified\":\"2026-01-24T09:46:33+00:00\",\"breadcrumb\":{\"@id\":\"https:\\\/\\\/www.mobilier-design-occasion.fr\\\/magazine\\\/la-magie-du-noyer-de-larbre-a-la-splendeur-des-noix\\\/#breadcrumb\"},\"inLanguage\":\"fr-FR\",\"potentialAction\":[{\"@type\":\"ReadAction\",\"target\":[\"https:\\\/\\\/www.mobilier-design-occasion.fr\\\/magazine\\\/la-magie-du-noyer-de-larbre-a-la-splendeur-des-noix\\\/\"]}]},{\"@type\":\"ImageObject\",\"inLanguage\":\"fr-FR\",\"@id\":\"https:\\\/\\\/www.mobilier-design-occasion.fr\\\/magazine\\\/la-magie-du-noyer-de-larbre-a-la-splendeur-des-noix\\\/#primaryimage\",\"url\":\"https:\\\/\\\/www.mobilier-design-occasion.fr\\\/magazine\\\/wp-content\\\/uploads\\\/2026\\\/01\\\/pexels-imadclicks-31296181-scaled.jpg\",\"contentUrl\":\"https:\\\/\\\/www.mobilier-design-occasion.fr\\\/magazine\\\/wp-content\\\/uploads\\\/2026\\\/01\\\/pexels-imadclicks-31296181-scaled.jpg\",\"width\":1536,\"height\":2048},{\"@type\":\"BreadcrumbList\",\"@id\":\"https:\\\/\\\/www.mobilier-design-occasion.fr\\\/magazine\\\/la-magie-du-noyer-de-larbre-a-la-splendeur-des-noix\\\/#breadcrumb\",\"itemListElement\":[{\"@type\":\"ListItem\",\"position\":1,\"name\":\"Accueil\",\"item\":\"https:\\\/\\\/www.mobilier-design-occasion.fr\\\/magazine\\\/\"},{\"@type\":\"ListItem\",\"position\":2,\"name\":\"La magie du noyer : de l&#8217;arbre \u00e0 la splendeur des noix\"}]},{\"@type\":\"WebSite\",\"@id\":\"https:\\\/\\\/www.mobilier-design-occasion.fr\\\/magazine\\\/#website\",\"url\":\"https:\\\/\\\/www.mobilier-design-occasion.fr\\\/magazine\\\/\",\"name\":\"Mobilier Design Magazine\",\"description\":\"\",\"publisher\":{\"@id\":\"https:\\\/\\\/www.mobilier-design-occasion.fr\\\/magazine\\\/#organization\"},\"potentialAction\":[{\"@type\":\"SearchAction\",\"target\":{\"@type\":\"EntryPoint\",\"urlTemplate\":\"https:\\\/\\\/www.mobilier-design-occasion.fr\\\/magazine\\\/?s={search_term_string}\"},\"query-input\":{\"@type\":\"PropertyValueSpecification\",\"valueRequired\":true,\"valueName\":\"search_term_string\"}}],\"inLanguage\":\"fr-FR\"},{\"@type\":\"Organization\",\"@id\":\"https:\\\/\\\/www.mobilier-design-occasion.fr\\\/magazine\\\/#organization\",\"name\":\"Mobilier Design Magazine\",\"url\":\"https:\\\/\\\/www.mobilier-design-occasion.fr\\\/magazine\\\/\",\"logo\":{\"@type\":\"ImageObject\",\"inLanguage\":\"fr-FR\",\"@id\":\"https:\\\/\\\/www.mobilier-design-occasion.fr\\\/magazine\\\/#\\\/schema\\\/logo\\\/image\\\/\",\"url\":\"https:\\\/\\\/www.mobilier-design-occasion.fr\\\/magazine\\\/wp-content\\\/uploads\\\/2024\\\/02\\\/android-chrome-192x192-1.png\",\"contentUrl\":\"https:\\\/\\\/www.mobilier-design-occasion.fr\\\/magazine\\\/wp-content\\\/uploads\\\/2024\\\/02\\\/android-chrome-192x192-1.png\",\"width\":192,\"height\":192,\"caption\":\"Mobilier Design Magazine\"},\"image\":{\"@id\":\"https:\\\/\\\/www.mobilier-design-occasion.fr\\\/magazine\\\/#\\\/schema\\\/logo\\\/image\\\/\"},\"sameAs\":[\"https:\\\/\\\/www.facebook.com\\\/mobilierdesignoccasion\"]},{\"@type\":\"Person\",\"@id\":\"https:\\\/\\\/www.mobilier-design-occasion.fr\\\/magazine\\\/#\\\/schema\\\/person\\\/af895bedc80bfb6b17730a672fddac9e\",\"name\":\"Vincent Vandegans\",\"image\":{\"@type\":\"ImageObject\",\"inLanguage\":\"fr-FR\",\"@id\":\"https:\\\/\\\/secure.gravatar.com\\\/avatar\\\/b984800dabdf722d5e3f03f637c8932dea77d81118467d17ad2953e3b273ec66?s=96&d=mm&r=g\",\"url\":\"https:\\\/\\\/secure.gravatar.com\\\/avatar\\\/b984800dabdf722d5e3f03f637c8932dea77d81118467d17ad2953e3b273ec66?s=96&d=mm&r=g\",\"contentUrl\":\"https:\\\/\\\/secure.gravatar.com\\\/avatar\\\/b984800dabdf722d5e3f03f637c8932dea77d81118467d17ad2953e3b273ec66?s=96&d=mm&r=g\",\"caption\":\"Vincent Vandegans\"},\"description\":\"Vincent est passionn\u00e9 par les produits d'occasion, il a ouvert le site MDO avec Cyrielle pour aider les gens \u00e0 trouver du mobilier d'occasion, vintage ou usag\u00e9. Depuis, ils ont \u00e9tendu leurs activit\u00e9s et conseillent tout le monde sur le mobilier d'int\u00e9rieur et d'ext\u00e9rieur au quotidien \u00e0 travers le magazine MDO.\",\"url\":\"https:\\\/\\\/www.mobilier-design-occasion.fr\\\/magazine\\\/author\\\/vincent\\\/\"}]}<\/script>\n<!-- \/ Yoast SEO plugin. -->","yoast_head_json":{"title":"La magie du noyer : de l'arbre \u00e0 la splendeur des noix - Mobilier Design Magazine","robots":{"index":"index","follow":"follow","max-snippet":"max-snippet:-1","max-image-preview":"max-image-preview:large","max-video-preview":"max-video-preview:-1"},"canonical":"https:\/\/www.mobilier-design-occasion.fr\/magazine\/la-magie-du-noyer-de-larbre-a-la-splendeur-des-noix\/","og_locale":"fr_FR","og_type":"article","og_title":"La magie du noyer : de l'arbre \u00e0 la splendeur des noix - Mobilier Design Magazine","og_description":"Si tu as d\u00e9j\u00e0 envisag\u00e9 de donner un coup de neuf \u00e0 ton int\u00e9rieur avec une touche d&#8217;\u00e9l\u00e9gance naturelle, le bois de noyer est peut-\u00eatre exactement ce qu&#8217;il te faut. Les noyers ne produisent pas seulement de magnifiques noix, mais aussi l&#8217;un des bois les plus recherch\u00e9s dans le monde du design. Plongeons dans le [&hellip;]","og_url":"https:\/\/www.mobilier-design-occasion.fr\/magazine\/la-magie-du-noyer-de-larbre-a-la-splendeur-des-noix\/","og_site_name":"Mobilier Design Magazine","article_publisher":"https:\/\/www.facebook.com\/mobilierdesignoccasion","article_published_time":"2026-01-24T09:46:32+00:00","article_modified_time":"2026-01-24T09:46:33+00:00","og_image":[{"width":1536,"height":2048,"url":"https:\/\/www.mobilier-design-occasion.fr\/magazine\/wp-content\/uploads\/2026\/01\/pexels-imadclicks-31296181-scaled.jpg","type":"image\/jpeg"}],"author":"Vincent Vandegans","twitter_card":"summary_large_image","twitter_misc":{"\u00c9crit par":"Vincent Vandegans","Dur\u00e9e de lecture estim\u00e9e":"5 minutes"},"schema":{"@context":"https:\/\/schema.org","@graph":[{"@type":"Article","@id":"https:\/\/www.mobilier-design-occasion.fr\/magazine\/la-magie-du-noyer-de-larbre-a-la-splendeur-des-noix\/#article","isPartOf":{"@id":"https:\/\/www.mobilier-design-occasion.fr\/magazine\/la-magie-du-noyer-de-larbre-a-la-splendeur-des-noix\/"},"author":{"name":"Vincent Vandegans","@id":"https:\/\/www.mobilier-design-occasion.fr\/magazine\/#\/schema\/person\/af895bedc80bfb6b17730a672fddac9e"},"headline":"La magie du noyer : de l&#8217;arbre \u00e0 la splendeur des noix","datePublished":"2026-01-24T09:46:32+00:00","dateModified":"2026-01-24T09:46:33+00:00","mainEntityOfPage":{"@id":"https:\/\/www.mobilier-design-occasion.fr\/magazine\/la-magie-du-noyer-de-larbre-a-la-splendeur-des-noix\/"},"wordCount":925,"commentCount":0,"publisher":{"@id":"https:\/\/www.mobilier-design-occasion.fr\/magazine\/#organization"},"image":{"@id":"https:\/\/www.mobilier-design-occasion.fr\/magazine\/la-magie-du-noyer-de-larbre-a-la-splendeur-des-noix\/#primaryimage"},"thumbnailUrl":"https:\/\/www.mobilier-design-occasion.fr\/magazine\/wp-content\/uploads\/2026\/01\/pexels-imadclicks-31296181-scaled.jpg","articleSection":["Ext\u00e9rieur"],"inLanguage":"fr-FR","potentialAction":[{"@type":"CommentAction","name":"Comment","target":["https:\/\/www.mobilier-design-occasion.fr\/magazine\/la-magie-du-noyer-de-larbre-a-la-splendeur-des-noix\/#respond"]}]},{"@type":"WebPage","@id":"https:\/\/www.mobilier-design-occasion.fr\/magazine\/la-magie-du-noyer-de-larbre-a-la-splendeur-des-noix\/","url":"https:\/\/www.mobilier-design-occasion.fr\/magazine\/la-magie-du-noyer-de-larbre-a-la-splendeur-des-noix\/","name":"La magie du noyer : de l'arbre \u00e0 la splendeur des noix - Mobilier Design Magazine","isPartOf":{"@id":"https:\/\/www.mobilier-design-occasion.fr\/magazine\/#website"},"primaryImageOfPage":{"@id":"https:\/\/www.mobilier-design-occasion.fr\/magazine\/la-magie-du-noyer-de-larbre-a-la-splendeur-des-noix\/#primaryimage"},"image":{"@id":"https:\/\/www.mobilier-design-occasion.fr\/magazine\/la-magie-du-noyer-de-larbre-a-la-splendeur-des-noix\/#primaryimage"},"thumbnailUrl":"https:\/\/www.mobilier-design-occasion.fr\/magazine\/wp-content\/uploads\/2026\/01\/pexels-imadclicks-31296181-scaled.jpg","datePublished":"2026-01-24T09:46:32+00:00","dateModified":"2026-01-24T09:46:33+00:00","breadcrumb":{"@id":"https:\/\/www.mobilier-design-occasion.fr\/magazine\/la-magie-du-noyer-de-larbre-a-la-splendeur-des-noix\/#breadcrumb"},"inLanguage":"fr-FR","potentialAction":[{"@type":"ReadAction","target":["https:\/\/www.mobilier-design-occasion.fr\/magazine\/la-magie-du-noyer-de-larbre-a-la-splendeur-des-noix\/"]}]},{"@type":"ImageObject","inLanguage":"fr-FR","@id":"https:\/\/www.mobilier-design-occasion.fr\/magazine\/la-magie-du-noyer-de-larbre-a-la-splendeur-des-noix\/#primaryimage","url":"https:\/\/www.mobilier-design-occasion.fr\/magazine\/wp-content\/uploads\/2026\/01\/pexels-imadclicks-31296181-scaled.jpg","contentUrl":"https:\/\/www.mobilier-design-occasion.fr\/magazine\/wp-content\/uploads\/2026\/01\/pexels-imadclicks-31296181-scaled.jpg","width":1536,"height":2048},{"@type":"BreadcrumbList","@id":"https:\/\/www.mobilier-design-occasion.fr\/magazine\/la-magie-du-noyer-de-larbre-a-la-splendeur-des-noix\/#breadcrumb","itemListElement":[{"@type":"ListItem","position":1,"name":"Accueil","item":"https:\/\/www.mobilier-design-occasion.fr\/magazine\/"},{"@type":"ListItem","position":2,"name":"La magie du noyer : de l&#8217;arbre \u00e0 la splendeur des noix"}]},{"@type":"WebSite","@id":"https:\/\/www.mobilier-design-occasion.fr\/magazine\/#website","url":"https:\/\/www.mobilier-design-occasion.fr\/magazine\/","name":"Mobilier Design Magazine","description":"","publisher":{"@id":"https:\/\/www.mobilier-design-occasion.fr\/magazine\/#organization"},"potentialAction":[{"@type":"SearchAction","target":{"@type":"EntryPoint","urlTemplate":"https:\/\/www.mobilier-design-occasion.fr\/magazine\/?s={search_term_string}"},"query-input":{"@type":"PropertyValueSpecification","valueRequired":true,"valueName":"search_term_string"}}],"inLanguage":"fr-FR"},{"@type":"Organization","@id":"https:\/\/www.mobilier-design-occasion.fr\/magazine\/#organization","name":"Mobilier Design Magazine","url":"https:\/\/www.mobilier-design-occasion.fr\/magazine\/","logo":{"@type":"ImageObject","inLanguage":"fr-FR","@id":"https:\/\/www.mobilier-design-occasion.fr\/magazine\/#\/schema\/logo\/image\/","url":"https:\/\/www.mobilier-design-occasion.fr\/magazine\/wp-content\/uploads\/2024\/02\/android-chrome-192x192-1.png","contentUrl":"https:\/\/www.mobilier-design-occasion.fr\/magazine\/wp-content\/uploads\/2024\/02\/android-chrome-192x192-1.png","width":192,"height":192,"caption":"Mobilier Design Magazine"},"image":{"@id":"https:\/\/www.mobilier-design-occasion.fr\/magazine\/#\/schema\/logo\/image\/"},"sameAs":["https:\/\/www.facebook.com\/mobilierdesignoccasion"]},{"@type":"Person","@id":"https:\/\/www.mobilier-design-occasion.fr\/magazine\/#\/schema\/person\/af895bedc80bfb6b17730a672fddac9e","name":"Vincent Vandegans","image":{"@type":"ImageObject","inLanguage":"fr-FR","@id":"https:\/\/secure.gravatar.com\/avatar\/b984800dabdf722d5e3f03f637c8932dea77d81118467d17ad2953e3b273ec66?s=96&d=mm&r=g","url":"https:\/\/secure.gravatar.com\/avatar\/b984800dabdf722d5e3f03f637c8932dea77d81118467d17ad2953e3b273ec66?s=96&d=mm&r=g","contentUrl":"https:\/\/secure.gravatar.com\/avatar\/b984800dabdf722d5e3f03f637c8932dea77d81118467d17ad2953e3b273ec66?s=96&d=mm&r=g","caption":"Vincent Vandegans"},"description":"Vincent est passionn\u00e9 par les produits d'occasion, il a ouvert le site MDO avec Cyrielle pour aider les gens \u00e0 trouver du mobilier d'occasion, vintage ou usag\u00e9. Depuis, ils ont \u00e9tendu leurs activit\u00e9s et conseillent tout le monde sur le mobilier d'int\u00e9rieur et d'ext\u00e9rieur au quotidien \u00e0 travers le magazine MDO.","url":"https:\/\/www.mobilier-design-occasion.fr\/magazine\/author\/vincent\/"}]}},"_links":{"self":[{"href":"https:\/\/www.mobilier-design-occasion.fr\/magazine\/wp-json\/wp\/v2\/posts\/8777","targetHints":{"allow":["GET"]}}],"collection":[{"href":"https:\/\/www.mobilier-design-occasion.fr\/magazine\/wp-json\/wp\/v2\/posts"}],"about":[{"href":"https:\/\/www.mobilier-design-occasion.fr\/magazine\/wp-json\/wp\/v2\/types\/post"}],"author":[{"embeddable":true,"href":"https:\/\/www.mobilier-design-occasion.fr\/magazine\/wp-json\/wp\/v2\/users\/2"}],"replies":[{"embeddable":true,"href":"https:\/\/www.mobilier-design-occasion.fr\/magazine\/wp-json\/wp\/v2\/comments?post=8777"}],"version-history":[{"count":1,"href":"https:\/\/www.mobilier-design-occasion.fr\/magazine\/wp-json\/wp\/v2\/posts\/8777\/revisions"}],"predecessor-version":[{"id":8781,"href":"https:\/\/www.mobilier-design-occasion.fr\/magazine\/wp-json\/wp\/v2\/posts\/8777\/revisions\/8781"}],"wp:featuredmedia":[{"embeddable":true,"href":"https:\/\/www.mobilier-design-occasion.fr\/magazine\/wp-json\/wp\/v2\/media\/8778"}],"wp:attachment":[{"href":"https:\/\/www.mobilier-design-occasion.fr\/magazine\/wp-json\/wp\/v2\/media?parent=8777"}],"wp:term":[{"taxonomy":"category","embeddable":true,"href":"https:\/\/www.mobilier-design-occasion.fr\/magazine\/wp-json\/wp\/v2\/categories?post=8777"},{"taxonomy":"post_tag","embeddable":true,"href":"https:\/\/www.mobilier-design-occasion.fr\/magazine\/wp-json\/wp\/v2\/tags?post=8777"}],"curies":[{"name":"wp","href":"https:\/\/api.w.org\/{rel}","templated":true}]}}