{"id":8755,"date":"2026-01-23T08:53:21","date_gmt":"2026-01-23T08:53:21","guid":{"rendered":"https:\/\/www.mobilier-design-occasion.fr\/magazine\/?p=8755"},"modified":"2026-01-23T14:47:37","modified_gmt":"2026-01-23T14:47:37","slug":"creez-une-ambiance-apaisante-choisir-la-lampe-de-chevet-ideale","status":"publish","type":"post","link":"https:\/\/www.mobilier-design-occasion.fr\/magazine\/creez-une-ambiance-apaisante-choisir-la-lampe-de-chevet-ideale\/","title":{"rendered":"Cr\u00e9ez une ambiance apaisante : choisir la lampe de chevet id\u00e9ale"},"content":{"rendered":"\n<p>Choisir une lampe de chevet transforme l&#8217;ambiance de votre chambre. Nous savons que cet \u00e9clairage joue un r\u00f4le cl\u00e9 dans votre confort nocturne, qu&#8217;il s&#8217;agisse de lire quelques pages avant de dormir ou de cr\u00e9er une atmosph\u00e8re apaisante. Pourtant, beaucoup h\u00e9sitent entre style, puissance lumineuse et praticit\u00e9. Nous vous proposons une m\u00e9thode simple pour identifier le mod\u00e8le qui r\u00e9pondra \u00e0 vos besoins, sans vous perdre dans des d\u00e9tails superflus.<\/p>\n\n\n\n<h2 class=\"wp-block-heading\"><span class=\"ez-toc-section\" id=\"Decouvrez_des_reperes_pour_choisir_votre_lampe_de_chevet\"><\/span>D\u00e9couvrez des rep\u00e8res pour choisir votre lampe de chevet<span class=\"ez-toc-section-end\"><\/span><\/h2><div id=\"ez-toc-container\" class=\"ez-toc-v2_0_82_2 counter-hierarchy ez-toc-counter ez-toc-grey ez-toc-container-direction\">\n<div class=\"ez-toc-title-container\">\n<span class=\"ez-toc-title-toggle\"><a href=\"#\" class=\"ez-toc-pull-right ez-toc-btn ez-toc-btn-xs ez-toc-btn-default ez-toc-toggle\" aria-label=\"Toggle Table of Content\"><span class=\"ez-toc-js-icon-con\"><span class=\"\"><span class=\"eztoc-hide\" style=\"display:none;\">Toggle<\/span><span class=\"ez-toc-icon-toggle-span\"><svg style=\"fill: #999;color:#999\" xmlns=\"http:\/\/www.w3.org\/2000\/svg\" class=\"list-377408\" width=\"20px\" height=\"20px\" viewBox=\"0 0 24 24\" fill=\"none\"><path d=\"M6 6H4v2h2V6zm14 0H8v2h12V6zM4 11h2v2H4v-2zm16 0H8v2h12v-2zM4 16h2v2H4v-2zm16 0H8v2h12v-2z\" fill=\"currentColor\"><\/path><\/svg><svg style=\"fill: #999;color:#999\" class=\"arrow-unsorted-368013\" xmlns=\"http:\/\/www.w3.org\/2000\/svg\" width=\"10px\" height=\"10px\" viewBox=\"0 0 24 24\" version=\"1.2\" baseProfile=\"tiny\"><path d=\"M18.2 9.3l-6.2-6.3-6.2 6.3c-.2.2-.3.4-.3.7s.1.5.3.7c.2.2.4.3.7.3h11c.3 0 .5-.1.7-.3.2-.2.3-.5.3-.7s-.1-.5-.3-.7zM5.8 14.7l6.2 6.3 6.2-6.3c.2-.2.3-.5.3-.7s-.1-.5-.3-.7c-.2-.2-.4-.3-.7-.3h-11c-.3 0-.5.1-.7.3-.2.2-.3.5-.3.7s.1.5.3.7z\"\/><\/svg><\/span><\/span><\/span><\/a><\/span><\/div>\n<nav><ul class='ez-toc-list ez-toc-list-level-1 eztoc-toggle-hide-by-default' ><li class='ez-toc-page-1 ez-toc-heading-level-2'><a class=\"ez-toc-link ez-toc-heading-1\" href=\"https:\/\/www.mobilier-design-occasion.fr\/magazine\/creez-une-ambiance-apaisante-choisir-la-lampe-de-chevet-ideale\/#Decouvrez_des_reperes_pour_choisir_votre_lampe_de_chevet\" >D\u00e9couvrez des rep\u00e8res pour choisir votre lampe de chevet<\/a><\/li><li class='ez-toc-page-1 ez-toc-heading-level-2'><a class=\"ez-toc-link ez-toc-heading-2\" href=\"https:\/\/www.mobilier-design-occasion.fr\/magazine\/creez-une-ambiance-apaisante-choisir-la-lampe-de-chevet-ideale\/#Quelle_intensite_lumineuse_privilegier_pour_une_chambre_calme\" >Quelle intensit\u00e9 lumineuse privil\u00e9gier pour une chambre calme ?<\/a><\/li><li class='ez-toc-page-1 ez-toc-heading-level-2'><a class=\"ez-toc-link ez-toc-heading-3\" href=\"https:\/\/www.mobilier-design-occasion.fr\/magazine\/creez-une-ambiance-apaisante-choisir-la-lampe-de-chevet-ideale\/#Les_styles_dabat-jour_qui_apaisent_sans_assombrir\" >Les styles d&#8217;abat-jour qui apaisent sans assombrir<\/a><\/li><li class='ez-toc-page-1 ez-toc-heading-level-2'><a class=\"ez-toc-link ez-toc-heading-4\" href=\"https:\/\/www.mobilier-design-occasion.fr\/magazine\/creez-une-ambiance-apaisante-choisir-la-lampe-de-chevet-ideale\/#Verifiez_les_dimensions_les_ampoules_LED_et_le_placement_sur_la_table\" >V\u00e9rifiez les dimensions, les ampoules LED et le placement sur la table<\/a><\/li><\/ul><\/nav><\/div>\n\n\n\n\n<p>Une lampe de chevet remplit plusieurs fonctions dans la chambre : elle offre une<strong> lumi\u00e8re d&#8217;appoint<\/strong> pour la lecture, accompagne vos moments de d\u00e9tente et facilite vos d\u00e9placements nocturnes. Mais r\u00e9guli\u00e8rement, quelques erreurs r\u00e9currentes lors de l&#8217;achat se produisent. Un \u00e9clairage trop \u00e9blouissant perturbe le sommeil, une hauteur mal ajust\u00e9e fatigue les yeux, un style discordant rompt l&#8217;harmonie de la d\u00e9coration.<\/p>\n\n\n\n<p>Pour \u00e9viter ces \u00e9cueils, nous vous recommandons de trier vos priorit\u00e9s selon une grille simple :<\/p>\n\n\n\n<ul class=\"wp-block-list\">\n<li>D\u00e9finir l&#8217;<strong>usage principal<\/strong> : lecture prolong\u00e9e, ambiance douce ou simple rep\u00e8re visuel ;<\/li>\n\n\n\n<li>Examiner les dimensions de votre table de chevet et l&#8217;espace disponible ;<\/li>\n\n\n\n<li>Identifier le style qui s&#8217;accorde avec votre mobilier ;<\/li>\n\n\n\n<li>V\u00e9rifier le type d&#8217;ampoule LED compatible et la <strong>forme de l&#8217;abat-jour<\/strong>.<\/li>\n<\/ul>\n\n\n\n<p>Avant d&#8217;<a href=\"https:\/\/www.fabriquedestyles.com\/luminaires\/lampes-a-poser.html\">acheter une lampe de chevet \u00e9l\u00e9gante<\/a>, pensez donc \u00e0 comparer les formes, les hauteurs et les mat\u00e9riaux et d\u00e9finissez l&#8217;intensit\u00e9 et le<strong> confort visuel<\/strong> que vous recherchez, car le style viendra naturellement en compl\u00e9ment.<\/p>\n\n\n\n<figure class=\"wp-block-image size-full\"><img loading=\"lazy\" decoding=\"async\" width=\"612\" height=\"408\" src=\"https:\/\/www.mobilier-design-occasion.fr\/magazine\/wp-content\/uploads\/2026\/01\/img-apaisante-ambiance-choisir.jpg\" alt=\"lampe \u00e0 poser table de chevet confort visuel\" class=\"wp-image-8757\" srcset=\"https:\/\/www.mobilier-design-occasion.fr\/magazine\/wp-content\/uploads\/2026\/01\/img-apaisante-ambiance-choisir.jpg 612w, https:\/\/www.mobilier-design-occasion.fr\/magazine\/wp-content\/uploads\/2026\/01\/img-apaisante-ambiance-choisir-300x200.jpg 300w\" sizes=\"auto, (max-width: 612px) 100vw, 612px\" \/><\/figure>\n\n\n\n<h2 class=\"wp-block-heading\"><span class=\"ez-toc-section\" id=\"Quelle_intensite_lumineuse_privilegier_pour_une_chambre_calme\"><\/span>Quelle intensit\u00e9 lumineuse privil\u00e9gier pour une chambre calme ?<span class=\"ez-toc-section-end\"><\/span><\/h2>\n\n\n\n<p>L&#8217;\u00e9clairage de la chambre se d\u00e9cline en plusieurs usages : ambiance g\u00e9n\u00e9rale, lecture cibl\u00e9e et circulation nocturne. Une lampe de chevet ne doit pas remplacer la suspension centrale ni les spots encastr\u00e9s, mais compl\u00e9ter l&#8217;ensemble. Privil\u00e9giez une lumi\u00e8re douce, non \u00e9blouissante, qui respecte votre rythme biologique. La diffusion homog\u00e8ne, l&#8217;<strong>orientation ajustable<\/strong> et la pr\u00e9sence d&#8217;un variateur renforcent ce confort.<\/p>\n\n\n\n<p>Traduire ces besoins en rep\u00e8res concrets simplifie votre choix :<\/p>\n\n\n\n<ul class=\"wp-block-list\">\n<li>Pour la lecture au lit : optez pour une ampoule LED offrant une lumi\u00e8re blanche l\u00e9g\u00e8rement chaude, orient\u00e9e vers la page sans \u00e9clairer directement vos yeux ;<\/li>\n\n\n\n<li>Pour la d\u00e9tente : pr\u00e9f\u00e9rez une<strong> temp\u00e9rature de couleur<\/strong> plus chaude, qui favorise la relaxation ;<\/li>\n\n\n\n<li>\u00c9vitez les reflets sur les surfaces brillantes et les ampoules trop froides qui cr\u00e9ent une atmosph\u00e8re clinique<\/li>\n<\/ul>\n\n\n\n<p>L&#8217;abat-jour et le style de la lampe influencent la perception de cette lumi\u00e8re, ce que nous abordons maintenant.<\/p>\n\n\n\n<h2 class=\"wp-block-heading\"><span class=\"ez-toc-section\" id=\"Les_styles_dabat-jour_qui_apaisent_sans_assombrir\"><\/span>Les styles d&#8217;abat-jour qui apaisent sans assombrir<span class=\"ez-toc-section-end\"><\/span><\/h2>\n\n\n\n<p>Le choix de l&#8217;abat-jour ne rel\u00e8ve pas uniquement de la d\u00e9coration, il d\u00e9termine la qualit\u00e9 de l&#8217;\u00e9clairage. Un abat-jour en textile diffuse une lumi\u00e8re tamis\u00e9e, id\u00e9ale pour une ambiance feutr\u00e9e. Le <strong>verre opalin<\/strong> adoucit l&#8217;intensit\u00e9 tout en conservant une bonne luminosit\u00e9. Le papier pliss\u00e9 ou le cannage filtrent la lumi\u00e8re de mani\u00e8re d\u00e9licate, cr\u00e9ant des jeux d&#8217;ombre apaisants. Chaque mati\u00e8re modifie la perception de l&#8217;ampoule et l&#8217;atmosph\u00e8re de la chambre.<\/p>\n\n\n\n<p>Nous vous invitons \u00e0 rechercher la coh\u00e9rence avec l&#8217;univers de votre pi\u00e8ce. Un style scandinave s&#8217;accorde avec des lignes \u00e9pur\u00e9es et des mat\u00e9riaux naturels, tout comme les lampes scandinaves privil\u00e9gient la simplicit\u00e9. Une d\u00e9coration minimaliste appelle des formes simples, sans fioritures. Un int\u00e9rieur vintage accepte des abat-jour en tissu ou en<strong> m\u00e9tal patin\u00e9<\/strong>. Une ambiance naturelle se marie avec le bois, le lin ou le rotin.<\/p>\n\n\n\n<p>Les associations fonctionnent bien lorsque vous reliez pied et abat-jour :<\/p>\n\n\n\n<figure class=\"wp-block-table\"><table class=\"has-fixed-layout\"><thead><tr><th>Association<\/th><th>Mat\u00e9riaux<\/th><th>Rendu<\/th><\/tr><\/thead><tbody><tr><td>Douceur naturelle<\/td><td>Pied bois clair + abat-jour \u00e9cru<\/td><td>Atmosph\u00e8re douce et chaleureuse<\/td><\/tr><tr><td>Discr\u00e9tion moderne<\/td><td>M\u00e9tal mat + forme g\u00e9om\u00e9trique<\/td><td>Rendu discret et contemporain<\/td><\/tr><\/tbody><\/table><\/figure>\n\n\n\n<p>Les couleurs de vos murs, de votre linge de lit et de vos rideaux influencent \u00e9galement la perception globale. Reste \u00e0 v\u00e9rifier les contraintes pratiques de taille, de stabilit\u00e9 et de placement sur la table.<\/p>\n\n\n\n<h2 class=\"wp-block-heading\"><span class=\"ez-toc-section\" id=\"Verifiez_les_dimensions_les_ampoules_LED_et_le_placement_sur_la_table\"><\/span>V\u00e9rifiez les dimensions, les ampoules LED et le placement sur la table<span class=\"ez-toc-section-end\"><\/span><\/h2>\n\n\n\n<p>La proportion entre la hauteur de la lampe, celle de la table de chevet et le niveau de vos yeux au lit d\u00e9termine votre confort visuel. Nous recommandons de positionner la source lumineuse l\u00e9g\u00e8rement en dessous de votre regard lorsque vous \u00eates assis ou allong\u00e9, pour \u00e9viter l&#8217;\u00e9blouissement. La stabilit\u00e9 compte autant que l&#8217;esth\u00e9tique : une base large pr\u00e9vient les chutes, un c\u00e2ble bien rang\u00e9 facilite la circulation, un <strong>interrupteur accessible<\/strong> \u00e9vite les gestes brusques.<\/p>\n\n\n\n<p>Nous vous sugg\u00e9rons de contr\u00f4ler plusieurs points techniques avant l&#8217;achat :<\/p>\n\n\n\n<ul class=\"wp-block-list\">\n<li>V\u00e9rifiez le <strong>type de culot<\/strong> et la puissance compatible ;<\/li>\n\n\n\n<li>Privil\u00e9giez une ampoule LED pour sa long\u00e9vit\u00e9 et sa consommation r\u00e9duite ;<\/li>\n\n\n\n<li>Examinez l&#8217;opacit\u00e9 de l&#8217;abat-jour et l&#8217;orientation possible ;<\/li>\n\n\n\n<li>Distinguez les mod\u00e8les \u00e0 spot, qui concentrent la lumi\u00e8re, des lampes \u00e0 diffusion large.<\/li>\n<\/ul>\n\n\n\n<p>Si votre chambre est petite, une lampe compacte lib\u00e8re de l&#8217;espace. Pensez \u00e0 la coh\u00e9rence avec la suspension ou l&#8217;\u00e9clairage du bureau, de la salle de bain ou de la salle \u00e0 manger.<\/p>\n\n\n\n<p>Nous vous rappelons la m\u00e9thode de choix. Identifiez votre usage prioritaire : lecture ou ambiance. S\u00e9lectionnez l&#8217;intensit\u00e9 et la temp\u00e9rature de couleur adapt\u00e9es. Choisissez un abat-jour et un style coh\u00e9rents avec votre d\u00e9coration. V\u00e9rifiez les dimensions, la stabilit\u00e9 et la<strong> compatibilit\u00e9 technique<\/strong>. Avant de valider, posez-vous une derni\u00e8re question : cette lampe r\u00e9pond-elle \u00e0 mon besoin principal ? Cette clart\u00e9 vous garantit un achat r\u00e9ussi et un confort durable.<\/p>\n\n\n\n<p>Cr\u00e9er une ambiance apaisante dans votre chambre passe par des choix r\u00e9fl\u00e9chis. Nous avons parcouru les crit\u00e8res d&#8217;intensit\u00e9 lumineuse, de style d&#8217;abat-jour et de placement sur la table de chevet. Chaque \u00e9l\u00e9ment contribue \u00e0 votre bien-\u00eatre nocturne. Prenez le temps de comparer les lampes disponibles et de v\u00e9rifier la compatibilit\u00e9 avec votre espace. Votre chambre m\u00e9rite une lumi\u00e8re qui vous ressemble.<\/p>\n","protected":false},"excerpt":{"rendered":"<p>Choisir une lampe de chevet transforme l&#8217;ambiance de votre chambre. Nous savons que cet \u00e9clairage joue un r\u00f4le cl\u00e9 dans votre confort nocturne, qu&#8217;il s&#8217;agisse de lire quelques pages avant de dormir ou de cr\u00e9er une atmosph\u00e8re apaisante. Pourtant, beaucoup h\u00e9sitent entre style, puissance lumineuse et praticit\u00e9. Nous vous proposons une m\u00e9thode simple pour identifier [&hellip;]<\/p>\n","protected":false},"author":2,"featured_media":8756,"comment_status":"open","ping_status":"open","sticky":false,"template":"","format":"standard","meta":{"footnotes":""},"categories":[120],"tags":[],"class_list":["post-8755","post","type-post","status-publish","format-standard","has-post-thumbnail","hentry","category-chambre"],"yoast_head":"<!-- This site is optimized with the Yoast SEO plugin v27.5 - https:\/\/yoast.com\/product\/yoast-seo-wordpress\/ -->\n<title>Cr\u00e9ez une ambiance apaisante : choisir la lampe de chevet id\u00e9ale - Mobilier Design Magazine<\/title>\n<meta name=\"robots\" content=\"index, follow, max-snippet:-1, max-image-preview:large, max-video-preview:-1\" \/>\n<link rel=\"canonical\" href=\"https:\/\/www.mobilier-design-occasion.fr\/magazine\/creez-une-ambiance-apaisante-choisir-la-lampe-de-chevet-ideale\/\" \/>\n<meta property=\"og:locale\" content=\"fr_FR\" \/>\n<meta property=\"og:type\" content=\"article\" \/>\n<meta property=\"og:title\" content=\"Cr\u00e9ez une ambiance apaisante : choisir la lampe de chevet id\u00e9ale - Mobilier Design Magazine\" \/>\n<meta property=\"og:description\" content=\"Choisir une lampe de chevet transforme l&#8217;ambiance de votre chambre. Nous savons que cet \u00e9clairage joue un r\u00f4le cl\u00e9 dans votre confort nocturne, qu&#8217;il s&#8217;agisse de lire quelques pages avant de dormir ou de cr\u00e9er une atmosph\u00e8re apaisante. Pourtant, beaucoup h\u00e9sitent entre style, puissance lumineuse et praticit\u00e9. Nous vous proposons une m\u00e9thode simple pour identifier [&hellip;]\" \/>\n<meta property=\"og:url\" content=\"https:\/\/www.mobilier-design-occasion.fr\/magazine\/creez-une-ambiance-apaisante-choisir-la-lampe-de-chevet-ideale\/\" \/>\n<meta property=\"og:site_name\" content=\"Mobilier Design Magazine\" \/>\n<meta property=\"article:publisher\" content=\"https:\/\/www.facebook.com\/mobilierdesignoccasion\" \/>\n<meta property=\"article:published_time\" content=\"2026-01-23T08:53:21+00:00\" \/>\n<meta property=\"article:modified_time\" content=\"2026-01-23T14:47:37+00:00\" \/>\n<meta property=\"og:image\" content=\"https:\/\/www.mobilier-design-occasion.fr\/magazine\/wp-content\/uploads\/2026\/01\/creez-une-ambiance-apaisante-choisir-la-lampe-de-chevet-ideale.jpg\" \/>\n\t<meta property=\"og:image:width\" content=\"1200\" \/>\n\t<meta property=\"og:image:height\" content=\"900\" \/>\n\t<meta property=\"og:image:type\" content=\"image\/jpeg\" \/>\n<meta name=\"author\" content=\"Vincent Vandegans\" \/>\n<meta name=\"twitter:card\" content=\"summary_large_image\" \/>\n<meta name=\"twitter:label1\" content=\"\u00c9crit par\" \/>\n\t<meta name=\"twitter:data1\" content=\"Vincent Vandegans\" \/>\n\t<meta name=\"twitter:label2\" content=\"Dur\u00e9e de lecture estim\u00e9e\" \/>\n\t<meta name=\"twitter:data2\" content=\"5 minutes\" \/>\n<script type=\"application\/ld+json\" class=\"yoast-schema-graph\">{\"@context\":\"https:\\\/\\\/schema.org\",\"@graph\":[{\"@type\":\"Article\",\"@id\":\"https:\\\/\\\/www.mobilier-design-occasion.fr\\\/magazine\\\/creez-une-ambiance-apaisante-choisir-la-lampe-de-chevet-ideale\\\/#article\",\"isPartOf\":{\"@id\":\"https:\\\/\\\/www.mobilier-design-occasion.fr\\\/magazine\\\/creez-une-ambiance-apaisante-choisir-la-lampe-de-chevet-ideale\\\/\"},\"author\":{\"name\":\"Vincent Vandegans\",\"@id\":\"https:\\\/\\\/www.mobilier-design-occasion.fr\\\/magazine\\\/#\\\/schema\\\/person\\\/af895bedc80bfb6b17730a672fddac9e\"},\"headline\":\"Cr\u00e9ez une ambiance apaisante : choisir la lampe de chevet id\u00e9ale\",\"datePublished\":\"2026-01-23T08:53:21+00:00\",\"dateModified\":\"2026-01-23T14:47:37+00:00\",\"mainEntityOfPage\":{\"@id\":\"https:\\\/\\\/www.mobilier-design-occasion.fr\\\/magazine\\\/creez-une-ambiance-apaisante-choisir-la-lampe-de-chevet-ideale\\\/\"},\"wordCount\":1041,\"commentCount\":0,\"publisher\":{\"@id\":\"https:\\\/\\\/www.mobilier-design-occasion.fr\\\/magazine\\\/#organization\"},\"image\":{\"@id\":\"https:\\\/\\\/www.mobilier-design-occasion.fr\\\/magazine\\\/creez-une-ambiance-apaisante-choisir-la-lampe-de-chevet-ideale\\\/#primaryimage\"},\"thumbnailUrl\":\"https:\\\/\\\/www.mobilier-design-occasion.fr\\\/magazine\\\/wp-content\\\/uploads\\\/2026\\\/01\\\/creez-une-ambiance-apaisante-choisir-la-lampe-de-chevet-ideale.jpg\",\"articleSection\":[\"Chambre\"],\"inLanguage\":\"fr-FR\",\"potentialAction\":[{\"@type\":\"CommentAction\",\"name\":\"Comment\",\"target\":[\"https:\\\/\\\/www.mobilier-design-occasion.fr\\\/magazine\\\/creez-une-ambiance-apaisante-choisir-la-lampe-de-chevet-ideale\\\/#respond\"]}]},{\"@type\":\"WebPage\",\"@id\":\"https:\\\/\\\/www.mobilier-design-occasion.fr\\\/magazine\\\/creez-une-ambiance-apaisante-choisir-la-lampe-de-chevet-ideale\\\/\",\"url\":\"https:\\\/\\\/www.mobilier-design-occasion.fr\\\/magazine\\\/creez-une-ambiance-apaisante-choisir-la-lampe-de-chevet-ideale\\\/\",\"name\":\"Cr\u00e9ez une ambiance apaisante : choisir la lampe de chevet id\u00e9ale - Mobilier Design Magazine\",\"isPartOf\":{\"@id\":\"https:\\\/\\\/www.mobilier-design-occasion.fr\\\/magazine\\\/#website\"},\"primaryImageOfPage\":{\"@id\":\"https:\\\/\\\/www.mobilier-design-occasion.fr\\\/magazine\\\/creez-une-ambiance-apaisante-choisir-la-lampe-de-chevet-ideale\\\/#primaryimage\"},\"image\":{\"@id\":\"https:\\\/\\\/www.mobilier-design-occasion.fr\\\/magazine\\\/creez-une-ambiance-apaisante-choisir-la-lampe-de-chevet-ideale\\\/#primaryimage\"},\"thumbnailUrl\":\"https:\\\/\\\/www.mobilier-design-occasion.fr\\\/magazine\\\/wp-content\\\/uploads\\\/2026\\\/01\\\/creez-une-ambiance-apaisante-choisir-la-lampe-de-chevet-ideale.jpg\",\"datePublished\":\"2026-01-23T08:53:21+00:00\",\"dateModified\":\"2026-01-23T14:47:37+00:00\",\"breadcrumb\":{\"@id\":\"https:\\\/\\\/www.mobilier-design-occasion.fr\\\/magazine\\\/creez-une-ambiance-apaisante-choisir-la-lampe-de-chevet-ideale\\\/#breadcrumb\"},\"inLanguage\":\"fr-FR\",\"potentialAction\":[{\"@type\":\"ReadAction\",\"target\":[\"https:\\\/\\\/www.mobilier-design-occasion.fr\\\/magazine\\\/creez-une-ambiance-apaisante-choisir-la-lampe-de-chevet-ideale\\\/\"]}]},{\"@type\":\"ImageObject\",\"inLanguage\":\"fr-FR\",\"@id\":\"https:\\\/\\\/www.mobilier-design-occasion.fr\\\/magazine\\\/creez-une-ambiance-apaisante-choisir-la-lampe-de-chevet-ideale\\\/#primaryimage\",\"url\":\"https:\\\/\\\/www.mobilier-design-occasion.fr\\\/magazine\\\/wp-content\\\/uploads\\\/2026\\\/01\\\/creez-une-ambiance-apaisante-choisir-la-lampe-de-chevet-ideale.jpg\",\"contentUrl\":\"https:\\\/\\\/www.mobilier-design-occasion.fr\\\/magazine\\\/wp-content\\\/uploads\\\/2026\\\/01\\\/creez-une-ambiance-apaisante-choisir-la-lampe-de-chevet-ideale.jpg\",\"width\":1200,\"height\":900},{\"@type\":\"BreadcrumbList\",\"@id\":\"https:\\\/\\\/www.mobilier-design-occasion.fr\\\/magazine\\\/creez-une-ambiance-apaisante-choisir-la-lampe-de-chevet-ideale\\\/#breadcrumb\",\"itemListElement\":[{\"@type\":\"ListItem\",\"position\":1,\"name\":\"Accueil\",\"item\":\"https:\\\/\\\/www.mobilier-design-occasion.fr\\\/magazine\\\/\"},{\"@type\":\"ListItem\",\"position\":2,\"name\":\"Cr\u00e9ez une ambiance apaisante : choisir la lampe de chevet id\u00e9ale\"}]},{\"@type\":\"WebSite\",\"@id\":\"https:\\\/\\\/www.mobilier-design-occasion.fr\\\/magazine\\\/#website\",\"url\":\"https:\\\/\\\/www.mobilier-design-occasion.fr\\\/magazine\\\/\",\"name\":\"Mobilier Design Magazine\",\"description\":\"\",\"publisher\":{\"@id\":\"https:\\\/\\\/www.mobilier-design-occasion.fr\\\/magazine\\\/#organization\"},\"potentialAction\":[{\"@type\":\"SearchAction\",\"target\":{\"@type\":\"EntryPoint\",\"urlTemplate\":\"https:\\\/\\\/www.mobilier-design-occasion.fr\\\/magazine\\\/?s={search_term_string}\"},\"query-input\":{\"@type\":\"PropertyValueSpecification\",\"valueRequired\":true,\"valueName\":\"search_term_string\"}}],\"inLanguage\":\"fr-FR\"},{\"@type\":\"Organization\",\"@id\":\"https:\\\/\\\/www.mobilier-design-occasion.fr\\\/magazine\\\/#organization\",\"name\":\"Mobilier Design Magazine\",\"url\":\"https:\\\/\\\/www.mobilier-design-occasion.fr\\\/magazine\\\/\",\"logo\":{\"@type\":\"ImageObject\",\"inLanguage\":\"fr-FR\",\"@id\":\"https:\\\/\\\/www.mobilier-design-occasion.fr\\\/magazine\\\/#\\\/schema\\\/logo\\\/image\\\/\",\"url\":\"https:\\\/\\\/www.mobilier-design-occasion.fr\\\/magazine\\\/wp-content\\\/uploads\\\/2024\\\/02\\\/android-chrome-192x192-1.png\",\"contentUrl\":\"https:\\\/\\\/www.mobilier-design-occasion.fr\\\/magazine\\\/wp-content\\\/uploads\\\/2024\\\/02\\\/android-chrome-192x192-1.png\",\"width\":192,\"height\":192,\"caption\":\"Mobilier Design Magazine\"},\"image\":{\"@id\":\"https:\\\/\\\/www.mobilier-design-occasion.fr\\\/magazine\\\/#\\\/schema\\\/logo\\\/image\\\/\"},\"sameAs\":[\"https:\\\/\\\/www.facebook.com\\\/mobilierdesignoccasion\"]},{\"@type\":\"Person\",\"@id\":\"https:\\\/\\\/www.mobilier-design-occasion.fr\\\/magazine\\\/#\\\/schema\\\/person\\\/af895bedc80bfb6b17730a672fddac9e\",\"name\":\"Vincent Vandegans\",\"image\":{\"@type\":\"ImageObject\",\"inLanguage\":\"fr-FR\",\"@id\":\"https:\\\/\\\/secure.gravatar.com\\\/avatar\\\/b984800dabdf722d5e3f03f637c8932dea77d81118467d17ad2953e3b273ec66?s=96&d=mm&r=g\",\"url\":\"https:\\\/\\\/secure.gravatar.com\\\/avatar\\\/b984800dabdf722d5e3f03f637c8932dea77d81118467d17ad2953e3b273ec66?s=96&d=mm&r=g\",\"contentUrl\":\"https:\\\/\\\/secure.gravatar.com\\\/avatar\\\/b984800dabdf722d5e3f03f637c8932dea77d81118467d17ad2953e3b273ec66?s=96&d=mm&r=g\",\"caption\":\"Vincent Vandegans\"},\"description\":\"Vincent est passionn\u00e9 par les produits d'occasion, il a ouvert le site MDO avec Cyrielle pour aider les gens \u00e0 trouver du mobilier d'occasion, vintage ou usag\u00e9. Depuis, ils ont \u00e9tendu leurs activit\u00e9s et conseillent tout le monde sur le mobilier d'int\u00e9rieur et d'ext\u00e9rieur au quotidien \u00e0 travers le magazine MDO.\",\"url\":\"https:\\\/\\\/www.mobilier-design-occasion.fr\\\/magazine\\\/author\\\/vincent\\\/\"}]}<\/script>\n<!-- \/ Yoast SEO plugin. -->","yoast_head_json":{"title":"Cr\u00e9ez une ambiance apaisante : choisir la lampe de chevet id\u00e9ale - Mobilier Design Magazine","robots":{"index":"index","follow":"follow","max-snippet":"max-snippet:-1","max-image-preview":"max-image-preview:large","max-video-preview":"max-video-preview:-1"},"canonical":"https:\/\/www.mobilier-design-occasion.fr\/magazine\/creez-une-ambiance-apaisante-choisir-la-lampe-de-chevet-ideale\/","og_locale":"fr_FR","og_type":"article","og_title":"Cr\u00e9ez une ambiance apaisante : choisir la lampe de chevet id\u00e9ale - Mobilier Design Magazine","og_description":"Choisir une lampe de chevet transforme l&#8217;ambiance de votre chambre. Nous savons que cet \u00e9clairage joue un r\u00f4le cl\u00e9 dans votre confort nocturne, qu&#8217;il s&#8217;agisse de lire quelques pages avant de dormir ou de cr\u00e9er une atmosph\u00e8re apaisante. Pourtant, beaucoup h\u00e9sitent entre style, puissance lumineuse et praticit\u00e9. Nous vous proposons une m\u00e9thode simple pour identifier [&hellip;]","og_url":"https:\/\/www.mobilier-design-occasion.fr\/magazine\/creez-une-ambiance-apaisante-choisir-la-lampe-de-chevet-ideale\/","og_site_name":"Mobilier Design Magazine","article_publisher":"https:\/\/www.facebook.com\/mobilierdesignoccasion","article_published_time":"2026-01-23T08:53:21+00:00","article_modified_time":"2026-01-23T14:47:37+00:00","og_image":[{"width":1200,"height":900,"url":"https:\/\/www.mobilier-design-occasion.fr\/magazine\/wp-content\/uploads\/2026\/01\/creez-une-ambiance-apaisante-choisir-la-lampe-de-chevet-ideale.jpg","type":"image\/jpeg"}],"author":"Vincent Vandegans","twitter_card":"summary_large_image","twitter_misc":{"\u00c9crit par":"Vincent Vandegans","Dur\u00e9e de lecture estim\u00e9e":"5 minutes"},"schema":{"@context":"https:\/\/schema.org","@graph":[{"@type":"Article","@id":"https:\/\/www.mobilier-design-occasion.fr\/magazine\/creez-une-ambiance-apaisante-choisir-la-lampe-de-chevet-ideale\/#article","isPartOf":{"@id":"https:\/\/www.mobilier-design-occasion.fr\/magazine\/creez-une-ambiance-apaisante-choisir-la-lampe-de-chevet-ideale\/"},"author":{"name":"Vincent Vandegans","@id":"https:\/\/www.mobilier-design-occasion.fr\/magazine\/#\/schema\/person\/af895bedc80bfb6b17730a672fddac9e"},"headline":"Cr\u00e9ez une ambiance apaisante : choisir la lampe de chevet id\u00e9ale","datePublished":"2026-01-23T08:53:21+00:00","dateModified":"2026-01-23T14:47:37+00:00","mainEntityOfPage":{"@id":"https:\/\/www.mobilier-design-occasion.fr\/magazine\/creez-une-ambiance-apaisante-choisir-la-lampe-de-chevet-ideale\/"},"wordCount":1041,"commentCount":0,"publisher":{"@id":"https:\/\/www.mobilier-design-occasion.fr\/magazine\/#organization"},"image":{"@id":"https:\/\/www.mobilier-design-occasion.fr\/magazine\/creez-une-ambiance-apaisante-choisir-la-lampe-de-chevet-ideale\/#primaryimage"},"thumbnailUrl":"https:\/\/www.mobilier-design-occasion.fr\/magazine\/wp-content\/uploads\/2026\/01\/creez-une-ambiance-apaisante-choisir-la-lampe-de-chevet-ideale.jpg","articleSection":["Chambre"],"inLanguage":"fr-FR","potentialAction":[{"@type":"CommentAction","name":"Comment","target":["https:\/\/www.mobilier-design-occasion.fr\/magazine\/creez-une-ambiance-apaisante-choisir-la-lampe-de-chevet-ideale\/#respond"]}]},{"@type":"WebPage","@id":"https:\/\/www.mobilier-design-occasion.fr\/magazine\/creez-une-ambiance-apaisante-choisir-la-lampe-de-chevet-ideale\/","url":"https:\/\/www.mobilier-design-occasion.fr\/magazine\/creez-une-ambiance-apaisante-choisir-la-lampe-de-chevet-ideale\/","name":"Cr\u00e9ez une ambiance apaisante : choisir la lampe de chevet id\u00e9ale - Mobilier Design Magazine","isPartOf":{"@id":"https:\/\/www.mobilier-design-occasion.fr\/magazine\/#website"},"primaryImageOfPage":{"@id":"https:\/\/www.mobilier-design-occasion.fr\/magazine\/creez-une-ambiance-apaisante-choisir-la-lampe-de-chevet-ideale\/#primaryimage"},"image":{"@id":"https:\/\/www.mobilier-design-occasion.fr\/magazine\/creez-une-ambiance-apaisante-choisir-la-lampe-de-chevet-ideale\/#primaryimage"},"thumbnailUrl":"https:\/\/www.mobilier-design-occasion.fr\/magazine\/wp-content\/uploads\/2026\/01\/creez-une-ambiance-apaisante-choisir-la-lampe-de-chevet-ideale.jpg","datePublished":"2026-01-23T08:53:21+00:00","dateModified":"2026-01-23T14:47:37+00:00","breadcrumb":{"@id":"https:\/\/www.mobilier-design-occasion.fr\/magazine\/creez-une-ambiance-apaisante-choisir-la-lampe-de-chevet-ideale\/#breadcrumb"},"inLanguage":"fr-FR","potentialAction":[{"@type":"ReadAction","target":["https:\/\/www.mobilier-design-occasion.fr\/magazine\/creez-une-ambiance-apaisante-choisir-la-lampe-de-chevet-ideale\/"]}]},{"@type":"ImageObject","inLanguage":"fr-FR","@id":"https:\/\/www.mobilier-design-occasion.fr\/magazine\/creez-une-ambiance-apaisante-choisir-la-lampe-de-chevet-ideale\/#primaryimage","url":"https:\/\/www.mobilier-design-occasion.fr\/magazine\/wp-content\/uploads\/2026\/01\/creez-une-ambiance-apaisante-choisir-la-lampe-de-chevet-ideale.jpg","contentUrl":"https:\/\/www.mobilier-design-occasion.fr\/magazine\/wp-content\/uploads\/2026\/01\/creez-une-ambiance-apaisante-choisir-la-lampe-de-chevet-ideale.jpg","width":1200,"height":900},{"@type":"BreadcrumbList","@id":"https:\/\/www.mobilier-design-occasion.fr\/magazine\/creez-une-ambiance-apaisante-choisir-la-lampe-de-chevet-ideale\/#breadcrumb","itemListElement":[{"@type":"ListItem","position":1,"name":"Accueil","item":"https:\/\/www.mobilier-design-occasion.fr\/magazine\/"},{"@type":"ListItem","position":2,"name":"Cr\u00e9ez une ambiance apaisante : choisir la lampe de chevet id\u00e9ale"}]},{"@type":"WebSite","@id":"https:\/\/www.mobilier-design-occasion.fr\/magazine\/#website","url":"https:\/\/www.mobilier-design-occasion.fr\/magazine\/","name":"Mobilier Design Magazine","description":"","publisher":{"@id":"https:\/\/www.mobilier-design-occasion.fr\/magazine\/#organization"},"potentialAction":[{"@type":"SearchAction","target":{"@type":"EntryPoint","urlTemplate":"https:\/\/www.mobilier-design-occasion.fr\/magazine\/?s={search_term_string}"},"query-input":{"@type":"PropertyValueSpecification","valueRequired":true,"valueName":"search_term_string"}}],"inLanguage":"fr-FR"},{"@type":"Organization","@id":"https:\/\/www.mobilier-design-occasion.fr\/magazine\/#organization","name":"Mobilier Design Magazine","url":"https:\/\/www.mobilier-design-occasion.fr\/magazine\/","logo":{"@type":"ImageObject","inLanguage":"fr-FR","@id":"https:\/\/www.mobilier-design-occasion.fr\/magazine\/#\/schema\/logo\/image\/","url":"https:\/\/www.mobilier-design-occasion.fr\/magazine\/wp-content\/uploads\/2024\/02\/android-chrome-192x192-1.png","contentUrl":"https:\/\/www.mobilier-design-occasion.fr\/magazine\/wp-content\/uploads\/2024\/02\/android-chrome-192x192-1.png","width":192,"height":192,"caption":"Mobilier Design Magazine"},"image":{"@id":"https:\/\/www.mobilier-design-occasion.fr\/magazine\/#\/schema\/logo\/image\/"},"sameAs":["https:\/\/www.facebook.com\/mobilierdesignoccasion"]},{"@type":"Person","@id":"https:\/\/www.mobilier-design-occasion.fr\/magazine\/#\/schema\/person\/af895bedc80bfb6b17730a672fddac9e","name":"Vincent Vandegans","image":{"@type":"ImageObject","inLanguage":"fr-FR","@id":"https:\/\/secure.gravatar.com\/avatar\/b984800dabdf722d5e3f03f637c8932dea77d81118467d17ad2953e3b273ec66?s=96&d=mm&r=g","url":"https:\/\/secure.gravatar.com\/avatar\/b984800dabdf722d5e3f03f637c8932dea77d81118467d17ad2953e3b273ec66?s=96&d=mm&r=g","contentUrl":"https:\/\/secure.gravatar.com\/avatar\/b984800dabdf722d5e3f03f637c8932dea77d81118467d17ad2953e3b273ec66?s=96&d=mm&r=g","caption":"Vincent Vandegans"},"description":"Vincent est passionn\u00e9 par les produits d'occasion, il a ouvert le site MDO avec Cyrielle pour aider les gens \u00e0 trouver du mobilier d'occasion, vintage ou usag\u00e9. Depuis, ils ont \u00e9tendu leurs activit\u00e9s et conseillent tout le monde sur le mobilier d'int\u00e9rieur et d'ext\u00e9rieur au quotidien \u00e0 travers le magazine MDO.","url":"https:\/\/www.mobilier-design-occasion.fr\/magazine\/author\/vincent\/"}]}},"_links":{"self":[{"href":"https:\/\/www.mobilier-design-occasion.fr\/magazine\/wp-json\/wp\/v2\/posts\/8755","targetHints":{"allow":["GET"]}}],"collection":[{"href":"https:\/\/www.mobilier-design-occasion.fr\/magazine\/wp-json\/wp\/v2\/posts"}],"about":[{"href":"https:\/\/www.mobilier-design-occasion.fr\/magazine\/wp-json\/wp\/v2\/types\/post"}],"author":[{"embeddable":true,"href":"https:\/\/www.mobilier-design-occasion.fr\/magazine\/wp-json\/wp\/v2\/users\/2"}],"replies":[{"embeddable":true,"href":"https:\/\/www.mobilier-design-occasion.fr\/magazine\/wp-json\/wp\/v2\/comments?post=8755"}],"version-history":[{"count":1,"href":"https:\/\/www.mobilier-design-occasion.fr\/magazine\/wp-json\/wp\/v2\/posts\/8755\/revisions"}],"predecessor-version":[{"id":8758,"href":"https:\/\/www.mobilier-design-occasion.fr\/magazine\/wp-json\/wp\/v2\/posts\/8755\/revisions\/8758"}],"wp:featuredmedia":[{"embeddable":true,"href":"https:\/\/www.mobilier-design-occasion.fr\/magazine\/wp-json\/wp\/v2\/media\/8756"}],"wp:attachment":[{"href":"https:\/\/www.mobilier-design-occasion.fr\/magazine\/wp-json\/wp\/v2\/media?parent=8755"}],"wp:term":[{"taxonomy":"category","embeddable":true,"href":"https:\/\/www.mobilier-design-occasion.fr\/magazine\/wp-json\/wp\/v2\/categories?post=8755"},{"taxonomy":"post_tag","embeddable":true,"href":"https:\/\/www.mobilier-design-occasion.fr\/magazine\/wp-json\/wp\/v2\/tags?post=8755"}],"curies":[{"name":"wp","href":"https:\/\/api.w.org\/{rel}","templated":true}]}}