{"id":8746,"date":"2026-01-19T09:00:38","date_gmt":"2026-01-19T09:00:38","guid":{"rendered":"https:\/\/www.mobilier-design-occasion.fr\/magazine\/?p=8746"},"modified":"2026-01-19T09:00:39","modified_gmt":"2026-01-19T09:00:39","slug":"levolution-des-fenetres-et-de-la-menuiserie-entre-tradition-et-modernite","status":"publish","type":"post","link":"https:\/\/www.mobilier-design-occasion.fr\/magazine\/levolution-des-fenetres-et-de-la-menuiserie-entre-tradition-et-modernite\/","title":{"rendered":"L&#8217;\u00c9volution des Fen\u00eatres et de la Menuiserie : Entre Tradition et Modernit\u00e9"},"content":{"rendered":"\n<p>Les fen\u00eatres sont bien plus que de simples ouvertures dans nos murs. Elles racontent l&#8217;histoire de l&#8217;architecture, refl\u00e8tent les avanc\u00e9es technologiques et incarnent l&#8217;\u00e9volution du <a href=\"https:\/\/www.mobilier-design-occasion.fr\/magazine\/table-tulipe-knoll-indemodable-du-design\/\">design<\/a> \u00e0 travers les si\u00e8cles. De la simple ouverture m\u00e9di\u00e9vale aux syst\u00e8mes ultra-performants d&#8217;aujourd&#8217;hui, la menuiserie de fen\u00eatres a connu une transformation remarquable qui allie esth\u00e9tique, fonctionnalit\u00e9 et performance \u00e9nerg\u00e9tique.<\/p>\n\n\n\n<h2 class=\"wp-block-heading\"><span class=\"ez-toc-section\" id=\"Des_Origines_Modestes_aux_Premieres_Innovations\"><\/span>Des Origines Modestes aux Premi\u00e8res Innovations<span class=\"ez-toc-section-end\"><\/span><\/h2><div id=\"ez-toc-container\" class=\"ez-toc-v2_0_82_2 counter-hierarchy ez-toc-counter ez-toc-grey ez-toc-container-direction\">\n<div class=\"ez-toc-title-container\">\n<span class=\"ez-toc-title-toggle\"><a href=\"#\" class=\"ez-toc-pull-right ez-toc-btn ez-toc-btn-xs ez-toc-btn-default ez-toc-toggle\" aria-label=\"Toggle Table of Content\"><span class=\"ez-toc-js-icon-con\"><span class=\"\"><span class=\"eztoc-hide\" style=\"display:none;\">Toggle<\/span><span class=\"ez-toc-icon-toggle-span\"><svg style=\"fill: #999;color:#999\" xmlns=\"http:\/\/www.w3.org\/2000\/svg\" class=\"list-377408\" width=\"20px\" height=\"20px\" viewBox=\"0 0 24 24\" fill=\"none\"><path d=\"M6 6H4v2h2V6zm14 0H8v2h12V6zM4 11h2v2H4v-2zm16 0H8v2h12v-2zM4 16h2v2H4v-2zm16 0H8v2h12v-2z\" fill=\"currentColor\"><\/path><\/svg><svg style=\"fill: #999;color:#999\" class=\"arrow-unsorted-368013\" xmlns=\"http:\/\/www.w3.org\/2000\/svg\" width=\"10px\" height=\"10px\" viewBox=\"0 0 24 24\" version=\"1.2\" baseProfile=\"tiny\"><path d=\"M18.2 9.3l-6.2-6.3-6.2 6.3c-.2.2-.3.4-.3.7s.1.5.3.7c.2.2.4.3.7.3h11c.3 0 .5-.1.7-.3.2-.2.3-.5.3-.7s-.1-.5-.3-.7zM5.8 14.7l6.2 6.3 6.2-6.3c.2-.2.3-.5.3-.7s-.1-.5-.3-.7c-.2-.2-.4-.3-.7-.3h-11c-.3 0-.5.1-.7.3-.2.2-.3.5-.3.7s.1.5.3.7z\"\/><\/svg><\/span><\/span><\/span><\/a><\/span><\/div>\n<nav><ul class='ez-toc-list ez-toc-list-level-1 eztoc-toggle-hide-by-default' ><li class='ez-toc-page-1 ez-toc-heading-level-2'><a class=\"ez-toc-link ez-toc-heading-1\" href=\"https:\/\/www.mobilier-design-occasion.fr\/magazine\/levolution-des-fenetres-et-de-la-menuiserie-entre-tradition-et-modernite\/#Des_Origines_Modestes_aux_Premieres_Innovations\" >Des Origines Modestes aux Premi\u00e8res Innovations<\/a><\/li><li class='ez-toc-page-1 ez-toc-heading-level-2'><a class=\"ez-toc-link ez-toc-heading-2\" href=\"https:\/\/www.mobilier-design-occasion.fr\/magazine\/levolution-des-fenetres-et-de-la-menuiserie-entre-tradition-et-modernite\/#La_Revolution_Industrielle_et_la_Democratisation_du_Verre\" >La R\u00e9volution Industrielle et la D\u00e9mocratisation du Verre<\/a><\/li><li class='ez-toc-page-1 ez-toc-heading-level-2'><a class=\"ez-toc-link ez-toc-heading-3\" href=\"https:\/\/www.mobilier-design-occasion.fr\/magazine\/levolution-des-fenetres-et-de-la-menuiserie-entre-tradition-et-modernite\/#Le_XXe_Siecle_LEre_des_Materiaux_Modernes\" >Le XXe Si\u00e8cle : L&#8217;\u00c8re des Mat\u00e9riaux Modernes<\/a><\/li><li class='ez-toc-page-1 ez-toc-heading-level-2'><a class=\"ez-toc-link ez-toc-heading-4\" href=\"https:\/\/www.mobilier-design-occasion.fr\/magazine\/levolution-des-fenetres-et-de-la-menuiserie-entre-tradition-et-modernite\/#Le_Design_Contemporain_Minimalisme_et_Performance\" >Le Design Contemporain : Minimalisme et Performance<\/a><\/li><li class='ez-toc-page-1 ez-toc-heading-level-2'><a class=\"ez-toc-link ez-toc-heading-5\" href=\"https:\/\/www.mobilier-design-occasion.fr\/magazine\/levolution-des-fenetres-et-de-la-menuiserie-entre-tradition-et-modernite\/#Innovation_Technologique_et_Fenetres_Intelligentes\" >Innovation Technologique et Fen\u00eatres Intelligentes<\/a><\/li><li class='ez-toc-page-1 ez-toc-heading-level-2'><a class=\"ez-toc-link ez-toc-heading-6\" href=\"https:\/\/www.mobilier-design-occasion.fr\/magazine\/levolution-des-fenetres-et-de-la-menuiserie-entre-tradition-et-modernite\/#Le_Retour_du_Bois_Tradition_et_Ecologie\" >Le Retour du Bois : Tradition et \u00c9cologie<\/a><\/li><li class='ez-toc-page-1 ez-toc-heading-level-2'><a class=\"ez-toc-link ez-toc-heading-7\" href=\"https:\/\/www.mobilier-design-occasion.fr\/magazine\/levolution-des-fenetres-et-de-la-menuiserie-entre-tradition-et-modernite\/#LImportance_du_Sur-Mesure_et_de_lArtisanat\" >L&#8217;Importance du Sur-Mesure et de l&#8217;Artisanat<\/a><\/li><li class='ez-toc-page-1 ez-toc-heading-level-2'><a class=\"ez-toc-link ez-toc-heading-8\" href=\"https:\/\/www.mobilier-design-occasion.fr\/magazine\/levolution-des-fenetres-et-de-la-menuiserie-entre-tradition-et-modernite\/#Vers_un_Avenir_Durable_et_Responsable\" >Vers un Avenir Durable et Responsable<\/a><\/li><\/ul><\/nav><\/div>\n\n\n\n\n<p>L&#8217;histoire de la fen\u00eatre d\u00e9bute dans l&#8217;Antiquit\u00e9, o\u00f9 les ouvertures \u00e9taient simplement des trous dans les murs, parfois recouverts de peaux d&#8217;animaux ou de tissus pour se prot\u00e9ger des intemp\u00e9ries. Les Romains ont \u00e9t\u00e9 les premiers \u00e0 utiliser le verre, un mat\u00e9riau alors tr\u00e8s co\u00fbteux et r\u00e9serv\u00e9 aux b\u00e2timents prestigieux. Au Moyen \u00c2ge, les fen\u00eatres \u00e0 meneaux en pierre permettaient de maintenir la structure tout en cr\u00e9ant de larges ouvertures, particuli\u00e8rement visibles dans les cath\u00e9drales gothiques.<\/p>\n\n\n\n<p>La Renaissance <a href=\"https:\/\/www.mobilier-design-occasion.fr\/magazine\/5-marques-de-design-intemporel-que-vous-devez-absolument-connaitre\/\">marque<\/a> un tournant d\u00e9cisif avec l&#8217;apparition des fen\u00eatres \u00e0 guillotine et des premiers ch\u00e2ssis en <a href=\"https:\/\/www.mobilier-design-occasion.fr\/magazine\/avis-mathy-by-bols\/\">bois<\/a> travaill\u00e9. Les menuisiers de l&#8217;\u00e9poque d\u00e9veloppent un <a href=\"https:\/\/www.mobilier-design-occasion.fr\/magazine\/test-avis-sur-poltronesofa\/\">savoir-faire<\/a> remarquable, cr\u00e9ant des pi\u00e8ces sur mesure qui combinent solidit\u00e9 et \u00e9l\u00e9gance. Pour d\u00e9couvrir comment cette tradition perdure aujourd&#8217;hui avec des techniques modernes, vous pouvez <a href=\"https:\/\/td-menuiseries.artetfenetres.com\/\">en savoir plus<\/a> sur les solutions contemporaines de menuiserie. C&#8217;est \u00e0 cette p\u00e9riode que la fen\u00eatre devient un v\u00e9ritable \u00e9l\u00e9ment architectural, participant \u00e0 l&#8217;harmonie des fa\u00e7ades.<\/p>\n\n\n\n<h2 class=\"wp-block-heading\"><span class=\"ez-toc-section\" id=\"La_Revolution_Industrielle_et_la_Democratisation_du_Verre\"><\/span>La R\u00e9volution Industrielle et la D\u00e9mocratisation du Verre<span class=\"ez-toc-section-end\"><\/span><\/h2>\n\n\n\n<p>Le XIXe si\u00e8cle bouleverse la production de fen\u00eatres gr\u00e2ce \u00e0 l&#8217;industrialisation. La fabrication du verre devient plus accessible, permettant la cr\u00e9ation de vitrages de plus grandes dimensions. Les fen\u00eatres \u00e0 guillotine se r\u00e9pandent dans toute l&#8217;Europe et en Am\u00e9rique, tandis que les premi\u00e8res fen\u00eatres oscillo-battantes font leur apparition en Allemagne.<\/p>\n\n\n\n<p>L&#8217;acier et la fonte permettent de cr\u00e9er des structures plus l\u00e9g\u00e8res et r\u00e9sistantes, ouvrant la voie aux grandes verri\u00e8res qui caract\u00e9risent l&#8217;architecture de la fin du XIXe si\u00e8cle. Les gares, les halles et les passages couverts exploitent cette nouvelle possibilit\u00e9 d&#8217;inonder les espaces de <a href=\"https:\/\/www.mobilier-design-occasion.fr\/magazine\/le-charme-discret-de-la-lumiere-tamisee-du-chandelier\/\">lumi\u00e8re<\/a> naturelle.<\/p>\n\n\n\n<h2 class=\"wp-block-heading\"><span class=\"ez-toc-section\" id=\"Le_XXe_Siecle_LEre_des_Materiaux_Modernes\"><\/span>Le XXe Si\u00e8cle : L&#8217;\u00c8re des Mat\u00e9riaux Modernes<span class=\"ez-toc-section-end\"><\/span><\/h2>\n\n\n\n<p>L&#8217;arriv\u00e9e du PVC dans les ann\u00e9es 1950 et de l&#8217;aluminium r\u00e9volutionne le secteur de la menuiserie. Ces mat\u00e9riaux offrent une durabilit\u00e9 accrue, n\u00e9cessitent moins d&#8217;entretien que le bois traditionnel et permettent des formes plus audacieuses. Le double vitrage, d\u00e9velopp\u00e9 dans les ann\u00e9es 1970 en r\u00e9ponse aux chocs p\u00e9troliers, am\u00e9liore consid\u00e9rablement les performances thermiques et acoustiques.<\/p>\n\n\n\n<p>Les ann\u00e9es 1980 et 1990 voient l&#8217;\u00e9mergence de fen\u00eatres aux performances de plus en plus sophistiqu\u00e9es : verres \u00e0 faible \u00e9missivit\u00e9, gaz argon entre les vitrages, rupture de pont thermique pour l&#8217;aluminium. La fen\u00eatre n&#8217;est plus seulement un \u00e9l\u00e9ment esth\u00e9tique mais devient un composant cl\u00e9 de l&#8217;efficacit\u00e9 \u00e9nerg\u00e9tique du b\u00e2timent.<\/p>\n\n\n\n<h2 class=\"wp-block-heading\"><span class=\"ez-toc-section\" id=\"Le_Design_Contemporain_Minimalisme_et_Performance\"><\/span>Le Design Contemporain : Minimalisme et Performance<span class=\"ez-toc-section-end\"><\/span><\/h2>\n\n\n\n<p>Aujourd&#8217;hui, le design des fen\u00eatres r\u00e9pond \u00e0 une qu\u00eate d&#8217;\u00e9pure et de luminosit\u00e9 maximale. Les profil\u00e9s se font de plus en plus fins, les surfaces vitr\u00e9es s&#8217;agrandissent, cr\u00e9ant une continuit\u00e9 entre <a href=\"https:\/\/www.mobilier-design-occasion.fr\/magazine\/envie-dun-interieur-chic-ikea-revele-comment-et-cest-surprenant\/\">int\u00e9rieur<\/a> et <a href=\"https:\/\/www.mobilier-design-occasion.fr\/magazine\/fermob-occasion\/\">ext\u00e9rieur<\/a>. Le <a href=\"https:\/\/www.mobilier-design-occasion.fr\/magazine\/le-petit-lexique-du-mobilier-design\/\">minimalisme<\/a> architectural privil\u00e9gie les grandes baies vitr\u00e9es \u00e0 galandage, les fen\u00eatres d&#8217;angle sans montant ou les syst\u00e8mes de fa\u00e7ades enti\u00e8rement vitr\u00e9es.<\/p>\n\n\n\n<p>Les menuiseries mixtes bois-aluminium combinent le charme et les performances thermiques du bois \u00e0 l&#8217;int\u00e9rieur avec la r\u00e9sistance et le faible entretien de l&#8217;aluminium \u00e0 l&#8217;ext\u00e9rieur. Cette alliance permet de r\u00e9pondre aux exigences esth\u00e9tiques contemporaines tout en respectant les normes environnementales de plus en plus strictes.<\/p>\n\n\n\n<p>Le noir mat, le gris anthracite et les teintes naturelles dominent les tendances actuelles, s&#8217;\u00e9loignant du <a href=\"https:\/\/www.mobilier-design-occasion.fr\/magazine\/reinventez-votre-espace-avec-lelegance-du-blanc-et-la-puissance-du-bois-naturel\/\">blanc<\/a> classique pour apporter du caract\u00e8re aux fa\u00e7ades. Les finitions personnalisables permettent d&#8217;harmoniser parfaitement les menuiseries avec le <a href=\"https:\/\/www.mobilier-design-occasion.fr\/magazine\/mobilier-vintage-les-styles-les-plus-prises\/\">style<\/a> architectural de chaque projet.<\/p>\n\n\n\n<h2 class=\"wp-block-heading\"><span class=\"ez-toc-section\" id=\"Innovation_Technologique_et_Fenetres_Intelligentes\"><\/span>Innovation Technologique et Fen\u00eatres Intelligentes<span class=\"ez-toc-section-end\"><\/span><\/h2>\n\n\n\n<p>La fen\u00eatre du XXIe si\u00e8cle int\u00e8gre les technologies les plus avanc\u00e9es. Le triple vitrage devient la norme dans les constructions passives, offrant des coefficients d&#8217;isolation thermique exceptionnels. Les verres autonettoyants, \u00e0 contr\u00f4le solaire ou \u00e9lectrochromes (qui s&#8217;opacifient \u00e0 la demande) transforment la fen\u00eatre en \u00e9l\u00e9ment actif de la gestion \u00e9nerg\u00e9tique.<\/p>\n\n\n\n<p>Les syst\u00e8mes de motorisation permettent l&#8217;ouverture et la fermeture automatis\u00e9es, programmables selon l&#8217;heure ou les conditions m\u00e9t\u00e9orologiques. Les capteurs int\u00e9gr\u00e9s peuvent mesurer la qualit\u00e9 de l&#8217;air et d\u00e9clencher l&#8217;a\u00e9ration automatique. La domotique connecte les fen\u00eatres au syst\u00e8me global de gestion du b\u00e2timent, optimisant confort et \u00e9conomies d&#8217;\u00e9nergie.<\/p>\n\n\n\n<p>Les innovations en mati\u00e8re de s\u00e9curit\u00e9 ne sont pas en reste : vitrages retardateurs d&#8217;effraction, syst\u00e8mes anti-pincement, verrouillage multipoints et m\u00eame vitres avec films blind\u00e9s int\u00e9gr\u00e9s offrent une protection accrue.<\/p>\n\n\n\n<h2 class=\"wp-block-heading\"><span class=\"ez-toc-section\" id=\"Le_Retour_du_Bois_Tradition_et_Ecologie\"><\/span>Le Retour du Bois : Tradition et \u00c9cologie<span class=\"ez-toc-section-end\"><\/span><\/h2>\n\n\n\n<p>Paradoxalement, alors que les mat\u00e9riaux modernes dominent le march\u00e9, on observe un retour en gr\u00e2ce du bois, mat\u00e9riau traditionnel par excellence. Cette renaissance s&#8217;explique par plusieurs facteurs : l&#8217;excellence de ses performances thermiques naturelles, son bilan carbone positif lorsqu&#8217;il provient de for\u00eats g\u00e9r\u00e9es durablement, et son esth\u00e9tique chaleureuse irrempla\u00e7able.<\/p>\n\n\n\n<p>Les traitements modernes du bois (autoclave, saturateur, lasure haute protection) lui conf\u00e8rent d\u00e9sormais une durabilit\u00e9 comparable aux autres mat\u00e9riaux. Les essences exotiques comme le moabi ou le m\u00e9ranti c\u00f4toient les bois locaux comme le ch\u00eane, le douglas ou le pin trait\u00e9, offrant une palette de textures et de teintes naturelles.<\/p>\n\n\n\n<p>Les menuisiers d&#8217;aujourd&#8217;hui perp\u00e9tuent des techniques ancestrales tout en int\u00e9grant les innovations contemporaines : assemblages traditionnels \u00e0 tenons et mortaises r\u00e9alis\u00e9s avec des machines \u00e0 commande num\u00e9rique, application de finitions \u00e9cologiques \u00e0 base d&#8217;huiles et de cires naturelles, int\u00e9gration de syst\u00e8mes de ferrage haute performance.<\/p>\n\n\n\n<h2 class=\"wp-block-heading\"><span class=\"ez-toc-section\" id=\"LImportance_du_Sur-Mesure_et_de_lArtisanat\"><\/span>L&#8217;Importance du Sur-Mesure et de l&#8217;Artisanat<span class=\"ez-toc-section-end\"><\/span><\/h2>\n\n\n\n<p>Dans un monde de standardisation, la menuiserie sur mesure conserve toute sa pertinence. Chaque b\u00e2timent, qu&#8217;il soit ancien ou contemporain, pr\u00e9sente des sp\u00e9cificit\u00e9s qui n\u00e9cessitent souvent des solutions personnalis\u00e9es. La r\u00e9novation du patrimoine architectural impose le respect des dimensions et des styles d&#8217;origine, tandis que les projets contemporains audacieux demandent des menuiseries aux formes non conventionnelles.<\/p>\n\n\n\n<p>L&#8217;artisan menuisier d&#8217;aujourd&#8217;hui conjugue savoir-faire traditionnel et ma\u00eetrise des outils num\u00e9riques. Les logiciels de conception 3D permettent de visualiser le projet final, les machines \u00e0 commande num\u00e9rique assurent une pr\u00e9cision millim\u00e9trique, mais c&#8217;est l&#8217;\u0153il expert et la main du professionnel qui garantissent la qualit\u00e9 du r\u00e9sultat final.<\/p>\n\n\n\n<h2 class=\"wp-block-heading\"><span class=\"ez-toc-section\" id=\"Vers_un_Avenir_Durable_et_Responsable\"><\/span>Vers un Avenir Durable et Responsable<span class=\"ez-toc-section-end\"><\/span><\/h2>\n\n\n\n<p>L&#8217;avenir de la menuiserie s&#8217;inscrit r\u00e9solument dans une d\u00e9marche de d\u00e9veloppement durable. Les r\u00e9glementations environnementales, comme la RE2020 en <a href=\"https:\/\/www.mobilier-design-occasion.fr\/magazine\/test-avis-sur-ripaton\/\">France<\/a>, imposent des standards de performance \u00e9nerg\u00e9tique toujours plus exigeants. Les fen\u00eatres deviennent des composants essentiels de la construction passive ou \u00e0 \u00e9nergie positive.<\/p>\n\n\n\n<p>Les fabricants innovent en d\u00e9veloppant des profil\u00e9s recyclables, en r\u00e9duisant l&#8217;empreinte carbone de la production et en allongeant la dur\u00e9e de vie des produits. L&#8217;\u00e9conomie circulaire s&#8217;installe progressivement dans le secteur : r\u00e9cup\u00e9ration des anciennes menuiseries, recyclage de l&#8217;aluminium et du PVC, valorisation des chutes de bois.<\/p>\n\n\n\n<p>La fen\u00eatre de demain sera probablement encore plus intelligente : capable de produire de l&#8217;\u00e9lectricit\u00e9 gr\u00e2ce \u00e0 des cellules photovolta\u00efques int\u00e9gr\u00e9es, de purifier l&#8217;air int\u00e9rieur, ou de s&#8217;adapter automatiquement aux conditions climatiques pour optimiser le confort sans intervention humaine.<\/p>\n\n\n\n<hr class=\"wp-block-separator has-alpha-channel-opacity\"\/>\n\n\n\n<p>De la simple ouverture m\u00e9di\u00e9vale aux syst\u00e8mes intelligents d&#8217;aujourd&#8217;hui, la fen\u00eatre a parcouru un chemin extraordinaire. Elle incarne la rencontre entre tradition artisanale et innovation technologique, entre esth\u00e9tique et performance. Qu&#8217;elles soient en bois noble, en aluminium contemporain ou en PVC pratique, les belles fen\u00eatres continuent d&#8217;illuminer nos int\u00e9rieurs tout en racontant l&#8217;histoire fascinante de notre rapport \u00e0 l&#8217;habitat et \u00e0 la lumi\u00e8re. Dans un monde o\u00f9 l&#8217;efficacit\u00e9 \u00e9nerg\u00e9tique et le bien-\u00eatre deviennent prioritaires, la menuiserie de fen\u00eatres n&#8217;a jamais \u00e9t\u00e9 aussi essentielle, alliant l&#8217;h\u00e9ritage des ma\u00eetres artisans d&#8217;autrefois aux exigences environnementales de notre \u00e9poque.<\/p>\n","protected":false},"excerpt":{"rendered":"<p>Les fen\u00eatres sont bien plus que de simples ouvertures dans nos murs. Elles racontent l&#8217;histoire de l&#8217;architecture, refl\u00e8tent les avanc\u00e9es technologiques et incarnent l&#8217;\u00e9volution du design \u00e0 travers les si\u00e8cles. De la simple ouverture m\u00e9di\u00e9vale aux syst\u00e8mes ultra-performants d&#8217;aujourd&#8217;hui, la menuiserie de fen\u00eatres a connu une transformation remarquable qui allie esth\u00e9tique, fonctionnalit\u00e9 et performance \u00e9nerg\u00e9tique. [&hellip;]<\/p>\n","protected":false},"author":2,"featured_media":8747,"comment_status":"open","ping_status":"open","sticky":false,"template":"","format":"standard","meta":{"footnotes":""},"categories":[124],"tags":[],"class_list":["post-8746","post","type-post","status-publish","format-standard","has-post-thumbnail","hentry","category-exterieur"],"yoast_head":"<!-- This site is optimized with the Yoast SEO plugin v27.5 - https:\/\/yoast.com\/product\/yoast-seo-wordpress\/ -->\n<title>L&#039;\u00c9volution des Fen\u00eatres et de la Menuiserie : Entre Tradition et Modernit\u00e9 - Mobilier Design Magazine<\/title>\n<meta name=\"robots\" content=\"index, follow, max-snippet:-1, max-image-preview:large, max-video-preview:-1\" \/>\n<link rel=\"canonical\" href=\"https:\/\/www.mobilier-design-occasion.fr\/magazine\/levolution-des-fenetres-et-de-la-menuiserie-entre-tradition-et-modernite\/\" \/>\n<meta property=\"og:locale\" content=\"fr_FR\" \/>\n<meta property=\"og:type\" content=\"article\" \/>\n<meta property=\"og:title\" content=\"L&#039;\u00c9volution des Fen\u00eatres et de la Menuiserie : Entre Tradition et Modernit\u00e9 - Mobilier Design Magazine\" \/>\n<meta property=\"og:description\" content=\"Les fen\u00eatres sont bien plus que de simples ouvertures dans nos murs. Elles racontent l&#8217;histoire de l&#8217;architecture, refl\u00e8tent les avanc\u00e9es technologiques et incarnent l&#8217;\u00e9volution du design \u00e0 travers les si\u00e8cles. De la simple ouverture m\u00e9di\u00e9vale aux syst\u00e8mes ultra-performants d&#8217;aujourd&#8217;hui, la menuiserie de fen\u00eatres a connu une transformation remarquable qui allie esth\u00e9tique, fonctionnalit\u00e9 et performance \u00e9nerg\u00e9tique. [&hellip;]\" \/>\n<meta property=\"og:url\" content=\"https:\/\/www.mobilier-design-occasion.fr\/magazine\/levolution-des-fenetres-et-de-la-menuiserie-entre-tradition-et-modernite\/\" \/>\n<meta property=\"og:site_name\" content=\"Mobilier Design Magazine\" \/>\n<meta property=\"article:publisher\" content=\"https:\/\/www.facebook.com\/mobilierdesignoccasion\" \/>\n<meta property=\"article:published_time\" content=\"2026-01-19T09:00:38+00:00\" \/>\n<meta property=\"article:modified_time\" content=\"2026-01-19T09:00:39+00:00\" \/>\n<meta property=\"og:image\" content=\"https:\/\/www.mobilier-design-occasion.fr\/magazine\/wp-content\/uploads\/2026\/01\/pexels-fahed-almahmoud-709237081-18328511-scaled.jpg\" \/>\n\t<meta property=\"og:image:width\" content=\"1638\" \/>\n\t<meta property=\"og:image:height\" content=\"2048\" \/>\n\t<meta property=\"og:image:type\" content=\"image\/jpeg\" \/>\n<meta name=\"author\" content=\"Vincent Vandegans\" \/>\n<meta name=\"twitter:card\" content=\"summary_large_image\" \/>\n<meta name=\"twitter:label1\" content=\"\u00c9crit par\" \/>\n\t<meta name=\"twitter:data1\" content=\"Vincent Vandegans\" \/>\n\t<meta name=\"twitter:label2\" content=\"Dur\u00e9e de lecture estim\u00e9e\" \/>\n\t<meta name=\"twitter:data2\" content=\"7 minutes\" \/>\n<script type=\"application\/ld+json\" class=\"yoast-schema-graph\">{\"@context\":\"https:\\\/\\\/schema.org\",\"@graph\":[{\"@type\":\"Article\",\"@id\":\"https:\\\/\\\/www.mobilier-design-occasion.fr\\\/magazine\\\/levolution-des-fenetres-et-de-la-menuiserie-entre-tradition-et-modernite\\\/#article\",\"isPartOf\":{\"@id\":\"https:\\\/\\\/www.mobilier-design-occasion.fr\\\/magazine\\\/levolution-des-fenetres-et-de-la-menuiserie-entre-tradition-et-modernite\\\/\"},\"author\":{\"name\":\"Vincent Vandegans\",\"@id\":\"https:\\\/\\\/www.mobilier-design-occasion.fr\\\/magazine\\\/#\\\/schema\\\/person\\\/af895bedc80bfb6b17730a672fddac9e\"},\"headline\":\"L&#8217;\u00c9volution des Fen\u00eatres et de la Menuiserie : Entre Tradition et Modernit\u00e9\",\"datePublished\":\"2026-01-19T09:00:38+00:00\",\"dateModified\":\"2026-01-19T09:00:39+00:00\",\"mainEntityOfPage\":{\"@id\":\"https:\\\/\\\/www.mobilier-design-occasion.fr\\\/magazine\\\/levolution-des-fenetres-et-de-la-menuiserie-entre-tradition-et-modernite\\\/\"},\"wordCount\":1446,\"commentCount\":0,\"publisher\":{\"@id\":\"https:\\\/\\\/www.mobilier-design-occasion.fr\\\/magazine\\\/#organization\"},\"image\":{\"@id\":\"https:\\\/\\\/www.mobilier-design-occasion.fr\\\/magazine\\\/levolution-des-fenetres-et-de-la-menuiserie-entre-tradition-et-modernite\\\/#primaryimage\"},\"thumbnailUrl\":\"https:\\\/\\\/www.mobilier-design-occasion.fr\\\/magazine\\\/wp-content\\\/uploads\\\/2026\\\/01\\\/pexels-fahed-almahmoud-709237081-18328511-scaled.jpg\",\"articleSection\":[\"Ext\u00e9rieur\"],\"inLanguage\":\"fr-FR\",\"potentialAction\":[{\"@type\":\"CommentAction\",\"name\":\"Comment\",\"target\":[\"https:\\\/\\\/www.mobilier-design-occasion.fr\\\/magazine\\\/levolution-des-fenetres-et-de-la-menuiserie-entre-tradition-et-modernite\\\/#respond\"]}]},{\"@type\":\"WebPage\",\"@id\":\"https:\\\/\\\/www.mobilier-design-occasion.fr\\\/magazine\\\/levolution-des-fenetres-et-de-la-menuiserie-entre-tradition-et-modernite\\\/\",\"url\":\"https:\\\/\\\/www.mobilier-design-occasion.fr\\\/magazine\\\/levolution-des-fenetres-et-de-la-menuiserie-entre-tradition-et-modernite\\\/\",\"name\":\"L'\u00c9volution des Fen\u00eatres et de la Menuiserie : Entre Tradition et Modernit\u00e9 - Mobilier Design Magazine\",\"isPartOf\":{\"@id\":\"https:\\\/\\\/www.mobilier-design-occasion.fr\\\/magazine\\\/#website\"},\"primaryImageOfPage\":{\"@id\":\"https:\\\/\\\/www.mobilier-design-occasion.fr\\\/magazine\\\/levolution-des-fenetres-et-de-la-menuiserie-entre-tradition-et-modernite\\\/#primaryimage\"},\"image\":{\"@id\":\"https:\\\/\\\/www.mobilier-design-occasion.fr\\\/magazine\\\/levolution-des-fenetres-et-de-la-menuiserie-entre-tradition-et-modernite\\\/#primaryimage\"},\"thumbnailUrl\":\"https:\\\/\\\/www.mobilier-design-occasion.fr\\\/magazine\\\/wp-content\\\/uploads\\\/2026\\\/01\\\/pexels-fahed-almahmoud-709237081-18328511-scaled.jpg\",\"datePublished\":\"2026-01-19T09:00:38+00:00\",\"dateModified\":\"2026-01-19T09:00:39+00:00\",\"breadcrumb\":{\"@id\":\"https:\\\/\\\/www.mobilier-design-occasion.fr\\\/magazine\\\/levolution-des-fenetres-et-de-la-menuiserie-entre-tradition-et-modernite\\\/#breadcrumb\"},\"inLanguage\":\"fr-FR\",\"potentialAction\":[{\"@type\":\"ReadAction\",\"target\":[\"https:\\\/\\\/www.mobilier-design-occasion.fr\\\/magazine\\\/levolution-des-fenetres-et-de-la-menuiserie-entre-tradition-et-modernite\\\/\"]}]},{\"@type\":\"ImageObject\",\"inLanguage\":\"fr-FR\",\"@id\":\"https:\\\/\\\/www.mobilier-design-occasion.fr\\\/magazine\\\/levolution-des-fenetres-et-de-la-menuiserie-entre-tradition-et-modernite\\\/#primaryimage\",\"url\":\"https:\\\/\\\/www.mobilier-design-occasion.fr\\\/magazine\\\/wp-content\\\/uploads\\\/2026\\\/01\\\/pexels-fahed-almahmoud-709237081-18328511-scaled.jpg\",\"contentUrl\":\"https:\\\/\\\/www.mobilier-design-occasion.fr\\\/magazine\\\/wp-content\\\/uploads\\\/2026\\\/01\\\/pexels-fahed-almahmoud-709237081-18328511-scaled.jpg\",\"width\":1638,\"height\":2048},{\"@type\":\"BreadcrumbList\",\"@id\":\"https:\\\/\\\/www.mobilier-design-occasion.fr\\\/magazine\\\/levolution-des-fenetres-et-de-la-menuiserie-entre-tradition-et-modernite\\\/#breadcrumb\",\"itemListElement\":[{\"@type\":\"ListItem\",\"position\":1,\"name\":\"Accueil\",\"item\":\"https:\\\/\\\/www.mobilier-design-occasion.fr\\\/magazine\\\/\"},{\"@type\":\"ListItem\",\"position\":2,\"name\":\"L&#8217;\u00c9volution des Fen\u00eatres et de la Menuiserie : Entre Tradition et Modernit\u00e9\"}]},{\"@type\":\"WebSite\",\"@id\":\"https:\\\/\\\/www.mobilier-design-occasion.fr\\\/magazine\\\/#website\",\"url\":\"https:\\\/\\\/www.mobilier-design-occasion.fr\\\/magazine\\\/\",\"name\":\"Mobilier Design Magazine\",\"description\":\"\",\"publisher\":{\"@id\":\"https:\\\/\\\/www.mobilier-design-occasion.fr\\\/magazine\\\/#organization\"},\"potentialAction\":[{\"@type\":\"SearchAction\",\"target\":{\"@type\":\"EntryPoint\",\"urlTemplate\":\"https:\\\/\\\/www.mobilier-design-occasion.fr\\\/magazine\\\/?s={search_term_string}\"},\"query-input\":{\"@type\":\"PropertyValueSpecification\",\"valueRequired\":true,\"valueName\":\"search_term_string\"}}],\"inLanguage\":\"fr-FR\"},{\"@type\":\"Organization\",\"@id\":\"https:\\\/\\\/www.mobilier-design-occasion.fr\\\/magazine\\\/#organization\",\"name\":\"Mobilier Design Magazine\",\"url\":\"https:\\\/\\\/www.mobilier-design-occasion.fr\\\/magazine\\\/\",\"logo\":{\"@type\":\"ImageObject\",\"inLanguage\":\"fr-FR\",\"@id\":\"https:\\\/\\\/www.mobilier-design-occasion.fr\\\/magazine\\\/#\\\/schema\\\/logo\\\/image\\\/\",\"url\":\"https:\\\/\\\/www.mobilier-design-occasion.fr\\\/magazine\\\/wp-content\\\/uploads\\\/2024\\\/02\\\/android-chrome-192x192-1.png\",\"contentUrl\":\"https:\\\/\\\/www.mobilier-design-occasion.fr\\\/magazine\\\/wp-content\\\/uploads\\\/2024\\\/02\\\/android-chrome-192x192-1.png\",\"width\":192,\"height\":192,\"caption\":\"Mobilier Design Magazine\"},\"image\":{\"@id\":\"https:\\\/\\\/www.mobilier-design-occasion.fr\\\/magazine\\\/#\\\/schema\\\/logo\\\/image\\\/\"},\"sameAs\":[\"https:\\\/\\\/www.facebook.com\\\/mobilierdesignoccasion\"]},{\"@type\":\"Person\",\"@id\":\"https:\\\/\\\/www.mobilier-design-occasion.fr\\\/magazine\\\/#\\\/schema\\\/person\\\/af895bedc80bfb6b17730a672fddac9e\",\"name\":\"Vincent Vandegans\",\"image\":{\"@type\":\"ImageObject\",\"inLanguage\":\"fr-FR\",\"@id\":\"https:\\\/\\\/secure.gravatar.com\\\/avatar\\\/b984800dabdf722d5e3f03f637c8932dea77d81118467d17ad2953e3b273ec66?s=96&d=mm&r=g\",\"url\":\"https:\\\/\\\/secure.gravatar.com\\\/avatar\\\/b984800dabdf722d5e3f03f637c8932dea77d81118467d17ad2953e3b273ec66?s=96&d=mm&r=g\",\"contentUrl\":\"https:\\\/\\\/secure.gravatar.com\\\/avatar\\\/b984800dabdf722d5e3f03f637c8932dea77d81118467d17ad2953e3b273ec66?s=96&d=mm&r=g\",\"caption\":\"Vincent Vandegans\"},\"description\":\"Vincent est passionn\u00e9 par les produits d'occasion, il a ouvert le site MDO avec Cyrielle pour aider les gens \u00e0 trouver du mobilier d'occasion, vintage ou usag\u00e9. Depuis, ils ont \u00e9tendu leurs activit\u00e9s et conseillent tout le monde sur le mobilier d'int\u00e9rieur et d'ext\u00e9rieur au quotidien \u00e0 travers le magazine MDO.\",\"url\":\"https:\\\/\\\/www.mobilier-design-occasion.fr\\\/magazine\\\/author\\\/vincent\\\/\"}]}<\/script>\n<!-- \/ Yoast SEO plugin. -->","yoast_head_json":{"title":"L'\u00c9volution des Fen\u00eatres et de la Menuiserie : Entre Tradition et Modernit\u00e9 - Mobilier Design Magazine","robots":{"index":"index","follow":"follow","max-snippet":"max-snippet:-1","max-image-preview":"max-image-preview:large","max-video-preview":"max-video-preview:-1"},"canonical":"https:\/\/www.mobilier-design-occasion.fr\/magazine\/levolution-des-fenetres-et-de-la-menuiserie-entre-tradition-et-modernite\/","og_locale":"fr_FR","og_type":"article","og_title":"L'\u00c9volution des Fen\u00eatres et de la Menuiserie : Entre Tradition et Modernit\u00e9 - Mobilier Design Magazine","og_description":"Les fen\u00eatres sont bien plus que de simples ouvertures dans nos murs. Elles racontent l&#8217;histoire de l&#8217;architecture, refl\u00e8tent les avanc\u00e9es technologiques et incarnent l&#8217;\u00e9volution du design \u00e0 travers les si\u00e8cles. De la simple ouverture m\u00e9di\u00e9vale aux syst\u00e8mes ultra-performants d&#8217;aujourd&#8217;hui, la menuiserie de fen\u00eatres a connu une transformation remarquable qui allie esth\u00e9tique, fonctionnalit\u00e9 et performance \u00e9nerg\u00e9tique. [&hellip;]","og_url":"https:\/\/www.mobilier-design-occasion.fr\/magazine\/levolution-des-fenetres-et-de-la-menuiserie-entre-tradition-et-modernite\/","og_site_name":"Mobilier Design Magazine","article_publisher":"https:\/\/www.facebook.com\/mobilierdesignoccasion","article_published_time":"2026-01-19T09:00:38+00:00","article_modified_time":"2026-01-19T09:00:39+00:00","og_image":[{"width":1638,"height":2048,"url":"https:\/\/www.mobilier-design-occasion.fr\/magazine\/wp-content\/uploads\/2026\/01\/pexels-fahed-almahmoud-709237081-18328511-scaled.jpg","type":"image\/jpeg"}],"author":"Vincent Vandegans","twitter_card":"summary_large_image","twitter_misc":{"\u00c9crit par":"Vincent Vandegans","Dur\u00e9e de lecture estim\u00e9e":"7 minutes"},"schema":{"@context":"https:\/\/schema.org","@graph":[{"@type":"Article","@id":"https:\/\/www.mobilier-design-occasion.fr\/magazine\/levolution-des-fenetres-et-de-la-menuiserie-entre-tradition-et-modernite\/#article","isPartOf":{"@id":"https:\/\/www.mobilier-design-occasion.fr\/magazine\/levolution-des-fenetres-et-de-la-menuiserie-entre-tradition-et-modernite\/"},"author":{"name":"Vincent Vandegans","@id":"https:\/\/www.mobilier-design-occasion.fr\/magazine\/#\/schema\/person\/af895bedc80bfb6b17730a672fddac9e"},"headline":"L&#8217;\u00c9volution des Fen\u00eatres et de la Menuiserie : Entre Tradition et Modernit\u00e9","datePublished":"2026-01-19T09:00:38+00:00","dateModified":"2026-01-19T09:00:39+00:00","mainEntityOfPage":{"@id":"https:\/\/www.mobilier-design-occasion.fr\/magazine\/levolution-des-fenetres-et-de-la-menuiserie-entre-tradition-et-modernite\/"},"wordCount":1446,"commentCount":0,"publisher":{"@id":"https:\/\/www.mobilier-design-occasion.fr\/magazine\/#organization"},"image":{"@id":"https:\/\/www.mobilier-design-occasion.fr\/magazine\/levolution-des-fenetres-et-de-la-menuiserie-entre-tradition-et-modernite\/#primaryimage"},"thumbnailUrl":"https:\/\/www.mobilier-design-occasion.fr\/magazine\/wp-content\/uploads\/2026\/01\/pexels-fahed-almahmoud-709237081-18328511-scaled.jpg","articleSection":["Ext\u00e9rieur"],"inLanguage":"fr-FR","potentialAction":[{"@type":"CommentAction","name":"Comment","target":["https:\/\/www.mobilier-design-occasion.fr\/magazine\/levolution-des-fenetres-et-de-la-menuiserie-entre-tradition-et-modernite\/#respond"]}]},{"@type":"WebPage","@id":"https:\/\/www.mobilier-design-occasion.fr\/magazine\/levolution-des-fenetres-et-de-la-menuiserie-entre-tradition-et-modernite\/","url":"https:\/\/www.mobilier-design-occasion.fr\/magazine\/levolution-des-fenetres-et-de-la-menuiserie-entre-tradition-et-modernite\/","name":"L'\u00c9volution des Fen\u00eatres et de la Menuiserie : Entre Tradition et Modernit\u00e9 - Mobilier Design Magazine","isPartOf":{"@id":"https:\/\/www.mobilier-design-occasion.fr\/magazine\/#website"},"primaryImageOfPage":{"@id":"https:\/\/www.mobilier-design-occasion.fr\/magazine\/levolution-des-fenetres-et-de-la-menuiserie-entre-tradition-et-modernite\/#primaryimage"},"image":{"@id":"https:\/\/www.mobilier-design-occasion.fr\/magazine\/levolution-des-fenetres-et-de-la-menuiserie-entre-tradition-et-modernite\/#primaryimage"},"thumbnailUrl":"https:\/\/www.mobilier-design-occasion.fr\/magazine\/wp-content\/uploads\/2026\/01\/pexels-fahed-almahmoud-709237081-18328511-scaled.jpg","datePublished":"2026-01-19T09:00:38+00:00","dateModified":"2026-01-19T09:00:39+00:00","breadcrumb":{"@id":"https:\/\/www.mobilier-design-occasion.fr\/magazine\/levolution-des-fenetres-et-de-la-menuiserie-entre-tradition-et-modernite\/#breadcrumb"},"inLanguage":"fr-FR","potentialAction":[{"@type":"ReadAction","target":["https:\/\/www.mobilier-design-occasion.fr\/magazine\/levolution-des-fenetres-et-de-la-menuiserie-entre-tradition-et-modernite\/"]}]},{"@type":"ImageObject","inLanguage":"fr-FR","@id":"https:\/\/www.mobilier-design-occasion.fr\/magazine\/levolution-des-fenetres-et-de-la-menuiserie-entre-tradition-et-modernite\/#primaryimage","url":"https:\/\/www.mobilier-design-occasion.fr\/magazine\/wp-content\/uploads\/2026\/01\/pexels-fahed-almahmoud-709237081-18328511-scaled.jpg","contentUrl":"https:\/\/www.mobilier-design-occasion.fr\/magazine\/wp-content\/uploads\/2026\/01\/pexels-fahed-almahmoud-709237081-18328511-scaled.jpg","width":1638,"height":2048},{"@type":"BreadcrumbList","@id":"https:\/\/www.mobilier-design-occasion.fr\/magazine\/levolution-des-fenetres-et-de-la-menuiserie-entre-tradition-et-modernite\/#breadcrumb","itemListElement":[{"@type":"ListItem","position":1,"name":"Accueil","item":"https:\/\/www.mobilier-design-occasion.fr\/magazine\/"},{"@type":"ListItem","position":2,"name":"L&#8217;\u00c9volution des Fen\u00eatres et de la Menuiserie : Entre Tradition et Modernit\u00e9"}]},{"@type":"WebSite","@id":"https:\/\/www.mobilier-design-occasion.fr\/magazine\/#website","url":"https:\/\/www.mobilier-design-occasion.fr\/magazine\/","name":"Mobilier Design Magazine","description":"","publisher":{"@id":"https:\/\/www.mobilier-design-occasion.fr\/magazine\/#organization"},"potentialAction":[{"@type":"SearchAction","target":{"@type":"EntryPoint","urlTemplate":"https:\/\/www.mobilier-design-occasion.fr\/magazine\/?s={search_term_string}"},"query-input":{"@type":"PropertyValueSpecification","valueRequired":true,"valueName":"search_term_string"}}],"inLanguage":"fr-FR"},{"@type":"Organization","@id":"https:\/\/www.mobilier-design-occasion.fr\/magazine\/#organization","name":"Mobilier Design Magazine","url":"https:\/\/www.mobilier-design-occasion.fr\/magazine\/","logo":{"@type":"ImageObject","inLanguage":"fr-FR","@id":"https:\/\/www.mobilier-design-occasion.fr\/magazine\/#\/schema\/logo\/image\/","url":"https:\/\/www.mobilier-design-occasion.fr\/magazine\/wp-content\/uploads\/2024\/02\/android-chrome-192x192-1.png","contentUrl":"https:\/\/www.mobilier-design-occasion.fr\/magazine\/wp-content\/uploads\/2024\/02\/android-chrome-192x192-1.png","width":192,"height":192,"caption":"Mobilier Design Magazine"},"image":{"@id":"https:\/\/www.mobilier-design-occasion.fr\/magazine\/#\/schema\/logo\/image\/"},"sameAs":["https:\/\/www.facebook.com\/mobilierdesignoccasion"]},{"@type":"Person","@id":"https:\/\/www.mobilier-design-occasion.fr\/magazine\/#\/schema\/person\/af895bedc80bfb6b17730a672fddac9e","name":"Vincent Vandegans","image":{"@type":"ImageObject","inLanguage":"fr-FR","@id":"https:\/\/secure.gravatar.com\/avatar\/b984800dabdf722d5e3f03f637c8932dea77d81118467d17ad2953e3b273ec66?s=96&d=mm&r=g","url":"https:\/\/secure.gravatar.com\/avatar\/b984800dabdf722d5e3f03f637c8932dea77d81118467d17ad2953e3b273ec66?s=96&d=mm&r=g","contentUrl":"https:\/\/secure.gravatar.com\/avatar\/b984800dabdf722d5e3f03f637c8932dea77d81118467d17ad2953e3b273ec66?s=96&d=mm&r=g","caption":"Vincent Vandegans"},"description":"Vincent est passionn\u00e9 par les produits d'occasion, il a ouvert le site MDO avec Cyrielle pour aider les gens \u00e0 trouver du mobilier d'occasion, vintage ou usag\u00e9. Depuis, ils ont \u00e9tendu leurs activit\u00e9s et conseillent tout le monde sur le mobilier d'int\u00e9rieur et d'ext\u00e9rieur au quotidien \u00e0 travers le magazine MDO.","url":"https:\/\/www.mobilier-design-occasion.fr\/magazine\/author\/vincent\/"}]}},"_links":{"self":[{"href":"https:\/\/www.mobilier-design-occasion.fr\/magazine\/wp-json\/wp\/v2\/posts\/8746","targetHints":{"allow":["GET"]}}],"collection":[{"href":"https:\/\/www.mobilier-design-occasion.fr\/magazine\/wp-json\/wp\/v2\/posts"}],"about":[{"href":"https:\/\/www.mobilier-design-occasion.fr\/magazine\/wp-json\/wp\/v2\/types\/post"}],"author":[{"embeddable":true,"href":"https:\/\/www.mobilier-design-occasion.fr\/magazine\/wp-json\/wp\/v2\/users\/2"}],"replies":[{"embeddable":true,"href":"https:\/\/www.mobilier-design-occasion.fr\/magazine\/wp-json\/wp\/v2\/comments?post=8746"}],"version-history":[{"count":1,"href":"https:\/\/www.mobilier-design-occasion.fr\/magazine\/wp-json\/wp\/v2\/posts\/8746\/revisions"}],"predecessor-version":[{"id":8748,"href":"https:\/\/www.mobilier-design-occasion.fr\/magazine\/wp-json\/wp\/v2\/posts\/8746\/revisions\/8748"}],"wp:featuredmedia":[{"embeddable":true,"href":"https:\/\/www.mobilier-design-occasion.fr\/magazine\/wp-json\/wp\/v2\/media\/8747"}],"wp:attachment":[{"href":"https:\/\/www.mobilier-design-occasion.fr\/magazine\/wp-json\/wp\/v2\/media?parent=8746"}],"wp:term":[{"taxonomy":"category","embeddable":true,"href":"https:\/\/www.mobilier-design-occasion.fr\/magazine\/wp-json\/wp\/v2\/categories?post=8746"},{"taxonomy":"post_tag","embeddable":true,"href":"https:\/\/www.mobilier-design-occasion.fr\/magazine\/wp-json\/wp\/v2\/tags?post=8746"}],"curies":[{"name":"wp","href":"https:\/\/api.w.org\/{rel}","templated":true}]}}