{"id":8720,"date":"2026-01-05T14:25:52","date_gmt":"2026-01-05T14:25:52","guid":{"rendered":"https:\/\/www.mobilier-design-occasion.fr\/magazine\/reveler-le-style-dune-piece-grace-aux-ouvertures-transformer-lespace-avec-elegance\/"},"modified":"2026-01-05T14:25:52","modified_gmt":"2026-01-05T14:25:52","slug":"reveler-le-style-dune-piece-grace-aux-ouvertures-transformer-lespace-avec-elegance","status":"publish","type":"post","link":"https:\/\/www.mobilier-design-occasion.fr\/magazine\/reveler-le-style-dune-piece-grace-aux-ouvertures-transformer-lespace-avec-elegance\/","title":{"rendered":"R\u00e9v\u00e9ler le style d\u2019une pi\u00e8ce gr\u00e2ce aux ouvertures : transformer l\u2019espace avec \u00e9l\u00e9gance"},"content":{"rendered":"<p>Mettre en valeur une pi&egrave;ce passe bien souvent par le <strong>choix des ouvertures<\/strong>. Fen&ecirc;tres, baies vitr&eacute;es, verri&egrave;res ou arcs apportent non seulement de la <strong>lumi&egrave;re naturelle<\/strong>, mais red&eacute;finissent aussi l&rsquo;<strong>organisation<\/strong> et le caract&egrave;re de l&rsquo;int&eacute;rieur. R&eacute;ussir &agrave; int&eacute;grer harmonieusement ces <strong>&eacute;l&eacute;ments architecturaux<\/strong> est un atout pour valoriser la <strong>d&eacute;coration int&eacute;rieure<\/strong> et donner du cachet &agrave; chaque espace. D&eacute;couvrons ensemble comment r&eacute;v&eacute;ler tout le potentiel de votre pi&egrave;ce gr&acirc;ce &agrave; des ouvertures astucieusement choisies.<\/p>\n<h2><span class=\"ez-toc-section\" id=\"Decrypter_linfluence_des_ouvertures_sur_le_style_et_la_decoration_interieure\"><\/span>D&eacute;crypter l&rsquo;influence des ouvertures sur le style et la d&eacute;coration int&eacute;rieure<span class=\"ez-toc-section-end\"><\/span><\/h2><div id=\"ez-toc-container\" class=\"ez-toc-v2_0_82_2 counter-hierarchy ez-toc-counter ez-toc-grey ez-toc-container-direction\">\n<div class=\"ez-toc-title-container\">\n<span class=\"ez-toc-title-toggle\"><a href=\"#\" class=\"ez-toc-pull-right ez-toc-btn ez-toc-btn-xs ez-toc-btn-default ez-toc-toggle\" aria-label=\"Toggle Table of Content\"><span class=\"ez-toc-js-icon-con\"><span class=\"\"><span class=\"eztoc-hide\" style=\"display:none;\">Toggle<\/span><span class=\"ez-toc-icon-toggle-span\"><svg style=\"fill: #999;color:#999\" xmlns=\"http:\/\/www.w3.org\/2000\/svg\" class=\"list-377408\" width=\"20px\" height=\"20px\" viewBox=\"0 0 24 24\" fill=\"none\"><path d=\"M6 6H4v2h2V6zm14 0H8v2h12V6zM4 11h2v2H4v-2zm16 0H8v2h12v-2zM4 16h2v2H4v-2zm16 0H8v2h12v-2z\" fill=\"currentColor\"><\/path><\/svg><svg style=\"fill: #999;color:#999\" class=\"arrow-unsorted-368013\" xmlns=\"http:\/\/www.w3.org\/2000\/svg\" width=\"10px\" height=\"10px\" viewBox=\"0 0 24 24\" version=\"1.2\" baseProfile=\"tiny\"><path d=\"M18.2 9.3l-6.2-6.3-6.2 6.3c-.2.2-.3.4-.3.7s.1.5.3.7c.2.2.4.3.7.3h11c.3 0 .5-.1.7-.3.2-.2.3-.5.3-.7s-.1-.5-.3-.7zM5.8 14.7l6.2 6.3 6.2-6.3c.2-.2.3-.5.3-.7s-.1-.5-.3-.7c-.2-.2-.4-.3-.7-.3h-11c-.3 0-.5.1-.7.3-.2.2-.3.5-.3.7s.1.5.3.7z\"\/><\/svg><\/span><\/span><\/span><\/a><\/span><\/div>\n<nav><ul class='ez-toc-list ez-toc-list-level-1 eztoc-toggle-hide-by-default' ><li class='ez-toc-page-1 ez-toc-heading-level-2'><a class=\"ez-toc-link ez-toc-heading-1\" href=\"https:\/\/www.mobilier-design-occasion.fr\/magazine\/reveler-le-style-dune-piece-grace-aux-ouvertures-transformer-lespace-avec-elegance\/#Decrypter_linfluence_des_ouvertures_sur_le_style_et_la_decoration_interieure\" >D&eacute;crypter l&rsquo;influence des ouvertures sur le style et la d&eacute;coration int&eacute;rieure<\/a><\/li><li class='ez-toc-page-1 ez-toc-heading-level-2'><a class=\"ez-toc-link ez-toc-heading-2\" href=\"https:\/\/www.mobilier-design-occasion.fr\/magazine\/reveler-le-style-dune-piece-grace-aux-ouvertures-transformer-lespace-avec-elegance\/#Comment_choisir_les_ouvertures_pour_valoriser_la_decoration_interieure\" >Comment choisir les ouvertures pour valoriser la d&eacute;coration int&eacute;rieure ?<\/a><ul class='ez-toc-list-level-3' ><li class='ez-toc-heading-level-3'><a class=\"ez-toc-link ez-toc-heading-3\" href=\"https:\/\/www.mobilier-design-occasion.fr\/magazine\/reveler-le-style-dune-piece-grace-aux-ouvertures-transformer-lespace-avec-elegance\/#Ou_installer_les_verrieres_et_pourquoi_privilegier_cette_solution\" >O&ugrave; installer les verri&egrave;res et pourquoi privil&eacute;gier cette solution ?<\/a><\/li><li class='ez-toc-page-1 ez-toc-heading-level-3'><a class=\"ez-toc-link ez-toc-heading-4\" href=\"https:\/\/www.mobilier-design-occasion.fr\/magazine\/reveler-le-style-dune-piece-grace-aux-ouvertures-transformer-lespace-avec-elegance\/#Pourquoi_opter_pour_des_arcs_et_ouvertures_arrondies\" >Pourquoi opter pour des arcs et ouvertures arrondies ?<\/a><\/li><\/ul><\/li><li class='ez-toc-page-1 ez-toc-heading-level-2'><a class=\"ez-toc-link ez-toc-heading-5\" href=\"https:\/\/www.mobilier-design-occasion.fr\/magazine\/reveler-le-style-dune-piece-grace-aux-ouvertures-transformer-lespace-avec-elegance\/#Maitriser_proportions_et_organisation_grace_aux_ouvertures_architecturales\" >Ma&icirc;triser proportions et organisation gr&acirc;ce aux ouvertures architecturales<\/a><ul class='ez-toc-list-level-3' ><li class='ez-toc-heading-level-3'><a class=\"ez-toc-link ez-toc-heading-6\" href=\"https:\/\/www.mobilier-design-occasion.fr\/magazine\/reveler-le-style-dune-piece-grace-aux-ouvertures-transformer-lespace-avec-elegance\/#Comment_utiliser_les_cloisons_et_separations_sans_compromettre_la_lumiere_naturelle\" >Comment utiliser les cloisons et s&eacute;parations sans compromettre la lumi&egrave;re naturelle ?<\/a><\/li><li class='ez-toc-page-1 ez-toc-heading-level-3'><a class=\"ez-toc-link ez-toc-heading-7\" href=\"https:\/\/www.mobilier-design-occasion.fr\/magazine\/reveler-le-style-dune-piece-grace-aux-ouvertures-transformer-lespace-avec-elegance\/#Amenagement_interieur_quelles_astuces_pour_tirer_parti_des_ouvertures\" >Am&eacute;nagement int&eacute;rieur : quelles astuces pour tirer parti des ouvertures ?<\/a><\/li><\/ul><\/li><li class='ez-toc-page-1 ez-toc-heading-level-2'><a class=\"ez-toc-link ez-toc-heading-8\" href=\"https:\/\/www.mobilier-design-occasion.fr\/magazine\/reveler-le-style-dune-piece-grace-aux-ouvertures-transformer-lespace-avec-elegance\/#Sinspirer_des_tendances_pour_repenser_ses_ouvertures_architecturales\" >S&rsquo;inspirer des tendances pour repenser ses ouvertures architecturales<\/a><\/li><\/ul><\/nav><\/div>\n\n<p>Les <strong>ouvertures architecturales<\/strong> jouent un r&ocirc;le cl&eacute; dans l&rsquo;ambiance g&eacute;n&eacute;rale d&rsquo;un lieu. Leur influence ne se limite pas simplement &agrave; faire entrer la lumi&egrave;re, elles fixent aussi le ton du <strong>style choisi<\/strong>. Il suffit parfois d&rsquo;opter pour une grande baie vitr&eacute;e ou de remplacer une ancienne fen&ecirc;tre par une version contemporaine pour moderniser imm&eacute;diatement l&rsquo;atmosph&egrave;re d&rsquo;une pi&egrave;ce.<\/p>\n<p>Au-del&agrave; de faire circuler la <strong>lumi&egrave;re naturelle<\/strong>, les ouvertures deviennent de v&eacute;ritables instruments de <strong>home staging<\/strong> et relooking. Changer leur forme, trame ou position peut allonger visuellement une pi&egrave;ce, offrir une vue d&eacute;gag&eacute;e sur l&rsquo;ext&eacute;rieur ou mettre en sc&egrave;ne un coin lecture cosy. Ce sont autant de moyens subtils de <strong>structurer<\/strong> et personnaliser son int&eacute;rieur sans recourir &agrave; de gros travaux.<\/p>\n<h2><span class=\"ez-toc-section\" id=\"Comment_choisir_les_ouvertures_pour_valoriser_la_decoration_interieure\"><\/span>Comment choisir les ouvertures pour valoriser la d&eacute;coration int&eacute;rieure ?<span class=\"ez-toc-section-end\"><\/span><\/h2>\n<p><strong>Choisir les bonnes ouvertures<\/strong>, c&rsquo;est avant tout savoir observer la pi&egrave;ce. Prendre en compte la forme du mur, l&rsquo;orientation lumineuse et les besoins en intimit&eacute; permet de s&eacute;lectionner un mod&egrave;le en parfaite ad&eacute;quation avec l&rsquo;<strong>am&eacute;nagement int&eacute;rieur<\/strong> souhait&eacute;. Plus l&rsquo;ouverture est adapt&eacute;e, plus l&rsquo;on cr&eacute;e une atmosph&egrave;re coh&eacute;rente et unique.<\/p>\n<p>M&ecirc;ler <strong>style<\/strong> et praticit&eacute; reste essentiel. Par exemple, une fen&ecirc;tre aux lignes &eacute;pur&eacute;es s&rsquo;int&eacute;grera facilement dans un salon contemporain alors qu&rsquo;une <strong>ouverture arrondie<\/strong> soulignera l&rsquo;esprit chaleureux d&rsquo;un espace plus classique. Penser &agrave; harmoniser couleur, mat&eacute;riau et forme des <strong>menuiseries<\/strong> facilite grandement la transition entre l&rsquo;ext&eacute;rieur et l&rsquo;int&eacute;rieur. S&rsquo;inspirer de solutions innovantes, comme celles propos&eacute;es sur des sites sp&eacute;cialis&eacute;s, aide &agrave; concevoir un projet design global et harmonieux. Pour ceux qui recherchent des inspirations adapt&eacute;es &agrave; tous types de projets, il est int&eacute;ressant de consulter <a href=\"https:\/\/www.tryba.com\/\">https:\/\/www.tryba.com\/<\/a>.<\/p>\n<h3><span class=\"ez-toc-section\" id=\"Ou_installer_les_verrieres_et_pourquoi_privilegier_cette_solution\"><\/span>O&ugrave; installer les verri&egrave;res et pourquoi privil&eacute;gier cette solution ?<span class=\"ez-toc-section-end\"><\/span><\/h3>\n<p>La <strong>verri&egrave;re<\/strong> s&rsquo;impose dans de nombreux projets d&rsquo;<strong>am&eacute;nagement int&eacute;rieur<\/strong>. Offrant luminosit&eacute; et sensation d&rsquo;espace, elle sert &eacute;galement &agrave; <strong>d&eacute;limiter les espaces ouverts<\/strong> tout en pr&eacute;servant un effet convivial. Ce type d&rsquo;ouverture architecturale convient particuli&egrave;rement aux cuisines c&ocirc;t&eacute; s&eacute;jour ou pour s&eacute;parer une entr&eacute;e sans sacrifier la lumi&egrave;re naturelle essentielle au confort de vie.<\/p>\n<p>Avec les <strong>verri&egrave;res<\/strong>, il devient simple de jouer sur les volumes. Elles cr&eacute;ent une <strong>cloison transparente<\/strong> qui distingue chaque zone tout en rendant possible un am&eacute;nagement fluide et a&eacute;r&eacute;. Le look industriel d&rsquo;une structure noire ou le charme boh&egrave;me d&rsquo;une finition bois offrent aussi de multiples options d&eacute;co &agrave; explorer selon l&rsquo;univers souhait&eacute;.<\/p>\n<h3><span class=\"ez-toc-section\" id=\"Pourquoi_opter_pour_des_arcs_et_ouvertures_arrondies\"><\/span>Pourquoi opter pour des arcs et ouvertures arrondies ?<span class=\"ez-toc-section-end\"><\/span><\/h3>\n<p>Introduire des <strong>arcs<\/strong> ou des <strong>ouvertures arrondies<\/strong> ajoute une vraie originalit&eacute; &agrave; un int&eacute;rieur. Ces formes douces et accueillantes temp&egrave;rent les lignes rigides des murs droits. Un arc peut servir &agrave; relier deux pi&egrave;ces comme un salon et salle &agrave; manger, favorisera la circulation et donnera &agrave; l&rsquo;ensemble une signature singuli&egrave;re pleine de douceur.<\/p>\n<p>L&rsquo;avantage des <strong>ouvertures arrondies<\/strong> r&eacute;side aussi dans leur capacit&eacute; &agrave; capter la lumi&egrave;re sous plusieurs angles, contribuant ainsi &agrave; renforcer la <strong>luminosit&eacute; naturelle<\/strong>. Associ&eacute;es &agrave; des couleurs claires et des mat&eacute;riaux bruts, elles instaurent instantan&eacute;ment une ambiance raffin&eacute;e et apaisante propice &agrave; la d&eacute;tente.<\/p>\n<h2><span class=\"ez-toc-section\" id=\"Maitriser_proportions_et_organisation_grace_aux_ouvertures_architecturales\"><\/span>Ma&icirc;triser proportions et organisation gr&acirc;ce aux ouvertures architecturales<span class=\"ez-toc-section-end\"><\/span><\/h2>\n<p>Bien dimensionner ses <strong>ouvertures<\/strong> impacte consid&eacute;rablement la perception de l&rsquo;espace. Des fen&ecirc;tres trop petites &eacute;touffent une pi&egrave;ce alors que des <strong>ouvertures verticales<\/strong> &eacute;lancent visuellement les plafonds. Pour pr&eacute;server &eacute;quilibre et esth&eacute;tique, il vaut mieux penser proportions d&egrave;s la conception du projet.<\/p>\n<p>Associer diff&eacute;rentes tailles d&rsquo;<strong>ouvertures architecturales<\/strong> permet aussi de rythmer le regard, attirer l&rsquo;attention vers l&rsquo;ext&eacute;rieur ou souligner une belle hauteur sous plafond. Une <strong>baie panoramique<\/strong> oriente la pi&egrave;ce vers le jardin tandis qu&rsquo;une succession de petites fen&ecirc;tres installe une ambiance intimiste et modulable selon les moments de la journ&eacute;e.<\/p>\n<h3><span class=\"ez-toc-section\" id=\"Comment_utiliser_les_cloisons_et_separations_sans_compromettre_la_lumiere_naturelle\"><\/span>Comment utiliser les cloisons et s&eacute;parations sans compromettre la lumi&egrave;re naturelle ?<span class=\"ez-toc-section-end\"><\/span><\/h3>\n<p>S&eacute;parer les espaces ne doit pas condamner la <strong>luminosit&eacute;<\/strong>. Au contraire, exploiter des <strong>demi-cloisons vitr&eacute;es<\/strong> ouvre de nouvelles perspectives, parfaites pour un bureau derri&egrave;re un salon, une suite parentale avec salle de bain attenante ou encore pour cr&eacute;er un coin jeu lumineux pour les enfants.<\/p>\n<p>Certaines <strong>ouvertures int&eacute;rieures<\/strong> servent m&ecirc;me de v&eacute;ritables &oelig;uvres d&eacute;coratives. Avec des formes atypiques, des vitraux color&eacute;s ou des motifs graphiques, une simple s&eacute;paration peut donner du relief &agrave; l&rsquo;ensemble et devenir un &eacute;l&eacute;ment phare de la <strong>d&eacute;coration int&eacute;rieure<\/strong>.<\/p>\n<h3><span class=\"ez-toc-section\" id=\"Amenagement_interieur_quelles_astuces_pour_tirer_parti_des_ouvertures\"><\/span>Am&eacute;nagement int&eacute;rieur : quelles astuces pour tirer parti des ouvertures ?<span class=\"ez-toc-section-end\"><\/span><\/h3>\n<p>Agencer son mobilier autour des <strong>points lumineux<\/strong> accommode le quotidien et optimise le potentiel des <strong>ouvertures<\/strong>. Installer un fauteuil pr&egrave;s d&rsquo;une large fen&ecirc;tre pour lire, placer la table &agrave; manger face &agrave; la baie pour profiter d&rsquo;un coucher de soleil ou aligner les cadres sur un mur travers&eacute; de lumi&egrave;re multiplient les effets positifs.<\/p>\n<p>Valoriser chaque ouverture par des <strong>stores adapt&eacute;s<\/strong>, des voilages travaill&eacute;s ou un encadrement design rend l&rsquo;ensemble encore plus attrayant. Les rideaux qui effleurent le sol, les rebords transform&eacute;s en &eacute;tag&egrave;res d&eacute;co et les luminaires qui prolongent l&rsquo;effet jour rendent la pi&egrave;ce vivante &agrave; toute heure.<\/p>\n<ul>\n<li><strong>Cr&eacute;er des contrastes<\/strong> entre ouvertures modernes et meubles anciens pour un style &eacute;clectique.<\/li>\n<li>Opter pour des <strong>huisseries sombres<\/strong> afin de structurer visuellement un espace blanc.<\/li>\n<li>Souligner la <strong>hauteur sous plafond<\/strong> avec des ouvertures verticales &eacute;lanc&eacute;es.<\/li>\n<li>R&eacute;aliser un <strong>home staging efficace<\/strong> avec quelques changements dans les formes des ouvertures.<\/li>\n<li>Int&eacute;grer <strong>verri&egrave;res et arches<\/strong> pour organiser subtilement les espaces sans fermer compl&egrave;tement.<\/li>\n<\/ul>\n<h2><span class=\"ez-toc-section\" id=\"Sinspirer_des_tendances_pour_repenser_ses_ouvertures_architecturales\"><\/span>S&rsquo;inspirer des tendances pour repenser ses ouvertures architecturales<span class=\"ez-toc-section-end\"><\/span><\/h2>\n<p>Les id&eacute;es foisonnent lorsqu&rsquo;il s&rsquo;agit d&rsquo;exploiter le potentiel des <strong>ouvertures architecturales<\/strong> dans un habitat. Mixer <strong>verri&egrave;re atelier<\/strong> et arc r&eacute;tro, multiplier les petits hublots ou oser la porte-fen&ecirc;tre surdimensionn&eacute;e dynamise visuellement un lieu. L&rsquo;objectif consiste &agrave; trouver un &eacute;quilibre entre <strong>personnalisation<\/strong>, fonctionnalit&eacute; et coh&eacute;rence stylistique.<\/p>\n<p>Explorer les tendances du <strong>home staging<\/strong> ou prendre exemple sur des r&eacute;alisations professionnelles aide &agrave; franchir le pas. M&ecirc;me en r&eacute;novation, modifier judicieusement une ouverture peut apporter une nouveaut&eacute; remarquable tout en am&eacute;liorant le confort au quotidien. La libert&eacute; offerte par ces touches architecturales permet de composer un <strong>int&eacute;rieur vivant<\/strong>, o&ugrave; chaque d&eacute;tail compte. S&rsquo;inspirer de solutions trouv&eacute;es aupr&egrave;s de sp&eacute;cialistes reconnus, comme ceux visibles sur Tryba, aide &agrave; r&eacute;ussir l&rsquo;int&eacute;gration des menuiseries dans un projet design global et &agrave; sublimer chaque pi&egrave;ce.<\/p>\n","protected":false},"excerpt":{"rendered":"<p>Mettre en valeur une pi&egrave;ce passe bien souvent par le choix des ouvertures. Fen&ecirc;tres, baies vitr&eacute;es, verri&egrave;res ou arcs apportent non seulement de la lumi&egrave;re naturelle, mais red&eacute;finissent aussi l&rsquo;organisation et le caract&egrave;re de l&rsquo;int&eacute;rieur. R&eacute;ussir &agrave; int&eacute;grer harmonieusement ces &eacute;l&eacute;ments architecturaux est un atout pour valoriser la d&eacute;coration int&eacute;rieure et donner du cachet &agrave; [&hellip;]<\/p>\n","protected":false},"author":2,"featured_media":8722,"comment_status":"open","ping_status":"open","sticky":false,"template":"","format":"standard","meta":{"footnotes":""},"categories":[2],"tags":[],"class_list":["post-8720","post","type-post","status-publish","format-standard","has-post-thumbnail","hentry","category-tendances"],"yoast_head":"<!-- This site is optimized with the Yoast SEO plugin v27.5 - https:\/\/yoast.com\/product\/yoast-seo-wordpress\/ -->\n<title>Transformez votre espace avec \u00e9l\u00e9gance gr\u00e2ce aux ouvertures<\/title>\n<meta name=\"description\" content=\"D\u00e9couvrez comment les ouvertures architecturales valorisent la d\u00e9coration int\u00e9rieure et apportent lumi\u00e8re et style \u00e0 chaque pi\u00e8ce de votre maison\" \/>\n<meta name=\"robots\" content=\"index, follow, max-snippet:-1, max-image-preview:large, max-video-preview:-1\" \/>\n<link rel=\"canonical\" href=\"https:\/\/www.mobilier-design-occasion.fr\/magazine\/reveler-le-style-dune-piece-grace-aux-ouvertures-transformer-lespace-avec-elegance\/\" \/>\n<meta property=\"og:locale\" content=\"fr_FR\" \/>\n<meta property=\"og:type\" content=\"article\" \/>\n<meta property=\"og:title\" content=\"Transformez votre espace avec \u00e9l\u00e9gance gr\u00e2ce aux ouvertures\" \/>\n<meta property=\"og:description\" content=\"D\u00e9couvrez comment les ouvertures architecturales valorisent la d\u00e9coration int\u00e9rieure et apportent lumi\u00e8re et style \u00e0 chaque pi\u00e8ce de votre maison\" \/>\n<meta property=\"og:url\" content=\"https:\/\/www.mobilier-design-occasion.fr\/magazine\/reveler-le-style-dune-piece-grace-aux-ouvertures-transformer-lespace-avec-elegance\/\" \/>\n<meta property=\"og:site_name\" content=\"Mobilier Design Magazine\" \/>\n<meta property=\"article:publisher\" content=\"https:\/\/www.facebook.com\/mobilierdesignoccasion\" \/>\n<meta property=\"article:published_time\" content=\"2026-01-05T14:25:52+00:00\" \/>\n<meta property=\"og:image\" content=\"https:\/\/www.mobilier-design-occasion.fr\/magazine\/wp-content\/uploads\/2026\/01\/900cd9dcd89a1c5ae49abf1c2abb681a.jpg\" \/>\n\t<meta property=\"og:image:width\" content=\"1200\" \/>\n\t<meta property=\"og:image:height\" content=\"800\" \/>\n\t<meta property=\"og:image:type\" content=\"image\/jpeg\" \/>\n<meta name=\"author\" content=\"Vincent Vandegans\" \/>\n<meta name=\"twitter:card\" content=\"summary_large_image\" \/>\n<meta name=\"twitter:label1\" content=\"\u00c9crit par\" \/>\n\t<meta name=\"twitter:data1\" content=\"Vincent Vandegans\" \/>\n\t<meta name=\"twitter:label2\" content=\"Dur\u00e9e de lecture estim\u00e9e\" \/>\n\t<meta name=\"twitter:data2\" content=\"8 minutes\" \/>\n<script type=\"application\/ld+json\" class=\"yoast-schema-graph\">{\"@context\":\"https:\\\/\\\/schema.org\",\"@graph\":[{\"@type\":\"Article\",\"@id\":\"https:\\\/\\\/www.mobilier-design-occasion.fr\\\/magazine\\\/reveler-le-style-dune-piece-grace-aux-ouvertures-transformer-lespace-avec-elegance\\\/#article\",\"isPartOf\":{\"@id\":\"https:\\\/\\\/www.mobilier-design-occasion.fr\\\/magazine\\\/reveler-le-style-dune-piece-grace-aux-ouvertures-transformer-lespace-avec-elegance\\\/\"},\"author\":{\"name\":\"Vincent Vandegans\",\"@id\":\"https:\\\/\\\/www.mobilier-design-occasion.fr\\\/magazine\\\/#\\\/schema\\\/person\\\/af895bedc80bfb6b17730a672fddac9e\"},\"headline\":\"R\u00e9v\u00e9ler le style d\u2019une pi\u00e8ce gr\u00e2ce aux ouvertures : transformer l\u2019espace avec \u00e9l\u00e9gance\",\"datePublished\":\"2026-01-05T14:25:52+00:00\",\"mainEntityOfPage\":{\"@id\":\"https:\\\/\\\/www.mobilier-design-occasion.fr\\\/magazine\\\/reveler-le-style-dune-piece-grace-aux-ouvertures-transformer-lespace-avec-elegance\\\/\"},\"wordCount\":1519,\"commentCount\":0,\"publisher\":{\"@id\":\"https:\\\/\\\/www.mobilier-design-occasion.fr\\\/magazine\\\/#organization\"},\"image\":{\"@id\":\"https:\\\/\\\/www.mobilier-design-occasion.fr\\\/magazine\\\/reveler-le-style-dune-piece-grace-aux-ouvertures-transformer-lespace-avec-elegance\\\/#primaryimage\"},\"thumbnailUrl\":\"https:\\\/\\\/www.mobilier-design-occasion.fr\\\/magazine\\\/wp-content\\\/uploads\\\/2026\\\/01\\\/900cd9dcd89a1c5ae49abf1c2abb681a.jpg\",\"articleSection\":[\"Tendances\"],\"inLanguage\":\"fr-FR\",\"potentialAction\":[{\"@type\":\"CommentAction\",\"name\":\"Comment\",\"target\":[\"https:\\\/\\\/www.mobilier-design-occasion.fr\\\/magazine\\\/reveler-le-style-dune-piece-grace-aux-ouvertures-transformer-lespace-avec-elegance\\\/#respond\"]}]},{\"@type\":\"WebPage\",\"@id\":\"https:\\\/\\\/www.mobilier-design-occasion.fr\\\/magazine\\\/reveler-le-style-dune-piece-grace-aux-ouvertures-transformer-lespace-avec-elegance\\\/\",\"url\":\"https:\\\/\\\/www.mobilier-design-occasion.fr\\\/magazine\\\/reveler-le-style-dune-piece-grace-aux-ouvertures-transformer-lespace-avec-elegance\\\/\",\"name\":\"Transformez votre espace avec \u00e9l\u00e9gance gr\u00e2ce aux ouvertures\",\"isPartOf\":{\"@id\":\"https:\\\/\\\/www.mobilier-design-occasion.fr\\\/magazine\\\/#website\"},\"primaryImageOfPage\":{\"@id\":\"https:\\\/\\\/www.mobilier-design-occasion.fr\\\/magazine\\\/reveler-le-style-dune-piece-grace-aux-ouvertures-transformer-lespace-avec-elegance\\\/#primaryimage\"},\"image\":{\"@id\":\"https:\\\/\\\/www.mobilier-design-occasion.fr\\\/magazine\\\/reveler-le-style-dune-piece-grace-aux-ouvertures-transformer-lespace-avec-elegance\\\/#primaryimage\"},\"thumbnailUrl\":\"https:\\\/\\\/www.mobilier-design-occasion.fr\\\/magazine\\\/wp-content\\\/uploads\\\/2026\\\/01\\\/900cd9dcd89a1c5ae49abf1c2abb681a.jpg\",\"datePublished\":\"2026-01-05T14:25:52+00:00\",\"description\":\"D\u00e9couvrez comment les ouvertures architecturales valorisent la d\u00e9coration int\u00e9rieure et apportent lumi\u00e8re et style \u00e0 chaque pi\u00e8ce de votre maison\",\"breadcrumb\":{\"@id\":\"https:\\\/\\\/www.mobilier-design-occasion.fr\\\/magazine\\\/reveler-le-style-dune-piece-grace-aux-ouvertures-transformer-lespace-avec-elegance\\\/#breadcrumb\"},\"inLanguage\":\"fr-FR\",\"potentialAction\":[{\"@type\":\"ReadAction\",\"target\":[\"https:\\\/\\\/www.mobilier-design-occasion.fr\\\/magazine\\\/reveler-le-style-dune-piece-grace-aux-ouvertures-transformer-lespace-avec-elegance\\\/\"]}]},{\"@type\":\"ImageObject\",\"inLanguage\":\"fr-FR\",\"@id\":\"https:\\\/\\\/www.mobilier-design-occasion.fr\\\/magazine\\\/reveler-le-style-dune-piece-grace-aux-ouvertures-transformer-lespace-avec-elegance\\\/#primaryimage\",\"url\":\"https:\\\/\\\/www.mobilier-design-occasion.fr\\\/magazine\\\/wp-content\\\/uploads\\\/2026\\\/01\\\/900cd9dcd89a1c5ae49abf1c2abb681a.jpg\",\"contentUrl\":\"https:\\\/\\\/www.mobilier-design-occasion.fr\\\/magazine\\\/wp-content\\\/uploads\\\/2026\\\/01\\\/900cd9dcd89a1c5ae49abf1c2abb681a.jpg\",\"width\":1200,\"height\":800},{\"@type\":\"BreadcrumbList\",\"@id\":\"https:\\\/\\\/www.mobilier-design-occasion.fr\\\/magazine\\\/reveler-le-style-dune-piece-grace-aux-ouvertures-transformer-lespace-avec-elegance\\\/#breadcrumb\",\"itemListElement\":[{\"@type\":\"ListItem\",\"position\":1,\"name\":\"Accueil\",\"item\":\"https:\\\/\\\/www.mobilier-design-occasion.fr\\\/magazine\\\/\"},{\"@type\":\"ListItem\",\"position\":2,\"name\":\"R\u00e9v\u00e9ler le style d\u2019une pi\u00e8ce gr\u00e2ce aux ouvertures : transformer l\u2019espace avec \u00e9l\u00e9gance\"}]},{\"@type\":\"WebSite\",\"@id\":\"https:\\\/\\\/www.mobilier-design-occasion.fr\\\/magazine\\\/#website\",\"url\":\"https:\\\/\\\/www.mobilier-design-occasion.fr\\\/magazine\\\/\",\"name\":\"Mobilier Design Magazine\",\"description\":\"\",\"publisher\":{\"@id\":\"https:\\\/\\\/www.mobilier-design-occasion.fr\\\/magazine\\\/#organization\"},\"potentialAction\":[{\"@type\":\"SearchAction\",\"target\":{\"@type\":\"EntryPoint\",\"urlTemplate\":\"https:\\\/\\\/www.mobilier-design-occasion.fr\\\/magazine\\\/?s={search_term_string}\"},\"query-input\":{\"@type\":\"PropertyValueSpecification\",\"valueRequired\":true,\"valueName\":\"search_term_string\"}}],\"inLanguage\":\"fr-FR\"},{\"@type\":\"Organization\",\"@id\":\"https:\\\/\\\/www.mobilier-design-occasion.fr\\\/magazine\\\/#organization\",\"name\":\"Mobilier Design Magazine\",\"url\":\"https:\\\/\\\/www.mobilier-design-occasion.fr\\\/magazine\\\/\",\"logo\":{\"@type\":\"ImageObject\",\"inLanguage\":\"fr-FR\",\"@id\":\"https:\\\/\\\/www.mobilier-design-occasion.fr\\\/magazine\\\/#\\\/schema\\\/logo\\\/image\\\/\",\"url\":\"https:\\\/\\\/www.mobilier-design-occasion.fr\\\/magazine\\\/wp-content\\\/uploads\\\/2024\\\/02\\\/android-chrome-192x192-1.png\",\"contentUrl\":\"https:\\\/\\\/www.mobilier-design-occasion.fr\\\/magazine\\\/wp-content\\\/uploads\\\/2024\\\/02\\\/android-chrome-192x192-1.png\",\"width\":192,\"height\":192,\"caption\":\"Mobilier Design Magazine\"},\"image\":{\"@id\":\"https:\\\/\\\/www.mobilier-design-occasion.fr\\\/magazine\\\/#\\\/schema\\\/logo\\\/image\\\/\"},\"sameAs\":[\"https:\\\/\\\/www.facebook.com\\\/mobilierdesignoccasion\"]},{\"@type\":\"Person\",\"@id\":\"https:\\\/\\\/www.mobilier-design-occasion.fr\\\/magazine\\\/#\\\/schema\\\/person\\\/af895bedc80bfb6b17730a672fddac9e\",\"name\":\"Vincent Vandegans\",\"image\":{\"@type\":\"ImageObject\",\"inLanguage\":\"fr-FR\",\"@id\":\"https:\\\/\\\/secure.gravatar.com\\\/avatar\\\/b984800dabdf722d5e3f03f637c8932dea77d81118467d17ad2953e3b273ec66?s=96&d=mm&r=g\",\"url\":\"https:\\\/\\\/secure.gravatar.com\\\/avatar\\\/b984800dabdf722d5e3f03f637c8932dea77d81118467d17ad2953e3b273ec66?s=96&d=mm&r=g\",\"contentUrl\":\"https:\\\/\\\/secure.gravatar.com\\\/avatar\\\/b984800dabdf722d5e3f03f637c8932dea77d81118467d17ad2953e3b273ec66?s=96&d=mm&r=g\",\"caption\":\"Vincent Vandegans\"},\"description\":\"Vincent est passionn\u00e9 par les produits d'occasion, il a ouvert le site MDO avec Cyrielle pour aider les gens \u00e0 trouver du mobilier d'occasion, vintage ou usag\u00e9. Depuis, ils ont \u00e9tendu leurs activit\u00e9s et conseillent tout le monde sur le mobilier d'int\u00e9rieur et d'ext\u00e9rieur au quotidien \u00e0 travers le magazine MDO.\",\"url\":\"https:\\\/\\\/www.mobilier-design-occasion.fr\\\/magazine\\\/author\\\/vincent\\\/\"}]}<\/script>\n<!-- \/ Yoast SEO plugin. -->","yoast_head_json":{"title":"Transformez votre espace avec \u00e9l\u00e9gance gr\u00e2ce aux ouvertures","description":"D\u00e9couvrez comment les ouvertures architecturales valorisent la d\u00e9coration int\u00e9rieure et apportent lumi\u00e8re et style \u00e0 chaque pi\u00e8ce de votre maison","robots":{"index":"index","follow":"follow","max-snippet":"max-snippet:-1","max-image-preview":"max-image-preview:large","max-video-preview":"max-video-preview:-1"},"canonical":"https:\/\/www.mobilier-design-occasion.fr\/magazine\/reveler-le-style-dune-piece-grace-aux-ouvertures-transformer-lespace-avec-elegance\/","og_locale":"fr_FR","og_type":"article","og_title":"Transformez votre espace avec \u00e9l\u00e9gance gr\u00e2ce aux ouvertures","og_description":"D\u00e9couvrez comment les ouvertures architecturales valorisent la d\u00e9coration int\u00e9rieure et apportent lumi\u00e8re et style \u00e0 chaque pi\u00e8ce de votre maison","og_url":"https:\/\/www.mobilier-design-occasion.fr\/magazine\/reveler-le-style-dune-piece-grace-aux-ouvertures-transformer-lespace-avec-elegance\/","og_site_name":"Mobilier Design Magazine","article_publisher":"https:\/\/www.facebook.com\/mobilierdesignoccasion","article_published_time":"2026-01-05T14:25:52+00:00","og_image":[{"width":1200,"height":800,"url":"https:\/\/www.mobilier-design-occasion.fr\/magazine\/wp-content\/uploads\/2026\/01\/900cd9dcd89a1c5ae49abf1c2abb681a.jpg","type":"image\/jpeg"}],"author":"Vincent Vandegans","twitter_card":"summary_large_image","twitter_misc":{"\u00c9crit par":"Vincent Vandegans","Dur\u00e9e de lecture estim\u00e9e":"8 minutes"},"schema":{"@context":"https:\/\/schema.org","@graph":[{"@type":"Article","@id":"https:\/\/www.mobilier-design-occasion.fr\/magazine\/reveler-le-style-dune-piece-grace-aux-ouvertures-transformer-lespace-avec-elegance\/#article","isPartOf":{"@id":"https:\/\/www.mobilier-design-occasion.fr\/magazine\/reveler-le-style-dune-piece-grace-aux-ouvertures-transformer-lespace-avec-elegance\/"},"author":{"name":"Vincent Vandegans","@id":"https:\/\/www.mobilier-design-occasion.fr\/magazine\/#\/schema\/person\/af895bedc80bfb6b17730a672fddac9e"},"headline":"R\u00e9v\u00e9ler le style d\u2019une pi\u00e8ce gr\u00e2ce aux ouvertures : transformer l\u2019espace avec \u00e9l\u00e9gance","datePublished":"2026-01-05T14:25:52+00:00","mainEntityOfPage":{"@id":"https:\/\/www.mobilier-design-occasion.fr\/magazine\/reveler-le-style-dune-piece-grace-aux-ouvertures-transformer-lespace-avec-elegance\/"},"wordCount":1519,"commentCount":0,"publisher":{"@id":"https:\/\/www.mobilier-design-occasion.fr\/magazine\/#organization"},"image":{"@id":"https:\/\/www.mobilier-design-occasion.fr\/magazine\/reveler-le-style-dune-piece-grace-aux-ouvertures-transformer-lespace-avec-elegance\/#primaryimage"},"thumbnailUrl":"https:\/\/www.mobilier-design-occasion.fr\/magazine\/wp-content\/uploads\/2026\/01\/900cd9dcd89a1c5ae49abf1c2abb681a.jpg","articleSection":["Tendances"],"inLanguage":"fr-FR","potentialAction":[{"@type":"CommentAction","name":"Comment","target":["https:\/\/www.mobilier-design-occasion.fr\/magazine\/reveler-le-style-dune-piece-grace-aux-ouvertures-transformer-lespace-avec-elegance\/#respond"]}]},{"@type":"WebPage","@id":"https:\/\/www.mobilier-design-occasion.fr\/magazine\/reveler-le-style-dune-piece-grace-aux-ouvertures-transformer-lespace-avec-elegance\/","url":"https:\/\/www.mobilier-design-occasion.fr\/magazine\/reveler-le-style-dune-piece-grace-aux-ouvertures-transformer-lespace-avec-elegance\/","name":"Transformez votre espace avec \u00e9l\u00e9gance gr\u00e2ce aux ouvertures","isPartOf":{"@id":"https:\/\/www.mobilier-design-occasion.fr\/magazine\/#website"},"primaryImageOfPage":{"@id":"https:\/\/www.mobilier-design-occasion.fr\/magazine\/reveler-le-style-dune-piece-grace-aux-ouvertures-transformer-lespace-avec-elegance\/#primaryimage"},"image":{"@id":"https:\/\/www.mobilier-design-occasion.fr\/magazine\/reveler-le-style-dune-piece-grace-aux-ouvertures-transformer-lespace-avec-elegance\/#primaryimage"},"thumbnailUrl":"https:\/\/www.mobilier-design-occasion.fr\/magazine\/wp-content\/uploads\/2026\/01\/900cd9dcd89a1c5ae49abf1c2abb681a.jpg","datePublished":"2026-01-05T14:25:52+00:00","description":"D\u00e9couvrez comment les ouvertures architecturales valorisent la d\u00e9coration int\u00e9rieure et apportent lumi\u00e8re et style \u00e0 chaque pi\u00e8ce de votre maison","breadcrumb":{"@id":"https:\/\/www.mobilier-design-occasion.fr\/magazine\/reveler-le-style-dune-piece-grace-aux-ouvertures-transformer-lespace-avec-elegance\/#breadcrumb"},"inLanguage":"fr-FR","potentialAction":[{"@type":"ReadAction","target":["https:\/\/www.mobilier-design-occasion.fr\/magazine\/reveler-le-style-dune-piece-grace-aux-ouvertures-transformer-lespace-avec-elegance\/"]}]},{"@type":"ImageObject","inLanguage":"fr-FR","@id":"https:\/\/www.mobilier-design-occasion.fr\/magazine\/reveler-le-style-dune-piece-grace-aux-ouvertures-transformer-lespace-avec-elegance\/#primaryimage","url":"https:\/\/www.mobilier-design-occasion.fr\/magazine\/wp-content\/uploads\/2026\/01\/900cd9dcd89a1c5ae49abf1c2abb681a.jpg","contentUrl":"https:\/\/www.mobilier-design-occasion.fr\/magazine\/wp-content\/uploads\/2026\/01\/900cd9dcd89a1c5ae49abf1c2abb681a.jpg","width":1200,"height":800},{"@type":"BreadcrumbList","@id":"https:\/\/www.mobilier-design-occasion.fr\/magazine\/reveler-le-style-dune-piece-grace-aux-ouvertures-transformer-lespace-avec-elegance\/#breadcrumb","itemListElement":[{"@type":"ListItem","position":1,"name":"Accueil","item":"https:\/\/www.mobilier-design-occasion.fr\/magazine\/"},{"@type":"ListItem","position":2,"name":"R\u00e9v\u00e9ler le style d\u2019une pi\u00e8ce gr\u00e2ce aux ouvertures : transformer l\u2019espace avec \u00e9l\u00e9gance"}]},{"@type":"WebSite","@id":"https:\/\/www.mobilier-design-occasion.fr\/magazine\/#website","url":"https:\/\/www.mobilier-design-occasion.fr\/magazine\/","name":"Mobilier Design Magazine","description":"","publisher":{"@id":"https:\/\/www.mobilier-design-occasion.fr\/magazine\/#organization"},"potentialAction":[{"@type":"SearchAction","target":{"@type":"EntryPoint","urlTemplate":"https:\/\/www.mobilier-design-occasion.fr\/magazine\/?s={search_term_string}"},"query-input":{"@type":"PropertyValueSpecification","valueRequired":true,"valueName":"search_term_string"}}],"inLanguage":"fr-FR"},{"@type":"Organization","@id":"https:\/\/www.mobilier-design-occasion.fr\/magazine\/#organization","name":"Mobilier Design Magazine","url":"https:\/\/www.mobilier-design-occasion.fr\/magazine\/","logo":{"@type":"ImageObject","inLanguage":"fr-FR","@id":"https:\/\/www.mobilier-design-occasion.fr\/magazine\/#\/schema\/logo\/image\/","url":"https:\/\/www.mobilier-design-occasion.fr\/magazine\/wp-content\/uploads\/2024\/02\/android-chrome-192x192-1.png","contentUrl":"https:\/\/www.mobilier-design-occasion.fr\/magazine\/wp-content\/uploads\/2024\/02\/android-chrome-192x192-1.png","width":192,"height":192,"caption":"Mobilier Design Magazine"},"image":{"@id":"https:\/\/www.mobilier-design-occasion.fr\/magazine\/#\/schema\/logo\/image\/"},"sameAs":["https:\/\/www.facebook.com\/mobilierdesignoccasion"]},{"@type":"Person","@id":"https:\/\/www.mobilier-design-occasion.fr\/magazine\/#\/schema\/person\/af895bedc80bfb6b17730a672fddac9e","name":"Vincent Vandegans","image":{"@type":"ImageObject","inLanguage":"fr-FR","@id":"https:\/\/secure.gravatar.com\/avatar\/b984800dabdf722d5e3f03f637c8932dea77d81118467d17ad2953e3b273ec66?s=96&d=mm&r=g","url":"https:\/\/secure.gravatar.com\/avatar\/b984800dabdf722d5e3f03f637c8932dea77d81118467d17ad2953e3b273ec66?s=96&d=mm&r=g","contentUrl":"https:\/\/secure.gravatar.com\/avatar\/b984800dabdf722d5e3f03f637c8932dea77d81118467d17ad2953e3b273ec66?s=96&d=mm&r=g","caption":"Vincent Vandegans"},"description":"Vincent est passionn\u00e9 par les produits d'occasion, il a ouvert le site MDO avec Cyrielle pour aider les gens \u00e0 trouver du mobilier d'occasion, vintage ou usag\u00e9. Depuis, ils ont \u00e9tendu leurs activit\u00e9s et conseillent tout le monde sur le mobilier d'int\u00e9rieur et d'ext\u00e9rieur au quotidien \u00e0 travers le magazine MDO.","url":"https:\/\/www.mobilier-design-occasion.fr\/magazine\/author\/vincent\/"}]}},"_links":{"self":[{"href":"https:\/\/www.mobilier-design-occasion.fr\/magazine\/wp-json\/wp\/v2\/posts\/8720","targetHints":{"allow":["GET"]}}],"collection":[{"href":"https:\/\/www.mobilier-design-occasion.fr\/magazine\/wp-json\/wp\/v2\/posts"}],"about":[{"href":"https:\/\/www.mobilier-design-occasion.fr\/magazine\/wp-json\/wp\/v2\/types\/post"}],"author":[{"embeddable":true,"href":"https:\/\/www.mobilier-design-occasion.fr\/magazine\/wp-json\/wp\/v2\/users\/2"}],"replies":[{"embeddable":true,"href":"https:\/\/www.mobilier-design-occasion.fr\/magazine\/wp-json\/wp\/v2\/comments?post=8720"}],"version-history":[{"count":1,"href":"https:\/\/www.mobilier-design-occasion.fr\/magazine\/wp-json\/wp\/v2\/posts\/8720\/revisions"}],"predecessor-version":[{"id":8721,"href":"https:\/\/www.mobilier-design-occasion.fr\/magazine\/wp-json\/wp\/v2\/posts\/8720\/revisions\/8721"}],"wp:featuredmedia":[{"embeddable":true,"href":"https:\/\/www.mobilier-design-occasion.fr\/magazine\/wp-json\/wp\/v2\/media\/8722"}],"wp:attachment":[{"href":"https:\/\/www.mobilier-design-occasion.fr\/magazine\/wp-json\/wp\/v2\/media?parent=8720"}],"wp:term":[{"taxonomy":"category","embeddable":true,"href":"https:\/\/www.mobilier-design-occasion.fr\/magazine\/wp-json\/wp\/v2\/categories?post=8720"},{"taxonomy":"post_tag","embeddable":true,"href":"https:\/\/www.mobilier-design-occasion.fr\/magazine\/wp-json\/wp\/v2\/tags?post=8720"}],"curies":[{"name":"wp","href":"https:\/\/api.w.org\/{rel}","templated":true}]}}