{"id":8712,"date":"2026-01-08T08:55:00","date_gmt":"2026-01-08T08:55:00","guid":{"rendered":"https:\/\/www.mobilier-design-occasion.fr\/magazine\/?p=8712"},"modified":"2026-01-12T08:25:15","modified_gmt":"2026-01-12T08:25:15","slug":"tout-savoir-pour-choisir-et-composer-de-belles-jardinieres-2","status":"publish","type":"post","link":"https:\/\/www.mobilier-design-occasion.fr\/magazine\/tout-savoir-pour-choisir-et-composer-de-belles-jardinieres-2\/","title":{"rendered":"Tout savoir pour choisir et composer de belles jardini\u00e8res"},"content":{"rendered":"\n<hr class=\"wp-block-separator has-alpha-channel-opacity\"\/>\n\n\n\n<p>Que vous disposiez d&#8217;un grand jardin ou d&#8217;un simple balcon, les jardini\u00e8res repr\u00e9sentent une solution id\u00e9ale pour apporter verdure et couleur \u00e0 votre espace ext\u00e9rieur. Ces contenants polyvalents permettent de jardiner m\u00eame sans terrain, tout en offrant une grande libert\u00e9 de cr\u00e9ation. Mais face \u00e0 la diversit\u00e9 des mod\u00e8les, des mat\u00e9riaux et des possibilit\u00e9s de plantation, comment faire les bons choix ?Choisir sa jardini\u00e8re selon ses besoins<\/p>\n\n\n\n<p>Le choix d&#8217;une jardini\u00e8re ne se fait pas au hasard. Plusieurs crit\u00e8res doivent guider votre d\u00e9cision pour garantir le bien-\u00eatre de vos plantes et la r\u00e9ussite de vos compositions.<\/p>\n\n\n\n<figure class=\"wp-block-image size-large\"><img loading=\"lazy\" decoding=\"async\" width=\"835\" height=\"1024\" src=\"https:\/\/www.mobilier-design-occasion.fr\/magazine\/wp-content\/uploads\/2026\/01\/image-835x1024.png\" alt=\"\" class=\"wp-image-8714\" srcset=\"https:\/\/www.mobilier-design-occasion.fr\/magazine\/wp-content\/uploads\/2026\/01\/image-835x1024.png 835w, https:\/\/www.mobilier-design-occasion.fr\/magazine\/wp-content\/uploads\/2026\/01\/image-245x300.png 245w, https:\/\/www.mobilier-design-occasion.fr\/magazine\/wp-content\/uploads\/2026\/01\/image-768x942.png 768w, https:\/\/www.mobilier-design-occasion.fr\/magazine\/wp-content\/uploads\/2026\/01\/image-810x993.png 810w, https:\/\/www.mobilier-design-occasion.fr\/magazine\/wp-content\/uploads\/2026\/01\/image.png 982w\" sizes=\"auto, (max-width: 835px) 100vw, 835px\" \/><\/figure>\n\n\n\n<h3 class=\"wp-block-heading\"><span class=\"ez-toc-section\" id=\"La_taille_et_la_forme\"><\/span>La taille et la forme<span class=\"ez-toc-section-end\"><\/span><\/h3><div id=\"ez-toc-container\" class=\"ez-toc-v2_0_82_2 counter-hierarchy ez-toc-counter ez-toc-grey ez-toc-container-direction\">\n<div class=\"ez-toc-title-container\">\n<span class=\"ez-toc-title-toggle\"><a href=\"#\" class=\"ez-toc-pull-right ez-toc-btn ez-toc-btn-xs ez-toc-btn-default ez-toc-toggle\" aria-label=\"Toggle Table of Content\"><span class=\"ez-toc-js-icon-con\"><span class=\"\"><span class=\"eztoc-hide\" style=\"display:none;\">Toggle<\/span><span class=\"ez-toc-icon-toggle-span\"><svg style=\"fill: #999;color:#999\" xmlns=\"http:\/\/www.w3.org\/2000\/svg\" class=\"list-377408\" width=\"20px\" height=\"20px\" viewBox=\"0 0 24 24\" fill=\"none\"><path d=\"M6 6H4v2h2V6zm14 0H8v2h12V6zM4 11h2v2H4v-2zm16 0H8v2h12v-2zM4 16h2v2H4v-2zm16 0H8v2h12v-2z\" fill=\"currentColor\"><\/path><\/svg><svg style=\"fill: #999;color:#999\" class=\"arrow-unsorted-368013\" xmlns=\"http:\/\/www.w3.org\/2000\/svg\" width=\"10px\" height=\"10px\" viewBox=\"0 0 24 24\" version=\"1.2\" baseProfile=\"tiny\"><path d=\"M18.2 9.3l-6.2-6.3-6.2 6.3c-.2.2-.3.4-.3.7s.1.5.3.7c.2.2.4.3.7.3h11c.3 0 .5-.1.7-.3.2-.2.3-.5.3-.7s-.1-.5-.3-.7zM5.8 14.7l6.2 6.3 6.2-6.3c.2-.2.3-.5.3-.7s-.1-.5-.3-.7c-.2-.2-.4-.3-.7-.3h-11c-.3 0-.5.1-.7.3-.2.2-.3.5-.3.7s.1.5.3.7z\"\/><\/svg><\/span><\/span><\/span><\/a><\/span><\/div>\n<nav><ul class='ez-toc-list ez-toc-list-level-1 eztoc-toggle-hide-by-default' ><ul class='ez-toc-list-level-3' ><li class='ez-toc-heading-level-3'><a class=\"ez-toc-link ez-toc-heading-1\" href=\"https:\/\/www.mobilier-design-occasion.fr\/magazine\/tout-savoir-pour-choisir-et-composer-de-belles-jardinieres-2\/#La_taille_et_la_forme\" >La taille et la forme<\/a><\/li><li class='ez-toc-page-1 ez-toc-heading-level-3'><a class=\"ez-toc-link ez-toc-heading-2\" href=\"https:\/\/www.mobilier-design-occasion.fr\/magazine\/tout-savoir-pour-choisir-et-composer-de-belles-jardinieres-2\/#Le_choix_du_materiau\" >Le choix du mat\u00e9riau<\/a><\/li><\/ul><\/li><li class='ez-toc-page-1 ez-toc-heading-level-2'><a class=\"ez-toc-link ez-toc-heading-3\" href=\"https:\/\/www.mobilier-design-occasion.fr\/magazine\/tout-savoir-pour-choisir-et-composer-de-belles-jardinieres-2\/#Limportance_dun_bon_drainage\" >L&#8217;importance d&#8217;un bon drainage<\/a><ul class='ez-toc-list-level-3' ><li class='ez-toc-heading-level-3'><a class=\"ez-toc-link ez-toc-heading-4\" href=\"https:\/\/www.mobilier-design-occasion.fr\/magazine\/tout-savoir-pour-choisir-et-composer-de-belles-jardinieres-2\/#Les_trous_devacuation\" >Les trous d&#8217;\u00e9vacuation<\/a><\/li><li class='ez-toc-page-1 ez-toc-heading-level-3'><a class=\"ez-toc-link ez-toc-heading-5\" href=\"https:\/\/www.mobilier-design-occasion.fr\/magazine\/tout-savoir-pour-choisir-et-composer-de-belles-jardinieres-2\/#La_couche_drainante\" >La couche drainante<\/a><\/li><\/ul><\/li><li class='ez-toc-page-1 ez-toc-heading-level-2'><a class=\"ez-toc-link ez-toc-heading-6\" href=\"https:\/\/www.mobilier-design-occasion.fr\/magazine\/tout-savoir-pour-choisir-et-composer-de-belles-jardinieres-2\/#Composer_ses_jardinieres_selon_lexposition\" >Composer ses jardini\u00e8res selon l&#8217;exposition<\/a><ul class='ez-toc-list-level-3' ><li class='ez-toc-heading-level-3'><a class=\"ez-toc-link ez-toc-heading-7\" href=\"https:\/\/www.mobilier-design-occasion.fr\/magazine\/tout-savoir-pour-choisir-et-composer-de-belles-jardinieres-2\/#Pour_une_exposition_ensoleillee\" >Pour une exposition ensoleill\u00e9e<\/a><\/li><li class='ez-toc-page-1 ez-toc-heading-level-3'><a class=\"ez-toc-link ez-toc-heading-8\" href=\"https:\/\/www.mobilier-design-occasion.fr\/magazine\/tout-savoir-pour-choisir-et-composer-de-belles-jardinieres-2\/#Pour_une_exposition_ombragee\" >Pour une exposition ombrag\u00e9e<\/a><\/li><\/ul><\/li><li class='ez-toc-page-1 ez-toc-heading-level-2'><a class=\"ez-toc-link ez-toc-heading-9\" href=\"https:\/\/www.mobilier-design-occasion.fr\/magazine\/tout-savoir-pour-choisir-et-composer-de-belles-jardinieres-2\/#Reussir_ses_compositions_toute_lannee\" >R\u00e9ussir ses compositions toute l&#8217;ann\u00e9e<\/a><ul class='ez-toc-list-level-3' ><li class='ez-toc-heading-level-3'><a class=\"ez-toc-link ez-toc-heading-10\" href=\"https:\/\/www.mobilier-design-occasion.fr\/magazine\/tout-savoir-pour-choisir-et-composer-de-belles-jardinieres-2\/#Les_compositions_estivales\" >Les compositions estivales<\/a><\/li><li class='ez-toc-page-1 ez-toc-heading-level-3'><a class=\"ez-toc-link ez-toc-heading-11\" href=\"https:\/\/www.mobilier-design-occasion.fr\/magazine\/tout-savoir-pour-choisir-et-composer-de-belles-jardinieres-2\/#Les_jardinieres_dautomne_et_dhiver\" >Les jardini\u00e8res d&#8217;automne et d&#8217;hiver<\/a><\/li><\/ul><\/li><li class='ez-toc-page-1 ez-toc-heading-level-2'><a class=\"ez-toc-link ez-toc-heading-12\" href=\"https:\/\/www.mobilier-design-occasion.fr\/magazine\/tout-savoir-pour-choisir-et-composer-de-belles-jardinieres-2\/#Le_substrat_et_lentretien\" >Le substrat et l&#8217;entretien<\/a><ul class='ez-toc-list-level-3' ><li class='ez-toc-heading-level-3'><a class=\"ez-toc-link ez-toc-heading-13\" href=\"https:\/\/www.mobilier-design-occasion.fr\/magazine\/tout-savoir-pour-choisir-et-composer-de-belles-jardinieres-2\/#Un_terreau_de_qualite\" >Un terreau de qualit\u00e9<\/a><\/li><li class='ez-toc-page-1 ez-toc-heading-level-3'><a class=\"ez-toc-link ez-toc-heading-14\" href=\"https:\/\/www.mobilier-design-occasion.fr\/magazine\/tout-savoir-pour-choisir-et-composer-de-belles-jardinieres-2\/#Larrosage_et_la_fertilisation\" >L&#8217;arrosage et la fertilisation<\/a><\/li><\/ul><\/li><\/ul><\/nav><\/div>\n\n\n\n\n<p>La dimension de votre jardini\u00e8re doit correspondre aux plantes que vous souhaitez y installer. Pour des annuelles ou des vivaces, optez pour un contenant l\u00e9g\u00e8rement plus haut que la motte et environ deux fois son diam\u00e8tre. Cette r\u00e8gle permet aux racines de se d\u00e9velopper confortablement sans \u00eatre \u00e0 l&#8217;\u00e9troit.<\/p>\n\n\n\n<p>La forme rectangulaire convient parfaitement aux rebords de fen\u00eatre et aux rambardes de balcon. Elle offre une bonne surface de plantation et s&#8217;installe facilement le long d&#8217;un mur. Pour les <a href=\"https:\/\/www.gammvert.fr\/c\/pot-bac-et-jardiniere\">jardini\u00e8res<\/a> destin\u00e9es \u00e0 accueillir des v\u00e9g\u00e9taux de haute taille, privil\u00e9giez les mod\u00e8les \u00e0 base large qui garantiront une meilleure stabilit\u00e9 et \u00e9viteront tout risque de basculement.<\/p>\n\n\n\n<h3 class=\"wp-block-heading\"><span class=\"ez-toc-section\" id=\"Le_choix_du_materiau\"><\/span>Le choix du mat\u00e9riau<span class=\"ez-toc-section-end\"><\/span><\/h3>\n\n\n\n<p>Chaque mat\u00e9riau poss\u00e8de ses avantages et ses particularit\u00e9s. La terre cuite reste un choix classique appr\u00e9ci\u00e9 pour sa porosit\u00e9 naturelle qui permet une bonne a\u00e9ration des racines et r\u00e9gule l&#8217;humidit\u00e9. Son aspect authentique s&#8217;int\u00e8gre harmonieusement dans tous les styles de jardin.<\/p>\n\n\n\n<p>Le bois trait\u00e9 en autoclave offre une excellente r\u00e9sistance aux intemp\u00e9ries et traverse les saisons sans se d\u00e9grader. Il apporte une touche chaleureuse et naturelle \u00e0 votre espace. Pour prolonger sa dur\u00e9e de vie, un entretien r\u00e9gulier reste toutefois recommand\u00e9.<\/p>\n\n\n\n<p>Les mat\u00e9riaux composites et la r\u00e9sine s\u00e9duisent par leur l\u00e9g\u00e8ret\u00e9, particuli\u00e8rement appr\u00e9ci\u00e9e sur les balcons o\u00f9 le poids compte. Ils r\u00e9sistent parfaitement aux chocs et aux variations climatiques, tout en n\u00e9cessitant peu d&#8217;entretien.<\/p>\n\n\n\n<p>Les jardini\u00e8res en fibres, qu&#8217;il s&#8217;agisse de fibre de terre ou de fibre de verre, combinent solidit\u00e9 et r\u00e9sistance. Elles ne se d\u00e9forment pas et supportent ais\u00e9ment le gel, la pluie ou la canicule, tout en restant l\u00e9g\u00e8res \u00e0 manipuler.<\/p>\n\n\n\n<h2 class=\"wp-block-heading\"><span class=\"ez-toc-section\" id=\"Limportance_dun_bon_drainage\"><\/span>L&#8217;importance d&#8217;un bon drainage<span class=\"ez-toc-section-end\"><\/span><\/h2>\n\n\n\n<p>Un drainage efficace constitue la cl\u00e9 de la r\u00e9ussite pour vos plantations en jardini\u00e8re. Sans lui, l&#8217;eau stagne au fond du contenant et provoque l&#8217;asphyxie puis la pourriture des racines.<\/p>\n\n\n\n<h3 class=\"wp-block-heading\"><span class=\"ez-toc-section\" id=\"Les_trous_devacuation\"><\/span>Les trous d&#8217;\u00e9vacuation<span class=\"ez-toc-section-end\"><\/span><\/h3>\n\n\n\n<p>V\u00e9rifiez syst\u00e9matiquement la pr\u00e9sence de trous de drainage au fond de votre jardini\u00e8re avant l&#8217;achat. Si votre contenant n&#8217;en poss\u00e8de pas, percez-en plusieurs \u00e0 l&#8217;aide d&#8217;une perceuse. Ces orifices permettent l&#8217;\u00e9vacuation de l&#8217;exc\u00e8s d&#8217;eau apr\u00e8s chaque arrosage ou pluie.<\/p>\n\n\n\n<figure class=\"wp-block-image size-large\"><img loading=\"lazy\" decoding=\"async\" width=\"786\" height=\"1024\" src=\"https:\/\/www.mobilier-design-occasion.fr\/magazine\/wp-content\/uploads\/2026\/01\/image-1-786x1024.png\" alt=\"\" class=\"wp-image-8715\" srcset=\"https:\/\/www.mobilier-design-occasion.fr\/magazine\/wp-content\/uploads\/2026\/01\/image-1-786x1024.png 786w, https:\/\/www.mobilier-design-occasion.fr\/magazine\/wp-content\/uploads\/2026\/01\/image-1-230x300.png 230w, https:\/\/www.mobilier-design-occasion.fr\/magazine\/wp-content\/uploads\/2026\/01\/image-1-768x1001.png 768w, https:\/\/www.mobilier-design-occasion.fr\/magazine\/wp-content\/uploads\/2026\/01\/image-1-810x1056.png 810w, https:\/\/www.mobilier-design-occasion.fr\/magazine\/wp-content\/uploads\/2026\/01\/image-1.png 970w\" sizes=\"auto, (max-width: 786px) 100vw, 786px\" \/><\/figure>\n\n\n\n<h3 class=\"wp-block-heading\"><span class=\"ez-toc-section\" id=\"La_couche_drainante\"><\/span>La couche drainante<span class=\"ez-toc-section-end\"><\/span><\/h3>\n\n\n\n<p>R\u00e9servez environ 20 % du volume total de votre jardini\u00e8re \u00e0 la couche de drainage. Plusieurs mat\u00e9riaux peuvent la composer :<\/p>\n\n\n\n<ul class=\"wp-block-list\">\n<li>Les billes d&#8217;argile, l\u00e9g\u00e8res et poreuses, absorbent l&#8217;eau en exc\u00e8s et la restituent progressivement<\/li>\n\n\n\n<li>Les tessons de pots en terre cuite cass\u00e9s offrent une solution \u00e9cologique de r\u00e9cup\u00e9ration<\/li>\n\n\n\n<li>Les graviers et cailloux, disponibles partout, assurent un drainage efficace<\/li>\n\n\n\n<li>La pouzzolane, roche volcanique naturelle, combine drainage et r\u00e9tention des nutriments<\/li>\n<\/ul>\n\n\n\n<p>Pour \u00e9viter que le terreau ne s&#8217;\u00e9chappe par les trous de drainage et ne se m\u00e9lange \u00e0 la couche drainante, disposez un feutre g\u00e9otextile d\u00e9coup\u00e9 aux dimensions de votre contenant. Ce tissu perm\u00e9able favorise l&#8217;\u00e9coulement de l&#8217;eau tout en maintenant le substrat en place.<\/p>\n\n\n\n<h2 class=\"wp-block-heading\"><span class=\"ez-toc-section\" id=\"Composer_ses_jardinieres_selon_lexposition\"><\/span>Composer ses jardini\u00e8res selon l&#8217;exposition<span class=\"ez-toc-section-end\"><\/span><\/h2>\n\n\n\n<p>L&#8217;exposition de votre balcon ou terrasse d\u00e9termine largement le choix des plantes qui s&#8217;\u00e9panouiront dans vos jardini\u00e8res.<\/p>\n\n\n\n<h3 class=\"wp-block-heading\"><span class=\"ez-toc-section\" id=\"Pour_une_exposition_ensoleillee\"><\/span>Pour une exposition ensoleill\u00e9e<span class=\"ez-toc-section-end\"><\/span><\/h3>\n\n\n\n<p>Les emplacements plein sud n\u00e9cessitent des v\u00e9g\u00e9taux r\u00e9sistants \u00e0 la chaleur et \u00e0 la s\u00e9cheresse. Les plantes m\u00e9diterran\u00e9ennes comme la lavande ou le romarin s&#8217;y plaisent particuli\u00e8rement. Parmi les annuelles, les p\u00e9tunias et les p\u00e9largoniums apportent une floraison g\u00e9n\u00e9reuse tout l&#8217;\u00e9t\u00e9. Les joubarbes et les sedums constituent \u00e9galement d&#8217;excellents choix pour leur capacit\u00e9 \u00e0 supporter les fortes chaleurs avec peu d&#8217;arrosage.<\/p>\n\n\n\n<p>Dans ces conditions, privil\u00e9giez les jardini\u00e8res de couleur claire qui refl\u00e8tent les rayons du soleil plut\u00f4t que de les absorber. Les teintes fonc\u00e9es comme le noir ou le brun augmentent consid\u00e9rablement la temp\u00e9rature du substrat, ce qui peut stresser les racines des plantes.<\/p>\n\n\n\n<h3 class=\"wp-block-heading\"><span class=\"ez-toc-section\" id=\"Pour_une_exposition_ombragee\"><\/span>Pour une exposition ombrag\u00e9e<span class=\"ez-toc-section-end\"><\/span><\/h3>\n\n\n\n<p>Un balcon ou une terrasse \u00e0 l&#8217;ombre ne constitue pas un obstacle au jardinage ! De nombreuses plantes s&#8217;accommodent parfaitement de ces conditions. Les foug\u00e8res, les lierres, les heuch\u00e8res et les hostas cr\u00e9ent de belles compositions verdoyantes. Les fraisiers poussent \u00e9galement tr\u00e8s bien en jardini\u00e8re \u00e0 l&#8217;ombre, offrant en prime une r\u00e9colte gourmande.<\/p>\n\n\n\n<p>Pour \u00e9gayer ces espaces plus sombres, les fuchsias apportent leurs fleurs color\u00e9es et d\u00e9licates, tandis que les pervenches tapissent agr\u00e9ablement le contenant.<\/p>\n\n\n\n<h2 class=\"wp-block-heading\"><span class=\"ez-toc-section\" id=\"Reussir_ses_compositions_toute_lannee\"><\/span>R\u00e9ussir ses compositions toute l&#8217;ann\u00e9e<span class=\"ez-toc-section-end\"><\/span><\/h2>\n\n\n\n<p>Avec une s\u00e9lection judicieuse de plantes, vos jardini\u00e8res peuvent rester attractives et fleuries douze mois sur douze.<\/p>\n\n\n\n<h3 class=\"wp-block-heading\"><span class=\"ez-toc-section\" id=\"Les_compositions_estivales\"><\/span>Les compositions estivales<span class=\"ez-toc-section-end\"><\/span><\/h3>\n\n\n\n<p>L&#8217;\u00e9t\u00e9 invite \u00e0 la g\u00e9n\u00e9rosit\u00e9 florale. Pour une harmonie visuelle, \u00e9vitez de m\u00e9langer plus de deux couleurs dans une m\u00eame jardini\u00e8re. Associez plut\u00f4t des teintes compl\u00e9mentaires ou d\u00e9grad\u00e9es. La bacopa retombante cr\u00e9e un joli effet de cascade, tandis que les campanules dressent leurs clochettes d\u00e9licates. N&#8217;h\u00e9sitez pas \u00e0 varier les hauteurs en combinant plantes dress\u00e9es et v\u00e9g\u00e9taux retombants pour donner du relief \u00e0 vos compositions.<\/p>\n\n\n\n<h3 class=\"wp-block-heading\"><span class=\"ez-toc-section\" id=\"Les_jardinieres_dautomne_et_dhiver\"><\/span>Les jardini\u00e8res d&#8217;automne et d&#8217;hiver<span class=\"ez-toc-section-end\"><\/span><\/h3>\n\n\n\n<p>Contrairement aux id\u00e9es re\u00e7ues, la saison froide offre de belles opportunit\u00e9s de compositions. Les chrysanth\u00e8mes et les asters d&#8217;automne prennent le relais avec leurs couleurs chaudes. Les cyclamens bravent les premiers froids en offrant une floraison g\u00e9n\u00e9reuse. Pour l&#8217;hiver, les hell\u00e9bores, aussi appel\u00e9es roses de No\u00ebl, apportent une touche de po\u00e9sie avec leurs fleurs blanches ou pourpres. Les bruy\u00e8res d&#8217;hiver colorent durablement vos jardini\u00e8res, tandis que les skimmias offrent leurs baies d\u00e9coratives. Les heuch\u00e8res et les lierres assurent quant \u00e0 eux une pr\u00e9sence verdoyante constante.<\/p>\n\n\n\n<figure class=\"wp-block-image size-large\"><img loading=\"lazy\" decoding=\"async\" width=\"1024\" height=\"649\" src=\"https:\/\/www.mobilier-design-occasion.fr\/magazine\/wp-content\/uploads\/2026\/01\/image-2-1024x649.png\" alt=\"\" class=\"wp-image-8716\" srcset=\"https:\/\/www.mobilier-design-occasion.fr\/magazine\/wp-content\/uploads\/2026\/01\/image-2-1024x649.png 1024w, https:\/\/www.mobilier-design-occasion.fr\/magazine\/wp-content\/uploads\/2026\/01\/image-2-300x190.png 300w, https:\/\/www.mobilier-design-occasion.fr\/magazine\/wp-content\/uploads\/2026\/01\/image-2-768x487.png 768w, https:\/\/www.mobilier-design-occasion.fr\/magazine\/wp-content\/uploads\/2026\/01\/image-2-810x514.png 810w, https:\/\/www.mobilier-design-occasion.fr\/magazine\/wp-content\/uploads\/2026\/01\/image-2-1140x723.png 1140w, https:\/\/www.mobilier-design-occasion.fr\/magazine\/wp-content\/uploads\/2026\/01\/image-2.png 1460w\" sizes=\"auto, (max-width: 1024px) 100vw, 1024px\" \/><\/figure>\n\n\n\n<h2 class=\"wp-block-heading\"><span class=\"ez-toc-section\" id=\"Le_substrat_et_lentretien\"><\/span>Le substrat et l&#8217;entretien<span class=\"ez-toc-section-end\"><\/span><\/h2>\n\n\n\n<p>La r\u00e9ussite de vos jardini\u00e8res repose \u00e9galement sur le choix d&#8217;un bon terreau et un entretien adapt\u00e9.<\/p>\n\n\n\n<h3 class=\"wp-block-heading\"><span class=\"ez-toc-section\" id=\"Un_terreau_de_qualite\"><\/span>Un terreau de qualit\u00e9<span class=\"ez-toc-section-end\"><\/span><\/h3>\n\n\n\n<p>Apr\u00e8s avoir install\u00e9 votre couche drainante et votre feutre g\u00e9otextile, remplissez votre jardini\u00e8re avec un terreau sp\u00e9cial plantes fleuries. Plus l\u00e9ger et a\u00e9r\u00e9 qu&#8217;une simple terre de jardin, il est g\u00e9n\u00e9ralement enrichi en \u00e9l\u00e9ments nutritifs qui soutiennent la croissance de vos v\u00e9g\u00e9taux. Pour am\u00e9liorer encore le drainage, vous pouvez y incorporer un peu de sable.<\/p>\n\n\n\n<h3 class=\"wp-block-heading\"><span class=\"ez-toc-section\" id=\"Larrosage_et_la_fertilisation\"><\/span>L&#8217;arrosage et la fertilisation<span class=\"ez-toc-section-end\"><\/span><\/h3>\n\n\n\n<p>L&#8217;arrosage des jardini\u00e8res demande plus d&#8217;attention que celui des plantations en pleine terre. Le volume de substrat \u00e9tant limit\u00e9, il se dess\u00e8che plus rapidement. V\u00e9rifiez r\u00e9guli\u00e8rement l&#8217;humidit\u00e9 en enfon\u00e7ant votre doigt dans la terre. Arrosez lorsque les premiers centim\u00e8tres sont secs.<\/p>\n\n\n\n<p>Veillez \u00e0 ne jamais laisser d&#8217;eau stagner dans les soucoupes, m\u00eame en \u00e9t\u00e9. Cette eau stagnante favorise la pourriture des racines et attire les moustiques. Videz syst\u00e9matiquement les soucoupes apr\u00e8s chaque pluie ou arrosage.<\/p>\n\n\n\n<p>Les plantes en jardini\u00e8re \u00e9puisent plus vite les r\u00e9serves nutritives du substrat. Un apport d&#8217;engrais r\u00e9gulier pendant la p\u00e9riode de croissance leur permet de maintenir une belle vigueur et une floraison abondante.<\/p>\n\n\n\n<hr class=\"wp-block-separator has-alpha-channel-opacity\"\/>\n\n\n\n<p>Les jardini\u00e8res offrent une libert\u00e9 de cr\u00e9ation extraordinaire et permettent \u00e0 chacun de cultiver son petit coin de verdure, quelle que soit la superficie disponible. En choisissant le bon contenant, en assurant un drainage efficace et en s\u00e9lectionnant des plantes adapt\u00e9es \u00e0 votre exposition, vous cr\u00e9erez des compositions harmonieuses qui embelliront votre quotidien. N&#8217;h\u00e9sitez pas \u00e0 exp\u00e9rimenter diff\u00e9rentes associations et \u00e0 laisser parler votre cr\u00e9ativit\u00e9 : le jardinage en jardini\u00e8re autorise toutes les fantaisies et se renouvelle au gr\u00e9 des saisons !<\/p>\n","protected":false},"excerpt":{"rendered":"<p>Que vous disposiez d&#8217;un grand jardin ou d&#8217;un simple balcon, les jardini\u00e8res repr\u00e9sentent une solution id\u00e9ale pour apporter verdure et couleur \u00e0 votre espace ext\u00e9rieur. Ces contenants polyvalents permettent de jardiner m\u00eame sans terrain, tout en offrant une grande libert\u00e9 de cr\u00e9ation. Mais face \u00e0 la diversit\u00e9 des mod\u00e8les, des mat\u00e9riaux et des possibilit\u00e9s de [&hellip;]<\/p>\n","protected":false},"author":2,"featured_media":8713,"comment_status":"open","ping_status":"open","sticky":false,"template":"","format":"standard","meta":{"footnotes":""},"categories":[124],"tags":[213],"class_list":["post-8712","post","type-post","status-publish","format-standard","has-post-thumbnail","hentry","category-exterieur","tag-jardin"],"yoast_head":"<!-- This site is optimized with the Yoast SEO plugin v27.5 - https:\/\/yoast.com\/product\/yoast-seo-wordpress\/ -->\n<title>Tout savoir pour choisir et composer de belles jardini\u00e8res - Mobilier Design Magazine<\/title>\n<meta name=\"robots\" content=\"index, follow, max-snippet:-1, max-image-preview:large, max-video-preview:-1\" \/>\n<link rel=\"canonical\" href=\"https:\/\/www.mobilier-design-occasion.fr\/magazine\/tout-savoir-pour-choisir-et-composer-de-belles-jardinieres-2\/\" \/>\n<meta property=\"og:locale\" content=\"fr_FR\" \/>\n<meta property=\"og:type\" content=\"article\" \/>\n<meta property=\"og:title\" content=\"Tout savoir pour choisir et composer de belles jardini\u00e8res - Mobilier Design Magazine\" \/>\n<meta property=\"og:description\" content=\"Que vous disposiez d&#8217;un grand jardin ou d&#8217;un simple balcon, les jardini\u00e8res repr\u00e9sentent une solution id\u00e9ale pour apporter verdure et couleur \u00e0 votre espace ext\u00e9rieur. Ces contenants polyvalents permettent de jardiner m\u00eame sans terrain, tout en offrant une grande libert\u00e9 de cr\u00e9ation. Mais face \u00e0 la diversit\u00e9 des mod\u00e8les, des mat\u00e9riaux et des possibilit\u00e9s de [&hellip;]\" \/>\n<meta property=\"og:url\" content=\"https:\/\/www.mobilier-design-occasion.fr\/magazine\/tout-savoir-pour-choisir-et-composer-de-belles-jardinieres-2\/\" \/>\n<meta property=\"og:site_name\" content=\"Mobilier Design Magazine\" \/>\n<meta property=\"article:publisher\" content=\"https:\/\/www.facebook.com\/mobilierdesignoccasion\" \/>\n<meta property=\"article:published_time\" content=\"2026-01-08T08:55:00+00:00\" \/>\n<meta property=\"article:modified_time\" content=\"2026-01-12T08:25:15+00:00\" \/>\n<meta property=\"og:image\" content=\"https:\/\/www.mobilier-design-occasion.fr\/magazine\/wp-content\/uploads\/2026\/01\/pexels-nivara-2156846358-35497041.jpg\" \/>\n\t<meta property=\"og:image:width\" content=\"1280\" \/>\n\t<meta property=\"og:image:height\" content=\"1920\" \/>\n\t<meta property=\"og:image:type\" content=\"image\/jpeg\" \/>\n<meta name=\"author\" content=\"Vincent Vandegans\" \/>\n<meta name=\"twitter:card\" content=\"summary_large_image\" \/>\n<meta name=\"twitter:label1\" content=\"\u00c9crit par\" \/>\n\t<meta name=\"twitter:data1\" content=\"Vincent Vandegans\" \/>\n\t<meta name=\"twitter:label2\" content=\"Dur\u00e9e de lecture estim\u00e9e\" \/>\n\t<meta name=\"twitter:data2\" content=\"8 minutes\" \/>\n<script type=\"application\/ld+json\" class=\"yoast-schema-graph\">{\"@context\":\"https:\\\/\\\/schema.org\",\"@graph\":[{\"@type\":\"Article\",\"@id\":\"https:\\\/\\\/www.mobilier-design-occasion.fr\\\/magazine\\\/tout-savoir-pour-choisir-et-composer-de-belles-jardinieres-2\\\/#article\",\"isPartOf\":{\"@id\":\"https:\\\/\\\/www.mobilier-design-occasion.fr\\\/magazine\\\/tout-savoir-pour-choisir-et-composer-de-belles-jardinieres-2\\\/\"},\"author\":{\"name\":\"Vincent Vandegans\",\"@id\":\"https:\\\/\\\/www.mobilier-design-occasion.fr\\\/magazine\\\/#\\\/schema\\\/person\\\/af895bedc80bfb6b17730a672fddac9e\"},\"headline\":\"Tout savoir pour choisir et composer de belles jardini\u00e8res\",\"datePublished\":\"2026-01-08T08:55:00+00:00\",\"dateModified\":\"2026-01-12T08:25:15+00:00\",\"mainEntityOfPage\":{\"@id\":\"https:\\\/\\\/www.mobilier-design-occasion.fr\\\/magazine\\\/tout-savoir-pour-choisir-et-composer-de-belles-jardinieres-2\\\/\"},\"wordCount\":1441,\"commentCount\":0,\"publisher\":{\"@id\":\"https:\\\/\\\/www.mobilier-design-occasion.fr\\\/magazine\\\/#organization\"},\"image\":{\"@id\":\"https:\\\/\\\/www.mobilier-design-occasion.fr\\\/magazine\\\/tout-savoir-pour-choisir-et-composer-de-belles-jardinieres-2\\\/#primaryimage\"},\"thumbnailUrl\":\"https:\\\/\\\/www.mobilier-design-occasion.fr\\\/magazine\\\/wp-content\\\/uploads\\\/2026\\\/01\\\/pexels-nivara-2156846358-35497041.jpg\",\"keywords\":[\"jardin\"],\"articleSection\":[\"Ext\u00e9rieur\"],\"inLanguage\":\"fr-FR\",\"potentialAction\":[{\"@type\":\"CommentAction\",\"name\":\"Comment\",\"target\":[\"https:\\\/\\\/www.mobilier-design-occasion.fr\\\/magazine\\\/tout-savoir-pour-choisir-et-composer-de-belles-jardinieres-2\\\/#respond\"]}]},{\"@type\":\"WebPage\",\"@id\":\"https:\\\/\\\/www.mobilier-design-occasion.fr\\\/magazine\\\/tout-savoir-pour-choisir-et-composer-de-belles-jardinieres-2\\\/\",\"url\":\"https:\\\/\\\/www.mobilier-design-occasion.fr\\\/magazine\\\/tout-savoir-pour-choisir-et-composer-de-belles-jardinieres-2\\\/\",\"name\":\"Tout savoir pour choisir et composer de belles jardini\u00e8res - Mobilier Design Magazine\",\"isPartOf\":{\"@id\":\"https:\\\/\\\/www.mobilier-design-occasion.fr\\\/magazine\\\/#website\"},\"primaryImageOfPage\":{\"@id\":\"https:\\\/\\\/www.mobilier-design-occasion.fr\\\/magazine\\\/tout-savoir-pour-choisir-et-composer-de-belles-jardinieres-2\\\/#primaryimage\"},\"image\":{\"@id\":\"https:\\\/\\\/www.mobilier-design-occasion.fr\\\/magazine\\\/tout-savoir-pour-choisir-et-composer-de-belles-jardinieres-2\\\/#primaryimage\"},\"thumbnailUrl\":\"https:\\\/\\\/www.mobilier-design-occasion.fr\\\/magazine\\\/wp-content\\\/uploads\\\/2026\\\/01\\\/pexels-nivara-2156846358-35497041.jpg\",\"datePublished\":\"2026-01-08T08:55:00+00:00\",\"dateModified\":\"2026-01-12T08:25:15+00:00\",\"breadcrumb\":{\"@id\":\"https:\\\/\\\/www.mobilier-design-occasion.fr\\\/magazine\\\/tout-savoir-pour-choisir-et-composer-de-belles-jardinieres-2\\\/#breadcrumb\"},\"inLanguage\":\"fr-FR\",\"potentialAction\":[{\"@type\":\"ReadAction\",\"target\":[\"https:\\\/\\\/www.mobilier-design-occasion.fr\\\/magazine\\\/tout-savoir-pour-choisir-et-composer-de-belles-jardinieres-2\\\/\"]}]},{\"@type\":\"ImageObject\",\"inLanguage\":\"fr-FR\",\"@id\":\"https:\\\/\\\/www.mobilier-design-occasion.fr\\\/magazine\\\/tout-savoir-pour-choisir-et-composer-de-belles-jardinieres-2\\\/#primaryimage\",\"url\":\"https:\\\/\\\/www.mobilier-design-occasion.fr\\\/magazine\\\/wp-content\\\/uploads\\\/2026\\\/01\\\/pexels-nivara-2156846358-35497041.jpg\",\"contentUrl\":\"https:\\\/\\\/www.mobilier-design-occasion.fr\\\/magazine\\\/wp-content\\\/uploads\\\/2026\\\/01\\\/pexels-nivara-2156846358-35497041.jpg\",\"width\":1280,\"height\":1920},{\"@type\":\"BreadcrumbList\",\"@id\":\"https:\\\/\\\/www.mobilier-design-occasion.fr\\\/magazine\\\/tout-savoir-pour-choisir-et-composer-de-belles-jardinieres-2\\\/#breadcrumb\",\"itemListElement\":[{\"@type\":\"ListItem\",\"position\":1,\"name\":\"Accueil\",\"item\":\"https:\\\/\\\/www.mobilier-design-occasion.fr\\\/magazine\\\/\"},{\"@type\":\"ListItem\",\"position\":2,\"name\":\"Tout savoir pour choisir et composer de belles jardini\u00e8res\"}]},{\"@type\":\"WebSite\",\"@id\":\"https:\\\/\\\/www.mobilier-design-occasion.fr\\\/magazine\\\/#website\",\"url\":\"https:\\\/\\\/www.mobilier-design-occasion.fr\\\/magazine\\\/\",\"name\":\"Mobilier Design Magazine\",\"description\":\"\",\"publisher\":{\"@id\":\"https:\\\/\\\/www.mobilier-design-occasion.fr\\\/magazine\\\/#organization\"},\"potentialAction\":[{\"@type\":\"SearchAction\",\"target\":{\"@type\":\"EntryPoint\",\"urlTemplate\":\"https:\\\/\\\/www.mobilier-design-occasion.fr\\\/magazine\\\/?s={search_term_string}\"},\"query-input\":{\"@type\":\"PropertyValueSpecification\",\"valueRequired\":true,\"valueName\":\"search_term_string\"}}],\"inLanguage\":\"fr-FR\"},{\"@type\":\"Organization\",\"@id\":\"https:\\\/\\\/www.mobilier-design-occasion.fr\\\/magazine\\\/#organization\",\"name\":\"Mobilier Design Magazine\",\"url\":\"https:\\\/\\\/www.mobilier-design-occasion.fr\\\/magazine\\\/\",\"logo\":{\"@type\":\"ImageObject\",\"inLanguage\":\"fr-FR\",\"@id\":\"https:\\\/\\\/www.mobilier-design-occasion.fr\\\/magazine\\\/#\\\/schema\\\/logo\\\/image\\\/\",\"url\":\"https:\\\/\\\/www.mobilier-design-occasion.fr\\\/magazine\\\/wp-content\\\/uploads\\\/2024\\\/02\\\/android-chrome-192x192-1.png\",\"contentUrl\":\"https:\\\/\\\/www.mobilier-design-occasion.fr\\\/magazine\\\/wp-content\\\/uploads\\\/2024\\\/02\\\/android-chrome-192x192-1.png\",\"width\":192,\"height\":192,\"caption\":\"Mobilier Design Magazine\"},\"image\":{\"@id\":\"https:\\\/\\\/www.mobilier-design-occasion.fr\\\/magazine\\\/#\\\/schema\\\/logo\\\/image\\\/\"},\"sameAs\":[\"https:\\\/\\\/www.facebook.com\\\/mobilierdesignoccasion\"]},{\"@type\":\"Person\",\"@id\":\"https:\\\/\\\/www.mobilier-design-occasion.fr\\\/magazine\\\/#\\\/schema\\\/person\\\/af895bedc80bfb6b17730a672fddac9e\",\"name\":\"Vincent Vandegans\",\"image\":{\"@type\":\"ImageObject\",\"inLanguage\":\"fr-FR\",\"@id\":\"https:\\\/\\\/secure.gravatar.com\\\/avatar\\\/b984800dabdf722d5e3f03f637c8932dea77d81118467d17ad2953e3b273ec66?s=96&d=mm&r=g\",\"url\":\"https:\\\/\\\/secure.gravatar.com\\\/avatar\\\/b984800dabdf722d5e3f03f637c8932dea77d81118467d17ad2953e3b273ec66?s=96&d=mm&r=g\",\"contentUrl\":\"https:\\\/\\\/secure.gravatar.com\\\/avatar\\\/b984800dabdf722d5e3f03f637c8932dea77d81118467d17ad2953e3b273ec66?s=96&d=mm&r=g\",\"caption\":\"Vincent Vandegans\"},\"description\":\"Vincent est passionn\u00e9 par les produits d'occasion, il a ouvert le site MDO avec Cyrielle pour aider les gens \u00e0 trouver du mobilier d'occasion, vintage ou usag\u00e9. Depuis, ils ont \u00e9tendu leurs activit\u00e9s et conseillent tout le monde sur le mobilier d'int\u00e9rieur et d'ext\u00e9rieur au quotidien \u00e0 travers le magazine MDO.\",\"url\":\"https:\\\/\\\/www.mobilier-design-occasion.fr\\\/magazine\\\/author\\\/vincent\\\/\"}]}<\/script>\n<!-- \/ Yoast SEO plugin. -->","yoast_head_json":{"title":"Tout savoir pour choisir et composer de belles jardini\u00e8res - Mobilier Design Magazine","robots":{"index":"index","follow":"follow","max-snippet":"max-snippet:-1","max-image-preview":"max-image-preview:large","max-video-preview":"max-video-preview:-1"},"canonical":"https:\/\/www.mobilier-design-occasion.fr\/magazine\/tout-savoir-pour-choisir-et-composer-de-belles-jardinieres-2\/","og_locale":"fr_FR","og_type":"article","og_title":"Tout savoir pour choisir et composer de belles jardini\u00e8res - Mobilier Design Magazine","og_description":"Que vous disposiez d&#8217;un grand jardin ou d&#8217;un simple balcon, les jardini\u00e8res repr\u00e9sentent une solution id\u00e9ale pour apporter verdure et couleur \u00e0 votre espace ext\u00e9rieur. Ces contenants polyvalents permettent de jardiner m\u00eame sans terrain, tout en offrant une grande libert\u00e9 de cr\u00e9ation. Mais face \u00e0 la diversit\u00e9 des mod\u00e8les, des mat\u00e9riaux et des possibilit\u00e9s de [&hellip;]","og_url":"https:\/\/www.mobilier-design-occasion.fr\/magazine\/tout-savoir-pour-choisir-et-composer-de-belles-jardinieres-2\/","og_site_name":"Mobilier Design Magazine","article_publisher":"https:\/\/www.facebook.com\/mobilierdesignoccasion","article_published_time":"2026-01-08T08:55:00+00:00","article_modified_time":"2026-01-12T08:25:15+00:00","og_image":[{"width":1280,"height":1920,"url":"https:\/\/www.mobilier-design-occasion.fr\/magazine\/wp-content\/uploads\/2026\/01\/pexels-nivara-2156846358-35497041.jpg","type":"image\/jpeg"}],"author":"Vincent Vandegans","twitter_card":"summary_large_image","twitter_misc":{"\u00c9crit par":"Vincent Vandegans","Dur\u00e9e de lecture estim\u00e9e":"8 minutes"},"schema":{"@context":"https:\/\/schema.org","@graph":[{"@type":"Article","@id":"https:\/\/www.mobilier-design-occasion.fr\/magazine\/tout-savoir-pour-choisir-et-composer-de-belles-jardinieres-2\/#article","isPartOf":{"@id":"https:\/\/www.mobilier-design-occasion.fr\/magazine\/tout-savoir-pour-choisir-et-composer-de-belles-jardinieres-2\/"},"author":{"name":"Vincent Vandegans","@id":"https:\/\/www.mobilier-design-occasion.fr\/magazine\/#\/schema\/person\/af895bedc80bfb6b17730a672fddac9e"},"headline":"Tout savoir pour choisir et composer de belles jardini\u00e8res","datePublished":"2026-01-08T08:55:00+00:00","dateModified":"2026-01-12T08:25:15+00:00","mainEntityOfPage":{"@id":"https:\/\/www.mobilier-design-occasion.fr\/magazine\/tout-savoir-pour-choisir-et-composer-de-belles-jardinieres-2\/"},"wordCount":1441,"commentCount":0,"publisher":{"@id":"https:\/\/www.mobilier-design-occasion.fr\/magazine\/#organization"},"image":{"@id":"https:\/\/www.mobilier-design-occasion.fr\/magazine\/tout-savoir-pour-choisir-et-composer-de-belles-jardinieres-2\/#primaryimage"},"thumbnailUrl":"https:\/\/www.mobilier-design-occasion.fr\/magazine\/wp-content\/uploads\/2026\/01\/pexels-nivara-2156846358-35497041.jpg","keywords":["jardin"],"articleSection":["Ext\u00e9rieur"],"inLanguage":"fr-FR","potentialAction":[{"@type":"CommentAction","name":"Comment","target":["https:\/\/www.mobilier-design-occasion.fr\/magazine\/tout-savoir-pour-choisir-et-composer-de-belles-jardinieres-2\/#respond"]}]},{"@type":"WebPage","@id":"https:\/\/www.mobilier-design-occasion.fr\/magazine\/tout-savoir-pour-choisir-et-composer-de-belles-jardinieres-2\/","url":"https:\/\/www.mobilier-design-occasion.fr\/magazine\/tout-savoir-pour-choisir-et-composer-de-belles-jardinieres-2\/","name":"Tout savoir pour choisir et composer de belles jardini\u00e8res - Mobilier Design Magazine","isPartOf":{"@id":"https:\/\/www.mobilier-design-occasion.fr\/magazine\/#website"},"primaryImageOfPage":{"@id":"https:\/\/www.mobilier-design-occasion.fr\/magazine\/tout-savoir-pour-choisir-et-composer-de-belles-jardinieres-2\/#primaryimage"},"image":{"@id":"https:\/\/www.mobilier-design-occasion.fr\/magazine\/tout-savoir-pour-choisir-et-composer-de-belles-jardinieres-2\/#primaryimage"},"thumbnailUrl":"https:\/\/www.mobilier-design-occasion.fr\/magazine\/wp-content\/uploads\/2026\/01\/pexels-nivara-2156846358-35497041.jpg","datePublished":"2026-01-08T08:55:00+00:00","dateModified":"2026-01-12T08:25:15+00:00","breadcrumb":{"@id":"https:\/\/www.mobilier-design-occasion.fr\/magazine\/tout-savoir-pour-choisir-et-composer-de-belles-jardinieres-2\/#breadcrumb"},"inLanguage":"fr-FR","potentialAction":[{"@type":"ReadAction","target":["https:\/\/www.mobilier-design-occasion.fr\/magazine\/tout-savoir-pour-choisir-et-composer-de-belles-jardinieres-2\/"]}]},{"@type":"ImageObject","inLanguage":"fr-FR","@id":"https:\/\/www.mobilier-design-occasion.fr\/magazine\/tout-savoir-pour-choisir-et-composer-de-belles-jardinieres-2\/#primaryimage","url":"https:\/\/www.mobilier-design-occasion.fr\/magazine\/wp-content\/uploads\/2026\/01\/pexels-nivara-2156846358-35497041.jpg","contentUrl":"https:\/\/www.mobilier-design-occasion.fr\/magazine\/wp-content\/uploads\/2026\/01\/pexels-nivara-2156846358-35497041.jpg","width":1280,"height":1920},{"@type":"BreadcrumbList","@id":"https:\/\/www.mobilier-design-occasion.fr\/magazine\/tout-savoir-pour-choisir-et-composer-de-belles-jardinieres-2\/#breadcrumb","itemListElement":[{"@type":"ListItem","position":1,"name":"Accueil","item":"https:\/\/www.mobilier-design-occasion.fr\/magazine\/"},{"@type":"ListItem","position":2,"name":"Tout savoir pour choisir et composer de belles jardini\u00e8res"}]},{"@type":"WebSite","@id":"https:\/\/www.mobilier-design-occasion.fr\/magazine\/#website","url":"https:\/\/www.mobilier-design-occasion.fr\/magazine\/","name":"Mobilier Design Magazine","description":"","publisher":{"@id":"https:\/\/www.mobilier-design-occasion.fr\/magazine\/#organization"},"potentialAction":[{"@type":"SearchAction","target":{"@type":"EntryPoint","urlTemplate":"https:\/\/www.mobilier-design-occasion.fr\/magazine\/?s={search_term_string}"},"query-input":{"@type":"PropertyValueSpecification","valueRequired":true,"valueName":"search_term_string"}}],"inLanguage":"fr-FR"},{"@type":"Organization","@id":"https:\/\/www.mobilier-design-occasion.fr\/magazine\/#organization","name":"Mobilier Design Magazine","url":"https:\/\/www.mobilier-design-occasion.fr\/magazine\/","logo":{"@type":"ImageObject","inLanguage":"fr-FR","@id":"https:\/\/www.mobilier-design-occasion.fr\/magazine\/#\/schema\/logo\/image\/","url":"https:\/\/www.mobilier-design-occasion.fr\/magazine\/wp-content\/uploads\/2024\/02\/android-chrome-192x192-1.png","contentUrl":"https:\/\/www.mobilier-design-occasion.fr\/magazine\/wp-content\/uploads\/2024\/02\/android-chrome-192x192-1.png","width":192,"height":192,"caption":"Mobilier Design Magazine"},"image":{"@id":"https:\/\/www.mobilier-design-occasion.fr\/magazine\/#\/schema\/logo\/image\/"},"sameAs":["https:\/\/www.facebook.com\/mobilierdesignoccasion"]},{"@type":"Person","@id":"https:\/\/www.mobilier-design-occasion.fr\/magazine\/#\/schema\/person\/af895bedc80bfb6b17730a672fddac9e","name":"Vincent Vandegans","image":{"@type":"ImageObject","inLanguage":"fr-FR","@id":"https:\/\/secure.gravatar.com\/avatar\/b984800dabdf722d5e3f03f637c8932dea77d81118467d17ad2953e3b273ec66?s=96&d=mm&r=g","url":"https:\/\/secure.gravatar.com\/avatar\/b984800dabdf722d5e3f03f637c8932dea77d81118467d17ad2953e3b273ec66?s=96&d=mm&r=g","contentUrl":"https:\/\/secure.gravatar.com\/avatar\/b984800dabdf722d5e3f03f637c8932dea77d81118467d17ad2953e3b273ec66?s=96&d=mm&r=g","caption":"Vincent Vandegans"},"description":"Vincent est passionn\u00e9 par les produits d'occasion, il a ouvert le site MDO avec Cyrielle pour aider les gens \u00e0 trouver du mobilier d'occasion, vintage ou usag\u00e9. Depuis, ils ont \u00e9tendu leurs activit\u00e9s et conseillent tout le monde sur le mobilier d'int\u00e9rieur et d'ext\u00e9rieur au quotidien \u00e0 travers le magazine MDO.","url":"https:\/\/www.mobilier-design-occasion.fr\/magazine\/author\/vincent\/"}]}},"_links":{"self":[{"href":"https:\/\/www.mobilier-design-occasion.fr\/magazine\/wp-json\/wp\/v2\/posts\/8712","targetHints":{"allow":["GET"]}}],"collection":[{"href":"https:\/\/www.mobilier-design-occasion.fr\/magazine\/wp-json\/wp\/v2\/posts"}],"about":[{"href":"https:\/\/www.mobilier-design-occasion.fr\/magazine\/wp-json\/wp\/v2\/types\/post"}],"author":[{"embeddable":true,"href":"https:\/\/www.mobilier-design-occasion.fr\/magazine\/wp-json\/wp\/v2\/users\/2"}],"replies":[{"embeddable":true,"href":"https:\/\/www.mobilier-design-occasion.fr\/magazine\/wp-json\/wp\/v2\/comments?post=8712"}],"version-history":[{"count":1,"href":"https:\/\/www.mobilier-design-occasion.fr\/magazine\/wp-json\/wp\/v2\/posts\/8712\/revisions"}],"predecessor-version":[{"id":8717,"href":"https:\/\/www.mobilier-design-occasion.fr\/magazine\/wp-json\/wp\/v2\/posts\/8712\/revisions\/8717"}],"wp:featuredmedia":[{"embeddable":true,"href":"https:\/\/www.mobilier-design-occasion.fr\/magazine\/wp-json\/wp\/v2\/media\/8713"}],"wp:attachment":[{"href":"https:\/\/www.mobilier-design-occasion.fr\/magazine\/wp-json\/wp\/v2\/media?parent=8712"}],"wp:term":[{"taxonomy":"category","embeddable":true,"href":"https:\/\/www.mobilier-design-occasion.fr\/magazine\/wp-json\/wp\/v2\/categories?post=8712"},{"taxonomy":"post_tag","embeddable":true,"href":"https:\/\/www.mobilier-design-occasion.fr\/magazine\/wp-json\/wp\/v2\/tags?post=8712"}],"curies":[{"name":"wp","href":"https:\/\/api.w.org\/{rel}","templated":true}]}}