{"id":8709,"date":"2025-12-29T17:00:06","date_gmt":"2025-12-29T17:00:06","guid":{"rendered":"https:\/\/www.mobilier-design-occasion.fr\/magazine\/?p=8709"},"modified":"2025-12-29T17:00:07","modified_gmt":"2025-12-29T17:00:07","slug":"rc-vie-privee-proteger-votre-mobilier-design-et-celui-des-autres","status":"publish","type":"post","link":"https:\/\/www.mobilier-design-occasion.fr\/magazine\/rc-vie-privee-proteger-votre-mobilier-design-et-celui-des-autres\/","title":{"rendered":"RC vie priv\u00e9e : prot\u00e9ger votre mobilier design et celui des autres"},"content":{"rendered":"\n<p>Un accident peut vite arriver, surtout lorsqu&#8217;il s&#8217;agit d&#8217;un <a href=\"https:\/\/www.mobilier-design-occasion.fr\/magazine\/comment-entretenir-son-mobilier-design-au-quotidien-top-astuces\/\">meuble<\/a> <a href=\"https:\/\/www.mobilier-design-occasion.fr\/magazine\/table-tulipe-knoll-indemodable-du-design\/\">design<\/a> ou d&#8217;une <a href=\"https:\/\/www.mobilier-design-occasion.fr\/magazine\/lodyssee-lumineuse-lheritage-industriel-revisite\/\">lampe<\/a> <a href=\"https:\/\/www.mobilier-design-occasion.fr\/magazine\/le-petit-lexique-du-mobilier-design\/\">vintage<\/a>. La responsabilit\u00e9 civile <a href=\"https:\/\/www.mobilier-design-occasion.fr\/magazine\/test-avis-sur-la-redoute-interieurs-am-pm\/\">mobilier<\/a> permet de prot\u00e9ger vos objets de valeur et ceux que vous pr\u00eatez ou d\u00e9placez. Cette garantie vous apporte une tranquillit\u00e9 d&#8217;esprit au quotidien, en couvrant les impr\u00e9vus qui peuvent survenir chez vous ou chez d&#8217;autres.<\/p>\n\n\n\n<h2 class=\"wp-block-heading\"><span class=\"ez-toc-section\" id=\"Responsabilite_civile_vie_privee_quels_enjeux_pour_le_mobilier_design\"><\/span>Responsabilit\u00e9 civile vie priv\u00e9e : quels enjeux pour le mobilier design ?<span class=\"ez-toc-section-end\"><\/span><\/h2><div id=\"ez-toc-container\" class=\"ez-toc-v2_0_82_2 counter-hierarchy ez-toc-counter ez-toc-grey ez-toc-container-direction\">\n<div class=\"ez-toc-title-container\">\n<span class=\"ez-toc-title-toggle\"><a href=\"#\" class=\"ez-toc-pull-right ez-toc-btn ez-toc-btn-xs ez-toc-btn-default ez-toc-toggle\" aria-label=\"Toggle Table of Content\"><span class=\"ez-toc-js-icon-con\"><span class=\"\"><span class=\"eztoc-hide\" style=\"display:none;\">Toggle<\/span><span class=\"ez-toc-icon-toggle-span\"><svg style=\"fill: #999;color:#999\" xmlns=\"http:\/\/www.w3.org\/2000\/svg\" class=\"list-377408\" width=\"20px\" height=\"20px\" viewBox=\"0 0 24 24\" fill=\"none\"><path d=\"M6 6H4v2h2V6zm14 0H8v2h12V6zM4 11h2v2H4v-2zm16 0H8v2h12v-2zM4 16h2v2H4v-2zm16 0H8v2h12v-2z\" fill=\"currentColor\"><\/path><\/svg><svg style=\"fill: #999;color:#999\" class=\"arrow-unsorted-368013\" xmlns=\"http:\/\/www.w3.org\/2000\/svg\" width=\"10px\" height=\"10px\" viewBox=\"0 0 24 24\" version=\"1.2\" baseProfile=\"tiny\"><path d=\"M18.2 9.3l-6.2-6.3-6.2 6.3c-.2.2-.3.4-.3.7s.1.5.3.7c.2.2.4.3.7.3h11c.3 0 .5-.1.7-.3.2-.2.3-.5.3-.7s-.1-.5-.3-.7zM5.8 14.7l6.2 6.3 6.2-6.3c.2-.2.3-.5.3-.7s-.1-.5-.3-.7c-.2-.2-.4-.3-.7-.3h-11c-.3 0-.5.1-.7.3-.2.2-.3.5-.3.7s.1.5.3.7z\"\/><\/svg><\/span><\/span><\/span><\/a><\/span><\/div>\n<nav><ul class='ez-toc-list ez-toc-list-level-1 eztoc-toggle-hide-by-default' ><li class='ez-toc-page-1 ez-toc-heading-level-2'><a class=\"ez-toc-link ez-toc-heading-1\" href=\"https:\/\/www.mobilier-design-occasion.fr\/magazine\/rc-vie-privee-proteger-votre-mobilier-design-et-celui-des-autres\/#Responsabilite_civile_vie_privee_quels_enjeux_pour_le_mobilier_design\" >Responsabilit\u00e9 civile vie priv\u00e9e : quels enjeux pour le mobilier design ?<\/a><ul class='ez-toc-list-level-3' ><li class='ez-toc-heading-level-3'><a class=\"ez-toc-link ez-toc-heading-2\" href=\"https:\/\/www.mobilier-design-occasion.fr\/magazine\/rc-vie-privee-proteger-votre-mobilier-design-et-celui-des-autres\/#Responsabilite_civile_et_objets_dexception_une_protection_utile_pour_les_collectionneurs\" >Responsabilit\u00e9 civile et objets d&#8217;exception : une protection utile pour les collectionneurs<\/a><\/li><li class='ez-toc-page-1 ez-toc-heading-level-3'><a class=\"ez-toc-link ez-toc-heading-3\" href=\"https:\/\/www.mobilier-design-occasion.fr\/magazine\/rc-vie-privee-proteger-votre-mobilier-design-et-celui-des-autres\/#Accidents_courants_quand_le_mobilier_est_expose_aux_risques\" >Accidents courants : quand le mobilier est expos\u00e9 aux risques<\/a><\/li><\/ul><\/li><li class='ez-toc-page-1 ez-toc-heading-level-2'><a class=\"ez-toc-link ez-toc-heading-4\" href=\"https:\/\/www.mobilier-design-occasion.fr\/magazine\/rc-vie-privee-proteger-votre-mobilier-design-et-celui-des-autres\/#Garanties_de_la_responsabilite_civile_mobilier_ce_quil_faut_verifier\" >Garanties de la responsabilit\u00e9 civile mobilier : ce qu&#8217;il faut v\u00e9rifier<\/a><ul class='ez-toc-list-level-3' ><li class='ez-toc-heading-level-3'><a class=\"ez-toc-link ez-toc-heading-5\" href=\"https:\/\/www.mobilier-design-occasion.fr\/magazine\/rc-vie-privee-proteger-votre-mobilier-design-et-celui-des-autres\/#Ou_commence_la_garantie_responsabilite_civile_mobilier\" >O\u00f9 commence la garantie responsabilit\u00e9 civile mobilier ?<\/a><\/li><li class='ez-toc-page-1 ez-toc-heading-level-3'><a class=\"ez-toc-link ez-toc-heading-6\" href=\"https:\/\/www.mobilier-design-occasion.fr\/magazine\/rc-vie-privee-proteger-votre-mobilier-design-et-celui-des-autres\/#Faire_le_point_sur_sa_couverture_RC_pour_le_mobilier_design\" >Faire le point sur sa couverture RC pour le mobilier design<\/a><\/li><\/ul><\/li><li class='ez-toc-page-1 ez-toc-heading-level-2'><a class=\"ez-toc-link ez-toc-heading-7\" href=\"https:\/\/www.mobilier-design-occasion.fr\/magazine\/rc-vie-privee-proteger-votre-mobilier-design-et-celui-des-autres\/#Que_faire_apres_un_sinistre_sur_un_meuble_precieux\" >Que faire apr\u00e8s un sinistre sur un meuble pr\u00e9cieux ?<\/a><ul class='ez-toc-list-level-3' ><li class='ez-toc-heading-level-3'><a class=\"ez-toc-link ez-toc-heading-8\" href=\"https:\/\/www.mobilier-design-occasion.fr\/magazine\/rc-vie-privee-proteger-votre-mobilier-design-et-celui-des-autres\/#Les_etapes_a_suivre_apres_un_dommage_sur_un_meuble_design\" >Les \u00e9tapes \u00e0 suivre apr\u00e8s un dommage sur un meuble design<\/a><\/li><li class='ez-toc-page-1 ez-toc-heading-level-3'><a class=\"ez-toc-link ez-toc-heading-9\" href=\"https:\/\/www.mobilier-design-occasion.fr\/magazine\/rc-vie-privee-proteger-votre-mobilier-design-et-celui-des-autres\/#Quels_documents_fournir_pour_un_dossier_RC_sur_mobilier_rare\" >Quels documents fournir pour un dossier RC sur mobilier rare ?<\/a><\/li><\/ul><\/li><li class='ez-toc-page-1 ez-toc-heading-level-2'><a class=\"ez-toc-link ez-toc-heading-10\" href=\"https:\/\/www.mobilier-design-occasion.fr\/magazine\/rc-vie-privee-proteger-votre-mobilier-design-et-celui-des-autres\/#Prevenir_les_risques_avec_le_mobilier_design\" >Pr\u00e9venir les risques avec le mobilier design<\/a><ul class='ez-toc-list-level-3' ><li class='ez-toc-heading-level-3'><a class=\"ez-toc-link ez-toc-heading-11\" href=\"https:\/\/www.mobilier-design-occasion.fr\/magazine\/rc-vie-privee-proteger-votre-mobilier-design-et-celui-des-autres\/#Adapter_son_contrat_RC_pour_le_mobilier_design\" >Adapter son contrat RC pour le mobilier design<\/a><\/li><\/ul><\/li><\/ul><\/nav><\/div>\n\n\n\n\n<p>Prot\u00e9ger ses meubles n&#8217;est pas toujours \u00e9vident, m\u00eame en \u00e9tant vigilant. Un geste maladroit d&#8217;un invit\u00e9 ou une b\u00eatise d&#8217;un animal peuvent suffire \u00e0 endommager un objet pr\u00e9cieux. La&nbsp;<a href=\"https:\/\/www.maaf.fr\/fr\/assurance-habitation\/assurance-responsabilite-civile\" target=\"_blank\" rel=\"noreferrer noopener\">responsabilit\u00e9 civile vie priv\u00e9e<\/a>&nbsp;intervient dans ces situations pour couvrir les dommages accidentels caus\u00e9s \u00e0 votre <a href=\"https:\/\/www.mobilier-design-occasion.fr\/magazine\/nos-idees-pour-amenager-votre-terrasse-avec-fermob\/\">mobilier design<\/a> ou \u00e0 celui d&#8217;autrui.<\/p>\n\n\n\n<h3 class=\"wp-block-heading\"><span class=\"ez-toc-section\" id=\"Responsabilite_civile_et_objets_dexception_une_protection_utile_pour_les_collectionneurs\"><\/span>Responsabilit\u00e9 civile et objets d&#8217;exception : une protection utile pour les collectionneurs<span class=\"ez-toc-section-end\"><\/span><\/h3>\n\n\n\n<p>Si vous poss\u00e9dez des meubles d&#8217;auteur ou des pi\u00e8ces rares, il arrive de les pr\u00eater, de les exposer ou de les vendre. La responsabilit\u00e9 civile vie priv\u00e9e peut alors s&#8217;av\u00e9rer pr\u00e9cieuse : elle prend en charge l&#8217;indemnisation en cas d&#8217;accident, comme une rayure sur un meuble ou la chute d&#8217;un objet de valeur. Pour les biens \u00e0 forte valeur sentimentale ou patrimoniale, cette garantie est particuli\u00e8rement recommand\u00e9e.<\/p>\n\n\n\n<p>La fragilit\u00e9 et la raret\u00e9 de ces objets incitent \u00e0 la prudence. Selon certains professionnels du secteur, les sinistres sur mobilier design ou pr\u00e9cieux sont en hausse ces derni\u00e8res ann\u00e9es. Il est donc important de bien v\u00e9rifier les conditions de votre contrat.<\/p>\n\n\n\n<h3 class=\"wp-block-heading\"><span class=\"ez-toc-section\" id=\"Accidents_courants_quand_le_mobilier_est_expose_aux_risques\"><\/span>Accidents courants : quand le mobilier est expos\u00e9 aux risques<span class=\"ez-toc-section-end\"><\/span><\/h3>\n\n\n\n<p>Les incidents surviennent souvent lors d&#8217;un d\u00e9m\u00e9nagement, d&#8217;une <a href=\"https:\/\/www.mobilier-design-occasion.fr\/magazine\/collection-fete-des-meres-my-jolie-candle\/\">f\u00eate<\/a> ou d&#8217;un pr\u00eat de meuble. Une tache, une rayure ou un choc peuvent vite arriver, m\u00eame avec des pr\u00e9cautions. Un <a href=\"https:\/\/www.mobilier-design-occasion.fr\/magazine\/test-avis-sur-ripaton\/\">enfant<\/a> qui saute sur un <a href=\"https:\/\/www.mobilier-design-occasion.fr\/magazine\/test-avis-sur-poltronesofa\/\">fauteuil<\/a> vintage, un animal qui grimpe sur une \u00e9tag\u00e8re, ou un invit\u00e9 qui s&#8217;appuie sur une assise fragile : ces situations sont fr\u00e9quentes et rarement pr\u00e9m\u00e9dit\u00e9es.<\/p>\n\n\n\n<p>La responsabilit\u00e9 civile vie priv\u00e9e prot\u00e8ge alors vos relations et votre mobilier contre ces impr\u00e9vus. D&#8217;apr\u00e8s des retours d&#8217;exp\u00e9rience, la majorit\u00e9 des d\u00e9g\u00e2ts ont lieu lors d&#8217;occasions informelles ou \u00e0 la suite d&#8217;un geste maladroit.<\/p>\n\n\n\n<figure class=\"wp-block-table\"><table class=\"has-fixed-layout\"><tbody><tr><th>\u00c9l\u00e9ment couvert<\/th><th>\u00c9l\u00e9ment non couvert<\/th><th>Plafond d&#8217;indemnisation (exemples moyens)<\/th><\/tr><tr><td>Dommages accidentels sur mobilier design pr\u00eat\u00e9, d\u00e9plac\u00e9, utilis\u00e9 lors d&#8217;un \u00e9v\u00e9nement priv\u00e9<\/td><td>Usure naturelle, d\u00e9faut d&#8217;entretien, usage inadapt\u00e9<\/td><td>En g\u00e9n\u00e9ral de 1 500 \u20ac \u00e0 30 000 \u20ac par objet selon le contrat, franchise de 150 \u00e0 400 \u20ac<\/td><\/tr><tr><td>Accidents caus\u00e9s par des enfants ou animaux \u00e0 un meuble appartenant \u00e0 autrui<\/td><td>Meubles vous appartenant sans option collection<\/td><td>De 2 500 \u20ac \u00e0 30 000 \u20ac par sinistre selon la formule<\/td><\/tr><tr><td>Dommages pendant un transport, une expertise ou une revente entre particuliers<\/td><td>Sinistres en contexte professionnel non d\u00e9clar\u00e9<\/td><td>Environ 10 000 \u20ac de base, extensible selon les options<\/td><\/tr><\/tbody><\/table><\/figure>\n\n\n\n<h2 class=\"wp-block-heading\"><span class=\"ez-toc-section\" id=\"Garanties_de_la_responsabilite_civile_mobilier_ce_quil_faut_verifier\"><\/span>Garanties de la responsabilit\u00e9 civile mobilier : ce qu&#8217;il faut v\u00e9rifier<span class=\"ez-toc-section-end\"><\/span><\/h2>\n\n\n\n<p>Chaque contrat pr\u00e9cise les conditions, les exclusions et les montants d&#8217;indemnisation. Les dommages involontaires caus\u00e9s au mobilier d&#8217;autrui sont g\u00e9n\u00e9ralement couverts dans un cadre priv\u00e9, \u00e0 condition de respecter les d\u00e9marches de d\u00e9claration.<\/p>\n\n\n\n<h3 class=\"wp-block-heading\"><span class=\"ez-toc-section\" id=\"Ou_commence_la_garantie_responsabilite_civile_mobilier\"><\/span>O\u00f9 commence la garantie responsabilit\u00e9 civile mobilier ?<span class=\"ez-toc-section-end\"><\/span><\/h3>\n\n\n\n<p>Le contrat d\u00e9taille la marche \u00e0 suivre en cas de sinistre. Les dommages lors d&#8217;un transport ou d&#8217;une visite sont souvent pris en charge, sauf s&#8217;ils r\u00e9sultent d&#8217;une usure normale, d&#8217;un usage professionnel ou d&#8217;un acte volontaire. Il est essentiel de bien v\u00e9rifier les plafonds d&#8217;indemnisation et le montant de la franchise pour \u00e9viter les mauvaises surprises. Pensez \u00e0 d\u00e9clarer pr\u00e9cis\u00e9ment vos objets de valeur pour garantir leur prise en charge.<\/p>\n\n\n\n<h3 class=\"wp-block-heading\"><span class=\"ez-toc-section\" id=\"Faire_le_point_sur_sa_couverture_RC_pour_le_mobilier_design\"><\/span>Faire le point sur sa couverture RC pour le mobilier design<span class=\"ez-toc-section-end\"><\/span><\/h3>\n\n\n\n<p>Un contrat standard ne suffit pas toujours pour des meubles de grande valeur. Si la valeur d&#8217;une pi\u00e8ce d\u00e9passe le plafond d&#8217;indemnisation, il est conseill\u00e9 d&#8217;ajouter une option \u00ab objets pr\u00e9cieux \u00bb et de conserver factures et preuves d&#8217;achat. Faire \u00e9voluer sa couverture en fonction de sa collection est une bonne pratique. Certains professionnels recommandent de revoir son contrat r\u00e9guli\u00e8rement pour l&#8217;adapter \u00e0 ses besoins.<\/p>\n\n\n\n<ul class=\"wp-block-list\">\n<li>Faites expertiser vos biens pr\u00e9cieux r\u00e9guli\u00e8rement<\/li>\n\n\n\n<li>Gardez \u00e0 jour factures, certificats et attestations<\/li>\n\n\n\n<li>N\u00e9gociez des extensions pour objets rares ou temporaires<\/li>\n<\/ul>\n\n\n\n<h2 class=\"wp-block-heading\"><span class=\"ez-toc-section\" id=\"Que_faire_apres_un_sinistre_sur_un_meuble_precieux\"><\/span>Que faire apr\u00e8s un sinistre sur un meuble pr\u00e9cieux ?<span class=\"ez-toc-section-end\"><\/span><\/h2>\n\n\n\n<p>En cas d&#8217;accident, il est important de d\u00e9clarer rapidement le sinistre. Par exemple, si une boisson est renvers\u00e9e sur un <a href=\"https:\/\/www.mobilier-design-occasion.fr\/magazine\/test-avis-sur-deco-in-paris\/\">canap\u00e9<\/a> lors d&#8217;une vente ou d&#8217;une r\u00e9ception, il faut agir sans attendre.<\/p>\n\n\n\n<h3 class=\"wp-block-heading\"><span class=\"ez-toc-section\" id=\"Les_etapes_a_suivre_apres_un_dommage_sur_un_meuble_design\"><\/span>Les \u00e9tapes \u00e0 suivre apr\u00e8s un dommage sur un meuble design<span class=\"ez-toc-section-end\"><\/span><\/h3>\n\n\n\n<p>Prenez des photos du sinistre sous diff\u00e9rents angles, rassemblez les factures et certificats, r\u00e9digez un descriptif pr\u00e9cis, puis contactez votre assureur dans les d\u00e9lais indiqu\u00e9s (souvent cinq jours). Un dossier complet, avec t\u00e9moignages si possible, facilite l&#8217;indemnisation. Si la valeur de l&#8217;objet est \u00e9lev\u00e9e, une expertise ind\u00e9pendante peut \u00eatre utile.<\/p>\n\n\n\n<h3 class=\"wp-block-heading\"><span class=\"ez-toc-section\" id=\"Quels_documents_fournir_pour_un_dossier_RC_sur_mobilier_rare\"><\/span>Quels documents fournir pour un dossier RC sur mobilier rare ?<span class=\"ez-toc-section-end\"><\/span><\/h3>\n\n\n\n<figure class=\"wp-block-table\"><table class=\"has-fixed-layout\"><tbody><tr><th>Meuble concern\u00e9<\/th><th>Document \u00e0 fournir<\/th><th>Intervenant cl\u00e9<\/th><\/tr><tr><td>Fauteuil design ou vintage<\/td><td>Facture d&#8217;achat, expertise, photos avant\/apr\u00e8s dommage<\/td><td>Expert ind\u00e9pendant ou restaurateur mobilier<\/td><\/tr><tr><td><a href=\"https:\/\/www.mobilier-design-occasion.fr\/magazine\/devoilez-le-secret-de-lelegance-dans-votre-espace-de-travail\/\">Table<\/a> de cr\u00e9ateur ou mobilier sur-mesure<\/td><td>Attestation, estimation actualis\u00e9e, rapport circonstanci\u00e9<\/td><td>Expert RC ou t\u00e9moin direct<\/td><\/tr><tr><td>Lampe, objet d&#8217;art utilitaire<\/td><td>Certificat d&#8217;authenticit\u00e9, photo du bien indemne<\/td><td>Sp\u00e9cialiste objets ou gestionnaire de copropri\u00e9t\u00e9<\/td><\/tr><\/tbody><\/table><\/figure>\n\n\n\n<p>L&#8217;intervention d&#8217;un expert est recommand\u00e9e pour les objets de grande valeur ou en cas de d\u00e9saccord. Un dossier bien pr\u00e9par\u00e9 et une communication claire avec l&#8217;assureur facilitent la r\u00e9solution du sinistre.<\/p>\n\n\n\n<h2 class=\"wp-block-heading\"><span class=\"ez-toc-section\" id=\"Prevenir_les_risques_avec_le_mobilier_design\"><\/span>Pr\u00e9venir les risques avec le mobilier design<span class=\"ez-toc-section-end\"><\/span><\/h2>\n\n\n\n<p>Transporter ou exposer un meuble de valeur demande des pr\u00e9cautions. Utilisez des protections adapt\u00e9es (mousse, housses, emballages solides) et informez vos proches de la fragilit\u00e9 des objets. Expliquez les r\u00e8gles aux enfants et surveillez les animaux pour limiter les risques d&#8217;accident.<\/p>\n\n\n\n<h3 class=\"wp-block-heading\"><span class=\"ez-toc-section\" id=\"Adapter_son_contrat_RC_pour_le_mobilier_design\"><\/span>Adapter son contrat RC pour le mobilier design<span class=\"ez-toc-section-end\"><\/span><\/h3>\n\n\n\n<p>\u00c0 chaque nouvelle acquisition ou revente, pensez \u00e0 mettre \u00e0 jour votre contrat d&#8217;assurance. N\u00e9gociez les extensions n\u00e9cessaires et demandez la mention &#8220;valeur agr\u00e9\u00e9e&#8221; si besoin. Un conseiller peut vous aider \u00e0 ajuster les plafonds et franchises pour une couverture optimale.<\/p>\n\n\n\n<p>Prot\u00e9ger son mobilier design, c&#8217;est aussi anticiper et bien s&#8217;informer sur les garanties. Une assurance adapt\u00e9e et une bonne pr\u00e9vention permettent d&#8217;\u00e9viter les mauvaises surprises et de pr\u00e9server vos relations en cas d&#8217;accident.<\/p>\n","protected":false},"excerpt":{"rendered":"<p>Un accident peut vite arriver, surtout lorsqu&#8217;il s&#8217;agit d&#8217;un meuble design ou d&#8217;une lampe vintage. La responsabilit\u00e9 civile mobilier permet de prot\u00e9ger vos objets de valeur et ceux que vous pr\u00eatez ou d\u00e9placez. Cette garantie vous apporte une tranquillit\u00e9 d&#8217;esprit au quotidien, en couvrant les impr\u00e9vus qui peuvent survenir chez vous ou chez d&#8217;autres. Responsabilit\u00e9 [&hellip;]<\/p>\n","protected":false},"author":2,"featured_media":8710,"comment_status":"open","ping_status":"open","sticky":false,"template":"","format":"standard","meta":{"footnotes":""},"categories":[8],"tags":[],"class_list":["post-8709","post","type-post","status-publish","format-standard","has-post-thumbnail","hentry","category-avis"],"yoast_head":"<!-- This site is optimized with the Yoast SEO plugin v27.5 - https:\/\/yoast.com\/product\/yoast-seo-wordpress\/ -->\n<title>RC vie priv\u00e9e : prot\u00e9ger votre mobilier design et celui des autres - Mobilier Design Magazine<\/title>\n<meta name=\"robots\" content=\"index, follow, max-snippet:-1, max-image-preview:large, max-video-preview:-1\" \/>\n<link rel=\"canonical\" href=\"https:\/\/www.mobilier-design-occasion.fr\/magazine\/rc-vie-privee-proteger-votre-mobilier-design-et-celui-des-autres\/\" \/>\n<meta property=\"og:locale\" content=\"fr_FR\" \/>\n<meta property=\"og:type\" content=\"article\" \/>\n<meta property=\"og:title\" content=\"RC vie priv\u00e9e : prot\u00e9ger votre mobilier design et celui des autres - Mobilier Design Magazine\" \/>\n<meta property=\"og:description\" content=\"Un accident peut vite arriver, surtout lorsqu&#8217;il s&#8217;agit d&#8217;un meuble design ou d&#8217;une lampe vintage. La responsabilit\u00e9 civile mobilier permet de prot\u00e9ger vos objets de valeur et ceux que vous pr\u00eatez ou d\u00e9placez. Cette garantie vous apporte une tranquillit\u00e9 d&#8217;esprit au quotidien, en couvrant les impr\u00e9vus qui peuvent survenir chez vous ou chez d&#8217;autres. Responsabilit\u00e9 [&hellip;]\" \/>\n<meta property=\"og:url\" content=\"https:\/\/www.mobilier-design-occasion.fr\/magazine\/rc-vie-privee-proteger-votre-mobilier-design-et-celui-des-autres\/\" \/>\n<meta property=\"og:site_name\" content=\"Mobilier Design Magazine\" \/>\n<meta property=\"article:publisher\" content=\"https:\/\/www.facebook.com\/mobilierdesignoccasion\" \/>\n<meta property=\"article:published_time\" content=\"2025-12-29T17:00:06+00:00\" \/>\n<meta property=\"article:modified_time\" content=\"2025-12-29T17:00:07+00:00\" \/>\n<meta property=\"og:image\" content=\"https:\/\/www.mobilier-design-occasion.fr\/magazine\/wp-content\/uploads\/2025\/12\/694e3be6984cd1766734822.jpg\" \/>\n\t<meta property=\"og:image:width\" content=\"1408\" \/>\n\t<meta property=\"og:image:height\" content=\"768\" \/>\n\t<meta property=\"og:image:type\" content=\"image\/jpeg\" \/>\n<meta name=\"author\" content=\"Vincent Vandegans\" \/>\n<meta name=\"twitter:card\" content=\"summary_large_image\" \/>\n<meta name=\"twitter:label1\" content=\"\u00c9crit par\" \/>\n\t<meta name=\"twitter:data1\" content=\"Vincent Vandegans\" \/>\n\t<meta name=\"twitter:label2\" content=\"Dur\u00e9e de lecture estim\u00e9e\" \/>\n\t<meta name=\"twitter:data2\" content=\"6 minutes\" \/>\n<script type=\"application\/ld+json\" class=\"yoast-schema-graph\">{\"@context\":\"https:\\\/\\\/schema.org\",\"@graph\":[{\"@type\":\"Article\",\"@id\":\"https:\\\/\\\/www.mobilier-design-occasion.fr\\\/magazine\\\/rc-vie-privee-proteger-votre-mobilier-design-et-celui-des-autres\\\/#article\",\"isPartOf\":{\"@id\":\"https:\\\/\\\/www.mobilier-design-occasion.fr\\\/magazine\\\/rc-vie-privee-proteger-votre-mobilier-design-et-celui-des-autres\\\/\"},\"author\":{\"name\":\"Vincent Vandegans\",\"@id\":\"https:\\\/\\\/www.mobilier-design-occasion.fr\\\/magazine\\\/#\\\/schema\\\/person\\\/af895bedc80bfb6b17730a672fddac9e\"},\"headline\":\"RC vie priv\u00e9e : prot\u00e9ger votre mobilier design et celui des autres\",\"datePublished\":\"2025-12-29T17:00:06+00:00\",\"dateModified\":\"2025-12-29T17:00:07+00:00\",\"mainEntityOfPage\":{\"@id\":\"https:\\\/\\\/www.mobilier-design-occasion.fr\\\/magazine\\\/rc-vie-privee-proteger-votre-mobilier-design-et-celui-des-autres\\\/\"},\"wordCount\":1131,\"commentCount\":0,\"publisher\":{\"@id\":\"https:\\\/\\\/www.mobilier-design-occasion.fr\\\/magazine\\\/#organization\"},\"image\":{\"@id\":\"https:\\\/\\\/www.mobilier-design-occasion.fr\\\/magazine\\\/rc-vie-privee-proteger-votre-mobilier-design-et-celui-des-autres\\\/#primaryimage\"},\"thumbnailUrl\":\"https:\\\/\\\/www.mobilier-design-occasion.fr\\\/magazine\\\/wp-content\\\/uploads\\\/2025\\\/12\\\/694e3be6984cd1766734822.jpg\",\"articleSection\":[\"Avis marques d\u00e9co\"],\"inLanguage\":\"fr-FR\",\"potentialAction\":[{\"@type\":\"CommentAction\",\"name\":\"Comment\",\"target\":[\"https:\\\/\\\/www.mobilier-design-occasion.fr\\\/magazine\\\/rc-vie-privee-proteger-votre-mobilier-design-et-celui-des-autres\\\/#respond\"]}]},{\"@type\":\"WebPage\",\"@id\":\"https:\\\/\\\/www.mobilier-design-occasion.fr\\\/magazine\\\/rc-vie-privee-proteger-votre-mobilier-design-et-celui-des-autres\\\/\",\"url\":\"https:\\\/\\\/www.mobilier-design-occasion.fr\\\/magazine\\\/rc-vie-privee-proteger-votre-mobilier-design-et-celui-des-autres\\\/\",\"name\":\"RC vie priv\u00e9e : prot\u00e9ger votre mobilier design et celui des autres - Mobilier Design Magazine\",\"isPartOf\":{\"@id\":\"https:\\\/\\\/www.mobilier-design-occasion.fr\\\/magazine\\\/#website\"},\"primaryImageOfPage\":{\"@id\":\"https:\\\/\\\/www.mobilier-design-occasion.fr\\\/magazine\\\/rc-vie-privee-proteger-votre-mobilier-design-et-celui-des-autres\\\/#primaryimage\"},\"image\":{\"@id\":\"https:\\\/\\\/www.mobilier-design-occasion.fr\\\/magazine\\\/rc-vie-privee-proteger-votre-mobilier-design-et-celui-des-autres\\\/#primaryimage\"},\"thumbnailUrl\":\"https:\\\/\\\/www.mobilier-design-occasion.fr\\\/magazine\\\/wp-content\\\/uploads\\\/2025\\\/12\\\/694e3be6984cd1766734822.jpg\",\"datePublished\":\"2025-12-29T17:00:06+00:00\",\"dateModified\":\"2025-12-29T17:00:07+00:00\",\"breadcrumb\":{\"@id\":\"https:\\\/\\\/www.mobilier-design-occasion.fr\\\/magazine\\\/rc-vie-privee-proteger-votre-mobilier-design-et-celui-des-autres\\\/#breadcrumb\"},\"inLanguage\":\"fr-FR\",\"potentialAction\":[{\"@type\":\"ReadAction\",\"target\":[\"https:\\\/\\\/www.mobilier-design-occasion.fr\\\/magazine\\\/rc-vie-privee-proteger-votre-mobilier-design-et-celui-des-autres\\\/\"]}]},{\"@type\":\"ImageObject\",\"inLanguage\":\"fr-FR\",\"@id\":\"https:\\\/\\\/www.mobilier-design-occasion.fr\\\/magazine\\\/rc-vie-privee-proteger-votre-mobilier-design-et-celui-des-autres\\\/#primaryimage\",\"url\":\"https:\\\/\\\/www.mobilier-design-occasion.fr\\\/magazine\\\/wp-content\\\/uploads\\\/2025\\\/12\\\/694e3be6984cd1766734822.jpg\",\"contentUrl\":\"https:\\\/\\\/www.mobilier-design-occasion.fr\\\/magazine\\\/wp-content\\\/uploads\\\/2025\\\/12\\\/694e3be6984cd1766734822.jpg\",\"width\":1408,\"height\":768},{\"@type\":\"BreadcrumbList\",\"@id\":\"https:\\\/\\\/www.mobilier-design-occasion.fr\\\/magazine\\\/rc-vie-privee-proteger-votre-mobilier-design-et-celui-des-autres\\\/#breadcrumb\",\"itemListElement\":[{\"@type\":\"ListItem\",\"position\":1,\"name\":\"Accueil\",\"item\":\"https:\\\/\\\/www.mobilier-design-occasion.fr\\\/magazine\\\/\"},{\"@type\":\"ListItem\",\"position\":2,\"name\":\"RC vie priv\u00e9e : prot\u00e9ger votre mobilier design et celui des autres\"}]},{\"@type\":\"WebSite\",\"@id\":\"https:\\\/\\\/www.mobilier-design-occasion.fr\\\/magazine\\\/#website\",\"url\":\"https:\\\/\\\/www.mobilier-design-occasion.fr\\\/magazine\\\/\",\"name\":\"Mobilier Design Magazine\",\"description\":\"\",\"publisher\":{\"@id\":\"https:\\\/\\\/www.mobilier-design-occasion.fr\\\/magazine\\\/#organization\"},\"potentialAction\":[{\"@type\":\"SearchAction\",\"target\":{\"@type\":\"EntryPoint\",\"urlTemplate\":\"https:\\\/\\\/www.mobilier-design-occasion.fr\\\/magazine\\\/?s={search_term_string}\"},\"query-input\":{\"@type\":\"PropertyValueSpecification\",\"valueRequired\":true,\"valueName\":\"search_term_string\"}}],\"inLanguage\":\"fr-FR\"},{\"@type\":\"Organization\",\"@id\":\"https:\\\/\\\/www.mobilier-design-occasion.fr\\\/magazine\\\/#organization\",\"name\":\"Mobilier Design Magazine\",\"url\":\"https:\\\/\\\/www.mobilier-design-occasion.fr\\\/magazine\\\/\",\"logo\":{\"@type\":\"ImageObject\",\"inLanguage\":\"fr-FR\",\"@id\":\"https:\\\/\\\/www.mobilier-design-occasion.fr\\\/magazine\\\/#\\\/schema\\\/logo\\\/image\\\/\",\"url\":\"https:\\\/\\\/www.mobilier-design-occasion.fr\\\/magazine\\\/wp-content\\\/uploads\\\/2024\\\/02\\\/android-chrome-192x192-1.png\",\"contentUrl\":\"https:\\\/\\\/www.mobilier-design-occasion.fr\\\/magazine\\\/wp-content\\\/uploads\\\/2024\\\/02\\\/android-chrome-192x192-1.png\",\"width\":192,\"height\":192,\"caption\":\"Mobilier Design Magazine\"},\"image\":{\"@id\":\"https:\\\/\\\/www.mobilier-design-occasion.fr\\\/magazine\\\/#\\\/schema\\\/logo\\\/image\\\/\"},\"sameAs\":[\"https:\\\/\\\/www.facebook.com\\\/mobilierdesignoccasion\"]},{\"@type\":\"Person\",\"@id\":\"https:\\\/\\\/www.mobilier-design-occasion.fr\\\/magazine\\\/#\\\/schema\\\/person\\\/af895bedc80bfb6b17730a672fddac9e\",\"name\":\"Vincent Vandegans\",\"image\":{\"@type\":\"ImageObject\",\"inLanguage\":\"fr-FR\",\"@id\":\"https:\\\/\\\/secure.gravatar.com\\\/avatar\\\/b984800dabdf722d5e3f03f637c8932dea77d81118467d17ad2953e3b273ec66?s=96&d=mm&r=g\",\"url\":\"https:\\\/\\\/secure.gravatar.com\\\/avatar\\\/b984800dabdf722d5e3f03f637c8932dea77d81118467d17ad2953e3b273ec66?s=96&d=mm&r=g\",\"contentUrl\":\"https:\\\/\\\/secure.gravatar.com\\\/avatar\\\/b984800dabdf722d5e3f03f637c8932dea77d81118467d17ad2953e3b273ec66?s=96&d=mm&r=g\",\"caption\":\"Vincent Vandegans\"},\"description\":\"Vincent est passionn\u00e9 par les produits d'occasion, il a ouvert le site MDO avec Cyrielle pour aider les gens \u00e0 trouver du mobilier d'occasion, vintage ou usag\u00e9. Depuis, ils ont \u00e9tendu leurs activit\u00e9s et conseillent tout le monde sur le mobilier d'int\u00e9rieur et d'ext\u00e9rieur au quotidien \u00e0 travers le magazine MDO.\",\"url\":\"https:\\\/\\\/www.mobilier-design-occasion.fr\\\/magazine\\\/author\\\/vincent\\\/\"}]}<\/script>\n<!-- \/ Yoast SEO plugin. -->","yoast_head_json":{"title":"RC vie priv\u00e9e : prot\u00e9ger votre mobilier design et celui des autres - Mobilier Design Magazine","robots":{"index":"index","follow":"follow","max-snippet":"max-snippet:-1","max-image-preview":"max-image-preview:large","max-video-preview":"max-video-preview:-1"},"canonical":"https:\/\/www.mobilier-design-occasion.fr\/magazine\/rc-vie-privee-proteger-votre-mobilier-design-et-celui-des-autres\/","og_locale":"fr_FR","og_type":"article","og_title":"RC vie priv\u00e9e : prot\u00e9ger votre mobilier design et celui des autres - Mobilier Design Magazine","og_description":"Un accident peut vite arriver, surtout lorsqu&#8217;il s&#8217;agit d&#8217;un meuble design ou d&#8217;une lampe vintage. La responsabilit\u00e9 civile mobilier permet de prot\u00e9ger vos objets de valeur et ceux que vous pr\u00eatez ou d\u00e9placez. Cette garantie vous apporte une tranquillit\u00e9 d&#8217;esprit au quotidien, en couvrant les impr\u00e9vus qui peuvent survenir chez vous ou chez d&#8217;autres. Responsabilit\u00e9 [&hellip;]","og_url":"https:\/\/www.mobilier-design-occasion.fr\/magazine\/rc-vie-privee-proteger-votre-mobilier-design-et-celui-des-autres\/","og_site_name":"Mobilier Design Magazine","article_publisher":"https:\/\/www.facebook.com\/mobilierdesignoccasion","article_published_time":"2025-12-29T17:00:06+00:00","article_modified_time":"2025-12-29T17:00:07+00:00","og_image":[{"width":1408,"height":768,"url":"https:\/\/www.mobilier-design-occasion.fr\/magazine\/wp-content\/uploads\/2025\/12\/694e3be6984cd1766734822.jpg","type":"image\/jpeg"}],"author":"Vincent Vandegans","twitter_card":"summary_large_image","twitter_misc":{"\u00c9crit par":"Vincent Vandegans","Dur\u00e9e de lecture estim\u00e9e":"6 minutes"},"schema":{"@context":"https:\/\/schema.org","@graph":[{"@type":"Article","@id":"https:\/\/www.mobilier-design-occasion.fr\/magazine\/rc-vie-privee-proteger-votre-mobilier-design-et-celui-des-autres\/#article","isPartOf":{"@id":"https:\/\/www.mobilier-design-occasion.fr\/magazine\/rc-vie-privee-proteger-votre-mobilier-design-et-celui-des-autres\/"},"author":{"name":"Vincent Vandegans","@id":"https:\/\/www.mobilier-design-occasion.fr\/magazine\/#\/schema\/person\/af895bedc80bfb6b17730a672fddac9e"},"headline":"RC vie priv\u00e9e : prot\u00e9ger votre mobilier design et celui des autres","datePublished":"2025-12-29T17:00:06+00:00","dateModified":"2025-12-29T17:00:07+00:00","mainEntityOfPage":{"@id":"https:\/\/www.mobilier-design-occasion.fr\/magazine\/rc-vie-privee-proteger-votre-mobilier-design-et-celui-des-autres\/"},"wordCount":1131,"commentCount":0,"publisher":{"@id":"https:\/\/www.mobilier-design-occasion.fr\/magazine\/#organization"},"image":{"@id":"https:\/\/www.mobilier-design-occasion.fr\/magazine\/rc-vie-privee-proteger-votre-mobilier-design-et-celui-des-autres\/#primaryimage"},"thumbnailUrl":"https:\/\/www.mobilier-design-occasion.fr\/magazine\/wp-content\/uploads\/2025\/12\/694e3be6984cd1766734822.jpg","articleSection":["Avis marques d\u00e9co"],"inLanguage":"fr-FR","potentialAction":[{"@type":"CommentAction","name":"Comment","target":["https:\/\/www.mobilier-design-occasion.fr\/magazine\/rc-vie-privee-proteger-votre-mobilier-design-et-celui-des-autres\/#respond"]}]},{"@type":"WebPage","@id":"https:\/\/www.mobilier-design-occasion.fr\/magazine\/rc-vie-privee-proteger-votre-mobilier-design-et-celui-des-autres\/","url":"https:\/\/www.mobilier-design-occasion.fr\/magazine\/rc-vie-privee-proteger-votre-mobilier-design-et-celui-des-autres\/","name":"RC vie priv\u00e9e : prot\u00e9ger votre mobilier design et celui des autres - Mobilier Design Magazine","isPartOf":{"@id":"https:\/\/www.mobilier-design-occasion.fr\/magazine\/#website"},"primaryImageOfPage":{"@id":"https:\/\/www.mobilier-design-occasion.fr\/magazine\/rc-vie-privee-proteger-votre-mobilier-design-et-celui-des-autres\/#primaryimage"},"image":{"@id":"https:\/\/www.mobilier-design-occasion.fr\/magazine\/rc-vie-privee-proteger-votre-mobilier-design-et-celui-des-autres\/#primaryimage"},"thumbnailUrl":"https:\/\/www.mobilier-design-occasion.fr\/magazine\/wp-content\/uploads\/2025\/12\/694e3be6984cd1766734822.jpg","datePublished":"2025-12-29T17:00:06+00:00","dateModified":"2025-12-29T17:00:07+00:00","breadcrumb":{"@id":"https:\/\/www.mobilier-design-occasion.fr\/magazine\/rc-vie-privee-proteger-votre-mobilier-design-et-celui-des-autres\/#breadcrumb"},"inLanguage":"fr-FR","potentialAction":[{"@type":"ReadAction","target":["https:\/\/www.mobilier-design-occasion.fr\/magazine\/rc-vie-privee-proteger-votre-mobilier-design-et-celui-des-autres\/"]}]},{"@type":"ImageObject","inLanguage":"fr-FR","@id":"https:\/\/www.mobilier-design-occasion.fr\/magazine\/rc-vie-privee-proteger-votre-mobilier-design-et-celui-des-autres\/#primaryimage","url":"https:\/\/www.mobilier-design-occasion.fr\/magazine\/wp-content\/uploads\/2025\/12\/694e3be6984cd1766734822.jpg","contentUrl":"https:\/\/www.mobilier-design-occasion.fr\/magazine\/wp-content\/uploads\/2025\/12\/694e3be6984cd1766734822.jpg","width":1408,"height":768},{"@type":"BreadcrumbList","@id":"https:\/\/www.mobilier-design-occasion.fr\/magazine\/rc-vie-privee-proteger-votre-mobilier-design-et-celui-des-autres\/#breadcrumb","itemListElement":[{"@type":"ListItem","position":1,"name":"Accueil","item":"https:\/\/www.mobilier-design-occasion.fr\/magazine\/"},{"@type":"ListItem","position":2,"name":"RC vie priv\u00e9e : prot\u00e9ger votre mobilier design et celui des autres"}]},{"@type":"WebSite","@id":"https:\/\/www.mobilier-design-occasion.fr\/magazine\/#website","url":"https:\/\/www.mobilier-design-occasion.fr\/magazine\/","name":"Mobilier Design Magazine","description":"","publisher":{"@id":"https:\/\/www.mobilier-design-occasion.fr\/magazine\/#organization"},"potentialAction":[{"@type":"SearchAction","target":{"@type":"EntryPoint","urlTemplate":"https:\/\/www.mobilier-design-occasion.fr\/magazine\/?s={search_term_string}"},"query-input":{"@type":"PropertyValueSpecification","valueRequired":true,"valueName":"search_term_string"}}],"inLanguage":"fr-FR"},{"@type":"Organization","@id":"https:\/\/www.mobilier-design-occasion.fr\/magazine\/#organization","name":"Mobilier Design Magazine","url":"https:\/\/www.mobilier-design-occasion.fr\/magazine\/","logo":{"@type":"ImageObject","inLanguage":"fr-FR","@id":"https:\/\/www.mobilier-design-occasion.fr\/magazine\/#\/schema\/logo\/image\/","url":"https:\/\/www.mobilier-design-occasion.fr\/magazine\/wp-content\/uploads\/2024\/02\/android-chrome-192x192-1.png","contentUrl":"https:\/\/www.mobilier-design-occasion.fr\/magazine\/wp-content\/uploads\/2024\/02\/android-chrome-192x192-1.png","width":192,"height":192,"caption":"Mobilier Design Magazine"},"image":{"@id":"https:\/\/www.mobilier-design-occasion.fr\/magazine\/#\/schema\/logo\/image\/"},"sameAs":["https:\/\/www.facebook.com\/mobilierdesignoccasion"]},{"@type":"Person","@id":"https:\/\/www.mobilier-design-occasion.fr\/magazine\/#\/schema\/person\/af895bedc80bfb6b17730a672fddac9e","name":"Vincent Vandegans","image":{"@type":"ImageObject","inLanguage":"fr-FR","@id":"https:\/\/secure.gravatar.com\/avatar\/b984800dabdf722d5e3f03f637c8932dea77d81118467d17ad2953e3b273ec66?s=96&d=mm&r=g","url":"https:\/\/secure.gravatar.com\/avatar\/b984800dabdf722d5e3f03f637c8932dea77d81118467d17ad2953e3b273ec66?s=96&d=mm&r=g","contentUrl":"https:\/\/secure.gravatar.com\/avatar\/b984800dabdf722d5e3f03f637c8932dea77d81118467d17ad2953e3b273ec66?s=96&d=mm&r=g","caption":"Vincent Vandegans"},"description":"Vincent est passionn\u00e9 par les produits d'occasion, il a ouvert le site MDO avec Cyrielle pour aider les gens \u00e0 trouver du mobilier d'occasion, vintage ou usag\u00e9. Depuis, ils ont \u00e9tendu leurs activit\u00e9s et conseillent tout le monde sur le mobilier d'int\u00e9rieur et d'ext\u00e9rieur au quotidien \u00e0 travers le magazine MDO.","url":"https:\/\/www.mobilier-design-occasion.fr\/magazine\/author\/vincent\/"}]}},"_links":{"self":[{"href":"https:\/\/www.mobilier-design-occasion.fr\/magazine\/wp-json\/wp\/v2\/posts\/8709","targetHints":{"allow":["GET"]}}],"collection":[{"href":"https:\/\/www.mobilier-design-occasion.fr\/magazine\/wp-json\/wp\/v2\/posts"}],"about":[{"href":"https:\/\/www.mobilier-design-occasion.fr\/magazine\/wp-json\/wp\/v2\/types\/post"}],"author":[{"embeddable":true,"href":"https:\/\/www.mobilier-design-occasion.fr\/magazine\/wp-json\/wp\/v2\/users\/2"}],"replies":[{"embeddable":true,"href":"https:\/\/www.mobilier-design-occasion.fr\/magazine\/wp-json\/wp\/v2\/comments?post=8709"}],"version-history":[{"count":1,"href":"https:\/\/www.mobilier-design-occasion.fr\/magazine\/wp-json\/wp\/v2\/posts\/8709\/revisions"}],"predecessor-version":[{"id":8711,"href":"https:\/\/www.mobilier-design-occasion.fr\/magazine\/wp-json\/wp\/v2\/posts\/8709\/revisions\/8711"}],"wp:featuredmedia":[{"embeddable":true,"href":"https:\/\/www.mobilier-design-occasion.fr\/magazine\/wp-json\/wp\/v2\/media\/8710"}],"wp:attachment":[{"href":"https:\/\/www.mobilier-design-occasion.fr\/magazine\/wp-json\/wp\/v2\/media?parent=8709"}],"wp:term":[{"taxonomy":"category","embeddable":true,"href":"https:\/\/www.mobilier-design-occasion.fr\/magazine\/wp-json\/wp\/v2\/categories?post=8709"},{"taxonomy":"post_tag","embeddable":true,"href":"https:\/\/www.mobilier-design-occasion.fr\/magazine\/wp-json\/wp\/v2\/tags?post=8709"}],"curies":[{"name":"wp","href":"https:\/\/api.w.org\/{rel}","templated":true}]}}