{"id":8703,"date":"2025-12-29T16:58:56","date_gmt":"2025-12-29T16:58:56","guid":{"rendered":"https:\/\/www.mobilier-design-occasion.fr\/magazine\/?p=8703"},"modified":"2025-12-29T16:58:57","modified_gmt":"2025-12-29T16:58:57","slug":"rideaux-sur-mesure-lelement-deco-qui-sublime-le-mobilier-design","status":"publish","type":"post","link":"https:\/\/www.mobilier-design-occasion.fr\/magazine\/rideaux-sur-mesure-lelement-deco-qui-sublime-le-mobilier-design\/","title":{"rendered":"Rideaux sur mesure : l\u2019\u00e9l\u00e9ment d\u00e9co qui sublime le mobilier design"},"content":{"rendered":"\n<p>Dans un <a href=\"https:\/\/www.mobilier-design-occasion.fr\/magazine\/envie-dun-interieur-chic-ikea-revele-comment-et-cest-surprenant\/\">int\u00e9rieur<\/a> soign\u00e9, certains \u00e9l\u00e9ments attirent imm\u00e9diatement le regard : un <a href=\"https:\/\/www.mobilier-design-occasion.fr\/magazine\/test-avis-sur-poltronesofa\/\">canap\u00e9<\/a> aux lignes nettes, une <a href=\"https:\/\/www.mobilier-design-occasion.fr\/magazine\/devoilez-le-secret-de-lelegance-dans-votre-espace-de-travail\/\">table<\/a> basse au <a href=\"https:\/\/www.mobilier-design-occasion.fr\/magazine\/table-tulipe-knoll-indemodable-du-design\/\">design<\/a> affirm\u00e9, une enfilade <a href=\"https:\/\/www.mobilier-design-occasion.fr\/magazine\/lodyssee-lumineuse-lheritage-industriel-revisite\/\">vintage<\/a> remise en valeur. Pourtant, l\u2019\u00e9quilibre d\u2019une pi\u00e8ce ne se joue pas uniquement dans le choix du <a href=\"https:\/\/www.mobilier-design-occasion.fr\/magazine\/test-avis-sur-la-redoute-interieurs-am-pm\/\">mobilier<\/a>. Les rideaux, souvent rel\u00e9gu\u00e9s au second plan, jouent un r\u00f4le d\u00e9terminant dans la perception globale de l\u2019espace. Lorsqu\u2019ils sont bien pens\u00e9s et id\u00e9alement r\u00e9alis\u00e9s sur mesure, ils deviennent un v\u00e9ritable prolongement du <a href=\"https:\/\/www.mobilier-design-occasion.fr\/magazine\/nos-idees-pour-amenager-votre-terrasse-avec-fermob\/\">mobilier design<\/a>.<\/p>\n\n\n\n<p>Plus qu\u2019un simple habillage de fen\u00eatre, le rideau agit sur la <a href=\"https:\/\/www.mobilier-design-occasion.fr\/magazine\/le-charme-discret-de-la-lumiere-tamisee-du-chandelier\/\">lumi\u00e8re<\/a>, les volumes et l\u2019atmosph\u00e8re. Il relie les \u00e9l\u00e9ments entre eux, adoucit les contrastes et donne une coh\u00e9rence d\u2019ensemble. Dans des logements aux contraintes vari\u00e9es, hauteur sous plafond, exposition, surfaces parfois r\u00e9duites, le sur-mesure appara\u00eet comme une solution \u00e0 la fois <a href=\"https:\/\/www.mobilier-design-occasion.fr\/magazine\/le-petit-lexique-du-mobilier-design\/\">esth\u00e9tique<\/a> et pragmatique.<\/p>\n\n\n\n<figure class=\"wp-block-image size-full\"><img loading=\"lazy\" decoding=\"async\" width=\"612\" height=\"458\" src=\"https:\/\/www.mobilier-design-occasion.fr\/magazine\/wp-content\/uploads\/2025\/12\/694ed99e275521766775198.jpg\" alt=\"\" class=\"wp-image-8706\" srcset=\"https:\/\/www.mobilier-design-occasion.fr\/magazine\/wp-content\/uploads\/2025\/12\/694ed99e275521766775198.jpg 612w, https:\/\/www.mobilier-design-occasion.fr\/magazine\/wp-content\/uploads\/2025\/12\/694ed99e275521766775198-300x225.jpg 300w\" sizes=\"auto, (max-width: 612px) 100vw, 612px\" \/><figcaption class=\"wp-element-caption\">Living room.<\/figcaption><\/figure>\n\n\n\n<h2 class=\"wp-block-heading\"><span class=\"ez-toc-section\" id=\"Le_sur-mesure_une_reponse_aux_contraintes_reelles_des_logements\"><\/span>Le sur-mesure : une r\u00e9ponse aux contraintes r\u00e9elles des logements<span class=\"ez-toc-section-end\"><\/span><\/h2><div id=\"ez-toc-container\" class=\"ez-toc-v2_0_82_2 counter-hierarchy ez-toc-counter ez-toc-grey ez-toc-container-direction\">\n<div class=\"ez-toc-title-container\">\n<span class=\"ez-toc-title-toggle\"><a href=\"#\" class=\"ez-toc-pull-right ez-toc-btn ez-toc-btn-xs ez-toc-btn-default ez-toc-toggle\" aria-label=\"Toggle Table of Content\"><span class=\"ez-toc-js-icon-con\"><span class=\"\"><span class=\"eztoc-hide\" style=\"display:none;\">Toggle<\/span><span class=\"ez-toc-icon-toggle-span\"><svg style=\"fill: #999;color:#999\" xmlns=\"http:\/\/www.w3.org\/2000\/svg\" class=\"list-377408\" width=\"20px\" height=\"20px\" viewBox=\"0 0 24 24\" fill=\"none\"><path d=\"M6 6H4v2h2V6zm14 0H8v2h12V6zM4 11h2v2H4v-2zm16 0H8v2h12v-2zM4 16h2v2H4v-2zm16 0H8v2h12v-2z\" fill=\"currentColor\"><\/path><\/svg><svg style=\"fill: #999;color:#999\" class=\"arrow-unsorted-368013\" xmlns=\"http:\/\/www.w3.org\/2000\/svg\" width=\"10px\" height=\"10px\" viewBox=\"0 0 24 24\" version=\"1.2\" baseProfile=\"tiny\"><path d=\"M18.2 9.3l-6.2-6.3-6.2 6.3c-.2.2-.3.4-.3.7s.1.5.3.7c.2.2.4.3.7.3h11c.3 0 .5-.1.7-.3.2-.2.3-.5.3-.7s-.1-.5-.3-.7zM5.8 14.7l6.2 6.3 6.2-6.3c.2-.2.3-.5.3-.7s-.1-.5-.3-.7c-.2-.2-.4-.3-.7-.3h-11c-.3 0-.5.1-.7.3-.2.2-.3.5-.3.7s.1.5.3.7z\"\/><\/svg><\/span><\/span><\/span><\/a><\/span><\/div>\n<nav><ul class='ez-toc-list ez-toc-list-level-1 eztoc-toggle-hide-by-default' ><li class='ez-toc-page-1 ez-toc-heading-level-2'><a class=\"ez-toc-link ez-toc-heading-1\" href=\"https:\/\/www.mobilier-design-occasion.fr\/magazine\/rideaux-sur-mesure-lelement-deco-qui-sublime-le-mobilier-design\/#Le_sur-mesure_une_reponse_aux_contraintes_reelles_des_logements\" >Le sur-mesure : une r\u00e9ponse aux contraintes r\u00e9elles des logements<\/a><ul class='ez-toc-list-level-3' ><li class='ez-toc-heading-level-3'><a class=\"ez-toc-link ez-toc-heading-2\" href=\"https:\/\/www.mobilier-design-occasion.fr\/magazine\/rideaux-sur-mesure-lelement-deco-qui-sublime-le-mobilier-design\/#Des_dimensions_adaptees_sans_compromis\" >Des dimensions adapt\u00e9es, sans compromis<\/a><\/li><li class='ez-toc-page-1 ez-toc-heading-level-3'><a class=\"ez-toc-link ez-toc-heading-3\" href=\"https:\/\/www.mobilier-design-occasion.fr\/magazine\/rideaux-sur-mesure-lelement-deco-qui-sublime-le-mobilier-design\/#Une_coherence_esthetique_avec_le_mobilier\" >Une coh\u00e9rence esth\u00e9tique avec le mobilier<\/a><\/li><\/ul><\/li><li class='ez-toc-page-1 ez-toc-heading-level-2'><a class=\"ez-toc-link ez-toc-heading-4\" href=\"https:\/\/www.mobilier-design-occasion.fr\/magazine\/rideaux-sur-mesure-lelement-deco-qui-sublime-le-mobilier-design\/#Rideaux_et_mobilier_design_une_relation_dequilibre\" >Rideaux et mobilier design : une relation d\u2019\u00e9quilibre<\/a><\/li><li class='ez-toc-page-1 ez-toc-heading-level-2'><a class=\"ez-toc-link ez-toc-heading-5\" href=\"https:\/\/www.mobilier-design-occasion.fr\/magazine\/rideaux-sur-mesure-lelement-deco-qui-sublime-le-mobilier-design\/#Choisir_le_bon_tissu_pour_un_usage_quotidien\" >Choisir le bon tissu pour un usage quotidien<\/a><\/li><\/ul><\/nav><\/div>\n\n\n\n\n<h3 class=\"wp-block-heading\"><span class=\"ez-toc-section\" id=\"Des_dimensions_adaptees_sans_compromis\"><\/span>Des dimensions adapt\u00e9es, sans compromis<span class=\"ez-toc-section-end\"><\/span><\/h3>\n\n\n\n<p>Fen\u00eatres anciennes, baies vitr\u00e9es contemporaines, murs irr\u00e9guliers ou plafonds atypiques : peu de logements correspondent r\u00e9ellement aux dimensions \u201cstandard\u201d. Les rideaux sur mesure permettent d\u2019\u00e9pouser parfaitement ces sp\u00e9cificit\u00e9s. La largeur est ajust\u00e9e pour garantir un tomb\u00e9 harmonieux, la hauteur est pens\u00e9e pour accompagner la verticalit\u00e9 de la pi\u00e8ce, et la finition s\u2019adapte au <a href=\"https:\/\/www.mobilier-design-occasion.fr\/magazine\/mobilier-vintage-les-styles-les-plus-prises\/\">style<\/a> du mobilier environnant.<\/p>\n\n\n\n<p>Dans un int\u00e9rieur \u00e9quip\u00e9 de mobilier design, souvent choisi avec attention, parfois chin\u00e9 ou issu de collections embl\u00e9matiques, cette pr\u00e9cision \u00e9vite les dissonances visuelles. Rien ne semble approximatif, tout para\u00eet \u00e0 sa place.<\/p>\n\n\n\n<h3 class=\"wp-block-heading\"><span class=\"ez-toc-section\" id=\"Une_coherence_esthetique_avec_le_mobilier\"><\/span>Une coh\u00e9rence esth\u00e9tique avec le mobilier<span class=\"ez-toc-section-end\"><\/span><\/h3>\n\n\n\n<p>Le sur-mesure offre \u00e9galement une libert\u00e9 de choix rarement \u00e9gal\u00e9e. Mati\u00e8res naturelles ou textur\u00e9es, teintes sobres ou profondes, trames visibles ou plus discr\u00e8tes : chaque d\u00e9cision peut \u00eatre align\u00e9e avec l\u2019esprit du mobilier. Un canap\u00e9 minimaliste sera mis en valeur par un rideau aux lignes simples et \u00e0 la texture mate. Un <a href=\"https:\/\/www.mobilier-design-occasion.fr\/magazine\/comment-entretenir-son-mobilier-design-au-quotidien-top-astuces\/\">meuble<\/a> vintage gagnera en pr\u00e9sence avec un tissu plus dense, l\u00e9g\u00e8rement textur\u00e9.<\/p>\n\n\n\n<p>Cette coh\u00e9rence contribue \u00e0 cr\u00e9er une atmosph\u00e8re lisible et apaisante, o\u00f9 chaque \u00e9l\u00e9ment dialogue avec les autres sans chercher \u00e0 s\u2019imposer.<\/p>\n\n\n\n<figure class=\"wp-block-image size-full\"><img loading=\"lazy\" decoding=\"async\" width=\"612\" height=\"283\" src=\"https:\/\/www.mobilier-design-occasion.fr\/magazine\/wp-content\/uploads\/2025\/12\/694ed99c1f7591766775196.jpg\" alt=\"\" class=\"wp-image-8705\" srcset=\"https:\/\/www.mobilier-design-occasion.fr\/magazine\/wp-content\/uploads\/2025\/12\/694ed99c1f7591766775196.jpg 612w, https:\/\/www.mobilier-design-occasion.fr\/magazine\/wp-content\/uploads\/2025\/12\/694ed99c1f7591766775196-300x139.jpg 300w\" sizes=\"auto, (max-width: 612px) 100vw, 612px\" \/><figcaption class=\"wp-element-caption\">double layer day and night curtains on black rod in living room<\/figcaption><\/figure>\n\n\n\n<h2 class=\"wp-block-heading\"><span class=\"ez-toc-section\" id=\"Rideaux_et_mobilier_design_une_relation_dequilibre\"><\/span>Rideaux et mobilier design : une relation d\u2019\u00e9quilibre<span class=\"ez-toc-section-end\"><\/span><\/h2>\n\n\n\n<p>Contrairement \u00e0 une id\u00e9e re\u00e7ue, les rideaux ne doivent pas rivaliser avec le mobilier design. Leur r\u00f4le est plus subtil : accompagner, souligner, parfois att\u00e9nuer. Ils servent de transition entre les surfaces dures (sols, murs, meubles) et apportent une continuit\u00e9 visuelle.<\/p>\n\n\n\n<p>Dans un <a href=\"https:\/\/www.mobilier-design-occasion.fr\/magazine\/tendances-2024-choisir-les-meubles-parfaits-pour-chaque-piece-de-votre-maison\/\">salon<\/a> au mobilier graphique, des rideaux unis, bien proportionn\u00e9s, permettent de pr\u00e9server la lisibilit\u00e9 des formes. \u00c0 l\u2019inverse, dans un espace plus \u00e9pur\u00e9, un tissu l\u00e9g\u00e8rement textur\u00e9 peut enrichir l\u2019ambiance sans la surcharger. Tout est affaire de dosage et de perception.<\/p>\n\n\n\n<h2 class=\"wp-block-heading\"><span class=\"ez-toc-section\" id=\"Choisir_le_bon_tissu_pour_un_usage_quotidien\"><\/span>Choisir le bon tissu pour un usage quotidien<span class=\"ez-toc-section-end\"><\/span><\/h2>\n\n\n\n<p>Le confort de vie passe aussi par des choix pratiques. Un beau rideau doit rester agr\u00e9able \u00e0 vivre : facile \u00e0 manipuler, r\u00e9sistant \u00e0 la lumi\u00e8re, adapt\u00e9 \u00e0 l\u2019usage de la pi\u00e8ce. Dans un s\u00e9jour, on privil\u00e9giera souvent des tissus capables de filtrer la lumi\u00e8re tout en pr\u00e9servant l\u2019intimit\u00e9. Dans une <a href=\"https:\/\/www.mobilier-design-occasion.fr\/magazine\/5-elements-pour-amenager-une-chambre-montessori\/\">chambre<\/a>, une \u00e9toffe plus occultante apportera un meilleur confort visuel et thermique.<\/p>\n\n\n\n<p>Pour explorer des options adapt\u00e9es \u00e0 ces usages, certaines boutiques sp\u00e9cialis\u00e9es proposent des tissus pour faire des rideaux, comme chez le <a href=\"https:\/\/comptoirdestissus.fr\/categorie-produit\/tissu-pour-rideau\/\">Comptoir du tissu<\/a>. Le choix du <a href=\"https:\/\/www.mobilier-design-occasion.fr\/magazine\/test-avis-essix-home\/\">textile<\/a> devient alors une \u00e9tape r\u00e9fl\u00e9chie, int\u00e9gr\u00e9e \u00e0 l\u2019am\u00e9nagement global, et non un simple ajout d\u00e9coratif.<\/p>\n","protected":false},"excerpt":{"rendered":"<p>Dans un int\u00e9rieur soign\u00e9, certains \u00e9l\u00e9ments attirent imm\u00e9diatement le regard : un canap\u00e9 aux lignes nettes, une table basse au design affirm\u00e9, une enfilade vintage remise en valeur. Pourtant, l\u2019\u00e9quilibre d\u2019une pi\u00e8ce ne se joue pas uniquement dans le choix du mobilier. Les rideaux, souvent rel\u00e9gu\u00e9s au second plan, jouent un r\u00f4le d\u00e9terminant dans la [&hellip;]<\/p>\n","protected":false},"author":2,"featured_media":8707,"comment_status":"open","ping_status":"open","sticky":false,"template":"","format":"standard","meta":{"footnotes":""},"categories":[8],"tags":[],"class_list":["post-8703","post","type-post","status-publish","format-standard","has-post-thumbnail","hentry","category-avis"],"yoast_head":"<!-- This site is optimized with the Yoast SEO plugin v27.5 - https:\/\/yoast.com\/product\/yoast-seo-wordpress\/ -->\n<title>Rideaux sur mesure : l\u2019\u00e9l\u00e9ment d\u00e9co qui sublime le mobilier design - Mobilier Design Magazine<\/title>\n<meta name=\"robots\" content=\"index, follow, max-snippet:-1, max-image-preview:large, max-video-preview:-1\" \/>\n<link rel=\"canonical\" href=\"https:\/\/www.mobilier-design-occasion.fr\/magazine\/rideaux-sur-mesure-lelement-deco-qui-sublime-le-mobilier-design\/\" \/>\n<meta property=\"og:locale\" content=\"fr_FR\" \/>\n<meta property=\"og:type\" content=\"article\" \/>\n<meta property=\"og:title\" content=\"Rideaux sur mesure : l\u2019\u00e9l\u00e9ment d\u00e9co qui sublime le mobilier design - Mobilier Design Magazine\" \/>\n<meta property=\"og:description\" content=\"Dans un int\u00e9rieur soign\u00e9, certains \u00e9l\u00e9ments attirent imm\u00e9diatement le regard : un canap\u00e9 aux lignes nettes, une table basse au design affirm\u00e9, une enfilade vintage remise en valeur. Pourtant, l\u2019\u00e9quilibre d\u2019une pi\u00e8ce ne se joue pas uniquement dans le choix du mobilier. Les rideaux, souvent rel\u00e9gu\u00e9s au second plan, jouent un r\u00f4le d\u00e9terminant dans la [&hellip;]\" \/>\n<meta property=\"og:url\" content=\"https:\/\/www.mobilier-design-occasion.fr\/magazine\/rideaux-sur-mesure-lelement-deco-qui-sublime-le-mobilier-design\/\" \/>\n<meta property=\"og:site_name\" content=\"Mobilier Design Magazine\" \/>\n<meta property=\"article:publisher\" content=\"https:\/\/www.facebook.com\/mobilierdesignoccasion\" \/>\n<meta property=\"article:published_time\" content=\"2025-12-29T16:58:56+00:00\" \/>\n<meta property=\"article:modified_time\" content=\"2025-12-29T16:58:57+00:00\" \/>\n<meta property=\"og:image\" content=\"https:\/\/www.mobilier-design-occasion.fr\/magazine\/wp-content\/uploads\/2025\/12\/694ed99fc49a41766775199.jpg\" \/>\n\t<meta property=\"og:image:width\" content=\"612\" \/>\n\t<meta property=\"og:image:height\" content=\"408\" \/>\n\t<meta property=\"og:image:type\" content=\"image\/jpeg\" \/>\n<meta name=\"author\" content=\"Vincent Vandegans\" \/>\n<meta name=\"twitter:card\" content=\"summary_large_image\" \/>\n<meta name=\"twitter:label1\" content=\"\u00c9crit par\" \/>\n\t<meta name=\"twitter:data1\" content=\"Vincent Vandegans\" \/>\n\t<meta name=\"twitter:label2\" content=\"Dur\u00e9e de lecture estim\u00e9e\" \/>\n\t<meta name=\"twitter:data2\" content=\"4 minutes\" \/>\n<script type=\"application\/ld+json\" class=\"yoast-schema-graph\">{\"@context\":\"https:\\\/\\\/schema.org\",\"@graph\":[{\"@type\":\"Article\",\"@id\":\"https:\\\/\\\/www.mobilier-design-occasion.fr\\\/magazine\\\/rideaux-sur-mesure-lelement-deco-qui-sublime-le-mobilier-design\\\/#article\",\"isPartOf\":{\"@id\":\"https:\\\/\\\/www.mobilier-design-occasion.fr\\\/magazine\\\/rideaux-sur-mesure-lelement-deco-qui-sublime-le-mobilier-design\\\/\"},\"author\":{\"name\":\"Vincent Vandegans\",\"@id\":\"https:\\\/\\\/www.mobilier-design-occasion.fr\\\/magazine\\\/#\\\/schema\\\/person\\\/af895bedc80bfb6b17730a672fddac9e\"},\"headline\":\"Rideaux sur mesure : l\u2019\u00e9l\u00e9ment d\u00e9co qui sublime le mobilier design\",\"datePublished\":\"2025-12-29T16:58:56+00:00\",\"dateModified\":\"2025-12-29T16:58:57+00:00\",\"mainEntityOfPage\":{\"@id\":\"https:\\\/\\\/www.mobilier-design-occasion.fr\\\/magazine\\\/rideaux-sur-mesure-lelement-deco-qui-sublime-le-mobilier-design\\\/\"},\"wordCount\":635,\"commentCount\":0,\"publisher\":{\"@id\":\"https:\\\/\\\/www.mobilier-design-occasion.fr\\\/magazine\\\/#organization\"},\"image\":{\"@id\":\"https:\\\/\\\/www.mobilier-design-occasion.fr\\\/magazine\\\/rideaux-sur-mesure-lelement-deco-qui-sublime-le-mobilier-design\\\/#primaryimage\"},\"thumbnailUrl\":\"https:\\\/\\\/www.mobilier-design-occasion.fr\\\/magazine\\\/wp-content\\\/uploads\\\/2025\\\/12\\\/694ed99fc49a41766775199.jpg\",\"articleSection\":[\"Avis marques d\u00e9co\"],\"inLanguage\":\"fr-FR\",\"potentialAction\":[{\"@type\":\"CommentAction\",\"name\":\"Comment\",\"target\":[\"https:\\\/\\\/www.mobilier-design-occasion.fr\\\/magazine\\\/rideaux-sur-mesure-lelement-deco-qui-sublime-le-mobilier-design\\\/#respond\"]}]},{\"@type\":\"WebPage\",\"@id\":\"https:\\\/\\\/www.mobilier-design-occasion.fr\\\/magazine\\\/rideaux-sur-mesure-lelement-deco-qui-sublime-le-mobilier-design\\\/\",\"url\":\"https:\\\/\\\/www.mobilier-design-occasion.fr\\\/magazine\\\/rideaux-sur-mesure-lelement-deco-qui-sublime-le-mobilier-design\\\/\",\"name\":\"Rideaux sur mesure : l\u2019\u00e9l\u00e9ment d\u00e9co qui sublime le mobilier design - Mobilier Design Magazine\",\"isPartOf\":{\"@id\":\"https:\\\/\\\/www.mobilier-design-occasion.fr\\\/magazine\\\/#website\"},\"primaryImageOfPage\":{\"@id\":\"https:\\\/\\\/www.mobilier-design-occasion.fr\\\/magazine\\\/rideaux-sur-mesure-lelement-deco-qui-sublime-le-mobilier-design\\\/#primaryimage\"},\"image\":{\"@id\":\"https:\\\/\\\/www.mobilier-design-occasion.fr\\\/magazine\\\/rideaux-sur-mesure-lelement-deco-qui-sublime-le-mobilier-design\\\/#primaryimage\"},\"thumbnailUrl\":\"https:\\\/\\\/www.mobilier-design-occasion.fr\\\/magazine\\\/wp-content\\\/uploads\\\/2025\\\/12\\\/694ed99fc49a41766775199.jpg\",\"datePublished\":\"2025-12-29T16:58:56+00:00\",\"dateModified\":\"2025-12-29T16:58:57+00:00\",\"breadcrumb\":{\"@id\":\"https:\\\/\\\/www.mobilier-design-occasion.fr\\\/magazine\\\/rideaux-sur-mesure-lelement-deco-qui-sublime-le-mobilier-design\\\/#breadcrumb\"},\"inLanguage\":\"fr-FR\",\"potentialAction\":[{\"@type\":\"ReadAction\",\"target\":[\"https:\\\/\\\/www.mobilier-design-occasion.fr\\\/magazine\\\/rideaux-sur-mesure-lelement-deco-qui-sublime-le-mobilier-design\\\/\"]}]},{\"@type\":\"ImageObject\",\"inLanguage\":\"fr-FR\",\"@id\":\"https:\\\/\\\/www.mobilier-design-occasion.fr\\\/magazine\\\/rideaux-sur-mesure-lelement-deco-qui-sublime-le-mobilier-design\\\/#primaryimage\",\"url\":\"https:\\\/\\\/www.mobilier-design-occasion.fr\\\/magazine\\\/wp-content\\\/uploads\\\/2025\\\/12\\\/694ed99fc49a41766775199.jpg\",\"contentUrl\":\"https:\\\/\\\/www.mobilier-design-occasion.fr\\\/magazine\\\/wp-content\\\/uploads\\\/2025\\\/12\\\/694ed99fc49a41766775199.jpg\",\"width\":612,\"height\":408,\"caption\":\"Look through the window in a retro style\"},{\"@type\":\"BreadcrumbList\",\"@id\":\"https:\\\/\\\/www.mobilier-design-occasion.fr\\\/magazine\\\/rideaux-sur-mesure-lelement-deco-qui-sublime-le-mobilier-design\\\/#breadcrumb\",\"itemListElement\":[{\"@type\":\"ListItem\",\"position\":1,\"name\":\"Accueil\",\"item\":\"https:\\\/\\\/www.mobilier-design-occasion.fr\\\/magazine\\\/\"},{\"@type\":\"ListItem\",\"position\":2,\"name\":\"Rideaux sur mesure : l\u2019\u00e9l\u00e9ment d\u00e9co qui sublime le mobilier design\"}]},{\"@type\":\"WebSite\",\"@id\":\"https:\\\/\\\/www.mobilier-design-occasion.fr\\\/magazine\\\/#website\",\"url\":\"https:\\\/\\\/www.mobilier-design-occasion.fr\\\/magazine\\\/\",\"name\":\"Mobilier Design Magazine\",\"description\":\"\",\"publisher\":{\"@id\":\"https:\\\/\\\/www.mobilier-design-occasion.fr\\\/magazine\\\/#organization\"},\"potentialAction\":[{\"@type\":\"SearchAction\",\"target\":{\"@type\":\"EntryPoint\",\"urlTemplate\":\"https:\\\/\\\/www.mobilier-design-occasion.fr\\\/magazine\\\/?s={search_term_string}\"},\"query-input\":{\"@type\":\"PropertyValueSpecification\",\"valueRequired\":true,\"valueName\":\"search_term_string\"}}],\"inLanguage\":\"fr-FR\"},{\"@type\":\"Organization\",\"@id\":\"https:\\\/\\\/www.mobilier-design-occasion.fr\\\/magazine\\\/#organization\",\"name\":\"Mobilier Design Magazine\",\"url\":\"https:\\\/\\\/www.mobilier-design-occasion.fr\\\/magazine\\\/\",\"logo\":{\"@type\":\"ImageObject\",\"inLanguage\":\"fr-FR\",\"@id\":\"https:\\\/\\\/www.mobilier-design-occasion.fr\\\/magazine\\\/#\\\/schema\\\/logo\\\/image\\\/\",\"url\":\"https:\\\/\\\/www.mobilier-design-occasion.fr\\\/magazine\\\/wp-content\\\/uploads\\\/2024\\\/02\\\/android-chrome-192x192-1.png\",\"contentUrl\":\"https:\\\/\\\/www.mobilier-design-occasion.fr\\\/magazine\\\/wp-content\\\/uploads\\\/2024\\\/02\\\/android-chrome-192x192-1.png\",\"width\":192,\"height\":192,\"caption\":\"Mobilier Design Magazine\"},\"image\":{\"@id\":\"https:\\\/\\\/www.mobilier-design-occasion.fr\\\/magazine\\\/#\\\/schema\\\/logo\\\/image\\\/\"},\"sameAs\":[\"https:\\\/\\\/www.facebook.com\\\/mobilierdesignoccasion\"]},{\"@type\":\"Person\",\"@id\":\"https:\\\/\\\/www.mobilier-design-occasion.fr\\\/magazine\\\/#\\\/schema\\\/person\\\/af895bedc80bfb6b17730a672fddac9e\",\"name\":\"Vincent Vandegans\",\"image\":{\"@type\":\"ImageObject\",\"inLanguage\":\"fr-FR\",\"@id\":\"https:\\\/\\\/secure.gravatar.com\\\/avatar\\\/b984800dabdf722d5e3f03f637c8932dea77d81118467d17ad2953e3b273ec66?s=96&d=mm&r=g\",\"url\":\"https:\\\/\\\/secure.gravatar.com\\\/avatar\\\/b984800dabdf722d5e3f03f637c8932dea77d81118467d17ad2953e3b273ec66?s=96&d=mm&r=g\",\"contentUrl\":\"https:\\\/\\\/secure.gravatar.com\\\/avatar\\\/b984800dabdf722d5e3f03f637c8932dea77d81118467d17ad2953e3b273ec66?s=96&d=mm&r=g\",\"caption\":\"Vincent Vandegans\"},\"description\":\"Vincent est passionn\u00e9 par les produits d'occasion, il a ouvert le site MDO avec Cyrielle pour aider les gens \u00e0 trouver du mobilier d'occasion, vintage ou usag\u00e9. Depuis, ils ont \u00e9tendu leurs activit\u00e9s et conseillent tout le monde sur le mobilier d'int\u00e9rieur et d'ext\u00e9rieur au quotidien \u00e0 travers le magazine MDO.\",\"url\":\"https:\\\/\\\/www.mobilier-design-occasion.fr\\\/magazine\\\/author\\\/vincent\\\/\"}]}<\/script>\n<!-- \/ Yoast SEO plugin. -->","yoast_head_json":{"title":"Rideaux sur mesure : l\u2019\u00e9l\u00e9ment d\u00e9co qui sublime le mobilier design - Mobilier Design Magazine","robots":{"index":"index","follow":"follow","max-snippet":"max-snippet:-1","max-image-preview":"max-image-preview:large","max-video-preview":"max-video-preview:-1"},"canonical":"https:\/\/www.mobilier-design-occasion.fr\/magazine\/rideaux-sur-mesure-lelement-deco-qui-sublime-le-mobilier-design\/","og_locale":"fr_FR","og_type":"article","og_title":"Rideaux sur mesure : l\u2019\u00e9l\u00e9ment d\u00e9co qui sublime le mobilier design - Mobilier Design Magazine","og_description":"Dans un int\u00e9rieur soign\u00e9, certains \u00e9l\u00e9ments attirent imm\u00e9diatement le regard : un canap\u00e9 aux lignes nettes, une table basse au design affirm\u00e9, une enfilade vintage remise en valeur. Pourtant, l\u2019\u00e9quilibre d\u2019une pi\u00e8ce ne se joue pas uniquement dans le choix du mobilier. Les rideaux, souvent rel\u00e9gu\u00e9s au second plan, jouent un r\u00f4le d\u00e9terminant dans la [&hellip;]","og_url":"https:\/\/www.mobilier-design-occasion.fr\/magazine\/rideaux-sur-mesure-lelement-deco-qui-sublime-le-mobilier-design\/","og_site_name":"Mobilier Design Magazine","article_publisher":"https:\/\/www.facebook.com\/mobilierdesignoccasion","article_published_time":"2025-12-29T16:58:56+00:00","article_modified_time":"2025-12-29T16:58:57+00:00","og_image":[{"width":612,"height":408,"url":"https:\/\/www.mobilier-design-occasion.fr\/magazine\/wp-content\/uploads\/2025\/12\/694ed99fc49a41766775199.jpg","type":"image\/jpeg"}],"author":"Vincent Vandegans","twitter_card":"summary_large_image","twitter_misc":{"\u00c9crit par":"Vincent Vandegans","Dur\u00e9e de lecture estim\u00e9e":"4 minutes"},"schema":{"@context":"https:\/\/schema.org","@graph":[{"@type":"Article","@id":"https:\/\/www.mobilier-design-occasion.fr\/magazine\/rideaux-sur-mesure-lelement-deco-qui-sublime-le-mobilier-design\/#article","isPartOf":{"@id":"https:\/\/www.mobilier-design-occasion.fr\/magazine\/rideaux-sur-mesure-lelement-deco-qui-sublime-le-mobilier-design\/"},"author":{"name":"Vincent Vandegans","@id":"https:\/\/www.mobilier-design-occasion.fr\/magazine\/#\/schema\/person\/af895bedc80bfb6b17730a672fddac9e"},"headline":"Rideaux sur mesure : l\u2019\u00e9l\u00e9ment d\u00e9co qui sublime le mobilier design","datePublished":"2025-12-29T16:58:56+00:00","dateModified":"2025-12-29T16:58:57+00:00","mainEntityOfPage":{"@id":"https:\/\/www.mobilier-design-occasion.fr\/magazine\/rideaux-sur-mesure-lelement-deco-qui-sublime-le-mobilier-design\/"},"wordCount":635,"commentCount":0,"publisher":{"@id":"https:\/\/www.mobilier-design-occasion.fr\/magazine\/#organization"},"image":{"@id":"https:\/\/www.mobilier-design-occasion.fr\/magazine\/rideaux-sur-mesure-lelement-deco-qui-sublime-le-mobilier-design\/#primaryimage"},"thumbnailUrl":"https:\/\/www.mobilier-design-occasion.fr\/magazine\/wp-content\/uploads\/2025\/12\/694ed99fc49a41766775199.jpg","articleSection":["Avis marques d\u00e9co"],"inLanguage":"fr-FR","potentialAction":[{"@type":"CommentAction","name":"Comment","target":["https:\/\/www.mobilier-design-occasion.fr\/magazine\/rideaux-sur-mesure-lelement-deco-qui-sublime-le-mobilier-design\/#respond"]}]},{"@type":"WebPage","@id":"https:\/\/www.mobilier-design-occasion.fr\/magazine\/rideaux-sur-mesure-lelement-deco-qui-sublime-le-mobilier-design\/","url":"https:\/\/www.mobilier-design-occasion.fr\/magazine\/rideaux-sur-mesure-lelement-deco-qui-sublime-le-mobilier-design\/","name":"Rideaux sur mesure : l\u2019\u00e9l\u00e9ment d\u00e9co qui sublime le mobilier design - Mobilier Design Magazine","isPartOf":{"@id":"https:\/\/www.mobilier-design-occasion.fr\/magazine\/#website"},"primaryImageOfPage":{"@id":"https:\/\/www.mobilier-design-occasion.fr\/magazine\/rideaux-sur-mesure-lelement-deco-qui-sublime-le-mobilier-design\/#primaryimage"},"image":{"@id":"https:\/\/www.mobilier-design-occasion.fr\/magazine\/rideaux-sur-mesure-lelement-deco-qui-sublime-le-mobilier-design\/#primaryimage"},"thumbnailUrl":"https:\/\/www.mobilier-design-occasion.fr\/magazine\/wp-content\/uploads\/2025\/12\/694ed99fc49a41766775199.jpg","datePublished":"2025-12-29T16:58:56+00:00","dateModified":"2025-12-29T16:58:57+00:00","breadcrumb":{"@id":"https:\/\/www.mobilier-design-occasion.fr\/magazine\/rideaux-sur-mesure-lelement-deco-qui-sublime-le-mobilier-design\/#breadcrumb"},"inLanguage":"fr-FR","potentialAction":[{"@type":"ReadAction","target":["https:\/\/www.mobilier-design-occasion.fr\/magazine\/rideaux-sur-mesure-lelement-deco-qui-sublime-le-mobilier-design\/"]}]},{"@type":"ImageObject","inLanguage":"fr-FR","@id":"https:\/\/www.mobilier-design-occasion.fr\/magazine\/rideaux-sur-mesure-lelement-deco-qui-sublime-le-mobilier-design\/#primaryimage","url":"https:\/\/www.mobilier-design-occasion.fr\/magazine\/wp-content\/uploads\/2025\/12\/694ed99fc49a41766775199.jpg","contentUrl":"https:\/\/www.mobilier-design-occasion.fr\/magazine\/wp-content\/uploads\/2025\/12\/694ed99fc49a41766775199.jpg","width":612,"height":408,"caption":"Look through the window in a retro style"},{"@type":"BreadcrumbList","@id":"https:\/\/www.mobilier-design-occasion.fr\/magazine\/rideaux-sur-mesure-lelement-deco-qui-sublime-le-mobilier-design\/#breadcrumb","itemListElement":[{"@type":"ListItem","position":1,"name":"Accueil","item":"https:\/\/www.mobilier-design-occasion.fr\/magazine\/"},{"@type":"ListItem","position":2,"name":"Rideaux sur mesure : l\u2019\u00e9l\u00e9ment d\u00e9co qui sublime le mobilier design"}]},{"@type":"WebSite","@id":"https:\/\/www.mobilier-design-occasion.fr\/magazine\/#website","url":"https:\/\/www.mobilier-design-occasion.fr\/magazine\/","name":"Mobilier Design Magazine","description":"","publisher":{"@id":"https:\/\/www.mobilier-design-occasion.fr\/magazine\/#organization"},"potentialAction":[{"@type":"SearchAction","target":{"@type":"EntryPoint","urlTemplate":"https:\/\/www.mobilier-design-occasion.fr\/magazine\/?s={search_term_string}"},"query-input":{"@type":"PropertyValueSpecification","valueRequired":true,"valueName":"search_term_string"}}],"inLanguage":"fr-FR"},{"@type":"Organization","@id":"https:\/\/www.mobilier-design-occasion.fr\/magazine\/#organization","name":"Mobilier Design Magazine","url":"https:\/\/www.mobilier-design-occasion.fr\/magazine\/","logo":{"@type":"ImageObject","inLanguage":"fr-FR","@id":"https:\/\/www.mobilier-design-occasion.fr\/magazine\/#\/schema\/logo\/image\/","url":"https:\/\/www.mobilier-design-occasion.fr\/magazine\/wp-content\/uploads\/2024\/02\/android-chrome-192x192-1.png","contentUrl":"https:\/\/www.mobilier-design-occasion.fr\/magazine\/wp-content\/uploads\/2024\/02\/android-chrome-192x192-1.png","width":192,"height":192,"caption":"Mobilier Design Magazine"},"image":{"@id":"https:\/\/www.mobilier-design-occasion.fr\/magazine\/#\/schema\/logo\/image\/"},"sameAs":["https:\/\/www.facebook.com\/mobilierdesignoccasion"]},{"@type":"Person","@id":"https:\/\/www.mobilier-design-occasion.fr\/magazine\/#\/schema\/person\/af895bedc80bfb6b17730a672fddac9e","name":"Vincent Vandegans","image":{"@type":"ImageObject","inLanguage":"fr-FR","@id":"https:\/\/secure.gravatar.com\/avatar\/b984800dabdf722d5e3f03f637c8932dea77d81118467d17ad2953e3b273ec66?s=96&d=mm&r=g","url":"https:\/\/secure.gravatar.com\/avatar\/b984800dabdf722d5e3f03f637c8932dea77d81118467d17ad2953e3b273ec66?s=96&d=mm&r=g","contentUrl":"https:\/\/secure.gravatar.com\/avatar\/b984800dabdf722d5e3f03f637c8932dea77d81118467d17ad2953e3b273ec66?s=96&d=mm&r=g","caption":"Vincent Vandegans"},"description":"Vincent est passionn\u00e9 par les produits d'occasion, il a ouvert le site MDO avec Cyrielle pour aider les gens \u00e0 trouver du mobilier d'occasion, vintage ou usag\u00e9. Depuis, ils ont \u00e9tendu leurs activit\u00e9s et conseillent tout le monde sur le mobilier d'int\u00e9rieur et d'ext\u00e9rieur au quotidien \u00e0 travers le magazine MDO.","url":"https:\/\/www.mobilier-design-occasion.fr\/magazine\/author\/vincent\/"}]}},"_links":{"self":[{"href":"https:\/\/www.mobilier-design-occasion.fr\/magazine\/wp-json\/wp\/v2\/posts\/8703","targetHints":{"allow":["GET"]}}],"collection":[{"href":"https:\/\/www.mobilier-design-occasion.fr\/magazine\/wp-json\/wp\/v2\/posts"}],"about":[{"href":"https:\/\/www.mobilier-design-occasion.fr\/magazine\/wp-json\/wp\/v2\/types\/post"}],"author":[{"embeddable":true,"href":"https:\/\/www.mobilier-design-occasion.fr\/magazine\/wp-json\/wp\/v2\/users\/2"}],"replies":[{"embeddable":true,"href":"https:\/\/www.mobilier-design-occasion.fr\/magazine\/wp-json\/wp\/v2\/comments?post=8703"}],"version-history":[{"count":1,"href":"https:\/\/www.mobilier-design-occasion.fr\/magazine\/wp-json\/wp\/v2\/posts\/8703\/revisions"}],"predecessor-version":[{"id":8708,"href":"https:\/\/www.mobilier-design-occasion.fr\/magazine\/wp-json\/wp\/v2\/posts\/8703\/revisions\/8708"}],"wp:featuredmedia":[{"embeddable":true,"href":"https:\/\/www.mobilier-design-occasion.fr\/magazine\/wp-json\/wp\/v2\/media\/8707"}],"wp:attachment":[{"href":"https:\/\/www.mobilier-design-occasion.fr\/magazine\/wp-json\/wp\/v2\/media?parent=8703"}],"wp:term":[{"taxonomy":"category","embeddable":true,"href":"https:\/\/www.mobilier-design-occasion.fr\/magazine\/wp-json\/wp\/v2\/categories?post=8703"},{"taxonomy":"post_tag","embeddable":true,"href":"https:\/\/www.mobilier-design-occasion.fr\/magazine\/wp-json\/wp\/v2\/tags?post=8703"}],"curies":[{"name":"wp","href":"https:\/\/api.w.org\/{rel}","templated":true}]}}