{"id":8695,"date":"2025-12-15T18:47:24","date_gmt":"2025-12-15T18:47:24","guid":{"rendered":"https:\/\/www.mobilier-design-occasion.fr\/magazine\/travaux-dagrandissement-extension-en-bois-vs-extension-maconnee-que-choisir\/"},"modified":"2025-12-15T18:47:26","modified_gmt":"2025-12-15T18:47:26","slug":"travaux-dagrandissement-extension-en-bois-vs-extension-maconnee-que-choisir","status":"publish","type":"post","link":"https:\/\/www.mobilier-design-occasion.fr\/magazine\/travaux-dagrandissement-extension-en-bois-vs-extension-maconnee-que-choisir\/","title":{"rendered":"Travaux d\u2019agrandissement : extension en bois vs extension ma\u00e7onn\u00e9e, que choisir ?"},"content":{"rendered":"<p>Vous souhaitez agrandir votre maison, cr&eacute;er une pi&egrave;ce de vie plus vaste, ajouter une suite parentale ou am&eacute;nager un bureau ? L&rsquo;extension est souvent la solution id&eacute;ale pour gagner de l&rsquo;espace sans changer d&rsquo;adresse. Mais avant d&rsquo;imaginer les plans, une question essentielle se pose : <strong>faut-il opter pour une extension en bois ou pour une extension ma&ccedil;onn&eacute;e ?<\/strong><\/p>\n<p>Ces deux techniques offrent des avantages distincts en termes de rapidit&eacute;, de budget, de performances thermiques et d&rsquo;esth&eacute;tique. Elles impliquent aussi des contraintes structurelles et r&eacute;glementaires qu&rsquo;il est indispensable de ma&icirc;triser.<\/p>\n<p>Les architectes Ocube, habitu&eacute;s &agrave; accompagner ce type de projets, apportent un regard expert sur la faisabilit&eacute;, l&rsquo;int&eacute;gration avec le b&acirc;ti existant et les performances globales de chaque solution afin d&rsquo;aider les propri&eacute;taires &agrave; faire le meilleur choix.<\/p>\n<h2><span class=\"ez-toc-section\" id=\"Pourquoi_agrandir_sa_maison_les_enjeux_avant_de_choisir_le_type_dextension\"><\/span><strong>Pourquoi agrandir sa maison : les enjeux avant de choisir le type d&rsquo;extension<\/strong><span class=\"ez-toc-section-end\"><\/span><\/h2><div id=\"ez-toc-container\" class=\"ez-toc-v2_0_82_2 counter-hierarchy ez-toc-counter ez-toc-grey ez-toc-container-direction\">\n<div class=\"ez-toc-title-container\">\n<span class=\"ez-toc-title-toggle\"><a href=\"#\" class=\"ez-toc-pull-right ez-toc-btn ez-toc-btn-xs ez-toc-btn-default ez-toc-toggle\" aria-label=\"Toggle Table of Content\"><span class=\"ez-toc-js-icon-con\"><span class=\"\"><span class=\"eztoc-hide\" style=\"display:none;\">Toggle<\/span><span class=\"ez-toc-icon-toggle-span\"><svg style=\"fill: #999;color:#999\" xmlns=\"http:\/\/www.w3.org\/2000\/svg\" class=\"list-377408\" width=\"20px\" height=\"20px\" viewBox=\"0 0 24 24\" fill=\"none\"><path d=\"M6 6H4v2h2V6zm14 0H8v2h12V6zM4 11h2v2H4v-2zm16 0H8v2h12v-2zM4 16h2v2H4v-2zm16 0H8v2h12v-2z\" fill=\"currentColor\"><\/path><\/svg><svg style=\"fill: #999;color:#999\" class=\"arrow-unsorted-368013\" xmlns=\"http:\/\/www.w3.org\/2000\/svg\" width=\"10px\" height=\"10px\" viewBox=\"0 0 24 24\" version=\"1.2\" baseProfile=\"tiny\"><path d=\"M18.2 9.3l-6.2-6.3-6.2 6.3c-.2.2-.3.4-.3.7s.1.5.3.7c.2.2.4.3.7.3h11c.3 0 .5-.1.7-.3.2-.2.3-.5.3-.7s-.1-.5-.3-.7zM5.8 14.7l6.2 6.3 6.2-6.3c.2-.2.3-.5.3-.7s-.1-.5-.3-.7c-.2-.2-.4-.3-.7-.3h-11c-.3 0-.5.1-.7.3-.2.2-.3.5-.3.7s.1.5.3.7z\"\/><\/svg><\/span><\/span><\/span><\/a><\/span><\/div>\n<nav><ul class='ez-toc-list ez-toc-list-level-1 eztoc-toggle-hide-by-default' ><li class='ez-toc-page-1 ez-toc-heading-level-2'><a class=\"ez-toc-link ez-toc-heading-1\" href=\"https:\/\/www.mobilier-design-occasion.fr\/magazine\/travaux-dagrandissement-extension-en-bois-vs-extension-maconnee-que-choisir\/#Pourquoi_agrandir_sa_maison_les_enjeux_avant_de_choisir_le_type_dextension\" >Pourquoi agrandir sa maison : les enjeux avant de choisir le type d&rsquo;extension<\/a><\/li><li class='ez-toc-page-1 ez-toc-heading-level-2'><a class=\"ez-toc-link ez-toc-heading-2\" href=\"https:\/\/www.mobilier-design-occasion.fr\/magazine\/travaux-dagrandissement-extension-en-bois-vs-extension-maconnee-que-choisir\/#Lextension_en_bois_legere_rapide_et_esthetique\" >L&rsquo;extension en bois : l&eacute;g&egrave;re, rapide et esth&eacute;tique<\/a><\/li><li class='ez-toc-page-1 ez-toc-heading-level-2'><a class=\"ez-toc-link ez-toc-heading-3\" href=\"https:\/\/www.mobilier-design-occasion.fr\/magazine\/travaux-dagrandissement-extension-en-bois-vs-extension-maconnee-que-choisir\/#Lextension_maconnee_robuste_durable_et_parfaitement_integree_a_la_maison\" >L&rsquo;extension ma&ccedil;onn&eacute;e : robuste, durable et parfaitement int&eacute;gr&eacute;e &agrave; la maison<\/a><\/li><li class='ez-toc-page-1 ez-toc-heading-level-2'><a class=\"ez-toc-link ez-toc-heading-4\" href=\"https:\/\/www.mobilier-design-occasion.fr\/magazine\/travaux-dagrandissement-extension-en-bois-vs-extension-maconnee-que-choisir\/#Extension_en_bois_ou_extension_maconnee_comment_faire_le_bon_choix\" >Extension en bois ou extension ma&ccedil;onn&eacute;e : comment faire le bon choix ?<\/a><\/li><li class='ez-toc-page-1 ez-toc-heading-level-2'><a class=\"ez-toc-link ez-toc-heading-5\" href=\"https:\/\/www.mobilier-design-occasion.fr\/magazine\/travaux-dagrandissement-extension-en-bois-vs-extension-maconnee-que-choisir\/#Pourquoi_faire_appel_aux_architectes_Ocube_pour_votre_projet_dagrandissement\" >Pourquoi faire appel aux architectes Ocube pour votre projet d&rsquo;agrandissement ?<\/a><\/li><\/ul><\/nav><\/div>\n\n<p>Avant de choisir entre une extension en bois ou ma&ccedil;onn&eacute;e, plusieurs param&egrave;tres doivent &ecirc;tre analys&eacute;s : configuration du terrain, contraintes techniques, r&egrave;gles d&rsquo;urbanisme ou encore implantation possible. Une &eacute;tude structurelle et architecturale est indispensable pour garantir la faisabilit&eacute; du projet.<\/p>\n<p>Pour un projet d&rsquo;agrandissement r&eacute;ussi, il peut &ecirc;tre judicieux de <a href=\"https:\/\/ocube.eu\/\"><strong>contacter des architectes d&rsquo;int&eacute;rieur &agrave; Lyon<\/strong><\/a>, comme le cabinet Ocube, afin de b&eacute;n&eacute;ficier d&rsquo;un accompagnement complet et d&rsquo;une expertise reconnue sur la structure, les mat&eacute;riaux et l&rsquo;int&eacute;gration architecturale.<\/p>\n<h2><span class=\"ez-toc-section\" id=\"Lextension_en_bois_legere_rapide_et_esthetique\"><\/span><strong>L&rsquo;extension en bois : l&eacute;g&egrave;re, rapide et esth&eacute;tique<\/strong><span class=\"ez-toc-section-end\"><\/span><\/h2>\n<p>L&rsquo;extension en bois s&eacute;duit de nombreux propri&eacute;taires gr&acirc;ce &agrave; sa l&eacute;g&egrave;ret&eacute; et &agrave; sa grande adaptabilit&eacute;. Sa structure, beaucoup moins lourde qu&rsquo;une construction ma&ccedil;onn&eacute;e, en fait une solution id&eacute;ale pour les les maisons anciennes,&nbsp; les agrandissements o&ugrave; la charge suppl&eacute;mentaire doit rester limit&eacute;e, comme les sur&eacute;l&eacute;vations, et pour les chantiers difficiles d&rsquo;acc&egrave;s. La rapidit&eacute; d&rsquo;ex&eacute;cution est &eacute;galement un atout majeur : de nombreux &eacute;l&eacute;ments peuvent &ecirc;tre pr&eacute;fabriqu&eacute;s, ce qui r&eacute;duit la dur&eacute;e du chantier et assure une qualit&eacute; optimale (assemblages plus r&eacute;sistants, perm&eacute;abilit&eacute; &agrave; l&rsquo;air plus efficace &hellip;)<\/p>\n<p>Le bois offre aussi d&rsquo;excellentes performances thermiques, gr&acirc;ce &agrave; ses propri&eacute;t&eacute;s naturelles d&rsquo;isolation, et s&rsquo;int&egrave;gre facilement &agrave; diff&eacute;rents styles architecturaux, du contemporain au plus traditionnel, car la finition peut &ecirc;tre en bois ou en enduit. Son impact environnemental est r&eacute;duit, surtout lorsqu&rsquo;il provient de fili&egrave;res responsables. La structure est facile &agrave; modifier et m&ecirc;me &agrave; d&eacute;monter, ce qui am&eacute;liore d&rsquo;autant son bilan carbone.<\/p>\n<p>Cependant, cette solution pr&eacute;sente certaines limites : un entretien r&eacute;gulier peut &ecirc;tre n&eacute;cessaire, la r&eacute;sistance au feu doit respecter des normes strictes et les grandes port&eacute;es peuvent imposer des renforts.<\/p>\n<p>L&rsquo;extension en bois reste n&eacute;anmoins une option esth&eacute;tique, performante et souvent tr&egrave;s pertinente dans un projet d&rsquo;agrandissement.<\/p>\n<p> <img loading=\"lazy\" decoding=\"async\" src=\"https:\/\/www.mobilier-design-occasion.fr\/magazine\/wp-content\/uploads\/2025\/12\/f8f77dcbaef9249b1bb9f2de739ffa88.jpg\" alt=\"extension travaux d'agrandissement lyon ocube\" width=\"428\" height=\"571\"> <\/p>\n<h2><span class=\"ez-toc-section\" id=\"Lextension_maconnee_robuste_durable_et_parfaitement_integree_a_la_maison\"><\/span><strong>L&rsquo;extension ma&ccedil;onn&eacute;e : robuste, durable et parfaitement int&eacute;gr&eacute;e &agrave; la maison<\/strong><span class=\"ez-toc-section-end\"><\/span><\/h2>\n<p>L&rsquo;extension ma&ccedil;onn&eacute;e est souvent privil&eacute;gi&eacute;e pour sa solidit&eacute; et sa grande inertie thermique, qui garantissent un confort optimal tout au long de l&rsquo;ann&eacute;e. Ce type de construction offre une long&eacute;vit&eacute; exceptionnelle et permet une int&eacute;gration parfaite au b&acirc;ti existant : enduits, briques, fa&ccedil;ades ou mod&eacute;natures peuvent &ecirc;tre reproduits pour obtenir un rendu totalement homog&egrave;ne.<\/p>\n<p>Sa robustesse en fait &eacute;galement la solution id&eacute;ale pour les projets d&rsquo;agrandissement plus ambitieux, qu&rsquo;il s&rsquo;agisse d&rsquo;ajouter une grande surface au rez-de-chauss&eacute;e ou de construire un &eacute;tage suppl&eacute;mentaire. Sa r&eacute;sistance au feu et sa stabilit&eacute; structurelle permettent par ailleurs de cr&eacute;er des ouvertures larges et lumineuses, telles que des baies vitr&eacute;es pleine hauteur.<\/p>\n<p>En contrepartie, une extension ma&ccedil;onn&eacute;e implique des d&eacute;lais de chantier plus longs et un budget g&eacute;n&eacute;ralement plus &eacute;lev&eacute; que le bois.<\/p>\n<h2><span class=\"ez-toc-section\" id=\"Extension_en_bois_ou_extension_maconnee_comment_faire_le_bon_choix\"><\/span><strong>Extension en bois ou extension ma&ccedil;onn&eacute;e : comment faire le bon choix ?<\/strong><span class=\"ez-toc-section-end\"><\/span><\/h2>\n<p>Le choix entre une extension en bois ou ma&ccedil;onn&eacute;e d&eacute;pend de plusieurs crit&egrave;res essentiels : budget, caract&eacute;ristiques du terrain, style architectural de la maison et contraintes r&eacute;glementaires. L&rsquo;extension en bois se d&eacute;marque par sa rapidit&eacute; de mise en &oelig;uvre, sa l&eacute;g&egrave;ret&eacute; et son esth&eacute;tique chaleureuse, ce qui en fait une excellente option pour les terrains sensibles ou les projets n&eacute;cessitant un chantier court.<\/p>\n<p>&Agrave; l&rsquo;inverse, une extension ma&ccedil;onn&eacute;e offre une stabilit&eacute; et une durabilit&eacute; sup&eacute;rieures, particuli&egrave;rement adapt&eacute;es aux agrandissements lourds, &agrave; la cr&eacute;ation d&rsquo;un &eacute;tage ou aux structures demandant de larges ouvertures vitr&eacute;es.<\/p>\n<p>Dans tous les cas, une &eacute;tude structurelle, thermique et urbanistique (notamment le PLU) est indispensable pour garantir la faisabilit&eacute; et la conformit&eacute; du projet. Les architectes Ocube analysent ces param&egrave;tres pour orienter le choix vers la solution la plus pertinente et la plus durable.<br \/><img loading=\"lazy\" decoding=\"async\" src=\"https:\/\/www.mobilier-design-occasion.fr\/magazine\/wp-content\/uploads\/2025\/12\/1cab7e5ced7d3ded4ce0a2a753a62dd3.jpg\" alt=\"travaux d'agrandissement lyon ocube\" width=\"354\" height=\"266\"><\/p>\n<h2><span class=\"ez-toc-section\" id=\"Pourquoi_faire_appel_aux_architectes_Ocube_pour_votre_projet_dagrandissement\"><\/span><strong>Pourquoi faire appel aux architectes Ocube pour votre projet d&rsquo;agrandissement ?<\/strong><span class=\"ez-toc-section-end\"><\/span><\/h2>\n<p>Un projet d&rsquo;agrandissement n&eacute;cessite une vision d&rsquo;ensemble : structure, fa&ccedil;ades, mat&eacute;riaux, performance thermique et r&eacute;glementation doivent &ecirc;tre pens&eacute;s conjointement. Les architectes Ocube optimisent l&rsquo;int&eacute;gration de l&rsquo;extension avec la maison existante, g&egrave;rent les autorisations administratives et coordonnent les diff&eacute;rentes phases du chantier.<\/p>\n<p>Gr&acirc;ce &agrave; leur expertise, les architectes Ocube garantissent une extension harmonieuse, durable et parfaitement adapt&eacute;e &agrave; votre habitat et &agrave; vos attentes<\/p>\n","protected":false},"excerpt":{"rendered":"<p>Vous souhaitez agrandir votre maison, cr&eacute;er une pi&egrave;ce de vie plus vaste, ajouter une suite parentale ou am&eacute;nager un bureau ? L&rsquo;extension est souvent la solution id&eacute;ale pour gagner de l&rsquo;espace sans changer d&rsquo;adresse. Mais avant d&rsquo;imaginer les plans, une question essentielle se pose : faut-il opter pour une extension en bois ou pour une [&hellip;]<\/p>\n","protected":false},"author":2,"featured_media":8699,"comment_status":"open","ping_status":"open","sticky":false,"template":"","format":"standard","meta":{"footnotes":""},"categories":[124],"tags":[],"class_list":["post-8695","post","type-post","status-publish","format-standard","has-post-thumbnail","hentry","category-exterieur"],"yoast_head":"<!-- This site is optimized with the Yoast SEO plugin v27.5 - https:\/\/yoast.com\/product\/yoast-seo-wordpress\/ -->\n<title>Extension bois ou ma\u00e7onn\u00e9e : quel agrandissement choisir ?<\/title>\n<meta name=\"description\" content=\"Extension bois ou ma\u00e7onn\u00e9e ? Comparez co\u00fbts, d\u00e9lais, isolation, durabilit\u00e9 et esth\u00e9tique pour choisir l\u2019agrandissement adapt\u00e9 \u00e0 votre maison.\" \/>\n<meta name=\"robots\" content=\"index, follow, max-snippet:-1, max-image-preview:large, max-video-preview:-1\" \/>\n<link rel=\"canonical\" href=\"https:\/\/www.mobilier-design-occasion.fr\/magazine\/travaux-dagrandissement-extension-en-bois-vs-extension-maconnee-que-choisir\/\" \/>\n<meta property=\"og:locale\" content=\"fr_FR\" \/>\n<meta property=\"og:type\" content=\"article\" \/>\n<meta property=\"og:title\" content=\"Extension bois ou ma\u00e7onn\u00e9e : quel agrandissement choisir ?\" \/>\n<meta property=\"og:description\" content=\"Extension bois ou ma\u00e7onn\u00e9e ? Comparez co\u00fbts, d\u00e9lais, isolation, durabilit\u00e9 et esth\u00e9tique pour choisir l\u2019agrandissement adapt\u00e9 \u00e0 votre maison.\" \/>\n<meta property=\"og:url\" content=\"https:\/\/www.mobilier-design-occasion.fr\/magazine\/travaux-dagrandissement-extension-en-bois-vs-extension-maconnee-que-choisir\/\" \/>\n<meta property=\"og:site_name\" content=\"Mobilier Design Magazine\" \/>\n<meta property=\"article:publisher\" content=\"https:\/\/www.facebook.com\/mobilierdesignoccasion\" \/>\n<meta property=\"article:published_time\" content=\"2025-12-15T18:47:24+00:00\" \/>\n<meta property=\"article:modified_time\" content=\"2025-12-15T18:47:26+00:00\" \/>\n<meta property=\"og:image\" content=\"https:\/\/www.mobilier-design-occasion.fr\/magazine\/wp-content\/uploads\/2025\/12\/4a872f385cdb6a65d38d1dba16003f01.jpg\" \/>\n\t<meta property=\"og:image:width\" content=\"1280\" \/>\n\t<meta property=\"og:image:height\" content=\"960\" \/>\n\t<meta property=\"og:image:type\" content=\"image\/jpeg\" \/>\n<meta name=\"author\" content=\"Vincent Vandegans\" \/>\n<meta name=\"twitter:card\" content=\"summary_large_image\" \/>\n<meta name=\"twitter:label1\" content=\"\u00c9crit par\" \/>\n\t<meta name=\"twitter:data1\" content=\"Vincent Vandegans\" \/>\n\t<meta name=\"twitter:label2\" content=\"Dur\u00e9e de lecture estim\u00e9e\" \/>\n\t<meta name=\"twitter:data2\" content=\"6 minutes\" \/>\n<script type=\"application\/ld+json\" class=\"yoast-schema-graph\">{\"@context\":\"https:\\\/\\\/schema.org\",\"@graph\":[{\"@type\":\"Article\",\"@id\":\"https:\\\/\\\/www.mobilier-design-occasion.fr\\\/magazine\\\/travaux-dagrandissement-extension-en-bois-vs-extension-maconnee-que-choisir\\\/#article\",\"isPartOf\":{\"@id\":\"https:\\\/\\\/www.mobilier-design-occasion.fr\\\/magazine\\\/travaux-dagrandissement-extension-en-bois-vs-extension-maconnee-que-choisir\\\/\"},\"author\":{\"name\":\"Vincent Vandegans\",\"@id\":\"https:\\\/\\\/www.mobilier-design-occasion.fr\\\/magazine\\\/#\\\/schema\\\/person\\\/af895bedc80bfb6b17730a672fddac9e\"},\"headline\":\"Travaux d\u2019agrandissement : extension en bois vs extension ma\u00e7onn\u00e9e, que choisir ?\",\"datePublished\":\"2025-12-15T18:47:24+00:00\",\"dateModified\":\"2025-12-15T18:47:26+00:00\",\"mainEntityOfPage\":{\"@id\":\"https:\\\/\\\/www.mobilier-design-occasion.fr\\\/magazine\\\/travaux-dagrandissement-extension-en-bois-vs-extension-maconnee-que-choisir\\\/\"},\"wordCount\":1153,\"commentCount\":0,\"publisher\":{\"@id\":\"https:\\\/\\\/www.mobilier-design-occasion.fr\\\/magazine\\\/#organization\"},\"image\":{\"@id\":\"https:\\\/\\\/www.mobilier-design-occasion.fr\\\/magazine\\\/travaux-dagrandissement-extension-en-bois-vs-extension-maconnee-que-choisir\\\/#primaryimage\"},\"thumbnailUrl\":\"https:\\\/\\\/www.mobilier-design-occasion.fr\\\/magazine\\\/wp-content\\\/uploads\\\/2025\\\/12\\\/4a872f385cdb6a65d38d1dba16003f01.jpg\",\"articleSection\":[\"Ext\u00e9rieur\"],\"inLanguage\":\"fr-FR\",\"potentialAction\":[{\"@type\":\"CommentAction\",\"name\":\"Comment\",\"target\":[\"https:\\\/\\\/www.mobilier-design-occasion.fr\\\/magazine\\\/travaux-dagrandissement-extension-en-bois-vs-extension-maconnee-que-choisir\\\/#respond\"]}]},{\"@type\":\"WebPage\",\"@id\":\"https:\\\/\\\/www.mobilier-design-occasion.fr\\\/magazine\\\/travaux-dagrandissement-extension-en-bois-vs-extension-maconnee-que-choisir\\\/\",\"url\":\"https:\\\/\\\/www.mobilier-design-occasion.fr\\\/magazine\\\/travaux-dagrandissement-extension-en-bois-vs-extension-maconnee-que-choisir\\\/\",\"name\":\"Extension bois ou ma\u00e7onn\u00e9e : quel agrandissement choisir ?\",\"isPartOf\":{\"@id\":\"https:\\\/\\\/www.mobilier-design-occasion.fr\\\/magazine\\\/#website\"},\"primaryImageOfPage\":{\"@id\":\"https:\\\/\\\/www.mobilier-design-occasion.fr\\\/magazine\\\/travaux-dagrandissement-extension-en-bois-vs-extension-maconnee-que-choisir\\\/#primaryimage\"},\"image\":{\"@id\":\"https:\\\/\\\/www.mobilier-design-occasion.fr\\\/magazine\\\/travaux-dagrandissement-extension-en-bois-vs-extension-maconnee-que-choisir\\\/#primaryimage\"},\"thumbnailUrl\":\"https:\\\/\\\/www.mobilier-design-occasion.fr\\\/magazine\\\/wp-content\\\/uploads\\\/2025\\\/12\\\/4a872f385cdb6a65d38d1dba16003f01.jpg\",\"datePublished\":\"2025-12-15T18:47:24+00:00\",\"dateModified\":\"2025-12-15T18:47:26+00:00\",\"description\":\"Extension bois ou ma\u00e7onn\u00e9e ? Comparez co\u00fbts, d\u00e9lais, isolation, durabilit\u00e9 et esth\u00e9tique pour choisir l\u2019agrandissement adapt\u00e9 \u00e0 votre maison.\",\"breadcrumb\":{\"@id\":\"https:\\\/\\\/www.mobilier-design-occasion.fr\\\/magazine\\\/travaux-dagrandissement-extension-en-bois-vs-extension-maconnee-que-choisir\\\/#breadcrumb\"},\"inLanguage\":\"fr-FR\",\"potentialAction\":[{\"@type\":\"ReadAction\",\"target\":[\"https:\\\/\\\/www.mobilier-design-occasion.fr\\\/magazine\\\/travaux-dagrandissement-extension-en-bois-vs-extension-maconnee-que-choisir\\\/\"]}]},{\"@type\":\"ImageObject\",\"inLanguage\":\"fr-FR\",\"@id\":\"https:\\\/\\\/www.mobilier-design-occasion.fr\\\/magazine\\\/travaux-dagrandissement-extension-en-bois-vs-extension-maconnee-que-choisir\\\/#primaryimage\",\"url\":\"https:\\\/\\\/www.mobilier-design-occasion.fr\\\/magazine\\\/wp-content\\\/uploads\\\/2025\\\/12\\\/4a872f385cdb6a65d38d1dba16003f01.jpg\",\"contentUrl\":\"https:\\\/\\\/www.mobilier-design-occasion.fr\\\/magazine\\\/wp-content\\\/uploads\\\/2025\\\/12\\\/4a872f385cdb6a65d38d1dba16003f01.jpg\",\"width\":1280,\"height\":960},{\"@type\":\"BreadcrumbList\",\"@id\":\"https:\\\/\\\/www.mobilier-design-occasion.fr\\\/magazine\\\/travaux-dagrandissement-extension-en-bois-vs-extension-maconnee-que-choisir\\\/#breadcrumb\",\"itemListElement\":[{\"@type\":\"ListItem\",\"position\":1,\"name\":\"Accueil\",\"item\":\"https:\\\/\\\/www.mobilier-design-occasion.fr\\\/magazine\\\/\"},{\"@type\":\"ListItem\",\"position\":2,\"name\":\"Travaux d\u2019agrandissement : extension en bois vs extension ma\u00e7onn\u00e9e, que choisir ?\"}]},{\"@type\":\"WebSite\",\"@id\":\"https:\\\/\\\/www.mobilier-design-occasion.fr\\\/magazine\\\/#website\",\"url\":\"https:\\\/\\\/www.mobilier-design-occasion.fr\\\/magazine\\\/\",\"name\":\"Mobilier Design Magazine\",\"description\":\"\",\"publisher\":{\"@id\":\"https:\\\/\\\/www.mobilier-design-occasion.fr\\\/magazine\\\/#organization\"},\"potentialAction\":[{\"@type\":\"SearchAction\",\"target\":{\"@type\":\"EntryPoint\",\"urlTemplate\":\"https:\\\/\\\/www.mobilier-design-occasion.fr\\\/magazine\\\/?s={search_term_string}\"},\"query-input\":{\"@type\":\"PropertyValueSpecification\",\"valueRequired\":true,\"valueName\":\"search_term_string\"}}],\"inLanguage\":\"fr-FR\"},{\"@type\":\"Organization\",\"@id\":\"https:\\\/\\\/www.mobilier-design-occasion.fr\\\/magazine\\\/#organization\",\"name\":\"Mobilier Design Magazine\",\"url\":\"https:\\\/\\\/www.mobilier-design-occasion.fr\\\/magazine\\\/\",\"logo\":{\"@type\":\"ImageObject\",\"inLanguage\":\"fr-FR\",\"@id\":\"https:\\\/\\\/www.mobilier-design-occasion.fr\\\/magazine\\\/#\\\/schema\\\/logo\\\/image\\\/\",\"url\":\"https:\\\/\\\/www.mobilier-design-occasion.fr\\\/magazine\\\/wp-content\\\/uploads\\\/2024\\\/02\\\/android-chrome-192x192-1.png\",\"contentUrl\":\"https:\\\/\\\/www.mobilier-design-occasion.fr\\\/magazine\\\/wp-content\\\/uploads\\\/2024\\\/02\\\/android-chrome-192x192-1.png\",\"width\":192,\"height\":192,\"caption\":\"Mobilier Design Magazine\"},\"image\":{\"@id\":\"https:\\\/\\\/www.mobilier-design-occasion.fr\\\/magazine\\\/#\\\/schema\\\/logo\\\/image\\\/\"},\"sameAs\":[\"https:\\\/\\\/www.facebook.com\\\/mobilierdesignoccasion\"]},{\"@type\":\"Person\",\"@id\":\"https:\\\/\\\/www.mobilier-design-occasion.fr\\\/magazine\\\/#\\\/schema\\\/person\\\/af895bedc80bfb6b17730a672fddac9e\",\"name\":\"Vincent Vandegans\",\"image\":{\"@type\":\"ImageObject\",\"inLanguage\":\"fr-FR\",\"@id\":\"https:\\\/\\\/secure.gravatar.com\\\/avatar\\\/b984800dabdf722d5e3f03f637c8932dea77d81118467d17ad2953e3b273ec66?s=96&d=mm&r=g\",\"url\":\"https:\\\/\\\/secure.gravatar.com\\\/avatar\\\/b984800dabdf722d5e3f03f637c8932dea77d81118467d17ad2953e3b273ec66?s=96&d=mm&r=g\",\"contentUrl\":\"https:\\\/\\\/secure.gravatar.com\\\/avatar\\\/b984800dabdf722d5e3f03f637c8932dea77d81118467d17ad2953e3b273ec66?s=96&d=mm&r=g\",\"caption\":\"Vincent Vandegans\"},\"description\":\"Vincent est passionn\u00e9 par les produits d'occasion, il a ouvert le site MDO avec Cyrielle pour aider les gens \u00e0 trouver du mobilier d'occasion, vintage ou usag\u00e9. Depuis, ils ont \u00e9tendu leurs activit\u00e9s et conseillent tout le monde sur le mobilier d'int\u00e9rieur et d'ext\u00e9rieur au quotidien \u00e0 travers le magazine MDO.\",\"url\":\"https:\\\/\\\/www.mobilier-design-occasion.fr\\\/magazine\\\/author\\\/vincent\\\/\"}]}<\/script>\n<!-- \/ Yoast SEO plugin. -->","yoast_head_json":{"title":"Extension bois ou ma\u00e7onn\u00e9e : quel agrandissement choisir ?","description":"Extension bois ou ma\u00e7onn\u00e9e ? Comparez co\u00fbts, d\u00e9lais, isolation, durabilit\u00e9 et esth\u00e9tique pour choisir l\u2019agrandissement adapt\u00e9 \u00e0 votre maison.","robots":{"index":"index","follow":"follow","max-snippet":"max-snippet:-1","max-image-preview":"max-image-preview:large","max-video-preview":"max-video-preview:-1"},"canonical":"https:\/\/www.mobilier-design-occasion.fr\/magazine\/travaux-dagrandissement-extension-en-bois-vs-extension-maconnee-que-choisir\/","og_locale":"fr_FR","og_type":"article","og_title":"Extension bois ou ma\u00e7onn\u00e9e : quel agrandissement choisir ?","og_description":"Extension bois ou ma\u00e7onn\u00e9e ? Comparez co\u00fbts, d\u00e9lais, isolation, durabilit\u00e9 et esth\u00e9tique pour choisir l\u2019agrandissement adapt\u00e9 \u00e0 votre maison.","og_url":"https:\/\/www.mobilier-design-occasion.fr\/magazine\/travaux-dagrandissement-extension-en-bois-vs-extension-maconnee-que-choisir\/","og_site_name":"Mobilier Design Magazine","article_publisher":"https:\/\/www.facebook.com\/mobilierdesignoccasion","article_published_time":"2025-12-15T18:47:24+00:00","article_modified_time":"2025-12-15T18:47:26+00:00","og_image":[{"width":1280,"height":960,"url":"https:\/\/www.mobilier-design-occasion.fr\/magazine\/wp-content\/uploads\/2025\/12\/4a872f385cdb6a65d38d1dba16003f01.jpg","type":"image\/jpeg"}],"author":"Vincent Vandegans","twitter_card":"summary_large_image","twitter_misc":{"\u00c9crit par":"Vincent Vandegans","Dur\u00e9e de lecture estim\u00e9e":"6 minutes"},"schema":{"@context":"https:\/\/schema.org","@graph":[{"@type":"Article","@id":"https:\/\/www.mobilier-design-occasion.fr\/magazine\/travaux-dagrandissement-extension-en-bois-vs-extension-maconnee-que-choisir\/#article","isPartOf":{"@id":"https:\/\/www.mobilier-design-occasion.fr\/magazine\/travaux-dagrandissement-extension-en-bois-vs-extension-maconnee-que-choisir\/"},"author":{"name":"Vincent Vandegans","@id":"https:\/\/www.mobilier-design-occasion.fr\/magazine\/#\/schema\/person\/af895bedc80bfb6b17730a672fddac9e"},"headline":"Travaux d\u2019agrandissement : extension en bois vs extension ma\u00e7onn\u00e9e, que choisir ?","datePublished":"2025-12-15T18:47:24+00:00","dateModified":"2025-12-15T18:47:26+00:00","mainEntityOfPage":{"@id":"https:\/\/www.mobilier-design-occasion.fr\/magazine\/travaux-dagrandissement-extension-en-bois-vs-extension-maconnee-que-choisir\/"},"wordCount":1153,"commentCount":0,"publisher":{"@id":"https:\/\/www.mobilier-design-occasion.fr\/magazine\/#organization"},"image":{"@id":"https:\/\/www.mobilier-design-occasion.fr\/magazine\/travaux-dagrandissement-extension-en-bois-vs-extension-maconnee-que-choisir\/#primaryimage"},"thumbnailUrl":"https:\/\/www.mobilier-design-occasion.fr\/magazine\/wp-content\/uploads\/2025\/12\/4a872f385cdb6a65d38d1dba16003f01.jpg","articleSection":["Ext\u00e9rieur"],"inLanguage":"fr-FR","potentialAction":[{"@type":"CommentAction","name":"Comment","target":["https:\/\/www.mobilier-design-occasion.fr\/magazine\/travaux-dagrandissement-extension-en-bois-vs-extension-maconnee-que-choisir\/#respond"]}]},{"@type":"WebPage","@id":"https:\/\/www.mobilier-design-occasion.fr\/magazine\/travaux-dagrandissement-extension-en-bois-vs-extension-maconnee-que-choisir\/","url":"https:\/\/www.mobilier-design-occasion.fr\/magazine\/travaux-dagrandissement-extension-en-bois-vs-extension-maconnee-que-choisir\/","name":"Extension bois ou ma\u00e7onn\u00e9e : quel agrandissement choisir ?","isPartOf":{"@id":"https:\/\/www.mobilier-design-occasion.fr\/magazine\/#website"},"primaryImageOfPage":{"@id":"https:\/\/www.mobilier-design-occasion.fr\/magazine\/travaux-dagrandissement-extension-en-bois-vs-extension-maconnee-que-choisir\/#primaryimage"},"image":{"@id":"https:\/\/www.mobilier-design-occasion.fr\/magazine\/travaux-dagrandissement-extension-en-bois-vs-extension-maconnee-que-choisir\/#primaryimage"},"thumbnailUrl":"https:\/\/www.mobilier-design-occasion.fr\/magazine\/wp-content\/uploads\/2025\/12\/4a872f385cdb6a65d38d1dba16003f01.jpg","datePublished":"2025-12-15T18:47:24+00:00","dateModified":"2025-12-15T18:47:26+00:00","description":"Extension bois ou ma\u00e7onn\u00e9e ? Comparez co\u00fbts, d\u00e9lais, isolation, durabilit\u00e9 et esth\u00e9tique pour choisir l\u2019agrandissement adapt\u00e9 \u00e0 votre maison.","breadcrumb":{"@id":"https:\/\/www.mobilier-design-occasion.fr\/magazine\/travaux-dagrandissement-extension-en-bois-vs-extension-maconnee-que-choisir\/#breadcrumb"},"inLanguage":"fr-FR","potentialAction":[{"@type":"ReadAction","target":["https:\/\/www.mobilier-design-occasion.fr\/magazine\/travaux-dagrandissement-extension-en-bois-vs-extension-maconnee-que-choisir\/"]}]},{"@type":"ImageObject","inLanguage":"fr-FR","@id":"https:\/\/www.mobilier-design-occasion.fr\/magazine\/travaux-dagrandissement-extension-en-bois-vs-extension-maconnee-que-choisir\/#primaryimage","url":"https:\/\/www.mobilier-design-occasion.fr\/magazine\/wp-content\/uploads\/2025\/12\/4a872f385cdb6a65d38d1dba16003f01.jpg","contentUrl":"https:\/\/www.mobilier-design-occasion.fr\/magazine\/wp-content\/uploads\/2025\/12\/4a872f385cdb6a65d38d1dba16003f01.jpg","width":1280,"height":960},{"@type":"BreadcrumbList","@id":"https:\/\/www.mobilier-design-occasion.fr\/magazine\/travaux-dagrandissement-extension-en-bois-vs-extension-maconnee-que-choisir\/#breadcrumb","itemListElement":[{"@type":"ListItem","position":1,"name":"Accueil","item":"https:\/\/www.mobilier-design-occasion.fr\/magazine\/"},{"@type":"ListItem","position":2,"name":"Travaux d\u2019agrandissement : extension en bois vs extension ma\u00e7onn\u00e9e, que choisir ?"}]},{"@type":"WebSite","@id":"https:\/\/www.mobilier-design-occasion.fr\/magazine\/#website","url":"https:\/\/www.mobilier-design-occasion.fr\/magazine\/","name":"Mobilier Design Magazine","description":"","publisher":{"@id":"https:\/\/www.mobilier-design-occasion.fr\/magazine\/#organization"},"potentialAction":[{"@type":"SearchAction","target":{"@type":"EntryPoint","urlTemplate":"https:\/\/www.mobilier-design-occasion.fr\/magazine\/?s={search_term_string}"},"query-input":{"@type":"PropertyValueSpecification","valueRequired":true,"valueName":"search_term_string"}}],"inLanguage":"fr-FR"},{"@type":"Organization","@id":"https:\/\/www.mobilier-design-occasion.fr\/magazine\/#organization","name":"Mobilier Design Magazine","url":"https:\/\/www.mobilier-design-occasion.fr\/magazine\/","logo":{"@type":"ImageObject","inLanguage":"fr-FR","@id":"https:\/\/www.mobilier-design-occasion.fr\/magazine\/#\/schema\/logo\/image\/","url":"https:\/\/www.mobilier-design-occasion.fr\/magazine\/wp-content\/uploads\/2024\/02\/android-chrome-192x192-1.png","contentUrl":"https:\/\/www.mobilier-design-occasion.fr\/magazine\/wp-content\/uploads\/2024\/02\/android-chrome-192x192-1.png","width":192,"height":192,"caption":"Mobilier Design Magazine"},"image":{"@id":"https:\/\/www.mobilier-design-occasion.fr\/magazine\/#\/schema\/logo\/image\/"},"sameAs":["https:\/\/www.facebook.com\/mobilierdesignoccasion"]},{"@type":"Person","@id":"https:\/\/www.mobilier-design-occasion.fr\/magazine\/#\/schema\/person\/af895bedc80bfb6b17730a672fddac9e","name":"Vincent Vandegans","image":{"@type":"ImageObject","inLanguage":"fr-FR","@id":"https:\/\/secure.gravatar.com\/avatar\/b984800dabdf722d5e3f03f637c8932dea77d81118467d17ad2953e3b273ec66?s=96&d=mm&r=g","url":"https:\/\/secure.gravatar.com\/avatar\/b984800dabdf722d5e3f03f637c8932dea77d81118467d17ad2953e3b273ec66?s=96&d=mm&r=g","contentUrl":"https:\/\/secure.gravatar.com\/avatar\/b984800dabdf722d5e3f03f637c8932dea77d81118467d17ad2953e3b273ec66?s=96&d=mm&r=g","caption":"Vincent Vandegans"},"description":"Vincent est passionn\u00e9 par les produits d'occasion, il a ouvert le site MDO avec Cyrielle pour aider les gens \u00e0 trouver du mobilier d'occasion, vintage ou usag\u00e9. Depuis, ils ont \u00e9tendu leurs activit\u00e9s et conseillent tout le monde sur le mobilier d'int\u00e9rieur et d'ext\u00e9rieur au quotidien \u00e0 travers le magazine MDO.","url":"https:\/\/www.mobilier-design-occasion.fr\/magazine\/author\/vincent\/"}]}},"_links":{"self":[{"href":"https:\/\/www.mobilier-design-occasion.fr\/magazine\/wp-json\/wp\/v2\/posts\/8695","targetHints":{"allow":["GET"]}}],"collection":[{"href":"https:\/\/www.mobilier-design-occasion.fr\/magazine\/wp-json\/wp\/v2\/posts"}],"about":[{"href":"https:\/\/www.mobilier-design-occasion.fr\/magazine\/wp-json\/wp\/v2\/types\/post"}],"author":[{"embeddable":true,"href":"https:\/\/www.mobilier-design-occasion.fr\/magazine\/wp-json\/wp\/v2\/users\/2"}],"replies":[{"embeddable":true,"href":"https:\/\/www.mobilier-design-occasion.fr\/magazine\/wp-json\/wp\/v2\/comments?post=8695"}],"version-history":[{"count":1,"href":"https:\/\/www.mobilier-design-occasion.fr\/magazine\/wp-json\/wp\/v2\/posts\/8695\/revisions"}],"predecessor-version":[{"id":8698,"href":"https:\/\/www.mobilier-design-occasion.fr\/magazine\/wp-json\/wp\/v2\/posts\/8695\/revisions\/8698"}],"wp:featuredmedia":[{"embeddable":true,"href":"https:\/\/www.mobilier-design-occasion.fr\/magazine\/wp-json\/wp\/v2\/media\/8699"}],"wp:attachment":[{"href":"https:\/\/www.mobilier-design-occasion.fr\/magazine\/wp-json\/wp\/v2\/media?parent=8695"}],"wp:term":[{"taxonomy":"category","embeddable":true,"href":"https:\/\/www.mobilier-design-occasion.fr\/magazine\/wp-json\/wp\/v2\/categories?post=8695"},{"taxonomy":"post_tag","embeddable":true,"href":"https:\/\/www.mobilier-design-occasion.fr\/magazine\/wp-json\/wp\/v2\/tags?post=8695"}],"curies":[{"name":"wp","href":"https:\/\/api.w.org\/{rel}","templated":true}]}}