{"id":8692,"date":"2025-12-12T15:24:00","date_gmt":"2025-12-12T15:24:00","guid":{"rendered":"https:\/\/www.mobilier-design-occasion.fr\/magazine\/le-forfait-mobilier-une-astuce-pour-reduire-ses-frais\/"},"modified":"2025-12-12T15:24:00","modified_gmt":"2025-12-12T15:24:00","slug":"le-forfait-mobilier-une-astuce-pour-reduire-ses-frais","status":"publish","type":"post","link":"https:\/\/www.mobilier-design-occasion.fr\/magazine\/le-forfait-mobilier-une-astuce-pour-reduire-ses-frais\/","title":{"rendered":"Le forfait mobilier : une astuce pour r\u00e9duire ses frais"},"content":{"rendered":"<p>Vous \u00eates sur le point d&#8217;acheter un <b>bien immobilier <\/b>? Le <b>\u00ab forfait mobilier \u00bb<\/b> est une astuce financi\u00e8re bien connue pour all\u00e9ger la note ! En dissociant la valeur des <b>meubles<\/b> du prix de la pierre, cette technique permet de r\u00e9duire l\u00e9galement la base de calcul des frais de notaire. Quels biens sont concern\u00e9s et comment appliquer cette m\u00e9thode sans risque ? On vous explique tout !<\/p>\n<h2>Pourquoi s\u00e9parer le mobilier de l&#8217;immobilier ?<\/h2>\n<p>Les <b>droits d&#8217;enregistrement<\/b>, qui composent la majeure partie des frais de notaire, sont calcul\u00e9s uniquement sur le prix du bien immobilier nu. On ne paie pas de taxe sur les meubles que l&#8217;on ach\u00e8te avec. C&#8217;est ce d\u00e9tail qui permet \u00e0 l&#8217;acheteur de faire des \u00e9conomies, car ces frais repr\u00e9sentent souvent <b>7 \u00e0 8 % du prix dans l&#8217;ancien<\/b>.<\/p>\n<p>L&#8217;int\u00e9r\u00eat financier d\u00e9pend beaucoup du type de bien. Dans <b>l&#8217;ancien<\/b>, comme les taxes sont plus \u00e9lev\u00e9es, l&#8217;\u00e9conomie est bien plus int\u00e9ressante que dans le <b>neuf<\/b>, o\u00f9 les frais de notaire sont d\u00e9j\u00e0 r\u00e9duits.<\/p>\n<p>Consultez notre article d\u00e9di\u00e9 pour conna\u00eetre la <a href=\"https:\/\/www.guide-immobilier.fr\/lexique\/forfait-mobilier\/\"><u>d\u00e9finition du forfait mobilier<\/u><\/a>.<\/p>\n<h2>Quels meubles peut-on d\u00e9duire ?<\/h2>\n<p>Le Code civil est clair : les<b> &#8220;meubles meublants<\/b>&#8221; sont des objets que l&#8217;on peut d\u00e9placer sans ab\u00eemer ni l&#8217;objet, ni le b\u00e2timent. Cela concerne donc tout le mobilier habituel comme :<\/p>\n<ul>\n<li><b>Tables<\/b> ;<\/li>\n<li><b>Chaises<\/b> ;<\/li>\n<li><b>Lits<\/b> ;<\/li>\n<li><b>Armoires et \u00e9quipements \td\u00e9montables ;<\/b><\/li>\n<li>\u2026<b>etc.<\/b><\/li>\n<\/ul>\n<p>Il faut faire attention \u00e0 la diff\u00e9rence entre ce qui est <b>mobile<\/b> et ce qui est devenu une<b> partie de l&#8217;immeuble<\/b>. Les cuisines \u00e9quip\u00e9es sont un bon exemple : les meubles que l&#8217;on peut d\u00e9monter comptent comme du mobilier, mais tout ce qui est scell\u00e9 au mur fait partie de l&#8217;immobilier.<\/p>\n<p><b>L&#8217;\u00e9lectrom\u00e9nager<\/b> comme le frigo, le lave-vaisselle ou le four est g\u00e9n\u00e9ralement consid\u00e9r\u00e9 comme du mobilier, sauf s&#8217;il est encastr\u00e9 et impossible \u00e0 retirer.<\/p>\n","protected":false},"excerpt":{"rendered":"<p>Vous \u00eates sur le point d&#8217;acheter un bien immobilier ? Le \u00ab forfait mobilier \u00bb est une astuce financi\u00e8re bien connue pour all\u00e9ger la note ! En dissociant la valeur des meubles du prix de la pierre, cette technique permet de r\u00e9duire l\u00e9galement la base de calcul des frais de notaire. Quels biens sont concern\u00e9s [&hellip;]<\/p>\n","protected":false},"author":2,"featured_media":8694,"comment_status":"open","ping_status":"open","sticky":false,"template":"","format":"standard","meta":{"footnotes":""},"categories":[122],"tags":[],"class_list":["post-8692","post","type-post","status-publish","format-standard","has-post-thumbnail","hentry","category-salon"],"yoast_head":"<!-- This site is optimized with the Yoast SEO plugin v27.5 - https:\/\/yoast.com\/product\/yoast-seo-wordpress\/ -->\n<title>Le forfait mobilier : d\u00e9finition et fonctionnement<\/title>\n<meta name=\"description\" content=\"Dissocier la valeur de vos meubles pour r\u00e9duire le co\u00fbt total d&#039;un achat immobilier c&#039;est possible : c&#039;est le forfait mobilier.\" \/>\n<meta name=\"robots\" content=\"index, follow, max-snippet:-1, max-image-preview:large, max-video-preview:-1\" \/>\n<link rel=\"canonical\" href=\"https:\/\/www.mobilier-design-occasion.fr\/magazine\/le-forfait-mobilier-une-astuce-pour-reduire-ses-frais\/\" \/>\n<meta property=\"og:locale\" content=\"fr_FR\" \/>\n<meta property=\"og:type\" content=\"article\" \/>\n<meta property=\"og:title\" content=\"Le forfait mobilier : d\u00e9finition et fonctionnement\" \/>\n<meta property=\"og:description\" content=\"Dissocier la valeur de vos meubles pour r\u00e9duire le co\u00fbt total d&#039;un achat immobilier c&#039;est possible : c&#039;est le forfait mobilier.\" \/>\n<meta property=\"og:url\" content=\"https:\/\/www.mobilier-design-occasion.fr\/magazine\/le-forfait-mobilier-une-astuce-pour-reduire-ses-frais\/\" \/>\n<meta property=\"og:site_name\" content=\"Mobilier Design Magazine\" \/>\n<meta property=\"article:publisher\" content=\"https:\/\/www.facebook.com\/mobilierdesignoccasion\" \/>\n<meta property=\"article:published_time\" content=\"2025-12-12T15:24:00+00:00\" \/>\n<meta property=\"og:image\" content=\"https:\/\/www.mobilier-design-occasion.fr\/magazine\/wp-content\/uploads\/2025\/12\/d19265a0440c86dbc97e955433b241fc_html_969b7b28.jpg\" \/>\n\t<meta property=\"og:image:width\" content=\"2048\" \/>\n\t<meta property=\"og:image:height\" content=\"1243\" \/>\n\t<meta property=\"og:image:type\" content=\"image\/jpeg\" \/>\n<meta name=\"author\" content=\"Vincent Vandegans\" \/>\n<meta name=\"twitter:card\" content=\"summary_large_image\" \/>\n<meta name=\"twitter:label1\" content=\"\u00c9crit par\" \/>\n\t<meta name=\"twitter:data1\" content=\"Vincent Vandegans\" \/>\n\t<meta name=\"twitter:label2\" content=\"Dur\u00e9e de lecture estim\u00e9e\" \/>\n\t<meta name=\"twitter:data2\" content=\"2 minutes\" \/>\n<script type=\"application\/ld+json\" class=\"yoast-schema-graph\">{\"@context\":\"https:\\\/\\\/schema.org\",\"@graph\":[{\"@type\":\"Article\",\"@id\":\"https:\\\/\\\/www.mobilier-design-occasion.fr\\\/magazine\\\/le-forfait-mobilier-une-astuce-pour-reduire-ses-frais\\\/#article\",\"isPartOf\":{\"@id\":\"https:\\\/\\\/www.mobilier-design-occasion.fr\\\/magazine\\\/le-forfait-mobilier-une-astuce-pour-reduire-ses-frais\\\/\"},\"author\":{\"name\":\"Vincent Vandegans\",\"@id\":\"https:\\\/\\\/www.mobilier-design-occasion.fr\\\/magazine\\\/#\\\/schema\\\/person\\\/af895bedc80bfb6b17730a672fddac9e\"},\"headline\":\"Le forfait mobilier : une astuce pour r\u00e9duire ses frais\",\"datePublished\":\"2025-12-12T15:24:00+00:00\",\"mainEntityOfPage\":{\"@id\":\"https:\\\/\\\/www.mobilier-design-occasion.fr\\\/magazine\\\/le-forfait-mobilier-une-astuce-pour-reduire-ses-frais\\\/\"},\"wordCount\":339,\"commentCount\":0,\"publisher\":{\"@id\":\"https:\\\/\\\/www.mobilier-design-occasion.fr\\\/magazine\\\/#organization\"},\"image\":{\"@id\":\"https:\\\/\\\/www.mobilier-design-occasion.fr\\\/magazine\\\/le-forfait-mobilier-une-astuce-pour-reduire-ses-frais\\\/#primaryimage\"},\"thumbnailUrl\":\"https:\\\/\\\/www.mobilier-design-occasion.fr\\\/magazine\\\/wp-content\\\/uploads\\\/2025\\\/12\\\/d19265a0440c86dbc97e955433b241fc_html_969b7b28.jpg\",\"articleSection\":[\"Salon\"],\"inLanguage\":\"fr-FR\",\"potentialAction\":[{\"@type\":\"CommentAction\",\"name\":\"Comment\",\"target\":[\"https:\\\/\\\/www.mobilier-design-occasion.fr\\\/magazine\\\/le-forfait-mobilier-une-astuce-pour-reduire-ses-frais\\\/#respond\"]}]},{\"@type\":\"WebPage\",\"@id\":\"https:\\\/\\\/www.mobilier-design-occasion.fr\\\/magazine\\\/le-forfait-mobilier-une-astuce-pour-reduire-ses-frais\\\/\",\"url\":\"https:\\\/\\\/www.mobilier-design-occasion.fr\\\/magazine\\\/le-forfait-mobilier-une-astuce-pour-reduire-ses-frais\\\/\",\"name\":\"Le forfait mobilier : d\u00e9finition et fonctionnement\",\"isPartOf\":{\"@id\":\"https:\\\/\\\/www.mobilier-design-occasion.fr\\\/magazine\\\/#website\"},\"primaryImageOfPage\":{\"@id\":\"https:\\\/\\\/www.mobilier-design-occasion.fr\\\/magazine\\\/le-forfait-mobilier-une-astuce-pour-reduire-ses-frais\\\/#primaryimage\"},\"image\":{\"@id\":\"https:\\\/\\\/www.mobilier-design-occasion.fr\\\/magazine\\\/le-forfait-mobilier-une-astuce-pour-reduire-ses-frais\\\/#primaryimage\"},\"thumbnailUrl\":\"https:\\\/\\\/www.mobilier-design-occasion.fr\\\/magazine\\\/wp-content\\\/uploads\\\/2025\\\/12\\\/d19265a0440c86dbc97e955433b241fc_html_969b7b28.jpg\",\"datePublished\":\"2025-12-12T15:24:00+00:00\",\"description\":\"Dissocier la valeur de vos meubles pour r\u00e9duire le co\u00fbt total d'un achat immobilier c'est possible : c'est le forfait mobilier.\",\"breadcrumb\":{\"@id\":\"https:\\\/\\\/www.mobilier-design-occasion.fr\\\/magazine\\\/le-forfait-mobilier-une-astuce-pour-reduire-ses-frais\\\/#breadcrumb\"},\"inLanguage\":\"fr-FR\",\"potentialAction\":[{\"@type\":\"ReadAction\",\"target\":[\"https:\\\/\\\/www.mobilier-design-occasion.fr\\\/magazine\\\/le-forfait-mobilier-une-astuce-pour-reduire-ses-frais\\\/\"]}]},{\"@type\":\"ImageObject\",\"inLanguage\":\"fr-FR\",\"@id\":\"https:\\\/\\\/www.mobilier-design-occasion.fr\\\/magazine\\\/le-forfait-mobilier-une-astuce-pour-reduire-ses-frais\\\/#primaryimage\",\"url\":\"https:\\\/\\\/www.mobilier-design-occasion.fr\\\/magazine\\\/wp-content\\\/uploads\\\/2025\\\/12\\\/d19265a0440c86dbc97e955433b241fc_html_969b7b28.jpg\",\"contentUrl\":\"https:\\\/\\\/www.mobilier-design-occasion.fr\\\/magazine\\\/wp-content\\\/uploads\\\/2025\\\/12\\\/d19265a0440c86dbc97e955433b241fc_html_969b7b28.jpg\",\"width\":2048,\"height\":1243},{\"@type\":\"BreadcrumbList\",\"@id\":\"https:\\\/\\\/www.mobilier-design-occasion.fr\\\/magazine\\\/le-forfait-mobilier-une-astuce-pour-reduire-ses-frais\\\/#breadcrumb\",\"itemListElement\":[{\"@type\":\"ListItem\",\"position\":1,\"name\":\"Accueil\",\"item\":\"https:\\\/\\\/www.mobilier-design-occasion.fr\\\/magazine\\\/\"},{\"@type\":\"ListItem\",\"position\":2,\"name\":\"Le forfait mobilier : une astuce pour r\u00e9duire ses frais\"}]},{\"@type\":\"WebSite\",\"@id\":\"https:\\\/\\\/www.mobilier-design-occasion.fr\\\/magazine\\\/#website\",\"url\":\"https:\\\/\\\/www.mobilier-design-occasion.fr\\\/magazine\\\/\",\"name\":\"Mobilier Design Magazine\",\"description\":\"\",\"publisher\":{\"@id\":\"https:\\\/\\\/www.mobilier-design-occasion.fr\\\/magazine\\\/#organization\"},\"potentialAction\":[{\"@type\":\"SearchAction\",\"target\":{\"@type\":\"EntryPoint\",\"urlTemplate\":\"https:\\\/\\\/www.mobilier-design-occasion.fr\\\/magazine\\\/?s={search_term_string}\"},\"query-input\":{\"@type\":\"PropertyValueSpecification\",\"valueRequired\":true,\"valueName\":\"search_term_string\"}}],\"inLanguage\":\"fr-FR\"},{\"@type\":\"Organization\",\"@id\":\"https:\\\/\\\/www.mobilier-design-occasion.fr\\\/magazine\\\/#organization\",\"name\":\"Mobilier Design Magazine\",\"url\":\"https:\\\/\\\/www.mobilier-design-occasion.fr\\\/magazine\\\/\",\"logo\":{\"@type\":\"ImageObject\",\"inLanguage\":\"fr-FR\",\"@id\":\"https:\\\/\\\/www.mobilier-design-occasion.fr\\\/magazine\\\/#\\\/schema\\\/logo\\\/image\\\/\",\"url\":\"https:\\\/\\\/www.mobilier-design-occasion.fr\\\/magazine\\\/wp-content\\\/uploads\\\/2024\\\/02\\\/android-chrome-192x192-1.png\",\"contentUrl\":\"https:\\\/\\\/www.mobilier-design-occasion.fr\\\/magazine\\\/wp-content\\\/uploads\\\/2024\\\/02\\\/android-chrome-192x192-1.png\",\"width\":192,\"height\":192,\"caption\":\"Mobilier Design Magazine\"},\"image\":{\"@id\":\"https:\\\/\\\/www.mobilier-design-occasion.fr\\\/magazine\\\/#\\\/schema\\\/logo\\\/image\\\/\"},\"sameAs\":[\"https:\\\/\\\/www.facebook.com\\\/mobilierdesignoccasion\"]},{\"@type\":\"Person\",\"@id\":\"https:\\\/\\\/www.mobilier-design-occasion.fr\\\/magazine\\\/#\\\/schema\\\/person\\\/af895bedc80bfb6b17730a672fddac9e\",\"name\":\"Vincent Vandegans\",\"image\":{\"@type\":\"ImageObject\",\"inLanguage\":\"fr-FR\",\"@id\":\"https:\\\/\\\/secure.gravatar.com\\\/avatar\\\/b984800dabdf722d5e3f03f637c8932dea77d81118467d17ad2953e3b273ec66?s=96&d=mm&r=g\",\"url\":\"https:\\\/\\\/secure.gravatar.com\\\/avatar\\\/b984800dabdf722d5e3f03f637c8932dea77d81118467d17ad2953e3b273ec66?s=96&d=mm&r=g\",\"contentUrl\":\"https:\\\/\\\/secure.gravatar.com\\\/avatar\\\/b984800dabdf722d5e3f03f637c8932dea77d81118467d17ad2953e3b273ec66?s=96&d=mm&r=g\",\"caption\":\"Vincent Vandegans\"},\"description\":\"Vincent est passionn\u00e9 par les produits d'occasion, il a ouvert le site MDO avec Cyrielle pour aider les gens \u00e0 trouver du mobilier d'occasion, vintage ou usag\u00e9. Depuis, ils ont \u00e9tendu leurs activit\u00e9s et conseillent tout le monde sur le mobilier d'int\u00e9rieur et d'ext\u00e9rieur au quotidien \u00e0 travers le magazine MDO.\",\"url\":\"https:\\\/\\\/www.mobilier-design-occasion.fr\\\/magazine\\\/author\\\/vincent\\\/\"}]}<\/script>\n<!-- \/ Yoast SEO plugin. -->","yoast_head_json":{"title":"Le forfait mobilier : d\u00e9finition et fonctionnement","description":"Dissocier la valeur de vos meubles pour r\u00e9duire le co\u00fbt total d'un achat immobilier c'est possible : c'est le forfait mobilier.","robots":{"index":"index","follow":"follow","max-snippet":"max-snippet:-1","max-image-preview":"max-image-preview:large","max-video-preview":"max-video-preview:-1"},"canonical":"https:\/\/www.mobilier-design-occasion.fr\/magazine\/le-forfait-mobilier-une-astuce-pour-reduire-ses-frais\/","og_locale":"fr_FR","og_type":"article","og_title":"Le forfait mobilier : d\u00e9finition et fonctionnement","og_description":"Dissocier la valeur de vos meubles pour r\u00e9duire le co\u00fbt total d'un achat immobilier c'est possible : c'est le forfait mobilier.","og_url":"https:\/\/www.mobilier-design-occasion.fr\/magazine\/le-forfait-mobilier-une-astuce-pour-reduire-ses-frais\/","og_site_name":"Mobilier Design Magazine","article_publisher":"https:\/\/www.facebook.com\/mobilierdesignoccasion","article_published_time":"2025-12-12T15:24:00+00:00","og_image":[{"width":2048,"height":1243,"url":"https:\/\/www.mobilier-design-occasion.fr\/magazine\/wp-content\/uploads\/2025\/12\/d19265a0440c86dbc97e955433b241fc_html_969b7b28.jpg","type":"image\/jpeg"}],"author":"Vincent Vandegans","twitter_card":"summary_large_image","twitter_misc":{"\u00c9crit par":"Vincent Vandegans","Dur\u00e9e de lecture estim\u00e9e":"2 minutes"},"schema":{"@context":"https:\/\/schema.org","@graph":[{"@type":"Article","@id":"https:\/\/www.mobilier-design-occasion.fr\/magazine\/le-forfait-mobilier-une-astuce-pour-reduire-ses-frais\/#article","isPartOf":{"@id":"https:\/\/www.mobilier-design-occasion.fr\/magazine\/le-forfait-mobilier-une-astuce-pour-reduire-ses-frais\/"},"author":{"name":"Vincent Vandegans","@id":"https:\/\/www.mobilier-design-occasion.fr\/magazine\/#\/schema\/person\/af895bedc80bfb6b17730a672fddac9e"},"headline":"Le forfait mobilier : une astuce pour r\u00e9duire ses frais","datePublished":"2025-12-12T15:24:00+00:00","mainEntityOfPage":{"@id":"https:\/\/www.mobilier-design-occasion.fr\/magazine\/le-forfait-mobilier-une-astuce-pour-reduire-ses-frais\/"},"wordCount":339,"commentCount":0,"publisher":{"@id":"https:\/\/www.mobilier-design-occasion.fr\/magazine\/#organization"},"image":{"@id":"https:\/\/www.mobilier-design-occasion.fr\/magazine\/le-forfait-mobilier-une-astuce-pour-reduire-ses-frais\/#primaryimage"},"thumbnailUrl":"https:\/\/www.mobilier-design-occasion.fr\/magazine\/wp-content\/uploads\/2025\/12\/d19265a0440c86dbc97e955433b241fc_html_969b7b28.jpg","articleSection":["Salon"],"inLanguage":"fr-FR","potentialAction":[{"@type":"CommentAction","name":"Comment","target":["https:\/\/www.mobilier-design-occasion.fr\/magazine\/le-forfait-mobilier-une-astuce-pour-reduire-ses-frais\/#respond"]}]},{"@type":"WebPage","@id":"https:\/\/www.mobilier-design-occasion.fr\/magazine\/le-forfait-mobilier-une-astuce-pour-reduire-ses-frais\/","url":"https:\/\/www.mobilier-design-occasion.fr\/magazine\/le-forfait-mobilier-une-astuce-pour-reduire-ses-frais\/","name":"Le forfait mobilier : d\u00e9finition et fonctionnement","isPartOf":{"@id":"https:\/\/www.mobilier-design-occasion.fr\/magazine\/#website"},"primaryImageOfPage":{"@id":"https:\/\/www.mobilier-design-occasion.fr\/magazine\/le-forfait-mobilier-une-astuce-pour-reduire-ses-frais\/#primaryimage"},"image":{"@id":"https:\/\/www.mobilier-design-occasion.fr\/magazine\/le-forfait-mobilier-une-astuce-pour-reduire-ses-frais\/#primaryimage"},"thumbnailUrl":"https:\/\/www.mobilier-design-occasion.fr\/magazine\/wp-content\/uploads\/2025\/12\/d19265a0440c86dbc97e955433b241fc_html_969b7b28.jpg","datePublished":"2025-12-12T15:24:00+00:00","description":"Dissocier la valeur de vos meubles pour r\u00e9duire le co\u00fbt total d'un achat immobilier c'est possible : c'est le forfait mobilier.","breadcrumb":{"@id":"https:\/\/www.mobilier-design-occasion.fr\/magazine\/le-forfait-mobilier-une-astuce-pour-reduire-ses-frais\/#breadcrumb"},"inLanguage":"fr-FR","potentialAction":[{"@type":"ReadAction","target":["https:\/\/www.mobilier-design-occasion.fr\/magazine\/le-forfait-mobilier-une-astuce-pour-reduire-ses-frais\/"]}]},{"@type":"ImageObject","inLanguage":"fr-FR","@id":"https:\/\/www.mobilier-design-occasion.fr\/magazine\/le-forfait-mobilier-une-astuce-pour-reduire-ses-frais\/#primaryimage","url":"https:\/\/www.mobilier-design-occasion.fr\/magazine\/wp-content\/uploads\/2025\/12\/d19265a0440c86dbc97e955433b241fc_html_969b7b28.jpg","contentUrl":"https:\/\/www.mobilier-design-occasion.fr\/magazine\/wp-content\/uploads\/2025\/12\/d19265a0440c86dbc97e955433b241fc_html_969b7b28.jpg","width":2048,"height":1243},{"@type":"BreadcrumbList","@id":"https:\/\/www.mobilier-design-occasion.fr\/magazine\/le-forfait-mobilier-une-astuce-pour-reduire-ses-frais\/#breadcrumb","itemListElement":[{"@type":"ListItem","position":1,"name":"Accueil","item":"https:\/\/www.mobilier-design-occasion.fr\/magazine\/"},{"@type":"ListItem","position":2,"name":"Le forfait mobilier : une astuce pour r\u00e9duire ses frais"}]},{"@type":"WebSite","@id":"https:\/\/www.mobilier-design-occasion.fr\/magazine\/#website","url":"https:\/\/www.mobilier-design-occasion.fr\/magazine\/","name":"Mobilier Design Magazine","description":"","publisher":{"@id":"https:\/\/www.mobilier-design-occasion.fr\/magazine\/#organization"},"potentialAction":[{"@type":"SearchAction","target":{"@type":"EntryPoint","urlTemplate":"https:\/\/www.mobilier-design-occasion.fr\/magazine\/?s={search_term_string}"},"query-input":{"@type":"PropertyValueSpecification","valueRequired":true,"valueName":"search_term_string"}}],"inLanguage":"fr-FR"},{"@type":"Organization","@id":"https:\/\/www.mobilier-design-occasion.fr\/magazine\/#organization","name":"Mobilier Design Magazine","url":"https:\/\/www.mobilier-design-occasion.fr\/magazine\/","logo":{"@type":"ImageObject","inLanguage":"fr-FR","@id":"https:\/\/www.mobilier-design-occasion.fr\/magazine\/#\/schema\/logo\/image\/","url":"https:\/\/www.mobilier-design-occasion.fr\/magazine\/wp-content\/uploads\/2024\/02\/android-chrome-192x192-1.png","contentUrl":"https:\/\/www.mobilier-design-occasion.fr\/magazine\/wp-content\/uploads\/2024\/02\/android-chrome-192x192-1.png","width":192,"height":192,"caption":"Mobilier Design Magazine"},"image":{"@id":"https:\/\/www.mobilier-design-occasion.fr\/magazine\/#\/schema\/logo\/image\/"},"sameAs":["https:\/\/www.facebook.com\/mobilierdesignoccasion"]},{"@type":"Person","@id":"https:\/\/www.mobilier-design-occasion.fr\/magazine\/#\/schema\/person\/af895bedc80bfb6b17730a672fddac9e","name":"Vincent Vandegans","image":{"@type":"ImageObject","inLanguage":"fr-FR","@id":"https:\/\/secure.gravatar.com\/avatar\/b984800dabdf722d5e3f03f637c8932dea77d81118467d17ad2953e3b273ec66?s=96&d=mm&r=g","url":"https:\/\/secure.gravatar.com\/avatar\/b984800dabdf722d5e3f03f637c8932dea77d81118467d17ad2953e3b273ec66?s=96&d=mm&r=g","contentUrl":"https:\/\/secure.gravatar.com\/avatar\/b984800dabdf722d5e3f03f637c8932dea77d81118467d17ad2953e3b273ec66?s=96&d=mm&r=g","caption":"Vincent Vandegans"},"description":"Vincent est passionn\u00e9 par les produits d'occasion, il a ouvert le site MDO avec Cyrielle pour aider les gens \u00e0 trouver du mobilier d'occasion, vintage ou usag\u00e9. Depuis, ils ont \u00e9tendu leurs activit\u00e9s et conseillent tout le monde sur le mobilier d'int\u00e9rieur et d'ext\u00e9rieur au quotidien \u00e0 travers le magazine MDO.","url":"https:\/\/www.mobilier-design-occasion.fr\/magazine\/author\/vincent\/"}]}},"_links":{"self":[{"href":"https:\/\/www.mobilier-design-occasion.fr\/magazine\/wp-json\/wp\/v2\/posts\/8692","targetHints":{"allow":["GET"]}}],"collection":[{"href":"https:\/\/www.mobilier-design-occasion.fr\/magazine\/wp-json\/wp\/v2\/posts"}],"about":[{"href":"https:\/\/www.mobilier-design-occasion.fr\/magazine\/wp-json\/wp\/v2\/types\/post"}],"author":[{"embeddable":true,"href":"https:\/\/www.mobilier-design-occasion.fr\/magazine\/wp-json\/wp\/v2\/users\/2"}],"replies":[{"embeddable":true,"href":"https:\/\/www.mobilier-design-occasion.fr\/magazine\/wp-json\/wp\/v2\/comments?post=8692"}],"version-history":[{"count":1,"href":"https:\/\/www.mobilier-design-occasion.fr\/magazine\/wp-json\/wp\/v2\/posts\/8692\/revisions"}],"predecessor-version":[{"id":8693,"href":"https:\/\/www.mobilier-design-occasion.fr\/magazine\/wp-json\/wp\/v2\/posts\/8692\/revisions\/8693"}],"wp:featuredmedia":[{"embeddable":true,"href":"https:\/\/www.mobilier-design-occasion.fr\/magazine\/wp-json\/wp\/v2\/media\/8694"}],"wp:attachment":[{"href":"https:\/\/www.mobilier-design-occasion.fr\/magazine\/wp-json\/wp\/v2\/media?parent=8692"}],"wp:term":[{"taxonomy":"category","embeddable":true,"href":"https:\/\/www.mobilier-design-occasion.fr\/magazine\/wp-json\/wp\/v2\/categories?post=8692"},{"taxonomy":"post_tag","embeddable":true,"href":"https:\/\/www.mobilier-design-occasion.fr\/magazine\/wp-json\/wp\/v2\/tags?post=8692"}],"curies":[{"name":"wp","href":"https:\/\/api.w.org\/{rel}","templated":true}]}}