{"id":8688,"date":"2025-12-10T17:47:27","date_gmt":"2025-12-10T17:47:27","guid":{"rendered":"https:\/\/www.mobilier-design-occasion.fr\/magazine\/au-dela-du-meuble-lart-de-sublimer-votre-interieur-avec-des-revetements-muraux-design\/"},"modified":"2025-12-10T17:47:28","modified_gmt":"2025-12-10T17:47:28","slug":"au-dela-du-meuble-lart-de-sublimer-votre-interieur-avec-des-revetements-muraux-design","status":"publish","type":"post","link":"https:\/\/www.mobilier-design-occasion.fr\/magazine\/au-dela-du-meuble-lart-de-sublimer-votre-interieur-avec-des-revetements-muraux-design\/","title":{"rendered":"Au-del\u00e0 du meuble : L&#8217;art de sublimer votre int\u00e9rieur avec des rev\u00eatements muraux design"},"content":{"rendered":"<p><img decoding=\"async\" src=\"https:\/\/cdn.new-walls.com\/media\/7f\/f0\/2f\/1763983428\/Startseite-DD-Eigenmotiv-Weihnachten2025.webp?width=800&amp;ts=1763983428\"><\/p>\n<p>Dans l&#8217;univers de la d&eacute;coration d&#8217;int&eacute;rieur, les amateurs de design consacrent une &eacute;nergie et une passion consid&eacute;rables &agrave; la recherche de la pi&egrave;ce de mobilier parfaite. Un fauteuil sign&eacute;, une table iconique, une enfilade vintage&hellip; chaque &eacute;l&eacute;ment est choisi pour son histoire, son esth&eacute;tique et sa capacit&eacute; &agrave; transformer un espace. Pourtant, une fois ces tr&eacute;sors assembl&eacute;s, il arrive qu&#8217;une sensation d&#8217;inachev&eacute; persiste. La raison est souvent simple, mais n&eacute;glig&eacute;e : les murs. Trop souvent rel&eacute;gu&eacute;s au rang de simples supports, les murs sont en r&eacute;alit&eacute; la toile de fond qui peut soit magnifier, soit &eacute;clipser votre collection de mobilier. Ils sont la cl&eacute; de vo&ucirc;te d&#8217;une atmosph&egrave;re r&eacute;ussie, le liant qui unifie l&#8217;ensemble. C&#8217;est ici qu&#8217;intervient la puissance de la d&eacute;coration murale. En effet, <strong>les rev&ecirc;tements muraux design compl&egrave;tent parfaitement les pi&egrave;ces am&eacute;nag&eacute;es avec go&ucirc;t<\/strong>, en apportant caract&egrave;re, profondeur et une coh&eacute;rence stylistique indispensable. Cet article vous guidera &agrave; travers l&#8217;art de choisir et d&#8217;harmoniser ces &eacute;l&eacute;ments pour cr&eacute;er un int&eacute;rieur qui ne soit pas seulement meubl&eacute;, mais v&eacute;ritablement habit&eacute; et inspirant.<\/p>\n<h2><span class=\"ez-toc-section\" id=\"Le_Mur_comme_Scene_Reveler_la_Beaute_de_Votre_Mobilier\"><\/span>Le Mur comme Sc&egrave;ne : R&eacute;v&eacute;ler la Beaut&eacute; de Votre Mobilier<span class=\"ez-toc-section-end\"><\/span><\/h2><div id=\"ez-toc-container\" class=\"ez-toc-v2_0_82_2 counter-hierarchy ez-toc-counter ez-toc-grey ez-toc-container-direction\">\n<div class=\"ez-toc-title-container\">\n<span class=\"ez-toc-title-toggle\"><a href=\"#\" class=\"ez-toc-pull-right ez-toc-btn ez-toc-btn-xs ez-toc-btn-default ez-toc-toggle\" aria-label=\"Toggle Table of Content\"><span class=\"ez-toc-js-icon-con\"><span class=\"\"><span class=\"eztoc-hide\" style=\"display:none;\">Toggle<\/span><span class=\"ez-toc-icon-toggle-span\"><svg style=\"fill: #999;color:#999\" xmlns=\"http:\/\/www.w3.org\/2000\/svg\" class=\"list-377408\" width=\"20px\" height=\"20px\" viewBox=\"0 0 24 24\" fill=\"none\"><path d=\"M6 6H4v2h2V6zm14 0H8v2h12V6zM4 11h2v2H4v-2zm16 0H8v2h12v-2zM4 16h2v2H4v-2zm16 0H8v2h12v-2z\" fill=\"currentColor\"><\/path><\/svg><svg style=\"fill: #999;color:#999\" class=\"arrow-unsorted-368013\" xmlns=\"http:\/\/www.w3.org\/2000\/svg\" width=\"10px\" height=\"10px\" viewBox=\"0 0 24 24\" version=\"1.2\" baseProfile=\"tiny\"><path d=\"M18.2 9.3l-6.2-6.3-6.2 6.3c-.2.2-.3.4-.3.7s.1.5.3.7c.2.2.4.3.7.3h11c.3 0 .5-.1.7-.3.2-.2.3-.5.3-.7s-.1-.5-.3-.7zM5.8 14.7l6.2 6.3 6.2-6.3c.2-.2.3-.5.3-.7s-.1-.5-.3-.7c-.2-.2-.4-.3-.7-.3h-11c-.3 0-.5.1-.7.3-.2.2-.3.5-.3.7s.1.5.3.7z\"\/><\/svg><\/span><\/span><\/span><\/a><\/span><\/div>\n<nav><ul class='ez-toc-list ez-toc-list-level-1 eztoc-toggle-hide-by-default' ><li class='ez-toc-page-1 ez-toc-heading-level-2'><a class=\"ez-toc-link ez-toc-heading-1\" href=\"https:\/\/www.mobilier-design-occasion.fr\/magazine\/au-dela-du-meuble-lart-de-sublimer-votre-interieur-avec-des-revetements-muraux-design\/#Le_Mur_comme_Scene_Reveler_la_Beaute_de_Votre_Mobilier\" >Le Mur comme Sc&egrave;ne : R&eacute;v&eacute;ler la Beaut&eacute; de Votre Mobilier<\/a><ul class='ez-toc-list-level-3' ><li class='ez-toc-heading-level-3'><a class=\"ez-toc-link ez-toc-heading-2\" href=\"https:\/\/www.mobilier-design-occasion.fr\/magazine\/au-dela-du-meuble-lart-de-sublimer-votre-interieur-avec-des-revetements-muraux-design\/#%E2%80%9CLa_simplicite_est_la_sophistication_supreme%E2%80%9D_%E2%80%93_Leonard_de_Vinci\" >&#8220;La simplicit&eacute; est la sophistication supr&ecirc;me.&#8221; &#8211; L&eacute;onard de Vinci<\/a><\/li><\/ul><\/li><li class='ez-toc-page-1 ez-toc-heading-level-2'><a class=\"ez-toc-link ez-toc-heading-3\" href=\"https:\/\/www.mobilier-design-occasion.fr\/magazine\/au-dela-du-meuble-lart-de-sublimer-votre-interieur-avec-des-revetements-muraux-design\/#Creer_une_Conversation_Stylistique_LHarmonie_entre_Epoques_et_Tendances\" >Cr&eacute;er une Conversation Stylistique : L&#8217;Harmonie entre &Eacute;poques et Tendances<\/a><\/li><li class='ez-toc-page-1 ez-toc-heading-level-2'><a class=\"ez-toc-link ez-toc-heading-4\" href=\"https:\/\/www.mobilier-design-occasion.fr\/magazine\/au-dela-du-meuble-lart-de-sublimer-votre-interieur-avec-des-revetements-muraux-design\/#Matieres_Textures_et_Reliefs_La_Dimension_Sensorielle_de_la_Decoration_Murale\" >Mati&egrave;res, Textures et Reliefs : La Dimension Sensorielle de la D&eacute;coration Murale<\/a><\/li><li class='ez-toc-page-1 ez-toc-heading-level-2'><a class=\"ez-toc-link ez-toc-heading-5\" href=\"https:\/\/www.mobilier-design-occasion.fr\/magazine\/au-dela-du-meuble-lart-de-sublimer-votre-interieur-avec-des-revetements-muraux-design\/#Le_Mur_dAccent_et_la_Fresque_Panoramique_Declarations_Artistiques_Audacieuses\" >Le Mur d&#8217;Accent et la Fresque Panoramique : D&eacute;clarations Artistiques Audacieuses<\/a><\/li><li class='ez-toc-page-1 ez-toc-heading-level-2'><a class=\"ez-toc-link ez-toc-heading-6\" href=\"https:\/\/www.mobilier-design-occasion.fr\/magazine\/au-dela-du-meuble-lart-de-sublimer-votre-interieur-avec-des-revetements-muraux-design\/#Au-dela_de_lEsthetique_LImpact_Psychologique_des_Couleurs_et_des_Motifs\" >Au-del&agrave; de l&#8217;Esth&eacute;tique : L&#8217;Impact Psychologique des Couleurs et des Motifs<\/a><\/li><li class='ez-toc-page-1 ez-toc-heading-level-2'><a class=\"ez-toc-link ez-toc-heading-7\" href=\"https:\/\/www.mobilier-design-occasion.fr\/magazine\/au-dela-du-meuble-lart-de-sublimer-votre-interieur-avec-des-revetements-muraux-design\/#Votre_Interieur_une_OEuvre_dArt_Totale\" >Votre Int&eacute;rieur, une &OElig;uvre d&#8217;Art Totale<\/a><\/li><\/ul><\/nav><\/div>\n\n<p>Consid&eacute;rez vos murs non pas comme des limites, mais comme une sc&egrave;ne de th&eacute;&acirc;tre sur laquelle vos meubles sont les acteurs principaux. Un mur blanc et nu peut sembler une option s&ucirc;re, mais il peut aussi cr&eacute;er une atmosph&egrave;re froide, presque clinique, o&ugrave; vos pi&egrave;ces de design peinent &agrave; exprimer toute leur chaleur et leur personnalit&eacute;. Un rev&ecirc;tement mural choisi avec soin, qu&#8217;il s&#8217;agisse d&#8217;un papier peint textur&eacute;, d&#8217;une couleur profonde ou d&#8217;un motif subtil, cr&eacute;e un contexte visuel. Il dialogue avec le mobilier, souligne ses lignes, met en valeur ses mat&eacute;riaux et raconte une histoire plus riche. Imaginez un canap&eacute; en velours c&ocirc;tel&eacute; de Pierre Paulin adoss&eacute; &agrave; un mur recouvert d&#8217;un papier peint aux motifs g&eacute;om&eacute;triques Art d&eacute;co ; l&#8217;un met en valeur les courbes organiques de l&#8217;autre, cr&eacute;ant un contraste dynamique et sophistiqu&eacute;.<\/p>\n<p>Le secret r&eacute;side dans l&#8217;&eacute;quilibre. Un meuble au design complexe et audacieux sera sublim&eacute; par un fond plus sobre mais textur&eacute;, qui lui apportera de la profondeur sans lui voler la vedette. &Agrave; l&#8217;inverse, une pi&egrave;ce de mobilier aux lignes &eacute;pur&eacute;es et minimalistes, comme une chaise de Charles &amp; Ray Eames, peut &ecirc;tre magnifi&eacute;e par un mur d&#8217;accent au motif audacieux ou une fresque panoramique spectaculaire. Pour explorer une vaste gamme d&#8217;options allant des cr&eacute;ations de grands noms comme Versace aux motifs plus contemporains, des plateformes sp&eacute;cialis&eacute;es comme <a href=\"https:\/\/www.new-walls.com\/fr\/\">New-walls<\/a> offrent un catalogue quasi infini pour trouver l&#8217;inspiration et la qualit&eacute; &#8220;Made in Germany&#8221;. En pensant vos murs comme une composante active de votre d&eacute;coration, vous transformez votre pi&egrave;ce en une composition artistique coh&eacute;rente, o&ugrave; chaque &eacute;l&eacute;ment, du sol au plafond, participe &agrave; l&#8217;harmonie g&eacute;n&eacute;rale.<\/p>\n<h3><span class=\"ez-toc-section\" id=\"%E2%80%9CLa_simplicite_est_la_sophistication_supreme%E2%80%9D_%E2%80%93_Leonard_de_Vinci\"><\/span>&#8220;La simplicit&eacute; est la sophistication supr&ecirc;me.&#8221; &#8211; L&eacute;onard de Vinci<span class=\"ez-toc-section-end\"><\/span><\/h3>\n<p>Cette citation intemporelle nous rappelle que le design le plus impactant n&#8217;est pas n&eacute;cessairement le plus charg&eacute;. Un rev&ecirc;tement mural design ne signifie pas forc&eacute;ment une explosion de couleurs et de motifs. Il peut s&#8217;agir d&#8217;une texture d&eacute;licate, d&#8217;un jeu de mati&egrave;res subtil ou d&#8217;une nuance de couleur parfaitement calibr&eacute;e qui, par sa simple pr&eacute;sence, apporte une touche de sophistication et met en valeur l&#8217;essentiel : la puret&eacute; des lignes de votre mobilier.<\/p>\n<h2><span class=\"ez-toc-section\" id=\"Creer_une_Conversation_Stylistique_LHarmonie_entre_Epoques_et_Tendances\"><\/span>Cr&eacute;er une Conversation Stylistique : L&#8217;Harmonie entre &Eacute;poques et Tendances<span class=\"ez-toc-section-end\"><\/span><\/h2>\n<p>L&#8217;un des plus grands d&eacute;fis pour un collectionneur de mobilier design est de faire cohabiter des pi&egrave;ces de diff&eacute;rentes &eacute;poques et de diff&eacute;rents styles. Comment marier l&#8217;&eacute;l&eacute;gance scandinave des ann&eacute;es 50 avec l&#8217;audace du design italien des ann&eacute;es 70 ? La r&eacute;ponse se trouve, encore une fois, sur vos murs. Le rev&ecirc;tement mural agit comme un traducteur stylistique, un fil conducteur qui peut relier des &eacute;l&eacute;ments disparates pour cr&eacute;er un ensemble harmonieux et personnel. Il permet de d&eacute;finir une ambiance globale qui servira de cadre &agrave; votre collection. Par exemple, un papier peint aux motifs inspir&eacute;s de la nature, avec des teintes douces et des textures organiques, peut unifier un int&eacute;rieur m&ecirc;lant bois clair scandinave et pi&egrave;ces plus industrielles en m&eacute;tal.<\/p>\n<p>Cette d&eacute;marche demande une r&eacute;flexion sur l&#8217;histoire du design. Chaque grande p&eacute;riode a ses propres codes graphiques et chromatiques. En choisissant un rev&ecirc;tement mural qui fait &eacute;cho &agrave; une &eacute;poque, vous ancrez votre d&eacute;coration dans un contexte culturel et historique. Un motif g&eacute;om&eacute;trique aux couleurs primaires peut rendre hommage au mouvement Bauhaus, tandis qu&#8217;un papier peint aux arabesques dor&eacute;es rappellera le faste de l&#8217;Art d&eacute;co. Loin d&#8217;&ecirc;tre un simple exercice de style, cette approche permet de construire un int&eacute;rieur qui a une &acirc;me, une profondeur. Il est &eacute;vident que <strong>les rev&ecirc;tements muraux design compl&egrave;tent parfaitement les pi&egrave;ces am&eacute;nag&eacute;es avec go&ucirc;t<\/strong> en leur offrant ce suppl&eacute;ment de coh&eacute;rence et de narration.<\/p>\n<p>Voici quelques pistes pour associer votre mobilier &agrave; un rev&ecirc;tement mural :<\/p>\n<ul>\n<li><strong>Style Mid-Century Modern (ann&eacute;es 50-60) :<\/strong> Associez vos meubles en teck ou en palissandre &agrave; des papiers peints aux motifs g&eacute;om&eacute;triques abstraits, des &#8220;starbursts&#8221; ou des couleurs typiques de l&#8217;&eacute;poque comme le vert olive, l&#8217;orange br&ucirc;l&eacute; ou le bleu canard.<\/li>\n<li><strong>Style Scandinave :<\/strong> Pour accompagner des meubles aux lignes &eacute;pur&eacute;es et en bois clair, privil&eacute;giez des textures naturelles (effet lin, tissage) ou des motifs graphiques minimalistes en noir et blanc, ou encore des motifs inspir&eacute;s de la faune et de la flore nordiques.<\/li>\n<li><strong>Style Industriel :<\/strong> Compl&eacute;tez vos meubles en m&eacute;tal brut et en bois recycl&eacute; avec des rev&ecirc;tements muraux imitation brique, b&eacute;ton cir&eacute; ou des fresques repr&eacute;sentant des plans d&#8217;architecte ou des typographies anciennes.<\/li>\n<li><strong>Style Art D&eacute;co :<\/strong> Mettez en valeur des pi&egrave;ces aux formes luxueuses et sym&eacute;triques avec des papiers peints aux motifs de paon, d&#8217;&eacute;ventails, de chevrons, souvent rehauss&eacute;s de touches dor&eacute;es ou argent&eacute;es.<\/li>\n<li><strong>Style Boh&egrave;me Chic :<\/strong> Cr&eacute;ez une atmosph&egrave;re chaleureuse et &eacute;clectique en mariant vos meubles en rotin et vos textiles ethniques &agrave; des papiers peints aux motifs floraux luxuriants (Jungle), des mandalas ou des textures imitant le macram&eacute;.<\/li>\n<\/ul>\n<h2><span class=\"ez-toc-section\" id=\"Matieres_Textures_et_Reliefs_La_Dimension_Sensorielle_de_la_Decoration_Murale\"><\/span>Mati&egrave;res, Textures et Reliefs : La Dimension Sensorielle de la D&eacute;coration Murale<span class=\"ez-toc-section-end\"><\/span><\/h2>\n<p>La d&eacute;coration murale design ne se limite pas aux couleurs et aux motifs. Elle explore une troisi&egrave;me dimension, celle de la texture et du relief, qui apporte une richesse sensorielle incomparable &agrave; un int&eacute;rieur. Un mur n&#8217;est plus seulement une surface &agrave; regarder, mais une surface qui invite au toucher et qui joue avec la lumi&egrave;re de mani&egrave;re subtile et changeante tout au long de la journ&eacute;e. Les mat&eacute;riaux modernes offrent des possibilit&eacute;s infinies pour cr&eacute;er des ambiances uniques et sophistiqu&eacute;es. Les papiers peints vinyles textur&eacute;s peuvent imiter &agrave; la perfection des mati&egrave;res nobles comme le cuir, le daim, le lin ou m&ecirc;me le m&eacute;tal bross&eacute;, ajoutant une touche de luxe et de confort.<\/p>\n<p>L&#8217;utilisation de textures a &eacute;galement un impact fonctionnel. Les rev&ecirc;tements muraux en textile ou en fibres naturelles (jute, li&egrave;ge, paille japonaise) poss&egrave;dent d&#8217;excellentes propri&eacute;t&eacute;s acoustiques. Ils absorbent les sons et r&eacute;duisent la r&eacute;sonance, cr&eacute;ant une atmosph&egrave;re plus feutr&eacute;e et apaisante, id&eacute;ale pour un salon ou une chambre. De plus, un mur textur&eacute; capte la lumi&egrave;re diff&eacute;remment d&#8217;une surface lisse. Il cr&eacute;e des micro-ombres qui donnent de la profondeur et du corps &agrave; la pi&egrave;ce, la rendant visuellement plus int&eacute;ressante et moins monotone. Imaginez la lumi&egrave;re rasante du soir caressant un mur avec un l&eacute;ger relief : l&#8217;effet est &agrave; la fois subtil et profond&eacute;ment &eacute;l&eacute;gant. C&#8217;est cette attention aux d&eacute;tails sensoriels qui distingue un int&eacute;rieur simplement d&eacute;cor&eacute; d&#8217;un espace v&eacute;ritablement con&ccedil;u.<\/p>\n<h2><span class=\"ez-toc-section\" id=\"Le_Mur_dAccent_et_la_Fresque_Panoramique_Declarations_Artistiques_Audacieuses\"><\/span>Le Mur d&#8217;Accent et la Fresque Panoramique : D&eacute;clarations Artistiques Audacieuses<span class=\"ez-toc-section-end\"><\/span><\/h2>\n<p>Pour ceux qui souhaitent faire de leurs murs une v&eacute;ritable d&eacute;claration de style, deux techniques se distinguent : le mur d&#8217;accent et la fresque panoramique. Le mur d&#8217;accent consiste &agrave; traiter un seul mur d&#8217;une pi&egrave;ce de mani&egrave;re diff&eacute;rente des autres, que ce soit par une couleur vive, un motif fort ou une texture marqu&eacute;e. Cette approche permet de structurer l&#8217;espace, de d&eacute;finir une zone (comme le coin lecture dans un salon ou la t&ecirc;te de lit dans une chambre) et d&#8217;attirer le regard sur un point focal, souvent l&agrave; o&ugrave; se trouve votre plus belle pi&egrave;ce de mobilier. C&#8217;est une mani&egrave;re audacieuse mais ma&icirc;tris&eacute;e d&#8217;introduire de la personnalit&eacute; sans surcharger l&#8217;ensemble de la pi&egrave;ce.<\/p>\n<p>La fresque panoramique, ou papier peint panoramique, va encore plus loin. Il ne s&#8217;agit plus d&#8217;un motif qui se r&eacute;p&egrave;te, mais d&#8217;une seule et grande image qui s&#8217;&eacute;tend sur tout un pan de mur, &agrave; la mani&egrave;re d&#8217;une &oelig;uvre d&#8217;art monumentale. Les possibilit&eacute;s sont illimit&eacute;es : paysages oniriques, jungles luxuriantes, sc&egrave;nes urbaines abstraites, cartes anciennes&hellip; La fresque transforme le mur en une fen&ecirc;tre ouverte sur un autre monde. Elle a le pouvoir de modifier radicalement la perception des volumes, d&#8217;agrandir visuellement une petite pi&egrave;ce ou de lui donner une profondeur spectaculaire. C&#8217;est un choix fort, qui t&eacute;moigne d&#8217;une vision d&eacute;corative assum&eacute;e. Il est ind&eacute;niable que pour les int&eacute;rieurs les plus ambitieux, <strong>les rev&ecirc;tements muraux design compl&egrave;tent parfaitement les pi&egrave;ces am&eacute;nag&eacute;es avec go&ucirc;t<\/strong> en leur apportant une dimension artistique et immersive unique.<\/p>\n<p> <\/p>\n<table>\n<thead>\n<tr>\n<th>\n<p>Caract&eacute;ristique<\/p>\n<\/th>\n<th>\n<p>Mur d&#8217;Accent<\/p>\n<\/th>\n<th>\n<p>Fresque Panoramique<\/p>\n<\/th>\n<\/tr>\n<\/thead>\n<tbody>\n<tr>\n<td>\n<p><strong>Objectif Principal<\/strong><\/p>\n<\/td>\n<td>\n<p>Cr&eacute;er un point focal, structurer l&#8217;espace<\/p>\n<\/td>\n<td>\n<p>Cr&eacute;er une immersion, une &oelig;uvre d&#8217;art murale<\/p>\n<\/td>\n<\/tr>\n<tr>\n<td>\n<p><strong>Impact Visuel<\/strong><\/p>\n<\/td>\n<td>\n<p>Fort mais localis&eacute;<\/p>\n<\/td>\n<td>\n<p>Spectaculaire et enveloppant<\/p>\n<\/td>\n<\/tr>\n<tr>\n<td>\n<p><strong>Type de Motif<\/strong><\/p>\n<\/td>\n<td>\n<p>R&eacute;p&eacute;titif ou couleur unie<\/p>\n<\/td>\n<td>\n<p>Image unique, non r&eacute;p&eacute;titive<\/p>\n<\/td>\n<\/tr>\n<tr>\n<td>\n<p><strong>Id&eacute;al pour<\/strong><\/p>\n<\/td>\n<td>\n<p>Mettre en valeur un meuble, d&eacute;limiter une zone<\/p>\n<\/td>\n<td>\n<p>Agrandir l&#8217;espace, cr&eacute;er une ambiance forte<\/p>\n<\/td>\n<\/tr>\n<tr>\n<td>\n<p><strong>Complexit&eacute; de Pose<\/strong><\/p>\n<\/td>\n<td>\n<p>Relativement simple<\/p>\n<\/td>\n<td>\n<p>N&eacute;cessite pr&eacute;cision et soin (raccords)<\/p>\n<\/td>\n<\/tr>\n<\/tbody>\n<\/table>\n<p> <\/p>\n<h2><span class=\"ez-toc-section\" id=\"Au-dela_de_lEsthetique_LImpact_Psychologique_des_Couleurs_et_des_Motifs\"><\/span>Au-del&agrave; de l&#8217;Esth&eacute;tique : L&#8217;Impact Psychologique des Couleurs et des Motifs<span class=\"ez-toc-section-end\"><\/span><\/h2>\n<p>Le choix d&#8217;un rev&ecirc;tement mural ne doit pas &ecirc;tre guid&eacute; uniquement par des consid&eacute;rations esth&eacute;tiques. Les couleurs et les motifs qui nous entourent ont un impact direct sur notre humeur, notre concentration et notre bien-&ecirc;tre g&eacute;n&eacute;ral. C&#8217;est le domaine de la psychologie de l&#8217;environnement. Un int&eacute;rieur bien pens&eacute; est un espace qui non seulement est beau, mais qui nous fait &eacute;galement nous sentir bien. Les murs, par leur surface immense, jouent un r&ocirc;le pr&eacute;pond&eacute;rant dans la cr&eacute;ation de cette atmosph&egrave;re psychologique. Des teintes bleues ou vertes, par exemple, sont connues pour leurs propri&eacute;t&eacute;s apaisantes et relaxantes, ce qui les rend id&eacute;ales pour une chambre ou une salle de bain. &Agrave; l&#8217;inverse, des touches de jaune ou d&#8217;orange peuvent stimuler la cr&eacute;ativit&eacute; et la convivialit&eacute;, parfaites pour une cuisine ou un bureau.<\/p>\n<p>Les motifs ont &eacute;galement leur propre langage. Les lignes verticales peuvent donner une impression de hauteur et de grandeur, tandis que les lignes horizontales peuvent faire para&icirc;tre un espace plus large et plus stable. Les motifs floraux ou organiques nous connectent &agrave; la nature et peuvent avoir un effet r&eacute;confortant, alors que les formes g&eacute;om&eacute;triques strictes &eacute;voquent l&#8217;ordre, la logique et la modernit&eacute;. En choisissant consciemment un rev&ecirc;tement mural en fonction de l&#8217;effet psychologique d&eacute;sir&eacute;, vous ajoutez une couche de fonctionnalit&eacute; invisible mais essentielle &agrave; votre d&eacute;coration. Vous ne cr&eacute;ez pas seulement un d&eacute;cor, mais un v&eacute;ritable &eacute;cosyst&egrave;me de bien-&ecirc;tre adapt&eacute; &agrave; vos besoins et &agrave; votre personnalit&eacute;.<\/p>\n<h2><span class=\"ez-toc-section\" id=\"Votre_Interieur_une_OEuvre_dArt_Totale\"><\/span>Votre Int&eacute;rieur, une &OElig;uvre d&#8217;Art Totale<span class=\"ez-toc-section-end\"><\/span><\/h2>\n<p>En d&eacute;finitive, am&eacute;nager son int&eacute;rieur avec des pi&egrave;ces de mobilier design est le d&eacute;but d&#8217;un voyage cr&eacute;atif, mais ce n&#8217;est pas la destination finale. Pour atteindre une v&eacute;ritable harmonie, pour que votre espace de vie devienne le reflet authentique de votre personnalit&eacute;, il est crucial de consid&eacute;rer l&#8217;ensemble. Les murs ne sont pas de simples s&eacute;parations, mais les pages blanches sur lesquelles s&#8217;&eacute;crit l&#8217;histoire de votre int&eacute;rieur. Ils sont le souffle qui donne vie &agrave; votre collection, le contexte qui r&eacute;v&egrave;le la subtilit&eacute; de chaque ligne, de chaque mati&egrave;re. En choisissant avec soin un papier peint, une texture ou une fresque, vous ne faites pas que d&eacute;corer : vous composez. Vous orchestrez un dialogue silencieux mais puissant entre les objets et leur environnement.<\/p>\n<p>L&#8217;invitation est donc lanc&eacute;e : osez regarder vos murs diff&eacute;remment. Voyez-les comme une opportunit&eacute; d&#8217;expression, une nouvelle fronti&egrave;re pour votre cr&eacute;ativit&eacute;. Que vous optiez pour une subtile texture qui joue avec la lumi&egrave;re ou pour une fresque audacieuse qui vous transporte ailleurs, chaque choix contribuera &agrave; transformer votre maison en une &oelig;uvre d&#8217;art totale, un lieu unique o&ugrave; chaque d&eacute;tail a son importance. Car, plus que jamais, il est clair que <strong>les rev&ecirc;tements muraux design compl&egrave;tent parfaitement les pi&egrave;ces am&eacute;nag&eacute;es avec go&ucirc;t<\/strong>, en leur apportant la touche finale qui fait toute la diff&eacute;rence entre un bel espace et un lieu inoubliable.<\/p>\n","protected":false},"excerpt":{"rendered":"<p>Dans l&#8217;univers de la d&eacute;coration d&#8217;int&eacute;rieur, les amateurs de design consacrent une &eacute;nergie et une passion consid&eacute;rables &agrave; la recherche de la pi&egrave;ce de mobilier parfaite. Un fauteuil sign&eacute;, une table iconique, une enfilade vintage&hellip; chaque &eacute;l&eacute;ment est choisi pour son histoire, son esth&eacute;tique et sa capacit&eacute; &agrave; transformer un espace. Pourtant, une fois ces [&hellip;]<\/p>\n","protected":false},"author":2,"featured_media":8691,"comment_status":"open","ping_status":"open","sticky":false,"template":"","format":"standard","meta":{"footnotes":""},"categories":[2],"tags":[],"class_list":["post-8688","post","type-post","status-publish","format-standard","has-post-thumbnail","hentry","category-tendances"],"yoast_head":"<!-- This site is optimized with the Yoast SEO plugin v27.5 - https:\/\/yoast.com\/product\/yoast-seo-wordpress\/ -->\n<title>Au-del\u00e0 du meuble : L&#039;art de sublimer votre int\u00e9rieur avec des rev\u00eatements muraux design<\/title>\n<meta name=\"description\" content=\"Dans l&#039;univers de la d\u00e9coration d&#039;int\u00e9rieur, les amateurs de design consacrent une \u00e9nergie et une passion consid\u00e9rables \u00e0 la recherche de la pi\u00e8ce de mobilier parfaite.\" \/>\n<meta name=\"robots\" content=\"index, follow, max-snippet:-1, max-image-preview:large, max-video-preview:-1\" \/>\n<link rel=\"canonical\" href=\"https:\/\/www.mobilier-design-occasion.fr\/magazine\/au-dela-du-meuble-lart-de-sublimer-votre-interieur-avec-des-revetements-muraux-design\/\" \/>\n<meta property=\"og:locale\" content=\"fr_FR\" \/>\n<meta property=\"og:type\" content=\"article\" \/>\n<meta property=\"og:title\" content=\"Au-del\u00e0 du meuble : L&#039;art de sublimer votre int\u00e9rieur avec des rev\u00eatements muraux design\" \/>\n<meta property=\"og:description\" content=\"Dans l&#039;univers de la d\u00e9coration d&#039;int\u00e9rieur, les amateurs de design consacrent une \u00e9nergie et une passion consid\u00e9rables \u00e0 la recherche de la pi\u00e8ce de mobilier parfaite.\" \/>\n<meta property=\"og:url\" content=\"https:\/\/www.mobilier-design-occasion.fr\/magazine\/au-dela-du-meuble-lart-de-sublimer-votre-interieur-avec-des-revetements-muraux-design\/\" \/>\n<meta property=\"og:site_name\" content=\"Mobilier Design Magazine\" \/>\n<meta property=\"article:publisher\" content=\"https:\/\/www.facebook.com\/mobilierdesignoccasion\" \/>\n<meta property=\"article:published_time\" content=\"2025-12-10T17:47:27+00:00\" \/>\n<meta property=\"article:modified_time\" content=\"2025-12-10T17:47:28+00:00\" \/>\n<meta property=\"og:image\" content=\"https:\/\/www.mobilier-design-occasion.fr\/magazine\/wp-content\/uploads\/2025\/12\/b4c44fcefff85293554322623c10b2ce.webp\" \/>\n\t<meta property=\"og:image:width\" content=\"800\" \/>\n\t<meta property=\"og:image:height\" content=\"533\" \/>\n\t<meta property=\"og:image:type\" content=\"image\/webp\" \/>\n<meta name=\"author\" content=\"Vincent Vandegans\" \/>\n<meta name=\"twitter:card\" content=\"summary_large_image\" \/>\n<meta name=\"twitter:label1\" content=\"\u00c9crit par\" \/>\n\t<meta name=\"twitter:data1\" content=\"Vincent Vandegans\" \/>\n\t<meta name=\"twitter:label2\" content=\"Dur\u00e9e de lecture estim\u00e9e\" \/>\n\t<meta name=\"twitter:data2\" content=\"13 minutes\" \/>\n<script type=\"application\/ld+json\" class=\"yoast-schema-graph\">{\"@context\":\"https:\\\/\\\/schema.org\",\"@graph\":[{\"@type\":\"Article\",\"@id\":\"https:\\\/\\\/www.mobilier-design-occasion.fr\\\/magazine\\\/au-dela-du-meuble-lart-de-sublimer-votre-interieur-avec-des-revetements-muraux-design\\\/#article\",\"isPartOf\":{\"@id\":\"https:\\\/\\\/www.mobilier-design-occasion.fr\\\/magazine\\\/au-dela-du-meuble-lart-de-sublimer-votre-interieur-avec-des-revetements-muraux-design\\\/\"},\"author\":{\"name\":\"Vincent Vandegans\",\"@id\":\"https:\\\/\\\/www.mobilier-design-occasion.fr\\\/magazine\\\/#\\\/schema\\\/person\\\/af895bedc80bfb6b17730a672fddac9e\"},\"headline\":\"Au-del\u00e0 du meuble : L&#8217;art de sublimer votre int\u00e9rieur avec des rev\u00eatements muraux design\",\"datePublished\":\"2025-12-10T17:47:27+00:00\",\"dateModified\":\"2025-12-10T17:47:28+00:00\",\"mainEntityOfPage\":{\"@id\":\"https:\\\/\\\/www.mobilier-design-occasion.fr\\\/magazine\\\/au-dela-du-meuble-lart-de-sublimer-votre-interieur-avec-des-revetements-muraux-design\\\/\"},\"wordCount\":2732,\"commentCount\":0,\"publisher\":{\"@id\":\"https:\\\/\\\/www.mobilier-design-occasion.fr\\\/magazine\\\/#organization\"},\"image\":{\"@id\":\"https:\\\/\\\/www.mobilier-design-occasion.fr\\\/magazine\\\/au-dela-du-meuble-lart-de-sublimer-votre-interieur-avec-des-revetements-muraux-design\\\/#primaryimage\"},\"thumbnailUrl\":\"https:\\\/\\\/www.mobilier-design-occasion.fr\\\/magazine\\\/wp-content\\\/uploads\\\/2025\\\/12\\\/b4c44fcefff85293554322623c10b2ce.webp\",\"articleSection\":[\"Tendances\"],\"inLanguage\":\"fr-FR\",\"potentialAction\":[{\"@type\":\"CommentAction\",\"name\":\"Comment\",\"target\":[\"https:\\\/\\\/www.mobilier-design-occasion.fr\\\/magazine\\\/au-dela-du-meuble-lart-de-sublimer-votre-interieur-avec-des-revetements-muraux-design\\\/#respond\"]}]},{\"@type\":\"WebPage\",\"@id\":\"https:\\\/\\\/www.mobilier-design-occasion.fr\\\/magazine\\\/au-dela-du-meuble-lart-de-sublimer-votre-interieur-avec-des-revetements-muraux-design\\\/\",\"url\":\"https:\\\/\\\/www.mobilier-design-occasion.fr\\\/magazine\\\/au-dela-du-meuble-lart-de-sublimer-votre-interieur-avec-des-revetements-muraux-design\\\/\",\"name\":\"Au-del\u00e0 du meuble : L'art de sublimer votre int\u00e9rieur avec des rev\u00eatements muraux design\",\"isPartOf\":{\"@id\":\"https:\\\/\\\/www.mobilier-design-occasion.fr\\\/magazine\\\/#website\"},\"primaryImageOfPage\":{\"@id\":\"https:\\\/\\\/www.mobilier-design-occasion.fr\\\/magazine\\\/au-dela-du-meuble-lart-de-sublimer-votre-interieur-avec-des-revetements-muraux-design\\\/#primaryimage\"},\"image\":{\"@id\":\"https:\\\/\\\/www.mobilier-design-occasion.fr\\\/magazine\\\/au-dela-du-meuble-lart-de-sublimer-votre-interieur-avec-des-revetements-muraux-design\\\/#primaryimage\"},\"thumbnailUrl\":\"https:\\\/\\\/www.mobilier-design-occasion.fr\\\/magazine\\\/wp-content\\\/uploads\\\/2025\\\/12\\\/b4c44fcefff85293554322623c10b2ce.webp\",\"datePublished\":\"2025-12-10T17:47:27+00:00\",\"dateModified\":\"2025-12-10T17:47:28+00:00\",\"description\":\"Dans l'univers de la d\u00e9coration d'int\u00e9rieur, les amateurs de design consacrent une \u00e9nergie et une passion consid\u00e9rables \u00e0 la recherche de la pi\u00e8ce de mobilier parfaite.\",\"breadcrumb\":{\"@id\":\"https:\\\/\\\/www.mobilier-design-occasion.fr\\\/magazine\\\/au-dela-du-meuble-lart-de-sublimer-votre-interieur-avec-des-revetements-muraux-design\\\/#breadcrumb\"},\"inLanguage\":\"fr-FR\",\"potentialAction\":[{\"@type\":\"ReadAction\",\"target\":[\"https:\\\/\\\/www.mobilier-design-occasion.fr\\\/magazine\\\/au-dela-du-meuble-lart-de-sublimer-votre-interieur-avec-des-revetements-muraux-design\\\/\"]}]},{\"@type\":\"ImageObject\",\"inLanguage\":\"fr-FR\",\"@id\":\"https:\\\/\\\/www.mobilier-design-occasion.fr\\\/magazine\\\/au-dela-du-meuble-lart-de-sublimer-votre-interieur-avec-des-revetements-muraux-design\\\/#primaryimage\",\"url\":\"https:\\\/\\\/www.mobilier-design-occasion.fr\\\/magazine\\\/wp-content\\\/uploads\\\/2025\\\/12\\\/b4c44fcefff85293554322623c10b2ce.webp\",\"contentUrl\":\"https:\\\/\\\/www.mobilier-design-occasion.fr\\\/magazine\\\/wp-content\\\/uploads\\\/2025\\\/12\\\/b4c44fcefff85293554322623c10b2ce.webp\",\"width\":800,\"height\":533},{\"@type\":\"BreadcrumbList\",\"@id\":\"https:\\\/\\\/www.mobilier-design-occasion.fr\\\/magazine\\\/au-dela-du-meuble-lart-de-sublimer-votre-interieur-avec-des-revetements-muraux-design\\\/#breadcrumb\",\"itemListElement\":[{\"@type\":\"ListItem\",\"position\":1,\"name\":\"Accueil\",\"item\":\"https:\\\/\\\/www.mobilier-design-occasion.fr\\\/magazine\\\/\"},{\"@type\":\"ListItem\",\"position\":2,\"name\":\"Au-del\u00e0 du meuble : L&#8217;art de sublimer votre int\u00e9rieur avec des rev\u00eatements muraux design\"}]},{\"@type\":\"WebSite\",\"@id\":\"https:\\\/\\\/www.mobilier-design-occasion.fr\\\/magazine\\\/#website\",\"url\":\"https:\\\/\\\/www.mobilier-design-occasion.fr\\\/magazine\\\/\",\"name\":\"Mobilier Design Magazine\",\"description\":\"\",\"publisher\":{\"@id\":\"https:\\\/\\\/www.mobilier-design-occasion.fr\\\/magazine\\\/#organization\"},\"potentialAction\":[{\"@type\":\"SearchAction\",\"target\":{\"@type\":\"EntryPoint\",\"urlTemplate\":\"https:\\\/\\\/www.mobilier-design-occasion.fr\\\/magazine\\\/?s={search_term_string}\"},\"query-input\":{\"@type\":\"PropertyValueSpecification\",\"valueRequired\":true,\"valueName\":\"search_term_string\"}}],\"inLanguage\":\"fr-FR\"},{\"@type\":\"Organization\",\"@id\":\"https:\\\/\\\/www.mobilier-design-occasion.fr\\\/magazine\\\/#organization\",\"name\":\"Mobilier Design Magazine\",\"url\":\"https:\\\/\\\/www.mobilier-design-occasion.fr\\\/magazine\\\/\",\"logo\":{\"@type\":\"ImageObject\",\"inLanguage\":\"fr-FR\",\"@id\":\"https:\\\/\\\/www.mobilier-design-occasion.fr\\\/magazine\\\/#\\\/schema\\\/logo\\\/image\\\/\",\"url\":\"https:\\\/\\\/www.mobilier-design-occasion.fr\\\/magazine\\\/wp-content\\\/uploads\\\/2024\\\/02\\\/android-chrome-192x192-1.png\",\"contentUrl\":\"https:\\\/\\\/www.mobilier-design-occasion.fr\\\/magazine\\\/wp-content\\\/uploads\\\/2024\\\/02\\\/android-chrome-192x192-1.png\",\"width\":192,\"height\":192,\"caption\":\"Mobilier Design Magazine\"},\"image\":{\"@id\":\"https:\\\/\\\/www.mobilier-design-occasion.fr\\\/magazine\\\/#\\\/schema\\\/logo\\\/image\\\/\"},\"sameAs\":[\"https:\\\/\\\/www.facebook.com\\\/mobilierdesignoccasion\"]},{\"@type\":\"Person\",\"@id\":\"https:\\\/\\\/www.mobilier-design-occasion.fr\\\/magazine\\\/#\\\/schema\\\/person\\\/af895bedc80bfb6b17730a672fddac9e\",\"name\":\"Vincent Vandegans\",\"image\":{\"@type\":\"ImageObject\",\"inLanguage\":\"fr-FR\",\"@id\":\"https:\\\/\\\/secure.gravatar.com\\\/avatar\\\/b984800dabdf722d5e3f03f637c8932dea77d81118467d17ad2953e3b273ec66?s=96&d=mm&r=g\",\"url\":\"https:\\\/\\\/secure.gravatar.com\\\/avatar\\\/b984800dabdf722d5e3f03f637c8932dea77d81118467d17ad2953e3b273ec66?s=96&d=mm&r=g\",\"contentUrl\":\"https:\\\/\\\/secure.gravatar.com\\\/avatar\\\/b984800dabdf722d5e3f03f637c8932dea77d81118467d17ad2953e3b273ec66?s=96&d=mm&r=g\",\"caption\":\"Vincent Vandegans\"},\"description\":\"Vincent est passionn\u00e9 par les produits d'occasion, il a ouvert le site MDO avec Cyrielle pour aider les gens \u00e0 trouver du mobilier d'occasion, vintage ou usag\u00e9. Depuis, ils ont \u00e9tendu leurs activit\u00e9s et conseillent tout le monde sur le mobilier d'int\u00e9rieur et d'ext\u00e9rieur au quotidien \u00e0 travers le magazine MDO.\",\"url\":\"https:\\\/\\\/www.mobilier-design-occasion.fr\\\/magazine\\\/author\\\/vincent\\\/\"}]}<\/script>\n<!-- \/ Yoast SEO plugin. -->","yoast_head_json":{"title":"Au-del\u00e0 du meuble : L'art de sublimer votre int\u00e9rieur avec des rev\u00eatements muraux design","description":"Dans l'univers de la d\u00e9coration d'int\u00e9rieur, les amateurs de design consacrent une \u00e9nergie et une passion consid\u00e9rables \u00e0 la recherche de la pi\u00e8ce de mobilier parfaite.","robots":{"index":"index","follow":"follow","max-snippet":"max-snippet:-1","max-image-preview":"max-image-preview:large","max-video-preview":"max-video-preview:-1"},"canonical":"https:\/\/www.mobilier-design-occasion.fr\/magazine\/au-dela-du-meuble-lart-de-sublimer-votre-interieur-avec-des-revetements-muraux-design\/","og_locale":"fr_FR","og_type":"article","og_title":"Au-del\u00e0 du meuble : L'art de sublimer votre int\u00e9rieur avec des rev\u00eatements muraux design","og_description":"Dans l'univers de la d\u00e9coration d'int\u00e9rieur, les amateurs de design consacrent une \u00e9nergie et une passion consid\u00e9rables \u00e0 la recherche de la pi\u00e8ce de mobilier parfaite.","og_url":"https:\/\/www.mobilier-design-occasion.fr\/magazine\/au-dela-du-meuble-lart-de-sublimer-votre-interieur-avec-des-revetements-muraux-design\/","og_site_name":"Mobilier Design Magazine","article_publisher":"https:\/\/www.facebook.com\/mobilierdesignoccasion","article_published_time":"2025-12-10T17:47:27+00:00","article_modified_time":"2025-12-10T17:47:28+00:00","og_image":[{"width":800,"height":533,"url":"https:\/\/www.mobilier-design-occasion.fr\/magazine\/wp-content\/uploads\/2025\/12\/b4c44fcefff85293554322623c10b2ce.webp","type":"image\/webp"}],"author":"Vincent Vandegans","twitter_card":"summary_large_image","twitter_misc":{"\u00c9crit par":"Vincent Vandegans","Dur\u00e9e de lecture estim\u00e9e":"13 minutes"},"schema":{"@context":"https:\/\/schema.org","@graph":[{"@type":"Article","@id":"https:\/\/www.mobilier-design-occasion.fr\/magazine\/au-dela-du-meuble-lart-de-sublimer-votre-interieur-avec-des-revetements-muraux-design\/#article","isPartOf":{"@id":"https:\/\/www.mobilier-design-occasion.fr\/magazine\/au-dela-du-meuble-lart-de-sublimer-votre-interieur-avec-des-revetements-muraux-design\/"},"author":{"name":"Vincent Vandegans","@id":"https:\/\/www.mobilier-design-occasion.fr\/magazine\/#\/schema\/person\/af895bedc80bfb6b17730a672fddac9e"},"headline":"Au-del\u00e0 du meuble : L&#8217;art de sublimer votre int\u00e9rieur avec des rev\u00eatements muraux design","datePublished":"2025-12-10T17:47:27+00:00","dateModified":"2025-12-10T17:47:28+00:00","mainEntityOfPage":{"@id":"https:\/\/www.mobilier-design-occasion.fr\/magazine\/au-dela-du-meuble-lart-de-sublimer-votre-interieur-avec-des-revetements-muraux-design\/"},"wordCount":2732,"commentCount":0,"publisher":{"@id":"https:\/\/www.mobilier-design-occasion.fr\/magazine\/#organization"},"image":{"@id":"https:\/\/www.mobilier-design-occasion.fr\/magazine\/au-dela-du-meuble-lart-de-sublimer-votre-interieur-avec-des-revetements-muraux-design\/#primaryimage"},"thumbnailUrl":"https:\/\/www.mobilier-design-occasion.fr\/magazine\/wp-content\/uploads\/2025\/12\/b4c44fcefff85293554322623c10b2ce.webp","articleSection":["Tendances"],"inLanguage":"fr-FR","potentialAction":[{"@type":"CommentAction","name":"Comment","target":["https:\/\/www.mobilier-design-occasion.fr\/magazine\/au-dela-du-meuble-lart-de-sublimer-votre-interieur-avec-des-revetements-muraux-design\/#respond"]}]},{"@type":"WebPage","@id":"https:\/\/www.mobilier-design-occasion.fr\/magazine\/au-dela-du-meuble-lart-de-sublimer-votre-interieur-avec-des-revetements-muraux-design\/","url":"https:\/\/www.mobilier-design-occasion.fr\/magazine\/au-dela-du-meuble-lart-de-sublimer-votre-interieur-avec-des-revetements-muraux-design\/","name":"Au-del\u00e0 du meuble : L'art de sublimer votre int\u00e9rieur avec des rev\u00eatements muraux design","isPartOf":{"@id":"https:\/\/www.mobilier-design-occasion.fr\/magazine\/#website"},"primaryImageOfPage":{"@id":"https:\/\/www.mobilier-design-occasion.fr\/magazine\/au-dela-du-meuble-lart-de-sublimer-votre-interieur-avec-des-revetements-muraux-design\/#primaryimage"},"image":{"@id":"https:\/\/www.mobilier-design-occasion.fr\/magazine\/au-dela-du-meuble-lart-de-sublimer-votre-interieur-avec-des-revetements-muraux-design\/#primaryimage"},"thumbnailUrl":"https:\/\/www.mobilier-design-occasion.fr\/magazine\/wp-content\/uploads\/2025\/12\/b4c44fcefff85293554322623c10b2ce.webp","datePublished":"2025-12-10T17:47:27+00:00","dateModified":"2025-12-10T17:47:28+00:00","description":"Dans l'univers de la d\u00e9coration d'int\u00e9rieur, les amateurs de design consacrent une \u00e9nergie et une passion consid\u00e9rables \u00e0 la recherche de la pi\u00e8ce de mobilier parfaite.","breadcrumb":{"@id":"https:\/\/www.mobilier-design-occasion.fr\/magazine\/au-dela-du-meuble-lart-de-sublimer-votre-interieur-avec-des-revetements-muraux-design\/#breadcrumb"},"inLanguage":"fr-FR","potentialAction":[{"@type":"ReadAction","target":["https:\/\/www.mobilier-design-occasion.fr\/magazine\/au-dela-du-meuble-lart-de-sublimer-votre-interieur-avec-des-revetements-muraux-design\/"]}]},{"@type":"ImageObject","inLanguage":"fr-FR","@id":"https:\/\/www.mobilier-design-occasion.fr\/magazine\/au-dela-du-meuble-lart-de-sublimer-votre-interieur-avec-des-revetements-muraux-design\/#primaryimage","url":"https:\/\/www.mobilier-design-occasion.fr\/magazine\/wp-content\/uploads\/2025\/12\/b4c44fcefff85293554322623c10b2ce.webp","contentUrl":"https:\/\/www.mobilier-design-occasion.fr\/magazine\/wp-content\/uploads\/2025\/12\/b4c44fcefff85293554322623c10b2ce.webp","width":800,"height":533},{"@type":"BreadcrumbList","@id":"https:\/\/www.mobilier-design-occasion.fr\/magazine\/au-dela-du-meuble-lart-de-sublimer-votre-interieur-avec-des-revetements-muraux-design\/#breadcrumb","itemListElement":[{"@type":"ListItem","position":1,"name":"Accueil","item":"https:\/\/www.mobilier-design-occasion.fr\/magazine\/"},{"@type":"ListItem","position":2,"name":"Au-del\u00e0 du meuble : L&#8217;art de sublimer votre int\u00e9rieur avec des rev\u00eatements muraux design"}]},{"@type":"WebSite","@id":"https:\/\/www.mobilier-design-occasion.fr\/magazine\/#website","url":"https:\/\/www.mobilier-design-occasion.fr\/magazine\/","name":"Mobilier Design Magazine","description":"","publisher":{"@id":"https:\/\/www.mobilier-design-occasion.fr\/magazine\/#organization"},"potentialAction":[{"@type":"SearchAction","target":{"@type":"EntryPoint","urlTemplate":"https:\/\/www.mobilier-design-occasion.fr\/magazine\/?s={search_term_string}"},"query-input":{"@type":"PropertyValueSpecification","valueRequired":true,"valueName":"search_term_string"}}],"inLanguage":"fr-FR"},{"@type":"Organization","@id":"https:\/\/www.mobilier-design-occasion.fr\/magazine\/#organization","name":"Mobilier Design Magazine","url":"https:\/\/www.mobilier-design-occasion.fr\/magazine\/","logo":{"@type":"ImageObject","inLanguage":"fr-FR","@id":"https:\/\/www.mobilier-design-occasion.fr\/magazine\/#\/schema\/logo\/image\/","url":"https:\/\/www.mobilier-design-occasion.fr\/magazine\/wp-content\/uploads\/2024\/02\/android-chrome-192x192-1.png","contentUrl":"https:\/\/www.mobilier-design-occasion.fr\/magazine\/wp-content\/uploads\/2024\/02\/android-chrome-192x192-1.png","width":192,"height":192,"caption":"Mobilier Design Magazine"},"image":{"@id":"https:\/\/www.mobilier-design-occasion.fr\/magazine\/#\/schema\/logo\/image\/"},"sameAs":["https:\/\/www.facebook.com\/mobilierdesignoccasion"]},{"@type":"Person","@id":"https:\/\/www.mobilier-design-occasion.fr\/magazine\/#\/schema\/person\/af895bedc80bfb6b17730a672fddac9e","name":"Vincent Vandegans","image":{"@type":"ImageObject","inLanguage":"fr-FR","@id":"https:\/\/secure.gravatar.com\/avatar\/b984800dabdf722d5e3f03f637c8932dea77d81118467d17ad2953e3b273ec66?s=96&d=mm&r=g","url":"https:\/\/secure.gravatar.com\/avatar\/b984800dabdf722d5e3f03f637c8932dea77d81118467d17ad2953e3b273ec66?s=96&d=mm&r=g","contentUrl":"https:\/\/secure.gravatar.com\/avatar\/b984800dabdf722d5e3f03f637c8932dea77d81118467d17ad2953e3b273ec66?s=96&d=mm&r=g","caption":"Vincent Vandegans"},"description":"Vincent est passionn\u00e9 par les produits d'occasion, il a ouvert le site MDO avec Cyrielle pour aider les gens \u00e0 trouver du mobilier d'occasion, vintage ou usag\u00e9. Depuis, ils ont \u00e9tendu leurs activit\u00e9s et conseillent tout le monde sur le mobilier d'int\u00e9rieur et d'ext\u00e9rieur au quotidien \u00e0 travers le magazine MDO.","url":"https:\/\/www.mobilier-design-occasion.fr\/magazine\/author\/vincent\/"}]}},"_links":{"self":[{"href":"https:\/\/www.mobilier-design-occasion.fr\/magazine\/wp-json\/wp\/v2\/posts\/8688","targetHints":{"allow":["GET"]}}],"collection":[{"href":"https:\/\/www.mobilier-design-occasion.fr\/magazine\/wp-json\/wp\/v2\/posts"}],"about":[{"href":"https:\/\/www.mobilier-design-occasion.fr\/magazine\/wp-json\/wp\/v2\/types\/post"}],"author":[{"embeddable":true,"href":"https:\/\/www.mobilier-design-occasion.fr\/magazine\/wp-json\/wp\/v2\/users\/2"}],"replies":[{"embeddable":true,"href":"https:\/\/www.mobilier-design-occasion.fr\/magazine\/wp-json\/wp\/v2\/comments?post=8688"}],"version-history":[{"count":1,"href":"https:\/\/www.mobilier-design-occasion.fr\/magazine\/wp-json\/wp\/v2\/posts\/8688\/revisions"}],"predecessor-version":[{"id":8690,"href":"https:\/\/www.mobilier-design-occasion.fr\/magazine\/wp-json\/wp\/v2\/posts\/8688\/revisions\/8690"}],"wp:featuredmedia":[{"embeddable":true,"href":"https:\/\/www.mobilier-design-occasion.fr\/magazine\/wp-json\/wp\/v2\/media\/8691"}],"wp:attachment":[{"href":"https:\/\/www.mobilier-design-occasion.fr\/magazine\/wp-json\/wp\/v2\/media?parent=8688"}],"wp:term":[{"taxonomy":"category","embeddable":true,"href":"https:\/\/www.mobilier-design-occasion.fr\/magazine\/wp-json\/wp\/v2\/categories?post=8688"},{"taxonomy":"post_tag","embeddable":true,"href":"https:\/\/www.mobilier-design-occasion.fr\/magazine\/wp-json\/wp\/v2\/tags?post=8688"}],"curies":[{"name":"wp","href":"https:\/\/api.w.org\/{rel}","templated":true}]}}