{"id":8682,"date":"2025-12-10T11:45:46","date_gmt":"2025-12-10T11:45:46","guid":{"rendered":"https:\/\/www.mobilier-design-occasion.fr\/magazine\/?p=8682"},"modified":"2025-12-10T11:45:47","modified_gmt":"2025-12-10T11:45:47","slug":"lescalier-colimacon-en-kit-la-solution-gain-de-place-pour-votre-interieur","status":"publish","type":"post","link":"https:\/\/www.mobilier-design-occasion.fr\/magazine\/lescalier-colimacon-en-kit-la-solution-gain-de-place-pour-votre-interieur\/","title":{"rendered":"L&#8217;escalier colima\u00e7on en kit : la solution gain de place pour votre int\u00e9rieur"},"content":{"rendered":"\n<p>Quand on manque d&#8217;espace mais qu&#8217;on a besoin de relier deux niveaux, l&#8217;<a href=\"https:\/\/maison-helice.com\/escalier-en-kit-a-monter-soi-meme\/\">escalier colima\u00e7on en kit<\/a> s&#8217;impose souvent comme la solution id\u00e9ale. Compact, <a href=\"https:\/\/www.mobilier-design-occasion.fr\/magazine\/le-petit-lexique-du-mobilier-design\/\">esth\u00e9tique<\/a> et \u00e9tonnamment accessible \u00e0 monter soi-m\u00eame, ce type d&#8217;escalier s\u00e9duit de plus en plus de particuliers qui se lancent dans des projets d&#8217;am\u00e9nagement.<\/p>\n\n\n\n<figure class=\"wp-block-image size-large\"><img loading=\"lazy\" decoding=\"async\" width=\"1024\" height=\"474\" src=\"https:\/\/www.mobilier-design-occasion.fr\/magazine\/wp-content\/uploads\/2025\/12\/image-1-1024x474.png\" alt=\"\" class=\"wp-image-8683\" srcset=\"https:\/\/www.mobilier-design-occasion.fr\/magazine\/wp-content\/uploads\/2025\/12\/image-1-1024x474.png 1024w, https:\/\/www.mobilier-design-occasion.fr\/magazine\/wp-content\/uploads\/2025\/12\/image-1-300x139.png 300w, https:\/\/www.mobilier-design-occasion.fr\/magazine\/wp-content\/uploads\/2025\/12\/image-1-768x355.png 768w, https:\/\/www.mobilier-design-occasion.fr\/magazine\/wp-content\/uploads\/2025\/12\/image-1-810x375.png 810w, https:\/\/www.mobilier-design-occasion.fr\/magazine\/wp-content\/uploads\/2025\/12\/image-1-1140x528.png 1140w, https:\/\/www.mobilier-design-occasion.fr\/magazine\/wp-content\/uploads\/2025\/12\/image-1.png 1478w\" sizes=\"auto, (max-width: 1024px) 100vw, 1024px\" \/><\/figure>\n\n\n\n<h2 class=\"wp-block-heading\"><span class=\"ez-toc-section\" id=\"Pourquoi_choisir_un_escalier_colimacon_en_kit\"><\/span>Pourquoi choisir un escalier colima\u00e7on en kit ?<span class=\"ez-toc-section-end\"><\/span><\/h2><div id=\"ez-toc-container\" class=\"ez-toc-v2_0_82_2 counter-hierarchy ez-toc-counter ez-toc-grey ez-toc-container-direction\">\n<div class=\"ez-toc-title-container\">\n<span class=\"ez-toc-title-toggle\"><a href=\"#\" class=\"ez-toc-pull-right ez-toc-btn ez-toc-btn-xs ez-toc-btn-default ez-toc-toggle\" aria-label=\"Toggle Table of Content\"><span class=\"ez-toc-js-icon-con\"><span class=\"\"><span class=\"eztoc-hide\" style=\"display:none;\">Toggle<\/span><span class=\"ez-toc-icon-toggle-span\"><svg style=\"fill: #999;color:#999\" xmlns=\"http:\/\/www.w3.org\/2000\/svg\" class=\"list-377408\" width=\"20px\" height=\"20px\" viewBox=\"0 0 24 24\" fill=\"none\"><path d=\"M6 6H4v2h2V6zm14 0H8v2h12V6zM4 11h2v2H4v-2zm16 0H8v2h12v-2zM4 16h2v2H4v-2zm16 0H8v2h12v-2z\" fill=\"currentColor\"><\/path><\/svg><svg style=\"fill: #999;color:#999\" class=\"arrow-unsorted-368013\" xmlns=\"http:\/\/www.w3.org\/2000\/svg\" width=\"10px\" height=\"10px\" viewBox=\"0 0 24 24\" version=\"1.2\" baseProfile=\"tiny\"><path d=\"M18.2 9.3l-6.2-6.3-6.2 6.3c-.2.2-.3.4-.3.7s.1.5.3.7c.2.2.4.3.7.3h11c.3 0 .5-.1.7-.3.2-.2.3-.5.3-.7s-.1-.5-.3-.7zM5.8 14.7l6.2 6.3 6.2-6.3c.2-.2.3-.5.3-.7s-.1-.5-.3-.7c-.2-.2-.4-.3-.7-.3h-11c-.3 0-.5.1-.7.3-.2.2-.3.5-.3.7s.1.5.3.7z\"\/><\/svg><\/span><\/span><\/span><\/a><\/span><\/div>\n<nav><ul class='ez-toc-list ez-toc-list-level-1 eztoc-toggle-hide-by-default' ><li class='ez-toc-page-1 ez-toc-heading-level-2'><a class=\"ez-toc-link ez-toc-heading-1\" href=\"https:\/\/www.mobilier-design-occasion.fr\/magazine\/lescalier-colimacon-en-kit-la-solution-gain-de-place-pour-votre-interieur\/#Pourquoi_choisir_un_escalier_colimacon_en_kit\" >Pourquoi choisir un escalier colima\u00e7on en kit ?<\/a><\/li><li class='ez-toc-page-1 ez-toc-heading-level-2'><a class=\"ez-toc-link ez-toc-heading-2\" href=\"https:\/\/www.mobilier-design-occasion.fr\/magazine\/lescalier-colimacon-en-kit-la-solution-gain-de-place-pour-votre-interieur\/#Le_montage_plus_simple_quil_ny_parait\" >Le montage : plus simple qu&#8217;il n&#8217;y para\u00eet<\/a><\/li><li class='ez-toc-page-1 ez-toc-heading-level-2'><a class=\"ez-toc-link ez-toc-heading-3\" href=\"https:\/\/www.mobilier-design-occasion.fr\/magazine\/lescalier-colimacon-en-kit-la-solution-gain-de-place-pour-votre-interieur\/#Choisir_le_bon_modele_selon_son_usage\" >Choisir le bon mod\u00e8le selon son usage<\/a><\/li><li class='ez-toc-page-1 ez-toc-heading-level-2'><a class=\"ez-toc-link ez-toc-heading-4\" href=\"https:\/\/www.mobilier-design-occasion.fr\/magazine\/lescalier-colimacon-en-kit-la-solution-gain-de-place-pour-votre-interieur\/#Les_dimensions_a_prendre_en_compte\" >Les dimensions \u00e0 prendre en compte<\/a><\/li><li class='ez-toc-page-1 ez-toc-heading-level-2'><a class=\"ez-toc-link ez-toc-heading-5\" href=\"https:\/\/www.mobilier-design-occasion.fr\/magazine\/lescalier-colimacon-en-kit-la-solution-gain-de-place-pour-votre-interieur\/#Laspect_esthetique_un_vrai_atout_deco\" >L&#8217;aspect esth\u00e9tique : un vrai atout d\u00e9co<\/a><\/li><li class='ez-toc-page-1 ez-toc-heading-level-2'><a class=\"ez-toc-link ez-toc-heading-6\" href=\"https:\/\/www.mobilier-design-occasion.fr\/magazine\/lescalier-colimacon-en-kit-la-solution-gain-de-place-pour-votre-interieur\/#Les_precautions_dinstallation\" >Les pr\u00e9cautions d&#8217;installation<\/a><\/li><li class='ez-toc-page-1 ez-toc-heading-level-2'><a class=\"ez-toc-link ez-toc-heading-7\" href=\"https:\/\/www.mobilier-design-occasion.fr\/magazine\/lescalier-colimacon-en-kit-la-solution-gain-de-place-pour-votre-interieur\/#Le_budget_un_investissement_abordable\" >Le budget : un investissement abordable<\/a><\/li><li class='ez-toc-page-1 ez-toc-heading-level-2'><a class=\"ez-toc-link ez-toc-heading-8\" href=\"https:\/\/www.mobilier-design-occasion.fr\/magazine\/lescalier-colimacon-en-kit-la-solution-gain-de-place-pour-votre-interieur\/#En_conclusion\" >En conclusion<\/a><\/li><\/ul><\/nav><\/div>\n\n\n\n\n<p>L&#8217;escalier en colima\u00e7on pr\u00e9sente un avantage majeur : son emprise au sol minimale. L\u00e0 o\u00f9 un escalier droit n\u00e9cessite plusieurs m\u00e8tres carr\u00e9s, un colima\u00e7on peut s&#8217;installer sur \u00e0 peine un m\u00e8tre carr\u00e9. C&#8217;est ce qui en fait le choix privil\u00e9gi\u00e9 pour les petits espaces, les mezzanines ou les acc\u00e8s aux combles.<\/p>\n\n\n\n<p>Prenons l&#8217;exemple de Sophie, qui vient d&#8217;am\u00e9nager son grenier en <a href=\"https:\/\/www.mobilier-design-occasion.fr\/magazine\/devoilez-le-secret-de-lelegance-dans-votre-espace-de-travail\/\">bureau<\/a>. Avec seulement 2,5 m\u00b2 disponibles pour l&#8217;acc\u00e8s, impossible d&#8217;envisager un escalier classique. Elle a opt\u00e9 pour un colima\u00e7on en kit de 120 cm de diam\u00e8tre, parfaitement adapt\u00e9 \u00e0 son espace contraint. R\u00e9sultat : un acc\u00e8s confortable sans sacrifier de pr\u00e9cieux m\u00e8tres carr\u00e9s.<\/p>\n\n\n\n<h2 class=\"wp-block-heading\"><span class=\"ez-toc-section\" id=\"Le_montage_plus_simple_quil_ny_parait\"><\/span>Le montage : plus simple qu&#8217;il n&#8217;y para\u00eet<span class=\"ez-toc-section-end\"><\/span><\/h2>\n\n\n\n<p>Beaucoup h\u00e9sitent face au montage, pensant que c&#8217;est une t\u00e2che r\u00e9serv\u00e9e aux professionnels. Pourtant, les fabricants ont consid\u00e9rablement simplifi\u00e9 les choses. Les kits modernes arrivent avec des pi\u00e8ces pr\u00e9-perc\u00e9es, num\u00e9rot\u00e9es et une notice d\u00e9taill\u00e9e.<\/p>\n\n\n\n<p>Marc, un bricoleur du dimanche, a install\u00e9 son escalier colima\u00e7on en un week-end avec l&#8217;aide de son beau-fr\u00e8re. &#8220;Les marches s&#8217;embo\u00eetent sur le poteau central comme des Lego g\u00e9ants&#8221;, explique-t-il. &#8220;Le plus d\u00e9licat \u00e9tait de bien v\u00e9rifier le niveau \u00e0 chaque \u00e9tape, mais avec de la patience et les bons outils, c&#8217;est vraiment faisable.&#8221;<\/p>\n\n\n\n<p>Les outils n\u00e9cessaires restent basiques : une perceuse-visseuse, un niveau \u00e0 bulle, une cl\u00e9 \u00e0 molette et \u00e9ventuellement un maillet en caoutchouc. Certains kits ne n\u00e9cessitent m\u00eame aucune soudure ni d\u00e9coupe complexe.<\/p>\n\n\n\n<figure class=\"wp-block-image size-large\"><img loading=\"lazy\" decoding=\"async\" width=\"1024\" height=\"280\" src=\"https:\/\/www.mobilier-design-occasion.fr\/magazine\/wp-content\/uploads\/2025\/12\/image-2-1024x280.png\" alt=\"\" class=\"wp-image-8684\" srcset=\"https:\/\/www.mobilier-design-occasion.fr\/magazine\/wp-content\/uploads\/2025\/12\/image-2-1024x280.png 1024w, https:\/\/www.mobilier-design-occasion.fr\/magazine\/wp-content\/uploads\/2025\/12\/image-2-300x82.png 300w, https:\/\/www.mobilier-design-occasion.fr\/magazine\/wp-content\/uploads\/2025\/12\/image-2-768x210.png 768w, https:\/\/www.mobilier-design-occasion.fr\/magazine\/wp-content\/uploads\/2025\/12\/image-2-810x221.png 810w, https:\/\/www.mobilier-design-occasion.fr\/magazine\/wp-content\/uploads\/2025\/12\/image-2-1140x311.png 1140w, https:\/\/www.mobilier-design-occasion.fr\/magazine\/wp-content\/uploads\/2025\/12\/image-2.png 1340w\" sizes=\"auto, (max-width: 1024px) 100vw, 1024px\" \/><\/figure>\n\n\n\n<h2 class=\"wp-block-heading\"><span class=\"ez-toc-section\" id=\"Choisir_le_bon_modele_selon_son_usage\"><\/span>Choisir le bon mod\u00e8le selon son usage<span class=\"ez-toc-section-end\"><\/span><\/h2>\n\n\n\n<p>Tous les escaliers colima\u00e7on ne se valent pas, et le choix d\u00e9pend beaucoup de l&#8217;utilisation pr\u00e9vue. Pour un acc\u00e8s occasionnel \u00e0 des combles de <a href=\"https:\/\/www.mobilier-design-occasion.fr\/magazine\/decouvrez-le-cabinet-vintage-pour-exposer-vos-plus-belles-collections\/\">rangement<\/a>, un mod\u00e8le simple en <a href=\"https:\/\/www.mobilier-design-occasion.fr\/magazine\/test-avis-sur-ripaton\/\">acier<\/a> avec marches en contreplaqu\u00e9 suffit amplement. En revanche, pour un usage quotidien vers une <a href=\"https:\/\/www.mobilier-design-occasion.fr\/magazine\/5-elements-pour-amenager-une-chambre-montessori\/\">chambre<\/a> ou un bureau, mieux vaut investir dans un mod\u00e8le plus robuste avec des marches en <a href=\"https:\/\/www.mobilier-design-occasion.fr\/magazine\/avis-mathy-by-bols\/\">bois<\/a> massif ou en m\u00e9tal antid\u00e9rapant.<\/p>\n\n\n\n<p>Julie et Thomas ont install\u00e9 un colima\u00e7on pour acc\u00e9der \u00e0 la chambre de leur fille adolescente. Ils ont choisi un mod\u00e8le avec marches en h\u00eatre et rampe conforme aux normes de s\u00e9curit\u00e9. &#8220;On voulait quelque chose d&#8217;esth\u00e9tique qui s&#8217;int\u00e8gre au <a href=\"https:\/\/www.mobilier-design-occasion.fr\/magazine\/tendances-2024-choisir-les-meubles-parfaits-pour-chaque-piece-de-votre-maison\/\">salon<\/a>, pas juste un escalier utilitaire&#8221;, pr\u00e9cisent-ils.<\/p>\n\n\n\n<h2 class=\"wp-block-heading\"><span class=\"ez-toc-section\" id=\"Les_dimensions_a_prendre_en_compte\"><\/span>Les dimensions \u00e0 prendre en compte<span class=\"ez-toc-section-end\"><\/span><\/h2>\n\n\n\n<p>Le diam\u00e8tre standard d&#8217;un escalier colima\u00e7on varie entre 110 et 160 cm. Plus le diam\u00e8tre est grand, plus les marches sont larges et confortables, mais plus l&#8217;emprise au sol augmente. Pour un usage r\u00e9gulier, un diam\u00e8tre de 140 cm minimum est recommand\u00e9.<\/p>\n\n\n\n<p>La hauteur sous plafond d\u00e9termine le nombre de marches n\u00e9cessaires. Pour une hauteur standard de 2,70 m, comptez environ 12 \u00e0 14 marches. L&#8217;\u00e9cartement entre chaque marche influence directement le confort de mont\u00e9e : trop rapproch\u00e9es, elles rendent l&#8217;escalier raide ; trop espac\u00e9es, la mont\u00e9e devient inconfortable.<\/p>\n\n\n\n<figure class=\"wp-block-image size-large\"><img loading=\"lazy\" decoding=\"async\" width=\"1024\" height=\"371\" src=\"https:\/\/www.mobilier-design-occasion.fr\/magazine\/wp-content\/uploads\/2025\/12\/image-3-1024x371.png\" alt=\"\" class=\"wp-image-8685\" srcset=\"https:\/\/www.mobilier-design-occasion.fr\/magazine\/wp-content\/uploads\/2025\/12\/image-3-1024x371.png 1024w, https:\/\/www.mobilier-design-occasion.fr\/magazine\/wp-content\/uploads\/2025\/12\/image-3-300x109.png 300w, https:\/\/www.mobilier-design-occasion.fr\/magazine\/wp-content\/uploads\/2025\/12\/image-3-768x278.png 768w, https:\/\/www.mobilier-design-occasion.fr\/magazine\/wp-content\/uploads\/2025\/12\/image-3-810x293.png 810w, https:\/\/www.mobilier-design-occasion.fr\/magazine\/wp-content\/uploads\/2025\/12\/image-3.png 1126w\" sizes=\"auto, (max-width: 1024px) 100vw, 1024px\" \/><\/figure>\n\n\n\n<h2 class=\"wp-block-heading\"><span class=\"ez-toc-section\" id=\"Laspect_esthetique_un_vrai_atout_deco\"><\/span>L&#8217;aspect esth\u00e9tique : un vrai atout d\u00e9co<span class=\"ez-toc-section-end\"><\/span><\/h2>\n\n\n\n<p>Loin d&#8217;\u00eatre un simple \u00e9l\u00e9ment fonctionnel, l&#8217;escalier colima\u00e7on peut devenir une pi\u00e8ce ma\u00eetresse de votre d\u00e9coration. Les mod\u00e8les modernes proposent une grande vari\u00e9t\u00e9 de finitions : acier brut pour un <a href=\"https:\/\/www.mobilier-design-occasion.fr\/magazine\/mobilier-vintage-les-styles-les-plus-prises\/\">style<\/a> industriel, <a href=\"https:\/\/www.mobilier-design-occasion.fr\/magazine\/reinventez-votre-espace-avec-lelegance-du-blanc-et-la-puissance-du-bois-naturel\/\">blanc<\/a> \u00e9pur\u00e9 pour un <a href=\"https:\/\/www.mobilier-design-occasion.fr\/magazine\/envie-dun-interieur-chic-ikea-revele-comment-et-cest-surprenant\/\">int\u00e9rieur<\/a> contemporain, bois naturel pour une ambiance chaleureuse.<\/p>\n\n\n\n<p>Dans son loft parisien, Alexandre a fait de son escalier colima\u00e7on noir mat un v\u00e9ritable \u00e9l\u00e9ment de <a href=\"https:\/\/www.mobilier-design-occasion.fr\/magazine\/table-tulipe-knoll-indemodable-du-design\/\">design<\/a>. &#8220;Il structure l&#8217;espace et apporte une touche architecturale forte&#8221;, explique-t-il. Certains choisissent m\u00eame d&#8217;\u00e9clairer les marches par LED pour un effet spectaculaire le soir.<\/p>\n\n\n\n<h2 class=\"wp-block-heading\"><span class=\"ez-toc-section\" id=\"Les_precautions_dinstallation\"><\/span>Les pr\u00e9cautions d&#8217;installation<span class=\"ez-toc-section-end\"><\/span><\/h2>\n\n\n\n<p>Avant de commander votre kit, v\u00e9rifiez quelques points essentiels. D&#8217;abord, assurez-vous que le plancher de l&#8217;\u00e9tage sup\u00e9rieur peut supporter une tr\u00e9mie (l&#8217;ouverture n\u00e9cessaire au passage). Ensuite, contr\u00f4lez que la configuration des lieux permet de faire pivoter les marches lors du montage.<\/p>\n\n\n\n<p>La fixation au sol et au plafond doit \u00eatre solide. Sur un plancher bois, un renforcement de la structure peut s&#8217;av\u00e9rer n\u00e9cessaire. Philippe a d\u00fb faire appel \u00e0 un charpentier pour consolider son plancher avant l&#8217;installation : &#8220;Mieux vaut pr\u00e9venir que gu\u00e9rir, surtout pour un \u00e9l\u00e9ment aussi sollicit\u00e9.&#8221;<\/p>\n\n\n\n<figure class=\"wp-block-image size-large\"><img loading=\"lazy\" decoding=\"async\" width=\"1024\" height=\"303\" src=\"https:\/\/www.mobilier-design-occasion.fr\/magazine\/wp-content\/uploads\/2025\/12\/image-4-1024x303.png\" alt=\"\" class=\"wp-image-8686\" srcset=\"https:\/\/www.mobilier-design-occasion.fr\/magazine\/wp-content\/uploads\/2025\/12\/image-4-1024x303.png 1024w, https:\/\/www.mobilier-design-occasion.fr\/magazine\/wp-content\/uploads\/2025\/12\/image-4-300x89.png 300w, https:\/\/www.mobilier-design-occasion.fr\/magazine\/wp-content\/uploads\/2025\/12\/image-4-768x227.png 768w, https:\/\/www.mobilier-design-occasion.fr\/magazine\/wp-content\/uploads\/2025\/12\/image-4-810x240.png 810w, https:\/\/www.mobilier-design-occasion.fr\/magazine\/wp-content\/uploads\/2025\/12\/image-4-1140x337.png 1140w, https:\/\/www.mobilier-design-occasion.fr\/magazine\/wp-content\/uploads\/2025\/12\/image-4.png 1358w\" sizes=\"auto, (max-width: 1024px) 100vw, 1024px\" \/><\/figure>\n\n\n\n<h2 class=\"wp-block-heading\"><span class=\"ez-toc-section\" id=\"Le_budget_un_investissement_abordable\"><\/span>Le budget : un investissement abordable<span class=\"ez-toc-section-end\"><\/span><\/h2>\n\n\n\n<p>Les prix varient consid\u00e9rablement selon les mat\u00e9riaux et les finitions. Un kit d&#8217;entr\u00e9e de gamme en acier d\u00e9marre autour de 500 euros, tandis qu&#8217;un mod\u00e8le haut de gamme avec marches en bois noble peut atteindre 3000 euros ou plus.<\/p>\n\n\n\n<p>Mais compar\u00e9 au co\u00fbt d&#8217;un escalier sur mesure install\u00e9 par un professionnel, l&#8217;\u00e9conomie reste substantielle. Emma a pay\u00e9 1200 euros pour son kit complet (escalier, rampe, main courante), alors que les devis d&#8217;artisans tournaient autour de 4000 euros pour un r\u00e9sultat \u00e9quivalent.<\/p>\n\n\n\n<h2 class=\"wp-block-heading\"><span class=\"ez-toc-section\" id=\"En_conclusion\"><\/span>En conclusion<span class=\"ez-toc-section-end\"><\/span><\/h2>\n\n\n\n<p>L&#8217;escalier colima\u00e7on en kit repr\u00e9sente une solution pratique et \u00e9conomique pour qui cherche \u00e0 optimiser son espace. Avec un minimum de comp\u00e9tences en bricolage et un bon week-end devant soi, vous pouvez transformer votre int\u00e9rieur et cr\u00e9er un acc\u00e8s \u00e9l\u00e9gant vers vos combles ou votre mezzanine. L&#8217;important est de bien choisir son mod\u00e8le en fonction de l&#8217;usage pr\u00e9vu et de ne pas n\u00e9gliger les aspects s\u00e9curit\u00e9 lors de l&#8217;installation.<\/p>\n","protected":false},"excerpt":{"rendered":"<p>Quand on manque d&#8217;espace mais qu&#8217;on a besoin de relier deux niveaux, l&#8217;escalier colima\u00e7on en kit s&#8217;impose souvent comme la solution id\u00e9ale. Compact, esth\u00e9tique et \u00e9tonnamment accessible \u00e0 monter soi-m\u00eame, ce type d&#8217;escalier s\u00e9duit de plus en plus de particuliers qui se lancent dans des projets d&#8217;am\u00e9nagement. Pourquoi choisir un escalier colima\u00e7on en kit ? [&hellip;]<\/p>\n","protected":false},"author":2,"featured_media":8683,"comment_status":"open","ping_status":"open","sticky":false,"template":"","format":"standard","meta":{"footnotes":""},"categories":[2],"tags":[],"class_list":["post-8682","post","type-post","status-publish","format-standard","has-post-thumbnail","hentry","category-tendances"],"yoast_head":"<!-- This site is optimized with the Yoast SEO plugin v27.5 - https:\/\/yoast.com\/product\/yoast-seo-wordpress\/ -->\n<title>L&#039;escalier colima\u00e7on en kit : la solution gain de place pour votre int\u00e9rieur - Mobilier Design Magazine<\/title>\n<meta name=\"robots\" content=\"index, follow, max-snippet:-1, max-image-preview:large, max-video-preview:-1\" \/>\n<link rel=\"canonical\" href=\"https:\/\/www.mobilier-design-occasion.fr\/magazine\/lescalier-colimacon-en-kit-la-solution-gain-de-place-pour-votre-interieur\/\" \/>\n<meta property=\"og:locale\" content=\"fr_FR\" \/>\n<meta property=\"og:type\" content=\"article\" \/>\n<meta property=\"og:title\" content=\"L&#039;escalier colima\u00e7on en kit : la solution gain de place pour votre int\u00e9rieur - Mobilier Design Magazine\" \/>\n<meta property=\"og:description\" content=\"Quand on manque d&#8217;espace mais qu&#8217;on a besoin de relier deux niveaux, l&#8217;escalier colima\u00e7on en kit s&#8217;impose souvent comme la solution id\u00e9ale. Compact, esth\u00e9tique et \u00e9tonnamment accessible \u00e0 monter soi-m\u00eame, ce type d&#8217;escalier s\u00e9duit de plus en plus de particuliers qui se lancent dans des projets d&#8217;am\u00e9nagement. Pourquoi choisir un escalier colima\u00e7on en kit ? [&hellip;]\" \/>\n<meta property=\"og:url\" content=\"https:\/\/www.mobilier-design-occasion.fr\/magazine\/lescalier-colimacon-en-kit-la-solution-gain-de-place-pour-votre-interieur\/\" \/>\n<meta property=\"og:site_name\" content=\"Mobilier Design Magazine\" \/>\n<meta property=\"article:publisher\" content=\"https:\/\/www.facebook.com\/mobilierdesignoccasion\" \/>\n<meta property=\"article:published_time\" content=\"2025-12-10T11:45:46+00:00\" \/>\n<meta property=\"article:modified_time\" content=\"2025-12-10T11:45:47+00:00\" \/>\n<meta property=\"og:image\" content=\"https:\/\/www.mobilier-design-occasion.fr\/magazine\/wp-content\/uploads\/2025\/12\/image-1.png\" \/>\n\t<meta property=\"og:image:width\" content=\"1478\" \/>\n\t<meta property=\"og:image:height\" content=\"684\" \/>\n\t<meta property=\"og:image:type\" content=\"image\/png\" \/>\n<meta name=\"author\" content=\"Vincent Vandegans\" \/>\n<meta name=\"twitter:card\" content=\"summary_large_image\" \/>\n<meta name=\"twitter:label1\" content=\"\u00c9crit par\" \/>\n\t<meta name=\"twitter:data1\" content=\"Vincent Vandegans\" \/>\n\t<meta name=\"twitter:label2\" content=\"Dur\u00e9e de lecture estim\u00e9e\" \/>\n\t<meta name=\"twitter:data2\" content=\"6 minutes\" \/>\n<script type=\"application\/ld+json\" class=\"yoast-schema-graph\">{\"@context\":\"https:\\\/\\\/schema.org\",\"@graph\":[{\"@type\":\"Article\",\"@id\":\"https:\\\/\\\/www.mobilier-design-occasion.fr\\\/magazine\\\/lescalier-colimacon-en-kit-la-solution-gain-de-place-pour-votre-interieur\\\/#article\",\"isPartOf\":{\"@id\":\"https:\\\/\\\/www.mobilier-design-occasion.fr\\\/magazine\\\/lescalier-colimacon-en-kit-la-solution-gain-de-place-pour-votre-interieur\\\/\"},\"author\":{\"name\":\"Vincent Vandegans\",\"@id\":\"https:\\\/\\\/www.mobilier-design-occasion.fr\\\/magazine\\\/#\\\/schema\\\/person\\\/af895bedc80bfb6b17730a672fddac9e\"},\"headline\":\"L&#8217;escalier colima\u00e7on en kit : la solution gain de place pour votre int\u00e9rieur\",\"datePublished\":\"2025-12-10T11:45:46+00:00\",\"dateModified\":\"2025-12-10T11:45:47+00:00\",\"mainEntityOfPage\":{\"@id\":\"https:\\\/\\\/www.mobilier-design-occasion.fr\\\/magazine\\\/lescalier-colimacon-en-kit-la-solution-gain-de-place-pour-votre-interieur\\\/\"},\"wordCount\":990,\"commentCount\":0,\"publisher\":{\"@id\":\"https:\\\/\\\/www.mobilier-design-occasion.fr\\\/magazine\\\/#organization\"},\"image\":{\"@id\":\"https:\\\/\\\/www.mobilier-design-occasion.fr\\\/magazine\\\/lescalier-colimacon-en-kit-la-solution-gain-de-place-pour-votre-interieur\\\/#primaryimage\"},\"thumbnailUrl\":\"https:\\\/\\\/www.mobilier-design-occasion.fr\\\/magazine\\\/wp-content\\\/uploads\\\/2025\\\/12\\\/image-1.png\",\"articleSection\":[\"Tendances\"],\"inLanguage\":\"fr-FR\",\"potentialAction\":[{\"@type\":\"CommentAction\",\"name\":\"Comment\",\"target\":[\"https:\\\/\\\/www.mobilier-design-occasion.fr\\\/magazine\\\/lescalier-colimacon-en-kit-la-solution-gain-de-place-pour-votre-interieur\\\/#respond\"]}]},{\"@type\":\"WebPage\",\"@id\":\"https:\\\/\\\/www.mobilier-design-occasion.fr\\\/magazine\\\/lescalier-colimacon-en-kit-la-solution-gain-de-place-pour-votre-interieur\\\/\",\"url\":\"https:\\\/\\\/www.mobilier-design-occasion.fr\\\/magazine\\\/lescalier-colimacon-en-kit-la-solution-gain-de-place-pour-votre-interieur\\\/\",\"name\":\"L'escalier colima\u00e7on en kit : la solution gain de place pour votre int\u00e9rieur - Mobilier Design Magazine\",\"isPartOf\":{\"@id\":\"https:\\\/\\\/www.mobilier-design-occasion.fr\\\/magazine\\\/#website\"},\"primaryImageOfPage\":{\"@id\":\"https:\\\/\\\/www.mobilier-design-occasion.fr\\\/magazine\\\/lescalier-colimacon-en-kit-la-solution-gain-de-place-pour-votre-interieur\\\/#primaryimage\"},\"image\":{\"@id\":\"https:\\\/\\\/www.mobilier-design-occasion.fr\\\/magazine\\\/lescalier-colimacon-en-kit-la-solution-gain-de-place-pour-votre-interieur\\\/#primaryimage\"},\"thumbnailUrl\":\"https:\\\/\\\/www.mobilier-design-occasion.fr\\\/magazine\\\/wp-content\\\/uploads\\\/2025\\\/12\\\/image-1.png\",\"datePublished\":\"2025-12-10T11:45:46+00:00\",\"dateModified\":\"2025-12-10T11:45:47+00:00\",\"breadcrumb\":{\"@id\":\"https:\\\/\\\/www.mobilier-design-occasion.fr\\\/magazine\\\/lescalier-colimacon-en-kit-la-solution-gain-de-place-pour-votre-interieur\\\/#breadcrumb\"},\"inLanguage\":\"fr-FR\",\"potentialAction\":[{\"@type\":\"ReadAction\",\"target\":[\"https:\\\/\\\/www.mobilier-design-occasion.fr\\\/magazine\\\/lescalier-colimacon-en-kit-la-solution-gain-de-place-pour-votre-interieur\\\/\"]}]},{\"@type\":\"ImageObject\",\"inLanguage\":\"fr-FR\",\"@id\":\"https:\\\/\\\/www.mobilier-design-occasion.fr\\\/magazine\\\/lescalier-colimacon-en-kit-la-solution-gain-de-place-pour-votre-interieur\\\/#primaryimage\",\"url\":\"https:\\\/\\\/www.mobilier-design-occasion.fr\\\/magazine\\\/wp-content\\\/uploads\\\/2025\\\/12\\\/image-1.png\",\"contentUrl\":\"https:\\\/\\\/www.mobilier-design-occasion.fr\\\/magazine\\\/wp-content\\\/uploads\\\/2025\\\/12\\\/image-1.png\",\"width\":1478,\"height\":684},{\"@type\":\"BreadcrumbList\",\"@id\":\"https:\\\/\\\/www.mobilier-design-occasion.fr\\\/magazine\\\/lescalier-colimacon-en-kit-la-solution-gain-de-place-pour-votre-interieur\\\/#breadcrumb\",\"itemListElement\":[{\"@type\":\"ListItem\",\"position\":1,\"name\":\"Accueil\",\"item\":\"https:\\\/\\\/www.mobilier-design-occasion.fr\\\/magazine\\\/\"},{\"@type\":\"ListItem\",\"position\":2,\"name\":\"L&#8217;escalier colima\u00e7on en kit : la solution gain de place pour votre int\u00e9rieur\"}]},{\"@type\":\"WebSite\",\"@id\":\"https:\\\/\\\/www.mobilier-design-occasion.fr\\\/magazine\\\/#website\",\"url\":\"https:\\\/\\\/www.mobilier-design-occasion.fr\\\/magazine\\\/\",\"name\":\"Mobilier Design Magazine\",\"description\":\"\",\"publisher\":{\"@id\":\"https:\\\/\\\/www.mobilier-design-occasion.fr\\\/magazine\\\/#organization\"},\"potentialAction\":[{\"@type\":\"SearchAction\",\"target\":{\"@type\":\"EntryPoint\",\"urlTemplate\":\"https:\\\/\\\/www.mobilier-design-occasion.fr\\\/magazine\\\/?s={search_term_string}\"},\"query-input\":{\"@type\":\"PropertyValueSpecification\",\"valueRequired\":true,\"valueName\":\"search_term_string\"}}],\"inLanguage\":\"fr-FR\"},{\"@type\":\"Organization\",\"@id\":\"https:\\\/\\\/www.mobilier-design-occasion.fr\\\/magazine\\\/#organization\",\"name\":\"Mobilier Design Magazine\",\"url\":\"https:\\\/\\\/www.mobilier-design-occasion.fr\\\/magazine\\\/\",\"logo\":{\"@type\":\"ImageObject\",\"inLanguage\":\"fr-FR\",\"@id\":\"https:\\\/\\\/www.mobilier-design-occasion.fr\\\/magazine\\\/#\\\/schema\\\/logo\\\/image\\\/\",\"url\":\"https:\\\/\\\/www.mobilier-design-occasion.fr\\\/magazine\\\/wp-content\\\/uploads\\\/2024\\\/02\\\/android-chrome-192x192-1.png\",\"contentUrl\":\"https:\\\/\\\/www.mobilier-design-occasion.fr\\\/magazine\\\/wp-content\\\/uploads\\\/2024\\\/02\\\/android-chrome-192x192-1.png\",\"width\":192,\"height\":192,\"caption\":\"Mobilier Design Magazine\"},\"image\":{\"@id\":\"https:\\\/\\\/www.mobilier-design-occasion.fr\\\/magazine\\\/#\\\/schema\\\/logo\\\/image\\\/\"},\"sameAs\":[\"https:\\\/\\\/www.facebook.com\\\/mobilierdesignoccasion\"]},{\"@type\":\"Person\",\"@id\":\"https:\\\/\\\/www.mobilier-design-occasion.fr\\\/magazine\\\/#\\\/schema\\\/person\\\/af895bedc80bfb6b17730a672fddac9e\",\"name\":\"Vincent Vandegans\",\"image\":{\"@type\":\"ImageObject\",\"inLanguage\":\"fr-FR\",\"@id\":\"https:\\\/\\\/secure.gravatar.com\\\/avatar\\\/b984800dabdf722d5e3f03f637c8932dea77d81118467d17ad2953e3b273ec66?s=96&d=mm&r=g\",\"url\":\"https:\\\/\\\/secure.gravatar.com\\\/avatar\\\/b984800dabdf722d5e3f03f637c8932dea77d81118467d17ad2953e3b273ec66?s=96&d=mm&r=g\",\"contentUrl\":\"https:\\\/\\\/secure.gravatar.com\\\/avatar\\\/b984800dabdf722d5e3f03f637c8932dea77d81118467d17ad2953e3b273ec66?s=96&d=mm&r=g\",\"caption\":\"Vincent Vandegans\"},\"description\":\"Vincent est passionn\u00e9 par les produits d'occasion, il a ouvert le site MDO avec Cyrielle pour aider les gens \u00e0 trouver du mobilier d'occasion, vintage ou usag\u00e9. Depuis, ils ont \u00e9tendu leurs activit\u00e9s et conseillent tout le monde sur le mobilier d'int\u00e9rieur et d'ext\u00e9rieur au quotidien \u00e0 travers le magazine MDO.\",\"url\":\"https:\\\/\\\/www.mobilier-design-occasion.fr\\\/magazine\\\/author\\\/vincent\\\/\"}]}<\/script>\n<!-- \/ Yoast SEO plugin. -->","yoast_head_json":{"title":"L'escalier colima\u00e7on en kit : la solution gain de place pour votre int\u00e9rieur - Mobilier Design Magazine","robots":{"index":"index","follow":"follow","max-snippet":"max-snippet:-1","max-image-preview":"max-image-preview:large","max-video-preview":"max-video-preview:-1"},"canonical":"https:\/\/www.mobilier-design-occasion.fr\/magazine\/lescalier-colimacon-en-kit-la-solution-gain-de-place-pour-votre-interieur\/","og_locale":"fr_FR","og_type":"article","og_title":"L'escalier colima\u00e7on en kit : la solution gain de place pour votre int\u00e9rieur - Mobilier Design Magazine","og_description":"Quand on manque d&#8217;espace mais qu&#8217;on a besoin de relier deux niveaux, l&#8217;escalier colima\u00e7on en kit s&#8217;impose souvent comme la solution id\u00e9ale. Compact, esth\u00e9tique et \u00e9tonnamment accessible \u00e0 monter soi-m\u00eame, ce type d&#8217;escalier s\u00e9duit de plus en plus de particuliers qui se lancent dans des projets d&#8217;am\u00e9nagement. Pourquoi choisir un escalier colima\u00e7on en kit ? [&hellip;]","og_url":"https:\/\/www.mobilier-design-occasion.fr\/magazine\/lescalier-colimacon-en-kit-la-solution-gain-de-place-pour-votre-interieur\/","og_site_name":"Mobilier Design Magazine","article_publisher":"https:\/\/www.facebook.com\/mobilierdesignoccasion","article_published_time":"2025-12-10T11:45:46+00:00","article_modified_time":"2025-12-10T11:45:47+00:00","og_image":[{"width":1478,"height":684,"url":"https:\/\/www.mobilier-design-occasion.fr\/magazine\/wp-content\/uploads\/2025\/12\/image-1.png","type":"image\/png"}],"author":"Vincent Vandegans","twitter_card":"summary_large_image","twitter_misc":{"\u00c9crit par":"Vincent Vandegans","Dur\u00e9e de lecture estim\u00e9e":"6 minutes"},"schema":{"@context":"https:\/\/schema.org","@graph":[{"@type":"Article","@id":"https:\/\/www.mobilier-design-occasion.fr\/magazine\/lescalier-colimacon-en-kit-la-solution-gain-de-place-pour-votre-interieur\/#article","isPartOf":{"@id":"https:\/\/www.mobilier-design-occasion.fr\/magazine\/lescalier-colimacon-en-kit-la-solution-gain-de-place-pour-votre-interieur\/"},"author":{"name":"Vincent Vandegans","@id":"https:\/\/www.mobilier-design-occasion.fr\/magazine\/#\/schema\/person\/af895bedc80bfb6b17730a672fddac9e"},"headline":"L&#8217;escalier colima\u00e7on en kit : la solution gain de place pour votre int\u00e9rieur","datePublished":"2025-12-10T11:45:46+00:00","dateModified":"2025-12-10T11:45:47+00:00","mainEntityOfPage":{"@id":"https:\/\/www.mobilier-design-occasion.fr\/magazine\/lescalier-colimacon-en-kit-la-solution-gain-de-place-pour-votre-interieur\/"},"wordCount":990,"commentCount":0,"publisher":{"@id":"https:\/\/www.mobilier-design-occasion.fr\/magazine\/#organization"},"image":{"@id":"https:\/\/www.mobilier-design-occasion.fr\/magazine\/lescalier-colimacon-en-kit-la-solution-gain-de-place-pour-votre-interieur\/#primaryimage"},"thumbnailUrl":"https:\/\/www.mobilier-design-occasion.fr\/magazine\/wp-content\/uploads\/2025\/12\/image-1.png","articleSection":["Tendances"],"inLanguage":"fr-FR","potentialAction":[{"@type":"CommentAction","name":"Comment","target":["https:\/\/www.mobilier-design-occasion.fr\/magazine\/lescalier-colimacon-en-kit-la-solution-gain-de-place-pour-votre-interieur\/#respond"]}]},{"@type":"WebPage","@id":"https:\/\/www.mobilier-design-occasion.fr\/magazine\/lescalier-colimacon-en-kit-la-solution-gain-de-place-pour-votre-interieur\/","url":"https:\/\/www.mobilier-design-occasion.fr\/magazine\/lescalier-colimacon-en-kit-la-solution-gain-de-place-pour-votre-interieur\/","name":"L'escalier colima\u00e7on en kit : la solution gain de place pour votre int\u00e9rieur - Mobilier Design Magazine","isPartOf":{"@id":"https:\/\/www.mobilier-design-occasion.fr\/magazine\/#website"},"primaryImageOfPage":{"@id":"https:\/\/www.mobilier-design-occasion.fr\/magazine\/lescalier-colimacon-en-kit-la-solution-gain-de-place-pour-votre-interieur\/#primaryimage"},"image":{"@id":"https:\/\/www.mobilier-design-occasion.fr\/magazine\/lescalier-colimacon-en-kit-la-solution-gain-de-place-pour-votre-interieur\/#primaryimage"},"thumbnailUrl":"https:\/\/www.mobilier-design-occasion.fr\/magazine\/wp-content\/uploads\/2025\/12\/image-1.png","datePublished":"2025-12-10T11:45:46+00:00","dateModified":"2025-12-10T11:45:47+00:00","breadcrumb":{"@id":"https:\/\/www.mobilier-design-occasion.fr\/magazine\/lescalier-colimacon-en-kit-la-solution-gain-de-place-pour-votre-interieur\/#breadcrumb"},"inLanguage":"fr-FR","potentialAction":[{"@type":"ReadAction","target":["https:\/\/www.mobilier-design-occasion.fr\/magazine\/lescalier-colimacon-en-kit-la-solution-gain-de-place-pour-votre-interieur\/"]}]},{"@type":"ImageObject","inLanguage":"fr-FR","@id":"https:\/\/www.mobilier-design-occasion.fr\/magazine\/lescalier-colimacon-en-kit-la-solution-gain-de-place-pour-votre-interieur\/#primaryimage","url":"https:\/\/www.mobilier-design-occasion.fr\/magazine\/wp-content\/uploads\/2025\/12\/image-1.png","contentUrl":"https:\/\/www.mobilier-design-occasion.fr\/magazine\/wp-content\/uploads\/2025\/12\/image-1.png","width":1478,"height":684},{"@type":"BreadcrumbList","@id":"https:\/\/www.mobilier-design-occasion.fr\/magazine\/lescalier-colimacon-en-kit-la-solution-gain-de-place-pour-votre-interieur\/#breadcrumb","itemListElement":[{"@type":"ListItem","position":1,"name":"Accueil","item":"https:\/\/www.mobilier-design-occasion.fr\/magazine\/"},{"@type":"ListItem","position":2,"name":"L&#8217;escalier colima\u00e7on en kit : la solution gain de place pour votre int\u00e9rieur"}]},{"@type":"WebSite","@id":"https:\/\/www.mobilier-design-occasion.fr\/magazine\/#website","url":"https:\/\/www.mobilier-design-occasion.fr\/magazine\/","name":"Mobilier Design Magazine","description":"","publisher":{"@id":"https:\/\/www.mobilier-design-occasion.fr\/magazine\/#organization"},"potentialAction":[{"@type":"SearchAction","target":{"@type":"EntryPoint","urlTemplate":"https:\/\/www.mobilier-design-occasion.fr\/magazine\/?s={search_term_string}"},"query-input":{"@type":"PropertyValueSpecification","valueRequired":true,"valueName":"search_term_string"}}],"inLanguage":"fr-FR"},{"@type":"Organization","@id":"https:\/\/www.mobilier-design-occasion.fr\/magazine\/#organization","name":"Mobilier Design Magazine","url":"https:\/\/www.mobilier-design-occasion.fr\/magazine\/","logo":{"@type":"ImageObject","inLanguage":"fr-FR","@id":"https:\/\/www.mobilier-design-occasion.fr\/magazine\/#\/schema\/logo\/image\/","url":"https:\/\/www.mobilier-design-occasion.fr\/magazine\/wp-content\/uploads\/2024\/02\/android-chrome-192x192-1.png","contentUrl":"https:\/\/www.mobilier-design-occasion.fr\/magazine\/wp-content\/uploads\/2024\/02\/android-chrome-192x192-1.png","width":192,"height":192,"caption":"Mobilier Design Magazine"},"image":{"@id":"https:\/\/www.mobilier-design-occasion.fr\/magazine\/#\/schema\/logo\/image\/"},"sameAs":["https:\/\/www.facebook.com\/mobilierdesignoccasion"]},{"@type":"Person","@id":"https:\/\/www.mobilier-design-occasion.fr\/magazine\/#\/schema\/person\/af895bedc80bfb6b17730a672fddac9e","name":"Vincent Vandegans","image":{"@type":"ImageObject","inLanguage":"fr-FR","@id":"https:\/\/secure.gravatar.com\/avatar\/b984800dabdf722d5e3f03f637c8932dea77d81118467d17ad2953e3b273ec66?s=96&d=mm&r=g","url":"https:\/\/secure.gravatar.com\/avatar\/b984800dabdf722d5e3f03f637c8932dea77d81118467d17ad2953e3b273ec66?s=96&d=mm&r=g","contentUrl":"https:\/\/secure.gravatar.com\/avatar\/b984800dabdf722d5e3f03f637c8932dea77d81118467d17ad2953e3b273ec66?s=96&d=mm&r=g","caption":"Vincent Vandegans"},"description":"Vincent est passionn\u00e9 par les produits d'occasion, il a ouvert le site MDO avec Cyrielle pour aider les gens \u00e0 trouver du mobilier d'occasion, vintage ou usag\u00e9. Depuis, ils ont \u00e9tendu leurs activit\u00e9s et conseillent tout le monde sur le mobilier d'int\u00e9rieur et d'ext\u00e9rieur au quotidien \u00e0 travers le magazine MDO.","url":"https:\/\/www.mobilier-design-occasion.fr\/magazine\/author\/vincent\/"}]}},"_links":{"self":[{"href":"https:\/\/www.mobilier-design-occasion.fr\/magazine\/wp-json\/wp\/v2\/posts\/8682","targetHints":{"allow":["GET"]}}],"collection":[{"href":"https:\/\/www.mobilier-design-occasion.fr\/magazine\/wp-json\/wp\/v2\/posts"}],"about":[{"href":"https:\/\/www.mobilier-design-occasion.fr\/magazine\/wp-json\/wp\/v2\/types\/post"}],"author":[{"embeddable":true,"href":"https:\/\/www.mobilier-design-occasion.fr\/magazine\/wp-json\/wp\/v2\/users\/2"}],"replies":[{"embeddable":true,"href":"https:\/\/www.mobilier-design-occasion.fr\/magazine\/wp-json\/wp\/v2\/comments?post=8682"}],"version-history":[{"count":1,"href":"https:\/\/www.mobilier-design-occasion.fr\/magazine\/wp-json\/wp\/v2\/posts\/8682\/revisions"}],"predecessor-version":[{"id":8687,"href":"https:\/\/www.mobilier-design-occasion.fr\/magazine\/wp-json\/wp\/v2\/posts\/8682\/revisions\/8687"}],"wp:featuredmedia":[{"embeddable":true,"href":"https:\/\/www.mobilier-design-occasion.fr\/magazine\/wp-json\/wp\/v2\/media\/8683"}],"wp:attachment":[{"href":"https:\/\/www.mobilier-design-occasion.fr\/magazine\/wp-json\/wp\/v2\/media?parent=8682"}],"wp:term":[{"taxonomy":"category","embeddable":true,"href":"https:\/\/www.mobilier-design-occasion.fr\/magazine\/wp-json\/wp\/v2\/categories?post=8682"},{"taxonomy":"post_tag","embeddable":true,"href":"https:\/\/www.mobilier-design-occasion.fr\/magazine\/wp-json\/wp\/v2\/tags?post=8682"}],"curies":[{"name":"wp","href":"https:\/\/api.w.org\/{rel}","templated":true}]}}