{"id":8679,"date":"2025-12-10T08:42:42","date_gmt":"2025-12-10T08:42:42","guid":{"rendered":"https:\/\/www.mobilier-design-occasion.fr\/magazine\/optimiser-un-espace-restreint-la-commode-comme-solution-design-et-intelligente\/"},"modified":"2025-12-10T08:42:42","modified_gmt":"2025-12-10T08:42:42","slug":"optimiser-un-espace-restreint-la-commode-comme-solution-design-et-intelligente","status":"publish","type":"post","link":"https:\/\/www.mobilier-design-occasion.fr\/magazine\/optimiser-un-espace-restreint-la-commode-comme-solution-design-et-intelligente\/","title":{"rendered":"Optimiser un espace restreint : la commode comme solution design et intelligente"},"content":{"rendered":"<div>\n<p>Dans les petits espaces, le moindre <strong>meuble<\/strong> doit avoir une pr\u00e9sence justifi\u00e9e. Le challenge est de trouver un rangement fonctionnel, design, et peu encombrant. Ce n\u2019est pas gagn\u00e9 d\u2019avance, mais il existe bien une solution \u00e0 laquelle vous ne pensez pas. La <strong>commode<\/strong> semble r\u00e9pondre \u00e0 tous les crit\u00e8res pr\u00e9c\u00e9demment \u00e9num\u00e9r\u00e9s. Ce <strong>meuble compact et polyvalent<\/strong> donne une touche particuli\u00e8re aux pi\u00e8ces exigu\u00ebs sans nuire \u00e0 leur design.<\/p>\n<h2>Pourquoi meubler votre int\u00e9rieur avec une commode\u00a0?<\/h2>\n<p>La commode est un meuble gr\u00e2ce auquel vos accessoires peuvent \u00eatre rang\u00e9s verticalement sans encombrer visuellement la pi\u00e8ce. Les <strong>tiroirs ferm\u00e9s<\/strong> r\u00e9duisent les chances que les affaires se retrouvent \u00e9parpill\u00e9es dans la pi\u00e8ce. Vous avez ainsi la possibilit\u00e9 de les r\u00e9partir dans divers rangements pr\u00e9vus pour cet usage. Les <a href=\"https:\/\/bobochicparis.com\/fr\/39-commodes\">commodes<\/a> n\u2019encombrent pas l\u2019ambiance comme les armoires massives. Elles favorisent le passage de la lumi\u00e8re dans les int\u00e9rieurs.<\/p>\n<h2>Les mod\u00e8les de commode \u00e0 privil\u00e9gier<\/h2>\n<p>Dans les petites surfaces, choisissez un <strong>meuble de grande taille aux lignes \u00e9pur\u00e9es<\/strong>. Les mod\u00e8les effil\u00e9s dot\u00e9s de trois ou quatre tiroirs se placent ais\u00e9ment entre un lit et le mur. Vous pouvez aussi les installer en dessous d\u2019une fen\u00eatre ou dans un <strong>coin de la chambre<\/strong>. Les commodes pourvues de pieds d\u00e9lestent visuellement les volumes et sont faciles \u00e0 entretenir. Cela peut faire une diff\u00e9rence cons\u00e9quence lorsque votre int\u00e9rieur n\u2019est pas tr\u00e8s grand.<\/p>\n<p>Les <strong>meubles m\u00e9talliques fins<\/strong>, laqu\u00e9s ou en bois clairs accentuent l\u2019effet d\u2019ouverture. Vous n\u2019aurez pas l\u2019impression d\u2019avoir un bloc imposant dans votre pi\u00e8ce de faible superficie.<\/p>\n<p>La commode est le <strong>meuble<\/strong> sur lequel miser pour optimiser <strong>l\u2019occupation de vos int\u00e9rieurs<\/strong>. En plus de sa fonctionnalit\u00e9, il est \u00e9galement un atout d\u00e9coratif. Choisissez un mod\u00e8le compact \u00e0 disposer dans un emplacement pr\u00e9cis pour jouir de tous ses avantages.<\/p>\n<\/div>\n","protected":false},"excerpt":{"rendered":"<p>Dans les petits espaces, le moindre meuble doit avoir une pr\u00e9sence justifi\u00e9e. Le challenge est de trouver un rangement fonctionnel, design, et peu encombrant. Ce n\u2019est pas gagn\u00e9 d\u2019avance, mais il existe bien une solution \u00e0 laquelle vous ne pensez pas. La commode semble r\u00e9pondre \u00e0 tous les crit\u00e8res pr\u00e9c\u00e9demment \u00e9num\u00e9r\u00e9s. Ce meuble compact et [&hellip;]<\/p>\n","protected":false},"author":2,"featured_media":8681,"comment_status":"open","ping_status":"open","sticky":false,"template":"","format":"standard","meta":{"footnotes":""},"categories":[120],"tags":[],"class_list":["post-8679","post","type-post","status-publish","format-standard","has-post-thumbnail","hentry","category-chambre"],"yoast_head":"<!-- This site is optimized with the Yoast SEO plugin v27.5 - https:\/\/yoast.com\/product\/yoast-seo-wordpress\/ -->\n<title>Pourquoi optimiser un espace restreint avec la commode design ?<\/title>\n<meta name=\"description\" content=\"L\u2019int\u00e9gration d\u2019une commode dans votre petite chambre est l\u2019un des meilleurs moyens de l\u2019am\u00e9nager convenablement. Quels sont les atouts ?\" \/>\n<meta name=\"robots\" content=\"index, follow, max-snippet:-1, max-image-preview:large, max-video-preview:-1\" \/>\n<link rel=\"canonical\" href=\"https:\/\/www.mobilier-design-occasion.fr\/magazine\/optimiser-un-espace-restreint-la-commode-comme-solution-design-et-intelligente\/\" \/>\n<meta property=\"og:locale\" content=\"fr_FR\" \/>\n<meta property=\"og:type\" content=\"article\" \/>\n<meta property=\"og:title\" content=\"Pourquoi optimiser un espace restreint avec la commode design ?\" \/>\n<meta property=\"og:description\" content=\"L\u2019int\u00e9gration d\u2019une commode dans votre petite chambre est l\u2019un des meilleurs moyens de l\u2019am\u00e9nager convenablement. Quels sont les atouts ?\" \/>\n<meta property=\"og:url\" content=\"https:\/\/www.mobilier-design-occasion.fr\/magazine\/optimiser-un-espace-restreint-la-commode-comme-solution-design-et-intelligente\/\" \/>\n<meta property=\"og:site_name\" content=\"Mobilier Design Magazine\" \/>\n<meta property=\"article:publisher\" content=\"https:\/\/www.facebook.com\/mobilierdesignoccasion\" \/>\n<meta property=\"article:published_time\" content=\"2025-12-10T08:42:42+00:00\" \/>\n<meta property=\"og:image\" content=\"https:\/\/www.mobilier-design-occasion.fr\/magazine\/wp-content\/uploads\/2025\/12\/f269a081484de571594d09e5eb8814d4.jpg\" \/>\n\t<meta property=\"og:image:width\" content=\"700\" \/>\n\t<meta property=\"og:image:height\" content=\"500\" \/>\n\t<meta property=\"og:image:type\" content=\"image\/jpeg\" \/>\n<meta name=\"author\" content=\"Vincent Vandegans\" \/>\n<meta name=\"twitter:card\" content=\"summary_large_image\" \/>\n<meta name=\"twitter:label1\" content=\"\u00c9crit par\" \/>\n\t<meta name=\"twitter:data1\" content=\"Vincent Vandegans\" \/>\n\t<meta name=\"twitter:label2\" content=\"Dur\u00e9e de lecture estim\u00e9e\" \/>\n\t<meta name=\"twitter:data2\" content=\"2 minutes\" \/>\n<script type=\"application\/ld+json\" class=\"yoast-schema-graph\">{\"@context\":\"https:\\\/\\\/schema.org\",\"@graph\":[{\"@type\":\"Article\",\"@id\":\"https:\\\/\\\/www.mobilier-design-occasion.fr\\\/magazine\\\/optimiser-un-espace-restreint-la-commode-comme-solution-design-et-intelligente\\\/#article\",\"isPartOf\":{\"@id\":\"https:\\\/\\\/www.mobilier-design-occasion.fr\\\/magazine\\\/optimiser-un-espace-restreint-la-commode-comme-solution-design-et-intelligente\\\/\"},\"author\":{\"name\":\"Vincent Vandegans\",\"@id\":\"https:\\\/\\\/www.mobilier-design-occasion.fr\\\/magazine\\\/#\\\/schema\\\/person\\\/af895bedc80bfb6b17730a672fddac9e\"},\"headline\":\"Optimiser un espace restreint : la commode comme solution design et intelligente\",\"datePublished\":\"2025-12-10T08:42:42+00:00\",\"mainEntityOfPage\":{\"@id\":\"https:\\\/\\\/www.mobilier-design-occasion.fr\\\/magazine\\\/optimiser-un-espace-restreint-la-commode-comme-solution-design-et-intelligente\\\/\"},\"wordCount\":349,\"commentCount\":0,\"publisher\":{\"@id\":\"https:\\\/\\\/www.mobilier-design-occasion.fr\\\/magazine\\\/#organization\"},\"image\":{\"@id\":\"https:\\\/\\\/www.mobilier-design-occasion.fr\\\/magazine\\\/optimiser-un-espace-restreint-la-commode-comme-solution-design-et-intelligente\\\/#primaryimage\"},\"thumbnailUrl\":\"https:\\\/\\\/www.mobilier-design-occasion.fr\\\/magazine\\\/wp-content\\\/uploads\\\/2025\\\/12\\\/f269a081484de571594d09e5eb8814d4.jpg\",\"articleSection\":[\"Chambre\"],\"inLanguage\":\"fr-FR\",\"potentialAction\":[{\"@type\":\"CommentAction\",\"name\":\"Comment\",\"target\":[\"https:\\\/\\\/www.mobilier-design-occasion.fr\\\/magazine\\\/optimiser-un-espace-restreint-la-commode-comme-solution-design-et-intelligente\\\/#respond\"]}]},{\"@type\":\"WebPage\",\"@id\":\"https:\\\/\\\/www.mobilier-design-occasion.fr\\\/magazine\\\/optimiser-un-espace-restreint-la-commode-comme-solution-design-et-intelligente\\\/\",\"url\":\"https:\\\/\\\/www.mobilier-design-occasion.fr\\\/magazine\\\/optimiser-un-espace-restreint-la-commode-comme-solution-design-et-intelligente\\\/\",\"name\":\"Pourquoi optimiser un espace restreint avec la commode design ?\",\"isPartOf\":{\"@id\":\"https:\\\/\\\/www.mobilier-design-occasion.fr\\\/magazine\\\/#website\"},\"primaryImageOfPage\":{\"@id\":\"https:\\\/\\\/www.mobilier-design-occasion.fr\\\/magazine\\\/optimiser-un-espace-restreint-la-commode-comme-solution-design-et-intelligente\\\/#primaryimage\"},\"image\":{\"@id\":\"https:\\\/\\\/www.mobilier-design-occasion.fr\\\/magazine\\\/optimiser-un-espace-restreint-la-commode-comme-solution-design-et-intelligente\\\/#primaryimage\"},\"thumbnailUrl\":\"https:\\\/\\\/www.mobilier-design-occasion.fr\\\/magazine\\\/wp-content\\\/uploads\\\/2025\\\/12\\\/f269a081484de571594d09e5eb8814d4.jpg\",\"datePublished\":\"2025-12-10T08:42:42+00:00\",\"description\":\"L\u2019int\u00e9gration d\u2019une commode dans votre petite chambre est l\u2019un des meilleurs moyens de l\u2019am\u00e9nager convenablement. Quels sont les atouts ?\",\"breadcrumb\":{\"@id\":\"https:\\\/\\\/www.mobilier-design-occasion.fr\\\/magazine\\\/optimiser-un-espace-restreint-la-commode-comme-solution-design-et-intelligente\\\/#breadcrumb\"},\"inLanguage\":\"fr-FR\",\"potentialAction\":[{\"@type\":\"ReadAction\",\"target\":[\"https:\\\/\\\/www.mobilier-design-occasion.fr\\\/magazine\\\/optimiser-un-espace-restreint-la-commode-comme-solution-design-et-intelligente\\\/\"]}]},{\"@type\":\"ImageObject\",\"inLanguage\":\"fr-FR\",\"@id\":\"https:\\\/\\\/www.mobilier-design-occasion.fr\\\/magazine\\\/optimiser-un-espace-restreint-la-commode-comme-solution-design-et-intelligente\\\/#primaryimage\",\"url\":\"https:\\\/\\\/www.mobilier-design-occasion.fr\\\/magazine\\\/wp-content\\\/uploads\\\/2025\\\/12\\\/f269a081484de571594d09e5eb8814d4.jpg\",\"contentUrl\":\"https:\\\/\\\/www.mobilier-design-occasion.fr\\\/magazine\\\/wp-content\\\/uploads\\\/2025\\\/12\\\/f269a081484de571594d09e5eb8814d4.jpg\",\"width\":700,\"height\":500},{\"@type\":\"BreadcrumbList\",\"@id\":\"https:\\\/\\\/www.mobilier-design-occasion.fr\\\/magazine\\\/optimiser-un-espace-restreint-la-commode-comme-solution-design-et-intelligente\\\/#breadcrumb\",\"itemListElement\":[{\"@type\":\"ListItem\",\"position\":1,\"name\":\"Accueil\",\"item\":\"https:\\\/\\\/www.mobilier-design-occasion.fr\\\/magazine\\\/\"},{\"@type\":\"ListItem\",\"position\":2,\"name\":\"Optimiser un espace restreint : la commode comme solution design et intelligente\"}]},{\"@type\":\"WebSite\",\"@id\":\"https:\\\/\\\/www.mobilier-design-occasion.fr\\\/magazine\\\/#website\",\"url\":\"https:\\\/\\\/www.mobilier-design-occasion.fr\\\/magazine\\\/\",\"name\":\"Mobilier Design Magazine\",\"description\":\"\",\"publisher\":{\"@id\":\"https:\\\/\\\/www.mobilier-design-occasion.fr\\\/magazine\\\/#organization\"},\"potentialAction\":[{\"@type\":\"SearchAction\",\"target\":{\"@type\":\"EntryPoint\",\"urlTemplate\":\"https:\\\/\\\/www.mobilier-design-occasion.fr\\\/magazine\\\/?s={search_term_string}\"},\"query-input\":{\"@type\":\"PropertyValueSpecification\",\"valueRequired\":true,\"valueName\":\"search_term_string\"}}],\"inLanguage\":\"fr-FR\"},{\"@type\":\"Organization\",\"@id\":\"https:\\\/\\\/www.mobilier-design-occasion.fr\\\/magazine\\\/#organization\",\"name\":\"Mobilier Design Magazine\",\"url\":\"https:\\\/\\\/www.mobilier-design-occasion.fr\\\/magazine\\\/\",\"logo\":{\"@type\":\"ImageObject\",\"inLanguage\":\"fr-FR\",\"@id\":\"https:\\\/\\\/www.mobilier-design-occasion.fr\\\/magazine\\\/#\\\/schema\\\/logo\\\/image\\\/\",\"url\":\"https:\\\/\\\/www.mobilier-design-occasion.fr\\\/magazine\\\/wp-content\\\/uploads\\\/2024\\\/02\\\/android-chrome-192x192-1.png\",\"contentUrl\":\"https:\\\/\\\/www.mobilier-design-occasion.fr\\\/magazine\\\/wp-content\\\/uploads\\\/2024\\\/02\\\/android-chrome-192x192-1.png\",\"width\":192,\"height\":192,\"caption\":\"Mobilier Design Magazine\"},\"image\":{\"@id\":\"https:\\\/\\\/www.mobilier-design-occasion.fr\\\/magazine\\\/#\\\/schema\\\/logo\\\/image\\\/\"},\"sameAs\":[\"https:\\\/\\\/www.facebook.com\\\/mobilierdesignoccasion\"]},{\"@type\":\"Person\",\"@id\":\"https:\\\/\\\/www.mobilier-design-occasion.fr\\\/magazine\\\/#\\\/schema\\\/person\\\/af895bedc80bfb6b17730a672fddac9e\",\"name\":\"Vincent Vandegans\",\"image\":{\"@type\":\"ImageObject\",\"inLanguage\":\"fr-FR\",\"@id\":\"https:\\\/\\\/secure.gravatar.com\\\/avatar\\\/b984800dabdf722d5e3f03f637c8932dea77d81118467d17ad2953e3b273ec66?s=96&d=mm&r=g\",\"url\":\"https:\\\/\\\/secure.gravatar.com\\\/avatar\\\/b984800dabdf722d5e3f03f637c8932dea77d81118467d17ad2953e3b273ec66?s=96&d=mm&r=g\",\"contentUrl\":\"https:\\\/\\\/secure.gravatar.com\\\/avatar\\\/b984800dabdf722d5e3f03f637c8932dea77d81118467d17ad2953e3b273ec66?s=96&d=mm&r=g\",\"caption\":\"Vincent Vandegans\"},\"description\":\"Vincent est passionn\u00e9 par les produits d'occasion, il a ouvert le site MDO avec Cyrielle pour aider les gens \u00e0 trouver du mobilier d'occasion, vintage ou usag\u00e9. Depuis, ils ont \u00e9tendu leurs activit\u00e9s et conseillent tout le monde sur le mobilier d'int\u00e9rieur et d'ext\u00e9rieur au quotidien \u00e0 travers le magazine MDO.\",\"url\":\"https:\\\/\\\/www.mobilier-design-occasion.fr\\\/magazine\\\/author\\\/vincent\\\/\"}]}<\/script>\n<!-- \/ Yoast SEO plugin. -->","yoast_head_json":{"title":"Pourquoi optimiser un espace restreint avec la commode design ?","description":"L\u2019int\u00e9gration d\u2019une commode dans votre petite chambre est l\u2019un des meilleurs moyens de l\u2019am\u00e9nager convenablement. Quels sont les atouts ?","robots":{"index":"index","follow":"follow","max-snippet":"max-snippet:-1","max-image-preview":"max-image-preview:large","max-video-preview":"max-video-preview:-1"},"canonical":"https:\/\/www.mobilier-design-occasion.fr\/magazine\/optimiser-un-espace-restreint-la-commode-comme-solution-design-et-intelligente\/","og_locale":"fr_FR","og_type":"article","og_title":"Pourquoi optimiser un espace restreint avec la commode design ?","og_description":"L\u2019int\u00e9gration d\u2019une commode dans votre petite chambre est l\u2019un des meilleurs moyens de l\u2019am\u00e9nager convenablement. Quels sont les atouts ?","og_url":"https:\/\/www.mobilier-design-occasion.fr\/magazine\/optimiser-un-espace-restreint-la-commode-comme-solution-design-et-intelligente\/","og_site_name":"Mobilier Design Magazine","article_publisher":"https:\/\/www.facebook.com\/mobilierdesignoccasion","article_published_time":"2025-12-10T08:42:42+00:00","og_image":[{"width":700,"height":500,"url":"https:\/\/www.mobilier-design-occasion.fr\/magazine\/wp-content\/uploads\/2025\/12\/f269a081484de571594d09e5eb8814d4.jpg","type":"image\/jpeg"}],"author":"Vincent Vandegans","twitter_card":"summary_large_image","twitter_misc":{"\u00c9crit par":"Vincent Vandegans","Dur\u00e9e de lecture estim\u00e9e":"2 minutes"},"schema":{"@context":"https:\/\/schema.org","@graph":[{"@type":"Article","@id":"https:\/\/www.mobilier-design-occasion.fr\/magazine\/optimiser-un-espace-restreint-la-commode-comme-solution-design-et-intelligente\/#article","isPartOf":{"@id":"https:\/\/www.mobilier-design-occasion.fr\/magazine\/optimiser-un-espace-restreint-la-commode-comme-solution-design-et-intelligente\/"},"author":{"name":"Vincent Vandegans","@id":"https:\/\/www.mobilier-design-occasion.fr\/magazine\/#\/schema\/person\/af895bedc80bfb6b17730a672fddac9e"},"headline":"Optimiser un espace restreint : la commode comme solution design et intelligente","datePublished":"2025-12-10T08:42:42+00:00","mainEntityOfPage":{"@id":"https:\/\/www.mobilier-design-occasion.fr\/magazine\/optimiser-un-espace-restreint-la-commode-comme-solution-design-et-intelligente\/"},"wordCount":349,"commentCount":0,"publisher":{"@id":"https:\/\/www.mobilier-design-occasion.fr\/magazine\/#organization"},"image":{"@id":"https:\/\/www.mobilier-design-occasion.fr\/magazine\/optimiser-un-espace-restreint-la-commode-comme-solution-design-et-intelligente\/#primaryimage"},"thumbnailUrl":"https:\/\/www.mobilier-design-occasion.fr\/magazine\/wp-content\/uploads\/2025\/12\/f269a081484de571594d09e5eb8814d4.jpg","articleSection":["Chambre"],"inLanguage":"fr-FR","potentialAction":[{"@type":"CommentAction","name":"Comment","target":["https:\/\/www.mobilier-design-occasion.fr\/magazine\/optimiser-un-espace-restreint-la-commode-comme-solution-design-et-intelligente\/#respond"]}]},{"@type":"WebPage","@id":"https:\/\/www.mobilier-design-occasion.fr\/magazine\/optimiser-un-espace-restreint-la-commode-comme-solution-design-et-intelligente\/","url":"https:\/\/www.mobilier-design-occasion.fr\/magazine\/optimiser-un-espace-restreint-la-commode-comme-solution-design-et-intelligente\/","name":"Pourquoi optimiser un espace restreint avec la commode design ?","isPartOf":{"@id":"https:\/\/www.mobilier-design-occasion.fr\/magazine\/#website"},"primaryImageOfPage":{"@id":"https:\/\/www.mobilier-design-occasion.fr\/magazine\/optimiser-un-espace-restreint-la-commode-comme-solution-design-et-intelligente\/#primaryimage"},"image":{"@id":"https:\/\/www.mobilier-design-occasion.fr\/magazine\/optimiser-un-espace-restreint-la-commode-comme-solution-design-et-intelligente\/#primaryimage"},"thumbnailUrl":"https:\/\/www.mobilier-design-occasion.fr\/magazine\/wp-content\/uploads\/2025\/12\/f269a081484de571594d09e5eb8814d4.jpg","datePublished":"2025-12-10T08:42:42+00:00","description":"L\u2019int\u00e9gration d\u2019une commode dans votre petite chambre est l\u2019un des meilleurs moyens de l\u2019am\u00e9nager convenablement. Quels sont les atouts ?","breadcrumb":{"@id":"https:\/\/www.mobilier-design-occasion.fr\/magazine\/optimiser-un-espace-restreint-la-commode-comme-solution-design-et-intelligente\/#breadcrumb"},"inLanguage":"fr-FR","potentialAction":[{"@type":"ReadAction","target":["https:\/\/www.mobilier-design-occasion.fr\/magazine\/optimiser-un-espace-restreint-la-commode-comme-solution-design-et-intelligente\/"]}]},{"@type":"ImageObject","inLanguage":"fr-FR","@id":"https:\/\/www.mobilier-design-occasion.fr\/magazine\/optimiser-un-espace-restreint-la-commode-comme-solution-design-et-intelligente\/#primaryimage","url":"https:\/\/www.mobilier-design-occasion.fr\/magazine\/wp-content\/uploads\/2025\/12\/f269a081484de571594d09e5eb8814d4.jpg","contentUrl":"https:\/\/www.mobilier-design-occasion.fr\/magazine\/wp-content\/uploads\/2025\/12\/f269a081484de571594d09e5eb8814d4.jpg","width":700,"height":500},{"@type":"BreadcrumbList","@id":"https:\/\/www.mobilier-design-occasion.fr\/magazine\/optimiser-un-espace-restreint-la-commode-comme-solution-design-et-intelligente\/#breadcrumb","itemListElement":[{"@type":"ListItem","position":1,"name":"Accueil","item":"https:\/\/www.mobilier-design-occasion.fr\/magazine\/"},{"@type":"ListItem","position":2,"name":"Optimiser un espace restreint : la commode comme solution design et intelligente"}]},{"@type":"WebSite","@id":"https:\/\/www.mobilier-design-occasion.fr\/magazine\/#website","url":"https:\/\/www.mobilier-design-occasion.fr\/magazine\/","name":"Mobilier Design Magazine","description":"","publisher":{"@id":"https:\/\/www.mobilier-design-occasion.fr\/magazine\/#organization"},"potentialAction":[{"@type":"SearchAction","target":{"@type":"EntryPoint","urlTemplate":"https:\/\/www.mobilier-design-occasion.fr\/magazine\/?s={search_term_string}"},"query-input":{"@type":"PropertyValueSpecification","valueRequired":true,"valueName":"search_term_string"}}],"inLanguage":"fr-FR"},{"@type":"Organization","@id":"https:\/\/www.mobilier-design-occasion.fr\/magazine\/#organization","name":"Mobilier Design Magazine","url":"https:\/\/www.mobilier-design-occasion.fr\/magazine\/","logo":{"@type":"ImageObject","inLanguage":"fr-FR","@id":"https:\/\/www.mobilier-design-occasion.fr\/magazine\/#\/schema\/logo\/image\/","url":"https:\/\/www.mobilier-design-occasion.fr\/magazine\/wp-content\/uploads\/2024\/02\/android-chrome-192x192-1.png","contentUrl":"https:\/\/www.mobilier-design-occasion.fr\/magazine\/wp-content\/uploads\/2024\/02\/android-chrome-192x192-1.png","width":192,"height":192,"caption":"Mobilier Design Magazine"},"image":{"@id":"https:\/\/www.mobilier-design-occasion.fr\/magazine\/#\/schema\/logo\/image\/"},"sameAs":["https:\/\/www.facebook.com\/mobilierdesignoccasion"]},{"@type":"Person","@id":"https:\/\/www.mobilier-design-occasion.fr\/magazine\/#\/schema\/person\/af895bedc80bfb6b17730a672fddac9e","name":"Vincent Vandegans","image":{"@type":"ImageObject","inLanguage":"fr-FR","@id":"https:\/\/secure.gravatar.com\/avatar\/b984800dabdf722d5e3f03f637c8932dea77d81118467d17ad2953e3b273ec66?s=96&d=mm&r=g","url":"https:\/\/secure.gravatar.com\/avatar\/b984800dabdf722d5e3f03f637c8932dea77d81118467d17ad2953e3b273ec66?s=96&d=mm&r=g","contentUrl":"https:\/\/secure.gravatar.com\/avatar\/b984800dabdf722d5e3f03f637c8932dea77d81118467d17ad2953e3b273ec66?s=96&d=mm&r=g","caption":"Vincent Vandegans"},"description":"Vincent est passionn\u00e9 par les produits d'occasion, il a ouvert le site MDO avec Cyrielle pour aider les gens \u00e0 trouver du mobilier d'occasion, vintage ou usag\u00e9. Depuis, ils ont \u00e9tendu leurs activit\u00e9s et conseillent tout le monde sur le mobilier d'int\u00e9rieur et d'ext\u00e9rieur au quotidien \u00e0 travers le magazine MDO.","url":"https:\/\/www.mobilier-design-occasion.fr\/magazine\/author\/vincent\/"}]}},"_links":{"self":[{"href":"https:\/\/www.mobilier-design-occasion.fr\/magazine\/wp-json\/wp\/v2\/posts\/8679","targetHints":{"allow":["GET"]}}],"collection":[{"href":"https:\/\/www.mobilier-design-occasion.fr\/magazine\/wp-json\/wp\/v2\/posts"}],"about":[{"href":"https:\/\/www.mobilier-design-occasion.fr\/magazine\/wp-json\/wp\/v2\/types\/post"}],"author":[{"embeddable":true,"href":"https:\/\/www.mobilier-design-occasion.fr\/magazine\/wp-json\/wp\/v2\/users\/2"}],"replies":[{"embeddable":true,"href":"https:\/\/www.mobilier-design-occasion.fr\/magazine\/wp-json\/wp\/v2\/comments?post=8679"}],"version-history":[{"count":1,"href":"https:\/\/www.mobilier-design-occasion.fr\/magazine\/wp-json\/wp\/v2\/posts\/8679\/revisions"}],"predecessor-version":[{"id":8680,"href":"https:\/\/www.mobilier-design-occasion.fr\/magazine\/wp-json\/wp\/v2\/posts\/8679\/revisions\/8680"}],"wp:featuredmedia":[{"embeddable":true,"href":"https:\/\/www.mobilier-design-occasion.fr\/magazine\/wp-json\/wp\/v2\/media\/8681"}],"wp:attachment":[{"href":"https:\/\/www.mobilier-design-occasion.fr\/magazine\/wp-json\/wp\/v2\/media?parent=8679"}],"wp:term":[{"taxonomy":"category","embeddable":true,"href":"https:\/\/www.mobilier-design-occasion.fr\/magazine\/wp-json\/wp\/v2\/categories?post=8679"},{"taxonomy":"post_tag","embeddable":true,"href":"https:\/\/www.mobilier-design-occasion.fr\/magazine\/wp-json\/wp\/v2\/tags?post=8679"}],"curies":[{"name":"wp","href":"https:\/\/api.w.org\/{rel}","templated":true}]}}