{"id":8638,"date":"2025-12-03T16:08:03","date_gmt":"2025-12-03T16:08:03","guid":{"rendered":"https:\/\/www.mobilier-design-occasion.fr\/magazine\/?p=8638"},"modified":"2025-12-03T16:08:04","modified_gmt":"2025-12-03T16:08:04","slug":"adapter-son-logement-pour-mieux-vivre-chez-soi","status":"publish","type":"post","link":"https:\/\/www.mobilier-design-occasion.fr\/magazine\/adapter-son-logement-pour-mieux-vivre-chez-soi\/","title":{"rendered":"Adapter son logement pour mieux vivre chez soi"},"content":{"rendered":"\n<h1 class=\"wp-block-heading\"><span class=\"ez-toc-section\" id=\"Adapter_son_logement_pour_mieux_vivre_chez_soi\"><\/span><strong>Adapter son logement pour mieux vivre chez soi<\/strong><span class=\"ez-toc-section-end\"><\/span><\/h1><div id=\"ez-toc-container\" class=\"ez-toc-v2_0_82_2 counter-hierarchy ez-toc-counter ez-toc-grey ez-toc-container-direction\">\n<div class=\"ez-toc-title-container\">\n<span class=\"ez-toc-title-toggle\"><a href=\"#\" class=\"ez-toc-pull-right ez-toc-btn ez-toc-btn-xs ez-toc-btn-default ez-toc-toggle\" aria-label=\"Toggle Table of Content\"><span class=\"ez-toc-js-icon-con\"><span class=\"\"><span class=\"eztoc-hide\" style=\"display:none;\">Toggle<\/span><span class=\"ez-toc-icon-toggle-span\"><svg style=\"fill: #999;color:#999\" xmlns=\"http:\/\/www.w3.org\/2000\/svg\" class=\"list-377408\" width=\"20px\" height=\"20px\" viewBox=\"0 0 24 24\" fill=\"none\"><path d=\"M6 6H4v2h2V6zm14 0H8v2h12V6zM4 11h2v2H4v-2zm16 0H8v2h12v-2zM4 16h2v2H4v-2zm16 0H8v2h12v-2z\" fill=\"currentColor\"><\/path><\/svg><svg style=\"fill: #999;color:#999\" class=\"arrow-unsorted-368013\" xmlns=\"http:\/\/www.w3.org\/2000\/svg\" width=\"10px\" height=\"10px\" viewBox=\"0 0 24 24\" version=\"1.2\" baseProfile=\"tiny\"><path d=\"M18.2 9.3l-6.2-6.3-6.2 6.3c-.2.2-.3.4-.3.7s.1.5.3.7c.2.2.4.3.7.3h11c.3 0 .5-.1.7-.3.2-.2.3-.5.3-.7s-.1-.5-.3-.7zM5.8 14.7l6.2 6.3 6.2-6.3c.2-.2.3-.5.3-.7s-.1-.5-.3-.7c-.2-.2-.4-.3-.7-.3h-11c-.3 0-.5.1-.7.3-.2.2-.3.5-.3.7s.1.5.3.7z\"\/><\/svg><\/span><\/span><\/span><\/a><\/span><\/div>\n<nav><ul class='ez-toc-list ez-toc-list-level-1 eztoc-toggle-hide-by-default' ><li class='ez-toc-page-1 ez-toc-heading-level-1'><a class=\"ez-toc-link ez-toc-heading-1\" href=\"https:\/\/www.mobilier-design-occasion.fr\/magazine\/adapter-son-logement-pour-mieux-vivre-chez-soi\/#Adapter_son_logement_pour_mieux_vivre_chez_soi\" >Adapter son logement pour mieux vivre chez soi<\/a><ul class='ez-toc-list-level-2' ><li class='ez-toc-heading-level-2'><a class=\"ez-toc-link ez-toc-heading-2\" href=\"https:\/\/www.mobilier-design-occasion.fr\/magazine\/adapter-son-logement-pour-mieux-vivre-chez-soi\/#Comprendre_les_enjeux_de_ladaptation_du_logement\" >Comprendre les enjeux de l\u2019adaptation du logement<\/a><ul class='ez-toc-list-level-3' ><li class='ez-toc-heading-level-3'><a class=\"ez-toc-link ez-toc-heading-3\" href=\"https:\/\/www.mobilier-design-occasion.fr\/magazine\/adapter-son-logement-pour-mieux-vivre-chez-soi\/#Reamenager_les_pieces_strategiques_pour_plus_de_confort\" >R\u00e9am\u00e9nager les pi\u00e8ces strat\u00e9giques pour plus de confort<\/a><\/li><\/ul><\/li><li class='ez-toc-page-1 ez-toc-heading-level-2'><a class=\"ez-toc-link ez-toc-heading-4\" href=\"https:\/\/www.mobilier-design-occasion.fr\/magazine\/adapter-son-logement-pour-mieux-vivre-chez-soi\/#La_salle_de_bain_un_espace_a_securiser_en_priorite\" >La salle de bain : un espace \u00e0 s\u00e9curiser en priorit\u00e9<\/a><\/li><li class='ez-toc-page-1 ez-toc-heading-level-2'><a class=\"ez-toc-link ez-toc-heading-5\" href=\"https:\/\/www.mobilier-design-occasion.fr\/magazine\/adapter-son-logement-pour-mieux-vivre-chez-soi\/#La_cuisine_ergonomie_et_circulation_simplifiee\" >La cuisine : ergonomie et circulation simplifi\u00e9e<\/a><ul class='ez-toc-list-level-3' ><li class='ez-toc-heading-level-3'><a class=\"ez-toc-link ez-toc-heading-6\" href=\"https:\/\/www.mobilier-design-occasion.fr\/magazine\/adapter-son-logement-pour-mieux-vivre-chez-soi\/#Faciliter_les_deplacements_et_securiser_les_circulations\" >Faciliter les d\u00e9placements et s\u00e9curiser les circulations<\/a><\/li><\/ul><\/li><li class='ez-toc-page-1 ez-toc-heading-level-2'><a class=\"ez-toc-link ez-toc-heading-7\" href=\"https:\/\/www.mobilier-design-occasion.fr\/magazine\/adapter-son-logement-pour-mieux-vivre-chez-soi\/#Les_solutions_techniques_utiles\" >Les solutions techniques utiles<\/a><ul class='ez-toc-list-level-3' ><li class='ez-toc-heading-level-3'><a class=\"ez-toc-link ez-toc-heading-8\" href=\"https:\/\/www.mobilier-design-occasion.fr\/magazine\/adapter-son-logement-pour-mieux-vivre-chez-soi\/#Un_accompagnement_adapte_pour_mieux_planifier_ses_travaux\" >Un accompagnement adapt\u00e9 pour mieux planifier ses travaux<\/a><\/li><\/ul><\/li><li class='ez-toc-page-1 ez-toc-heading-level-2'><a class=\"ez-toc-link ez-toc-heading-9\" href=\"https:\/\/www.mobilier-design-occasion.fr\/magazine\/adapter-son-logement-pour-mieux-vivre-chez-soi\/#Conclusion\" >Conclusion<\/a><\/li><\/ul><\/li><\/ul><\/nav><\/div>\n\n\n\n\n<p>Am\u00e9nager son logement pour qu\u2019il reste confortable, s\u00fbr et agr\u00e9able \u00e0 vivre est devenu un v\u00e9ritable enjeu pour de nombreux occupants. Qu\u2019il s\u2019agisse de faciliter les gestes du quotidien, d\u2019am\u00e9liorer la mobilit\u00e9 dans les pi\u00e8ces ou d\u2019anticiper les \u00e9volutions de vie, chaque action compte.&nbsp;<\/p>\n\n\n\n<p>Les dispositifs d\u2019accompagnement, comme <a href=\"https:\/\/particulier.hellio.com\/blog\/financement\/ma-prime-adapt\">MaPrimeAdapt\u2019 2025<\/a>, permettent aujourd\u2019hui de mieux comprendre les leviers \u00e0 mobiliser pour adapter son espace de mani\u00e8re durable et r\u00e9fl\u00e9chie.<\/p>\n\n\n\n<h2 class=\"wp-block-heading\"><span class=\"ez-toc-section\" id=\"Comprendre_les_enjeux_de_ladaptation_du_logement\"><\/span><strong>Comprendre les enjeux de l\u2019adaptation du logement<\/strong><span class=\"ez-toc-section-end\"><\/span><\/h2>\n\n\n\n<p>Adapter son logement ne signifie pas uniquement ajouter des \u00e9quipements techniques. Cela consiste avant tout \u00e0 repenser l\u2019organisation g\u00e9n\u00e9rale des espaces pour qu\u2019ils soient plus accessibles, plus ergonomiques et plus s\u00e9curisants. Les travaux peuvent concerner de petites am\u00e9liorations, comme optimiser l\u2019\u00e9clairage ou d\u00e9gager les zones de passage, jusqu\u2019\u00e0 des transformations plus profondes, comme revoir la salle de bain ou moderniser les syst\u00e8mes d\u2019appui.<\/p>\n\n\n\n<p>Un logement bien con\u00e7u r\u00e9duit le risque d\u2019accidents domestiques, am\u00e9liore le confort d\u2019usage et facilite la vie au quotidien, notamment pour les personnes dont la mobilit\u00e9 \u00e9volue.<\/p>\n\n\n\n<h3 class=\"wp-block-heading\"><span class=\"ez-toc-section\" id=\"Reamenager_les_pieces_strategiques_pour_plus_de_confort\"><\/span><strong>R\u00e9am\u00e9nager les pi\u00e8ces strat\u00e9giques pour plus de confort<\/strong><span class=\"ez-toc-section-end\"><\/span><\/h3>\n\n\n\n<p>Certaines pi\u00e8ces jouent un r\u00f4le cl\u00e9 dans la vie de tous les jours, en particulier la salle de bain, la <a href=\"https:\/\/www.mobilier-design-occasion.fr\/magazine\/tendances-2024-choisir-les-meubles-parfaits-pour-chaque-piece-de-votre-maison\/\">cuisine<\/a> et les acc\u00e8s. Leur r\u00e9am\u00e9nagement peut faire une grande diff\u00e9rence.<\/p>\n\n\n\n<h2 class=\"wp-block-heading\"><span class=\"ez-toc-section\" id=\"La_salle_de_bain_un_espace_a_securiser_en_priorite\"><\/span><strong>La salle de bain : un espace \u00e0 s\u00e9curiser en priorit\u00e9<\/strong><span class=\"ez-toc-section-end\"><\/span><\/h2>\n\n\n\n<p>Lieu sujet \u00e0 l\u2019humidit\u00e9 et aux surfaces glissantes, la salle de bain m\u00e9rite une attention particuli\u00e8re. Parmi les solutions fr\u00e9quemment mises en place, on retrouve :<\/p>\n\n\n\n<ul class=\"wp-block-list\">\n<li><strong>La transformation d\u2019une baignoire en douche plain-pied<\/strong><\/li>\n\n\n\n<li><strong>L\u2019installation de barres d\u2019appui<\/strong><\/li>\n\n\n\n<li><strong>L\u2019ajout d\u2019un si\u00e8ge de douche adapt\u00e9<\/strong><\/li>\n\n\n\n<li><strong>L\u2019am\u00e9lioration de l\u2019\u00e9clairage et de la ventilation<\/strong><\/li>\n<\/ul>\n\n\n\n<p>Ces ajustements renforcent la s\u00e9curit\u00e9 et facilitent les d\u00e9placements, sans alt\u00e9rer l\u2019<a href=\"https:\/\/www.mobilier-design-occasion.fr\/magazine\/le-petit-lexique-du-mobilier-design\/\">esth\u00e9tique<\/a> de la pi\u00e8ce.<\/p>\n\n\n\n<h2 class=\"wp-block-heading\"><span class=\"ez-toc-section\" id=\"La_cuisine_ergonomie_et_circulation_simplifiee\"><\/span><strong>La cuisine : ergonomie et circulation simplifi\u00e9e<\/strong><span class=\"ez-toc-section-end\"><\/span><\/h2>\n\n\n\n<p>Dans la cuisine, l\u2019objectif est de rendre chaque geste plus fluide. R\u00e9organiser les zones de <a href=\"https:\/\/www.mobilier-design-occasion.fr\/magazine\/decouvrez-le-cabinet-vintage-pour-exposer-vos-plus-belles-collections\/\">rangement<\/a> pour \u00e9viter les mouvements contraignants, favoriser les plans de travail <a href=\"https:\/\/www.youtube.com\/watch?v=DM5K38DuBg8\">accessibles ou revoir l\u2019emplacement<\/a> des appareils permet d\u2019optimiser l\u2019ensemble. C\u2019est une pi\u00e8ce o\u00f9 le confort fonctionnel a un impact direct sur le quotidien.<\/p>\n\n\n\n<h3 class=\"wp-block-heading\"><span class=\"ez-toc-section\" id=\"Faciliter_les_deplacements_et_securiser_les_circulations\"><\/span><strong>Faciliter les d\u00e9placements et s\u00e9curiser les circulations<\/strong><span class=\"ez-toc-section-end\"><\/span><\/h3>\n\n\n\n<p>La mobilit\u00e9 \u00e0 l\u2019<a href=\"https:\/\/www.mobilier-design-occasion.fr\/magazine\/envie-dun-interieur-chic-ikea-revele-comment-et-cest-surprenant\/\">int\u00e9rieur<\/a> du logement d\u00e9pend autant de la clart\u00e9 des espaces que de la pr\u00e9sence d\u2019\u00e9quipements bien pens\u00e9s. D\u00e9gager les couloirs, <a href=\"https:\/\/www.inoxdesign.fr\/guides\/main-courante\/?srsltid=AfmBOoppbvRwmVE_d9sEs4Q3F9tQzmZjzq5PmLjwlPj9IbropfxiVOMH\">choisir un rev\u00eatement antid\u00e9rapant<\/a> ou installer des mains courantes peut transformer la mani\u00e8re de se d\u00e9placer.<\/p>\n\n\n\n<h2 class=\"wp-block-heading\"><span class=\"ez-toc-section\" id=\"Les_solutions_techniques_utiles\"><\/span><strong>Les solutions techniques utiles<\/strong><span class=\"ez-toc-section-end\"><\/span><\/h2>\n\n\n\n<p>M\u00eame si chaque situation est unique, certaines installations reviennent souvent :<\/p>\n\n\n\n<ul class=\"wp-block-list\">\n<li><strong>Monte-escalier ou rampe modulable<\/strong><\/li>\n\n\n\n<li><strong>\u00c9clairage automatique dans les zones de passage<\/strong><\/li>\n\n\n\n<li><strong>Poign\u00e9es ergonomiques et seuils abaiss\u00e9s<\/strong><\/li>\n\n\n\n<li><strong>Portes \u00e9largies ou coulissantes pour faciliter la circulation<\/strong><\/li>\n<\/ul>\n\n\n\n<p>L\u2019objectif est d\u2019adapter discr\u00e8tement le logement, tout en conservant son esth\u00e9tique et son confort.<\/p>\n\n\n\n<h3 class=\"wp-block-heading\"><span class=\"ez-toc-section\" id=\"Un_accompagnement_adapte_pour_mieux_planifier_ses_travaux\"><\/span><strong>Un accompagnement adapt\u00e9 pour mieux planifier ses travaux<\/strong><span class=\"ez-toc-section-end\"><\/span><\/h3>\n\n\n\n<p>L\u2019\u00e9volution des attentes en mati\u00e8re de confort et d\u2019accessibilit\u00e9 encourage \u00e0 s\u2019appuyer sur des expertises sp\u00e9cialis\u00e9es.<\/p>\n\n\n\n<p>Les conseils techniques, l\u2019analyse du logement et la mise en perspective des possibilit\u00e9s aident \u00e0 concevoir des solutions sur mesure, en tenant compte de l\u2019existant et du mode de vie de l\u2019occupant.<\/p>\n\n\n\n<h2 class=\"wp-block-heading\"><span class=\"ez-toc-section\" id=\"Conclusion\"><\/span><strong>Conclusion<\/strong><span class=\"ez-toc-section-end\"><\/span><\/h2>\n\n\n\n<p>Adapter son logement, c\u2019est faire le choix d\u2019un quotidien plus s\u00fbr, plus fluide et plus confortable. En prenant le temps d\u2019analyser les besoins, d\u2019am\u00e9nager les pi\u00e8ces essentielles et de s\u00e9curiser les parcours, chacun peut cr\u00e9er un environnement durable qui accompagne toutes les \u00e9tapes de la vie.<\/p>\n","protected":false},"excerpt":{"rendered":"<p>Adapter son logement pour mieux vivre chez soi Am\u00e9nager son logement pour qu\u2019il reste confortable, s\u00fbr et agr\u00e9able \u00e0 vivre est devenu un v\u00e9ritable enjeu pour de nombreux occupants. Qu\u2019il s\u2019agisse de faciliter les gestes du quotidien, d\u2019am\u00e9liorer la mobilit\u00e9 dans les pi\u00e8ces ou d\u2019anticiper les \u00e9volutions de vie, chaque action compte.&nbsp; Les dispositifs d\u2019accompagnement, [&hellip;]<\/p>\n","protected":false},"author":2,"featured_media":8639,"comment_status":"open","ping_status":"open","sticky":false,"template":"","format":"standard","meta":{"footnotes":""},"categories":[124],"tags":[],"class_list":["post-8638","post","type-post","status-publish","format-standard","has-post-thumbnail","hentry","category-exterieur"],"yoast_head":"<!-- This site is optimized with the Yoast SEO plugin v27.5 - https:\/\/yoast.com\/product\/yoast-seo-wordpress\/ -->\n<title>Adapter son logement pour mieux vivre chez soi - Mobilier Design Magazine<\/title>\n<meta name=\"robots\" content=\"index, follow, max-snippet:-1, max-image-preview:large, max-video-preview:-1\" \/>\n<link rel=\"canonical\" href=\"https:\/\/www.mobilier-design-occasion.fr\/magazine\/adapter-son-logement-pour-mieux-vivre-chez-soi\/\" \/>\n<meta property=\"og:locale\" content=\"fr_FR\" \/>\n<meta property=\"og:type\" content=\"article\" \/>\n<meta property=\"og:title\" content=\"Adapter son logement pour mieux vivre chez soi - Mobilier Design Magazine\" \/>\n<meta property=\"og:description\" content=\"Adapter son logement pour mieux vivre chez soi Am\u00e9nager son logement pour qu\u2019il reste confortable, s\u00fbr et agr\u00e9able \u00e0 vivre est devenu un v\u00e9ritable enjeu pour de nombreux occupants. Qu\u2019il s\u2019agisse de faciliter les gestes du quotidien, d\u2019am\u00e9liorer la mobilit\u00e9 dans les pi\u00e8ces ou d\u2019anticiper les \u00e9volutions de vie, chaque action compte.&nbsp; Les dispositifs d\u2019accompagnement, [&hellip;]\" \/>\n<meta property=\"og:url\" content=\"https:\/\/www.mobilier-design-occasion.fr\/magazine\/adapter-son-logement-pour-mieux-vivre-chez-soi\/\" \/>\n<meta property=\"og:site_name\" content=\"Mobilier Design Magazine\" \/>\n<meta property=\"article:publisher\" content=\"https:\/\/www.facebook.com\/mobilierdesignoccasion\" \/>\n<meta property=\"article:published_time\" content=\"2025-12-03T16:08:03+00:00\" \/>\n<meta property=\"article:modified_time\" content=\"2025-12-03T16:08:04+00:00\" \/>\n<meta property=\"og:image\" content=\"https:\/\/www.mobilier-design-occasion.fr\/magazine\/wp-content\/uploads\/2025\/12\/image.png\" \/>\n\t<meta property=\"og:image:width\" content=\"1170\" \/>\n\t<meta property=\"og:image:height\" content=\"780\" \/>\n\t<meta property=\"og:image:type\" content=\"image\/png\" \/>\n<meta name=\"author\" content=\"Vincent Vandegans\" \/>\n<meta name=\"twitter:card\" content=\"summary_large_image\" \/>\n<meta name=\"twitter:label1\" content=\"\u00c9crit par\" \/>\n\t<meta name=\"twitter:data1\" content=\"Vincent Vandegans\" \/>\n\t<meta name=\"twitter:label2\" content=\"Dur\u00e9e de lecture estim\u00e9e\" \/>\n\t<meta name=\"twitter:data2\" content=\"3 minutes\" \/>\n<script type=\"application\/ld+json\" class=\"yoast-schema-graph\">{\"@context\":\"https:\\\/\\\/schema.org\",\"@graph\":[{\"@type\":\"Article\",\"@id\":\"https:\\\/\\\/www.mobilier-design-occasion.fr\\\/magazine\\\/adapter-son-logement-pour-mieux-vivre-chez-soi\\\/#article\",\"isPartOf\":{\"@id\":\"https:\\\/\\\/www.mobilier-design-occasion.fr\\\/magazine\\\/adapter-son-logement-pour-mieux-vivre-chez-soi\\\/\"},\"author\":{\"name\":\"Vincent Vandegans\",\"@id\":\"https:\\\/\\\/www.mobilier-design-occasion.fr\\\/magazine\\\/#\\\/schema\\\/person\\\/af895bedc80bfb6b17730a672fddac9e\"},\"headline\":\"Adapter son logement pour mieux vivre chez soi\",\"datePublished\":\"2025-12-03T16:08:03+00:00\",\"dateModified\":\"2025-12-03T16:08:04+00:00\",\"mainEntityOfPage\":{\"@id\":\"https:\\\/\\\/www.mobilier-design-occasion.fr\\\/magazine\\\/adapter-son-logement-pour-mieux-vivre-chez-soi\\\/\"},\"wordCount\":651,\"commentCount\":0,\"publisher\":{\"@id\":\"https:\\\/\\\/www.mobilier-design-occasion.fr\\\/magazine\\\/#organization\"},\"image\":{\"@id\":\"https:\\\/\\\/www.mobilier-design-occasion.fr\\\/magazine\\\/adapter-son-logement-pour-mieux-vivre-chez-soi\\\/#primaryimage\"},\"thumbnailUrl\":\"https:\\\/\\\/www.mobilier-design-occasion.fr\\\/magazine\\\/wp-content\\\/uploads\\\/2025\\\/12\\\/image.png\",\"articleSection\":[\"Ext\u00e9rieur\"],\"inLanguage\":\"fr-FR\",\"potentialAction\":[{\"@type\":\"CommentAction\",\"name\":\"Comment\",\"target\":[\"https:\\\/\\\/www.mobilier-design-occasion.fr\\\/magazine\\\/adapter-son-logement-pour-mieux-vivre-chez-soi\\\/#respond\"]}]},{\"@type\":\"WebPage\",\"@id\":\"https:\\\/\\\/www.mobilier-design-occasion.fr\\\/magazine\\\/adapter-son-logement-pour-mieux-vivre-chez-soi\\\/\",\"url\":\"https:\\\/\\\/www.mobilier-design-occasion.fr\\\/magazine\\\/adapter-son-logement-pour-mieux-vivre-chez-soi\\\/\",\"name\":\"Adapter son logement pour mieux vivre chez soi - Mobilier Design Magazine\",\"isPartOf\":{\"@id\":\"https:\\\/\\\/www.mobilier-design-occasion.fr\\\/magazine\\\/#website\"},\"primaryImageOfPage\":{\"@id\":\"https:\\\/\\\/www.mobilier-design-occasion.fr\\\/magazine\\\/adapter-son-logement-pour-mieux-vivre-chez-soi\\\/#primaryimage\"},\"image\":{\"@id\":\"https:\\\/\\\/www.mobilier-design-occasion.fr\\\/magazine\\\/adapter-son-logement-pour-mieux-vivre-chez-soi\\\/#primaryimage\"},\"thumbnailUrl\":\"https:\\\/\\\/www.mobilier-design-occasion.fr\\\/magazine\\\/wp-content\\\/uploads\\\/2025\\\/12\\\/image.png\",\"datePublished\":\"2025-12-03T16:08:03+00:00\",\"dateModified\":\"2025-12-03T16:08:04+00:00\",\"breadcrumb\":{\"@id\":\"https:\\\/\\\/www.mobilier-design-occasion.fr\\\/magazine\\\/adapter-son-logement-pour-mieux-vivre-chez-soi\\\/#breadcrumb\"},\"inLanguage\":\"fr-FR\",\"potentialAction\":[{\"@type\":\"ReadAction\",\"target\":[\"https:\\\/\\\/www.mobilier-design-occasion.fr\\\/magazine\\\/adapter-son-logement-pour-mieux-vivre-chez-soi\\\/\"]}]},{\"@type\":\"ImageObject\",\"inLanguage\":\"fr-FR\",\"@id\":\"https:\\\/\\\/www.mobilier-design-occasion.fr\\\/magazine\\\/adapter-son-logement-pour-mieux-vivre-chez-soi\\\/#primaryimage\",\"url\":\"https:\\\/\\\/www.mobilier-design-occasion.fr\\\/magazine\\\/wp-content\\\/uploads\\\/2025\\\/12\\\/image.png\",\"contentUrl\":\"https:\\\/\\\/www.mobilier-design-occasion.fr\\\/magazine\\\/wp-content\\\/uploads\\\/2025\\\/12\\\/image.png\",\"width\":1170,\"height\":780},{\"@type\":\"BreadcrumbList\",\"@id\":\"https:\\\/\\\/www.mobilier-design-occasion.fr\\\/magazine\\\/adapter-son-logement-pour-mieux-vivre-chez-soi\\\/#breadcrumb\",\"itemListElement\":[{\"@type\":\"ListItem\",\"position\":1,\"name\":\"Accueil\",\"item\":\"https:\\\/\\\/www.mobilier-design-occasion.fr\\\/magazine\\\/\"},{\"@type\":\"ListItem\",\"position\":2,\"name\":\"Adapter son logement pour mieux vivre chez soi\"}]},{\"@type\":\"WebSite\",\"@id\":\"https:\\\/\\\/www.mobilier-design-occasion.fr\\\/magazine\\\/#website\",\"url\":\"https:\\\/\\\/www.mobilier-design-occasion.fr\\\/magazine\\\/\",\"name\":\"Mobilier Design Magazine\",\"description\":\"\",\"publisher\":{\"@id\":\"https:\\\/\\\/www.mobilier-design-occasion.fr\\\/magazine\\\/#organization\"},\"potentialAction\":[{\"@type\":\"SearchAction\",\"target\":{\"@type\":\"EntryPoint\",\"urlTemplate\":\"https:\\\/\\\/www.mobilier-design-occasion.fr\\\/magazine\\\/?s={search_term_string}\"},\"query-input\":{\"@type\":\"PropertyValueSpecification\",\"valueRequired\":true,\"valueName\":\"search_term_string\"}}],\"inLanguage\":\"fr-FR\"},{\"@type\":\"Organization\",\"@id\":\"https:\\\/\\\/www.mobilier-design-occasion.fr\\\/magazine\\\/#organization\",\"name\":\"Mobilier Design Magazine\",\"url\":\"https:\\\/\\\/www.mobilier-design-occasion.fr\\\/magazine\\\/\",\"logo\":{\"@type\":\"ImageObject\",\"inLanguage\":\"fr-FR\",\"@id\":\"https:\\\/\\\/www.mobilier-design-occasion.fr\\\/magazine\\\/#\\\/schema\\\/logo\\\/image\\\/\",\"url\":\"https:\\\/\\\/www.mobilier-design-occasion.fr\\\/magazine\\\/wp-content\\\/uploads\\\/2024\\\/02\\\/android-chrome-192x192-1.png\",\"contentUrl\":\"https:\\\/\\\/www.mobilier-design-occasion.fr\\\/magazine\\\/wp-content\\\/uploads\\\/2024\\\/02\\\/android-chrome-192x192-1.png\",\"width\":192,\"height\":192,\"caption\":\"Mobilier Design Magazine\"},\"image\":{\"@id\":\"https:\\\/\\\/www.mobilier-design-occasion.fr\\\/magazine\\\/#\\\/schema\\\/logo\\\/image\\\/\"},\"sameAs\":[\"https:\\\/\\\/www.facebook.com\\\/mobilierdesignoccasion\"]},{\"@type\":\"Person\",\"@id\":\"https:\\\/\\\/www.mobilier-design-occasion.fr\\\/magazine\\\/#\\\/schema\\\/person\\\/af895bedc80bfb6b17730a672fddac9e\",\"name\":\"Vincent Vandegans\",\"image\":{\"@type\":\"ImageObject\",\"inLanguage\":\"fr-FR\",\"@id\":\"https:\\\/\\\/secure.gravatar.com\\\/avatar\\\/b984800dabdf722d5e3f03f637c8932dea77d81118467d17ad2953e3b273ec66?s=96&d=mm&r=g\",\"url\":\"https:\\\/\\\/secure.gravatar.com\\\/avatar\\\/b984800dabdf722d5e3f03f637c8932dea77d81118467d17ad2953e3b273ec66?s=96&d=mm&r=g\",\"contentUrl\":\"https:\\\/\\\/secure.gravatar.com\\\/avatar\\\/b984800dabdf722d5e3f03f637c8932dea77d81118467d17ad2953e3b273ec66?s=96&d=mm&r=g\",\"caption\":\"Vincent Vandegans\"},\"description\":\"Vincent est passionn\u00e9 par les produits d'occasion, il a ouvert le site MDO avec Cyrielle pour aider les gens \u00e0 trouver du mobilier d'occasion, vintage ou usag\u00e9. Depuis, ils ont \u00e9tendu leurs activit\u00e9s et conseillent tout le monde sur le mobilier d'int\u00e9rieur et d'ext\u00e9rieur au quotidien \u00e0 travers le magazine MDO.\",\"url\":\"https:\\\/\\\/www.mobilier-design-occasion.fr\\\/magazine\\\/author\\\/vincent\\\/\"}]}<\/script>\n<!-- \/ Yoast SEO plugin. -->","yoast_head_json":{"title":"Adapter son logement pour mieux vivre chez soi - Mobilier Design Magazine","robots":{"index":"index","follow":"follow","max-snippet":"max-snippet:-1","max-image-preview":"max-image-preview:large","max-video-preview":"max-video-preview:-1"},"canonical":"https:\/\/www.mobilier-design-occasion.fr\/magazine\/adapter-son-logement-pour-mieux-vivre-chez-soi\/","og_locale":"fr_FR","og_type":"article","og_title":"Adapter son logement pour mieux vivre chez soi - Mobilier Design Magazine","og_description":"Adapter son logement pour mieux vivre chez soi Am\u00e9nager son logement pour qu\u2019il reste confortable, s\u00fbr et agr\u00e9able \u00e0 vivre est devenu un v\u00e9ritable enjeu pour de nombreux occupants. Qu\u2019il s\u2019agisse de faciliter les gestes du quotidien, d\u2019am\u00e9liorer la mobilit\u00e9 dans les pi\u00e8ces ou d\u2019anticiper les \u00e9volutions de vie, chaque action compte.&nbsp; Les dispositifs d\u2019accompagnement, [&hellip;]","og_url":"https:\/\/www.mobilier-design-occasion.fr\/magazine\/adapter-son-logement-pour-mieux-vivre-chez-soi\/","og_site_name":"Mobilier Design Magazine","article_publisher":"https:\/\/www.facebook.com\/mobilierdesignoccasion","article_published_time":"2025-12-03T16:08:03+00:00","article_modified_time":"2025-12-03T16:08:04+00:00","og_image":[{"width":1170,"height":780,"url":"https:\/\/www.mobilier-design-occasion.fr\/magazine\/wp-content\/uploads\/2025\/12\/image.png","type":"image\/png"}],"author":"Vincent Vandegans","twitter_card":"summary_large_image","twitter_misc":{"\u00c9crit par":"Vincent Vandegans","Dur\u00e9e de lecture estim\u00e9e":"3 minutes"},"schema":{"@context":"https:\/\/schema.org","@graph":[{"@type":"Article","@id":"https:\/\/www.mobilier-design-occasion.fr\/magazine\/adapter-son-logement-pour-mieux-vivre-chez-soi\/#article","isPartOf":{"@id":"https:\/\/www.mobilier-design-occasion.fr\/magazine\/adapter-son-logement-pour-mieux-vivre-chez-soi\/"},"author":{"name":"Vincent Vandegans","@id":"https:\/\/www.mobilier-design-occasion.fr\/magazine\/#\/schema\/person\/af895bedc80bfb6b17730a672fddac9e"},"headline":"Adapter son logement pour mieux vivre chez soi","datePublished":"2025-12-03T16:08:03+00:00","dateModified":"2025-12-03T16:08:04+00:00","mainEntityOfPage":{"@id":"https:\/\/www.mobilier-design-occasion.fr\/magazine\/adapter-son-logement-pour-mieux-vivre-chez-soi\/"},"wordCount":651,"commentCount":0,"publisher":{"@id":"https:\/\/www.mobilier-design-occasion.fr\/magazine\/#organization"},"image":{"@id":"https:\/\/www.mobilier-design-occasion.fr\/magazine\/adapter-son-logement-pour-mieux-vivre-chez-soi\/#primaryimage"},"thumbnailUrl":"https:\/\/www.mobilier-design-occasion.fr\/magazine\/wp-content\/uploads\/2025\/12\/image.png","articleSection":["Ext\u00e9rieur"],"inLanguage":"fr-FR","potentialAction":[{"@type":"CommentAction","name":"Comment","target":["https:\/\/www.mobilier-design-occasion.fr\/magazine\/adapter-son-logement-pour-mieux-vivre-chez-soi\/#respond"]}]},{"@type":"WebPage","@id":"https:\/\/www.mobilier-design-occasion.fr\/magazine\/adapter-son-logement-pour-mieux-vivre-chez-soi\/","url":"https:\/\/www.mobilier-design-occasion.fr\/magazine\/adapter-son-logement-pour-mieux-vivre-chez-soi\/","name":"Adapter son logement pour mieux vivre chez soi - Mobilier Design Magazine","isPartOf":{"@id":"https:\/\/www.mobilier-design-occasion.fr\/magazine\/#website"},"primaryImageOfPage":{"@id":"https:\/\/www.mobilier-design-occasion.fr\/magazine\/adapter-son-logement-pour-mieux-vivre-chez-soi\/#primaryimage"},"image":{"@id":"https:\/\/www.mobilier-design-occasion.fr\/magazine\/adapter-son-logement-pour-mieux-vivre-chez-soi\/#primaryimage"},"thumbnailUrl":"https:\/\/www.mobilier-design-occasion.fr\/magazine\/wp-content\/uploads\/2025\/12\/image.png","datePublished":"2025-12-03T16:08:03+00:00","dateModified":"2025-12-03T16:08:04+00:00","breadcrumb":{"@id":"https:\/\/www.mobilier-design-occasion.fr\/magazine\/adapter-son-logement-pour-mieux-vivre-chez-soi\/#breadcrumb"},"inLanguage":"fr-FR","potentialAction":[{"@type":"ReadAction","target":["https:\/\/www.mobilier-design-occasion.fr\/magazine\/adapter-son-logement-pour-mieux-vivre-chez-soi\/"]}]},{"@type":"ImageObject","inLanguage":"fr-FR","@id":"https:\/\/www.mobilier-design-occasion.fr\/magazine\/adapter-son-logement-pour-mieux-vivre-chez-soi\/#primaryimage","url":"https:\/\/www.mobilier-design-occasion.fr\/magazine\/wp-content\/uploads\/2025\/12\/image.png","contentUrl":"https:\/\/www.mobilier-design-occasion.fr\/magazine\/wp-content\/uploads\/2025\/12\/image.png","width":1170,"height":780},{"@type":"BreadcrumbList","@id":"https:\/\/www.mobilier-design-occasion.fr\/magazine\/adapter-son-logement-pour-mieux-vivre-chez-soi\/#breadcrumb","itemListElement":[{"@type":"ListItem","position":1,"name":"Accueil","item":"https:\/\/www.mobilier-design-occasion.fr\/magazine\/"},{"@type":"ListItem","position":2,"name":"Adapter son logement pour mieux vivre chez soi"}]},{"@type":"WebSite","@id":"https:\/\/www.mobilier-design-occasion.fr\/magazine\/#website","url":"https:\/\/www.mobilier-design-occasion.fr\/magazine\/","name":"Mobilier Design Magazine","description":"","publisher":{"@id":"https:\/\/www.mobilier-design-occasion.fr\/magazine\/#organization"},"potentialAction":[{"@type":"SearchAction","target":{"@type":"EntryPoint","urlTemplate":"https:\/\/www.mobilier-design-occasion.fr\/magazine\/?s={search_term_string}"},"query-input":{"@type":"PropertyValueSpecification","valueRequired":true,"valueName":"search_term_string"}}],"inLanguage":"fr-FR"},{"@type":"Organization","@id":"https:\/\/www.mobilier-design-occasion.fr\/magazine\/#organization","name":"Mobilier Design Magazine","url":"https:\/\/www.mobilier-design-occasion.fr\/magazine\/","logo":{"@type":"ImageObject","inLanguage":"fr-FR","@id":"https:\/\/www.mobilier-design-occasion.fr\/magazine\/#\/schema\/logo\/image\/","url":"https:\/\/www.mobilier-design-occasion.fr\/magazine\/wp-content\/uploads\/2024\/02\/android-chrome-192x192-1.png","contentUrl":"https:\/\/www.mobilier-design-occasion.fr\/magazine\/wp-content\/uploads\/2024\/02\/android-chrome-192x192-1.png","width":192,"height":192,"caption":"Mobilier Design Magazine"},"image":{"@id":"https:\/\/www.mobilier-design-occasion.fr\/magazine\/#\/schema\/logo\/image\/"},"sameAs":["https:\/\/www.facebook.com\/mobilierdesignoccasion"]},{"@type":"Person","@id":"https:\/\/www.mobilier-design-occasion.fr\/magazine\/#\/schema\/person\/af895bedc80bfb6b17730a672fddac9e","name":"Vincent Vandegans","image":{"@type":"ImageObject","inLanguage":"fr-FR","@id":"https:\/\/secure.gravatar.com\/avatar\/b984800dabdf722d5e3f03f637c8932dea77d81118467d17ad2953e3b273ec66?s=96&d=mm&r=g","url":"https:\/\/secure.gravatar.com\/avatar\/b984800dabdf722d5e3f03f637c8932dea77d81118467d17ad2953e3b273ec66?s=96&d=mm&r=g","contentUrl":"https:\/\/secure.gravatar.com\/avatar\/b984800dabdf722d5e3f03f637c8932dea77d81118467d17ad2953e3b273ec66?s=96&d=mm&r=g","caption":"Vincent Vandegans"},"description":"Vincent est passionn\u00e9 par les produits d'occasion, il a ouvert le site MDO avec Cyrielle pour aider les gens \u00e0 trouver du mobilier d'occasion, vintage ou usag\u00e9. Depuis, ils ont \u00e9tendu leurs activit\u00e9s et conseillent tout le monde sur le mobilier d'int\u00e9rieur et d'ext\u00e9rieur au quotidien \u00e0 travers le magazine MDO.","url":"https:\/\/www.mobilier-design-occasion.fr\/magazine\/author\/vincent\/"}]}},"_links":{"self":[{"href":"https:\/\/www.mobilier-design-occasion.fr\/magazine\/wp-json\/wp\/v2\/posts\/8638","targetHints":{"allow":["GET"]}}],"collection":[{"href":"https:\/\/www.mobilier-design-occasion.fr\/magazine\/wp-json\/wp\/v2\/posts"}],"about":[{"href":"https:\/\/www.mobilier-design-occasion.fr\/magazine\/wp-json\/wp\/v2\/types\/post"}],"author":[{"embeddable":true,"href":"https:\/\/www.mobilier-design-occasion.fr\/magazine\/wp-json\/wp\/v2\/users\/2"}],"replies":[{"embeddable":true,"href":"https:\/\/www.mobilier-design-occasion.fr\/magazine\/wp-json\/wp\/v2\/comments?post=8638"}],"version-history":[{"count":1,"href":"https:\/\/www.mobilier-design-occasion.fr\/magazine\/wp-json\/wp\/v2\/posts\/8638\/revisions"}],"predecessor-version":[{"id":8640,"href":"https:\/\/www.mobilier-design-occasion.fr\/magazine\/wp-json\/wp\/v2\/posts\/8638\/revisions\/8640"}],"wp:featuredmedia":[{"embeddable":true,"href":"https:\/\/www.mobilier-design-occasion.fr\/magazine\/wp-json\/wp\/v2\/media\/8639"}],"wp:attachment":[{"href":"https:\/\/www.mobilier-design-occasion.fr\/magazine\/wp-json\/wp\/v2\/media?parent=8638"}],"wp:term":[{"taxonomy":"category","embeddable":true,"href":"https:\/\/www.mobilier-design-occasion.fr\/magazine\/wp-json\/wp\/v2\/categories?post=8638"},{"taxonomy":"post_tag","embeddable":true,"href":"https:\/\/www.mobilier-design-occasion.fr\/magazine\/wp-json\/wp\/v2\/tags?post=8638"}],"curies":[{"name":"wp","href":"https:\/\/api.w.org\/{rel}","templated":true}]}}