{"id":8635,"date":"2025-12-02T08:04:57","date_gmt":"2025-12-02T08:04:57","guid":{"rendered":"https:\/\/www.mobilier-design-occasion.fr\/magazine\/10-signes-quil-est-temps-de-poncer-votre-sol-en-marbre\/"},"modified":"2025-12-02T08:04:57","modified_gmt":"2025-12-02T08:04:57","slug":"10-signes-quil-est-temps-de-poncer-votre-sol-en-marbre","status":"publish","type":"post","link":"https:\/\/www.mobilier-design-occasion.fr\/magazine\/10-signes-quil-est-temps-de-poncer-votre-sol-en-marbre\/","title":{"rendered":"10 signes qu&#8217;il est temps de poncer votre sol en marbre"},"content":{"rendered":"<p>Votre sol en marbre a perdu de son &eacute;clat ? Vous remarquez des taches tenaces qui refusent de partir ? Le marbre est un mat&eacute;riau noble, &eacute;l&eacute;gant, intemporel. Mais il demande de l&#8217;attention. Beaucoup d&#8217;attention m&ecirc;me.<\/p>\n<p>Ignorer les signes de d&eacute;t&eacute;rioration peut transformer votre magnifique rev&ecirc;tement en surface terne et ab&icirc;m&eacute;e. La bonne nouvelle ? Le pon&ccedil;age redonne vie &agrave; votre marbre (et prolonge sa dur&eacute;e de vie de plusieurs d&eacute;cennies).<\/p>\n<p>D&eacute;couvrez les 10 signaux d&#8217;alerte qui indiquent qu&#8217;un pon&ccedil;age s&#8217;impose. Maintenant.<\/p>\n<h2><span class=\"ez-toc-section\" id=\"1_La_surface_a_perdu_son_brillant_naturel\"><\/span>1. La surface a perdu son brillant naturel<span class=\"ez-toc-section-end\"><\/span><\/h2><div id=\"ez-toc-container\" class=\"ez-toc-v2_0_82_2 counter-hierarchy ez-toc-counter ez-toc-grey ez-toc-container-direction\">\n<div class=\"ez-toc-title-container\">\n<span class=\"ez-toc-title-toggle\"><a href=\"#\" class=\"ez-toc-pull-right ez-toc-btn ez-toc-btn-xs ez-toc-btn-default ez-toc-toggle\" aria-label=\"Toggle Table of Content\"><span class=\"ez-toc-js-icon-con\"><span class=\"\"><span class=\"eztoc-hide\" style=\"display:none;\">Toggle<\/span><span class=\"ez-toc-icon-toggle-span\"><svg style=\"fill: #999;color:#999\" xmlns=\"http:\/\/www.w3.org\/2000\/svg\" class=\"list-377408\" width=\"20px\" height=\"20px\" viewBox=\"0 0 24 24\" fill=\"none\"><path d=\"M6 6H4v2h2V6zm14 0H8v2h12V6zM4 11h2v2H4v-2zm16 0H8v2h12v-2zM4 16h2v2H4v-2zm16 0H8v2h12v-2z\" fill=\"currentColor\"><\/path><\/svg><svg style=\"fill: #999;color:#999\" class=\"arrow-unsorted-368013\" xmlns=\"http:\/\/www.w3.org\/2000\/svg\" width=\"10px\" height=\"10px\" viewBox=\"0 0 24 24\" version=\"1.2\" baseProfile=\"tiny\"><path d=\"M18.2 9.3l-6.2-6.3-6.2 6.3c-.2.2-.3.4-.3.7s.1.5.3.7c.2.2.4.3.7.3h11c.3 0 .5-.1.7-.3.2-.2.3-.5.3-.7s-.1-.5-.3-.7zM5.8 14.7l6.2 6.3 6.2-6.3c.2-.2.3-.5.3-.7s-.1-.5-.3-.7c-.2-.2-.4-.3-.7-.3h-11c-.3 0-.5.1-.7.3-.2.2-.3.5-.3.7s.1.5.3.7z\"\/><\/svg><\/span><\/span><\/span><\/a><\/span><\/div>\n<nav><ul class='ez-toc-list ez-toc-list-level-1 eztoc-toggle-hide-by-default' ><li class='ez-toc-page-1 ez-toc-heading-level-2'><a class=\"ez-toc-link ez-toc-heading-1\" href=\"https:\/\/www.mobilier-design-occasion.fr\/magazine\/10-signes-quil-est-temps-de-poncer-votre-sol-en-marbre\/#1_La_surface_a_perdu_son_brillant_naturel\" >1. La surface a perdu son brillant naturel<\/a><\/li><li class='ez-toc-page-1 ez-toc-heading-level-2'><a class=\"ez-toc-link ez-toc-heading-2\" href=\"https:\/\/www.mobilier-design-occasion.fr\/magazine\/10-signes-quil-est-temps-de-poncer-votre-sol-en-marbre\/#2_Des_rayures_visibles_parcourent_le_sol\" >2. Des rayures visibles parcourent le sol<\/a><\/li><li class='ez-toc-page-1 ez-toc-heading-level-2'><a class=\"ez-toc-link ez-toc-heading-3\" href=\"https:\/\/www.mobilier-design-occasion.fr\/magazine\/10-signes-quil-est-temps-de-poncer-votre-sol-en-marbre\/#3_Des_taches_se_sont_incrustees_dans_la_pierre\" >3. Des taches se sont incrust&eacute;es dans la pierre<\/a><\/li><li class='ez-toc-page-1 ez-toc-heading-level-2'><a class=\"ez-toc-link ez-toc-heading-4\" href=\"https:\/\/www.mobilier-design-occasion.fr\/magazine\/10-signes-quil-est-temps-de-poncer-votre-sol-en-marbre\/#4_La_texture_est_devenue_irreguliere_au_toucher\" >4. La texture est devenue irr&eacute;guli&egrave;re au toucher<\/a><\/li><li class='ez-toc-page-1 ez-toc-heading-level-2'><a class=\"ez-toc-link ez-toc-heading-5\" href=\"https:\/\/www.mobilier-design-occasion.fr\/magazine\/10-signes-quil-est-temps-de-poncer-votre-sol-en-marbre\/#5_Des_fissures_ou_eclats_sont_apparus\" >5. Des fissures ou &eacute;clats sont apparus<\/a><\/li><li class='ez-toc-page-1 ez-toc-heading-level-2'><a class=\"ez-toc-link ez-toc-heading-6\" href=\"https:\/\/www.mobilier-design-occasion.fr\/magazine\/10-signes-quil-est-temps-de-poncer-votre-sol-en-marbre\/#6_Le_marbre_presente_des_zones_decolorees\" >6. Le marbre pr&eacute;sente des zones d&eacute;color&eacute;es<\/a><\/li><li class='ez-toc-page-1 ez-toc-heading-level-2'><a class=\"ez-toc-link ez-toc-heading-7\" href=\"https:\/\/www.mobilier-design-occasion.fr\/magazine\/10-signes-quil-est-temps-de-poncer-votre-sol-en-marbre\/#7_Lentretien_quotidien_devient_inefficace\" >7. L&#8217;entretien quotidien devient inefficace<\/a><\/li><li class='ez-toc-page-1 ez-toc-heading-level-2'><a class=\"ez-toc-link ez-toc-heading-8\" href=\"https:\/\/www.mobilier-design-occasion.fr\/magazine\/10-signes-quil-est-temps-de-poncer-votre-sol-en-marbre\/#8_Des_aureoles_persistent_apres_le_nettoyage\" >8. Des aur&eacute;oles persistent apr&egrave;s le nettoyage<\/a><\/li><li class='ez-toc-page-1 ez-toc-heading-level-2'><a class=\"ez-toc-link ez-toc-heading-9\" href=\"https:\/\/www.mobilier-design-occasion.fr\/magazine\/10-signes-quil-est-temps-de-poncer-votre-sol-en-marbre\/#9_Le_marbre_a_plus_de_10_ans_sans_entretien_professionnel\" >9. Le marbre a plus de 10 ans sans entretien professionnel<\/a><\/li><li class='ez-toc-page-1 ez-toc-heading-level-2'><a class=\"ez-toc-link ez-toc-heading-10\" href=\"https:\/\/www.mobilier-design-occasion.fr\/magazine\/10-signes-quil-est-temps-de-poncer-votre-sol-en-marbre\/#10_Vous_envisagez_de_vendre_ou_louer_votre_bien\" >10. Vous envisagez de vendre ou louer votre bien<\/a><\/li><li class='ez-toc-page-1 ez-toc-heading-level-2'><a class=\"ez-toc-link ez-toc-heading-11\" href=\"https:\/\/www.mobilier-design-occasion.fr\/magazine\/10-signes-quil-est-temps-de-poncer-votre-sol-en-marbre\/#Conclusion_ecoutez_votre_marbre\" >Conclusion : &eacute;coutez votre marbre<\/a><\/li><\/ul><\/nav><\/div>\n\n<p>Vous vous souvenez de cet &eacute;clat miroir au moment de l&#8217;installation ? Aujourd&#8217;hui, votre marbre ressemble &agrave; une surface mate et fatigu&eacute;e.<\/p>\n<p>Le passage r&eacute;p&eacute;t&eacute; des pieds use progressivement la couche superficielle. Les micro-rayures s&#8217;accumulent. La lumi&egrave;re ne se refl&egrave;te plus correctement.<\/p>\n<p>Un sol terne n&#8217;est pas qu&#8217;un probl&egrave;me esth&eacute;tique. C&#8217;est le signe que la protection naturelle du marbre s&#8217;amenuise. Le pon&ccedil;age &eacute;limine cette couche us&eacute;e et r&eacute;v&egrave;le le marbre intact en dessous.<\/p>\n<p>R&eacute;sultat : un brillant comme au premier jour. Simple, efficace, spectaculaire.<\/p>\n<h2><span class=\"ez-toc-section\" id=\"2_Des_rayures_visibles_parcourent_le_sol\"><\/span>2. Des rayures visibles parcourent le sol<span class=\"ez-toc-section-end\"><\/span><\/h2>\n<p>Les rayures sont les ennemies jur&eacute;es du marbre. Elles apparaissent partout : zones de passage, devant les meubles, pr&egrave;s des entr&eacute;es.<\/p>\n<p>Certaines sont superficielles (quelques microns de profondeur). D&#8217;autres creusent davantage la pierre. Toutes enlaidissent votre sol.<\/p>\n<p>Le nettoyage classique ne peut rien contre elles. Vous avez essay&eacute; mille fois sans succ&egrave;s. Seul le pon&ccedil;age permet d&#8217;&eacute;galiser la surface et de faire dispara&icirc;tre ces marques disgracieuses.<\/p>\n<p>Plus vous attendez, plus les rayures se multiplient. Agissez avant qu&#8217;il ne soit trop tard.<\/p>\n<h2><span class=\"ez-toc-section\" id=\"3_Des_taches_se_sont_incrustees_dans_la_pierre\"><\/span>3. Des taches se sont incrust&eacute;es dans la pierre<span class=\"ez-toc-section-end\"><\/span><\/h2>\n<p>Le marbre est poreux (beaucoup plus qu&#8217;on ne le croit). Les liquides p&eacute;n&egrave;trent dans sa structure : vin rouge, caf&eacute;, huile, produits acides.<\/p>\n<p>Vous avez tout essay&eacute; pour nettoyer ces taches. D&eacute;tergents sp&eacute;ciaux. Produits naturels. Techniques de grand-m&egrave;re. Rien n&#8217;y fait.<\/p>\n<p>Pourquoi ? Parce que la tache s&#8217;est infiltr&eacute;e en profondeur. Un simple nettoyage de surface ne suffit pas.<\/p>\n<p>Le pon&ccedil;age retire les couches sup&eacute;rieures du marbre. Il &eacute;limine ainsi les taches incrust&eacute;es et restaure l&#8217;uniformit&eacute; de la couleur. Pour les propri&eacute;taires parisiens confront&eacute;s &agrave; ce probl&egrave;me, faire appel &agrave; un service de <a href=\"https:\/\/www.service-parisien-poncage.fr\/\">pon&ccedil;age de sol en marbre &agrave; Paris<\/a> permet de retrouver rapidement un sol impeccable.<\/p>\n<h2><span class=\"ez-toc-section\" id=\"4_La_texture_est_devenue_irreguliere_au_toucher\"><\/span>4. La texture est devenue irr&eacute;guli&egrave;re au toucher<span class=\"ez-toc-section-end\"><\/span><\/h2>\n<p>Passez votre main sur votre sol. Sentez-vous des variations ? Des zones rugueuses alternent avec des parties lisses ?<\/p>\n<p>Cette irr&eacute;gularit&eacute; traduit une usure in&eacute;gale. Les zones de passage intense s&#8217;usent plus vite. Les coins prot&eacute;g&eacute;s conservent leur texture d&#8217;origine.<\/p>\n<p>Un sol irr&eacute;gulier accumule plus facilement la salet&eacute; (dans les creux et les asp&eacute;rit&eacute;s). Il devient plus difficile &agrave; entretenir. Et franchement moins agr&eacute;able sous les pieds.<\/p>\n<p>Le pon&ccedil;age uniformise l&#8217;ensemble de la surface. Votre sol retrouve une texture homog&egrave;ne. Partout.<\/p>\n<h2><span class=\"ez-toc-section\" id=\"5_Des_fissures_ou_eclats_sont_apparus\"><\/span>5. Des fissures ou &eacute;clats sont apparus<span class=\"ez-toc-section-end\"><\/span><\/h2>\n<p>Attention, signal d&#8217;alerte maximal ! Les fissures et &eacute;clats fragilisent structurellement votre marbre.<\/p>\n<p>Ils peuvent r&eacute;sulter d&#8217;un choc (chute d&#8217;objet lourd), de mouvements du support, ou simplement du vieillissement. Quelle que soit la cause, ils n&eacute;cessitent une intervention rapide.<\/p>\n<p>Avant le pon&ccedil;age, ces d&eacute;fauts doivent &ecirc;tre r&eacute;par&eacute;s avec des r&eacute;sines sp&eacute;ciales. Ensuite seulement, le pon&ccedil;age lisse l&#8217;ensemble et rend les r&eacute;parations quasi invisibles.<\/p>\n<p>Ne laissez pas une petite fissure devenir un probl&egrave;me majeur. Agissez maintenant.<\/p>\n<h2><span class=\"ez-toc-section\" id=\"6_Le_marbre_presente_des_zones_decolorees\"><\/span>6. Le marbre pr&eacute;sente des zones d&eacute;color&eacute;es<span class=\"ez-toc-section-end\"><\/span><\/h2>\n<p>Votre sol affiche des variations de teinte ? Certaines zones semblent plus claires ou plus fonc&eacute;es ?<\/p>\n<p>La d&eacute;coloration peut avoir plusieurs origines. Exposition prolong&eacute;e au soleil. Contact avec des produits chimiques inadapt&eacute;s. Humidit&eacute; excessive remontant du support.<\/p>\n<p>Ces diff&eacute;rences de couleur brisent l&#8217;harmonie visuelle de votre pi&egrave;ce. Elles attirent le regard (et pas dans le bon sens).<\/p>\n<p>Le pon&ccedil;age retire les couches alt&eacute;r&eacute;es et r&eacute;v&egrave;le le marbre sain. Les teintes redeviennent uniformes. L&#8217;&eacute;l&eacute;gance revient.<\/p>\n<h2><span class=\"ez-toc-section\" id=\"7_Lentretien_quotidien_devient_inefficace\"><\/span>7. L&#8217;entretien quotidien devient inefficace<span class=\"ez-toc-section-end\"><\/span><\/h2>\n<p>Vous passez la serpilli&egrave;re. Le sol reste sale. Vous nettoyez encore. M&ecirc;me r&eacute;sultat d&eacute;cevant.<\/p>\n<p>Quand le marbre est trop us&eacute;, sa surface poreuse retient la salet&eacute;. Les produits d&#8217;entretien ne p&eacute;n&egrave;trent plus correctement. Vous nettoyez deux fois plus pour un r&eacute;sultat deux fois moins bon.<\/p>\n<p>Frustrant, non ? C&#8217;est le cercle vicieux du marbre n&eacute;glig&eacute;.<\/p>\n<p>Apr&egrave;s un pon&ccedil;age suivi d&#8217;un traitement protecteur, l&#8217;entretien redevient simple. Rapide. Efficace. Vous gagnez du temps et de l&#8217;&eacute;nergie.<\/p>\n<h2><span class=\"ez-toc-section\" id=\"8_Des_aureoles_persistent_apres_le_nettoyage\"><\/span>8. Des aur&eacute;oles persistent apr&egrave;s le nettoyage<span class=\"ez-toc-section-end\"><\/span><\/h2>\n<p>Vous nettoyez votre sol. Il s&egrave;che. Et l&agrave;, surprise : des aur&eacute;oles apparaissent partout.<\/p>\n<p>Ces marques circulaires trahissent une surface endommag&eacute;e. Le marbre n&#8217;absorbe plus l&#8217;eau de mani&egrave;re homog&egrave;ne. Certaines zones retiennent l&#8217;humidit&eacute; plus longtemps que d&#8217;autres.<\/p>\n<p>Ces aur&eacute;oles donnent l&#8217;impression d&#8217;un sol mal entretenu (m&ecirc;me si vous y passez des heures). Injuste mais r&eacute;el.<\/p>\n<p>Le pon&ccedil;age corrige ces d&eacute;fauts d&#8217;absorption. Votre sol s&egrave;che uniform&eacute;ment. Fini les aur&eacute;oles disgracieuses.<\/p>\n<h2><span class=\"ez-toc-section\" id=\"9_Le_marbre_a_plus_de_10_ans_sans_entretien_professionnel\"><\/span>9. Le marbre a plus de 10 ans sans entretien professionnel<span class=\"ez-toc-section-end\"><\/span><\/h2>\n<p>Soyons honn&ecirc;tes. M&ecirc;me avec un entretien r&eacute;gulier, le marbre vieillit.<\/p>\n<p>Dix ans de passages quotidiens laissent des traces. L&#8217;usure s&#8217;accumule progressivement, presque imperceptiblement. Jusqu&#8217;au jour o&ugrave; vous r&eacute;alisez que votre sol a vraiment besoin d&#8217;aide.<\/p>\n<p>Le pon&ccedil;age n&#8217;est pas une d&eacute;pense. C&#8217;est un investissement dans la long&eacute;vit&eacute; de votre sol. Il peut repousser le remplacement de plusieurs d&eacute;cennies (et vous faire &eacute;conomiser des milliers d&#8217;euros).<\/p>\n<p>Consid&eacute;rez-le comme une r&eacute;vision compl&egrave;te. Votre marbre le m&eacute;rite.<\/p>\n<h2><span class=\"ez-toc-section\" id=\"10_Vous_envisagez_de_vendre_ou_louer_votre_bien\"><\/span>10. Vous envisagez de vendre ou louer votre bien<span class=\"ez-toc-section-end\"><\/span><\/h2>\n<p>Premier contact, premi&egrave;re impression. Un sol en marbre &eacute;clatant valorise instantan&eacute;ment votre propri&eacute;t&eacute;.<\/p>\n<p>Les acheteurs et locataires potentiels remarquent imm&eacute;diatement l&#8217;&eacute;tat des sols. Un marbre terne sugg&egrave;re un manque d&#8217;entretien g&eacute;n&eacute;ral. Un marbre brillant &eacute;voque le prestige et le soin.<\/p>\n<p>Le retour sur investissement d&#8217;un pon&ccedil;age avant mise en vente est impressionnant. Pour quelques centaines d&#8217;euros, vous pouvez augmenter la valeur per&ccedil;ue de plusieurs milliers.<\/p>\n<p>Vous voulez vendre vite. Vous voulez vendre bien. Commencez par vos sols.<\/p>\n<h2><span class=\"ez-toc-section\" id=\"Conclusion_ecoutez_votre_marbre\"><\/span>Conclusion : &eacute;coutez votre marbre<span class=\"ez-toc-section-end\"><\/span><\/h2>\n<p>Votre sol en marbre vous parle. Il vous envoie des signaux. Un signe isol&eacute; peut &ecirc;tre anodin. Plusieurs signes combin&eacute;s exigent une action.<\/p>\n<p>Le pon&ccedil;age n&#8217;est pas qu&#8217;une question d&#8217;esth&eacute;tique. C&#8217;est une n&eacute;cessit&eacute; pour pr&eacute;server ce mat&eacute;riau noble. Pour prot&eacute;ger votre investissement. Pour maintenir la beaut&eacute; de votre int&eacute;rieur.<\/p>\n<p>Vous avez identifi&eacute; un ou plusieurs de ces signes chez vous ? Ne reportez pas l&#8217;intervention. Plus vous attendez, plus les d&eacute;g&acirc;ts s&#8217;aggravent. Et plus la restauration devient complexe (donc co&ucirc;teuse).<\/p>\n<p>Faites appel &agrave; des professionnels qualifi&eacute;s. Ils &eacute;valueront l&#8217;&eacute;tat de votre marbre. Ils proposeront la solution adapt&eacute;e. Ils redonneront vie &agrave; votre sol.<\/p>\n<p>Votre marbre m&eacute;rite ce qu&#8217;il y a de mieux. Offrez-lui une seconde jeunesse.<\/p>\n","protected":false},"excerpt":{"rendered":"<p>Votre sol en marbre a perdu de son &eacute;clat ? Vous remarquez des taches tenaces qui refusent de partir ? Le marbre est un mat&eacute;riau noble, &eacute;l&eacute;gant, intemporel. Mais il demande de l&#8217;attention. Beaucoup d&#8217;attention m&ecirc;me. Ignorer les signes de d&eacute;t&eacute;rioration peut transformer votre magnifique rev&ecirc;tement en surface terne et ab&icirc;m&eacute;e. La bonne nouvelle ? [&hellip;]<\/p>\n","protected":false},"author":2,"featured_media":8637,"comment_status":"open","ping_status":"open","sticky":false,"template":"","format":"standard","meta":{"footnotes":""},"categories":[8],"tags":[],"class_list":["post-8635","post","type-post","status-publish","format-standard","has-post-thumbnail","hentry","category-avis"],"yoast_head":"<!-- This site is optimized with the Yoast SEO plugin v27.5 - https:\/\/yoast.com\/product\/yoast-seo-wordpress\/ -->\n<title>10 signes qu&#039;il est temps de poncer votre sol en marbre<\/title>\n<meta name=\"description\" content=\"Votre sol en marbre a perdu de son \u00e9clat ? Vous remarquez des taches tenaces qui refusent de partir ? Le marbre est un mat\u00e9riau noble, \u00e9l\u00e9gant, intemporel. Mais il demande de l&#039;attention. Beaucoup d&#039;attention m\u00eame.\" \/>\n<meta name=\"robots\" content=\"index, follow, max-snippet:-1, max-image-preview:large, max-video-preview:-1\" \/>\n<link rel=\"canonical\" href=\"https:\/\/www.mobilier-design-occasion.fr\/magazine\/10-signes-quil-est-temps-de-poncer-votre-sol-en-marbre\/\" \/>\n<meta property=\"og:locale\" content=\"fr_FR\" \/>\n<meta property=\"og:type\" content=\"article\" \/>\n<meta property=\"og:title\" content=\"10 signes qu&#039;il est temps de poncer votre sol en marbre\" \/>\n<meta property=\"og:description\" content=\"Votre sol en marbre a perdu de son \u00e9clat ? Vous remarquez des taches tenaces qui refusent de partir ? Le marbre est un mat\u00e9riau noble, \u00e9l\u00e9gant, intemporel. Mais il demande de l&#039;attention. Beaucoup d&#039;attention m\u00eame.\" \/>\n<meta property=\"og:url\" content=\"https:\/\/www.mobilier-design-occasion.fr\/magazine\/10-signes-quil-est-temps-de-poncer-votre-sol-en-marbre\/\" \/>\n<meta property=\"og:site_name\" content=\"Mobilier Design Magazine\" \/>\n<meta property=\"article:publisher\" content=\"https:\/\/www.facebook.com\/mobilierdesignoccasion\" \/>\n<meta property=\"article:published_time\" content=\"2025-12-02T08:04:57+00:00\" \/>\n<meta property=\"og:image\" content=\"https:\/\/www.mobilier-design-occasion.fr\/magazine\/wp-content\/uploads\/2025\/12\/gd2ca303559e2b64af37a1d7b0df5b79d89dc28c1c51407fa9f27ee320f3b0756359fe8cc497197ba1895fd085017d812cee55cade30013014c4c8772422ebfe5_1280.jpg\" \/>\n\t<meta property=\"og:image:width\" content=\"1280\" \/>\n\t<meta property=\"og:image:height\" content=\"853\" \/>\n\t<meta property=\"og:image:type\" content=\"image\/jpeg\" \/>\n<meta name=\"author\" content=\"Vincent Vandegans\" \/>\n<meta name=\"twitter:card\" content=\"summary_large_image\" \/>\n<meta name=\"twitter:label1\" content=\"\u00c9crit par\" \/>\n\t<meta name=\"twitter:data1\" content=\"Vincent Vandegans\" \/>\n\t<meta name=\"twitter:label2\" content=\"Dur\u00e9e de lecture estim\u00e9e\" \/>\n\t<meta name=\"twitter:data2\" content=\"7 minutes\" \/>\n<script type=\"application\/ld+json\" class=\"yoast-schema-graph\">{\"@context\":\"https:\\\/\\\/schema.org\",\"@graph\":[{\"@type\":\"Article\",\"@id\":\"https:\\\/\\\/www.mobilier-design-occasion.fr\\\/magazine\\\/10-signes-quil-est-temps-de-poncer-votre-sol-en-marbre\\\/#article\",\"isPartOf\":{\"@id\":\"https:\\\/\\\/www.mobilier-design-occasion.fr\\\/magazine\\\/10-signes-quil-est-temps-de-poncer-votre-sol-en-marbre\\\/\"},\"author\":{\"name\":\"Vincent Vandegans\",\"@id\":\"https:\\\/\\\/www.mobilier-design-occasion.fr\\\/magazine\\\/#\\\/schema\\\/person\\\/af895bedc80bfb6b17730a672fddac9e\"},\"headline\":\"10 signes qu&#8217;il est temps de poncer votre sol en marbre\",\"datePublished\":\"2025-12-02T08:04:57+00:00\",\"mainEntityOfPage\":{\"@id\":\"https:\\\/\\\/www.mobilier-design-occasion.fr\\\/magazine\\\/10-signes-quil-est-temps-de-poncer-votre-sol-en-marbre\\\/\"},\"wordCount\":1445,\"commentCount\":0,\"publisher\":{\"@id\":\"https:\\\/\\\/www.mobilier-design-occasion.fr\\\/magazine\\\/#organization\"},\"image\":{\"@id\":\"https:\\\/\\\/www.mobilier-design-occasion.fr\\\/magazine\\\/10-signes-quil-est-temps-de-poncer-votre-sol-en-marbre\\\/#primaryimage\"},\"thumbnailUrl\":\"https:\\\/\\\/www.mobilier-design-occasion.fr\\\/magazine\\\/wp-content\\\/uploads\\\/2025\\\/12\\\/gd2ca303559e2b64af37a1d7b0df5b79d89dc28c1c51407fa9f27ee320f3b0756359fe8cc497197ba1895fd085017d812cee55cade30013014c4c8772422ebfe5_1280.jpg\",\"articleSection\":[\"Avis marques d\u00e9co\"],\"inLanguage\":\"fr-FR\",\"potentialAction\":[{\"@type\":\"CommentAction\",\"name\":\"Comment\",\"target\":[\"https:\\\/\\\/www.mobilier-design-occasion.fr\\\/magazine\\\/10-signes-quil-est-temps-de-poncer-votre-sol-en-marbre\\\/#respond\"]}]},{\"@type\":\"WebPage\",\"@id\":\"https:\\\/\\\/www.mobilier-design-occasion.fr\\\/magazine\\\/10-signes-quil-est-temps-de-poncer-votre-sol-en-marbre\\\/\",\"url\":\"https:\\\/\\\/www.mobilier-design-occasion.fr\\\/magazine\\\/10-signes-quil-est-temps-de-poncer-votre-sol-en-marbre\\\/\",\"name\":\"10 signes qu'il est temps de poncer votre sol en marbre\",\"isPartOf\":{\"@id\":\"https:\\\/\\\/www.mobilier-design-occasion.fr\\\/magazine\\\/#website\"},\"primaryImageOfPage\":{\"@id\":\"https:\\\/\\\/www.mobilier-design-occasion.fr\\\/magazine\\\/10-signes-quil-est-temps-de-poncer-votre-sol-en-marbre\\\/#primaryimage\"},\"image\":{\"@id\":\"https:\\\/\\\/www.mobilier-design-occasion.fr\\\/magazine\\\/10-signes-quil-est-temps-de-poncer-votre-sol-en-marbre\\\/#primaryimage\"},\"thumbnailUrl\":\"https:\\\/\\\/www.mobilier-design-occasion.fr\\\/magazine\\\/wp-content\\\/uploads\\\/2025\\\/12\\\/gd2ca303559e2b64af37a1d7b0df5b79d89dc28c1c51407fa9f27ee320f3b0756359fe8cc497197ba1895fd085017d812cee55cade30013014c4c8772422ebfe5_1280.jpg\",\"datePublished\":\"2025-12-02T08:04:57+00:00\",\"description\":\"Votre sol en marbre a perdu de son \u00e9clat ? Vous remarquez des taches tenaces qui refusent de partir ? Le marbre est un mat\u00e9riau noble, \u00e9l\u00e9gant, intemporel. Mais il demande de l'attention. Beaucoup d'attention m\u00eame.\",\"breadcrumb\":{\"@id\":\"https:\\\/\\\/www.mobilier-design-occasion.fr\\\/magazine\\\/10-signes-quil-est-temps-de-poncer-votre-sol-en-marbre\\\/#breadcrumb\"},\"inLanguage\":\"fr-FR\",\"potentialAction\":[{\"@type\":\"ReadAction\",\"target\":[\"https:\\\/\\\/www.mobilier-design-occasion.fr\\\/magazine\\\/10-signes-quil-est-temps-de-poncer-votre-sol-en-marbre\\\/\"]}]},{\"@type\":\"ImageObject\",\"inLanguage\":\"fr-FR\",\"@id\":\"https:\\\/\\\/www.mobilier-design-occasion.fr\\\/magazine\\\/10-signes-quil-est-temps-de-poncer-votre-sol-en-marbre\\\/#primaryimage\",\"url\":\"https:\\\/\\\/www.mobilier-design-occasion.fr\\\/magazine\\\/wp-content\\\/uploads\\\/2025\\\/12\\\/gd2ca303559e2b64af37a1d7b0df5b79d89dc28c1c51407fa9f27ee320f3b0756359fe8cc497197ba1895fd085017d812cee55cade30013014c4c8772422ebfe5_1280.jpg\",\"contentUrl\":\"https:\\\/\\\/www.mobilier-design-occasion.fr\\\/magazine\\\/wp-content\\\/uploads\\\/2025\\\/12\\\/gd2ca303559e2b64af37a1d7b0df5b79d89dc28c1c51407fa9f27ee320f3b0756359fe8cc497197ba1895fd085017d812cee55cade30013014c4c8772422ebfe5_1280.jpg\",\"width\":1280,\"height\":853},{\"@type\":\"BreadcrumbList\",\"@id\":\"https:\\\/\\\/www.mobilier-design-occasion.fr\\\/magazine\\\/10-signes-quil-est-temps-de-poncer-votre-sol-en-marbre\\\/#breadcrumb\",\"itemListElement\":[{\"@type\":\"ListItem\",\"position\":1,\"name\":\"Accueil\",\"item\":\"https:\\\/\\\/www.mobilier-design-occasion.fr\\\/magazine\\\/\"},{\"@type\":\"ListItem\",\"position\":2,\"name\":\"10 signes qu&#8217;il est temps de poncer votre sol en marbre\"}]},{\"@type\":\"WebSite\",\"@id\":\"https:\\\/\\\/www.mobilier-design-occasion.fr\\\/magazine\\\/#website\",\"url\":\"https:\\\/\\\/www.mobilier-design-occasion.fr\\\/magazine\\\/\",\"name\":\"Mobilier Design Magazine\",\"description\":\"\",\"publisher\":{\"@id\":\"https:\\\/\\\/www.mobilier-design-occasion.fr\\\/magazine\\\/#organization\"},\"potentialAction\":[{\"@type\":\"SearchAction\",\"target\":{\"@type\":\"EntryPoint\",\"urlTemplate\":\"https:\\\/\\\/www.mobilier-design-occasion.fr\\\/magazine\\\/?s={search_term_string}\"},\"query-input\":{\"@type\":\"PropertyValueSpecification\",\"valueRequired\":true,\"valueName\":\"search_term_string\"}}],\"inLanguage\":\"fr-FR\"},{\"@type\":\"Organization\",\"@id\":\"https:\\\/\\\/www.mobilier-design-occasion.fr\\\/magazine\\\/#organization\",\"name\":\"Mobilier Design Magazine\",\"url\":\"https:\\\/\\\/www.mobilier-design-occasion.fr\\\/magazine\\\/\",\"logo\":{\"@type\":\"ImageObject\",\"inLanguage\":\"fr-FR\",\"@id\":\"https:\\\/\\\/www.mobilier-design-occasion.fr\\\/magazine\\\/#\\\/schema\\\/logo\\\/image\\\/\",\"url\":\"https:\\\/\\\/www.mobilier-design-occasion.fr\\\/magazine\\\/wp-content\\\/uploads\\\/2024\\\/02\\\/android-chrome-192x192-1.png\",\"contentUrl\":\"https:\\\/\\\/www.mobilier-design-occasion.fr\\\/magazine\\\/wp-content\\\/uploads\\\/2024\\\/02\\\/android-chrome-192x192-1.png\",\"width\":192,\"height\":192,\"caption\":\"Mobilier Design Magazine\"},\"image\":{\"@id\":\"https:\\\/\\\/www.mobilier-design-occasion.fr\\\/magazine\\\/#\\\/schema\\\/logo\\\/image\\\/\"},\"sameAs\":[\"https:\\\/\\\/www.facebook.com\\\/mobilierdesignoccasion\"]},{\"@type\":\"Person\",\"@id\":\"https:\\\/\\\/www.mobilier-design-occasion.fr\\\/magazine\\\/#\\\/schema\\\/person\\\/af895bedc80bfb6b17730a672fddac9e\",\"name\":\"Vincent Vandegans\",\"image\":{\"@type\":\"ImageObject\",\"inLanguage\":\"fr-FR\",\"@id\":\"https:\\\/\\\/secure.gravatar.com\\\/avatar\\\/b984800dabdf722d5e3f03f637c8932dea77d81118467d17ad2953e3b273ec66?s=96&d=mm&r=g\",\"url\":\"https:\\\/\\\/secure.gravatar.com\\\/avatar\\\/b984800dabdf722d5e3f03f637c8932dea77d81118467d17ad2953e3b273ec66?s=96&d=mm&r=g\",\"contentUrl\":\"https:\\\/\\\/secure.gravatar.com\\\/avatar\\\/b984800dabdf722d5e3f03f637c8932dea77d81118467d17ad2953e3b273ec66?s=96&d=mm&r=g\",\"caption\":\"Vincent Vandegans\"},\"description\":\"Vincent est passionn\u00e9 par les produits d'occasion, il a ouvert le site MDO avec Cyrielle pour aider les gens \u00e0 trouver du mobilier d'occasion, vintage ou usag\u00e9. Depuis, ils ont \u00e9tendu leurs activit\u00e9s et conseillent tout le monde sur le mobilier d'int\u00e9rieur et d'ext\u00e9rieur au quotidien \u00e0 travers le magazine MDO.\",\"url\":\"https:\\\/\\\/www.mobilier-design-occasion.fr\\\/magazine\\\/author\\\/vincent\\\/\"}]}<\/script>\n<!-- \/ Yoast SEO plugin. -->","yoast_head_json":{"title":"10 signes qu'il est temps de poncer votre sol en marbre","description":"Votre sol en marbre a perdu de son \u00e9clat ? Vous remarquez des taches tenaces qui refusent de partir ? Le marbre est un mat\u00e9riau noble, \u00e9l\u00e9gant, intemporel. Mais il demande de l'attention. Beaucoup d'attention m\u00eame.","robots":{"index":"index","follow":"follow","max-snippet":"max-snippet:-1","max-image-preview":"max-image-preview:large","max-video-preview":"max-video-preview:-1"},"canonical":"https:\/\/www.mobilier-design-occasion.fr\/magazine\/10-signes-quil-est-temps-de-poncer-votre-sol-en-marbre\/","og_locale":"fr_FR","og_type":"article","og_title":"10 signes qu'il est temps de poncer votre sol en marbre","og_description":"Votre sol en marbre a perdu de son \u00e9clat ? Vous remarquez des taches tenaces qui refusent de partir ? Le marbre est un mat\u00e9riau noble, \u00e9l\u00e9gant, intemporel. Mais il demande de l'attention. Beaucoup d'attention m\u00eame.","og_url":"https:\/\/www.mobilier-design-occasion.fr\/magazine\/10-signes-quil-est-temps-de-poncer-votre-sol-en-marbre\/","og_site_name":"Mobilier Design Magazine","article_publisher":"https:\/\/www.facebook.com\/mobilierdesignoccasion","article_published_time":"2025-12-02T08:04:57+00:00","og_image":[{"width":1280,"height":853,"url":"https:\/\/www.mobilier-design-occasion.fr\/magazine\/wp-content\/uploads\/2025\/12\/gd2ca303559e2b64af37a1d7b0df5b79d89dc28c1c51407fa9f27ee320f3b0756359fe8cc497197ba1895fd085017d812cee55cade30013014c4c8772422ebfe5_1280.jpg","type":"image\/jpeg"}],"author":"Vincent Vandegans","twitter_card":"summary_large_image","twitter_misc":{"\u00c9crit par":"Vincent Vandegans","Dur\u00e9e de lecture estim\u00e9e":"7 minutes"},"schema":{"@context":"https:\/\/schema.org","@graph":[{"@type":"Article","@id":"https:\/\/www.mobilier-design-occasion.fr\/magazine\/10-signes-quil-est-temps-de-poncer-votre-sol-en-marbre\/#article","isPartOf":{"@id":"https:\/\/www.mobilier-design-occasion.fr\/magazine\/10-signes-quil-est-temps-de-poncer-votre-sol-en-marbre\/"},"author":{"name":"Vincent Vandegans","@id":"https:\/\/www.mobilier-design-occasion.fr\/magazine\/#\/schema\/person\/af895bedc80bfb6b17730a672fddac9e"},"headline":"10 signes qu&#8217;il est temps de poncer votre sol en marbre","datePublished":"2025-12-02T08:04:57+00:00","mainEntityOfPage":{"@id":"https:\/\/www.mobilier-design-occasion.fr\/magazine\/10-signes-quil-est-temps-de-poncer-votre-sol-en-marbre\/"},"wordCount":1445,"commentCount":0,"publisher":{"@id":"https:\/\/www.mobilier-design-occasion.fr\/magazine\/#organization"},"image":{"@id":"https:\/\/www.mobilier-design-occasion.fr\/magazine\/10-signes-quil-est-temps-de-poncer-votre-sol-en-marbre\/#primaryimage"},"thumbnailUrl":"https:\/\/www.mobilier-design-occasion.fr\/magazine\/wp-content\/uploads\/2025\/12\/gd2ca303559e2b64af37a1d7b0df5b79d89dc28c1c51407fa9f27ee320f3b0756359fe8cc497197ba1895fd085017d812cee55cade30013014c4c8772422ebfe5_1280.jpg","articleSection":["Avis marques d\u00e9co"],"inLanguage":"fr-FR","potentialAction":[{"@type":"CommentAction","name":"Comment","target":["https:\/\/www.mobilier-design-occasion.fr\/magazine\/10-signes-quil-est-temps-de-poncer-votre-sol-en-marbre\/#respond"]}]},{"@type":"WebPage","@id":"https:\/\/www.mobilier-design-occasion.fr\/magazine\/10-signes-quil-est-temps-de-poncer-votre-sol-en-marbre\/","url":"https:\/\/www.mobilier-design-occasion.fr\/magazine\/10-signes-quil-est-temps-de-poncer-votre-sol-en-marbre\/","name":"10 signes qu'il est temps de poncer votre sol en marbre","isPartOf":{"@id":"https:\/\/www.mobilier-design-occasion.fr\/magazine\/#website"},"primaryImageOfPage":{"@id":"https:\/\/www.mobilier-design-occasion.fr\/magazine\/10-signes-quil-est-temps-de-poncer-votre-sol-en-marbre\/#primaryimage"},"image":{"@id":"https:\/\/www.mobilier-design-occasion.fr\/magazine\/10-signes-quil-est-temps-de-poncer-votre-sol-en-marbre\/#primaryimage"},"thumbnailUrl":"https:\/\/www.mobilier-design-occasion.fr\/magazine\/wp-content\/uploads\/2025\/12\/gd2ca303559e2b64af37a1d7b0df5b79d89dc28c1c51407fa9f27ee320f3b0756359fe8cc497197ba1895fd085017d812cee55cade30013014c4c8772422ebfe5_1280.jpg","datePublished":"2025-12-02T08:04:57+00:00","description":"Votre sol en marbre a perdu de son \u00e9clat ? Vous remarquez des taches tenaces qui refusent de partir ? Le marbre est un mat\u00e9riau noble, \u00e9l\u00e9gant, intemporel. Mais il demande de l'attention. Beaucoup d'attention m\u00eame.","breadcrumb":{"@id":"https:\/\/www.mobilier-design-occasion.fr\/magazine\/10-signes-quil-est-temps-de-poncer-votre-sol-en-marbre\/#breadcrumb"},"inLanguage":"fr-FR","potentialAction":[{"@type":"ReadAction","target":["https:\/\/www.mobilier-design-occasion.fr\/magazine\/10-signes-quil-est-temps-de-poncer-votre-sol-en-marbre\/"]}]},{"@type":"ImageObject","inLanguage":"fr-FR","@id":"https:\/\/www.mobilier-design-occasion.fr\/magazine\/10-signes-quil-est-temps-de-poncer-votre-sol-en-marbre\/#primaryimage","url":"https:\/\/www.mobilier-design-occasion.fr\/magazine\/wp-content\/uploads\/2025\/12\/gd2ca303559e2b64af37a1d7b0df5b79d89dc28c1c51407fa9f27ee320f3b0756359fe8cc497197ba1895fd085017d812cee55cade30013014c4c8772422ebfe5_1280.jpg","contentUrl":"https:\/\/www.mobilier-design-occasion.fr\/magazine\/wp-content\/uploads\/2025\/12\/gd2ca303559e2b64af37a1d7b0df5b79d89dc28c1c51407fa9f27ee320f3b0756359fe8cc497197ba1895fd085017d812cee55cade30013014c4c8772422ebfe5_1280.jpg","width":1280,"height":853},{"@type":"BreadcrumbList","@id":"https:\/\/www.mobilier-design-occasion.fr\/magazine\/10-signes-quil-est-temps-de-poncer-votre-sol-en-marbre\/#breadcrumb","itemListElement":[{"@type":"ListItem","position":1,"name":"Accueil","item":"https:\/\/www.mobilier-design-occasion.fr\/magazine\/"},{"@type":"ListItem","position":2,"name":"10 signes qu&#8217;il est temps de poncer votre sol en marbre"}]},{"@type":"WebSite","@id":"https:\/\/www.mobilier-design-occasion.fr\/magazine\/#website","url":"https:\/\/www.mobilier-design-occasion.fr\/magazine\/","name":"Mobilier Design Magazine","description":"","publisher":{"@id":"https:\/\/www.mobilier-design-occasion.fr\/magazine\/#organization"},"potentialAction":[{"@type":"SearchAction","target":{"@type":"EntryPoint","urlTemplate":"https:\/\/www.mobilier-design-occasion.fr\/magazine\/?s={search_term_string}"},"query-input":{"@type":"PropertyValueSpecification","valueRequired":true,"valueName":"search_term_string"}}],"inLanguage":"fr-FR"},{"@type":"Organization","@id":"https:\/\/www.mobilier-design-occasion.fr\/magazine\/#organization","name":"Mobilier Design Magazine","url":"https:\/\/www.mobilier-design-occasion.fr\/magazine\/","logo":{"@type":"ImageObject","inLanguage":"fr-FR","@id":"https:\/\/www.mobilier-design-occasion.fr\/magazine\/#\/schema\/logo\/image\/","url":"https:\/\/www.mobilier-design-occasion.fr\/magazine\/wp-content\/uploads\/2024\/02\/android-chrome-192x192-1.png","contentUrl":"https:\/\/www.mobilier-design-occasion.fr\/magazine\/wp-content\/uploads\/2024\/02\/android-chrome-192x192-1.png","width":192,"height":192,"caption":"Mobilier Design Magazine"},"image":{"@id":"https:\/\/www.mobilier-design-occasion.fr\/magazine\/#\/schema\/logo\/image\/"},"sameAs":["https:\/\/www.facebook.com\/mobilierdesignoccasion"]},{"@type":"Person","@id":"https:\/\/www.mobilier-design-occasion.fr\/magazine\/#\/schema\/person\/af895bedc80bfb6b17730a672fddac9e","name":"Vincent Vandegans","image":{"@type":"ImageObject","inLanguage":"fr-FR","@id":"https:\/\/secure.gravatar.com\/avatar\/b984800dabdf722d5e3f03f637c8932dea77d81118467d17ad2953e3b273ec66?s=96&d=mm&r=g","url":"https:\/\/secure.gravatar.com\/avatar\/b984800dabdf722d5e3f03f637c8932dea77d81118467d17ad2953e3b273ec66?s=96&d=mm&r=g","contentUrl":"https:\/\/secure.gravatar.com\/avatar\/b984800dabdf722d5e3f03f637c8932dea77d81118467d17ad2953e3b273ec66?s=96&d=mm&r=g","caption":"Vincent Vandegans"},"description":"Vincent est passionn\u00e9 par les produits d'occasion, il a ouvert le site MDO avec Cyrielle pour aider les gens \u00e0 trouver du mobilier d'occasion, vintage ou usag\u00e9. Depuis, ils ont \u00e9tendu leurs activit\u00e9s et conseillent tout le monde sur le mobilier d'int\u00e9rieur et d'ext\u00e9rieur au quotidien \u00e0 travers le magazine MDO.","url":"https:\/\/www.mobilier-design-occasion.fr\/magazine\/author\/vincent\/"}]}},"_links":{"self":[{"href":"https:\/\/www.mobilier-design-occasion.fr\/magazine\/wp-json\/wp\/v2\/posts\/8635","targetHints":{"allow":["GET"]}}],"collection":[{"href":"https:\/\/www.mobilier-design-occasion.fr\/magazine\/wp-json\/wp\/v2\/posts"}],"about":[{"href":"https:\/\/www.mobilier-design-occasion.fr\/magazine\/wp-json\/wp\/v2\/types\/post"}],"author":[{"embeddable":true,"href":"https:\/\/www.mobilier-design-occasion.fr\/magazine\/wp-json\/wp\/v2\/users\/2"}],"replies":[{"embeddable":true,"href":"https:\/\/www.mobilier-design-occasion.fr\/magazine\/wp-json\/wp\/v2\/comments?post=8635"}],"version-history":[{"count":1,"href":"https:\/\/www.mobilier-design-occasion.fr\/magazine\/wp-json\/wp\/v2\/posts\/8635\/revisions"}],"predecessor-version":[{"id":8636,"href":"https:\/\/www.mobilier-design-occasion.fr\/magazine\/wp-json\/wp\/v2\/posts\/8635\/revisions\/8636"}],"wp:featuredmedia":[{"embeddable":true,"href":"https:\/\/www.mobilier-design-occasion.fr\/magazine\/wp-json\/wp\/v2\/media\/8637"}],"wp:attachment":[{"href":"https:\/\/www.mobilier-design-occasion.fr\/magazine\/wp-json\/wp\/v2\/media?parent=8635"}],"wp:term":[{"taxonomy":"category","embeddable":true,"href":"https:\/\/www.mobilier-design-occasion.fr\/magazine\/wp-json\/wp\/v2\/categories?post=8635"},{"taxonomy":"post_tag","embeddable":true,"href":"https:\/\/www.mobilier-design-occasion.fr\/magazine\/wp-json\/wp\/v2\/tags?post=8635"}],"curies":[{"name":"wp","href":"https:\/\/api.w.org\/{rel}","templated":true}]}}