{"id":8630,"date":"2025-12-01T15:24:09","date_gmt":"2025-12-01T15:24:09","guid":{"rendered":"https:\/\/www.mobilier-design-occasion.fr\/magazine\/tabouret-de-cuisine-quel-choix-pour-allier-elegance-et-praticite\/"},"modified":"2025-12-01T15:24:11","modified_gmt":"2025-12-01T15:24:11","slug":"tabouret-de-cuisine-quel-choix-pour-allier-elegance-et-praticite","status":"publish","type":"post","link":"https:\/\/www.mobilier-design-occasion.fr\/magazine\/tabouret-de-cuisine-quel-choix-pour-allier-elegance-et-praticite\/","title":{"rendered":"Tabouret de cuisine\u00a0: quel choix pour allier \u00e9l\u00e9gance et praticit\u00e9\u00a0?"},"content":{"rendered":"<div>\n<p>La <strong>cuisine moderne<\/strong> exige des meubles qui conjuguent style et fonctionnalit\u00e9 sans compromis. Le tabouret devient alors bien plus qu\u2019un simple si\u00e8ge. En effet, il structure l\u2019espace et facilite les \u00e9changes autour de l\u2019<strong>\u00eelot central<\/strong>. Il refl\u00e8te \u00e9galement vos choix esth\u00e9tiques. Toutefois, comment identifier le mod\u00e8le qui r\u00e9pondra pr\u00e9cis\u00e9ment \u00e0 vos attentes quotidiennes\u2009? On en parle ici.<\/p>\n<h2>Les crit\u00e8res de s\u00e9lection \u00e0 privil\u00e9gier<\/h2>\n<p><img decoding=\"async\" class=\"aligncenter\" src=\"https:\/\/www.mobilier-design-occasion.fr\/magazine\/wp-content\/uploads\/2025\/12\/b79ee8ee26249a24fd3ad95a8a76ad0d.jpeg\" width=\"700\"><br \/>Votre choix d\u00e9pendra d\u2019abord de l\u2019usage pr\u00e9vu. Pour les <strong>petits espaces<\/strong>, <a href=\"https:\/\/stooly.fr\/collections\/tabouret-pliable\">opter pour un tabouret pliable<\/a> facilite le rangement tout en pr\u00e9servant la circulation. La <strong>hauteur<\/strong> constitue un param\u00e8tre d\u00e9terminant. Pour un bon choix, mesurez la <strong>distance<\/strong> entre le sol et le plan de travail. Ensuite, soustrayez 25 \u00e0 30\u00a0centim\u00e8tres. Consid\u00e9rez \u00e9galement ces \u00e9l\u00e9ments\u00a0:<\/p>\n<ul>\n<li>mat\u00e9riau du plateau d\u2019assise (bois, m\u00e9tal, plastique moul\u00e9)\u2009;<\/li>\n<li>pr\u00e9sence ou absence d\u2019un dossier\u2009;<\/li>\n<li>syst\u00e8me de r\u00e9glage en hauteur\u2009;<\/li>\n<li>capacit\u00e9 de charge maximale<\/li>\n<li>stabilit\u00e9 de la base, etc.<\/li>\n<\/ul>\n<p>Sachez-le\u00a0: le confort ne se n\u00e9gocie pas. En effet, m\u00eame pour des assises ponctuelles, privil\u00e9giez des <strong>mod\u00e8les ergonomiques<\/strong> qui soutiennent correctement le dos.<\/p>\n<h2>Harmoniser style et contraintes pratiques<\/h2>\n<p><img decoding=\"async\" class=\"aligncenter\" src=\"https:\/\/www.mobilier-design-occasion.fr\/magazine\/wp-content\/uploads\/2025\/12\/599d88e5a0e7a0b3e561f2ca9adadddf.jpeg\" width=\"700\"><br \/>L\u2019<strong>esth\u00e9tique<\/strong> influence directement l\u2019atmosph\u00e8re de votre cuisine. En effet, les <strong>tabourets<\/strong> <strong>scandinaves<\/strong> en bois clair apportent une touche chaleureuse. Par contre, les <strong>versions<\/strong> <strong>industrielles<\/strong> en m\u00e9tal noir affirment un caract\u00e8re contemporain. Par ailleurs, pensez \u00e9galement \u00e0 la coh\u00e9rence de l\u2019ensemble.<\/p>\n<p>Vos tabourets dialoguent avec le mobilier existant. Un d\u00e9tail compte souvent plus qu\u2019on ne le pense. L\u2019entretien m\u00e9rite aussi votre attention. Les <strong>rev\u00eatements en simili-cuir<\/strong> se nettoient d\u2019un coup d\u2019\u00e9ponge, contrairement aux tissus qui exigent davantage de vigilance. Pour les familles, cette diff\u00e9rence fait toute la nuance au quotidien. Testez la <strong>stabilit\u00e9 en magasin<\/strong> avant tout achat d\u00e9finitif.<\/p>\n<\/div>\n","protected":false},"excerpt":{"rendered":"<p>La cuisine moderne exige des meubles qui conjuguent style et fonctionnalit\u00e9 sans compromis. Le tabouret devient alors bien plus qu\u2019un simple si\u00e8ge. En effet, il structure l\u2019espace et facilite les \u00e9changes autour de l\u2019\u00eelot central. Il refl\u00e8te \u00e9galement vos choix esth\u00e9tiques. Toutefois, comment identifier le mod\u00e8le qui r\u00e9pondra pr\u00e9cis\u00e9ment \u00e0 vos attentes quotidiennes\u2009? On en [&hellip;]<\/p>\n","protected":false},"author":2,"featured_media":8634,"comment_status":"open","ping_status":"open","sticky":false,"template":"","format":"standard","meta":{"footnotes":""},"categories":[121],"tags":[],"class_list":["post-8630","post","type-post","status-publish","format-standard","has-post-thumbnail","hentry","category-cuisine"],"yoast_head":"<!-- This site is optimized with the Yoast SEO plugin v27.5 - https:\/\/yoast.com\/product\/yoast-seo-wordpress\/ -->\n<title>Tabouret de cuisine\u00a0: quel choix pour allier \u00e9l\u00e9gance et praticit\u00e9\u00a0?<\/title>\n<meta name=\"description\" content=\"Le tabouret de cuisine incarne d\u00e9sormais un \u00e9quilibre d\u00e9licat entre design affirm\u00e9 et robustesse. Pour en profiter pleinement, un bon choix s\u2019impose !\" \/>\n<meta name=\"robots\" content=\"index, follow, max-snippet:-1, max-image-preview:large, max-video-preview:-1\" \/>\n<link rel=\"canonical\" href=\"https:\/\/www.mobilier-design-occasion.fr\/magazine\/tabouret-de-cuisine-quel-choix-pour-allier-elegance-et-praticite\/\" \/>\n<meta property=\"og:locale\" content=\"fr_FR\" \/>\n<meta property=\"og:type\" content=\"article\" \/>\n<meta property=\"og:title\" content=\"Tabouret de cuisine\u00a0: quel choix pour allier \u00e9l\u00e9gance et praticit\u00e9\u00a0?\" \/>\n<meta property=\"og:description\" content=\"Le tabouret de cuisine incarne d\u00e9sormais un \u00e9quilibre d\u00e9licat entre design affirm\u00e9 et robustesse. Pour en profiter pleinement, un bon choix s\u2019impose !\" \/>\n<meta property=\"og:url\" content=\"https:\/\/www.mobilier-design-occasion.fr\/magazine\/tabouret-de-cuisine-quel-choix-pour-allier-elegance-et-praticite\/\" \/>\n<meta property=\"og:site_name\" content=\"Mobilier Design Magazine\" \/>\n<meta property=\"article:publisher\" content=\"https:\/\/www.facebook.com\/mobilierdesignoccasion\" \/>\n<meta property=\"article:published_time\" content=\"2025-12-01T15:24:09+00:00\" \/>\n<meta property=\"article:modified_time\" content=\"2025-12-01T15:24:11+00:00\" \/>\n<meta property=\"og:image\" content=\"https:\/\/www.mobilier-design-occasion.fr\/magazine\/wp-content\/uploads\/2025\/12\/5128b501efc607a2caab547f2c07d5b4.jpeg\" \/>\n\t<meta property=\"og:image:width\" content=\"848\" \/>\n\t<meta property=\"og:image:height\" content=\"565\" \/>\n\t<meta property=\"og:image:type\" content=\"image\/jpeg\" \/>\n<meta name=\"author\" content=\"Vincent Vandegans\" \/>\n<meta name=\"twitter:card\" content=\"summary_large_image\" \/>\n<meta name=\"twitter:label1\" content=\"\u00c9crit par\" \/>\n\t<meta name=\"twitter:data1\" content=\"Vincent Vandegans\" \/>\n\t<meta name=\"twitter:label2\" content=\"Dur\u00e9e de lecture estim\u00e9e\" \/>\n\t<meta name=\"twitter:data2\" content=\"2 minutes\" \/>\n<script type=\"application\/ld+json\" class=\"yoast-schema-graph\">{\"@context\":\"https:\\\/\\\/schema.org\",\"@graph\":[{\"@type\":\"Article\",\"@id\":\"https:\\\/\\\/www.mobilier-design-occasion.fr\\\/magazine\\\/tabouret-de-cuisine-quel-choix-pour-allier-elegance-et-praticite\\\/#article\",\"isPartOf\":{\"@id\":\"https:\\\/\\\/www.mobilier-design-occasion.fr\\\/magazine\\\/tabouret-de-cuisine-quel-choix-pour-allier-elegance-et-praticite\\\/\"},\"author\":{\"name\":\"Vincent Vandegans\",\"@id\":\"https:\\\/\\\/www.mobilier-design-occasion.fr\\\/magazine\\\/#\\\/schema\\\/person\\\/af895bedc80bfb6b17730a672fddac9e\"},\"headline\":\"Tabouret de cuisine\u00a0: quel choix pour allier \u00e9l\u00e9gance et praticit\u00e9\u00a0?\",\"datePublished\":\"2025-12-01T15:24:09+00:00\",\"dateModified\":\"2025-12-01T15:24:11+00:00\",\"mainEntityOfPage\":{\"@id\":\"https:\\\/\\\/www.mobilier-design-occasion.fr\\\/magazine\\\/tabouret-de-cuisine-quel-choix-pour-allier-elegance-et-praticite\\\/\"},\"wordCount\":327,\"commentCount\":0,\"publisher\":{\"@id\":\"https:\\\/\\\/www.mobilier-design-occasion.fr\\\/magazine\\\/#organization\"},\"image\":{\"@id\":\"https:\\\/\\\/www.mobilier-design-occasion.fr\\\/magazine\\\/tabouret-de-cuisine-quel-choix-pour-allier-elegance-et-praticite\\\/#primaryimage\"},\"thumbnailUrl\":\"https:\\\/\\\/www.mobilier-design-occasion.fr\\\/magazine\\\/wp-content\\\/uploads\\\/2025\\\/12\\\/5128b501efc607a2caab547f2c07d5b4.jpeg\",\"articleSection\":[\"Cuisine\"],\"inLanguage\":\"fr-FR\",\"potentialAction\":[{\"@type\":\"CommentAction\",\"name\":\"Comment\",\"target\":[\"https:\\\/\\\/www.mobilier-design-occasion.fr\\\/magazine\\\/tabouret-de-cuisine-quel-choix-pour-allier-elegance-et-praticite\\\/#respond\"]}]},{\"@type\":\"WebPage\",\"@id\":\"https:\\\/\\\/www.mobilier-design-occasion.fr\\\/magazine\\\/tabouret-de-cuisine-quel-choix-pour-allier-elegance-et-praticite\\\/\",\"url\":\"https:\\\/\\\/www.mobilier-design-occasion.fr\\\/magazine\\\/tabouret-de-cuisine-quel-choix-pour-allier-elegance-et-praticite\\\/\",\"name\":\"Tabouret de cuisine\u00a0: quel choix pour allier \u00e9l\u00e9gance et praticit\u00e9\u00a0?\",\"isPartOf\":{\"@id\":\"https:\\\/\\\/www.mobilier-design-occasion.fr\\\/magazine\\\/#website\"},\"primaryImageOfPage\":{\"@id\":\"https:\\\/\\\/www.mobilier-design-occasion.fr\\\/magazine\\\/tabouret-de-cuisine-quel-choix-pour-allier-elegance-et-praticite\\\/#primaryimage\"},\"image\":{\"@id\":\"https:\\\/\\\/www.mobilier-design-occasion.fr\\\/magazine\\\/tabouret-de-cuisine-quel-choix-pour-allier-elegance-et-praticite\\\/#primaryimage\"},\"thumbnailUrl\":\"https:\\\/\\\/www.mobilier-design-occasion.fr\\\/magazine\\\/wp-content\\\/uploads\\\/2025\\\/12\\\/5128b501efc607a2caab547f2c07d5b4.jpeg\",\"datePublished\":\"2025-12-01T15:24:09+00:00\",\"dateModified\":\"2025-12-01T15:24:11+00:00\",\"description\":\"Le tabouret de cuisine incarne d\u00e9sormais un \u00e9quilibre d\u00e9licat entre design affirm\u00e9 et robustesse. Pour en profiter pleinement, un bon choix s\u2019impose !\",\"breadcrumb\":{\"@id\":\"https:\\\/\\\/www.mobilier-design-occasion.fr\\\/magazine\\\/tabouret-de-cuisine-quel-choix-pour-allier-elegance-et-praticite\\\/#breadcrumb\"},\"inLanguage\":\"fr-FR\",\"potentialAction\":[{\"@type\":\"ReadAction\",\"target\":[\"https:\\\/\\\/www.mobilier-design-occasion.fr\\\/magazine\\\/tabouret-de-cuisine-quel-choix-pour-allier-elegance-et-praticite\\\/\"]}]},{\"@type\":\"ImageObject\",\"inLanguage\":\"fr-FR\",\"@id\":\"https:\\\/\\\/www.mobilier-design-occasion.fr\\\/magazine\\\/tabouret-de-cuisine-quel-choix-pour-allier-elegance-et-praticite\\\/#primaryimage\",\"url\":\"https:\\\/\\\/www.mobilier-design-occasion.fr\\\/magazine\\\/wp-content\\\/uploads\\\/2025\\\/12\\\/5128b501efc607a2caab547f2c07d5b4.jpeg\",\"contentUrl\":\"https:\\\/\\\/www.mobilier-design-occasion.fr\\\/magazine\\\/wp-content\\\/uploads\\\/2025\\\/12\\\/5128b501efc607a2caab547f2c07d5b4.jpeg\",\"width\":848,\"height\":565},{\"@type\":\"BreadcrumbList\",\"@id\":\"https:\\\/\\\/www.mobilier-design-occasion.fr\\\/magazine\\\/tabouret-de-cuisine-quel-choix-pour-allier-elegance-et-praticite\\\/#breadcrumb\",\"itemListElement\":[{\"@type\":\"ListItem\",\"position\":1,\"name\":\"Accueil\",\"item\":\"https:\\\/\\\/www.mobilier-design-occasion.fr\\\/magazine\\\/\"},{\"@type\":\"ListItem\",\"position\":2,\"name\":\"Tabouret de cuisine\u00a0: quel choix pour allier \u00e9l\u00e9gance et praticit\u00e9\u00a0?\"}]},{\"@type\":\"WebSite\",\"@id\":\"https:\\\/\\\/www.mobilier-design-occasion.fr\\\/magazine\\\/#website\",\"url\":\"https:\\\/\\\/www.mobilier-design-occasion.fr\\\/magazine\\\/\",\"name\":\"Mobilier Design Magazine\",\"description\":\"\",\"publisher\":{\"@id\":\"https:\\\/\\\/www.mobilier-design-occasion.fr\\\/magazine\\\/#organization\"},\"potentialAction\":[{\"@type\":\"SearchAction\",\"target\":{\"@type\":\"EntryPoint\",\"urlTemplate\":\"https:\\\/\\\/www.mobilier-design-occasion.fr\\\/magazine\\\/?s={search_term_string}\"},\"query-input\":{\"@type\":\"PropertyValueSpecification\",\"valueRequired\":true,\"valueName\":\"search_term_string\"}}],\"inLanguage\":\"fr-FR\"},{\"@type\":\"Organization\",\"@id\":\"https:\\\/\\\/www.mobilier-design-occasion.fr\\\/magazine\\\/#organization\",\"name\":\"Mobilier Design Magazine\",\"url\":\"https:\\\/\\\/www.mobilier-design-occasion.fr\\\/magazine\\\/\",\"logo\":{\"@type\":\"ImageObject\",\"inLanguage\":\"fr-FR\",\"@id\":\"https:\\\/\\\/www.mobilier-design-occasion.fr\\\/magazine\\\/#\\\/schema\\\/logo\\\/image\\\/\",\"url\":\"https:\\\/\\\/www.mobilier-design-occasion.fr\\\/magazine\\\/wp-content\\\/uploads\\\/2024\\\/02\\\/android-chrome-192x192-1.png\",\"contentUrl\":\"https:\\\/\\\/www.mobilier-design-occasion.fr\\\/magazine\\\/wp-content\\\/uploads\\\/2024\\\/02\\\/android-chrome-192x192-1.png\",\"width\":192,\"height\":192,\"caption\":\"Mobilier Design Magazine\"},\"image\":{\"@id\":\"https:\\\/\\\/www.mobilier-design-occasion.fr\\\/magazine\\\/#\\\/schema\\\/logo\\\/image\\\/\"},\"sameAs\":[\"https:\\\/\\\/www.facebook.com\\\/mobilierdesignoccasion\"]},{\"@type\":\"Person\",\"@id\":\"https:\\\/\\\/www.mobilier-design-occasion.fr\\\/magazine\\\/#\\\/schema\\\/person\\\/af895bedc80bfb6b17730a672fddac9e\",\"name\":\"Vincent Vandegans\",\"image\":{\"@type\":\"ImageObject\",\"inLanguage\":\"fr-FR\",\"@id\":\"https:\\\/\\\/secure.gravatar.com\\\/avatar\\\/b984800dabdf722d5e3f03f637c8932dea77d81118467d17ad2953e3b273ec66?s=96&d=mm&r=g\",\"url\":\"https:\\\/\\\/secure.gravatar.com\\\/avatar\\\/b984800dabdf722d5e3f03f637c8932dea77d81118467d17ad2953e3b273ec66?s=96&d=mm&r=g\",\"contentUrl\":\"https:\\\/\\\/secure.gravatar.com\\\/avatar\\\/b984800dabdf722d5e3f03f637c8932dea77d81118467d17ad2953e3b273ec66?s=96&d=mm&r=g\",\"caption\":\"Vincent Vandegans\"},\"description\":\"Vincent est passionn\u00e9 par les produits d'occasion, il a ouvert le site MDO avec Cyrielle pour aider les gens \u00e0 trouver du mobilier d'occasion, vintage ou usag\u00e9. Depuis, ils ont \u00e9tendu leurs activit\u00e9s et conseillent tout le monde sur le mobilier d'int\u00e9rieur et d'ext\u00e9rieur au quotidien \u00e0 travers le magazine MDO.\",\"url\":\"https:\\\/\\\/www.mobilier-design-occasion.fr\\\/magazine\\\/author\\\/vincent\\\/\"}]}<\/script>\n<!-- \/ Yoast SEO plugin. -->","yoast_head_json":{"title":"Tabouret de cuisine\u00a0: quel choix pour allier \u00e9l\u00e9gance et praticit\u00e9\u00a0?","description":"Le tabouret de cuisine incarne d\u00e9sormais un \u00e9quilibre d\u00e9licat entre design affirm\u00e9 et robustesse. Pour en profiter pleinement, un bon choix s\u2019impose !","robots":{"index":"index","follow":"follow","max-snippet":"max-snippet:-1","max-image-preview":"max-image-preview:large","max-video-preview":"max-video-preview:-1"},"canonical":"https:\/\/www.mobilier-design-occasion.fr\/magazine\/tabouret-de-cuisine-quel-choix-pour-allier-elegance-et-praticite\/","og_locale":"fr_FR","og_type":"article","og_title":"Tabouret de cuisine\u00a0: quel choix pour allier \u00e9l\u00e9gance et praticit\u00e9\u00a0?","og_description":"Le tabouret de cuisine incarne d\u00e9sormais un \u00e9quilibre d\u00e9licat entre design affirm\u00e9 et robustesse. Pour en profiter pleinement, un bon choix s\u2019impose !","og_url":"https:\/\/www.mobilier-design-occasion.fr\/magazine\/tabouret-de-cuisine-quel-choix-pour-allier-elegance-et-praticite\/","og_site_name":"Mobilier Design Magazine","article_publisher":"https:\/\/www.facebook.com\/mobilierdesignoccasion","article_published_time":"2025-12-01T15:24:09+00:00","article_modified_time":"2025-12-01T15:24:11+00:00","og_image":[{"width":848,"height":565,"url":"https:\/\/www.mobilier-design-occasion.fr\/magazine\/wp-content\/uploads\/2025\/12\/5128b501efc607a2caab547f2c07d5b4.jpeg","type":"image\/jpeg"}],"author":"Vincent Vandegans","twitter_card":"summary_large_image","twitter_misc":{"\u00c9crit par":"Vincent Vandegans","Dur\u00e9e de lecture estim\u00e9e":"2 minutes"},"schema":{"@context":"https:\/\/schema.org","@graph":[{"@type":"Article","@id":"https:\/\/www.mobilier-design-occasion.fr\/magazine\/tabouret-de-cuisine-quel-choix-pour-allier-elegance-et-praticite\/#article","isPartOf":{"@id":"https:\/\/www.mobilier-design-occasion.fr\/magazine\/tabouret-de-cuisine-quel-choix-pour-allier-elegance-et-praticite\/"},"author":{"name":"Vincent Vandegans","@id":"https:\/\/www.mobilier-design-occasion.fr\/magazine\/#\/schema\/person\/af895bedc80bfb6b17730a672fddac9e"},"headline":"Tabouret de cuisine\u00a0: quel choix pour allier \u00e9l\u00e9gance et praticit\u00e9\u00a0?","datePublished":"2025-12-01T15:24:09+00:00","dateModified":"2025-12-01T15:24:11+00:00","mainEntityOfPage":{"@id":"https:\/\/www.mobilier-design-occasion.fr\/magazine\/tabouret-de-cuisine-quel-choix-pour-allier-elegance-et-praticite\/"},"wordCount":327,"commentCount":0,"publisher":{"@id":"https:\/\/www.mobilier-design-occasion.fr\/magazine\/#organization"},"image":{"@id":"https:\/\/www.mobilier-design-occasion.fr\/magazine\/tabouret-de-cuisine-quel-choix-pour-allier-elegance-et-praticite\/#primaryimage"},"thumbnailUrl":"https:\/\/www.mobilier-design-occasion.fr\/magazine\/wp-content\/uploads\/2025\/12\/5128b501efc607a2caab547f2c07d5b4.jpeg","articleSection":["Cuisine"],"inLanguage":"fr-FR","potentialAction":[{"@type":"CommentAction","name":"Comment","target":["https:\/\/www.mobilier-design-occasion.fr\/magazine\/tabouret-de-cuisine-quel-choix-pour-allier-elegance-et-praticite\/#respond"]}]},{"@type":"WebPage","@id":"https:\/\/www.mobilier-design-occasion.fr\/magazine\/tabouret-de-cuisine-quel-choix-pour-allier-elegance-et-praticite\/","url":"https:\/\/www.mobilier-design-occasion.fr\/magazine\/tabouret-de-cuisine-quel-choix-pour-allier-elegance-et-praticite\/","name":"Tabouret de cuisine\u00a0: quel choix pour allier \u00e9l\u00e9gance et praticit\u00e9\u00a0?","isPartOf":{"@id":"https:\/\/www.mobilier-design-occasion.fr\/magazine\/#website"},"primaryImageOfPage":{"@id":"https:\/\/www.mobilier-design-occasion.fr\/magazine\/tabouret-de-cuisine-quel-choix-pour-allier-elegance-et-praticite\/#primaryimage"},"image":{"@id":"https:\/\/www.mobilier-design-occasion.fr\/magazine\/tabouret-de-cuisine-quel-choix-pour-allier-elegance-et-praticite\/#primaryimage"},"thumbnailUrl":"https:\/\/www.mobilier-design-occasion.fr\/magazine\/wp-content\/uploads\/2025\/12\/5128b501efc607a2caab547f2c07d5b4.jpeg","datePublished":"2025-12-01T15:24:09+00:00","dateModified":"2025-12-01T15:24:11+00:00","description":"Le tabouret de cuisine incarne d\u00e9sormais un \u00e9quilibre d\u00e9licat entre design affirm\u00e9 et robustesse. Pour en profiter pleinement, un bon choix s\u2019impose !","breadcrumb":{"@id":"https:\/\/www.mobilier-design-occasion.fr\/magazine\/tabouret-de-cuisine-quel-choix-pour-allier-elegance-et-praticite\/#breadcrumb"},"inLanguage":"fr-FR","potentialAction":[{"@type":"ReadAction","target":["https:\/\/www.mobilier-design-occasion.fr\/magazine\/tabouret-de-cuisine-quel-choix-pour-allier-elegance-et-praticite\/"]}]},{"@type":"ImageObject","inLanguage":"fr-FR","@id":"https:\/\/www.mobilier-design-occasion.fr\/magazine\/tabouret-de-cuisine-quel-choix-pour-allier-elegance-et-praticite\/#primaryimage","url":"https:\/\/www.mobilier-design-occasion.fr\/magazine\/wp-content\/uploads\/2025\/12\/5128b501efc607a2caab547f2c07d5b4.jpeg","contentUrl":"https:\/\/www.mobilier-design-occasion.fr\/magazine\/wp-content\/uploads\/2025\/12\/5128b501efc607a2caab547f2c07d5b4.jpeg","width":848,"height":565},{"@type":"BreadcrumbList","@id":"https:\/\/www.mobilier-design-occasion.fr\/magazine\/tabouret-de-cuisine-quel-choix-pour-allier-elegance-et-praticite\/#breadcrumb","itemListElement":[{"@type":"ListItem","position":1,"name":"Accueil","item":"https:\/\/www.mobilier-design-occasion.fr\/magazine\/"},{"@type":"ListItem","position":2,"name":"Tabouret de cuisine\u00a0: quel choix pour allier \u00e9l\u00e9gance et praticit\u00e9\u00a0?"}]},{"@type":"WebSite","@id":"https:\/\/www.mobilier-design-occasion.fr\/magazine\/#website","url":"https:\/\/www.mobilier-design-occasion.fr\/magazine\/","name":"Mobilier Design Magazine","description":"","publisher":{"@id":"https:\/\/www.mobilier-design-occasion.fr\/magazine\/#organization"},"potentialAction":[{"@type":"SearchAction","target":{"@type":"EntryPoint","urlTemplate":"https:\/\/www.mobilier-design-occasion.fr\/magazine\/?s={search_term_string}"},"query-input":{"@type":"PropertyValueSpecification","valueRequired":true,"valueName":"search_term_string"}}],"inLanguage":"fr-FR"},{"@type":"Organization","@id":"https:\/\/www.mobilier-design-occasion.fr\/magazine\/#organization","name":"Mobilier Design Magazine","url":"https:\/\/www.mobilier-design-occasion.fr\/magazine\/","logo":{"@type":"ImageObject","inLanguage":"fr-FR","@id":"https:\/\/www.mobilier-design-occasion.fr\/magazine\/#\/schema\/logo\/image\/","url":"https:\/\/www.mobilier-design-occasion.fr\/magazine\/wp-content\/uploads\/2024\/02\/android-chrome-192x192-1.png","contentUrl":"https:\/\/www.mobilier-design-occasion.fr\/magazine\/wp-content\/uploads\/2024\/02\/android-chrome-192x192-1.png","width":192,"height":192,"caption":"Mobilier Design Magazine"},"image":{"@id":"https:\/\/www.mobilier-design-occasion.fr\/magazine\/#\/schema\/logo\/image\/"},"sameAs":["https:\/\/www.facebook.com\/mobilierdesignoccasion"]},{"@type":"Person","@id":"https:\/\/www.mobilier-design-occasion.fr\/magazine\/#\/schema\/person\/af895bedc80bfb6b17730a672fddac9e","name":"Vincent Vandegans","image":{"@type":"ImageObject","inLanguage":"fr-FR","@id":"https:\/\/secure.gravatar.com\/avatar\/b984800dabdf722d5e3f03f637c8932dea77d81118467d17ad2953e3b273ec66?s=96&d=mm&r=g","url":"https:\/\/secure.gravatar.com\/avatar\/b984800dabdf722d5e3f03f637c8932dea77d81118467d17ad2953e3b273ec66?s=96&d=mm&r=g","contentUrl":"https:\/\/secure.gravatar.com\/avatar\/b984800dabdf722d5e3f03f637c8932dea77d81118467d17ad2953e3b273ec66?s=96&d=mm&r=g","caption":"Vincent Vandegans"},"description":"Vincent est passionn\u00e9 par les produits d'occasion, il a ouvert le site MDO avec Cyrielle pour aider les gens \u00e0 trouver du mobilier d'occasion, vintage ou usag\u00e9. Depuis, ils ont \u00e9tendu leurs activit\u00e9s et conseillent tout le monde sur le mobilier d'int\u00e9rieur et d'ext\u00e9rieur au quotidien \u00e0 travers le magazine MDO.","url":"https:\/\/www.mobilier-design-occasion.fr\/magazine\/author\/vincent\/"}]}},"_links":{"self":[{"href":"https:\/\/www.mobilier-design-occasion.fr\/magazine\/wp-json\/wp\/v2\/posts\/8630","targetHints":{"allow":["GET"]}}],"collection":[{"href":"https:\/\/www.mobilier-design-occasion.fr\/magazine\/wp-json\/wp\/v2\/posts"}],"about":[{"href":"https:\/\/www.mobilier-design-occasion.fr\/magazine\/wp-json\/wp\/v2\/types\/post"}],"author":[{"embeddable":true,"href":"https:\/\/www.mobilier-design-occasion.fr\/magazine\/wp-json\/wp\/v2\/users\/2"}],"replies":[{"embeddable":true,"href":"https:\/\/www.mobilier-design-occasion.fr\/magazine\/wp-json\/wp\/v2\/comments?post=8630"}],"version-history":[{"count":1,"href":"https:\/\/www.mobilier-design-occasion.fr\/magazine\/wp-json\/wp\/v2\/posts\/8630\/revisions"}],"predecessor-version":[{"id":8633,"href":"https:\/\/www.mobilier-design-occasion.fr\/magazine\/wp-json\/wp\/v2\/posts\/8630\/revisions\/8633"}],"wp:featuredmedia":[{"embeddable":true,"href":"https:\/\/www.mobilier-design-occasion.fr\/magazine\/wp-json\/wp\/v2\/media\/8634"}],"wp:attachment":[{"href":"https:\/\/www.mobilier-design-occasion.fr\/magazine\/wp-json\/wp\/v2\/media?parent=8630"}],"wp:term":[{"taxonomy":"category","embeddable":true,"href":"https:\/\/www.mobilier-design-occasion.fr\/magazine\/wp-json\/wp\/v2\/categories?post=8630"},{"taxonomy":"post_tag","embeddable":true,"href":"https:\/\/www.mobilier-design-occasion.fr\/magazine\/wp-json\/wp\/v2\/tags?post=8630"}],"curies":[{"name":"wp","href":"https:\/\/api.w.org\/{rel}","templated":true}]}}