{"id":8609,"date":"2025-11-19T12:16:51","date_gmt":"2025-11-19T12:16:51","guid":{"rendered":"https:\/\/www.mobilier-design-occasion.fr\/magazine\/entreposer-son-mobilier-design-doccasion-la-solution-ideale-pour-collectionneurs-et-revendeurs\/"},"modified":"2025-11-19T16:39:00","modified_gmt":"2025-11-19T16:39:00","slug":"entreposer-son-mobilier-design-doccasion-la-solution-ideale-pour-collectionneurs-et-revendeurs","status":"publish","type":"post","link":"https:\/\/www.mobilier-design-occasion.fr\/magazine\/entreposer-son-mobilier-design-doccasion-la-solution-ideale-pour-collectionneurs-et-revendeurs\/","title":{"rendered":"Entreposer son mobilier design d\u2019occasion\u202f: la solution id\u00e9ale pour collectionneurs et revendeurs"},"content":{"rendered":"<p>Acheter ou r\u00e9cup\u00e9rer du <a href=\"https:\/\/www.mobilier-design-occasion.fr\/magazine\/test-avis-sur-la-redoute-interieurs-am-pm\/\">mobilier<\/a> <a href=\"https:\/\/www.mobilier-design-occasion.fr\/magazine\/table-tulipe-knoll-indemodable-du-design\/\">design<\/a> d\u2019occasion, c\u2019est faire le choix de <strong>l\u2019authenticit\u00e9, du <a href=\"https:\/\/www.mobilier-design-occasion.fr\/magazine\/mobilier-vintage-les-styles-les-plus-prises\/\">style<\/a> et de la durabilit\u00e9<\/strong>. Mais que vous soyez un particulier passionn\u00e9 ou un professionnel de la revente, un probl\u00e8me se pose: <strong><a href=\"https:\/\/www.lockall.fr\/\">o\u00f9 stocker vos pi\u00e8ces<\/a> sans les ab\u00eemer et avec un acc\u00e8s pratique<\/strong>?<\/p>\n<p>La r\u00e9ponse: <strong>louer un box de stockage s\u00e9curis\u00e9<\/strong>. Plus qu\u2019un simple espace, il offre <strong>conditions de conservation optimales, s\u00e9curit\u00e9 et accessibilit\u00e9<\/strong>, tout en permettant de pr\u00e9server la valeur et l\u2019int\u00e9grit\u00e9 de vos meubles et objets d\u00e9coratifs.<\/p>\n<h2><span class=\"ez-toc-section\" id=\"Preserver_ses_pieces_design_en_toute_securite\"><\/span>Pr\u00e9server ses pi\u00e8ces design en toute s\u00e9curit\u00e9<span class=\"ez-toc-section-end\"><\/span><\/h2><div id=\"ez-toc-container\" class=\"ez-toc-v2_0_82_2 counter-hierarchy ez-toc-counter ez-toc-grey ez-toc-container-direction\">\n<div class=\"ez-toc-title-container\">\n<span class=\"ez-toc-title-toggle\"><a href=\"#\" class=\"ez-toc-pull-right ez-toc-btn ez-toc-btn-xs ez-toc-btn-default ez-toc-toggle\" aria-label=\"Toggle Table of Content\"><span class=\"ez-toc-js-icon-con\"><span class=\"\"><span class=\"eztoc-hide\" style=\"display:none;\">Toggle<\/span><span class=\"ez-toc-icon-toggle-span\"><svg style=\"fill: #999;color:#999\" xmlns=\"http:\/\/www.w3.org\/2000\/svg\" class=\"list-377408\" width=\"20px\" height=\"20px\" viewBox=\"0 0 24 24\" fill=\"none\"><path d=\"M6 6H4v2h2V6zm14 0H8v2h12V6zM4 11h2v2H4v-2zm16 0H8v2h12v-2zM4 16h2v2H4v-2zm16 0H8v2h12v-2z\" fill=\"currentColor\"><\/path><\/svg><svg style=\"fill: #999;color:#999\" class=\"arrow-unsorted-368013\" xmlns=\"http:\/\/www.w3.org\/2000\/svg\" width=\"10px\" height=\"10px\" viewBox=\"0 0 24 24\" version=\"1.2\" baseProfile=\"tiny\"><path d=\"M18.2 9.3l-6.2-6.3-6.2 6.3c-.2.2-.3.4-.3.7s.1.5.3.7c.2.2.4.3.7.3h11c.3 0 .5-.1.7-.3.2-.2.3-.5.3-.7s-.1-.5-.3-.7zM5.8 14.7l6.2 6.3 6.2-6.3c.2-.2.3-.5.3-.7s-.1-.5-.3-.7c-.2-.2-.4-.3-.7-.3h-11c-.3 0-.5.1-.7.3-.2.2-.3.5-.3.7s.1.5.3.7z\"\/><\/svg><\/span><\/span><\/span><\/a><\/span><\/div>\n<nav><ul class='ez-toc-list ez-toc-list-level-1 eztoc-toggle-hide-by-default' ><li class='ez-toc-page-1 ez-toc-heading-level-2'><a class=\"ez-toc-link ez-toc-heading-1\" href=\"https:\/\/www.mobilier-design-occasion.fr\/magazine\/entreposer-son-mobilier-design-doccasion-la-solution-ideale-pour-collectionneurs-et-revendeurs\/#Preserver_ses_pieces_design_en_toute_securite\" >Pr\u00e9server ses pi\u00e8ces design en toute s\u00e9curit\u00e9<\/a><\/li><li class='ez-toc-page-1 ez-toc-heading-level-2'><a class=\"ez-toc-link ez-toc-heading-2\" href=\"https:\/\/www.mobilier-design-occasion.fr\/magazine\/entreposer-son-mobilier-design-doccasion-la-solution-ideale-pour-collectionneurs-et-revendeurs\/#Accessibilite_et_confort_de_manipulation\" >Accessibilit\u00e9 et confort de manipulation<\/a><\/li><li class='ez-toc-page-1 ez-toc-heading-level-2'><a class=\"ez-toc-link ez-toc-heading-3\" href=\"https:\/\/www.mobilier-design-occasion.fr\/magazine\/entreposer-son-mobilier-design-doccasion-la-solution-ideale-pour-collectionneurs-et-revendeurs\/#Comparaison_du_box_de_stockage_avec_dautres_solutions\" >Comparaison du box de stockage avec d\u2019autres solutions<\/a><\/li><\/ul><\/nav><\/div>\n\n<p>Le mobilier et la d\u00e9coration d\u2019occasion ont souvent <strong>une valeur sentimentale ou financi\u00e8re importante<\/strong>. Les stocker chez soi comporte des risques: humidit\u00e9, chocs accidentels, exposition \u00e0 la <a href=\"https:\/\/www.mobilier-design-occasion.fr\/magazine\/le-charme-discret-de-la-lumiere-tamisee-du-chandelier\/\">lumi\u00e8re<\/a> ou aux poussi\u00e8res.<\/p>\n<p>Louer un box s\u00e9curis\u00e9 permet:<\/p>\n<ul>\n<li><strong>Protection contre l\u2019humidit\u00e9 et les variations de temp\u00e9rature:<\/strong>\u00a0les centres de stockage modernes maintiennent une atmosph\u00e8re stable, id\u00e9ale pour le <a href=\"https:\/\/www.mobilier-design-occasion.fr\/magazine\/avis-mathy-by-bols\/\">bois<\/a>, le cuir, le m\u00e9tal ou le verre.<\/li>\n<li><strong>Surveillance et s\u00e9curit\u00e9 physique<\/strong>: vid\u00e9osurveillance, alarmes et contr\u00f4le d\u2019acc\u00e8s assurent que vos pi\u00e8ces restent prot\u00e9g\u00e9es contre le vol ou les intrusions.<\/li>\n<li><strong>Pr\u00e9servation de la valeur des objets<\/strong>: vos meubles design restent en parfait \u00e9tat, pr\u00eats \u00e0 \u00eatre expos\u00e9s, utilis\u00e9s ou revendus.<\/li>\n<\/ul>\n<h2><span class=\"ez-toc-section\" id=\"Accessibilite_et_confort_de_manipulation\"><\/span>Accessibilit\u00e9 et confort de manipulation<span class=\"ez-toc-section-end\"><\/span><\/h2>\n<p>Un box de stockage bien con\u00e7u ne se limite pas \u00e0 la conservation: il facilite aussi <strong>l\u2019acc\u00e8s et la manipulation des pi\u00e8ces<\/strong>:<\/p>\n<ul>\n<li><strong>Zones de d\u00e9chargement<\/strong>: les centres disposent d\u2019aires de d\u00e9chargement pour faciliter l\u2019entr\u00e9e et la sortie des meubles volumineux.<\/li>\n<li><strong>Mat\u00e9riel mis \u00e0 disposition<\/strong>: diables, chariots, transpalettes et monte-charges simplifient la manipulation des pi\u00e8ces lourdes ou fragiles.<\/li>\n<li><strong>Horaires larges et acc\u00e8s flexible<\/strong>: vous pouvez venir d\u00e9poser ou r\u00e9cup\u00e9rer vos meubles selon vos besoins, ce qui est un vrai plus pour les revendeurs ou collectionneurs actifs.<\/li>\n<\/ul>\n<p>Cette combinaison de s\u00e9curit\u00e9 et de praticit\u00e9 permet de g\u00e9rer votre mobilier avec <strong>souplesse et efficacit\u00e9<\/strong>.<\/p>\n<p><img decoding=\"async\" src=\"https:\/\/www.mobilier-design-occasion.fr\/magazine\/wp-content\/uploads\/2025\/11\/14c734a0-5034-472a-bbd2-9cd5c8f2172c-865x528-1.png\" \/><\/p>\n<h2><span class=\"ez-toc-section\" id=\"Comparaison_du_box_de_stockage_avec_dautres_solutions\"><\/span>Comparaison du box de stockage avec d\u2019autres solutions<span class=\"ez-toc-section-end\"><\/span><\/h2>\n<table>\n<thead>\n<tr>\n<th>Solution<\/th>\n<th>Conditions de conservation<\/th>\n<th>Accessibilit\u00e9<\/th>\n<th>Limites<\/th>\n<\/tr>\n<\/thead>\n<tbody>\n<tr>\n<td>Cave ou garage personnel<\/td>\n<td>Faible, d\u00e9pend du b\u00e2timent<\/td>\n<td>Acc\u00e8s direct mais souvent limit\u00e9<\/td>\n<td>Humidit\u00e9, risques de dommages, espace restreint<\/td>\n<\/tr>\n<tr>\n<td>Garde <a href=\"https:\/\/www.mobilier-design-occasion.fr\/magazine\/comment-entretenir-son-mobilier-design-au-quotidien-top-astuces\/\">meuble<\/a><\/td>\n<td>moyennes \u00e0 bonnes selon l&#8217;a\u00e9ration du local<\/td>\n<td>Sur RDV, plages restreintes<\/td>\n<td>humidit\u00e9 al\u00e9atoire selon les enseignes, dur\u00e9e de location<\/td>\n<\/tr>\n<tr>\n<td>Container ou self-stockage standard<\/td>\n<td>Isolation souvent insuffisante<\/td>\n<td>Acc\u00e8s parfois restreint, manipulation manuelle<\/td>\n<td>Conditions de conservation m\u00e9diocres, manutention compliqu\u00e9e<\/td>\n<\/tr>\n<tr>\n<td>Box s\u00e9curis\u00e9<\/td>\n<td>Excellentes: temp\u00e9rature et humidit\u00e9 contr\u00f4l\u00e9es, cameras de surveillance<\/td>\n<td>Zones de d\u00e9chargement, mat\u00e9riel de manutention disponible, horaires larges<\/td>\n<td>Co\u00fbt l\u00e9g\u00e8rement plus \u00e9lev\u00e9<\/td>\n<\/tr>\n<\/tbody>\n<\/table>\n<p>Pour les revendeurs et collectionneurs, le <strong>box s\u00e9curis\u00e9<\/strong> devient un <strong>outil strat\u00e9gique<\/strong>: il permet de <strong>pr\u00e9server la valeur des pi\u00e8ces, organiser les stocks et pr\u00e9parer facilement les ventes ou expositions<\/strong>, tout en offrant un acc\u00e8s pratique.<\/p>\n<p>Que vous soyez <strong>particulier passionn\u00e9 ou professionnel de la revente<\/strong>, louer un <strong>box s\u00e9curis\u00e9<\/strong> permet de:<\/p>\n<ul>\n<li><strong>Prot\u00e9ger vos pi\u00e8ces design<\/strong> contre les dommages et l\u2019humidit\u00e9.<\/li>\n<li><strong>Faciliter l\u2019acc\u00e8s et la manipulation<\/strong> gr\u00e2ce \u00e0 des zones de d\u00e9chargement et du mat\u00e9riel adapt\u00e9.<\/li>\n<li><strong>Lib\u00e9rer de l\u2019espace<\/strong> dans votre <a href=\"https:\/\/www.mobilier-design-occasion.fr\/magazine\/le-petit-lexique-du-mobilier-design\/\">int\u00e9rieur<\/a> ou votre atelier.<\/li>\n<\/ul>\n<p>Pour les amateurs et revendeurs de <a href=\"https:\/\/www.mobilier-design-occasion.fr\/magazine\/nos-idees-pour-amenager-votre-terrasse-avec-fermob\/\">mobilier design<\/a> d\u2019occasion, un box devient ainsi <strong>bien plus qu\u2019un simple espace de stockage<\/strong>: c\u2019est un <strong>outil de pr\u00e9servation, d\u2019organisation et de valorisation<\/strong>, qui combine s\u00e9curit\u00e9, praticit\u00e9 et confort.<\/p>\n","protected":false},"excerpt":{"rendered":"<p>Acheter ou r\u00e9cup\u00e9rer du mobilier design d\u2019occasion, c\u2019est faire le choix de l\u2019authenticit\u00e9, du style et de la durabilit\u00e9. Mais que vous soyez un particulier passionn\u00e9 ou un professionnel de la revente, un probl\u00e8me se pose: o\u00f9 stocker vos pi\u00e8ces sans les ab\u00eemer et avec un acc\u00e8s pratique? La r\u00e9ponse: louer un box de stockage [&hellip;]<\/p>\n","protected":false},"author":2,"featured_media":8612,"comment_status":"open","ping_status":"open","sticky":false,"template":"","format":"standard","meta":{"footnotes":""},"categories":[2],"tags":[],"class_list":["post-8609","post","type-post","status-publish","format-standard","has-post-thumbnail","hentry","category-tendances"],"yoast_head":"<!-- This site is optimized with the Yoast SEO plugin v27.5 - https:\/\/yoast.com\/product\/yoast-seo-wordpress\/ -->\n<title>Entreposez votre mobilier design en box de stockage<\/title>\n<meta name=\"description\" content=\"Acheter ou r\u00e9cup\u00e9rer du mobilier design d\u2019occasion, c\u2019est faire le choix de l\u2019authenticit\u00e9, du style et de la durabilit\u00e9. Mais o\u00f9 stocker vos pi\u00e8ces sans les ab\u00eemer et avec un acc\u00e8s pratique\u202f?\" \/>\n<meta name=\"robots\" content=\"index, follow, max-snippet:-1, max-image-preview:large, max-video-preview:-1\" \/>\n<link rel=\"canonical\" href=\"https:\/\/www.mobilier-design-occasion.fr\/magazine\/entreposer-son-mobilier-design-doccasion-la-solution-ideale-pour-collectionneurs-et-revendeurs\/\" \/>\n<meta property=\"og:locale\" content=\"fr_FR\" \/>\n<meta property=\"og:type\" content=\"article\" \/>\n<meta property=\"og:title\" content=\"Entreposez votre mobilier design en box de stockage\" \/>\n<meta property=\"og:description\" content=\"Acheter ou r\u00e9cup\u00e9rer du mobilier design d\u2019occasion, c\u2019est faire le choix de l\u2019authenticit\u00e9, du style et de la durabilit\u00e9. Mais o\u00f9 stocker vos pi\u00e8ces sans les ab\u00eemer et avec un acc\u00e8s pratique\u202f?\" \/>\n<meta property=\"og:url\" content=\"https:\/\/www.mobilier-design-occasion.fr\/magazine\/entreposer-son-mobilier-design-doccasion-la-solution-ideale-pour-collectionneurs-et-revendeurs\/\" \/>\n<meta property=\"og:site_name\" content=\"Mobilier Design Magazine\" \/>\n<meta property=\"article:publisher\" content=\"https:\/\/www.facebook.com\/mobilierdesignoccasion\" \/>\n<meta property=\"article:published_time\" content=\"2025-11-19T12:16:51+00:00\" \/>\n<meta property=\"article:modified_time\" content=\"2025-11-19T16:39:00+00:00\" \/>\n<meta property=\"og:image\" content=\"https:\/\/www.mobilier-design-occasion.fr\/magazine\/wp-content\/uploads\/2025\/11\/Lockall-Centre-Suresne-mai-2023-23-865x528-1.jpg\" \/>\n\t<meta property=\"og:image:width\" content=\"865\" \/>\n\t<meta property=\"og:image:height\" content=\"528\" \/>\n\t<meta property=\"og:image:type\" content=\"image\/jpeg\" \/>\n<meta name=\"author\" content=\"Vincent Vandegans\" \/>\n<meta name=\"twitter:card\" content=\"summary_large_image\" \/>\n<meta name=\"twitter:label1\" content=\"\u00c9crit par\" \/>\n\t<meta name=\"twitter:data1\" content=\"Vincent Vandegans\" \/>\n\t<meta name=\"twitter:label2\" content=\"Dur\u00e9e de lecture estim\u00e9e\" \/>\n\t<meta name=\"twitter:data2\" content=\"4 minutes\" \/>\n<script type=\"application\/ld+json\" class=\"yoast-schema-graph\">{\"@context\":\"https:\\\/\\\/schema.org\",\"@graph\":[{\"@type\":\"Article\",\"@id\":\"https:\\\/\\\/www.mobilier-design-occasion.fr\\\/magazine\\\/entreposer-son-mobilier-design-doccasion-la-solution-ideale-pour-collectionneurs-et-revendeurs\\\/#article\",\"isPartOf\":{\"@id\":\"https:\\\/\\\/www.mobilier-design-occasion.fr\\\/magazine\\\/entreposer-son-mobilier-design-doccasion-la-solution-ideale-pour-collectionneurs-et-revendeurs\\\/\"},\"author\":{\"name\":\"Vincent Vandegans\",\"@id\":\"https:\\\/\\\/www.mobilier-design-occasion.fr\\\/magazine\\\/#\\\/schema\\\/person\\\/af895bedc80bfb6b17730a672fddac9e\"},\"headline\":\"Entreposer son mobilier design d\u2019occasion\u202f: la solution id\u00e9ale pour collectionneurs et revendeurs\",\"datePublished\":\"2025-11-19T12:16:51+00:00\",\"dateModified\":\"2025-11-19T16:39:00+00:00\",\"mainEntityOfPage\":{\"@id\":\"https:\\\/\\\/www.mobilier-design-occasion.fr\\\/magazine\\\/entreposer-son-mobilier-design-doccasion-la-solution-ideale-pour-collectionneurs-et-revendeurs\\\/\"},\"wordCount\":629,\"commentCount\":0,\"publisher\":{\"@id\":\"https:\\\/\\\/www.mobilier-design-occasion.fr\\\/magazine\\\/#organization\"},\"image\":{\"@id\":\"https:\\\/\\\/www.mobilier-design-occasion.fr\\\/magazine\\\/entreposer-son-mobilier-design-doccasion-la-solution-ideale-pour-collectionneurs-et-revendeurs\\\/#primaryimage\"},\"thumbnailUrl\":\"https:\\\/\\\/www.mobilier-design-occasion.fr\\\/magazine\\\/wp-content\\\/uploads\\\/2025\\\/11\\\/Lockall-Centre-Suresne-mai-2023-23-865x528-1.jpg\",\"articleSection\":[\"Tendances\"],\"inLanguage\":\"fr-FR\",\"potentialAction\":[{\"@type\":\"CommentAction\",\"name\":\"Comment\",\"target\":[\"https:\\\/\\\/www.mobilier-design-occasion.fr\\\/magazine\\\/entreposer-son-mobilier-design-doccasion-la-solution-ideale-pour-collectionneurs-et-revendeurs\\\/#respond\"]}]},{\"@type\":\"WebPage\",\"@id\":\"https:\\\/\\\/www.mobilier-design-occasion.fr\\\/magazine\\\/entreposer-son-mobilier-design-doccasion-la-solution-ideale-pour-collectionneurs-et-revendeurs\\\/\",\"url\":\"https:\\\/\\\/www.mobilier-design-occasion.fr\\\/magazine\\\/entreposer-son-mobilier-design-doccasion-la-solution-ideale-pour-collectionneurs-et-revendeurs\\\/\",\"name\":\"Entreposez votre mobilier design en box de stockage\",\"isPartOf\":{\"@id\":\"https:\\\/\\\/www.mobilier-design-occasion.fr\\\/magazine\\\/#website\"},\"primaryImageOfPage\":{\"@id\":\"https:\\\/\\\/www.mobilier-design-occasion.fr\\\/magazine\\\/entreposer-son-mobilier-design-doccasion-la-solution-ideale-pour-collectionneurs-et-revendeurs\\\/#primaryimage\"},\"image\":{\"@id\":\"https:\\\/\\\/www.mobilier-design-occasion.fr\\\/magazine\\\/entreposer-son-mobilier-design-doccasion-la-solution-ideale-pour-collectionneurs-et-revendeurs\\\/#primaryimage\"},\"thumbnailUrl\":\"https:\\\/\\\/www.mobilier-design-occasion.fr\\\/magazine\\\/wp-content\\\/uploads\\\/2025\\\/11\\\/Lockall-Centre-Suresne-mai-2023-23-865x528-1.jpg\",\"datePublished\":\"2025-11-19T12:16:51+00:00\",\"dateModified\":\"2025-11-19T16:39:00+00:00\",\"description\":\"Acheter ou r\u00e9cup\u00e9rer du mobilier design d\u2019occasion, c\u2019est faire le choix de l\u2019authenticit\u00e9, du style et de la durabilit\u00e9. Mais o\u00f9 stocker vos pi\u00e8ces sans les ab\u00eemer et avec un acc\u00e8s pratique\u202f?\",\"breadcrumb\":{\"@id\":\"https:\\\/\\\/www.mobilier-design-occasion.fr\\\/magazine\\\/entreposer-son-mobilier-design-doccasion-la-solution-ideale-pour-collectionneurs-et-revendeurs\\\/#breadcrumb\"},\"inLanguage\":\"fr-FR\",\"potentialAction\":[{\"@type\":\"ReadAction\",\"target\":[\"https:\\\/\\\/www.mobilier-design-occasion.fr\\\/magazine\\\/entreposer-son-mobilier-design-doccasion-la-solution-ideale-pour-collectionneurs-et-revendeurs\\\/\"]}]},{\"@type\":\"ImageObject\",\"inLanguage\":\"fr-FR\",\"@id\":\"https:\\\/\\\/www.mobilier-design-occasion.fr\\\/magazine\\\/entreposer-son-mobilier-design-doccasion-la-solution-ideale-pour-collectionneurs-et-revendeurs\\\/#primaryimage\",\"url\":\"https:\\\/\\\/www.mobilier-design-occasion.fr\\\/magazine\\\/wp-content\\\/uploads\\\/2025\\\/11\\\/Lockall-Centre-Suresne-mai-2023-23-865x528-1.jpg\",\"contentUrl\":\"https:\\\/\\\/www.mobilier-design-occasion.fr\\\/magazine\\\/wp-content\\\/uploads\\\/2025\\\/11\\\/Lockall-Centre-Suresne-mai-2023-23-865x528-1.jpg\",\"width\":865,\"height\":528},{\"@type\":\"BreadcrumbList\",\"@id\":\"https:\\\/\\\/www.mobilier-design-occasion.fr\\\/magazine\\\/entreposer-son-mobilier-design-doccasion-la-solution-ideale-pour-collectionneurs-et-revendeurs\\\/#breadcrumb\",\"itemListElement\":[{\"@type\":\"ListItem\",\"position\":1,\"name\":\"Accueil\",\"item\":\"https:\\\/\\\/www.mobilier-design-occasion.fr\\\/magazine\\\/\"},{\"@type\":\"ListItem\",\"position\":2,\"name\":\"Entreposer son mobilier design d\u2019occasion\u202f: la solution id\u00e9ale pour collectionneurs et revendeurs\"}]},{\"@type\":\"WebSite\",\"@id\":\"https:\\\/\\\/www.mobilier-design-occasion.fr\\\/magazine\\\/#website\",\"url\":\"https:\\\/\\\/www.mobilier-design-occasion.fr\\\/magazine\\\/\",\"name\":\"Mobilier Design Magazine\",\"description\":\"\",\"publisher\":{\"@id\":\"https:\\\/\\\/www.mobilier-design-occasion.fr\\\/magazine\\\/#organization\"},\"potentialAction\":[{\"@type\":\"SearchAction\",\"target\":{\"@type\":\"EntryPoint\",\"urlTemplate\":\"https:\\\/\\\/www.mobilier-design-occasion.fr\\\/magazine\\\/?s={search_term_string}\"},\"query-input\":{\"@type\":\"PropertyValueSpecification\",\"valueRequired\":true,\"valueName\":\"search_term_string\"}}],\"inLanguage\":\"fr-FR\"},{\"@type\":\"Organization\",\"@id\":\"https:\\\/\\\/www.mobilier-design-occasion.fr\\\/magazine\\\/#organization\",\"name\":\"Mobilier Design Magazine\",\"url\":\"https:\\\/\\\/www.mobilier-design-occasion.fr\\\/magazine\\\/\",\"logo\":{\"@type\":\"ImageObject\",\"inLanguage\":\"fr-FR\",\"@id\":\"https:\\\/\\\/www.mobilier-design-occasion.fr\\\/magazine\\\/#\\\/schema\\\/logo\\\/image\\\/\",\"url\":\"https:\\\/\\\/www.mobilier-design-occasion.fr\\\/magazine\\\/wp-content\\\/uploads\\\/2024\\\/02\\\/android-chrome-192x192-1.png\",\"contentUrl\":\"https:\\\/\\\/www.mobilier-design-occasion.fr\\\/magazine\\\/wp-content\\\/uploads\\\/2024\\\/02\\\/android-chrome-192x192-1.png\",\"width\":192,\"height\":192,\"caption\":\"Mobilier Design Magazine\"},\"image\":{\"@id\":\"https:\\\/\\\/www.mobilier-design-occasion.fr\\\/magazine\\\/#\\\/schema\\\/logo\\\/image\\\/\"},\"sameAs\":[\"https:\\\/\\\/www.facebook.com\\\/mobilierdesignoccasion\"]},{\"@type\":\"Person\",\"@id\":\"https:\\\/\\\/www.mobilier-design-occasion.fr\\\/magazine\\\/#\\\/schema\\\/person\\\/af895bedc80bfb6b17730a672fddac9e\",\"name\":\"Vincent Vandegans\",\"image\":{\"@type\":\"ImageObject\",\"inLanguage\":\"fr-FR\",\"@id\":\"https:\\\/\\\/secure.gravatar.com\\\/avatar\\\/b984800dabdf722d5e3f03f637c8932dea77d81118467d17ad2953e3b273ec66?s=96&d=mm&r=g\",\"url\":\"https:\\\/\\\/secure.gravatar.com\\\/avatar\\\/b984800dabdf722d5e3f03f637c8932dea77d81118467d17ad2953e3b273ec66?s=96&d=mm&r=g\",\"contentUrl\":\"https:\\\/\\\/secure.gravatar.com\\\/avatar\\\/b984800dabdf722d5e3f03f637c8932dea77d81118467d17ad2953e3b273ec66?s=96&d=mm&r=g\",\"caption\":\"Vincent Vandegans\"},\"description\":\"Vincent est passionn\u00e9 par les produits d'occasion, il a ouvert le site MDO avec Cyrielle pour aider les gens \u00e0 trouver du mobilier d'occasion, vintage ou usag\u00e9. Depuis, ils ont \u00e9tendu leurs activit\u00e9s et conseillent tout le monde sur le mobilier d'int\u00e9rieur et d'ext\u00e9rieur au quotidien \u00e0 travers le magazine MDO.\",\"url\":\"https:\\\/\\\/www.mobilier-design-occasion.fr\\\/magazine\\\/author\\\/vincent\\\/\"}]}<\/script>\n<!-- \/ Yoast SEO plugin. -->","yoast_head_json":{"title":"Entreposez votre mobilier design en box de stockage","description":"Acheter ou r\u00e9cup\u00e9rer du mobilier design d\u2019occasion, c\u2019est faire le choix de l\u2019authenticit\u00e9, du style et de la durabilit\u00e9. Mais o\u00f9 stocker vos pi\u00e8ces sans les ab\u00eemer et avec un acc\u00e8s pratique\u202f?","robots":{"index":"index","follow":"follow","max-snippet":"max-snippet:-1","max-image-preview":"max-image-preview:large","max-video-preview":"max-video-preview:-1"},"canonical":"https:\/\/www.mobilier-design-occasion.fr\/magazine\/entreposer-son-mobilier-design-doccasion-la-solution-ideale-pour-collectionneurs-et-revendeurs\/","og_locale":"fr_FR","og_type":"article","og_title":"Entreposez votre mobilier design en box de stockage","og_description":"Acheter ou r\u00e9cup\u00e9rer du mobilier design d\u2019occasion, c\u2019est faire le choix de l\u2019authenticit\u00e9, du style et de la durabilit\u00e9. Mais o\u00f9 stocker vos pi\u00e8ces sans les ab\u00eemer et avec un acc\u00e8s pratique\u202f?","og_url":"https:\/\/www.mobilier-design-occasion.fr\/magazine\/entreposer-son-mobilier-design-doccasion-la-solution-ideale-pour-collectionneurs-et-revendeurs\/","og_site_name":"Mobilier Design Magazine","article_publisher":"https:\/\/www.facebook.com\/mobilierdesignoccasion","article_published_time":"2025-11-19T12:16:51+00:00","article_modified_time":"2025-11-19T16:39:00+00:00","og_image":[{"width":865,"height":528,"url":"https:\/\/www.mobilier-design-occasion.fr\/magazine\/wp-content\/uploads\/2025\/11\/Lockall-Centre-Suresne-mai-2023-23-865x528-1.jpg","type":"image\/jpeg"}],"author":"Vincent Vandegans","twitter_card":"summary_large_image","twitter_misc":{"\u00c9crit par":"Vincent Vandegans","Dur\u00e9e de lecture estim\u00e9e":"4 minutes"},"schema":{"@context":"https:\/\/schema.org","@graph":[{"@type":"Article","@id":"https:\/\/www.mobilier-design-occasion.fr\/magazine\/entreposer-son-mobilier-design-doccasion-la-solution-ideale-pour-collectionneurs-et-revendeurs\/#article","isPartOf":{"@id":"https:\/\/www.mobilier-design-occasion.fr\/magazine\/entreposer-son-mobilier-design-doccasion-la-solution-ideale-pour-collectionneurs-et-revendeurs\/"},"author":{"name":"Vincent Vandegans","@id":"https:\/\/www.mobilier-design-occasion.fr\/magazine\/#\/schema\/person\/af895bedc80bfb6b17730a672fddac9e"},"headline":"Entreposer son mobilier design d\u2019occasion\u202f: la solution id\u00e9ale pour collectionneurs et revendeurs","datePublished":"2025-11-19T12:16:51+00:00","dateModified":"2025-11-19T16:39:00+00:00","mainEntityOfPage":{"@id":"https:\/\/www.mobilier-design-occasion.fr\/magazine\/entreposer-son-mobilier-design-doccasion-la-solution-ideale-pour-collectionneurs-et-revendeurs\/"},"wordCount":629,"commentCount":0,"publisher":{"@id":"https:\/\/www.mobilier-design-occasion.fr\/magazine\/#organization"},"image":{"@id":"https:\/\/www.mobilier-design-occasion.fr\/magazine\/entreposer-son-mobilier-design-doccasion-la-solution-ideale-pour-collectionneurs-et-revendeurs\/#primaryimage"},"thumbnailUrl":"https:\/\/www.mobilier-design-occasion.fr\/magazine\/wp-content\/uploads\/2025\/11\/Lockall-Centre-Suresne-mai-2023-23-865x528-1.jpg","articleSection":["Tendances"],"inLanguage":"fr-FR","potentialAction":[{"@type":"CommentAction","name":"Comment","target":["https:\/\/www.mobilier-design-occasion.fr\/magazine\/entreposer-son-mobilier-design-doccasion-la-solution-ideale-pour-collectionneurs-et-revendeurs\/#respond"]}]},{"@type":"WebPage","@id":"https:\/\/www.mobilier-design-occasion.fr\/magazine\/entreposer-son-mobilier-design-doccasion-la-solution-ideale-pour-collectionneurs-et-revendeurs\/","url":"https:\/\/www.mobilier-design-occasion.fr\/magazine\/entreposer-son-mobilier-design-doccasion-la-solution-ideale-pour-collectionneurs-et-revendeurs\/","name":"Entreposez votre mobilier design en box de stockage","isPartOf":{"@id":"https:\/\/www.mobilier-design-occasion.fr\/magazine\/#website"},"primaryImageOfPage":{"@id":"https:\/\/www.mobilier-design-occasion.fr\/magazine\/entreposer-son-mobilier-design-doccasion-la-solution-ideale-pour-collectionneurs-et-revendeurs\/#primaryimage"},"image":{"@id":"https:\/\/www.mobilier-design-occasion.fr\/magazine\/entreposer-son-mobilier-design-doccasion-la-solution-ideale-pour-collectionneurs-et-revendeurs\/#primaryimage"},"thumbnailUrl":"https:\/\/www.mobilier-design-occasion.fr\/magazine\/wp-content\/uploads\/2025\/11\/Lockall-Centre-Suresne-mai-2023-23-865x528-1.jpg","datePublished":"2025-11-19T12:16:51+00:00","dateModified":"2025-11-19T16:39:00+00:00","description":"Acheter ou r\u00e9cup\u00e9rer du mobilier design d\u2019occasion, c\u2019est faire le choix de l\u2019authenticit\u00e9, du style et de la durabilit\u00e9. Mais o\u00f9 stocker vos pi\u00e8ces sans les ab\u00eemer et avec un acc\u00e8s pratique\u202f?","breadcrumb":{"@id":"https:\/\/www.mobilier-design-occasion.fr\/magazine\/entreposer-son-mobilier-design-doccasion-la-solution-ideale-pour-collectionneurs-et-revendeurs\/#breadcrumb"},"inLanguage":"fr-FR","potentialAction":[{"@type":"ReadAction","target":["https:\/\/www.mobilier-design-occasion.fr\/magazine\/entreposer-son-mobilier-design-doccasion-la-solution-ideale-pour-collectionneurs-et-revendeurs\/"]}]},{"@type":"ImageObject","inLanguage":"fr-FR","@id":"https:\/\/www.mobilier-design-occasion.fr\/magazine\/entreposer-son-mobilier-design-doccasion-la-solution-ideale-pour-collectionneurs-et-revendeurs\/#primaryimage","url":"https:\/\/www.mobilier-design-occasion.fr\/magazine\/wp-content\/uploads\/2025\/11\/Lockall-Centre-Suresne-mai-2023-23-865x528-1.jpg","contentUrl":"https:\/\/www.mobilier-design-occasion.fr\/magazine\/wp-content\/uploads\/2025\/11\/Lockall-Centre-Suresne-mai-2023-23-865x528-1.jpg","width":865,"height":528},{"@type":"BreadcrumbList","@id":"https:\/\/www.mobilier-design-occasion.fr\/magazine\/entreposer-son-mobilier-design-doccasion-la-solution-ideale-pour-collectionneurs-et-revendeurs\/#breadcrumb","itemListElement":[{"@type":"ListItem","position":1,"name":"Accueil","item":"https:\/\/www.mobilier-design-occasion.fr\/magazine\/"},{"@type":"ListItem","position":2,"name":"Entreposer son mobilier design d\u2019occasion\u202f: la solution id\u00e9ale pour collectionneurs et revendeurs"}]},{"@type":"WebSite","@id":"https:\/\/www.mobilier-design-occasion.fr\/magazine\/#website","url":"https:\/\/www.mobilier-design-occasion.fr\/magazine\/","name":"Mobilier Design Magazine","description":"","publisher":{"@id":"https:\/\/www.mobilier-design-occasion.fr\/magazine\/#organization"},"potentialAction":[{"@type":"SearchAction","target":{"@type":"EntryPoint","urlTemplate":"https:\/\/www.mobilier-design-occasion.fr\/magazine\/?s={search_term_string}"},"query-input":{"@type":"PropertyValueSpecification","valueRequired":true,"valueName":"search_term_string"}}],"inLanguage":"fr-FR"},{"@type":"Organization","@id":"https:\/\/www.mobilier-design-occasion.fr\/magazine\/#organization","name":"Mobilier Design Magazine","url":"https:\/\/www.mobilier-design-occasion.fr\/magazine\/","logo":{"@type":"ImageObject","inLanguage":"fr-FR","@id":"https:\/\/www.mobilier-design-occasion.fr\/magazine\/#\/schema\/logo\/image\/","url":"https:\/\/www.mobilier-design-occasion.fr\/magazine\/wp-content\/uploads\/2024\/02\/android-chrome-192x192-1.png","contentUrl":"https:\/\/www.mobilier-design-occasion.fr\/magazine\/wp-content\/uploads\/2024\/02\/android-chrome-192x192-1.png","width":192,"height":192,"caption":"Mobilier Design Magazine"},"image":{"@id":"https:\/\/www.mobilier-design-occasion.fr\/magazine\/#\/schema\/logo\/image\/"},"sameAs":["https:\/\/www.facebook.com\/mobilierdesignoccasion"]},{"@type":"Person","@id":"https:\/\/www.mobilier-design-occasion.fr\/magazine\/#\/schema\/person\/af895bedc80bfb6b17730a672fddac9e","name":"Vincent Vandegans","image":{"@type":"ImageObject","inLanguage":"fr-FR","@id":"https:\/\/secure.gravatar.com\/avatar\/b984800dabdf722d5e3f03f637c8932dea77d81118467d17ad2953e3b273ec66?s=96&d=mm&r=g","url":"https:\/\/secure.gravatar.com\/avatar\/b984800dabdf722d5e3f03f637c8932dea77d81118467d17ad2953e3b273ec66?s=96&d=mm&r=g","contentUrl":"https:\/\/secure.gravatar.com\/avatar\/b984800dabdf722d5e3f03f637c8932dea77d81118467d17ad2953e3b273ec66?s=96&d=mm&r=g","caption":"Vincent Vandegans"},"description":"Vincent est passionn\u00e9 par les produits d'occasion, il a ouvert le site MDO avec Cyrielle pour aider les gens \u00e0 trouver du mobilier d'occasion, vintage ou usag\u00e9. Depuis, ils ont \u00e9tendu leurs activit\u00e9s et conseillent tout le monde sur le mobilier d'int\u00e9rieur et d'ext\u00e9rieur au quotidien \u00e0 travers le magazine MDO.","url":"https:\/\/www.mobilier-design-occasion.fr\/magazine\/author\/vincent\/"}]}},"_links":{"self":[{"href":"https:\/\/www.mobilier-design-occasion.fr\/magazine\/wp-json\/wp\/v2\/posts\/8609","targetHints":{"allow":["GET"]}}],"collection":[{"href":"https:\/\/www.mobilier-design-occasion.fr\/magazine\/wp-json\/wp\/v2\/posts"}],"about":[{"href":"https:\/\/www.mobilier-design-occasion.fr\/magazine\/wp-json\/wp\/v2\/types\/post"}],"author":[{"embeddable":true,"href":"https:\/\/www.mobilier-design-occasion.fr\/magazine\/wp-json\/wp\/v2\/users\/2"}],"replies":[{"embeddable":true,"href":"https:\/\/www.mobilier-design-occasion.fr\/magazine\/wp-json\/wp\/v2\/comments?post=8609"}],"version-history":[{"count":2,"href":"https:\/\/www.mobilier-design-occasion.fr\/magazine\/wp-json\/wp\/v2\/posts\/8609\/revisions"}],"predecessor-version":[{"id":8614,"href":"https:\/\/www.mobilier-design-occasion.fr\/magazine\/wp-json\/wp\/v2\/posts\/8609\/revisions\/8614"}],"wp:featuredmedia":[{"embeddable":true,"href":"https:\/\/www.mobilier-design-occasion.fr\/magazine\/wp-json\/wp\/v2\/media\/8612"}],"wp:attachment":[{"href":"https:\/\/www.mobilier-design-occasion.fr\/magazine\/wp-json\/wp\/v2\/media?parent=8609"}],"wp:term":[{"taxonomy":"category","embeddable":true,"href":"https:\/\/www.mobilier-design-occasion.fr\/magazine\/wp-json\/wp\/v2\/categories?post=8609"},{"taxonomy":"post_tag","embeddable":true,"href":"https:\/\/www.mobilier-design-occasion.fr\/magazine\/wp-json\/wp\/v2\/tags?post=8609"}],"curies":[{"name":"wp","href":"https:\/\/api.w.org\/{rel}","templated":true}]}}