{"id":8599,"date":"2025-11-18T13:58:54","date_gmt":"2025-11-18T13:58:54","guid":{"rendered":"https:\/\/www.mobilier-design-occasion.fr\/magazine\/pourquoi-ecoflow-serie-trail-surpasse-de-nombreuses-batteries-portables-du-marche\/"},"modified":"2025-11-18T13:58:55","modified_gmt":"2025-11-18T13:58:55","slug":"pourquoi-ecoflow-serie-trail-surpasse-de-nombreuses-batteries-portables-du-marche","status":"publish","type":"post","link":"https:\/\/www.mobilier-design-occasion.fr\/magazine\/pourquoi-ecoflow-serie-trail-surpasse-de-nombreuses-batteries-portables-du-marche\/","title":{"rendered":"Pourquoi EcoFlow s\u00e9rie TRAIL surpasse de nombreuses batteries portables du march\u00e9\u00a0?"},"content":{"rendered":"<p>Dans un march&eacute; des batteries portables de plus en plus comp&eacute;titif, la gamme EcoFlow Trail &eacute;tablit un nouveau standard. Mais qu&#8217;est-ce qui les rend v&eacute;ritablement sup&eacute;rieures &agrave; la majorit&eacute; de leurs concurrentes ? Cet article vous r&eacute;v&egrave;le en quelques lignes pourquoi elles s&eacute;duisent les utilisateurs.<\/p>\n<h2><span class=\"ez-toc-section\" id=\"La_gamme_TRAIL_dEcoFlow_La_nouvelle_reference_de_lenergie_portable\"><\/span>La gamme TRAIL d&rsquo;EcoFlow : La nouvelle r&eacute;f&eacute;rence de l&rsquo;&eacute;nergie portable<span class=\"ez-toc-section-end\"><\/span><\/h2><div id=\"ez-toc-container\" class=\"ez-toc-v2_0_82_2 counter-hierarchy ez-toc-counter ez-toc-grey ez-toc-container-direction\">\n<div class=\"ez-toc-title-container\">\n<span class=\"ez-toc-title-toggle\"><a href=\"#\" class=\"ez-toc-pull-right ez-toc-btn ez-toc-btn-xs ez-toc-btn-default ez-toc-toggle\" aria-label=\"Toggle Table of Content\"><span class=\"ez-toc-js-icon-con\"><span class=\"\"><span class=\"eztoc-hide\" style=\"display:none;\">Toggle<\/span><span class=\"ez-toc-icon-toggle-span\"><svg style=\"fill: #999;color:#999\" xmlns=\"http:\/\/www.w3.org\/2000\/svg\" class=\"list-377408\" width=\"20px\" height=\"20px\" viewBox=\"0 0 24 24\" fill=\"none\"><path d=\"M6 6H4v2h2V6zm14 0H8v2h12V6zM4 11h2v2H4v-2zm16 0H8v2h12v-2zM4 16h2v2H4v-2zm16 0H8v2h12v-2z\" fill=\"currentColor\"><\/path><\/svg><svg style=\"fill: #999;color:#999\" class=\"arrow-unsorted-368013\" xmlns=\"http:\/\/www.w3.org\/2000\/svg\" width=\"10px\" height=\"10px\" viewBox=\"0 0 24 24\" version=\"1.2\" baseProfile=\"tiny\"><path d=\"M18.2 9.3l-6.2-6.3-6.2 6.3c-.2.2-.3.4-.3.7s.1.5.3.7c.2.2.4.3.7.3h11c.3 0 .5-.1.7-.3.2-.2.3-.5.3-.7s-.1-.5-.3-.7zM5.8 14.7l6.2 6.3 6.2-6.3c.2-.2.3-.5.3-.7s-.1-.5-.3-.7c-.2-.2-.4-.3-.7-.3h-11c-.3 0-.5.1-.7.3-.2.2-.3.5-.3.7s.1.5.3.7z\"\/><\/svg><\/span><\/span><\/span><\/a><\/span><\/div>\n<nav><ul class='ez-toc-list ez-toc-list-level-1 eztoc-toggle-hide-by-default' ><li class='ez-toc-page-1 ez-toc-heading-level-2'><a class=\"ez-toc-link ez-toc-heading-1\" href=\"https:\/\/www.mobilier-design-occasion.fr\/magazine\/pourquoi-ecoflow-serie-trail-surpasse-de-nombreuses-batteries-portables-du-marche\/#La_gamme_TRAIL_dEcoFlow_La_nouvelle_reference_de_lenergie_portable\" >La gamme TRAIL d&rsquo;EcoFlow : La nouvelle r&eacute;f&eacute;rence de l&rsquo;&eacute;nergie portable<\/a><ul class='ez-toc-list-level-3' ><li class='ez-toc-heading-level-3'><a class=\"ez-toc-link ez-toc-heading-2\" href=\"https:\/\/www.mobilier-design-occasion.fr\/magazine\/pourquoi-ecoflow-serie-trail-surpasse-de-nombreuses-batteries-portables-du-marche\/#Une_capacite_qui_alimente_tout_le_groupe\" >Une capacit&eacute; qui alimente tout le groupe<\/a><\/li><li class='ez-toc-page-1 ez-toc-heading-level-3'><a class=\"ez-toc-link ez-toc-heading-3\" href=\"https:\/\/www.mobilier-design-occasion.fr\/magazine\/pourquoi-ecoflow-serie-trail-surpasse-de-nombreuses-batteries-portables-du-marche\/#Une_conception_portable_pensee_pour_lexterieur\" >Une conception portable pens&eacute;e pour l&rsquo;ext&eacute;rieur<\/a><\/li><li class='ez-toc-page-1 ez-toc-heading-level-3'><a class=\"ez-toc-link ez-toc-heading-4\" href=\"https:\/\/www.mobilier-design-occasion.fr\/magazine\/pourquoi-ecoflow-serie-trail-surpasse-de-nombreuses-batteries-portables-du-marche\/#Puissance_continue_pour_tous_vos_appareils\" >Puissance continue pour tous vos appareils<\/a><\/li><\/ul><\/li><li class='ez-toc-page-1 ez-toc-heading-level-2'><a class=\"ez-toc-link ez-toc-heading-5\" href=\"https:\/\/www.mobilier-design-occasion.fr\/magazine\/pourquoi-ecoflow-serie-trail-surpasse-de-nombreuses-batteries-portables-du-marche\/#Acheter_sa_gamme_EcoFlow_TRAIL_chez_Nicoflow\" >Acheter sa gamme EcoFlow TRAIL chez Nicoflow<\/a><ul class='ez-toc-list-level-3' ><li class='ez-toc-heading-level-3'><a class=\"ez-toc-link ez-toc-heading-6\" href=\"https:\/\/www.mobilier-design-occasion.fr\/magazine\/pourquoi-ecoflow-serie-trail-surpasse-de-nombreuses-batteries-portables-du-marche\/#Lexpertise_et_le_service_dun_revendeur_specialise\" >L&#8217;expertise et le service d&#8217;un revendeur sp&eacute;cialis&eacute;<\/a><\/li><li class='ez-toc-page-1 ez-toc-heading-level-3'><a class=\"ez-toc-link ez-toc-heading-7\" href=\"https:\/\/www.mobilier-design-occasion.fr\/magazine\/pourquoi-ecoflow-serie-trail-surpasse-de-nombreuses-batteries-portables-du-marche\/#EcoFlow_TRAIL_300_DC\" >EcoFlow TRAIL 300 DC<\/a><\/li><li class='ez-toc-page-1 ez-toc-heading-level-3'><a class=\"ez-toc-link ez-toc-heading-8\" href=\"https:\/\/www.mobilier-design-occasion.fr\/magazine\/pourquoi-ecoflow-serie-trail-surpasse-de-nombreuses-batteries-portables-du-marche\/#EcoFlow_TRAIL_200_DC\" >EcoFlow TRAIL 200 DC<\/a><\/li><\/ul><\/li><\/ul><\/nav><\/div>\n\n<p><strong><a href=\"https:\/\/nicoflow.fr\/categorie-produit\/stations-denergie-portable\/ecoflow-serie-trail\/\">EcoFlow s&eacute;rie Trail<\/a> <\/strong>est connue mondialement et soutenue par plus de 5 millions d&rsquo;utilisateurs.<\/p>\n<h3><span class=\"ez-toc-section\" id=\"Une_capacite_qui_alimente_tout_le_groupe\"><\/span>Une capacit&eacute; qui alimente tout le groupe<span class=\"ez-toc-section-end\"><\/span><\/h3>\n<p>Avec sa <strong>capacit&eacute; allant jusqu&rsquo;&agrave; 288 Wh,<\/strong> &eacute;quivalente &agrave; neuf batteries externes r&eacute;unies, la station &eacute;lectrique peut alimenter facilement tous les appareils lors d&rsquo;activit&eacute;s en groupe. Ultra-compacte et l&eacute;g&egrave;re, elle s&rsquo;emporte partout sans contrainte.<\/p>\n<h3><span class=\"ez-toc-section\" id=\"Une_conception_portable_pensee_pour_lexterieur\"><\/span>Une conception portable pens&eacute;e pour l&rsquo;ext&eacute;rieur<span class=\"ez-toc-section-end\"><\/span><\/h3>\n<p>La s&eacute;rie TRAIL a &eacute;t&eacute; con&ccedil;ue pour s&rsquo;int&eacute;grer naturellement dans toutes les aventures. Poign&eacute;e, sangle ou rangement facile, vous choisissez votre mode de transport. Sa conception 3-en-1 compact int&egrave;gre une poign&eacute;e de charge 140 W et une lampe de camping multifonction. Sa robustesse est assur&eacute;e par un BMS intelligent et plusieurs couches de protection, offrant une utilisation sereine pendant cinq ans.<\/p>\n<h3><span class=\"ez-toc-section\" id=\"Puissance_continue_pour_tous_vos_appareils\"><\/span>Puissance continue pour tous vos appareils<span class=\"ez-toc-section-end\"><\/span><\/h3>\n<p>Gr&acirc;ce &agrave; une puissance DC totale de 300 W, la s&eacute;rie TRAIL peut alimenter facilement l&rsquo;ensemble des &eacute;quipements essentiels en ext&eacute;rieur : glaci&egrave;res, projecteurs, cam&eacute;ras, tablettes, lumi&egrave;res, et bien plus. Que ce soit pour un week-end camping ou une randonn&eacute;e immersive, vos activit&eacute;s ne s&rsquo;arr&ecirc;tent jamais par manque d&rsquo;&eacute;nergie.<\/p>\n<h2><span class=\"ez-toc-section\" id=\"Acheter_sa_gamme_EcoFlow_TRAIL_chez_Nicoflow\"><\/span>Acheter sa gamme EcoFlow TRAIL chez Nicoflow<span class=\"ez-toc-section-end\"><\/span><\/h2>\n<p>Nicoflow se sp&eacute;cialise dans les solutions d&#8217;autonomie &eacute;nerg&eacute;tique nomades et domestiques.<\/p>\n<h3><span class=\"ez-toc-section\" id=\"Lexpertise_et_le_service_dun_revendeur_specialise\"><\/span>L&#8217;expertise et le service d&#8217;un revendeur sp&eacute;cialis&eacute;<span class=\"ez-toc-section-end\"><\/span><\/h3>\n<p>La boutique en ligne Nicoflow met en avant la <strong>gamme EcoFlow TRAIL<\/strong> avec un accompagnement expert. Les utilisateurs b&eacute;n&eacute;ficient d&rsquo;un large choix de produits compl&eacute;mentaires et d&rsquo;un accompagnement personnalis&eacute;. Elle guide les clients afin de maximiser l&rsquo;efficacit&eacute; de la s&eacute;rie pour tous les usages.<\/p>\n<h3><span class=\"ez-toc-section\" id=\"EcoFlow_TRAIL_300_DC\"><\/span>EcoFlow TRAIL 300 DC<br \/><img loading=\"lazy\" decoding=\"async\" src=\"https:\/\/i0.wp.com\/nicoflow.fr\/wp-content\/uploads\/2025\/11\/ecoflow-trail-300dc-2.jpg?resize=540%2C540&amp;ssl=1\" alt=\"ecoflow trail 300 DC\" width=\"540\" height=\"540\"><span class=\"ez-toc-section-end\"><\/span><\/h3>\n<p>Le EcoFlow TRAIL 300 DC est une station d&rsquo;&eacute;nergie compacte mais plus puissante. Il est pens&eacute; pour les activit&eacute;s outdoor exigeantes. Son poids l&eacute;ger de 2,58 kg et ses deux ports USB-C 140 W viennent compl&eacute;ter les fonctionnalit&eacute;s essentielles attendues par les utilisateurs nomades. Avec 288 Wh, il offre suffisamment d&rsquo;autonomie pour une journ&eacute;e compl&egrave;te d&rsquo;&eacute;quipements (smartphone, appareil photo, &eacute;clairage LED, tablette, drone&hellip;).<\/p>\n<p>Sa sortie DC pure assure une efficacit&eacute; maximale sans pertes de conversion. Sa batterie LFP, sa protection IP30 et son BMS intelligent garantissent une longue dur&eacute;e de vie. Rechargeable en 1 heure via USB-C ou panneau solaire, c&rsquo;est l&rsquo;outil id&eacute;al pour le camping, la randonn&eacute;e, la photo, le kayak ou tout voyage nomade.<\/p>\n<h3><span class=\"ez-toc-section\" id=\"EcoFlow_TRAIL_200_DC\"><\/span>EcoFlow TRAIL 200 DC<span class=\"ez-toc-section-end\"><\/span><\/h3>\n<p>Le EcoFlow TRAIL 200 DC est une station d&rsquo;&eacute;nergie ultra-portable con&ccedil;ue pour voyager l&eacute;ger. Avec seulement 1,83 kg et 192 Wh, il alimente efficacement l&rsquo;essentiel en courant 100 % DC. Cela optimise chaque watt disponible pour les lampes, smartphones, appareils photo, tablettes ou drones.<\/p>\n<p>Il offre jusqu&rsquo;&agrave; une journ&eacute;e d&rsquo;autonomie et peut charger 4 appareils &agrave; la fois. Il repose sur une batterie LFP durable, une structure renforc&eacute;e et un BMS complet. Compact, discret et robuste, il convient parfaitement au camping, &agrave; la randonn&eacute;e, &agrave; la photo outdoor, aux sports nature et aux besoins de secours rapides.<\/p>\n","protected":false},"excerpt":{"rendered":"<p>Dans un march&eacute; des batteries portables de plus en plus comp&eacute;titif, la gamme EcoFlow Trail &eacute;tablit un nouveau standard. Mais qu&#8217;est-ce qui les rend v&eacute;ritablement sup&eacute;rieures &agrave; la majorit&eacute; de leurs concurrentes ? Cet article vous r&eacute;v&egrave;le en quelques lignes pourquoi elles s&eacute;duisent les utilisateurs. La gamme TRAIL d&rsquo;EcoFlow : La nouvelle r&eacute;f&eacute;rence de l&rsquo;&eacute;nergie [&hellip;]<\/p>\n","protected":false},"author":2,"featured_media":8602,"comment_status":"open","ping_status":"open","sticky":false,"template":"","format":"standard","meta":{"footnotes":""},"categories":[1],"tags":[],"class_list":["post-8599","post","type-post","status-publish","format-standard","has-post-thumbnail","hentry","category-uncategorized"],"yoast_head":"<!-- This site is optimized with the Yoast SEO plugin v27.5 - https:\/\/yoast.com\/product\/yoast-seo-wordpress\/ -->\n<title>EcoFlow TRAIL : la batterie portable qui surpasse la concurrence<\/title>\n<meta name=\"description\" content=\"D\u00e9couvrez pourquoi EcoFlow s\u00e9rie TRAIL surpasse les autres batteries portables du march\u00e9. Achetez votre g\u00e9n\u00e9rateur d\u2019\u00e9nergie nomade chez Nicoflow.\" \/>\n<meta name=\"robots\" content=\"index, follow, max-snippet:-1, max-image-preview:large, max-video-preview:-1\" \/>\n<link rel=\"canonical\" href=\"https:\/\/www.mobilier-design-occasion.fr\/magazine\/pourquoi-ecoflow-serie-trail-surpasse-de-nombreuses-batteries-portables-du-marche\/\" \/>\n<meta property=\"og:locale\" content=\"fr_FR\" \/>\n<meta property=\"og:type\" content=\"article\" \/>\n<meta property=\"og:title\" content=\"EcoFlow TRAIL : la batterie portable qui surpasse la concurrence\" \/>\n<meta property=\"og:description\" content=\"D\u00e9couvrez pourquoi EcoFlow s\u00e9rie TRAIL surpasse les autres batteries portables du march\u00e9. Achetez votre g\u00e9n\u00e9rateur d\u2019\u00e9nergie nomade chez Nicoflow.\" \/>\n<meta property=\"og:url\" content=\"https:\/\/www.mobilier-design-occasion.fr\/magazine\/pourquoi-ecoflow-serie-trail-surpasse-de-nombreuses-batteries-portables-du-marche\/\" \/>\n<meta property=\"og:site_name\" content=\"Mobilier Design Magazine\" \/>\n<meta property=\"article:publisher\" content=\"https:\/\/www.facebook.com\/mobilierdesignoccasion\" \/>\n<meta property=\"article:published_time\" content=\"2025-11-18T13:58:54+00:00\" \/>\n<meta property=\"article:modified_time\" content=\"2025-11-18T13:58:55+00:00\" \/>\n<meta property=\"og:image\" content=\"https:\/\/www.mobilier-design-occasion.fr\/magazine\/wp-content\/uploads\/2025\/11\/ecoflow-trail-200dc-1.jpg\" \/>\n\t<meta property=\"og:image:width\" content=\"1000\" \/>\n\t<meta property=\"og:image:height\" content=\"1000\" \/>\n\t<meta property=\"og:image:type\" content=\"image\/jpeg\" \/>\n<meta name=\"author\" content=\"Vincent Vandegans\" \/>\n<meta name=\"twitter:card\" content=\"summary_large_image\" \/>\n<meta name=\"twitter:label1\" content=\"\u00c9crit par\" \/>\n\t<meta name=\"twitter:data1\" content=\"Vincent Vandegans\" \/>\n\t<meta name=\"twitter:label2\" content=\"Dur\u00e9e de lecture estim\u00e9e\" \/>\n\t<meta name=\"twitter:data2\" content=\"3 minutes\" \/>\n<script type=\"application\/ld+json\" class=\"yoast-schema-graph\">{\"@context\":\"https:\\\/\\\/schema.org\",\"@graph\":[{\"@type\":\"Article\",\"@id\":\"https:\\\/\\\/www.mobilier-design-occasion.fr\\\/magazine\\\/pourquoi-ecoflow-serie-trail-surpasse-de-nombreuses-batteries-portables-du-marche\\\/#article\",\"isPartOf\":{\"@id\":\"https:\\\/\\\/www.mobilier-design-occasion.fr\\\/magazine\\\/pourquoi-ecoflow-serie-trail-surpasse-de-nombreuses-batteries-portables-du-marche\\\/\"},\"author\":{\"name\":\"Vincent Vandegans\",\"@id\":\"https:\\\/\\\/www.mobilier-design-occasion.fr\\\/magazine\\\/#\\\/schema\\\/person\\\/af895bedc80bfb6b17730a672fddac9e\"},\"headline\":\"Pourquoi EcoFlow s\u00e9rie TRAIL surpasse de nombreuses batteries portables du march\u00e9\u00a0?\",\"datePublished\":\"2025-11-18T13:58:54+00:00\",\"dateModified\":\"2025-11-18T13:58:55+00:00\",\"mainEntityOfPage\":{\"@id\":\"https:\\\/\\\/www.mobilier-design-occasion.fr\\\/magazine\\\/pourquoi-ecoflow-serie-trail-surpasse-de-nombreuses-batteries-portables-du-marche\\\/\"},\"wordCount\":692,\"commentCount\":0,\"publisher\":{\"@id\":\"https:\\\/\\\/www.mobilier-design-occasion.fr\\\/magazine\\\/#organization\"},\"image\":{\"@id\":\"https:\\\/\\\/www.mobilier-design-occasion.fr\\\/magazine\\\/pourquoi-ecoflow-serie-trail-surpasse-de-nombreuses-batteries-portables-du-marche\\\/#primaryimage\"},\"thumbnailUrl\":\"https:\\\/\\\/www.mobilier-design-occasion.fr\\\/magazine\\\/wp-content\\\/uploads\\\/2025\\\/11\\\/ecoflow-trail-200dc-1.jpg\",\"articleSection\":[\"Uncategorized\"],\"inLanguage\":\"fr-FR\",\"potentialAction\":[{\"@type\":\"CommentAction\",\"name\":\"Comment\",\"target\":[\"https:\\\/\\\/www.mobilier-design-occasion.fr\\\/magazine\\\/pourquoi-ecoflow-serie-trail-surpasse-de-nombreuses-batteries-portables-du-marche\\\/#respond\"]}]},{\"@type\":\"WebPage\",\"@id\":\"https:\\\/\\\/www.mobilier-design-occasion.fr\\\/magazine\\\/pourquoi-ecoflow-serie-trail-surpasse-de-nombreuses-batteries-portables-du-marche\\\/\",\"url\":\"https:\\\/\\\/www.mobilier-design-occasion.fr\\\/magazine\\\/pourquoi-ecoflow-serie-trail-surpasse-de-nombreuses-batteries-portables-du-marche\\\/\",\"name\":\"EcoFlow TRAIL : la batterie portable qui surpasse la concurrence\",\"isPartOf\":{\"@id\":\"https:\\\/\\\/www.mobilier-design-occasion.fr\\\/magazine\\\/#website\"},\"primaryImageOfPage\":{\"@id\":\"https:\\\/\\\/www.mobilier-design-occasion.fr\\\/magazine\\\/pourquoi-ecoflow-serie-trail-surpasse-de-nombreuses-batteries-portables-du-marche\\\/#primaryimage\"},\"image\":{\"@id\":\"https:\\\/\\\/www.mobilier-design-occasion.fr\\\/magazine\\\/pourquoi-ecoflow-serie-trail-surpasse-de-nombreuses-batteries-portables-du-marche\\\/#primaryimage\"},\"thumbnailUrl\":\"https:\\\/\\\/www.mobilier-design-occasion.fr\\\/magazine\\\/wp-content\\\/uploads\\\/2025\\\/11\\\/ecoflow-trail-200dc-1.jpg\",\"datePublished\":\"2025-11-18T13:58:54+00:00\",\"dateModified\":\"2025-11-18T13:58:55+00:00\",\"description\":\"D\u00e9couvrez pourquoi EcoFlow s\u00e9rie TRAIL surpasse les autres batteries portables du march\u00e9. Achetez votre g\u00e9n\u00e9rateur d\u2019\u00e9nergie nomade chez Nicoflow.\",\"breadcrumb\":{\"@id\":\"https:\\\/\\\/www.mobilier-design-occasion.fr\\\/magazine\\\/pourquoi-ecoflow-serie-trail-surpasse-de-nombreuses-batteries-portables-du-marche\\\/#breadcrumb\"},\"inLanguage\":\"fr-FR\",\"potentialAction\":[{\"@type\":\"ReadAction\",\"target\":[\"https:\\\/\\\/www.mobilier-design-occasion.fr\\\/magazine\\\/pourquoi-ecoflow-serie-trail-surpasse-de-nombreuses-batteries-portables-du-marche\\\/\"]}]},{\"@type\":\"ImageObject\",\"inLanguage\":\"fr-FR\",\"@id\":\"https:\\\/\\\/www.mobilier-design-occasion.fr\\\/magazine\\\/pourquoi-ecoflow-serie-trail-surpasse-de-nombreuses-batteries-portables-du-marche\\\/#primaryimage\",\"url\":\"https:\\\/\\\/www.mobilier-design-occasion.fr\\\/magazine\\\/wp-content\\\/uploads\\\/2025\\\/11\\\/ecoflow-trail-200dc-1.jpg\",\"contentUrl\":\"https:\\\/\\\/www.mobilier-design-occasion.fr\\\/magazine\\\/wp-content\\\/uploads\\\/2025\\\/11\\\/ecoflow-trail-200dc-1.jpg\",\"width\":1000,\"height\":1000},{\"@type\":\"BreadcrumbList\",\"@id\":\"https:\\\/\\\/www.mobilier-design-occasion.fr\\\/magazine\\\/pourquoi-ecoflow-serie-trail-surpasse-de-nombreuses-batteries-portables-du-marche\\\/#breadcrumb\",\"itemListElement\":[{\"@type\":\"ListItem\",\"position\":1,\"name\":\"Accueil\",\"item\":\"https:\\\/\\\/www.mobilier-design-occasion.fr\\\/magazine\\\/\"},{\"@type\":\"ListItem\",\"position\":2,\"name\":\"Pourquoi EcoFlow s\u00e9rie TRAIL surpasse de nombreuses batteries portables du march\u00e9\u00a0?\"}]},{\"@type\":\"WebSite\",\"@id\":\"https:\\\/\\\/www.mobilier-design-occasion.fr\\\/magazine\\\/#website\",\"url\":\"https:\\\/\\\/www.mobilier-design-occasion.fr\\\/magazine\\\/\",\"name\":\"Mobilier Design Magazine\",\"description\":\"\",\"publisher\":{\"@id\":\"https:\\\/\\\/www.mobilier-design-occasion.fr\\\/magazine\\\/#organization\"},\"potentialAction\":[{\"@type\":\"SearchAction\",\"target\":{\"@type\":\"EntryPoint\",\"urlTemplate\":\"https:\\\/\\\/www.mobilier-design-occasion.fr\\\/magazine\\\/?s={search_term_string}\"},\"query-input\":{\"@type\":\"PropertyValueSpecification\",\"valueRequired\":true,\"valueName\":\"search_term_string\"}}],\"inLanguage\":\"fr-FR\"},{\"@type\":\"Organization\",\"@id\":\"https:\\\/\\\/www.mobilier-design-occasion.fr\\\/magazine\\\/#organization\",\"name\":\"Mobilier Design Magazine\",\"url\":\"https:\\\/\\\/www.mobilier-design-occasion.fr\\\/magazine\\\/\",\"logo\":{\"@type\":\"ImageObject\",\"inLanguage\":\"fr-FR\",\"@id\":\"https:\\\/\\\/www.mobilier-design-occasion.fr\\\/magazine\\\/#\\\/schema\\\/logo\\\/image\\\/\",\"url\":\"https:\\\/\\\/www.mobilier-design-occasion.fr\\\/magazine\\\/wp-content\\\/uploads\\\/2024\\\/02\\\/android-chrome-192x192-1.png\",\"contentUrl\":\"https:\\\/\\\/www.mobilier-design-occasion.fr\\\/magazine\\\/wp-content\\\/uploads\\\/2024\\\/02\\\/android-chrome-192x192-1.png\",\"width\":192,\"height\":192,\"caption\":\"Mobilier Design Magazine\"},\"image\":{\"@id\":\"https:\\\/\\\/www.mobilier-design-occasion.fr\\\/magazine\\\/#\\\/schema\\\/logo\\\/image\\\/\"},\"sameAs\":[\"https:\\\/\\\/www.facebook.com\\\/mobilierdesignoccasion\"]},{\"@type\":\"Person\",\"@id\":\"https:\\\/\\\/www.mobilier-design-occasion.fr\\\/magazine\\\/#\\\/schema\\\/person\\\/af895bedc80bfb6b17730a672fddac9e\",\"name\":\"Vincent Vandegans\",\"image\":{\"@type\":\"ImageObject\",\"inLanguage\":\"fr-FR\",\"@id\":\"https:\\\/\\\/secure.gravatar.com\\\/avatar\\\/b984800dabdf722d5e3f03f637c8932dea77d81118467d17ad2953e3b273ec66?s=96&d=mm&r=g\",\"url\":\"https:\\\/\\\/secure.gravatar.com\\\/avatar\\\/b984800dabdf722d5e3f03f637c8932dea77d81118467d17ad2953e3b273ec66?s=96&d=mm&r=g\",\"contentUrl\":\"https:\\\/\\\/secure.gravatar.com\\\/avatar\\\/b984800dabdf722d5e3f03f637c8932dea77d81118467d17ad2953e3b273ec66?s=96&d=mm&r=g\",\"caption\":\"Vincent Vandegans\"},\"description\":\"Vincent est passionn\u00e9 par les produits d'occasion, il a ouvert le site MDO avec Cyrielle pour aider les gens \u00e0 trouver du mobilier d'occasion, vintage ou usag\u00e9. Depuis, ils ont \u00e9tendu leurs activit\u00e9s et conseillent tout le monde sur le mobilier d'int\u00e9rieur et d'ext\u00e9rieur au quotidien \u00e0 travers le magazine MDO.\",\"url\":\"https:\\\/\\\/www.mobilier-design-occasion.fr\\\/magazine\\\/author\\\/vincent\\\/\"}]}<\/script>\n<!-- \/ Yoast SEO plugin. -->","yoast_head_json":{"title":"EcoFlow TRAIL : la batterie portable qui surpasse la concurrence","description":"D\u00e9couvrez pourquoi EcoFlow s\u00e9rie TRAIL surpasse les autres batteries portables du march\u00e9. Achetez votre g\u00e9n\u00e9rateur d\u2019\u00e9nergie nomade chez Nicoflow.","robots":{"index":"index","follow":"follow","max-snippet":"max-snippet:-1","max-image-preview":"max-image-preview:large","max-video-preview":"max-video-preview:-1"},"canonical":"https:\/\/www.mobilier-design-occasion.fr\/magazine\/pourquoi-ecoflow-serie-trail-surpasse-de-nombreuses-batteries-portables-du-marche\/","og_locale":"fr_FR","og_type":"article","og_title":"EcoFlow TRAIL : la batterie portable qui surpasse la concurrence","og_description":"D\u00e9couvrez pourquoi EcoFlow s\u00e9rie TRAIL surpasse les autres batteries portables du march\u00e9. Achetez votre g\u00e9n\u00e9rateur d\u2019\u00e9nergie nomade chez Nicoflow.","og_url":"https:\/\/www.mobilier-design-occasion.fr\/magazine\/pourquoi-ecoflow-serie-trail-surpasse-de-nombreuses-batteries-portables-du-marche\/","og_site_name":"Mobilier Design Magazine","article_publisher":"https:\/\/www.facebook.com\/mobilierdesignoccasion","article_published_time":"2025-11-18T13:58:54+00:00","article_modified_time":"2025-11-18T13:58:55+00:00","og_image":[{"width":1000,"height":1000,"url":"https:\/\/www.mobilier-design-occasion.fr\/magazine\/wp-content\/uploads\/2025\/11\/ecoflow-trail-200dc-1.jpg","type":"image\/jpeg"}],"author":"Vincent Vandegans","twitter_card":"summary_large_image","twitter_misc":{"\u00c9crit par":"Vincent Vandegans","Dur\u00e9e de lecture estim\u00e9e":"3 minutes"},"schema":{"@context":"https:\/\/schema.org","@graph":[{"@type":"Article","@id":"https:\/\/www.mobilier-design-occasion.fr\/magazine\/pourquoi-ecoflow-serie-trail-surpasse-de-nombreuses-batteries-portables-du-marche\/#article","isPartOf":{"@id":"https:\/\/www.mobilier-design-occasion.fr\/magazine\/pourquoi-ecoflow-serie-trail-surpasse-de-nombreuses-batteries-portables-du-marche\/"},"author":{"name":"Vincent Vandegans","@id":"https:\/\/www.mobilier-design-occasion.fr\/magazine\/#\/schema\/person\/af895bedc80bfb6b17730a672fddac9e"},"headline":"Pourquoi EcoFlow s\u00e9rie TRAIL surpasse de nombreuses batteries portables du march\u00e9\u00a0?","datePublished":"2025-11-18T13:58:54+00:00","dateModified":"2025-11-18T13:58:55+00:00","mainEntityOfPage":{"@id":"https:\/\/www.mobilier-design-occasion.fr\/magazine\/pourquoi-ecoflow-serie-trail-surpasse-de-nombreuses-batteries-portables-du-marche\/"},"wordCount":692,"commentCount":0,"publisher":{"@id":"https:\/\/www.mobilier-design-occasion.fr\/magazine\/#organization"},"image":{"@id":"https:\/\/www.mobilier-design-occasion.fr\/magazine\/pourquoi-ecoflow-serie-trail-surpasse-de-nombreuses-batteries-portables-du-marche\/#primaryimage"},"thumbnailUrl":"https:\/\/www.mobilier-design-occasion.fr\/magazine\/wp-content\/uploads\/2025\/11\/ecoflow-trail-200dc-1.jpg","articleSection":["Uncategorized"],"inLanguage":"fr-FR","potentialAction":[{"@type":"CommentAction","name":"Comment","target":["https:\/\/www.mobilier-design-occasion.fr\/magazine\/pourquoi-ecoflow-serie-trail-surpasse-de-nombreuses-batteries-portables-du-marche\/#respond"]}]},{"@type":"WebPage","@id":"https:\/\/www.mobilier-design-occasion.fr\/magazine\/pourquoi-ecoflow-serie-trail-surpasse-de-nombreuses-batteries-portables-du-marche\/","url":"https:\/\/www.mobilier-design-occasion.fr\/magazine\/pourquoi-ecoflow-serie-trail-surpasse-de-nombreuses-batteries-portables-du-marche\/","name":"EcoFlow TRAIL : la batterie portable qui surpasse la concurrence","isPartOf":{"@id":"https:\/\/www.mobilier-design-occasion.fr\/magazine\/#website"},"primaryImageOfPage":{"@id":"https:\/\/www.mobilier-design-occasion.fr\/magazine\/pourquoi-ecoflow-serie-trail-surpasse-de-nombreuses-batteries-portables-du-marche\/#primaryimage"},"image":{"@id":"https:\/\/www.mobilier-design-occasion.fr\/magazine\/pourquoi-ecoflow-serie-trail-surpasse-de-nombreuses-batteries-portables-du-marche\/#primaryimage"},"thumbnailUrl":"https:\/\/www.mobilier-design-occasion.fr\/magazine\/wp-content\/uploads\/2025\/11\/ecoflow-trail-200dc-1.jpg","datePublished":"2025-11-18T13:58:54+00:00","dateModified":"2025-11-18T13:58:55+00:00","description":"D\u00e9couvrez pourquoi EcoFlow s\u00e9rie TRAIL surpasse les autres batteries portables du march\u00e9. Achetez votre g\u00e9n\u00e9rateur d\u2019\u00e9nergie nomade chez Nicoflow.","breadcrumb":{"@id":"https:\/\/www.mobilier-design-occasion.fr\/magazine\/pourquoi-ecoflow-serie-trail-surpasse-de-nombreuses-batteries-portables-du-marche\/#breadcrumb"},"inLanguage":"fr-FR","potentialAction":[{"@type":"ReadAction","target":["https:\/\/www.mobilier-design-occasion.fr\/magazine\/pourquoi-ecoflow-serie-trail-surpasse-de-nombreuses-batteries-portables-du-marche\/"]}]},{"@type":"ImageObject","inLanguage":"fr-FR","@id":"https:\/\/www.mobilier-design-occasion.fr\/magazine\/pourquoi-ecoflow-serie-trail-surpasse-de-nombreuses-batteries-portables-du-marche\/#primaryimage","url":"https:\/\/www.mobilier-design-occasion.fr\/magazine\/wp-content\/uploads\/2025\/11\/ecoflow-trail-200dc-1.jpg","contentUrl":"https:\/\/www.mobilier-design-occasion.fr\/magazine\/wp-content\/uploads\/2025\/11\/ecoflow-trail-200dc-1.jpg","width":1000,"height":1000},{"@type":"BreadcrumbList","@id":"https:\/\/www.mobilier-design-occasion.fr\/magazine\/pourquoi-ecoflow-serie-trail-surpasse-de-nombreuses-batteries-portables-du-marche\/#breadcrumb","itemListElement":[{"@type":"ListItem","position":1,"name":"Accueil","item":"https:\/\/www.mobilier-design-occasion.fr\/magazine\/"},{"@type":"ListItem","position":2,"name":"Pourquoi EcoFlow s\u00e9rie TRAIL surpasse de nombreuses batteries portables du march\u00e9\u00a0?"}]},{"@type":"WebSite","@id":"https:\/\/www.mobilier-design-occasion.fr\/magazine\/#website","url":"https:\/\/www.mobilier-design-occasion.fr\/magazine\/","name":"Mobilier Design Magazine","description":"","publisher":{"@id":"https:\/\/www.mobilier-design-occasion.fr\/magazine\/#organization"},"potentialAction":[{"@type":"SearchAction","target":{"@type":"EntryPoint","urlTemplate":"https:\/\/www.mobilier-design-occasion.fr\/magazine\/?s={search_term_string}"},"query-input":{"@type":"PropertyValueSpecification","valueRequired":true,"valueName":"search_term_string"}}],"inLanguage":"fr-FR"},{"@type":"Organization","@id":"https:\/\/www.mobilier-design-occasion.fr\/magazine\/#organization","name":"Mobilier Design Magazine","url":"https:\/\/www.mobilier-design-occasion.fr\/magazine\/","logo":{"@type":"ImageObject","inLanguage":"fr-FR","@id":"https:\/\/www.mobilier-design-occasion.fr\/magazine\/#\/schema\/logo\/image\/","url":"https:\/\/www.mobilier-design-occasion.fr\/magazine\/wp-content\/uploads\/2024\/02\/android-chrome-192x192-1.png","contentUrl":"https:\/\/www.mobilier-design-occasion.fr\/magazine\/wp-content\/uploads\/2024\/02\/android-chrome-192x192-1.png","width":192,"height":192,"caption":"Mobilier Design Magazine"},"image":{"@id":"https:\/\/www.mobilier-design-occasion.fr\/magazine\/#\/schema\/logo\/image\/"},"sameAs":["https:\/\/www.facebook.com\/mobilierdesignoccasion"]},{"@type":"Person","@id":"https:\/\/www.mobilier-design-occasion.fr\/magazine\/#\/schema\/person\/af895bedc80bfb6b17730a672fddac9e","name":"Vincent Vandegans","image":{"@type":"ImageObject","inLanguage":"fr-FR","@id":"https:\/\/secure.gravatar.com\/avatar\/b984800dabdf722d5e3f03f637c8932dea77d81118467d17ad2953e3b273ec66?s=96&d=mm&r=g","url":"https:\/\/secure.gravatar.com\/avatar\/b984800dabdf722d5e3f03f637c8932dea77d81118467d17ad2953e3b273ec66?s=96&d=mm&r=g","contentUrl":"https:\/\/secure.gravatar.com\/avatar\/b984800dabdf722d5e3f03f637c8932dea77d81118467d17ad2953e3b273ec66?s=96&d=mm&r=g","caption":"Vincent Vandegans"},"description":"Vincent est passionn\u00e9 par les produits d'occasion, il a ouvert le site MDO avec Cyrielle pour aider les gens \u00e0 trouver du mobilier d'occasion, vintage ou usag\u00e9. Depuis, ils ont \u00e9tendu leurs activit\u00e9s et conseillent tout le monde sur le mobilier d'int\u00e9rieur et d'ext\u00e9rieur au quotidien \u00e0 travers le magazine MDO.","url":"https:\/\/www.mobilier-design-occasion.fr\/magazine\/author\/vincent\/"}]}},"_links":{"self":[{"href":"https:\/\/www.mobilier-design-occasion.fr\/magazine\/wp-json\/wp\/v2\/posts\/8599","targetHints":{"allow":["GET"]}}],"collection":[{"href":"https:\/\/www.mobilier-design-occasion.fr\/magazine\/wp-json\/wp\/v2\/posts"}],"about":[{"href":"https:\/\/www.mobilier-design-occasion.fr\/magazine\/wp-json\/wp\/v2\/types\/post"}],"author":[{"embeddable":true,"href":"https:\/\/www.mobilier-design-occasion.fr\/magazine\/wp-json\/wp\/v2\/users\/2"}],"replies":[{"embeddable":true,"href":"https:\/\/www.mobilier-design-occasion.fr\/magazine\/wp-json\/wp\/v2\/comments?post=8599"}],"version-history":[{"count":1,"href":"https:\/\/www.mobilier-design-occasion.fr\/magazine\/wp-json\/wp\/v2\/posts\/8599\/revisions"}],"predecessor-version":[{"id":8601,"href":"https:\/\/www.mobilier-design-occasion.fr\/magazine\/wp-json\/wp\/v2\/posts\/8599\/revisions\/8601"}],"wp:featuredmedia":[{"embeddable":true,"href":"https:\/\/www.mobilier-design-occasion.fr\/magazine\/wp-json\/wp\/v2\/media\/8602"}],"wp:attachment":[{"href":"https:\/\/www.mobilier-design-occasion.fr\/magazine\/wp-json\/wp\/v2\/media?parent=8599"}],"wp:term":[{"taxonomy":"category","embeddable":true,"href":"https:\/\/www.mobilier-design-occasion.fr\/magazine\/wp-json\/wp\/v2\/categories?post=8599"},{"taxonomy":"post_tag","embeddable":true,"href":"https:\/\/www.mobilier-design-occasion.fr\/magazine\/wp-json\/wp\/v2\/tags?post=8599"}],"curies":[{"name":"wp","href":"https:\/\/api.w.org\/{rel}","templated":true}]}}