{"id":8596,"date":"2025-11-18T09:30:30","date_gmt":"2025-11-18T09:30:30","guid":{"rendered":"https:\/\/www.mobilier-design-occasion.fr\/magazine\/le-canape-plus-quun-meuble-un-compagnon-du-quotidien\/"},"modified":"2025-11-18T09:30:30","modified_gmt":"2025-11-18T09:30:30","slug":"le-canape-plus-quun-meuble-un-compagnon-du-quotidien","status":"publish","type":"post","link":"https:\/\/www.mobilier-design-occasion.fr\/magazine\/le-canape-plus-quun-meuble-un-compagnon-du-quotidien\/","title":{"rendered":"Le canap\u00e9 : plus qu\u2019un meuble, un compagnon du quotidien"},"content":{"rendered":"<p>Je crois qu&rsquo;on ne r&eacute;alise jamais vraiment <a href=\"https:\/\/www.casanovaparis.fr\/collections\/canape\">l&rsquo;importance d&rsquo;un canap&eacute;<\/a>&hellip; jusqu&rsquo;au jour o&ugrave; on en change.<br \/>Le mien, je l&rsquo;ai gard&eacute; presque dix ans. Il avait connu les soir&eacute;es entre amis, les siestes improvis&eacute;es, les caf&eacute;s renvers&eacute;s (que je pr&eacute;f&egrave;re oublier) et m&ecirc;me quelques disputes r&eacute;concili&eacute;es sur ses coussins. Quand je l&rsquo;ai remplac&eacute;, j&rsquo;ai compris &agrave; quel point un <strong>canap&eacute;<\/strong> n&rsquo;est pas juste un meuble : c&rsquo;est un morceau de vie.<\/p>\n<p>Trouver le bon <strong>canap&eacute;<\/strong>, c&rsquo;est presque comme choisir un matelas ou une voiture : on pense que c&rsquo;est simple, mais plus on regarde, plus on h&eacute;site.<br \/>On s&rsquo;assoit, on se rel&egrave;ve, on reprend, on compare. Et surtout, on imagine nos soir&eacute;es, nos journ&eacute;es, nos moments de calme. Parce qu&rsquo;au fond, c&rsquo;est l&agrave; que tout se joue. <\/p>\n<h2>Ce que je regarde toujours avant d&rsquo;en choisir un<\/h2>\n<p>Avec le temps, j&rsquo;ai fini par me cr&eacute;er une petite m&eacute;thode, une sorte de rituel avant de m&rsquo;engager. Et honn&ecirc;tement, &ccedil;a m&rsquo;a &eacute;vit&eacute; pas mal d&rsquo;erreurs :<\/p>\n<ul>\n<li>La profondeur d&rsquo;assise : trop courte, on se sent percher ; trop profonde, on s&rsquo;affale.<\/li>\n<li>Le confort du dossier : ferme ou moelleux, selon les go&ucirc;ts, mais il doit soutenir sans casser le dos.<\/li>\n<li>Le tissu : facile &agrave; nettoyer, surtout si vous avez des enfants, un chat&hellip; ou juste la maladresse dans le sang.<\/li>\n<li>Les coussins : s&rsquo;ils s&rsquo;aplatissent au bout d&rsquo;une semaine, fuyez.<\/li>\n<li>La structure : un bon <strong>canap&eacute;<\/strong> doit tenir dans le temps, pas seulement para&icirc;tre joli.<\/li>\n<\/ul>\n<p>J&rsquo;ai compris qu&rsquo;un <strong>canap&eacute;<\/strong>, c&rsquo;est un investissement &eacute;motionnel autant que financier. On y rit, on y pleure parfois, on y travaille m&ecirc;me &mdash; avouons-le &mdash; plus qu&rsquo;on ne le devrait.<\/p>\n<p>En r&eacute;sum&eacute;, un bon <strong>canap&eacute;<\/strong> n&rsquo;est pas seulement confortable. Il doit accompagner votre quotidien, absorber vos moments de fatigue et accueillir vos moments de joie.<br \/>Et quand on tombe sur le bon&hellip; on le sait tout de suite.<\/p>\n","protected":false},"excerpt":{"rendered":"<p>Je crois qu&rsquo;on ne r&eacute;alise jamais vraiment l&rsquo;importance d&rsquo;un canap&eacute;&hellip; jusqu&rsquo;au jour o&ugrave; on en change.Le mien, je l&rsquo;ai gard&eacute; presque dix ans. Il avait connu les soir&eacute;es entre amis, les siestes improvis&eacute;es, les caf&eacute;s renvers&eacute;s (que je pr&eacute;f&egrave;re oublier) et m&ecirc;me quelques disputes r&eacute;concili&eacute;es sur ses coussins. Quand je l&rsquo;ai remplac&eacute;, j&rsquo;ai compris &agrave; [&hellip;]<\/p>\n","protected":false},"author":2,"featured_media":8598,"comment_status":"open","ping_status":"open","sticky":false,"template":"","format":"standard","meta":{"footnotes":""},"categories":[122],"tags":[],"class_list":["post-8596","post","type-post","status-publish","format-standard","has-post-thumbnail","hentry","category-salon"],"yoast_head":"<!-- This site is optimized with the Yoast SEO plugin v27.5 - https:\/\/yoast.com\/product\/yoast-seo-wordpress\/ -->\n<title>Le canap\u00e9 : plus qu\u2019un meuble, un compagnon du quotidien<\/title>\n<meta name=\"description\" content=\"Un bon canap\u00e9 n\u2019est pas seulement confortable. Il doit accompagner votre quotidien, absorber vos moments de fatigue et accueillir vos moments de joie.\" \/>\n<meta name=\"robots\" content=\"index, follow, max-snippet:-1, max-image-preview:large, max-video-preview:-1\" \/>\n<link rel=\"canonical\" href=\"https:\/\/www.mobilier-design-occasion.fr\/magazine\/le-canape-plus-quun-meuble-un-compagnon-du-quotidien\/\" \/>\n<meta property=\"og:locale\" content=\"fr_FR\" \/>\n<meta property=\"og:type\" content=\"article\" \/>\n<meta property=\"og:title\" content=\"Le canap\u00e9 : plus qu\u2019un meuble, un compagnon du quotidien\" \/>\n<meta property=\"og:description\" content=\"Un bon canap\u00e9 n\u2019est pas seulement confortable. Il doit accompagner votre quotidien, absorber vos moments de fatigue et accueillir vos moments de joie.\" \/>\n<meta property=\"og:url\" content=\"https:\/\/www.mobilier-design-occasion.fr\/magazine\/le-canape-plus-quun-meuble-un-compagnon-du-quotidien\/\" \/>\n<meta property=\"og:site_name\" content=\"Mobilier Design Magazine\" \/>\n<meta property=\"article:publisher\" content=\"https:\/\/www.facebook.com\/mobilierdesignoccasion\" \/>\n<meta property=\"article:published_time\" content=\"2025-11-18T09:30:30+00:00\" \/>\n<meta property=\"og:image\" content=\"https:\/\/www.mobilier-design-occasion.fr\/magazine\/wp-content\/uploads\/2025\/11\/b3293692844d8e5d8f38c94b9c53a569.jpg\" \/>\n\t<meta property=\"og:image:width\" content=\"1920\" \/>\n\t<meta property=\"og:image:height\" content=\"1357\" \/>\n\t<meta property=\"og:image:type\" content=\"image\/jpeg\" \/>\n<meta name=\"author\" content=\"Vincent Vandegans\" \/>\n<meta name=\"twitter:card\" content=\"summary_large_image\" \/>\n<meta name=\"twitter:label1\" content=\"\u00c9crit par\" \/>\n\t<meta name=\"twitter:data1\" content=\"Vincent Vandegans\" \/>\n\t<meta name=\"twitter:label2\" content=\"Dur\u00e9e de lecture estim\u00e9e\" \/>\n\t<meta name=\"twitter:data2\" content=\"2 minutes\" \/>\n<script type=\"application\/ld+json\" class=\"yoast-schema-graph\">{\"@context\":\"https:\\\/\\\/schema.org\",\"@graph\":[{\"@type\":\"Article\",\"@id\":\"https:\\\/\\\/www.mobilier-design-occasion.fr\\\/magazine\\\/le-canape-plus-quun-meuble-un-compagnon-du-quotidien\\\/#article\",\"isPartOf\":{\"@id\":\"https:\\\/\\\/www.mobilier-design-occasion.fr\\\/magazine\\\/le-canape-plus-quun-meuble-un-compagnon-du-quotidien\\\/\"},\"author\":{\"name\":\"Vincent Vandegans\",\"@id\":\"https:\\\/\\\/www.mobilier-design-occasion.fr\\\/magazine\\\/#\\\/schema\\\/person\\\/af895bedc80bfb6b17730a672fddac9e\"},\"headline\":\"Le canap\u00e9 : plus qu\u2019un meuble, un compagnon du quotidien\",\"datePublished\":\"2025-11-18T09:30:30+00:00\",\"mainEntityOfPage\":{\"@id\":\"https:\\\/\\\/www.mobilier-design-occasion.fr\\\/magazine\\\/le-canape-plus-quun-meuble-un-compagnon-du-quotidien\\\/\"},\"wordCount\":430,\"commentCount\":0,\"publisher\":{\"@id\":\"https:\\\/\\\/www.mobilier-design-occasion.fr\\\/magazine\\\/#organization\"},\"image\":{\"@id\":\"https:\\\/\\\/www.mobilier-design-occasion.fr\\\/magazine\\\/le-canape-plus-quun-meuble-un-compagnon-du-quotidien\\\/#primaryimage\"},\"thumbnailUrl\":\"https:\\\/\\\/www.mobilier-design-occasion.fr\\\/magazine\\\/wp-content\\\/uploads\\\/2025\\\/11\\\/b3293692844d8e5d8f38c94b9c53a569.jpg\",\"articleSection\":[\"Salon\"],\"inLanguage\":\"fr-FR\",\"potentialAction\":[{\"@type\":\"CommentAction\",\"name\":\"Comment\",\"target\":[\"https:\\\/\\\/www.mobilier-design-occasion.fr\\\/magazine\\\/le-canape-plus-quun-meuble-un-compagnon-du-quotidien\\\/#respond\"]}]},{\"@type\":\"WebPage\",\"@id\":\"https:\\\/\\\/www.mobilier-design-occasion.fr\\\/magazine\\\/le-canape-plus-quun-meuble-un-compagnon-du-quotidien\\\/\",\"url\":\"https:\\\/\\\/www.mobilier-design-occasion.fr\\\/magazine\\\/le-canape-plus-quun-meuble-un-compagnon-du-quotidien\\\/\",\"name\":\"Le canap\u00e9 : plus qu\u2019un meuble, un compagnon du quotidien\",\"isPartOf\":{\"@id\":\"https:\\\/\\\/www.mobilier-design-occasion.fr\\\/magazine\\\/#website\"},\"primaryImageOfPage\":{\"@id\":\"https:\\\/\\\/www.mobilier-design-occasion.fr\\\/magazine\\\/le-canape-plus-quun-meuble-un-compagnon-du-quotidien\\\/#primaryimage\"},\"image\":{\"@id\":\"https:\\\/\\\/www.mobilier-design-occasion.fr\\\/magazine\\\/le-canape-plus-quun-meuble-un-compagnon-du-quotidien\\\/#primaryimage\"},\"thumbnailUrl\":\"https:\\\/\\\/www.mobilier-design-occasion.fr\\\/magazine\\\/wp-content\\\/uploads\\\/2025\\\/11\\\/b3293692844d8e5d8f38c94b9c53a569.jpg\",\"datePublished\":\"2025-11-18T09:30:30+00:00\",\"description\":\"Un bon canap\u00e9 n\u2019est pas seulement confortable. Il doit accompagner votre quotidien, absorber vos moments de fatigue et accueillir vos moments de joie.\",\"breadcrumb\":{\"@id\":\"https:\\\/\\\/www.mobilier-design-occasion.fr\\\/magazine\\\/le-canape-plus-quun-meuble-un-compagnon-du-quotidien\\\/#breadcrumb\"},\"inLanguage\":\"fr-FR\",\"potentialAction\":[{\"@type\":\"ReadAction\",\"target\":[\"https:\\\/\\\/www.mobilier-design-occasion.fr\\\/magazine\\\/le-canape-plus-quun-meuble-un-compagnon-du-quotidien\\\/\"]}]},{\"@type\":\"ImageObject\",\"inLanguage\":\"fr-FR\",\"@id\":\"https:\\\/\\\/www.mobilier-design-occasion.fr\\\/magazine\\\/le-canape-plus-quun-meuble-un-compagnon-du-quotidien\\\/#primaryimage\",\"url\":\"https:\\\/\\\/www.mobilier-design-occasion.fr\\\/magazine\\\/wp-content\\\/uploads\\\/2025\\\/11\\\/b3293692844d8e5d8f38c94b9c53a569.jpg\",\"contentUrl\":\"https:\\\/\\\/www.mobilier-design-occasion.fr\\\/magazine\\\/wp-content\\\/uploads\\\/2025\\\/11\\\/b3293692844d8e5d8f38c94b9c53a569.jpg\",\"width\":1920,\"height\":1357},{\"@type\":\"BreadcrumbList\",\"@id\":\"https:\\\/\\\/www.mobilier-design-occasion.fr\\\/magazine\\\/le-canape-plus-quun-meuble-un-compagnon-du-quotidien\\\/#breadcrumb\",\"itemListElement\":[{\"@type\":\"ListItem\",\"position\":1,\"name\":\"Accueil\",\"item\":\"https:\\\/\\\/www.mobilier-design-occasion.fr\\\/magazine\\\/\"},{\"@type\":\"ListItem\",\"position\":2,\"name\":\"Le canap\u00e9 : plus qu\u2019un meuble, un compagnon du quotidien\"}]},{\"@type\":\"WebSite\",\"@id\":\"https:\\\/\\\/www.mobilier-design-occasion.fr\\\/magazine\\\/#website\",\"url\":\"https:\\\/\\\/www.mobilier-design-occasion.fr\\\/magazine\\\/\",\"name\":\"Mobilier Design Magazine\",\"description\":\"\",\"publisher\":{\"@id\":\"https:\\\/\\\/www.mobilier-design-occasion.fr\\\/magazine\\\/#organization\"},\"potentialAction\":[{\"@type\":\"SearchAction\",\"target\":{\"@type\":\"EntryPoint\",\"urlTemplate\":\"https:\\\/\\\/www.mobilier-design-occasion.fr\\\/magazine\\\/?s={search_term_string}\"},\"query-input\":{\"@type\":\"PropertyValueSpecification\",\"valueRequired\":true,\"valueName\":\"search_term_string\"}}],\"inLanguage\":\"fr-FR\"},{\"@type\":\"Organization\",\"@id\":\"https:\\\/\\\/www.mobilier-design-occasion.fr\\\/magazine\\\/#organization\",\"name\":\"Mobilier Design Magazine\",\"url\":\"https:\\\/\\\/www.mobilier-design-occasion.fr\\\/magazine\\\/\",\"logo\":{\"@type\":\"ImageObject\",\"inLanguage\":\"fr-FR\",\"@id\":\"https:\\\/\\\/www.mobilier-design-occasion.fr\\\/magazine\\\/#\\\/schema\\\/logo\\\/image\\\/\",\"url\":\"https:\\\/\\\/www.mobilier-design-occasion.fr\\\/magazine\\\/wp-content\\\/uploads\\\/2024\\\/02\\\/android-chrome-192x192-1.png\",\"contentUrl\":\"https:\\\/\\\/www.mobilier-design-occasion.fr\\\/magazine\\\/wp-content\\\/uploads\\\/2024\\\/02\\\/android-chrome-192x192-1.png\",\"width\":192,\"height\":192,\"caption\":\"Mobilier Design Magazine\"},\"image\":{\"@id\":\"https:\\\/\\\/www.mobilier-design-occasion.fr\\\/magazine\\\/#\\\/schema\\\/logo\\\/image\\\/\"},\"sameAs\":[\"https:\\\/\\\/www.facebook.com\\\/mobilierdesignoccasion\"]},{\"@type\":\"Person\",\"@id\":\"https:\\\/\\\/www.mobilier-design-occasion.fr\\\/magazine\\\/#\\\/schema\\\/person\\\/af895bedc80bfb6b17730a672fddac9e\",\"name\":\"Vincent Vandegans\",\"image\":{\"@type\":\"ImageObject\",\"inLanguage\":\"fr-FR\",\"@id\":\"https:\\\/\\\/secure.gravatar.com\\\/avatar\\\/b984800dabdf722d5e3f03f637c8932dea77d81118467d17ad2953e3b273ec66?s=96&d=mm&r=g\",\"url\":\"https:\\\/\\\/secure.gravatar.com\\\/avatar\\\/b984800dabdf722d5e3f03f637c8932dea77d81118467d17ad2953e3b273ec66?s=96&d=mm&r=g\",\"contentUrl\":\"https:\\\/\\\/secure.gravatar.com\\\/avatar\\\/b984800dabdf722d5e3f03f637c8932dea77d81118467d17ad2953e3b273ec66?s=96&d=mm&r=g\",\"caption\":\"Vincent Vandegans\"},\"description\":\"Vincent est passionn\u00e9 par les produits d'occasion, il a ouvert le site MDO avec Cyrielle pour aider les gens \u00e0 trouver du mobilier d'occasion, vintage ou usag\u00e9. Depuis, ils ont \u00e9tendu leurs activit\u00e9s et conseillent tout le monde sur le mobilier d'int\u00e9rieur et d'ext\u00e9rieur au quotidien \u00e0 travers le magazine MDO.\",\"url\":\"https:\\\/\\\/www.mobilier-design-occasion.fr\\\/magazine\\\/author\\\/vincent\\\/\"}]}<\/script>\n<!-- \/ Yoast SEO plugin. -->","yoast_head_json":{"title":"Le canap\u00e9 : plus qu\u2019un meuble, un compagnon du quotidien","description":"Un bon canap\u00e9 n\u2019est pas seulement confortable. Il doit accompagner votre quotidien, absorber vos moments de fatigue et accueillir vos moments de joie.","robots":{"index":"index","follow":"follow","max-snippet":"max-snippet:-1","max-image-preview":"max-image-preview:large","max-video-preview":"max-video-preview:-1"},"canonical":"https:\/\/www.mobilier-design-occasion.fr\/magazine\/le-canape-plus-quun-meuble-un-compagnon-du-quotidien\/","og_locale":"fr_FR","og_type":"article","og_title":"Le canap\u00e9 : plus qu\u2019un meuble, un compagnon du quotidien","og_description":"Un bon canap\u00e9 n\u2019est pas seulement confortable. Il doit accompagner votre quotidien, absorber vos moments de fatigue et accueillir vos moments de joie.","og_url":"https:\/\/www.mobilier-design-occasion.fr\/magazine\/le-canape-plus-quun-meuble-un-compagnon-du-quotidien\/","og_site_name":"Mobilier Design Magazine","article_publisher":"https:\/\/www.facebook.com\/mobilierdesignoccasion","article_published_time":"2025-11-18T09:30:30+00:00","og_image":[{"width":1920,"height":1357,"url":"https:\/\/www.mobilier-design-occasion.fr\/magazine\/wp-content\/uploads\/2025\/11\/b3293692844d8e5d8f38c94b9c53a569.jpg","type":"image\/jpeg"}],"author":"Vincent Vandegans","twitter_card":"summary_large_image","twitter_misc":{"\u00c9crit par":"Vincent Vandegans","Dur\u00e9e de lecture estim\u00e9e":"2 minutes"},"schema":{"@context":"https:\/\/schema.org","@graph":[{"@type":"Article","@id":"https:\/\/www.mobilier-design-occasion.fr\/magazine\/le-canape-plus-quun-meuble-un-compagnon-du-quotidien\/#article","isPartOf":{"@id":"https:\/\/www.mobilier-design-occasion.fr\/magazine\/le-canape-plus-quun-meuble-un-compagnon-du-quotidien\/"},"author":{"name":"Vincent Vandegans","@id":"https:\/\/www.mobilier-design-occasion.fr\/magazine\/#\/schema\/person\/af895bedc80bfb6b17730a672fddac9e"},"headline":"Le canap\u00e9 : plus qu\u2019un meuble, un compagnon du quotidien","datePublished":"2025-11-18T09:30:30+00:00","mainEntityOfPage":{"@id":"https:\/\/www.mobilier-design-occasion.fr\/magazine\/le-canape-plus-quun-meuble-un-compagnon-du-quotidien\/"},"wordCount":430,"commentCount":0,"publisher":{"@id":"https:\/\/www.mobilier-design-occasion.fr\/magazine\/#organization"},"image":{"@id":"https:\/\/www.mobilier-design-occasion.fr\/magazine\/le-canape-plus-quun-meuble-un-compagnon-du-quotidien\/#primaryimage"},"thumbnailUrl":"https:\/\/www.mobilier-design-occasion.fr\/magazine\/wp-content\/uploads\/2025\/11\/b3293692844d8e5d8f38c94b9c53a569.jpg","articleSection":["Salon"],"inLanguage":"fr-FR","potentialAction":[{"@type":"CommentAction","name":"Comment","target":["https:\/\/www.mobilier-design-occasion.fr\/magazine\/le-canape-plus-quun-meuble-un-compagnon-du-quotidien\/#respond"]}]},{"@type":"WebPage","@id":"https:\/\/www.mobilier-design-occasion.fr\/magazine\/le-canape-plus-quun-meuble-un-compagnon-du-quotidien\/","url":"https:\/\/www.mobilier-design-occasion.fr\/magazine\/le-canape-plus-quun-meuble-un-compagnon-du-quotidien\/","name":"Le canap\u00e9 : plus qu\u2019un meuble, un compagnon du quotidien","isPartOf":{"@id":"https:\/\/www.mobilier-design-occasion.fr\/magazine\/#website"},"primaryImageOfPage":{"@id":"https:\/\/www.mobilier-design-occasion.fr\/magazine\/le-canape-plus-quun-meuble-un-compagnon-du-quotidien\/#primaryimage"},"image":{"@id":"https:\/\/www.mobilier-design-occasion.fr\/magazine\/le-canape-plus-quun-meuble-un-compagnon-du-quotidien\/#primaryimage"},"thumbnailUrl":"https:\/\/www.mobilier-design-occasion.fr\/magazine\/wp-content\/uploads\/2025\/11\/b3293692844d8e5d8f38c94b9c53a569.jpg","datePublished":"2025-11-18T09:30:30+00:00","description":"Un bon canap\u00e9 n\u2019est pas seulement confortable. Il doit accompagner votre quotidien, absorber vos moments de fatigue et accueillir vos moments de joie.","breadcrumb":{"@id":"https:\/\/www.mobilier-design-occasion.fr\/magazine\/le-canape-plus-quun-meuble-un-compagnon-du-quotidien\/#breadcrumb"},"inLanguage":"fr-FR","potentialAction":[{"@type":"ReadAction","target":["https:\/\/www.mobilier-design-occasion.fr\/magazine\/le-canape-plus-quun-meuble-un-compagnon-du-quotidien\/"]}]},{"@type":"ImageObject","inLanguage":"fr-FR","@id":"https:\/\/www.mobilier-design-occasion.fr\/magazine\/le-canape-plus-quun-meuble-un-compagnon-du-quotidien\/#primaryimage","url":"https:\/\/www.mobilier-design-occasion.fr\/magazine\/wp-content\/uploads\/2025\/11\/b3293692844d8e5d8f38c94b9c53a569.jpg","contentUrl":"https:\/\/www.mobilier-design-occasion.fr\/magazine\/wp-content\/uploads\/2025\/11\/b3293692844d8e5d8f38c94b9c53a569.jpg","width":1920,"height":1357},{"@type":"BreadcrumbList","@id":"https:\/\/www.mobilier-design-occasion.fr\/magazine\/le-canape-plus-quun-meuble-un-compagnon-du-quotidien\/#breadcrumb","itemListElement":[{"@type":"ListItem","position":1,"name":"Accueil","item":"https:\/\/www.mobilier-design-occasion.fr\/magazine\/"},{"@type":"ListItem","position":2,"name":"Le canap\u00e9 : plus qu\u2019un meuble, un compagnon du quotidien"}]},{"@type":"WebSite","@id":"https:\/\/www.mobilier-design-occasion.fr\/magazine\/#website","url":"https:\/\/www.mobilier-design-occasion.fr\/magazine\/","name":"Mobilier Design Magazine","description":"","publisher":{"@id":"https:\/\/www.mobilier-design-occasion.fr\/magazine\/#organization"},"potentialAction":[{"@type":"SearchAction","target":{"@type":"EntryPoint","urlTemplate":"https:\/\/www.mobilier-design-occasion.fr\/magazine\/?s={search_term_string}"},"query-input":{"@type":"PropertyValueSpecification","valueRequired":true,"valueName":"search_term_string"}}],"inLanguage":"fr-FR"},{"@type":"Organization","@id":"https:\/\/www.mobilier-design-occasion.fr\/magazine\/#organization","name":"Mobilier Design Magazine","url":"https:\/\/www.mobilier-design-occasion.fr\/magazine\/","logo":{"@type":"ImageObject","inLanguage":"fr-FR","@id":"https:\/\/www.mobilier-design-occasion.fr\/magazine\/#\/schema\/logo\/image\/","url":"https:\/\/www.mobilier-design-occasion.fr\/magazine\/wp-content\/uploads\/2024\/02\/android-chrome-192x192-1.png","contentUrl":"https:\/\/www.mobilier-design-occasion.fr\/magazine\/wp-content\/uploads\/2024\/02\/android-chrome-192x192-1.png","width":192,"height":192,"caption":"Mobilier Design Magazine"},"image":{"@id":"https:\/\/www.mobilier-design-occasion.fr\/magazine\/#\/schema\/logo\/image\/"},"sameAs":["https:\/\/www.facebook.com\/mobilierdesignoccasion"]},{"@type":"Person","@id":"https:\/\/www.mobilier-design-occasion.fr\/magazine\/#\/schema\/person\/af895bedc80bfb6b17730a672fddac9e","name":"Vincent Vandegans","image":{"@type":"ImageObject","inLanguage":"fr-FR","@id":"https:\/\/secure.gravatar.com\/avatar\/b984800dabdf722d5e3f03f637c8932dea77d81118467d17ad2953e3b273ec66?s=96&d=mm&r=g","url":"https:\/\/secure.gravatar.com\/avatar\/b984800dabdf722d5e3f03f637c8932dea77d81118467d17ad2953e3b273ec66?s=96&d=mm&r=g","contentUrl":"https:\/\/secure.gravatar.com\/avatar\/b984800dabdf722d5e3f03f637c8932dea77d81118467d17ad2953e3b273ec66?s=96&d=mm&r=g","caption":"Vincent Vandegans"},"description":"Vincent est passionn\u00e9 par les produits d'occasion, il a ouvert le site MDO avec Cyrielle pour aider les gens \u00e0 trouver du mobilier d'occasion, vintage ou usag\u00e9. Depuis, ils ont \u00e9tendu leurs activit\u00e9s et conseillent tout le monde sur le mobilier d'int\u00e9rieur et d'ext\u00e9rieur au quotidien \u00e0 travers le magazine MDO.","url":"https:\/\/www.mobilier-design-occasion.fr\/magazine\/author\/vincent\/"}]}},"_links":{"self":[{"href":"https:\/\/www.mobilier-design-occasion.fr\/magazine\/wp-json\/wp\/v2\/posts\/8596","targetHints":{"allow":["GET"]}}],"collection":[{"href":"https:\/\/www.mobilier-design-occasion.fr\/magazine\/wp-json\/wp\/v2\/posts"}],"about":[{"href":"https:\/\/www.mobilier-design-occasion.fr\/magazine\/wp-json\/wp\/v2\/types\/post"}],"author":[{"embeddable":true,"href":"https:\/\/www.mobilier-design-occasion.fr\/magazine\/wp-json\/wp\/v2\/users\/2"}],"replies":[{"embeddable":true,"href":"https:\/\/www.mobilier-design-occasion.fr\/magazine\/wp-json\/wp\/v2\/comments?post=8596"}],"version-history":[{"count":1,"href":"https:\/\/www.mobilier-design-occasion.fr\/magazine\/wp-json\/wp\/v2\/posts\/8596\/revisions"}],"predecessor-version":[{"id":8597,"href":"https:\/\/www.mobilier-design-occasion.fr\/magazine\/wp-json\/wp\/v2\/posts\/8596\/revisions\/8597"}],"wp:featuredmedia":[{"embeddable":true,"href":"https:\/\/www.mobilier-design-occasion.fr\/magazine\/wp-json\/wp\/v2\/media\/8598"}],"wp:attachment":[{"href":"https:\/\/www.mobilier-design-occasion.fr\/magazine\/wp-json\/wp\/v2\/media?parent=8596"}],"wp:term":[{"taxonomy":"category","embeddable":true,"href":"https:\/\/www.mobilier-design-occasion.fr\/magazine\/wp-json\/wp\/v2\/categories?post=8596"},{"taxonomy":"post_tag","embeddable":true,"href":"https:\/\/www.mobilier-design-occasion.fr\/magazine\/wp-json\/wp\/v2\/tags?post=8596"}],"curies":[{"name":"wp","href":"https:\/\/api.w.org\/{rel}","templated":true}]}}