{"id":8590,"date":"2025-11-14T10:06:16","date_gmt":"2025-11-14T10:06:16","guid":{"rendered":"https:\/\/www.mobilier-design-occasion.fr\/magazine\/?p=8590"},"modified":"2025-11-14T10:06:17","modified_gmt":"2025-11-14T10:06:17","slug":"quels-travaux-confier-a-un-professionnel","status":"publish","type":"post","link":"https:\/\/www.mobilier-design-occasion.fr\/magazine\/quels-travaux-confier-a-un-professionnel\/","title":{"rendered":"Quels travaux confier \u00e0 un professionnel ?"},"content":{"rendered":"\n<p>Contrairement \u00e0 ce que l\u2019on pourrait penser, am\u00e9nager ses espaces ext\u00e9rieurs requiert parfois des comp\u00e9tences techniques que tout le monde ne poss\u00e8de pas forc\u00e9ment. Monter un abri de jardin, une pergola ou une v\u00e9randa, r\u00e9aliser un terrassement ou arborer son jardin durablement sont autant de t\u00e2ches que vous pouvez confier \u00e0 un professionnel. Cela vous permet d\u2019\u00eatre s\u00fbr de b\u00e9n\u00e9ficier des bons conseils sur le choix des plantes et des mat\u00e9riaux, mais aussi que chaque \u00e9l\u00e9ment mis en place tienne dans le temps. D\u00e9couvrez toutes les bonnes raisons de faire confiance aux professionnels de l\u2019am\u00e9nagement ext\u00e9rieur.<\/p>\n\n\n\n<h2 class=\"wp-block-heading\"><span class=\"ez-toc-section\" id=\"La_construction_dun_abri_de_jardin_dune_pergola_ou_dune_veranda\"><\/span>La construction d\u2019un abri de jardin, d\u2019une pergola ou d\u2019une v\u00e9randa<span class=\"ez-toc-section-end\"><\/span><\/h2><div id=\"ez-toc-container\" class=\"ez-toc-v2_0_82_2 counter-hierarchy ez-toc-counter ez-toc-grey ez-toc-container-direction\">\n<div class=\"ez-toc-title-container\">\n<span class=\"ez-toc-title-toggle\"><a href=\"#\" class=\"ez-toc-pull-right ez-toc-btn ez-toc-btn-xs ez-toc-btn-default ez-toc-toggle\" aria-label=\"Toggle Table of Content\"><span class=\"ez-toc-js-icon-con\"><span class=\"\"><span class=\"eztoc-hide\" style=\"display:none;\">Toggle<\/span><span class=\"ez-toc-icon-toggle-span\"><svg style=\"fill: #999;color:#999\" xmlns=\"http:\/\/www.w3.org\/2000\/svg\" class=\"list-377408\" width=\"20px\" height=\"20px\" viewBox=\"0 0 24 24\" fill=\"none\"><path d=\"M6 6H4v2h2V6zm14 0H8v2h12V6zM4 11h2v2H4v-2zm16 0H8v2h12v-2zM4 16h2v2H4v-2zm16 0H8v2h12v-2z\" fill=\"currentColor\"><\/path><\/svg><svg style=\"fill: #999;color:#999\" class=\"arrow-unsorted-368013\" xmlns=\"http:\/\/www.w3.org\/2000\/svg\" width=\"10px\" height=\"10px\" viewBox=\"0 0 24 24\" version=\"1.2\" baseProfile=\"tiny\"><path d=\"M18.2 9.3l-6.2-6.3-6.2 6.3c-.2.2-.3.4-.3.7s.1.5.3.7c.2.2.4.3.7.3h11c.3 0 .5-.1.7-.3.2-.2.3-.5.3-.7s-.1-.5-.3-.7zM5.8 14.7l6.2 6.3 6.2-6.3c.2-.2.3-.5.3-.7s-.1-.5-.3-.7c-.2-.2-.4-.3-.7-.3h-11c-.3 0-.5.1-.7.3-.2.2-.3.5-.3.7s.1.5.3.7z\"\/><\/svg><\/span><\/span><\/span><\/a><\/span><\/div>\n<nav><ul class='ez-toc-list ez-toc-list-level-1 eztoc-toggle-hide-by-default' ><li class='ez-toc-page-1 ez-toc-heading-level-2'><a class=\"ez-toc-link ez-toc-heading-1\" href=\"https:\/\/www.mobilier-design-occasion.fr\/magazine\/quels-travaux-confier-a-un-professionnel\/#La_construction_dun_abri_de_jardin_dune_pergola_ou_dune_veranda\" >La construction d\u2019un abri de jardin, d\u2019une pergola ou d\u2019une v\u00e9randa<\/a><\/li><li class='ez-toc-page-1 ez-toc-heading-level-2'><a class=\"ez-toc-link ez-toc-heading-2\" href=\"https:\/\/www.mobilier-design-occasion.fr\/magazine\/quels-travaux-confier-a-un-professionnel\/#La_realisation_dallees_de_jardin_et_de_terrasses\" >La r\u00e9alisation d\u2019all\u00e9es de jardin et de terrasses<\/a><\/li><li class='ez-toc-page-1 ez-toc-heading-level-2'><a class=\"ez-toc-link ez-toc-heading-3\" href=\"https:\/\/www.mobilier-design-occasion.fr\/magazine\/quels-travaux-confier-a-un-professionnel\/#Le_choix_et_la_plantation_des_vegetaux_qui_arborent_le_jardin\" >Le choix et la plantation des v\u00e9g\u00e9taux qui arborent le jardin<\/a><\/li><\/ul><\/nav><\/div>\n\n\n\n\n<p>Construire sa propre v\u00e9randa, sa pergola ou son abri de jardin peut, de prime abord, sembler accessible. Mais en r\u00e9alit\u00e9, ces ouvrages exigent une grande pr\u00e9cision et parfois de bonnes connaissances techniques en b\u00e2timent pour tenir debout. Par exemple, un abri mal nivel\u00e9 ou mal ancr\u00e9 peut se d\u00e9former avec le temps. Le bois, souvent sujet aux variations d\u2019humidit\u00e9, n\u00e9cessite des ajustements pr\u00e9cis et un traitement adapt\u00e9 pour \u00e9viter les infiltrations ou la d\u00e9t\u00e9rioration pr\u00e9matur\u00e9e.<\/p>\n\n\n\n<p>Pour une pergola, la complexit\u00e9 r\u00e9side autant dans le respect des normes que dans la ma\u00eetrise des structures porteuses. Quant \u00e0 la v\u00e9randa, elle implique des d\u00e9marches administratives qu\u2019il faut bien ma\u00eetriser pour rester dans les normes, des calculs thermiques pour \u00e9viter les pertes de chaleur en hiver et une \u00e9tanch\u00e9it\u00e9 irr\u00e9prochable. Pour ce type d\u2019installations ext\u00e9rieures, il vaut mieux faire faire <a href=\"https:\/\/conceptabri.be\/\">l&#8217;am\u00e9nagement de votre jardin par un professionnel<\/a> qui saura vous apporter tout son savoir-faire, du choix de la structure jusqu&#8217;\u00e0 l\u2019installation compl\u00e8te de votre b\u00e2timent.<\/p>\n\n\n\n<h2 class=\"wp-block-heading\"><span class=\"ez-toc-section\" id=\"La_realisation_dallees_de_jardin_et_de_terrasses\"><\/span>La r\u00e9alisation d\u2019all\u00e9es de jardin et de terrasses<span class=\"ez-toc-section-end\"><\/span><\/h2>\n\n\n\n<p>Derri\u00e8re l\u2019apparente simplicit\u00e9 d\u2019un projet de terrassement ou de dallage se cachent de nombreuses op\u00e9rations d\u00e9licates. La pr\u00e9paration du sol, son drainage et le respect des pentes d\u2019\u00e9coulement sont notamment des \u00e9tapes qu\u2019il ne faut pas n\u00e9gliger pour que votre all\u00e9e ou votre terrasse ne se fissure pas avec le temps.<\/p>\n\n\n\n<p>Par ailleurs, une erreur minime dans le nivellement ou l\u2019inclinaison peut aussi provoquer des stagnations d\u2019eau ou des affaissements. Les professionnels ma\u00eetrisent \u00e9galement les contraintes li\u00e9es aux variations climatiques pour \u00e9viter la dilatation des dalles ou l\u2019usure pr\u00e9matur\u00e9e des joints.<\/p>\n\n\n\n<h2 class=\"wp-block-heading\"><span class=\"ez-toc-section\" id=\"Le_choix_et_la_plantation_des_vegetaux_qui_arborent_le_jardin\"><\/span>Le choix et la plantation des v\u00e9g\u00e9taux qui arborent le jardin<span class=\"ez-toc-section-end\"><\/span><\/h2>\n\n\n\n<p>Votre go\u00fbt pour les belles plantes ne suffit pas forc\u00e9ment \u00e0 s\u00e9lectionner celles qui tiendront le coup dans votre jardin, ni \u00e0 les placer de fa\u00e7on \u00e0 ce qu\u2019elles poussent correctement. Chaque esp\u00e8ce supporte plus ou moins bien les al\u00e9as climatiques, elles ont toutes besoin d\u2019un ensoleillement diff\u00e9rent, d\u2019un taux d\u2019humidit\u00e9 plus ou moins important, etc\u2026 Et faire le bon choix quand on veut arborer un terrain se r\u00e9v\u00e8le parfois compliqu\u00e9. Un paysagiste saura alors vous guider vers les arbres et les fleurs les plus adapt\u00e9es \u00e0 votre r\u00e9gion et \u00e0 l\u2019exposition de chaque recoin de votre jardin. Il aura \u00e9galement la capacit\u00e9 de vous proposer diff\u00e9rentes plantes pour varier les couleurs, jouer avec les volumes et les p\u00e9riodes de floraison pour que votre ext\u00e9rieur soit aussi resplendissant en \u00e9t\u00e9 qu\u2019en hiver.<\/p>\n\n\n\n<p>Confier l\u2019am\u00e9nagement de son jardin \u00e0 des professionnels, c\u2019est miser sur leur savoir-faire pour n\u2019avoir ensuite qu\u2019un entretien r\u00e9gulier \u00e0 r\u00e9aliser sans devoir refaire des travaux pour rattraper une ou plusieurs erreurs commises lors de l\u2019installation de chaque \u00e9l\u00e9ment. En somme, c\u2019est la tranquillit\u00e9 \u00e0 long terme.<\/p>\n","protected":false},"excerpt":{"rendered":"<p>Contrairement \u00e0 ce que l\u2019on pourrait penser, am\u00e9nager ses espaces ext\u00e9rieurs requiert parfois des comp\u00e9tences techniques que tout le monde ne poss\u00e8de pas forc\u00e9ment. Monter un abri de jardin, une pergola ou une v\u00e9randa, r\u00e9aliser un terrassement ou arborer son jardin durablement sont autant de t\u00e2ches que vous pouvez confier \u00e0 un professionnel. Cela vous [&hellip;]<\/p>\n","protected":false},"author":2,"featured_media":8591,"comment_status":"open","ping_status":"open","sticky":false,"template":"","format":"standard","meta":{"footnotes":""},"categories":[124],"tags":[],"class_list":["post-8590","post","type-post","status-publish","format-standard","has-post-thumbnail","hentry","category-exterieur"],"yoast_head":"<!-- This site is optimized with the Yoast SEO plugin v27.5 - https:\/\/yoast.com\/product\/yoast-seo-wordpress\/ -->\n<title>Quels travaux confier \u00e0 un professionnel ? - Mobilier Design Magazine<\/title>\n<meta name=\"robots\" content=\"index, follow, max-snippet:-1, max-image-preview:large, max-video-preview:-1\" \/>\n<link rel=\"canonical\" href=\"https:\/\/www.mobilier-design-occasion.fr\/magazine\/quels-travaux-confier-a-un-professionnel\/\" \/>\n<meta property=\"og:locale\" content=\"fr_FR\" \/>\n<meta property=\"og:type\" content=\"article\" \/>\n<meta property=\"og:title\" content=\"Quels travaux confier \u00e0 un professionnel ? - Mobilier Design Magazine\" \/>\n<meta property=\"og:description\" content=\"Contrairement \u00e0 ce que l\u2019on pourrait penser, am\u00e9nager ses espaces ext\u00e9rieurs requiert parfois des comp\u00e9tences techniques que tout le monde ne poss\u00e8de pas forc\u00e9ment. Monter un abri de jardin, une pergola ou une v\u00e9randa, r\u00e9aliser un terrassement ou arborer son jardin durablement sont autant de t\u00e2ches que vous pouvez confier \u00e0 un professionnel. Cela vous [&hellip;]\" \/>\n<meta property=\"og:url\" content=\"https:\/\/www.mobilier-design-occasion.fr\/magazine\/quels-travaux-confier-a-un-professionnel\/\" \/>\n<meta property=\"og:site_name\" content=\"Mobilier Design Magazine\" \/>\n<meta property=\"article:publisher\" content=\"https:\/\/www.facebook.com\/mobilierdesignoccasion\" \/>\n<meta property=\"article:published_time\" content=\"2025-11-14T10:06:16+00:00\" \/>\n<meta property=\"article:modified_time\" content=\"2025-11-14T10:06:17+00:00\" \/>\n<meta property=\"og:image\" content=\"https:\/\/www.mobilier-design-occasion.fr\/magazine\/wp-content\/uploads\/2025\/11\/5521edc11b7c0102e1471012e18f8e4b.jpg\" \/>\n\t<meta property=\"og:image:width\" content=\"1920\" \/>\n\t<meta property=\"og:image:height\" content=\"1080\" \/>\n\t<meta property=\"og:image:type\" content=\"image\/jpeg\" \/>\n<meta name=\"author\" content=\"Vincent Vandegans\" \/>\n<meta name=\"twitter:card\" content=\"summary_large_image\" \/>\n<meta name=\"twitter:label1\" content=\"\u00c9crit par\" \/>\n\t<meta name=\"twitter:data1\" content=\"Vincent Vandegans\" \/>\n\t<meta name=\"twitter:label2\" content=\"Dur\u00e9e de lecture estim\u00e9e\" \/>\n\t<meta name=\"twitter:data2\" content=\"4 minutes\" \/>\n<script type=\"application\/ld+json\" class=\"yoast-schema-graph\">{\"@context\":\"https:\\\/\\\/schema.org\",\"@graph\":[{\"@type\":\"Article\",\"@id\":\"https:\\\/\\\/www.mobilier-design-occasion.fr\\\/magazine\\\/quels-travaux-confier-a-un-professionnel\\\/#article\",\"isPartOf\":{\"@id\":\"https:\\\/\\\/www.mobilier-design-occasion.fr\\\/magazine\\\/quels-travaux-confier-a-un-professionnel\\\/\"},\"author\":{\"name\":\"Vincent Vandegans\",\"@id\":\"https:\\\/\\\/www.mobilier-design-occasion.fr\\\/magazine\\\/#\\\/schema\\\/person\\\/af895bedc80bfb6b17730a672fddac9e\"},\"headline\":\"Quels travaux confier \u00e0 un professionnel ?\",\"datePublished\":\"2025-11-14T10:06:16+00:00\",\"dateModified\":\"2025-11-14T10:06:17+00:00\",\"mainEntityOfPage\":{\"@id\":\"https:\\\/\\\/www.mobilier-design-occasion.fr\\\/magazine\\\/quels-travaux-confier-a-un-professionnel\\\/\"},\"wordCount\":654,\"commentCount\":0,\"publisher\":{\"@id\":\"https:\\\/\\\/www.mobilier-design-occasion.fr\\\/magazine\\\/#organization\"},\"image\":{\"@id\":\"https:\\\/\\\/www.mobilier-design-occasion.fr\\\/magazine\\\/quels-travaux-confier-a-un-professionnel\\\/#primaryimage\"},\"thumbnailUrl\":\"https:\\\/\\\/www.mobilier-design-occasion.fr\\\/magazine\\\/wp-content\\\/uploads\\\/2025\\\/11\\\/5521edc11b7c0102e1471012e18f8e4b.jpg\",\"articleSection\":[\"Ext\u00e9rieur\"],\"inLanguage\":\"fr-FR\",\"potentialAction\":[{\"@type\":\"CommentAction\",\"name\":\"Comment\",\"target\":[\"https:\\\/\\\/www.mobilier-design-occasion.fr\\\/magazine\\\/quels-travaux-confier-a-un-professionnel\\\/#respond\"]}]},{\"@type\":\"WebPage\",\"@id\":\"https:\\\/\\\/www.mobilier-design-occasion.fr\\\/magazine\\\/quels-travaux-confier-a-un-professionnel\\\/\",\"url\":\"https:\\\/\\\/www.mobilier-design-occasion.fr\\\/magazine\\\/quels-travaux-confier-a-un-professionnel\\\/\",\"name\":\"Quels travaux confier \u00e0 un professionnel ? - Mobilier Design Magazine\",\"isPartOf\":{\"@id\":\"https:\\\/\\\/www.mobilier-design-occasion.fr\\\/magazine\\\/#website\"},\"primaryImageOfPage\":{\"@id\":\"https:\\\/\\\/www.mobilier-design-occasion.fr\\\/magazine\\\/quels-travaux-confier-a-un-professionnel\\\/#primaryimage\"},\"image\":{\"@id\":\"https:\\\/\\\/www.mobilier-design-occasion.fr\\\/magazine\\\/quels-travaux-confier-a-un-professionnel\\\/#primaryimage\"},\"thumbnailUrl\":\"https:\\\/\\\/www.mobilier-design-occasion.fr\\\/magazine\\\/wp-content\\\/uploads\\\/2025\\\/11\\\/5521edc11b7c0102e1471012e18f8e4b.jpg\",\"datePublished\":\"2025-11-14T10:06:16+00:00\",\"dateModified\":\"2025-11-14T10:06:17+00:00\",\"breadcrumb\":{\"@id\":\"https:\\\/\\\/www.mobilier-design-occasion.fr\\\/magazine\\\/quels-travaux-confier-a-un-professionnel\\\/#breadcrumb\"},\"inLanguage\":\"fr-FR\",\"potentialAction\":[{\"@type\":\"ReadAction\",\"target\":[\"https:\\\/\\\/www.mobilier-design-occasion.fr\\\/magazine\\\/quels-travaux-confier-a-un-professionnel\\\/\"]}]},{\"@type\":\"ImageObject\",\"inLanguage\":\"fr-FR\",\"@id\":\"https:\\\/\\\/www.mobilier-design-occasion.fr\\\/magazine\\\/quels-travaux-confier-a-un-professionnel\\\/#primaryimage\",\"url\":\"https:\\\/\\\/www.mobilier-design-occasion.fr\\\/magazine\\\/wp-content\\\/uploads\\\/2025\\\/11\\\/5521edc11b7c0102e1471012e18f8e4b.jpg\",\"contentUrl\":\"https:\\\/\\\/www.mobilier-design-occasion.fr\\\/magazine\\\/wp-content\\\/uploads\\\/2025\\\/11\\\/5521edc11b7c0102e1471012e18f8e4b.jpg\",\"width\":1920,\"height\":1080},{\"@type\":\"BreadcrumbList\",\"@id\":\"https:\\\/\\\/www.mobilier-design-occasion.fr\\\/magazine\\\/quels-travaux-confier-a-un-professionnel\\\/#breadcrumb\",\"itemListElement\":[{\"@type\":\"ListItem\",\"position\":1,\"name\":\"Accueil\",\"item\":\"https:\\\/\\\/www.mobilier-design-occasion.fr\\\/magazine\\\/\"},{\"@type\":\"ListItem\",\"position\":2,\"name\":\"Quels travaux confier \u00e0 un professionnel ?\"}]},{\"@type\":\"WebSite\",\"@id\":\"https:\\\/\\\/www.mobilier-design-occasion.fr\\\/magazine\\\/#website\",\"url\":\"https:\\\/\\\/www.mobilier-design-occasion.fr\\\/magazine\\\/\",\"name\":\"Mobilier Design Magazine\",\"description\":\"\",\"publisher\":{\"@id\":\"https:\\\/\\\/www.mobilier-design-occasion.fr\\\/magazine\\\/#organization\"},\"potentialAction\":[{\"@type\":\"SearchAction\",\"target\":{\"@type\":\"EntryPoint\",\"urlTemplate\":\"https:\\\/\\\/www.mobilier-design-occasion.fr\\\/magazine\\\/?s={search_term_string}\"},\"query-input\":{\"@type\":\"PropertyValueSpecification\",\"valueRequired\":true,\"valueName\":\"search_term_string\"}}],\"inLanguage\":\"fr-FR\"},{\"@type\":\"Organization\",\"@id\":\"https:\\\/\\\/www.mobilier-design-occasion.fr\\\/magazine\\\/#organization\",\"name\":\"Mobilier Design Magazine\",\"url\":\"https:\\\/\\\/www.mobilier-design-occasion.fr\\\/magazine\\\/\",\"logo\":{\"@type\":\"ImageObject\",\"inLanguage\":\"fr-FR\",\"@id\":\"https:\\\/\\\/www.mobilier-design-occasion.fr\\\/magazine\\\/#\\\/schema\\\/logo\\\/image\\\/\",\"url\":\"https:\\\/\\\/www.mobilier-design-occasion.fr\\\/magazine\\\/wp-content\\\/uploads\\\/2024\\\/02\\\/android-chrome-192x192-1.png\",\"contentUrl\":\"https:\\\/\\\/www.mobilier-design-occasion.fr\\\/magazine\\\/wp-content\\\/uploads\\\/2024\\\/02\\\/android-chrome-192x192-1.png\",\"width\":192,\"height\":192,\"caption\":\"Mobilier Design Magazine\"},\"image\":{\"@id\":\"https:\\\/\\\/www.mobilier-design-occasion.fr\\\/magazine\\\/#\\\/schema\\\/logo\\\/image\\\/\"},\"sameAs\":[\"https:\\\/\\\/www.facebook.com\\\/mobilierdesignoccasion\"]},{\"@type\":\"Person\",\"@id\":\"https:\\\/\\\/www.mobilier-design-occasion.fr\\\/magazine\\\/#\\\/schema\\\/person\\\/af895bedc80bfb6b17730a672fddac9e\",\"name\":\"Vincent Vandegans\",\"image\":{\"@type\":\"ImageObject\",\"inLanguage\":\"fr-FR\",\"@id\":\"https:\\\/\\\/secure.gravatar.com\\\/avatar\\\/b984800dabdf722d5e3f03f637c8932dea77d81118467d17ad2953e3b273ec66?s=96&d=mm&r=g\",\"url\":\"https:\\\/\\\/secure.gravatar.com\\\/avatar\\\/b984800dabdf722d5e3f03f637c8932dea77d81118467d17ad2953e3b273ec66?s=96&d=mm&r=g\",\"contentUrl\":\"https:\\\/\\\/secure.gravatar.com\\\/avatar\\\/b984800dabdf722d5e3f03f637c8932dea77d81118467d17ad2953e3b273ec66?s=96&d=mm&r=g\",\"caption\":\"Vincent Vandegans\"},\"description\":\"Vincent est passionn\u00e9 par les produits d'occasion, il a ouvert le site MDO avec Cyrielle pour aider les gens \u00e0 trouver du mobilier d'occasion, vintage ou usag\u00e9. Depuis, ils ont \u00e9tendu leurs activit\u00e9s et conseillent tout le monde sur le mobilier d'int\u00e9rieur et d'ext\u00e9rieur au quotidien \u00e0 travers le magazine MDO.\",\"url\":\"https:\\\/\\\/www.mobilier-design-occasion.fr\\\/magazine\\\/author\\\/vincent\\\/\"}]}<\/script>\n<!-- \/ Yoast SEO plugin. -->","yoast_head_json":{"title":"Quels travaux confier \u00e0 un professionnel ? - Mobilier Design Magazine","robots":{"index":"index","follow":"follow","max-snippet":"max-snippet:-1","max-image-preview":"max-image-preview:large","max-video-preview":"max-video-preview:-1"},"canonical":"https:\/\/www.mobilier-design-occasion.fr\/magazine\/quels-travaux-confier-a-un-professionnel\/","og_locale":"fr_FR","og_type":"article","og_title":"Quels travaux confier \u00e0 un professionnel ? - Mobilier Design Magazine","og_description":"Contrairement \u00e0 ce que l\u2019on pourrait penser, am\u00e9nager ses espaces ext\u00e9rieurs requiert parfois des comp\u00e9tences techniques que tout le monde ne poss\u00e8de pas forc\u00e9ment. Monter un abri de jardin, une pergola ou une v\u00e9randa, r\u00e9aliser un terrassement ou arborer son jardin durablement sont autant de t\u00e2ches que vous pouvez confier \u00e0 un professionnel. Cela vous [&hellip;]","og_url":"https:\/\/www.mobilier-design-occasion.fr\/magazine\/quels-travaux-confier-a-un-professionnel\/","og_site_name":"Mobilier Design Magazine","article_publisher":"https:\/\/www.facebook.com\/mobilierdesignoccasion","article_published_time":"2025-11-14T10:06:16+00:00","article_modified_time":"2025-11-14T10:06:17+00:00","og_image":[{"width":1920,"height":1080,"url":"https:\/\/www.mobilier-design-occasion.fr\/magazine\/wp-content\/uploads\/2025\/11\/5521edc11b7c0102e1471012e18f8e4b.jpg","type":"image\/jpeg"}],"author":"Vincent Vandegans","twitter_card":"summary_large_image","twitter_misc":{"\u00c9crit par":"Vincent Vandegans","Dur\u00e9e de lecture estim\u00e9e":"4 minutes"},"schema":{"@context":"https:\/\/schema.org","@graph":[{"@type":"Article","@id":"https:\/\/www.mobilier-design-occasion.fr\/magazine\/quels-travaux-confier-a-un-professionnel\/#article","isPartOf":{"@id":"https:\/\/www.mobilier-design-occasion.fr\/magazine\/quels-travaux-confier-a-un-professionnel\/"},"author":{"name":"Vincent Vandegans","@id":"https:\/\/www.mobilier-design-occasion.fr\/magazine\/#\/schema\/person\/af895bedc80bfb6b17730a672fddac9e"},"headline":"Quels travaux confier \u00e0 un professionnel ?","datePublished":"2025-11-14T10:06:16+00:00","dateModified":"2025-11-14T10:06:17+00:00","mainEntityOfPage":{"@id":"https:\/\/www.mobilier-design-occasion.fr\/magazine\/quels-travaux-confier-a-un-professionnel\/"},"wordCount":654,"commentCount":0,"publisher":{"@id":"https:\/\/www.mobilier-design-occasion.fr\/magazine\/#organization"},"image":{"@id":"https:\/\/www.mobilier-design-occasion.fr\/magazine\/quels-travaux-confier-a-un-professionnel\/#primaryimage"},"thumbnailUrl":"https:\/\/www.mobilier-design-occasion.fr\/magazine\/wp-content\/uploads\/2025\/11\/5521edc11b7c0102e1471012e18f8e4b.jpg","articleSection":["Ext\u00e9rieur"],"inLanguage":"fr-FR","potentialAction":[{"@type":"CommentAction","name":"Comment","target":["https:\/\/www.mobilier-design-occasion.fr\/magazine\/quels-travaux-confier-a-un-professionnel\/#respond"]}]},{"@type":"WebPage","@id":"https:\/\/www.mobilier-design-occasion.fr\/magazine\/quels-travaux-confier-a-un-professionnel\/","url":"https:\/\/www.mobilier-design-occasion.fr\/magazine\/quels-travaux-confier-a-un-professionnel\/","name":"Quels travaux confier \u00e0 un professionnel ? - Mobilier Design Magazine","isPartOf":{"@id":"https:\/\/www.mobilier-design-occasion.fr\/magazine\/#website"},"primaryImageOfPage":{"@id":"https:\/\/www.mobilier-design-occasion.fr\/magazine\/quels-travaux-confier-a-un-professionnel\/#primaryimage"},"image":{"@id":"https:\/\/www.mobilier-design-occasion.fr\/magazine\/quels-travaux-confier-a-un-professionnel\/#primaryimage"},"thumbnailUrl":"https:\/\/www.mobilier-design-occasion.fr\/magazine\/wp-content\/uploads\/2025\/11\/5521edc11b7c0102e1471012e18f8e4b.jpg","datePublished":"2025-11-14T10:06:16+00:00","dateModified":"2025-11-14T10:06:17+00:00","breadcrumb":{"@id":"https:\/\/www.mobilier-design-occasion.fr\/magazine\/quels-travaux-confier-a-un-professionnel\/#breadcrumb"},"inLanguage":"fr-FR","potentialAction":[{"@type":"ReadAction","target":["https:\/\/www.mobilier-design-occasion.fr\/magazine\/quels-travaux-confier-a-un-professionnel\/"]}]},{"@type":"ImageObject","inLanguage":"fr-FR","@id":"https:\/\/www.mobilier-design-occasion.fr\/magazine\/quels-travaux-confier-a-un-professionnel\/#primaryimage","url":"https:\/\/www.mobilier-design-occasion.fr\/magazine\/wp-content\/uploads\/2025\/11\/5521edc11b7c0102e1471012e18f8e4b.jpg","contentUrl":"https:\/\/www.mobilier-design-occasion.fr\/magazine\/wp-content\/uploads\/2025\/11\/5521edc11b7c0102e1471012e18f8e4b.jpg","width":1920,"height":1080},{"@type":"BreadcrumbList","@id":"https:\/\/www.mobilier-design-occasion.fr\/magazine\/quels-travaux-confier-a-un-professionnel\/#breadcrumb","itemListElement":[{"@type":"ListItem","position":1,"name":"Accueil","item":"https:\/\/www.mobilier-design-occasion.fr\/magazine\/"},{"@type":"ListItem","position":2,"name":"Quels travaux confier \u00e0 un professionnel ?"}]},{"@type":"WebSite","@id":"https:\/\/www.mobilier-design-occasion.fr\/magazine\/#website","url":"https:\/\/www.mobilier-design-occasion.fr\/magazine\/","name":"Mobilier Design Magazine","description":"","publisher":{"@id":"https:\/\/www.mobilier-design-occasion.fr\/magazine\/#organization"},"potentialAction":[{"@type":"SearchAction","target":{"@type":"EntryPoint","urlTemplate":"https:\/\/www.mobilier-design-occasion.fr\/magazine\/?s={search_term_string}"},"query-input":{"@type":"PropertyValueSpecification","valueRequired":true,"valueName":"search_term_string"}}],"inLanguage":"fr-FR"},{"@type":"Organization","@id":"https:\/\/www.mobilier-design-occasion.fr\/magazine\/#organization","name":"Mobilier Design Magazine","url":"https:\/\/www.mobilier-design-occasion.fr\/magazine\/","logo":{"@type":"ImageObject","inLanguage":"fr-FR","@id":"https:\/\/www.mobilier-design-occasion.fr\/magazine\/#\/schema\/logo\/image\/","url":"https:\/\/www.mobilier-design-occasion.fr\/magazine\/wp-content\/uploads\/2024\/02\/android-chrome-192x192-1.png","contentUrl":"https:\/\/www.mobilier-design-occasion.fr\/magazine\/wp-content\/uploads\/2024\/02\/android-chrome-192x192-1.png","width":192,"height":192,"caption":"Mobilier Design Magazine"},"image":{"@id":"https:\/\/www.mobilier-design-occasion.fr\/magazine\/#\/schema\/logo\/image\/"},"sameAs":["https:\/\/www.facebook.com\/mobilierdesignoccasion"]},{"@type":"Person","@id":"https:\/\/www.mobilier-design-occasion.fr\/magazine\/#\/schema\/person\/af895bedc80bfb6b17730a672fddac9e","name":"Vincent Vandegans","image":{"@type":"ImageObject","inLanguage":"fr-FR","@id":"https:\/\/secure.gravatar.com\/avatar\/b984800dabdf722d5e3f03f637c8932dea77d81118467d17ad2953e3b273ec66?s=96&d=mm&r=g","url":"https:\/\/secure.gravatar.com\/avatar\/b984800dabdf722d5e3f03f637c8932dea77d81118467d17ad2953e3b273ec66?s=96&d=mm&r=g","contentUrl":"https:\/\/secure.gravatar.com\/avatar\/b984800dabdf722d5e3f03f637c8932dea77d81118467d17ad2953e3b273ec66?s=96&d=mm&r=g","caption":"Vincent Vandegans"},"description":"Vincent est passionn\u00e9 par les produits d'occasion, il a ouvert le site MDO avec Cyrielle pour aider les gens \u00e0 trouver du mobilier d'occasion, vintage ou usag\u00e9. Depuis, ils ont \u00e9tendu leurs activit\u00e9s et conseillent tout le monde sur le mobilier d'int\u00e9rieur et d'ext\u00e9rieur au quotidien \u00e0 travers le magazine MDO.","url":"https:\/\/www.mobilier-design-occasion.fr\/magazine\/author\/vincent\/"}]}},"_links":{"self":[{"href":"https:\/\/www.mobilier-design-occasion.fr\/magazine\/wp-json\/wp\/v2\/posts\/8590","targetHints":{"allow":["GET"]}}],"collection":[{"href":"https:\/\/www.mobilier-design-occasion.fr\/magazine\/wp-json\/wp\/v2\/posts"}],"about":[{"href":"https:\/\/www.mobilier-design-occasion.fr\/magazine\/wp-json\/wp\/v2\/types\/post"}],"author":[{"embeddable":true,"href":"https:\/\/www.mobilier-design-occasion.fr\/magazine\/wp-json\/wp\/v2\/users\/2"}],"replies":[{"embeddable":true,"href":"https:\/\/www.mobilier-design-occasion.fr\/magazine\/wp-json\/wp\/v2\/comments?post=8590"}],"version-history":[{"count":1,"href":"https:\/\/www.mobilier-design-occasion.fr\/magazine\/wp-json\/wp\/v2\/posts\/8590\/revisions"}],"predecessor-version":[{"id":8592,"href":"https:\/\/www.mobilier-design-occasion.fr\/magazine\/wp-json\/wp\/v2\/posts\/8590\/revisions\/8592"}],"wp:featuredmedia":[{"embeddable":true,"href":"https:\/\/www.mobilier-design-occasion.fr\/magazine\/wp-json\/wp\/v2\/media\/8591"}],"wp:attachment":[{"href":"https:\/\/www.mobilier-design-occasion.fr\/magazine\/wp-json\/wp\/v2\/media?parent=8590"}],"wp:term":[{"taxonomy":"category","embeddable":true,"href":"https:\/\/www.mobilier-design-occasion.fr\/magazine\/wp-json\/wp\/v2\/categories?post=8590"},{"taxonomy":"post_tag","embeddable":true,"href":"https:\/\/www.mobilier-design-occasion.fr\/magazine\/wp-json\/wp\/v2\/tags?post=8590"}],"curies":[{"name":"wp","href":"https:\/\/api.w.org\/{rel}","templated":true}]}}