{"id":8584,"date":"2025-11-11T09:35:32","date_gmt":"2025-11-11T09:35:32","guid":{"rendered":"https:\/\/www.mobilier-design-occasion.fr\/magazine\/?p=8584"},"modified":"2025-11-11T09:35:33","modified_gmt":"2025-11-11T09:35:33","slug":"comment-amenager-un-bureau-professionnel-zen-et-fonctionnel","status":"publish","type":"post","link":"https:\/\/www.mobilier-design-occasion.fr\/magazine\/comment-amenager-un-bureau-professionnel-zen-et-fonctionnel\/","title":{"rendered":"Comment Am\u00e9nager un Bureau Professionnel Zen et Fonctionnel"},"content":{"rendered":"\n<p>L&#8217;am\u00e9nagement d&#8217;un <a href=\"https:\/\/www.mobilier-design-occasion.fr\/magazine\/devoilez-le-secret-de-lelegance-dans-votre-espace-de-travail\/\">bureau<\/a> professionnel repr\u00e9sente bien plus qu&#8217;une simple question d&#8217;<a href=\"https:\/\/www.mobilier-design-occasion.fr\/magazine\/le-petit-lexique-du-mobilier-design\/\">esth\u00e9tique<\/a>. C&#8217;est un investissement dans votre productivit\u00e9, votre bien-\u00eatre et votre r\u00e9ussite professionnelle. Que vous travailliez dans vos locaux d&#8217;entreprise ou que vous ayez opt\u00e9 pour le t\u00e9l\u00e9travail, cr\u00e9er un espace de travail harmonieux et efficace est devenu essentiel.<\/p>\n\n\n\n<figure class=\"wp-block-image size-large\"><img loading=\"lazy\" decoding=\"async\" width=\"1024\" height=\"304\" src=\"https:\/\/www.mobilier-design-occasion.fr\/magazine\/wp-content\/uploads\/2025\/11\/image-1-1024x304.png\" alt=\"\" class=\"wp-image-8585\" srcset=\"https:\/\/www.mobilier-design-occasion.fr\/magazine\/wp-content\/uploads\/2025\/11\/image-1-1024x304.png 1024w, https:\/\/www.mobilier-design-occasion.fr\/magazine\/wp-content\/uploads\/2025\/11\/image-1-300x89.png 300w, https:\/\/www.mobilier-design-occasion.fr\/magazine\/wp-content\/uploads\/2025\/11\/image-1-768x228.png 768w, https:\/\/www.mobilier-design-occasion.fr\/magazine\/wp-content\/uploads\/2025\/11\/image-1-810x241.png 810w, https:\/\/www.mobilier-design-occasion.fr\/magazine\/wp-content\/uploads\/2025\/11\/image-1-1140x339.png 1140w, https:\/\/www.mobilier-design-occasion.fr\/magazine\/wp-content\/uploads\/2025\/11\/image-1.png 1340w\" sizes=\"auto, (max-width: 1024px) 100vw, 1024px\" \/><\/figure>\n\n\n\n<h2 class=\"wp-block-heading\"><span class=\"ez-toc-section\" id=\"Les_Fondamentaux_dun_Bureau_Bien_Pense\"><\/span>Les Fondamentaux d&#8217;un Bureau Bien Pens\u00e9<span class=\"ez-toc-section-end\"><\/span><\/h2><div id=\"ez-toc-container\" class=\"ez-toc-v2_0_82_2 counter-hierarchy ez-toc-counter ez-toc-grey ez-toc-container-direction\">\n<div class=\"ez-toc-title-container\">\n<span class=\"ez-toc-title-toggle\"><a href=\"#\" class=\"ez-toc-pull-right ez-toc-btn ez-toc-btn-xs ez-toc-btn-default ez-toc-toggle\" aria-label=\"Toggle Table of Content\"><span class=\"ez-toc-js-icon-con\"><span class=\"\"><span class=\"eztoc-hide\" style=\"display:none;\">Toggle<\/span><span class=\"ez-toc-icon-toggle-span\"><svg style=\"fill: #999;color:#999\" xmlns=\"http:\/\/www.w3.org\/2000\/svg\" class=\"list-377408\" width=\"20px\" height=\"20px\" viewBox=\"0 0 24 24\" fill=\"none\"><path d=\"M6 6H4v2h2V6zm14 0H8v2h12V6zM4 11h2v2H4v-2zm16 0H8v2h12v-2zM4 16h2v2H4v-2zm16 0H8v2h12v-2z\" fill=\"currentColor\"><\/path><\/svg><svg style=\"fill: #999;color:#999\" class=\"arrow-unsorted-368013\" xmlns=\"http:\/\/www.w3.org\/2000\/svg\" width=\"10px\" height=\"10px\" viewBox=\"0 0 24 24\" version=\"1.2\" baseProfile=\"tiny\"><path d=\"M18.2 9.3l-6.2-6.3-6.2 6.3c-.2.2-.3.4-.3.7s.1.5.3.7c.2.2.4.3.7.3h11c.3 0 .5-.1.7-.3.2-.2.3-.5.3-.7s-.1-.5-.3-.7zM5.8 14.7l6.2 6.3 6.2-6.3c.2-.2.3-.5.3-.7s-.1-.5-.3-.7c-.2-.2-.4-.3-.7-.3h-11c-.3 0-.5.1-.7.3-.2.2-.3.5-.3.7s.1.5.3.7z\"\/><\/svg><\/span><\/span><\/span><\/a><\/span><\/div>\n<nav><ul class='ez-toc-list ez-toc-list-level-1 eztoc-toggle-hide-by-default' ><li class='ez-toc-page-1 ez-toc-heading-level-2'><a class=\"ez-toc-link ez-toc-heading-1\" href=\"https:\/\/www.mobilier-design-occasion.fr\/magazine\/comment-amenager-un-bureau-professionnel-zen-et-fonctionnel\/#Les_Fondamentaux_dun_Bureau_Bien_Pense\" >Les Fondamentaux d&#8217;un Bureau Bien Pens\u00e9<\/a><ul class='ez-toc-list-level-3' ><li class='ez-toc-heading-level-3'><a class=\"ez-toc-link ez-toc-heading-2\" href=\"https:\/\/www.mobilier-design-occasion.fr\/magazine\/comment-amenager-un-bureau-professionnel-zen-et-fonctionnel\/#LErgonomie_Avant_Tout\" >L&#8217;Ergonomie Avant Tout<\/a><\/li><li class='ez-toc-page-1 ez-toc-heading-level-3'><a class=\"ez-toc-link ez-toc-heading-3\" href=\"https:\/\/www.mobilier-design-occasion.fr\/magazine\/comment-amenager-un-bureau-professionnel-zen-et-fonctionnel\/#LEclairage_Cle_de_Votre_Confort_Visuel\" >L&#8217;\u00c9clairage, Cl\u00e9 de Votre Confort Visuel<\/a><\/li><\/ul><\/li><li class='ez-toc-page-1 ez-toc-heading-level-2'><a class=\"ez-toc-link ez-toc-heading-4\" href=\"https:\/\/www.mobilier-design-occasion.fr\/magazine\/comment-amenager-un-bureau-professionnel-zen-et-fonctionnel\/#Adopter_lEsprit_Zen_dans_Votre_Bureau\" >Adopter l&#8217;Esprit Zen dans Votre Bureau<\/a><ul class='ez-toc-list-level-3' ><li class='ez-toc-heading-level-3'><a class=\"ez-toc-link ez-toc-heading-5\" href=\"https:\/\/www.mobilier-design-occasion.fr\/magazine\/comment-amenager-un-bureau-professionnel-zen-et-fonctionnel\/#Le_Minimalisme_au_Service_de_la_Concentration\" >Le Minimalisme au Service de la Concentration<\/a><\/li><li class='ez-toc-page-1 ez-toc-heading-level-3'><a class=\"ez-toc-link ez-toc-heading-6\" href=\"https:\/\/www.mobilier-design-occasion.fr\/magazine\/comment-amenager-un-bureau-professionnel-zen-et-fonctionnel\/#Les_Couleurs_et_Materiaux_Apaisants\" >Les Couleurs et Mat\u00e9riaux Apaisants<\/a><\/li><\/ul><\/li><li class='ez-toc-page-1 ez-toc-heading-level-2'><a class=\"ez-toc-link ez-toc-heading-7\" href=\"https:\/\/www.mobilier-design-occasion.fr\/magazine\/comment-amenager-un-bureau-professionnel-zen-et-fonctionnel\/#Principes_du_Feng_Shui_pour_Votre_Espace_de_Travail\" >Principes du Feng Shui pour Votre Espace de Travail<\/a><ul class='ez-toc-list-level-3' ><li class='ez-toc-heading-level-3'><a class=\"ez-toc-link ez-toc-heading-8\" href=\"https:\/\/www.mobilier-design-occasion.fr\/magazine\/comment-amenager-un-bureau-professionnel-zen-et-fonctionnel\/#Positionner_son_Bureau_Strategiquement\" >Positionner son Bureau Strat\u00e9giquement<\/a><\/li><li class='ez-toc-page-1 ez-toc-heading-level-3'><a class=\"ez-toc-link ez-toc-heading-9\" href=\"https:\/\/www.mobilier-design-occasion.fr\/magazine\/comment-amenager-un-bureau-professionnel-zen-et-fonctionnel\/#Fluidifier_la_Circulation_de_lEnergie\" >Fluidifier la Circulation de l&#8217;\u00c9nergie<\/a><\/li><\/ul><\/li><li class='ez-toc-page-1 ez-toc-heading-level-2'><a class=\"ez-toc-link ez-toc-heading-10\" href=\"https:\/\/www.mobilier-design-occasion.fr\/magazine\/comment-amenager-un-bureau-professionnel-zen-et-fonctionnel\/#Organiser_son_Bureau_pour_une_Productivite_Maximale\" >Organiser son Bureau pour une Productivit\u00e9 Maximale<\/a><ul class='ez-toc-list-level-3' ><li class='ez-toc-heading-level-3'><a class=\"ez-toc-link ez-toc-heading-11\" href=\"https:\/\/www.mobilier-design-occasion.fr\/magazine\/comment-amenager-un-bureau-professionnel-zen-et-fonctionnel\/#Le_Systeme_des_Zones_Fonctionnelles\" >Le Syst\u00e8me des Zones Fonctionnelles<\/a><\/li><li class='ez-toc-page-1 ez-toc-heading-level-3'><a class=\"ez-toc-link ez-toc-heading-12\" href=\"https:\/\/www.mobilier-design-occasion.fr\/magazine\/comment-amenager-un-bureau-professionnel-zen-et-fonctionnel\/#La_Methode_du_Bureau_Vide\" >La M\u00e9thode du Bureau Vide<\/a><\/li><\/ul><\/li><li class='ez-toc-page-1 ez-toc-heading-level-2'><a class=\"ez-toc-link ez-toc-heading-13\" href=\"https:\/\/www.mobilier-design-occasion.fr\/magazine\/comment-amenager-un-bureau-professionnel-zen-et-fonctionnel\/#Personnaliser_sans_Encombrer\" >Personnaliser sans Encombrer<\/a><\/li><li class='ez-toc-page-1 ez-toc-heading-level-2'><a class=\"ez-toc-link ez-toc-heading-14\" href=\"https:\/\/www.mobilier-design-occasion.fr\/magazine\/comment-amenager-un-bureau-professionnel-zen-et-fonctionnel\/#Adapter_son_Coin_Teletravail_a_Domicile\" >Adapter son Coin T\u00e9l\u00e9travail \u00e0 Domicile<\/a><ul class='ez-toc-list-level-3' ><li class='ez-toc-heading-level-3'><a class=\"ez-toc-link ez-toc-heading-15\" href=\"https:\/\/www.mobilier-design-occasion.fr\/magazine\/comment-amenager-un-bureau-professionnel-zen-et-fonctionnel\/#Delimiter_lEspace_Professionnel\" >D\u00e9limiter l&#8217;Espace Professionnel<\/a><\/li><li class='ez-toc-page-1 ez-toc-heading-level-3'><a class=\"ez-toc-link ez-toc-heading-16\" href=\"https:\/\/www.mobilier-design-occasion.fr\/magazine\/comment-amenager-un-bureau-professionnel-zen-et-fonctionnel\/#Integrer_lEsthetique_Domestique\" >Int\u00e9grer l&#8217;Esth\u00e9tique Domestique<\/a><\/li><\/ul><\/li><li class='ez-toc-page-1 ez-toc-heading-level-2'><a class=\"ez-toc-link ez-toc-heading-17\" href=\"https:\/\/www.mobilier-design-occasion.fr\/magazine\/comment-amenager-un-bureau-professionnel-zen-et-fonctionnel\/#LImportance_de_la_Technologie_Bien_Integree\" >L&#8217;Importance de la Technologie Bien Int\u00e9gr\u00e9e<\/a><ul class='ez-toc-list-level-3' ><li class='ez-toc-heading-level-3'><a class=\"ez-toc-link ez-toc-heading-18\" href=\"https:\/\/www.mobilier-design-occasion.fr\/magazine\/comment-amenager-un-bureau-professionnel-zen-et-fonctionnel\/#Cables_et_Connectique_Invisibles\" >C\u00e2bles et Connectique Invisibles<\/a><\/li><li class='ez-toc-page-1 ez-toc-heading-level-3'><a class=\"ez-toc-link ez-toc-heading-19\" href=\"https:\/\/www.mobilier-design-occasion.fr\/magazine\/comment-amenager-un-bureau-professionnel-zen-et-fonctionnel\/#Equipement_Ergonomique_et_Design\" >\u00c9quipement Ergonomique et Design<\/a><\/li><\/ul><\/li><li class='ez-toc-page-1 ez-toc-heading-level-2'><a class=\"ez-toc-link ez-toc-heading-20\" href=\"https:\/\/www.mobilier-design-occasion.fr\/magazine\/comment-amenager-un-bureau-professionnel-zen-et-fonctionnel\/#Ranger_son_Bureau_Efficacement_au_Quotidien\" >Ranger son Bureau Efficacement au Quotidien<\/a><ul class='ez-toc-list-level-3' ><li class='ez-toc-heading-level-3'><a class=\"ez-toc-link ez-toc-heading-21\" href=\"https:\/\/www.mobilier-design-occasion.fr\/magazine\/comment-amenager-un-bureau-professionnel-zen-et-fonctionnel\/#Methodes_de_Rangement_Rapide\" >M\u00e9thodes de Rangement Rapide<\/a><\/li><li class='ez-toc-page-1 ez-toc-heading-level-3'><a class=\"ez-toc-link ez-toc-heading-22\" href=\"https:\/\/www.mobilier-design-occasion.fr\/magazine\/comment-amenager-un-bureau-professionnel-zen-et-fonctionnel\/#Systemes_de_Classement_Visuel\" >Syst\u00e8mes de Classement Visuel<\/a><\/li><\/ul><\/li><li class='ez-toc-page-1 ez-toc-heading-level-2'><a class=\"ez-toc-link ez-toc-heading-23\" href=\"https:\/\/www.mobilier-design-occasion.fr\/magazine\/comment-amenager-un-bureau-professionnel-zen-et-fonctionnel\/#Optimisation_Digitale_et_Outils_Professionnels\" >Optimisation Digitale et Outils Professionnels<\/a><ul class='ez-toc-list-level-3' ><li class='ez-toc-heading-level-3'><a class=\"ez-toc-link ez-toc-heading-24\" href=\"https:\/\/www.mobilier-design-occasion.fr\/magazine\/comment-amenager-un-bureau-professionnel-zen-et-fonctionnel\/#Collaboration_et_Communication_Fluides\" >Collaboration et Communication Fluides<\/a><\/li><li class='ez-toc-page-1 ez-toc-heading-level-3'><a class=\"ez-toc-link ez-toc-heading-25\" href=\"https:\/\/www.mobilier-design-occasion.fr\/magazine\/comment-amenager-un-bureau-professionnel-zen-et-fonctionnel\/#Automatisation_des_Taches_Repetitives\" >Automatisation des T\u00e2ches R\u00e9p\u00e9titives<\/a><\/li><\/ul><\/li><li class='ez-toc-page-1 ez-toc-heading-level-2'><a class=\"ez-toc-link ez-toc-heading-26\" href=\"https:\/\/www.mobilier-design-occasion.fr\/magazine\/comment-amenager-un-bureau-professionnel-zen-et-fonctionnel\/#Creer_une_Ambiance_Propice_a_la_Concentration\" >Cr\u00e9er une Ambiance Propice \u00e0 la Concentration<\/a><ul class='ez-toc-list-level-3' ><li class='ez-toc-heading-level-3'><a class=\"ez-toc-link ez-toc-heading-27\" href=\"https:\/\/www.mobilier-design-occasion.fr\/magazine\/comment-amenager-un-bureau-professionnel-zen-et-fonctionnel\/#Acoustique_et_Isolation_Sonore\" >Acoustique et Isolation Sonore<\/a><\/li><li class='ez-toc-page-1 ez-toc-heading-level-3'><a class=\"ez-toc-link ez-toc-heading-28\" href=\"https:\/\/www.mobilier-design-occasion.fr\/magazine\/comment-amenager-un-bureau-professionnel-zen-et-fonctionnel\/#Aromatherapie_et_Qualite_de_lAir\" >Aromath\u00e9rapie et Qualit\u00e9 de l&#8217;Air<\/a><\/li><\/ul><\/li><li class='ez-toc-page-1 ez-toc-heading-level-2'><a class=\"ez-toc-link ez-toc-heading-29\" href=\"https:\/\/www.mobilier-design-occasion.fr\/magazine\/comment-amenager-un-bureau-professionnel-zen-et-fonctionnel\/#Evolution_et_Adaptation_de_Votre_Espace\" >\u00c9volution et Adaptation de Votre Espace<\/a><\/li><\/ul><\/nav><\/div>\n\n\n\n\n<h3 class=\"wp-block-heading\"><span class=\"ez-toc-section\" id=\"LErgonomie_Avant_Tout\"><\/span>L&#8217;Ergonomie Avant Tout<span class=\"ez-toc-section-end\"><\/span><\/h3>\n\n\n\n<p>Un bureau professionnel doit d&#8217;abord r\u00e9pondre aux exigences ergonomiques. Votre <a href=\"https:\/\/www.mobilier-design-occasion.fr\/magazine\/fermob-occasion\/\">chaise<\/a> doit soutenir correctement votre dos, votre \u00e9cran se positionner \u00e0 hauteur des yeux, et votre clavier \u00e0 une distance qui pr\u00e9serve vos poignets. Ces d\u00e9tails techniques, souvent n\u00e9glig\u00e9s, d\u00e9terminent pourtant votre confort sur le long terme.<\/p>\n\n\n\n<p>La hauteur id\u00e9ale du bureau se situe entre 70 et 75 cm, permettant \u00e0 vos avant-bras de reposer naturellement \u00e0 angle droit. Si vous travaillez sur ordinateur plusieurs heures par jour, consid\u00e9rez l&#8217;investissement dans un bureau assis-debout qui vous permettra d&#8217;alterner les positions.<\/p>\n\n\n\n<h3 class=\"wp-block-heading\"><span class=\"ez-toc-section\" id=\"LEclairage_Cle_de_Votre_Confort_Visuel\"><\/span>L&#8217;\u00c9clairage, Cl\u00e9 de Votre Confort Visuel<span class=\"ez-toc-section-end\"><\/span><\/h3>\n\n\n\n<p>L&#8217;\u00e9clairage naturel reste la meilleure option pour votre bureau. Positionnez votre poste de travail perpendiculairement \u00e0 la fen\u00eatre pour \u00e9viter les reflets sur l&#8217;\u00e9cran tout en b\u00e9n\u00e9ficiant de la <a href=\"https:\/\/www.mobilier-design-occasion.fr\/magazine\/le-charme-discret-de-la-lumiere-tamisee-du-chandelier\/\">lumi\u00e8re<\/a> du jour. Compl\u00e9tez avec un \u00e9clairage artificiel en superposant trois sources : une lumi\u00e8re d&#8217;ambiance g\u00e9n\u00e9rale, une <a href=\"https:\/\/www.mobilier-design-occasion.fr\/magazine\/lodyssee-lumineuse-lheritage-industriel-revisite\/\">lampe<\/a> de bureau directionnelle, et \u00e9ventuellement un \u00e9clairage d&#8217;accentuation pour cr\u00e9er une atmosph\u00e8re agr\u00e9able en fin de journ\u00e9e.<\/p>\n\n\n\n<figure class=\"wp-block-image size-large\"><img loading=\"lazy\" decoding=\"async\" width=\"1024\" height=\"253\" src=\"https:\/\/www.mobilier-design-occasion.fr\/magazine\/wp-content\/uploads\/2025\/11\/image-2-1024x253.png\" alt=\"\" class=\"wp-image-8586\" srcset=\"https:\/\/www.mobilier-design-occasion.fr\/magazine\/wp-content\/uploads\/2025\/11\/image-2-1024x253.png 1024w, https:\/\/www.mobilier-design-occasion.fr\/magazine\/wp-content\/uploads\/2025\/11\/image-2-300x74.png 300w, https:\/\/www.mobilier-design-occasion.fr\/magazine\/wp-content\/uploads\/2025\/11\/image-2-768x190.png 768w, https:\/\/www.mobilier-design-occasion.fr\/magazine\/wp-content\/uploads\/2025\/11\/image-2-1536x380.png 1536w, https:\/\/www.mobilier-design-occasion.fr\/magazine\/wp-content\/uploads\/2025\/11\/image-2-810x200.png 810w, https:\/\/www.mobilier-design-occasion.fr\/magazine\/wp-content\/uploads\/2025\/11\/image-2-1140x282.png 1140w, https:\/\/www.mobilier-design-occasion.fr\/magazine\/wp-content\/uploads\/2025\/11\/image-2.png 1554w\" sizes=\"auto, (max-width: 1024px) 100vw, 1024px\" \/><\/figure>\n\n\n\n<h2 class=\"wp-block-heading\"><span class=\"ez-toc-section\" id=\"Adopter_lEsprit_Zen_dans_Votre_Bureau\"><\/span>Adopter l&#8217;Esprit Zen dans Votre Bureau<span class=\"ez-toc-section-end\"><\/span><\/h2>\n\n\n\n<h3 class=\"wp-block-heading\"><span class=\"ez-toc-section\" id=\"Le_Minimalisme_au_Service_de_la_Concentration\"><\/span>Le Minimalisme au Service de la Concentration<span class=\"ez-toc-section-end\"><\/span><\/h3>\n\n\n\n<p>Un bureau zen repose sur le principe du &#8220;moins pour plus&#8221;. D\u00e9barrassez votre espace de tout \u00e9l\u00e9ment superflu. Gardez uniquement sur votre surface de travail les objets que vous utilisez quotidiennement : ordinateur, carnet de notes, stylo, et peut-\u00eatre une plante. Cette \u00e9puration visuelle lib\u00e8re l&#8217;esprit et favorise la concentration.<\/p>\n\n\n\n<p>Cr\u00e9ez des zones de <a href=\"https:\/\/www.mobilier-design-occasion.fr\/magazine\/decouvrez-le-cabinet-vintage-pour-exposer-vos-plus-belles-collections\/\">rangement<\/a> efficaces dans vos tiroirs et armoires. Chaque objet doit avoir sa place attitr\u00e9e, vous permettant de le retrouver instantan\u00e9ment sans perturber votre flux de travail.<\/p>\n\n\n\n<h3 class=\"wp-block-heading\"><span class=\"ez-toc-section\" id=\"Les_Couleurs_et_Materiaux_Apaisants\"><\/span>Les Couleurs et Mat\u00e9riaux Apaisants<span class=\"ez-toc-section-end\"><\/span><\/h3>\n\n\n\n<p>Les teintes neutres et naturelles \u2013 beige, <a href=\"https:\/\/www.mobilier-design-occasion.fr\/magazine\/reinventez-votre-espace-avec-lelegance-du-blanc-et-la-puissance-du-bois-naturel\/\">blanc<\/a> cass\u00e9, gris doux, vert sauge \u2013 cr\u00e9ent une atmosph\u00e8re propice au calme et \u00e0 la r\u00e9flexion. Le <a href=\"https:\/\/www.mobilier-design-occasion.fr\/magazine\/avis-mathy-by-bols\/\">bois<\/a> clair apporte chaleur et s\u00e9r\u00e9nit\u00e9, tandis que les mat\u00e9riaux naturels comme le lin, le coton ou le bambou renforcent cette connexion apaisante avec la nature.<\/p>\n\n\n\n<p>\u00c9vitez les couleurs trop vives qui peuvent stimuler excessivement ou les combinaisons agressives qui fatiguent visuellement. Si vous souhaitez une touche de <a href=\"https:\/\/www.mobilier-design-occasion.fr\/magazine\/les-tendances-mobilier-et-decoration-pour-2025-quel-style-adopter-pour-votre-maison\/\">couleur<\/a>, optez pour des accents subtils dans vos accessoires.<\/p>\n\n\n\n<figure class=\"wp-block-image size-large\"><img loading=\"lazy\" decoding=\"async\" width=\"1024\" height=\"327\" src=\"https:\/\/www.mobilier-design-occasion.fr\/magazine\/wp-content\/uploads\/2025\/11\/image-3-1024x327.png\" alt=\"\" class=\"wp-image-8587\" srcset=\"https:\/\/www.mobilier-design-occasion.fr\/magazine\/wp-content\/uploads\/2025\/11\/image-3-1024x327.png 1024w, https:\/\/www.mobilier-design-occasion.fr\/magazine\/wp-content\/uploads\/2025\/11\/image-3-300x96.png 300w, https:\/\/www.mobilier-design-occasion.fr\/magazine\/wp-content\/uploads\/2025\/11\/image-3-768x245.png 768w, https:\/\/www.mobilier-design-occasion.fr\/magazine\/wp-content\/uploads\/2025\/11\/image-3-810x258.png 810w, https:\/\/www.mobilier-design-occasion.fr\/magazine\/wp-content\/uploads\/2025\/11\/image-3-1140x364.png 1140w, https:\/\/www.mobilier-design-occasion.fr\/magazine\/wp-content\/uploads\/2025\/11\/image-3.png 1198w\" sizes=\"auto, (max-width: 1024px) 100vw, 1024px\" \/><\/figure>\n\n\n\n<h2 class=\"wp-block-heading\"><span class=\"ez-toc-section\" id=\"Principes_du_Feng_Shui_pour_Votre_Espace_de_Travail\"><\/span>Principes du Feng Shui pour Votre Espace de Travail<span class=\"ez-toc-section-end\"><\/span><\/h2>\n\n\n\n<h3 class=\"wp-block-heading\"><span class=\"ez-toc-section\" id=\"Positionner_son_Bureau_Strategiquement\"><\/span>Positionner son Bureau Strat\u00e9giquement<span class=\"ez-toc-section-end\"><\/span><\/h3>\n\n\n\n<p>Selon les principes du feng shui, votre bureau devrait se trouver en position de commandement : dos \u00e0 un mur solide, avec une vue d\u00e9gag\u00e9e sur la porte d&#8217;entr\u00e9e. Cette configuration procure un sentiment de s\u00e9curit\u00e9 et de contr\u00f4le, r\u00e9duisant le stress inconscient.<\/p>\n\n\n\n<p>\u00c9vitez absolument de tourner le dos \u00e0 la porte ou de vous positionner directement dans l&#8217;axe porte-fen\u00eatre, consid\u00e9r\u00e9 comme un canal d&#8217;\u00e9nergie trop direct. Si votre configuration ne permet pas l&#8217;id\u00e9al, un miroir strat\u00e9giquement plac\u00e9 peut pallier ce probl\u00e8me en vous permettant de voir l&#8217;entr\u00e9e.<\/p>\n\n\n\n<h3 class=\"wp-block-heading\"><span class=\"ez-toc-section\" id=\"Fluidifier_la_Circulation_de_lEnergie\"><\/span>Fluidifier la Circulation de l&#8217;\u00c9nergie<span class=\"ez-toc-section-end\"><\/span><\/h3>\n\n\n\n<p>Le chi, cette \u00e9nergie vitale selon la philosophie chinoise, doit circuler librement dans votre bureau. Bannissez l&#8217;encombrement, particuli\u00e8rement au sol et aux coins de la pi\u00e8ce. Les angles saillants des meubles peuvent \u00eatre adoucis avec des plantes arrondies.<\/p>\n\n\n\n<p>Int\u00e9grez des \u00e9l\u00e9ments vivants : plantes purificatrices d&#8217;air comme le pothos ou le sansevieria, fontaine d&#8217;<a href=\"https:\/\/www.mobilier-design-occasion.fr\/magazine\/envie-dun-interieur-chic-ikea-revele-comment-et-cest-surprenant\/\">int\u00e9rieur<\/a> pour le mouvement de l&#8217;eau, ou encore une fen\u00eatre ouverte r\u00e9guli\u00e8rement pour renouveler l&#8217;air.<\/p>\n\n\n\n<h2 class=\"wp-block-heading\"><span class=\"ez-toc-section\" id=\"Organiser_son_Bureau_pour_une_Productivite_Maximale\"><\/span>Organiser son Bureau pour une Productivit\u00e9 Maximale<span class=\"ez-toc-section-end\"><\/span><\/h2>\n\n\n\n<h3 class=\"wp-block-heading\"><span class=\"ez-toc-section\" id=\"Le_Systeme_des_Zones_Fonctionnelles\"><\/span>Le Syst\u00e8me des Zones Fonctionnelles<span class=\"ez-toc-section-end\"><\/span><\/h3>\n\n\n\n<p>Divisez mentalement votre bureau en zones d\u00e9di\u00e9es :<\/p>\n\n\n\n<ul class=\"wp-block-list\">\n<li><strong>Zone de travail principal<\/strong> : ordinateur et documents en cours<\/li>\n\n\n\n<li><strong>Zone de r\u00e9flexion<\/strong> : carnet, livres de r\u00e9f\u00e9rence<\/li>\n\n\n\n<li><strong>Zone de pause<\/strong> : tasse, objet inspirant<\/li>\n\n\n\n<li><strong>Zone de rangement<\/strong> : \u00e0 port\u00e9e de main mais hors du champ visuel direct<\/li>\n<\/ul>\n\n\n\n<p>Cette territorialisation cognitive vous aide \u00e0 basculer efficacement entre diff\u00e9rents modes de travail sans m\u00e9langer les contextes.<\/p>\n\n\n\n<h3 class=\"wp-block-heading\"><span class=\"ez-toc-section\" id=\"La_Methode_du_Bureau_Vide\"><\/span>La M\u00e9thode du Bureau Vide<span class=\"ez-toc-section-end\"><\/span><\/h3>\n\n\n\n<p>Adoptez la r\u00e8gle du bureau vide en fin de journ\u00e9e. Ce rituel de cinq minutes \u2013 ranger les documents, nettoyer la surface, pr\u00e9parer le lendemain \u2013 <a href=\"https:\/\/www.mobilier-design-occasion.fr\/magazine\/5-marques-de-design-intemporel-que-vous-devez-absolument-connaitre\/\">marque<\/a> psychologiquement la transition entre vie professionnelle et personnelle. Vous repartirez serein et retrouverez le lendemain un espace accueillant.<\/p>\n\n\n\n<p>Utilisez des bacs de tri verticaux pour les documents en attente, un syst\u00e8me de classement par couleur pour les dossiers prioritaires, et digitalisez au maximum pour r\u00e9duire le papier.<\/p>\n\n\n\n<figure class=\"wp-block-image size-large\"><img loading=\"lazy\" decoding=\"async\" width=\"1024\" height=\"255\" src=\"https:\/\/www.mobilier-design-occasion.fr\/magazine\/wp-content\/uploads\/2025\/11\/image-4-1024x255.png\" alt=\"\" class=\"wp-image-8588\" srcset=\"https:\/\/www.mobilier-design-occasion.fr\/magazine\/wp-content\/uploads\/2025\/11\/image-4-1024x255.png 1024w, https:\/\/www.mobilier-design-occasion.fr\/magazine\/wp-content\/uploads\/2025\/11\/image-4-300x75.png 300w, https:\/\/www.mobilier-design-occasion.fr\/magazine\/wp-content\/uploads\/2025\/11\/image-4-768x192.png 768w, https:\/\/www.mobilier-design-occasion.fr\/magazine\/wp-content\/uploads\/2025\/11\/image-4-1536x383.png 1536w, https:\/\/www.mobilier-design-occasion.fr\/magazine\/wp-content\/uploads\/2025\/11\/image-4-810x202.png 810w, https:\/\/www.mobilier-design-occasion.fr\/magazine\/wp-content\/uploads\/2025\/11\/image-4-1140x284.png 1140w, https:\/\/www.mobilier-design-occasion.fr\/magazine\/wp-content\/uploads\/2025\/11\/image-4.png 1580w\" sizes=\"auto, (max-width: 1024px) 100vw, 1024px\" \/><\/figure>\n\n\n\n<h2 class=\"wp-block-heading\"><span class=\"ez-toc-section\" id=\"Personnaliser_sans_Encombrer\"><\/span>Personnaliser sans Encombrer<span class=\"ez-toc-section-end\"><\/span><\/h2>\n\n\n\n<p>Votre bureau doit refl\u00e9ter votre personnalit\u00e9 tout en restant professionnel. Un cadre photo soigneusement choisi, une citation inspirante, une \u0153uvre d&#8217;art modeste suffisent \u00e0 humaniser l&#8217;espace sans le surcharger.<\/p>\n\n\n\n<p>Les plantes vertes jouent un r\u00f4le double : elles personnalisent agr\u00e9ablement et am\u00e9liorent la qualit\u00e9 de l&#8217;air. Le cactus ou la succulente conviennent aux moins jardiniers, tandis qu&#8217;un petit ficus ou un monstera feront leur effet pour ceux ayant la main verte.<\/p>\n\n\n\n<h2 class=\"wp-block-heading\"><span class=\"ez-toc-section\" id=\"Adapter_son_Coin_Teletravail_a_Domicile\"><\/span>Adapter son Coin T\u00e9l\u00e9travail \u00e0 Domicile<span class=\"ez-toc-section-end\"><\/span><\/h2>\n\n\n\n<h3 class=\"wp-block-heading\"><span class=\"ez-toc-section\" id=\"Delimiter_lEspace_Professionnel\"><\/span>D\u00e9limiter l&#8217;Espace Professionnel<span class=\"ez-toc-section-end\"><\/span><\/h3>\n\n\n\n<p>Lorsqu&#8217;on travaille depuis chez soi, la d\u00e9limitation physique et mentale devient cruciale. Si vous ne disposez pas d&#8217;une pi\u00e8ce d\u00e9di\u00e9e, cr\u00e9ez une micro-zone bureau dans votre <a href=\"https:\/\/www.mobilier-design-occasion.fr\/magazine\/tendances-2024-choisir-les-meubles-parfaits-pour-chaque-piece-de-votre-maison\/\">salon<\/a> ou <a href=\"https:\/\/www.mobilier-design-occasion.fr\/magazine\/5-elements-pour-amenager-une-chambre-montessori\/\">chambre<\/a>, id\u00e9alement s\u00e9parable visuellement par un paravent, une biblioth\u00e8que ou une plante haute.<\/p>\n\n\n\n<p>Cette s\u00e9paration permet au cerveau de basculer en mode travail en entrant dans la zone, et de d\u00e9connecter en la quittant. Sans cette d\u00e9marcation, le risque de surinvestissement professionnel ou au contraire de procrastination augmente significativement.<\/p>\n\n\n\n<h3 class=\"wp-block-heading\"><span class=\"ez-toc-section\" id=\"Integrer_lEsthetique_Domestique\"><\/span>Int\u00e9grer l&#8217;Esth\u00e9tique Domestique<span class=\"ez-toc-section-end\"><\/span><\/h3>\n\n\n\n<p>Contrairement au bureau d&#8217;entreprise, votre espace t\u00e9l\u00e9travail doit harmonieusement s&#8217;int\u00e9grer \u00e0 votre d\u00e9coration int\u00e9rieure. Choisissez un <a href=\"https:\/\/www.mobilier-design-occasion.fr\/magazine\/test-avis-sur-la-redoute-interieurs-am-pm\/\">mobilier<\/a> qui dialogue avec votre <a href=\"https:\/\/www.mobilier-design-occasion.fr\/magazine\/mobilier-vintage-les-styles-les-plus-prises\/\">style<\/a> : <a href=\"https:\/\/www.mobilier-design-occasion.fr\/magazine\/9-astuces-inconnues-pour-une-chambre-a-coucher-etincelante\/\">scandinave<\/a>, industriel, contemporain ou classique.<\/p>\n\n\n\n<p>Cette coh\u00e9rence visuelle rend votre espace de travail moins intrusif dans votre vie priv\u00e9e et plus agr\u00e9able au quotidien. Vous passerez potentiellement des heures \u00e0 cet endroit : autant qu&#8217;il soit beau et inspirant.<\/p>\n\n\n\n<h2 class=\"wp-block-heading\"><span class=\"ez-toc-section\" id=\"LImportance_de_la_Technologie_Bien_Integree\"><\/span>L&#8217;Importance de la Technologie Bien Int\u00e9gr\u00e9e<span class=\"ez-toc-section-end\"><\/span><\/h2>\n\n\n\n<h3 class=\"wp-block-heading\"><span class=\"ez-toc-section\" id=\"Cables_et_Connectique_Invisibles\"><\/span>C\u00e2bles et Connectique Invisibles<span class=\"ez-toc-section-end\"><\/span><\/h3>\n\n\n\n<p>Rien ne perturbe plus un bureau zen que des c\u00e2bles emm\u00eal\u00e9s trainant partout. Investissez dans des solutions de gestion de c\u00e2bles : passe-c\u00e2bles, gaines souples, clips adh\u00e9sifs. Certains bureaux int\u00e8grent m\u00eame des goulottes dissimul\u00e9es.<\/p>\n\n\n\n<p>Cette organisation n&#8217;est pas qu&#8217;esth\u00e9tique : elle facilite le <a href=\"https:\/\/www.mobilier-design-occasion.fr\/magazine\/comment-entretenir-son-mobilier-design-au-quotidien-top-astuces\/\">nettoyage<\/a>, r\u00e9duit les risques de d\u00e9connexion accidentelle, et simplifie grandement les modifications de votre installation.<\/p>\n\n\n\n<h3 class=\"wp-block-heading\"><span class=\"ez-toc-section\" id=\"Equipement_Ergonomique_et_Design\"><\/span>\u00c9quipement Ergonomique et Design<span class=\"ez-toc-section-end\"><\/span><\/h3>\n\n\n\n<p>Votre mat\u00e9riel informatique fait partie int\u00e9grante de votre d\u00e9coration. Un \u00e9cran sur bras articul\u00e9, un clavier m\u00e9canique \u00e9l\u00e9gant, une souris ergonomique de qualit\u00e9 : ces choix techniques influencent directement l&#8217;apparence finale de votre bureau.<\/p>\n\n\n\n<p>Privil\u00e9giez le sans-fil quand c&#8217;est possible pour r\u00e9duire le fouillis visuel, et harmonisez les coloris de vos accessoires pour une esth\u00e9tique coh\u00e9rente.<\/p>\n\n\n\n<h2 class=\"wp-block-heading\"><span class=\"ez-toc-section\" id=\"Ranger_son_Bureau_Efficacement_au_Quotidien\"><\/span>Ranger son Bureau Efficacement au Quotidien<span class=\"ez-toc-section-end\"><\/span><\/h2>\n\n\n\n<h3 class=\"wp-block-heading\"><span class=\"ez-toc-section\" id=\"Methodes_de_Rangement_Rapide\"><\/span>M\u00e9thodes de Rangement Rapide<span class=\"ez-toc-section-end\"><\/span><\/h3>\n\n\n\n<p>Instaurez des routines micro-organisationnelles qui prennent moins d&#8217;une minute :<\/p>\n\n\n\n<ul class=\"wp-block-list\">\n<li>Avant le d\u00e9jeuner : empiler les documents \u00e9pars<\/li>\n\n\n\n<li>Apr\u00e8s chaque r\u00e9union : archiver les notes<\/li>\n\n\n\n<li>En fin de semaine : vider corbeille et nettoyer surface<\/li>\n<\/ul>\n\n\n\n<p>Ces gestes pr\u00e9ventifs \u00e9vitent l&#8217;accumulation et le fameux &#8220;grand rangement&#8221; qui d\u00e9courage. La r\u00e9gularit\u00e9 prime sur l&#8217;intensit\u00e9.<\/p>\n\n\n\n<h3 class=\"wp-block-heading\"><span class=\"ez-toc-section\" id=\"Systemes_de_Classement_Visuel\"><\/span>Syst\u00e8mes de Classement Visuel<span class=\"ez-toc-section-end\"><\/span><\/h3>\n\n\n\n<p>Notre cerveau traite l&#8217;information visuelle 60 000 fois plus rapidement que le texte. Exploitez cette capacit\u00e9 avec des codes couleur pour vos dossiers, classeurs et fournitures. Rouge pour urgent, vert pour valid\u00e9, <a href=\"https:\/\/www.mobilier-design-occasion.fr\/magazine\/decouvrez-les-tendances-du-mobilier-design-en-2024-comment-embellir-votre-espace-avec-style\/\">bleu<\/a> pour en cours : cr\u00e9ez votre propre syst\u00e8me intuitif.<\/p>\n\n\n\n<p>Les bo\u00eetes transparentes ou grillag\u00e9es permettent d&#8217;identifier le contenu d&#8217;un coup d&#8217;\u0153il sans ouvrir. Pour les tiroirs, les s\u00e9parateurs modulables maintiennent chaque cat\u00e9gorie \u00e0 sa place.<\/p>\n\n\n\n<h2 class=\"wp-block-heading\"><span class=\"ez-toc-section\" id=\"Optimisation_Digitale_et_Outils_Professionnels\"><\/span>Optimisation Digitale et Outils Professionnels<span class=\"ez-toc-section-end\"><\/span><\/h2>\n\n\n\n<h3 class=\"wp-block-heading\"><span class=\"ez-toc-section\" id=\"Collaboration_et_Communication_Fluides\"><\/span>Collaboration et Communication Fluides<span class=\"ez-toc-section-end\"><\/span><\/h3>\n\n\n\n<p>L&#8217;am\u00e9nagement physique ne suffit plus : votre organisation num\u00e9rique est tout aussi importante. Structurez vos fichiers selon une arborescence claire, synchronisez vos documents dans le cloud, et utilisez des outils collaboratifs performants.<\/p>\n\n\n\n<p>Pour g\u00e9rer efficacement vos projets et optimiser votre workflow professionnel, des solutions comme <a href=\"https:\/\/kqueo.fr\/\">KQUEO<\/a> offrent des fonctionnalit\u00e9s compl\u00e8tes de gestion qui s&#8217;int\u00e8grent naturellement dans un environnement de travail moderne. Leur plateforme permet de centraliser communications, t\u00e2ches et ressources, r\u00e9duisant ainsi le bruit informationnel qui encombre souvent nos bureaux physiques et virtuels.<\/p>\n\n\n\n<h3 class=\"wp-block-heading\"><span class=\"ez-toc-section\" id=\"Automatisation_des_Taches_Repetitives\"><\/span>Automatisation des T\u00e2ches R\u00e9p\u00e9titives<span class=\"ez-toc-section-end\"><\/span><\/h3>\n\n\n\n<p>Chaque minute consacr\u00e9e \u00e0 une t\u00e2che administrative r\u00e9p\u00e9titive est une minute soustraite \u00e0 votre valeur ajout\u00e9e r\u00e9elle. Identifiez ces processus chronophages \u2013 saisie de donn\u00e9es, relances, rapports \u2013 et automatisez-les via des outils appropri\u00e9s.<\/p>\n\n\n\n<p>Cette rationalisation se refl\u00e8te dans votre bureau physique : moins de papier \u00e0 traiter, moins de post-its reminders, moins de stress organisationnel. Votre espace devient naturellement plus ordonn\u00e9.<\/p>\n\n\n\n<h2 class=\"wp-block-heading\"><span class=\"ez-toc-section\" id=\"Creer_une_Ambiance_Propice_a_la_Concentration\"><\/span>Cr\u00e9er une Ambiance Propice \u00e0 la Concentration<span class=\"ez-toc-section-end\"><\/span><\/h2>\n\n\n\n<h3 class=\"wp-block-heading\"><span class=\"ez-toc-section\" id=\"Acoustique_et_Isolation_Sonore\"><\/span>Acoustique et Isolation Sonore<span class=\"ez-toc-section-end\"><\/span><\/h3>\n\n\n\n<p>Le bruit constitue l&#8217;un des principaux destructeurs de productivit\u00e9. Si vous ne pouvez contr\u00f4ler votre environnement sonore, investissez dans des solutions d&#8217;att\u00e9nuation : panneaux acoustiques muraux, <a href=\"https:\/\/www.mobilier-design-occasion.fr\/magazine\/pourquoi-adopter-un-tapis-en-jute-dans-son-salon\/\">tapis<\/a> \u00e9pais, rideaux lourds.<\/p>\n\n\n\n<p>Pour le t\u00e9l\u00e9travail, un casque \u00e0 r\u00e9duction de bruit active devient rapidement indispensable. Alternativement, un fond sonore ma\u00eetris\u00e9 \u2013 bruit blanc, musique instrumentale douce, sons de nature \u2013 peut masquer les distractions environnantes.<\/p>\n\n\n\n<h3 class=\"wp-block-heading\"><span class=\"ez-toc-section\" id=\"Aromatherapie_et_Qualite_de_lAir\"><\/span>Aromath\u00e9rapie et Qualit\u00e9 de l&#8217;Air<span class=\"ez-toc-section-end\"><\/span><\/h3>\n\n\n\n<p>Notre olfaction influence consid\u00e9rablement notre \u00e9tat psychologique. Des senteurs comme la lavande apaisent, la menthe poivr\u00e9e stimule la concentration, le citron vivifie. Un diffuseur d&#8217;huiles essentielles discret enrichit subtilement l&#8217;atmosph\u00e8re de votre bureau.<\/p>\n\n\n\n<p>A\u00e9rez quotidiennement, m\u00eame en hiver, au minimum dix minutes. Cette ventilation naturelle \u00e9vacue polluants int\u00e9rieurs, renouvelle l&#8217;oxyg\u00e8ne et r\u00e9gule l&#8217;humidit\u00e9 \u2013 trois facteurs cruciaux pour votre confort et votre sant\u00e9.<\/p>\n\n\n\n<h2 class=\"wp-block-heading\"><span class=\"ez-toc-section\" id=\"Evolution_et_Adaptation_de_Votre_Espace\"><\/span>\u00c9volution et Adaptation de Votre Espace<span class=\"ez-toc-section-end\"><\/span><\/h2>\n\n\n\n<p>Votre bureau n&#8217;est pas fig\u00e9 : il doit \u00e9voluer avec vos besoins, vos projets et vos d\u00e9couvertes. R\u00e9\u00e9valuez r\u00e9guli\u00e8rement votre am\u00e9nagement. Cet objet que vous n&#8217;avez pas touch\u00e9 depuis trois mois m\u00e9rite-t-il encore sa place sur votre bureau ?<\/p>\n\n\n\n<p>Testez de nouvelles configurations lors des changements de saison ou d&#8217;ann\u00e9e. Un simple d\u00e9placement de mobilier peut renouveler votre motivation et r\u00e9v\u00e9ler des organisations plus efficaces que vous n&#8217;aviez pas imagin\u00e9es.<\/p>\n\n\n\n<hr class=\"wp-block-separator has-alpha-channel-opacity\"\/>\n\n\n\n<p>Am\u00e9nager un bureau professionnel harmonieux r\u00e9sulte d&#8217;un \u00e9quilibre subtil entre fonctionnalit\u00e9, esth\u00e9tique et bien-\u00eatre. Que vous adoptiez les principes zen, feng shui, ou simplement une approche pragmatique d&#8217;organisation, l&#8217;essentiel r\u00e9side dans la cr\u00e9ation d&#8217;un environnement qui vous ressemble et vous permet de donner le meilleur de vous-m\u00eame.<\/p>\n\n\n\n<p>Votre bureau refl\u00e8te votre professionnalisme et influence directement votre efficacit\u00e9 quotidienne. Investir du temps et de la r\u00e9flexion dans son am\u00e9nagement n&#8217;est pas du luxe superflu : c&#8217;est reconna\u00eetre l&#8217;importance de votre espace de travail dans votre r\u00e9ussite professionnelle et votre \u00e9quilibre personnel.<\/p>\n","protected":false},"excerpt":{"rendered":"<p>L&#8217;am\u00e9nagement d&#8217;un bureau professionnel repr\u00e9sente bien plus qu&#8217;une simple question d&#8217;esth\u00e9tique. C&#8217;est un investissement dans votre productivit\u00e9, votre bien-\u00eatre et votre r\u00e9ussite professionnelle. Que vous travailliez dans vos locaux d&#8217;entreprise ou que vous ayez opt\u00e9 pour le t\u00e9l\u00e9travail, cr\u00e9er un espace de travail harmonieux et efficace est devenu essentiel. Les Fondamentaux d&#8217;un Bureau Bien Pens\u00e9 [&hellip;]<\/p>\n","protected":false},"author":2,"featured_media":8588,"comment_status":"open","ping_status":"open","sticky":false,"template":"","format":"standard","meta":{"footnotes":""},"categories":[128],"tags":[],"class_list":["post-8584","post","type-post","status-publish","format-standard","has-post-thumbnail","hentry","category-bureau"],"yoast_head":"<!-- This site is optimized with the Yoast SEO plugin v27.5 - https:\/\/yoast.com\/product\/yoast-seo-wordpress\/ -->\n<title>Comment Am\u00e9nager un Bureau Professionnel Zen et Fonctionnel - Mobilier Design Magazine<\/title>\n<meta name=\"robots\" content=\"index, follow, max-snippet:-1, max-image-preview:large, max-video-preview:-1\" \/>\n<link rel=\"canonical\" href=\"https:\/\/www.mobilier-design-occasion.fr\/magazine\/comment-amenager-un-bureau-professionnel-zen-et-fonctionnel\/\" \/>\n<meta property=\"og:locale\" content=\"fr_FR\" \/>\n<meta property=\"og:type\" content=\"article\" \/>\n<meta property=\"og:title\" content=\"Comment Am\u00e9nager un Bureau Professionnel Zen et Fonctionnel - Mobilier Design Magazine\" \/>\n<meta property=\"og:description\" content=\"L&#8217;am\u00e9nagement d&#8217;un bureau professionnel repr\u00e9sente bien plus qu&#8217;une simple question d&#8217;esth\u00e9tique. C&#8217;est un investissement dans votre productivit\u00e9, votre bien-\u00eatre et votre r\u00e9ussite professionnelle. Que vous travailliez dans vos locaux d&#8217;entreprise ou que vous ayez opt\u00e9 pour le t\u00e9l\u00e9travail, cr\u00e9er un espace de travail harmonieux et efficace est devenu essentiel. Les Fondamentaux d&#8217;un Bureau Bien Pens\u00e9 [&hellip;]\" \/>\n<meta property=\"og:url\" content=\"https:\/\/www.mobilier-design-occasion.fr\/magazine\/comment-amenager-un-bureau-professionnel-zen-et-fonctionnel\/\" \/>\n<meta property=\"og:site_name\" content=\"Mobilier Design Magazine\" \/>\n<meta property=\"article:publisher\" content=\"https:\/\/www.facebook.com\/mobilierdesignoccasion\" \/>\n<meta property=\"article:published_time\" content=\"2025-11-11T09:35:32+00:00\" \/>\n<meta property=\"article:modified_time\" content=\"2025-11-11T09:35:33+00:00\" \/>\n<meta property=\"og:image\" content=\"https:\/\/www.mobilier-design-occasion.fr\/magazine\/wp-content\/uploads\/2025\/11\/image-4.png\" \/>\n\t<meta property=\"og:image:width\" content=\"1580\" \/>\n\t<meta property=\"og:image:height\" content=\"394\" \/>\n\t<meta property=\"og:image:type\" content=\"image\/png\" \/>\n<meta name=\"author\" content=\"Vincent Vandegans\" \/>\n<meta name=\"twitter:card\" content=\"summary_large_image\" \/>\n<meta name=\"twitter:label1\" content=\"\u00c9crit par\" \/>\n\t<meta name=\"twitter:data1\" content=\"Vincent Vandegans\" \/>\n\t<meta name=\"twitter:label2\" content=\"Dur\u00e9e de lecture estim\u00e9e\" \/>\n\t<meta name=\"twitter:data2\" content=\"10 minutes\" \/>\n<script type=\"application\/ld+json\" class=\"yoast-schema-graph\">{\"@context\":\"https:\\\/\\\/schema.org\",\"@graph\":[{\"@type\":\"Article\",\"@id\":\"https:\\\/\\\/www.mobilier-design-occasion.fr\\\/magazine\\\/comment-amenager-un-bureau-professionnel-zen-et-fonctionnel\\\/#article\",\"isPartOf\":{\"@id\":\"https:\\\/\\\/www.mobilier-design-occasion.fr\\\/magazine\\\/comment-amenager-un-bureau-professionnel-zen-et-fonctionnel\\\/\"},\"author\":{\"name\":\"Vincent Vandegans\",\"@id\":\"https:\\\/\\\/www.mobilier-design-occasion.fr\\\/magazine\\\/#\\\/schema\\\/person\\\/af895bedc80bfb6b17730a672fddac9e\"},\"headline\":\"Comment Am\u00e9nager un Bureau Professionnel Zen et Fonctionnel\",\"datePublished\":\"2025-11-11T09:35:32+00:00\",\"dateModified\":\"2025-11-11T09:35:33+00:00\",\"mainEntityOfPage\":{\"@id\":\"https:\\\/\\\/www.mobilier-design-occasion.fr\\\/magazine\\\/comment-amenager-un-bureau-professionnel-zen-et-fonctionnel\\\/\"},\"wordCount\":1906,\"commentCount\":0,\"publisher\":{\"@id\":\"https:\\\/\\\/www.mobilier-design-occasion.fr\\\/magazine\\\/#organization\"},\"image\":{\"@id\":\"https:\\\/\\\/www.mobilier-design-occasion.fr\\\/magazine\\\/comment-amenager-un-bureau-professionnel-zen-et-fonctionnel\\\/#primaryimage\"},\"thumbnailUrl\":\"https:\\\/\\\/www.mobilier-design-occasion.fr\\\/magazine\\\/wp-content\\\/uploads\\\/2025\\\/11\\\/image-4.png\",\"articleSection\":[\"Bureau\"],\"inLanguage\":\"fr-FR\",\"potentialAction\":[{\"@type\":\"CommentAction\",\"name\":\"Comment\",\"target\":[\"https:\\\/\\\/www.mobilier-design-occasion.fr\\\/magazine\\\/comment-amenager-un-bureau-professionnel-zen-et-fonctionnel\\\/#respond\"]}]},{\"@type\":\"WebPage\",\"@id\":\"https:\\\/\\\/www.mobilier-design-occasion.fr\\\/magazine\\\/comment-amenager-un-bureau-professionnel-zen-et-fonctionnel\\\/\",\"url\":\"https:\\\/\\\/www.mobilier-design-occasion.fr\\\/magazine\\\/comment-amenager-un-bureau-professionnel-zen-et-fonctionnel\\\/\",\"name\":\"Comment Am\u00e9nager un Bureau Professionnel Zen et Fonctionnel - Mobilier Design Magazine\",\"isPartOf\":{\"@id\":\"https:\\\/\\\/www.mobilier-design-occasion.fr\\\/magazine\\\/#website\"},\"primaryImageOfPage\":{\"@id\":\"https:\\\/\\\/www.mobilier-design-occasion.fr\\\/magazine\\\/comment-amenager-un-bureau-professionnel-zen-et-fonctionnel\\\/#primaryimage\"},\"image\":{\"@id\":\"https:\\\/\\\/www.mobilier-design-occasion.fr\\\/magazine\\\/comment-amenager-un-bureau-professionnel-zen-et-fonctionnel\\\/#primaryimage\"},\"thumbnailUrl\":\"https:\\\/\\\/www.mobilier-design-occasion.fr\\\/magazine\\\/wp-content\\\/uploads\\\/2025\\\/11\\\/image-4.png\",\"datePublished\":\"2025-11-11T09:35:32+00:00\",\"dateModified\":\"2025-11-11T09:35:33+00:00\",\"breadcrumb\":{\"@id\":\"https:\\\/\\\/www.mobilier-design-occasion.fr\\\/magazine\\\/comment-amenager-un-bureau-professionnel-zen-et-fonctionnel\\\/#breadcrumb\"},\"inLanguage\":\"fr-FR\",\"potentialAction\":[{\"@type\":\"ReadAction\",\"target\":[\"https:\\\/\\\/www.mobilier-design-occasion.fr\\\/magazine\\\/comment-amenager-un-bureau-professionnel-zen-et-fonctionnel\\\/\"]}]},{\"@type\":\"ImageObject\",\"inLanguage\":\"fr-FR\",\"@id\":\"https:\\\/\\\/www.mobilier-design-occasion.fr\\\/magazine\\\/comment-amenager-un-bureau-professionnel-zen-et-fonctionnel\\\/#primaryimage\",\"url\":\"https:\\\/\\\/www.mobilier-design-occasion.fr\\\/magazine\\\/wp-content\\\/uploads\\\/2025\\\/11\\\/image-4.png\",\"contentUrl\":\"https:\\\/\\\/www.mobilier-design-occasion.fr\\\/magazine\\\/wp-content\\\/uploads\\\/2025\\\/11\\\/image-4.png\",\"width\":1580,\"height\":394},{\"@type\":\"BreadcrumbList\",\"@id\":\"https:\\\/\\\/www.mobilier-design-occasion.fr\\\/magazine\\\/comment-amenager-un-bureau-professionnel-zen-et-fonctionnel\\\/#breadcrumb\",\"itemListElement\":[{\"@type\":\"ListItem\",\"position\":1,\"name\":\"Accueil\",\"item\":\"https:\\\/\\\/www.mobilier-design-occasion.fr\\\/magazine\\\/\"},{\"@type\":\"ListItem\",\"position\":2,\"name\":\"Comment Am\u00e9nager un Bureau Professionnel Zen et Fonctionnel\"}]},{\"@type\":\"WebSite\",\"@id\":\"https:\\\/\\\/www.mobilier-design-occasion.fr\\\/magazine\\\/#website\",\"url\":\"https:\\\/\\\/www.mobilier-design-occasion.fr\\\/magazine\\\/\",\"name\":\"Mobilier Design Magazine\",\"description\":\"\",\"publisher\":{\"@id\":\"https:\\\/\\\/www.mobilier-design-occasion.fr\\\/magazine\\\/#organization\"},\"potentialAction\":[{\"@type\":\"SearchAction\",\"target\":{\"@type\":\"EntryPoint\",\"urlTemplate\":\"https:\\\/\\\/www.mobilier-design-occasion.fr\\\/magazine\\\/?s={search_term_string}\"},\"query-input\":{\"@type\":\"PropertyValueSpecification\",\"valueRequired\":true,\"valueName\":\"search_term_string\"}}],\"inLanguage\":\"fr-FR\"},{\"@type\":\"Organization\",\"@id\":\"https:\\\/\\\/www.mobilier-design-occasion.fr\\\/magazine\\\/#organization\",\"name\":\"Mobilier Design Magazine\",\"url\":\"https:\\\/\\\/www.mobilier-design-occasion.fr\\\/magazine\\\/\",\"logo\":{\"@type\":\"ImageObject\",\"inLanguage\":\"fr-FR\",\"@id\":\"https:\\\/\\\/www.mobilier-design-occasion.fr\\\/magazine\\\/#\\\/schema\\\/logo\\\/image\\\/\",\"url\":\"https:\\\/\\\/www.mobilier-design-occasion.fr\\\/magazine\\\/wp-content\\\/uploads\\\/2024\\\/02\\\/android-chrome-192x192-1.png\",\"contentUrl\":\"https:\\\/\\\/www.mobilier-design-occasion.fr\\\/magazine\\\/wp-content\\\/uploads\\\/2024\\\/02\\\/android-chrome-192x192-1.png\",\"width\":192,\"height\":192,\"caption\":\"Mobilier Design Magazine\"},\"image\":{\"@id\":\"https:\\\/\\\/www.mobilier-design-occasion.fr\\\/magazine\\\/#\\\/schema\\\/logo\\\/image\\\/\"},\"sameAs\":[\"https:\\\/\\\/www.facebook.com\\\/mobilierdesignoccasion\"]},{\"@type\":\"Person\",\"@id\":\"https:\\\/\\\/www.mobilier-design-occasion.fr\\\/magazine\\\/#\\\/schema\\\/person\\\/af895bedc80bfb6b17730a672fddac9e\",\"name\":\"Vincent Vandegans\",\"image\":{\"@type\":\"ImageObject\",\"inLanguage\":\"fr-FR\",\"@id\":\"https:\\\/\\\/secure.gravatar.com\\\/avatar\\\/b984800dabdf722d5e3f03f637c8932dea77d81118467d17ad2953e3b273ec66?s=96&d=mm&r=g\",\"url\":\"https:\\\/\\\/secure.gravatar.com\\\/avatar\\\/b984800dabdf722d5e3f03f637c8932dea77d81118467d17ad2953e3b273ec66?s=96&d=mm&r=g\",\"contentUrl\":\"https:\\\/\\\/secure.gravatar.com\\\/avatar\\\/b984800dabdf722d5e3f03f637c8932dea77d81118467d17ad2953e3b273ec66?s=96&d=mm&r=g\",\"caption\":\"Vincent Vandegans\"},\"description\":\"Vincent est passionn\u00e9 par les produits d'occasion, il a ouvert le site MDO avec Cyrielle pour aider les gens \u00e0 trouver du mobilier d'occasion, vintage ou usag\u00e9. Depuis, ils ont \u00e9tendu leurs activit\u00e9s et conseillent tout le monde sur le mobilier d'int\u00e9rieur et d'ext\u00e9rieur au quotidien \u00e0 travers le magazine MDO.\",\"url\":\"https:\\\/\\\/www.mobilier-design-occasion.fr\\\/magazine\\\/author\\\/vincent\\\/\"}]}<\/script>\n<!-- \/ Yoast SEO plugin. -->","yoast_head_json":{"title":"Comment Am\u00e9nager un Bureau Professionnel Zen et Fonctionnel - Mobilier Design Magazine","robots":{"index":"index","follow":"follow","max-snippet":"max-snippet:-1","max-image-preview":"max-image-preview:large","max-video-preview":"max-video-preview:-1"},"canonical":"https:\/\/www.mobilier-design-occasion.fr\/magazine\/comment-amenager-un-bureau-professionnel-zen-et-fonctionnel\/","og_locale":"fr_FR","og_type":"article","og_title":"Comment Am\u00e9nager un Bureau Professionnel Zen et Fonctionnel - Mobilier Design Magazine","og_description":"L&#8217;am\u00e9nagement d&#8217;un bureau professionnel repr\u00e9sente bien plus qu&#8217;une simple question d&#8217;esth\u00e9tique. C&#8217;est un investissement dans votre productivit\u00e9, votre bien-\u00eatre et votre r\u00e9ussite professionnelle. Que vous travailliez dans vos locaux d&#8217;entreprise ou que vous ayez opt\u00e9 pour le t\u00e9l\u00e9travail, cr\u00e9er un espace de travail harmonieux et efficace est devenu essentiel. Les Fondamentaux d&#8217;un Bureau Bien Pens\u00e9 [&hellip;]","og_url":"https:\/\/www.mobilier-design-occasion.fr\/magazine\/comment-amenager-un-bureau-professionnel-zen-et-fonctionnel\/","og_site_name":"Mobilier Design Magazine","article_publisher":"https:\/\/www.facebook.com\/mobilierdesignoccasion","article_published_time":"2025-11-11T09:35:32+00:00","article_modified_time":"2025-11-11T09:35:33+00:00","og_image":[{"width":1580,"height":394,"url":"https:\/\/www.mobilier-design-occasion.fr\/magazine\/wp-content\/uploads\/2025\/11\/image-4.png","type":"image\/png"}],"author":"Vincent Vandegans","twitter_card":"summary_large_image","twitter_misc":{"\u00c9crit par":"Vincent Vandegans","Dur\u00e9e de lecture estim\u00e9e":"10 minutes"},"schema":{"@context":"https:\/\/schema.org","@graph":[{"@type":"Article","@id":"https:\/\/www.mobilier-design-occasion.fr\/magazine\/comment-amenager-un-bureau-professionnel-zen-et-fonctionnel\/#article","isPartOf":{"@id":"https:\/\/www.mobilier-design-occasion.fr\/magazine\/comment-amenager-un-bureau-professionnel-zen-et-fonctionnel\/"},"author":{"name":"Vincent Vandegans","@id":"https:\/\/www.mobilier-design-occasion.fr\/magazine\/#\/schema\/person\/af895bedc80bfb6b17730a672fddac9e"},"headline":"Comment Am\u00e9nager un Bureau Professionnel Zen et Fonctionnel","datePublished":"2025-11-11T09:35:32+00:00","dateModified":"2025-11-11T09:35:33+00:00","mainEntityOfPage":{"@id":"https:\/\/www.mobilier-design-occasion.fr\/magazine\/comment-amenager-un-bureau-professionnel-zen-et-fonctionnel\/"},"wordCount":1906,"commentCount":0,"publisher":{"@id":"https:\/\/www.mobilier-design-occasion.fr\/magazine\/#organization"},"image":{"@id":"https:\/\/www.mobilier-design-occasion.fr\/magazine\/comment-amenager-un-bureau-professionnel-zen-et-fonctionnel\/#primaryimage"},"thumbnailUrl":"https:\/\/www.mobilier-design-occasion.fr\/magazine\/wp-content\/uploads\/2025\/11\/image-4.png","articleSection":["Bureau"],"inLanguage":"fr-FR","potentialAction":[{"@type":"CommentAction","name":"Comment","target":["https:\/\/www.mobilier-design-occasion.fr\/magazine\/comment-amenager-un-bureau-professionnel-zen-et-fonctionnel\/#respond"]}]},{"@type":"WebPage","@id":"https:\/\/www.mobilier-design-occasion.fr\/magazine\/comment-amenager-un-bureau-professionnel-zen-et-fonctionnel\/","url":"https:\/\/www.mobilier-design-occasion.fr\/magazine\/comment-amenager-un-bureau-professionnel-zen-et-fonctionnel\/","name":"Comment Am\u00e9nager un Bureau Professionnel Zen et Fonctionnel - Mobilier Design Magazine","isPartOf":{"@id":"https:\/\/www.mobilier-design-occasion.fr\/magazine\/#website"},"primaryImageOfPage":{"@id":"https:\/\/www.mobilier-design-occasion.fr\/magazine\/comment-amenager-un-bureau-professionnel-zen-et-fonctionnel\/#primaryimage"},"image":{"@id":"https:\/\/www.mobilier-design-occasion.fr\/magazine\/comment-amenager-un-bureau-professionnel-zen-et-fonctionnel\/#primaryimage"},"thumbnailUrl":"https:\/\/www.mobilier-design-occasion.fr\/magazine\/wp-content\/uploads\/2025\/11\/image-4.png","datePublished":"2025-11-11T09:35:32+00:00","dateModified":"2025-11-11T09:35:33+00:00","breadcrumb":{"@id":"https:\/\/www.mobilier-design-occasion.fr\/magazine\/comment-amenager-un-bureau-professionnel-zen-et-fonctionnel\/#breadcrumb"},"inLanguage":"fr-FR","potentialAction":[{"@type":"ReadAction","target":["https:\/\/www.mobilier-design-occasion.fr\/magazine\/comment-amenager-un-bureau-professionnel-zen-et-fonctionnel\/"]}]},{"@type":"ImageObject","inLanguage":"fr-FR","@id":"https:\/\/www.mobilier-design-occasion.fr\/magazine\/comment-amenager-un-bureau-professionnel-zen-et-fonctionnel\/#primaryimage","url":"https:\/\/www.mobilier-design-occasion.fr\/magazine\/wp-content\/uploads\/2025\/11\/image-4.png","contentUrl":"https:\/\/www.mobilier-design-occasion.fr\/magazine\/wp-content\/uploads\/2025\/11\/image-4.png","width":1580,"height":394},{"@type":"BreadcrumbList","@id":"https:\/\/www.mobilier-design-occasion.fr\/magazine\/comment-amenager-un-bureau-professionnel-zen-et-fonctionnel\/#breadcrumb","itemListElement":[{"@type":"ListItem","position":1,"name":"Accueil","item":"https:\/\/www.mobilier-design-occasion.fr\/magazine\/"},{"@type":"ListItem","position":2,"name":"Comment Am\u00e9nager un Bureau Professionnel Zen et Fonctionnel"}]},{"@type":"WebSite","@id":"https:\/\/www.mobilier-design-occasion.fr\/magazine\/#website","url":"https:\/\/www.mobilier-design-occasion.fr\/magazine\/","name":"Mobilier Design Magazine","description":"","publisher":{"@id":"https:\/\/www.mobilier-design-occasion.fr\/magazine\/#organization"},"potentialAction":[{"@type":"SearchAction","target":{"@type":"EntryPoint","urlTemplate":"https:\/\/www.mobilier-design-occasion.fr\/magazine\/?s={search_term_string}"},"query-input":{"@type":"PropertyValueSpecification","valueRequired":true,"valueName":"search_term_string"}}],"inLanguage":"fr-FR"},{"@type":"Organization","@id":"https:\/\/www.mobilier-design-occasion.fr\/magazine\/#organization","name":"Mobilier Design Magazine","url":"https:\/\/www.mobilier-design-occasion.fr\/magazine\/","logo":{"@type":"ImageObject","inLanguage":"fr-FR","@id":"https:\/\/www.mobilier-design-occasion.fr\/magazine\/#\/schema\/logo\/image\/","url":"https:\/\/www.mobilier-design-occasion.fr\/magazine\/wp-content\/uploads\/2024\/02\/android-chrome-192x192-1.png","contentUrl":"https:\/\/www.mobilier-design-occasion.fr\/magazine\/wp-content\/uploads\/2024\/02\/android-chrome-192x192-1.png","width":192,"height":192,"caption":"Mobilier Design Magazine"},"image":{"@id":"https:\/\/www.mobilier-design-occasion.fr\/magazine\/#\/schema\/logo\/image\/"},"sameAs":["https:\/\/www.facebook.com\/mobilierdesignoccasion"]},{"@type":"Person","@id":"https:\/\/www.mobilier-design-occasion.fr\/magazine\/#\/schema\/person\/af895bedc80bfb6b17730a672fddac9e","name":"Vincent Vandegans","image":{"@type":"ImageObject","inLanguage":"fr-FR","@id":"https:\/\/secure.gravatar.com\/avatar\/b984800dabdf722d5e3f03f637c8932dea77d81118467d17ad2953e3b273ec66?s=96&d=mm&r=g","url":"https:\/\/secure.gravatar.com\/avatar\/b984800dabdf722d5e3f03f637c8932dea77d81118467d17ad2953e3b273ec66?s=96&d=mm&r=g","contentUrl":"https:\/\/secure.gravatar.com\/avatar\/b984800dabdf722d5e3f03f637c8932dea77d81118467d17ad2953e3b273ec66?s=96&d=mm&r=g","caption":"Vincent Vandegans"},"description":"Vincent est passionn\u00e9 par les produits d'occasion, il a ouvert le site MDO avec Cyrielle pour aider les gens \u00e0 trouver du mobilier d'occasion, vintage ou usag\u00e9. Depuis, ils ont \u00e9tendu leurs activit\u00e9s et conseillent tout le monde sur le mobilier d'int\u00e9rieur et d'ext\u00e9rieur au quotidien \u00e0 travers le magazine MDO.","url":"https:\/\/www.mobilier-design-occasion.fr\/magazine\/author\/vincent\/"}]}},"_links":{"self":[{"href":"https:\/\/www.mobilier-design-occasion.fr\/magazine\/wp-json\/wp\/v2\/posts\/8584","targetHints":{"allow":["GET"]}}],"collection":[{"href":"https:\/\/www.mobilier-design-occasion.fr\/magazine\/wp-json\/wp\/v2\/posts"}],"about":[{"href":"https:\/\/www.mobilier-design-occasion.fr\/magazine\/wp-json\/wp\/v2\/types\/post"}],"author":[{"embeddable":true,"href":"https:\/\/www.mobilier-design-occasion.fr\/magazine\/wp-json\/wp\/v2\/users\/2"}],"replies":[{"embeddable":true,"href":"https:\/\/www.mobilier-design-occasion.fr\/magazine\/wp-json\/wp\/v2\/comments?post=8584"}],"version-history":[{"count":1,"href":"https:\/\/www.mobilier-design-occasion.fr\/magazine\/wp-json\/wp\/v2\/posts\/8584\/revisions"}],"predecessor-version":[{"id":8589,"href":"https:\/\/www.mobilier-design-occasion.fr\/magazine\/wp-json\/wp\/v2\/posts\/8584\/revisions\/8589"}],"wp:featuredmedia":[{"embeddable":true,"href":"https:\/\/www.mobilier-design-occasion.fr\/magazine\/wp-json\/wp\/v2\/media\/8588"}],"wp:attachment":[{"href":"https:\/\/www.mobilier-design-occasion.fr\/magazine\/wp-json\/wp\/v2\/media?parent=8584"}],"wp:term":[{"taxonomy":"category","embeddable":true,"href":"https:\/\/www.mobilier-design-occasion.fr\/magazine\/wp-json\/wp\/v2\/categories?post=8584"},{"taxonomy":"post_tag","embeddable":true,"href":"https:\/\/www.mobilier-design-occasion.fr\/magazine\/wp-json\/wp\/v2\/tags?post=8584"}],"curies":[{"name":"wp","href":"https:\/\/api.w.org\/{rel}","templated":true}]}}