{"id":8575,"date":"2025-11-09T18:50:11","date_gmt":"2025-11-09T18:50:11","guid":{"rendered":"https:\/\/www.mobilier-design-occasion.fr\/magazine\/achat-de-lits-pour-enfants-en-occasion-3-criteres-objectifs-pour-un-choix-reussi\/"},"modified":"2025-11-10T14:31:51","modified_gmt":"2025-11-10T14:31:51","slug":"achat-de-lits-pour-enfants-en-occasion-3-criteres-objectifs-pour-un-choix-reussi","status":"publish","type":"post","link":"https:\/\/www.mobilier-design-occasion.fr\/magazine\/achat-de-lits-pour-enfants-en-occasion-3-criteres-objectifs-pour-un-choix-reussi\/","title":{"rendered":"Achat de lits pour enfants en occasion\u00a0: 3 crit\u00e8res objectifs pour un choix r\u00e9ussi"},"content":{"rendered":"<div>\n<p>De nombreux parents qui souhaitent meubler la <a href=\"https:\/\/www.mobilier-design-occasion.fr\/magazine\/5-elements-pour-amenager-une-chambre-montessori\/\">chambre<\/a> de leurs enfants sans compromettre leur budget sont attir\u00e9s par le march\u00e9 de l\u2019occasion. Les <strong>lits pour enfants<\/strong> y tiennent une position privil\u00e9gi\u00e9e, entre \u00e9conomies consid\u00e9rables et approche \u00e9cologique.<\/p>\n<h2><span class=\"ez-toc-section\" id=\"La_solidite_structurelle_un_examen_meticuleux_simpose\"><\/span>La solidit\u00e9 structurelle\u00a0: un examen m\u00e9ticuleux s\u2019impose<span class=\"ez-toc-section-end\"><\/span><\/h2><div id=\"ez-toc-container\" class=\"ez-toc-v2_0_82_2 counter-hierarchy ez-toc-counter ez-toc-grey ez-toc-container-direction\">\n<div class=\"ez-toc-title-container\">\n<span class=\"ez-toc-title-toggle\"><a href=\"#\" class=\"ez-toc-pull-right ez-toc-btn ez-toc-btn-xs ez-toc-btn-default ez-toc-toggle\" aria-label=\"Toggle Table of Content\"><span class=\"ez-toc-js-icon-con\"><span class=\"\"><span class=\"eztoc-hide\" style=\"display:none;\">Toggle<\/span><span class=\"ez-toc-icon-toggle-span\"><svg style=\"fill: #999;color:#999\" xmlns=\"http:\/\/www.w3.org\/2000\/svg\" class=\"list-377408\" width=\"20px\" height=\"20px\" viewBox=\"0 0 24 24\" fill=\"none\"><path d=\"M6 6H4v2h2V6zm14 0H8v2h12V6zM4 11h2v2H4v-2zm16 0H8v2h12v-2zM4 16h2v2H4v-2zm16 0H8v2h12v-2z\" fill=\"currentColor\"><\/path><\/svg><svg style=\"fill: #999;color:#999\" class=\"arrow-unsorted-368013\" xmlns=\"http:\/\/www.w3.org\/2000\/svg\" width=\"10px\" height=\"10px\" viewBox=\"0 0 24 24\" version=\"1.2\" baseProfile=\"tiny\"><path d=\"M18.2 9.3l-6.2-6.3-6.2 6.3c-.2.2-.3.4-.3.7s.1.5.3.7c.2.2.4.3.7.3h11c.3 0 .5-.1.7-.3.2-.2.3-.5.3-.7s-.1-.5-.3-.7zM5.8 14.7l6.2 6.3 6.2-6.3c.2-.2.3-.5.3-.7s-.1-.5-.3-.7c-.2-.2-.4-.3-.7-.3h-11c-.3 0-.5.1-.7.3-.2.2-.3.5-.3.7s.1.5.3.7z\"\/><\/svg><\/span><\/span><\/span><\/a><\/span><\/div>\n<nav><ul class='ez-toc-list ez-toc-list-level-1 eztoc-toggle-hide-by-default' ><li class='ez-toc-page-1 ez-toc-heading-level-2'><a class=\"ez-toc-link ez-toc-heading-1\" href=\"https:\/\/www.mobilier-design-occasion.fr\/magazine\/achat-de-lits-pour-enfants-en-occasion-3-criteres-objectifs-pour-un-choix-reussi\/#La_solidite_structurelle_un_examen_meticuleux_simpose\" >La solidit\u00e9 structurelle\u00a0: un examen m\u00e9ticuleux s\u2019impose<\/a><\/li><li class='ez-toc-page-1 ez-toc-heading-level-2'><a class=\"ez-toc-link ez-toc-heading-2\" href=\"https:\/\/www.mobilier-design-occasion.fr\/magazine\/achat-de-lits-pour-enfants-en-occasion-3-criteres-objectifs-pour-un-choix-reussi\/#Lhistorique_du_meuble_une_donnee_souvent_negligee\" >L\u2019historique du meuble\u00a0: une donn\u00e9e souvent n\u00e9glig\u00e9e<\/a><\/li><li class='ez-toc-page-1 ez-toc-heading-level-2'><a class=\"ez-toc-link ez-toc-heading-3\" href=\"https:\/\/www.mobilier-design-occasion.fr\/magazine\/achat-de-lits-pour-enfants-en-occasion-3-criteres-objectifs-pour-un-choix-reussi\/#Le_respect_des_dimensions_normees_actuelles\" >Le respect des dimensions norm\u00e9es actuelles<\/a><ul class='ez-toc-list-level-3' ><li class='ez-toc-heading-level-3'><a class=\"ez-toc-link ez-toc-heading-4\" href=\"https:\/\/www.mobilier-design-occasion.fr\/magazine\/achat-de-lits-pour-enfants-en-occasion-3-criteres-objectifs-pour-un-choix-reussi\/#Pourquoi_choisir_un_lit_cabane\" >Pourquoi choisir un lit cabane ?<\/a><\/li><\/ul><\/li><li class='ez-toc-page-1 ez-toc-heading-level-2'><a class=\"ez-toc-link ez-toc-heading-5\" href=\"https:\/\/www.mobilier-design-occasion.fr\/magazine\/achat-de-lits-pour-enfants-en-occasion-3-criteres-objectifs-pour-un-choix-reussi\/#Lit_Cabane_Basic\" >Lit Cabane Basic<\/a><\/li><li class='ez-toc-page-1 ez-toc-heading-level-2'><a class=\"ez-toc-link ez-toc-heading-6\" href=\"https:\/\/www.mobilier-design-occasion.fr\/magazine\/achat-de-lits-pour-enfants-en-occasion-3-criteres-objectifs-pour-un-choix-reussi\/#Lit_Cabane_Premium\" >Lit Cabane Premium<\/a><\/li><li class='ez-toc-page-1 ez-toc-heading-level-2'><a class=\"ez-toc-link ez-toc-heading-7\" href=\"https:\/\/www.mobilier-design-occasion.fr\/magazine\/achat-de-lits-pour-enfants-en-occasion-3-criteres-objectifs-pour-un-choix-reussi\/#Lit_Cabane_Deluxe\" >Lit Cabane Deluxe<\/a><ul class='ez-toc-list-level-3' ><li class='ez-toc-heading-level-3'><a class=\"ez-toc-link ez-toc-heading-8\" href=\"https:\/\/www.mobilier-design-occasion.fr\/magazine\/achat-de-lits-pour-enfants-en-occasion-3-criteres-objectifs-pour-un-choix-reussi\/#Criteres_de_selection\" >Crit\u00e8res de s\u00e9lection<\/a><\/li><\/ul><\/li><\/ul><\/nav><\/div>\n\n<p>V\u00e9rifiez syst\u00e9matiquement l\u2019\u00e9tat des <strong>fixations<\/strong>, des <strong>vis<\/strong> et des <strong>assemblages<\/strong> avant tout engagement. Une <a href=\"https:\/\/petitemaisonnette.com\/\">boutique de lits pour enfants<\/a> d\u2019occasion fiable propose g\u00e9n\u00e9ralement des mod\u00e8les dont la stabilit\u00e9 peut varier consid\u00e9rablement selon l\u2019usage ant\u00e9rieur. Prenez le temps pour\u00a0:<\/p>\n<ul>\n<li>secouer le lit ;<\/li>\n<li>tester les barreaux ;<\/li>\n<li>inspecter les angles, etc.<\/li>\n<\/ul>\n<p>Aucune fissure ni jeu excessif ne devrait appara\u00eetre. Un cadre fragilis\u00e9 repr\u00e9sente un danger \u00e9vident pour votre <a href=\"https:\/\/www.mobilier-design-occasion.fr\/magazine\/test-avis-sur-ripaton\/\">enfant<\/a>. Les <strong>normes de s\u00e9curit\u00e9<\/strong> \u00e9voluent, certes, mais la <strong>robustesse m\u00e9canique<\/strong> demeure un indicateur fiable. Privil\u00e9giez le <strong><a href=\"https:\/\/www.mobilier-design-occasion.fr\/magazine\/avis-mathy-by-bols\/\">bois<\/a> massif<\/strong> aux panneaux de particules agglom\u00e9r\u00e9es qui vieillissent mal.<\/p>\n<h2><span class=\"ez-toc-section\" id=\"Lhistorique_du_meuble_une_donnee_souvent_negligee\"><\/span>L\u2019historique du meuble\u00a0: une donn\u00e9e souvent n\u00e9glig\u00e9e<span class=\"ez-toc-section-end\"><\/span><\/h2>\n<p>Renseignez-vous sur la <strong>provenance<\/strong> et la <strong>dur\u00e9e d\u2019utilisation<\/strong> du lit que vous convoitez. Un mod\u00e8le ayant servi bri\u00e8vement dans une famille pr\u00e9sente peu de risques. Tel n\u2019est pas le cas d\u2019un exemplaire malmen\u00e9 durant plusieurs ann\u00e9es. Les <strong>vendeurs transparents<\/strong> constituent votre meilleur alli\u00e9.<\/p>\n<p>En outre, l\u2019absence de <strong>rappels constructeurs<\/strong> m\u00e9rite \u00e9galement votre attention. Consultez les bases de donn\u00e9es officielles pour \u00e9carter les <strong>r\u00e9f\u00e9rences probl\u00e9matiques<\/strong>. En effet, cette pr\u00e9caution simple vous \u00e9vitera bien des d\u00e9sagr\u00e9ments.<\/p>\n<h2><span class=\"ez-toc-section\" id=\"Le_respect_des_dimensions_normees_actuelles\"><\/span>Le respect des dimensions norm\u00e9es actuelles<span class=\"ez-toc-section-end\"><\/span><\/h2>\n<p>Les \u00e9cartements entre barreaux ont fait l\u2019objet de r\u00e9visions r\u00e9glementaires successives. Mesurez cet espacement\u00a0: il doit imp\u00e9rativement se situer entre <strong>4,5<\/strong> et <strong>6,5 centim\u00e8tres<\/strong> pour pr\u00e9venir tout coincement. Les <strong>mod\u00e8les anciens<\/strong> d\u00e9rogent parfois \u00e0 cette prescription.<\/p>\n<p>La <strong>hauteur des parois lat\u00e9rales<\/strong> compte aussi. Un lit trop bas favorise les <strong>chutes nocturnes<\/strong> tandis qu\u2019un mod\u00e8le trop haut complique l\u2019acc\u00e8s.<\/p>\n<\/div>\n\n\n<h3 class=\"wp-block-heading\"><span class=\"ez-toc-section\" id=\"Pourquoi_choisir_un_lit_cabane\"><\/span>Pourquoi choisir un lit cabane ?<span class=\"ez-toc-section-end\"><\/span><\/h3>\n\n\n\n<p><a href=\"http:\/\/www.lelitcabane.fr\">Le lit cabane<\/a> transforme la chambre d&#8217;enfant en un espace magique et ludique. Au-del\u00e0 de son aspect <a href=\"https:\/\/www.mobilier-design-occasion.fr\/magazine\/le-petit-lexique-du-mobilier-design\/\">esth\u00e9tique<\/a>, il stimule l&#8217;imagination, favorise l&#8217;autonomie et fait du <a href=\"https:\/\/www.mobilier-design-occasion.fr\/magazine\/combien-dheures-de-sommeil-pour-mon-enfant\/\">coucher<\/a> un moment agr\u00e9able. Inspir\u00e9 de la p\u00e9dagogie <a href=\"https:\/\/www.mobilier-design-occasion.fr\/magazine\/lit-cabane-montessori\/\">Montessori<\/a>, ce type de lit permet \u00e0 l&#8217;enfant de se coucher et de se lever seul en toute s\u00e9curit\u00e9.<\/p>\n\n\n\n<h2 class=\"wp-block-heading\"><span class=\"ez-toc-section\" id=\"Lit_Cabane_Basic\"><\/span>Lit Cabane Basic<span class=\"ez-toc-section-end\"><\/span><\/h2>\n\n\n\n<p>199\u20ac &#8211; 299\u20ac<\/p>\n\n\n\n<ul class=\"wp-block-list\">\n<li>Structure en <a href=\"https:\/\/www.mobilier-design-occasion.fr\/magazine\/pollution-de-lair-dans-la-chambre-comment-proteger-nos-enfants\/\">bois massif<\/a><\/li>\n\n\n\n<li><a href=\"https:\/\/www.mobilier-design-occasion.fr\/magazine\/table-tulipe-knoll-indemodable-du-design\/\">Design<\/a> simple et \u00e9pur\u00e9<\/li>\n\n\n\n<li>Dimensions standard 90x190cm<\/li>\n\n\n\n<li>Hauteur basse (s\u00e9curit\u00e9)<\/li>\n\n\n\n<li>Sans barri\u00e8res de protection<\/li>\n\n\n\n<li>Sans tiroirs de <a href=\"https:\/\/www.mobilier-design-occasion.fr\/magazine\/decouvrez-le-cabinet-vintage-pour-exposer-vos-plus-belles-collections\/\">rangement<\/a><\/li>\n\n\n\n<li>Sans personnalisation<\/li>\n<\/ul>\n\n\n\n<p><strong>Recommand\u00e9<\/strong><\/p>\n\n\n\n<h2 class=\"wp-block-heading\"><span class=\"ez-toc-section\" id=\"Lit_Cabane_Premium\"><\/span>Lit Cabane Premium<span class=\"ez-toc-section-end\"><\/span><\/h2>\n\n\n\n<p>399\u20ac &#8211; 599\u20ac<\/p>\n\n\n\n<ul class=\"wp-block-list\">\n<li>Bois massif haute qualit\u00e9<\/li>\n\n\n\n<li>Design \u00e9labor\u00e9 avec toit<\/li>\n\n\n\n<li>Barri\u00e8res de s\u00e9curit\u00e9 incluses<\/li>\n\n\n\n<li>Finitions soign\u00e9es<\/li>\n\n\n\n<li>Options de personnalisation<\/li>\n\n\n\n<li>Rangements int\u00e9gr\u00e9s<\/li>\n\n\n\n<li>Plusieurs coloris disponibles<\/li>\n<\/ul>\n\n\n\n<h2 class=\"wp-block-heading\"><span class=\"ez-toc-section\" id=\"Lit_Cabane_Deluxe\"><\/span>Lit Cabane Deluxe<span class=\"ez-toc-section-end\"><\/span><\/h2>\n\n\n\n<p>649\u20ac &#8211; 899\u20ac<\/p>\n\n\n\n<ul class=\"wp-block-list\">\n<li>Bois massif premium<\/li>\n\n\n\n<li>Design architectural unique<\/li>\n\n\n\n<li>Tiroirs et espaces de rangement<\/li>\n\n\n\n<li>Accessoires inclus (rideaux, guirlandes)<\/li>\n\n\n\n<li>Personnalisation compl\u00e8te<\/li>\n\n\n\n<li>Option <a href=\"https:\/\/www.mobilier-design-occasion.fr\/magazine\/le-lit-cabane-tendance-notre-selection\/\">lit superpos\u00e9<\/a><\/li>\n\n\n\n<li>Garantie \u00e9tendue<\/li>\n<\/ul>\n\n\n\n<h3 class=\"wp-block-heading\"><span class=\"ez-toc-section\" id=\"Criteres_de_selection\"><\/span>Crit\u00e8res de s\u00e9lection<span class=\"ez-toc-section-end\"><\/span><\/h3>\n\n\n\n<p><strong>S\u00e9curit\u00e9 :<\/strong>&nbsp;V\u00e9rifiez la stabilit\u00e9 de la structure, la qualit\u00e9 du bois et la pr\u00e9sence de barri\u00e8res.<br><br><strong>Mat\u00e9riaux :<\/strong>&nbsp;Privil\u00e9giez le bois massif (pin, h\u00eatre) avec des finitions non toxiques.<br><br><strong>Dimensions :<\/strong>&nbsp;Assurez-vous que le lit correspond \u00e0 l&#8217;\u00e2ge de votre enfant et \u00e0 l&#8217;espace disponible.<br><br><strong>\u00c9volutivit\u00e9 :<\/strong>&nbsp;Certains mod\u00e8les s&#8217;adaptent \u00e0 la croissance de l&#8217;enfant.<\/p>\n","protected":false},"excerpt":{"rendered":"<p>De nombreux parents qui souhaitent meubler la chambre de leurs enfants sans compromettre leur budget sont attir\u00e9s par le march\u00e9 de l\u2019occasion. Les lits pour enfants y tiennent une position privil\u00e9gi\u00e9e, entre \u00e9conomies consid\u00e9rables et approche \u00e9cologique. La solidit\u00e9 structurelle\u00a0: un examen m\u00e9ticuleux s\u2019impose V\u00e9rifiez syst\u00e9matiquement l\u2019\u00e9tat des fixations, des vis et des assemblages avant [&hellip;]<\/p>\n","protected":false},"author":2,"featured_media":8577,"comment_status":"open","ping_status":"open","sticky":false,"template":"","format":"standard","meta":{"footnotes":""},"categories":[125],"tags":[],"class_list":["post-8575","post","type-post","status-publish","format-standard","has-post-thumbnail","hentry","category-chambre-enfant"],"yoast_head":"<!-- This site is optimized with the Yoast SEO plugin v27.5 - https:\/\/yoast.com\/product\/yoast-seo-wordpress\/ -->\n<title>Achat de lits pour enfants en occasion\u00a0: 3 crit\u00e8res pour un choix r\u00e9ussi<\/title>\n<meta name=\"description\" content=\"Vous souhaitez acheter un lit en occasion pour votre enfant ? D\u00e9couvrez ici 3 crit\u00e8res objectifs \u00e0 prendre en compte pour faire le meilleur choix possible\" \/>\n<meta name=\"robots\" content=\"index, follow, max-snippet:-1, max-image-preview:large, max-video-preview:-1\" \/>\n<link rel=\"canonical\" href=\"https:\/\/www.mobilier-design-occasion.fr\/magazine\/achat-de-lits-pour-enfants-en-occasion-3-criteres-objectifs-pour-un-choix-reussi\/\" \/>\n<meta property=\"og:locale\" content=\"fr_FR\" \/>\n<meta property=\"og:type\" content=\"article\" \/>\n<meta property=\"og:title\" content=\"Achat de lits pour enfants en occasion\u00a0: 3 crit\u00e8res pour un choix r\u00e9ussi\" \/>\n<meta property=\"og:description\" content=\"Vous souhaitez acheter un lit en occasion pour votre enfant ? D\u00e9couvrez ici 3 crit\u00e8res objectifs \u00e0 prendre en compte pour faire le meilleur choix possible\" \/>\n<meta property=\"og:url\" content=\"https:\/\/www.mobilier-design-occasion.fr\/magazine\/achat-de-lits-pour-enfants-en-occasion-3-criteres-objectifs-pour-un-choix-reussi\/\" \/>\n<meta property=\"og:site_name\" content=\"Mobilier Design Magazine\" \/>\n<meta property=\"article:publisher\" content=\"https:\/\/www.facebook.com\/mobilierdesignoccasion\" \/>\n<meta property=\"article:published_time\" content=\"2025-11-09T18:50:11+00:00\" \/>\n<meta property=\"article:modified_time\" content=\"2025-11-10T14:31:51+00:00\" \/>\n<meta property=\"og:image\" content=\"https:\/\/www.mobilier-design-occasion.fr\/magazine\/wp-content\/uploads\/2025\/11\/6d2a5e5d09eedee0dfba2c8263e65122.jpeg\" \/>\n\t<meta property=\"og:image:width\" content=\"848\" \/>\n\t<meta property=\"og:image:height\" content=\"565\" \/>\n\t<meta property=\"og:image:type\" content=\"image\/jpeg\" \/>\n<meta name=\"author\" content=\"Vincent Vandegans\" \/>\n<meta name=\"twitter:card\" content=\"summary_large_image\" \/>\n<meta name=\"twitter:label1\" content=\"\u00c9crit par\" \/>\n\t<meta name=\"twitter:data1\" content=\"Vincent Vandegans\" \/>\n\t<meta name=\"twitter:label2\" content=\"Dur\u00e9e de lecture estim\u00e9e\" \/>\n\t<meta name=\"twitter:data2\" content=\"3 minutes\" \/>\n<script type=\"application\/ld+json\" class=\"yoast-schema-graph\">{\"@context\":\"https:\\\/\\\/schema.org\",\"@graph\":[{\"@type\":\"Article\",\"@id\":\"https:\\\/\\\/www.mobilier-design-occasion.fr\\\/magazine\\\/achat-de-lits-pour-enfants-en-occasion-3-criteres-objectifs-pour-un-choix-reussi\\\/#article\",\"isPartOf\":{\"@id\":\"https:\\\/\\\/www.mobilier-design-occasion.fr\\\/magazine\\\/achat-de-lits-pour-enfants-en-occasion-3-criteres-objectifs-pour-un-choix-reussi\\\/\"},\"author\":{\"name\":\"Vincent Vandegans\",\"@id\":\"https:\\\/\\\/www.mobilier-design-occasion.fr\\\/magazine\\\/#\\\/schema\\\/person\\\/af895bedc80bfb6b17730a672fddac9e\"},\"headline\":\"Achat de lits pour enfants en occasion\u00a0: 3 crit\u00e8res objectifs pour un choix r\u00e9ussi\",\"datePublished\":\"2025-11-09T18:50:11+00:00\",\"dateModified\":\"2025-11-10T14:31:51+00:00\",\"mainEntityOfPage\":{\"@id\":\"https:\\\/\\\/www.mobilier-design-occasion.fr\\\/magazine\\\/achat-de-lits-pour-enfants-en-occasion-3-criteres-objectifs-pour-un-choix-reussi\\\/\"},\"wordCount\":577,\"commentCount\":0,\"publisher\":{\"@id\":\"https:\\\/\\\/www.mobilier-design-occasion.fr\\\/magazine\\\/#organization\"},\"image\":{\"@id\":\"https:\\\/\\\/www.mobilier-design-occasion.fr\\\/magazine\\\/achat-de-lits-pour-enfants-en-occasion-3-criteres-objectifs-pour-un-choix-reussi\\\/#primaryimage\"},\"thumbnailUrl\":\"https:\\\/\\\/www.mobilier-design-occasion.fr\\\/magazine\\\/wp-content\\\/uploads\\\/2025\\\/11\\\/6d2a5e5d09eedee0dfba2c8263e65122.jpeg\",\"articleSection\":[\"Chambre enfant\"],\"inLanguage\":\"fr-FR\",\"potentialAction\":[{\"@type\":\"CommentAction\",\"name\":\"Comment\",\"target\":[\"https:\\\/\\\/www.mobilier-design-occasion.fr\\\/magazine\\\/achat-de-lits-pour-enfants-en-occasion-3-criteres-objectifs-pour-un-choix-reussi\\\/#respond\"]}]},{\"@type\":\"WebPage\",\"@id\":\"https:\\\/\\\/www.mobilier-design-occasion.fr\\\/magazine\\\/achat-de-lits-pour-enfants-en-occasion-3-criteres-objectifs-pour-un-choix-reussi\\\/\",\"url\":\"https:\\\/\\\/www.mobilier-design-occasion.fr\\\/magazine\\\/achat-de-lits-pour-enfants-en-occasion-3-criteres-objectifs-pour-un-choix-reussi\\\/\",\"name\":\"Achat de lits pour enfants en occasion\u00a0: 3 crit\u00e8res pour un choix r\u00e9ussi\",\"isPartOf\":{\"@id\":\"https:\\\/\\\/www.mobilier-design-occasion.fr\\\/magazine\\\/#website\"},\"primaryImageOfPage\":{\"@id\":\"https:\\\/\\\/www.mobilier-design-occasion.fr\\\/magazine\\\/achat-de-lits-pour-enfants-en-occasion-3-criteres-objectifs-pour-un-choix-reussi\\\/#primaryimage\"},\"image\":{\"@id\":\"https:\\\/\\\/www.mobilier-design-occasion.fr\\\/magazine\\\/achat-de-lits-pour-enfants-en-occasion-3-criteres-objectifs-pour-un-choix-reussi\\\/#primaryimage\"},\"thumbnailUrl\":\"https:\\\/\\\/www.mobilier-design-occasion.fr\\\/magazine\\\/wp-content\\\/uploads\\\/2025\\\/11\\\/6d2a5e5d09eedee0dfba2c8263e65122.jpeg\",\"datePublished\":\"2025-11-09T18:50:11+00:00\",\"dateModified\":\"2025-11-10T14:31:51+00:00\",\"description\":\"Vous souhaitez acheter un lit en occasion pour votre enfant ? D\u00e9couvrez ici 3 crit\u00e8res objectifs \u00e0 prendre en compte pour faire le meilleur choix possible\",\"breadcrumb\":{\"@id\":\"https:\\\/\\\/www.mobilier-design-occasion.fr\\\/magazine\\\/achat-de-lits-pour-enfants-en-occasion-3-criteres-objectifs-pour-un-choix-reussi\\\/#breadcrumb\"},\"inLanguage\":\"fr-FR\",\"potentialAction\":[{\"@type\":\"ReadAction\",\"target\":[\"https:\\\/\\\/www.mobilier-design-occasion.fr\\\/magazine\\\/achat-de-lits-pour-enfants-en-occasion-3-criteres-objectifs-pour-un-choix-reussi\\\/\"]}]},{\"@type\":\"ImageObject\",\"inLanguage\":\"fr-FR\",\"@id\":\"https:\\\/\\\/www.mobilier-design-occasion.fr\\\/magazine\\\/achat-de-lits-pour-enfants-en-occasion-3-criteres-objectifs-pour-un-choix-reussi\\\/#primaryimage\",\"url\":\"https:\\\/\\\/www.mobilier-design-occasion.fr\\\/magazine\\\/wp-content\\\/uploads\\\/2025\\\/11\\\/6d2a5e5d09eedee0dfba2c8263e65122.jpeg\",\"contentUrl\":\"https:\\\/\\\/www.mobilier-design-occasion.fr\\\/magazine\\\/wp-content\\\/uploads\\\/2025\\\/11\\\/6d2a5e5d09eedee0dfba2c8263e65122.jpeg\",\"width\":848,\"height\":565},{\"@type\":\"BreadcrumbList\",\"@id\":\"https:\\\/\\\/www.mobilier-design-occasion.fr\\\/magazine\\\/achat-de-lits-pour-enfants-en-occasion-3-criteres-objectifs-pour-un-choix-reussi\\\/#breadcrumb\",\"itemListElement\":[{\"@type\":\"ListItem\",\"position\":1,\"name\":\"Accueil\",\"item\":\"https:\\\/\\\/www.mobilier-design-occasion.fr\\\/magazine\\\/\"},{\"@type\":\"ListItem\",\"position\":2,\"name\":\"Achat de lits pour enfants en occasion\u00a0: 3 crit\u00e8res objectifs pour un choix r\u00e9ussi\"}]},{\"@type\":\"WebSite\",\"@id\":\"https:\\\/\\\/www.mobilier-design-occasion.fr\\\/magazine\\\/#website\",\"url\":\"https:\\\/\\\/www.mobilier-design-occasion.fr\\\/magazine\\\/\",\"name\":\"Mobilier Design Magazine\",\"description\":\"\",\"publisher\":{\"@id\":\"https:\\\/\\\/www.mobilier-design-occasion.fr\\\/magazine\\\/#organization\"},\"potentialAction\":[{\"@type\":\"SearchAction\",\"target\":{\"@type\":\"EntryPoint\",\"urlTemplate\":\"https:\\\/\\\/www.mobilier-design-occasion.fr\\\/magazine\\\/?s={search_term_string}\"},\"query-input\":{\"@type\":\"PropertyValueSpecification\",\"valueRequired\":true,\"valueName\":\"search_term_string\"}}],\"inLanguage\":\"fr-FR\"},{\"@type\":\"Organization\",\"@id\":\"https:\\\/\\\/www.mobilier-design-occasion.fr\\\/magazine\\\/#organization\",\"name\":\"Mobilier Design Magazine\",\"url\":\"https:\\\/\\\/www.mobilier-design-occasion.fr\\\/magazine\\\/\",\"logo\":{\"@type\":\"ImageObject\",\"inLanguage\":\"fr-FR\",\"@id\":\"https:\\\/\\\/www.mobilier-design-occasion.fr\\\/magazine\\\/#\\\/schema\\\/logo\\\/image\\\/\",\"url\":\"https:\\\/\\\/www.mobilier-design-occasion.fr\\\/magazine\\\/wp-content\\\/uploads\\\/2024\\\/02\\\/android-chrome-192x192-1.png\",\"contentUrl\":\"https:\\\/\\\/www.mobilier-design-occasion.fr\\\/magazine\\\/wp-content\\\/uploads\\\/2024\\\/02\\\/android-chrome-192x192-1.png\",\"width\":192,\"height\":192,\"caption\":\"Mobilier Design Magazine\"},\"image\":{\"@id\":\"https:\\\/\\\/www.mobilier-design-occasion.fr\\\/magazine\\\/#\\\/schema\\\/logo\\\/image\\\/\"},\"sameAs\":[\"https:\\\/\\\/www.facebook.com\\\/mobilierdesignoccasion\"]},{\"@type\":\"Person\",\"@id\":\"https:\\\/\\\/www.mobilier-design-occasion.fr\\\/magazine\\\/#\\\/schema\\\/person\\\/af895bedc80bfb6b17730a672fddac9e\",\"name\":\"Vincent Vandegans\",\"image\":{\"@type\":\"ImageObject\",\"inLanguage\":\"fr-FR\",\"@id\":\"https:\\\/\\\/secure.gravatar.com\\\/avatar\\\/b984800dabdf722d5e3f03f637c8932dea77d81118467d17ad2953e3b273ec66?s=96&d=mm&r=g\",\"url\":\"https:\\\/\\\/secure.gravatar.com\\\/avatar\\\/b984800dabdf722d5e3f03f637c8932dea77d81118467d17ad2953e3b273ec66?s=96&d=mm&r=g\",\"contentUrl\":\"https:\\\/\\\/secure.gravatar.com\\\/avatar\\\/b984800dabdf722d5e3f03f637c8932dea77d81118467d17ad2953e3b273ec66?s=96&d=mm&r=g\",\"caption\":\"Vincent Vandegans\"},\"description\":\"Vincent est passionn\u00e9 par les produits d'occasion, il a ouvert le site MDO avec Cyrielle pour aider les gens \u00e0 trouver du mobilier d'occasion, vintage ou usag\u00e9. Depuis, ils ont \u00e9tendu leurs activit\u00e9s et conseillent tout le monde sur le mobilier d'int\u00e9rieur et d'ext\u00e9rieur au quotidien \u00e0 travers le magazine MDO.\",\"url\":\"https:\\\/\\\/www.mobilier-design-occasion.fr\\\/magazine\\\/author\\\/vincent\\\/\"}]}<\/script>\n<!-- \/ Yoast SEO plugin. -->","yoast_head_json":{"title":"Achat de lits pour enfants en occasion\u00a0: 3 crit\u00e8res pour un choix r\u00e9ussi","description":"Vous souhaitez acheter un lit en occasion pour votre enfant ? D\u00e9couvrez ici 3 crit\u00e8res objectifs \u00e0 prendre en compte pour faire le meilleur choix possible","robots":{"index":"index","follow":"follow","max-snippet":"max-snippet:-1","max-image-preview":"max-image-preview:large","max-video-preview":"max-video-preview:-1"},"canonical":"https:\/\/www.mobilier-design-occasion.fr\/magazine\/achat-de-lits-pour-enfants-en-occasion-3-criteres-objectifs-pour-un-choix-reussi\/","og_locale":"fr_FR","og_type":"article","og_title":"Achat de lits pour enfants en occasion\u00a0: 3 crit\u00e8res pour un choix r\u00e9ussi","og_description":"Vous souhaitez acheter un lit en occasion pour votre enfant ? D\u00e9couvrez ici 3 crit\u00e8res objectifs \u00e0 prendre en compte pour faire le meilleur choix possible","og_url":"https:\/\/www.mobilier-design-occasion.fr\/magazine\/achat-de-lits-pour-enfants-en-occasion-3-criteres-objectifs-pour-un-choix-reussi\/","og_site_name":"Mobilier Design Magazine","article_publisher":"https:\/\/www.facebook.com\/mobilierdesignoccasion","article_published_time":"2025-11-09T18:50:11+00:00","article_modified_time":"2025-11-10T14:31:51+00:00","og_image":[{"width":848,"height":565,"url":"https:\/\/www.mobilier-design-occasion.fr\/magazine\/wp-content\/uploads\/2025\/11\/6d2a5e5d09eedee0dfba2c8263e65122.jpeg","type":"image\/jpeg"}],"author":"Vincent Vandegans","twitter_card":"summary_large_image","twitter_misc":{"\u00c9crit par":"Vincent Vandegans","Dur\u00e9e de lecture estim\u00e9e":"3 minutes"},"schema":{"@context":"https:\/\/schema.org","@graph":[{"@type":"Article","@id":"https:\/\/www.mobilier-design-occasion.fr\/magazine\/achat-de-lits-pour-enfants-en-occasion-3-criteres-objectifs-pour-un-choix-reussi\/#article","isPartOf":{"@id":"https:\/\/www.mobilier-design-occasion.fr\/magazine\/achat-de-lits-pour-enfants-en-occasion-3-criteres-objectifs-pour-un-choix-reussi\/"},"author":{"name":"Vincent Vandegans","@id":"https:\/\/www.mobilier-design-occasion.fr\/magazine\/#\/schema\/person\/af895bedc80bfb6b17730a672fddac9e"},"headline":"Achat de lits pour enfants en occasion\u00a0: 3 crit\u00e8res objectifs pour un choix r\u00e9ussi","datePublished":"2025-11-09T18:50:11+00:00","dateModified":"2025-11-10T14:31:51+00:00","mainEntityOfPage":{"@id":"https:\/\/www.mobilier-design-occasion.fr\/magazine\/achat-de-lits-pour-enfants-en-occasion-3-criteres-objectifs-pour-un-choix-reussi\/"},"wordCount":577,"commentCount":0,"publisher":{"@id":"https:\/\/www.mobilier-design-occasion.fr\/magazine\/#organization"},"image":{"@id":"https:\/\/www.mobilier-design-occasion.fr\/magazine\/achat-de-lits-pour-enfants-en-occasion-3-criteres-objectifs-pour-un-choix-reussi\/#primaryimage"},"thumbnailUrl":"https:\/\/www.mobilier-design-occasion.fr\/magazine\/wp-content\/uploads\/2025\/11\/6d2a5e5d09eedee0dfba2c8263e65122.jpeg","articleSection":["Chambre enfant"],"inLanguage":"fr-FR","potentialAction":[{"@type":"CommentAction","name":"Comment","target":["https:\/\/www.mobilier-design-occasion.fr\/magazine\/achat-de-lits-pour-enfants-en-occasion-3-criteres-objectifs-pour-un-choix-reussi\/#respond"]}]},{"@type":"WebPage","@id":"https:\/\/www.mobilier-design-occasion.fr\/magazine\/achat-de-lits-pour-enfants-en-occasion-3-criteres-objectifs-pour-un-choix-reussi\/","url":"https:\/\/www.mobilier-design-occasion.fr\/magazine\/achat-de-lits-pour-enfants-en-occasion-3-criteres-objectifs-pour-un-choix-reussi\/","name":"Achat de lits pour enfants en occasion\u00a0: 3 crit\u00e8res pour un choix r\u00e9ussi","isPartOf":{"@id":"https:\/\/www.mobilier-design-occasion.fr\/magazine\/#website"},"primaryImageOfPage":{"@id":"https:\/\/www.mobilier-design-occasion.fr\/magazine\/achat-de-lits-pour-enfants-en-occasion-3-criteres-objectifs-pour-un-choix-reussi\/#primaryimage"},"image":{"@id":"https:\/\/www.mobilier-design-occasion.fr\/magazine\/achat-de-lits-pour-enfants-en-occasion-3-criteres-objectifs-pour-un-choix-reussi\/#primaryimage"},"thumbnailUrl":"https:\/\/www.mobilier-design-occasion.fr\/magazine\/wp-content\/uploads\/2025\/11\/6d2a5e5d09eedee0dfba2c8263e65122.jpeg","datePublished":"2025-11-09T18:50:11+00:00","dateModified":"2025-11-10T14:31:51+00:00","description":"Vous souhaitez acheter un lit en occasion pour votre enfant ? D\u00e9couvrez ici 3 crit\u00e8res objectifs \u00e0 prendre en compte pour faire le meilleur choix possible","breadcrumb":{"@id":"https:\/\/www.mobilier-design-occasion.fr\/magazine\/achat-de-lits-pour-enfants-en-occasion-3-criteres-objectifs-pour-un-choix-reussi\/#breadcrumb"},"inLanguage":"fr-FR","potentialAction":[{"@type":"ReadAction","target":["https:\/\/www.mobilier-design-occasion.fr\/magazine\/achat-de-lits-pour-enfants-en-occasion-3-criteres-objectifs-pour-un-choix-reussi\/"]}]},{"@type":"ImageObject","inLanguage":"fr-FR","@id":"https:\/\/www.mobilier-design-occasion.fr\/magazine\/achat-de-lits-pour-enfants-en-occasion-3-criteres-objectifs-pour-un-choix-reussi\/#primaryimage","url":"https:\/\/www.mobilier-design-occasion.fr\/magazine\/wp-content\/uploads\/2025\/11\/6d2a5e5d09eedee0dfba2c8263e65122.jpeg","contentUrl":"https:\/\/www.mobilier-design-occasion.fr\/magazine\/wp-content\/uploads\/2025\/11\/6d2a5e5d09eedee0dfba2c8263e65122.jpeg","width":848,"height":565},{"@type":"BreadcrumbList","@id":"https:\/\/www.mobilier-design-occasion.fr\/magazine\/achat-de-lits-pour-enfants-en-occasion-3-criteres-objectifs-pour-un-choix-reussi\/#breadcrumb","itemListElement":[{"@type":"ListItem","position":1,"name":"Accueil","item":"https:\/\/www.mobilier-design-occasion.fr\/magazine\/"},{"@type":"ListItem","position":2,"name":"Achat de lits pour enfants en occasion\u00a0: 3 crit\u00e8res objectifs pour un choix r\u00e9ussi"}]},{"@type":"WebSite","@id":"https:\/\/www.mobilier-design-occasion.fr\/magazine\/#website","url":"https:\/\/www.mobilier-design-occasion.fr\/magazine\/","name":"Mobilier Design Magazine","description":"","publisher":{"@id":"https:\/\/www.mobilier-design-occasion.fr\/magazine\/#organization"},"potentialAction":[{"@type":"SearchAction","target":{"@type":"EntryPoint","urlTemplate":"https:\/\/www.mobilier-design-occasion.fr\/magazine\/?s={search_term_string}"},"query-input":{"@type":"PropertyValueSpecification","valueRequired":true,"valueName":"search_term_string"}}],"inLanguage":"fr-FR"},{"@type":"Organization","@id":"https:\/\/www.mobilier-design-occasion.fr\/magazine\/#organization","name":"Mobilier Design Magazine","url":"https:\/\/www.mobilier-design-occasion.fr\/magazine\/","logo":{"@type":"ImageObject","inLanguage":"fr-FR","@id":"https:\/\/www.mobilier-design-occasion.fr\/magazine\/#\/schema\/logo\/image\/","url":"https:\/\/www.mobilier-design-occasion.fr\/magazine\/wp-content\/uploads\/2024\/02\/android-chrome-192x192-1.png","contentUrl":"https:\/\/www.mobilier-design-occasion.fr\/magazine\/wp-content\/uploads\/2024\/02\/android-chrome-192x192-1.png","width":192,"height":192,"caption":"Mobilier Design Magazine"},"image":{"@id":"https:\/\/www.mobilier-design-occasion.fr\/magazine\/#\/schema\/logo\/image\/"},"sameAs":["https:\/\/www.facebook.com\/mobilierdesignoccasion"]},{"@type":"Person","@id":"https:\/\/www.mobilier-design-occasion.fr\/magazine\/#\/schema\/person\/af895bedc80bfb6b17730a672fddac9e","name":"Vincent Vandegans","image":{"@type":"ImageObject","inLanguage":"fr-FR","@id":"https:\/\/secure.gravatar.com\/avatar\/b984800dabdf722d5e3f03f637c8932dea77d81118467d17ad2953e3b273ec66?s=96&d=mm&r=g","url":"https:\/\/secure.gravatar.com\/avatar\/b984800dabdf722d5e3f03f637c8932dea77d81118467d17ad2953e3b273ec66?s=96&d=mm&r=g","contentUrl":"https:\/\/secure.gravatar.com\/avatar\/b984800dabdf722d5e3f03f637c8932dea77d81118467d17ad2953e3b273ec66?s=96&d=mm&r=g","caption":"Vincent Vandegans"},"description":"Vincent est passionn\u00e9 par les produits d'occasion, il a ouvert le site MDO avec Cyrielle pour aider les gens \u00e0 trouver du mobilier d'occasion, vintage ou usag\u00e9. Depuis, ils ont \u00e9tendu leurs activit\u00e9s et conseillent tout le monde sur le mobilier d'int\u00e9rieur et d'ext\u00e9rieur au quotidien \u00e0 travers le magazine MDO.","url":"https:\/\/www.mobilier-design-occasion.fr\/magazine\/author\/vincent\/"}]}},"_links":{"self":[{"href":"https:\/\/www.mobilier-design-occasion.fr\/magazine\/wp-json\/wp\/v2\/posts\/8575","targetHints":{"allow":["GET"]}}],"collection":[{"href":"https:\/\/www.mobilier-design-occasion.fr\/magazine\/wp-json\/wp\/v2\/posts"}],"about":[{"href":"https:\/\/www.mobilier-design-occasion.fr\/magazine\/wp-json\/wp\/v2\/types\/post"}],"author":[{"embeddable":true,"href":"https:\/\/www.mobilier-design-occasion.fr\/magazine\/wp-json\/wp\/v2\/users\/2"}],"replies":[{"embeddable":true,"href":"https:\/\/www.mobilier-design-occasion.fr\/magazine\/wp-json\/wp\/v2\/comments?post=8575"}],"version-history":[{"count":2,"href":"https:\/\/www.mobilier-design-occasion.fr\/magazine\/wp-json\/wp\/v2\/posts\/8575\/revisions"}],"predecessor-version":[{"id":8580,"href":"https:\/\/www.mobilier-design-occasion.fr\/magazine\/wp-json\/wp\/v2\/posts\/8575\/revisions\/8580"}],"wp:featuredmedia":[{"embeddable":true,"href":"https:\/\/www.mobilier-design-occasion.fr\/magazine\/wp-json\/wp\/v2\/media\/8577"}],"wp:attachment":[{"href":"https:\/\/www.mobilier-design-occasion.fr\/magazine\/wp-json\/wp\/v2\/media?parent=8575"}],"wp:term":[{"taxonomy":"category","embeddable":true,"href":"https:\/\/www.mobilier-design-occasion.fr\/magazine\/wp-json\/wp\/v2\/categories?post=8575"},{"taxonomy":"post_tag","embeddable":true,"href":"https:\/\/www.mobilier-design-occasion.fr\/magazine\/wp-json\/wp\/v2\/tags?post=8575"}],"curies":[{"name":"wp","href":"https:\/\/api.w.org\/{rel}","templated":true}]}}