{"id":8558,"date":"2025-10-24T14:23:44","date_gmt":"2025-10-24T14:23:44","guid":{"rendered":"https:\/\/www.mobilier-design-occasion.fr\/magazine\/?p=8558"},"modified":"2025-10-24T14:24:14","modified_gmt":"2025-10-24T14:24:14","slug":"quand-lexterieur-devient-une-extension-du-salon-lart-de-recevoir-sous-les-etoiles","status":"publish","type":"post","link":"https:\/\/www.mobilier-design-occasion.fr\/magazine\/quand-lexterieur-devient-une-extension-du-salon-lart-de-recevoir-sous-les-etoiles\/","title":{"rendered":"Quand l\u2019ext\u00e9rieur devient une extension du salon : l&#8217;art de recevoir sous les \u00e9toiles"},"content":{"rendered":"\n<p>Profiter de son ext\u00e9rieur n\u2019est plus r\u00e9serv\u00e9 aux beaux jours, c\u2019est devenu un v\u00e9ritable art de vivre. Votre terrasse ou votre jardin peut aujourd\u2019hui se transformer en une pi\u00e8ce \u00e0 part enti\u00e8re, accueillante et \u00e9l\u00e9gante. Les soir\u00e9es d\u2019\u00e9t\u00e9 se prolongent, les repas s\u2019improvisent, et chaque d\u00e9tail compte pour cr\u00e9er une atmosph\u00e8re unique. L\u2019am\u00e9nagement, la lumi\u00e8re et les accessoires refl\u00e8tent d\u00e9sormais votre personnalit\u00e9 autant que votre int\u00e9rieur. C\u2019est dans cette harmonie entre confort et nature que se trouve le secret des plus belles soir\u00e9es en ext\u00e9rieur.<\/p>\n\n\n\n<h2 class=\"wp-block-heading\"><span class=\"ez-toc-section\" id=\"Amenager_un_espace_exterieur_qui_vous_ressemble\"><\/span>Am\u00e9nager un espace ext\u00e9rieur qui vous ressemble<span class=\"ez-toc-section-end\"><\/span><\/h2><div id=\"ez-toc-container\" class=\"ez-toc-v2_0_82_2 counter-hierarchy ez-toc-counter ez-toc-grey ez-toc-container-direction\">\n<div class=\"ez-toc-title-container\">\n<span class=\"ez-toc-title-toggle\"><a href=\"#\" class=\"ez-toc-pull-right ez-toc-btn ez-toc-btn-xs ez-toc-btn-default ez-toc-toggle\" aria-label=\"Toggle Table of Content\"><span class=\"ez-toc-js-icon-con\"><span class=\"\"><span class=\"eztoc-hide\" style=\"display:none;\">Toggle<\/span><span class=\"ez-toc-icon-toggle-span\"><svg style=\"fill: #999;color:#999\" xmlns=\"http:\/\/www.w3.org\/2000\/svg\" class=\"list-377408\" width=\"20px\" height=\"20px\" viewBox=\"0 0 24 24\" fill=\"none\"><path d=\"M6 6H4v2h2V6zm14 0H8v2h12V6zM4 11h2v2H4v-2zm16 0H8v2h12v-2zM4 16h2v2H4v-2zm16 0H8v2h12v-2z\" fill=\"currentColor\"><\/path><\/svg><svg style=\"fill: #999;color:#999\" class=\"arrow-unsorted-368013\" xmlns=\"http:\/\/www.w3.org\/2000\/svg\" width=\"10px\" height=\"10px\" viewBox=\"0 0 24 24\" version=\"1.2\" baseProfile=\"tiny\"><path d=\"M18.2 9.3l-6.2-6.3-6.2 6.3c-.2.2-.3.4-.3.7s.1.5.3.7c.2.2.4.3.7.3h11c.3 0 .5-.1.7-.3.2-.2.3-.5.3-.7s-.1-.5-.3-.7zM5.8 14.7l6.2 6.3 6.2-6.3c.2-.2.3-.5.3-.7s-.1-.5-.3-.7c-.2-.2-.4-.3-.7-.3h-11c-.3 0-.5.1-.7.3-.2.2-.3.5-.3.7s.1.5.3.7z\"\/><\/svg><\/span><\/span><\/span><\/a><\/span><\/div>\n<nav><ul class='ez-toc-list ez-toc-list-level-1 eztoc-toggle-hide-by-default' ><li class='ez-toc-page-1 ez-toc-heading-level-2'><a class=\"ez-toc-link ez-toc-heading-1\" href=\"https:\/\/www.mobilier-design-occasion.fr\/magazine\/quand-lexterieur-devient-une-extension-du-salon-lart-de-recevoir-sous-les-etoiles\/#Amenager_un_espace_exterieur_qui_vous_ressemble\" >Am\u00e9nager un espace ext\u00e9rieur qui vous ressemble<\/a><\/li><li class='ez-toc-page-1 ez-toc-heading-level-2'><a class=\"ez-toc-link ez-toc-heading-2\" href=\"https:\/\/www.mobilier-design-occasion.fr\/magazine\/quand-lexterieur-devient-une-extension-du-salon-lart-de-recevoir-sous-les-etoiles\/#Creer_une_ambiance_lumineuse_et_chaleureuse\" >Cr\u00e9er une ambiance lumineuse et chaleureuse<\/a><\/li><li class='ez-toc-page-1 ez-toc-heading-level-2'><a class=\"ez-toc-link ez-toc-heading-3\" href=\"https:\/\/www.mobilier-design-occasion.fr\/magazine\/quand-lexterieur-devient-une-extension-du-salon-lart-de-recevoir-sous-les-etoiles\/#Inviter_la_nature_a_sublimer_votre_decor\" >Inviter la nature \u00e0 sublimer votre d\u00e9cor<\/a><\/li><li class='ez-toc-page-1 ez-toc-heading-level-2'><a class=\"ez-toc-link ez-toc-heading-4\" href=\"https:\/\/www.mobilier-design-occasion.fr\/magazine\/quand-lexterieur-devient-une-extension-du-salon-lart-de-recevoir-sous-les-etoiles\/#Recevoir_sous_les_etoiles_un_plaisir_simple_et_raffine\" >Recevoir sous les \u00e9toiles, un plaisir simple et raffin\u00e9<\/a><\/li><\/ul><\/nav><\/div>\n\n\n\n\n<p>Cr\u00e9er un coin d\u00e9tente dehors commence par une r\u00e9flexion simple : comment voulez-vous vous y sentir ? Que ce soit pour <strong>lire, recevoir ou simplement respirer<\/strong>, l\u2019espace doit refl\u00e9ter votre style. Un mobilier confortable, des coussins moelleux et des mati\u00e8res naturelles apportent une touche de chaleur imm\u00e9diate. Pensez aussi \u00e0 <strong>d\u00e9limiter les zones<\/strong> avec des tapis d\u2019ext\u00e9rieur ou des plantes pour une ambiance cosy et intime.<\/p>\n\n\n\n<p>L\u2019art de recevoir en plein air passe aussi par le souci du d\u00e9tail. Les <strong>accessoires<\/strong> bien choisis font toute la diff\u00e9rence entre un simple repas dehors et une vraie exp\u00e9rience conviviale. Un cendrier original&nbsp;peut par exemple compl\u00e9ter harmonieusement votre table sans nuire \u00e0 l\u2019esth\u00e9tique du lieu. Il existe de nombreuses id\u00e9es pour <strong>concilier \u00e9l\u00e9gance et praticit\u00e9, <\/strong>vous pouvez d\u2019ailleurs <a href=\"https:\/\/cendrier-factory.fr\/collections\/cendrier-original\">en savoir plus<\/a> sur des mod\u00e8les originaux con\u00e7us sp\u00e9cialement pour l\u2019ext\u00e9rieur. Recevoir sous les \u00e9toiles devient alors un vrai plaisir partag\u00e9, sans compromis entre style et confort.<\/p>\n\n\n\n<h2 class=\"wp-block-heading\"><span class=\"ez-toc-section\" id=\"Creer_une_ambiance_lumineuse_et_chaleureuse\"><\/span>Cr\u00e9er une ambiance lumineuse et chaleureuse<span class=\"ez-toc-section-end\"><\/span><\/h2>\n\n\n\n<p>La <strong>lumi\u00e8re<\/strong> joue un r\u00f4le essentiel dans la <strong>cr\u00e9ation d\u2019une atmosph\u00e8re agr\u00e9able<\/strong>. Elle transforme la terrasse en un cocon apaisant o\u00f9 le temps semble suspendu. Les lanternes solaires sont id\u00e9ales pour diffuser une lueur douce tout en respectant l\u2019environnement. Faciles \u00e0 installer, elles se chargent le jour et offrent le soir une lumi\u00e8re naturelle, sans branchement ni contrainte. Pour d\u00e9couvrir des mod\u00e8les inspirants, <a href=\"https:\/\/www.lanterne-shop.fr\/categorie-produit\/lanterne-solaire\/\">cliquez ici<\/a> et laissez-vous s\u00e9duire par la magie des soir\u00e9es illumin\u00e9es.<\/p>\n\n\n\n<p>Pour un effet encore plus accueillant, combinez plusieurs sources lumineuses selon les zones. Voici quelques id\u00e9es simples :<\/p>\n\n\n\n<ul class=\"wp-block-list\">\n<li>Disposez des <strong>guirlandes<\/strong> autour de la table pour un effet festif.<\/li>\n\n\n\n<li>Installez des <strong>photophores<\/strong> au sol pour d\u00e9limiter un chemin lumineux.<\/li>\n\n\n\n<li>Ajoutez une <strong>lampe d\u2019ext\u00e9rieur<\/strong> pr\u00e8s du canap\u00e9 pour lire sans effort.<\/li>\n\n\n\n<li>Variez les hauteurs de lumi\u00e8re pour donner du relief \u00e0 l\u2019espace.<br>Ces touches cr\u00e9ent un d\u00e9cor vivant et chaleureux, parfait pour prolonger la soir\u00e9e dans une ambiance feutr\u00e9e.<\/li>\n<\/ul>\n\n\n\n<h2 class=\"wp-block-heading\"><span class=\"ez-toc-section\" id=\"Inviter_la_nature_a_sublimer_votre_decor\"><\/span>Inviter la nature \u00e0 sublimer votre d\u00e9cor<span class=\"ez-toc-section-end\"><\/span><\/h2>\n\n\n\n<p>L\u2019ext\u00e9rieur trouve son \u00e9quilibre dans la pr\u00e9sence du v\u00e9g\u00e9tal. Les <strong>plantes<\/strong> structurent l\u2019espace, apaisent le regard et renforcent cette sensation de libert\u00e9. Jouez avec les textures : herbes hautes, fleurs color\u00e9es, petits arbustes, tout participe \u00e0 cr\u00e9er une harmonie visuelle. <strong>M\u00e9langez les pots et les mati\u00e8res <\/strong>pour un rendu plus authentique. L\u2019id\u00e9e n\u2019est pas d\u2019en faire trop, mais de laisser la nature dialoguer avec votre mobilier.<\/p>\n\n\n\n<p>Pour accentuer cette atmosph\u00e8re douce, pr\u00e9f\u00e9rez des mat\u00e9riaux naturels et durables. Le bois, le rotin ou la pierre s\u2019accordent parfaitement avec les plantes et la lumi\u00e8re tamis\u00e9e. Ces \u00e9l\u00e9ments donnent une impression d\u2019unit\u00e9 et de s\u00e9r\u00e9nit\u00e9. Vous pouvez aussi ajouter des touches d\u00e9co comme un tapis d\u2019ext\u00e9rieur ou une fontaine d\u2019appoint. Ces d\u00e9tails transforment votre terrasse en un refuge inspirant, id\u00e9al pour se ressourcer apr\u00e8s une longue journ\u00e9e.<\/p>\n\n\n\n<h2 class=\"wp-block-heading\"><span class=\"ez-toc-section\" id=\"Recevoir_sous_les_etoiles_un_plaisir_simple_et_raffine\"><\/span>Recevoir sous les \u00e9toiles, un plaisir simple et raffin\u00e9<span class=\"ez-toc-section-end\"><\/span><\/h2>\n\n\n\n<p>Partager un repas dehors reste l\u2019un des grands plaisirs de la belle saison. Le secret d\u2019une soir\u00e9e r\u00e9ussie tient souvent \u00e0 la simplicit\u00e9 : <strong>quelques amis, de la bonne musique et une atmosph\u00e8re accueillante<\/strong>. Les petites attentions font toute la diff\u00e9rence : une nappe l\u00e9g\u00e8re, des verres assortis, et pourquoi pas une bougie parfum\u00e9e pour parfumer l\u2019air. C\u2019est cette convivialit\u00e9 spontan\u00e9e qui rend les moments uniques.<\/p>\n\n\n\n<p>Enfin, n\u2019oubliez pas que l\u2019art de vivre en ext\u00e9rieur repose aussi sur le respect de votre environnement. Un <strong>espace propre, bien entretenu et d\u00e9cor\u00e9<\/strong> avec go\u00fbt refl\u00e8te votre sens du partage. Les accessoires comme les lanternes ou les cendriers design y trouvent naturellement leur place, combinant beaut\u00e9 et utilit\u00e9. Cr\u00e9ez un lieu qui vous ressemble, et laissez la magie du plein air op\u00e9rer \u00e0 chaque soir\u00e9e.<\/p>\n","protected":false},"excerpt":{"rendered":"<p>Profiter de son ext\u00e9rieur n\u2019est plus r\u00e9serv\u00e9 aux beaux jours, c\u2019est devenu un v\u00e9ritable art de vivre. Votre terrasse ou votre jardin peut aujourd\u2019hui se transformer en une pi\u00e8ce \u00e0 part enti\u00e8re, accueillante et \u00e9l\u00e9gante. Les soir\u00e9es d\u2019\u00e9t\u00e9 se prolongent, les repas s\u2019improvisent, et chaque d\u00e9tail compte pour cr\u00e9er une atmosph\u00e8re unique. L\u2019am\u00e9nagement, la lumi\u00e8re [&hellip;]<\/p>\n","protected":false},"author":2,"featured_media":8559,"comment_status":"open","ping_status":"open","sticky":false,"template":"","format":"standard","meta":{"footnotes":""},"categories":[124],"tags":[],"class_list":["post-8558","post","type-post","status-publish","format-standard","has-post-thumbnail","hentry","category-exterieur"],"yoast_head":"<!-- This site is optimized with the Yoast SEO plugin v27.5 - https:\/\/yoast.com\/product\/yoast-seo-wordpress\/ -->\n<title>Quand l\u2019ext\u00e9rieur devient une extension du salon : l&#039;art de recevoir sous les \u00e9toiles - Mobilier Design Magazine<\/title>\n<meta name=\"robots\" content=\"index, follow, max-snippet:-1, max-image-preview:large, max-video-preview:-1\" \/>\n<link rel=\"canonical\" href=\"https:\/\/www.mobilier-design-occasion.fr\/magazine\/quand-lexterieur-devient-une-extension-du-salon-lart-de-recevoir-sous-les-etoiles\/\" \/>\n<meta property=\"og:locale\" content=\"fr_FR\" \/>\n<meta property=\"og:type\" content=\"article\" \/>\n<meta property=\"og:title\" content=\"Quand l\u2019ext\u00e9rieur devient une extension du salon : l&#039;art de recevoir sous les \u00e9toiles - Mobilier Design Magazine\" \/>\n<meta property=\"og:description\" content=\"Profiter de son ext\u00e9rieur n\u2019est plus r\u00e9serv\u00e9 aux beaux jours, c\u2019est devenu un v\u00e9ritable art de vivre. Votre terrasse ou votre jardin peut aujourd\u2019hui se transformer en une pi\u00e8ce \u00e0 part enti\u00e8re, accueillante et \u00e9l\u00e9gante. Les soir\u00e9es d\u2019\u00e9t\u00e9 se prolongent, les repas s\u2019improvisent, et chaque d\u00e9tail compte pour cr\u00e9er une atmosph\u00e8re unique. L\u2019am\u00e9nagement, la lumi\u00e8re [&hellip;]\" \/>\n<meta property=\"og:url\" content=\"https:\/\/www.mobilier-design-occasion.fr\/magazine\/quand-lexterieur-devient-une-extension-du-salon-lart-de-recevoir-sous-les-etoiles\/\" \/>\n<meta property=\"og:site_name\" content=\"Mobilier Design Magazine\" \/>\n<meta property=\"article:publisher\" content=\"https:\/\/www.facebook.com\/mobilierdesignoccasion\" \/>\n<meta property=\"article:published_time\" content=\"2025-10-24T14:23:44+00:00\" \/>\n<meta property=\"article:modified_time\" content=\"2025-10-24T14:24:14+00:00\" \/>\n<meta property=\"og:image\" content=\"https:\/\/www.mobilier-design-occasion.fr\/magazine\/wp-content\/uploads\/2025\/10\/68fb70fb67a2e1761308923.jpg\" \/>\n\t<meta property=\"og:image:width\" content=\"1200\" \/>\n\t<meta property=\"og:image:height\" content=\"766\" \/>\n\t<meta property=\"og:image:type\" content=\"image\/jpeg\" \/>\n<meta name=\"author\" content=\"Vincent Vandegans\" \/>\n<meta name=\"twitter:card\" content=\"summary_large_image\" \/>\n<meta name=\"twitter:label1\" content=\"\u00c9crit par\" \/>\n\t<meta name=\"twitter:data1\" content=\"Vincent Vandegans\" \/>\n\t<meta name=\"twitter:label2\" content=\"Dur\u00e9e de lecture estim\u00e9e\" \/>\n\t<meta name=\"twitter:data2\" content=\"4 minutes\" \/>\n<script type=\"application\/ld+json\" class=\"yoast-schema-graph\">{\"@context\":\"https:\\\/\\\/schema.org\",\"@graph\":[{\"@type\":\"Article\",\"@id\":\"https:\\\/\\\/www.mobilier-design-occasion.fr\\\/magazine\\\/quand-lexterieur-devient-une-extension-du-salon-lart-de-recevoir-sous-les-etoiles\\\/#article\",\"isPartOf\":{\"@id\":\"https:\\\/\\\/www.mobilier-design-occasion.fr\\\/magazine\\\/quand-lexterieur-devient-une-extension-du-salon-lart-de-recevoir-sous-les-etoiles\\\/\"},\"author\":{\"name\":\"Vincent Vandegans\",\"@id\":\"https:\\\/\\\/www.mobilier-design-occasion.fr\\\/magazine\\\/#\\\/schema\\\/person\\\/af895bedc80bfb6b17730a672fddac9e\"},\"headline\":\"Quand l\u2019ext\u00e9rieur devient une extension du salon : l&#8217;art de recevoir sous les \u00e9toiles\",\"datePublished\":\"2025-10-24T14:23:44+00:00\",\"dateModified\":\"2025-10-24T14:24:14+00:00\",\"mainEntityOfPage\":{\"@id\":\"https:\\\/\\\/www.mobilier-design-occasion.fr\\\/magazine\\\/quand-lexterieur-devient-une-extension-du-salon-lart-de-recevoir-sous-les-etoiles\\\/\"},\"wordCount\":819,\"commentCount\":0,\"publisher\":{\"@id\":\"https:\\\/\\\/www.mobilier-design-occasion.fr\\\/magazine\\\/#organization\"},\"image\":{\"@id\":\"https:\\\/\\\/www.mobilier-design-occasion.fr\\\/magazine\\\/quand-lexterieur-devient-une-extension-du-salon-lart-de-recevoir-sous-les-etoiles\\\/#primaryimage\"},\"thumbnailUrl\":\"https:\\\/\\\/www.mobilier-design-occasion.fr\\\/magazine\\\/wp-content\\\/uploads\\\/2025\\\/10\\\/68fb70fb67a2e1761308923.jpg\",\"articleSection\":[\"Ext\u00e9rieur\"],\"inLanguage\":\"fr-FR\",\"potentialAction\":[{\"@type\":\"CommentAction\",\"name\":\"Comment\",\"target\":[\"https:\\\/\\\/www.mobilier-design-occasion.fr\\\/magazine\\\/quand-lexterieur-devient-une-extension-du-salon-lart-de-recevoir-sous-les-etoiles\\\/#respond\"]}]},{\"@type\":\"WebPage\",\"@id\":\"https:\\\/\\\/www.mobilier-design-occasion.fr\\\/magazine\\\/quand-lexterieur-devient-une-extension-du-salon-lart-de-recevoir-sous-les-etoiles\\\/\",\"url\":\"https:\\\/\\\/www.mobilier-design-occasion.fr\\\/magazine\\\/quand-lexterieur-devient-une-extension-du-salon-lart-de-recevoir-sous-les-etoiles\\\/\",\"name\":\"Quand l\u2019ext\u00e9rieur devient une extension du salon : l'art de recevoir sous les \u00e9toiles - Mobilier Design Magazine\",\"isPartOf\":{\"@id\":\"https:\\\/\\\/www.mobilier-design-occasion.fr\\\/magazine\\\/#website\"},\"primaryImageOfPage\":{\"@id\":\"https:\\\/\\\/www.mobilier-design-occasion.fr\\\/magazine\\\/quand-lexterieur-devient-une-extension-du-salon-lart-de-recevoir-sous-les-etoiles\\\/#primaryimage\"},\"image\":{\"@id\":\"https:\\\/\\\/www.mobilier-design-occasion.fr\\\/magazine\\\/quand-lexterieur-devient-une-extension-du-salon-lart-de-recevoir-sous-les-etoiles\\\/#primaryimage\"},\"thumbnailUrl\":\"https:\\\/\\\/www.mobilier-design-occasion.fr\\\/magazine\\\/wp-content\\\/uploads\\\/2025\\\/10\\\/68fb70fb67a2e1761308923.jpg\",\"datePublished\":\"2025-10-24T14:23:44+00:00\",\"dateModified\":\"2025-10-24T14:24:14+00:00\",\"breadcrumb\":{\"@id\":\"https:\\\/\\\/www.mobilier-design-occasion.fr\\\/magazine\\\/quand-lexterieur-devient-une-extension-du-salon-lart-de-recevoir-sous-les-etoiles\\\/#breadcrumb\"},\"inLanguage\":\"fr-FR\",\"potentialAction\":[{\"@type\":\"ReadAction\",\"target\":[\"https:\\\/\\\/www.mobilier-design-occasion.fr\\\/magazine\\\/quand-lexterieur-devient-une-extension-du-salon-lart-de-recevoir-sous-les-etoiles\\\/\"]}]},{\"@type\":\"ImageObject\",\"inLanguage\":\"fr-FR\",\"@id\":\"https:\\\/\\\/www.mobilier-design-occasion.fr\\\/magazine\\\/quand-lexterieur-devient-une-extension-du-salon-lart-de-recevoir-sous-les-etoiles\\\/#primaryimage\",\"url\":\"https:\\\/\\\/www.mobilier-design-occasion.fr\\\/magazine\\\/wp-content\\\/uploads\\\/2025\\\/10\\\/68fb70fb67a2e1761308923.jpg\",\"contentUrl\":\"https:\\\/\\\/www.mobilier-design-occasion.fr\\\/magazine\\\/wp-content\\\/uploads\\\/2025\\\/10\\\/68fb70fb67a2e1761308923.jpg\",\"width\":1200,\"height\":766},{\"@type\":\"BreadcrumbList\",\"@id\":\"https:\\\/\\\/www.mobilier-design-occasion.fr\\\/magazine\\\/quand-lexterieur-devient-une-extension-du-salon-lart-de-recevoir-sous-les-etoiles\\\/#breadcrumb\",\"itemListElement\":[{\"@type\":\"ListItem\",\"position\":1,\"name\":\"Accueil\",\"item\":\"https:\\\/\\\/www.mobilier-design-occasion.fr\\\/magazine\\\/\"},{\"@type\":\"ListItem\",\"position\":2,\"name\":\"Quand l\u2019ext\u00e9rieur devient une extension du salon : l&#8217;art de recevoir sous les \u00e9toiles\"}]},{\"@type\":\"WebSite\",\"@id\":\"https:\\\/\\\/www.mobilier-design-occasion.fr\\\/magazine\\\/#website\",\"url\":\"https:\\\/\\\/www.mobilier-design-occasion.fr\\\/magazine\\\/\",\"name\":\"Mobilier Design Magazine\",\"description\":\"\",\"publisher\":{\"@id\":\"https:\\\/\\\/www.mobilier-design-occasion.fr\\\/magazine\\\/#organization\"},\"potentialAction\":[{\"@type\":\"SearchAction\",\"target\":{\"@type\":\"EntryPoint\",\"urlTemplate\":\"https:\\\/\\\/www.mobilier-design-occasion.fr\\\/magazine\\\/?s={search_term_string}\"},\"query-input\":{\"@type\":\"PropertyValueSpecification\",\"valueRequired\":true,\"valueName\":\"search_term_string\"}}],\"inLanguage\":\"fr-FR\"},{\"@type\":\"Organization\",\"@id\":\"https:\\\/\\\/www.mobilier-design-occasion.fr\\\/magazine\\\/#organization\",\"name\":\"Mobilier Design Magazine\",\"url\":\"https:\\\/\\\/www.mobilier-design-occasion.fr\\\/magazine\\\/\",\"logo\":{\"@type\":\"ImageObject\",\"inLanguage\":\"fr-FR\",\"@id\":\"https:\\\/\\\/www.mobilier-design-occasion.fr\\\/magazine\\\/#\\\/schema\\\/logo\\\/image\\\/\",\"url\":\"https:\\\/\\\/www.mobilier-design-occasion.fr\\\/magazine\\\/wp-content\\\/uploads\\\/2024\\\/02\\\/android-chrome-192x192-1.png\",\"contentUrl\":\"https:\\\/\\\/www.mobilier-design-occasion.fr\\\/magazine\\\/wp-content\\\/uploads\\\/2024\\\/02\\\/android-chrome-192x192-1.png\",\"width\":192,\"height\":192,\"caption\":\"Mobilier Design Magazine\"},\"image\":{\"@id\":\"https:\\\/\\\/www.mobilier-design-occasion.fr\\\/magazine\\\/#\\\/schema\\\/logo\\\/image\\\/\"},\"sameAs\":[\"https:\\\/\\\/www.facebook.com\\\/mobilierdesignoccasion\"]},{\"@type\":\"Person\",\"@id\":\"https:\\\/\\\/www.mobilier-design-occasion.fr\\\/magazine\\\/#\\\/schema\\\/person\\\/af895bedc80bfb6b17730a672fddac9e\",\"name\":\"Vincent Vandegans\",\"image\":{\"@type\":\"ImageObject\",\"inLanguage\":\"fr-FR\",\"@id\":\"https:\\\/\\\/secure.gravatar.com\\\/avatar\\\/b984800dabdf722d5e3f03f637c8932dea77d81118467d17ad2953e3b273ec66?s=96&d=mm&r=g\",\"url\":\"https:\\\/\\\/secure.gravatar.com\\\/avatar\\\/b984800dabdf722d5e3f03f637c8932dea77d81118467d17ad2953e3b273ec66?s=96&d=mm&r=g\",\"contentUrl\":\"https:\\\/\\\/secure.gravatar.com\\\/avatar\\\/b984800dabdf722d5e3f03f637c8932dea77d81118467d17ad2953e3b273ec66?s=96&d=mm&r=g\",\"caption\":\"Vincent Vandegans\"},\"description\":\"Vincent est passionn\u00e9 par les produits d'occasion, il a ouvert le site MDO avec Cyrielle pour aider les gens \u00e0 trouver du mobilier d'occasion, vintage ou usag\u00e9. Depuis, ils ont \u00e9tendu leurs activit\u00e9s et conseillent tout le monde sur le mobilier d'int\u00e9rieur et d'ext\u00e9rieur au quotidien \u00e0 travers le magazine MDO.\",\"url\":\"https:\\\/\\\/www.mobilier-design-occasion.fr\\\/magazine\\\/author\\\/vincent\\\/\"}]}<\/script>\n<!-- \/ Yoast SEO plugin. -->","yoast_head_json":{"title":"Quand l\u2019ext\u00e9rieur devient une extension du salon : l'art de recevoir sous les \u00e9toiles - Mobilier Design Magazine","robots":{"index":"index","follow":"follow","max-snippet":"max-snippet:-1","max-image-preview":"max-image-preview:large","max-video-preview":"max-video-preview:-1"},"canonical":"https:\/\/www.mobilier-design-occasion.fr\/magazine\/quand-lexterieur-devient-une-extension-du-salon-lart-de-recevoir-sous-les-etoiles\/","og_locale":"fr_FR","og_type":"article","og_title":"Quand l\u2019ext\u00e9rieur devient une extension du salon : l'art de recevoir sous les \u00e9toiles - Mobilier Design Magazine","og_description":"Profiter de son ext\u00e9rieur n\u2019est plus r\u00e9serv\u00e9 aux beaux jours, c\u2019est devenu un v\u00e9ritable art de vivre. Votre terrasse ou votre jardin peut aujourd\u2019hui se transformer en une pi\u00e8ce \u00e0 part enti\u00e8re, accueillante et \u00e9l\u00e9gante. Les soir\u00e9es d\u2019\u00e9t\u00e9 se prolongent, les repas s\u2019improvisent, et chaque d\u00e9tail compte pour cr\u00e9er une atmosph\u00e8re unique. L\u2019am\u00e9nagement, la lumi\u00e8re [&hellip;]","og_url":"https:\/\/www.mobilier-design-occasion.fr\/magazine\/quand-lexterieur-devient-une-extension-du-salon-lart-de-recevoir-sous-les-etoiles\/","og_site_name":"Mobilier Design Magazine","article_publisher":"https:\/\/www.facebook.com\/mobilierdesignoccasion","article_published_time":"2025-10-24T14:23:44+00:00","article_modified_time":"2025-10-24T14:24:14+00:00","og_image":[{"width":1200,"height":766,"url":"https:\/\/www.mobilier-design-occasion.fr\/magazine\/wp-content\/uploads\/2025\/10\/68fb70fb67a2e1761308923.jpg","type":"image\/jpeg"}],"author":"Vincent Vandegans","twitter_card":"summary_large_image","twitter_misc":{"\u00c9crit par":"Vincent Vandegans","Dur\u00e9e de lecture estim\u00e9e":"4 minutes"},"schema":{"@context":"https:\/\/schema.org","@graph":[{"@type":"Article","@id":"https:\/\/www.mobilier-design-occasion.fr\/magazine\/quand-lexterieur-devient-une-extension-du-salon-lart-de-recevoir-sous-les-etoiles\/#article","isPartOf":{"@id":"https:\/\/www.mobilier-design-occasion.fr\/magazine\/quand-lexterieur-devient-une-extension-du-salon-lart-de-recevoir-sous-les-etoiles\/"},"author":{"name":"Vincent Vandegans","@id":"https:\/\/www.mobilier-design-occasion.fr\/magazine\/#\/schema\/person\/af895bedc80bfb6b17730a672fddac9e"},"headline":"Quand l\u2019ext\u00e9rieur devient une extension du salon : l&#8217;art de recevoir sous les \u00e9toiles","datePublished":"2025-10-24T14:23:44+00:00","dateModified":"2025-10-24T14:24:14+00:00","mainEntityOfPage":{"@id":"https:\/\/www.mobilier-design-occasion.fr\/magazine\/quand-lexterieur-devient-une-extension-du-salon-lart-de-recevoir-sous-les-etoiles\/"},"wordCount":819,"commentCount":0,"publisher":{"@id":"https:\/\/www.mobilier-design-occasion.fr\/magazine\/#organization"},"image":{"@id":"https:\/\/www.mobilier-design-occasion.fr\/magazine\/quand-lexterieur-devient-une-extension-du-salon-lart-de-recevoir-sous-les-etoiles\/#primaryimage"},"thumbnailUrl":"https:\/\/www.mobilier-design-occasion.fr\/magazine\/wp-content\/uploads\/2025\/10\/68fb70fb67a2e1761308923.jpg","articleSection":["Ext\u00e9rieur"],"inLanguage":"fr-FR","potentialAction":[{"@type":"CommentAction","name":"Comment","target":["https:\/\/www.mobilier-design-occasion.fr\/magazine\/quand-lexterieur-devient-une-extension-du-salon-lart-de-recevoir-sous-les-etoiles\/#respond"]}]},{"@type":"WebPage","@id":"https:\/\/www.mobilier-design-occasion.fr\/magazine\/quand-lexterieur-devient-une-extension-du-salon-lart-de-recevoir-sous-les-etoiles\/","url":"https:\/\/www.mobilier-design-occasion.fr\/magazine\/quand-lexterieur-devient-une-extension-du-salon-lart-de-recevoir-sous-les-etoiles\/","name":"Quand l\u2019ext\u00e9rieur devient une extension du salon : l'art de recevoir sous les \u00e9toiles - Mobilier Design Magazine","isPartOf":{"@id":"https:\/\/www.mobilier-design-occasion.fr\/magazine\/#website"},"primaryImageOfPage":{"@id":"https:\/\/www.mobilier-design-occasion.fr\/magazine\/quand-lexterieur-devient-une-extension-du-salon-lart-de-recevoir-sous-les-etoiles\/#primaryimage"},"image":{"@id":"https:\/\/www.mobilier-design-occasion.fr\/magazine\/quand-lexterieur-devient-une-extension-du-salon-lart-de-recevoir-sous-les-etoiles\/#primaryimage"},"thumbnailUrl":"https:\/\/www.mobilier-design-occasion.fr\/magazine\/wp-content\/uploads\/2025\/10\/68fb70fb67a2e1761308923.jpg","datePublished":"2025-10-24T14:23:44+00:00","dateModified":"2025-10-24T14:24:14+00:00","breadcrumb":{"@id":"https:\/\/www.mobilier-design-occasion.fr\/magazine\/quand-lexterieur-devient-une-extension-du-salon-lart-de-recevoir-sous-les-etoiles\/#breadcrumb"},"inLanguage":"fr-FR","potentialAction":[{"@type":"ReadAction","target":["https:\/\/www.mobilier-design-occasion.fr\/magazine\/quand-lexterieur-devient-une-extension-du-salon-lart-de-recevoir-sous-les-etoiles\/"]}]},{"@type":"ImageObject","inLanguage":"fr-FR","@id":"https:\/\/www.mobilier-design-occasion.fr\/magazine\/quand-lexterieur-devient-une-extension-du-salon-lart-de-recevoir-sous-les-etoiles\/#primaryimage","url":"https:\/\/www.mobilier-design-occasion.fr\/magazine\/wp-content\/uploads\/2025\/10\/68fb70fb67a2e1761308923.jpg","contentUrl":"https:\/\/www.mobilier-design-occasion.fr\/magazine\/wp-content\/uploads\/2025\/10\/68fb70fb67a2e1761308923.jpg","width":1200,"height":766},{"@type":"BreadcrumbList","@id":"https:\/\/www.mobilier-design-occasion.fr\/magazine\/quand-lexterieur-devient-une-extension-du-salon-lart-de-recevoir-sous-les-etoiles\/#breadcrumb","itemListElement":[{"@type":"ListItem","position":1,"name":"Accueil","item":"https:\/\/www.mobilier-design-occasion.fr\/magazine\/"},{"@type":"ListItem","position":2,"name":"Quand l\u2019ext\u00e9rieur devient une extension du salon : l&#8217;art de recevoir sous les \u00e9toiles"}]},{"@type":"WebSite","@id":"https:\/\/www.mobilier-design-occasion.fr\/magazine\/#website","url":"https:\/\/www.mobilier-design-occasion.fr\/magazine\/","name":"Mobilier Design Magazine","description":"","publisher":{"@id":"https:\/\/www.mobilier-design-occasion.fr\/magazine\/#organization"},"potentialAction":[{"@type":"SearchAction","target":{"@type":"EntryPoint","urlTemplate":"https:\/\/www.mobilier-design-occasion.fr\/magazine\/?s={search_term_string}"},"query-input":{"@type":"PropertyValueSpecification","valueRequired":true,"valueName":"search_term_string"}}],"inLanguage":"fr-FR"},{"@type":"Organization","@id":"https:\/\/www.mobilier-design-occasion.fr\/magazine\/#organization","name":"Mobilier Design Magazine","url":"https:\/\/www.mobilier-design-occasion.fr\/magazine\/","logo":{"@type":"ImageObject","inLanguage":"fr-FR","@id":"https:\/\/www.mobilier-design-occasion.fr\/magazine\/#\/schema\/logo\/image\/","url":"https:\/\/www.mobilier-design-occasion.fr\/magazine\/wp-content\/uploads\/2024\/02\/android-chrome-192x192-1.png","contentUrl":"https:\/\/www.mobilier-design-occasion.fr\/magazine\/wp-content\/uploads\/2024\/02\/android-chrome-192x192-1.png","width":192,"height":192,"caption":"Mobilier Design Magazine"},"image":{"@id":"https:\/\/www.mobilier-design-occasion.fr\/magazine\/#\/schema\/logo\/image\/"},"sameAs":["https:\/\/www.facebook.com\/mobilierdesignoccasion"]},{"@type":"Person","@id":"https:\/\/www.mobilier-design-occasion.fr\/magazine\/#\/schema\/person\/af895bedc80bfb6b17730a672fddac9e","name":"Vincent Vandegans","image":{"@type":"ImageObject","inLanguage":"fr-FR","@id":"https:\/\/secure.gravatar.com\/avatar\/b984800dabdf722d5e3f03f637c8932dea77d81118467d17ad2953e3b273ec66?s=96&d=mm&r=g","url":"https:\/\/secure.gravatar.com\/avatar\/b984800dabdf722d5e3f03f637c8932dea77d81118467d17ad2953e3b273ec66?s=96&d=mm&r=g","contentUrl":"https:\/\/secure.gravatar.com\/avatar\/b984800dabdf722d5e3f03f637c8932dea77d81118467d17ad2953e3b273ec66?s=96&d=mm&r=g","caption":"Vincent Vandegans"},"description":"Vincent est passionn\u00e9 par les produits d'occasion, il a ouvert le site MDO avec Cyrielle pour aider les gens \u00e0 trouver du mobilier d'occasion, vintage ou usag\u00e9. Depuis, ils ont \u00e9tendu leurs activit\u00e9s et conseillent tout le monde sur le mobilier d'int\u00e9rieur et d'ext\u00e9rieur au quotidien \u00e0 travers le magazine MDO.","url":"https:\/\/www.mobilier-design-occasion.fr\/magazine\/author\/vincent\/"}]}},"_links":{"self":[{"href":"https:\/\/www.mobilier-design-occasion.fr\/magazine\/wp-json\/wp\/v2\/posts\/8558","targetHints":{"allow":["GET"]}}],"collection":[{"href":"https:\/\/www.mobilier-design-occasion.fr\/magazine\/wp-json\/wp\/v2\/posts"}],"about":[{"href":"https:\/\/www.mobilier-design-occasion.fr\/magazine\/wp-json\/wp\/v2\/types\/post"}],"author":[{"embeddable":true,"href":"https:\/\/www.mobilier-design-occasion.fr\/magazine\/wp-json\/wp\/v2\/users\/2"}],"replies":[{"embeddable":true,"href":"https:\/\/www.mobilier-design-occasion.fr\/magazine\/wp-json\/wp\/v2\/comments?post=8558"}],"version-history":[{"count":2,"href":"https:\/\/www.mobilier-design-occasion.fr\/magazine\/wp-json\/wp\/v2\/posts\/8558\/revisions"}],"predecessor-version":[{"id":8561,"href":"https:\/\/www.mobilier-design-occasion.fr\/magazine\/wp-json\/wp\/v2\/posts\/8558\/revisions\/8561"}],"wp:featuredmedia":[{"embeddable":true,"href":"https:\/\/www.mobilier-design-occasion.fr\/magazine\/wp-json\/wp\/v2\/media\/8559"}],"wp:attachment":[{"href":"https:\/\/www.mobilier-design-occasion.fr\/magazine\/wp-json\/wp\/v2\/media?parent=8558"}],"wp:term":[{"taxonomy":"category","embeddable":true,"href":"https:\/\/www.mobilier-design-occasion.fr\/magazine\/wp-json\/wp\/v2\/categories?post=8558"},{"taxonomy":"post_tag","embeddable":true,"href":"https:\/\/www.mobilier-design-occasion.fr\/magazine\/wp-json\/wp\/v2\/tags?post=8558"}],"curies":[{"name":"wp","href":"https:\/\/api.w.org\/{rel}","templated":true}]}}