{"id":8549,"date":"2025-10-15T05:22:39","date_gmt":"2025-10-15T05:22:39","guid":{"rendered":"https:\/\/www.mobilier-design-occasion.fr\/magazine\/comment-bien-choisir-son-plafonnier-selon-la-piece-de-la-maison\/"},"modified":"2025-10-15T05:22:39","modified_gmt":"2025-10-15T05:22:39","slug":"comment-bien-choisir-son-plafonnier-selon-la-piece-de-la-maison","status":"publish","type":"post","link":"https:\/\/www.mobilier-design-occasion.fr\/magazine\/comment-bien-choisir-son-plafonnier-selon-la-piece-de-la-maison\/","title":{"rendered":"Comment bien choisir son plafonnier selon la pi\u00e8ce de la maison\u2009?"},"content":{"rendered":"<div>\n<p>Le plafonnier est \u00e0 la fois un accessoire d\u00e9coratif et un \u00e9l\u00e9ment central de l&#8217;\u00e9clairage et de l\u2019ambiance lumineuse de chaque pi\u00e8ce. Devant la <strong>multitude de mod\u00e8les<\/strong>, de styles et d\u2019options techniques, faire le bon choix peut s\u2019av\u00e9rer complexe. Pourtant, chaque pi\u00e8ce de la maison a des besoins sp\u00e9cifiques en \u00e9clairage. Voici un <strong>guide<\/strong> pour trouver le plafonnier id\u00e9al pour chaque pi\u00e8ce de la maison !<\/p>\n<h2><span class=\"ez-toc-section\" id=\"Lambiance_et_lesthetique_pour_le_salon\"><\/span>L\u2019ambiance et l\u2019esth\u00e9tique pour le salon<span class=\"ez-toc-section-end\"><\/span><\/h2><div id=\"ez-toc-container\" class=\"ez-toc-v2_0_82_2 counter-hierarchy ez-toc-counter ez-toc-grey ez-toc-container-direction\">\n<div class=\"ez-toc-title-container\">\n<span class=\"ez-toc-title-toggle\"><a href=\"#\" class=\"ez-toc-pull-right ez-toc-btn ez-toc-btn-xs ez-toc-btn-default ez-toc-toggle\" aria-label=\"Toggle Table of Content\"><span class=\"ez-toc-js-icon-con\"><span class=\"\"><span class=\"eztoc-hide\" style=\"display:none;\">Toggle<\/span><span class=\"ez-toc-icon-toggle-span\"><svg style=\"fill: #999;color:#999\" xmlns=\"http:\/\/www.w3.org\/2000\/svg\" class=\"list-377408\" width=\"20px\" height=\"20px\" viewBox=\"0 0 24 24\" fill=\"none\"><path d=\"M6 6H4v2h2V6zm14 0H8v2h12V6zM4 11h2v2H4v-2zm16 0H8v2h12v-2zM4 16h2v2H4v-2zm16 0H8v2h12v-2z\" fill=\"currentColor\"><\/path><\/svg><svg style=\"fill: #999;color:#999\" class=\"arrow-unsorted-368013\" xmlns=\"http:\/\/www.w3.org\/2000\/svg\" width=\"10px\" height=\"10px\" viewBox=\"0 0 24 24\" version=\"1.2\" baseProfile=\"tiny\"><path d=\"M18.2 9.3l-6.2-6.3-6.2 6.3c-.2.2-.3.4-.3.7s.1.5.3.7c.2.2.4.3.7.3h11c.3 0 .5-.1.7-.3.2-.2.3-.5.3-.7s-.1-.5-.3-.7zM5.8 14.7l6.2 6.3 6.2-6.3c.2-.2.3-.5.3-.7s-.1-.5-.3-.7c-.2-.2-.4-.3-.7-.3h-11c-.3 0-.5.1-.7.3-.2.2-.3.5-.3.7s.1.5.3.7z\"\/><\/svg><\/span><\/span><\/span><\/a><\/span><\/div>\n<nav><ul class='ez-toc-list ez-toc-list-level-1 eztoc-toggle-hide-by-default' ><li class='ez-toc-page-1 ez-toc-heading-level-2'><a class=\"ez-toc-link ez-toc-heading-1\" href=\"https:\/\/www.mobilier-design-occasion.fr\/magazine\/comment-bien-choisir-son-plafonnier-selon-la-piece-de-la-maison\/#Lambiance_et_lesthetique_pour_le_salon\" >L\u2019ambiance et l\u2019esth\u00e9tique pour le salon<\/a><\/li><li class='ez-toc-page-1 ez-toc-heading-level-2'><a class=\"ez-toc-link ez-toc-heading-2\" href=\"https:\/\/www.mobilier-design-occasion.fr\/magazine\/comment-bien-choisir-son-plafonnier-selon-la-piece-de-la-maison\/#La_douceur_et_le_confort_visuel_pour_la_chambre_a_coucher\" >La douceur et le confort visuel pour la chambre \u00e0 coucher<\/a><\/li><li class='ez-toc-page-1 ez-toc-heading-level-2'><a class=\"ez-toc-link ez-toc-heading-3\" href=\"https:\/\/www.mobilier-design-occasion.fr\/magazine\/comment-bien-choisir-son-plafonnier-selon-la-piece-de-la-maison\/#La_fonctionnalite_et_leclairage_cible_pour_la_cuisine\" >La fonctionnalit\u00e9 et l\u2019\u00e9clairage cibl\u00e9 pour la cuisine<\/a><\/li><\/ul><\/nav><\/div>\n\n<p>Dans le salon, le plafonnier est souvent le <strong>luminaire principal<\/strong>. L\u2019objectif est d\u2019avoir <a href=\"https:\/\/lelumineux.fr\/collections\/plafonnier\">le lumineux<\/a> qui cr\u00e9e une atmosph\u00e8re chaleureuse et modulable. Optez alors pour des mod\u00e8les au design soign\u00e9 comme :<\/p>\n<ul>\n<li>Les spots int\u00e9gr\u00e9s\u2009;<\/li>\n<li>Les formes originales\u2009;<\/li>\n<li>Les finitions m\u00e9talliques ou bois\u00e9es, etc.<\/li>\n<\/ul>\n<p>Ces mod\u00e8les s\u2019int\u00e8grent harmonieusement \u00e0 votre d\u00e9coration. En outre, pensez plut\u00f4t aux luminaires \u00e9quip\u00e9s de <strong>variateurs de lumi\u00e8re<\/strong> ou compatibles avec des ampoules connect\u00e9es. Cela permet d\u2019adapter l\u2019intensit\u00e9 selon l\u2019activit\u00e9 (lecture, soir\u00e9e film, r\u00e9ception).<\/p>\n<h2><span class=\"ez-toc-section\" id=\"La_douceur_et_le_confort_visuel_pour_la_chambre_a_coucher\"><\/span>La douceur et le confort visuel pour la chambre \u00e0 coucher<span class=\"ez-toc-section-end\"><\/span><\/h2>\n<p><img decoding=\"async\" class=\"aligncenter\" src=\"https:\/\/www.mobilier-design-occasion.fr\/magazine\/wp-content\/uploads\/2025\/10\/f66dfa392a9e45bf1d64f1cbc21b01bd.jpeg\" width=\"700\"><\/p>\n<p>Dans la chambre, l\u2019\u00e9clairage doit \u00eatre <strong>doux et reposant<\/strong>. Ainsi, \u00e9vitez les \u00e9clairages trop vifs et privil\u00e9giez une lumi\u00e8re douce et tamis\u00e9e. Un plafonnier avec un diffuseur opaque ou en tissu est id\u00e9al pour une lumi\u00e8re non agressive. En cas de faible hauteur sous le plafond, optez pour un <strong>mod\u00e8le extra-plat<\/strong> pour ne pas alourdir l\u2019espace. Par ailleurs, la couleur de la lumi\u00e8re doit \u00eatre chaude pour favoriser la d\u00e9tente.<\/p>\n<h2><span class=\"ez-toc-section\" id=\"La_fonctionnalite_et_leclairage_cible_pour_la_cuisine\"><\/span>La fonctionnalit\u00e9 et l\u2019\u00e9clairage cibl\u00e9 pour la cuisine<span class=\"ez-toc-section-end\"><\/span><\/h2>\n<p>La cuisine n\u00e9cessite quant \u00e0 elle un \u00e9clairage \u00e0 la fois <strong>puissant et fonctionnel<\/strong>. Il est donc primordial d\u2019avoir une lumi\u00e8re claire et homog\u00e8ne pour cuisiner en toute s\u00e9curit\u00e9. Les plafonniers LED offrent une excellente luminosit\u00e9 et une faible consommation.<\/p>\n<p>Privil\u00e9giez les mod\u00e8les avec un indice de protection (IP) adapt\u00e9 \u00e0 l\u2019humidit\u00e9 et \u00e0 la vapeur (minimum\u00a0IP44). De plus, un <strong>\u00e9clairage cibl\u00e9<\/strong> au-dessus du plan de travail est un atout, souvent assur\u00e9 par des spots orientables ou des r\u00e9glettes int\u00e9gr\u00e9es au plafonnier.<\/p>\n<\/div>\n","protected":false},"excerpt":{"rendered":"<p>Le plafonnier est \u00e0 la fois un accessoire d\u00e9coratif et un \u00e9l\u00e9ment central de l&#8217;\u00e9clairage et de l\u2019ambiance lumineuse de chaque pi\u00e8ce. Devant la multitude de mod\u00e8les, de styles et d\u2019options techniques, faire le bon choix peut s\u2019av\u00e9rer complexe. Pourtant, chaque pi\u00e8ce de la maison a des besoins sp\u00e9cifiques en \u00e9clairage. Voici un guide pour [&hellip;]<\/p>\n","protected":false},"author":2,"featured_media":8552,"comment_status":"open","ping_status":"open","sticky":false,"template":"","format":"standard","meta":{"footnotes":""},"categories":[1],"tags":[],"class_list":["post-8549","post","type-post","status-publish","format-standard","has-post-thumbnail","hentry","category-uncategorized"],"yoast_head":"<!-- This site is optimized with the Yoast SEO plugin v27.5 - https:\/\/yoast.com\/product\/yoast-seo-wordpress\/ -->\n<title>Comment bien choisir son plafonnier selon la pi\u00e8ce de la maison\u2009?<\/title>\n<meta name=\"description\" content=\"Le plafonnier est \u00e0 la fois un luminaire et un objet de d\u00e9coration \u00e0 part enti\u00e8re. D\u00e9couvrez ici les mod\u00e8les \u00e0 choisir pour des pi\u00e8ces de votre domicile !\" \/>\n<meta name=\"robots\" content=\"index, follow, max-snippet:-1, max-image-preview:large, max-video-preview:-1\" \/>\n<link rel=\"canonical\" href=\"https:\/\/www.mobilier-design-occasion.fr\/magazine\/comment-bien-choisir-son-plafonnier-selon-la-piece-de-la-maison\/\" \/>\n<meta property=\"og:locale\" content=\"fr_FR\" \/>\n<meta property=\"og:type\" content=\"article\" \/>\n<meta property=\"og:title\" content=\"Comment bien choisir son plafonnier selon la pi\u00e8ce de la maison\u2009?\" \/>\n<meta property=\"og:description\" content=\"Le plafonnier est \u00e0 la fois un luminaire et un objet de d\u00e9coration \u00e0 part enti\u00e8re. D\u00e9couvrez ici les mod\u00e8les \u00e0 choisir pour des pi\u00e8ces de votre domicile !\" \/>\n<meta property=\"og:url\" content=\"https:\/\/www.mobilier-design-occasion.fr\/magazine\/comment-bien-choisir-son-plafonnier-selon-la-piece-de-la-maison\/\" \/>\n<meta property=\"og:site_name\" content=\"Mobilier Design Magazine\" \/>\n<meta property=\"article:publisher\" content=\"https:\/\/www.facebook.com\/mobilierdesignoccasion\" \/>\n<meta property=\"article:published_time\" content=\"2025-10-15T05:22:39+00:00\" \/>\n<meta property=\"og:image\" content=\"https:\/\/www.mobilier-design-occasion.fr\/magazine\/wp-content\/uploads\/2025\/10\/8fbe6211571aced63dbb95be002e9e32.jpeg\" \/>\n\t<meta property=\"og:image:width\" content=\"848\" \/>\n\t<meta property=\"og:image:height\" content=\"565\" \/>\n\t<meta property=\"og:image:type\" content=\"image\/jpeg\" \/>\n<meta name=\"author\" content=\"Vincent Vandegans\" \/>\n<meta name=\"twitter:card\" content=\"summary_large_image\" \/>\n<meta name=\"twitter:label1\" content=\"\u00c9crit par\" \/>\n\t<meta name=\"twitter:data1\" content=\"Vincent Vandegans\" \/>\n\t<meta name=\"twitter:label2\" content=\"Dur\u00e9e de lecture estim\u00e9e\" \/>\n\t<meta name=\"twitter:data2\" content=\"2 minutes\" \/>\n<script type=\"application\/ld+json\" class=\"yoast-schema-graph\">{\"@context\":\"https:\\\/\\\/schema.org\",\"@graph\":[{\"@type\":\"Article\",\"@id\":\"https:\\\/\\\/www.mobilier-design-occasion.fr\\\/magazine\\\/comment-bien-choisir-son-plafonnier-selon-la-piece-de-la-maison\\\/#article\",\"isPartOf\":{\"@id\":\"https:\\\/\\\/www.mobilier-design-occasion.fr\\\/magazine\\\/comment-bien-choisir-son-plafonnier-selon-la-piece-de-la-maison\\\/\"},\"author\":{\"name\":\"Vincent Vandegans\",\"@id\":\"https:\\\/\\\/www.mobilier-design-occasion.fr\\\/magazine\\\/#\\\/schema\\\/person\\\/af895bedc80bfb6b17730a672fddac9e\"},\"headline\":\"Comment bien choisir son plafonnier selon la pi\u00e8ce de la maison\u2009?\",\"datePublished\":\"2025-10-15T05:22:39+00:00\",\"mainEntityOfPage\":{\"@id\":\"https:\\\/\\\/www.mobilier-design-occasion.fr\\\/magazine\\\/comment-bien-choisir-son-plafonnier-selon-la-piece-de-la-maison\\\/\"},\"wordCount\":385,\"commentCount\":0,\"publisher\":{\"@id\":\"https:\\\/\\\/www.mobilier-design-occasion.fr\\\/magazine\\\/#organization\"},\"image\":{\"@id\":\"https:\\\/\\\/www.mobilier-design-occasion.fr\\\/magazine\\\/comment-bien-choisir-son-plafonnier-selon-la-piece-de-la-maison\\\/#primaryimage\"},\"thumbnailUrl\":\"https:\\\/\\\/www.mobilier-design-occasion.fr\\\/magazine\\\/wp-content\\\/uploads\\\/2025\\\/10\\\/8fbe6211571aced63dbb95be002e9e32.jpeg\",\"articleSection\":[\"Uncategorized\"],\"inLanguage\":\"fr-FR\",\"potentialAction\":[{\"@type\":\"CommentAction\",\"name\":\"Comment\",\"target\":[\"https:\\\/\\\/www.mobilier-design-occasion.fr\\\/magazine\\\/comment-bien-choisir-son-plafonnier-selon-la-piece-de-la-maison\\\/#respond\"]}]},{\"@type\":\"WebPage\",\"@id\":\"https:\\\/\\\/www.mobilier-design-occasion.fr\\\/magazine\\\/comment-bien-choisir-son-plafonnier-selon-la-piece-de-la-maison\\\/\",\"url\":\"https:\\\/\\\/www.mobilier-design-occasion.fr\\\/magazine\\\/comment-bien-choisir-son-plafonnier-selon-la-piece-de-la-maison\\\/\",\"name\":\"Comment bien choisir son plafonnier selon la pi\u00e8ce de la maison\u2009?\",\"isPartOf\":{\"@id\":\"https:\\\/\\\/www.mobilier-design-occasion.fr\\\/magazine\\\/#website\"},\"primaryImageOfPage\":{\"@id\":\"https:\\\/\\\/www.mobilier-design-occasion.fr\\\/magazine\\\/comment-bien-choisir-son-plafonnier-selon-la-piece-de-la-maison\\\/#primaryimage\"},\"image\":{\"@id\":\"https:\\\/\\\/www.mobilier-design-occasion.fr\\\/magazine\\\/comment-bien-choisir-son-plafonnier-selon-la-piece-de-la-maison\\\/#primaryimage\"},\"thumbnailUrl\":\"https:\\\/\\\/www.mobilier-design-occasion.fr\\\/magazine\\\/wp-content\\\/uploads\\\/2025\\\/10\\\/8fbe6211571aced63dbb95be002e9e32.jpeg\",\"datePublished\":\"2025-10-15T05:22:39+00:00\",\"description\":\"Le plafonnier est \u00e0 la fois un luminaire et un objet de d\u00e9coration \u00e0 part enti\u00e8re. D\u00e9couvrez ici les mod\u00e8les \u00e0 choisir pour des pi\u00e8ces de votre domicile !\",\"breadcrumb\":{\"@id\":\"https:\\\/\\\/www.mobilier-design-occasion.fr\\\/magazine\\\/comment-bien-choisir-son-plafonnier-selon-la-piece-de-la-maison\\\/#breadcrumb\"},\"inLanguage\":\"fr-FR\",\"potentialAction\":[{\"@type\":\"ReadAction\",\"target\":[\"https:\\\/\\\/www.mobilier-design-occasion.fr\\\/magazine\\\/comment-bien-choisir-son-plafonnier-selon-la-piece-de-la-maison\\\/\"]}]},{\"@type\":\"ImageObject\",\"inLanguage\":\"fr-FR\",\"@id\":\"https:\\\/\\\/www.mobilier-design-occasion.fr\\\/magazine\\\/comment-bien-choisir-son-plafonnier-selon-la-piece-de-la-maison\\\/#primaryimage\",\"url\":\"https:\\\/\\\/www.mobilier-design-occasion.fr\\\/magazine\\\/wp-content\\\/uploads\\\/2025\\\/10\\\/8fbe6211571aced63dbb95be002e9e32.jpeg\",\"contentUrl\":\"https:\\\/\\\/www.mobilier-design-occasion.fr\\\/magazine\\\/wp-content\\\/uploads\\\/2025\\\/10\\\/8fbe6211571aced63dbb95be002e9e32.jpeg\",\"width\":848,\"height\":565},{\"@type\":\"BreadcrumbList\",\"@id\":\"https:\\\/\\\/www.mobilier-design-occasion.fr\\\/magazine\\\/comment-bien-choisir-son-plafonnier-selon-la-piece-de-la-maison\\\/#breadcrumb\",\"itemListElement\":[{\"@type\":\"ListItem\",\"position\":1,\"name\":\"Accueil\",\"item\":\"https:\\\/\\\/www.mobilier-design-occasion.fr\\\/magazine\\\/\"},{\"@type\":\"ListItem\",\"position\":2,\"name\":\"Comment bien choisir son plafonnier selon la pi\u00e8ce de la maison\u2009?\"}]},{\"@type\":\"WebSite\",\"@id\":\"https:\\\/\\\/www.mobilier-design-occasion.fr\\\/magazine\\\/#website\",\"url\":\"https:\\\/\\\/www.mobilier-design-occasion.fr\\\/magazine\\\/\",\"name\":\"Mobilier Design Magazine\",\"description\":\"\",\"publisher\":{\"@id\":\"https:\\\/\\\/www.mobilier-design-occasion.fr\\\/magazine\\\/#organization\"},\"potentialAction\":[{\"@type\":\"SearchAction\",\"target\":{\"@type\":\"EntryPoint\",\"urlTemplate\":\"https:\\\/\\\/www.mobilier-design-occasion.fr\\\/magazine\\\/?s={search_term_string}\"},\"query-input\":{\"@type\":\"PropertyValueSpecification\",\"valueRequired\":true,\"valueName\":\"search_term_string\"}}],\"inLanguage\":\"fr-FR\"},{\"@type\":\"Organization\",\"@id\":\"https:\\\/\\\/www.mobilier-design-occasion.fr\\\/magazine\\\/#organization\",\"name\":\"Mobilier Design Magazine\",\"url\":\"https:\\\/\\\/www.mobilier-design-occasion.fr\\\/magazine\\\/\",\"logo\":{\"@type\":\"ImageObject\",\"inLanguage\":\"fr-FR\",\"@id\":\"https:\\\/\\\/www.mobilier-design-occasion.fr\\\/magazine\\\/#\\\/schema\\\/logo\\\/image\\\/\",\"url\":\"https:\\\/\\\/www.mobilier-design-occasion.fr\\\/magazine\\\/wp-content\\\/uploads\\\/2024\\\/02\\\/android-chrome-192x192-1.png\",\"contentUrl\":\"https:\\\/\\\/www.mobilier-design-occasion.fr\\\/magazine\\\/wp-content\\\/uploads\\\/2024\\\/02\\\/android-chrome-192x192-1.png\",\"width\":192,\"height\":192,\"caption\":\"Mobilier Design Magazine\"},\"image\":{\"@id\":\"https:\\\/\\\/www.mobilier-design-occasion.fr\\\/magazine\\\/#\\\/schema\\\/logo\\\/image\\\/\"},\"sameAs\":[\"https:\\\/\\\/www.facebook.com\\\/mobilierdesignoccasion\"]},{\"@type\":\"Person\",\"@id\":\"https:\\\/\\\/www.mobilier-design-occasion.fr\\\/magazine\\\/#\\\/schema\\\/person\\\/af895bedc80bfb6b17730a672fddac9e\",\"name\":\"Vincent Vandegans\",\"image\":{\"@type\":\"ImageObject\",\"inLanguage\":\"fr-FR\",\"@id\":\"https:\\\/\\\/secure.gravatar.com\\\/avatar\\\/b984800dabdf722d5e3f03f637c8932dea77d81118467d17ad2953e3b273ec66?s=96&d=mm&r=g\",\"url\":\"https:\\\/\\\/secure.gravatar.com\\\/avatar\\\/b984800dabdf722d5e3f03f637c8932dea77d81118467d17ad2953e3b273ec66?s=96&d=mm&r=g\",\"contentUrl\":\"https:\\\/\\\/secure.gravatar.com\\\/avatar\\\/b984800dabdf722d5e3f03f637c8932dea77d81118467d17ad2953e3b273ec66?s=96&d=mm&r=g\",\"caption\":\"Vincent Vandegans\"},\"description\":\"Vincent est passionn\u00e9 par les produits d'occasion, il a ouvert le site MDO avec Cyrielle pour aider les gens \u00e0 trouver du mobilier d'occasion, vintage ou usag\u00e9. Depuis, ils ont \u00e9tendu leurs activit\u00e9s et conseillent tout le monde sur le mobilier d'int\u00e9rieur et d'ext\u00e9rieur au quotidien \u00e0 travers le magazine MDO.\",\"url\":\"https:\\\/\\\/www.mobilier-design-occasion.fr\\\/magazine\\\/author\\\/vincent\\\/\"}]}<\/script>\n<!-- \/ Yoast SEO plugin. -->","yoast_head_json":{"title":"Comment bien choisir son plafonnier selon la pi\u00e8ce de la maison\u2009?","description":"Le plafonnier est \u00e0 la fois un luminaire et un objet de d\u00e9coration \u00e0 part enti\u00e8re. D\u00e9couvrez ici les mod\u00e8les \u00e0 choisir pour des pi\u00e8ces de votre domicile !","robots":{"index":"index","follow":"follow","max-snippet":"max-snippet:-1","max-image-preview":"max-image-preview:large","max-video-preview":"max-video-preview:-1"},"canonical":"https:\/\/www.mobilier-design-occasion.fr\/magazine\/comment-bien-choisir-son-plafonnier-selon-la-piece-de-la-maison\/","og_locale":"fr_FR","og_type":"article","og_title":"Comment bien choisir son plafonnier selon la pi\u00e8ce de la maison\u2009?","og_description":"Le plafonnier est \u00e0 la fois un luminaire et un objet de d\u00e9coration \u00e0 part enti\u00e8re. D\u00e9couvrez ici les mod\u00e8les \u00e0 choisir pour des pi\u00e8ces de votre domicile !","og_url":"https:\/\/www.mobilier-design-occasion.fr\/magazine\/comment-bien-choisir-son-plafonnier-selon-la-piece-de-la-maison\/","og_site_name":"Mobilier Design Magazine","article_publisher":"https:\/\/www.facebook.com\/mobilierdesignoccasion","article_published_time":"2025-10-15T05:22:39+00:00","og_image":[{"width":848,"height":565,"url":"https:\/\/www.mobilier-design-occasion.fr\/magazine\/wp-content\/uploads\/2025\/10\/8fbe6211571aced63dbb95be002e9e32.jpeg","type":"image\/jpeg"}],"author":"Vincent Vandegans","twitter_card":"summary_large_image","twitter_misc":{"\u00c9crit par":"Vincent Vandegans","Dur\u00e9e de lecture estim\u00e9e":"2 minutes"},"schema":{"@context":"https:\/\/schema.org","@graph":[{"@type":"Article","@id":"https:\/\/www.mobilier-design-occasion.fr\/magazine\/comment-bien-choisir-son-plafonnier-selon-la-piece-de-la-maison\/#article","isPartOf":{"@id":"https:\/\/www.mobilier-design-occasion.fr\/magazine\/comment-bien-choisir-son-plafonnier-selon-la-piece-de-la-maison\/"},"author":{"name":"Vincent Vandegans","@id":"https:\/\/www.mobilier-design-occasion.fr\/magazine\/#\/schema\/person\/af895bedc80bfb6b17730a672fddac9e"},"headline":"Comment bien choisir son plafonnier selon la pi\u00e8ce de la maison\u2009?","datePublished":"2025-10-15T05:22:39+00:00","mainEntityOfPage":{"@id":"https:\/\/www.mobilier-design-occasion.fr\/magazine\/comment-bien-choisir-son-plafonnier-selon-la-piece-de-la-maison\/"},"wordCount":385,"commentCount":0,"publisher":{"@id":"https:\/\/www.mobilier-design-occasion.fr\/magazine\/#organization"},"image":{"@id":"https:\/\/www.mobilier-design-occasion.fr\/magazine\/comment-bien-choisir-son-plafonnier-selon-la-piece-de-la-maison\/#primaryimage"},"thumbnailUrl":"https:\/\/www.mobilier-design-occasion.fr\/magazine\/wp-content\/uploads\/2025\/10\/8fbe6211571aced63dbb95be002e9e32.jpeg","articleSection":["Uncategorized"],"inLanguage":"fr-FR","potentialAction":[{"@type":"CommentAction","name":"Comment","target":["https:\/\/www.mobilier-design-occasion.fr\/magazine\/comment-bien-choisir-son-plafonnier-selon-la-piece-de-la-maison\/#respond"]}]},{"@type":"WebPage","@id":"https:\/\/www.mobilier-design-occasion.fr\/magazine\/comment-bien-choisir-son-plafonnier-selon-la-piece-de-la-maison\/","url":"https:\/\/www.mobilier-design-occasion.fr\/magazine\/comment-bien-choisir-son-plafonnier-selon-la-piece-de-la-maison\/","name":"Comment bien choisir son plafonnier selon la pi\u00e8ce de la maison\u2009?","isPartOf":{"@id":"https:\/\/www.mobilier-design-occasion.fr\/magazine\/#website"},"primaryImageOfPage":{"@id":"https:\/\/www.mobilier-design-occasion.fr\/magazine\/comment-bien-choisir-son-plafonnier-selon-la-piece-de-la-maison\/#primaryimage"},"image":{"@id":"https:\/\/www.mobilier-design-occasion.fr\/magazine\/comment-bien-choisir-son-plafonnier-selon-la-piece-de-la-maison\/#primaryimage"},"thumbnailUrl":"https:\/\/www.mobilier-design-occasion.fr\/magazine\/wp-content\/uploads\/2025\/10\/8fbe6211571aced63dbb95be002e9e32.jpeg","datePublished":"2025-10-15T05:22:39+00:00","description":"Le plafonnier est \u00e0 la fois un luminaire et un objet de d\u00e9coration \u00e0 part enti\u00e8re. D\u00e9couvrez ici les mod\u00e8les \u00e0 choisir pour des pi\u00e8ces de votre domicile !","breadcrumb":{"@id":"https:\/\/www.mobilier-design-occasion.fr\/magazine\/comment-bien-choisir-son-plafonnier-selon-la-piece-de-la-maison\/#breadcrumb"},"inLanguage":"fr-FR","potentialAction":[{"@type":"ReadAction","target":["https:\/\/www.mobilier-design-occasion.fr\/magazine\/comment-bien-choisir-son-plafonnier-selon-la-piece-de-la-maison\/"]}]},{"@type":"ImageObject","inLanguage":"fr-FR","@id":"https:\/\/www.mobilier-design-occasion.fr\/magazine\/comment-bien-choisir-son-plafonnier-selon-la-piece-de-la-maison\/#primaryimage","url":"https:\/\/www.mobilier-design-occasion.fr\/magazine\/wp-content\/uploads\/2025\/10\/8fbe6211571aced63dbb95be002e9e32.jpeg","contentUrl":"https:\/\/www.mobilier-design-occasion.fr\/magazine\/wp-content\/uploads\/2025\/10\/8fbe6211571aced63dbb95be002e9e32.jpeg","width":848,"height":565},{"@type":"BreadcrumbList","@id":"https:\/\/www.mobilier-design-occasion.fr\/magazine\/comment-bien-choisir-son-plafonnier-selon-la-piece-de-la-maison\/#breadcrumb","itemListElement":[{"@type":"ListItem","position":1,"name":"Accueil","item":"https:\/\/www.mobilier-design-occasion.fr\/magazine\/"},{"@type":"ListItem","position":2,"name":"Comment bien choisir son plafonnier selon la pi\u00e8ce de la maison\u2009?"}]},{"@type":"WebSite","@id":"https:\/\/www.mobilier-design-occasion.fr\/magazine\/#website","url":"https:\/\/www.mobilier-design-occasion.fr\/magazine\/","name":"Mobilier Design Magazine","description":"","publisher":{"@id":"https:\/\/www.mobilier-design-occasion.fr\/magazine\/#organization"},"potentialAction":[{"@type":"SearchAction","target":{"@type":"EntryPoint","urlTemplate":"https:\/\/www.mobilier-design-occasion.fr\/magazine\/?s={search_term_string}"},"query-input":{"@type":"PropertyValueSpecification","valueRequired":true,"valueName":"search_term_string"}}],"inLanguage":"fr-FR"},{"@type":"Organization","@id":"https:\/\/www.mobilier-design-occasion.fr\/magazine\/#organization","name":"Mobilier Design Magazine","url":"https:\/\/www.mobilier-design-occasion.fr\/magazine\/","logo":{"@type":"ImageObject","inLanguage":"fr-FR","@id":"https:\/\/www.mobilier-design-occasion.fr\/magazine\/#\/schema\/logo\/image\/","url":"https:\/\/www.mobilier-design-occasion.fr\/magazine\/wp-content\/uploads\/2024\/02\/android-chrome-192x192-1.png","contentUrl":"https:\/\/www.mobilier-design-occasion.fr\/magazine\/wp-content\/uploads\/2024\/02\/android-chrome-192x192-1.png","width":192,"height":192,"caption":"Mobilier Design Magazine"},"image":{"@id":"https:\/\/www.mobilier-design-occasion.fr\/magazine\/#\/schema\/logo\/image\/"},"sameAs":["https:\/\/www.facebook.com\/mobilierdesignoccasion"]},{"@type":"Person","@id":"https:\/\/www.mobilier-design-occasion.fr\/magazine\/#\/schema\/person\/af895bedc80bfb6b17730a672fddac9e","name":"Vincent Vandegans","image":{"@type":"ImageObject","inLanguage":"fr-FR","@id":"https:\/\/secure.gravatar.com\/avatar\/b984800dabdf722d5e3f03f637c8932dea77d81118467d17ad2953e3b273ec66?s=96&d=mm&r=g","url":"https:\/\/secure.gravatar.com\/avatar\/b984800dabdf722d5e3f03f637c8932dea77d81118467d17ad2953e3b273ec66?s=96&d=mm&r=g","contentUrl":"https:\/\/secure.gravatar.com\/avatar\/b984800dabdf722d5e3f03f637c8932dea77d81118467d17ad2953e3b273ec66?s=96&d=mm&r=g","caption":"Vincent Vandegans"},"description":"Vincent est passionn\u00e9 par les produits d'occasion, il a ouvert le site MDO avec Cyrielle pour aider les gens \u00e0 trouver du mobilier d'occasion, vintage ou usag\u00e9. Depuis, ils ont \u00e9tendu leurs activit\u00e9s et conseillent tout le monde sur le mobilier d'int\u00e9rieur et d'ext\u00e9rieur au quotidien \u00e0 travers le magazine MDO.","url":"https:\/\/www.mobilier-design-occasion.fr\/magazine\/author\/vincent\/"}]}},"_links":{"self":[{"href":"https:\/\/www.mobilier-design-occasion.fr\/magazine\/wp-json\/wp\/v2\/posts\/8549","targetHints":{"allow":["GET"]}}],"collection":[{"href":"https:\/\/www.mobilier-design-occasion.fr\/magazine\/wp-json\/wp\/v2\/posts"}],"about":[{"href":"https:\/\/www.mobilier-design-occasion.fr\/magazine\/wp-json\/wp\/v2\/types\/post"}],"author":[{"embeddable":true,"href":"https:\/\/www.mobilier-design-occasion.fr\/magazine\/wp-json\/wp\/v2\/users\/2"}],"replies":[{"embeddable":true,"href":"https:\/\/www.mobilier-design-occasion.fr\/magazine\/wp-json\/wp\/v2\/comments?post=8549"}],"version-history":[{"count":1,"href":"https:\/\/www.mobilier-design-occasion.fr\/magazine\/wp-json\/wp\/v2\/posts\/8549\/revisions"}],"predecessor-version":[{"id":8551,"href":"https:\/\/www.mobilier-design-occasion.fr\/magazine\/wp-json\/wp\/v2\/posts\/8549\/revisions\/8551"}],"wp:featuredmedia":[{"embeddable":true,"href":"https:\/\/www.mobilier-design-occasion.fr\/magazine\/wp-json\/wp\/v2\/media\/8552"}],"wp:attachment":[{"href":"https:\/\/www.mobilier-design-occasion.fr\/magazine\/wp-json\/wp\/v2\/media?parent=8549"}],"wp:term":[{"taxonomy":"category","embeddable":true,"href":"https:\/\/www.mobilier-design-occasion.fr\/magazine\/wp-json\/wp\/v2\/categories?post=8549"},{"taxonomy":"post_tag","embeddable":true,"href":"https:\/\/www.mobilier-design-occasion.fr\/magazine\/wp-json\/wp\/v2\/tags?post=8549"}],"curies":[{"name":"wp","href":"https:\/\/api.w.org\/{rel}","templated":true}]}}