{"id":8543,"date":"2025-10-14T09:22:13","date_gmt":"2025-10-14T09:22:13","guid":{"rendered":"https:\/\/www.mobilier-design-occasion.fr\/magazine\/?p=8543"},"modified":"2025-10-14T09:22:14","modified_gmt":"2025-10-14T09:22:14","slug":"lart-de-transformer-ses-murs-guide-complet-de-la-decoration-murale","status":"publish","type":"post","link":"https:\/\/www.mobilier-design-occasion.fr\/magazine\/lart-de-transformer-ses-murs-guide-complet-de-la-decoration-murale\/","title":{"rendered":"L&#8217;Art de Transformer ses Murs : Guide Complet de la D\u00e9coration Murale"},"content":{"rendered":"\n<p>Les murs d&#8217;une habitation sont bien plus que de simples cloisons : ce sont des toiles vierges qui attendent d&#8217;exprimer votre personnalit\u00e9 et de donner vie \u00e0 vos espaces. La d\u00e9coration murale est devenue un \u00e9l\u00e9ment incontournable du <a href=\"https:\/\/www.mobilier-design-occasion.fr\/magazine\/table-tulipe-knoll-indemodable-du-design\/\">design<\/a> d&#8217;<a href=\"https:\/\/www.mobilier-design-occasion.fr\/magazine\/le-petit-lexique-du-mobilier-design\/\">int\u00e9rieur<\/a>, capable de m\u00e9tamorphoser une pi\u00e8ce ordinaire en un lieu unique et chaleureux.<\/p>\n\n\n\n<h2 class=\"wp-block-heading\"><span class=\"ez-toc-section\" id=\"Pourquoi_la_Decoration_Murale_Est-Elle_Si_Importante\"><\/span>Pourquoi la D\u00e9coration Murale Est-Elle Si Importante ?<span class=\"ez-toc-section-end\"><\/span><\/h2><div id=\"ez-toc-container\" class=\"ez-toc-v2_0_82_2 counter-hierarchy ez-toc-counter ez-toc-grey ez-toc-container-direction\">\n<div class=\"ez-toc-title-container\">\n<span class=\"ez-toc-title-toggle\"><a href=\"#\" class=\"ez-toc-pull-right ez-toc-btn ez-toc-btn-xs ez-toc-btn-default ez-toc-toggle\" aria-label=\"Toggle Table of Content\"><span class=\"ez-toc-js-icon-con\"><span class=\"\"><span class=\"eztoc-hide\" style=\"display:none;\">Toggle<\/span><span class=\"ez-toc-icon-toggle-span\"><svg style=\"fill: #999;color:#999\" xmlns=\"http:\/\/www.w3.org\/2000\/svg\" class=\"list-377408\" width=\"20px\" height=\"20px\" viewBox=\"0 0 24 24\" fill=\"none\"><path d=\"M6 6H4v2h2V6zm14 0H8v2h12V6zM4 11h2v2H4v-2zm16 0H8v2h12v-2zM4 16h2v2H4v-2zm16 0H8v2h12v-2z\" fill=\"currentColor\"><\/path><\/svg><svg style=\"fill: #999;color:#999\" class=\"arrow-unsorted-368013\" xmlns=\"http:\/\/www.w3.org\/2000\/svg\" width=\"10px\" height=\"10px\" viewBox=\"0 0 24 24\" version=\"1.2\" baseProfile=\"tiny\"><path d=\"M18.2 9.3l-6.2-6.3-6.2 6.3c-.2.2-.3.4-.3.7s.1.5.3.7c.2.2.4.3.7.3h11c.3 0 .5-.1.7-.3.2-.2.3-.5.3-.7s-.1-.5-.3-.7zM5.8 14.7l6.2 6.3 6.2-6.3c.2-.2.3-.5.3-.7s-.1-.5-.3-.7c-.2-.2-.4-.3-.7-.3h-11c-.3 0-.5.1-.7.3-.2.2-.3.5-.3.7s.1.5.3.7z\"\/><\/svg><\/span><\/span><\/span><\/a><\/span><\/div>\n<nav><ul class='ez-toc-list ez-toc-list-level-1 eztoc-toggle-hide-by-default' ><li class='ez-toc-page-1 ez-toc-heading-level-2'><a class=\"ez-toc-link ez-toc-heading-1\" href=\"https:\/\/www.mobilier-design-occasion.fr\/magazine\/lart-de-transformer-ses-murs-guide-complet-de-la-decoration-murale\/#Pourquoi_la_Decoration_Murale_Est-Elle_Si_Importante\" >Pourquoi la D\u00e9coration Murale Est-Elle Si Importante ?<\/a><\/li><li class='ez-toc-page-1 ez-toc-heading-level-2'><a class=\"ez-toc-link ez-toc-heading-2\" href=\"https:\/\/www.mobilier-design-occasion.fr\/magazine\/lart-de-transformer-ses-murs-guide-complet-de-la-decoration-murale\/#Les_Reproductions_de_Tableaux_LExcellence_Accessible\" >Les Reproductions de Tableaux : L&#8217;Excellence Accessible<\/a><\/li><li class='ez-toc-page-1 ez-toc-heading-level-2'><a class=\"ez-toc-link ez-toc-heading-3\" href=\"https:\/\/www.mobilier-design-occasion.fr\/magazine\/lart-de-transformer-ses-murs-guide-complet-de-la-decoration-murale\/#La_Qualite_Fait_Toute_la_Difference\" >La Qualit\u00e9 Fait Toute la Diff\u00e9rence<\/a><\/li><li class='ez-toc-page-1 ez-toc-heading-level-2'><a class=\"ez-toc-link ez-toc-heading-4\" href=\"https:\/\/www.mobilier-design-occasion.fr\/magazine\/lart-de-transformer-ses-murs-guide-complet-de-la-decoration-murale\/#Comment_Choisir_et_Disposer_ses_Tableaux\" >Comment Choisir et Disposer ses Tableaux ?<\/a><ul class='ez-toc-list-level-3' ><li class='ez-toc-heading-level-3'><a class=\"ez-toc-link ez-toc-heading-5\" href=\"https:\/\/www.mobilier-design-occasion.fr\/magazine\/lart-de-transformer-ses-murs-guide-complet-de-la-decoration-murale\/#Adapter_lOEuvre_a_la_Piece\" >Adapter l&#8217;\u0152uvre \u00e0 la Pi\u00e8ce<\/a><\/li><li class='ez-toc-page-1 ez-toc-heading-level-3'><a class=\"ez-toc-link ez-toc-heading-6\" href=\"https:\/\/www.mobilier-design-occasion.fr\/magazine\/lart-de-transformer-ses-murs-guide-complet-de-la-decoration-murale\/#Les_Regles_de_Disposition\" >Les R\u00e8gles de Disposition<\/a><\/li><li class='ez-toc-page-1 ez-toc-heading-level-3'><a class=\"ez-toc-link ez-toc-heading-7\" href=\"https:\/\/www.mobilier-design-occasion.fr\/magazine\/lart-de-transformer-ses-murs-guide-complet-de-la-decoration-murale\/#LArt_du_Mur_de_Cadres\" >L&#8217;Art du Mur de Cadres<\/a><\/li><\/ul><\/li><li class='ez-toc-page-1 ez-toc-heading-level-2'><a class=\"ez-toc-link ez-toc-heading-8\" href=\"https:\/\/www.mobilier-design-occasion.fr\/magazine\/lart-de-transformer-ses-murs-guide-complet-de-la-decoration-murale\/#Au-Dela_des_Tableaux_Varier_les_Supports\" >Au-Del\u00e0 des Tableaux : Varier les Supports<\/a><\/li><li class='ez-toc-page-1 ez-toc-heading-level-2'><a class=\"ez-toc-link ez-toc-heading-9\" href=\"https:\/\/www.mobilier-design-occasion.fr\/magazine\/lart-de-transformer-ses-murs-guide-complet-de-la-decoration-murale\/#LEclairage_Le_Secret_dune_Mise_en_Valeur_Reussie\" >L&#8217;\u00c9clairage : Le Secret d&#8217;une Mise en Valeur R\u00e9ussie<\/a><\/li><li class='ez-toc-page-1 ez-toc-heading-level-2'><a class=\"ez-toc-link ez-toc-heading-10\" href=\"https:\/\/www.mobilier-design-occasion.fr\/magazine\/lart-de-transformer-ses-murs-guide-complet-de-la-decoration-murale\/#Oser_le_Changement\" >Oser le Changement<\/a><\/li><li class='ez-toc-page-1 ez-toc-heading-level-2'><a class=\"ez-toc-link ez-toc-heading-11\" href=\"https:\/\/www.mobilier-design-occasion.fr\/magazine\/lart-de-transformer-ses-murs-guide-complet-de-la-decoration-murale\/#Conclusion\" >Conclusion<\/a><\/li><\/ul><\/nav><\/div>\n\n\n\n\n<p>Dans l&#8217;am\u00e9nagement d&#8217;un int\u00e9rieur, les murs occupent la plus grande surface visible. Les laisser nus, c&#8217;est passer \u00e0 c\u00f4t\u00e9 d&#8217;une opportunit\u00e9 majeure de cr\u00e9er une atmosph\u00e8re. Une d\u00e9coration murale r\u00e9fl\u00e9chie permet de :<\/p>\n\n\n\n<ul class=\"wp-block-list\">\n<li><strong>D\u00e9finir l&#8217;ambiance<\/strong> d&#8217;une pi\u00e8ce en quelques secondes<\/li>\n\n\n\n<li><strong>R\u00e9v\u00e9ler votre personnalit\u00e9<\/strong> \u00e0 travers vos choix artistiques<\/li>\n\n\n\n<li><strong>Structurer visuellement l&#8217;espace<\/strong> en cr\u00e9ant des points focaux<\/li>\n\n\n\n<li><strong>Apporter de la <a href=\"https:\/\/www.mobilier-design-occasion.fr\/magazine\/les-tendances-mobilier-et-decoration-pour-2025-quel-style-adopter-pour-votre-maison\/\">couleur<\/a> et de la texture<\/strong> sans travaux lourds<\/li>\n\n\n\n<li><strong>Valoriser votre patrimoine<\/strong> en exposant des \u0153uvres d&#8217;art<\/li>\n<\/ul>\n\n\n\n<figure class=\"wp-block-image size-large\"><img loading=\"lazy\" decoding=\"async\" width=\"1024\" height=\"559\" src=\"https:\/\/www.mobilier-design-occasion.fr\/magazine\/wp-content\/uploads\/2025\/10\/image-1024x559.png\" alt=\"\" class=\"wp-image-8544\" srcset=\"https:\/\/www.mobilier-design-occasion.fr\/magazine\/wp-content\/uploads\/2025\/10\/image-1024x559.png 1024w, https:\/\/www.mobilier-design-occasion.fr\/magazine\/wp-content\/uploads\/2025\/10\/image-300x164.png 300w, https:\/\/www.mobilier-design-occasion.fr\/magazine\/wp-content\/uploads\/2025\/10\/image-768x419.png 768w, https:\/\/www.mobilier-design-occasion.fr\/magazine\/wp-content\/uploads\/2025\/10\/image-1536x839.png 1536w, https:\/\/www.mobilier-design-occasion.fr\/magazine\/wp-content\/uploads\/2025\/10\/image-scaled.png 2048w, https:\/\/www.mobilier-design-occasion.fr\/magazine\/wp-content\/uploads\/2025\/10\/image-810x442.png 810w, https:\/\/www.mobilier-design-occasion.fr\/magazine\/wp-content\/uploads\/2025\/10\/image-1140x623.png 1140w\" sizes=\"auto, (max-width: 1024px) 100vw, 1024px\" \/><\/figure>\n\n\n\n<h2 class=\"wp-block-heading\"><span class=\"ez-toc-section\" id=\"Les_Reproductions_de_Tableaux_LExcellence_Accessible\"><\/span>Les Reproductions de Tableaux : L&#8217;Excellence Accessible<span class=\"ez-toc-section-end\"><\/span><\/h2>\n\n\n\n<p>Parmi toutes les options de d\u00e9coration murale, les reproductions de tableaux c\u00e9l\u00e8bres occupent une place privil\u00e9gi\u00e9e. Elles permettent d&#8217;acc\u00e9der \u00e0 l&#8217;univers des grands ma\u00eetres de la peinture sans le budget prohibitif d&#8217;une \u0153uvre originale.<\/p>\n\n\n\n<p><a href=\"https:\/\/fr.muzeo.com\/\"><strong>Muz\u00e9o<\/strong><\/a>, acteur de r\u00e9f\u00e9rence dans ce domaine, a d\u00e9mocratis\u00e9 l&#8217;acc\u00e8s \u00e0 l&#8217;art avec un catalogue impressionnant de plus de 60 000 \u0153uvres. Des chefs-d&#8217;\u0153uvre de Van Gogh aux compositions abstraites de Kandinsky, en passant par les nymph\u00e9as de Monet ou les portraits de Vermeer, chacun peut trouver la reproduction qui r\u00e9sonnera avec son int\u00e9rieur et ses go\u00fbts personnels.<\/p>\n\n\n\n<h2 class=\"wp-block-heading\"><span class=\"ez-toc-section\" id=\"La_Qualite_Fait_Toute_la_Difference\"><\/span>La Qualit\u00e9 Fait Toute la Diff\u00e9rence<span class=\"ez-toc-section-end\"><\/span><\/h2>\n\n\n\n<p>Une reproduction n&#8217;a de valeur d\u00e9corative que si elle est r\u00e9alis\u00e9e avec soin. La qualit\u00e9 d&#8217;impression, la fid\u00e9lit\u00e9 des couleurs et surtout l&#8217;encadrement sont des \u00e9l\u00e9ments cruciaux qui distinguent une simple affiche d&#8217;une v\u00e9ritable pi\u00e8ce d\u00e9corative.<\/p>\n\n\n\n<p>Muz\u00e9o s&#8217;est b\u00e2ti une solide r\u00e9putation gr\u00e2ce \u00e0 sa qualit\u00e9 de fabrication irr\u00e9prochable. Chaque reproduction est accompagn\u00e9e d&#8217;un <strong>encadrement haut de gamme sur mesure<\/strong>, r\u00e9alis\u00e9 artisanalement dans son atelier parisien de Montrouge. Cette attention port\u00e9e aux d\u00e9tails garantit que chaque \u0153uvre s&#8217;int\u00e8gre harmonieusement \u00e0 votre d\u00e9coration, avec des finitions dignes des galeries d&#8217;art.<\/p>\n\n\n\n<figure class=\"wp-block-image size-full\"><img loading=\"lazy\" decoding=\"async\" width=\"754\" height=\"866\" src=\"https:\/\/www.mobilier-design-occasion.fr\/magazine\/wp-content\/uploads\/2025\/10\/image-1.png\" alt=\"\" class=\"wp-image-8545\" srcset=\"https:\/\/www.mobilier-design-occasion.fr\/magazine\/wp-content\/uploads\/2025\/10\/image-1.png 754w, https:\/\/www.mobilier-design-occasion.fr\/magazine\/wp-content\/uploads\/2025\/10\/image-1-261x300.png 261w\" sizes=\"auto, (max-width: 754px) 100vw, 754px\" \/><\/figure>\n\n\n\n<h2 class=\"wp-block-heading\"><span class=\"ez-toc-section\" id=\"Comment_Choisir_et_Disposer_ses_Tableaux\"><\/span>Comment Choisir et Disposer ses Tableaux ?<span class=\"ez-toc-section-end\"><\/span><\/h2>\n\n\n\n<h3 class=\"wp-block-heading\"><span class=\"ez-toc-section\" id=\"Adapter_lOEuvre_a_la_Piece\"><\/span>Adapter l&#8217;\u0152uvre \u00e0 la Pi\u00e8ce<span class=\"ez-toc-section-end\"><\/span><\/h3>\n\n\n\n<p>Chaque espace de votre maison a sa vocation et peut accueillir un <a href=\"https:\/\/www.mobilier-design-occasion.fr\/magazine\/mobilier-vintage-les-styles-les-plus-prises\/\">style<\/a> diff\u00e9rent :<\/p>\n\n\n\n<ul class=\"wp-block-list\">\n<li><strong>Le <a href=\"https:\/\/www.mobilier-design-occasion.fr\/magazine\/tendances-2024-choisir-les-meubles-parfaits-pour-chaque-piece-de-votre-maison\/\">salon<\/a><\/strong> se pr\u00eate aux grandes compositions audacieuses qui deviennent des points de conversation<\/li>\n\n\n\n<li><strong>La <a href=\"https:\/\/www.mobilier-design-occasion.fr\/magazine\/5-elements-pour-amenager-une-chambre-montessori\/\">chambre<\/a><\/strong> appr\u00e9cie les tonalit\u00e9s apaisantes et les sujets contemplatifs<\/li>\n\n\n\n<li><strong>Le <a href=\"https:\/\/www.mobilier-design-occasion.fr\/magazine\/devoilez-le-secret-de-lelegance-dans-votre-espace-de-travail\/\">bureau<\/a><\/strong> b\u00e9n\u00e9ficie d&#8217;\u0153uvres inspirantes ou de paysages qui \u00e9voquent l&#8217;\u00e9vasion<\/li>\n\n\n\n<li><strong>La cuisine<\/strong> peut s&#8217;\u00e9gayer de natures mortes color\u00e9es ou de sc\u00e8nes conviviales<\/li>\n<\/ul>\n\n\n\n<h3 class=\"wp-block-heading\"><span class=\"ez-toc-section\" id=\"Les_Regles_de_Disposition\"><\/span>Les R\u00e8gles de Disposition<span class=\"ez-toc-section-end\"><\/span><\/h3>\n\n\n\n<p>Pour une mise en valeur optimale, quelques principes simples s&#8217;appliquent :<\/p>\n\n\n\n<p>Le centre du tableau doit id\u00e9alement se situer \u00e0 hauteur des yeux, environ 1,60 m du sol. Dans une pi\u00e8ce o\u00f9 l&#8217;on est souvent assis, comme une salle \u00e0 manger, on peut descendre l\u00e9g\u00e8rement cette hauteur. L&#8217;\u00e9quilibre visuel est essentiel : une grande \u0153uvre sur un mur imposant, plusieurs petites pour cr\u00e9er une galerie murale dynamique.<\/p>\n\n\n\n<figure class=\"wp-block-image size-large\"><img loading=\"lazy\" decoding=\"async\" width=\"1024\" height=\"389\" src=\"https:\/\/www.mobilier-design-occasion.fr\/magazine\/wp-content\/uploads\/2025\/10\/image-2-1024x389.png\" alt=\"\" class=\"wp-image-8546\" srcset=\"https:\/\/www.mobilier-design-occasion.fr\/magazine\/wp-content\/uploads\/2025\/10\/image-2-1024x389.png 1024w, https:\/\/www.mobilier-design-occasion.fr\/magazine\/wp-content\/uploads\/2025\/10\/image-2-300x114.png 300w, https:\/\/www.mobilier-design-occasion.fr\/magazine\/wp-content\/uploads\/2025\/10\/image-2-768x292.png 768w, https:\/\/www.mobilier-design-occasion.fr\/magazine\/wp-content\/uploads\/2025\/10\/image-2-1536x584.png 1536w, https:\/\/www.mobilier-design-occasion.fr\/magazine\/wp-content\/uploads\/2025\/10\/image-2-scaled.png 2048w, https:\/\/www.mobilier-design-occasion.fr\/magazine\/wp-content\/uploads\/2025\/10\/image-2-810x308.png 810w, https:\/\/www.mobilier-design-occasion.fr\/magazine\/wp-content\/uploads\/2025\/10\/image-2-1140x433.png 1140w\" sizes=\"auto, (max-width: 1024px) 100vw, 1024px\" \/><\/figure>\n\n\n\n<h3 class=\"wp-block-heading\"><span class=\"ez-toc-section\" id=\"LArt_du_Mur_de_Cadres\"><\/span>L&#8217;Art du Mur de Cadres<span class=\"ez-toc-section-end\"><\/span><\/h3>\n\n\n\n<p>La <a href=\"https:\/\/www.mobilier-design-occasion.fr\/magazine\/5-marques-de-design-intemporel-que-vous-devez-absolument-connaitre\/\">tendance<\/a> du &#8220;gallery wall&#8221; permet de cr\u00e9er une composition personnalis\u00e9e en m\u00e9langeant diff\u00e9rentes \u0153uvres. Pour r\u00e9ussir cet exercice, commencez par disposer vos cadres au sol pour tester plusieurs arrangements avant de percer vos murs. Gardez un espacement r\u00e9gulier entre chaque cadre (environ 5 \u00e0 10 cm) pour une coh\u00e9rence visuelle.<\/p>\n\n\n\n<h2 class=\"wp-block-heading\"><span class=\"ez-toc-section\" id=\"Au-Dela_des_Tableaux_Varier_les_Supports\"><\/span>Au-Del\u00e0 des Tableaux : Varier les Supports<span class=\"ez-toc-section-end\"><\/span><\/h2>\n\n\n\n<p>Si les reproductions de tableaux constituent une base solide, n&#8217;h\u00e9sitez pas \u00e0 diversifier :<\/p>\n\n\n\n<ul class=\"wp-block-list\">\n<li><strong>Les miroirs<\/strong> agrandissent l&#8217;espace et refl\u00e8tent la <a href=\"https:\/\/www.mobilier-design-occasion.fr\/magazine\/le-charme-discret-de-la-lumiere-tamisee-du-chandelier\/\">lumi\u00e8re<\/a> naturelle<\/li>\n\n\n\n<li><strong>Les \u00e9tag\u00e8res murales<\/strong> permettent d&#8217;exposer des objets en trois dimensions<\/li>\n\n\n\n<li><strong>Le papier peint artistique<\/strong> cr\u00e9e un impact fort sur un mur d&#8217;accent<\/li>\n\n\n\n<li><strong>Les textiles muraux<\/strong> apportent douceur et texture<\/li>\n\n\n\n<li><strong>Les plantes suspendues<\/strong> introduisent la nature dans votre d\u00e9coration<\/li>\n<\/ul>\n\n\n\n<h2 class=\"wp-block-heading\"><span class=\"ez-toc-section\" id=\"LEclairage_Le_Secret_dune_Mise_en_Valeur_Reussie\"><\/span>L&#8217;\u00c9clairage : Le Secret d&#8217;une Mise en Valeur R\u00e9ussie<span class=\"ez-toc-section-end\"><\/span><\/h2>\n\n\n\n<p>Un tableau magnifiquement encadr\u00e9 perdra de son impact s&#8217;il est mal \u00e9clair\u00e9. L&#8217;\u00e9clairage doit \u00eatre pens\u00e9 pour sublimer l&#8217;\u0153uvre sans cr\u00e9er de reflets g\u00eanants. Les spots orientables, les appliques murales ou les cimaises lumineuses sont autant de solutions pour mettre en lumi\u00e8re vos reproductions pr\u00e9f\u00e9r\u00e9es.<\/p>\n\n\n\n<figure class=\"wp-block-image size-large\"><img loading=\"lazy\" decoding=\"async\" width=\"1024\" height=\"537\" src=\"https:\/\/www.mobilier-design-occasion.fr\/magazine\/wp-content\/uploads\/2025\/10\/image-3-1024x537.png\" alt=\"\" class=\"wp-image-8547\" srcset=\"https:\/\/www.mobilier-design-occasion.fr\/magazine\/wp-content\/uploads\/2025\/10\/image-3-1024x537.png 1024w, https:\/\/www.mobilier-design-occasion.fr\/magazine\/wp-content\/uploads\/2025\/10\/image-3-300x157.png 300w, https:\/\/www.mobilier-design-occasion.fr\/magazine\/wp-content\/uploads\/2025\/10\/image-3-768x402.png 768w, https:\/\/www.mobilier-design-occasion.fr\/magazine\/wp-content\/uploads\/2025\/10\/image-3-1536x805.png 1536w, https:\/\/www.mobilier-design-occasion.fr\/magazine\/wp-content\/uploads\/2025\/10\/image-3-scaled.png 2048w, https:\/\/www.mobilier-design-occasion.fr\/magazine\/wp-content\/uploads\/2025\/10\/image-3-810x424.png 810w, https:\/\/www.mobilier-design-occasion.fr\/magazine\/wp-content\/uploads\/2025\/10\/image-3-1140x597.png 1140w\" sizes=\"auto, (max-width: 1024px) 100vw, 1024px\" \/><\/figure>\n\n\n\n<h2 class=\"wp-block-heading\"><span class=\"ez-toc-section\" id=\"Oser_le_Changement\"><\/span>Oser le Changement<span class=\"ez-toc-section-end\"><\/span><\/h2>\n\n\n\n<p>L&#8217;un des grands avantages de la d\u00e9coration murale est sa flexibilit\u00e9. Contrairement \u00e0 un <a href=\"https:\/\/www.mobilier-design-occasion.fr\/magazine\/comment-entretenir-son-mobilier-design-au-quotidien-top-astuces\/\">meuble<\/a> imposant ou \u00e0 une peinture murale permanente, les tableaux peuvent \u00eatre d\u00e9plac\u00e9s, remplac\u00e9s, r\u00e9arrang\u00e9s au gr\u00e9 de vos envies et des saisons. Cette libert\u00e9 vous permet de faire \u00e9voluer votre int\u00e9rieur sans investissement majeur.<\/p>\n\n\n\n<h2 class=\"wp-block-heading\"><span class=\"ez-toc-section\" id=\"Conclusion\"><\/span>Conclusion<span class=\"ez-toc-section-end\"><\/span><\/h2>\n\n\n\n<p>La d\u00e9coration murale est un art accessible qui transforme radicalement l&#8217;atmosph\u00e8re d&#8217;un lieu de vie. Gr\u00e2ce \u00e0 des acteurs sp\u00e9cialis\u00e9s comme Muz\u00e9o, qui allient un vaste choix d&#8217;\u0153uvres \u00e0 une qualit\u00e9 d&#8217;ex\u00e9cution artisanale, il n&#8217;a jamais \u00e9t\u00e9 aussi simple de s&#8217;entourer de beaut\u00e9 au quotidien.<\/p>\n\n\n\n<p>Que vous soyez amateur d&#8217;impressionnisme, passionn\u00e9 d&#8217;art moderne ou admirateur de peintures classiques, vos murs sont le reflet de votre \u00e2me. Offrez-leur l&#8217;attention qu&#8217;ils m\u00e9ritent, et ils transformeront votre maison en un v\u00e9ritable \u00e9crin de vie.<\/p>\n","protected":false},"excerpt":{"rendered":"<p>Les murs d&#8217;une habitation sont bien plus que de simples cloisons : ce sont des toiles vierges qui attendent d&#8217;exprimer votre personnalit\u00e9 et de donner vie \u00e0 vos espaces. La d\u00e9coration murale est devenue un \u00e9l\u00e9ment incontournable du design d&#8217;int\u00e9rieur, capable de m\u00e9tamorphoser une pi\u00e8ce ordinaire en un lieu unique et chaleureux. Pourquoi la D\u00e9coration [&hellip;]<\/p>\n","protected":false},"author":2,"featured_media":8545,"comment_status":"open","ping_status":"open","sticky":false,"template":"","format":"standard","meta":{"footnotes":""},"categories":[8],"tags":[242,243],"class_list":["post-8543","post","type-post","status-publish","format-standard","has-post-thumbnail","hentry","category-avis","tag-cadre-photo","tag-peinture"],"yoast_head":"<!-- This site is optimized with the Yoast SEO plugin v27.5 - https:\/\/yoast.com\/product\/yoast-seo-wordpress\/ -->\n<title>L&#039;Art de Transformer ses Murs : Guide Complet de la D\u00e9coration Murale - Mobilier Design Magazine<\/title>\n<meta name=\"robots\" content=\"index, follow, max-snippet:-1, max-image-preview:large, max-video-preview:-1\" \/>\n<link rel=\"canonical\" href=\"https:\/\/www.mobilier-design-occasion.fr\/magazine\/lart-de-transformer-ses-murs-guide-complet-de-la-decoration-murale\/\" \/>\n<meta property=\"og:locale\" content=\"fr_FR\" \/>\n<meta property=\"og:type\" content=\"article\" \/>\n<meta property=\"og:title\" content=\"L&#039;Art de Transformer ses Murs : Guide Complet de la D\u00e9coration Murale - Mobilier Design Magazine\" \/>\n<meta property=\"og:description\" content=\"Les murs d&#8217;une habitation sont bien plus que de simples cloisons : ce sont des toiles vierges qui attendent d&#8217;exprimer votre personnalit\u00e9 et de donner vie \u00e0 vos espaces. La d\u00e9coration murale est devenue un \u00e9l\u00e9ment incontournable du design d&#8217;int\u00e9rieur, capable de m\u00e9tamorphoser une pi\u00e8ce ordinaire en un lieu unique et chaleureux. Pourquoi la D\u00e9coration [&hellip;]\" \/>\n<meta property=\"og:url\" content=\"https:\/\/www.mobilier-design-occasion.fr\/magazine\/lart-de-transformer-ses-murs-guide-complet-de-la-decoration-murale\/\" \/>\n<meta property=\"og:site_name\" content=\"Mobilier Design Magazine\" \/>\n<meta property=\"article:publisher\" content=\"https:\/\/www.facebook.com\/mobilierdesignoccasion\" \/>\n<meta property=\"article:published_time\" content=\"2025-10-14T09:22:13+00:00\" \/>\n<meta property=\"article:modified_time\" content=\"2025-10-14T09:22:14+00:00\" \/>\n<meta property=\"og:image\" content=\"https:\/\/www.mobilier-design-occasion.fr\/magazine\/wp-content\/uploads\/2025\/10\/image-1.png\" \/>\n\t<meta property=\"og:image:width\" content=\"754\" \/>\n\t<meta property=\"og:image:height\" content=\"866\" \/>\n\t<meta property=\"og:image:type\" content=\"image\/png\" \/>\n<meta name=\"author\" content=\"Vincent Vandegans\" \/>\n<meta name=\"twitter:card\" content=\"summary_large_image\" \/>\n<meta name=\"twitter:label1\" content=\"\u00c9crit par\" \/>\n\t<meta name=\"twitter:data1\" content=\"Vincent Vandegans\" \/>\n\t<meta name=\"twitter:label2\" content=\"Dur\u00e9e de lecture estim\u00e9e\" \/>\n\t<meta name=\"twitter:data2\" content=\"5 minutes\" \/>\n<script type=\"application\/ld+json\" class=\"yoast-schema-graph\">{\"@context\":\"https:\\\/\\\/schema.org\",\"@graph\":[{\"@type\":\"Article\",\"@id\":\"https:\\\/\\\/www.mobilier-design-occasion.fr\\\/magazine\\\/lart-de-transformer-ses-murs-guide-complet-de-la-decoration-murale\\\/#article\",\"isPartOf\":{\"@id\":\"https:\\\/\\\/www.mobilier-design-occasion.fr\\\/magazine\\\/lart-de-transformer-ses-murs-guide-complet-de-la-decoration-murale\\\/\"},\"author\":{\"name\":\"Vincent Vandegans\",\"@id\":\"https:\\\/\\\/www.mobilier-design-occasion.fr\\\/magazine\\\/#\\\/schema\\\/person\\\/af895bedc80bfb6b17730a672fddac9e\"},\"headline\":\"L&#8217;Art de Transformer ses Murs : Guide Complet de la D\u00e9coration Murale\",\"datePublished\":\"2025-10-14T09:22:13+00:00\",\"dateModified\":\"2025-10-14T09:22:14+00:00\",\"mainEntityOfPage\":{\"@id\":\"https:\\\/\\\/www.mobilier-design-occasion.fr\\\/magazine\\\/lart-de-transformer-ses-murs-guide-complet-de-la-decoration-murale\\\/\"},\"wordCount\":927,\"commentCount\":0,\"publisher\":{\"@id\":\"https:\\\/\\\/www.mobilier-design-occasion.fr\\\/magazine\\\/#organization\"},\"image\":{\"@id\":\"https:\\\/\\\/www.mobilier-design-occasion.fr\\\/magazine\\\/lart-de-transformer-ses-murs-guide-complet-de-la-decoration-murale\\\/#primaryimage\"},\"thumbnailUrl\":\"https:\\\/\\\/www.mobilier-design-occasion.fr\\\/magazine\\\/wp-content\\\/uploads\\\/2025\\\/10\\\/image-1.png\",\"keywords\":[\"cadre photo\",\"peinture\"],\"articleSection\":[\"Avis marques d\u00e9co\"],\"inLanguage\":\"fr-FR\",\"potentialAction\":[{\"@type\":\"CommentAction\",\"name\":\"Comment\",\"target\":[\"https:\\\/\\\/www.mobilier-design-occasion.fr\\\/magazine\\\/lart-de-transformer-ses-murs-guide-complet-de-la-decoration-murale\\\/#respond\"]}]},{\"@type\":\"WebPage\",\"@id\":\"https:\\\/\\\/www.mobilier-design-occasion.fr\\\/magazine\\\/lart-de-transformer-ses-murs-guide-complet-de-la-decoration-murale\\\/\",\"url\":\"https:\\\/\\\/www.mobilier-design-occasion.fr\\\/magazine\\\/lart-de-transformer-ses-murs-guide-complet-de-la-decoration-murale\\\/\",\"name\":\"L'Art de Transformer ses Murs : Guide Complet de la D\u00e9coration Murale - Mobilier Design Magazine\",\"isPartOf\":{\"@id\":\"https:\\\/\\\/www.mobilier-design-occasion.fr\\\/magazine\\\/#website\"},\"primaryImageOfPage\":{\"@id\":\"https:\\\/\\\/www.mobilier-design-occasion.fr\\\/magazine\\\/lart-de-transformer-ses-murs-guide-complet-de-la-decoration-murale\\\/#primaryimage\"},\"image\":{\"@id\":\"https:\\\/\\\/www.mobilier-design-occasion.fr\\\/magazine\\\/lart-de-transformer-ses-murs-guide-complet-de-la-decoration-murale\\\/#primaryimage\"},\"thumbnailUrl\":\"https:\\\/\\\/www.mobilier-design-occasion.fr\\\/magazine\\\/wp-content\\\/uploads\\\/2025\\\/10\\\/image-1.png\",\"datePublished\":\"2025-10-14T09:22:13+00:00\",\"dateModified\":\"2025-10-14T09:22:14+00:00\",\"breadcrumb\":{\"@id\":\"https:\\\/\\\/www.mobilier-design-occasion.fr\\\/magazine\\\/lart-de-transformer-ses-murs-guide-complet-de-la-decoration-murale\\\/#breadcrumb\"},\"inLanguage\":\"fr-FR\",\"potentialAction\":[{\"@type\":\"ReadAction\",\"target\":[\"https:\\\/\\\/www.mobilier-design-occasion.fr\\\/magazine\\\/lart-de-transformer-ses-murs-guide-complet-de-la-decoration-murale\\\/\"]}]},{\"@type\":\"ImageObject\",\"inLanguage\":\"fr-FR\",\"@id\":\"https:\\\/\\\/www.mobilier-design-occasion.fr\\\/magazine\\\/lart-de-transformer-ses-murs-guide-complet-de-la-decoration-murale\\\/#primaryimage\",\"url\":\"https:\\\/\\\/www.mobilier-design-occasion.fr\\\/magazine\\\/wp-content\\\/uploads\\\/2025\\\/10\\\/image-1.png\",\"contentUrl\":\"https:\\\/\\\/www.mobilier-design-occasion.fr\\\/magazine\\\/wp-content\\\/uploads\\\/2025\\\/10\\\/image-1.png\",\"width\":754,\"height\":866},{\"@type\":\"BreadcrumbList\",\"@id\":\"https:\\\/\\\/www.mobilier-design-occasion.fr\\\/magazine\\\/lart-de-transformer-ses-murs-guide-complet-de-la-decoration-murale\\\/#breadcrumb\",\"itemListElement\":[{\"@type\":\"ListItem\",\"position\":1,\"name\":\"Accueil\",\"item\":\"https:\\\/\\\/www.mobilier-design-occasion.fr\\\/magazine\\\/\"},{\"@type\":\"ListItem\",\"position\":2,\"name\":\"L&#8217;Art de Transformer ses Murs : Guide Complet de la D\u00e9coration Murale\"}]},{\"@type\":\"WebSite\",\"@id\":\"https:\\\/\\\/www.mobilier-design-occasion.fr\\\/magazine\\\/#website\",\"url\":\"https:\\\/\\\/www.mobilier-design-occasion.fr\\\/magazine\\\/\",\"name\":\"Mobilier Design Magazine\",\"description\":\"\",\"publisher\":{\"@id\":\"https:\\\/\\\/www.mobilier-design-occasion.fr\\\/magazine\\\/#organization\"},\"potentialAction\":[{\"@type\":\"SearchAction\",\"target\":{\"@type\":\"EntryPoint\",\"urlTemplate\":\"https:\\\/\\\/www.mobilier-design-occasion.fr\\\/magazine\\\/?s={search_term_string}\"},\"query-input\":{\"@type\":\"PropertyValueSpecification\",\"valueRequired\":true,\"valueName\":\"search_term_string\"}}],\"inLanguage\":\"fr-FR\"},{\"@type\":\"Organization\",\"@id\":\"https:\\\/\\\/www.mobilier-design-occasion.fr\\\/magazine\\\/#organization\",\"name\":\"Mobilier Design Magazine\",\"url\":\"https:\\\/\\\/www.mobilier-design-occasion.fr\\\/magazine\\\/\",\"logo\":{\"@type\":\"ImageObject\",\"inLanguage\":\"fr-FR\",\"@id\":\"https:\\\/\\\/www.mobilier-design-occasion.fr\\\/magazine\\\/#\\\/schema\\\/logo\\\/image\\\/\",\"url\":\"https:\\\/\\\/www.mobilier-design-occasion.fr\\\/magazine\\\/wp-content\\\/uploads\\\/2024\\\/02\\\/android-chrome-192x192-1.png\",\"contentUrl\":\"https:\\\/\\\/www.mobilier-design-occasion.fr\\\/magazine\\\/wp-content\\\/uploads\\\/2024\\\/02\\\/android-chrome-192x192-1.png\",\"width\":192,\"height\":192,\"caption\":\"Mobilier Design Magazine\"},\"image\":{\"@id\":\"https:\\\/\\\/www.mobilier-design-occasion.fr\\\/magazine\\\/#\\\/schema\\\/logo\\\/image\\\/\"},\"sameAs\":[\"https:\\\/\\\/www.facebook.com\\\/mobilierdesignoccasion\"]},{\"@type\":\"Person\",\"@id\":\"https:\\\/\\\/www.mobilier-design-occasion.fr\\\/magazine\\\/#\\\/schema\\\/person\\\/af895bedc80bfb6b17730a672fddac9e\",\"name\":\"Vincent Vandegans\",\"image\":{\"@type\":\"ImageObject\",\"inLanguage\":\"fr-FR\",\"@id\":\"https:\\\/\\\/secure.gravatar.com\\\/avatar\\\/b984800dabdf722d5e3f03f637c8932dea77d81118467d17ad2953e3b273ec66?s=96&d=mm&r=g\",\"url\":\"https:\\\/\\\/secure.gravatar.com\\\/avatar\\\/b984800dabdf722d5e3f03f637c8932dea77d81118467d17ad2953e3b273ec66?s=96&d=mm&r=g\",\"contentUrl\":\"https:\\\/\\\/secure.gravatar.com\\\/avatar\\\/b984800dabdf722d5e3f03f637c8932dea77d81118467d17ad2953e3b273ec66?s=96&d=mm&r=g\",\"caption\":\"Vincent Vandegans\"},\"description\":\"Vincent est passionn\u00e9 par les produits d'occasion, il a ouvert le site MDO avec Cyrielle pour aider les gens \u00e0 trouver du mobilier d'occasion, vintage ou usag\u00e9. Depuis, ils ont \u00e9tendu leurs activit\u00e9s et conseillent tout le monde sur le mobilier d'int\u00e9rieur et d'ext\u00e9rieur au quotidien \u00e0 travers le magazine MDO.\",\"url\":\"https:\\\/\\\/www.mobilier-design-occasion.fr\\\/magazine\\\/author\\\/vincent\\\/\"}]}<\/script>\n<!-- \/ Yoast SEO plugin. -->","yoast_head_json":{"title":"L'Art de Transformer ses Murs : Guide Complet de la D\u00e9coration Murale - Mobilier Design Magazine","robots":{"index":"index","follow":"follow","max-snippet":"max-snippet:-1","max-image-preview":"max-image-preview:large","max-video-preview":"max-video-preview:-1"},"canonical":"https:\/\/www.mobilier-design-occasion.fr\/magazine\/lart-de-transformer-ses-murs-guide-complet-de-la-decoration-murale\/","og_locale":"fr_FR","og_type":"article","og_title":"L'Art de Transformer ses Murs : Guide Complet de la D\u00e9coration Murale - Mobilier Design Magazine","og_description":"Les murs d&#8217;une habitation sont bien plus que de simples cloisons : ce sont des toiles vierges qui attendent d&#8217;exprimer votre personnalit\u00e9 et de donner vie \u00e0 vos espaces. La d\u00e9coration murale est devenue un \u00e9l\u00e9ment incontournable du design d&#8217;int\u00e9rieur, capable de m\u00e9tamorphoser une pi\u00e8ce ordinaire en un lieu unique et chaleureux. Pourquoi la D\u00e9coration [&hellip;]","og_url":"https:\/\/www.mobilier-design-occasion.fr\/magazine\/lart-de-transformer-ses-murs-guide-complet-de-la-decoration-murale\/","og_site_name":"Mobilier Design Magazine","article_publisher":"https:\/\/www.facebook.com\/mobilierdesignoccasion","article_published_time":"2025-10-14T09:22:13+00:00","article_modified_time":"2025-10-14T09:22:14+00:00","og_image":[{"width":754,"height":866,"url":"https:\/\/www.mobilier-design-occasion.fr\/magazine\/wp-content\/uploads\/2025\/10\/image-1.png","type":"image\/png"}],"author":"Vincent Vandegans","twitter_card":"summary_large_image","twitter_misc":{"\u00c9crit par":"Vincent Vandegans","Dur\u00e9e de lecture estim\u00e9e":"5 minutes"},"schema":{"@context":"https:\/\/schema.org","@graph":[{"@type":"Article","@id":"https:\/\/www.mobilier-design-occasion.fr\/magazine\/lart-de-transformer-ses-murs-guide-complet-de-la-decoration-murale\/#article","isPartOf":{"@id":"https:\/\/www.mobilier-design-occasion.fr\/magazine\/lart-de-transformer-ses-murs-guide-complet-de-la-decoration-murale\/"},"author":{"name":"Vincent Vandegans","@id":"https:\/\/www.mobilier-design-occasion.fr\/magazine\/#\/schema\/person\/af895bedc80bfb6b17730a672fddac9e"},"headline":"L&#8217;Art de Transformer ses Murs : Guide Complet de la D\u00e9coration Murale","datePublished":"2025-10-14T09:22:13+00:00","dateModified":"2025-10-14T09:22:14+00:00","mainEntityOfPage":{"@id":"https:\/\/www.mobilier-design-occasion.fr\/magazine\/lart-de-transformer-ses-murs-guide-complet-de-la-decoration-murale\/"},"wordCount":927,"commentCount":0,"publisher":{"@id":"https:\/\/www.mobilier-design-occasion.fr\/magazine\/#organization"},"image":{"@id":"https:\/\/www.mobilier-design-occasion.fr\/magazine\/lart-de-transformer-ses-murs-guide-complet-de-la-decoration-murale\/#primaryimage"},"thumbnailUrl":"https:\/\/www.mobilier-design-occasion.fr\/magazine\/wp-content\/uploads\/2025\/10\/image-1.png","keywords":["cadre photo","peinture"],"articleSection":["Avis marques d\u00e9co"],"inLanguage":"fr-FR","potentialAction":[{"@type":"CommentAction","name":"Comment","target":["https:\/\/www.mobilier-design-occasion.fr\/magazine\/lart-de-transformer-ses-murs-guide-complet-de-la-decoration-murale\/#respond"]}]},{"@type":"WebPage","@id":"https:\/\/www.mobilier-design-occasion.fr\/magazine\/lart-de-transformer-ses-murs-guide-complet-de-la-decoration-murale\/","url":"https:\/\/www.mobilier-design-occasion.fr\/magazine\/lart-de-transformer-ses-murs-guide-complet-de-la-decoration-murale\/","name":"L'Art de Transformer ses Murs : Guide Complet de la D\u00e9coration Murale - Mobilier Design Magazine","isPartOf":{"@id":"https:\/\/www.mobilier-design-occasion.fr\/magazine\/#website"},"primaryImageOfPage":{"@id":"https:\/\/www.mobilier-design-occasion.fr\/magazine\/lart-de-transformer-ses-murs-guide-complet-de-la-decoration-murale\/#primaryimage"},"image":{"@id":"https:\/\/www.mobilier-design-occasion.fr\/magazine\/lart-de-transformer-ses-murs-guide-complet-de-la-decoration-murale\/#primaryimage"},"thumbnailUrl":"https:\/\/www.mobilier-design-occasion.fr\/magazine\/wp-content\/uploads\/2025\/10\/image-1.png","datePublished":"2025-10-14T09:22:13+00:00","dateModified":"2025-10-14T09:22:14+00:00","breadcrumb":{"@id":"https:\/\/www.mobilier-design-occasion.fr\/magazine\/lart-de-transformer-ses-murs-guide-complet-de-la-decoration-murale\/#breadcrumb"},"inLanguage":"fr-FR","potentialAction":[{"@type":"ReadAction","target":["https:\/\/www.mobilier-design-occasion.fr\/magazine\/lart-de-transformer-ses-murs-guide-complet-de-la-decoration-murale\/"]}]},{"@type":"ImageObject","inLanguage":"fr-FR","@id":"https:\/\/www.mobilier-design-occasion.fr\/magazine\/lart-de-transformer-ses-murs-guide-complet-de-la-decoration-murale\/#primaryimage","url":"https:\/\/www.mobilier-design-occasion.fr\/magazine\/wp-content\/uploads\/2025\/10\/image-1.png","contentUrl":"https:\/\/www.mobilier-design-occasion.fr\/magazine\/wp-content\/uploads\/2025\/10\/image-1.png","width":754,"height":866},{"@type":"BreadcrumbList","@id":"https:\/\/www.mobilier-design-occasion.fr\/magazine\/lart-de-transformer-ses-murs-guide-complet-de-la-decoration-murale\/#breadcrumb","itemListElement":[{"@type":"ListItem","position":1,"name":"Accueil","item":"https:\/\/www.mobilier-design-occasion.fr\/magazine\/"},{"@type":"ListItem","position":2,"name":"L&#8217;Art de Transformer ses Murs : Guide Complet de la D\u00e9coration Murale"}]},{"@type":"WebSite","@id":"https:\/\/www.mobilier-design-occasion.fr\/magazine\/#website","url":"https:\/\/www.mobilier-design-occasion.fr\/magazine\/","name":"Mobilier Design Magazine","description":"","publisher":{"@id":"https:\/\/www.mobilier-design-occasion.fr\/magazine\/#organization"},"potentialAction":[{"@type":"SearchAction","target":{"@type":"EntryPoint","urlTemplate":"https:\/\/www.mobilier-design-occasion.fr\/magazine\/?s={search_term_string}"},"query-input":{"@type":"PropertyValueSpecification","valueRequired":true,"valueName":"search_term_string"}}],"inLanguage":"fr-FR"},{"@type":"Organization","@id":"https:\/\/www.mobilier-design-occasion.fr\/magazine\/#organization","name":"Mobilier Design Magazine","url":"https:\/\/www.mobilier-design-occasion.fr\/magazine\/","logo":{"@type":"ImageObject","inLanguage":"fr-FR","@id":"https:\/\/www.mobilier-design-occasion.fr\/magazine\/#\/schema\/logo\/image\/","url":"https:\/\/www.mobilier-design-occasion.fr\/magazine\/wp-content\/uploads\/2024\/02\/android-chrome-192x192-1.png","contentUrl":"https:\/\/www.mobilier-design-occasion.fr\/magazine\/wp-content\/uploads\/2024\/02\/android-chrome-192x192-1.png","width":192,"height":192,"caption":"Mobilier Design Magazine"},"image":{"@id":"https:\/\/www.mobilier-design-occasion.fr\/magazine\/#\/schema\/logo\/image\/"},"sameAs":["https:\/\/www.facebook.com\/mobilierdesignoccasion"]},{"@type":"Person","@id":"https:\/\/www.mobilier-design-occasion.fr\/magazine\/#\/schema\/person\/af895bedc80bfb6b17730a672fddac9e","name":"Vincent Vandegans","image":{"@type":"ImageObject","inLanguage":"fr-FR","@id":"https:\/\/secure.gravatar.com\/avatar\/b984800dabdf722d5e3f03f637c8932dea77d81118467d17ad2953e3b273ec66?s=96&d=mm&r=g","url":"https:\/\/secure.gravatar.com\/avatar\/b984800dabdf722d5e3f03f637c8932dea77d81118467d17ad2953e3b273ec66?s=96&d=mm&r=g","contentUrl":"https:\/\/secure.gravatar.com\/avatar\/b984800dabdf722d5e3f03f637c8932dea77d81118467d17ad2953e3b273ec66?s=96&d=mm&r=g","caption":"Vincent Vandegans"},"description":"Vincent est passionn\u00e9 par les produits d'occasion, il a ouvert le site MDO avec Cyrielle pour aider les gens \u00e0 trouver du mobilier d'occasion, vintage ou usag\u00e9. Depuis, ils ont \u00e9tendu leurs activit\u00e9s et conseillent tout le monde sur le mobilier d'int\u00e9rieur et d'ext\u00e9rieur au quotidien \u00e0 travers le magazine MDO.","url":"https:\/\/www.mobilier-design-occasion.fr\/magazine\/author\/vincent\/"}]}},"_links":{"self":[{"href":"https:\/\/www.mobilier-design-occasion.fr\/magazine\/wp-json\/wp\/v2\/posts\/8543","targetHints":{"allow":["GET"]}}],"collection":[{"href":"https:\/\/www.mobilier-design-occasion.fr\/magazine\/wp-json\/wp\/v2\/posts"}],"about":[{"href":"https:\/\/www.mobilier-design-occasion.fr\/magazine\/wp-json\/wp\/v2\/types\/post"}],"author":[{"embeddable":true,"href":"https:\/\/www.mobilier-design-occasion.fr\/magazine\/wp-json\/wp\/v2\/users\/2"}],"replies":[{"embeddable":true,"href":"https:\/\/www.mobilier-design-occasion.fr\/magazine\/wp-json\/wp\/v2\/comments?post=8543"}],"version-history":[{"count":1,"href":"https:\/\/www.mobilier-design-occasion.fr\/magazine\/wp-json\/wp\/v2\/posts\/8543\/revisions"}],"predecessor-version":[{"id":8548,"href":"https:\/\/www.mobilier-design-occasion.fr\/magazine\/wp-json\/wp\/v2\/posts\/8543\/revisions\/8548"}],"wp:featuredmedia":[{"embeddable":true,"href":"https:\/\/www.mobilier-design-occasion.fr\/magazine\/wp-json\/wp\/v2\/media\/8545"}],"wp:attachment":[{"href":"https:\/\/www.mobilier-design-occasion.fr\/magazine\/wp-json\/wp\/v2\/media?parent=8543"}],"wp:term":[{"taxonomy":"category","embeddable":true,"href":"https:\/\/www.mobilier-design-occasion.fr\/magazine\/wp-json\/wp\/v2\/categories?post=8543"},{"taxonomy":"post_tag","embeddable":true,"href":"https:\/\/www.mobilier-design-occasion.fr\/magazine\/wp-json\/wp\/v2\/tags?post=8543"}],"curies":[{"name":"wp","href":"https:\/\/api.w.org\/{rel}","templated":true}]}}