{"id":8533,"date":"2025-10-11T11:37:28","date_gmt":"2025-10-11T11:37:28","guid":{"rendered":"https:\/\/www.mobilier-design-occasion.fr\/magazine\/acheter-un-lave-vaisselle-doccasion-bon-ou-mauvais-plan\/"},"modified":"2025-10-11T11:46:17","modified_gmt":"2025-10-11T11:46:17","slug":"acheter-un-lave-vaisselle-doccasion-bon-ou-mauvais-plan","status":"publish","type":"post","link":"https:\/\/www.mobilier-design-occasion.fr\/magazine\/acheter-un-lave-vaisselle-doccasion-bon-ou-mauvais-plan\/","title":{"rendered":"Acheter un lave-vaisselle d\u2019occasion : bon ou mauvais plan ?"},"content":{"rendered":"\n<p>Sur <strong><a href=\"https:\/\/www.mobilier-design-occasion.fr\/magazine\/test-avis-sur-la-redoute-interieurs-am-pm\/\">Mobilier<\/a> <a href=\"https:\/\/www.mobilier-design-occasion.fr\/magazine\/table-tulipe-knoll-indemodable-du-design\/\">Design<\/a> <a href=\"https:\/\/www.mobilier-design-occasion.fr\/magazine\/le-canape-togo-doccasion\/\">Occasion<\/a><\/strong>, on parle souvent de meubles et d\u2019\u00e9lectrom\u00e9nager de <a href=\"https:\/\/www.mobilier-design-occasion.fr\/magazine\/reussir-a-vendre-son-mobilier\/\">seconde main<\/a>. Mais lorsqu\u2019il s\u2019agit d\u2019appareils comme le lave-vaisselle, beaucoup h\u00e9sitent encore : est-ce vraiment une bonne id\u00e9e d\u2019en acheter un d\u2019occasion ? Entre \u00e9conomies, risques et bons r\u00e9flexes \u00e0 adopter, faisons le point ensemble.<\/p>\n\n\n\n<p>&nbsp;<\/p>\n\n\n\n<h2 class=\"wp-block-heading\"><span class=\"ez-toc-section\" id=\"Pourquoi_acheter_un_lave-vaisselle_doccasion\"><\/span>Pourquoi acheter un lave-vaisselle d\u2019occasion ?<span class=\"ez-toc-section-end\"><\/span><\/h2><div id=\"ez-toc-container\" class=\"ez-toc-v2_0_82_2 counter-hierarchy ez-toc-counter ez-toc-grey ez-toc-container-direction\">\n<div class=\"ez-toc-title-container\">\n<span class=\"ez-toc-title-toggle\"><a href=\"#\" class=\"ez-toc-pull-right ez-toc-btn ez-toc-btn-xs ez-toc-btn-default ez-toc-toggle\" aria-label=\"Toggle Table of Content\"><span class=\"ez-toc-js-icon-con\"><span class=\"\"><span class=\"eztoc-hide\" style=\"display:none;\">Toggle<\/span><span class=\"ez-toc-icon-toggle-span\"><svg style=\"fill: #999;color:#999\" xmlns=\"http:\/\/www.w3.org\/2000\/svg\" class=\"list-377408\" width=\"20px\" height=\"20px\" viewBox=\"0 0 24 24\" fill=\"none\"><path d=\"M6 6H4v2h2V6zm14 0H8v2h12V6zM4 11h2v2H4v-2zm16 0H8v2h12v-2zM4 16h2v2H4v-2zm16 0H8v2h12v-2z\" fill=\"currentColor\"><\/path><\/svg><svg style=\"fill: #999;color:#999\" class=\"arrow-unsorted-368013\" xmlns=\"http:\/\/www.w3.org\/2000\/svg\" width=\"10px\" height=\"10px\" viewBox=\"0 0 24 24\" version=\"1.2\" baseProfile=\"tiny\"><path d=\"M18.2 9.3l-6.2-6.3-6.2 6.3c-.2.2-.3.4-.3.7s.1.5.3.7c.2.2.4.3.7.3h11c.3 0 .5-.1.7-.3.2-.2.3-.5.3-.7s-.1-.5-.3-.7zM5.8 14.7l6.2 6.3 6.2-6.3c.2-.2.3-.5.3-.7s-.1-.5-.3-.7c-.2-.2-.4-.3-.7-.3h-11c-.3 0-.5.1-.7.3-.2.2-.3.5-.3.7s.1.5.3.7z\"\/><\/svg><\/span><\/span><\/span><\/a><\/span><\/div>\n<nav><ul class='ez-toc-list ez-toc-list-level-1 eztoc-toggle-hide-by-default' ><li class='ez-toc-page-1 ez-toc-heading-level-2'><a class=\"ez-toc-link ez-toc-heading-1\" href=\"https:\/\/www.mobilier-design-occasion.fr\/magazine\/acheter-un-lave-vaisselle-doccasion-bon-ou-mauvais-plan\/#Pourquoi_acheter_un_lave-vaisselle_doccasion\" >Pourquoi acheter un lave-vaisselle d\u2019occasion ?<\/a><ul class='ez-toc-list-level-3' ><li class='ez-toc-heading-level-3'><a class=\"ez-toc-link ez-toc-heading-2\" href=\"https:\/\/www.mobilier-design-occasion.fr\/magazine\/acheter-un-lave-vaisselle-doccasion-bon-ou-mauvais-plan\/#Largument_economique_avant_tout\" >L\u2019argument \u00e9conomique avant tout<\/a><\/li><li class='ez-toc-page-1 ez-toc-heading-level-3'><a class=\"ez-toc-link ez-toc-heading-3\" href=\"https:\/\/www.mobilier-design-occasion.fr\/magazine\/acheter-un-lave-vaisselle-doccasion-bon-ou-mauvais-plan\/#Un_geste_ecoresponsable\" >Un geste \u00e9coresponsable<\/a><\/li><li class='ez-toc-page-1 ez-toc-heading-level-3'><a class=\"ez-toc-link ez-toc-heading-4\" href=\"https:\/\/www.mobilier-design-occasion.fr\/magazine\/acheter-un-lave-vaisselle-doccasion-bon-ou-mauvais-plan\/#Des_modeles_haut_de_gamme_plus_accessibles\" >Des mod\u00e8les haut de gamme plus accessibles<\/a><\/li><\/ul><\/li><li class='ez-toc-page-1 ez-toc-heading-level-2'><a class=\"ez-toc-link ez-toc-heading-5\" href=\"https:\/\/www.mobilier-design-occasion.fr\/magazine\/acheter-un-lave-vaisselle-doccasion-bon-ou-mauvais-plan\/#Les_risques_a_connaitre_avant_de_se_lancer\" >Les risques \u00e0 conna\u00eetre avant de se lancer<\/a><\/li><li class='ez-toc-page-1 ez-toc-heading-level-2'><a class=\"ez-toc-link ez-toc-heading-6\" href=\"https:\/\/www.mobilier-design-occasion.fr\/magazine\/acheter-un-lave-vaisselle-doccasion-bon-ou-mauvais-plan\/#Pas_de_garantie_constructeur\" >Pas de garantie constructeur<\/a><ul class='ez-toc-list-level-3' ><li class='ez-toc-heading-level-3'><a class=\"ez-toc-link ez-toc-heading-7\" href=\"https:\/\/www.mobilier-design-occasion.fr\/magazine\/acheter-un-lave-vaisselle-doccasion-bon-ou-mauvais-plan\/#Usure_et_pieces_detachees\" >Usure et pi\u00e8ces d\u00e9tach\u00e9es<\/a><\/li><li class='ez-toc-page-1 ez-toc-heading-level-3'><a class=\"ez-toc-link ez-toc-heading-8\" href=\"https:\/\/www.mobilier-design-occasion.fr\/magazine\/acheter-un-lave-vaisselle-doccasion-bon-ou-mauvais-plan\/#Consommation_et_performances\" >Consommation et performances<\/a><\/li><li class='ez-toc-page-1 ez-toc-heading-level-3'><a class=\"ez-toc-link ez-toc-heading-9\" href=\"https:\/\/www.mobilier-design-occasion.fr\/magazine\/acheter-un-lave-vaisselle-doccasion-bon-ou-mauvais-plan\/#Hygiene_et_etat_general\" >Hygi\u00e8ne et \u00e9tat g\u00e9n\u00e9ral<\/a><\/li><\/ul><\/li><li class='ez-toc-page-1 ez-toc-heading-level-2'><a class=\"ez-toc-link ez-toc-heading-10\" href=\"https:\/\/www.mobilier-design-occasion.fr\/magazine\/acheter-un-lave-vaisselle-doccasion-bon-ou-mauvais-plan\/#Bon_ou_mauvais_plan_alors\" >Bon ou mauvais plan, alors ?<\/a><ul class='ez-toc-list-level-3' ><li class='ez-toc-heading-level-3'><a class=\"ez-toc-link ez-toc-heading-11\" href=\"https:\/\/www.mobilier-design-occasion.fr\/magazine\/acheter-un-lave-vaisselle-doccasion-bon-ou-mauvais-plan\/#Mauvais_plan_si\" >Mauvais plan si :<\/a><\/li><\/ul><\/li><\/ul><\/nav><\/div>\n\n\n\n\n<h3 class=\"wp-block-heading\"><span class=\"ez-toc-section\" id=\"Largument_economique_avant_tout\"><\/span>L\u2019argument \u00e9conomique avant tout<span class=\"ez-toc-section-end\"><\/span><\/h3>\n\n\n\n<p>\u00a0Soyons honn\u00eate, acheter de l\u2019occasion ou du reconditionn\u00e9, c\u2019est avant tout une histoire de prix et de budget.<\/p>\n\n\n\n<p>Un <a href=\"https:\/\/www.cuisine-encastrable.com\/meilleurs-lave-vaisselles\/\">bon lave-vaisselle encastrable neuf<\/a> (voir le comparatif de Cuisine-Encastrable.com), et surtout haut de gamme, peut vite d\u00e9passer les 700, voire 1000 \u20ac. En occasion, on trouve des mod\u00e8les r\u00e9cents autour de <strong>150 \u00e0 300 \u20ac<\/strong>, voire moins.<\/p>\n\n\n\n<p>&nbsp;<\/p>\n\n\n\n<p>Pour un budget serr\u00e9 ou un premier \u00e9quipement, c\u2019est une excellente alternative. Voici les prix moyens que nous avons pu observer pour des lave-vaisselles seconde main sur des plateformes de revente entre particuliers (Leboncoin, <a href=\"https:\/\/www.mobilier-design-occasion.fr\/magazine\/nos-idees-pour-amenager-votre-terrasse-avec-fermob\/\">Mobilier Design<\/a> Occasion, etc.) :<\/p>\n\n\n\n<p>&nbsp;<\/p>\n\n\n\n<figure class=\"wp-block-table\"><table class=\"has-fixed-layout\"><tbody><tr><td>\n<p><strong>\u00c9tat<\/strong><\/p>\n<\/td><td>\n<p><strong>\u00c2ge \/ caract\u00e9ristiques<\/strong><\/p>\n<\/td><td>\n<p><strong>Prix moyen observ\u00e9<\/strong><\/p>\n<\/td><\/tr><tr><td>\n<p><strong>Tr\u00e8s bon \u00e9tat (moins de 3 ans)<\/strong><\/p>\n<\/td><td>\n<p>Mod\u00e8le r\u00e9cent, bon entretien<\/p>\n<\/td><td>\n<p><strong>150 \u00e0 250 \u20ac<\/strong><\/p>\n<\/td><\/tr><tr><td>\n<p><strong>Bon \u00e9tat (3 \u00e0 6 ans)<\/strong><\/p>\n<\/td><td>\n<p>Mod\u00e8le milieu de gamme, fonctionnement OK<\/p>\n<\/td><td>\n<p><strong>100 \u00e0 180 \u20ac<\/strong><\/p>\n<\/td><\/tr><tr><td>\n<p><strong>Ancien mod\u00e8le (6 \u00e0 10 ans)<\/strong><\/p>\n<\/td><td>\n<p>Bon \u00e9tat, mais sans garantie<\/p>\n<\/td><td>\n<p><strong>60 \u00e0 120 \u20ac<\/strong><\/p>\n<\/td><\/tr><\/tbody><\/table><\/figure>\n\n\n\n<h3 class=\"wp-block-heading\"><span class=\"ez-toc-section\" id=\"Un_geste_ecoresponsable\"><\/span>Un geste \u00e9coresponsable<span class=\"ez-toc-section-end\"><\/span><\/h3>\n\n\n\n<p>&nbsp;<\/p>\n\n\n\n<p>Acheter d\u2019occasion, c\u2019est aussi prolonger la dur\u00e9e de vie d\u2019un appareil encore fonctionnel. Surtout quand on sait que la dur\u00e9e de vie moyenne d\u2019un lave-vaisselle est de 10 ans ! (estimation UFC Que Choisir).&nbsp;<\/p>\n\n\n\n<p><\/p>\n\n\n\n<p>Par cons\u00e9quent, il n\u2019y a aucune inqui\u00e9tude \u00e0 avoir sur la fiabilit\u00e9 d\u2019un lave-vaisselle d&#8217;occasion de moins de 3 ans.&nbsp;<\/p>\n\n\n\n<p>\u00a0Mais surtout, pour chaque lave-vaisselle r\u00e9utilis\u00e9, c\u2019est des kilos de mat\u00e9riaux \u00e9vit\u00e9s (surtout plastique et autres d\u00e9riv\u00e9s p\u00e9troliers) et moins de CO2\u201a\u201a \u00e9mis. Un choix \u00e9cologique et \u00e9conomique \u00e0 la fois !\u00a0<\/p>\n\n\n\n<p>&nbsp;<\/p>\n\n\n\n<h3 class=\"wp-block-heading\"><span class=\"ez-toc-section\" id=\"Des_modeles_haut_de_gamme_plus_accessibles\"><\/span>Des mod\u00e8les haut de gamme plus accessibles<span class=\"ez-toc-section-end\"><\/span><\/h3>\n\n\n\n<p>\u00a0L\u2019occasion permet aussi de viser des <strong>marques r\u00e9put\u00e9es<\/strong> comme Bosch, Siemens, Whirlpool ou Miele, connues pour leur fiabilit\u00e9. Des marques comme Miele, extr\u00eamement ch\u00e8res, sont beaucoup plus accessibles en occasion qu\u2019en neuf.\u00a0<\/p>\n\n\n\n<p>Prenons l\u2019exemple d\u2019un lave-vaisselle <strong>Bosch S\u00e9rie 4 encastrable<\/strong> (moyenne de gamme), vendu neuf \u00e0 <strong>650 \u20ac<\/strong> :<\/p>\n\n\n\n<ul class=\"wp-block-list\">\n<li>En <strong>occasion r\u00e9cente<\/strong>, on le trouve autour de <strong>200 \u00e0 250 \u20ac<\/strong> \u2192 <strong>\u201360 % \u00e0 \u201370 %<\/strong>.<\/li>\n\n\n\n<li>En <strong>reconditionn\u00e9 garanti<\/strong>, autour de <strong>350 \u20ac<\/strong> \u2192 <strong>\u201345 %<\/strong>.<\/li>\n<\/ul>\n\n\n\n<p>M\u00eame en ajoutant 20 \u20ac de produit de <a href=\"https:\/\/www.mobilier-design-occasion.fr\/magazine\/comment-entretenir-son-mobilier-design-au-quotidien-top-astuces\/\">nettoyage<\/a> et 15 \u20ac de tuyau neuf, vous restez largement gagnant.<\/p>\n\n\n\n<p><\/p>\n\n\n\n<p>Plut\u00f4t que d\u2019acheter un mod\u00e8le neuf d\u2019entr\u00e9e de gamme, vous pouvez ainsi vous offrir un mod\u00e8le plus robuste pour le m\u00eame prix.<\/p>\n\n\n\n<p><\/p>\n\n\n\n<h2 class=\"wp-block-heading\"><span class=\"ez-toc-section\" id=\"Les_risques_a_connaitre_avant_de_se_lancer\"><\/span>Les risques \u00e0 conna\u00eetre avant de se lancer<span class=\"ez-toc-section-end\"><\/span><\/h2>\n\n\n\n<p>Acheter un lave-vaisselle d\u2019occasion reste une bonne id\u00e9e\u2026 \u00e0 condition d\u2019\u00eatre vigilant.<\/p>\n\n\n\n<p>Voici les points \u00e0 surveiller avant de sortir la carte bleue.<\/p>\n\n\n\n<p>&nbsp;<\/p>\n\n\n\n<h2 class=\"wp-block-heading\"><span class=\"ez-toc-section\" id=\"Pas_de_garantie_constructeur\"><\/span>Pas de garantie constructeur<span class=\"ez-toc-section-end\"><\/span><\/h2>\n\n\n\n<p>&nbsp;<\/p>\n\n\n\n<p>C\u2019est le principal inconv\u00e9nient : un lave-vaisselle d\u2019occasion est rarement couvert par une garantie, sauf s\u2019il est reconditionn\u00e9 par un professionnel.<\/p>\n\n\n\n<p>Cela signifie qu\u2019en cas de panne, la r\u00e9paration est \u00e0 votre charge. D\u2019o\u00f9 l\u2019importance de tester l\u2019appareil ou de v\u00e9rifier son historique avant achat.<\/p>\n\n\n\n<p>&nbsp;<\/p>\n\n\n\n<h3 class=\"wp-block-heading\"><span class=\"ez-toc-section\" id=\"Usure_et_pieces_detachees\"><\/span>Usure et pi\u00e8ces d\u00e9tach\u00e9es<span class=\"ez-toc-section-end\"><\/span><\/h3>\n\n\n\n<p>Certains composants comme la pompe de vidange, les bras d\u2019aspersion ou les joints peuvent \u00eatre us\u00e9s sans que cela se voie imm\u00e9diatement.<\/p>\n\n\n\n<p>Si le mod\u00e8le a plus de 8 ans, les pi\u00e8ces d\u00e9tach\u00e9es peuvent aussi devenir difficiles \u00e0 trouver.<\/p>\n\n\n\n<p>C\u2019est pourquoi il vaut mieux privil\u00e9gier les grandes marques et les mod\u00e8les encore produits. Vous pourrez trouver de nombreuses donn\u00e9es sur la fiabilit\u00e9 des marques de lave-vaisselle.<\/p>\n\n\n\n<p>&nbsp;<\/p>\n\n\n\n<p>Nous vous recommandons particuli\u00e8rement de regarder la vid\u00e9o suivante, qui a class\u00e9 les marques de lave-vaisselles les plus fiables selon les derni\u00e8res \u00e9tudes les plus s\u00e9rieuses.<\/p>\n\n\n\n<figure class=\"wp-block-embed is-type-video is-provider-youtube wp-block-embed-youtube wp-embed-aspect-16-9 wp-has-aspect-ratio\"><div class=\"wp-block-embed__wrapper\">\n<iframe loading=\"lazy\" title=\"Lave-vaisselle : top 5 des marques \u00e0 pr\u00e9f\u00e9rer (et 3 \u00e0 \u00e9viter)\" width=\"810\" height=\"456\" src=\"https:\/\/www.youtube.com\/embed\/HnCSHn6Ky8w?feature=oembed\" frameborder=\"0\" allow=\"accelerometer; autoplay; clipboard-write; encrypted-media; gyroscope; picture-in-picture; web-share\" referrerpolicy=\"strict-origin-when-cross-origin\" allowfullscreen><\/iframe>\n<\/div><\/figure>\n\n\n\n<h3 class=\"wp-block-heading\"><span class=\"ez-toc-section\" id=\"Consommation_et_performances\"><\/span>Consommation et performances<span class=\"ez-toc-section-end\"><\/span><\/h3>\n\n\n\n<p>&nbsp;<\/p>\n\n\n\n<p>Les anciens lave-vaisselles consomment souvent plus d\u2019eau et d\u2019\u00e9lectricit\u00e9.<\/p>\n\n\n\n<p>Sur le long terme, cela peut r\u00e9duire les \u00e9conomies r\u00e9alis\u00e9es \u00e0 l\u2019achat.<\/p>\n\n\n\n<p>V\u00e9rifiez donc la classe \u00e9nerg\u00e9tique : les mod\u00e8les class\u00e9s A ou B (nouvelle \u00e9tiquette 2021) sont \u00e0 privil\u00e9gier.<\/p>\n\n\n\n<p>&nbsp;<\/p>\n\n\n\n<h3 class=\"wp-block-heading\"><span class=\"ez-toc-section\" id=\"Hygiene_et_etat_general\"><\/span>Hygi\u00e8ne et \u00e9tat g\u00e9n\u00e9ral<span class=\"ez-toc-section-end\"><\/span><\/h3>\n\n\n\n<p>Un appareil mal entretenu peut cacher des d\u00e9p\u00f4ts de graisse, de calcaire ou de moisissures.<\/p>\n\n\n\n<p>Avant de l\u2019installer, nettoyez-le en profondeur : filtres, bras, joints, <a href=\"https:\/\/www.mobilier-design-occasion.fr\/magazine\/le-petit-lexique-du-mobilier-design\/\">int\u00e9rieur<\/a>\u2026<\/p>\n\n\n\n<p>C\u2019est rapide, et cela permet de repartir sur de bonnes bases.<\/p>\n\n\n\n<p>&nbsp;<\/p>\n\n\n\n<h2 class=\"wp-block-heading\"><span class=\"ez-toc-section\" id=\"Bon_ou_mauvais_plan_alors\"><\/span>Bon ou mauvais plan, alors ?<span class=\"ez-toc-section-end\"><\/span><\/h2>\n\n\n\n<p>En r\u00e9sum\u00e9, acheter un lave-vaisselle d\u2019occasion peut \u00eatre un tr\u00e8s bon plan\u2026<\/p>\n\n\n\n<p><\/p>\n\n\n\n<ul class=\"wp-block-list\">\n<li>L\u2019appareil est propre, test\u00e9 et r\u00e9cent ;<\/li>\n\n\n\n<li>Vous connaissez la <a href=\"https:\/\/www.mobilier-design-occasion.fr\/magazine\/5-marques-de-design-intemporel-que-vous-devez-absolument-connaitre\/\">marque<\/a> et le mod\u00e8le ;<\/li>\n\n\n\n<li>Vous \u00eates attentif \u00e0 la consommation et \u00e0 la r\u00e9parabilit\u00e9.<\/li>\n<\/ul>\n\n\n\n<p>&nbsp;<\/p>\n\n\n\n<h3 class=\"wp-block-heading\"><span class=\"ez-toc-section\" id=\"Mauvais_plan_si\"><\/span>Mauvais plan si :<span class=\"ez-toc-section-end\"><\/span><\/h3>\n\n\n\n<p>&nbsp;<\/p>\n\n\n\n<ul class=\"wp-block-list\">\n<li>L\u2019appareil est trop ancien (plus de 8-10 ans) ;<\/li>\n\n\n\n<li>Les pi\u00e8ces ne sont plus disponibles ;<\/li>\n\n\n\n<li>Le vendeur ne peut pas prouver son bon fonctionnement.<\/li>\n<\/ul>\n\n\n\n<p>&nbsp;<\/p>\n\n\n\n<p>Chez Mobilier Design Occasion, on croit fermement que la seconde main peut rimer avec fiabilit\u00e9 \u2014 \u00e0 condition de combiner bon sens et v\u00e9rifications. C\u2019est exactement cette philosophie qui nous anime : acheter mieux, sans surconsommer.<\/p>\n","protected":false},"excerpt":{"rendered":"<p>Sur Mobilier Design Occasion, on parle souvent de meubles et d\u2019\u00e9lectrom\u00e9nager de seconde main. Mais lorsqu\u2019il s\u2019agit d\u2019appareils comme le lave-vaisselle, beaucoup h\u00e9sitent encore : est-ce vraiment une bonne id\u00e9e d\u2019en acheter un d\u2019occasion ? Entre \u00e9conomies, risques et bons r\u00e9flexes \u00e0 adopter, faisons le point ensemble. &nbsp; Pourquoi acheter un lave-vaisselle d\u2019occasion ? L\u2019argument [&hellip;]<\/p>\n","protected":false},"author":2,"featured_media":8535,"comment_status":"open","ping_status":"open","sticky":false,"template":"","format":"standard","meta":{"footnotes":""},"categories":[123],"tags":[],"class_list":["post-8533","post","type-post","status-publish","format-standard","has-post-thumbnail","hentry","category-salle-de-bain"],"yoast_head":"<!-- This site is optimized with the Yoast SEO plugin v27.5 - https:\/\/yoast.com\/product\/yoast-seo-wordpress\/ -->\n<title>Acheter un lave-vaisselle seconde main : bon ou mauvais plan ?<\/title>\n<meta name=\"description\" content=\"Acheter un lave-vaisselle neuf n&#039;est pas toujours synonyme d&#039;\u00e9conomies et encore moins de geste pour la plan\u00e8te. Alors pourquoi ne pas acheter un appareil d&#039;occasion ? Nous faisons le point sur les avantages et inconv\u00e9nients.\" \/>\n<meta name=\"robots\" content=\"index, follow, max-snippet:-1, max-image-preview:large, max-video-preview:-1\" \/>\n<link rel=\"canonical\" href=\"https:\/\/www.mobilier-design-occasion.fr\/magazine\/acheter-un-lave-vaisselle-doccasion-bon-ou-mauvais-plan\/\" \/>\n<meta property=\"og:locale\" content=\"fr_FR\" \/>\n<meta property=\"og:type\" content=\"article\" \/>\n<meta property=\"og:title\" content=\"Acheter un lave-vaisselle seconde main : bon ou mauvais plan ?\" \/>\n<meta property=\"og:description\" content=\"Acheter un lave-vaisselle neuf n&#039;est pas toujours synonyme d&#039;\u00e9conomies et encore moins de geste pour la plan\u00e8te. Alors pourquoi ne pas acheter un appareil d&#039;occasion ? Nous faisons le point sur les avantages et inconv\u00e9nients.\" \/>\n<meta property=\"og:url\" content=\"https:\/\/www.mobilier-design-occasion.fr\/magazine\/acheter-un-lave-vaisselle-doccasion-bon-ou-mauvais-plan\/\" \/>\n<meta property=\"og:site_name\" content=\"Mobilier Design Magazine\" \/>\n<meta property=\"article:publisher\" content=\"https:\/\/www.facebook.com\/mobilierdesignoccasion\" \/>\n<meta property=\"article:published_time\" content=\"2025-10-11T11:37:28+00:00\" \/>\n<meta property=\"article:modified_time\" content=\"2025-10-11T11:46:17+00:00\" \/>\n<meta property=\"og:image\" content=\"https:\/\/www.mobilier-design-occasion.fr\/magazine\/wp-content\/uploads\/2025\/10\/de6bf7934d7f4f3f51bc74ae0790a83f.jpg\" \/>\n\t<meta property=\"og:image:width\" content=\"1024\" \/>\n\t<meta property=\"og:image:height\" content=\"641\" \/>\n\t<meta property=\"og:image:type\" content=\"image\/jpeg\" \/>\n<meta name=\"author\" content=\"Vincent Vandegans\" \/>\n<meta name=\"twitter:card\" content=\"summary_large_image\" \/>\n<meta name=\"twitter:label1\" content=\"\u00c9crit par\" \/>\n\t<meta name=\"twitter:data1\" content=\"Vincent Vandegans\" \/>\n\t<meta name=\"twitter:label2\" content=\"Dur\u00e9e de lecture estim\u00e9e\" \/>\n\t<meta name=\"twitter:data2\" content=\"5 minutes\" \/>\n<script type=\"application\/ld+json\" class=\"yoast-schema-graph\">{\"@context\":\"https:\\\/\\\/schema.org\",\"@graph\":[{\"@type\":\"Article\",\"@id\":\"https:\\\/\\\/www.mobilier-design-occasion.fr\\\/magazine\\\/acheter-un-lave-vaisselle-doccasion-bon-ou-mauvais-plan\\\/#article\",\"isPartOf\":{\"@id\":\"https:\\\/\\\/www.mobilier-design-occasion.fr\\\/magazine\\\/acheter-un-lave-vaisselle-doccasion-bon-ou-mauvais-plan\\\/\"},\"author\":{\"name\":\"Vincent Vandegans\",\"@id\":\"https:\\\/\\\/www.mobilier-design-occasion.fr\\\/magazine\\\/#\\\/schema\\\/person\\\/af895bedc80bfb6b17730a672fddac9e\"},\"headline\":\"Acheter un lave-vaisselle d\u2019occasion : bon ou mauvais plan ?\",\"datePublished\":\"2025-10-11T11:37:28+00:00\",\"dateModified\":\"2025-10-11T11:46:17+00:00\",\"mainEntityOfPage\":{\"@id\":\"https:\\\/\\\/www.mobilier-design-occasion.fr\\\/magazine\\\/acheter-un-lave-vaisselle-doccasion-bon-ou-mauvais-plan\\\/\"},\"wordCount\":865,\"commentCount\":0,\"publisher\":{\"@id\":\"https:\\\/\\\/www.mobilier-design-occasion.fr\\\/magazine\\\/#organization\"},\"image\":{\"@id\":\"https:\\\/\\\/www.mobilier-design-occasion.fr\\\/magazine\\\/acheter-un-lave-vaisselle-doccasion-bon-ou-mauvais-plan\\\/#primaryimage\"},\"thumbnailUrl\":\"https:\\\/\\\/www.mobilier-design-occasion.fr\\\/magazine\\\/wp-content\\\/uploads\\\/2025\\\/10\\\/de6bf7934d7f4f3f51bc74ae0790a83f.jpg\",\"articleSection\":[\"Salle de bain\"],\"inLanguage\":\"fr-FR\",\"potentialAction\":[{\"@type\":\"CommentAction\",\"name\":\"Comment\",\"target\":[\"https:\\\/\\\/www.mobilier-design-occasion.fr\\\/magazine\\\/acheter-un-lave-vaisselle-doccasion-bon-ou-mauvais-plan\\\/#respond\"]}]},{\"@type\":\"WebPage\",\"@id\":\"https:\\\/\\\/www.mobilier-design-occasion.fr\\\/magazine\\\/acheter-un-lave-vaisselle-doccasion-bon-ou-mauvais-plan\\\/\",\"url\":\"https:\\\/\\\/www.mobilier-design-occasion.fr\\\/magazine\\\/acheter-un-lave-vaisselle-doccasion-bon-ou-mauvais-plan\\\/\",\"name\":\"Acheter un lave-vaisselle seconde main : bon ou mauvais plan ?\",\"isPartOf\":{\"@id\":\"https:\\\/\\\/www.mobilier-design-occasion.fr\\\/magazine\\\/#website\"},\"primaryImageOfPage\":{\"@id\":\"https:\\\/\\\/www.mobilier-design-occasion.fr\\\/magazine\\\/acheter-un-lave-vaisselle-doccasion-bon-ou-mauvais-plan\\\/#primaryimage\"},\"image\":{\"@id\":\"https:\\\/\\\/www.mobilier-design-occasion.fr\\\/magazine\\\/acheter-un-lave-vaisselle-doccasion-bon-ou-mauvais-plan\\\/#primaryimage\"},\"thumbnailUrl\":\"https:\\\/\\\/www.mobilier-design-occasion.fr\\\/magazine\\\/wp-content\\\/uploads\\\/2025\\\/10\\\/de6bf7934d7f4f3f51bc74ae0790a83f.jpg\",\"datePublished\":\"2025-10-11T11:37:28+00:00\",\"dateModified\":\"2025-10-11T11:46:17+00:00\",\"description\":\"Acheter un lave-vaisselle neuf n'est pas toujours synonyme d'\u00e9conomies et encore moins de geste pour la plan\u00e8te. Alors pourquoi ne pas acheter un appareil d'occasion ? Nous faisons le point sur les avantages et inconv\u00e9nients.\",\"breadcrumb\":{\"@id\":\"https:\\\/\\\/www.mobilier-design-occasion.fr\\\/magazine\\\/acheter-un-lave-vaisselle-doccasion-bon-ou-mauvais-plan\\\/#breadcrumb\"},\"inLanguage\":\"fr-FR\",\"potentialAction\":[{\"@type\":\"ReadAction\",\"target\":[\"https:\\\/\\\/www.mobilier-design-occasion.fr\\\/magazine\\\/acheter-un-lave-vaisselle-doccasion-bon-ou-mauvais-plan\\\/\"]}]},{\"@type\":\"ImageObject\",\"inLanguage\":\"fr-FR\",\"@id\":\"https:\\\/\\\/www.mobilier-design-occasion.fr\\\/magazine\\\/acheter-un-lave-vaisselle-doccasion-bon-ou-mauvais-plan\\\/#primaryimage\",\"url\":\"https:\\\/\\\/www.mobilier-design-occasion.fr\\\/magazine\\\/wp-content\\\/uploads\\\/2025\\\/10\\\/de6bf7934d7f4f3f51bc74ae0790a83f.jpg\",\"contentUrl\":\"https:\\\/\\\/www.mobilier-design-occasion.fr\\\/magazine\\\/wp-content\\\/uploads\\\/2025\\\/10\\\/de6bf7934d7f4f3f51bc74ae0790a83f.jpg\",\"width\":1024,\"height\":641},{\"@type\":\"BreadcrumbList\",\"@id\":\"https:\\\/\\\/www.mobilier-design-occasion.fr\\\/magazine\\\/acheter-un-lave-vaisselle-doccasion-bon-ou-mauvais-plan\\\/#breadcrumb\",\"itemListElement\":[{\"@type\":\"ListItem\",\"position\":1,\"name\":\"Accueil\",\"item\":\"https:\\\/\\\/www.mobilier-design-occasion.fr\\\/magazine\\\/\"},{\"@type\":\"ListItem\",\"position\":2,\"name\":\"Acheter un lave-vaisselle d\u2019occasion : bon ou mauvais plan ?\"}]},{\"@type\":\"WebSite\",\"@id\":\"https:\\\/\\\/www.mobilier-design-occasion.fr\\\/magazine\\\/#website\",\"url\":\"https:\\\/\\\/www.mobilier-design-occasion.fr\\\/magazine\\\/\",\"name\":\"Mobilier Design Magazine\",\"description\":\"\",\"publisher\":{\"@id\":\"https:\\\/\\\/www.mobilier-design-occasion.fr\\\/magazine\\\/#organization\"},\"potentialAction\":[{\"@type\":\"SearchAction\",\"target\":{\"@type\":\"EntryPoint\",\"urlTemplate\":\"https:\\\/\\\/www.mobilier-design-occasion.fr\\\/magazine\\\/?s={search_term_string}\"},\"query-input\":{\"@type\":\"PropertyValueSpecification\",\"valueRequired\":true,\"valueName\":\"search_term_string\"}}],\"inLanguage\":\"fr-FR\"},{\"@type\":\"Organization\",\"@id\":\"https:\\\/\\\/www.mobilier-design-occasion.fr\\\/magazine\\\/#organization\",\"name\":\"Mobilier Design Magazine\",\"url\":\"https:\\\/\\\/www.mobilier-design-occasion.fr\\\/magazine\\\/\",\"logo\":{\"@type\":\"ImageObject\",\"inLanguage\":\"fr-FR\",\"@id\":\"https:\\\/\\\/www.mobilier-design-occasion.fr\\\/magazine\\\/#\\\/schema\\\/logo\\\/image\\\/\",\"url\":\"https:\\\/\\\/www.mobilier-design-occasion.fr\\\/magazine\\\/wp-content\\\/uploads\\\/2024\\\/02\\\/android-chrome-192x192-1.png\",\"contentUrl\":\"https:\\\/\\\/www.mobilier-design-occasion.fr\\\/magazine\\\/wp-content\\\/uploads\\\/2024\\\/02\\\/android-chrome-192x192-1.png\",\"width\":192,\"height\":192,\"caption\":\"Mobilier Design Magazine\"},\"image\":{\"@id\":\"https:\\\/\\\/www.mobilier-design-occasion.fr\\\/magazine\\\/#\\\/schema\\\/logo\\\/image\\\/\"},\"sameAs\":[\"https:\\\/\\\/www.facebook.com\\\/mobilierdesignoccasion\"]},{\"@type\":\"Person\",\"@id\":\"https:\\\/\\\/www.mobilier-design-occasion.fr\\\/magazine\\\/#\\\/schema\\\/person\\\/af895bedc80bfb6b17730a672fddac9e\",\"name\":\"Vincent Vandegans\",\"image\":{\"@type\":\"ImageObject\",\"inLanguage\":\"fr-FR\",\"@id\":\"https:\\\/\\\/secure.gravatar.com\\\/avatar\\\/b984800dabdf722d5e3f03f637c8932dea77d81118467d17ad2953e3b273ec66?s=96&d=mm&r=g\",\"url\":\"https:\\\/\\\/secure.gravatar.com\\\/avatar\\\/b984800dabdf722d5e3f03f637c8932dea77d81118467d17ad2953e3b273ec66?s=96&d=mm&r=g\",\"contentUrl\":\"https:\\\/\\\/secure.gravatar.com\\\/avatar\\\/b984800dabdf722d5e3f03f637c8932dea77d81118467d17ad2953e3b273ec66?s=96&d=mm&r=g\",\"caption\":\"Vincent Vandegans\"},\"description\":\"Vincent est passionn\u00e9 par les produits d'occasion, il a ouvert le site MDO avec Cyrielle pour aider les gens \u00e0 trouver du mobilier d'occasion, vintage ou usag\u00e9. Depuis, ils ont \u00e9tendu leurs activit\u00e9s et conseillent tout le monde sur le mobilier d'int\u00e9rieur et d'ext\u00e9rieur au quotidien \u00e0 travers le magazine MDO.\",\"url\":\"https:\\\/\\\/www.mobilier-design-occasion.fr\\\/magazine\\\/author\\\/vincent\\\/\"}]}<\/script>\n<!-- \/ Yoast SEO plugin. -->","yoast_head_json":{"title":"Acheter un lave-vaisselle seconde main : bon ou mauvais plan ?","description":"Acheter un lave-vaisselle neuf n'est pas toujours synonyme d'\u00e9conomies et encore moins de geste pour la plan\u00e8te. Alors pourquoi ne pas acheter un appareil d'occasion ? Nous faisons le point sur les avantages et inconv\u00e9nients.","robots":{"index":"index","follow":"follow","max-snippet":"max-snippet:-1","max-image-preview":"max-image-preview:large","max-video-preview":"max-video-preview:-1"},"canonical":"https:\/\/www.mobilier-design-occasion.fr\/magazine\/acheter-un-lave-vaisselle-doccasion-bon-ou-mauvais-plan\/","og_locale":"fr_FR","og_type":"article","og_title":"Acheter un lave-vaisselle seconde main : bon ou mauvais plan ?","og_description":"Acheter un lave-vaisselle neuf n'est pas toujours synonyme d'\u00e9conomies et encore moins de geste pour la plan\u00e8te. Alors pourquoi ne pas acheter un appareil d'occasion ? Nous faisons le point sur les avantages et inconv\u00e9nients.","og_url":"https:\/\/www.mobilier-design-occasion.fr\/magazine\/acheter-un-lave-vaisselle-doccasion-bon-ou-mauvais-plan\/","og_site_name":"Mobilier Design Magazine","article_publisher":"https:\/\/www.facebook.com\/mobilierdesignoccasion","article_published_time":"2025-10-11T11:37:28+00:00","article_modified_time":"2025-10-11T11:46:17+00:00","og_image":[{"width":1024,"height":641,"url":"https:\/\/www.mobilier-design-occasion.fr\/magazine\/wp-content\/uploads\/2025\/10\/de6bf7934d7f4f3f51bc74ae0790a83f.jpg","type":"image\/jpeg"}],"author":"Vincent Vandegans","twitter_card":"summary_large_image","twitter_misc":{"\u00c9crit par":"Vincent Vandegans","Dur\u00e9e de lecture estim\u00e9e":"5 minutes"},"schema":{"@context":"https:\/\/schema.org","@graph":[{"@type":"Article","@id":"https:\/\/www.mobilier-design-occasion.fr\/magazine\/acheter-un-lave-vaisselle-doccasion-bon-ou-mauvais-plan\/#article","isPartOf":{"@id":"https:\/\/www.mobilier-design-occasion.fr\/magazine\/acheter-un-lave-vaisselle-doccasion-bon-ou-mauvais-plan\/"},"author":{"name":"Vincent Vandegans","@id":"https:\/\/www.mobilier-design-occasion.fr\/magazine\/#\/schema\/person\/af895bedc80bfb6b17730a672fddac9e"},"headline":"Acheter un lave-vaisselle d\u2019occasion : bon ou mauvais plan ?","datePublished":"2025-10-11T11:37:28+00:00","dateModified":"2025-10-11T11:46:17+00:00","mainEntityOfPage":{"@id":"https:\/\/www.mobilier-design-occasion.fr\/magazine\/acheter-un-lave-vaisselle-doccasion-bon-ou-mauvais-plan\/"},"wordCount":865,"commentCount":0,"publisher":{"@id":"https:\/\/www.mobilier-design-occasion.fr\/magazine\/#organization"},"image":{"@id":"https:\/\/www.mobilier-design-occasion.fr\/magazine\/acheter-un-lave-vaisselle-doccasion-bon-ou-mauvais-plan\/#primaryimage"},"thumbnailUrl":"https:\/\/www.mobilier-design-occasion.fr\/magazine\/wp-content\/uploads\/2025\/10\/de6bf7934d7f4f3f51bc74ae0790a83f.jpg","articleSection":["Salle de bain"],"inLanguage":"fr-FR","potentialAction":[{"@type":"CommentAction","name":"Comment","target":["https:\/\/www.mobilier-design-occasion.fr\/magazine\/acheter-un-lave-vaisselle-doccasion-bon-ou-mauvais-plan\/#respond"]}]},{"@type":"WebPage","@id":"https:\/\/www.mobilier-design-occasion.fr\/magazine\/acheter-un-lave-vaisselle-doccasion-bon-ou-mauvais-plan\/","url":"https:\/\/www.mobilier-design-occasion.fr\/magazine\/acheter-un-lave-vaisselle-doccasion-bon-ou-mauvais-plan\/","name":"Acheter un lave-vaisselle seconde main : bon ou mauvais plan ?","isPartOf":{"@id":"https:\/\/www.mobilier-design-occasion.fr\/magazine\/#website"},"primaryImageOfPage":{"@id":"https:\/\/www.mobilier-design-occasion.fr\/magazine\/acheter-un-lave-vaisselle-doccasion-bon-ou-mauvais-plan\/#primaryimage"},"image":{"@id":"https:\/\/www.mobilier-design-occasion.fr\/magazine\/acheter-un-lave-vaisselle-doccasion-bon-ou-mauvais-plan\/#primaryimage"},"thumbnailUrl":"https:\/\/www.mobilier-design-occasion.fr\/magazine\/wp-content\/uploads\/2025\/10\/de6bf7934d7f4f3f51bc74ae0790a83f.jpg","datePublished":"2025-10-11T11:37:28+00:00","dateModified":"2025-10-11T11:46:17+00:00","description":"Acheter un lave-vaisselle neuf n'est pas toujours synonyme d'\u00e9conomies et encore moins de geste pour la plan\u00e8te. Alors pourquoi ne pas acheter un appareil d'occasion ? Nous faisons le point sur les avantages et inconv\u00e9nients.","breadcrumb":{"@id":"https:\/\/www.mobilier-design-occasion.fr\/magazine\/acheter-un-lave-vaisselle-doccasion-bon-ou-mauvais-plan\/#breadcrumb"},"inLanguage":"fr-FR","potentialAction":[{"@type":"ReadAction","target":["https:\/\/www.mobilier-design-occasion.fr\/magazine\/acheter-un-lave-vaisselle-doccasion-bon-ou-mauvais-plan\/"]}]},{"@type":"ImageObject","inLanguage":"fr-FR","@id":"https:\/\/www.mobilier-design-occasion.fr\/magazine\/acheter-un-lave-vaisselle-doccasion-bon-ou-mauvais-plan\/#primaryimage","url":"https:\/\/www.mobilier-design-occasion.fr\/magazine\/wp-content\/uploads\/2025\/10\/de6bf7934d7f4f3f51bc74ae0790a83f.jpg","contentUrl":"https:\/\/www.mobilier-design-occasion.fr\/magazine\/wp-content\/uploads\/2025\/10\/de6bf7934d7f4f3f51bc74ae0790a83f.jpg","width":1024,"height":641},{"@type":"BreadcrumbList","@id":"https:\/\/www.mobilier-design-occasion.fr\/magazine\/acheter-un-lave-vaisselle-doccasion-bon-ou-mauvais-plan\/#breadcrumb","itemListElement":[{"@type":"ListItem","position":1,"name":"Accueil","item":"https:\/\/www.mobilier-design-occasion.fr\/magazine\/"},{"@type":"ListItem","position":2,"name":"Acheter un lave-vaisselle d\u2019occasion : bon ou mauvais plan ?"}]},{"@type":"WebSite","@id":"https:\/\/www.mobilier-design-occasion.fr\/magazine\/#website","url":"https:\/\/www.mobilier-design-occasion.fr\/magazine\/","name":"Mobilier Design Magazine","description":"","publisher":{"@id":"https:\/\/www.mobilier-design-occasion.fr\/magazine\/#organization"},"potentialAction":[{"@type":"SearchAction","target":{"@type":"EntryPoint","urlTemplate":"https:\/\/www.mobilier-design-occasion.fr\/magazine\/?s={search_term_string}"},"query-input":{"@type":"PropertyValueSpecification","valueRequired":true,"valueName":"search_term_string"}}],"inLanguage":"fr-FR"},{"@type":"Organization","@id":"https:\/\/www.mobilier-design-occasion.fr\/magazine\/#organization","name":"Mobilier Design Magazine","url":"https:\/\/www.mobilier-design-occasion.fr\/magazine\/","logo":{"@type":"ImageObject","inLanguage":"fr-FR","@id":"https:\/\/www.mobilier-design-occasion.fr\/magazine\/#\/schema\/logo\/image\/","url":"https:\/\/www.mobilier-design-occasion.fr\/magazine\/wp-content\/uploads\/2024\/02\/android-chrome-192x192-1.png","contentUrl":"https:\/\/www.mobilier-design-occasion.fr\/magazine\/wp-content\/uploads\/2024\/02\/android-chrome-192x192-1.png","width":192,"height":192,"caption":"Mobilier Design Magazine"},"image":{"@id":"https:\/\/www.mobilier-design-occasion.fr\/magazine\/#\/schema\/logo\/image\/"},"sameAs":["https:\/\/www.facebook.com\/mobilierdesignoccasion"]},{"@type":"Person","@id":"https:\/\/www.mobilier-design-occasion.fr\/magazine\/#\/schema\/person\/af895bedc80bfb6b17730a672fddac9e","name":"Vincent Vandegans","image":{"@type":"ImageObject","inLanguage":"fr-FR","@id":"https:\/\/secure.gravatar.com\/avatar\/b984800dabdf722d5e3f03f637c8932dea77d81118467d17ad2953e3b273ec66?s=96&d=mm&r=g","url":"https:\/\/secure.gravatar.com\/avatar\/b984800dabdf722d5e3f03f637c8932dea77d81118467d17ad2953e3b273ec66?s=96&d=mm&r=g","contentUrl":"https:\/\/secure.gravatar.com\/avatar\/b984800dabdf722d5e3f03f637c8932dea77d81118467d17ad2953e3b273ec66?s=96&d=mm&r=g","caption":"Vincent Vandegans"},"description":"Vincent est passionn\u00e9 par les produits d'occasion, il a ouvert le site MDO avec Cyrielle pour aider les gens \u00e0 trouver du mobilier d'occasion, vintage ou usag\u00e9. Depuis, ils ont \u00e9tendu leurs activit\u00e9s et conseillent tout le monde sur le mobilier d'int\u00e9rieur et d'ext\u00e9rieur au quotidien \u00e0 travers le magazine MDO.","url":"https:\/\/www.mobilier-design-occasion.fr\/magazine\/author\/vincent\/"}]}},"_links":{"self":[{"href":"https:\/\/www.mobilier-design-occasion.fr\/magazine\/wp-json\/wp\/v2\/posts\/8533","targetHints":{"allow":["GET"]}}],"collection":[{"href":"https:\/\/www.mobilier-design-occasion.fr\/magazine\/wp-json\/wp\/v2\/posts"}],"about":[{"href":"https:\/\/www.mobilier-design-occasion.fr\/magazine\/wp-json\/wp\/v2\/types\/post"}],"author":[{"embeddable":true,"href":"https:\/\/www.mobilier-design-occasion.fr\/magazine\/wp-json\/wp\/v2\/users\/2"}],"replies":[{"embeddable":true,"href":"https:\/\/www.mobilier-design-occasion.fr\/magazine\/wp-json\/wp\/v2\/comments?post=8533"}],"version-history":[{"count":2,"href":"https:\/\/www.mobilier-design-occasion.fr\/magazine\/wp-json\/wp\/v2\/posts\/8533\/revisions"}],"predecessor-version":[{"id":8538,"href":"https:\/\/www.mobilier-design-occasion.fr\/magazine\/wp-json\/wp\/v2\/posts\/8533\/revisions\/8538"}],"wp:featuredmedia":[{"embeddable":true,"href":"https:\/\/www.mobilier-design-occasion.fr\/magazine\/wp-json\/wp\/v2\/media\/8535"}],"wp:attachment":[{"href":"https:\/\/www.mobilier-design-occasion.fr\/magazine\/wp-json\/wp\/v2\/media?parent=8533"}],"wp:term":[{"taxonomy":"category","embeddable":true,"href":"https:\/\/www.mobilier-design-occasion.fr\/magazine\/wp-json\/wp\/v2\/categories?post=8533"},{"taxonomy":"post_tag","embeddable":true,"href":"https:\/\/www.mobilier-design-occasion.fr\/magazine\/wp-json\/wp\/v2\/tags?post=8533"}],"curies":[{"name":"wp","href":"https:\/\/api.w.org\/{rel}","templated":true}]}}