{"id":8530,"date":"2025-10-07T15:38:53","date_gmt":"2025-10-07T15:38:53","guid":{"rendered":"https:\/\/www.mobilier-design-occasion.fr\/magazine\/les-tendances-patios-a-surveiller-pour-2026-preparez-des-maintenant-votre-espace-exterieur\/"},"modified":"2025-10-07T15:38:53","modified_gmt":"2025-10-07T15:38:53","slug":"les-tendances-patios-a-surveiller-pour-2026-preparez-des-maintenant-votre-espace-exterieur","status":"publish","type":"post","link":"https:\/\/www.mobilier-design-occasion.fr\/magazine\/les-tendances-patios-a-surveiller-pour-2026-preparez-des-maintenant-votre-espace-exterieur\/","title":{"rendered":"Les tendances patios \u00e0 surveiller pour 2026 : pr\u00e9parez d\u00e8s maintenant votre espace ext\u00e9rieur"},"content":{"rendered":"<p> Alors que 2025 touche &agrave; sa fin, nombreux sont ceux qui commencent d&eacute;j&agrave; &agrave; r&eacute;fl&eacute;chir &agrave; leurs projets de r&eacute;novation pour l&rsquo;ann&eacute;e qui vient. Les patios et terrasses, devenus de v&eacute;ritables extensions de la maison, continueront de se transformer en 2026. Les grandes lignes sont claires : les propri&eacute;taires recherchent des espaces durables, confortables et multifonctionnels. Voici un aper&ccedil;u des tendances qui devraient marquer l&rsquo;am&eacute;nagement des patios en 2026 et qui pourraient vous inspirer pour vos projets &agrave; venir.<\/p>\n<p><strong>1. Des structures plus flexibles<\/strong> <\/p>\n<p>Les pergolas ajustables, les toiles motoris&eacute;es et les auvents r&eacute;tractables ne sont plus r&eacute;serv&eacute;s aux espaces haut de gamme. On les voit d&eacute;j&agrave; appara&icirc;tre dans des projets r&eacute;sidentiels de toutes tailles, et cette tendance devrait s&rsquo;ancrer en 2026. Leur atout ? Offrir de l&rsquo;ombre quand on en a besoin et laisser passer le soleil &agrave; d&rsquo;autres moments, le tout sans effort.<\/p>\n<p> <strong>2. L&rsquo;art du m&eacute;lange des mat&eacute;riaux<\/strong> <\/p>\n<p>Termin&eacute; le patio monochrome : bois, pierre, m&eacute;tal et PVC cohabitent de plus en plus. En variant les textures et les couleurs, on cr&eacute;e non seulement un effet visuel int&eacute;ressant, mais aussi des zones &agrave; usage distinct (coin repas, espace lounge, cuisine ext&eacute;rieure). Cette approche plus cr&eacute;ative grandement devrait marquer l&rsquo;ann&eacute;e 2026.<\/p>\n<p> <strong>3. Un espace ext&eacute;rieur vraiment multifonctionnel<\/strong> <\/p>\n<p>Le patio n&rsquo;est plus qu&rsquo;un simple endroit pour mettre une table et quelques chaises. On le remarque d&eacute;j&agrave; en 2025 : de nombreuses familles n&rsquo;utilisent plus leur patio uniquement pour manger dehors. On y voit appara&icirc;tre de petites cuisines, des coins am&eacute;nag&eacute;s pour t&eacute;l&eacute;travailler, ou m&ecirc;me des installations pour regarder un film en plein air. Tout porte &agrave; croire qu&rsquo;en 2026, ce mouvement va s&rsquo;intensifier. On parle d&eacute;sormais de patios &eacute;quip&eacute;s comme de v&eacute;ritables pi&egrave;ces de la maison.<\/p>\n<p>Prises &eacute;lectriques, lumi&egrave;res r&eacute;glables &agrave; distance ou encore chauffages d&rsquo;appoint ne sont plus des extras, mais tendent &agrave; s&rsquo;imposer comme des standards. Dans ce cadre, le type de surface choisi joue un r&ocirc;le d&eacute;terminant. Une surface doit &ecirc;tre capable de supporter l&rsquo;humidit&eacute;, les &eacute;carts de temp&eacute;rature et l&rsquo;usage quotidien. C&rsquo;est l&agrave; qu&rsquo;une <a href=\"https:\/\/www.bestdeck.ca\">membrane de PVC<\/a> se d&eacute;marque : elle cr&eacute;e une base solide, imperm&eacute;able et facile d&rsquo;entretien, id&eacute;ale pour accueillir ce type d&rsquo;am&eacute;nagements sans tracas.<\/p>\n<p> <strong>4. La cuisine ext&eacute;rieure prend du galon<\/strong> <\/p>\n<p>Fini le simple barbecue : &icirc;lots avec rangements, comptoirs robustes et &eacute;lectrom&eacute;nagers con&ccedil;us pour l&rsquo;ext&eacute;rieur s&rsquo;imposent peu &agrave; peu. Ce type d&rsquo;installation transforme le patio en v&eacute;ritable lieu de rassemblement, id&eacute;al pour cuisiner et recevoir vos ami(e)s ou votre famille en m&ecirc;me temps.<\/p>\n<p> <strong>5. Des formes et des couleurs plus douces<\/strong> <\/p>\n<p>Apr&egrave;s plusieurs ann&eacute;es domin&eacute;es par les lignes droites, on voit appara&icirc;tre des formes plus arrondies et des courbes qui rappellent la nature. C&ocirc;t&eacute; palette, les teintes chaudes et neutres &mdash; sable, brun, gris doux &mdash; gagnent en popularit&eacute;. L&rsquo;objectif est de cr&eacute;er une ambiance accueillante, en harmonie avec la v&eacute;g&eacute;tation environnante.<\/p>\n<p> <strong>6. Mobilier durable et r&eacute;invent&eacute;<\/strong> <\/p>\n<p>Le mobilier ext&eacute;rieur suit la m&ecirc;me logique que le reste de la maison : plus durable, plus flexible. En 2026, les meubles modulables et fabriqu&eacute;s &agrave; partir de mat&eacute;riaux recycl&eacute;s ou certifi&eacute;s devraient s&rsquo;imposer. On cherche des ensembles qu&rsquo;on peut r&eacute;organiser facilement, selon qu&rsquo;on re&ccedil;oit plusieurs invit&eacute;s ou qu&rsquo;on veut simplement se d&eacute;tendre en solo.<\/p>\n<p> <strong>7. Continuit&eacute; entre int&eacute;rieur et ext&eacute;rieur<\/strong> <\/p>\n<p>La fronti&egrave;re entre dedans et dehors s&rsquo;efface peu &agrave; peu. Grandes baies vitr&eacute;es, sols harmonis&eacute;s, pergolas semi-ouvertes : tout est pens&eacute; pour cr&eacute;er une impression de fluidit&eacute;. Cette tendance renforce la valeur d&rsquo;un bien immobilier et donne l&rsquo;impression de gagner une pi&egrave;ce suppl&eacute;mentaire.<\/p>\n<p> <strong>8. Une place grandissante pour la nature<\/strong> <\/p>\n<p>Les patios de 2026 s&rsquo;inscriront encore davantage dans une logique &eacute;cologique. Jardins verticaux, plantes locales, bassins d&rsquo;eau ou modules favorisant la biodiversit&eacute; (nichoirs, h&ocirc;tels &agrave; insectes) Les patios de 2026 devraient aussi mettre en avant le v&eacute;g&eacute;tal. Jardins verticaux, plantes locales, bassins d&rsquo;eau ou petits modules pour la biodiversit&eacute; (nichoirs, h&ocirc;tels &agrave; insectes) deviennent des ajouts recherch&eacute;s. Ces &eacute;l&eacute;ments apportent de la fra&icirc;cheur, de l&rsquo;esth&eacute;tisme et un sentiment d&rsquo;&eacute;quilibre avec l&rsquo;environnement. Pour que tout fonctionne bien, il est toutefois essentiel que la surface du patio soit bien prot&eacute;g&eacute;e de l&rsquo;humidit&eacute; : c&rsquo;est l&agrave; encore qu&rsquo;une membrane &eacute;tanche peut faire toute la diff&eacute;rence.<\/p>\n<p> <strong>9. L&rsquo;&eacute;clairage comme mise en sc&egrave;ne<\/strong> <\/p>\n<p>L&rsquo;&eacute;clairage ext&eacute;rieur &eacute;volue rapidement. En 2026, on ne se contentera plus d&rsquo;une applique murale : les propri&eacute;taires voudront des jeux de lumi&egrave;re. Spots encastr&eacute;s, rubans DEL, lanternes d&eacute;coratives&hellip; L&rsquo;objectif est de cr&eacute;er plusieurs ambiances, selon qu&rsquo;on veut d&icirc;ner en famille, organiser une soir&eacute;e ou simplement se d&eacute;tendre.<\/p>\n<h2><strong>Pr&eacute;parer son projet patio pour 2026<\/strong><\/h2>\n<p>Les tendances qui se dessinent pour 2026 montrent des patios plus polyvalents, plus esth&eacute;tiques et plus respectueux de l&rsquo;environnement. Qu&rsquo;il s&rsquo;agisse d&rsquo;un espace convivial pour recevoir ou d&rsquo;un lieu intime pour se ressourcer, le patio est d&eacute;sormais une v&eacute;ritable extension de la maison.<\/p>\n<p>Dans cette &eacute;volution, le choix du rev&ecirc;tement reste central. Opter pour une membrane de PVC, par exemple, c&rsquo;est miser sur une solution durable, &eacute;tanche et facile d&rsquo;entretien, parfaitement adapt&eacute;e aux projets modernes.<\/p>\n<p>Pr&eacute;parer son projet d&egrave;s aujourd&rsquo;hui permet de profiter pleinement de ces &eacute;volutions et de donner une r&eacute;elle valeur ajout&eacute;e &agrave; sa maison d&egrave;s l&rsquo;ann&eacute;e prochaine.<\/p>\n","protected":false},"excerpt":{"rendered":"<p>Alors que 2025 touche &agrave; sa fin, nombreux sont ceux qui commencent d&eacute;j&agrave; &agrave; r&eacute;fl&eacute;chir &agrave; leurs projets de r&eacute;novation pour l&rsquo;ann&eacute;e qui vient. Les patios et terrasses, devenus de v&eacute;ritables extensions de la maison, continueront de se transformer en 2026. Les grandes lignes sont claires : les propri&eacute;taires recherchent des espaces durables, confortables et [&hellip;]<\/p>\n","protected":false},"author":2,"featured_media":8532,"comment_status":"open","ping_status":"open","sticky":false,"template":"","format":"standard","meta":{"footnotes":""},"categories":[2],"tags":[],"class_list":["post-8530","post","type-post","status-publish","format-standard","has-post-thumbnail","hentry","category-tendances"],"yoast_head":"<!-- This site is optimized with the Yoast SEO plugin v27.5 - https:\/\/yoast.com\/product\/yoast-seo-wordpress\/ -->\n<title>Les tendances patios \u00e0 surveiller pour 2026 : pr\u00e9parez d\u00e8s maintenant votre espace ext\u00e9rieur<\/title>\n<meta name=\"description\" content=\"Alors que 2025 touche \u00e0 sa fin, nombreux sont ceux qui commencent d\u00e9j\u00e0 \u00e0 r\u00e9fl\u00e9chir \u00e0 leurs projets de r\u00e9novation pour l\u2019ann\u00e9e qui vient. Les patios et terrasses, devenus de v\u00e9ritables extensions de la maison, continueront de se transformer en 2026. Les grandes lignes sont claires : les propri\u00e9taires recherchent des espaces durables, confortables et multifonctionnels. Voici un aper\u00e7u des tendances qui devraient marquer l\u2019am\u00e9nagement des patios en 2026 et qui pourraient vous inspirer pour vos projets \u00e0 venir.\" \/>\n<meta name=\"robots\" content=\"index, follow, max-snippet:-1, max-image-preview:large, max-video-preview:-1\" \/>\n<link rel=\"canonical\" href=\"https:\/\/www.mobilier-design-occasion.fr\/magazine\/les-tendances-patios-a-surveiller-pour-2026-preparez-des-maintenant-votre-espace-exterieur\/\" \/>\n<meta property=\"og:locale\" content=\"fr_FR\" \/>\n<meta property=\"og:type\" content=\"article\" \/>\n<meta property=\"og:title\" content=\"Les tendances patios \u00e0 surveiller pour 2026 : pr\u00e9parez d\u00e8s maintenant votre espace ext\u00e9rieur\" \/>\n<meta property=\"og:description\" content=\"Alors que 2025 touche \u00e0 sa fin, nombreux sont ceux qui commencent d\u00e9j\u00e0 \u00e0 r\u00e9fl\u00e9chir \u00e0 leurs projets de r\u00e9novation pour l\u2019ann\u00e9e qui vient. Les patios et terrasses, devenus de v\u00e9ritables extensions de la maison, continueront de se transformer en 2026. Les grandes lignes sont claires : les propri\u00e9taires recherchent des espaces durables, confortables et multifonctionnels. Voici un aper\u00e7u des tendances qui devraient marquer l\u2019am\u00e9nagement des patios en 2026 et qui pourraient vous inspirer pour vos projets \u00e0 venir.\" \/>\n<meta property=\"og:url\" content=\"https:\/\/www.mobilier-design-occasion.fr\/magazine\/les-tendances-patios-a-surveiller-pour-2026-preparez-des-maintenant-votre-espace-exterieur\/\" \/>\n<meta property=\"og:site_name\" content=\"Mobilier Design Magazine\" \/>\n<meta property=\"article:publisher\" content=\"https:\/\/www.facebook.com\/mobilierdesignoccasion\" \/>\n<meta property=\"article:published_time\" content=\"2025-10-07T15:38:53+00:00\" \/>\n<meta property=\"og:image\" content=\"https:\/\/www.mobilier-design-occasion.fr\/magazine\/wp-content\/uploads\/2025\/10\/b12562e16966e532041c15b1e0a5d944.jpg\" \/>\n\t<meta property=\"og:image:width\" content=\"1250\" \/>\n\t<meta property=\"og:image:height\" content=\"833\" \/>\n\t<meta property=\"og:image:type\" content=\"image\/jpeg\" \/>\n<meta name=\"author\" content=\"Vincent Vandegans\" \/>\n<meta name=\"twitter:card\" content=\"summary_large_image\" \/>\n<meta name=\"twitter:label1\" content=\"\u00c9crit par\" \/>\n\t<meta name=\"twitter:data1\" content=\"Vincent Vandegans\" \/>\n\t<meta name=\"twitter:label2\" content=\"Dur\u00e9e de lecture estim\u00e9e\" \/>\n\t<meta name=\"twitter:data2\" content=\"6 minutes\" \/>\n<script type=\"application\/ld+json\" class=\"yoast-schema-graph\">{\"@context\":\"https:\\\/\\\/schema.org\",\"@graph\":[{\"@type\":\"Article\",\"@id\":\"https:\\\/\\\/www.mobilier-design-occasion.fr\\\/magazine\\\/les-tendances-patios-a-surveiller-pour-2026-preparez-des-maintenant-votre-espace-exterieur\\\/#article\",\"isPartOf\":{\"@id\":\"https:\\\/\\\/www.mobilier-design-occasion.fr\\\/magazine\\\/les-tendances-patios-a-surveiller-pour-2026-preparez-des-maintenant-votre-espace-exterieur\\\/\"},\"author\":{\"name\":\"Vincent Vandegans\",\"@id\":\"https:\\\/\\\/www.mobilier-design-occasion.fr\\\/magazine\\\/#\\\/schema\\\/person\\\/af895bedc80bfb6b17730a672fddac9e\"},\"headline\":\"Les tendances patios \u00e0 surveiller pour 2026 : pr\u00e9parez d\u00e8s maintenant votre espace ext\u00e9rieur\",\"datePublished\":\"2025-10-07T15:38:53+00:00\",\"mainEntityOfPage\":{\"@id\":\"https:\\\/\\\/www.mobilier-design-occasion.fr\\\/magazine\\\/les-tendances-patios-a-surveiller-pour-2026-preparez-des-maintenant-votre-espace-exterieur\\\/\"},\"wordCount\":1199,\"commentCount\":0,\"publisher\":{\"@id\":\"https:\\\/\\\/www.mobilier-design-occasion.fr\\\/magazine\\\/#organization\"},\"image\":{\"@id\":\"https:\\\/\\\/www.mobilier-design-occasion.fr\\\/magazine\\\/les-tendances-patios-a-surveiller-pour-2026-preparez-des-maintenant-votre-espace-exterieur\\\/#primaryimage\"},\"thumbnailUrl\":\"https:\\\/\\\/www.mobilier-design-occasion.fr\\\/magazine\\\/wp-content\\\/uploads\\\/2025\\\/10\\\/b12562e16966e532041c15b1e0a5d944.jpg\",\"articleSection\":[\"Tendances\"],\"inLanguage\":\"fr-FR\",\"potentialAction\":[{\"@type\":\"CommentAction\",\"name\":\"Comment\",\"target\":[\"https:\\\/\\\/www.mobilier-design-occasion.fr\\\/magazine\\\/les-tendances-patios-a-surveiller-pour-2026-preparez-des-maintenant-votre-espace-exterieur\\\/#respond\"]}]},{\"@type\":\"WebPage\",\"@id\":\"https:\\\/\\\/www.mobilier-design-occasion.fr\\\/magazine\\\/les-tendances-patios-a-surveiller-pour-2026-preparez-des-maintenant-votre-espace-exterieur\\\/\",\"url\":\"https:\\\/\\\/www.mobilier-design-occasion.fr\\\/magazine\\\/les-tendances-patios-a-surveiller-pour-2026-preparez-des-maintenant-votre-espace-exterieur\\\/\",\"name\":\"Les tendances patios \u00e0 surveiller pour 2026 : pr\u00e9parez d\u00e8s maintenant votre espace ext\u00e9rieur\",\"isPartOf\":{\"@id\":\"https:\\\/\\\/www.mobilier-design-occasion.fr\\\/magazine\\\/#website\"},\"primaryImageOfPage\":{\"@id\":\"https:\\\/\\\/www.mobilier-design-occasion.fr\\\/magazine\\\/les-tendances-patios-a-surveiller-pour-2026-preparez-des-maintenant-votre-espace-exterieur\\\/#primaryimage\"},\"image\":{\"@id\":\"https:\\\/\\\/www.mobilier-design-occasion.fr\\\/magazine\\\/les-tendances-patios-a-surveiller-pour-2026-preparez-des-maintenant-votre-espace-exterieur\\\/#primaryimage\"},\"thumbnailUrl\":\"https:\\\/\\\/www.mobilier-design-occasion.fr\\\/magazine\\\/wp-content\\\/uploads\\\/2025\\\/10\\\/b12562e16966e532041c15b1e0a5d944.jpg\",\"datePublished\":\"2025-10-07T15:38:53+00:00\",\"description\":\"Alors que 2025 touche \u00e0 sa fin, nombreux sont ceux qui commencent d\u00e9j\u00e0 \u00e0 r\u00e9fl\u00e9chir \u00e0 leurs projets de r\u00e9novation pour l\u2019ann\u00e9e qui vient. Les patios et terrasses, devenus de v\u00e9ritables extensions de la maison, continueront de se transformer en 2026. Les grandes lignes sont claires : les propri\u00e9taires recherchent des espaces durables, confortables et multifonctionnels. Voici un aper\u00e7u des tendances qui devraient marquer l\u2019am\u00e9nagement des patios en 2026 et qui pourraient vous inspirer pour vos projets \u00e0 venir.\",\"breadcrumb\":{\"@id\":\"https:\\\/\\\/www.mobilier-design-occasion.fr\\\/magazine\\\/les-tendances-patios-a-surveiller-pour-2026-preparez-des-maintenant-votre-espace-exterieur\\\/#breadcrumb\"},\"inLanguage\":\"fr-FR\",\"potentialAction\":[{\"@type\":\"ReadAction\",\"target\":[\"https:\\\/\\\/www.mobilier-design-occasion.fr\\\/magazine\\\/les-tendances-patios-a-surveiller-pour-2026-preparez-des-maintenant-votre-espace-exterieur\\\/\"]}]},{\"@type\":\"ImageObject\",\"inLanguage\":\"fr-FR\",\"@id\":\"https:\\\/\\\/www.mobilier-design-occasion.fr\\\/magazine\\\/les-tendances-patios-a-surveiller-pour-2026-preparez-des-maintenant-votre-espace-exterieur\\\/#primaryimage\",\"url\":\"https:\\\/\\\/www.mobilier-design-occasion.fr\\\/magazine\\\/wp-content\\\/uploads\\\/2025\\\/10\\\/b12562e16966e532041c15b1e0a5d944.jpg\",\"contentUrl\":\"https:\\\/\\\/www.mobilier-design-occasion.fr\\\/magazine\\\/wp-content\\\/uploads\\\/2025\\\/10\\\/b12562e16966e532041c15b1e0a5d944.jpg\",\"width\":1250,\"height\":833},{\"@type\":\"BreadcrumbList\",\"@id\":\"https:\\\/\\\/www.mobilier-design-occasion.fr\\\/magazine\\\/les-tendances-patios-a-surveiller-pour-2026-preparez-des-maintenant-votre-espace-exterieur\\\/#breadcrumb\",\"itemListElement\":[{\"@type\":\"ListItem\",\"position\":1,\"name\":\"Accueil\",\"item\":\"https:\\\/\\\/www.mobilier-design-occasion.fr\\\/magazine\\\/\"},{\"@type\":\"ListItem\",\"position\":2,\"name\":\"Les tendances patios \u00e0 surveiller pour 2026 : pr\u00e9parez d\u00e8s maintenant votre espace ext\u00e9rieur\"}]},{\"@type\":\"WebSite\",\"@id\":\"https:\\\/\\\/www.mobilier-design-occasion.fr\\\/magazine\\\/#website\",\"url\":\"https:\\\/\\\/www.mobilier-design-occasion.fr\\\/magazine\\\/\",\"name\":\"Mobilier Design Magazine\",\"description\":\"\",\"publisher\":{\"@id\":\"https:\\\/\\\/www.mobilier-design-occasion.fr\\\/magazine\\\/#organization\"},\"potentialAction\":[{\"@type\":\"SearchAction\",\"target\":{\"@type\":\"EntryPoint\",\"urlTemplate\":\"https:\\\/\\\/www.mobilier-design-occasion.fr\\\/magazine\\\/?s={search_term_string}\"},\"query-input\":{\"@type\":\"PropertyValueSpecification\",\"valueRequired\":true,\"valueName\":\"search_term_string\"}}],\"inLanguage\":\"fr-FR\"},{\"@type\":\"Organization\",\"@id\":\"https:\\\/\\\/www.mobilier-design-occasion.fr\\\/magazine\\\/#organization\",\"name\":\"Mobilier Design Magazine\",\"url\":\"https:\\\/\\\/www.mobilier-design-occasion.fr\\\/magazine\\\/\",\"logo\":{\"@type\":\"ImageObject\",\"inLanguage\":\"fr-FR\",\"@id\":\"https:\\\/\\\/www.mobilier-design-occasion.fr\\\/magazine\\\/#\\\/schema\\\/logo\\\/image\\\/\",\"url\":\"https:\\\/\\\/www.mobilier-design-occasion.fr\\\/magazine\\\/wp-content\\\/uploads\\\/2024\\\/02\\\/android-chrome-192x192-1.png\",\"contentUrl\":\"https:\\\/\\\/www.mobilier-design-occasion.fr\\\/magazine\\\/wp-content\\\/uploads\\\/2024\\\/02\\\/android-chrome-192x192-1.png\",\"width\":192,\"height\":192,\"caption\":\"Mobilier Design Magazine\"},\"image\":{\"@id\":\"https:\\\/\\\/www.mobilier-design-occasion.fr\\\/magazine\\\/#\\\/schema\\\/logo\\\/image\\\/\"},\"sameAs\":[\"https:\\\/\\\/www.facebook.com\\\/mobilierdesignoccasion\"]},{\"@type\":\"Person\",\"@id\":\"https:\\\/\\\/www.mobilier-design-occasion.fr\\\/magazine\\\/#\\\/schema\\\/person\\\/af895bedc80bfb6b17730a672fddac9e\",\"name\":\"Vincent Vandegans\",\"image\":{\"@type\":\"ImageObject\",\"inLanguage\":\"fr-FR\",\"@id\":\"https:\\\/\\\/secure.gravatar.com\\\/avatar\\\/b984800dabdf722d5e3f03f637c8932dea77d81118467d17ad2953e3b273ec66?s=96&d=mm&r=g\",\"url\":\"https:\\\/\\\/secure.gravatar.com\\\/avatar\\\/b984800dabdf722d5e3f03f637c8932dea77d81118467d17ad2953e3b273ec66?s=96&d=mm&r=g\",\"contentUrl\":\"https:\\\/\\\/secure.gravatar.com\\\/avatar\\\/b984800dabdf722d5e3f03f637c8932dea77d81118467d17ad2953e3b273ec66?s=96&d=mm&r=g\",\"caption\":\"Vincent Vandegans\"},\"description\":\"Vincent est passionn\u00e9 par les produits d'occasion, il a ouvert le site MDO avec Cyrielle pour aider les gens \u00e0 trouver du mobilier d'occasion, vintage ou usag\u00e9. Depuis, ils ont \u00e9tendu leurs activit\u00e9s et conseillent tout le monde sur le mobilier d'int\u00e9rieur et d'ext\u00e9rieur au quotidien \u00e0 travers le magazine MDO.\",\"url\":\"https:\\\/\\\/www.mobilier-design-occasion.fr\\\/magazine\\\/author\\\/vincent\\\/\"}]}<\/script>\n<!-- \/ Yoast SEO plugin. -->","yoast_head_json":{"title":"Les tendances patios \u00e0 surveiller pour 2026 : pr\u00e9parez d\u00e8s maintenant votre espace ext\u00e9rieur","description":"Alors que 2025 touche \u00e0 sa fin, nombreux sont ceux qui commencent d\u00e9j\u00e0 \u00e0 r\u00e9fl\u00e9chir \u00e0 leurs projets de r\u00e9novation pour l\u2019ann\u00e9e qui vient. Les patios et terrasses, devenus de v\u00e9ritables extensions de la maison, continueront de se transformer en 2026. Les grandes lignes sont claires : les propri\u00e9taires recherchent des espaces durables, confortables et multifonctionnels. Voici un aper\u00e7u des tendances qui devraient marquer l\u2019am\u00e9nagement des patios en 2026 et qui pourraient vous inspirer pour vos projets \u00e0 venir.","robots":{"index":"index","follow":"follow","max-snippet":"max-snippet:-1","max-image-preview":"max-image-preview:large","max-video-preview":"max-video-preview:-1"},"canonical":"https:\/\/www.mobilier-design-occasion.fr\/magazine\/les-tendances-patios-a-surveiller-pour-2026-preparez-des-maintenant-votre-espace-exterieur\/","og_locale":"fr_FR","og_type":"article","og_title":"Les tendances patios \u00e0 surveiller pour 2026 : pr\u00e9parez d\u00e8s maintenant votre espace ext\u00e9rieur","og_description":"Alors que 2025 touche \u00e0 sa fin, nombreux sont ceux qui commencent d\u00e9j\u00e0 \u00e0 r\u00e9fl\u00e9chir \u00e0 leurs projets de r\u00e9novation pour l\u2019ann\u00e9e qui vient. Les patios et terrasses, devenus de v\u00e9ritables extensions de la maison, continueront de se transformer en 2026. Les grandes lignes sont claires : les propri\u00e9taires recherchent des espaces durables, confortables et multifonctionnels. Voici un aper\u00e7u des tendances qui devraient marquer l\u2019am\u00e9nagement des patios en 2026 et qui pourraient vous inspirer pour vos projets \u00e0 venir.","og_url":"https:\/\/www.mobilier-design-occasion.fr\/magazine\/les-tendances-patios-a-surveiller-pour-2026-preparez-des-maintenant-votre-espace-exterieur\/","og_site_name":"Mobilier Design Magazine","article_publisher":"https:\/\/www.facebook.com\/mobilierdesignoccasion","article_published_time":"2025-10-07T15:38:53+00:00","og_image":[{"width":1250,"height":833,"url":"https:\/\/www.mobilier-design-occasion.fr\/magazine\/wp-content\/uploads\/2025\/10\/b12562e16966e532041c15b1e0a5d944.jpg","type":"image\/jpeg"}],"author":"Vincent Vandegans","twitter_card":"summary_large_image","twitter_misc":{"\u00c9crit par":"Vincent Vandegans","Dur\u00e9e de lecture estim\u00e9e":"6 minutes"},"schema":{"@context":"https:\/\/schema.org","@graph":[{"@type":"Article","@id":"https:\/\/www.mobilier-design-occasion.fr\/magazine\/les-tendances-patios-a-surveiller-pour-2026-preparez-des-maintenant-votre-espace-exterieur\/#article","isPartOf":{"@id":"https:\/\/www.mobilier-design-occasion.fr\/magazine\/les-tendances-patios-a-surveiller-pour-2026-preparez-des-maintenant-votre-espace-exterieur\/"},"author":{"name":"Vincent Vandegans","@id":"https:\/\/www.mobilier-design-occasion.fr\/magazine\/#\/schema\/person\/af895bedc80bfb6b17730a672fddac9e"},"headline":"Les tendances patios \u00e0 surveiller pour 2026 : pr\u00e9parez d\u00e8s maintenant votre espace ext\u00e9rieur","datePublished":"2025-10-07T15:38:53+00:00","mainEntityOfPage":{"@id":"https:\/\/www.mobilier-design-occasion.fr\/magazine\/les-tendances-patios-a-surveiller-pour-2026-preparez-des-maintenant-votre-espace-exterieur\/"},"wordCount":1199,"commentCount":0,"publisher":{"@id":"https:\/\/www.mobilier-design-occasion.fr\/magazine\/#organization"},"image":{"@id":"https:\/\/www.mobilier-design-occasion.fr\/magazine\/les-tendances-patios-a-surveiller-pour-2026-preparez-des-maintenant-votre-espace-exterieur\/#primaryimage"},"thumbnailUrl":"https:\/\/www.mobilier-design-occasion.fr\/magazine\/wp-content\/uploads\/2025\/10\/b12562e16966e532041c15b1e0a5d944.jpg","articleSection":["Tendances"],"inLanguage":"fr-FR","potentialAction":[{"@type":"CommentAction","name":"Comment","target":["https:\/\/www.mobilier-design-occasion.fr\/magazine\/les-tendances-patios-a-surveiller-pour-2026-preparez-des-maintenant-votre-espace-exterieur\/#respond"]}]},{"@type":"WebPage","@id":"https:\/\/www.mobilier-design-occasion.fr\/magazine\/les-tendances-patios-a-surveiller-pour-2026-preparez-des-maintenant-votre-espace-exterieur\/","url":"https:\/\/www.mobilier-design-occasion.fr\/magazine\/les-tendances-patios-a-surveiller-pour-2026-preparez-des-maintenant-votre-espace-exterieur\/","name":"Les tendances patios \u00e0 surveiller pour 2026 : pr\u00e9parez d\u00e8s maintenant votre espace ext\u00e9rieur","isPartOf":{"@id":"https:\/\/www.mobilier-design-occasion.fr\/magazine\/#website"},"primaryImageOfPage":{"@id":"https:\/\/www.mobilier-design-occasion.fr\/magazine\/les-tendances-patios-a-surveiller-pour-2026-preparez-des-maintenant-votre-espace-exterieur\/#primaryimage"},"image":{"@id":"https:\/\/www.mobilier-design-occasion.fr\/magazine\/les-tendances-patios-a-surveiller-pour-2026-preparez-des-maintenant-votre-espace-exterieur\/#primaryimage"},"thumbnailUrl":"https:\/\/www.mobilier-design-occasion.fr\/magazine\/wp-content\/uploads\/2025\/10\/b12562e16966e532041c15b1e0a5d944.jpg","datePublished":"2025-10-07T15:38:53+00:00","description":"Alors que 2025 touche \u00e0 sa fin, nombreux sont ceux qui commencent d\u00e9j\u00e0 \u00e0 r\u00e9fl\u00e9chir \u00e0 leurs projets de r\u00e9novation pour l\u2019ann\u00e9e qui vient. Les patios et terrasses, devenus de v\u00e9ritables extensions de la maison, continueront de se transformer en 2026. Les grandes lignes sont claires : les propri\u00e9taires recherchent des espaces durables, confortables et multifonctionnels. Voici un aper\u00e7u des tendances qui devraient marquer l\u2019am\u00e9nagement des patios en 2026 et qui pourraient vous inspirer pour vos projets \u00e0 venir.","breadcrumb":{"@id":"https:\/\/www.mobilier-design-occasion.fr\/magazine\/les-tendances-patios-a-surveiller-pour-2026-preparez-des-maintenant-votre-espace-exterieur\/#breadcrumb"},"inLanguage":"fr-FR","potentialAction":[{"@type":"ReadAction","target":["https:\/\/www.mobilier-design-occasion.fr\/magazine\/les-tendances-patios-a-surveiller-pour-2026-preparez-des-maintenant-votre-espace-exterieur\/"]}]},{"@type":"ImageObject","inLanguage":"fr-FR","@id":"https:\/\/www.mobilier-design-occasion.fr\/magazine\/les-tendances-patios-a-surveiller-pour-2026-preparez-des-maintenant-votre-espace-exterieur\/#primaryimage","url":"https:\/\/www.mobilier-design-occasion.fr\/magazine\/wp-content\/uploads\/2025\/10\/b12562e16966e532041c15b1e0a5d944.jpg","contentUrl":"https:\/\/www.mobilier-design-occasion.fr\/magazine\/wp-content\/uploads\/2025\/10\/b12562e16966e532041c15b1e0a5d944.jpg","width":1250,"height":833},{"@type":"BreadcrumbList","@id":"https:\/\/www.mobilier-design-occasion.fr\/magazine\/les-tendances-patios-a-surveiller-pour-2026-preparez-des-maintenant-votre-espace-exterieur\/#breadcrumb","itemListElement":[{"@type":"ListItem","position":1,"name":"Accueil","item":"https:\/\/www.mobilier-design-occasion.fr\/magazine\/"},{"@type":"ListItem","position":2,"name":"Les tendances patios \u00e0 surveiller pour 2026 : pr\u00e9parez d\u00e8s maintenant votre espace ext\u00e9rieur"}]},{"@type":"WebSite","@id":"https:\/\/www.mobilier-design-occasion.fr\/magazine\/#website","url":"https:\/\/www.mobilier-design-occasion.fr\/magazine\/","name":"Mobilier Design Magazine","description":"","publisher":{"@id":"https:\/\/www.mobilier-design-occasion.fr\/magazine\/#organization"},"potentialAction":[{"@type":"SearchAction","target":{"@type":"EntryPoint","urlTemplate":"https:\/\/www.mobilier-design-occasion.fr\/magazine\/?s={search_term_string}"},"query-input":{"@type":"PropertyValueSpecification","valueRequired":true,"valueName":"search_term_string"}}],"inLanguage":"fr-FR"},{"@type":"Organization","@id":"https:\/\/www.mobilier-design-occasion.fr\/magazine\/#organization","name":"Mobilier Design Magazine","url":"https:\/\/www.mobilier-design-occasion.fr\/magazine\/","logo":{"@type":"ImageObject","inLanguage":"fr-FR","@id":"https:\/\/www.mobilier-design-occasion.fr\/magazine\/#\/schema\/logo\/image\/","url":"https:\/\/www.mobilier-design-occasion.fr\/magazine\/wp-content\/uploads\/2024\/02\/android-chrome-192x192-1.png","contentUrl":"https:\/\/www.mobilier-design-occasion.fr\/magazine\/wp-content\/uploads\/2024\/02\/android-chrome-192x192-1.png","width":192,"height":192,"caption":"Mobilier Design Magazine"},"image":{"@id":"https:\/\/www.mobilier-design-occasion.fr\/magazine\/#\/schema\/logo\/image\/"},"sameAs":["https:\/\/www.facebook.com\/mobilierdesignoccasion"]},{"@type":"Person","@id":"https:\/\/www.mobilier-design-occasion.fr\/magazine\/#\/schema\/person\/af895bedc80bfb6b17730a672fddac9e","name":"Vincent Vandegans","image":{"@type":"ImageObject","inLanguage":"fr-FR","@id":"https:\/\/secure.gravatar.com\/avatar\/b984800dabdf722d5e3f03f637c8932dea77d81118467d17ad2953e3b273ec66?s=96&d=mm&r=g","url":"https:\/\/secure.gravatar.com\/avatar\/b984800dabdf722d5e3f03f637c8932dea77d81118467d17ad2953e3b273ec66?s=96&d=mm&r=g","contentUrl":"https:\/\/secure.gravatar.com\/avatar\/b984800dabdf722d5e3f03f637c8932dea77d81118467d17ad2953e3b273ec66?s=96&d=mm&r=g","caption":"Vincent Vandegans"},"description":"Vincent est passionn\u00e9 par les produits d'occasion, il a ouvert le site MDO avec Cyrielle pour aider les gens \u00e0 trouver du mobilier d'occasion, vintage ou usag\u00e9. Depuis, ils ont \u00e9tendu leurs activit\u00e9s et conseillent tout le monde sur le mobilier d'int\u00e9rieur et d'ext\u00e9rieur au quotidien \u00e0 travers le magazine MDO.","url":"https:\/\/www.mobilier-design-occasion.fr\/magazine\/author\/vincent\/"}]}},"_links":{"self":[{"href":"https:\/\/www.mobilier-design-occasion.fr\/magazine\/wp-json\/wp\/v2\/posts\/8530","targetHints":{"allow":["GET"]}}],"collection":[{"href":"https:\/\/www.mobilier-design-occasion.fr\/magazine\/wp-json\/wp\/v2\/posts"}],"about":[{"href":"https:\/\/www.mobilier-design-occasion.fr\/magazine\/wp-json\/wp\/v2\/types\/post"}],"author":[{"embeddable":true,"href":"https:\/\/www.mobilier-design-occasion.fr\/magazine\/wp-json\/wp\/v2\/users\/2"}],"replies":[{"embeddable":true,"href":"https:\/\/www.mobilier-design-occasion.fr\/magazine\/wp-json\/wp\/v2\/comments?post=8530"}],"version-history":[{"count":1,"href":"https:\/\/www.mobilier-design-occasion.fr\/magazine\/wp-json\/wp\/v2\/posts\/8530\/revisions"}],"predecessor-version":[{"id":8531,"href":"https:\/\/www.mobilier-design-occasion.fr\/magazine\/wp-json\/wp\/v2\/posts\/8530\/revisions\/8531"}],"wp:featuredmedia":[{"embeddable":true,"href":"https:\/\/www.mobilier-design-occasion.fr\/magazine\/wp-json\/wp\/v2\/media\/8532"}],"wp:attachment":[{"href":"https:\/\/www.mobilier-design-occasion.fr\/magazine\/wp-json\/wp\/v2\/media?parent=8530"}],"wp:term":[{"taxonomy":"category","embeddable":true,"href":"https:\/\/www.mobilier-design-occasion.fr\/magazine\/wp-json\/wp\/v2\/categories?post=8530"},{"taxonomy":"post_tag","embeddable":true,"href":"https:\/\/www.mobilier-design-occasion.fr\/magazine\/wp-json\/wp\/v2\/tags?post=8530"}],"curies":[{"name":"wp","href":"https:\/\/api.w.org\/{rel}","templated":true}]}}