{"id":8521,"date":"2025-09-23T08:19:02","date_gmt":"2025-09-23T08:19:02","guid":{"rendered":"https:\/\/www.mobilier-design-occasion.fr\/magazine\/10-raisons-dinstaller-un-poele-a-bois-chez-soi-a-liege\/"},"modified":"2025-09-23T08:19:03","modified_gmt":"2025-09-23T08:19:03","slug":"10-raisons-dinstaller-un-poele-a-bois-chez-soi-a-liege","status":"publish","type":"post","link":"https:\/\/www.mobilier-design-occasion.fr\/magazine\/10-raisons-dinstaller-un-poele-a-bois-chez-soi-a-liege\/","title":{"rendered":"10 raisons d&#8217;installer un po\u00eale \u00e0 bois chez soi \u00e0 Li\u00e8ge"},"content":{"rendered":"<p><strong>L&#8217;hiver approche &agrave; grands pas et vous songez &agrave; des solutions de chauffage plus chaleureuses et &eacute;conomiques pour votre foyer li&eacute;geois ?<\/strong> L&#8217;installation d&#8217;un po&ecirc;le &agrave; bois pourrait bien &ecirc;tre la r&eacute;ponse &agrave; vos interrogations. Dans cet article d&eacute;taill&eacute;, nous explorerons ensemble les dix raisons majeures qui devraient vous convaincre d&#8217;adopter ce mode de chauffage traditionnel et moderne &agrave; la fois.<\/p>\n<h2 id=\"1-une-chaleur-incomparable-et-un-confort-douillet\"><span class=\"ez-toc-section\" id=\"1_Une_chaleur_incomparable_et_un_confort_douillet\"><\/span>1. Une chaleur incomparable et un confort douillet<span class=\"ez-toc-section-end\"><\/span><\/h2><div id=\"ez-toc-container\" class=\"ez-toc-v2_0_82_2 counter-hierarchy ez-toc-counter ez-toc-grey ez-toc-container-direction\">\n<div class=\"ez-toc-title-container\">\n<span class=\"ez-toc-title-toggle\"><a href=\"#\" class=\"ez-toc-pull-right ez-toc-btn ez-toc-btn-xs ez-toc-btn-default ez-toc-toggle\" aria-label=\"Toggle Table of Content\"><span class=\"ez-toc-js-icon-con\"><span class=\"\"><span class=\"eztoc-hide\" style=\"display:none;\">Toggle<\/span><span class=\"ez-toc-icon-toggle-span\"><svg style=\"fill: #999;color:#999\" xmlns=\"http:\/\/www.w3.org\/2000\/svg\" class=\"list-377408\" width=\"20px\" height=\"20px\" viewBox=\"0 0 24 24\" fill=\"none\"><path d=\"M6 6H4v2h2V6zm14 0H8v2h12V6zM4 11h2v2H4v-2zm16 0H8v2h12v-2zM4 16h2v2H4v-2zm16 0H8v2h12v-2z\" fill=\"currentColor\"><\/path><\/svg><svg style=\"fill: #999;color:#999\" class=\"arrow-unsorted-368013\" xmlns=\"http:\/\/www.w3.org\/2000\/svg\" width=\"10px\" height=\"10px\" viewBox=\"0 0 24 24\" version=\"1.2\" baseProfile=\"tiny\"><path d=\"M18.2 9.3l-6.2-6.3-6.2 6.3c-.2.2-.3.4-.3.7s.1.5.3.7c.2.2.4.3.7.3h11c.3 0 .5-.1.7-.3.2-.2.3-.5.3-.7s-.1-.5-.3-.7zM5.8 14.7l6.2 6.3 6.2-6.3c.2-.2.3-.5.3-.7s-.1-.5-.3-.7c-.2-.2-.4-.3-.7-.3h-11c-.3 0-.5.1-.7.3-.2.2-.3.5-.3.7s.1.5.3.7z\"\/><\/svg><\/span><\/span><\/span><\/a><\/span><\/div>\n<nav><ul class='ez-toc-list ez-toc-list-level-1 eztoc-toggle-hide-by-default' ><li class='ez-toc-page-1 ez-toc-heading-level-2'><a class=\"ez-toc-link ez-toc-heading-1\" href=\"https:\/\/www.mobilier-design-occasion.fr\/magazine\/10-raisons-dinstaller-un-poele-a-bois-chez-soi-a-liege\/#1_Une_chaleur_incomparable_et_un_confort_douillet\" >1. Une chaleur incomparable et un confort douillet<\/a><\/li><li class='ez-toc-page-1 ez-toc-heading-level-2'><a class=\"ez-toc-link ez-toc-heading-2\" href=\"https:\/\/www.mobilier-design-occasion.fr\/magazine\/10-raisons-dinstaller-un-poele-a-bois-chez-soi-a-liege\/#2_Des_economies_significatives_sur_votre_facture_de_chauffage\" >2. Des &eacute;conomies significatives sur votre facture de chauffage<\/a><\/li><li class='ez-toc-page-1 ez-toc-heading-level-2'><a class=\"ez-toc-link ez-toc-heading-3\" href=\"https:\/\/www.mobilier-design-occasion.fr\/magazine\/10-raisons-dinstaller-un-poele-a-bois-chez-soi-a-liege\/#3_Un_geste_fort_pour_lenvironnement\" >3. Un geste fort pour l&#8217;environnement<\/a><\/li><li class='ez-toc-page-1 ez-toc-heading-level-2'><a class=\"ez-toc-link ez-toc-heading-4\" href=\"https:\/\/www.mobilier-design-occasion.fr\/magazine\/10-raisons-dinstaller-un-poele-a-bois-chez-soi-a-liege\/#4_Une_independance_energetique_precieuse\" >4. Une ind&eacute;pendance &eacute;nerg&eacute;tique pr&eacute;cieuse<\/a><\/li><li class='ez-toc-page-1 ez-toc-heading-level-2'><a class=\"ez-toc-link ez-toc-heading-5\" href=\"https:\/\/www.mobilier-design-occasion.fr\/magazine\/10-raisons-dinstaller-un-poele-a-bois-chez-soi-a-liege\/#5_Une_esthetique_et_une_ambiance_incomparables\" >5. Une esth&eacute;tique et une ambiance incomparables<\/a><\/li><li class='ez-toc-page-1 ez-toc-heading-level-2'><a class=\"ez-toc-link ez-toc-heading-6\" href=\"https:\/\/www.mobilier-design-occasion.fr\/magazine\/10-raisons-dinstaller-un-poele-a-bois-chez-soi-a-liege\/#6_Une_valorisation_de_votre_patrimoine_immobilier\" >6. Une valorisation de votre patrimoine immobilier<\/a><\/li><li class='ez-toc-page-1 ez-toc-heading-level-2'><a class=\"ez-toc-link ez-toc-heading-7\" href=\"https:\/\/www.mobilier-design-occasion.fr\/magazine\/10-raisons-dinstaller-un-poele-a-bois-chez-soi-a-liege\/#7_Des_aides_financieres_disponibles\" >7. Des aides financi&egrave;res disponibles<\/a><\/li><li class='ez-toc-page-1 ez-toc-heading-level-2'><a class=\"ez-toc-link ez-toc-heading-8\" href=\"https:\/\/www.mobilier-design-occasion.fr\/magazine\/10-raisons-dinstaller-un-poele-a-bois-chez-soi-a-liege\/#8_Un_entretien_simple_et_accessible\" >8. Un entretien simple et accessible<\/a><\/li><li class='ez-toc-page-1 ez-toc-heading-level-2'><a class=\"ez-toc-link ez-toc-heading-9\" href=\"https:\/\/www.mobilier-design-occasion.fr\/magazine\/10-raisons-dinstaller-un-poele-a-bois-chez-soi-a-liege\/#9_Une_cuisine_au_feu_de_bois_occasionnelle\" >9. Une cuisine au feu de bois occasionnelle<\/a><\/li><li class='ez-toc-page-1 ez-toc-heading-level-2'><a class=\"ez-toc-link ez-toc-heading-10\" href=\"https:\/\/www.mobilier-design-occasion.fr\/magazine\/10-raisons-dinstaller-un-poele-a-bois-chez-soi-a-liege\/#10_Un_geste_pour_la_communaute_locale\" >10. Un geste pour la communaut&eacute; locale<\/a><\/li><\/ul><\/nav><\/div>\n\n<p>La chaleur &eacute;mise par un po&ecirc;le &agrave; bois est unique. Contrairement &agrave; d&#8217;autres syst&egrave;mes, elle est douce, homog&egrave;ne et rayonnante, enveloppant votre int&eacute;rieur d&#8217;une atmosph&egrave;re particuli&egrave;rement agr&eacute;able.<\/p>\n<p>Cette chaleur, souvent qualifi&eacute;e de &#8220;chaleur s&egrave;che&#8221;, est tr&egrave;s appr&eacute;ci&eacute;e pour son confort qu&#8217;elle procure (elle &eacute;vite les sensations d&#8217;air sec). Imaginez-vous, apr&egrave;s une journ&eacute;e froide, vous blottir pr&egrave;s du feu, le cr&eacute;pitement du bois en fond sonore : un v&eacute;ritable havre de paix.<\/p>\n<h2 id=\"2-des-&eacute;conomies-significatives-sur-votre-facture-de-chauffage\"><span class=\"ez-toc-section\" id=\"2_Des_economies_significatives_sur_votre_facture_de_chauffage\"><\/span>2. Des &eacute;conomies significatives sur votre facture de chauffage<span class=\"ez-toc-section-end\"><\/span><\/h2>\n<p>Le bois est g&eacute;n&eacute;ralement l&#8217;une des sources d&#8217;&eacute;nergie les moins ch&egrave;res du march&eacute;. En optant pour un po&ecirc;le &agrave; bois, vous r&eacute;duisez consid&eacute;rablement votre d&eacute;pendance aux &eacute;nergies fossiles dont les prix sont souvent volatils.<\/p>\n<p>&Agrave; Li&egrave;ge, comme dans toute la Belgique, le co&ucirc;t du bois reste bien plus stable et pr&eacute;visible que celui du gaz ou de l&#8217;&eacute;lectricit&eacute;, vous permettant ainsi de r&eacute;aliser de substantielles &eacute;conomies sur le long terme. (Nous avons d&#8217;ailleurs une astuce pour vous : nous connaissons un excellent fournisseur de bois dans les provinces de Li&egrave;ge et Namur, BM Energie. Ils proposent du <a href=\"https:\/\/bmenergies.be\/product\/box-bois-de-chauffage-30\/\">bois de chauffage &agrave; Li&egrave;ge<\/a> en livraison au format 30cm, id&eacute;al pour la plupart des po&ecirc;les.)<\/p>\n<h2 id=\"3-un-geste-fort-pour-lenvironnement\"><span class=\"ez-toc-section\" id=\"3_Un_geste_fort_pour_lenvironnement\"><\/span>3. Un geste fort pour l&#8217;environnement<span class=\"ez-toc-section-end\"><\/span><\/h2>\n<p>Le bois est une &eacute;nergie renouvelable. Lorsqu&#8217;il est issu de for&ecirc;ts g&eacute;r&eacute;es durablement, son bilan carbone est neutre (les &eacute;missions de CO2 lors de sa combustion sont &eacute;quivalentes &agrave; celles absorb&eacute;es par l&#8217;arbre durant sa croissance). En choisissant un po&ecirc;le &agrave; bois moderne, vous contribuez activement &agrave; la r&eacute;duction des gaz &agrave; effet de serre et soutenez une fili&egrave;re locale et responsable, un atout non n&eacute;gligeable pour l&#8217;environnement li&eacute;geois.<\/p>\n<h2 id=\"4-une-ind&eacute;pendance-&eacute;nerg&eacute;tique-pr&eacute;cieuse\"><span class=\"ez-toc-section\" id=\"4_Une_independance_energetique_precieuse\"><\/span>4. Une ind&eacute;pendance &eacute;nerg&eacute;tique pr&eacute;cieuse<span class=\"ez-toc-section-end\"><\/span><\/h2>\n<p>Installer un po&ecirc;le &agrave; bois vous offre une certaine autonomie face aux coupures de courant ou aux pannes de votre syst&egrave;me de chauffage principal. Vous disposez d&#8217;une source de chaleur fiable et ind&eacute;pendante, ce qui peut s&#8217;av&eacute;rer tr&egrave;s utile en cas d&#8217;impr&eacute;vus (temp&ecirc;tes hivernales, probl&egrave;mes de r&eacute;seau). Cette s&eacute;curit&eacute; &eacute;nerg&eacute;tique est un avantage non n&eacute;gligeable dans notre monde parfois incertain.<\/p>\n<h2 id=\"5-une-esth&eacute;tique-et-une-ambiance-incomparables\"><span class=\"ez-toc-section\" id=\"5_Une_esthetique_et_une_ambiance_incomparables\"><\/span>5. Une esth&eacute;tique et une ambiance incomparables<span class=\"ez-toc-section-end\"><\/span><\/h2>\n<p>Au-del&agrave; de ses performances thermiques, le po&ecirc;le &agrave; bois est un v&eacute;ritable &eacute;l&eacute;ment de d&eacute;coration. Son design (moderne, rustique, contemporain) s&#8217;int&egrave;gre parfaitement &agrave; tout type d&#8217;int&eacute;rieur, apportant une touche d&#8217;&eacute;l&eacute;gance et d&#8217;authenticit&eacute;. La vision des flammes dansantes cr&eacute;e une ambiance chaleureuse et conviviale, faisant de votre pi&egrave;ce de vie un lieu de rassemblement et de d&eacute;tente privil&eacute;gi&eacute;. C&#8217;est un point central qui attire le regard et r&eacute;chauffe l&#8217;&acirc;me.<\/p>\n<h2 id=\"6-une-valorisation-de-votre-patrimoine-immobilier\"><span class=\"ez-toc-section\" id=\"6_Une_valorisation_de_votre_patrimoine_immobilier\"><\/span>6. Une valorisation de votre patrimoine immobilier<span class=\"ez-toc-section-end\"><\/span><\/h2>\n<p>L&#8217;installation d&#8217;un po&ecirc;le &agrave; bois est un investissement qui valorise votre bien immobilier. Un foyer &eacute;quip&eacute; d&#8217;un tel syst&egrave;me de chauffage est per&ccedil;u comme plus attractif, plus confortable et plus &eacute;conomique par les potentiels acheteurs. C&#8217;est un atout ind&eacute;niable sur le march&eacute; immobilier li&eacute;geois, qui peut faire la diff&eacute;rence lors d&#8217;une vente (il s&#8217;agit d&#8217;une plus-value tangible).<\/p>\n<h2 id=\"7-des-aides-financi&egrave;res-disponibles\"><span class=\"ez-toc-section\" id=\"7_Des_aides_financieres_disponibles\"><\/span>7. Des aides financi&egrave;res disponibles<span class=\"ez-toc-section-end\"><\/span><\/h2>\n<p>En Wallonie, diverses primes et aides financi&egrave;res peuvent &ecirc;tre octroy&eacute;es pour l&#8217;installation d&#8217;un syst&egrave;me de chauffage performant et &eacute;cologique, dont les po&ecirc;les &agrave; bois. Renseignez-vous aupr&egrave;s des autorit&eacute;s locales ou r&eacute;gionales (Guichet &Eacute;nergie Wallonie) pour conna&icirc;tre les conditions d&#8217;&eacute;ligibilit&eacute; et les montants disponibles. Ces aides peuvent consid&eacute;rablement r&eacute;duire le co&ucirc;t initial de votre investissement, le rendant encore plus int&eacute;ressant.<\/p>\n<h2 id=\"8-un-entretien-simple-et-accessible\"><span class=\"ez-toc-section\" id=\"8_Un_entretien_simple_et_accessible\"><\/span>8. Un entretien simple et accessible<span class=\"ez-toc-section-end\"><\/span><\/h2>\n<p>Contrairement aux id&eacute;es re&ccedil;ues, l&#8217;entretien d&#8217;un po&ecirc;le &agrave; bois est relativement simple. Il consiste principalement en un ramonage annuel (obligatoire pour des raisons de s&eacute;curit&eacute; et d&#8217;efficacit&eacute;) et un nettoyage r&eacute;gulier du cendrier. Ces op&eacute;rations peuvent souvent &ecirc;tre r&eacute;alis&eacute;es par vos soins pour le nettoyage, ou par un professionnel qualifi&eacute; pour le ramonage (garantissant ainsi la s&eacute;curit&eacute; de votre installation). Une bonne gestion du combustible et un entretien r&eacute;gulier assurent une long&eacute;vit&eacute; optimale &agrave; votre appareil.<\/p>\n<h2 id=\"9-une-cuisine-au-feu-de-bois-occasionnelle\"><span class=\"ez-toc-section\" id=\"9_Une_cuisine_au_feu_de_bois_occasionnelle\"><\/span>9. Une cuisine au feu de bois occasionnelle<span class=\"ez-toc-section-end\"><\/span><\/h2>\n<p>Certains po&ecirc;les &agrave; bois sont &eacute;quip&eacute;s d&#8217;une surface de cuisson ou d&#8217;un four int&eacute;gr&eacute;. Cela vous offre la possibilit&eacute; de pr&eacute;parer de d&eacute;licieux plats mijot&eacute;s ou de faire cuire du pain &agrave; l&#8217;ancienne, ajoutant une dimension suppl&eacute;mentaire &agrave; votre exp&eacute;rience culinaire. C&#8217;est un retour aux sources qui ravira les gourmands et les amateurs de saveurs authentiques (pensez aux rago&ucirc;ts lents ou aux pizzas maison).<\/p>\n<h2 id=\"10-un-geste-pour-la-communaut&eacute;-locale\"><span class=\"ez-toc-section\" id=\"10_Un_geste_pour_la_communaute_locale\"><\/span>10. Un geste pour la communaut&eacute; locale<span class=\"ez-toc-section-end\"><\/span><\/h2>\n<p>L&#8217;achat de bois de chauffage soutient l&#8217;&eacute;conomie locale et les fili&egrave;res foresti&egrave;res de la r&eacute;gion. En choisissant des fournisseurs locaux, vous contribuez &agrave; cr&eacute;er et maintenir des emplois dans votre province (celle de Li&egrave;ge ou les provinces avoisinantes) et &agrave; dynamiser le tissu &eacute;conomique r&eacute;gional. C&#8217;est une d&eacute;marche citoyenne qui a un impact concret sur votre environnement proche.<\/p>\n<hr>\n<p>En conclusion, l&#8217;installation d&#8217;un po&ecirc;le &agrave; bois &agrave; Li&egrave;ge pr&eacute;sente une multitude d&#8217;avantages, allant du confort in&eacute;gal&eacute; aux &eacute;conomies substantielles, en passant par le respect de l&#8217;environnement et l&#8217;esth&eacute;tique. Nous esp&eacute;rons que cet article vous aura &eacute;clair&eacute; sur les b&eacute;n&eacute;fices de ce choix de chauffage. Merci de nous avoir lu.<\/p>\n","protected":false},"excerpt":{"rendered":"<p>L&#8217;hiver approche &agrave; grands pas et vous songez &agrave; des solutions de chauffage plus chaleureuses et &eacute;conomiques pour votre foyer li&eacute;geois ? L&#8217;installation d&#8217;un po&ecirc;le &agrave; bois pourrait bien &ecirc;tre la r&eacute;ponse &agrave; vos interrogations. Dans cet article d&eacute;taill&eacute;, nous explorerons ensemble les dix raisons majeures qui devraient vous convaincre d&#8217;adopter ce mode de chauffage [&hellip;]<\/p>\n","protected":false},"author":2,"featured_media":8523,"comment_status":"open","ping_status":"open","sticky":false,"template":"","format":"standard","meta":{"footnotes":""},"categories":[2],"tags":[],"class_list":["post-8521","post","type-post","status-publish","format-standard","has-post-thumbnail","hentry","category-tendances"],"yoast_head":"<!-- This site is optimized with the Yoast SEO plugin v27.5 - https:\/\/yoast.com\/product\/yoast-seo-wordpress\/ -->\n<title>10 raisons d&#039;installer un po\u00eale \u00e0 bois chez soi \u00e0 Li\u00e8ge<\/title>\n<meta name=\"description\" content=\"10 raisons d&#039;installer un po\u00eale \u00e0 bois chez soi \u00e0 Li\u00e8ge\" \/>\n<meta name=\"robots\" content=\"index, follow, max-snippet:-1, max-image-preview:large, max-video-preview:-1\" \/>\n<link rel=\"canonical\" href=\"https:\/\/www.mobilier-design-occasion.fr\/magazine\/10-raisons-dinstaller-un-poele-a-bois-chez-soi-a-liege\/\" \/>\n<meta property=\"og:locale\" content=\"fr_FR\" \/>\n<meta property=\"og:type\" content=\"article\" \/>\n<meta property=\"og:title\" content=\"10 raisons d&#039;installer un po\u00eale \u00e0 bois chez soi \u00e0 Li\u00e8ge\" \/>\n<meta property=\"og:description\" content=\"10 raisons d&#039;installer un po\u00eale \u00e0 bois chez soi \u00e0 Li\u00e8ge\" \/>\n<meta property=\"og:url\" content=\"https:\/\/www.mobilier-design-occasion.fr\/magazine\/10-raisons-dinstaller-un-poele-a-bois-chez-soi-a-liege\/\" \/>\n<meta property=\"og:site_name\" content=\"Mobilier Design Magazine\" \/>\n<meta property=\"article:publisher\" content=\"https:\/\/www.facebook.com\/mobilierdesignoccasion\" \/>\n<meta property=\"article:published_time\" content=\"2025-09-23T08:19:02+00:00\" \/>\n<meta property=\"article:modified_time\" content=\"2025-09-23T08:19:03+00:00\" \/>\n<meta property=\"og:image\" content=\"https:\/\/www.mobilier-design-occasion.fr\/magazine\/wp-content\/uploads\/2025\/09\/8ac8dd244ddf024022455954be6e7413.jpeg\" \/>\n\t<meta property=\"og:image:width\" content=\"847\" \/>\n\t<meta property=\"og:image:height\" content=\"565\" \/>\n\t<meta property=\"og:image:type\" content=\"image\/jpeg\" \/>\n<meta name=\"author\" content=\"Vincent Vandegans\" \/>\n<meta name=\"twitter:card\" content=\"summary_large_image\" \/>\n<meta name=\"twitter:label1\" content=\"\u00c9crit par\" \/>\n\t<meta name=\"twitter:data1\" content=\"Vincent Vandegans\" \/>\n\t<meta name=\"twitter:label2\" content=\"Dur\u00e9e de lecture estim\u00e9e\" \/>\n\t<meta name=\"twitter:data2\" content=\"6 minutes\" \/>\n<script type=\"application\/ld+json\" class=\"yoast-schema-graph\">{\"@context\":\"https:\\\/\\\/schema.org\",\"@graph\":[{\"@type\":\"Article\",\"@id\":\"https:\\\/\\\/www.mobilier-design-occasion.fr\\\/magazine\\\/10-raisons-dinstaller-un-poele-a-bois-chez-soi-a-liege\\\/#article\",\"isPartOf\":{\"@id\":\"https:\\\/\\\/www.mobilier-design-occasion.fr\\\/magazine\\\/10-raisons-dinstaller-un-poele-a-bois-chez-soi-a-liege\\\/\"},\"author\":{\"name\":\"Vincent Vandegans\",\"@id\":\"https:\\\/\\\/www.mobilier-design-occasion.fr\\\/magazine\\\/#\\\/schema\\\/person\\\/af895bedc80bfb6b17730a672fddac9e\"},\"headline\":\"10 raisons d&#8217;installer un po\u00eale \u00e0 bois chez soi \u00e0 Li\u00e8ge\",\"datePublished\":\"2025-09-23T08:19:02+00:00\",\"dateModified\":\"2025-09-23T08:19:03+00:00\",\"mainEntityOfPage\":{\"@id\":\"https:\\\/\\\/www.mobilier-design-occasion.fr\\\/magazine\\\/10-raisons-dinstaller-un-poele-a-bois-chez-soi-a-liege\\\/\"},\"wordCount\":1225,\"commentCount\":0,\"publisher\":{\"@id\":\"https:\\\/\\\/www.mobilier-design-occasion.fr\\\/magazine\\\/#organization\"},\"image\":{\"@id\":\"https:\\\/\\\/www.mobilier-design-occasion.fr\\\/magazine\\\/10-raisons-dinstaller-un-poele-a-bois-chez-soi-a-liege\\\/#primaryimage\"},\"thumbnailUrl\":\"https:\\\/\\\/www.mobilier-design-occasion.fr\\\/magazine\\\/wp-content\\\/uploads\\\/2025\\\/09\\\/8ac8dd244ddf024022455954be6e7413.jpeg\",\"articleSection\":[\"Tendances\"],\"inLanguage\":\"fr-FR\",\"potentialAction\":[{\"@type\":\"CommentAction\",\"name\":\"Comment\",\"target\":[\"https:\\\/\\\/www.mobilier-design-occasion.fr\\\/magazine\\\/10-raisons-dinstaller-un-poele-a-bois-chez-soi-a-liege\\\/#respond\"]}]},{\"@type\":\"WebPage\",\"@id\":\"https:\\\/\\\/www.mobilier-design-occasion.fr\\\/magazine\\\/10-raisons-dinstaller-un-poele-a-bois-chez-soi-a-liege\\\/\",\"url\":\"https:\\\/\\\/www.mobilier-design-occasion.fr\\\/magazine\\\/10-raisons-dinstaller-un-poele-a-bois-chez-soi-a-liege\\\/\",\"name\":\"10 raisons d'installer un po\u00eale \u00e0 bois chez soi \u00e0 Li\u00e8ge\",\"isPartOf\":{\"@id\":\"https:\\\/\\\/www.mobilier-design-occasion.fr\\\/magazine\\\/#website\"},\"primaryImageOfPage\":{\"@id\":\"https:\\\/\\\/www.mobilier-design-occasion.fr\\\/magazine\\\/10-raisons-dinstaller-un-poele-a-bois-chez-soi-a-liege\\\/#primaryimage\"},\"image\":{\"@id\":\"https:\\\/\\\/www.mobilier-design-occasion.fr\\\/magazine\\\/10-raisons-dinstaller-un-poele-a-bois-chez-soi-a-liege\\\/#primaryimage\"},\"thumbnailUrl\":\"https:\\\/\\\/www.mobilier-design-occasion.fr\\\/magazine\\\/wp-content\\\/uploads\\\/2025\\\/09\\\/8ac8dd244ddf024022455954be6e7413.jpeg\",\"datePublished\":\"2025-09-23T08:19:02+00:00\",\"dateModified\":\"2025-09-23T08:19:03+00:00\",\"description\":\"10 raisons d'installer un po\u00eale \u00e0 bois chez soi \u00e0 Li\u00e8ge\",\"breadcrumb\":{\"@id\":\"https:\\\/\\\/www.mobilier-design-occasion.fr\\\/magazine\\\/10-raisons-dinstaller-un-poele-a-bois-chez-soi-a-liege\\\/#breadcrumb\"},\"inLanguage\":\"fr-FR\",\"potentialAction\":[{\"@type\":\"ReadAction\",\"target\":[\"https:\\\/\\\/www.mobilier-design-occasion.fr\\\/magazine\\\/10-raisons-dinstaller-un-poele-a-bois-chez-soi-a-liege\\\/\"]}]},{\"@type\":\"ImageObject\",\"inLanguage\":\"fr-FR\",\"@id\":\"https:\\\/\\\/www.mobilier-design-occasion.fr\\\/magazine\\\/10-raisons-dinstaller-un-poele-a-bois-chez-soi-a-liege\\\/#primaryimage\",\"url\":\"https:\\\/\\\/www.mobilier-design-occasion.fr\\\/magazine\\\/wp-content\\\/uploads\\\/2025\\\/09\\\/8ac8dd244ddf024022455954be6e7413.jpeg\",\"contentUrl\":\"https:\\\/\\\/www.mobilier-design-occasion.fr\\\/magazine\\\/wp-content\\\/uploads\\\/2025\\\/09\\\/8ac8dd244ddf024022455954be6e7413.jpeg\",\"width\":847,\"height\":565},{\"@type\":\"BreadcrumbList\",\"@id\":\"https:\\\/\\\/www.mobilier-design-occasion.fr\\\/magazine\\\/10-raisons-dinstaller-un-poele-a-bois-chez-soi-a-liege\\\/#breadcrumb\",\"itemListElement\":[{\"@type\":\"ListItem\",\"position\":1,\"name\":\"Accueil\",\"item\":\"https:\\\/\\\/www.mobilier-design-occasion.fr\\\/magazine\\\/\"},{\"@type\":\"ListItem\",\"position\":2,\"name\":\"10 raisons d&#8217;installer un po\u00eale \u00e0 bois chez soi \u00e0 Li\u00e8ge\"}]},{\"@type\":\"WebSite\",\"@id\":\"https:\\\/\\\/www.mobilier-design-occasion.fr\\\/magazine\\\/#website\",\"url\":\"https:\\\/\\\/www.mobilier-design-occasion.fr\\\/magazine\\\/\",\"name\":\"Mobilier Design Magazine\",\"description\":\"\",\"publisher\":{\"@id\":\"https:\\\/\\\/www.mobilier-design-occasion.fr\\\/magazine\\\/#organization\"},\"potentialAction\":[{\"@type\":\"SearchAction\",\"target\":{\"@type\":\"EntryPoint\",\"urlTemplate\":\"https:\\\/\\\/www.mobilier-design-occasion.fr\\\/magazine\\\/?s={search_term_string}\"},\"query-input\":{\"@type\":\"PropertyValueSpecification\",\"valueRequired\":true,\"valueName\":\"search_term_string\"}}],\"inLanguage\":\"fr-FR\"},{\"@type\":\"Organization\",\"@id\":\"https:\\\/\\\/www.mobilier-design-occasion.fr\\\/magazine\\\/#organization\",\"name\":\"Mobilier Design Magazine\",\"url\":\"https:\\\/\\\/www.mobilier-design-occasion.fr\\\/magazine\\\/\",\"logo\":{\"@type\":\"ImageObject\",\"inLanguage\":\"fr-FR\",\"@id\":\"https:\\\/\\\/www.mobilier-design-occasion.fr\\\/magazine\\\/#\\\/schema\\\/logo\\\/image\\\/\",\"url\":\"https:\\\/\\\/www.mobilier-design-occasion.fr\\\/magazine\\\/wp-content\\\/uploads\\\/2024\\\/02\\\/android-chrome-192x192-1.png\",\"contentUrl\":\"https:\\\/\\\/www.mobilier-design-occasion.fr\\\/magazine\\\/wp-content\\\/uploads\\\/2024\\\/02\\\/android-chrome-192x192-1.png\",\"width\":192,\"height\":192,\"caption\":\"Mobilier Design Magazine\"},\"image\":{\"@id\":\"https:\\\/\\\/www.mobilier-design-occasion.fr\\\/magazine\\\/#\\\/schema\\\/logo\\\/image\\\/\"},\"sameAs\":[\"https:\\\/\\\/www.facebook.com\\\/mobilierdesignoccasion\"]},{\"@type\":\"Person\",\"@id\":\"https:\\\/\\\/www.mobilier-design-occasion.fr\\\/magazine\\\/#\\\/schema\\\/person\\\/af895bedc80bfb6b17730a672fddac9e\",\"name\":\"Vincent Vandegans\",\"image\":{\"@type\":\"ImageObject\",\"inLanguage\":\"fr-FR\",\"@id\":\"https:\\\/\\\/secure.gravatar.com\\\/avatar\\\/b984800dabdf722d5e3f03f637c8932dea77d81118467d17ad2953e3b273ec66?s=96&d=mm&r=g\",\"url\":\"https:\\\/\\\/secure.gravatar.com\\\/avatar\\\/b984800dabdf722d5e3f03f637c8932dea77d81118467d17ad2953e3b273ec66?s=96&d=mm&r=g\",\"contentUrl\":\"https:\\\/\\\/secure.gravatar.com\\\/avatar\\\/b984800dabdf722d5e3f03f637c8932dea77d81118467d17ad2953e3b273ec66?s=96&d=mm&r=g\",\"caption\":\"Vincent Vandegans\"},\"description\":\"Vincent est passionn\u00e9 par les produits d'occasion, il a ouvert le site MDO avec Cyrielle pour aider les gens \u00e0 trouver du mobilier d'occasion, vintage ou usag\u00e9. Depuis, ils ont \u00e9tendu leurs activit\u00e9s et conseillent tout le monde sur le mobilier d'int\u00e9rieur et d'ext\u00e9rieur au quotidien \u00e0 travers le magazine MDO.\",\"url\":\"https:\\\/\\\/www.mobilier-design-occasion.fr\\\/magazine\\\/author\\\/vincent\\\/\"}]}<\/script>\n<!-- \/ Yoast SEO plugin. -->","yoast_head_json":{"title":"10 raisons d'installer un po\u00eale \u00e0 bois chez soi \u00e0 Li\u00e8ge","description":"10 raisons d'installer un po\u00eale \u00e0 bois chez soi \u00e0 Li\u00e8ge","robots":{"index":"index","follow":"follow","max-snippet":"max-snippet:-1","max-image-preview":"max-image-preview:large","max-video-preview":"max-video-preview:-1"},"canonical":"https:\/\/www.mobilier-design-occasion.fr\/magazine\/10-raisons-dinstaller-un-poele-a-bois-chez-soi-a-liege\/","og_locale":"fr_FR","og_type":"article","og_title":"10 raisons d'installer un po\u00eale \u00e0 bois chez soi \u00e0 Li\u00e8ge","og_description":"10 raisons d'installer un po\u00eale \u00e0 bois chez soi \u00e0 Li\u00e8ge","og_url":"https:\/\/www.mobilier-design-occasion.fr\/magazine\/10-raisons-dinstaller-un-poele-a-bois-chez-soi-a-liege\/","og_site_name":"Mobilier Design Magazine","article_publisher":"https:\/\/www.facebook.com\/mobilierdesignoccasion","article_published_time":"2025-09-23T08:19:02+00:00","article_modified_time":"2025-09-23T08:19:03+00:00","og_image":[{"width":847,"height":565,"url":"https:\/\/www.mobilier-design-occasion.fr\/magazine\/wp-content\/uploads\/2025\/09\/8ac8dd244ddf024022455954be6e7413.jpeg","type":"image\/jpeg"}],"author":"Vincent Vandegans","twitter_card":"summary_large_image","twitter_misc":{"\u00c9crit par":"Vincent Vandegans","Dur\u00e9e de lecture estim\u00e9e":"6 minutes"},"schema":{"@context":"https:\/\/schema.org","@graph":[{"@type":"Article","@id":"https:\/\/www.mobilier-design-occasion.fr\/magazine\/10-raisons-dinstaller-un-poele-a-bois-chez-soi-a-liege\/#article","isPartOf":{"@id":"https:\/\/www.mobilier-design-occasion.fr\/magazine\/10-raisons-dinstaller-un-poele-a-bois-chez-soi-a-liege\/"},"author":{"name":"Vincent Vandegans","@id":"https:\/\/www.mobilier-design-occasion.fr\/magazine\/#\/schema\/person\/af895bedc80bfb6b17730a672fddac9e"},"headline":"10 raisons d&#8217;installer un po\u00eale \u00e0 bois chez soi \u00e0 Li\u00e8ge","datePublished":"2025-09-23T08:19:02+00:00","dateModified":"2025-09-23T08:19:03+00:00","mainEntityOfPage":{"@id":"https:\/\/www.mobilier-design-occasion.fr\/magazine\/10-raisons-dinstaller-un-poele-a-bois-chez-soi-a-liege\/"},"wordCount":1225,"commentCount":0,"publisher":{"@id":"https:\/\/www.mobilier-design-occasion.fr\/magazine\/#organization"},"image":{"@id":"https:\/\/www.mobilier-design-occasion.fr\/magazine\/10-raisons-dinstaller-un-poele-a-bois-chez-soi-a-liege\/#primaryimage"},"thumbnailUrl":"https:\/\/www.mobilier-design-occasion.fr\/magazine\/wp-content\/uploads\/2025\/09\/8ac8dd244ddf024022455954be6e7413.jpeg","articleSection":["Tendances"],"inLanguage":"fr-FR","potentialAction":[{"@type":"CommentAction","name":"Comment","target":["https:\/\/www.mobilier-design-occasion.fr\/magazine\/10-raisons-dinstaller-un-poele-a-bois-chez-soi-a-liege\/#respond"]}]},{"@type":"WebPage","@id":"https:\/\/www.mobilier-design-occasion.fr\/magazine\/10-raisons-dinstaller-un-poele-a-bois-chez-soi-a-liege\/","url":"https:\/\/www.mobilier-design-occasion.fr\/magazine\/10-raisons-dinstaller-un-poele-a-bois-chez-soi-a-liege\/","name":"10 raisons d'installer un po\u00eale \u00e0 bois chez soi \u00e0 Li\u00e8ge","isPartOf":{"@id":"https:\/\/www.mobilier-design-occasion.fr\/magazine\/#website"},"primaryImageOfPage":{"@id":"https:\/\/www.mobilier-design-occasion.fr\/magazine\/10-raisons-dinstaller-un-poele-a-bois-chez-soi-a-liege\/#primaryimage"},"image":{"@id":"https:\/\/www.mobilier-design-occasion.fr\/magazine\/10-raisons-dinstaller-un-poele-a-bois-chez-soi-a-liege\/#primaryimage"},"thumbnailUrl":"https:\/\/www.mobilier-design-occasion.fr\/magazine\/wp-content\/uploads\/2025\/09\/8ac8dd244ddf024022455954be6e7413.jpeg","datePublished":"2025-09-23T08:19:02+00:00","dateModified":"2025-09-23T08:19:03+00:00","description":"10 raisons d'installer un po\u00eale \u00e0 bois chez soi \u00e0 Li\u00e8ge","breadcrumb":{"@id":"https:\/\/www.mobilier-design-occasion.fr\/magazine\/10-raisons-dinstaller-un-poele-a-bois-chez-soi-a-liege\/#breadcrumb"},"inLanguage":"fr-FR","potentialAction":[{"@type":"ReadAction","target":["https:\/\/www.mobilier-design-occasion.fr\/magazine\/10-raisons-dinstaller-un-poele-a-bois-chez-soi-a-liege\/"]}]},{"@type":"ImageObject","inLanguage":"fr-FR","@id":"https:\/\/www.mobilier-design-occasion.fr\/magazine\/10-raisons-dinstaller-un-poele-a-bois-chez-soi-a-liege\/#primaryimage","url":"https:\/\/www.mobilier-design-occasion.fr\/magazine\/wp-content\/uploads\/2025\/09\/8ac8dd244ddf024022455954be6e7413.jpeg","contentUrl":"https:\/\/www.mobilier-design-occasion.fr\/magazine\/wp-content\/uploads\/2025\/09\/8ac8dd244ddf024022455954be6e7413.jpeg","width":847,"height":565},{"@type":"BreadcrumbList","@id":"https:\/\/www.mobilier-design-occasion.fr\/magazine\/10-raisons-dinstaller-un-poele-a-bois-chez-soi-a-liege\/#breadcrumb","itemListElement":[{"@type":"ListItem","position":1,"name":"Accueil","item":"https:\/\/www.mobilier-design-occasion.fr\/magazine\/"},{"@type":"ListItem","position":2,"name":"10 raisons d&#8217;installer un po\u00eale \u00e0 bois chez soi \u00e0 Li\u00e8ge"}]},{"@type":"WebSite","@id":"https:\/\/www.mobilier-design-occasion.fr\/magazine\/#website","url":"https:\/\/www.mobilier-design-occasion.fr\/magazine\/","name":"Mobilier Design Magazine","description":"","publisher":{"@id":"https:\/\/www.mobilier-design-occasion.fr\/magazine\/#organization"},"potentialAction":[{"@type":"SearchAction","target":{"@type":"EntryPoint","urlTemplate":"https:\/\/www.mobilier-design-occasion.fr\/magazine\/?s={search_term_string}"},"query-input":{"@type":"PropertyValueSpecification","valueRequired":true,"valueName":"search_term_string"}}],"inLanguage":"fr-FR"},{"@type":"Organization","@id":"https:\/\/www.mobilier-design-occasion.fr\/magazine\/#organization","name":"Mobilier Design Magazine","url":"https:\/\/www.mobilier-design-occasion.fr\/magazine\/","logo":{"@type":"ImageObject","inLanguage":"fr-FR","@id":"https:\/\/www.mobilier-design-occasion.fr\/magazine\/#\/schema\/logo\/image\/","url":"https:\/\/www.mobilier-design-occasion.fr\/magazine\/wp-content\/uploads\/2024\/02\/android-chrome-192x192-1.png","contentUrl":"https:\/\/www.mobilier-design-occasion.fr\/magazine\/wp-content\/uploads\/2024\/02\/android-chrome-192x192-1.png","width":192,"height":192,"caption":"Mobilier Design Magazine"},"image":{"@id":"https:\/\/www.mobilier-design-occasion.fr\/magazine\/#\/schema\/logo\/image\/"},"sameAs":["https:\/\/www.facebook.com\/mobilierdesignoccasion"]},{"@type":"Person","@id":"https:\/\/www.mobilier-design-occasion.fr\/magazine\/#\/schema\/person\/af895bedc80bfb6b17730a672fddac9e","name":"Vincent Vandegans","image":{"@type":"ImageObject","inLanguage":"fr-FR","@id":"https:\/\/secure.gravatar.com\/avatar\/b984800dabdf722d5e3f03f637c8932dea77d81118467d17ad2953e3b273ec66?s=96&d=mm&r=g","url":"https:\/\/secure.gravatar.com\/avatar\/b984800dabdf722d5e3f03f637c8932dea77d81118467d17ad2953e3b273ec66?s=96&d=mm&r=g","contentUrl":"https:\/\/secure.gravatar.com\/avatar\/b984800dabdf722d5e3f03f637c8932dea77d81118467d17ad2953e3b273ec66?s=96&d=mm&r=g","caption":"Vincent Vandegans"},"description":"Vincent est passionn\u00e9 par les produits d'occasion, il a ouvert le site MDO avec Cyrielle pour aider les gens \u00e0 trouver du mobilier d'occasion, vintage ou usag\u00e9. Depuis, ils ont \u00e9tendu leurs activit\u00e9s et conseillent tout le monde sur le mobilier d'int\u00e9rieur et d'ext\u00e9rieur au quotidien \u00e0 travers le magazine MDO.","url":"https:\/\/www.mobilier-design-occasion.fr\/magazine\/author\/vincent\/"}]}},"_links":{"self":[{"href":"https:\/\/www.mobilier-design-occasion.fr\/magazine\/wp-json\/wp\/v2\/posts\/8521","targetHints":{"allow":["GET"]}}],"collection":[{"href":"https:\/\/www.mobilier-design-occasion.fr\/magazine\/wp-json\/wp\/v2\/posts"}],"about":[{"href":"https:\/\/www.mobilier-design-occasion.fr\/magazine\/wp-json\/wp\/v2\/types\/post"}],"author":[{"embeddable":true,"href":"https:\/\/www.mobilier-design-occasion.fr\/magazine\/wp-json\/wp\/v2\/users\/2"}],"replies":[{"embeddable":true,"href":"https:\/\/www.mobilier-design-occasion.fr\/magazine\/wp-json\/wp\/v2\/comments?post=8521"}],"version-history":[{"count":1,"href":"https:\/\/www.mobilier-design-occasion.fr\/magazine\/wp-json\/wp\/v2\/posts\/8521\/revisions"}],"predecessor-version":[{"id":8522,"href":"https:\/\/www.mobilier-design-occasion.fr\/magazine\/wp-json\/wp\/v2\/posts\/8521\/revisions\/8522"}],"wp:featuredmedia":[{"embeddable":true,"href":"https:\/\/www.mobilier-design-occasion.fr\/magazine\/wp-json\/wp\/v2\/media\/8523"}],"wp:attachment":[{"href":"https:\/\/www.mobilier-design-occasion.fr\/magazine\/wp-json\/wp\/v2\/media?parent=8521"}],"wp:term":[{"taxonomy":"category","embeddable":true,"href":"https:\/\/www.mobilier-design-occasion.fr\/magazine\/wp-json\/wp\/v2\/categories?post=8521"},{"taxonomy":"post_tag","embeddable":true,"href":"https:\/\/www.mobilier-design-occasion.fr\/magazine\/wp-json\/wp\/v2\/tags?post=8521"}],"curies":[{"name":"wp","href":"https:\/\/api.w.org\/{rel}","templated":true}]}}