{"id":8519,"date":"2025-09-19T15:05:27","date_gmt":"2025-09-19T15:05:27","guid":{"rendered":"https:\/\/www.mobilier-design-occasion.fr\/magazine\/les-criteres-essentiels-pour-bien-proteger-son-logement-comprendre-et-anticiper-les-risques\/"},"modified":"2025-09-19T15:05:27","modified_gmt":"2025-09-19T15:05:27","slug":"les-criteres-essentiels-pour-bien-proteger-son-logement-comprendre-et-anticiper-les-risques","status":"publish","type":"post","link":"https:\/\/www.mobilier-design-occasion.fr\/magazine\/les-criteres-essentiels-pour-bien-proteger-son-logement-comprendre-et-anticiper-les-risques\/","title":{"rendered":"Les crit\u00e8res essentiels pour bien prot\u00e9ger son logement : comprendre et anticiper les risques"},"content":{"rendered":"<p> Prot\u00e9ger son logement, c&#8217;est bien plus qu&#8217;une simple formalit\u00e9 administrative. Que vous soyez propri\u00e9taire ou locataire, cette d\u00e9marche touche au c\u0153ur de vos pr\u00e9occupations quotidiennes : pr\u00e9server votre patrimoine, mais aussi votre tranquillit\u00e9 d&#8217;esprit. Dans un monde o\u00f9 les impr\u00e9vus font partie du quotidien, bien s&#8217;informer sur les solutions de protection disponibles devient un r\u00e9flexe indispensable. Car apr\u00e8s tout, mieux vaut pr\u00e9venir que gu\u00e9rir !<\/p>\n<h2><span class=\"ez-toc-section\" id=\"Les_principaux_risques_auxquels_un_logement_est_expose\"><\/span> Les principaux risques auxquels un logement est expos\u00e9<span class=\"ez-toc-section-end\"><\/span><\/h2><div id=\"ez-toc-container\" class=\"ez-toc-v2_0_82_2 counter-hierarchy ez-toc-counter ez-toc-grey ez-toc-container-direction\">\n<div class=\"ez-toc-title-container\">\n<span class=\"ez-toc-title-toggle\"><a href=\"#\" class=\"ez-toc-pull-right ez-toc-btn ez-toc-btn-xs ez-toc-btn-default ez-toc-toggle\" aria-label=\"Toggle Table of Content\"><span class=\"ez-toc-js-icon-con\"><span class=\"\"><span class=\"eztoc-hide\" style=\"display:none;\">Toggle<\/span><span class=\"ez-toc-icon-toggle-span\"><svg style=\"fill: #999;color:#999\" xmlns=\"http:\/\/www.w3.org\/2000\/svg\" class=\"list-377408\" width=\"20px\" height=\"20px\" viewBox=\"0 0 24 24\" fill=\"none\"><path d=\"M6 6H4v2h2V6zm14 0H8v2h12V6zM4 11h2v2H4v-2zm16 0H8v2h12v-2zM4 16h2v2H4v-2zm16 0H8v2h12v-2z\" fill=\"currentColor\"><\/path><\/svg><svg style=\"fill: #999;color:#999\" class=\"arrow-unsorted-368013\" xmlns=\"http:\/\/www.w3.org\/2000\/svg\" width=\"10px\" height=\"10px\" viewBox=\"0 0 24 24\" version=\"1.2\" baseProfile=\"tiny\"><path d=\"M18.2 9.3l-6.2-6.3-6.2 6.3c-.2.2-.3.4-.3.7s.1.5.3.7c.2.2.4.3.7.3h11c.3 0 .5-.1.7-.3.2-.2.3-.5.3-.7s-.1-.5-.3-.7zM5.8 14.7l6.2 6.3 6.2-6.3c.2-.2.3-.5.3-.7s-.1-.5-.3-.7c-.2-.2-.4-.3-.7-.3h-11c-.3 0-.5.1-.7.3-.2.2-.3.5-.3.7s.1.5.3.7z\"\/><\/svg><\/span><\/span><\/span><\/a><\/span><\/div>\n<nav><ul class='ez-toc-list ez-toc-list-level-1 eztoc-toggle-hide-by-default' ><li class='ez-toc-page-1 ez-toc-heading-level-2'><a class=\"ez-toc-link ez-toc-heading-1\" href=\"https:\/\/www.mobilier-design-occasion.fr\/magazine\/les-criteres-essentiels-pour-bien-proteger-son-logement-comprendre-et-anticiper-les-risques\/#Les_principaux_risques_auxquels_un_logement_est_expose\" >Les principaux risques auxquels un logement est expos\u00e9<\/a><ul class='ez-toc-list-level-3' ><li class='ez-toc-heading-level-3'><a class=\"ez-toc-link ez-toc-heading-2\" href=\"https:\/\/www.mobilier-design-occasion.fr\/magazine\/les-criteres-essentiels-pour-bien-proteger-son-logement-comprendre-et-anticiper-les-risques\/#Identifier_les_menaces_qui_nous_guettent\" >Identifier les menaces qui nous guettent<\/a><\/li><li class='ez-toc-page-1 ez-toc-heading-level-3'><a class=\"ez-toc-link ez-toc-heading-3\" href=\"https:\/\/www.mobilier-design-occasion.fr\/magazine\/les-criteres-essentiels-pour-bien-proteger-son-logement-comprendre-et-anticiper-les-risques\/#Quand_les_sinistres_bouleversent_le_quotidien\" >Quand les sinistres bouleversent le quotidien<\/a><\/li><\/ul><\/li><li class='ez-toc-page-1 ez-toc-heading-level-2'><a class=\"ez-toc-link ez-toc-heading-4\" href=\"https:\/\/www.mobilier-design-occasion.fr\/magazine\/les-criteres-essentiels-pour-bien-proteger-son-logement-comprendre-et-anticiper-les-risques\/#Les_criteres_a_considerer_pour_une_protection_optimale\" >Les crit\u00e8res \u00e0 consid\u00e9rer pour une protection optimale<\/a><ul class='ez-toc-list-level-3' ><li class='ez-toc-heading-level-3'><a class=\"ez-toc-link ez-toc-heading-5\" href=\"https:\/\/www.mobilier-design-occasion.fr\/magazine\/les-criteres-essentiels-pour-bien-proteger-son-logement-comprendre-et-anticiper-les-risques\/#Analyser_sa_situation_avec_precision\" >Analyser sa situation avec pr\u00e9cision<\/a><\/li><li class='ez-toc-page-1 ez-toc-heading-level-3'><a class=\"ez-toc-link ez-toc-heading-6\" href=\"https:\/\/www.mobilier-design-occasion.fr\/magazine\/les-criteres-essentiels-pour-bien-proteger-son-logement-comprendre-et-anticiper-les-risques\/#Les_garanties_qui_font_la_difference\" >Les garanties qui font la diff\u00e9rence<\/a><\/li><\/ul><\/li><li class='ez-toc-page-1 ez-toc-heading-level-2'><a class=\"ez-toc-link ez-toc-heading-7\" href=\"https:\/\/www.mobilier-design-occasion.fr\/magazine\/les-criteres-essentiels-pour-bien-proteger-son-logement-comprendre-et-anticiper-les-risques\/#Comment_comparer_les_offres_et_faire_le_bon_choix\" >Comment comparer les offres et faire le bon choix<\/a><ul class='ez-toc-list-level-3' ><li class='ez-toc-heading-level-3'><a class=\"ez-toc-link ez-toc-heading-8\" href=\"https:\/\/www.mobilier-design-occasion.fr\/magazine\/les-criteres-essentiels-pour-bien-proteger-son-logement-comprendre-et-anticiper-les-risques\/#Les_details_qui_font_toute_la_difference\" >Les d\u00e9tails qui font toute la diff\u00e9rence<\/a><\/li><\/ul><\/li><li class='ez-toc-page-1 ez-toc-heading-level-2'><a class=\"ez-toc-link ez-toc-heading-9\" href=\"https:\/\/www.mobilier-design-occasion.fr\/magazine\/les-criteres-essentiels-pour-bien-proteger-son-logement-comprendre-et-anticiper-les-risques\/#Les_demarches_pour_souscrire_et_gerer_son_contrat\" >Les d\u00e9marches pour souscrire et g\u00e9rer son contrat<\/a><ul class='ez-toc-list-level-3' ><li class='ez-toc-heading-level-3'><a class=\"ez-toc-link ez-toc-heading-10\" href=\"https:\/\/www.mobilier-design-occasion.fr\/magazine\/les-criteres-essentiels-pour-bien-proteger-son-logement-comprendre-et-anticiper-les-risques\/#Le_parcours_de_souscription_etape_par_etape\" >Le parcours de souscription \u00e9tape par \u00e9tape<\/a><\/li><li class='ez-toc-page-1 ez-toc-heading-level-3'><a class=\"ez-toc-link ez-toc-heading-11\" href=\"https:\/\/www.mobilier-design-occasion.fr\/magazine\/les-criteres-essentiels-pour-bien-proteger-son-logement-comprendre-et-anticiper-les-risques\/#Lart_de_bien_gerer_son_contrat\" >L&#8217;art de bien g\u00e9rer son contrat<\/a><\/li><\/ul><\/li><li class='ez-toc-page-1 ez-toc-heading-level-2'><a class=\"ez-toc-link ez-toc-heading-12\" href=\"https:\/\/www.mobilier-design-occasion.fr\/magazine\/les-criteres-essentiels-pour-bien-proteger-son-logement-comprendre-et-anticiper-les-risques\/#En_resume\" >En r\u00e9sum\u00e9<\/a><\/li><\/ul><\/nav><\/div>\n\n<h3><span class=\"ez-toc-section\" id=\"Identifier_les_menaces_qui_nous_guettent\"><\/span> Identifier les menaces qui nous guettent<span class=\"ez-toc-section-end\"><\/span><\/h3>\n<p> Votre logement fait face chaque jour \u00e0 une multitude de risques, souvent invisibles jusqu&#8217;au moment fatidique. L&#8217;<b>incendie<\/b> reste la hantise de nombreux foyers &#8211; en quelques heures seulement, il peut r\u00e9duire en cendres des ann\u00e9es de souvenirs et d&#8217;investissements. Mais ce sont les <b>d\u00e9g\u00e2ts des eaux<\/b> qui remportent la palme des sinistres : ils repr\u00e9sentent pr\u00e8s de 80% des d\u00e9clarations selon les professionnels du secteur. Quant au <b>vol<\/b> et au <b>vandalisme<\/b>, ils frappent particuli\u00e8rement les zones urbaines, transformant parfois un simple week-end en cauchemar.<\/p>\n<p> Imaginez cette situation malheureusement courante : votre machine \u00e0 laver d\u00e9cide de rendre l&#8217;\u00e2me un dimanche matin. L&#8217;eau se r\u00e9pand dans votre appartement et s&#8217;infiltre chez vos voisins du dessous. R\u00e9sultat ? Une cascade de d\u00e9marches : d\u00e9claration urgente, intervention d&#8217;un plombier, s\u00e9chage des locaux, et parfois des mois de travaux. Sans oublier les relations de voisinage \u00e0 r\u00e9parer&#8230;<\/p>\n<h3><span class=\"ez-toc-section\" id=\"Quand_les_sinistres_bouleversent_le_quotidien\"><\/span> Quand les sinistres bouleversent le quotidien<span class=\"ez-toc-section-end\"><\/span><\/h3>\n<p> Un sinistre mal couvert peut transformer votre vie en v\u00e9ritable parcours du combattant. Remplacer mobilier, \u00e9lectrom\u00e9nager et effectuer les travaux de remise en \u00e9tat repr\u00e9sente souvent des dizaines de milliers d&#8217;euros &#8211; une somme qui peut d\u00e9stabiliser n&#8217;importe quel budget familial. Pire encore, certaines familles se retrouvent contraintes de d\u00e9m\u00e9nager temporairement, jonglant alors entre frais d&#8217;h\u00e9bergement et d\u00e9sorganisation totale de leur routine.<\/p>\n<h2><span class=\"ez-toc-section\" id=\"Les_criteres_a_considerer_pour_une_protection_optimale\"><\/span> Les crit\u00e8res \u00e0 consid\u00e9rer pour une protection optimale<span class=\"ez-toc-section-end\"><\/span><\/h2>\n<h3><span class=\"ez-toc-section\" id=\"Analyser_sa_situation_avec_precision\"><\/span> Analyser sa situation avec pr\u00e9cision<span class=\"ez-toc-section-end\"><\/span><\/h3>\n<p> Chaque foyer a ses sp\u00e9cificit\u00e9s, et votre protection doit s&#8217;adapter comme un costume sur mesure. Une maison individuelle n&#8217;expose pas aux m\u00eames dangers qu&#8217;un appartement au cinqui\u00e8me \u00e9tage. De m\u00eame, habiter en bord de mer ou en montagne influence consid\u00e9rablement votre profil de risque, notamment face aux caprices de la nature.<\/p>\n<p> Plusieurs facteurs m\u00e9ritent votre attention :<\/p>\n<p> &#8211; La composition de votre foyer et vos habitudes de vie<\/p>\n<p> &#8211; La valeur totale de vos biens personnels<\/p>\n<p> &#8211; La pr\u00e9sence d&#8217;objets pr\u00e9cieux ou d&#8217;\u00e9quipements particuliers<\/p>\n<h3><span class=\"ez-toc-section\" id=\"Les_garanties_qui_font_la_difference\"><\/span> Les garanties qui font la diff\u00e9rence<span class=\"ez-toc-section-end\"><\/span><\/h3>\n<p> La <b>responsabilit\u00e9 civile<\/b> constitue le socle de toute protection digne de ce nom. Elle vous couvre lorsque vous causez involontairement des dommages \u00e0 autrui &#8211; une obligation l\u00e9gale pour les locataires, mais tout aussi cruciale pour les propri\u00e9taires. Les <b>garanties compl\u00e9mentaires<\/b> viennent ensuite enrichir votre couverture : protection contre le vol, bris de glace, catastrophes naturelles&#8230; Autant d&#8217;options qui permettent de personnaliser votre protection selon vos besoins r\u00e9els.<\/p>\n<p> L&#8217;astuce des experts ? Adapter finement vos garanties \u00e0 votre situation personnelle. Cela \u00e9vite les mauvaises surprises le jour J, quand chaque euro compte.<\/p>\n<h2><span class=\"ez-toc-section\" id=\"Comment_comparer_les_offres_et_faire_le_bon_choix\"><\/span> Comment comparer les offres et faire le bon choix<span class=\"ez-toc-section-end\"><\/span><\/h2>\n<h3><span class=\"ez-toc-section\" id=\"Les_details_qui_font_toute_la_difference\"><\/span> Les d\u00e9tails qui font toute la diff\u00e9rence<span class=\"ez-toc-section-end\"><\/span><\/h3>\n<p> Comparer les offres d&#8217;assurance habitation, c&#8217;est un peu comme examiner des diamants : tout se joue dans les d\u00e9tails. Le <b>montant des franchises<\/b> d\u00e9termine ce qui restera \u00e0 votre charge en cas de p\u00e9pin. Les plafonds d&#8217;indemnisation fixent la limite de votre protection r\u00e9elle. Quant aux <b>exclusions de garantie<\/b>, elles d\u00e9limitent pr\u00e9cis\u00e9ment ce qui ne sera jamais pris en charge &#8211; une lecture indispensable pour \u00e9viter les d\u00e9convenues.<\/p>\n<p> N&#8217;oubliez pas les <b>services d&#8217;assistance<\/b> : d\u00e9pannage d&#8217;urgence, relogement temporaire&#8230; Ces petits plus peuvent s&#8217;av\u00e9rer providentiels quand tout s&#8217;effondre autour de vous.<\/p>\n<p> Les contrats multirisques habitation cachent souvent des diff\u00e9rences significatives dans leurs conditions. Pour b\u00e9n\u00e9ficier d&#8217;une couverture vraiment adapt\u00e9e, prenez le temps de bien <a href=\"https:\/\/www.allianz.fr\/assurance-particulier\/habitation-biens\/assurance-habitation.html\"><u>choisir une assurance logement<\/u><\/a> qui correspond \u00e0 vos attentes.<\/p>\n<h2><span class=\"ez-toc-section\" id=\"Les_demarches_pour_souscrire_et_gerer_son_contrat\"><\/span> Les d\u00e9marches pour souscrire et g\u00e9rer son contrat<span class=\"ez-toc-section-end\"><\/span><\/h2>\n<h3><span class=\"ez-toc-section\" id=\"Le_parcours_de_souscription_etape_par_etape\"><\/span> Le parcours de souscription \u00e9tape par \u00e9tape<span class=\"ez-toc-section-end\"><\/span><\/h3>\n<p> Souscrire un contrat d&#8217;assurance habitation demande un minimum de pr\u00e9paration. Rassemblez vos justificatifs de domicile, pr\u00e9parez un descriptif d\u00e9taill\u00e9 de votre logement et dressez l&#8217;inventaire de vos biens de valeur. Attention aux d\u00e9lais de carence : cette p\u00e9riode transitoire o\u00f9 vos garanties ne s&#8217;appliquent pas encore peut vous jouer des tours si vous \u00eates press\u00e9.<\/p>\n<p> Prenez le temps de d\u00e9cortiquer les garanties et les conditions g\u00e9n\u00e9rales avant de signer. Certes, c&#8217;est moins passionnant qu&#8217;un bon roman, mais cela vous \u00e9vitera bien des d\u00e9sillusions plus tard.<\/p>\n<h3><span class=\"ez-toc-section\" id=\"Lart_de_bien_gerer_son_contrat\"><\/span> L&#8217;art de bien g\u00e9rer son contrat<span class=\"ez-toc-section-end\"><\/span><\/h3>\n<p> Votre contrat d&#8217;assurance habitation n&#8217;est pas un document que l&#8217;on range et oublie. Il vit avec vous ! D\u00e9m\u00e9nagement, achat d&#8217;objets de valeur, travaux d&#8217;am\u00e9nagement&#8230; Chaque changement important doit \u00eatre signal\u00e9 rapidement \u00e0 votre assureur.<\/p>\n<p> En cas de sinistre, la r\u00e8gle d&#8217;or reste la r\u00e9activit\u00e9 : vous disposez g\u00e9n\u00e9ralement de cinq jours ouvr\u00e9s pour d\u00e9clarer l&#8217;incident. Un conseil pratique ? Conservez une copie num\u00e9rique de votre contrat et de vos justificatifs dans le cloud. Vous nous remercierez le jour o\u00f9 vous en aurez besoin !<\/p>\n<h2><span class=\"ez-toc-section\" id=\"En_resume\"><\/span> En r\u00e9sum\u00e9<span class=\"ez-toc-section-end\"><\/span><\/h2>\n<p> Prot\u00e9ger efficacement son logement rel\u00e8ve d&#8217;un savant m\u00e9lange d&#8217;anticipation et de bon sens. Cette r\u00e9flexion ne se limite pas \u00e0 un moment ponctuel : elle \u00e9volue avec votre vie, vos projets, vos acquisitions. Investir du temps pour comprendre les garanties disponibles et leurs subtilit\u00e9s, c&#8217;est s&#8217;assurer des nuits paisibles et pr\u00e9server la s\u00e9r\u00e9nit\u00e9 de votre foyer. Car au final, n&#8217;est-ce pas cela, le v\u00e9ritable luxe ?<\/p>\n","protected":false},"excerpt":{"rendered":"<p>Prot\u00e9ger son logement, c&#8217;est bien plus qu&#8217;une simple formalit\u00e9 administrative. Que vous soyez propri\u00e9taire ou locataire, cette d\u00e9marche touche au c\u0153ur de vos pr\u00e9occupations quotidiennes : pr\u00e9server votre patrimoine, mais aussi votre tranquillit\u00e9 d&#8217;esprit. Dans un monde o\u00f9 les impr\u00e9vus font partie du quotidien, bien s&#8217;informer sur les solutions de protection disponibles devient un r\u00e9flexe [&hellip;]<\/p>\n","protected":false},"author":2,"featured_media":0,"comment_status":"open","ping_status":"open","sticky":false,"template":"","format":"standard","meta":{"footnotes":""},"categories":[8],"tags":[],"class_list":["post-8519","post","type-post","status-publish","format-standard","hentry","category-avis"],"yoast_head":"<!-- This site is optimized with the Yoast SEO plugin v27.5 - https:\/\/yoast.com\/product\/yoast-seo-wordpress\/ -->\n<title>Les crit\u00e8res essentiels pour bien prot\u00e9ger son logement : comprendre et anticiper les risques<\/title>\n<meta name=\"description\" content=\"Prot\u00e9ger son logement, c&#039;est bien plus qu&#039;une simple formalit\u00e9 administrative. Que vous soyez propri\u00e9taire ou locataire, cette d\u00e9marche touche au c\u0153ur de vos pr\u00e9occupations quotidiennes : pr\u00e9server votre patrimoine, mais aussi votre tranquillit\u00e9 d&#039;esprit.\" \/>\n<meta name=\"robots\" content=\"index, follow, max-snippet:-1, max-image-preview:large, max-video-preview:-1\" \/>\n<link rel=\"canonical\" href=\"https:\/\/www.mobilier-design-occasion.fr\/magazine\/les-criteres-essentiels-pour-bien-proteger-son-logement-comprendre-et-anticiper-les-risques\/\" \/>\n<meta property=\"og:locale\" content=\"fr_FR\" \/>\n<meta property=\"og:type\" content=\"article\" \/>\n<meta property=\"og:title\" content=\"Les crit\u00e8res essentiels pour bien prot\u00e9ger son logement : comprendre et anticiper les risques\" \/>\n<meta property=\"og:description\" content=\"Prot\u00e9ger son logement, c&#039;est bien plus qu&#039;une simple formalit\u00e9 administrative. Que vous soyez propri\u00e9taire ou locataire, cette d\u00e9marche touche au c\u0153ur de vos pr\u00e9occupations quotidiennes : pr\u00e9server votre patrimoine, mais aussi votre tranquillit\u00e9 d&#039;esprit.\" \/>\n<meta property=\"og:url\" content=\"https:\/\/www.mobilier-design-occasion.fr\/magazine\/les-criteres-essentiels-pour-bien-proteger-son-logement-comprendre-et-anticiper-les-risques\/\" \/>\n<meta property=\"og:site_name\" content=\"Mobilier Design Magazine\" \/>\n<meta property=\"article:publisher\" content=\"https:\/\/www.facebook.com\/mobilierdesignoccasion\" \/>\n<meta property=\"article:published_time\" content=\"2025-09-19T15:05:27+00:00\" \/>\n<meta name=\"author\" content=\"Vincent Vandegans\" \/>\n<meta name=\"twitter:card\" content=\"summary_large_image\" \/>\n<meta name=\"twitter:label1\" content=\"\u00c9crit par\" \/>\n\t<meta name=\"twitter:data1\" content=\"Vincent Vandegans\" \/>\n\t<meta name=\"twitter:label2\" content=\"Dur\u00e9e de lecture estim\u00e9e\" \/>\n\t<meta name=\"twitter:data2\" content=\"5 minutes\" \/>\n<script type=\"application\/ld+json\" class=\"yoast-schema-graph\">{\"@context\":\"https:\\\/\\\/schema.org\",\"@graph\":[{\"@type\":\"Article\",\"@id\":\"https:\\\/\\\/www.mobilier-design-occasion.fr\\\/magazine\\\/les-criteres-essentiels-pour-bien-proteger-son-logement-comprendre-et-anticiper-les-risques\\\/#article\",\"isPartOf\":{\"@id\":\"https:\\\/\\\/www.mobilier-design-occasion.fr\\\/magazine\\\/les-criteres-essentiels-pour-bien-proteger-son-logement-comprendre-et-anticiper-les-risques\\\/\"},\"author\":{\"name\":\"Vincent Vandegans\",\"@id\":\"https:\\\/\\\/www.mobilier-design-occasion.fr\\\/magazine\\\/#\\\/schema\\\/person\\\/af895bedc80bfb6b17730a672fddac9e\"},\"headline\":\"Les crit\u00e8res essentiels pour bien prot\u00e9ger son logement : comprendre et anticiper les risques\",\"datePublished\":\"2025-09-19T15:05:27+00:00\",\"mainEntityOfPage\":{\"@id\":\"https:\\\/\\\/www.mobilier-design-occasion.fr\\\/magazine\\\/les-criteres-essentiels-pour-bien-proteger-son-logement-comprendre-et-anticiper-les-risques\\\/\"},\"wordCount\":1015,\"commentCount\":0,\"publisher\":{\"@id\":\"https:\\\/\\\/www.mobilier-design-occasion.fr\\\/magazine\\\/#organization\"},\"articleSection\":[\"Avis marques d\u00e9co\"],\"inLanguage\":\"fr-FR\",\"potentialAction\":[{\"@type\":\"CommentAction\",\"name\":\"Comment\",\"target\":[\"https:\\\/\\\/www.mobilier-design-occasion.fr\\\/magazine\\\/les-criteres-essentiels-pour-bien-proteger-son-logement-comprendre-et-anticiper-les-risques\\\/#respond\"]}]},{\"@type\":\"WebPage\",\"@id\":\"https:\\\/\\\/www.mobilier-design-occasion.fr\\\/magazine\\\/les-criteres-essentiels-pour-bien-proteger-son-logement-comprendre-et-anticiper-les-risques\\\/\",\"url\":\"https:\\\/\\\/www.mobilier-design-occasion.fr\\\/magazine\\\/les-criteres-essentiels-pour-bien-proteger-son-logement-comprendre-et-anticiper-les-risques\\\/\",\"name\":\"Les crit\u00e8res essentiels pour bien prot\u00e9ger son logement : comprendre et anticiper les risques\",\"isPartOf\":{\"@id\":\"https:\\\/\\\/www.mobilier-design-occasion.fr\\\/magazine\\\/#website\"},\"datePublished\":\"2025-09-19T15:05:27+00:00\",\"description\":\"Prot\u00e9ger son logement, c'est bien plus qu'une simple formalit\u00e9 administrative. Que vous soyez propri\u00e9taire ou locataire, cette d\u00e9marche touche au c\u0153ur de vos pr\u00e9occupations quotidiennes : pr\u00e9server votre patrimoine, mais aussi votre tranquillit\u00e9 d'esprit.\",\"breadcrumb\":{\"@id\":\"https:\\\/\\\/www.mobilier-design-occasion.fr\\\/magazine\\\/les-criteres-essentiels-pour-bien-proteger-son-logement-comprendre-et-anticiper-les-risques\\\/#breadcrumb\"},\"inLanguage\":\"fr-FR\",\"potentialAction\":[{\"@type\":\"ReadAction\",\"target\":[\"https:\\\/\\\/www.mobilier-design-occasion.fr\\\/magazine\\\/les-criteres-essentiels-pour-bien-proteger-son-logement-comprendre-et-anticiper-les-risques\\\/\"]}]},{\"@type\":\"BreadcrumbList\",\"@id\":\"https:\\\/\\\/www.mobilier-design-occasion.fr\\\/magazine\\\/les-criteres-essentiels-pour-bien-proteger-son-logement-comprendre-et-anticiper-les-risques\\\/#breadcrumb\",\"itemListElement\":[{\"@type\":\"ListItem\",\"position\":1,\"name\":\"Accueil\",\"item\":\"https:\\\/\\\/www.mobilier-design-occasion.fr\\\/magazine\\\/\"},{\"@type\":\"ListItem\",\"position\":2,\"name\":\"Les crit\u00e8res essentiels pour bien prot\u00e9ger son logement : comprendre et anticiper les risques\"}]},{\"@type\":\"WebSite\",\"@id\":\"https:\\\/\\\/www.mobilier-design-occasion.fr\\\/magazine\\\/#website\",\"url\":\"https:\\\/\\\/www.mobilier-design-occasion.fr\\\/magazine\\\/\",\"name\":\"Mobilier Design Magazine\",\"description\":\"\",\"publisher\":{\"@id\":\"https:\\\/\\\/www.mobilier-design-occasion.fr\\\/magazine\\\/#organization\"},\"potentialAction\":[{\"@type\":\"SearchAction\",\"target\":{\"@type\":\"EntryPoint\",\"urlTemplate\":\"https:\\\/\\\/www.mobilier-design-occasion.fr\\\/magazine\\\/?s={search_term_string}\"},\"query-input\":{\"@type\":\"PropertyValueSpecification\",\"valueRequired\":true,\"valueName\":\"search_term_string\"}}],\"inLanguage\":\"fr-FR\"},{\"@type\":\"Organization\",\"@id\":\"https:\\\/\\\/www.mobilier-design-occasion.fr\\\/magazine\\\/#organization\",\"name\":\"Mobilier Design Magazine\",\"url\":\"https:\\\/\\\/www.mobilier-design-occasion.fr\\\/magazine\\\/\",\"logo\":{\"@type\":\"ImageObject\",\"inLanguage\":\"fr-FR\",\"@id\":\"https:\\\/\\\/www.mobilier-design-occasion.fr\\\/magazine\\\/#\\\/schema\\\/logo\\\/image\\\/\",\"url\":\"https:\\\/\\\/www.mobilier-design-occasion.fr\\\/magazine\\\/wp-content\\\/uploads\\\/2024\\\/02\\\/android-chrome-192x192-1.png\",\"contentUrl\":\"https:\\\/\\\/www.mobilier-design-occasion.fr\\\/magazine\\\/wp-content\\\/uploads\\\/2024\\\/02\\\/android-chrome-192x192-1.png\",\"width\":192,\"height\":192,\"caption\":\"Mobilier Design Magazine\"},\"image\":{\"@id\":\"https:\\\/\\\/www.mobilier-design-occasion.fr\\\/magazine\\\/#\\\/schema\\\/logo\\\/image\\\/\"},\"sameAs\":[\"https:\\\/\\\/www.facebook.com\\\/mobilierdesignoccasion\"]},{\"@type\":\"Person\",\"@id\":\"https:\\\/\\\/www.mobilier-design-occasion.fr\\\/magazine\\\/#\\\/schema\\\/person\\\/af895bedc80bfb6b17730a672fddac9e\",\"name\":\"Vincent Vandegans\",\"image\":{\"@type\":\"ImageObject\",\"inLanguage\":\"fr-FR\",\"@id\":\"https:\\\/\\\/secure.gravatar.com\\\/avatar\\\/b984800dabdf722d5e3f03f637c8932dea77d81118467d17ad2953e3b273ec66?s=96&d=mm&r=g\",\"url\":\"https:\\\/\\\/secure.gravatar.com\\\/avatar\\\/b984800dabdf722d5e3f03f637c8932dea77d81118467d17ad2953e3b273ec66?s=96&d=mm&r=g\",\"contentUrl\":\"https:\\\/\\\/secure.gravatar.com\\\/avatar\\\/b984800dabdf722d5e3f03f637c8932dea77d81118467d17ad2953e3b273ec66?s=96&d=mm&r=g\",\"caption\":\"Vincent Vandegans\"},\"description\":\"Vincent est passionn\u00e9 par les produits d'occasion, il a ouvert le site MDO avec Cyrielle pour aider les gens \u00e0 trouver du mobilier d'occasion, vintage ou usag\u00e9. Depuis, ils ont \u00e9tendu leurs activit\u00e9s et conseillent tout le monde sur le mobilier d'int\u00e9rieur et d'ext\u00e9rieur au quotidien \u00e0 travers le magazine MDO.\",\"url\":\"https:\\\/\\\/www.mobilier-design-occasion.fr\\\/magazine\\\/author\\\/vincent\\\/\"}]}<\/script>\n<!-- \/ Yoast SEO plugin. -->","yoast_head_json":{"title":"Les crit\u00e8res essentiels pour bien prot\u00e9ger son logement : comprendre et anticiper les risques","description":"Prot\u00e9ger son logement, c'est bien plus qu'une simple formalit\u00e9 administrative. Que vous soyez propri\u00e9taire ou locataire, cette d\u00e9marche touche au c\u0153ur de vos pr\u00e9occupations quotidiennes : pr\u00e9server votre patrimoine, mais aussi votre tranquillit\u00e9 d'esprit.","robots":{"index":"index","follow":"follow","max-snippet":"max-snippet:-1","max-image-preview":"max-image-preview:large","max-video-preview":"max-video-preview:-1"},"canonical":"https:\/\/www.mobilier-design-occasion.fr\/magazine\/les-criteres-essentiels-pour-bien-proteger-son-logement-comprendre-et-anticiper-les-risques\/","og_locale":"fr_FR","og_type":"article","og_title":"Les crit\u00e8res essentiels pour bien prot\u00e9ger son logement : comprendre et anticiper les risques","og_description":"Prot\u00e9ger son logement, c'est bien plus qu'une simple formalit\u00e9 administrative. Que vous soyez propri\u00e9taire ou locataire, cette d\u00e9marche touche au c\u0153ur de vos pr\u00e9occupations quotidiennes : pr\u00e9server votre patrimoine, mais aussi votre tranquillit\u00e9 d'esprit.","og_url":"https:\/\/www.mobilier-design-occasion.fr\/magazine\/les-criteres-essentiels-pour-bien-proteger-son-logement-comprendre-et-anticiper-les-risques\/","og_site_name":"Mobilier Design Magazine","article_publisher":"https:\/\/www.facebook.com\/mobilierdesignoccasion","article_published_time":"2025-09-19T15:05:27+00:00","author":"Vincent Vandegans","twitter_card":"summary_large_image","twitter_misc":{"\u00c9crit par":"Vincent Vandegans","Dur\u00e9e de lecture estim\u00e9e":"5 minutes"},"schema":{"@context":"https:\/\/schema.org","@graph":[{"@type":"Article","@id":"https:\/\/www.mobilier-design-occasion.fr\/magazine\/les-criteres-essentiels-pour-bien-proteger-son-logement-comprendre-et-anticiper-les-risques\/#article","isPartOf":{"@id":"https:\/\/www.mobilier-design-occasion.fr\/magazine\/les-criteres-essentiels-pour-bien-proteger-son-logement-comprendre-et-anticiper-les-risques\/"},"author":{"name":"Vincent Vandegans","@id":"https:\/\/www.mobilier-design-occasion.fr\/magazine\/#\/schema\/person\/af895bedc80bfb6b17730a672fddac9e"},"headline":"Les crit\u00e8res essentiels pour bien prot\u00e9ger son logement : comprendre et anticiper les risques","datePublished":"2025-09-19T15:05:27+00:00","mainEntityOfPage":{"@id":"https:\/\/www.mobilier-design-occasion.fr\/magazine\/les-criteres-essentiels-pour-bien-proteger-son-logement-comprendre-et-anticiper-les-risques\/"},"wordCount":1015,"commentCount":0,"publisher":{"@id":"https:\/\/www.mobilier-design-occasion.fr\/magazine\/#organization"},"articleSection":["Avis marques d\u00e9co"],"inLanguage":"fr-FR","potentialAction":[{"@type":"CommentAction","name":"Comment","target":["https:\/\/www.mobilier-design-occasion.fr\/magazine\/les-criteres-essentiels-pour-bien-proteger-son-logement-comprendre-et-anticiper-les-risques\/#respond"]}]},{"@type":"WebPage","@id":"https:\/\/www.mobilier-design-occasion.fr\/magazine\/les-criteres-essentiels-pour-bien-proteger-son-logement-comprendre-et-anticiper-les-risques\/","url":"https:\/\/www.mobilier-design-occasion.fr\/magazine\/les-criteres-essentiels-pour-bien-proteger-son-logement-comprendre-et-anticiper-les-risques\/","name":"Les crit\u00e8res essentiels pour bien prot\u00e9ger son logement : comprendre et anticiper les risques","isPartOf":{"@id":"https:\/\/www.mobilier-design-occasion.fr\/magazine\/#website"},"datePublished":"2025-09-19T15:05:27+00:00","description":"Prot\u00e9ger son logement, c'est bien plus qu'une simple formalit\u00e9 administrative. Que vous soyez propri\u00e9taire ou locataire, cette d\u00e9marche touche au c\u0153ur de vos pr\u00e9occupations quotidiennes : pr\u00e9server votre patrimoine, mais aussi votre tranquillit\u00e9 d'esprit.","breadcrumb":{"@id":"https:\/\/www.mobilier-design-occasion.fr\/magazine\/les-criteres-essentiels-pour-bien-proteger-son-logement-comprendre-et-anticiper-les-risques\/#breadcrumb"},"inLanguage":"fr-FR","potentialAction":[{"@type":"ReadAction","target":["https:\/\/www.mobilier-design-occasion.fr\/magazine\/les-criteres-essentiels-pour-bien-proteger-son-logement-comprendre-et-anticiper-les-risques\/"]}]},{"@type":"BreadcrumbList","@id":"https:\/\/www.mobilier-design-occasion.fr\/magazine\/les-criteres-essentiels-pour-bien-proteger-son-logement-comprendre-et-anticiper-les-risques\/#breadcrumb","itemListElement":[{"@type":"ListItem","position":1,"name":"Accueil","item":"https:\/\/www.mobilier-design-occasion.fr\/magazine\/"},{"@type":"ListItem","position":2,"name":"Les crit\u00e8res essentiels pour bien prot\u00e9ger son logement : comprendre et anticiper les risques"}]},{"@type":"WebSite","@id":"https:\/\/www.mobilier-design-occasion.fr\/magazine\/#website","url":"https:\/\/www.mobilier-design-occasion.fr\/magazine\/","name":"Mobilier Design Magazine","description":"","publisher":{"@id":"https:\/\/www.mobilier-design-occasion.fr\/magazine\/#organization"},"potentialAction":[{"@type":"SearchAction","target":{"@type":"EntryPoint","urlTemplate":"https:\/\/www.mobilier-design-occasion.fr\/magazine\/?s={search_term_string}"},"query-input":{"@type":"PropertyValueSpecification","valueRequired":true,"valueName":"search_term_string"}}],"inLanguage":"fr-FR"},{"@type":"Organization","@id":"https:\/\/www.mobilier-design-occasion.fr\/magazine\/#organization","name":"Mobilier Design Magazine","url":"https:\/\/www.mobilier-design-occasion.fr\/magazine\/","logo":{"@type":"ImageObject","inLanguage":"fr-FR","@id":"https:\/\/www.mobilier-design-occasion.fr\/magazine\/#\/schema\/logo\/image\/","url":"https:\/\/www.mobilier-design-occasion.fr\/magazine\/wp-content\/uploads\/2024\/02\/android-chrome-192x192-1.png","contentUrl":"https:\/\/www.mobilier-design-occasion.fr\/magazine\/wp-content\/uploads\/2024\/02\/android-chrome-192x192-1.png","width":192,"height":192,"caption":"Mobilier Design Magazine"},"image":{"@id":"https:\/\/www.mobilier-design-occasion.fr\/magazine\/#\/schema\/logo\/image\/"},"sameAs":["https:\/\/www.facebook.com\/mobilierdesignoccasion"]},{"@type":"Person","@id":"https:\/\/www.mobilier-design-occasion.fr\/magazine\/#\/schema\/person\/af895bedc80bfb6b17730a672fddac9e","name":"Vincent Vandegans","image":{"@type":"ImageObject","inLanguage":"fr-FR","@id":"https:\/\/secure.gravatar.com\/avatar\/b984800dabdf722d5e3f03f637c8932dea77d81118467d17ad2953e3b273ec66?s=96&d=mm&r=g","url":"https:\/\/secure.gravatar.com\/avatar\/b984800dabdf722d5e3f03f637c8932dea77d81118467d17ad2953e3b273ec66?s=96&d=mm&r=g","contentUrl":"https:\/\/secure.gravatar.com\/avatar\/b984800dabdf722d5e3f03f637c8932dea77d81118467d17ad2953e3b273ec66?s=96&d=mm&r=g","caption":"Vincent Vandegans"},"description":"Vincent est passionn\u00e9 par les produits d'occasion, il a ouvert le site MDO avec Cyrielle pour aider les gens \u00e0 trouver du mobilier d'occasion, vintage ou usag\u00e9. Depuis, ils ont \u00e9tendu leurs activit\u00e9s et conseillent tout le monde sur le mobilier d'int\u00e9rieur et d'ext\u00e9rieur au quotidien \u00e0 travers le magazine MDO.","url":"https:\/\/www.mobilier-design-occasion.fr\/magazine\/author\/vincent\/"}]}},"_links":{"self":[{"href":"https:\/\/www.mobilier-design-occasion.fr\/magazine\/wp-json\/wp\/v2\/posts\/8519","targetHints":{"allow":["GET"]}}],"collection":[{"href":"https:\/\/www.mobilier-design-occasion.fr\/magazine\/wp-json\/wp\/v2\/posts"}],"about":[{"href":"https:\/\/www.mobilier-design-occasion.fr\/magazine\/wp-json\/wp\/v2\/types\/post"}],"author":[{"embeddable":true,"href":"https:\/\/www.mobilier-design-occasion.fr\/magazine\/wp-json\/wp\/v2\/users\/2"}],"replies":[{"embeddable":true,"href":"https:\/\/www.mobilier-design-occasion.fr\/magazine\/wp-json\/wp\/v2\/comments?post=8519"}],"version-history":[{"count":1,"href":"https:\/\/www.mobilier-design-occasion.fr\/magazine\/wp-json\/wp\/v2\/posts\/8519\/revisions"}],"predecessor-version":[{"id":8520,"href":"https:\/\/www.mobilier-design-occasion.fr\/magazine\/wp-json\/wp\/v2\/posts\/8519\/revisions\/8520"}],"wp:attachment":[{"href":"https:\/\/www.mobilier-design-occasion.fr\/magazine\/wp-json\/wp\/v2\/media?parent=8519"}],"wp:term":[{"taxonomy":"category","embeddable":true,"href":"https:\/\/www.mobilier-design-occasion.fr\/magazine\/wp-json\/wp\/v2\/categories?post=8519"},{"taxonomy":"post_tag","embeddable":true,"href":"https:\/\/www.mobilier-design-occasion.fr\/magazine\/wp-json\/wp\/v2\/tags?post=8519"}],"curies":[{"name":"wp","href":"https:\/\/api.w.org\/{rel}","templated":true}]}}