{"id":8504,"date":"2025-09-10T08:32:28","date_gmt":"2025-09-10T08:32:28","guid":{"rendered":"https:\/\/www.mobilier-design-occasion.fr\/magazine\/?p=8504"},"modified":"2025-09-10T08:32:29","modified_gmt":"2025-09-10T08:32:29","slug":"adoucisseurs-deau-en-appartement-concilier-efficacite-et-design","status":"publish","type":"post","link":"https:\/\/www.mobilier-design-occasion.fr\/magazine\/adoucisseurs-deau-en-appartement-concilier-efficacite-et-design\/","title":{"rendered":"Adoucisseurs d&#8217;eau en appartement : concilier efficacit\u00e9 et design"},"content":{"rendered":"\n<p>L&#8217;eau calcaire est un fl\u00e9au quotidien qui endommage vos appareils \u00e9lectrom\u00e9nagers, laisse des traces sur la robinetterie et ass\u00e8che votre peau. En <a href=\"https:\/\/www.calceo.be\">appartement<\/a>, installer un adoucisseur d&#8217;eau peut transformer votre confort, mais comment l&#8217;int\u00e9grer harmonieusement dans un <a href=\"https:\/\/www.mobilier-design-occasion.fr\/magazine\/envie-dun-interieur-chic-ikea-revele-comment-et-cest-surprenant\/\">int\u00e9rieur<\/a> soign\u00e9 ? Voici un guide complet pour allier fonctionnalit\u00e9 et <a href=\"https:\/\/www.mobilier-design-occasion.fr\/magazine\/le-petit-lexique-du-mobilier-design\/\">esth\u00e9tique<\/a>.<\/p>\n\n\n\n<h2 class=\"wp-block-heading\"><span class=\"ez-toc-section\" id=\"Pourquoi_choisir_un_adoucisseur_compact_pour_son_appartement\"><\/span>Pourquoi choisir un adoucisseur compact pour son appartement ?<span class=\"ez-toc-section-end\"><\/span><\/h2><div id=\"ez-toc-container\" class=\"ez-toc-v2_0_82_2 counter-hierarchy ez-toc-counter ez-toc-grey ez-toc-container-direction\">\n<div class=\"ez-toc-title-container\">\n<span class=\"ez-toc-title-toggle\"><a href=\"#\" class=\"ez-toc-pull-right ez-toc-btn ez-toc-btn-xs ez-toc-btn-default ez-toc-toggle\" aria-label=\"Toggle Table of Content\"><span class=\"ez-toc-js-icon-con\"><span class=\"\"><span class=\"eztoc-hide\" style=\"display:none;\">Toggle<\/span><span class=\"ez-toc-icon-toggle-span\"><svg style=\"fill: #999;color:#999\" xmlns=\"http:\/\/www.w3.org\/2000\/svg\" class=\"list-377408\" width=\"20px\" height=\"20px\" viewBox=\"0 0 24 24\" fill=\"none\"><path d=\"M6 6H4v2h2V6zm14 0H8v2h12V6zM4 11h2v2H4v-2zm16 0H8v2h12v-2zM4 16h2v2H4v-2zm16 0H8v2h12v-2z\" fill=\"currentColor\"><\/path><\/svg><svg style=\"fill: #999;color:#999\" class=\"arrow-unsorted-368013\" xmlns=\"http:\/\/www.w3.org\/2000\/svg\" width=\"10px\" height=\"10px\" viewBox=\"0 0 24 24\" version=\"1.2\" baseProfile=\"tiny\"><path d=\"M18.2 9.3l-6.2-6.3-6.2 6.3c-.2.2-.3.4-.3.7s.1.5.3.7c.2.2.4.3.7.3h11c.3 0 .5-.1.7-.3.2-.2.3-.5.3-.7s-.1-.5-.3-.7zM5.8 14.7l6.2 6.3 6.2-6.3c.2-.2.3-.5.3-.7s-.1-.5-.3-.7c-.2-.2-.4-.3-.7-.3h-11c-.3 0-.5.1-.7.3-.2.2-.3.5-.3.7s.1.5.3.7z\"\/><\/svg><\/span><\/span><\/span><\/a><\/span><\/div>\n<nav><ul class='ez-toc-list ez-toc-list-level-1 eztoc-toggle-hide-by-default' ><ul class='ez-toc-list-level-2' ><li class='ez-toc-heading-level-2'><a class=\"ez-toc-link ez-toc-heading-1\" href=\"https:\/\/www.mobilier-design-occasion.fr\/magazine\/adoucisseurs-deau-en-appartement-concilier-efficacite-et-design\/#Pourquoi_choisir_un_adoucisseur_compact_pour_son_appartement\" >Pourquoi choisir un adoucisseur compact pour son appartement ?<\/a><\/li><li class='ez-toc-page-1 ez-toc-heading-level-2'><a class=\"ez-toc-link ez-toc-heading-2\" href=\"https:\/\/www.mobilier-design-occasion.fr\/magazine\/adoucisseurs-deau-en-appartement-concilier-efficacite-et-design\/#Les_modeles_compacts_vos_allies_discretion\" >Les mod\u00e8les compacts : vos alli\u00e9s discr\u00e9tion<\/a><ul class='ez-toc-list-level-3' ><li class='ez-toc-heading-level-3'><a class=\"ez-toc-link ez-toc-heading-3\" href=\"https:\/\/www.mobilier-design-occasion.fr\/magazine\/adoucisseurs-deau-en-appartement-concilier-efficacite-et-design\/#Adoucisseurs_sous-evier\" >Adoucisseurs sous-\u00e9vier<\/a><\/li><li class='ez-toc-page-1 ez-toc-heading-level-3'><a class=\"ez-toc-link ez-toc-heading-4\" href=\"https:\/\/www.mobilier-design-occasion.fr\/magazine\/adoucisseurs-deau-en-appartement-concilier-efficacite-et-design\/#Adoucisseurs_bi-blocs\" >Adoucisseurs bi-blocs<\/a><\/li><li class='ez-toc-page-1 ez-toc-heading-level-3'><a class=\"ez-toc-link ez-toc-heading-5\" href=\"https:\/\/www.mobilier-design-occasion.fr\/magazine\/adoucisseurs-deau-en-appartement-concilier-efficacite-et-design\/#Mini-adoucisseurs\" >Mini-adoucisseurs<\/a><\/li><\/ul><\/li><\/ul><\/li><li class='ez-toc-page-1 ez-toc-heading-level-1'><a class=\"ez-toc-link ez-toc-heading-6\" href=\"https:\/\/www.mobilier-design-occasion.fr\/magazine\/adoucisseurs-deau-en-appartement-concilier-efficacite-et-design\/#Tableau_comparatif_Avantages_et_inconvenients_des_designs_dadoucisseurs\" >Tableau comparatif : Avantages et inconv\u00e9nients des designs d&#8217;adoucisseurs<\/a><ul class='ez-toc-list-level-2' ><li class='ez-toc-heading-level-2'><a class=\"ez-toc-link ez-toc-heading-7\" href=\"https:\/\/www.mobilier-design-occasion.fr\/magazine\/adoucisseurs-deau-en-appartement-concilier-efficacite-et-design\/#Criteres_de_choix_selon_le_type_dappartement\" >Crit\u00e8res de choix selon le type d&#8217;appartement<\/a><\/li><li class='ez-toc-page-1 ez-toc-heading-level-2'><a class=\"ez-toc-link ez-toc-heading-8\" href=\"https:\/\/www.mobilier-design-occasion.fr\/magazine\/adoucisseurs-deau-en-appartement-concilier-efficacite-et-design\/#Budget_global_selon_le_design_choisi\" >Budget global selon le design choisi<\/a><\/li><li class='ez-toc-page-1 ez-toc-heading-level-2'><a class=\"ez-toc-link ez-toc-heading-9\" href=\"https:\/\/www.mobilier-design-occasion.fr\/magazine\/adoucisseurs-deau-en-appartement-concilier-efficacite-et-design\/#Strategies_dintegration_discrete\" >Strat\u00e9gies d&#8217;int\u00e9gration discr\u00e8te<\/a><ul class='ez-toc-list-level-3' ><li class='ez-toc-heading-level-3'><a class=\"ez-toc-link ez-toc-heading-10\" href=\"https:\/\/www.mobilier-design-occasion.fr\/magazine\/adoucisseurs-deau-en-appartement-concilier-efficacite-et-design\/#Lart_du_camouflage\" >L&#8217;art du camouflage<\/a><\/li><li class='ez-toc-page-1 ez-toc-heading-level-3'><a class=\"ez-toc-link ez-toc-heading-11\" href=\"https:\/\/www.mobilier-design-occasion.fr\/magazine\/adoucisseurs-deau-en-appartement-concilier-efficacite-et-design\/#Integration_dans_les_espaces_techniques\" >Int\u00e9gration dans les espaces techniques<\/a><\/li><li class='ez-toc-page-1 ez-toc-heading-level-3'><a class=\"ez-toc-link ez-toc-heading-12\" href=\"https:\/\/www.mobilier-design-occasion.fr\/magazine\/adoucisseurs-deau-en-appartement-concilier-efficacite-et-design\/#Sous_lescalier_ou_dans_un_recoin\" >Sous l&#8217;escalier ou dans un recoin<\/a><\/li><\/ul><\/li><li class='ez-toc-page-1 ez-toc-heading-level-2'><a class=\"ez-toc-link ez-toc-heading-13\" href=\"https:\/\/www.mobilier-design-occasion.fr\/magazine\/adoucisseurs-deau-en-appartement-concilier-efficacite-et-design\/#Emplacements_strategiques_selon_votre_configuration\" >Emplacements strat\u00e9giques selon votre configuration<\/a><ul class='ez-toc-list-level-3' ><li class='ez-toc-heading-level-3'><a class=\"ez-toc-link ez-toc-heading-14\" href=\"https:\/\/www.mobilier-design-occasion.fr\/magazine\/adoucisseurs-deau-en-appartement-concilier-efficacite-et-design\/#Cuisine\" >Cuisine<\/a><\/li><li class='ez-toc-page-1 ez-toc-heading-level-3'><a class=\"ez-toc-link ez-toc-heading-15\" href=\"https:\/\/www.mobilier-design-occasion.fr\/magazine\/adoucisseurs-deau-en-appartement-concilier-efficacite-et-design\/#Salle_de_bains\" >Salle de bains<\/a><\/li><li class='ez-toc-page-1 ez-toc-heading-level-3'><a class=\"ez-toc-link ez-toc-heading-16\" href=\"https:\/\/www.mobilier-design-occasion.fr\/magazine\/adoucisseurs-deau-en-appartement-concilier-efficacite-et-design\/#Balcon_ou_loggia_fermee\" >Balcon ou loggia ferm\u00e9e<\/a><\/li><\/ul><\/li><li class='ez-toc-page-1 ez-toc-heading-level-2'><a class=\"ez-toc-link ez-toc-heading-17\" href=\"https:\/\/www.mobilier-design-occasion.fr\/magazine\/adoucisseurs-deau-en-appartement-concilier-efficacite-et-design\/#Conseils_pour_preserver_lharmonie_visuelle\" >Conseils pour pr\u00e9server l&#8217;harmonie visuelle<\/a><ul class='ez-toc-list-level-3' ><li class='ez-toc-heading-level-3'><a class=\"ez-toc-link ez-toc-heading-18\" href=\"https:\/\/www.mobilier-design-occasion.fr\/magazine\/adoucisseurs-deau-en-appartement-concilier-efficacite-et-design\/#Choisir_les_bonnes_couleurs\" >Choisir les bonnes couleurs<\/a><\/li><li class='ez-toc-page-1 ez-toc-heading-level-3'><a class=\"ez-toc-link ez-toc-heading-19\" href=\"https:\/\/www.mobilier-design-occasion.fr\/magazine\/adoucisseurs-deau-en-appartement-concilier-efficacite-et-design\/#Soigner_les_raccordements\" >Soigner les raccordements<\/a><\/li><li class='ez-toc-page-1 ez-toc-heading-level-3'><a class=\"ez-toc-link ez-toc-heading-20\" href=\"https:\/\/www.mobilier-design-occasion.fr\/magazine\/adoucisseurs-deau-en-appartement-concilier-efficacite-et-design\/#Prevoir_leclairage\" >Pr\u00e9voir l&#8217;\u00e9clairage<\/a><\/li><\/ul><\/li><li class='ez-toc-page-1 ez-toc-heading-level-2'><a class=\"ez-toc-link ez-toc-heading-21\" href=\"https:\/\/www.mobilier-design-occasion.fr\/magazine\/adoucisseurs-deau-en-appartement-concilier-efficacite-et-design\/#Lalternative_des_systemes_deportes\" >L&#8217;alternative des syst\u00e8mes d\u00e9port\u00e9s<\/a><\/li><li class='ez-toc-page-1 ez-toc-heading-level-2'><a class=\"ez-toc-link ez-toc-heading-22\" href=\"https:\/\/www.mobilier-design-occasion.fr\/magazine\/adoucisseurs-deau-en-appartement-concilier-efficacite-et-design\/#Maintenance_et_ergonomie\" >Maintenance et ergonomie<\/a><\/li><li class='ez-toc-page-1 ez-toc-heading-level-2'><a class=\"ez-toc-link ez-toc-heading-23\" href=\"https:\/\/www.mobilier-design-occasion.fr\/magazine\/adoucisseurs-deau-en-appartement-concilier-efficacite-et-design\/#Budget_et_installation\" >Budget et installation<\/a><\/li><li class='ez-toc-page-1 ez-toc-heading-level-2'><a class=\"ez-toc-link ez-toc-heading-24\" href=\"https:\/\/www.mobilier-design-occasion.fr\/magazine\/adoucisseurs-deau-en-appartement-concilier-efficacite-et-design\/#Reglementation_et_copropriete\" >R\u00e9glementation et copropri\u00e9t\u00e9<\/a><\/li><\/ul><\/li><\/ul><\/nav><\/div>\n\n\n\n\n<p>En milieu urbain, l&#8217;eau du robinet affiche souvent une duret\u00e9 \u00e9lev\u00e9e, particuli\u00e8rement dans les r\u00e9gions calcaires. Un adoucisseur \u00e9limine les ions calcium et magn\u00e9sium responsables du tartre, pr\u00e9servant ainsi vos \u00e9quipements et am\u00e9liorant votre confort quotidien. En appartement, l&#8217;enjeu principal r\u00e9side dans le choix d&#8217;un mod\u00e8le adapt\u00e9 aux contraintes d&#8217;espace et d&#8217;esth\u00e9tique.<\/p>\n\n\n\n<h2 class=\"wp-block-heading\"><span class=\"ez-toc-section\" id=\"Les_modeles_compacts_vos_allies_discretion\"><\/span>Les mod\u00e8les compacts : vos alli\u00e9s discr\u00e9tion<span class=\"ez-toc-section-end\"><\/span><\/h2>\n\n\n\n<h3 class=\"wp-block-heading\"><span class=\"ez-toc-section\" id=\"Adoucisseurs_sous-evier\"><\/span>Adoucisseurs sous-\u00e9vier<span class=\"ez-toc-section-end\"><\/span><\/h3>\n\n\n\n<p>Ces mod\u00e8les ultra-compacts se glissent facilement sous votre \u00e9vier de <a href=\"https:\/\/www.mobilier-design-occasion.fr\/magazine\/tendances-2024-choisir-les-meubles-parfaits-pour-chaque-piece-de-votre-maison\/\">cuisine<\/a>. Avec des dimensions r\u00e9duites (environ 35 cm de hauteur), ils traitent l&#8217;eau de consommation sans monopoliser l&#8217;espace. Leur capacit\u00e9 limit\u00e9e convient parfaitement aux couples ou petites familles.<\/p>\n\n\n\n<h3 class=\"wp-block-heading\"><span class=\"ez-toc-section\" id=\"Adoucisseurs_bi-blocs\"><\/span>Adoucisseurs bi-blocs<span class=\"ez-toc-section-end\"><\/span><\/h3>\n\n\n\n<p>Solution interm\u00e9diaire, ces appareils s\u00e9parent la r\u00e9sine du bac \u00e0 sel, permettant une installation plus flexible. Le r\u00e9servoir de r\u00e9sine peut se placer dans un placard tandis que le bac \u00e0 sel trouve sa place ailleurs, optimisant l&#8217;occupation de l&#8217;espace.<\/p>\n\n\n\n<h3 class=\"wp-block-heading\"><span class=\"ez-toc-section\" id=\"Mini-adoucisseurs\"><\/span>Mini-adoucisseurs<span class=\"ez-toc-section-end\"><\/span><\/h3>\n\n\n\n<p>Avec leurs 20 \u00e0 25 litres de r\u00e9sine, ces mod\u00e8les conviennent aux appartements de 2 \u00e0 4 personnes. Leur <a href=\"https:\/\/www.mobilier-design-occasion.fr\/magazine\/table-tulipe-knoll-indemodable-du-design\/\">design<\/a> \u00e9pur\u00e9 s&#8217;int\u00e8gre plus facilement dans un int\u00e9rieur moderne.<\/p>\n\n\n\n<h1 class=\"wp-block-heading\"><span class=\"ez-toc-section\" id=\"Tableau_comparatif_Avantages_et_inconvenients_des_designs_dadoucisseurs\"><\/span>Tableau comparatif : Avantages et inconv\u00e9nients des designs d&#8217;adoucisseurs<span class=\"ez-toc-section-end\"><\/span><\/h1>\n\n\n\n<figure class=\"wp-block-table\"><table class=\"has-fixed-layout\"><thead><tr><th>Type d&#8217;adoucisseur<\/th><th>Avantages<\/th><th>Inconv\u00e9nients<\/th><\/tr><\/thead><tbody><tr><td><strong>Adoucisseur sous-\u00e9vier compact<\/strong><\/td><td>\u2022 Tr\u00e8s discret, invisible une fois install\u00e9<br>\u2022 Dimensions r\u00e9duites (35x25x40 cm environ)<br>\u2022 Installation facile sous \u00e9vier existant<br>\u2022 <a href=\"https:\/\/www.mobilier-design-occasion.fr\/magazine\/test-avis-sur-deco-in-paris\/\">Prix abordable<\/a> (800-1200\u20ac)<br>\u2022 Maintenance accessible<br>\u2022 Design moderne et \u00e9pur\u00e9<\/td><td>\u2022 Capacit\u00e9 limit\u00e9e (convient \u00e0 2-3 personnes max)<br>\u2022 Acc\u00e8s parfois difficile pour maintenance<br>\u2022 R\u00e9duit l&#8217;espace de <a href=\"https:\/\/www.mobilier-design-occasion.fr\/magazine\/decouvrez-le-cabinet-vintage-pour-exposer-vos-plus-belles-collections\/\">rangement<\/a> sous \u00e9vier<br>\u2022 Traite uniquement l&#8217;eau de cuisine<br>\u2022 R\u00e9g\u00e9n\u00e9ration plus fr\u00e9quente<\/td><\/tr><tr><td><strong>Adoucisseur bi-bloc<\/strong><\/td><td>\u2022 Flexibilit\u00e9 d&#8217;installation<br>\u2022 R\u00e9servoir r\u00e9sine s\u00e9par\u00e9 du bac \u00e0 sel<br>\u2022 Optimisation de l&#8217;espace disponible<br>\u2022 Capacit\u00e9 modulable selon besoins<br>\u2022 Design personnalisable<br>\u2022 Maintenance facilit\u00e9e<\/td><td>\u2022 Installation plus complexe<br>\u2022 Co\u00fbt sup\u00e9rieur (1200-1800\u20ac)<br>\u2022 Raccordements multiples<br>\u2022 Encombrement total plus important<br>\u2022 Risque de fuites sur plusieurs points<\/td><\/tr><tr><td><strong>Mini-adoucisseur vertical<\/strong><\/td><td>\u2022 Faible emprise au sol<br>\u2022 Design \u00e9l\u00e9gant et moderne<br>\u2022 Capacit\u00e9 suffisante (20-25L r\u00e9sine)<br>\u2022 Int\u00e9gration facile dans placard<br>\u2022 Commandes digitales ergonomiques<br>\u2022 Finitions soign\u00e9es (inox, <a href=\"https:\/\/www.mobilier-design-occasion.fr\/magazine\/reinventez-votre-espace-avec-lelegance-du-blanc-et-la-puissance-du-bois-naturel\/\">blanc<\/a> laqu\u00e9)<\/td><td>\u2022 Hauteur importante (120-140 cm)<br>\u2022 Plus visible si non camoufl\u00e9<br>\u2022 Prix \u00e9lev\u00e9 (1300-2000\u20ac)<br>\u2022 Maintenance en hauteur<br>\u2022 Vibrations lors de la r\u00e9g\u00e9n\u00e9ration<\/td><\/tr><tr><td><strong>Adoucisseur d\u00e9port\u00e9\/fractionn\u00e9<\/strong><\/td><td>\u2022 Point de traitement quasi invisible<br>\u2022 Syst\u00e8me principal cach\u00e9<br>\u2022 Excellente int\u00e9gration esth\u00e9tique<br>\u2022 Performance optimale<br>\u2022 Id\u00e9al pour <a href=\"https:\/\/www.mobilier-design-occasion.fr\/magazine\/redonner-vie-au-mobilier-ancien-avec-nos-artisans-francais\/\">r\u00e9novation<\/a><br>\u2022 Nuisances sonores r\u00e9duites<\/td><td>\u2022 Installation tr\u00e8s complexe<br>\u2022 Co\u00fbt maximal (2000-3500\u20ac)<br>\u2022 N\u00e9cessite local technique<br>\u2022 Maintenance sp\u00e9cialis\u00e9e<br>\u2022 Raccordements \u00e9tendus<\/td><\/tr><tr><td><strong>Adoucisseur int\u00e9gr\u00e9 <a href=\"https:\/\/www.mobilier-design-occasion.fr\/magazine\/comment-restaurer-du-mobilier-vintage-nos-meilleures-astuces\/\">meuble<\/a><\/strong><\/td><td>\u2022 Parfaitement camoufl\u00e9<br>\u2022 Design sur mesure<br>\u2022 Harmonisation avec <a href=\"https:\/\/www.mobilier-design-occasion.fr\/magazine\/test-avis-sur-la-redoute-interieurs-am-pm\/\">mobilier<\/a> existant<br>\u2022 Aucun impact visuel<br>\u2022 Valorise l&#8217;immobilier<br>\u2022 Acc\u00e8s contr\u00f4l\u00e9<\/td><td>\u2022 Co\u00fbt \u00e9lev\u00e9 avec habillage (1500-2500\u20ac)<br>\u2022 Encombrement d&#8217;un meuble entier<br>\u2022 Ventilation \u00e0 pr\u00e9voir<br>\u2022 Acc\u00e8s maintenance contraignant<br>\u2022 Modification irr\u00e9versible<\/td><\/tr><tr><td><strong>Adoucisseur apparent design<\/strong><\/td><td>\u2022 Aucun travail de camouflage<br>\u2022 Installation rapide et \u00e9conomique<br>\u2022 Maintenance tr\u00e8s accessible<br>\u2022 Design assum\u00e9 (industriel\/moderne)<br>\u2022 Finitions premium disponibles<br>\u2022 Fonctions visibles<\/td><td>\u2022 Impact visuel fort<br>\u2022 <a href=\"https:\/\/www.mobilier-design-occasion.fr\/magazine\/mobilier-vintage-les-styles-les-plus-prises\/\">Style<\/a> limit\u00e9 (industriel uniquement<br>\u2022 Bruits de fonctionnement audibles<br>\u2022 Inadapt\u00e9 aux int\u00e9rieurs classiques<br>\u2022 Accumulation de poussi\u00e8re<br>\u2022 D\u00e9valorisation esth\u00e9tique<\/td><\/tr><tr><td><strong>Adoucisseur <a href=\"https:\/\/www.mobilier-design-occasion.fr\/magazine\/les-tendances-mobilier-et-decoration-pour-2025-quel-style-adopter-pour-votre-maison\/\">couleur<\/a> personnalis\u00e9e<\/strong><\/td><td>\u2022 Int\u00e9gration colorim\u00e9trique<br>\u2022 Personnalisation possible<br>\u2022 Design moderne<br>\u2022 Choix de finitions<br>\u2022 Expression cr\u00e9ative<br>\u2022 Moins monotone que le blanc<\/td><td>\u2022 Co\u00fbt suppl\u00e9mentaire (100-300\u20ac)<br>\u2022 Choix couleurs limit\u00e9<br>\u2022 Risque de lassitude esth\u00e9tique<br>\u2022 Difficile \u00e0 revendre<br>\u2022 <a href=\"https:\/\/www.mobilier-design-occasion.fr\/magazine\/5-marques-de-design-intemporel-que-vous-devez-absolument-connaitre\/\">Tendance<\/a> \u00e9ph\u00e9m\u00e8re<br>\u2022 Rayures plus visibles sur couleurs<\/td><\/tr><\/tbody><\/table><\/figure>\n\n\n\n<figure class=\"wp-block-image size-full\"><img loading=\"lazy\" decoding=\"async\" width=\"850\" height=\"682\" src=\"https:\/\/www.mobilier-design-occasion.fr\/magazine\/wp-content\/uploads\/2025\/09\/image-5.png\" alt=\"\" class=\"wp-image-8505\" srcset=\"https:\/\/www.mobilier-design-occasion.fr\/magazine\/wp-content\/uploads\/2025\/09\/image-5.png 850w, https:\/\/www.mobilier-design-occasion.fr\/magazine\/wp-content\/uploads\/2025\/09\/image-5-300x241.png 300w, https:\/\/www.mobilier-design-occasion.fr\/magazine\/wp-content\/uploads\/2025\/09\/image-5-768x616.png 768w, https:\/\/www.mobilier-design-occasion.fr\/magazine\/wp-content\/uploads\/2025\/09\/image-5-810x650.png 810w\" sizes=\"auto, (max-width: 850px) 100vw, 850px\" \/><\/figure>\n\n\n\n<h2 class=\"wp-block-heading\"><span class=\"ez-toc-section\" id=\"Criteres_de_choix_selon_le_type_dappartement\"><\/span>Crit\u00e8res de choix selon le type d&#8217;appartement<span class=\"ez-toc-section-end\"><\/span><\/h2>\n\n\n\n<figure class=\"wp-block-table\"><table class=\"has-fixed-layout\"><thead><tr><th>Configuration appartement<\/th><th>Design recommand\u00e9<\/th><th>Justification<\/th><\/tr><\/thead><tbody><tr><td><strong>Studio\/T1<\/strong><\/td><td>Sous-\u00e9vier compact<\/td><td>Optimisation espace, discr\u00e9tion maximale<\/td><\/tr><tr><td><strong>T2\/T3 moderne<\/strong><\/td><td>Mini-adoucisseur + habillage<\/td><td>Bon compromis performance\/esth\u00e9tique<\/td><\/tr><tr><td><strong>T3\/T4 avec cellier<\/strong><\/td><td>Bi-bloc ou int\u00e9gr\u00e9 meuble<\/td><td>Flexibilit\u00e9 et int\u00e9gration parfaite<\/td><\/tr><tr><td><strong>Appartement ancien r\u00e9nov\u00e9<\/strong><\/td><td>Syst\u00e8me d\u00e9port\u00e9<\/td><td>Pr\u00e9servation cachet architectural<\/td><\/tr><tr><td><strong>Loft\/style industriel<\/strong><\/td><td>Adoucisseur apparent design<\/td><td>Coh\u00e9rence stylistique<\/td><\/tr><\/tbody><\/table><\/figure>\n\n\n\n<h2 class=\"wp-block-heading\"><span class=\"ez-toc-section\" id=\"Budget_global_selon_le_design_choisi\"><\/span>Budget global selon le design choisi<span class=\"ez-toc-section-end\"><\/span><\/h2>\n\n\n\n<figure class=\"wp-block-table\"><table class=\"has-fixed-layout\"><thead><tr><th>Type de design<\/th><th>Prix appareil<\/th><th>Installation<\/th><th>Habillage\/Finitions<\/th><th><strong>Total<\/strong><\/th><\/tr><\/thead><tbody><tr><td>Sous-\u00e9vier standard<\/td><td>800-1200\u20ac<\/td><td>200-400\u20ac<\/td><td>0\u20ac<\/td><td><strong>1000-1600\u20ac<\/strong><\/td><\/tr><tr><td>Mini-adoucisseur camoufl\u00e9<\/td><td>1300-1800\u20ac<\/td><td>300-500\u20ac<\/td><td>200-600\u20ac<\/td><td><strong>1800-2900\u20ac<\/strong><\/td><\/tr><tr><td>Syst\u00e8me int\u00e9gr\u00e9 sur mesure<\/td><td>1500-2200\u20ac<\/td><td>400-600\u20ac<\/td><td>500-1200\u20ac<\/td><td><strong>2400-4000\u20ac<\/strong><\/td><\/tr><tr><td>Solution d\u00e9port\u00e9e premium<\/td><td>2000-3000\u20ac<\/td><td>600-1000\u20ac<\/td><td>300-800\u20ac<\/td><td><strong>2900-4800\u20ac<\/strong><\/td><\/tr><\/tbody><\/table><\/figure>\n\n\n\n<h2 class=\"wp-block-heading\"><span class=\"ez-toc-section\" id=\"Strategies_dintegration_discrete\"><\/span>Strat\u00e9gies d&#8217;int\u00e9gration discr\u00e8te<span class=\"ez-toc-section-end\"><\/span><\/h2>\n\n\n\n<h3 class=\"wp-block-heading\"><span class=\"ez-toc-section\" id=\"Lart_du_camouflage\"><\/span>L&#8217;art du camouflage<span class=\"ez-toc-section-end\"><\/span><\/h3>\n\n\n\n<p>Cr\u00e9ez un habillage sur mesure en <a href=\"https:\/\/www.mobilier-design-occasion.fr\/magazine\/avis-mathy-by-bols\/\">bois<\/a> ou en m\u00e9dium, coordonn\u00e9 \u00e0 votre mobilier existant. Une simple structure avec porte battante transforme votre adoucisseur en meuble d&#8217;appoint. Veillez \u00e0 pr\u00e9server les a\u00e9rations n\u00e9cessaires au bon fonctionnement.<\/p>\n\n\n\n<h3 class=\"wp-block-heading\"><span class=\"ez-toc-section\" id=\"Integration_dans_les_espaces_techniques\"><\/span>Int\u00e9gration dans les espaces techniques<span class=\"ez-toc-section-end\"><\/span><\/h3>\n\n\n\n<p>La buanderie, le cellier ou m\u00eame un grand placard de cuisine peuvent accueillir votre installation. L&#8217;id\u00e9al consiste \u00e0 d\u00e9dier un espace ferm\u00e9, masquant compl\u00e8tement l&#8217;appareil tout en conservant un acc\u00e8s facile pour la maintenance.<\/p>\n\n\n\n<h3 class=\"wp-block-heading\"><span class=\"ez-toc-section\" id=\"Sous_lescalier_ou_dans_un_recoin\"><\/span>Sous l&#8217;escalier ou dans un recoin<span class=\"ez-toc-section-end\"><\/span><\/h3>\n\n\n\n<p>Les espaces perdus sous un escalier ou dans un angle mort deviennent des emplacements de choix. Un simple rideau ou une cloison amovible suffisent \u00e0 dissimuler l&#8217;installation.<\/p>\n\n\n\n<figure class=\"wp-block-image size-full\"><img loading=\"lazy\" decoding=\"async\" width=\"760\" height=\"866\" src=\"https:\/\/www.mobilier-design-occasion.fr\/magazine\/wp-content\/uploads\/2025\/09\/image-6.png\" alt=\"\" class=\"wp-image-8506\" srcset=\"https:\/\/www.mobilier-design-occasion.fr\/magazine\/wp-content\/uploads\/2025\/09\/image-6.png 760w, https:\/\/www.mobilier-design-occasion.fr\/magazine\/wp-content\/uploads\/2025\/09\/image-6-263x300.png 263w\" sizes=\"auto, (max-width: 760px) 100vw, 760px\" \/><\/figure>\n\n\n\n<h2 class=\"wp-block-heading\"><span class=\"ez-toc-section\" id=\"Emplacements_strategiques_selon_votre_configuration\"><\/span>Emplacements strat\u00e9giques selon votre configuration<span class=\"ez-toc-section-end\"><\/span><\/h2>\n\n\n\n<h3 class=\"wp-block-heading\"><span class=\"ez-toc-section\" id=\"Cuisine\"><\/span>Cuisine<span class=\"ez-toc-section-end\"><\/span><\/h3>\n\n\n\n<p>Placez l&#8217;adoucisseur sous l&#8217;\u00e9vier principal ou dans un meuble bas d\u00e9di\u00e9. Cette position centrale facilite le raccordement \u00e0 l&#8217;arriv\u00e9e d&#8217;eau principale tout en restant accessible.<\/p>\n\n\n\n<h3 class=\"wp-block-heading\"><span class=\"ez-toc-section\" id=\"Salle_de_bains\"><\/span>Salle de bains<span class=\"ez-toc-section-end\"><\/span><\/h3>\n\n\n\n<p>Si l&#8217;espace le permet, un placard technique ou l&#8217;espace sous vasque peuvent accueillir un mod\u00e8le compact. Cette localisation optimise le traitement de l&#8217;eau pour la douche et le lavage.<\/p>\n\n\n\n<h3 class=\"wp-block-heading\"><span class=\"ez-toc-section\" id=\"Balcon_ou_loggia_fermee\"><\/span>Balcon ou loggia ferm\u00e9e<span class=\"ez-toc-section-end\"><\/span><\/h3>\n\n\n\n<p>Solution moins conventionnelle mais efficace, un balcon vitr\u00e9 et chauff\u00e9 peut h\u00e9berger votre adoucisseur. Prot\u00e9gez-le des variations de temp\u00e9rature avec un coffrage isol\u00e9.<\/p>\n\n\n\n<h2 class=\"wp-block-heading\"><span class=\"ez-toc-section\" id=\"Conseils_pour_preserver_lharmonie_visuelle\"><\/span>Conseils pour pr\u00e9server l&#8217;harmonie visuelle<span class=\"ez-toc-section-end\"><\/span><\/h2>\n\n\n\n<h3 class=\"wp-block-heading\"><span class=\"ez-toc-section\" id=\"Choisir_les_bonnes_couleurs\"><\/span>Choisir les bonnes couleurs<span class=\"ez-toc-section-end\"><\/span><\/h3>\n\n\n\n<p>Optez pour des mod\u00e8les dans des teintes neutres : blanc, gris anthracite ou inox. Ces coloris s&#8217;effacent naturellement dans la plupart des int\u00e9rieurs contemporains.<\/p>\n\n\n\n<h3 class=\"wp-block-heading\"><span class=\"ez-toc-section\" id=\"Soigner_les_raccordements\"><\/span>Soigner les raccordements<span class=\"ez-toc-section-end\"><\/span><\/h3>\n\n\n\n<p>Des tuyauteries apparentes peuvent g\u00e2cher l&#8217;esth\u00e9tique. Utilisez des gaines techniques ou passez les canalisations dans les cloisons. Les raccords chrom\u00e9s ou laqu\u00e9s apportent une finition plus soign\u00e9e que le cuivre brut.<\/p>\n\n\n\n<h3 class=\"wp-block-heading\"><span class=\"ez-toc-section\" id=\"Prevoir_leclairage\"><\/span>Pr\u00e9voir l&#8217;\u00e9clairage<span class=\"ez-toc-section-end\"><\/span><\/h3>\n\n\n\n<p>Un \u00e9clairage LED discret dans le compartiment de l&#8217;adoucisseur facilite la maintenance tout en cr\u00e9ant une ambiance technique ma\u00eetris\u00e9e.<\/p>\n\n\n\n<figure class=\"wp-block-image size-full\"><img loading=\"lazy\" decoding=\"async\" width=\"786\" height=\"762\" src=\"https:\/\/www.mobilier-design-occasion.fr\/magazine\/wp-content\/uploads\/2025\/09\/image-7.png\" alt=\"\" class=\"wp-image-8507\" srcset=\"https:\/\/www.mobilier-design-occasion.fr\/magazine\/wp-content\/uploads\/2025\/09\/image-7.png 786w, https:\/\/www.mobilier-design-occasion.fr\/magazine\/wp-content\/uploads\/2025\/09\/image-7-300x291.png 300w, https:\/\/www.mobilier-design-occasion.fr\/magazine\/wp-content\/uploads\/2025\/09\/image-7-768x745.png 768w\" sizes=\"auto, (max-width: 786px) 100vw, 786px\" \/><\/figure>\n\n\n\n<h2 class=\"wp-block-heading\"><span class=\"ez-toc-section\" id=\"Lalternative_des_systemes_deportes\"><\/span>L&#8217;alternative des syst\u00e8mes d\u00e9port\u00e9s<span class=\"ez-toc-section-end\"><\/span><\/h2>\n\n\n\n<p>Certains fabricants proposent des solutions o\u00f9 seul le point de traitement reste visible, g\u00e9n\u00e9ralement int\u00e9gr\u00e9 sous l&#8217;\u00e9vier. Le syst\u00e8me de r\u00e9g\u00e9n\u00e9ration se place \u00e0 distance, dans une cave ou un local technique. Cette configuration offre le meilleur compromis entre efficacit\u00e9 et discr\u00e9tion.<\/p>\n\n\n\n<h2 class=\"wp-block-heading\"><span class=\"ez-toc-section\" id=\"Maintenance_et_ergonomie\"><\/span>Maintenance et ergonomie<span class=\"ez-toc-section-end\"><\/span><\/h2>\n\n\n\n<p>Un adoucisseur bien int\u00e9gr\u00e9 doit rester accessible pour l&#8217;ajout de sel et les contr\u00f4les p\u00e9riodiques. Pr\u00e9voyez un passage d&#8217;au moins 60 cm devant l&#8217;appareil et un espace de d\u00e9gagement au-dessus pour l&#8217;ouverture du couvercle. L&#8217;id\u00e9al consiste \u00e0 installer une arriv\u00e9e d&#8217;eau d\u00e9di\u00e9e au <a href=\"https:\/\/www.mobilier-design-occasion.fr\/magazine\/comment-entretenir-son-mobilier-design-au-quotidien-top-astuces\/\">nettoyage<\/a> \u00e0 proximit\u00e9.<\/p>\n\n\n\n<h2 class=\"wp-block-heading\"><span class=\"ez-toc-section\" id=\"Budget_et_installation\"><\/span>Budget et installation<span class=\"ez-toc-section-end\"><\/span><\/h2>\n\n\n\n<p>Comptez entre 800 et 2000 euros pour un adoucisseur compact de qualit\u00e9, auxquels s&#8217;ajoutent 300 \u00e0 500 euros de pose par un professionnel. L&#8217;habillage sur mesure repr\u00e9sente un investissement suppl\u00e9mentaire de 200 \u00e0 600 euros selon la complexit\u00e9. Cette d\u00e9pense se justifie rapidement par les \u00e9conomies r\u00e9alis\u00e9es sur l&#8217;entretien des appareils \u00e9lectrom\u00e9nagers et les produits d&#8217;hygi\u00e8ne.<\/p>\n\n\n\n<h2 class=\"wp-block-heading\"><span class=\"ez-toc-section\" id=\"Reglementation_et_copropriete\"><\/span>R\u00e9glementation et copropri\u00e9t\u00e9<span class=\"ez-toc-section-end\"><\/span><\/h2>\n\n\n\n<p>En appartement, v\u00e9rifiez les r\u00e8gles de votre copropri\u00e9t\u00e9 concernant les modifications des installations communes. Certains syndics exigent une d\u00e9claration pr\u00e9alable pour tout raccordement sur l&#8217;arriv\u00e9e principale. Respectez \u00e9galement les normes de s\u00e9curit\u00e9, particuli\u00e8rement pour l&#8217;\u00e9vacuation des eaux de r\u00e9g\u00e9n\u00e9ration.<\/p>\n\n\n\n<p>Un adoucisseur bien choisi et habilement int\u00e9gr\u00e9 transforme votre quotidien sans compromettre l&#8217;esth\u00e9tique de votre int\u00e9rieur. L&#8217;investissement dans un mod\u00e8le compact et son habillage sur mesure se r\u00e9v\u00e8le rapidement rentable, tant par les \u00e9conomies g\u00e9n\u00e9r\u00e9es que par le confort apport\u00e9. L&#8217;eau douce devient alors un luxe discret, parfaitement int\u00e9gr\u00e9 dans votre art de vivre urbain.<\/p>\n","protected":false},"excerpt":{"rendered":"<p>L&#8217;eau calcaire est un fl\u00e9au quotidien qui endommage vos appareils \u00e9lectrom\u00e9nagers, laisse des traces sur la robinetterie et ass\u00e8che votre peau. En appartement, installer un adoucisseur d&#8217;eau peut transformer votre confort, mais comment l&#8217;int\u00e9grer harmonieusement dans un int\u00e9rieur soign\u00e9 ? Voici un guide complet pour allier fonctionnalit\u00e9 et esth\u00e9tique. Pourquoi choisir un adoucisseur compact pour [&hellip;]<\/p>\n","protected":false},"author":2,"featured_media":8508,"comment_status":"open","ping_status":"open","sticky":false,"template":"","format":"standard","meta":{"footnotes":""},"categories":[123],"tags":[235,236,237],"class_list":["post-8504","post","type-post","status-publish","format-standard","has-post-thumbnail","hentry","category-salle-de-bain","tag-adoucisseur","tag-appartement","tag-calcaire"],"yoast_head":"<!-- This site is optimized with the Yoast SEO plugin v27.5 - https:\/\/yoast.com\/product\/yoast-seo-wordpress\/ -->\n<title>Adoucisseurs d&#039;eau en appartement : concilier efficacit\u00e9 et design - Mobilier Design Magazine<\/title>\n<meta name=\"robots\" content=\"index, follow, max-snippet:-1, max-image-preview:large, max-video-preview:-1\" \/>\n<link rel=\"canonical\" href=\"https:\/\/www.mobilier-design-occasion.fr\/magazine\/adoucisseurs-deau-en-appartement-concilier-efficacite-et-design\/\" \/>\n<meta property=\"og:locale\" content=\"fr_FR\" \/>\n<meta property=\"og:type\" content=\"article\" \/>\n<meta property=\"og:title\" content=\"Adoucisseurs d&#039;eau en appartement : concilier efficacit\u00e9 et design - Mobilier Design Magazine\" \/>\n<meta property=\"og:description\" content=\"L&#8217;eau calcaire est un fl\u00e9au quotidien qui endommage vos appareils \u00e9lectrom\u00e9nagers, laisse des traces sur la robinetterie et ass\u00e8che votre peau. En appartement, installer un adoucisseur d&#8217;eau peut transformer votre confort, mais comment l&#8217;int\u00e9grer harmonieusement dans un int\u00e9rieur soign\u00e9 ? Voici un guide complet pour allier fonctionnalit\u00e9 et esth\u00e9tique. Pourquoi choisir un adoucisseur compact pour [&hellip;]\" \/>\n<meta property=\"og:url\" content=\"https:\/\/www.mobilier-design-occasion.fr\/magazine\/adoucisseurs-deau-en-appartement-concilier-efficacite-et-design\/\" \/>\n<meta property=\"og:site_name\" content=\"Mobilier Design Magazine\" \/>\n<meta property=\"article:publisher\" content=\"https:\/\/www.facebook.com\/mobilierdesignoccasion\" \/>\n<meta property=\"article:published_time\" content=\"2025-09-10T08:32:28+00:00\" \/>\n<meta property=\"article:modified_time\" content=\"2025-09-10T08:32:29+00:00\" \/>\n<meta property=\"og:image\" content=\"https:\/\/www.mobilier-design-occasion.fr\/magazine\/wp-content\/uploads\/2025\/09\/Screenshot-at-Sep-10-10-06-51.png\" \/>\n\t<meta property=\"og:image:width\" content=\"1504\" \/>\n\t<meta property=\"og:image:height\" content=\"908\" \/>\n\t<meta property=\"og:image:type\" content=\"image\/png\" \/>\n<meta name=\"author\" content=\"Vincent Vandegans\" \/>\n<meta name=\"twitter:card\" content=\"summary_large_image\" \/>\n<meta name=\"twitter:label1\" content=\"\u00c9crit par\" \/>\n\t<meta name=\"twitter:data1\" content=\"Vincent Vandegans\" \/>\n\t<meta name=\"twitter:label2\" content=\"Dur\u00e9e de lecture estim\u00e9e\" \/>\n\t<meta name=\"twitter:data2\" content=\"8 minutes\" \/>\n<script type=\"application\/ld+json\" class=\"yoast-schema-graph\">{\"@context\":\"https:\\\/\\\/schema.org\",\"@graph\":[{\"@type\":\"Article\",\"@id\":\"https:\\\/\\\/www.mobilier-design-occasion.fr\\\/magazine\\\/adoucisseurs-deau-en-appartement-concilier-efficacite-et-design\\\/#article\",\"isPartOf\":{\"@id\":\"https:\\\/\\\/www.mobilier-design-occasion.fr\\\/magazine\\\/adoucisseurs-deau-en-appartement-concilier-efficacite-et-design\\\/\"},\"author\":{\"name\":\"Vincent Vandegans\",\"@id\":\"https:\\\/\\\/www.mobilier-design-occasion.fr\\\/magazine\\\/#\\\/schema\\\/person\\\/af895bedc80bfb6b17730a672fddac9e\"},\"headline\":\"Adoucisseurs d&#8217;eau en appartement : concilier efficacit\u00e9 et design\",\"datePublished\":\"2025-09-10T08:32:28+00:00\",\"dateModified\":\"2025-09-10T08:32:29+00:00\",\"mainEntityOfPage\":{\"@id\":\"https:\\\/\\\/www.mobilier-design-occasion.fr\\\/magazine\\\/adoucisseurs-deau-en-appartement-concilier-efficacite-et-design\\\/\"},\"wordCount\":1399,\"commentCount\":0,\"publisher\":{\"@id\":\"https:\\\/\\\/www.mobilier-design-occasion.fr\\\/magazine\\\/#organization\"},\"image\":{\"@id\":\"https:\\\/\\\/www.mobilier-design-occasion.fr\\\/magazine\\\/adoucisseurs-deau-en-appartement-concilier-efficacite-et-design\\\/#primaryimage\"},\"thumbnailUrl\":\"https:\\\/\\\/www.mobilier-design-occasion.fr\\\/magazine\\\/wp-content\\\/uploads\\\/2025\\\/09\\\/Screenshot-at-Sep-10-10-06-51.png\",\"keywords\":[\"adoucisseur\",\"appartement\",\"calcaire\"],\"articleSection\":[\"Salle de bain\"],\"inLanguage\":\"fr-FR\",\"potentialAction\":[{\"@type\":\"CommentAction\",\"name\":\"Comment\",\"target\":[\"https:\\\/\\\/www.mobilier-design-occasion.fr\\\/magazine\\\/adoucisseurs-deau-en-appartement-concilier-efficacite-et-design\\\/#respond\"]}]},{\"@type\":\"WebPage\",\"@id\":\"https:\\\/\\\/www.mobilier-design-occasion.fr\\\/magazine\\\/adoucisseurs-deau-en-appartement-concilier-efficacite-et-design\\\/\",\"url\":\"https:\\\/\\\/www.mobilier-design-occasion.fr\\\/magazine\\\/adoucisseurs-deau-en-appartement-concilier-efficacite-et-design\\\/\",\"name\":\"Adoucisseurs d'eau en appartement : concilier efficacit\u00e9 et design - Mobilier Design Magazine\",\"isPartOf\":{\"@id\":\"https:\\\/\\\/www.mobilier-design-occasion.fr\\\/magazine\\\/#website\"},\"primaryImageOfPage\":{\"@id\":\"https:\\\/\\\/www.mobilier-design-occasion.fr\\\/magazine\\\/adoucisseurs-deau-en-appartement-concilier-efficacite-et-design\\\/#primaryimage\"},\"image\":{\"@id\":\"https:\\\/\\\/www.mobilier-design-occasion.fr\\\/magazine\\\/adoucisseurs-deau-en-appartement-concilier-efficacite-et-design\\\/#primaryimage\"},\"thumbnailUrl\":\"https:\\\/\\\/www.mobilier-design-occasion.fr\\\/magazine\\\/wp-content\\\/uploads\\\/2025\\\/09\\\/Screenshot-at-Sep-10-10-06-51.png\",\"datePublished\":\"2025-09-10T08:32:28+00:00\",\"dateModified\":\"2025-09-10T08:32:29+00:00\",\"breadcrumb\":{\"@id\":\"https:\\\/\\\/www.mobilier-design-occasion.fr\\\/magazine\\\/adoucisseurs-deau-en-appartement-concilier-efficacite-et-design\\\/#breadcrumb\"},\"inLanguage\":\"fr-FR\",\"potentialAction\":[{\"@type\":\"ReadAction\",\"target\":[\"https:\\\/\\\/www.mobilier-design-occasion.fr\\\/magazine\\\/adoucisseurs-deau-en-appartement-concilier-efficacite-et-design\\\/\"]}]},{\"@type\":\"ImageObject\",\"inLanguage\":\"fr-FR\",\"@id\":\"https:\\\/\\\/www.mobilier-design-occasion.fr\\\/magazine\\\/adoucisseurs-deau-en-appartement-concilier-efficacite-et-design\\\/#primaryimage\",\"url\":\"https:\\\/\\\/www.mobilier-design-occasion.fr\\\/magazine\\\/wp-content\\\/uploads\\\/2025\\\/09\\\/Screenshot-at-Sep-10-10-06-51.png\",\"contentUrl\":\"https:\\\/\\\/www.mobilier-design-occasion.fr\\\/magazine\\\/wp-content\\\/uploads\\\/2025\\\/09\\\/Screenshot-at-Sep-10-10-06-51.png\",\"width\":1504,\"height\":908},{\"@type\":\"BreadcrumbList\",\"@id\":\"https:\\\/\\\/www.mobilier-design-occasion.fr\\\/magazine\\\/adoucisseurs-deau-en-appartement-concilier-efficacite-et-design\\\/#breadcrumb\",\"itemListElement\":[{\"@type\":\"ListItem\",\"position\":1,\"name\":\"Accueil\",\"item\":\"https:\\\/\\\/www.mobilier-design-occasion.fr\\\/magazine\\\/\"},{\"@type\":\"ListItem\",\"position\":2,\"name\":\"Adoucisseurs d&#8217;eau en appartement : concilier efficacit\u00e9 et design\"}]},{\"@type\":\"WebSite\",\"@id\":\"https:\\\/\\\/www.mobilier-design-occasion.fr\\\/magazine\\\/#website\",\"url\":\"https:\\\/\\\/www.mobilier-design-occasion.fr\\\/magazine\\\/\",\"name\":\"Mobilier Design Magazine\",\"description\":\"\",\"publisher\":{\"@id\":\"https:\\\/\\\/www.mobilier-design-occasion.fr\\\/magazine\\\/#organization\"},\"potentialAction\":[{\"@type\":\"SearchAction\",\"target\":{\"@type\":\"EntryPoint\",\"urlTemplate\":\"https:\\\/\\\/www.mobilier-design-occasion.fr\\\/magazine\\\/?s={search_term_string}\"},\"query-input\":{\"@type\":\"PropertyValueSpecification\",\"valueRequired\":true,\"valueName\":\"search_term_string\"}}],\"inLanguage\":\"fr-FR\"},{\"@type\":\"Organization\",\"@id\":\"https:\\\/\\\/www.mobilier-design-occasion.fr\\\/magazine\\\/#organization\",\"name\":\"Mobilier Design Magazine\",\"url\":\"https:\\\/\\\/www.mobilier-design-occasion.fr\\\/magazine\\\/\",\"logo\":{\"@type\":\"ImageObject\",\"inLanguage\":\"fr-FR\",\"@id\":\"https:\\\/\\\/www.mobilier-design-occasion.fr\\\/magazine\\\/#\\\/schema\\\/logo\\\/image\\\/\",\"url\":\"https:\\\/\\\/www.mobilier-design-occasion.fr\\\/magazine\\\/wp-content\\\/uploads\\\/2024\\\/02\\\/android-chrome-192x192-1.png\",\"contentUrl\":\"https:\\\/\\\/www.mobilier-design-occasion.fr\\\/magazine\\\/wp-content\\\/uploads\\\/2024\\\/02\\\/android-chrome-192x192-1.png\",\"width\":192,\"height\":192,\"caption\":\"Mobilier Design Magazine\"},\"image\":{\"@id\":\"https:\\\/\\\/www.mobilier-design-occasion.fr\\\/magazine\\\/#\\\/schema\\\/logo\\\/image\\\/\"},\"sameAs\":[\"https:\\\/\\\/www.facebook.com\\\/mobilierdesignoccasion\"]},{\"@type\":\"Person\",\"@id\":\"https:\\\/\\\/www.mobilier-design-occasion.fr\\\/magazine\\\/#\\\/schema\\\/person\\\/af895bedc80bfb6b17730a672fddac9e\",\"name\":\"Vincent Vandegans\",\"image\":{\"@type\":\"ImageObject\",\"inLanguage\":\"fr-FR\",\"@id\":\"https:\\\/\\\/secure.gravatar.com\\\/avatar\\\/b984800dabdf722d5e3f03f637c8932dea77d81118467d17ad2953e3b273ec66?s=96&d=mm&r=g\",\"url\":\"https:\\\/\\\/secure.gravatar.com\\\/avatar\\\/b984800dabdf722d5e3f03f637c8932dea77d81118467d17ad2953e3b273ec66?s=96&d=mm&r=g\",\"contentUrl\":\"https:\\\/\\\/secure.gravatar.com\\\/avatar\\\/b984800dabdf722d5e3f03f637c8932dea77d81118467d17ad2953e3b273ec66?s=96&d=mm&r=g\",\"caption\":\"Vincent Vandegans\"},\"description\":\"Vincent est passionn\u00e9 par les produits d'occasion, il a ouvert le site MDO avec Cyrielle pour aider les gens \u00e0 trouver du mobilier d'occasion, vintage ou usag\u00e9. Depuis, ils ont \u00e9tendu leurs activit\u00e9s et conseillent tout le monde sur le mobilier d'int\u00e9rieur et d'ext\u00e9rieur au quotidien \u00e0 travers le magazine MDO.\",\"url\":\"https:\\\/\\\/www.mobilier-design-occasion.fr\\\/magazine\\\/author\\\/vincent\\\/\"}]}<\/script>\n<!-- \/ Yoast SEO plugin. -->","yoast_head_json":{"title":"Adoucisseurs d'eau en appartement : concilier efficacit\u00e9 et design - Mobilier Design Magazine","robots":{"index":"index","follow":"follow","max-snippet":"max-snippet:-1","max-image-preview":"max-image-preview:large","max-video-preview":"max-video-preview:-1"},"canonical":"https:\/\/www.mobilier-design-occasion.fr\/magazine\/adoucisseurs-deau-en-appartement-concilier-efficacite-et-design\/","og_locale":"fr_FR","og_type":"article","og_title":"Adoucisseurs d'eau en appartement : concilier efficacit\u00e9 et design - Mobilier Design Magazine","og_description":"L&#8217;eau calcaire est un fl\u00e9au quotidien qui endommage vos appareils \u00e9lectrom\u00e9nagers, laisse des traces sur la robinetterie et ass\u00e8che votre peau. En appartement, installer un adoucisseur d&#8217;eau peut transformer votre confort, mais comment l&#8217;int\u00e9grer harmonieusement dans un int\u00e9rieur soign\u00e9 ? Voici un guide complet pour allier fonctionnalit\u00e9 et esth\u00e9tique. Pourquoi choisir un adoucisseur compact pour [&hellip;]","og_url":"https:\/\/www.mobilier-design-occasion.fr\/magazine\/adoucisseurs-deau-en-appartement-concilier-efficacite-et-design\/","og_site_name":"Mobilier Design Magazine","article_publisher":"https:\/\/www.facebook.com\/mobilierdesignoccasion","article_published_time":"2025-09-10T08:32:28+00:00","article_modified_time":"2025-09-10T08:32:29+00:00","og_image":[{"width":1504,"height":908,"url":"https:\/\/www.mobilier-design-occasion.fr\/magazine\/wp-content\/uploads\/2025\/09\/Screenshot-at-Sep-10-10-06-51.png","type":"image\/png"}],"author":"Vincent Vandegans","twitter_card":"summary_large_image","twitter_misc":{"\u00c9crit par":"Vincent Vandegans","Dur\u00e9e de lecture estim\u00e9e":"8 minutes"},"schema":{"@context":"https:\/\/schema.org","@graph":[{"@type":"Article","@id":"https:\/\/www.mobilier-design-occasion.fr\/magazine\/adoucisseurs-deau-en-appartement-concilier-efficacite-et-design\/#article","isPartOf":{"@id":"https:\/\/www.mobilier-design-occasion.fr\/magazine\/adoucisseurs-deau-en-appartement-concilier-efficacite-et-design\/"},"author":{"name":"Vincent Vandegans","@id":"https:\/\/www.mobilier-design-occasion.fr\/magazine\/#\/schema\/person\/af895bedc80bfb6b17730a672fddac9e"},"headline":"Adoucisseurs d&#8217;eau en appartement : concilier efficacit\u00e9 et design","datePublished":"2025-09-10T08:32:28+00:00","dateModified":"2025-09-10T08:32:29+00:00","mainEntityOfPage":{"@id":"https:\/\/www.mobilier-design-occasion.fr\/magazine\/adoucisseurs-deau-en-appartement-concilier-efficacite-et-design\/"},"wordCount":1399,"commentCount":0,"publisher":{"@id":"https:\/\/www.mobilier-design-occasion.fr\/magazine\/#organization"},"image":{"@id":"https:\/\/www.mobilier-design-occasion.fr\/magazine\/adoucisseurs-deau-en-appartement-concilier-efficacite-et-design\/#primaryimage"},"thumbnailUrl":"https:\/\/www.mobilier-design-occasion.fr\/magazine\/wp-content\/uploads\/2025\/09\/Screenshot-at-Sep-10-10-06-51.png","keywords":["adoucisseur","appartement","calcaire"],"articleSection":["Salle de bain"],"inLanguage":"fr-FR","potentialAction":[{"@type":"CommentAction","name":"Comment","target":["https:\/\/www.mobilier-design-occasion.fr\/magazine\/adoucisseurs-deau-en-appartement-concilier-efficacite-et-design\/#respond"]}]},{"@type":"WebPage","@id":"https:\/\/www.mobilier-design-occasion.fr\/magazine\/adoucisseurs-deau-en-appartement-concilier-efficacite-et-design\/","url":"https:\/\/www.mobilier-design-occasion.fr\/magazine\/adoucisseurs-deau-en-appartement-concilier-efficacite-et-design\/","name":"Adoucisseurs d'eau en appartement : concilier efficacit\u00e9 et design - Mobilier Design Magazine","isPartOf":{"@id":"https:\/\/www.mobilier-design-occasion.fr\/magazine\/#website"},"primaryImageOfPage":{"@id":"https:\/\/www.mobilier-design-occasion.fr\/magazine\/adoucisseurs-deau-en-appartement-concilier-efficacite-et-design\/#primaryimage"},"image":{"@id":"https:\/\/www.mobilier-design-occasion.fr\/magazine\/adoucisseurs-deau-en-appartement-concilier-efficacite-et-design\/#primaryimage"},"thumbnailUrl":"https:\/\/www.mobilier-design-occasion.fr\/magazine\/wp-content\/uploads\/2025\/09\/Screenshot-at-Sep-10-10-06-51.png","datePublished":"2025-09-10T08:32:28+00:00","dateModified":"2025-09-10T08:32:29+00:00","breadcrumb":{"@id":"https:\/\/www.mobilier-design-occasion.fr\/magazine\/adoucisseurs-deau-en-appartement-concilier-efficacite-et-design\/#breadcrumb"},"inLanguage":"fr-FR","potentialAction":[{"@type":"ReadAction","target":["https:\/\/www.mobilier-design-occasion.fr\/magazine\/adoucisseurs-deau-en-appartement-concilier-efficacite-et-design\/"]}]},{"@type":"ImageObject","inLanguage":"fr-FR","@id":"https:\/\/www.mobilier-design-occasion.fr\/magazine\/adoucisseurs-deau-en-appartement-concilier-efficacite-et-design\/#primaryimage","url":"https:\/\/www.mobilier-design-occasion.fr\/magazine\/wp-content\/uploads\/2025\/09\/Screenshot-at-Sep-10-10-06-51.png","contentUrl":"https:\/\/www.mobilier-design-occasion.fr\/magazine\/wp-content\/uploads\/2025\/09\/Screenshot-at-Sep-10-10-06-51.png","width":1504,"height":908},{"@type":"BreadcrumbList","@id":"https:\/\/www.mobilier-design-occasion.fr\/magazine\/adoucisseurs-deau-en-appartement-concilier-efficacite-et-design\/#breadcrumb","itemListElement":[{"@type":"ListItem","position":1,"name":"Accueil","item":"https:\/\/www.mobilier-design-occasion.fr\/magazine\/"},{"@type":"ListItem","position":2,"name":"Adoucisseurs d&#8217;eau en appartement : concilier efficacit\u00e9 et design"}]},{"@type":"WebSite","@id":"https:\/\/www.mobilier-design-occasion.fr\/magazine\/#website","url":"https:\/\/www.mobilier-design-occasion.fr\/magazine\/","name":"Mobilier Design Magazine","description":"","publisher":{"@id":"https:\/\/www.mobilier-design-occasion.fr\/magazine\/#organization"},"potentialAction":[{"@type":"SearchAction","target":{"@type":"EntryPoint","urlTemplate":"https:\/\/www.mobilier-design-occasion.fr\/magazine\/?s={search_term_string}"},"query-input":{"@type":"PropertyValueSpecification","valueRequired":true,"valueName":"search_term_string"}}],"inLanguage":"fr-FR"},{"@type":"Organization","@id":"https:\/\/www.mobilier-design-occasion.fr\/magazine\/#organization","name":"Mobilier Design Magazine","url":"https:\/\/www.mobilier-design-occasion.fr\/magazine\/","logo":{"@type":"ImageObject","inLanguage":"fr-FR","@id":"https:\/\/www.mobilier-design-occasion.fr\/magazine\/#\/schema\/logo\/image\/","url":"https:\/\/www.mobilier-design-occasion.fr\/magazine\/wp-content\/uploads\/2024\/02\/android-chrome-192x192-1.png","contentUrl":"https:\/\/www.mobilier-design-occasion.fr\/magazine\/wp-content\/uploads\/2024\/02\/android-chrome-192x192-1.png","width":192,"height":192,"caption":"Mobilier Design Magazine"},"image":{"@id":"https:\/\/www.mobilier-design-occasion.fr\/magazine\/#\/schema\/logo\/image\/"},"sameAs":["https:\/\/www.facebook.com\/mobilierdesignoccasion"]},{"@type":"Person","@id":"https:\/\/www.mobilier-design-occasion.fr\/magazine\/#\/schema\/person\/af895bedc80bfb6b17730a672fddac9e","name":"Vincent Vandegans","image":{"@type":"ImageObject","inLanguage":"fr-FR","@id":"https:\/\/secure.gravatar.com\/avatar\/b984800dabdf722d5e3f03f637c8932dea77d81118467d17ad2953e3b273ec66?s=96&d=mm&r=g","url":"https:\/\/secure.gravatar.com\/avatar\/b984800dabdf722d5e3f03f637c8932dea77d81118467d17ad2953e3b273ec66?s=96&d=mm&r=g","contentUrl":"https:\/\/secure.gravatar.com\/avatar\/b984800dabdf722d5e3f03f637c8932dea77d81118467d17ad2953e3b273ec66?s=96&d=mm&r=g","caption":"Vincent Vandegans"},"description":"Vincent est passionn\u00e9 par les produits d'occasion, il a ouvert le site MDO avec Cyrielle pour aider les gens \u00e0 trouver du mobilier d'occasion, vintage ou usag\u00e9. Depuis, ils ont \u00e9tendu leurs activit\u00e9s et conseillent tout le monde sur le mobilier d'int\u00e9rieur et d'ext\u00e9rieur au quotidien \u00e0 travers le magazine MDO.","url":"https:\/\/www.mobilier-design-occasion.fr\/magazine\/author\/vincent\/"}]}},"_links":{"self":[{"href":"https:\/\/www.mobilier-design-occasion.fr\/magazine\/wp-json\/wp\/v2\/posts\/8504","targetHints":{"allow":["GET"]}}],"collection":[{"href":"https:\/\/www.mobilier-design-occasion.fr\/magazine\/wp-json\/wp\/v2\/posts"}],"about":[{"href":"https:\/\/www.mobilier-design-occasion.fr\/magazine\/wp-json\/wp\/v2\/types\/post"}],"author":[{"embeddable":true,"href":"https:\/\/www.mobilier-design-occasion.fr\/magazine\/wp-json\/wp\/v2\/users\/2"}],"replies":[{"embeddable":true,"href":"https:\/\/www.mobilier-design-occasion.fr\/magazine\/wp-json\/wp\/v2\/comments?post=8504"}],"version-history":[{"count":1,"href":"https:\/\/www.mobilier-design-occasion.fr\/magazine\/wp-json\/wp\/v2\/posts\/8504\/revisions"}],"predecessor-version":[{"id":8509,"href":"https:\/\/www.mobilier-design-occasion.fr\/magazine\/wp-json\/wp\/v2\/posts\/8504\/revisions\/8509"}],"wp:featuredmedia":[{"embeddable":true,"href":"https:\/\/www.mobilier-design-occasion.fr\/magazine\/wp-json\/wp\/v2\/media\/8508"}],"wp:attachment":[{"href":"https:\/\/www.mobilier-design-occasion.fr\/magazine\/wp-json\/wp\/v2\/media?parent=8504"}],"wp:term":[{"taxonomy":"category","embeddable":true,"href":"https:\/\/www.mobilier-design-occasion.fr\/magazine\/wp-json\/wp\/v2\/categories?post=8504"},{"taxonomy":"post_tag","embeddable":true,"href":"https:\/\/www.mobilier-design-occasion.fr\/magazine\/wp-json\/wp\/v2\/tags?post=8504"}],"curies":[{"name":"wp","href":"https:\/\/api.w.org\/{rel}","templated":true}]}}