{"id":8498,"date":"2025-09-08T09:29:12","date_gmt":"2025-09-08T09:29:12","guid":{"rendered":"https:\/\/www.mobilier-design-occasion.fr\/magazine\/comment-choisir-et-installer-un-abri-pour-voiture-adapte-a-son-espace-exterieur\/"},"modified":"2025-09-08T09:29:12","modified_gmt":"2025-09-08T09:29:12","slug":"comment-choisir-et-installer-un-abri-pour-voiture-adapte-a-son-espace-exterieur","status":"publish","type":"post","link":"https:\/\/www.mobilier-design-occasion.fr\/magazine\/comment-choisir-et-installer-un-abri-pour-voiture-adapte-a-son-espace-exterieur\/","title":{"rendered":"Comment choisir et installer un abri pour voiture adapt\u00e9 \u00e0 son espace ext\u00e9rieur ?"},"content":{"rendered":"<p> Prot\u00e9ger sa voiture des caprices de la m\u00e9t\u00e9o, qu&#8217;il s&#8217;agisse de pluies torrentielles, de rayons UV agressifs ou de chutes de branches, n&#8217;est pas un luxe mais une n\u00e9cessit\u00e9 pour qui souhaite pr\u00e9server la valeur et l&#8217;esth\u00e9tique de son v\u00e9hicule. Le march\u00e9 regorge de solutions diverses du garage traditionnel \u00e0 l&#8217;abri pr\u00e9fabriqu\u00e9 en passant par le carport mais comment s&#8217;y retrouver face \u00e0 cette pl\u00e9thore d&#8217;options ? La difficult\u00e9 s&#8217;accentue lorsque notre espace ext\u00e9rieur pr\u00e9sente des particularit\u00e9s : terrain pentu, jardin \u00e9troit ou configuration atypique. <\/p>\n<h2><span class=\"ez-toc-section\" id=\"Comprendre_les_differents_types_dabris_pour_voiture\"><\/span> Comprendre les diff\u00e9rents types d&#8217;abris pour voiture<span class=\"ez-toc-section-end\"><\/span><\/h2><div id=\"ez-toc-container\" class=\"ez-toc-v2_0_82_2 counter-hierarchy ez-toc-counter ez-toc-grey ez-toc-container-direction\">\n<div class=\"ez-toc-title-container\">\n<span class=\"ez-toc-title-toggle\"><a href=\"#\" class=\"ez-toc-pull-right ez-toc-btn ez-toc-btn-xs ez-toc-btn-default ez-toc-toggle\" aria-label=\"Toggle Table of Content\"><span class=\"ez-toc-js-icon-con\"><span class=\"\"><span class=\"eztoc-hide\" style=\"display:none;\">Toggle<\/span><span class=\"ez-toc-icon-toggle-span\"><svg style=\"fill: #999;color:#999\" xmlns=\"http:\/\/www.w3.org\/2000\/svg\" class=\"list-377408\" width=\"20px\" height=\"20px\" viewBox=\"0 0 24 24\" fill=\"none\"><path d=\"M6 6H4v2h2V6zm14 0H8v2h12V6zM4 11h2v2H4v-2zm16 0H8v2h12v-2zM4 16h2v2H4v-2zm16 0H8v2h12v-2z\" fill=\"currentColor\"><\/path><\/svg><svg style=\"fill: #999;color:#999\" class=\"arrow-unsorted-368013\" xmlns=\"http:\/\/www.w3.org\/2000\/svg\" width=\"10px\" height=\"10px\" viewBox=\"0 0 24 24\" version=\"1.2\" baseProfile=\"tiny\"><path d=\"M18.2 9.3l-6.2-6.3-6.2 6.3c-.2.2-.3.4-.3.7s.1.5.3.7c.2.2.4.3.7.3h11c.3 0 .5-.1.7-.3.2-.2.3-.5.3-.7s-.1-.5-.3-.7zM5.8 14.7l6.2 6.3 6.2-6.3c.2-.2.3-.5.3-.7s-.1-.5-.3-.7c-.2-.2-.4-.3-.7-.3h-11c-.3 0-.5.1-.7.3-.2.2-.3.5-.3.7s.1.5.3.7z\"\/><\/svg><\/span><\/span><\/span><\/a><\/span><\/div>\n<nav><ul class='ez-toc-list ez-toc-list-level-1 eztoc-toggle-hide-by-default' ><li class='ez-toc-page-1 ez-toc-heading-level-2'><a class=\"ez-toc-link ez-toc-heading-1\" href=\"https:\/\/www.mobilier-design-occasion.fr\/magazine\/comment-choisir-et-installer-un-abri-pour-voiture-adapte-a-son-espace-exterieur\/#Comprendre_les_differents_types_dabris_pour_voiture\" >Comprendre les diff\u00e9rents types d&#8217;abris pour voiture<\/a><ul class='ez-toc-list-level-3' ><li class='ez-toc-heading-level-3'><a class=\"ez-toc-link ez-toc-heading-2\" href=\"https:\/\/www.mobilier-design-occasion.fr\/magazine\/comment-choisir-et-installer-un-abri-pour-voiture-adapte-a-son-espace-exterieur\/#Les_solutions_classiques\" >Les solutions classiques<\/a><\/li><li class='ez-toc-page-1 ez-toc-heading-level-3'><a class=\"ez-toc-link ez-toc-heading-3\" href=\"https:\/\/www.mobilier-design-occasion.fr\/magazine\/comment-choisir-et-installer-un-abri-pour-voiture-adapte-a-son-espace-exterieur\/#Les_limites_des_solutions_standardisees\" >Les limites des solutions standardis\u00e9es<\/a><\/li><\/ul><\/li><li class='ez-toc-page-1 ez-toc-heading-level-2'><a class=\"ez-toc-link ez-toc-heading-4\" href=\"https:\/\/www.mobilier-design-occasion.fr\/magazine\/comment-choisir-et-installer-un-abri-pour-voiture-adapte-a-son-espace-exterieur\/#Pourquoi_opter_pour_un_abri_sur_mesure\" >Pourquoi opter pour un abri sur mesure ?<\/a><ul class='ez-toc-list-level-3' ><li class='ez-toc-heading-level-3'><a class=\"ez-toc-link ez-toc-heading-5\" href=\"https:\/\/www.mobilier-design-occasion.fr\/magazine\/comment-choisir-et-installer-un-abri-pour-voiture-adapte-a-son-espace-exterieur\/#Adaptation_parfaite_a_lespace_disponible\" >Adaptation parfaite \u00e0 l&#8217;espace disponible<\/a><\/li><li class='ez-toc-page-1 ez-toc-heading-level-3'><a class=\"ez-toc-link ez-toc-heading-6\" href=\"https:\/\/www.mobilier-design-occasion.fr\/magazine\/comment-choisir-et-installer-un-abri-pour-voiture-adapte-a-son-espace-exterieur\/#Personnalisation_du_design_et_des_materiaux\" >Personnalisation du design et des mat\u00e9riaux<\/a><\/li><li class='ez-toc-page-1 ez-toc-heading-level-3'><a class=\"ez-toc-link ez-toc-heading-7\" href=\"https:\/\/www.mobilier-design-occasion.fr\/magazine\/comment-choisir-et-installer-un-abri-pour-voiture-adapte-a-son-espace-exterieur\/#Robustesse_et_perennite\" >Robustesse et p\u00e9rennit\u00e9<\/a><\/li><\/ul><\/li><li class='ez-toc-page-1 ez-toc-heading-level-2'><a class=\"ez-toc-link ez-toc-heading-8\" href=\"https:\/\/www.mobilier-design-occasion.fr\/magazine\/comment-choisir-et-installer-un-abri-pour-voiture-adapte-a-son-espace-exterieur\/#Les_etapes_cles_pour_reussir_son_projet_dabri_sur_mesure\" >Les \u00e9tapes cl\u00e9s pour r\u00e9ussir son projet d&#8217;abri sur mesure<\/a><ul class='ez-toc-list-level-3' ><li class='ez-toc-heading-level-3'><a class=\"ez-toc-link ez-toc-heading-9\" href=\"https:\/\/www.mobilier-design-occasion.fr\/magazine\/comment-choisir-et-installer-un-abri-pour-voiture-adapte-a-son-espace-exterieur\/#Analyse_des_besoins_et_contraintes\" >Analyse des besoins et contraintes<\/a><\/li><li class='ez-toc-page-1 ez-toc-heading-level-3'><a class=\"ez-toc-link ez-toc-heading-10\" href=\"https:\/\/www.mobilier-design-occasion.fr\/magazine\/comment-choisir-et-installer-un-abri-pour-voiture-adapte-a-son-espace-exterieur\/#Conception_et_choix_des_options\" >Conception et choix des options<\/a><\/li><li class='ez-toc-page-1 ez-toc-heading-level-3'><a class=\"ez-toc-link ez-toc-heading-11\" href=\"https:\/\/www.mobilier-design-occasion.fr\/magazine\/comment-choisir-et-installer-un-abri-pour-voiture-adapte-a-son-espace-exterieur\/#Installation_et_entretien\" >Installation et entretien<\/a><\/li><\/ul><\/li><li class='ez-toc-page-1 ez-toc-heading-level-2'><a class=\"ez-toc-link ez-toc-heading-12\" href=\"https:\/\/www.mobilier-design-occasion.fr\/magazine\/comment-choisir-et-installer-un-abri-pour-voiture-adapte-a-son-espace-exterieur\/#Exemples_pratiques_et_retours_dexperience\" >Exemples pratiques et retours d&#8217;exp\u00e9rience<\/a><\/li><li class='ez-toc-page-1 ez-toc-heading-level-2'><a class=\"ez-toc-link ez-toc-heading-13\" href=\"https:\/\/www.mobilier-design-occasion.fr\/magazine\/comment-choisir-et-installer-un-abri-pour-voiture-adapte-a-son-espace-exterieur\/#Conclusion\" >Conclusion<\/a><\/li><\/ul><\/nav><\/div>\n\n<h3><span class=\"ez-toc-section\" id=\"Les_solutions_classiques\"><\/span> Les solutions classiques<span class=\"ez-toc-section-end\"><\/span><\/h3>\n<p> Le garage traditionnel reste la r\u00e9f\u00e9rence en mati\u00e8re de protection int\u00e9grale, offrant un cocon s\u00e9curis\u00e9 \u00e0 votre v\u00e9hicule. Revers de la m\u00e9daille : son co\u00fbt \u00e9lev\u00e9 et l&#8217;espace cons\u00e9quent qu&#8217;il requiert. Les abris pr\u00e9fabriqu\u00e9s, plus accessibles financi\u00e8rement, s\u00e9duisent par leur rapidit\u00e9 d&#8217;installation, mais imposent leurs dimensions standardis\u00e9es. Quant aux carports classiques, ces structures l\u00e9g\u00e8res et a\u00e9r\u00e9es constituent un compromis int\u00e9ressant, prot\u00e9geant efficacement votre v\u00e9hicule sans l&#8217;enfermer compl\u00e8tement.<\/p>\n<h3><span class=\"ez-toc-section\" id=\"Les_limites_des_solutions_standardisees\"><\/span> Les limites des solutions standardis\u00e9es<span class=\"ez-toc-section-end\"><\/span><\/h3>\n<p> D\u00e8s que l&#8217;on sort des configurations classiques, les produits standard montrent rapidement leurs faiblesses. Un terrain en pente, un espace restreint ou une parcelle de forme irr\u00e9guli\u00e8re peuvent transformer l&#8217;installation d&#8217;un abri pr\u00e9fabriqu\u00e9 en v\u00e9ritable casse-t\u00eate. Sans parler de l&#8217;aspect esth\u00e9tique : ces structures g\u00e9n\u00e9riques cadrent rarement avec tous les styles architecturaux, cr\u00e9ant parfois une dissonance visuelle malvenue dans votre am\u00e9nagement ext\u00e9rieur.<\/p>\n<h2><span class=\"ez-toc-section\" id=\"Pourquoi_opter_pour_un_abri_sur_mesure\"><\/span> Pourquoi opter pour un abri sur mesure ?<span class=\"ez-toc-section-end\"><\/span><\/h2>\n<h3><span class=\"ez-toc-section\" id=\"Adaptation_parfaite_a_lespace_disponible\"><\/span> Adaptation parfaite \u00e0 l&#8217;espace disponible<span class=\"ez-toc-section-end\"><\/span><\/h3>\n<p> La force d&#8217;un abri personnalis\u00e9 r\u00e9side dans sa capacit\u00e9 \u00e0 \u00e9pouser parfaitement les contours de votre espace ext\u00e9rieur. Que vous viviez en zone urbaine avec un espace limit\u00e9 au millim\u00e8tre pr\u00e8s, ou que votre terrain pr\u00e9sente des caract\u00e9ristiques singuli\u00e8res, une solution sur mesure transforme ces contraintes en opportunit\u00e9s. Cette adaptabilit\u00e9 s&#8217;av\u00e8re particuli\u00e8rement pr\u00e9cieuse pour les v\u00e9hicules hors-normes comme les camping-cars ou lorsque vous souhaitez abriter plusieurs v\u00e9hicules sans gaspiller le moindre recoin.<\/p>\n<h3><span class=\"ez-toc-section\" id=\"Personnalisation_du_design_et_des_materiaux\"><\/span> Personnalisation du design et des mat\u00e9riaux<span class=\"ez-toc-section-end\"><\/span><\/h3>\n<p> Choisir ses mat\u00e9riaux n&#8217;est pas qu&#8217;une question d&#8217;esth\u00e9tique, c&#8217;est aussi d\u00e9cider de la durabilit\u00e9 et de l&#8217;entretien futur de votre abri. Bois chaleureux mais demandant un entretien r\u00e9gulier, aluminium moderne et l\u00e9ger, acier robuste ou polycarbonate translucide, chaque option r\u00e9pond \u00e0 des besoins sp\u00e9cifiques. Un abri personnalis\u00e9 vous permet d&#8217;harmoniser cette nouvelle structure avec l&#8217;existant, en s\u00e9lectionnant des finitions et des teintes qui dialoguent naturellement avec votre maison et votre jardin.<\/p>\n<h3><span class=\"ez-toc-section\" id=\"Robustesse_et_perennite\"><\/span> Robustesse et p\u00e9rennit\u00e9<span class=\"ez-toc-section-end\"><\/span><\/h3>\n<p> Un abri pens\u00e9 pour votre r\u00e9gion int\u00e8gre naturellement les d\u00e9fis climatiques locaux. Mistral violent dans le Sud, neige abondante en montagne ou chaleur \u00e9crasante en \u00e9t\u00e9 votre structure sera con\u00e7ue pour r\u00e9sister sp\u00e9cifiquement \u00e0 ces contraintes. Cette adaptation fine garantit non seulement une meilleure long\u00e9vit\u00e9 de l&#8217;installation, mais aussi une protection optimale de votre v\u00e9hicule au fil des saisons.<\/p>\n<h2><span class=\"ez-toc-section\" id=\"Les_etapes_cles_pour_reussir_son_projet_dabri_sur_mesure\"><\/span> Les \u00e9tapes cl\u00e9s pour r\u00e9ussir son projet d&#8217;abri sur mesure<span class=\"ez-toc-section-end\"><\/span><\/h2>\n<h3><span class=\"ez-toc-section\" id=\"Analyse_des_besoins_et_contraintes\"><\/span> Analyse des besoins et contraintes<span class=\"ez-toc-section-end\"><\/span><\/h3>\n<p> Avant de vous lancer t\u00eate baiss\u00e9e, prenez le temps d&#8217;observer et de mesurer. Quelle surface est r\u00e9ellement disponible ? Quel type de v\u00e9hicule souhaitez-vous prot\u00e9ger ? Quelles sont vos attentes en termes d&#8217;esth\u00e9tique ? N&#8217;oubliez pas de consulter le plan local d&#8217;urbanisme de votre commune, ces r\u00e8glements peuvent imposer des restrictions parfois surprenantes concernant la hauteur, l&#8217;implantation ou m\u00eame les mat\u00e9riaux autoris\u00e9s.<\/p>\n<h3><span class=\"ez-toc-section\" id=\"Conception_et_choix_des_options\"><\/span> Conception et choix des options<span class=\"ez-toc-section-end\"><\/span><\/h3>\n<p> Cette phase d\u00e9termine largement la r\u00e9ussite de votre projet. Pour r\u00e9pondre pr\u00e9cis\u00e9ment \u00e0 vos besoins sp\u00e9cifiques, envisagez un <a href=\"https:\/\/www.gustaverideau.com\/carport\/\"><u>carport sur mesure<\/u><\/a> qui s&#8217;adapte comme un gant \u00e0 votre espace ext\u00e9rieur. L&#8217;expertise d&#8217;un professionnel s&#8217;av\u00e8re souvent pr\u00e9cieuse pour d\u00e9finir les dimensions id\u00e9ales, le type de toiture le plus adapt\u00e9 et les finitions qui sublimeront votre ext\u00e9rieur tout en prot\u00e9geant efficacement votre v\u00e9hicule.<\/p>\n<h3><span class=\"ez-toc-section\" id=\"Installation_et_entretien\"><\/span> Installation et entretien<span class=\"ez-toc-section-end\"><\/span><\/h3>\n<p> Ne n\u00e9gligez pas l&#8217;installation m\u00eame le plus bel abri mal pos\u00e9 perdra rapidement de sa superbe et de son efficacit\u00e9. Une pose professionnelle garantit la solidit\u00e9 et la p\u00e9rennit\u00e9 de votre investissement. Pensez \u00e9galement \u00e0 l&#8217;entretien futur : selon les mat\u00e9riaux choisis, pr\u00e9voyez un nettoyage r\u00e9gulier, un traitement du bois tous les deux \u00e0 trois ans, ou une v\u00e9rification p\u00e9riodique des fixations et des joints pour maintenir votre abri en parfait \u00e9tat.<\/p>\n<h2><span class=\"ez-toc-section\" id=\"Exemples_pratiques_et_retours_dexperience\"><\/span> Exemples pratiques et retours d&#8217;exp\u00e9rience<span class=\"ez-toc-section-end\"><\/span><\/h2>\n<p> Les r\u00e9alisations sur mesure brillent particuli\u00e8rement dans les situations complexes : ce carport parfaitement int\u00e9gr\u00e9 sur un terrain pr\u00e9sentant un d\u00e9nivel\u00e9 de 15%, ou cet abri compact qui a trouv\u00e9 sa place dans un jardin de ville o\u00f9 chaque centim\u00e8tre compte. Les propri\u00e9taires de ces installations sur mesure \u00e9voquent g\u00e9n\u00e9ralement leur satisfaction avec enthousiasme, soulignant la parfaite int\u00e9gration de la structure dans leur environnement et l&#8217;efficacit\u00e9 de la protection offerte \u00e0 leur v\u00e9hicule.<\/p>\n<h2><span class=\"ez-toc-section\" id=\"Conclusion\"><\/span> Conclusion<span class=\"ez-toc-section-end\"><\/span><\/h2>\n<p> En fin de compte, un abri sur mesure repr\u00e9sente bien plus qu&#8217;une simple d\u00e9pense, c&#8217;est un investissement r\u00e9fl\u00e9chi pour qui recherche l&#8217;\u00e9quilibre parfait entre fonctionnalit\u00e9, esth\u00e9tique et durabilit\u00e9. Prenez votre temps pour d\u00e9finir clairement vos besoins et n&#8217;h\u00e9sitez pas \u00e0 vous entourer de professionnels pour concr\u00e9tiser votre vision. Cette approche personnalis\u00e9e peut d&#8217;ailleurs s&#8217;\u00e9tendre \u00e0 l&#8217;ensemble de vos am\u00e9nagements ext\u00e9rieurs, des pergolas aux abris de jardin, cr\u00e9ant ainsi une coh\u00e9rence globale qui valorise durablement votre propri\u00e9t\u00e9.<\/p>\n","protected":false},"excerpt":{"rendered":"<p>Prot\u00e9ger sa voiture des caprices de la m\u00e9t\u00e9o, qu&#8217;il s&#8217;agisse de pluies torrentielles, de rayons UV agressifs ou de chutes de branches, n&#8217;est pas un luxe mais une n\u00e9cessit\u00e9 pour qui souhaite pr\u00e9server la valeur et l&#8217;esth\u00e9tique de son v\u00e9hicule. Le march\u00e9 regorge de solutions diverses du garage traditionnel \u00e0 l&#8217;abri pr\u00e9fabriqu\u00e9 en passant par [&hellip;]<\/p>\n","protected":false},"author":2,"featured_media":8500,"comment_status":"open","ping_status":"open","sticky":false,"template":"","format":"standard","meta":{"footnotes":""},"categories":[124],"tags":[],"class_list":["post-8498","post","type-post","status-publish","format-standard","has-post-thumbnail","hentry","category-exterieur"],"yoast_head":"<!-- This site is optimized with the Yoast SEO plugin v27.5 - https:\/\/yoast.com\/product\/yoast-seo-wordpress\/ -->\n<title>Comment choisir l\u2019abri voiture id\u00e9al pour son ext\u00e9rieur ?<\/title>\n<meta name=\"description\" content=\"D\u00e9couvrez les diff\u00e9rents types d\u2019abris pour voiture, leurs avantages et limites, et apprenez pourquoi opter pour un carport ou un abri sur mesure peut transformer votre espace ext\u00e9rieur tout en prot\u00e9geant efficacement votre v\u00e9hicule.\" \/>\n<meta name=\"robots\" content=\"index, follow, max-snippet:-1, max-image-preview:large, max-video-preview:-1\" \/>\n<link rel=\"canonical\" href=\"https:\/\/www.mobilier-design-occasion.fr\/magazine\/comment-choisir-et-installer-un-abri-pour-voiture-adapte-a-son-espace-exterieur\/\" \/>\n<meta property=\"og:locale\" content=\"fr_FR\" \/>\n<meta property=\"og:type\" content=\"article\" \/>\n<meta property=\"og:title\" content=\"Comment choisir l\u2019abri voiture id\u00e9al pour son ext\u00e9rieur ?\" \/>\n<meta property=\"og:description\" content=\"D\u00e9couvrez les diff\u00e9rents types d\u2019abris pour voiture, leurs avantages et limites, et apprenez pourquoi opter pour un carport ou un abri sur mesure peut transformer votre espace ext\u00e9rieur tout en prot\u00e9geant efficacement votre v\u00e9hicule.\" \/>\n<meta property=\"og:url\" content=\"https:\/\/www.mobilier-design-occasion.fr\/magazine\/comment-choisir-et-installer-un-abri-pour-voiture-adapte-a-son-espace-exterieur\/\" \/>\n<meta property=\"og:site_name\" content=\"Mobilier Design Magazine\" \/>\n<meta property=\"article:publisher\" content=\"https:\/\/www.facebook.com\/mobilierdesignoccasion\" \/>\n<meta property=\"article:published_time\" content=\"2025-09-08T09:29:12+00:00\" \/>\n<meta property=\"og:image\" content=\"https:\/\/www.mobilier-design-occasion.fr\/magazine\/wp-content\/uploads\/2025\/09\/2d42eb9f85b8899157fc5030df3957a7_html_3de59f7f.jpg\" \/>\n\t<meta property=\"og:image:width\" content=\"1280\" \/>\n\t<meta property=\"og:image:height\" content=\"896\" \/>\n\t<meta property=\"og:image:type\" content=\"image\/jpeg\" \/>\n<meta name=\"author\" content=\"Vincent Vandegans\" \/>\n<meta name=\"twitter:card\" content=\"summary_large_image\" \/>\n<meta name=\"twitter:label1\" content=\"\u00c9crit par\" \/>\n\t<meta name=\"twitter:data1\" content=\"Vincent Vandegans\" \/>\n\t<meta name=\"twitter:label2\" content=\"Dur\u00e9e de lecture estim\u00e9e\" \/>\n\t<meta name=\"twitter:data2\" content=\"5 minutes\" \/>\n<script type=\"application\/ld+json\" class=\"yoast-schema-graph\">{\"@context\":\"https:\\\/\\\/schema.org\",\"@graph\":[{\"@type\":\"Article\",\"@id\":\"https:\\\/\\\/www.mobilier-design-occasion.fr\\\/magazine\\\/comment-choisir-et-installer-un-abri-pour-voiture-adapte-a-son-espace-exterieur\\\/#article\",\"isPartOf\":{\"@id\":\"https:\\\/\\\/www.mobilier-design-occasion.fr\\\/magazine\\\/comment-choisir-et-installer-un-abri-pour-voiture-adapte-a-son-espace-exterieur\\\/\"},\"author\":{\"name\":\"Vincent Vandegans\",\"@id\":\"https:\\\/\\\/www.mobilier-design-occasion.fr\\\/magazine\\\/#\\\/schema\\\/person\\\/af895bedc80bfb6b17730a672fddac9e\"},\"headline\":\"Comment choisir et installer un abri pour voiture adapt\u00e9 \u00e0 son espace ext\u00e9rieur ?\",\"datePublished\":\"2025-09-08T09:29:12+00:00\",\"mainEntityOfPage\":{\"@id\":\"https:\\\/\\\/www.mobilier-design-occasion.fr\\\/magazine\\\/comment-choisir-et-installer-un-abri-pour-voiture-adapte-a-son-espace-exterieur\\\/\"},\"wordCount\":1002,\"commentCount\":0,\"publisher\":{\"@id\":\"https:\\\/\\\/www.mobilier-design-occasion.fr\\\/magazine\\\/#organization\"},\"image\":{\"@id\":\"https:\\\/\\\/www.mobilier-design-occasion.fr\\\/magazine\\\/comment-choisir-et-installer-un-abri-pour-voiture-adapte-a-son-espace-exterieur\\\/#primaryimage\"},\"thumbnailUrl\":\"https:\\\/\\\/www.mobilier-design-occasion.fr\\\/magazine\\\/wp-content\\\/uploads\\\/2025\\\/09\\\/2d42eb9f85b8899157fc5030df3957a7_html_3de59f7f.jpg\",\"articleSection\":[\"Ext\u00e9rieur\"],\"inLanguage\":\"fr-FR\",\"potentialAction\":[{\"@type\":\"CommentAction\",\"name\":\"Comment\",\"target\":[\"https:\\\/\\\/www.mobilier-design-occasion.fr\\\/magazine\\\/comment-choisir-et-installer-un-abri-pour-voiture-adapte-a-son-espace-exterieur\\\/#respond\"]}]},{\"@type\":\"WebPage\",\"@id\":\"https:\\\/\\\/www.mobilier-design-occasion.fr\\\/magazine\\\/comment-choisir-et-installer-un-abri-pour-voiture-adapte-a-son-espace-exterieur\\\/\",\"url\":\"https:\\\/\\\/www.mobilier-design-occasion.fr\\\/magazine\\\/comment-choisir-et-installer-un-abri-pour-voiture-adapte-a-son-espace-exterieur\\\/\",\"name\":\"Comment choisir l\u2019abri voiture id\u00e9al pour son ext\u00e9rieur ?\",\"isPartOf\":{\"@id\":\"https:\\\/\\\/www.mobilier-design-occasion.fr\\\/magazine\\\/#website\"},\"primaryImageOfPage\":{\"@id\":\"https:\\\/\\\/www.mobilier-design-occasion.fr\\\/magazine\\\/comment-choisir-et-installer-un-abri-pour-voiture-adapte-a-son-espace-exterieur\\\/#primaryimage\"},\"image\":{\"@id\":\"https:\\\/\\\/www.mobilier-design-occasion.fr\\\/magazine\\\/comment-choisir-et-installer-un-abri-pour-voiture-adapte-a-son-espace-exterieur\\\/#primaryimage\"},\"thumbnailUrl\":\"https:\\\/\\\/www.mobilier-design-occasion.fr\\\/magazine\\\/wp-content\\\/uploads\\\/2025\\\/09\\\/2d42eb9f85b8899157fc5030df3957a7_html_3de59f7f.jpg\",\"datePublished\":\"2025-09-08T09:29:12+00:00\",\"description\":\"D\u00e9couvrez les diff\u00e9rents types d\u2019abris pour voiture, leurs avantages et limites, et apprenez pourquoi opter pour un carport ou un abri sur mesure peut transformer votre espace ext\u00e9rieur tout en prot\u00e9geant efficacement votre v\u00e9hicule.\",\"breadcrumb\":{\"@id\":\"https:\\\/\\\/www.mobilier-design-occasion.fr\\\/magazine\\\/comment-choisir-et-installer-un-abri-pour-voiture-adapte-a-son-espace-exterieur\\\/#breadcrumb\"},\"inLanguage\":\"fr-FR\",\"potentialAction\":[{\"@type\":\"ReadAction\",\"target\":[\"https:\\\/\\\/www.mobilier-design-occasion.fr\\\/magazine\\\/comment-choisir-et-installer-un-abri-pour-voiture-adapte-a-son-espace-exterieur\\\/\"]}]},{\"@type\":\"ImageObject\",\"inLanguage\":\"fr-FR\",\"@id\":\"https:\\\/\\\/www.mobilier-design-occasion.fr\\\/magazine\\\/comment-choisir-et-installer-un-abri-pour-voiture-adapte-a-son-espace-exterieur\\\/#primaryimage\",\"url\":\"https:\\\/\\\/www.mobilier-design-occasion.fr\\\/magazine\\\/wp-content\\\/uploads\\\/2025\\\/09\\\/2d42eb9f85b8899157fc5030df3957a7_html_3de59f7f.jpg\",\"contentUrl\":\"https:\\\/\\\/www.mobilier-design-occasion.fr\\\/magazine\\\/wp-content\\\/uploads\\\/2025\\\/09\\\/2d42eb9f85b8899157fc5030df3957a7_html_3de59f7f.jpg\",\"width\":1280,\"height\":896},{\"@type\":\"BreadcrumbList\",\"@id\":\"https:\\\/\\\/www.mobilier-design-occasion.fr\\\/magazine\\\/comment-choisir-et-installer-un-abri-pour-voiture-adapte-a-son-espace-exterieur\\\/#breadcrumb\",\"itemListElement\":[{\"@type\":\"ListItem\",\"position\":1,\"name\":\"Accueil\",\"item\":\"https:\\\/\\\/www.mobilier-design-occasion.fr\\\/magazine\\\/\"},{\"@type\":\"ListItem\",\"position\":2,\"name\":\"Comment choisir et installer un abri pour voiture adapt\u00e9 \u00e0 son espace ext\u00e9rieur ?\"}]},{\"@type\":\"WebSite\",\"@id\":\"https:\\\/\\\/www.mobilier-design-occasion.fr\\\/magazine\\\/#website\",\"url\":\"https:\\\/\\\/www.mobilier-design-occasion.fr\\\/magazine\\\/\",\"name\":\"Mobilier Design Magazine\",\"description\":\"\",\"publisher\":{\"@id\":\"https:\\\/\\\/www.mobilier-design-occasion.fr\\\/magazine\\\/#organization\"},\"potentialAction\":[{\"@type\":\"SearchAction\",\"target\":{\"@type\":\"EntryPoint\",\"urlTemplate\":\"https:\\\/\\\/www.mobilier-design-occasion.fr\\\/magazine\\\/?s={search_term_string}\"},\"query-input\":{\"@type\":\"PropertyValueSpecification\",\"valueRequired\":true,\"valueName\":\"search_term_string\"}}],\"inLanguage\":\"fr-FR\"},{\"@type\":\"Organization\",\"@id\":\"https:\\\/\\\/www.mobilier-design-occasion.fr\\\/magazine\\\/#organization\",\"name\":\"Mobilier Design Magazine\",\"url\":\"https:\\\/\\\/www.mobilier-design-occasion.fr\\\/magazine\\\/\",\"logo\":{\"@type\":\"ImageObject\",\"inLanguage\":\"fr-FR\",\"@id\":\"https:\\\/\\\/www.mobilier-design-occasion.fr\\\/magazine\\\/#\\\/schema\\\/logo\\\/image\\\/\",\"url\":\"https:\\\/\\\/www.mobilier-design-occasion.fr\\\/magazine\\\/wp-content\\\/uploads\\\/2024\\\/02\\\/android-chrome-192x192-1.png\",\"contentUrl\":\"https:\\\/\\\/www.mobilier-design-occasion.fr\\\/magazine\\\/wp-content\\\/uploads\\\/2024\\\/02\\\/android-chrome-192x192-1.png\",\"width\":192,\"height\":192,\"caption\":\"Mobilier Design Magazine\"},\"image\":{\"@id\":\"https:\\\/\\\/www.mobilier-design-occasion.fr\\\/magazine\\\/#\\\/schema\\\/logo\\\/image\\\/\"},\"sameAs\":[\"https:\\\/\\\/www.facebook.com\\\/mobilierdesignoccasion\"]},{\"@type\":\"Person\",\"@id\":\"https:\\\/\\\/www.mobilier-design-occasion.fr\\\/magazine\\\/#\\\/schema\\\/person\\\/af895bedc80bfb6b17730a672fddac9e\",\"name\":\"Vincent Vandegans\",\"image\":{\"@type\":\"ImageObject\",\"inLanguage\":\"fr-FR\",\"@id\":\"https:\\\/\\\/secure.gravatar.com\\\/avatar\\\/b984800dabdf722d5e3f03f637c8932dea77d81118467d17ad2953e3b273ec66?s=96&d=mm&r=g\",\"url\":\"https:\\\/\\\/secure.gravatar.com\\\/avatar\\\/b984800dabdf722d5e3f03f637c8932dea77d81118467d17ad2953e3b273ec66?s=96&d=mm&r=g\",\"contentUrl\":\"https:\\\/\\\/secure.gravatar.com\\\/avatar\\\/b984800dabdf722d5e3f03f637c8932dea77d81118467d17ad2953e3b273ec66?s=96&d=mm&r=g\",\"caption\":\"Vincent Vandegans\"},\"description\":\"Vincent est passionn\u00e9 par les produits d'occasion, il a ouvert le site MDO avec Cyrielle pour aider les gens \u00e0 trouver du mobilier d'occasion, vintage ou usag\u00e9. Depuis, ils ont \u00e9tendu leurs activit\u00e9s et conseillent tout le monde sur le mobilier d'int\u00e9rieur et d'ext\u00e9rieur au quotidien \u00e0 travers le magazine MDO.\",\"url\":\"https:\\\/\\\/www.mobilier-design-occasion.fr\\\/magazine\\\/author\\\/vincent\\\/\"}]}<\/script>\n<!-- \/ Yoast SEO plugin. -->","yoast_head_json":{"title":"Comment choisir l\u2019abri voiture id\u00e9al pour son ext\u00e9rieur ?","description":"D\u00e9couvrez les diff\u00e9rents types d\u2019abris pour voiture, leurs avantages et limites, et apprenez pourquoi opter pour un carport ou un abri sur mesure peut transformer votre espace ext\u00e9rieur tout en prot\u00e9geant efficacement votre v\u00e9hicule.","robots":{"index":"index","follow":"follow","max-snippet":"max-snippet:-1","max-image-preview":"max-image-preview:large","max-video-preview":"max-video-preview:-1"},"canonical":"https:\/\/www.mobilier-design-occasion.fr\/magazine\/comment-choisir-et-installer-un-abri-pour-voiture-adapte-a-son-espace-exterieur\/","og_locale":"fr_FR","og_type":"article","og_title":"Comment choisir l\u2019abri voiture id\u00e9al pour son ext\u00e9rieur ?","og_description":"D\u00e9couvrez les diff\u00e9rents types d\u2019abris pour voiture, leurs avantages et limites, et apprenez pourquoi opter pour un carport ou un abri sur mesure peut transformer votre espace ext\u00e9rieur tout en prot\u00e9geant efficacement votre v\u00e9hicule.","og_url":"https:\/\/www.mobilier-design-occasion.fr\/magazine\/comment-choisir-et-installer-un-abri-pour-voiture-adapte-a-son-espace-exterieur\/","og_site_name":"Mobilier Design Magazine","article_publisher":"https:\/\/www.facebook.com\/mobilierdesignoccasion","article_published_time":"2025-09-08T09:29:12+00:00","og_image":[{"width":1280,"height":896,"url":"https:\/\/www.mobilier-design-occasion.fr\/magazine\/wp-content\/uploads\/2025\/09\/2d42eb9f85b8899157fc5030df3957a7_html_3de59f7f.jpg","type":"image\/jpeg"}],"author":"Vincent Vandegans","twitter_card":"summary_large_image","twitter_misc":{"\u00c9crit par":"Vincent Vandegans","Dur\u00e9e de lecture estim\u00e9e":"5 minutes"},"schema":{"@context":"https:\/\/schema.org","@graph":[{"@type":"Article","@id":"https:\/\/www.mobilier-design-occasion.fr\/magazine\/comment-choisir-et-installer-un-abri-pour-voiture-adapte-a-son-espace-exterieur\/#article","isPartOf":{"@id":"https:\/\/www.mobilier-design-occasion.fr\/magazine\/comment-choisir-et-installer-un-abri-pour-voiture-adapte-a-son-espace-exterieur\/"},"author":{"name":"Vincent Vandegans","@id":"https:\/\/www.mobilier-design-occasion.fr\/magazine\/#\/schema\/person\/af895bedc80bfb6b17730a672fddac9e"},"headline":"Comment choisir et installer un abri pour voiture adapt\u00e9 \u00e0 son espace ext\u00e9rieur ?","datePublished":"2025-09-08T09:29:12+00:00","mainEntityOfPage":{"@id":"https:\/\/www.mobilier-design-occasion.fr\/magazine\/comment-choisir-et-installer-un-abri-pour-voiture-adapte-a-son-espace-exterieur\/"},"wordCount":1002,"commentCount":0,"publisher":{"@id":"https:\/\/www.mobilier-design-occasion.fr\/magazine\/#organization"},"image":{"@id":"https:\/\/www.mobilier-design-occasion.fr\/magazine\/comment-choisir-et-installer-un-abri-pour-voiture-adapte-a-son-espace-exterieur\/#primaryimage"},"thumbnailUrl":"https:\/\/www.mobilier-design-occasion.fr\/magazine\/wp-content\/uploads\/2025\/09\/2d42eb9f85b8899157fc5030df3957a7_html_3de59f7f.jpg","articleSection":["Ext\u00e9rieur"],"inLanguage":"fr-FR","potentialAction":[{"@type":"CommentAction","name":"Comment","target":["https:\/\/www.mobilier-design-occasion.fr\/magazine\/comment-choisir-et-installer-un-abri-pour-voiture-adapte-a-son-espace-exterieur\/#respond"]}]},{"@type":"WebPage","@id":"https:\/\/www.mobilier-design-occasion.fr\/magazine\/comment-choisir-et-installer-un-abri-pour-voiture-adapte-a-son-espace-exterieur\/","url":"https:\/\/www.mobilier-design-occasion.fr\/magazine\/comment-choisir-et-installer-un-abri-pour-voiture-adapte-a-son-espace-exterieur\/","name":"Comment choisir l\u2019abri voiture id\u00e9al pour son ext\u00e9rieur ?","isPartOf":{"@id":"https:\/\/www.mobilier-design-occasion.fr\/magazine\/#website"},"primaryImageOfPage":{"@id":"https:\/\/www.mobilier-design-occasion.fr\/magazine\/comment-choisir-et-installer-un-abri-pour-voiture-adapte-a-son-espace-exterieur\/#primaryimage"},"image":{"@id":"https:\/\/www.mobilier-design-occasion.fr\/magazine\/comment-choisir-et-installer-un-abri-pour-voiture-adapte-a-son-espace-exterieur\/#primaryimage"},"thumbnailUrl":"https:\/\/www.mobilier-design-occasion.fr\/magazine\/wp-content\/uploads\/2025\/09\/2d42eb9f85b8899157fc5030df3957a7_html_3de59f7f.jpg","datePublished":"2025-09-08T09:29:12+00:00","description":"D\u00e9couvrez les diff\u00e9rents types d\u2019abris pour voiture, leurs avantages et limites, et apprenez pourquoi opter pour un carport ou un abri sur mesure peut transformer votre espace ext\u00e9rieur tout en prot\u00e9geant efficacement votre v\u00e9hicule.","breadcrumb":{"@id":"https:\/\/www.mobilier-design-occasion.fr\/magazine\/comment-choisir-et-installer-un-abri-pour-voiture-adapte-a-son-espace-exterieur\/#breadcrumb"},"inLanguage":"fr-FR","potentialAction":[{"@type":"ReadAction","target":["https:\/\/www.mobilier-design-occasion.fr\/magazine\/comment-choisir-et-installer-un-abri-pour-voiture-adapte-a-son-espace-exterieur\/"]}]},{"@type":"ImageObject","inLanguage":"fr-FR","@id":"https:\/\/www.mobilier-design-occasion.fr\/magazine\/comment-choisir-et-installer-un-abri-pour-voiture-adapte-a-son-espace-exterieur\/#primaryimage","url":"https:\/\/www.mobilier-design-occasion.fr\/magazine\/wp-content\/uploads\/2025\/09\/2d42eb9f85b8899157fc5030df3957a7_html_3de59f7f.jpg","contentUrl":"https:\/\/www.mobilier-design-occasion.fr\/magazine\/wp-content\/uploads\/2025\/09\/2d42eb9f85b8899157fc5030df3957a7_html_3de59f7f.jpg","width":1280,"height":896},{"@type":"BreadcrumbList","@id":"https:\/\/www.mobilier-design-occasion.fr\/magazine\/comment-choisir-et-installer-un-abri-pour-voiture-adapte-a-son-espace-exterieur\/#breadcrumb","itemListElement":[{"@type":"ListItem","position":1,"name":"Accueil","item":"https:\/\/www.mobilier-design-occasion.fr\/magazine\/"},{"@type":"ListItem","position":2,"name":"Comment choisir et installer un abri pour voiture adapt\u00e9 \u00e0 son espace ext\u00e9rieur ?"}]},{"@type":"WebSite","@id":"https:\/\/www.mobilier-design-occasion.fr\/magazine\/#website","url":"https:\/\/www.mobilier-design-occasion.fr\/magazine\/","name":"Mobilier Design Magazine","description":"","publisher":{"@id":"https:\/\/www.mobilier-design-occasion.fr\/magazine\/#organization"},"potentialAction":[{"@type":"SearchAction","target":{"@type":"EntryPoint","urlTemplate":"https:\/\/www.mobilier-design-occasion.fr\/magazine\/?s={search_term_string}"},"query-input":{"@type":"PropertyValueSpecification","valueRequired":true,"valueName":"search_term_string"}}],"inLanguage":"fr-FR"},{"@type":"Organization","@id":"https:\/\/www.mobilier-design-occasion.fr\/magazine\/#organization","name":"Mobilier Design Magazine","url":"https:\/\/www.mobilier-design-occasion.fr\/magazine\/","logo":{"@type":"ImageObject","inLanguage":"fr-FR","@id":"https:\/\/www.mobilier-design-occasion.fr\/magazine\/#\/schema\/logo\/image\/","url":"https:\/\/www.mobilier-design-occasion.fr\/magazine\/wp-content\/uploads\/2024\/02\/android-chrome-192x192-1.png","contentUrl":"https:\/\/www.mobilier-design-occasion.fr\/magazine\/wp-content\/uploads\/2024\/02\/android-chrome-192x192-1.png","width":192,"height":192,"caption":"Mobilier Design Magazine"},"image":{"@id":"https:\/\/www.mobilier-design-occasion.fr\/magazine\/#\/schema\/logo\/image\/"},"sameAs":["https:\/\/www.facebook.com\/mobilierdesignoccasion"]},{"@type":"Person","@id":"https:\/\/www.mobilier-design-occasion.fr\/magazine\/#\/schema\/person\/af895bedc80bfb6b17730a672fddac9e","name":"Vincent Vandegans","image":{"@type":"ImageObject","inLanguage":"fr-FR","@id":"https:\/\/secure.gravatar.com\/avatar\/b984800dabdf722d5e3f03f637c8932dea77d81118467d17ad2953e3b273ec66?s=96&d=mm&r=g","url":"https:\/\/secure.gravatar.com\/avatar\/b984800dabdf722d5e3f03f637c8932dea77d81118467d17ad2953e3b273ec66?s=96&d=mm&r=g","contentUrl":"https:\/\/secure.gravatar.com\/avatar\/b984800dabdf722d5e3f03f637c8932dea77d81118467d17ad2953e3b273ec66?s=96&d=mm&r=g","caption":"Vincent Vandegans"},"description":"Vincent est passionn\u00e9 par les produits d'occasion, il a ouvert le site MDO avec Cyrielle pour aider les gens \u00e0 trouver du mobilier d'occasion, vintage ou usag\u00e9. Depuis, ils ont \u00e9tendu leurs activit\u00e9s et conseillent tout le monde sur le mobilier d'int\u00e9rieur et d'ext\u00e9rieur au quotidien \u00e0 travers le magazine MDO.","url":"https:\/\/www.mobilier-design-occasion.fr\/magazine\/author\/vincent\/"}]}},"_links":{"self":[{"href":"https:\/\/www.mobilier-design-occasion.fr\/magazine\/wp-json\/wp\/v2\/posts\/8498","targetHints":{"allow":["GET"]}}],"collection":[{"href":"https:\/\/www.mobilier-design-occasion.fr\/magazine\/wp-json\/wp\/v2\/posts"}],"about":[{"href":"https:\/\/www.mobilier-design-occasion.fr\/magazine\/wp-json\/wp\/v2\/types\/post"}],"author":[{"embeddable":true,"href":"https:\/\/www.mobilier-design-occasion.fr\/magazine\/wp-json\/wp\/v2\/users\/2"}],"replies":[{"embeddable":true,"href":"https:\/\/www.mobilier-design-occasion.fr\/magazine\/wp-json\/wp\/v2\/comments?post=8498"}],"version-history":[{"count":1,"href":"https:\/\/www.mobilier-design-occasion.fr\/magazine\/wp-json\/wp\/v2\/posts\/8498\/revisions"}],"predecessor-version":[{"id":8499,"href":"https:\/\/www.mobilier-design-occasion.fr\/magazine\/wp-json\/wp\/v2\/posts\/8498\/revisions\/8499"}],"wp:featuredmedia":[{"embeddable":true,"href":"https:\/\/www.mobilier-design-occasion.fr\/magazine\/wp-json\/wp\/v2\/media\/8500"}],"wp:attachment":[{"href":"https:\/\/www.mobilier-design-occasion.fr\/magazine\/wp-json\/wp\/v2\/media?parent=8498"}],"wp:term":[{"taxonomy":"category","embeddable":true,"href":"https:\/\/www.mobilier-design-occasion.fr\/magazine\/wp-json\/wp\/v2\/categories?post=8498"},{"taxonomy":"post_tag","embeddable":true,"href":"https:\/\/www.mobilier-design-occasion.fr\/magazine\/wp-json\/wp\/v2\/tags?post=8498"}],"curies":[{"name":"wp","href":"https:\/\/api.w.org\/{rel}","templated":true}]}}