{"id":8488,"date":"2025-09-01T08:48:51","date_gmt":"2025-09-01T08:48:51","guid":{"rendered":"https:\/\/www.mobilier-design-occasion.fr\/magazine\/?p=8488"},"modified":"2025-09-01T08:48:52","modified_gmt":"2025-09-01T08:48:52","slug":"elements-de-decoration-japonaise-qui-subliment-les-interieurs-modernes","status":"publish","type":"post","link":"https:\/\/www.mobilier-design-occasion.fr\/magazine\/elements-de-decoration-japonaise-qui-subliment-les-interieurs-modernes\/","title":{"rendered":"\u00c9l\u00e9ments de d\u00e9coration japonaise qui subliment les int\u00e9rieurs modernes"},"content":{"rendered":"\n<p>L\u2019attrait pour le <a href=\"https:\/\/www.mobilier-design-occasion.fr\/magazine\/table-tulipe-knoll-indemodable-du-design\/\">design<\/a> japonais ne cesse de cro\u00eetre dans le monde de la d\u00e9coration int\u00e9rieure. \u00c9pur\u00e9, \u00e9l\u00e9gant et profond\u00e9ment connect\u00e9 \u00e0 la nature, il offre une alternative harmonieuse aux int\u00e9rieurs surcharg\u00e9s et aux tendances \u00e9ph\u00e9m\u00e8res. <a href=\"https:\/\/www.mobilier-design-occasion.fr\/magazine\/le-petit-lexique-du-mobilier-design\/\">Minimalisme<\/a>, mat\u00e9riaux naturels, textures brutes et esth\u00e9tique du \u00ab wabi-sabi \u00bb sont autant de cl\u00e9s pour cr\u00e9er des espaces contemporains inspir\u00e9s du Japon.<\/p>\n\n\n\n<h2 class=\"wp-block-heading\"><span class=\"ez-toc-section\" id=\"Minimalisme_et_espace_lart_du_%C2%AB_Ma_%C2%BB\"><\/span>Minimalisme et espace : l\u2019art du \u00ab Ma \u00bb<span class=\"ez-toc-section-end\"><\/span><\/h2><div id=\"ez-toc-container\" class=\"ez-toc-v2_0_82_2 counter-hierarchy ez-toc-counter ez-toc-grey ez-toc-container-direction\">\n<div class=\"ez-toc-title-container\">\n<span class=\"ez-toc-title-toggle\"><a href=\"#\" class=\"ez-toc-pull-right ez-toc-btn ez-toc-btn-xs ez-toc-btn-default ez-toc-toggle\" aria-label=\"Toggle Table of Content\"><span class=\"ez-toc-js-icon-con\"><span class=\"\"><span class=\"eztoc-hide\" style=\"display:none;\">Toggle<\/span><span class=\"ez-toc-icon-toggle-span\"><svg style=\"fill: #999;color:#999\" xmlns=\"http:\/\/www.w3.org\/2000\/svg\" class=\"list-377408\" width=\"20px\" height=\"20px\" viewBox=\"0 0 24 24\" fill=\"none\"><path d=\"M6 6H4v2h2V6zm14 0H8v2h12V6zM4 11h2v2H4v-2zm16 0H8v2h12v-2zM4 16h2v2H4v-2zm16 0H8v2h12v-2z\" fill=\"currentColor\"><\/path><\/svg><svg style=\"fill: #999;color:#999\" class=\"arrow-unsorted-368013\" xmlns=\"http:\/\/www.w3.org\/2000\/svg\" width=\"10px\" height=\"10px\" viewBox=\"0 0 24 24\" version=\"1.2\" baseProfile=\"tiny\"><path d=\"M18.2 9.3l-6.2-6.3-6.2 6.3c-.2.2-.3.4-.3.7s.1.5.3.7c.2.2.4.3.7.3h11c.3 0 .5-.1.7-.3.2-.2.3-.5.3-.7s-.1-.5-.3-.7zM5.8 14.7l6.2 6.3 6.2-6.3c.2-.2.3-.5.3-.7s-.1-.5-.3-.7c-.2-.2-.4-.3-.7-.3h-11c-.3 0-.5.1-.7.3-.2.2-.3.5-.3.7s.1.5.3.7z\"\/><\/svg><\/span><\/span><\/span><\/a><\/span><\/div>\n<nav><ul class='ez-toc-list ez-toc-list-level-1 eztoc-toggle-hide-by-default' ><li class='ez-toc-page-1 ez-toc-heading-level-2'><a class=\"ez-toc-link ez-toc-heading-1\" href=\"https:\/\/www.mobilier-design-occasion.fr\/magazine\/elements-de-decoration-japonaise-qui-subliment-les-interieurs-modernes\/#Minimalisme_et_espace_lart_du_%C2%AB_Ma_%C2%BB\" >Minimalisme et espace : l\u2019art du \u00ab Ma \u00bb<\/a><\/li><li class='ez-toc-page-1 ez-toc-heading-level-2'><a class=\"ez-toc-link ez-toc-heading-2\" href=\"https:\/\/www.mobilier-design-occasion.fr\/magazine\/elements-de-decoration-japonaise-qui-subliment-les-interieurs-modernes\/#Des_materiaux_naturels_pour_une_atmosphere_chaleureuse\" >Des mat\u00e9riaux naturels pour une atmosph\u00e8re chaleureuse<\/a><\/li><li class='ez-toc-page-1 ez-toc-heading-level-2'><a class=\"ez-toc-link ez-toc-heading-3\" href=\"https:\/\/www.mobilier-design-occasion.fr\/magazine\/elements-de-decoration-japonaise-qui-subliment-les-interieurs-modernes\/#Wabi-sabi_la_beaute_de_limperfection\" >Wabi-sabi : la beaut\u00e9 de l\u2019imperfection<\/a><\/li><li class='ez-toc-page-1 ez-toc-heading-level-2'><a class=\"ez-toc-link ez-toc-heading-4\" href=\"https:\/\/www.mobilier-design-occasion.fr\/magazine\/elements-de-decoration-japonaise-qui-subliment-les-interieurs-modernes\/#Shibui_lelegance_discrete\" >Shibui : l\u2019\u00e9l\u00e9gance discr\u00e8te<\/a><\/li><li class='ez-toc-page-1 ez-toc-heading-level-2'><a class=\"ez-toc-link ez-toc-heading-5\" href=\"https:\/\/www.mobilier-design-occasion.fr\/magazine\/elements-de-decoration-japonaise-qui-subliment-les-interieurs-modernes\/#Integrer_lesthetique_japonaise_chez_soi\" >Int\u00e9grer l\u2019esth\u00e9tique japonaise chez soi<\/a><\/li><li class='ez-toc-page-1 ez-toc-heading-level-2'><a class=\"ez-toc-link ez-toc-heading-6\" href=\"https:\/\/www.mobilier-design-occasion.fr\/magazine\/elements-de-decoration-japonaise-qui-subliment-les-interieurs-modernes\/#Voyager_pour_sinspirer\" >Voyager pour s\u2019inspirer<\/a><\/li><\/ul><\/nav><\/div>\n\n\n\n\n<p>L\u2019un des fondements du design japonais repose sur le <a href=\"https:\/\/www.japan-experience.com\/fr\/preparer-voyage\/savoir\/comprendre-le-japon\/culture-du-ma\">concept de \u00ab Ma<\/a> \u00bb, l\u2019\u00e9quilibre subtil entre vide et plein. Cette approche permet de cr\u00e9er des int\u00e9rieurs a\u00e9r\u00e9s, o\u00f9 chaque objet a sa place. En r\u00e9duisant le superflu, la pi\u00e8ce respire et devient propice \u00e0 la s\u00e9r\u00e9nit\u00e9. Le minimalisme japonais, proche de la philosophie zen, inspire de plus en plus d\u2019architectes contemporains, en <a href=\"https:\/\/www.mobilier-design-occasion.fr\/magazine\/test-avis-sur-ripaton\/\">France<\/a> comme ailleurs, cherchant \u00e0 conjuguer sobri\u00e9t\u00e9 et \u00e9l\u00e9gance.<\/p>\n\n\n\n<h2 class=\"wp-block-heading\"><span class=\"ez-toc-section\" id=\"Des_materiaux_naturels_pour_une_atmosphere_chaleureuse\"><\/span>Des mat\u00e9riaux naturels pour une atmosph\u00e8re chaleureuse<span class=\"ez-toc-section-end\"><\/span><\/h2>\n\n\n\n<p>Le <a href=\"https:\/\/www.mobilier-design-occasion.fr\/magazine\/avis-mathy-by-bols\/\">bois<\/a>, le bambou, le papier washi ou encore le tatami sont au c\u0153ur de la d\u00e9coration japonaise. Ces mat\u00e9riaux cr\u00e9ent une ambiance authentique et chaleureuse, tout en apportant une connexion directe \u00e0 la nature. L\u2019usage de portes coulissantes (shoji) ou de cloisons l\u00e9g\u00e8res favorise \u00e9galement la modularit\u00e9 des espaces, un principe qui s\u00e9duit les amateurs de design moderne souhaitant maximiser la luminosit\u00e9. Selon Architectural Digest France, cette simplicit\u00e9 mat\u00e9rielle contribue \u00e0 la durabilit\u00e9 et au bien-\u00eatre, deux valeurs centrales des int\u00e9rieurs actuels.<\/p>\n\n\n\n<figure class=\"wp-block-image size-large\"><img loading=\"lazy\" decoding=\"async\" width=\"1024\" height=\"683\" src=\"https:\/\/www.mobilier-design-occasion.fr\/magazine\/wp-content\/uploads\/2025\/09\/creative-fengshui-practice-arrangement-1024x683.jpg\" alt=\"\" class=\"wp-image-8491\" srcset=\"https:\/\/www.mobilier-design-occasion.fr\/magazine\/wp-content\/uploads\/2025\/09\/creative-fengshui-practice-arrangement-1024x683.jpg 1024w, https:\/\/www.mobilier-design-occasion.fr\/magazine\/wp-content\/uploads\/2025\/09\/creative-fengshui-practice-arrangement-300x200.jpg 300w, https:\/\/www.mobilier-design-occasion.fr\/magazine\/wp-content\/uploads\/2025\/09\/creative-fengshui-practice-arrangement-768x512.jpg 768w, https:\/\/www.mobilier-design-occasion.fr\/magazine\/wp-content\/uploads\/2025\/09\/creative-fengshui-practice-arrangement-1536x1024.jpg 1536w, https:\/\/www.mobilier-design-occasion.fr\/magazine\/wp-content\/uploads\/2025\/09\/creative-fengshui-practice-arrangement-scaled.jpg 2048w, https:\/\/www.mobilier-design-occasion.fr\/magazine\/wp-content\/uploads\/2025\/09\/creative-fengshui-practice-arrangement-810x540.jpg 810w, https:\/\/www.mobilier-design-occasion.fr\/magazine\/wp-content\/uploads\/2025\/09\/creative-fengshui-practice-arrangement-1140x760.jpg 1140w\" sizes=\"auto, (max-width: 1024px) 100vw, 1024px\" \/><\/figure>\n\n\n\n<h2 class=\"wp-block-heading\"><span class=\"ez-toc-section\" id=\"Wabi-sabi_la_beaute_de_limperfection\"><\/span>Wabi-sabi : la beaut\u00e9 de l\u2019imperfection<span class=\"ez-toc-section-end\"><\/span><\/h2>\n\n\n\n<p>Le <a href=\"https:\/\/universdujapon.com\/blogs\/japon\/wabi-sabi?srsltid=AfmBOoo58MkxJ43VBdxENul3KtjnyAajqxJGf_y03jrlKiD16nEEHD_b\">wabi-sabi<\/a> c\u00e9l\u00e8bre l\u2019imperfection et l\u2019\u00e9ph\u00e9m\u00e8re. Un vase \u00e9br\u00e9ch\u00e9, une texture irr\u00e9guli\u00e8re ou une patine marqu\u00e9e par le temps ne sont pas vus comme des d\u00e9fauts, mais comme des marques d\u2019authenticit\u00e9. Int\u00e9grer cette philosophie dans un <a href=\"https:\/\/www.mobilier-design-occasion.fr\/magazine\/envie-dun-interieur-chic-ikea-revele-comment-et-cest-surprenant\/\">int\u00e9rieur<\/a> moderne, c\u2019est accepter que la beaut\u00e9 r\u00e9side aussi dans la simplicit\u00e9 et la fragilit\u00e9. Cette approche s\u00e9duit particuli\u00e8rement dans un monde o\u00f9 la perfection standardis\u00e9e domine la production industrielle.<\/p>\n\n\n\n<h2 class=\"wp-block-heading\"><span class=\"ez-toc-section\" id=\"Shibui_lelegance_discrete\"><\/span>Shibui : l\u2019\u00e9l\u00e9gance discr\u00e8te<span class=\"ez-toc-section-end\"><\/span><\/h2>\n\n\n\n<p>\u00c0 l\u2019oppos\u00e9 de l\u2019ostentatoire, l\u2019esth\u00e9tique \u00ab shibui \u00bb mise sur la discr\u00e9tion et la subtilit\u00e9. Les couleurs sobres, les lignes pures et les textures fines cr\u00e9ent un environnement apaisant qui traverse le temps sans se d\u00e9moder. Cet \u00e9quilibre entre raffinement et sobri\u00e9t\u00e9 se retrouve aussi dans la <a href=\"https:\/\/www.mobilier-design-occasion.fr\/magazine\/5-marques-de-design-intemporel-que-vous-devez-absolument-connaitre\/\">tendance<\/a> actuelle du \u00ab slow living \u00bb, adopt\u00e9e par de nombreux foyers europ\u00e9ens. Le site Maison &amp; Travaux souligne que cette approche s\u00e9duit de plus en plus ceux qui recherchent des int\u00e9rieurs intemporels.<\/p>\n\n\n\n<h2 class=\"wp-block-heading\"><span class=\"ez-toc-section\" id=\"Integrer_lesthetique_japonaise_chez_soi\"><\/span>Int\u00e9grer l\u2019esth\u00e9tique japonaise chez soi<span class=\"ez-toc-section-end\"><\/span><\/h2>\n\n\n\n<p>Pour adopter cette atmosph\u00e8re, quelques gestes simples suffisent : privil\u00e9gier des meubles bas, choisir des textiles naturels comme le lin ou le coton, multiplier les sources de <a href=\"https:\/\/www.mobilier-design-occasion.fr\/magazine\/le-charme-discret-de-la-lumiere-tamisee-du-chandelier\/\">lumi\u00e8re<\/a> douce et ajouter des touches v\u00e9g\u00e9tales comme le bonsa\u00ef ou le bambou. L\u2019important est de conserver une coh\u00e9rence et de respecter l\u2019\u00e9quilibre entre simplicit\u00e9 et fonctionnalit\u00e9.<\/p>\n\n\n\n<h2 class=\"wp-block-heading\"><span class=\"ez-toc-section\" id=\"Voyager_pour_sinspirer\"><\/span>Voyager pour s\u2019inspirer<span class=\"ez-toc-section-end\"><\/span><\/h2>\n\n\n\n<p>Rien ne vaut un s\u00e9jour au Japon pour comprendre pleinement la profondeur de cette esth\u00e9tique. D\u00e9couvrir une maison traditionnelle, marcher sur des tatamis ou observer les d\u00e9tails d\u2019un <a href=\"https:\/\/www.mobilier-design-occasion.fr\/magazine\/journal-de-bord-une-journee-avec-la-lasure-bois\/\">jardin<\/a> zen apporte une compr\u00e9hension authentique. Pour voyager sans contraintes, l\u2019usage d\u2019une <a href=\"https:\/\/saily.com\/fr\/esim-japan\/\">eSIM Japon<\/a> permet de rester connect\u00e9 en permanence, sans d\u00e9pendre de cartes SIM locales, tout en acc\u00e9dant aux cartes et guides n\u00e9cessaires pour explorer les merveilles du pays.<\/p>\n\n\n\n<p>Le design japonais ne se limite pas \u00e0 une tendance d\u00e9corative : c\u2019est une philosophie de vie o\u00f9 chaque d\u00e9tail a du sens. En int\u00e9grant minimalisme, mat\u00e9riaux naturels, wabi-sabi et shibui, il est possible de transformer un int\u00e9rieur moderne en un espace empreint de calme et d\u2019\u00e9l\u00e9gance. Une invitation \u00e0 ralentir, contempler et vivre dans l\u2019harmonie.<\/p>\n","protected":false},"excerpt":{"rendered":"<p>L\u2019attrait pour le design japonais ne cesse de cro\u00eetre dans le monde de la d\u00e9coration int\u00e9rieure. \u00c9pur\u00e9, \u00e9l\u00e9gant et profond\u00e9ment connect\u00e9 \u00e0 la nature, il offre une alternative harmonieuse aux int\u00e9rieurs surcharg\u00e9s et aux tendances \u00e9ph\u00e9m\u00e8res. Minimalisme, mat\u00e9riaux naturels, textures brutes et esth\u00e9tique du \u00ab wabi-sabi \u00bb sont autant de cl\u00e9s pour cr\u00e9er des espaces [&hellip;]<\/p>\n","protected":false},"author":2,"featured_media":8489,"comment_status":"open","ping_status":"open","sticky":false,"template":"","format":"standard","meta":{"footnotes":""},"categories":[120],"tags":[],"class_list":["post-8488","post","type-post","status-publish","format-standard","has-post-thumbnail","hentry","category-chambre"],"yoast_head":"<!-- This site is optimized with the Yoast SEO plugin v27.5 - https:\/\/yoast.com\/product\/yoast-seo-wordpress\/ -->\n<title>\u00c9l\u00e9ments de d\u00e9coration japonaise qui subliment les int\u00e9rieurs modernes - Mobilier Design Magazine<\/title>\n<meta name=\"robots\" content=\"index, follow, max-snippet:-1, max-image-preview:large, max-video-preview:-1\" \/>\n<link rel=\"canonical\" href=\"https:\/\/www.mobilier-design-occasion.fr\/magazine\/elements-de-decoration-japonaise-qui-subliment-les-interieurs-modernes\/\" \/>\n<meta property=\"og:locale\" content=\"fr_FR\" \/>\n<meta property=\"og:type\" content=\"article\" \/>\n<meta property=\"og:title\" content=\"\u00c9l\u00e9ments de d\u00e9coration japonaise qui subliment les int\u00e9rieurs modernes - Mobilier Design Magazine\" \/>\n<meta property=\"og:description\" content=\"L\u2019attrait pour le design japonais ne cesse de cro\u00eetre dans le monde de la d\u00e9coration int\u00e9rieure. \u00c9pur\u00e9, \u00e9l\u00e9gant et profond\u00e9ment connect\u00e9 \u00e0 la nature, il offre une alternative harmonieuse aux int\u00e9rieurs surcharg\u00e9s et aux tendances \u00e9ph\u00e9m\u00e8res. Minimalisme, mat\u00e9riaux naturels, textures brutes et esth\u00e9tique du \u00ab wabi-sabi \u00bb sont autant de cl\u00e9s pour cr\u00e9er des espaces [&hellip;]\" \/>\n<meta property=\"og:url\" content=\"https:\/\/www.mobilier-design-occasion.fr\/magazine\/elements-de-decoration-japonaise-qui-subliment-les-interieurs-modernes\/\" \/>\n<meta property=\"og:site_name\" content=\"Mobilier Design Magazine\" \/>\n<meta property=\"article:publisher\" content=\"https:\/\/www.facebook.com\/mobilierdesignoccasion\" \/>\n<meta property=\"article:published_time\" content=\"2025-09-01T08:48:51+00:00\" \/>\n<meta property=\"article:modified_time\" content=\"2025-09-01T08:48:52+00:00\" \/>\n<meta property=\"og:image\" content=\"https:\/\/www.mobilier-design-occasion.fr\/magazine\/wp-content\/uploads\/2025\/09\/minimalist-interior-design-scaled.jpg\" \/>\n\t<meta property=\"og:image:width\" content=\"2048\" \/>\n\t<meta property=\"og:image:height\" content=\"1152\" \/>\n\t<meta property=\"og:image:type\" content=\"image\/jpeg\" \/>\n<meta name=\"author\" content=\"Vincent Vandegans\" \/>\n<meta name=\"twitter:card\" content=\"summary_large_image\" \/>\n<meta name=\"twitter:label1\" content=\"\u00c9crit par\" \/>\n\t<meta name=\"twitter:data1\" content=\"Vincent Vandegans\" \/>\n\t<meta name=\"twitter:label2\" content=\"Dur\u00e9e de lecture estim\u00e9e\" \/>\n\t<meta name=\"twitter:data2\" content=\"4 minutes\" \/>\n<script type=\"application\/ld+json\" class=\"yoast-schema-graph\">{\"@context\":\"https:\\\/\\\/schema.org\",\"@graph\":[{\"@type\":\"Article\",\"@id\":\"https:\\\/\\\/www.mobilier-design-occasion.fr\\\/magazine\\\/elements-de-decoration-japonaise-qui-subliment-les-interieurs-modernes\\\/#article\",\"isPartOf\":{\"@id\":\"https:\\\/\\\/www.mobilier-design-occasion.fr\\\/magazine\\\/elements-de-decoration-japonaise-qui-subliment-les-interieurs-modernes\\\/\"},\"author\":{\"name\":\"Vincent Vandegans\",\"@id\":\"https:\\\/\\\/www.mobilier-design-occasion.fr\\\/magazine\\\/#\\\/schema\\\/person\\\/af895bedc80bfb6b17730a672fddac9e\"},\"headline\":\"\u00c9l\u00e9ments de d\u00e9coration japonaise qui subliment les int\u00e9rieurs modernes\",\"datePublished\":\"2025-09-01T08:48:51+00:00\",\"dateModified\":\"2025-09-01T08:48:52+00:00\",\"mainEntityOfPage\":{\"@id\":\"https:\\\/\\\/www.mobilier-design-occasion.fr\\\/magazine\\\/elements-de-decoration-japonaise-qui-subliment-les-interieurs-modernes\\\/\"},\"wordCount\":670,\"commentCount\":0,\"publisher\":{\"@id\":\"https:\\\/\\\/www.mobilier-design-occasion.fr\\\/magazine\\\/#organization\"},\"image\":{\"@id\":\"https:\\\/\\\/www.mobilier-design-occasion.fr\\\/magazine\\\/elements-de-decoration-japonaise-qui-subliment-les-interieurs-modernes\\\/#primaryimage\"},\"thumbnailUrl\":\"https:\\\/\\\/www.mobilier-design-occasion.fr\\\/magazine\\\/wp-content\\\/uploads\\\/2025\\\/09\\\/minimalist-interior-design-scaled.jpg\",\"articleSection\":[\"Chambre\"],\"inLanguage\":\"fr-FR\",\"potentialAction\":[{\"@type\":\"CommentAction\",\"name\":\"Comment\",\"target\":[\"https:\\\/\\\/www.mobilier-design-occasion.fr\\\/magazine\\\/elements-de-decoration-japonaise-qui-subliment-les-interieurs-modernes\\\/#respond\"]}]},{\"@type\":\"WebPage\",\"@id\":\"https:\\\/\\\/www.mobilier-design-occasion.fr\\\/magazine\\\/elements-de-decoration-japonaise-qui-subliment-les-interieurs-modernes\\\/\",\"url\":\"https:\\\/\\\/www.mobilier-design-occasion.fr\\\/magazine\\\/elements-de-decoration-japonaise-qui-subliment-les-interieurs-modernes\\\/\",\"name\":\"\u00c9l\u00e9ments de d\u00e9coration japonaise qui subliment les int\u00e9rieurs modernes - Mobilier Design Magazine\",\"isPartOf\":{\"@id\":\"https:\\\/\\\/www.mobilier-design-occasion.fr\\\/magazine\\\/#website\"},\"primaryImageOfPage\":{\"@id\":\"https:\\\/\\\/www.mobilier-design-occasion.fr\\\/magazine\\\/elements-de-decoration-japonaise-qui-subliment-les-interieurs-modernes\\\/#primaryimage\"},\"image\":{\"@id\":\"https:\\\/\\\/www.mobilier-design-occasion.fr\\\/magazine\\\/elements-de-decoration-japonaise-qui-subliment-les-interieurs-modernes\\\/#primaryimage\"},\"thumbnailUrl\":\"https:\\\/\\\/www.mobilier-design-occasion.fr\\\/magazine\\\/wp-content\\\/uploads\\\/2025\\\/09\\\/minimalist-interior-design-scaled.jpg\",\"datePublished\":\"2025-09-01T08:48:51+00:00\",\"dateModified\":\"2025-09-01T08:48:52+00:00\",\"breadcrumb\":{\"@id\":\"https:\\\/\\\/www.mobilier-design-occasion.fr\\\/magazine\\\/elements-de-decoration-japonaise-qui-subliment-les-interieurs-modernes\\\/#breadcrumb\"},\"inLanguage\":\"fr-FR\",\"potentialAction\":[{\"@type\":\"ReadAction\",\"target\":[\"https:\\\/\\\/www.mobilier-design-occasion.fr\\\/magazine\\\/elements-de-decoration-japonaise-qui-subliment-les-interieurs-modernes\\\/\"]}]},{\"@type\":\"ImageObject\",\"inLanguage\":\"fr-FR\",\"@id\":\"https:\\\/\\\/www.mobilier-design-occasion.fr\\\/magazine\\\/elements-de-decoration-japonaise-qui-subliment-les-interieurs-modernes\\\/#primaryimage\",\"url\":\"https:\\\/\\\/www.mobilier-design-occasion.fr\\\/magazine\\\/wp-content\\\/uploads\\\/2025\\\/09\\\/minimalist-interior-design-scaled.jpg\",\"contentUrl\":\"https:\\\/\\\/www.mobilier-design-occasion.fr\\\/magazine\\\/wp-content\\\/uploads\\\/2025\\\/09\\\/minimalist-interior-design-scaled.jpg\",\"width\":2048,\"height\":1152},{\"@type\":\"BreadcrumbList\",\"@id\":\"https:\\\/\\\/www.mobilier-design-occasion.fr\\\/magazine\\\/elements-de-decoration-japonaise-qui-subliment-les-interieurs-modernes\\\/#breadcrumb\",\"itemListElement\":[{\"@type\":\"ListItem\",\"position\":1,\"name\":\"Accueil\",\"item\":\"https:\\\/\\\/www.mobilier-design-occasion.fr\\\/magazine\\\/\"},{\"@type\":\"ListItem\",\"position\":2,\"name\":\"\u00c9l\u00e9ments de d\u00e9coration japonaise qui subliment les int\u00e9rieurs modernes\"}]},{\"@type\":\"WebSite\",\"@id\":\"https:\\\/\\\/www.mobilier-design-occasion.fr\\\/magazine\\\/#website\",\"url\":\"https:\\\/\\\/www.mobilier-design-occasion.fr\\\/magazine\\\/\",\"name\":\"Mobilier Design Magazine\",\"description\":\"\",\"publisher\":{\"@id\":\"https:\\\/\\\/www.mobilier-design-occasion.fr\\\/magazine\\\/#organization\"},\"potentialAction\":[{\"@type\":\"SearchAction\",\"target\":{\"@type\":\"EntryPoint\",\"urlTemplate\":\"https:\\\/\\\/www.mobilier-design-occasion.fr\\\/magazine\\\/?s={search_term_string}\"},\"query-input\":{\"@type\":\"PropertyValueSpecification\",\"valueRequired\":true,\"valueName\":\"search_term_string\"}}],\"inLanguage\":\"fr-FR\"},{\"@type\":\"Organization\",\"@id\":\"https:\\\/\\\/www.mobilier-design-occasion.fr\\\/magazine\\\/#organization\",\"name\":\"Mobilier Design Magazine\",\"url\":\"https:\\\/\\\/www.mobilier-design-occasion.fr\\\/magazine\\\/\",\"logo\":{\"@type\":\"ImageObject\",\"inLanguage\":\"fr-FR\",\"@id\":\"https:\\\/\\\/www.mobilier-design-occasion.fr\\\/magazine\\\/#\\\/schema\\\/logo\\\/image\\\/\",\"url\":\"https:\\\/\\\/www.mobilier-design-occasion.fr\\\/magazine\\\/wp-content\\\/uploads\\\/2024\\\/02\\\/android-chrome-192x192-1.png\",\"contentUrl\":\"https:\\\/\\\/www.mobilier-design-occasion.fr\\\/magazine\\\/wp-content\\\/uploads\\\/2024\\\/02\\\/android-chrome-192x192-1.png\",\"width\":192,\"height\":192,\"caption\":\"Mobilier Design Magazine\"},\"image\":{\"@id\":\"https:\\\/\\\/www.mobilier-design-occasion.fr\\\/magazine\\\/#\\\/schema\\\/logo\\\/image\\\/\"},\"sameAs\":[\"https:\\\/\\\/www.facebook.com\\\/mobilierdesignoccasion\"]},{\"@type\":\"Person\",\"@id\":\"https:\\\/\\\/www.mobilier-design-occasion.fr\\\/magazine\\\/#\\\/schema\\\/person\\\/af895bedc80bfb6b17730a672fddac9e\",\"name\":\"Vincent Vandegans\",\"image\":{\"@type\":\"ImageObject\",\"inLanguage\":\"fr-FR\",\"@id\":\"https:\\\/\\\/secure.gravatar.com\\\/avatar\\\/b984800dabdf722d5e3f03f637c8932dea77d81118467d17ad2953e3b273ec66?s=96&d=mm&r=g\",\"url\":\"https:\\\/\\\/secure.gravatar.com\\\/avatar\\\/b984800dabdf722d5e3f03f637c8932dea77d81118467d17ad2953e3b273ec66?s=96&d=mm&r=g\",\"contentUrl\":\"https:\\\/\\\/secure.gravatar.com\\\/avatar\\\/b984800dabdf722d5e3f03f637c8932dea77d81118467d17ad2953e3b273ec66?s=96&d=mm&r=g\",\"caption\":\"Vincent Vandegans\"},\"description\":\"Vincent est passionn\u00e9 par les produits d'occasion, il a ouvert le site MDO avec Cyrielle pour aider les gens \u00e0 trouver du mobilier d'occasion, vintage ou usag\u00e9. Depuis, ils ont \u00e9tendu leurs activit\u00e9s et conseillent tout le monde sur le mobilier d'int\u00e9rieur et d'ext\u00e9rieur au quotidien \u00e0 travers le magazine MDO.\",\"url\":\"https:\\\/\\\/www.mobilier-design-occasion.fr\\\/magazine\\\/author\\\/vincent\\\/\"}]}<\/script>\n<!-- \/ Yoast SEO plugin. -->","yoast_head_json":{"title":"\u00c9l\u00e9ments de d\u00e9coration japonaise qui subliment les int\u00e9rieurs modernes - Mobilier Design Magazine","robots":{"index":"index","follow":"follow","max-snippet":"max-snippet:-1","max-image-preview":"max-image-preview:large","max-video-preview":"max-video-preview:-1"},"canonical":"https:\/\/www.mobilier-design-occasion.fr\/magazine\/elements-de-decoration-japonaise-qui-subliment-les-interieurs-modernes\/","og_locale":"fr_FR","og_type":"article","og_title":"\u00c9l\u00e9ments de d\u00e9coration japonaise qui subliment les int\u00e9rieurs modernes - Mobilier Design Magazine","og_description":"L\u2019attrait pour le design japonais ne cesse de cro\u00eetre dans le monde de la d\u00e9coration int\u00e9rieure. \u00c9pur\u00e9, \u00e9l\u00e9gant et profond\u00e9ment connect\u00e9 \u00e0 la nature, il offre une alternative harmonieuse aux int\u00e9rieurs surcharg\u00e9s et aux tendances \u00e9ph\u00e9m\u00e8res. Minimalisme, mat\u00e9riaux naturels, textures brutes et esth\u00e9tique du \u00ab wabi-sabi \u00bb sont autant de cl\u00e9s pour cr\u00e9er des espaces [&hellip;]","og_url":"https:\/\/www.mobilier-design-occasion.fr\/magazine\/elements-de-decoration-japonaise-qui-subliment-les-interieurs-modernes\/","og_site_name":"Mobilier Design Magazine","article_publisher":"https:\/\/www.facebook.com\/mobilierdesignoccasion","article_published_time":"2025-09-01T08:48:51+00:00","article_modified_time":"2025-09-01T08:48:52+00:00","og_image":[{"width":2048,"height":1152,"url":"https:\/\/www.mobilier-design-occasion.fr\/magazine\/wp-content\/uploads\/2025\/09\/minimalist-interior-design-scaled.jpg","type":"image\/jpeg"}],"author":"Vincent Vandegans","twitter_card":"summary_large_image","twitter_misc":{"\u00c9crit par":"Vincent Vandegans","Dur\u00e9e de lecture estim\u00e9e":"4 minutes"},"schema":{"@context":"https:\/\/schema.org","@graph":[{"@type":"Article","@id":"https:\/\/www.mobilier-design-occasion.fr\/magazine\/elements-de-decoration-japonaise-qui-subliment-les-interieurs-modernes\/#article","isPartOf":{"@id":"https:\/\/www.mobilier-design-occasion.fr\/magazine\/elements-de-decoration-japonaise-qui-subliment-les-interieurs-modernes\/"},"author":{"name":"Vincent Vandegans","@id":"https:\/\/www.mobilier-design-occasion.fr\/magazine\/#\/schema\/person\/af895bedc80bfb6b17730a672fddac9e"},"headline":"\u00c9l\u00e9ments de d\u00e9coration japonaise qui subliment les int\u00e9rieurs modernes","datePublished":"2025-09-01T08:48:51+00:00","dateModified":"2025-09-01T08:48:52+00:00","mainEntityOfPage":{"@id":"https:\/\/www.mobilier-design-occasion.fr\/magazine\/elements-de-decoration-japonaise-qui-subliment-les-interieurs-modernes\/"},"wordCount":670,"commentCount":0,"publisher":{"@id":"https:\/\/www.mobilier-design-occasion.fr\/magazine\/#organization"},"image":{"@id":"https:\/\/www.mobilier-design-occasion.fr\/magazine\/elements-de-decoration-japonaise-qui-subliment-les-interieurs-modernes\/#primaryimage"},"thumbnailUrl":"https:\/\/www.mobilier-design-occasion.fr\/magazine\/wp-content\/uploads\/2025\/09\/minimalist-interior-design-scaled.jpg","articleSection":["Chambre"],"inLanguage":"fr-FR","potentialAction":[{"@type":"CommentAction","name":"Comment","target":["https:\/\/www.mobilier-design-occasion.fr\/magazine\/elements-de-decoration-japonaise-qui-subliment-les-interieurs-modernes\/#respond"]}]},{"@type":"WebPage","@id":"https:\/\/www.mobilier-design-occasion.fr\/magazine\/elements-de-decoration-japonaise-qui-subliment-les-interieurs-modernes\/","url":"https:\/\/www.mobilier-design-occasion.fr\/magazine\/elements-de-decoration-japonaise-qui-subliment-les-interieurs-modernes\/","name":"\u00c9l\u00e9ments de d\u00e9coration japonaise qui subliment les int\u00e9rieurs modernes - Mobilier Design Magazine","isPartOf":{"@id":"https:\/\/www.mobilier-design-occasion.fr\/magazine\/#website"},"primaryImageOfPage":{"@id":"https:\/\/www.mobilier-design-occasion.fr\/magazine\/elements-de-decoration-japonaise-qui-subliment-les-interieurs-modernes\/#primaryimage"},"image":{"@id":"https:\/\/www.mobilier-design-occasion.fr\/magazine\/elements-de-decoration-japonaise-qui-subliment-les-interieurs-modernes\/#primaryimage"},"thumbnailUrl":"https:\/\/www.mobilier-design-occasion.fr\/magazine\/wp-content\/uploads\/2025\/09\/minimalist-interior-design-scaled.jpg","datePublished":"2025-09-01T08:48:51+00:00","dateModified":"2025-09-01T08:48:52+00:00","breadcrumb":{"@id":"https:\/\/www.mobilier-design-occasion.fr\/magazine\/elements-de-decoration-japonaise-qui-subliment-les-interieurs-modernes\/#breadcrumb"},"inLanguage":"fr-FR","potentialAction":[{"@type":"ReadAction","target":["https:\/\/www.mobilier-design-occasion.fr\/magazine\/elements-de-decoration-japonaise-qui-subliment-les-interieurs-modernes\/"]}]},{"@type":"ImageObject","inLanguage":"fr-FR","@id":"https:\/\/www.mobilier-design-occasion.fr\/magazine\/elements-de-decoration-japonaise-qui-subliment-les-interieurs-modernes\/#primaryimage","url":"https:\/\/www.mobilier-design-occasion.fr\/magazine\/wp-content\/uploads\/2025\/09\/minimalist-interior-design-scaled.jpg","contentUrl":"https:\/\/www.mobilier-design-occasion.fr\/magazine\/wp-content\/uploads\/2025\/09\/minimalist-interior-design-scaled.jpg","width":2048,"height":1152},{"@type":"BreadcrumbList","@id":"https:\/\/www.mobilier-design-occasion.fr\/magazine\/elements-de-decoration-japonaise-qui-subliment-les-interieurs-modernes\/#breadcrumb","itemListElement":[{"@type":"ListItem","position":1,"name":"Accueil","item":"https:\/\/www.mobilier-design-occasion.fr\/magazine\/"},{"@type":"ListItem","position":2,"name":"\u00c9l\u00e9ments de d\u00e9coration japonaise qui subliment les int\u00e9rieurs modernes"}]},{"@type":"WebSite","@id":"https:\/\/www.mobilier-design-occasion.fr\/magazine\/#website","url":"https:\/\/www.mobilier-design-occasion.fr\/magazine\/","name":"Mobilier Design Magazine","description":"","publisher":{"@id":"https:\/\/www.mobilier-design-occasion.fr\/magazine\/#organization"},"potentialAction":[{"@type":"SearchAction","target":{"@type":"EntryPoint","urlTemplate":"https:\/\/www.mobilier-design-occasion.fr\/magazine\/?s={search_term_string}"},"query-input":{"@type":"PropertyValueSpecification","valueRequired":true,"valueName":"search_term_string"}}],"inLanguage":"fr-FR"},{"@type":"Organization","@id":"https:\/\/www.mobilier-design-occasion.fr\/magazine\/#organization","name":"Mobilier Design Magazine","url":"https:\/\/www.mobilier-design-occasion.fr\/magazine\/","logo":{"@type":"ImageObject","inLanguage":"fr-FR","@id":"https:\/\/www.mobilier-design-occasion.fr\/magazine\/#\/schema\/logo\/image\/","url":"https:\/\/www.mobilier-design-occasion.fr\/magazine\/wp-content\/uploads\/2024\/02\/android-chrome-192x192-1.png","contentUrl":"https:\/\/www.mobilier-design-occasion.fr\/magazine\/wp-content\/uploads\/2024\/02\/android-chrome-192x192-1.png","width":192,"height":192,"caption":"Mobilier Design Magazine"},"image":{"@id":"https:\/\/www.mobilier-design-occasion.fr\/magazine\/#\/schema\/logo\/image\/"},"sameAs":["https:\/\/www.facebook.com\/mobilierdesignoccasion"]},{"@type":"Person","@id":"https:\/\/www.mobilier-design-occasion.fr\/magazine\/#\/schema\/person\/af895bedc80bfb6b17730a672fddac9e","name":"Vincent Vandegans","image":{"@type":"ImageObject","inLanguage":"fr-FR","@id":"https:\/\/secure.gravatar.com\/avatar\/b984800dabdf722d5e3f03f637c8932dea77d81118467d17ad2953e3b273ec66?s=96&d=mm&r=g","url":"https:\/\/secure.gravatar.com\/avatar\/b984800dabdf722d5e3f03f637c8932dea77d81118467d17ad2953e3b273ec66?s=96&d=mm&r=g","contentUrl":"https:\/\/secure.gravatar.com\/avatar\/b984800dabdf722d5e3f03f637c8932dea77d81118467d17ad2953e3b273ec66?s=96&d=mm&r=g","caption":"Vincent Vandegans"},"description":"Vincent est passionn\u00e9 par les produits d'occasion, il a ouvert le site MDO avec Cyrielle pour aider les gens \u00e0 trouver du mobilier d'occasion, vintage ou usag\u00e9. Depuis, ils ont \u00e9tendu leurs activit\u00e9s et conseillent tout le monde sur le mobilier d'int\u00e9rieur et d'ext\u00e9rieur au quotidien \u00e0 travers le magazine MDO.","url":"https:\/\/www.mobilier-design-occasion.fr\/magazine\/author\/vincent\/"}]}},"_links":{"self":[{"href":"https:\/\/www.mobilier-design-occasion.fr\/magazine\/wp-json\/wp\/v2\/posts\/8488","targetHints":{"allow":["GET"]}}],"collection":[{"href":"https:\/\/www.mobilier-design-occasion.fr\/magazine\/wp-json\/wp\/v2\/posts"}],"about":[{"href":"https:\/\/www.mobilier-design-occasion.fr\/magazine\/wp-json\/wp\/v2\/types\/post"}],"author":[{"embeddable":true,"href":"https:\/\/www.mobilier-design-occasion.fr\/magazine\/wp-json\/wp\/v2\/users\/2"}],"replies":[{"embeddable":true,"href":"https:\/\/www.mobilier-design-occasion.fr\/magazine\/wp-json\/wp\/v2\/comments?post=8488"}],"version-history":[{"count":1,"href":"https:\/\/www.mobilier-design-occasion.fr\/magazine\/wp-json\/wp\/v2\/posts\/8488\/revisions"}],"predecessor-version":[{"id":8492,"href":"https:\/\/www.mobilier-design-occasion.fr\/magazine\/wp-json\/wp\/v2\/posts\/8488\/revisions\/8492"}],"wp:featuredmedia":[{"embeddable":true,"href":"https:\/\/www.mobilier-design-occasion.fr\/magazine\/wp-json\/wp\/v2\/media\/8489"}],"wp:attachment":[{"href":"https:\/\/www.mobilier-design-occasion.fr\/magazine\/wp-json\/wp\/v2\/media?parent=8488"}],"wp:term":[{"taxonomy":"category","embeddable":true,"href":"https:\/\/www.mobilier-design-occasion.fr\/magazine\/wp-json\/wp\/v2\/categories?post=8488"},{"taxonomy":"post_tag","embeddable":true,"href":"https:\/\/www.mobilier-design-occasion.fr\/magazine\/wp-json\/wp\/v2\/tags?post=8488"}],"curies":[{"name":"wp","href":"https:\/\/api.w.org\/{rel}","templated":true}]}}