{"id":8481,"date":"2025-09-01T08:04:21","date_gmt":"2025-09-01T08:04:21","guid":{"rendered":"https:\/\/www.mobilier-design-occasion.fr\/magazine\/?p=8481"},"modified":"2026-04-08T09:02:46","modified_gmt":"2026-04-08T09:02:46","slug":"quand-lelegance-rencontre-lergonomie-pourquoi-je-suis-convaincu-que-votre-dressing-sur-mesure-doit-etre-une-signature-interieure","status":"publish","type":"post","link":"https:\/\/www.mobilier-design-occasion.fr\/magazine\/quand-lelegance-rencontre-lergonomie-pourquoi-je-suis-convaincu-que-votre-dressing-sur-mesure-doit-etre-une-signature-interieure\/","title":{"rendered":"Quand l\u2019\u00e9l\u00e9gance rencontre l\u2019ergonomie : pourquoi je suis convaincu que votre dressing sur\u2011mesure doit \u00eatre une signature int\u00e9rieure"},"content":{"rendered":"\n<h2 class=\"wp-block-heading\"><span class=\"ez-toc-section\" id=\"Ce_quil_faut_retenir\"><\/span>Ce qu&#8217;il faut retenir<span class=\"ez-toc-section-end\"><\/span><\/h2><div id=\"ez-toc-container\" class=\"ez-toc-v2_0_82_2 counter-hierarchy ez-toc-counter ez-toc-grey ez-toc-container-direction\">\n<div class=\"ez-toc-title-container\">\n<span class=\"ez-toc-title-toggle\"><a href=\"#\" class=\"ez-toc-pull-right ez-toc-btn ez-toc-btn-xs ez-toc-btn-default ez-toc-toggle\" aria-label=\"Toggle Table of Content\"><span class=\"ez-toc-js-icon-con\"><span class=\"\"><span class=\"eztoc-hide\" style=\"display:none;\">Toggle<\/span><span class=\"ez-toc-icon-toggle-span\"><svg style=\"fill: #999;color:#999\" xmlns=\"http:\/\/www.w3.org\/2000\/svg\" class=\"list-377408\" width=\"20px\" height=\"20px\" viewBox=\"0 0 24 24\" fill=\"none\"><path d=\"M6 6H4v2h2V6zm14 0H8v2h12V6zM4 11h2v2H4v-2zm16 0H8v2h12v-2zM4 16h2v2H4v-2zm16 0H8v2h12v-2z\" fill=\"currentColor\"><\/path><\/svg><svg style=\"fill: #999;color:#999\" class=\"arrow-unsorted-368013\" xmlns=\"http:\/\/www.w3.org\/2000\/svg\" width=\"10px\" height=\"10px\" viewBox=\"0 0 24 24\" version=\"1.2\" baseProfile=\"tiny\"><path d=\"M18.2 9.3l-6.2-6.3-6.2 6.3c-.2.2-.3.4-.3.7s.1.5.3.7c.2.2.4.3.7.3h11c.3 0 .5-.1.7-.3.2-.2.3-.5.3-.7s-.1-.5-.3-.7zM5.8 14.7l6.2 6.3 6.2-6.3c.2-.2.3-.5.3-.7s-.1-.5-.3-.7c-.2-.2-.4-.3-.7-.3h-11c-.3 0-.5.1-.7.3-.2.2-.3.5-.3.7s.1.5.3.7z\"\/><\/svg><\/span><\/span><\/span><\/a><\/span><\/div>\n<nav><ul class='ez-toc-list ez-toc-list-level-1 eztoc-toggle-hide-by-default' ><li class='ez-toc-page-1 ez-toc-heading-level-2'><a class=\"ez-toc-link ez-toc-heading-1\" href=\"https:\/\/www.mobilier-design-occasion.fr\/magazine\/quand-lelegance-rencontre-lergonomie-pourquoi-je-suis-convaincu-que-votre-dressing-sur-mesure-doit-etre-une-signature-interieure\/#Ce_quil_faut_retenir\" >Ce qu&#8217;il faut retenir<\/a><\/li><li class='ez-toc-page-1 ez-toc-heading-level-2'><a class=\"ez-toc-link ez-toc-heading-2\" href=\"https:\/\/www.mobilier-design-occasion.fr\/magazine\/quand-lelegance-rencontre-lergonomie-pourquoi-je-suis-convaincu-que-votre-dressing-sur-mesure-doit-etre-une-signature-interieure\/#Un_%E2%80%9Chook%E2%80%9D_exclusif_pour_demarrer\" >Un &#8220;hook&#8221; exclusif pour d\u00e9marrer<\/a><\/li><li class='ez-toc-page-1 ez-toc-heading-level-2'><a class=\"ez-toc-link ez-toc-heading-3\" href=\"https:\/\/www.mobilier-design-occasion.fr\/magazine\/quand-lelegance-rencontre-lergonomie-pourquoi-je-suis-convaincu-que-votre-dressing-sur-mesure-doit-etre-une-signature-interieure\/#Pourquoi_je_vous_le_dis_lexpertise_selon_moi\" >Pourquoi je vous le dis : l\u2019expertise selon moi<\/a><ul class='ez-toc-list-level-3' ><li class='ez-toc-heading-level-3'><a class=\"ez-toc-link ez-toc-heading-4\" href=\"https:\/\/www.mobilier-design-occasion.fr\/magazine\/quand-lelegance-rencontre-lergonomie-pourquoi-je-suis-convaincu-que-votre-dressing-sur-mesure-doit-etre-une-signature-interieure\/#Sur%E2%80%91mesure_rime_avec_performance\" >Sur\u2011mesure rime avec performance<\/a><\/li><li class='ez-toc-page-1 ez-toc-heading-level-3'><a class=\"ez-toc-link ez-toc-heading-5\" href=\"https:\/\/www.mobilier-design-occasion.fr\/magazine\/quand-lelegance-rencontre-lergonomie-pourquoi-je-suis-convaincu-que-votre-dressing-sur-mesure-doit-etre-une-signature-interieure\/#Choisir_entre_dressing_ouvert_ou_ferme\" >Choisir entre dressing ouvert ou ferm\u00e9<\/a><\/li><li class='ez-toc-page-1 ez-toc-heading-level-3'><a class=\"ez-toc-link ez-toc-heading-6\" href=\"https:\/\/www.mobilier-design-occasion.fr\/magazine\/quand-lelegance-rencontre-lergonomie-pourquoi-je-suis-convaincu-que-votre-dressing-sur-mesure-doit-etre-une-signature-interieure\/#Les_configurations_intelligentes\" >Les configurations intelligentes<\/a><\/li><\/ul><\/li><li class='ez-toc-page-1 ez-toc-heading-level-2'><a class=\"ez-toc-link ez-toc-heading-7\" href=\"https:\/\/www.mobilier-design-occasion.fr\/magazine\/quand-lelegance-rencontre-lergonomie-pourquoi-je-suis-convaincu-que-votre-dressing-sur-mesure-doit-etre-une-signature-interieure\/#Laccompagnement_mono%E2%80%91interlocuteur_maxi_serenite\" >L\u2019accompagnement : mono\u2011interlocuteur, maxi s\u00e9r\u00e9nit\u00e9<\/a><\/li><li class='ez-toc-page-1 ez-toc-heading-level-2'><a class=\"ez-toc-link ez-toc-heading-8\" href=\"https:\/\/www.mobilier-design-occasion.fr\/magazine\/quand-lelegance-rencontre-lergonomie-pourquoi-je-suis-convaincu-que-votre-dressing-sur-mesure-doit-etre-une-signature-interieure\/#Et_si_on_parlait_dun_sujet_connexe_sans_conflit\" >Et si on parlait d\u2019un sujet connexe, sans conflit ?<\/a><\/li><li class='ez-toc-page-1 ez-toc-heading-level-2'><a class=\"ez-toc-link ez-toc-heading-9\" href=\"https:\/\/www.mobilier-design-occasion.fr\/magazine\/quand-lelegance-rencontre-lergonomie-pourquoi-je-suis-convaincu-que-votre-dressing-sur-mesure-doit-etre-une-signature-interieure\/#Mon_verdict_pourquoi_je_suis_sans_nuance\" >Mon verdict : pourquoi je suis sans nuance<\/a><\/li><\/ul><\/nav><\/div>\n\n\n\n\n<ol class=\"wp-block-list\">\n<li>Un <strong>dressing sur-mesure<\/strong>, c\u2019est l\u2019assurance d\u2019un am\u00e9nagement int\u00e9gralement adapt\u00e9 \u00e0 vos espaces et \u00e0 votre <a href=\"https:\/\/www.mobilier-design-occasion.fr\/magazine\/mobilier-vintage-les-styles-les-plus-prises\/\">style<\/a>.<\/li>\n\n\n\n<li>Deux approches dominantes selon vos attentes : <strong>dressing ouvert ou ferm\u00e9<\/strong>, \u00e0 am\u00e9nager selon votre quotidien.<\/li>\n\n\n\n<li>Les configurations en <strong>angle<\/strong>, <strong>en U<\/strong> ou <strong>dans la <a href=\"https:\/\/www.mobilier-design-occasion.fr\/magazine\/5-elements-pour-amenager-une-chambre-montessori\/\">chambre<\/a> parentale<\/strong> sont hyper efficaces pour exploiter chaque cm\u00b2.<\/li>\n\n\n\n<li>Avec un seul interlocuteur d\u00e9di\u00e9 de la conception \u00e0 la pose, vous \u00eates ma\u00eetre\u00b7sse de votre projet.<\/li>\n\n\n\n<li>Je suis persuad\u00e9 qu\u2019un <a href=\"https:\/\/www.mobilier-design-occasion.fr\/magazine\/test-avis-sur-la-redoute-interieurs-am-pm\/\">mobilier<\/a> personnalis\u00e9 est un investissement durable \u2014 solidaire, <a href=\"https:\/\/www.mobilier-design-occasion.fr\/magazine\/le-petit-lexique-du-mobilier-design\/\">esth\u00e9tique<\/a> et durable.<\/li>\n<\/ol>\n\n\n\n<figure class=\"wp-block-image size-large\"><img loading=\"lazy\" decoding=\"async\" width=\"1024\" height=\"347\" src=\"https:\/\/www.mobilier-design-occasion.fr\/magazine\/wp-content\/uploads\/2025\/09\/image-1-1024x347.png\" alt=\"\" class=\"wp-image-8483\" srcset=\"https:\/\/www.mobilier-design-occasion.fr\/magazine\/wp-content\/uploads\/2025\/09\/image-1-1024x347.png 1024w, https:\/\/www.mobilier-design-occasion.fr\/magazine\/wp-content\/uploads\/2025\/09\/image-1-300x102.png 300w, https:\/\/www.mobilier-design-occasion.fr\/magazine\/wp-content\/uploads\/2025\/09\/image-1-768x260.png 768w, https:\/\/www.mobilier-design-occasion.fr\/magazine\/wp-content\/uploads\/2025\/09\/image-1-810x274.png 810w, https:\/\/www.mobilier-design-occasion.fr\/magazine\/wp-content\/uploads\/2025\/09\/image-1-1140x386.png 1140w, https:\/\/www.mobilier-design-occasion.fr\/magazine\/wp-content\/uploads\/2025\/09\/image-1.png 1204w\" sizes=\"auto, (max-width: 1024px) 100vw, 1024px\" \/><\/figure>\n\n\n\n<hr class=\"wp-block-separator has-alpha-channel-opacity\"\/>\n\n\n\n<h2 class=\"wp-block-heading\"><span class=\"ez-toc-section\" id=\"Un_%E2%80%9Chook%E2%80%9D_exclusif_pour_demarrer\"><\/span>Un &#8220;hook&#8221; exclusif pour d\u00e9marrer<span class=\"ez-toc-section-end\"><\/span><\/h2>\n\n\n\n<p>Je suis convaincu qu\u2019un dressing n\u2019est plus seulement un <a href=\"https:\/\/www.mobilier-design-occasion.fr\/magazine\/decouvrez-le-cabinet-vintage-pour-exposer-vos-plus-belles-collections\/\">rangement<\/a>\u202f: c\u2019est une d\u00e9claration de style que vous portez chaque jour. Vous ne vous contentez pas d\u2019acheter un <a href=\"https:\/\/www.mobilier-design-occasion.fr\/magazine\/comment-entretenir-son-mobilier-design-au-quotidien-top-astuces\/\">meuble<\/a>, vous r\u00e9alisez un projet pens\u00e9 pour vous, jusque dans les finitions, avec un accompagnement dont je n\u2019ai rarement vu l\u2019\u00e9gal.<\/p>\n\n\n\n<hr class=\"wp-block-separator has-alpha-channel-opacity\"\/>\n\n\n\n<h2 class=\"wp-block-heading\"><span class=\"ez-toc-section\" id=\"Pourquoi_je_vous_le_dis_lexpertise_selon_moi\"><\/span>Pourquoi je vous le dis : l\u2019expertise selon moi<span class=\"ez-toc-section-end\"><\/span><\/h2>\n\n\n\n<h3 class=\"wp-block-heading\"><span class=\"ez-toc-section\" id=\"Sur%E2%80%91mesure_rime_avec_performance\"><\/span>Sur\u2011mesure rime avec performance<span class=\"ez-toc-section-end\"><\/span><\/h3>\n\n\n\n<p>Depuis plus de 30 ans, Quadro mise sur le <strong>100\u202f% sur\u2011mesure<\/strong>, pour chaque pi\u00e8ce de la maison, et surtout pour des dressings optimis\u00e9s <strong>au millim\u00e8tre pr\u00e8s<\/strong>, avec des mat\u00e9riaux et finitions raffin\u00e9s.<br>Je pense que c\u2019est un vrai levier de personnalisation\u202f: vous ne subissez plus les standards, vous devenez le cr\u00e9ateur.<\/p>\n\n\n\n<figure class=\"wp-block-image size-large\"><img loading=\"lazy\" decoding=\"async\" width=\"1024\" height=\"240\" src=\"https:\/\/www.mobilier-design-occasion.fr\/magazine\/wp-content\/uploads\/2025\/09\/image-2-1024x240.png\" alt=\"\" class=\"wp-image-8484\" srcset=\"https:\/\/www.mobilier-design-occasion.fr\/magazine\/wp-content\/uploads\/2025\/09\/image-2-1024x240.png 1024w, https:\/\/www.mobilier-design-occasion.fr\/magazine\/wp-content\/uploads\/2025\/09\/image-2-300x70.png 300w, https:\/\/www.mobilier-design-occasion.fr\/magazine\/wp-content\/uploads\/2025\/09\/image-2-768x180.png 768w, https:\/\/www.mobilier-design-occasion.fr\/magazine\/wp-content\/uploads\/2025\/09\/image-2-1536x361.png 1536w, https:\/\/www.mobilier-design-occasion.fr\/magazine\/wp-content\/uploads\/2025\/09\/image-2-810x190.png 810w, https:\/\/www.mobilier-design-occasion.fr\/magazine\/wp-content\/uploads\/2025\/09\/image-2-1140x268.png 1140w, https:\/\/www.mobilier-design-occasion.fr\/magazine\/wp-content\/uploads\/2025\/09\/image-2.png 1670w\" sizes=\"auto, (max-width: 1024px) 100vw, 1024px\" \/><\/figure>\n\n\n\n<h3 class=\"wp-block-heading\"><span class=\"ez-toc-section\" id=\"Choisir_entre_dressing_ouvert_ou_ferme\"><\/span>Choisir entre <strong>dressing ouvert ou ferm\u00e9<\/strong><span class=\"ez-toc-section-end\"><\/span><\/h3>\n\n\n\n<p>Je suis persuad\u00e9 qu\u2019il faut r\u00e9fl\u00e9chir \u00e0 deux options distinctes selon vos usages :<\/p>\n\n\n\n<ul class=\"wp-block-list\">\n<li><strong>Le dressing ferm\u00e9<\/strong> : parfait pour dissimuler vos affaires avec \u00e9l\u00e9gance. Pour moi, c\u2019est id\u00e9al si vous privil\u00e9giez une ligne d\u00e9co harmonieuse et un <a href=\"https:\/\/www.mobilier-design-occasion.fr\/magazine\/envie-dun-interieur-chic-ikea-revele-comment-et-cest-surprenant\/\">int\u00e9rieur<\/a> \u00e9pur\u00e9. Quadro vous propose portes coulissantes, battantes ou pivotantes, avec finitions personnalis\u00e9es, m\u00eame des impressions sur verre ou m\u00e9lamin\u00e9\u202f!<\/li>\n\n\n\n<li><strong>Le dressing ouvert<\/strong> : j\u2019adore cette option\u202f! Elle transforme le rangement en exposition \u2013 pensez aux tringles dor\u00e9es, au noir mat, ou aux paniers d\u00e9coratifs. C\u2019est un meuble qui vit, s\u2019ouvre, expose.<\/li>\n<\/ul>\n\n\n\n<h3 class=\"wp-block-heading\"><span class=\"ez-toc-section\" id=\"Les_configurations_intelligentes\"><\/span>Les configurations intelligentes<span class=\"ez-toc-section-end\"><\/span><\/h3>\n\n\n\n<p>Un bon am\u00e9nagement, selon moi, exploite chaque mur, chaque coin\u202f:<\/p>\n\n\n\n<figure class=\"wp-block-table\"><table class=\"has-fixed-layout\"><thead><tr><th>Configuration<\/th><th>Atout principal<\/th><\/tr><\/thead><tbody><tr><td><strong>Dressing d\u2019angle<\/strong><\/td><td>Optimise deux murs juxtapos\u00e9s \u2014 aucun espace gaspill\u00e9.<\/td><\/tr><tr><td><strong>Dressing en U<\/strong><\/td><td>Trois murs utiles, souvent avec possibilit\u00e9 d\u2019int\u00e9grer \u00eelot, coiffeuse, ou s\u00e9paration des v\u00eatements par type ou par personne.<\/td><\/tr><tr><td><strong>Dans la chambre parentale<\/strong><\/td><td>Le confort \u00e0 port\u00e9e de main. Un meuble pens\u00e9 pour vous sert aussi votre d\u00e9coration \u2014 meuble sous pente, lin\u00e9aire, en L, jusqu\u2019au plafond<\/td><\/tr><\/tbody><\/table><\/figure>\n\n\n\n<p>Je suis persuad\u00e9 que ce niveau de personnalisation change la vie au quotidien, et \u00e7a, ce n\u2019est pas un d\u00e9tail.<\/p>\n\n\n\n<figure class=\"wp-block-image size-large\"><img loading=\"lazy\" decoding=\"async\" width=\"1024\" height=\"277\" src=\"https:\/\/www.mobilier-design-occasion.fr\/magazine\/wp-content\/uploads\/2025\/09\/image-3-1024x277.png\" alt=\"\" class=\"wp-image-8485\" srcset=\"https:\/\/www.mobilier-design-occasion.fr\/magazine\/wp-content\/uploads\/2025\/09\/image-3-1024x277.png 1024w, https:\/\/www.mobilier-design-occasion.fr\/magazine\/wp-content\/uploads\/2025\/09\/image-3-300x81.png 300w, https:\/\/www.mobilier-design-occasion.fr\/magazine\/wp-content\/uploads\/2025\/09\/image-3-768x208.png 768w, https:\/\/www.mobilier-design-occasion.fr\/magazine\/wp-content\/uploads\/2025\/09\/image-3-810x219.png 810w, https:\/\/www.mobilier-design-occasion.fr\/magazine\/wp-content\/uploads\/2025\/09\/image-3-1140x308.png 1140w, https:\/\/www.mobilier-design-occasion.fr\/magazine\/wp-content\/uploads\/2025\/09\/image-3.png 1458w\" sizes=\"auto, (max-width: 1024px) 100vw, 1024px\" \/><\/figure>\n\n\n\n<hr class=\"wp-block-separator has-alpha-channel-opacity\"\/>\n\n\n\n<h2 class=\"wp-block-heading\"><span class=\"ez-toc-section\" id=\"Laccompagnement_mono%E2%80%91interlocuteur_maxi_serenite\"><\/span>L\u2019accompagnement : mono\u2011interlocuteur, maxi s\u00e9r\u00e9nit\u00e9 <span class=\"ez-toc-section-end\"><\/span><\/h2>\n\n\n\n<p>Je l\u2019affirme : avoir un <strong>charg\u00e9 de projet unique<\/strong> du d\u00e9but \u00e0 la fin, c\u2019est rassurant et rare. Vous \u00e9changez, ajustez, modifiez, et tout est suivi sans dispersion \u2014 mod\u00e9lisation 3D, showroom inspirant, fabrication artisanale et pose soign\u00e9e.<\/p>\n\n\n\n<hr class=\"wp-block-separator has-alpha-channel-opacity\"\/>\n\n\n\n<h2 class=\"wp-block-heading\"><span class=\"ez-toc-section\" id=\"Et_si_on_parlait_dun_sujet_connexe_sans_conflit\"><\/span>Et si on parlait d\u2019un sujet connexe, sans conflit ?<span class=\"ez-toc-section-end\"><\/span><\/h2>\n\n\n\n<p>Vous pourriez \u00e9galement explorer l\u2019<strong>am\u00e9nagement de meubles sur-mesure pour votre entr\u00e9e ou pi\u00e8ce de vie<\/strong> \u2013 une \u00e9tag\u00e8re-design ou un meuble d\u2019entr\u00e9e avec banc int\u00e9gr\u00e9, qui conjugue confort, rangement et style, tout en restant dans l\u2019univers <a href=\"https:\/\/www.mobilier-design-occasion.fr\/magazine\/table-tulipe-knoll-indemodable-du-design\/\">design<\/a>.<\/p>\n\n\n\n<hr class=\"wp-block-separator has-alpha-channel-opacity\"\/>\n\n\n\n<figure class=\"wp-block-image size-large\"><img loading=\"lazy\" decoding=\"async\" width=\"1024\" height=\"238\" src=\"https:\/\/www.mobilier-design-occasion.fr\/magazine\/wp-content\/uploads\/2025\/09\/image-4-1024x238.png\" alt=\"\" class=\"wp-image-8486\" srcset=\"https:\/\/www.mobilier-design-occasion.fr\/magazine\/wp-content\/uploads\/2025\/09\/image-4-1024x238.png 1024w, https:\/\/www.mobilier-design-occasion.fr\/magazine\/wp-content\/uploads\/2025\/09\/image-4-300x70.png 300w, https:\/\/www.mobilier-design-occasion.fr\/magazine\/wp-content\/uploads\/2025\/09\/image-4-768x179.png 768w, https:\/\/www.mobilier-design-occasion.fr\/magazine\/wp-content\/uploads\/2025\/09\/image-4-1536x358.png 1536w, https:\/\/www.mobilier-design-occasion.fr\/magazine\/wp-content\/uploads\/2025\/09\/image-4-810x189.png 810w, https:\/\/www.mobilier-design-occasion.fr\/magazine\/wp-content\/uploads\/2025\/09\/image-4-1140x265.png 1140w, https:\/\/www.mobilier-design-occasion.fr\/magazine\/wp-content\/uploads\/2025\/09\/image-4.png 1684w\" sizes=\"auto, (max-width: 1024px) 100vw, 1024px\" \/><\/figure>\n\n\n\n<h2 class=\"wp-block-heading\"><span class=\"ez-toc-section\" id=\"Mon_verdict_pourquoi_je_suis_sans_nuance\"><\/span>Mon verdict : pourquoi je suis sans nuance<span class=\"ez-toc-section-end\"><\/span><\/h2>\n\n\n\n<p>Je pense qu\u2019un <strong>dressing sur\u2011mesure<\/strong> n\u2019est pas juste un meuble, c\u2019est la touche d\u2019expertise qui fait la diff\u00e9rence entre un logement fonctionnel et un int\u00e9rieur inspirant. Vous m\u00e9ritez un espace \u00e0 votre image, beau, ergonomique, durable \u2014 et accompagn\u00e9 par de vrais professionnels. Vous ne copiez pas un catalogue, vous cr\u00e9ez votre projet.<\/p>\n\n\n\n<p>Alors, si vous envisagez de <a href=\"https:\/\/www.quadro.fr\/fr\/cent-pour-cent-de-la-maison\/dressing\" type=\"link\" id=\"https:\/\/www.quadro.fr\/fr\/cent-pour-cent-de-la-maison\/dressing\">am\u00e9nager un dressing<\/a> qui vous ressemble, je suis certain qu\u2019opter pour le sur-mesure, c\u2019est investir dans ce petit suppl\u00e9ment d\u2019\u00e2me que seul un vrai expert peut concr\u00e9tiser.<\/p>\n","protected":false},"excerpt":{"rendered":"<p>Ce qu&#8217;il faut retenir Un &#8220;hook&#8221; exclusif pour d\u00e9marrer Je suis convaincu qu\u2019un dressing n\u2019est plus seulement un rangement\u202f: c\u2019est une d\u00e9claration de style que vous portez chaque jour. Vous ne vous contentez pas d\u2019acheter un meuble, vous r\u00e9alisez un projet pens\u00e9 pour vous, jusque dans les finitions, avec un accompagnement dont je n\u2019ai rarement [&hellip;]<\/p>\n","protected":false},"author":2,"featured_media":8482,"comment_status":"open","ping_status":"open","sticky":false,"template":"","format":"standard","meta":{"footnotes":""},"categories":[8],"tags":[],"class_list":["post-8481","post","type-post","status-publish","format-standard","has-post-thumbnail","hentry","category-avis"],"yoast_head":"<!-- This site is optimized with the Yoast SEO plugin v27.5 - https:\/\/yoast.com\/product\/yoast-seo-wordpress\/ -->\n<title>Quand l\u2019\u00e9l\u00e9gance rencontre l\u2019ergonomie : pourquoi je suis convaincu que votre dressing sur\u2011mesure doit \u00eatre une signature int\u00e9rieure - Mobilier Design Magazine<\/title>\n<meta name=\"robots\" content=\"index, follow, max-snippet:-1, max-image-preview:large, max-video-preview:-1\" \/>\n<link rel=\"canonical\" href=\"https:\/\/www.mobilier-design-occasion.fr\/magazine\/quand-lelegance-rencontre-lergonomie-pourquoi-je-suis-convaincu-que-votre-dressing-sur-mesure-doit-etre-une-signature-interieure\/\" \/>\n<meta property=\"og:locale\" content=\"fr_FR\" \/>\n<meta property=\"og:type\" content=\"article\" \/>\n<meta property=\"og:title\" content=\"Quand l\u2019\u00e9l\u00e9gance rencontre l\u2019ergonomie : pourquoi je suis convaincu que votre dressing sur\u2011mesure doit \u00eatre une signature int\u00e9rieure - Mobilier Design Magazine\" \/>\n<meta property=\"og:description\" content=\"Ce qu&#8217;il faut retenir Un &#8220;hook&#8221; exclusif pour d\u00e9marrer Je suis convaincu qu\u2019un dressing n\u2019est plus seulement un rangement\u202f: c\u2019est une d\u00e9claration de style que vous portez chaque jour. Vous ne vous contentez pas d\u2019acheter un meuble, vous r\u00e9alisez un projet pens\u00e9 pour vous, jusque dans les finitions, avec un accompagnement dont je n\u2019ai rarement [&hellip;]\" \/>\n<meta property=\"og:url\" content=\"https:\/\/www.mobilier-design-occasion.fr\/magazine\/quand-lelegance-rencontre-lergonomie-pourquoi-je-suis-convaincu-que-votre-dressing-sur-mesure-doit-etre-une-signature-interieure\/\" \/>\n<meta property=\"og:site_name\" content=\"Mobilier Design Magazine\" \/>\n<meta property=\"article:publisher\" content=\"https:\/\/www.facebook.com\/mobilierdesignoccasion\" \/>\n<meta property=\"article:published_time\" content=\"2025-09-01T08:04:21+00:00\" \/>\n<meta property=\"article:modified_time\" content=\"2026-04-08T09:02:46+00:00\" \/>\n<meta property=\"og:image\" content=\"https:\/\/www.mobilier-design-occasion.fr\/magazine\/wp-content\/uploads\/2025\/09\/image-1024x1024.png\" \/>\n\t<meta property=\"og:image:width\" content=\"1024\" \/>\n\t<meta property=\"og:image:height\" content=\"1024\" \/>\n\t<meta property=\"og:image:type\" content=\"image\/png\" \/>\n<meta name=\"author\" content=\"Vincent Vandegans\" \/>\n<meta name=\"twitter:card\" content=\"summary_large_image\" \/>\n<meta name=\"twitter:label1\" content=\"\u00c9crit par\" \/>\n\t<meta name=\"twitter:data1\" content=\"Vincent Vandegans\" \/>\n\t<meta name=\"twitter:label2\" content=\"Dur\u00e9e de lecture estim\u00e9e\" \/>\n\t<meta name=\"twitter:data2\" content=\"4 minutes\" \/>\n<script type=\"application\/ld+json\" class=\"yoast-schema-graph\">{\"@context\":\"https:\\\/\\\/schema.org\",\"@graph\":[{\"@type\":\"Article\",\"@id\":\"https:\\\/\\\/www.mobilier-design-occasion.fr\\\/magazine\\\/quand-lelegance-rencontre-lergonomie-pourquoi-je-suis-convaincu-que-votre-dressing-sur-mesure-doit-etre-une-signature-interieure\\\/#article\",\"isPartOf\":{\"@id\":\"https:\\\/\\\/www.mobilier-design-occasion.fr\\\/magazine\\\/quand-lelegance-rencontre-lergonomie-pourquoi-je-suis-convaincu-que-votre-dressing-sur-mesure-doit-etre-une-signature-interieure\\\/\"},\"author\":{\"name\":\"Vincent Vandegans\",\"@id\":\"https:\\\/\\\/www.mobilier-design-occasion.fr\\\/magazine\\\/#\\\/schema\\\/person\\\/af895bedc80bfb6b17730a672fddac9e\"},\"headline\":\"Quand l\u2019\u00e9l\u00e9gance rencontre l\u2019ergonomie : pourquoi je suis convaincu que votre dressing sur\u2011mesure doit \u00eatre une signature int\u00e9rieure\",\"datePublished\":\"2025-09-01T08:04:21+00:00\",\"dateModified\":\"2026-04-08T09:02:46+00:00\",\"mainEntityOfPage\":{\"@id\":\"https:\\\/\\\/www.mobilier-design-occasion.fr\\\/magazine\\\/quand-lelegance-rencontre-lergonomie-pourquoi-je-suis-convaincu-que-votre-dressing-sur-mesure-doit-etre-une-signature-interieure\\\/\"},\"wordCount\":669,\"commentCount\":0,\"publisher\":{\"@id\":\"https:\\\/\\\/www.mobilier-design-occasion.fr\\\/magazine\\\/#organization\"},\"image\":{\"@id\":\"https:\\\/\\\/www.mobilier-design-occasion.fr\\\/magazine\\\/quand-lelegance-rencontre-lergonomie-pourquoi-je-suis-convaincu-que-votre-dressing-sur-mesure-doit-etre-une-signature-interieure\\\/#primaryimage\"},\"thumbnailUrl\":\"https:\\\/\\\/www.mobilier-design-occasion.fr\\\/magazine\\\/wp-content\\\/uploads\\\/2025\\\/09\\\/image.png\",\"articleSection\":[\"Avis marques d\u00e9co\"],\"inLanguage\":\"fr-FR\",\"potentialAction\":[{\"@type\":\"CommentAction\",\"name\":\"Comment\",\"target\":[\"https:\\\/\\\/www.mobilier-design-occasion.fr\\\/magazine\\\/quand-lelegance-rencontre-lergonomie-pourquoi-je-suis-convaincu-que-votre-dressing-sur-mesure-doit-etre-une-signature-interieure\\\/#respond\"]}]},{\"@type\":\"WebPage\",\"@id\":\"https:\\\/\\\/www.mobilier-design-occasion.fr\\\/magazine\\\/quand-lelegance-rencontre-lergonomie-pourquoi-je-suis-convaincu-que-votre-dressing-sur-mesure-doit-etre-une-signature-interieure\\\/\",\"url\":\"https:\\\/\\\/www.mobilier-design-occasion.fr\\\/magazine\\\/quand-lelegance-rencontre-lergonomie-pourquoi-je-suis-convaincu-que-votre-dressing-sur-mesure-doit-etre-une-signature-interieure\\\/\",\"name\":\"Quand l\u2019\u00e9l\u00e9gance rencontre l\u2019ergonomie : pourquoi je suis convaincu que votre dressing sur\u2011mesure doit \u00eatre une signature int\u00e9rieure - Mobilier Design Magazine\",\"isPartOf\":{\"@id\":\"https:\\\/\\\/www.mobilier-design-occasion.fr\\\/magazine\\\/#website\"},\"primaryImageOfPage\":{\"@id\":\"https:\\\/\\\/www.mobilier-design-occasion.fr\\\/magazine\\\/quand-lelegance-rencontre-lergonomie-pourquoi-je-suis-convaincu-que-votre-dressing-sur-mesure-doit-etre-une-signature-interieure\\\/#primaryimage\"},\"image\":{\"@id\":\"https:\\\/\\\/www.mobilier-design-occasion.fr\\\/magazine\\\/quand-lelegance-rencontre-lergonomie-pourquoi-je-suis-convaincu-que-votre-dressing-sur-mesure-doit-etre-une-signature-interieure\\\/#primaryimage\"},\"thumbnailUrl\":\"https:\\\/\\\/www.mobilier-design-occasion.fr\\\/magazine\\\/wp-content\\\/uploads\\\/2025\\\/09\\\/image.png\",\"datePublished\":\"2025-09-01T08:04:21+00:00\",\"dateModified\":\"2026-04-08T09:02:46+00:00\",\"breadcrumb\":{\"@id\":\"https:\\\/\\\/www.mobilier-design-occasion.fr\\\/magazine\\\/quand-lelegance-rencontre-lergonomie-pourquoi-je-suis-convaincu-que-votre-dressing-sur-mesure-doit-etre-une-signature-interieure\\\/#breadcrumb\"},\"inLanguage\":\"fr-FR\",\"potentialAction\":[{\"@type\":\"ReadAction\",\"target\":[\"https:\\\/\\\/www.mobilier-design-occasion.fr\\\/magazine\\\/quand-lelegance-rencontre-lergonomie-pourquoi-je-suis-convaincu-que-votre-dressing-sur-mesure-doit-etre-une-signature-interieure\\\/\"]}]},{\"@type\":\"ImageObject\",\"inLanguage\":\"fr-FR\",\"@id\":\"https:\\\/\\\/www.mobilier-design-occasion.fr\\\/magazine\\\/quand-lelegance-rencontre-lergonomie-pourquoi-je-suis-convaincu-que-votre-dressing-sur-mesure-doit-etre-une-signature-interieure\\\/#primaryimage\",\"url\":\"https:\\\/\\\/www.mobilier-design-occasion.fr\\\/magazine\\\/wp-content\\\/uploads\\\/2025\\\/09\\\/image.png\",\"contentUrl\":\"https:\\\/\\\/www.mobilier-design-occasion.fr\\\/magazine\\\/wp-content\\\/uploads\\\/2025\\\/09\\\/image.png\",\"width\":1400,\"height\":1400},{\"@type\":\"BreadcrumbList\",\"@id\":\"https:\\\/\\\/www.mobilier-design-occasion.fr\\\/magazine\\\/quand-lelegance-rencontre-lergonomie-pourquoi-je-suis-convaincu-que-votre-dressing-sur-mesure-doit-etre-une-signature-interieure\\\/#breadcrumb\",\"itemListElement\":[{\"@type\":\"ListItem\",\"position\":1,\"name\":\"Accueil\",\"item\":\"https:\\\/\\\/www.mobilier-design-occasion.fr\\\/magazine\\\/\"},{\"@type\":\"ListItem\",\"position\":2,\"name\":\"Quand l\u2019\u00e9l\u00e9gance rencontre l\u2019ergonomie : pourquoi je suis convaincu que votre dressing sur\u2011mesure doit \u00eatre une signature int\u00e9rieure\"}]},{\"@type\":\"WebSite\",\"@id\":\"https:\\\/\\\/www.mobilier-design-occasion.fr\\\/magazine\\\/#website\",\"url\":\"https:\\\/\\\/www.mobilier-design-occasion.fr\\\/magazine\\\/\",\"name\":\"Mobilier Design Magazine\",\"description\":\"\",\"publisher\":{\"@id\":\"https:\\\/\\\/www.mobilier-design-occasion.fr\\\/magazine\\\/#organization\"},\"potentialAction\":[{\"@type\":\"SearchAction\",\"target\":{\"@type\":\"EntryPoint\",\"urlTemplate\":\"https:\\\/\\\/www.mobilier-design-occasion.fr\\\/magazine\\\/?s={search_term_string}\"},\"query-input\":{\"@type\":\"PropertyValueSpecification\",\"valueRequired\":true,\"valueName\":\"search_term_string\"}}],\"inLanguage\":\"fr-FR\"},{\"@type\":\"Organization\",\"@id\":\"https:\\\/\\\/www.mobilier-design-occasion.fr\\\/magazine\\\/#organization\",\"name\":\"Mobilier Design Magazine\",\"url\":\"https:\\\/\\\/www.mobilier-design-occasion.fr\\\/magazine\\\/\",\"logo\":{\"@type\":\"ImageObject\",\"inLanguage\":\"fr-FR\",\"@id\":\"https:\\\/\\\/www.mobilier-design-occasion.fr\\\/magazine\\\/#\\\/schema\\\/logo\\\/image\\\/\",\"url\":\"https:\\\/\\\/www.mobilier-design-occasion.fr\\\/magazine\\\/wp-content\\\/uploads\\\/2024\\\/02\\\/android-chrome-192x192-1.png\",\"contentUrl\":\"https:\\\/\\\/www.mobilier-design-occasion.fr\\\/magazine\\\/wp-content\\\/uploads\\\/2024\\\/02\\\/android-chrome-192x192-1.png\",\"width\":192,\"height\":192,\"caption\":\"Mobilier Design Magazine\"},\"image\":{\"@id\":\"https:\\\/\\\/www.mobilier-design-occasion.fr\\\/magazine\\\/#\\\/schema\\\/logo\\\/image\\\/\"},\"sameAs\":[\"https:\\\/\\\/www.facebook.com\\\/mobilierdesignoccasion\"]},{\"@type\":\"Person\",\"@id\":\"https:\\\/\\\/www.mobilier-design-occasion.fr\\\/magazine\\\/#\\\/schema\\\/person\\\/af895bedc80bfb6b17730a672fddac9e\",\"name\":\"Vincent Vandegans\",\"image\":{\"@type\":\"ImageObject\",\"inLanguage\":\"fr-FR\",\"@id\":\"https:\\\/\\\/secure.gravatar.com\\\/avatar\\\/b984800dabdf722d5e3f03f637c8932dea77d81118467d17ad2953e3b273ec66?s=96&d=mm&r=g\",\"url\":\"https:\\\/\\\/secure.gravatar.com\\\/avatar\\\/b984800dabdf722d5e3f03f637c8932dea77d81118467d17ad2953e3b273ec66?s=96&d=mm&r=g\",\"contentUrl\":\"https:\\\/\\\/secure.gravatar.com\\\/avatar\\\/b984800dabdf722d5e3f03f637c8932dea77d81118467d17ad2953e3b273ec66?s=96&d=mm&r=g\",\"caption\":\"Vincent Vandegans\"},\"description\":\"Vincent est passionn\u00e9 par les produits d'occasion, il a ouvert le site MDO avec Cyrielle pour aider les gens \u00e0 trouver du mobilier d'occasion, vintage ou usag\u00e9. Depuis, ils ont \u00e9tendu leurs activit\u00e9s et conseillent tout le monde sur le mobilier d'int\u00e9rieur et d'ext\u00e9rieur au quotidien \u00e0 travers le magazine MDO.\",\"url\":\"https:\\\/\\\/www.mobilier-design-occasion.fr\\\/magazine\\\/author\\\/vincent\\\/\"}]}<\/script>\n<!-- \/ Yoast SEO plugin. -->","yoast_head_json":{"title":"Quand l\u2019\u00e9l\u00e9gance rencontre l\u2019ergonomie : pourquoi je suis convaincu que votre dressing sur\u2011mesure doit \u00eatre une signature int\u00e9rieure - Mobilier Design Magazine","robots":{"index":"index","follow":"follow","max-snippet":"max-snippet:-1","max-image-preview":"max-image-preview:large","max-video-preview":"max-video-preview:-1"},"canonical":"https:\/\/www.mobilier-design-occasion.fr\/magazine\/quand-lelegance-rencontre-lergonomie-pourquoi-je-suis-convaincu-que-votre-dressing-sur-mesure-doit-etre-une-signature-interieure\/","og_locale":"fr_FR","og_type":"article","og_title":"Quand l\u2019\u00e9l\u00e9gance rencontre l\u2019ergonomie : pourquoi je suis convaincu que votre dressing sur\u2011mesure doit \u00eatre une signature int\u00e9rieure - Mobilier Design Magazine","og_description":"Ce qu&#8217;il faut retenir Un &#8220;hook&#8221; exclusif pour d\u00e9marrer Je suis convaincu qu\u2019un dressing n\u2019est plus seulement un rangement\u202f: c\u2019est une d\u00e9claration de style que vous portez chaque jour. Vous ne vous contentez pas d\u2019acheter un meuble, vous r\u00e9alisez un projet pens\u00e9 pour vous, jusque dans les finitions, avec un accompagnement dont je n\u2019ai rarement [&hellip;]","og_url":"https:\/\/www.mobilier-design-occasion.fr\/magazine\/quand-lelegance-rencontre-lergonomie-pourquoi-je-suis-convaincu-que-votre-dressing-sur-mesure-doit-etre-une-signature-interieure\/","og_site_name":"Mobilier Design Magazine","article_publisher":"https:\/\/www.facebook.com\/mobilierdesignoccasion","article_published_time":"2025-09-01T08:04:21+00:00","article_modified_time":"2026-04-08T09:02:46+00:00","og_image":[{"width":1024,"height":1024,"url":"https:\/\/www.mobilier-design-occasion.fr\/magazine\/wp-content\/uploads\/2025\/09\/image-1024x1024.png","type":"image\/png"}],"author":"Vincent Vandegans","twitter_card":"summary_large_image","twitter_misc":{"\u00c9crit par":"Vincent Vandegans","Dur\u00e9e de lecture estim\u00e9e":"4 minutes"},"schema":{"@context":"https:\/\/schema.org","@graph":[{"@type":"Article","@id":"https:\/\/www.mobilier-design-occasion.fr\/magazine\/quand-lelegance-rencontre-lergonomie-pourquoi-je-suis-convaincu-que-votre-dressing-sur-mesure-doit-etre-une-signature-interieure\/#article","isPartOf":{"@id":"https:\/\/www.mobilier-design-occasion.fr\/magazine\/quand-lelegance-rencontre-lergonomie-pourquoi-je-suis-convaincu-que-votre-dressing-sur-mesure-doit-etre-une-signature-interieure\/"},"author":{"name":"Vincent Vandegans","@id":"https:\/\/www.mobilier-design-occasion.fr\/magazine\/#\/schema\/person\/af895bedc80bfb6b17730a672fddac9e"},"headline":"Quand l\u2019\u00e9l\u00e9gance rencontre l\u2019ergonomie : pourquoi je suis convaincu que votre dressing sur\u2011mesure doit \u00eatre une signature int\u00e9rieure","datePublished":"2025-09-01T08:04:21+00:00","dateModified":"2026-04-08T09:02:46+00:00","mainEntityOfPage":{"@id":"https:\/\/www.mobilier-design-occasion.fr\/magazine\/quand-lelegance-rencontre-lergonomie-pourquoi-je-suis-convaincu-que-votre-dressing-sur-mesure-doit-etre-une-signature-interieure\/"},"wordCount":669,"commentCount":0,"publisher":{"@id":"https:\/\/www.mobilier-design-occasion.fr\/magazine\/#organization"},"image":{"@id":"https:\/\/www.mobilier-design-occasion.fr\/magazine\/quand-lelegance-rencontre-lergonomie-pourquoi-je-suis-convaincu-que-votre-dressing-sur-mesure-doit-etre-une-signature-interieure\/#primaryimage"},"thumbnailUrl":"https:\/\/www.mobilier-design-occasion.fr\/magazine\/wp-content\/uploads\/2025\/09\/image.png","articleSection":["Avis marques d\u00e9co"],"inLanguage":"fr-FR","potentialAction":[{"@type":"CommentAction","name":"Comment","target":["https:\/\/www.mobilier-design-occasion.fr\/magazine\/quand-lelegance-rencontre-lergonomie-pourquoi-je-suis-convaincu-que-votre-dressing-sur-mesure-doit-etre-une-signature-interieure\/#respond"]}]},{"@type":"WebPage","@id":"https:\/\/www.mobilier-design-occasion.fr\/magazine\/quand-lelegance-rencontre-lergonomie-pourquoi-je-suis-convaincu-que-votre-dressing-sur-mesure-doit-etre-une-signature-interieure\/","url":"https:\/\/www.mobilier-design-occasion.fr\/magazine\/quand-lelegance-rencontre-lergonomie-pourquoi-je-suis-convaincu-que-votre-dressing-sur-mesure-doit-etre-une-signature-interieure\/","name":"Quand l\u2019\u00e9l\u00e9gance rencontre l\u2019ergonomie : pourquoi je suis convaincu que votre dressing sur\u2011mesure doit \u00eatre une signature int\u00e9rieure - Mobilier Design Magazine","isPartOf":{"@id":"https:\/\/www.mobilier-design-occasion.fr\/magazine\/#website"},"primaryImageOfPage":{"@id":"https:\/\/www.mobilier-design-occasion.fr\/magazine\/quand-lelegance-rencontre-lergonomie-pourquoi-je-suis-convaincu-que-votre-dressing-sur-mesure-doit-etre-une-signature-interieure\/#primaryimage"},"image":{"@id":"https:\/\/www.mobilier-design-occasion.fr\/magazine\/quand-lelegance-rencontre-lergonomie-pourquoi-je-suis-convaincu-que-votre-dressing-sur-mesure-doit-etre-une-signature-interieure\/#primaryimage"},"thumbnailUrl":"https:\/\/www.mobilier-design-occasion.fr\/magazine\/wp-content\/uploads\/2025\/09\/image.png","datePublished":"2025-09-01T08:04:21+00:00","dateModified":"2026-04-08T09:02:46+00:00","breadcrumb":{"@id":"https:\/\/www.mobilier-design-occasion.fr\/magazine\/quand-lelegance-rencontre-lergonomie-pourquoi-je-suis-convaincu-que-votre-dressing-sur-mesure-doit-etre-une-signature-interieure\/#breadcrumb"},"inLanguage":"fr-FR","potentialAction":[{"@type":"ReadAction","target":["https:\/\/www.mobilier-design-occasion.fr\/magazine\/quand-lelegance-rencontre-lergonomie-pourquoi-je-suis-convaincu-que-votre-dressing-sur-mesure-doit-etre-une-signature-interieure\/"]}]},{"@type":"ImageObject","inLanguage":"fr-FR","@id":"https:\/\/www.mobilier-design-occasion.fr\/magazine\/quand-lelegance-rencontre-lergonomie-pourquoi-je-suis-convaincu-que-votre-dressing-sur-mesure-doit-etre-une-signature-interieure\/#primaryimage","url":"https:\/\/www.mobilier-design-occasion.fr\/magazine\/wp-content\/uploads\/2025\/09\/image.png","contentUrl":"https:\/\/www.mobilier-design-occasion.fr\/magazine\/wp-content\/uploads\/2025\/09\/image.png","width":1400,"height":1400},{"@type":"BreadcrumbList","@id":"https:\/\/www.mobilier-design-occasion.fr\/magazine\/quand-lelegance-rencontre-lergonomie-pourquoi-je-suis-convaincu-que-votre-dressing-sur-mesure-doit-etre-une-signature-interieure\/#breadcrumb","itemListElement":[{"@type":"ListItem","position":1,"name":"Accueil","item":"https:\/\/www.mobilier-design-occasion.fr\/magazine\/"},{"@type":"ListItem","position":2,"name":"Quand l\u2019\u00e9l\u00e9gance rencontre l\u2019ergonomie : pourquoi je suis convaincu que votre dressing sur\u2011mesure doit \u00eatre une signature int\u00e9rieure"}]},{"@type":"WebSite","@id":"https:\/\/www.mobilier-design-occasion.fr\/magazine\/#website","url":"https:\/\/www.mobilier-design-occasion.fr\/magazine\/","name":"Mobilier Design Magazine","description":"","publisher":{"@id":"https:\/\/www.mobilier-design-occasion.fr\/magazine\/#organization"},"potentialAction":[{"@type":"SearchAction","target":{"@type":"EntryPoint","urlTemplate":"https:\/\/www.mobilier-design-occasion.fr\/magazine\/?s={search_term_string}"},"query-input":{"@type":"PropertyValueSpecification","valueRequired":true,"valueName":"search_term_string"}}],"inLanguage":"fr-FR"},{"@type":"Organization","@id":"https:\/\/www.mobilier-design-occasion.fr\/magazine\/#organization","name":"Mobilier Design Magazine","url":"https:\/\/www.mobilier-design-occasion.fr\/magazine\/","logo":{"@type":"ImageObject","inLanguage":"fr-FR","@id":"https:\/\/www.mobilier-design-occasion.fr\/magazine\/#\/schema\/logo\/image\/","url":"https:\/\/www.mobilier-design-occasion.fr\/magazine\/wp-content\/uploads\/2024\/02\/android-chrome-192x192-1.png","contentUrl":"https:\/\/www.mobilier-design-occasion.fr\/magazine\/wp-content\/uploads\/2024\/02\/android-chrome-192x192-1.png","width":192,"height":192,"caption":"Mobilier Design Magazine"},"image":{"@id":"https:\/\/www.mobilier-design-occasion.fr\/magazine\/#\/schema\/logo\/image\/"},"sameAs":["https:\/\/www.facebook.com\/mobilierdesignoccasion"]},{"@type":"Person","@id":"https:\/\/www.mobilier-design-occasion.fr\/magazine\/#\/schema\/person\/af895bedc80bfb6b17730a672fddac9e","name":"Vincent Vandegans","image":{"@type":"ImageObject","inLanguage":"fr-FR","@id":"https:\/\/secure.gravatar.com\/avatar\/b984800dabdf722d5e3f03f637c8932dea77d81118467d17ad2953e3b273ec66?s=96&d=mm&r=g","url":"https:\/\/secure.gravatar.com\/avatar\/b984800dabdf722d5e3f03f637c8932dea77d81118467d17ad2953e3b273ec66?s=96&d=mm&r=g","contentUrl":"https:\/\/secure.gravatar.com\/avatar\/b984800dabdf722d5e3f03f637c8932dea77d81118467d17ad2953e3b273ec66?s=96&d=mm&r=g","caption":"Vincent Vandegans"},"description":"Vincent est passionn\u00e9 par les produits d'occasion, il a ouvert le site MDO avec Cyrielle pour aider les gens \u00e0 trouver du mobilier d'occasion, vintage ou usag\u00e9. Depuis, ils ont \u00e9tendu leurs activit\u00e9s et conseillent tout le monde sur le mobilier d'int\u00e9rieur et d'ext\u00e9rieur au quotidien \u00e0 travers le magazine MDO.","url":"https:\/\/www.mobilier-design-occasion.fr\/magazine\/author\/vincent\/"}]}},"_links":{"self":[{"href":"https:\/\/www.mobilier-design-occasion.fr\/magazine\/wp-json\/wp\/v2\/posts\/8481","targetHints":{"allow":["GET"]}}],"collection":[{"href":"https:\/\/www.mobilier-design-occasion.fr\/magazine\/wp-json\/wp\/v2\/posts"}],"about":[{"href":"https:\/\/www.mobilier-design-occasion.fr\/magazine\/wp-json\/wp\/v2\/types\/post"}],"author":[{"embeddable":true,"href":"https:\/\/www.mobilier-design-occasion.fr\/magazine\/wp-json\/wp\/v2\/users\/2"}],"replies":[{"embeddable":true,"href":"https:\/\/www.mobilier-design-occasion.fr\/magazine\/wp-json\/wp\/v2\/comments?post=8481"}],"version-history":[{"count":2,"href":"https:\/\/www.mobilier-design-occasion.fr\/magazine\/wp-json\/wp\/v2\/posts\/8481\/revisions"}],"predecessor-version":[{"id":8918,"href":"https:\/\/www.mobilier-design-occasion.fr\/magazine\/wp-json\/wp\/v2\/posts\/8481\/revisions\/8918"}],"wp:featuredmedia":[{"embeddable":true,"href":"https:\/\/www.mobilier-design-occasion.fr\/magazine\/wp-json\/wp\/v2\/media\/8482"}],"wp:attachment":[{"href":"https:\/\/www.mobilier-design-occasion.fr\/magazine\/wp-json\/wp\/v2\/media?parent=8481"}],"wp:term":[{"taxonomy":"category","embeddable":true,"href":"https:\/\/www.mobilier-design-occasion.fr\/magazine\/wp-json\/wp\/v2\/categories?post=8481"},{"taxonomy":"post_tag","embeddable":true,"href":"https:\/\/www.mobilier-design-occasion.fr\/magazine\/wp-json\/wp\/v2\/tags?post=8481"}],"curies":[{"name":"wp","href":"https:\/\/api.w.org\/{rel}","templated":true}]}}