{"id":8478,"date":"2025-08-31T16:15:26","date_gmt":"2025-08-31T16:15:26","guid":{"rendered":"https:\/\/www.mobilier-design-occasion.fr\/magazine\/?p=8478"},"modified":"2025-08-31T16:15:26","modified_gmt":"2025-08-31T16:15:26","slug":"meuble-de-salon-ce-que-90-des-gens-ratent-quand-ils-choisissent-leur-mobilier","status":"publish","type":"post","link":"https:\/\/www.mobilier-design-occasion.fr\/magazine\/meuble-de-salon-ce-que-90-des-gens-ratent-quand-ils-choisissent-leur-mobilier\/","title":{"rendered":"Meuble de salon : Ce que 90% des gens ratent quand ils choisissent leur mobilier"},"content":{"rendered":"\n<h2 class=\"wp-block-heading\"><span class=\"ez-toc-section\" id=\"Ce_quil_faut_retenir\"><\/span>Ce qu\u2019il faut retenir<span class=\"ez-toc-section-end\"><\/span><\/h2><div id=\"ez-toc-container\" class=\"ez-toc-v2_0_82_2 counter-hierarchy ez-toc-counter ez-toc-grey ez-toc-container-direction\">\n<div class=\"ez-toc-title-container\">\n<span class=\"ez-toc-title-toggle\"><a href=\"#\" class=\"ez-toc-pull-right ez-toc-btn ez-toc-btn-xs ez-toc-btn-default ez-toc-toggle\" aria-label=\"Toggle Table of Content\"><span class=\"ez-toc-js-icon-con\"><span class=\"\"><span class=\"eztoc-hide\" style=\"display:none;\">Toggle<\/span><span class=\"ez-toc-icon-toggle-span\"><svg style=\"fill: #999;color:#999\" xmlns=\"http:\/\/www.w3.org\/2000\/svg\" class=\"list-377408\" width=\"20px\" height=\"20px\" viewBox=\"0 0 24 24\" fill=\"none\"><path d=\"M6 6H4v2h2V6zm14 0H8v2h12V6zM4 11h2v2H4v-2zm16 0H8v2h12v-2zM4 16h2v2H4v-2zm16 0H8v2h12v-2z\" fill=\"currentColor\"><\/path><\/svg><svg style=\"fill: #999;color:#999\" class=\"arrow-unsorted-368013\" xmlns=\"http:\/\/www.w3.org\/2000\/svg\" width=\"10px\" height=\"10px\" viewBox=\"0 0 24 24\" version=\"1.2\" baseProfile=\"tiny\"><path d=\"M18.2 9.3l-6.2-6.3-6.2 6.3c-.2.2-.3.4-.3.7s.1.5.3.7c.2.2.4.3.7.3h11c.3 0 .5-.1.7-.3.2-.2.3-.5.3-.7s-.1-.5-.3-.7zM5.8 14.7l6.2 6.3 6.2-6.3c.2-.2.3-.5.3-.7s-.1-.5-.3-.7c-.2-.2-.4-.3-.7-.3h-11c-.3 0-.5.1-.7.3-.2.2-.3.5-.3.7s.1.5.3.7z\"\/><\/svg><\/span><\/span><\/span><\/a><\/span><\/div>\n<nav><ul class='ez-toc-list ez-toc-list-level-1 eztoc-toggle-hide-by-default' ><li class='ez-toc-page-1 ez-toc-heading-level-2'><a class=\"ez-toc-link ez-toc-heading-1\" href=\"https:\/\/www.mobilier-design-occasion.fr\/magazine\/meuble-de-salon-ce-que-90-des-gens-ratent-quand-ils-choisissent-leur-mobilier\/#Ce_quil_faut_retenir\" >Ce qu\u2019il faut retenir<\/a><\/li><li class='ez-toc-page-1 ez-toc-heading-level-2'><a class=\"ez-toc-link ez-toc-heading-2\" href=\"https:\/\/www.mobilier-design-occasion.fr\/magazine\/meuble-de-salon-ce-que-90-des-gens-ratent-quand-ils-choisissent-leur-mobilier\/#%F0%9F%A7%A0_Pourquoi_jai_arrete_de_me_focaliser_sur_le_canape\" >\ud83e\udde0 Pourquoi j\u2019ai arr\u00eat\u00e9 de me focaliser sur le canap\u00e9<\/a><\/li><li class='ez-toc-page-1 ez-toc-heading-level-2'><a class=\"ez-toc-link ez-toc-heading-3\" href=\"https:\/\/www.mobilier-design-occasion.fr\/magazine\/meuble-de-salon-ce-que-90-des-gens-ratent-quand-ils-choisissent-leur-mobilier\/#%F0%9F%A7%A9_Les_meubles_essentiels_du_salon_le_trio_gagnant\" >\ud83e\udde9 Les meubles essentiels du salon : le trio gagnant<\/a><\/li><li class='ez-toc-page-1 ez-toc-heading-level-2'><a class=\"ez-toc-link ez-toc-heading-4\" href=\"https:\/\/www.mobilier-design-occasion.fr\/magazine\/meuble-de-salon-ce-que-90-des-gens-ratent-quand-ils-choisissent-leur-mobilier\/#%F0%9F%9A%AB_Erreurs_que_je_vois_tous_les_jours_et_qui_ruinent_un_salon\" >\ud83d\udeab Erreurs que je vois tous les jours (et qui ruinent un salon)<\/a><\/li><li class='ez-toc-page-1 ez-toc-heading-level-2'><a class=\"ez-toc-link ez-toc-heading-5\" href=\"https:\/\/www.mobilier-design-occasion.fr\/magazine\/meuble-de-salon-ce-que-90-des-gens-ratent-quand-ils-choisissent-leur-mobilier\/#%E2%9C%85_Ou_acheter_sans_se_faire_avoir\" >\u2705 O\u00f9 acheter sans se faire avoir ?<\/a><\/li><li class='ez-toc-page-1 ez-toc-heading-level-2'><a class=\"ez-toc-link ez-toc-heading-6\" href=\"https:\/\/www.mobilier-design-occasion.fr\/magazine\/meuble-de-salon-ce-que-90-des-gens-ratent-quand-ils-choisissent-leur-mobilier\/#%F0%9F%92%AC_Mon_avis_tranche\" >\ud83d\udcac Mon avis tranch\u00e9<\/a><\/li><\/ul><\/nav><\/div>\n\n\n\n\n<ol class=\"wp-block-list\">\n<li>Le <a href=\"https:\/\/www.mobilier-design-occasion.fr\/magazine\/test-avis-sur-poltronesofa\/\">canap\u00e9<\/a> n\u2019est <strong>pas<\/strong> le roi du <a href=\"https:\/\/www.mobilier-design-occasion.fr\/magazine\/tendances-2024-choisir-les-meubles-parfaits-pour-chaque-piece-de-votre-maison\/\">salon<\/a> : c\u2019est l\u2019ensemble des meubles qui cr\u00e9e l\u2019harmonie.<\/li>\n\n\n\n<li>Une <a href=\"https:\/\/www.mobilier-design-occasion.fr\/magazine\/devoilez-le-secret-de-lelegance-dans-votre-espace-de-travail\/\">table<\/a> basse mal proportionn\u00e9e peut ruiner toute la circulation d\u2019une pi\u00e8ce.<\/li>\n\n\n\n<li>La majorit\u00e9 des salons manquent de <strong><a href=\"https:\/\/www.mobilier-design-occasion.fr\/magazine\/decouvrez-le-cabinet-vintage-pour-exposer-vos-plus-belles-collections\/\">rangement<\/a> <a href=\"https:\/\/www.mobilier-design-occasion.fr\/magazine\/le-petit-lexique-du-mobilier-design\/\">esth\u00e9tique<\/a><\/strong>.<\/li>\n\n\n\n<li>L\u2019achat d\u2019occasion est un pi\u00e8ge <strong>si vous ne connaissez pas les bonnes marques<\/strong>.<\/li>\n\n\n\n<li><a href=\"https:\/\/www.vente-unique.com\/c\/meuble-de-salon\">https:\/\/www.vente-unique.com\/c\/meuble-de-salon<\/a> propose des ensembles salon coh\u00e9rents, sans faire exploser votre budget.<\/li>\n<\/ol>\n\n\n\n<hr class=\"wp-block-separator has-alpha-channel-opacity\"\/>\n\n\n\n<h2 class=\"wp-block-heading\"><span class=\"ez-toc-section\" id=\"%F0%9F%A7%A0_Pourquoi_jai_arrete_de_me_focaliser_sur_le_canape\"><\/span>\ud83e\udde0 Pourquoi j\u2019ai arr\u00eat\u00e9 de me focaliser sur le canap\u00e9<span class=\"ez-toc-section-end\"><\/span><\/h2>\n\n\n\n<p>Pendant des ann\u00e9es, j\u2019ai cru que le canap\u00e9 \u00e9tait le c\u0153ur du salon. Je me trompais. Ce qui fait vraiment la diff\u00e9rence, c\u2019est <strong>l\u2019agencement des meubles<\/strong>, leur interaction visuelle et fonctionnelle. Un bon salon, c\u2019est une strat\u00e9gie. Et comme toute strat\u00e9gie, elle n\u00e9cessite des choix radicaux.<\/p>\n\n\n\n<p>Je suis convaincu que la plupart des int\u00e9rieurs \u00e9chouent \u00e0 \u00eatre accueillants parce qu\u2019ils sont d\u00e9s\u00e9quilibr\u00e9s : canap\u00e9 immense + <a href=\"https:\/\/www.mobilier-design-occasion.fr\/magazine\/console-maison-du-monde-doccasion\/\">table basse<\/a> trop petite + pas de <a href=\"https:\/\/www.mobilier-design-occasion.fr\/magazine\/comment-entretenir-son-mobilier-design-au-quotidien-top-astuces\/\">meuble<\/a> TV adapt\u00e9 = chaos.<\/p>\n\n\n\n<hr class=\"wp-block-separator has-alpha-channel-opacity\"\/>\n\n\n\n<h2 class=\"wp-block-heading\"><span class=\"ez-toc-section\" id=\"%F0%9F%A7%A9_Les_meubles_essentiels_du_salon_le_trio_gagnant\"><\/span>\ud83e\udde9 Les meubles essentiels du salon : le trio gagnant<span class=\"ez-toc-section-end\"><\/span><\/h2>\n\n\n\n<p>Si vous voulez un salon <em>qui fonctionne<\/em>, vous devez penser en termes d\u2019\u00e9cosyst\u00e8me. Voici mon trio non-n\u00e9gociable :<\/p>\n\n\n\n<figure class=\"wp-block-table\"><table class=\"has-fixed-layout\"><thead><tr><th>\u00c9l\u00e9ment<\/th><th>Fonction cl\u00e9<\/th><th>Mon conseil perso<\/th><\/tr><\/thead><tbody><tr><td>Meuble TV<\/td><td>Ancre visuelle &amp; support technologique<\/td><td>Choisissez-le <strong>ferm\u00e9<\/strong>, pour \u00e9viter le bazar<\/td><\/tr><tr><td>Table basse<\/td><td>Pivot central de la pi\u00e8ce<\/td><td>Prenez-la <strong>au tiers<\/strong> de la longueur du canap\u00e9<\/td><\/tr><tr><td>Rangements<\/td><td>Esth\u00e9tique + pratique<\/td><td>Mixez \u00e9tag\u00e8res <strong>ouvertes et ferm\u00e9es<\/strong><\/td><\/tr><\/tbody><\/table><\/figure>\n\n\n\n<p>Ajoutez \u00e9ventuellement une biblioth\u00e8que basse ou une enfilade <a href=\"https:\/\/www.mobilier-design-occasion.fr\/magazine\/lodyssee-lumineuse-lheritage-industriel-revisite\/\">vintage<\/a> pour structurer l\u2019espace sans l\u2019encombrer.<\/p>\n\n\n\n<hr class=\"wp-block-separator has-alpha-channel-opacity\"\/>\n\n\n\n<h2 class=\"wp-block-heading\"><span class=\"ez-toc-section\" id=\"%F0%9F%9A%AB_Erreurs_que_je_vois_tous_les_jours_et_qui_ruinent_un_salon\"><\/span>\ud83d\udeab Erreurs que je vois tous les jours (et qui ruinent un salon)<span class=\"ez-toc-section-end\"><\/span><\/h2>\n\n\n\n<ul class=\"wp-block-list\">\n<li><strong>Trop de meubles<\/strong> : l\u2019espace doit respirer.<\/li>\n\n\n\n<li><strong>Pas assez de rangement<\/strong> : les salons encombr\u00e9s sont le cancer visuel n\u00b01.<\/li>\n\n\n\n<li><strong>Tout assorti<\/strong> : fini les ensembles canap\u00e9-table-meuble TV identiques. C\u2019est dat\u00e9, et impersonnel.<\/li>\n<\/ul>\n\n\n\n<hr class=\"wp-block-separator has-alpha-channel-opacity\"\/>\n\n\n\n<h2 class=\"wp-block-heading\"><span class=\"ez-toc-section\" id=\"%E2%9C%85_Ou_acheter_sans_se_faire_avoir\"><\/span>\u2705 O\u00f9 acheter sans se faire avoir ?<span class=\"ez-toc-section-end\"><\/span><\/h2>\n\n\n\n<p>Je vous le dis franchement : acheter un meuble de salon en grande surface ou en ligne sans guide, c\u2019est comme acheter du vin sans jamais l\u2019avoir go\u00fbt\u00e9.<\/p>\n\n\n\n<p>J\u2019ai test\u00e9 plusieurs sites, et je suis revenu plusieurs fois sur <a href=\"https:\/\/www.vente-unique.com\/c\/meuble-de-salon?utm_source=chatgpt.com\">Vente-Unique.com<\/a>. Pourquoi ? Parce que leur section <a href=\"https:\/\/www.vente-unique.com\/c\/meuble-de-salon?utm_source=chatgpt.com\">meuble de salon<\/a> est l\u2019une des rares \u00e0 proposer :<\/p>\n\n\n\n<ul class=\"wp-block-list\">\n<li>Des ensembles coordonn\u00e9s mais pas uniformes<\/li>\n\n\n\n<li>Des fiches produits d\u00e9taill\u00e9es avec vues 3D<\/li>\n\n\n\n<li>Des prix coh\u00e9rents pour du neuf <strong>ou du reconditionn\u00e9<\/strong><\/li>\n<\/ul>\n\n\n\n<p>Et surtout : pas de meubles &#8220;tendance&#8221; qui se d\u00e9modent en 6 mois. Juste des pi\u00e8ces solides, pens\u00e9es pour durer.<\/p>\n\n\n\n<hr class=\"wp-block-separator has-alpha-channel-opacity\"\/>\n\n\n\n<h2 class=\"wp-block-heading\"><span class=\"ez-toc-section\" id=\"%F0%9F%92%AC_Mon_avis_tranche\"><\/span>\ud83d\udcac Mon avis tranch\u00e9<span class=\"ez-toc-section-end\"><\/span><\/h2>\n\n\n\n<p>Je suis convaincu qu\u2019il vaut mieux <strong>acheter moins mais mieux<\/strong>. Un seul bon meuble peut transformer un salon. Ne tombez pas dans le pi\u00e8ge du low-cost empil\u00e9, ni dans celui du &#8220;design pur&#8221; inconfortable. Faites-vous confiance, mais formez-vous.<\/p>\n","protected":false},"excerpt":{"rendered":"<p>Ce qu\u2019il faut retenir \ud83e\udde0 Pourquoi j\u2019ai arr\u00eat\u00e9 de me focaliser sur le canap\u00e9 Pendant des ann\u00e9es, j\u2019ai cru que le canap\u00e9 \u00e9tait le c\u0153ur du salon. Je me trompais. Ce qui fait vraiment la diff\u00e9rence, c\u2019est l\u2019agencement des meubles, leur interaction visuelle et fonctionnelle. Un bon salon, c\u2019est une strat\u00e9gie. Et comme toute strat\u00e9gie, [&hellip;]<\/p>\n","protected":false},"author":2,"featured_media":8479,"comment_status":"open","ping_status":"open","sticky":false,"template":"","format":"standard","meta":{"footnotes":""},"categories":[1],"tags":[],"class_list":["post-8478","post","type-post","status-publish","format-standard","has-post-thumbnail","hentry","category-uncategorized"],"yoast_head":"<!-- This site is optimized with the Yoast SEO plugin v27.5 - https:\/\/yoast.com\/product\/yoast-seo-wordpress\/ -->\n<title>Meuble de salon : Ce que 90% des gens ratent quand ils choisissent leur mobilier - Mobilier Design Magazine<\/title>\n<meta name=\"robots\" content=\"index, follow, max-snippet:-1, max-image-preview:large, max-video-preview:-1\" \/>\n<link rel=\"canonical\" href=\"https:\/\/www.mobilier-design-occasion.fr\/magazine\/meuble-de-salon-ce-que-90-des-gens-ratent-quand-ils-choisissent-leur-mobilier\/\" \/>\n<meta property=\"og:locale\" content=\"fr_FR\" \/>\n<meta property=\"og:type\" content=\"article\" \/>\n<meta property=\"og:title\" content=\"Meuble de salon : Ce que 90% des gens ratent quand ils choisissent leur mobilier - Mobilier Design Magazine\" \/>\n<meta property=\"og:description\" content=\"Ce qu\u2019il faut retenir \ud83e\udde0 Pourquoi j\u2019ai arr\u00eat\u00e9 de me focaliser sur le canap\u00e9 Pendant des ann\u00e9es, j\u2019ai cru que le canap\u00e9 \u00e9tait le c\u0153ur du salon. Je me trompais. Ce qui fait vraiment la diff\u00e9rence, c\u2019est l\u2019agencement des meubles, leur interaction visuelle et fonctionnelle. Un bon salon, c\u2019est une strat\u00e9gie. Et comme toute strat\u00e9gie, [&hellip;]\" \/>\n<meta property=\"og:url\" content=\"https:\/\/www.mobilier-design-occasion.fr\/magazine\/meuble-de-salon-ce-que-90-des-gens-ratent-quand-ils-choisissent-leur-mobilier\/\" \/>\n<meta property=\"og:site_name\" content=\"Mobilier Design Magazine\" \/>\n<meta property=\"article:publisher\" content=\"https:\/\/www.facebook.com\/mobilierdesignoccasion\" \/>\n<meta property=\"article:published_time\" content=\"2025-08-31T16:15:26+00:00\" \/>\n<meta property=\"og:image\" content=\"https:\/\/www.mobilier-design-occasion.fr\/magazine\/wp-content\/uploads\/2025\/08\/Screenshot-at-Aug-31-18-15-02.png\" \/>\n\t<meta property=\"og:image:width\" content=\"1988\" \/>\n\t<meta property=\"og:image:height\" content=\"1344\" \/>\n\t<meta property=\"og:image:type\" content=\"image\/png\" \/>\n<meta name=\"author\" content=\"Vincent Vandegans\" \/>\n<meta name=\"twitter:card\" content=\"summary_large_image\" \/>\n<meta name=\"twitter:label1\" content=\"\u00c9crit par\" \/>\n\t<meta name=\"twitter:data1\" content=\"Vincent Vandegans\" \/>\n\t<meta name=\"twitter:label2\" content=\"Dur\u00e9e de lecture estim\u00e9e\" \/>\n\t<meta name=\"twitter:data2\" content=\"3 minutes\" \/>\n<script type=\"application\/ld+json\" class=\"yoast-schema-graph\">{\"@context\":\"https:\\\/\\\/schema.org\",\"@graph\":[{\"@type\":\"Article\",\"@id\":\"https:\\\/\\\/www.mobilier-design-occasion.fr\\\/magazine\\\/meuble-de-salon-ce-que-90-des-gens-ratent-quand-ils-choisissent-leur-mobilier\\\/#article\",\"isPartOf\":{\"@id\":\"https:\\\/\\\/www.mobilier-design-occasion.fr\\\/magazine\\\/meuble-de-salon-ce-que-90-des-gens-ratent-quand-ils-choisissent-leur-mobilier\\\/\"},\"author\":{\"name\":\"Vincent Vandegans\",\"@id\":\"https:\\\/\\\/www.mobilier-design-occasion.fr\\\/magazine\\\/#\\\/schema\\\/person\\\/af895bedc80bfb6b17730a672fddac9e\"},\"headline\":\"Meuble de salon : Ce que 90% des gens ratent quand ils choisissent leur mobilier\",\"datePublished\":\"2025-08-31T16:15:26+00:00\",\"mainEntityOfPage\":{\"@id\":\"https:\\\/\\\/www.mobilier-design-occasion.fr\\\/magazine\\\/meuble-de-salon-ce-que-90-des-gens-ratent-quand-ils-choisissent-leur-mobilier\\\/\"},\"wordCount\":486,\"commentCount\":0,\"publisher\":{\"@id\":\"https:\\\/\\\/www.mobilier-design-occasion.fr\\\/magazine\\\/#organization\"},\"image\":{\"@id\":\"https:\\\/\\\/www.mobilier-design-occasion.fr\\\/magazine\\\/meuble-de-salon-ce-que-90-des-gens-ratent-quand-ils-choisissent-leur-mobilier\\\/#primaryimage\"},\"thumbnailUrl\":\"https:\\\/\\\/www.mobilier-design-occasion.fr\\\/magazine\\\/wp-content\\\/uploads\\\/2025\\\/08\\\/Screenshot-at-Aug-31-18-15-02.png\",\"articleSection\":[\"Uncategorized\"],\"inLanguage\":\"fr-FR\",\"potentialAction\":[{\"@type\":\"CommentAction\",\"name\":\"Comment\",\"target\":[\"https:\\\/\\\/www.mobilier-design-occasion.fr\\\/magazine\\\/meuble-de-salon-ce-que-90-des-gens-ratent-quand-ils-choisissent-leur-mobilier\\\/#respond\"]}]},{\"@type\":\"WebPage\",\"@id\":\"https:\\\/\\\/www.mobilier-design-occasion.fr\\\/magazine\\\/meuble-de-salon-ce-que-90-des-gens-ratent-quand-ils-choisissent-leur-mobilier\\\/\",\"url\":\"https:\\\/\\\/www.mobilier-design-occasion.fr\\\/magazine\\\/meuble-de-salon-ce-que-90-des-gens-ratent-quand-ils-choisissent-leur-mobilier\\\/\",\"name\":\"Meuble de salon : Ce que 90% des gens ratent quand ils choisissent leur mobilier - Mobilier Design Magazine\",\"isPartOf\":{\"@id\":\"https:\\\/\\\/www.mobilier-design-occasion.fr\\\/magazine\\\/#website\"},\"primaryImageOfPage\":{\"@id\":\"https:\\\/\\\/www.mobilier-design-occasion.fr\\\/magazine\\\/meuble-de-salon-ce-que-90-des-gens-ratent-quand-ils-choisissent-leur-mobilier\\\/#primaryimage\"},\"image\":{\"@id\":\"https:\\\/\\\/www.mobilier-design-occasion.fr\\\/magazine\\\/meuble-de-salon-ce-que-90-des-gens-ratent-quand-ils-choisissent-leur-mobilier\\\/#primaryimage\"},\"thumbnailUrl\":\"https:\\\/\\\/www.mobilier-design-occasion.fr\\\/magazine\\\/wp-content\\\/uploads\\\/2025\\\/08\\\/Screenshot-at-Aug-31-18-15-02.png\",\"datePublished\":\"2025-08-31T16:15:26+00:00\",\"breadcrumb\":{\"@id\":\"https:\\\/\\\/www.mobilier-design-occasion.fr\\\/magazine\\\/meuble-de-salon-ce-que-90-des-gens-ratent-quand-ils-choisissent-leur-mobilier\\\/#breadcrumb\"},\"inLanguage\":\"fr-FR\",\"potentialAction\":[{\"@type\":\"ReadAction\",\"target\":[\"https:\\\/\\\/www.mobilier-design-occasion.fr\\\/magazine\\\/meuble-de-salon-ce-que-90-des-gens-ratent-quand-ils-choisissent-leur-mobilier\\\/\"]}]},{\"@type\":\"ImageObject\",\"inLanguage\":\"fr-FR\",\"@id\":\"https:\\\/\\\/www.mobilier-design-occasion.fr\\\/magazine\\\/meuble-de-salon-ce-que-90-des-gens-ratent-quand-ils-choisissent-leur-mobilier\\\/#primaryimage\",\"url\":\"https:\\\/\\\/www.mobilier-design-occasion.fr\\\/magazine\\\/wp-content\\\/uploads\\\/2025\\\/08\\\/Screenshot-at-Aug-31-18-15-02.png\",\"contentUrl\":\"https:\\\/\\\/www.mobilier-design-occasion.fr\\\/magazine\\\/wp-content\\\/uploads\\\/2025\\\/08\\\/Screenshot-at-Aug-31-18-15-02.png\",\"width\":1988,\"height\":1344},{\"@type\":\"BreadcrumbList\",\"@id\":\"https:\\\/\\\/www.mobilier-design-occasion.fr\\\/magazine\\\/meuble-de-salon-ce-que-90-des-gens-ratent-quand-ils-choisissent-leur-mobilier\\\/#breadcrumb\",\"itemListElement\":[{\"@type\":\"ListItem\",\"position\":1,\"name\":\"Accueil\",\"item\":\"https:\\\/\\\/www.mobilier-design-occasion.fr\\\/magazine\\\/\"},{\"@type\":\"ListItem\",\"position\":2,\"name\":\"Meuble de salon : Ce que 90% des gens ratent quand ils choisissent leur mobilier\"}]},{\"@type\":\"WebSite\",\"@id\":\"https:\\\/\\\/www.mobilier-design-occasion.fr\\\/magazine\\\/#website\",\"url\":\"https:\\\/\\\/www.mobilier-design-occasion.fr\\\/magazine\\\/\",\"name\":\"Mobilier Design Magazine\",\"description\":\"\",\"publisher\":{\"@id\":\"https:\\\/\\\/www.mobilier-design-occasion.fr\\\/magazine\\\/#organization\"},\"potentialAction\":[{\"@type\":\"SearchAction\",\"target\":{\"@type\":\"EntryPoint\",\"urlTemplate\":\"https:\\\/\\\/www.mobilier-design-occasion.fr\\\/magazine\\\/?s={search_term_string}\"},\"query-input\":{\"@type\":\"PropertyValueSpecification\",\"valueRequired\":true,\"valueName\":\"search_term_string\"}}],\"inLanguage\":\"fr-FR\"},{\"@type\":\"Organization\",\"@id\":\"https:\\\/\\\/www.mobilier-design-occasion.fr\\\/magazine\\\/#organization\",\"name\":\"Mobilier Design Magazine\",\"url\":\"https:\\\/\\\/www.mobilier-design-occasion.fr\\\/magazine\\\/\",\"logo\":{\"@type\":\"ImageObject\",\"inLanguage\":\"fr-FR\",\"@id\":\"https:\\\/\\\/www.mobilier-design-occasion.fr\\\/magazine\\\/#\\\/schema\\\/logo\\\/image\\\/\",\"url\":\"https:\\\/\\\/www.mobilier-design-occasion.fr\\\/magazine\\\/wp-content\\\/uploads\\\/2024\\\/02\\\/android-chrome-192x192-1.png\",\"contentUrl\":\"https:\\\/\\\/www.mobilier-design-occasion.fr\\\/magazine\\\/wp-content\\\/uploads\\\/2024\\\/02\\\/android-chrome-192x192-1.png\",\"width\":192,\"height\":192,\"caption\":\"Mobilier Design Magazine\"},\"image\":{\"@id\":\"https:\\\/\\\/www.mobilier-design-occasion.fr\\\/magazine\\\/#\\\/schema\\\/logo\\\/image\\\/\"},\"sameAs\":[\"https:\\\/\\\/www.facebook.com\\\/mobilierdesignoccasion\"]},{\"@type\":\"Person\",\"@id\":\"https:\\\/\\\/www.mobilier-design-occasion.fr\\\/magazine\\\/#\\\/schema\\\/person\\\/af895bedc80bfb6b17730a672fddac9e\",\"name\":\"Vincent Vandegans\",\"image\":{\"@type\":\"ImageObject\",\"inLanguage\":\"fr-FR\",\"@id\":\"https:\\\/\\\/secure.gravatar.com\\\/avatar\\\/b984800dabdf722d5e3f03f637c8932dea77d81118467d17ad2953e3b273ec66?s=96&d=mm&r=g\",\"url\":\"https:\\\/\\\/secure.gravatar.com\\\/avatar\\\/b984800dabdf722d5e3f03f637c8932dea77d81118467d17ad2953e3b273ec66?s=96&d=mm&r=g\",\"contentUrl\":\"https:\\\/\\\/secure.gravatar.com\\\/avatar\\\/b984800dabdf722d5e3f03f637c8932dea77d81118467d17ad2953e3b273ec66?s=96&d=mm&r=g\",\"caption\":\"Vincent Vandegans\"},\"description\":\"Vincent est passionn\u00e9 par les produits d'occasion, il a ouvert le site MDO avec Cyrielle pour aider les gens \u00e0 trouver du mobilier d'occasion, vintage ou usag\u00e9. Depuis, ils ont \u00e9tendu leurs activit\u00e9s et conseillent tout le monde sur le mobilier d'int\u00e9rieur et d'ext\u00e9rieur au quotidien \u00e0 travers le magazine MDO.\",\"url\":\"https:\\\/\\\/www.mobilier-design-occasion.fr\\\/magazine\\\/author\\\/vincent\\\/\"}]}<\/script>\n<!-- \/ Yoast SEO plugin. -->","yoast_head_json":{"title":"Meuble de salon : Ce que 90% des gens ratent quand ils choisissent leur mobilier - Mobilier Design Magazine","robots":{"index":"index","follow":"follow","max-snippet":"max-snippet:-1","max-image-preview":"max-image-preview:large","max-video-preview":"max-video-preview:-1"},"canonical":"https:\/\/www.mobilier-design-occasion.fr\/magazine\/meuble-de-salon-ce-que-90-des-gens-ratent-quand-ils-choisissent-leur-mobilier\/","og_locale":"fr_FR","og_type":"article","og_title":"Meuble de salon : Ce que 90% des gens ratent quand ils choisissent leur mobilier - Mobilier Design Magazine","og_description":"Ce qu\u2019il faut retenir \ud83e\udde0 Pourquoi j\u2019ai arr\u00eat\u00e9 de me focaliser sur le canap\u00e9 Pendant des ann\u00e9es, j\u2019ai cru que le canap\u00e9 \u00e9tait le c\u0153ur du salon. Je me trompais. Ce qui fait vraiment la diff\u00e9rence, c\u2019est l\u2019agencement des meubles, leur interaction visuelle et fonctionnelle. Un bon salon, c\u2019est une strat\u00e9gie. Et comme toute strat\u00e9gie, [&hellip;]","og_url":"https:\/\/www.mobilier-design-occasion.fr\/magazine\/meuble-de-salon-ce-que-90-des-gens-ratent-quand-ils-choisissent-leur-mobilier\/","og_site_name":"Mobilier Design Magazine","article_publisher":"https:\/\/www.facebook.com\/mobilierdesignoccasion","article_published_time":"2025-08-31T16:15:26+00:00","og_image":[{"width":1988,"height":1344,"url":"https:\/\/www.mobilier-design-occasion.fr\/magazine\/wp-content\/uploads\/2025\/08\/Screenshot-at-Aug-31-18-15-02.png","type":"image\/png"}],"author":"Vincent Vandegans","twitter_card":"summary_large_image","twitter_misc":{"\u00c9crit par":"Vincent Vandegans","Dur\u00e9e de lecture estim\u00e9e":"3 minutes"},"schema":{"@context":"https:\/\/schema.org","@graph":[{"@type":"Article","@id":"https:\/\/www.mobilier-design-occasion.fr\/magazine\/meuble-de-salon-ce-que-90-des-gens-ratent-quand-ils-choisissent-leur-mobilier\/#article","isPartOf":{"@id":"https:\/\/www.mobilier-design-occasion.fr\/magazine\/meuble-de-salon-ce-que-90-des-gens-ratent-quand-ils-choisissent-leur-mobilier\/"},"author":{"name":"Vincent Vandegans","@id":"https:\/\/www.mobilier-design-occasion.fr\/magazine\/#\/schema\/person\/af895bedc80bfb6b17730a672fddac9e"},"headline":"Meuble de salon : Ce que 90% des gens ratent quand ils choisissent leur mobilier","datePublished":"2025-08-31T16:15:26+00:00","mainEntityOfPage":{"@id":"https:\/\/www.mobilier-design-occasion.fr\/magazine\/meuble-de-salon-ce-que-90-des-gens-ratent-quand-ils-choisissent-leur-mobilier\/"},"wordCount":486,"commentCount":0,"publisher":{"@id":"https:\/\/www.mobilier-design-occasion.fr\/magazine\/#organization"},"image":{"@id":"https:\/\/www.mobilier-design-occasion.fr\/magazine\/meuble-de-salon-ce-que-90-des-gens-ratent-quand-ils-choisissent-leur-mobilier\/#primaryimage"},"thumbnailUrl":"https:\/\/www.mobilier-design-occasion.fr\/magazine\/wp-content\/uploads\/2025\/08\/Screenshot-at-Aug-31-18-15-02.png","articleSection":["Uncategorized"],"inLanguage":"fr-FR","potentialAction":[{"@type":"CommentAction","name":"Comment","target":["https:\/\/www.mobilier-design-occasion.fr\/magazine\/meuble-de-salon-ce-que-90-des-gens-ratent-quand-ils-choisissent-leur-mobilier\/#respond"]}]},{"@type":"WebPage","@id":"https:\/\/www.mobilier-design-occasion.fr\/magazine\/meuble-de-salon-ce-que-90-des-gens-ratent-quand-ils-choisissent-leur-mobilier\/","url":"https:\/\/www.mobilier-design-occasion.fr\/magazine\/meuble-de-salon-ce-que-90-des-gens-ratent-quand-ils-choisissent-leur-mobilier\/","name":"Meuble de salon : Ce que 90% des gens ratent quand ils choisissent leur mobilier - Mobilier Design Magazine","isPartOf":{"@id":"https:\/\/www.mobilier-design-occasion.fr\/magazine\/#website"},"primaryImageOfPage":{"@id":"https:\/\/www.mobilier-design-occasion.fr\/magazine\/meuble-de-salon-ce-que-90-des-gens-ratent-quand-ils-choisissent-leur-mobilier\/#primaryimage"},"image":{"@id":"https:\/\/www.mobilier-design-occasion.fr\/magazine\/meuble-de-salon-ce-que-90-des-gens-ratent-quand-ils-choisissent-leur-mobilier\/#primaryimage"},"thumbnailUrl":"https:\/\/www.mobilier-design-occasion.fr\/magazine\/wp-content\/uploads\/2025\/08\/Screenshot-at-Aug-31-18-15-02.png","datePublished":"2025-08-31T16:15:26+00:00","breadcrumb":{"@id":"https:\/\/www.mobilier-design-occasion.fr\/magazine\/meuble-de-salon-ce-que-90-des-gens-ratent-quand-ils-choisissent-leur-mobilier\/#breadcrumb"},"inLanguage":"fr-FR","potentialAction":[{"@type":"ReadAction","target":["https:\/\/www.mobilier-design-occasion.fr\/magazine\/meuble-de-salon-ce-que-90-des-gens-ratent-quand-ils-choisissent-leur-mobilier\/"]}]},{"@type":"ImageObject","inLanguage":"fr-FR","@id":"https:\/\/www.mobilier-design-occasion.fr\/magazine\/meuble-de-salon-ce-que-90-des-gens-ratent-quand-ils-choisissent-leur-mobilier\/#primaryimage","url":"https:\/\/www.mobilier-design-occasion.fr\/magazine\/wp-content\/uploads\/2025\/08\/Screenshot-at-Aug-31-18-15-02.png","contentUrl":"https:\/\/www.mobilier-design-occasion.fr\/magazine\/wp-content\/uploads\/2025\/08\/Screenshot-at-Aug-31-18-15-02.png","width":1988,"height":1344},{"@type":"BreadcrumbList","@id":"https:\/\/www.mobilier-design-occasion.fr\/magazine\/meuble-de-salon-ce-que-90-des-gens-ratent-quand-ils-choisissent-leur-mobilier\/#breadcrumb","itemListElement":[{"@type":"ListItem","position":1,"name":"Accueil","item":"https:\/\/www.mobilier-design-occasion.fr\/magazine\/"},{"@type":"ListItem","position":2,"name":"Meuble de salon : Ce que 90% des gens ratent quand ils choisissent leur mobilier"}]},{"@type":"WebSite","@id":"https:\/\/www.mobilier-design-occasion.fr\/magazine\/#website","url":"https:\/\/www.mobilier-design-occasion.fr\/magazine\/","name":"Mobilier Design Magazine","description":"","publisher":{"@id":"https:\/\/www.mobilier-design-occasion.fr\/magazine\/#organization"},"potentialAction":[{"@type":"SearchAction","target":{"@type":"EntryPoint","urlTemplate":"https:\/\/www.mobilier-design-occasion.fr\/magazine\/?s={search_term_string}"},"query-input":{"@type":"PropertyValueSpecification","valueRequired":true,"valueName":"search_term_string"}}],"inLanguage":"fr-FR"},{"@type":"Organization","@id":"https:\/\/www.mobilier-design-occasion.fr\/magazine\/#organization","name":"Mobilier Design Magazine","url":"https:\/\/www.mobilier-design-occasion.fr\/magazine\/","logo":{"@type":"ImageObject","inLanguage":"fr-FR","@id":"https:\/\/www.mobilier-design-occasion.fr\/magazine\/#\/schema\/logo\/image\/","url":"https:\/\/www.mobilier-design-occasion.fr\/magazine\/wp-content\/uploads\/2024\/02\/android-chrome-192x192-1.png","contentUrl":"https:\/\/www.mobilier-design-occasion.fr\/magazine\/wp-content\/uploads\/2024\/02\/android-chrome-192x192-1.png","width":192,"height":192,"caption":"Mobilier Design Magazine"},"image":{"@id":"https:\/\/www.mobilier-design-occasion.fr\/magazine\/#\/schema\/logo\/image\/"},"sameAs":["https:\/\/www.facebook.com\/mobilierdesignoccasion"]},{"@type":"Person","@id":"https:\/\/www.mobilier-design-occasion.fr\/magazine\/#\/schema\/person\/af895bedc80bfb6b17730a672fddac9e","name":"Vincent Vandegans","image":{"@type":"ImageObject","inLanguage":"fr-FR","@id":"https:\/\/secure.gravatar.com\/avatar\/b984800dabdf722d5e3f03f637c8932dea77d81118467d17ad2953e3b273ec66?s=96&d=mm&r=g","url":"https:\/\/secure.gravatar.com\/avatar\/b984800dabdf722d5e3f03f637c8932dea77d81118467d17ad2953e3b273ec66?s=96&d=mm&r=g","contentUrl":"https:\/\/secure.gravatar.com\/avatar\/b984800dabdf722d5e3f03f637c8932dea77d81118467d17ad2953e3b273ec66?s=96&d=mm&r=g","caption":"Vincent Vandegans"},"description":"Vincent est passionn\u00e9 par les produits d'occasion, il a ouvert le site MDO avec Cyrielle pour aider les gens \u00e0 trouver du mobilier d'occasion, vintage ou usag\u00e9. Depuis, ils ont \u00e9tendu leurs activit\u00e9s et conseillent tout le monde sur le mobilier d'int\u00e9rieur et d'ext\u00e9rieur au quotidien \u00e0 travers le magazine MDO.","url":"https:\/\/www.mobilier-design-occasion.fr\/magazine\/author\/vincent\/"}]}},"_links":{"self":[{"href":"https:\/\/www.mobilier-design-occasion.fr\/magazine\/wp-json\/wp\/v2\/posts\/8478","targetHints":{"allow":["GET"]}}],"collection":[{"href":"https:\/\/www.mobilier-design-occasion.fr\/magazine\/wp-json\/wp\/v2\/posts"}],"about":[{"href":"https:\/\/www.mobilier-design-occasion.fr\/magazine\/wp-json\/wp\/v2\/types\/post"}],"author":[{"embeddable":true,"href":"https:\/\/www.mobilier-design-occasion.fr\/magazine\/wp-json\/wp\/v2\/users\/2"}],"replies":[{"embeddable":true,"href":"https:\/\/www.mobilier-design-occasion.fr\/magazine\/wp-json\/wp\/v2\/comments?post=8478"}],"version-history":[{"count":1,"href":"https:\/\/www.mobilier-design-occasion.fr\/magazine\/wp-json\/wp\/v2\/posts\/8478\/revisions"}],"predecessor-version":[{"id":8480,"href":"https:\/\/www.mobilier-design-occasion.fr\/magazine\/wp-json\/wp\/v2\/posts\/8478\/revisions\/8480"}],"wp:featuredmedia":[{"embeddable":true,"href":"https:\/\/www.mobilier-design-occasion.fr\/magazine\/wp-json\/wp\/v2\/media\/8479"}],"wp:attachment":[{"href":"https:\/\/www.mobilier-design-occasion.fr\/magazine\/wp-json\/wp\/v2\/media?parent=8478"}],"wp:term":[{"taxonomy":"category","embeddable":true,"href":"https:\/\/www.mobilier-design-occasion.fr\/magazine\/wp-json\/wp\/v2\/categories?post=8478"},{"taxonomy":"post_tag","embeddable":true,"href":"https:\/\/www.mobilier-design-occasion.fr\/magazine\/wp-json\/wp\/v2\/tags?post=8478"}],"curies":[{"name":"wp","href":"https:\/\/api.w.org\/{rel}","templated":true}]}}