{"id":8462,"date":"2025-08-22T22:08:23","date_gmt":"2025-08-22T22:08:23","guid":{"rendered":"https:\/\/www.mobilier-design-occasion.fr\/magazine\/applique-murale-comment-lintegrer-pour-sublimer-votre-interieur\/"},"modified":"2025-08-22T22:08:27","modified_gmt":"2025-08-22T22:08:27","slug":"applique-murale-comment-lintegrer-pour-sublimer-votre-interieur","status":"publish","type":"post","link":"https:\/\/www.mobilier-design-occasion.fr\/magazine\/applique-murale-comment-lintegrer-pour-sublimer-votre-interieur\/","title":{"rendered":"Applique murale\u00a0: Comment l\u2019int\u00e9grer pour sublimer votre int\u00e9rieur\u2009?"},"content":{"rendered":"<div>\n<p><strong>\u00c9l\u00e9gantes et fonctionnelles, les appliques murales sont des accessoires incontournables de la d\u00e9coration d\u2019int\u00e9rieur. Elles optimisent l\u2019\u00e9clairage de votre int\u00e9rieur tout en instaurant une ambiance cosy et chaleureuse. Avez-vous envie de sublimer votre int\u00e9rieur avec une applique murale\u2009? D\u00e9couvrez ici quelques bonnes pistes pour r\u00e9aliser votre r\u00eave.<\/strong><\/p>\n<h2><span class=\"ez-toc-section\" id=\"Le_type_de_piece\"><\/span>Le type de pi\u00e8ce<span class=\"ez-toc-section-end\"><\/span><\/h2><div id=\"ez-toc-container\" class=\"ez-toc-v2_0_82_2 counter-hierarchy ez-toc-counter ez-toc-grey ez-toc-container-direction\">\n<div class=\"ez-toc-title-container\">\n<span class=\"ez-toc-title-toggle\"><a href=\"#\" class=\"ez-toc-pull-right ez-toc-btn ez-toc-btn-xs ez-toc-btn-default ez-toc-toggle\" aria-label=\"Toggle Table of Content\"><span class=\"ez-toc-js-icon-con\"><span class=\"\"><span class=\"eztoc-hide\" style=\"display:none;\">Toggle<\/span><span class=\"ez-toc-icon-toggle-span\"><svg style=\"fill: #999;color:#999\" xmlns=\"http:\/\/www.w3.org\/2000\/svg\" class=\"list-377408\" width=\"20px\" height=\"20px\" viewBox=\"0 0 24 24\" fill=\"none\"><path d=\"M6 6H4v2h2V6zm14 0H8v2h12V6zM4 11h2v2H4v-2zm16 0H8v2h12v-2zM4 16h2v2H4v-2zm16 0H8v2h12v-2z\" fill=\"currentColor\"><\/path><\/svg><svg style=\"fill: #999;color:#999\" class=\"arrow-unsorted-368013\" xmlns=\"http:\/\/www.w3.org\/2000\/svg\" width=\"10px\" height=\"10px\" viewBox=\"0 0 24 24\" version=\"1.2\" baseProfile=\"tiny\"><path d=\"M18.2 9.3l-6.2-6.3-6.2 6.3c-.2.2-.3.4-.3.7s.1.5.3.7c.2.2.4.3.7.3h11c.3 0 .5-.1.7-.3.2-.2.3-.5.3-.7s-.1-.5-.3-.7zM5.8 14.7l6.2 6.3 6.2-6.3c.2-.2.3-.5.3-.7s-.1-.5-.3-.7c-.2-.2-.4-.3-.7-.3h-11c-.3 0-.5.1-.7.3-.2.2-.3.5-.3.7s.1.5.3.7z\"\/><\/svg><\/span><\/span><\/span><\/a><\/span><\/div>\n<nav><ul class='ez-toc-list ez-toc-list-level-1 eztoc-toggle-hide-by-default' ><li class='ez-toc-page-1 ez-toc-heading-level-2'><a class=\"ez-toc-link ez-toc-heading-1\" href=\"https:\/\/www.mobilier-design-occasion.fr\/magazine\/applique-murale-comment-lintegrer-pour-sublimer-votre-interieur\/#Le_type_de_piece\" >Le type de pi\u00e8ce<\/a><\/li><li class='ez-toc-page-1 ez-toc-heading-level-2'><a class=\"ez-toc-link ez-toc-heading-2\" href=\"https:\/\/www.mobilier-design-occasion.fr\/magazine\/applique-murale-comment-lintegrer-pour-sublimer-votre-interieur\/#Le_type_declairage_et_la_temperature\" >Le type d\u2019\u00e9clairage et la temp\u00e9rature<\/a><\/li><li class='ez-toc-page-1 ez-toc-heading-level-2'><a class=\"ez-toc-link ez-toc-heading-3\" href=\"https:\/\/www.mobilier-design-occasion.fr\/magazine\/applique-murale-comment-lintegrer-pour-sublimer-votre-interieur\/#Le_style_dapplique_murale\" >Le style d\u2019applique murale<\/a><\/li><\/ul><\/nav><\/div>\n\n<p>Il existe dans l\u2019industrie des luminaires une vari\u00e9t\u00e9 d\u2019appliques murales. Ainsi, l\u2019utilisation et les besoins sp\u00e9cifiques de chaque <strong>type de pi\u00e8ce<\/strong> sont des \u00e9l\u00e9ments d\u00e9terminants dans le choix du mod\u00e8le d\u2019applique murale \u00e0 installer.<\/p>\n<p>Par exemple, pour le salon, il est conseill\u00e9 de privil\u00e9gier une applique murale qui cr\u00e9e une <strong>ambiance chaleureuse<\/strong>, douce ou met en relief un objet d\u00e9coratif ou un mur textur\u00e9. \u00c0 ce titre, d\u00e9couvrez sur cette boutique en ligne <a href=\"https:\/\/apliqs.com\/\">une applique murale<\/a> de qualit\u00e9 qui saura r\u00e9pondre \u00e0 vos exigences.<\/p>\n<p><img loading=\"lazy\" decoding=\"async\" class=\"aligncenter\" src=\"https:\/\/www.mobilier-design-occasion.fr\/magazine\/wp-content\/uploads\/2025\/08\/641bc2d650ad5e8d3c7e118809d03cbc.jpeg\" alt=\"\" width=\"700\" height=\"525\"><\/p>\n<h2><span class=\"ez-toc-section\" id=\"Le_type_declairage_et_la_temperature\"><\/span>Le type d\u2019\u00e9clairage et la temp\u00e9rature<span class=\"ez-toc-section-end\"><\/span><\/h2>\n<p>Les appliques murales offrent un <strong>panel d\u2019effets lumineux<\/strong>. En fonction du mod\u00e8le d\u2019applique mural, il existe diff\u00e9rents types d\u2019\u00e9clairage\u00a0:<\/p>\n<ul>\n<li>\u00c9clairage direct\u2009;<\/li>\n<li>\u00c9clairage directionnel ou modulable\u2009;<\/li>\n<li>\u00c9clairage indirect.<\/li>\n<\/ul>\n<p>Outre le type d\u2019\u00e9clairage, la temp\u00e9rature joue aussi un r\u00f4le important pour <strong>sublimer votre int\u00e9rieur<\/strong>. En effet, les appliques murales pr\u00e9sentent diff\u00e9rents types de temp\u00e9ratures\u00a0:<\/p>\n<ul>\n<li>Temp\u00e9rature chaude (2700 \u00e0 3000 K)\u2009;<\/li>\n<li>Temp\u00e9rature neutre (3500 \u00e0 4100 K)\u2009;<\/li>\n<li>Temp\u00e9rature fra\u00eeche (5000 \u00e0 6500 K).<\/li>\n<\/ul>\n<p>Toutefois, il existe des mod\u00e8les d\u2019appliques murales qui int\u00e8grent des technologies avec lesquelles vous pouvez r\u00e9gler l\u2019intensit\u00e9 et la temp\u00e9rature de la lumi\u00e8re.<\/p>\n<h2><span class=\"ez-toc-section\" id=\"Le_style_dapplique_murale\"><\/span>Le style d\u2019applique murale<span class=\"ez-toc-section-end\"><\/span><\/h2>\n<p>Les diff\u00e9rents mod\u00e8les d\u2019appliques murales disponibles sur le march\u00e9 sont inspir\u00e9s de <strong>styles divers<\/strong> qui peuvent \u00eatre adapt\u00e9s \u00e0 toutes les tendances d\u00e9co. Ainsi, vous avez des luminaires au style\u00a0:<\/p>\n<ul>\n<li>Vintage\u2009;<\/li>\n<li>Industriel\u2009;<\/li>\n<li>Contemporain\u2009;<\/li>\n<li>Rustique.<\/li>\n<\/ul>\n<\/div>\n","protected":false},"excerpt":{"rendered":"<p>\u00c9l\u00e9gantes et fonctionnelles, les appliques murales sont des accessoires incontournables de la d\u00e9coration d\u2019int\u00e9rieur. Elles optimisent l\u2019\u00e9clairage de votre int\u00e9rieur tout en instaurant une ambiance cosy et chaleureuse. Avez-vous envie de sublimer votre int\u00e9rieur avec une applique murale\u2009? D\u00e9couvrez ici quelques bonnes pistes pour r\u00e9aliser votre r\u00eave. Le type de pi\u00e8ce Il existe dans l\u2019industrie [&hellip;]<\/p>\n","protected":false},"author":2,"featured_media":8465,"comment_status":"open","ping_status":"open","sticky":false,"template":"","format":"standard","meta":{"footnotes":""},"categories":[120,125,126,122,2],"tags":[],"class_list":["post-8462","post","type-post","status-publish","format-standard","has-post-thumbnail","hentry","category-chambre","category-chambre-enfant","category-chambre-parent","category-salon","category-tendances"],"yoast_head":"<!-- This site is optimized with the Yoast SEO plugin v27.5 - https:\/\/yoast.com\/product\/yoast-seo-wordpress\/ -->\n<title>Applique murale : Comment l&#039;int\u00e9grer pour sublimer votre int\u00e9rieur ?<\/title>\n<meta name=\"description\" content=\"L&#039;applique murale est un luminaire qui permet de sublimer votre d\u00e9coration int\u00e9rieure. Pour ce faire, il suffit de suivre quelques bonnes pistes.\" \/>\n<meta name=\"robots\" content=\"index, follow, max-snippet:-1, max-image-preview:large, max-video-preview:-1\" \/>\n<link rel=\"canonical\" href=\"https:\/\/www.mobilier-design-occasion.fr\/magazine\/applique-murale-comment-lintegrer-pour-sublimer-votre-interieur\/\" \/>\n<meta property=\"og:locale\" content=\"fr_FR\" \/>\n<meta property=\"og:type\" content=\"article\" \/>\n<meta property=\"og:title\" content=\"Applique murale : Comment l&#039;int\u00e9grer pour sublimer votre int\u00e9rieur ?\" \/>\n<meta property=\"og:description\" content=\"L&#039;applique murale est un luminaire qui permet de sublimer votre d\u00e9coration int\u00e9rieure. Pour ce faire, il suffit de suivre quelques bonnes pistes.\" \/>\n<meta property=\"og:url\" content=\"https:\/\/www.mobilier-design-occasion.fr\/magazine\/applique-murale-comment-lintegrer-pour-sublimer-votre-interieur\/\" \/>\n<meta property=\"og:site_name\" content=\"Mobilier Design Magazine\" \/>\n<meta property=\"article:publisher\" content=\"https:\/\/www.facebook.com\/mobilierdesignoccasion\" \/>\n<meta property=\"article:published_time\" content=\"2025-08-22T22:08:23+00:00\" \/>\n<meta property=\"article:modified_time\" content=\"2025-08-22T22:08:27+00:00\" \/>\n<meta property=\"og:image\" content=\"https:\/\/www.mobilier-design-occasion.fr\/magazine\/wp-content\/uploads\/2025\/08\/43f44a5eac2541659f7b45cb86be4b3f.jpeg\" \/>\n\t<meta property=\"og:image:width\" content=\"1200\" \/>\n\t<meta property=\"og:image:height\" content=\"900\" \/>\n\t<meta property=\"og:image:type\" content=\"image\/jpeg\" \/>\n<meta name=\"author\" content=\"Vincent Vandegans\" \/>\n<meta name=\"twitter:card\" content=\"summary_large_image\" \/>\n<meta name=\"twitter:label1\" content=\"\u00c9crit par\" \/>\n\t<meta name=\"twitter:data1\" content=\"Vincent Vandegans\" \/>\n\t<meta name=\"twitter:label2\" content=\"Dur\u00e9e de lecture estim\u00e9e\" \/>\n\t<meta name=\"twitter:data2\" content=\"2 minutes\" \/>\n<script type=\"application\/ld+json\" class=\"yoast-schema-graph\">{\"@context\":\"https:\\\/\\\/schema.org\",\"@graph\":[{\"@type\":\"Article\",\"@id\":\"https:\\\/\\\/www.mobilier-design-occasion.fr\\\/magazine\\\/applique-murale-comment-lintegrer-pour-sublimer-votre-interieur\\\/#article\",\"isPartOf\":{\"@id\":\"https:\\\/\\\/www.mobilier-design-occasion.fr\\\/magazine\\\/applique-murale-comment-lintegrer-pour-sublimer-votre-interieur\\\/\"},\"author\":{\"name\":\"Vincent Vandegans\",\"@id\":\"https:\\\/\\\/www.mobilier-design-occasion.fr\\\/magazine\\\/#\\\/schema\\\/person\\\/af895bedc80bfb6b17730a672fddac9e\"},\"headline\":\"Applique murale\u00a0: Comment l\u2019int\u00e9grer pour sublimer votre int\u00e9rieur\u2009?\",\"datePublished\":\"2025-08-22T22:08:23+00:00\",\"dateModified\":\"2025-08-22T22:08:27+00:00\",\"mainEntityOfPage\":{\"@id\":\"https:\\\/\\\/www.mobilier-design-occasion.fr\\\/magazine\\\/applique-murale-comment-lintegrer-pour-sublimer-votre-interieur\\\/\"},\"wordCount\":328,\"commentCount\":0,\"publisher\":{\"@id\":\"https:\\\/\\\/www.mobilier-design-occasion.fr\\\/magazine\\\/#organization\"},\"image\":{\"@id\":\"https:\\\/\\\/www.mobilier-design-occasion.fr\\\/magazine\\\/applique-murale-comment-lintegrer-pour-sublimer-votre-interieur\\\/#primaryimage\"},\"thumbnailUrl\":\"https:\\\/\\\/www.mobilier-design-occasion.fr\\\/magazine\\\/wp-content\\\/uploads\\\/2025\\\/08\\\/43f44a5eac2541659f7b45cb86be4b3f.jpeg\",\"articleSection\":[\"Chambre\",\"Chambre enfant\",\"Chambre parent\",\"Salon\",\"Tendances\"],\"inLanguage\":\"fr-FR\",\"potentialAction\":[{\"@type\":\"CommentAction\",\"name\":\"Comment\",\"target\":[\"https:\\\/\\\/www.mobilier-design-occasion.fr\\\/magazine\\\/applique-murale-comment-lintegrer-pour-sublimer-votre-interieur\\\/#respond\"]}]},{\"@type\":\"WebPage\",\"@id\":\"https:\\\/\\\/www.mobilier-design-occasion.fr\\\/magazine\\\/applique-murale-comment-lintegrer-pour-sublimer-votre-interieur\\\/\",\"url\":\"https:\\\/\\\/www.mobilier-design-occasion.fr\\\/magazine\\\/applique-murale-comment-lintegrer-pour-sublimer-votre-interieur\\\/\",\"name\":\"Applique murale : Comment l'int\u00e9grer pour sublimer votre int\u00e9rieur ?\",\"isPartOf\":{\"@id\":\"https:\\\/\\\/www.mobilier-design-occasion.fr\\\/magazine\\\/#website\"},\"primaryImageOfPage\":{\"@id\":\"https:\\\/\\\/www.mobilier-design-occasion.fr\\\/magazine\\\/applique-murale-comment-lintegrer-pour-sublimer-votre-interieur\\\/#primaryimage\"},\"image\":{\"@id\":\"https:\\\/\\\/www.mobilier-design-occasion.fr\\\/magazine\\\/applique-murale-comment-lintegrer-pour-sublimer-votre-interieur\\\/#primaryimage\"},\"thumbnailUrl\":\"https:\\\/\\\/www.mobilier-design-occasion.fr\\\/magazine\\\/wp-content\\\/uploads\\\/2025\\\/08\\\/43f44a5eac2541659f7b45cb86be4b3f.jpeg\",\"datePublished\":\"2025-08-22T22:08:23+00:00\",\"dateModified\":\"2025-08-22T22:08:27+00:00\",\"description\":\"L'applique murale est un luminaire qui permet de sublimer votre d\u00e9coration int\u00e9rieure. Pour ce faire, il suffit de suivre quelques bonnes pistes.\",\"breadcrumb\":{\"@id\":\"https:\\\/\\\/www.mobilier-design-occasion.fr\\\/magazine\\\/applique-murale-comment-lintegrer-pour-sublimer-votre-interieur\\\/#breadcrumb\"},\"inLanguage\":\"fr-FR\",\"potentialAction\":[{\"@type\":\"ReadAction\",\"target\":[\"https:\\\/\\\/www.mobilier-design-occasion.fr\\\/magazine\\\/applique-murale-comment-lintegrer-pour-sublimer-votre-interieur\\\/\"]}]},{\"@type\":\"ImageObject\",\"inLanguage\":\"fr-FR\",\"@id\":\"https:\\\/\\\/www.mobilier-design-occasion.fr\\\/magazine\\\/applique-murale-comment-lintegrer-pour-sublimer-votre-interieur\\\/#primaryimage\",\"url\":\"https:\\\/\\\/www.mobilier-design-occasion.fr\\\/magazine\\\/wp-content\\\/uploads\\\/2025\\\/08\\\/43f44a5eac2541659f7b45cb86be4b3f.jpeg\",\"contentUrl\":\"https:\\\/\\\/www.mobilier-design-occasion.fr\\\/magazine\\\/wp-content\\\/uploads\\\/2025\\\/08\\\/43f44a5eac2541659f7b45cb86be4b3f.jpeg\",\"width\":1200,\"height\":900},{\"@type\":\"BreadcrumbList\",\"@id\":\"https:\\\/\\\/www.mobilier-design-occasion.fr\\\/magazine\\\/applique-murale-comment-lintegrer-pour-sublimer-votre-interieur\\\/#breadcrumb\",\"itemListElement\":[{\"@type\":\"ListItem\",\"position\":1,\"name\":\"Accueil\",\"item\":\"https:\\\/\\\/www.mobilier-design-occasion.fr\\\/magazine\\\/\"},{\"@type\":\"ListItem\",\"position\":2,\"name\":\"Applique murale\u00a0: Comment l\u2019int\u00e9grer pour sublimer votre int\u00e9rieur\u2009?\"}]},{\"@type\":\"WebSite\",\"@id\":\"https:\\\/\\\/www.mobilier-design-occasion.fr\\\/magazine\\\/#website\",\"url\":\"https:\\\/\\\/www.mobilier-design-occasion.fr\\\/magazine\\\/\",\"name\":\"Mobilier Design Magazine\",\"description\":\"\",\"publisher\":{\"@id\":\"https:\\\/\\\/www.mobilier-design-occasion.fr\\\/magazine\\\/#organization\"},\"potentialAction\":[{\"@type\":\"SearchAction\",\"target\":{\"@type\":\"EntryPoint\",\"urlTemplate\":\"https:\\\/\\\/www.mobilier-design-occasion.fr\\\/magazine\\\/?s={search_term_string}\"},\"query-input\":{\"@type\":\"PropertyValueSpecification\",\"valueRequired\":true,\"valueName\":\"search_term_string\"}}],\"inLanguage\":\"fr-FR\"},{\"@type\":\"Organization\",\"@id\":\"https:\\\/\\\/www.mobilier-design-occasion.fr\\\/magazine\\\/#organization\",\"name\":\"Mobilier Design Magazine\",\"url\":\"https:\\\/\\\/www.mobilier-design-occasion.fr\\\/magazine\\\/\",\"logo\":{\"@type\":\"ImageObject\",\"inLanguage\":\"fr-FR\",\"@id\":\"https:\\\/\\\/www.mobilier-design-occasion.fr\\\/magazine\\\/#\\\/schema\\\/logo\\\/image\\\/\",\"url\":\"https:\\\/\\\/www.mobilier-design-occasion.fr\\\/magazine\\\/wp-content\\\/uploads\\\/2024\\\/02\\\/android-chrome-192x192-1.png\",\"contentUrl\":\"https:\\\/\\\/www.mobilier-design-occasion.fr\\\/magazine\\\/wp-content\\\/uploads\\\/2024\\\/02\\\/android-chrome-192x192-1.png\",\"width\":192,\"height\":192,\"caption\":\"Mobilier Design Magazine\"},\"image\":{\"@id\":\"https:\\\/\\\/www.mobilier-design-occasion.fr\\\/magazine\\\/#\\\/schema\\\/logo\\\/image\\\/\"},\"sameAs\":[\"https:\\\/\\\/www.facebook.com\\\/mobilierdesignoccasion\"]},{\"@type\":\"Person\",\"@id\":\"https:\\\/\\\/www.mobilier-design-occasion.fr\\\/magazine\\\/#\\\/schema\\\/person\\\/af895bedc80bfb6b17730a672fddac9e\",\"name\":\"Vincent Vandegans\",\"image\":{\"@type\":\"ImageObject\",\"inLanguage\":\"fr-FR\",\"@id\":\"https:\\\/\\\/secure.gravatar.com\\\/avatar\\\/b984800dabdf722d5e3f03f637c8932dea77d81118467d17ad2953e3b273ec66?s=96&d=mm&r=g\",\"url\":\"https:\\\/\\\/secure.gravatar.com\\\/avatar\\\/b984800dabdf722d5e3f03f637c8932dea77d81118467d17ad2953e3b273ec66?s=96&d=mm&r=g\",\"contentUrl\":\"https:\\\/\\\/secure.gravatar.com\\\/avatar\\\/b984800dabdf722d5e3f03f637c8932dea77d81118467d17ad2953e3b273ec66?s=96&d=mm&r=g\",\"caption\":\"Vincent Vandegans\"},\"description\":\"Vincent est passionn\u00e9 par les produits d'occasion, il a ouvert le site MDO avec Cyrielle pour aider les gens \u00e0 trouver du mobilier d'occasion, vintage ou usag\u00e9. Depuis, ils ont \u00e9tendu leurs activit\u00e9s et conseillent tout le monde sur le mobilier d'int\u00e9rieur et d'ext\u00e9rieur au quotidien \u00e0 travers le magazine MDO.\",\"url\":\"https:\\\/\\\/www.mobilier-design-occasion.fr\\\/magazine\\\/author\\\/vincent\\\/\"}]}<\/script>\n<!-- \/ Yoast SEO plugin. -->","yoast_head_json":{"title":"Applique murale : Comment l'int\u00e9grer pour sublimer votre int\u00e9rieur ?","description":"L'applique murale est un luminaire qui permet de sublimer votre d\u00e9coration int\u00e9rieure. Pour ce faire, il suffit de suivre quelques bonnes pistes.","robots":{"index":"index","follow":"follow","max-snippet":"max-snippet:-1","max-image-preview":"max-image-preview:large","max-video-preview":"max-video-preview:-1"},"canonical":"https:\/\/www.mobilier-design-occasion.fr\/magazine\/applique-murale-comment-lintegrer-pour-sublimer-votre-interieur\/","og_locale":"fr_FR","og_type":"article","og_title":"Applique murale : Comment l'int\u00e9grer pour sublimer votre int\u00e9rieur ?","og_description":"L'applique murale est un luminaire qui permet de sublimer votre d\u00e9coration int\u00e9rieure. Pour ce faire, il suffit de suivre quelques bonnes pistes.","og_url":"https:\/\/www.mobilier-design-occasion.fr\/magazine\/applique-murale-comment-lintegrer-pour-sublimer-votre-interieur\/","og_site_name":"Mobilier Design Magazine","article_publisher":"https:\/\/www.facebook.com\/mobilierdesignoccasion","article_published_time":"2025-08-22T22:08:23+00:00","article_modified_time":"2025-08-22T22:08:27+00:00","og_image":[{"width":1200,"height":900,"url":"https:\/\/www.mobilier-design-occasion.fr\/magazine\/wp-content\/uploads\/2025\/08\/43f44a5eac2541659f7b45cb86be4b3f.jpeg","type":"image\/jpeg"}],"author":"Vincent Vandegans","twitter_card":"summary_large_image","twitter_misc":{"\u00c9crit par":"Vincent Vandegans","Dur\u00e9e de lecture estim\u00e9e":"2 minutes"},"schema":{"@context":"https:\/\/schema.org","@graph":[{"@type":"Article","@id":"https:\/\/www.mobilier-design-occasion.fr\/magazine\/applique-murale-comment-lintegrer-pour-sublimer-votre-interieur\/#article","isPartOf":{"@id":"https:\/\/www.mobilier-design-occasion.fr\/magazine\/applique-murale-comment-lintegrer-pour-sublimer-votre-interieur\/"},"author":{"name":"Vincent Vandegans","@id":"https:\/\/www.mobilier-design-occasion.fr\/magazine\/#\/schema\/person\/af895bedc80bfb6b17730a672fddac9e"},"headline":"Applique murale\u00a0: Comment l\u2019int\u00e9grer pour sublimer votre int\u00e9rieur\u2009?","datePublished":"2025-08-22T22:08:23+00:00","dateModified":"2025-08-22T22:08:27+00:00","mainEntityOfPage":{"@id":"https:\/\/www.mobilier-design-occasion.fr\/magazine\/applique-murale-comment-lintegrer-pour-sublimer-votre-interieur\/"},"wordCount":328,"commentCount":0,"publisher":{"@id":"https:\/\/www.mobilier-design-occasion.fr\/magazine\/#organization"},"image":{"@id":"https:\/\/www.mobilier-design-occasion.fr\/magazine\/applique-murale-comment-lintegrer-pour-sublimer-votre-interieur\/#primaryimage"},"thumbnailUrl":"https:\/\/www.mobilier-design-occasion.fr\/magazine\/wp-content\/uploads\/2025\/08\/43f44a5eac2541659f7b45cb86be4b3f.jpeg","articleSection":["Chambre","Chambre enfant","Chambre parent","Salon","Tendances"],"inLanguage":"fr-FR","potentialAction":[{"@type":"CommentAction","name":"Comment","target":["https:\/\/www.mobilier-design-occasion.fr\/magazine\/applique-murale-comment-lintegrer-pour-sublimer-votre-interieur\/#respond"]}]},{"@type":"WebPage","@id":"https:\/\/www.mobilier-design-occasion.fr\/magazine\/applique-murale-comment-lintegrer-pour-sublimer-votre-interieur\/","url":"https:\/\/www.mobilier-design-occasion.fr\/magazine\/applique-murale-comment-lintegrer-pour-sublimer-votre-interieur\/","name":"Applique murale : Comment l'int\u00e9grer pour sublimer votre int\u00e9rieur ?","isPartOf":{"@id":"https:\/\/www.mobilier-design-occasion.fr\/magazine\/#website"},"primaryImageOfPage":{"@id":"https:\/\/www.mobilier-design-occasion.fr\/magazine\/applique-murale-comment-lintegrer-pour-sublimer-votre-interieur\/#primaryimage"},"image":{"@id":"https:\/\/www.mobilier-design-occasion.fr\/magazine\/applique-murale-comment-lintegrer-pour-sublimer-votre-interieur\/#primaryimage"},"thumbnailUrl":"https:\/\/www.mobilier-design-occasion.fr\/magazine\/wp-content\/uploads\/2025\/08\/43f44a5eac2541659f7b45cb86be4b3f.jpeg","datePublished":"2025-08-22T22:08:23+00:00","dateModified":"2025-08-22T22:08:27+00:00","description":"L'applique murale est un luminaire qui permet de sublimer votre d\u00e9coration int\u00e9rieure. Pour ce faire, il suffit de suivre quelques bonnes pistes.","breadcrumb":{"@id":"https:\/\/www.mobilier-design-occasion.fr\/magazine\/applique-murale-comment-lintegrer-pour-sublimer-votre-interieur\/#breadcrumb"},"inLanguage":"fr-FR","potentialAction":[{"@type":"ReadAction","target":["https:\/\/www.mobilier-design-occasion.fr\/magazine\/applique-murale-comment-lintegrer-pour-sublimer-votre-interieur\/"]}]},{"@type":"ImageObject","inLanguage":"fr-FR","@id":"https:\/\/www.mobilier-design-occasion.fr\/magazine\/applique-murale-comment-lintegrer-pour-sublimer-votre-interieur\/#primaryimage","url":"https:\/\/www.mobilier-design-occasion.fr\/magazine\/wp-content\/uploads\/2025\/08\/43f44a5eac2541659f7b45cb86be4b3f.jpeg","contentUrl":"https:\/\/www.mobilier-design-occasion.fr\/magazine\/wp-content\/uploads\/2025\/08\/43f44a5eac2541659f7b45cb86be4b3f.jpeg","width":1200,"height":900},{"@type":"BreadcrumbList","@id":"https:\/\/www.mobilier-design-occasion.fr\/magazine\/applique-murale-comment-lintegrer-pour-sublimer-votre-interieur\/#breadcrumb","itemListElement":[{"@type":"ListItem","position":1,"name":"Accueil","item":"https:\/\/www.mobilier-design-occasion.fr\/magazine\/"},{"@type":"ListItem","position":2,"name":"Applique murale\u00a0: Comment l\u2019int\u00e9grer pour sublimer votre int\u00e9rieur\u2009?"}]},{"@type":"WebSite","@id":"https:\/\/www.mobilier-design-occasion.fr\/magazine\/#website","url":"https:\/\/www.mobilier-design-occasion.fr\/magazine\/","name":"Mobilier Design Magazine","description":"","publisher":{"@id":"https:\/\/www.mobilier-design-occasion.fr\/magazine\/#organization"},"potentialAction":[{"@type":"SearchAction","target":{"@type":"EntryPoint","urlTemplate":"https:\/\/www.mobilier-design-occasion.fr\/magazine\/?s={search_term_string}"},"query-input":{"@type":"PropertyValueSpecification","valueRequired":true,"valueName":"search_term_string"}}],"inLanguage":"fr-FR"},{"@type":"Organization","@id":"https:\/\/www.mobilier-design-occasion.fr\/magazine\/#organization","name":"Mobilier Design Magazine","url":"https:\/\/www.mobilier-design-occasion.fr\/magazine\/","logo":{"@type":"ImageObject","inLanguage":"fr-FR","@id":"https:\/\/www.mobilier-design-occasion.fr\/magazine\/#\/schema\/logo\/image\/","url":"https:\/\/www.mobilier-design-occasion.fr\/magazine\/wp-content\/uploads\/2024\/02\/android-chrome-192x192-1.png","contentUrl":"https:\/\/www.mobilier-design-occasion.fr\/magazine\/wp-content\/uploads\/2024\/02\/android-chrome-192x192-1.png","width":192,"height":192,"caption":"Mobilier Design Magazine"},"image":{"@id":"https:\/\/www.mobilier-design-occasion.fr\/magazine\/#\/schema\/logo\/image\/"},"sameAs":["https:\/\/www.facebook.com\/mobilierdesignoccasion"]},{"@type":"Person","@id":"https:\/\/www.mobilier-design-occasion.fr\/magazine\/#\/schema\/person\/af895bedc80bfb6b17730a672fddac9e","name":"Vincent Vandegans","image":{"@type":"ImageObject","inLanguage":"fr-FR","@id":"https:\/\/secure.gravatar.com\/avatar\/b984800dabdf722d5e3f03f637c8932dea77d81118467d17ad2953e3b273ec66?s=96&d=mm&r=g","url":"https:\/\/secure.gravatar.com\/avatar\/b984800dabdf722d5e3f03f637c8932dea77d81118467d17ad2953e3b273ec66?s=96&d=mm&r=g","contentUrl":"https:\/\/secure.gravatar.com\/avatar\/b984800dabdf722d5e3f03f637c8932dea77d81118467d17ad2953e3b273ec66?s=96&d=mm&r=g","caption":"Vincent Vandegans"},"description":"Vincent est passionn\u00e9 par les produits d'occasion, il a ouvert le site MDO avec Cyrielle pour aider les gens \u00e0 trouver du mobilier d'occasion, vintage ou usag\u00e9. Depuis, ils ont \u00e9tendu leurs activit\u00e9s et conseillent tout le monde sur le mobilier d'int\u00e9rieur et d'ext\u00e9rieur au quotidien \u00e0 travers le magazine MDO.","url":"https:\/\/www.mobilier-design-occasion.fr\/magazine\/author\/vincent\/"}]}},"_links":{"self":[{"href":"https:\/\/www.mobilier-design-occasion.fr\/magazine\/wp-json\/wp\/v2\/posts\/8462","targetHints":{"allow":["GET"]}}],"collection":[{"href":"https:\/\/www.mobilier-design-occasion.fr\/magazine\/wp-json\/wp\/v2\/posts"}],"about":[{"href":"https:\/\/www.mobilier-design-occasion.fr\/magazine\/wp-json\/wp\/v2\/types\/post"}],"author":[{"embeddable":true,"href":"https:\/\/www.mobilier-design-occasion.fr\/magazine\/wp-json\/wp\/v2\/users\/2"}],"replies":[{"embeddable":true,"href":"https:\/\/www.mobilier-design-occasion.fr\/magazine\/wp-json\/wp\/v2\/comments?post=8462"}],"version-history":[{"count":1,"href":"https:\/\/www.mobilier-design-occasion.fr\/magazine\/wp-json\/wp\/v2\/posts\/8462\/revisions"}],"predecessor-version":[{"id":8464,"href":"https:\/\/www.mobilier-design-occasion.fr\/magazine\/wp-json\/wp\/v2\/posts\/8462\/revisions\/8464"}],"wp:featuredmedia":[{"embeddable":true,"href":"https:\/\/www.mobilier-design-occasion.fr\/magazine\/wp-json\/wp\/v2\/media\/8465"}],"wp:attachment":[{"href":"https:\/\/www.mobilier-design-occasion.fr\/magazine\/wp-json\/wp\/v2\/media?parent=8462"}],"wp:term":[{"taxonomy":"category","embeddable":true,"href":"https:\/\/www.mobilier-design-occasion.fr\/magazine\/wp-json\/wp\/v2\/categories?post=8462"},{"taxonomy":"post_tag","embeddable":true,"href":"https:\/\/www.mobilier-design-occasion.fr\/magazine\/wp-json\/wp\/v2\/tags?post=8462"}],"curies":[{"name":"wp","href":"https:\/\/api.w.org\/{rel}","templated":true}]}}