{"id":8406,"date":"2025-08-09T09:28:17","date_gmt":"2025-08-09T09:28:17","guid":{"rendered":"https:\/\/www.mobilier-design-occasion.fr\/magazine\/des-nuits-parfaites-dans-la-chambre-parentale-grace-aux-rideaux-occultants\/"},"modified":"2025-08-09T09:28:17","modified_gmt":"2025-08-09T09:28:17","slug":"des-nuits-parfaites-dans-la-chambre-parentale-grace-aux-rideaux-occultants","status":"publish","type":"post","link":"https:\/\/www.mobilier-design-occasion.fr\/magazine\/des-nuits-parfaites-dans-la-chambre-parentale-grace-aux-rideaux-occultants\/","title":{"rendered":"Des nuits parfaites dans la chambre parentale gr\u00e2ce aux rideaux occultants"},"content":{"rendered":"<p data-start=\"374\" data-end=\"759\">Dans une chambre parentale, chaque d&eacute;tail compte pour cr&eacute;er un espace reposant. Les <strong data-start=\"458\" data-end=\"480\">rideaux occultants<\/strong> sont bien plus qu&rsquo;un simple &eacute;l&eacute;ment d&eacute;coratif : ils transforment l&rsquo;atmosph&egrave;re et am&eacute;liorent concr&egrave;tement la qualit&eacute; du sommeil. Gr&acirc;ce &agrave; leur tissage dense, ils bloquent <strong data-start=\"650\" data-end=\"681\">jusqu&rsquo;&agrave; 100 % de la lumi&egrave;re<\/strong>, prot&eacute;geant des r&eacute;verb&eacute;rations matinales ou des &eacute;clairages urbains g&ecirc;nants.<\/p>\n<h2 data-start=\"761\" data-end=\"809\"><span class=\"ez-toc-section\" id=\"Confort_thermique_et_isolation_phonique\"><\/span><strong data-start=\"764\" data-end=\"807\">Confort thermique et isolation phonique<\/strong><span class=\"ez-toc-section-end\"><\/span><\/h2><div id=\"ez-toc-container\" class=\"ez-toc-v2_0_82_2 counter-hierarchy ez-toc-counter ez-toc-grey ez-toc-container-direction\">\n<div class=\"ez-toc-title-container\">\n<span class=\"ez-toc-title-toggle\"><a href=\"#\" class=\"ez-toc-pull-right ez-toc-btn ez-toc-btn-xs ez-toc-btn-default ez-toc-toggle\" aria-label=\"Toggle Table of Content\"><span class=\"ez-toc-js-icon-con\"><span class=\"\"><span class=\"eztoc-hide\" style=\"display:none;\">Toggle<\/span><span class=\"ez-toc-icon-toggle-span\"><svg style=\"fill: #999;color:#999\" xmlns=\"http:\/\/www.w3.org\/2000\/svg\" class=\"list-377408\" width=\"20px\" height=\"20px\" viewBox=\"0 0 24 24\" fill=\"none\"><path d=\"M6 6H4v2h2V6zm14 0H8v2h12V6zM4 11h2v2H4v-2zm16 0H8v2h12v-2zM4 16h2v2H4v-2zm16 0H8v2h12v-2z\" fill=\"currentColor\"><\/path><\/svg><svg style=\"fill: #999;color:#999\" class=\"arrow-unsorted-368013\" xmlns=\"http:\/\/www.w3.org\/2000\/svg\" width=\"10px\" height=\"10px\" viewBox=\"0 0 24 24\" version=\"1.2\" baseProfile=\"tiny\"><path d=\"M18.2 9.3l-6.2-6.3-6.2 6.3c-.2.2-.3.4-.3.7s.1.5.3.7c.2.2.4.3.7.3h11c.3 0 .5-.1.7-.3.2-.2.3-.5.3-.7s-.1-.5-.3-.7zM5.8 14.7l6.2 6.3 6.2-6.3c.2-.2.3-.5.3-.7s-.1-.5-.3-.7c-.2-.2-.4-.3-.7-.3h-11c-.3 0-.5.1-.7.3-.2.2-.3.5-.3.7s.1.5.3.7z\"\/><\/svg><\/span><\/span><\/span><\/a><\/span><\/div>\n<nav><ul class='ez-toc-list ez-toc-list-level-1 eztoc-toggle-hide-by-default' ><li class='ez-toc-page-1 ez-toc-heading-level-2'><a class=\"ez-toc-link ez-toc-heading-1\" href=\"https:\/\/www.mobilier-design-occasion.fr\/magazine\/des-nuits-parfaites-dans-la-chambre-parentale-grace-aux-rideaux-occultants\/#Confort_thermique_et_isolation_phonique\" >Confort thermique et isolation phonique<\/a><\/li><li class='ez-toc-page-1 ez-toc-heading-level-2'><a class=\"ez-toc-link ez-toc-heading-2\" href=\"https:\/\/www.mobilier-design-occasion.fr\/magazine\/des-nuits-parfaites-dans-la-chambre-parentale-grace-aux-rideaux-occultants\/#Design_et_finitions_pour_la_chambre_parentale\" >Design et finitions pour la chambre parentale<\/a><ul class='ez-toc-list-level-3' ><li class='ez-toc-heading-level-3'><a class=\"ez-toc-link ez-toc-heading-3\" href=\"https:\/\/www.mobilier-design-occasion.fr\/magazine\/des-nuits-parfaites-dans-la-chambre-parentale-grace-aux-rideaux-occultants\/#Avantages_cles\" >Avantages cl&eacute;s :<\/a><\/li><\/ul><\/li><\/ul><\/nav><\/div>\n\n<p data-start=\"810\" data-end=\"1132\">Au-del&agrave; de l&rsquo;obscurit&eacute;, les rideaux occultants offrent une <strong data-start=\"869\" data-end=\"892\">isolation thermique<\/strong> pr&eacute;cieuse. En hiver, ils conservent la chaleur dans la pi&egrave;ce, et en &eacute;t&eacute;, ils pr&eacute;servent la fra&icirc;cheur. Leur densit&eacute; agit &eacute;galement comme un filtre acoustique, r&eacute;duisant les nuisances sonores pour garantir un environnement calme et apais&eacute;.<\/p>\n<h2 data-start=\"1134\" data-end=\"1188\"><span class=\"ez-toc-section\" id=\"Design_et_finitions_pour_la_chambre_parentale\"><\/span><strong data-start=\"1137\" data-end=\"1186\">Design et finitions pour la chambre parentale<\/strong><span class=\"ez-toc-section-end\"><\/span><\/h2>\n<p data-start=\"1189\" data-end=\"1558\">Leur esth&eacute;tique joue un r&ocirc;le majeur. Avec une large gamme de <strong data-start=\"1250\" data-end=\"1262\">textures<\/strong> et <strong data-start=\"1266\" data-end=\"1278\">couleurs<\/strong>, du velours profond au coton naturel, chacun peut harmoniser ses rideaux avec le linge de lit, le mobilier ou la peinture des murs. Les finitions vari&eacute;es &ndash; &oelig;illets, galon fronceur, passepoil &ndash; ajoutent une touche personnalis&eacute;e, renfor&ccedil;ant l&rsquo;impression de confort haut de gamme.<\/p>\n<h3 data-start=\"1560\" data-end=\"1582\"><span class=\"ez-toc-section\" id=\"Avantages_cles\"><\/span><strong data-start=\"1560\" data-end=\"1580\">Avantages cl&eacute;s :<\/strong><span class=\"ez-toc-section-end\"><\/span><\/h3>\n<ul data-start=\"1583\" data-end=\"1833\">\n<li data-start=\"1583\" data-end=\"1645\"><strong data-start=\"1585\" data-end=\"1605\">Obscurit&eacute; totale<\/strong> : sommeil plus profond et r&eacute;parateur.<\/li>\n<li data-start=\"1646\" data-end=\"1705\"><strong data-start=\"1648\" data-end=\"1671\">Isolation thermique<\/strong> : confort stable toute l&rsquo;ann&eacute;e.<\/li>\n<li data-start=\"1706\" data-end=\"1771\"><strong data-start=\"1708\" data-end=\"1730\">R&eacute;duction du bruit<\/strong> : atmosph&egrave;re paisible dans la chambre.<\/li>\n<li data-start=\"1772\" data-end=\"1833\"><strong data-start=\"1774\" data-end=\"1791\">Style &eacute;l&eacute;gant<\/strong> : finition soign&eacute;e et d&eacute;cor harmonieux.<\/li>\n<\/ul>\n<p data-start=\"1835\" data-end=\"2188\">Pour un r&eacute;sultat optimal, il est conseill&eacute; de choisir des rideaux deux fois plus larges que la fen&ecirc;tre pour un tomb&eacute; impeccable. La collection de <strong data-start=\"1981\" data-end=\"2062\"><a href=\"https:\/\/rideauxmaison.fr\/collections\/rideaux-occultants\" target=\"_new\" rel=\"noopener\" data-start=\"1983\" data-end=\"2060\">rideaux occultants<\/a><\/strong> offre des options pr&ecirc;tes &agrave; poser ou personnalis&eacute;es, permettant de combiner performance technique et raffinement esth&eacute;tique.<\/p>\n<p data-start=\"2190\" data-end=\"2334\">En investissant dans des rideaux occultants, la chambre parentale devient un v&eacute;ritable refuge, alliant confort, tranquillit&eacute; et style durable.<\/p>\n","protected":false},"excerpt":{"rendered":"<p>Dans une chambre parentale, chaque d&eacute;tail compte pour cr&eacute;er un espace reposant. Les rideaux occultants sont bien plus qu&rsquo;un simple &eacute;l&eacute;ment d&eacute;coratif : ils transforment l&rsquo;atmosph&egrave;re et am&eacute;liorent concr&egrave;tement la qualit&eacute; du sommeil. Gr&acirc;ce &agrave; leur tissage dense, ils bloquent jusqu&rsquo;&agrave; 100 % de la lumi&egrave;re, prot&eacute;geant des r&eacute;verb&eacute;rations matinales ou des &eacute;clairages urbains g&ecirc;nants. [&hellip;]<\/p>\n","protected":false},"author":2,"featured_media":8408,"comment_status":"open","ping_status":"open","sticky":false,"template":"","format":"standard","meta":{"footnotes":""},"categories":[126],"tags":[],"class_list":["post-8406","post","type-post","status-publish","format-standard","has-post-thumbnail","hentry","category-chambre-parent"],"yoast_head":"<!-- This site is optimized with the Yoast SEO plugin v27.5 - https:\/\/yoast.com\/product\/yoast-seo-wordpress\/ -->\n<title>Rideaux Occultants Chambre Parentale \u2013 Confort, Isolation et Style<\/title>\n<meta name=\"description\" content=\"Am\u00e9liorez votre chambre parentale avec des rideaux occultants : obscurit\u00e9 totale, isolation thermique et design raffin\u00e9 pour un sommeil optimal.\" \/>\n<meta name=\"robots\" content=\"index, follow, max-snippet:-1, max-image-preview:large, max-video-preview:-1\" \/>\n<link rel=\"canonical\" href=\"https:\/\/www.mobilier-design-occasion.fr\/magazine\/des-nuits-parfaites-dans-la-chambre-parentale-grace-aux-rideaux-occultants\/\" \/>\n<meta property=\"og:locale\" content=\"fr_FR\" \/>\n<meta property=\"og:type\" content=\"article\" \/>\n<meta property=\"og:title\" content=\"Rideaux Occultants Chambre Parentale \u2013 Confort, Isolation et Style\" \/>\n<meta property=\"og:description\" content=\"Am\u00e9liorez votre chambre parentale avec des rideaux occultants : obscurit\u00e9 totale, isolation thermique et design raffin\u00e9 pour un sommeil optimal.\" \/>\n<meta property=\"og:url\" content=\"https:\/\/www.mobilier-design-occasion.fr\/magazine\/des-nuits-parfaites-dans-la-chambre-parentale-grace-aux-rideaux-occultants\/\" \/>\n<meta property=\"og:site_name\" content=\"Mobilier Design Magazine\" \/>\n<meta property=\"article:publisher\" content=\"https:\/\/www.facebook.com\/mobilierdesignoccasion\" \/>\n<meta property=\"article:published_time\" content=\"2025-08-09T09:28:17+00:00\" \/>\n<meta property=\"og:image\" content=\"https:\/\/www.mobilier-design-occasion.fr\/magazine\/wp-content\/uploads\/2025\/08\/28edbc5648544315f84e65f7371032a7-scaled.jpg\" \/>\n\t<meta property=\"og:image:width\" content=\"1434\" \/>\n\t<meta property=\"og:image:height\" content=\"2048\" \/>\n\t<meta property=\"og:image:type\" content=\"image\/jpeg\" \/>\n<meta name=\"author\" content=\"Vincent Vandegans\" \/>\n<meta name=\"twitter:card\" content=\"summary_large_image\" \/>\n<meta name=\"twitter:label1\" content=\"\u00c9crit par\" \/>\n\t<meta name=\"twitter:data1\" content=\"Vincent Vandegans\" \/>\n\t<meta name=\"twitter:label2\" content=\"Dur\u00e9e de lecture estim\u00e9e\" \/>\n\t<meta name=\"twitter:data2\" content=\"2 minutes\" \/>\n<script type=\"application\/ld+json\" class=\"yoast-schema-graph\">{\"@context\":\"https:\\\/\\\/schema.org\",\"@graph\":[{\"@type\":\"Article\",\"@id\":\"https:\\\/\\\/www.mobilier-design-occasion.fr\\\/magazine\\\/des-nuits-parfaites-dans-la-chambre-parentale-grace-aux-rideaux-occultants\\\/#article\",\"isPartOf\":{\"@id\":\"https:\\\/\\\/www.mobilier-design-occasion.fr\\\/magazine\\\/des-nuits-parfaites-dans-la-chambre-parentale-grace-aux-rideaux-occultants\\\/\"},\"author\":{\"name\":\"Vincent Vandegans\",\"@id\":\"https:\\\/\\\/www.mobilier-design-occasion.fr\\\/magazine\\\/#\\\/schema\\\/person\\\/af895bedc80bfb6b17730a672fddac9e\"},\"headline\":\"Des nuits parfaites dans la chambre parentale gr\u00e2ce aux rideaux occultants\",\"datePublished\":\"2025-08-09T09:28:17+00:00\",\"mainEntityOfPage\":{\"@id\":\"https:\\\/\\\/www.mobilier-design-occasion.fr\\\/magazine\\\/des-nuits-parfaites-dans-la-chambre-parentale-grace-aux-rideaux-occultants\\\/\"},\"wordCount\":373,\"commentCount\":0,\"publisher\":{\"@id\":\"https:\\\/\\\/www.mobilier-design-occasion.fr\\\/magazine\\\/#organization\"},\"image\":{\"@id\":\"https:\\\/\\\/www.mobilier-design-occasion.fr\\\/magazine\\\/des-nuits-parfaites-dans-la-chambre-parentale-grace-aux-rideaux-occultants\\\/#primaryimage\"},\"thumbnailUrl\":\"https:\\\/\\\/www.mobilier-design-occasion.fr\\\/magazine\\\/wp-content\\\/uploads\\\/2025\\\/08\\\/28edbc5648544315f84e65f7371032a7-scaled.jpg\",\"articleSection\":[\"Chambre parent\"],\"inLanguage\":\"fr-FR\",\"potentialAction\":[{\"@type\":\"CommentAction\",\"name\":\"Comment\",\"target\":[\"https:\\\/\\\/www.mobilier-design-occasion.fr\\\/magazine\\\/des-nuits-parfaites-dans-la-chambre-parentale-grace-aux-rideaux-occultants\\\/#respond\"]}]},{\"@type\":\"WebPage\",\"@id\":\"https:\\\/\\\/www.mobilier-design-occasion.fr\\\/magazine\\\/des-nuits-parfaites-dans-la-chambre-parentale-grace-aux-rideaux-occultants\\\/\",\"url\":\"https:\\\/\\\/www.mobilier-design-occasion.fr\\\/magazine\\\/des-nuits-parfaites-dans-la-chambre-parentale-grace-aux-rideaux-occultants\\\/\",\"name\":\"Rideaux Occultants Chambre Parentale \u2013 Confort, Isolation et Style\",\"isPartOf\":{\"@id\":\"https:\\\/\\\/www.mobilier-design-occasion.fr\\\/magazine\\\/#website\"},\"primaryImageOfPage\":{\"@id\":\"https:\\\/\\\/www.mobilier-design-occasion.fr\\\/magazine\\\/des-nuits-parfaites-dans-la-chambre-parentale-grace-aux-rideaux-occultants\\\/#primaryimage\"},\"image\":{\"@id\":\"https:\\\/\\\/www.mobilier-design-occasion.fr\\\/magazine\\\/des-nuits-parfaites-dans-la-chambre-parentale-grace-aux-rideaux-occultants\\\/#primaryimage\"},\"thumbnailUrl\":\"https:\\\/\\\/www.mobilier-design-occasion.fr\\\/magazine\\\/wp-content\\\/uploads\\\/2025\\\/08\\\/28edbc5648544315f84e65f7371032a7-scaled.jpg\",\"datePublished\":\"2025-08-09T09:28:17+00:00\",\"description\":\"Am\u00e9liorez votre chambre parentale avec des rideaux occultants : obscurit\u00e9 totale, isolation thermique et design raffin\u00e9 pour un sommeil optimal.\",\"breadcrumb\":{\"@id\":\"https:\\\/\\\/www.mobilier-design-occasion.fr\\\/magazine\\\/des-nuits-parfaites-dans-la-chambre-parentale-grace-aux-rideaux-occultants\\\/#breadcrumb\"},\"inLanguage\":\"fr-FR\",\"potentialAction\":[{\"@type\":\"ReadAction\",\"target\":[\"https:\\\/\\\/www.mobilier-design-occasion.fr\\\/magazine\\\/des-nuits-parfaites-dans-la-chambre-parentale-grace-aux-rideaux-occultants\\\/\"]}]},{\"@type\":\"ImageObject\",\"inLanguage\":\"fr-FR\",\"@id\":\"https:\\\/\\\/www.mobilier-design-occasion.fr\\\/magazine\\\/des-nuits-parfaites-dans-la-chambre-parentale-grace-aux-rideaux-occultants\\\/#primaryimage\",\"url\":\"https:\\\/\\\/www.mobilier-design-occasion.fr\\\/magazine\\\/wp-content\\\/uploads\\\/2025\\\/08\\\/28edbc5648544315f84e65f7371032a7-scaled.jpg\",\"contentUrl\":\"https:\\\/\\\/www.mobilier-design-occasion.fr\\\/magazine\\\/wp-content\\\/uploads\\\/2025\\\/08\\\/28edbc5648544315f84e65f7371032a7-scaled.jpg\",\"width\":1434,\"height\":2048},{\"@type\":\"BreadcrumbList\",\"@id\":\"https:\\\/\\\/www.mobilier-design-occasion.fr\\\/magazine\\\/des-nuits-parfaites-dans-la-chambre-parentale-grace-aux-rideaux-occultants\\\/#breadcrumb\",\"itemListElement\":[{\"@type\":\"ListItem\",\"position\":1,\"name\":\"Accueil\",\"item\":\"https:\\\/\\\/www.mobilier-design-occasion.fr\\\/magazine\\\/\"},{\"@type\":\"ListItem\",\"position\":2,\"name\":\"Des nuits parfaites dans la chambre parentale gr\u00e2ce aux rideaux occultants\"}]},{\"@type\":\"WebSite\",\"@id\":\"https:\\\/\\\/www.mobilier-design-occasion.fr\\\/magazine\\\/#website\",\"url\":\"https:\\\/\\\/www.mobilier-design-occasion.fr\\\/magazine\\\/\",\"name\":\"Mobilier Design Magazine\",\"description\":\"\",\"publisher\":{\"@id\":\"https:\\\/\\\/www.mobilier-design-occasion.fr\\\/magazine\\\/#organization\"},\"potentialAction\":[{\"@type\":\"SearchAction\",\"target\":{\"@type\":\"EntryPoint\",\"urlTemplate\":\"https:\\\/\\\/www.mobilier-design-occasion.fr\\\/magazine\\\/?s={search_term_string}\"},\"query-input\":{\"@type\":\"PropertyValueSpecification\",\"valueRequired\":true,\"valueName\":\"search_term_string\"}}],\"inLanguage\":\"fr-FR\"},{\"@type\":\"Organization\",\"@id\":\"https:\\\/\\\/www.mobilier-design-occasion.fr\\\/magazine\\\/#organization\",\"name\":\"Mobilier Design Magazine\",\"url\":\"https:\\\/\\\/www.mobilier-design-occasion.fr\\\/magazine\\\/\",\"logo\":{\"@type\":\"ImageObject\",\"inLanguage\":\"fr-FR\",\"@id\":\"https:\\\/\\\/www.mobilier-design-occasion.fr\\\/magazine\\\/#\\\/schema\\\/logo\\\/image\\\/\",\"url\":\"https:\\\/\\\/www.mobilier-design-occasion.fr\\\/magazine\\\/wp-content\\\/uploads\\\/2024\\\/02\\\/android-chrome-192x192-1.png\",\"contentUrl\":\"https:\\\/\\\/www.mobilier-design-occasion.fr\\\/magazine\\\/wp-content\\\/uploads\\\/2024\\\/02\\\/android-chrome-192x192-1.png\",\"width\":192,\"height\":192,\"caption\":\"Mobilier Design Magazine\"},\"image\":{\"@id\":\"https:\\\/\\\/www.mobilier-design-occasion.fr\\\/magazine\\\/#\\\/schema\\\/logo\\\/image\\\/\"},\"sameAs\":[\"https:\\\/\\\/www.facebook.com\\\/mobilierdesignoccasion\"]},{\"@type\":\"Person\",\"@id\":\"https:\\\/\\\/www.mobilier-design-occasion.fr\\\/magazine\\\/#\\\/schema\\\/person\\\/af895bedc80bfb6b17730a672fddac9e\",\"name\":\"Vincent Vandegans\",\"image\":{\"@type\":\"ImageObject\",\"inLanguage\":\"fr-FR\",\"@id\":\"https:\\\/\\\/secure.gravatar.com\\\/avatar\\\/b984800dabdf722d5e3f03f637c8932dea77d81118467d17ad2953e3b273ec66?s=96&d=mm&r=g\",\"url\":\"https:\\\/\\\/secure.gravatar.com\\\/avatar\\\/b984800dabdf722d5e3f03f637c8932dea77d81118467d17ad2953e3b273ec66?s=96&d=mm&r=g\",\"contentUrl\":\"https:\\\/\\\/secure.gravatar.com\\\/avatar\\\/b984800dabdf722d5e3f03f637c8932dea77d81118467d17ad2953e3b273ec66?s=96&d=mm&r=g\",\"caption\":\"Vincent Vandegans\"},\"description\":\"Vincent est passionn\u00e9 par les produits d'occasion, il a ouvert le site MDO avec Cyrielle pour aider les gens \u00e0 trouver du mobilier d'occasion, vintage ou usag\u00e9. Depuis, ils ont \u00e9tendu leurs activit\u00e9s et conseillent tout le monde sur le mobilier d'int\u00e9rieur et d'ext\u00e9rieur au quotidien \u00e0 travers le magazine MDO.\",\"url\":\"https:\\\/\\\/www.mobilier-design-occasion.fr\\\/magazine\\\/author\\\/vincent\\\/\"}]}<\/script>\n<!-- \/ Yoast SEO plugin. -->","yoast_head_json":{"title":"Rideaux Occultants Chambre Parentale \u2013 Confort, Isolation et Style","description":"Am\u00e9liorez votre chambre parentale avec des rideaux occultants : obscurit\u00e9 totale, isolation thermique et design raffin\u00e9 pour un sommeil optimal.","robots":{"index":"index","follow":"follow","max-snippet":"max-snippet:-1","max-image-preview":"max-image-preview:large","max-video-preview":"max-video-preview:-1"},"canonical":"https:\/\/www.mobilier-design-occasion.fr\/magazine\/des-nuits-parfaites-dans-la-chambre-parentale-grace-aux-rideaux-occultants\/","og_locale":"fr_FR","og_type":"article","og_title":"Rideaux Occultants Chambre Parentale \u2013 Confort, Isolation et Style","og_description":"Am\u00e9liorez votre chambre parentale avec des rideaux occultants : obscurit\u00e9 totale, isolation thermique et design raffin\u00e9 pour un sommeil optimal.","og_url":"https:\/\/www.mobilier-design-occasion.fr\/magazine\/des-nuits-parfaites-dans-la-chambre-parentale-grace-aux-rideaux-occultants\/","og_site_name":"Mobilier Design Magazine","article_publisher":"https:\/\/www.facebook.com\/mobilierdesignoccasion","article_published_time":"2025-08-09T09:28:17+00:00","og_image":[{"width":1434,"height":2048,"url":"https:\/\/www.mobilier-design-occasion.fr\/magazine\/wp-content\/uploads\/2025\/08\/28edbc5648544315f84e65f7371032a7-scaled.jpg","type":"image\/jpeg"}],"author":"Vincent Vandegans","twitter_card":"summary_large_image","twitter_misc":{"\u00c9crit par":"Vincent Vandegans","Dur\u00e9e de lecture estim\u00e9e":"2 minutes"},"schema":{"@context":"https:\/\/schema.org","@graph":[{"@type":"Article","@id":"https:\/\/www.mobilier-design-occasion.fr\/magazine\/des-nuits-parfaites-dans-la-chambre-parentale-grace-aux-rideaux-occultants\/#article","isPartOf":{"@id":"https:\/\/www.mobilier-design-occasion.fr\/magazine\/des-nuits-parfaites-dans-la-chambre-parentale-grace-aux-rideaux-occultants\/"},"author":{"name":"Vincent Vandegans","@id":"https:\/\/www.mobilier-design-occasion.fr\/magazine\/#\/schema\/person\/af895bedc80bfb6b17730a672fddac9e"},"headline":"Des nuits parfaites dans la chambre parentale gr\u00e2ce aux rideaux occultants","datePublished":"2025-08-09T09:28:17+00:00","mainEntityOfPage":{"@id":"https:\/\/www.mobilier-design-occasion.fr\/magazine\/des-nuits-parfaites-dans-la-chambre-parentale-grace-aux-rideaux-occultants\/"},"wordCount":373,"commentCount":0,"publisher":{"@id":"https:\/\/www.mobilier-design-occasion.fr\/magazine\/#organization"},"image":{"@id":"https:\/\/www.mobilier-design-occasion.fr\/magazine\/des-nuits-parfaites-dans-la-chambre-parentale-grace-aux-rideaux-occultants\/#primaryimage"},"thumbnailUrl":"https:\/\/www.mobilier-design-occasion.fr\/magazine\/wp-content\/uploads\/2025\/08\/28edbc5648544315f84e65f7371032a7-scaled.jpg","articleSection":["Chambre parent"],"inLanguage":"fr-FR","potentialAction":[{"@type":"CommentAction","name":"Comment","target":["https:\/\/www.mobilier-design-occasion.fr\/magazine\/des-nuits-parfaites-dans-la-chambre-parentale-grace-aux-rideaux-occultants\/#respond"]}]},{"@type":"WebPage","@id":"https:\/\/www.mobilier-design-occasion.fr\/magazine\/des-nuits-parfaites-dans-la-chambre-parentale-grace-aux-rideaux-occultants\/","url":"https:\/\/www.mobilier-design-occasion.fr\/magazine\/des-nuits-parfaites-dans-la-chambre-parentale-grace-aux-rideaux-occultants\/","name":"Rideaux Occultants Chambre Parentale \u2013 Confort, Isolation et Style","isPartOf":{"@id":"https:\/\/www.mobilier-design-occasion.fr\/magazine\/#website"},"primaryImageOfPage":{"@id":"https:\/\/www.mobilier-design-occasion.fr\/magazine\/des-nuits-parfaites-dans-la-chambre-parentale-grace-aux-rideaux-occultants\/#primaryimage"},"image":{"@id":"https:\/\/www.mobilier-design-occasion.fr\/magazine\/des-nuits-parfaites-dans-la-chambre-parentale-grace-aux-rideaux-occultants\/#primaryimage"},"thumbnailUrl":"https:\/\/www.mobilier-design-occasion.fr\/magazine\/wp-content\/uploads\/2025\/08\/28edbc5648544315f84e65f7371032a7-scaled.jpg","datePublished":"2025-08-09T09:28:17+00:00","description":"Am\u00e9liorez votre chambre parentale avec des rideaux occultants : obscurit\u00e9 totale, isolation thermique et design raffin\u00e9 pour un sommeil optimal.","breadcrumb":{"@id":"https:\/\/www.mobilier-design-occasion.fr\/magazine\/des-nuits-parfaites-dans-la-chambre-parentale-grace-aux-rideaux-occultants\/#breadcrumb"},"inLanguage":"fr-FR","potentialAction":[{"@type":"ReadAction","target":["https:\/\/www.mobilier-design-occasion.fr\/magazine\/des-nuits-parfaites-dans-la-chambre-parentale-grace-aux-rideaux-occultants\/"]}]},{"@type":"ImageObject","inLanguage":"fr-FR","@id":"https:\/\/www.mobilier-design-occasion.fr\/magazine\/des-nuits-parfaites-dans-la-chambre-parentale-grace-aux-rideaux-occultants\/#primaryimage","url":"https:\/\/www.mobilier-design-occasion.fr\/magazine\/wp-content\/uploads\/2025\/08\/28edbc5648544315f84e65f7371032a7-scaled.jpg","contentUrl":"https:\/\/www.mobilier-design-occasion.fr\/magazine\/wp-content\/uploads\/2025\/08\/28edbc5648544315f84e65f7371032a7-scaled.jpg","width":1434,"height":2048},{"@type":"BreadcrumbList","@id":"https:\/\/www.mobilier-design-occasion.fr\/magazine\/des-nuits-parfaites-dans-la-chambre-parentale-grace-aux-rideaux-occultants\/#breadcrumb","itemListElement":[{"@type":"ListItem","position":1,"name":"Accueil","item":"https:\/\/www.mobilier-design-occasion.fr\/magazine\/"},{"@type":"ListItem","position":2,"name":"Des nuits parfaites dans la chambre parentale gr\u00e2ce aux rideaux occultants"}]},{"@type":"WebSite","@id":"https:\/\/www.mobilier-design-occasion.fr\/magazine\/#website","url":"https:\/\/www.mobilier-design-occasion.fr\/magazine\/","name":"Mobilier Design Magazine","description":"","publisher":{"@id":"https:\/\/www.mobilier-design-occasion.fr\/magazine\/#organization"},"potentialAction":[{"@type":"SearchAction","target":{"@type":"EntryPoint","urlTemplate":"https:\/\/www.mobilier-design-occasion.fr\/magazine\/?s={search_term_string}"},"query-input":{"@type":"PropertyValueSpecification","valueRequired":true,"valueName":"search_term_string"}}],"inLanguage":"fr-FR"},{"@type":"Organization","@id":"https:\/\/www.mobilier-design-occasion.fr\/magazine\/#organization","name":"Mobilier Design Magazine","url":"https:\/\/www.mobilier-design-occasion.fr\/magazine\/","logo":{"@type":"ImageObject","inLanguage":"fr-FR","@id":"https:\/\/www.mobilier-design-occasion.fr\/magazine\/#\/schema\/logo\/image\/","url":"https:\/\/www.mobilier-design-occasion.fr\/magazine\/wp-content\/uploads\/2024\/02\/android-chrome-192x192-1.png","contentUrl":"https:\/\/www.mobilier-design-occasion.fr\/magazine\/wp-content\/uploads\/2024\/02\/android-chrome-192x192-1.png","width":192,"height":192,"caption":"Mobilier Design Magazine"},"image":{"@id":"https:\/\/www.mobilier-design-occasion.fr\/magazine\/#\/schema\/logo\/image\/"},"sameAs":["https:\/\/www.facebook.com\/mobilierdesignoccasion"]},{"@type":"Person","@id":"https:\/\/www.mobilier-design-occasion.fr\/magazine\/#\/schema\/person\/af895bedc80bfb6b17730a672fddac9e","name":"Vincent Vandegans","image":{"@type":"ImageObject","inLanguage":"fr-FR","@id":"https:\/\/secure.gravatar.com\/avatar\/b984800dabdf722d5e3f03f637c8932dea77d81118467d17ad2953e3b273ec66?s=96&d=mm&r=g","url":"https:\/\/secure.gravatar.com\/avatar\/b984800dabdf722d5e3f03f637c8932dea77d81118467d17ad2953e3b273ec66?s=96&d=mm&r=g","contentUrl":"https:\/\/secure.gravatar.com\/avatar\/b984800dabdf722d5e3f03f637c8932dea77d81118467d17ad2953e3b273ec66?s=96&d=mm&r=g","caption":"Vincent Vandegans"},"description":"Vincent est passionn\u00e9 par les produits d'occasion, il a ouvert le site MDO avec Cyrielle pour aider les gens \u00e0 trouver du mobilier d'occasion, vintage ou usag\u00e9. Depuis, ils ont \u00e9tendu leurs activit\u00e9s et conseillent tout le monde sur le mobilier d'int\u00e9rieur et d'ext\u00e9rieur au quotidien \u00e0 travers le magazine MDO.","url":"https:\/\/www.mobilier-design-occasion.fr\/magazine\/author\/vincent\/"}]}},"_links":{"self":[{"href":"https:\/\/www.mobilier-design-occasion.fr\/magazine\/wp-json\/wp\/v2\/posts\/8406","targetHints":{"allow":["GET"]}}],"collection":[{"href":"https:\/\/www.mobilier-design-occasion.fr\/magazine\/wp-json\/wp\/v2\/posts"}],"about":[{"href":"https:\/\/www.mobilier-design-occasion.fr\/magazine\/wp-json\/wp\/v2\/types\/post"}],"author":[{"embeddable":true,"href":"https:\/\/www.mobilier-design-occasion.fr\/magazine\/wp-json\/wp\/v2\/users\/2"}],"replies":[{"embeddable":true,"href":"https:\/\/www.mobilier-design-occasion.fr\/magazine\/wp-json\/wp\/v2\/comments?post=8406"}],"version-history":[{"count":1,"href":"https:\/\/www.mobilier-design-occasion.fr\/magazine\/wp-json\/wp\/v2\/posts\/8406\/revisions"}],"predecessor-version":[{"id":8407,"href":"https:\/\/www.mobilier-design-occasion.fr\/magazine\/wp-json\/wp\/v2\/posts\/8406\/revisions\/8407"}],"wp:featuredmedia":[{"embeddable":true,"href":"https:\/\/www.mobilier-design-occasion.fr\/magazine\/wp-json\/wp\/v2\/media\/8408"}],"wp:attachment":[{"href":"https:\/\/www.mobilier-design-occasion.fr\/magazine\/wp-json\/wp\/v2\/media?parent=8406"}],"wp:term":[{"taxonomy":"category","embeddable":true,"href":"https:\/\/www.mobilier-design-occasion.fr\/magazine\/wp-json\/wp\/v2\/categories?post=8406"},{"taxonomy":"post_tag","embeddable":true,"href":"https:\/\/www.mobilier-design-occasion.fr\/magazine\/wp-json\/wp\/v2\/tags?post=8406"}],"curies":[{"name":"wp","href":"https:\/\/api.w.org\/{rel}","templated":true}]}}