{"id":8399,"date":"2025-08-08T08:31:55","date_gmt":"2025-08-08T08:31:55","guid":{"rendered":"https:\/\/www.mobilier-design-occasion.fr\/magazine\/?p=8399"},"modified":"2025-09-12T11:59:05","modified_gmt":"2025-09-12T11:59:05","slug":"optimiser-sa-location-saisonniere-limportance-du-mobilier-et-de-lamenagement","status":"publish","type":"post","link":"https:\/\/www.mobilier-design-occasion.fr\/magazine\/optimiser-sa-location-saisonniere-limportance-du-mobilier-et-de-lamenagement\/","title":{"rendered":"Optimiser sa location saisonni\u00e8re : l&#8217;importance du mobilier et de l&#8217;am\u00e9nagement"},"content":{"rendered":"\n<p>Dans l&#8217;univers concurrentiel de la location saisonni\u00e8re, la diff\u00e9rence entre une propri\u00e9t\u00e9 qui cartonne et une autre qui peine \u00e0 se remplir se joue souvent dans les d\u00e9tails. Si l&#8217;emplacement reste un crit\u00e8re fondamental, l&#8217;am\u00e9nagement int\u00e9rieur et le choix du mobilier peuvent transformer une simple location en une exp\u00e9rience m\u00e9morable pour vos h\u00f4tes.<\/p>\n\n\n\n<h2 class=\"wp-block-heading\"><span class=\"ez-toc-section\" id=\"Limpact_du_mobilier_sur_la_rentabilite_de_votre_location\"><\/span>L&#8217;impact du mobilier sur la rentabilit\u00e9 de votre location<span class=\"ez-toc-section-end\"><\/span><\/h2><div id=\"ez-toc-container\" class=\"ez-toc-v2_0_82_2 counter-hierarchy ez-toc-counter ez-toc-grey ez-toc-container-direction\">\n<div class=\"ez-toc-title-container\">\n<span class=\"ez-toc-title-toggle\"><a href=\"#\" class=\"ez-toc-pull-right ez-toc-btn ez-toc-btn-xs ez-toc-btn-default ez-toc-toggle\" aria-label=\"Toggle Table of Content\"><span class=\"ez-toc-js-icon-con\"><span class=\"\"><span class=\"eztoc-hide\" style=\"display:none;\">Toggle<\/span><span class=\"ez-toc-icon-toggle-span\"><svg style=\"fill: #999;color:#999\" xmlns=\"http:\/\/www.w3.org\/2000\/svg\" class=\"list-377408\" width=\"20px\" height=\"20px\" viewBox=\"0 0 24 24\" fill=\"none\"><path d=\"M6 6H4v2h2V6zm14 0H8v2h12V6zM4 11h2v2H4v-2zm16 0H8v2h12v-2zM4 16h2v2H4v-2zm16 0H8v2h12v-2z\" fill=\"currentColor\"><\/path><\/svg><svg style=\"fill: #999;color:#999\" class=\"arrow-unsorted-368013\" xmlns=\"http:\/\/www.w3.org\/2000\/svg\" width=\"10px\" height=\"10px\" viewBox=\"0 0 24 24\" version=\"1.2\" baseProfile=\"tiny\"><path d=\"M18.2 9.3l-6.2-6.3-6.2 6.3c-.2.2-.3.4-.3.7s.1.5.3.7c.2.2.4.3.7.3h11c.3 0 .5-.1.7-.3.2-.2.3-.5.3-.7s-.1-.5-.3-.7zM5.8 14.7l6.2 6.3 6.2-6.3c.2-.2.3-.5.3-.7s-.1-.5-.3-.7c-.2-.2-.4-.3-.7-.3h-11c-.3 0-.5.1-.7.3-.2.2-.3.5-.3.7s.1.5.3.7z\"\/><\/svg><\/span><\/span><\/span><\/a><\/span><\/div>\n<nav><ul class='ez-toc-list ez-toc-list-level-1 eztoc-toggle-hide-by-default' ><li class='ez-toc-page-1 ez-toc-heading-level-2'><a class=\"ez-toc-link ez-toc-heading-1\" href=\"https:\/\/www.mobilier-design-occasion.fr\/magazine\/optimiser-sa-location-saisonniere-limportance-du-mobilier-et-de-lamenagement\/#Limpact_du_mobilier_sur_la_rentabilite_de_votre_location\" >L&#8217;impact du mobilier sur la rentabilit\u00e9 de votre location<\/a><\/li><li class='ez-toc-page-1 ez-toc-heading-level-2'><a class=\"ez-toc-link ez-toc-heading-2\" href=\"https:\/\/www.mobilier-design-occasion.fr\/magazine\/optimiser-sa-location-saisonniere-limportance-du-mobilier-et-de-lamenagement\/#Creer_une_identite_visuelle_coherente\" >Cr\u00e9er une identit\u00e9 visuelle coh\u00e9rente<\/a><\/li><li class='ez-toc-page-1 ez-toc-heading-level-2'><a class=\"ez-toc-link ez-toc-heading-3\" href=\"https:\/\/www.mobilier-design-occasion.fr\/magazine\/optimiser-sa-location-saisonniere-limportance-du-mobilier-et-de-lamenagement\/#Loptimisation_de_lespace_un_enjeu_majeur\" >L&#8217;optimisation de l&#8217;espace : un enjeu majeur<\/a><\/li><li class='ez-toc-page-1 ez-toc-heading-level-2'><a class=\"ez-toc-link ez-toc-heading-4\" href=\"https:\/\/www.mobilier-design-occasion.fr\/magazine\/optimiser-sa-location-saisonniere-limportance-du-mobilier-et-de-lamenagement\/#La_technologie_au_service_de_votre_gestion\" >La technologie au service de votre gestion<\/a><\/li><li class='ez-toc-page-1 ez-toc-heading-level-2'><a class=\"ez-toc-link ez-toc-heading-5\" href=\"https:\/\/www.mobilier-design-occasion.fr\/magazine\/optimiser-sa-location-saisonniere-limportance-du-mobilier-et-de-lamenagement\/#Les_tendances_actuelles_en_amenagement_de_locations_saisonnieres\" >Les tendances actuelles en am\u00e9nagement de locations saisonni\u00e8res<\/a><\/li><li class='ez-toc-page-1 ez-toc-heading-level-2'><a class=\"ez-toc-link ez-toc-heading-6\" href=\"https:\/\/www.mobilier-design-occasion.fr\/magazine\/optimiser-sa-location-saisonniere-limportance-du-mobilier-et-de-lamenagement\/#Conseils_pratiques_pour_un_amenagement_reussi\" >Conseils pratiques pour un am\u00e9nagement r\u00e9ussi<\/a><\/li><\/ul><\/nav><\/div>\n\n\n\n\n<p>Le mobilier de votre location saisonni\u00e8re n&#8217;est pas qu&#8217;une d\u00e9pense : c&#8217;est un investissement strat\u00e9gique. Des \u00e9tudes r\u00e9centes montrent que les propri\u00e9t\u00e9s bien meubl\u00e9es et d\u00e9cor\u00e9es peuvent augmenter leurs tarifs de 20 \u00e0 30% par rapport \u00e0 des logements aux am\u00e9nagements basiques. Cette diff\u00e9rence s&#8217;explique par la perception de valeur qu&#8217;ont les voyageurs modernes, particuli\u00e8rement sensibles \u00e0 l&#8217;esth\u00e9tique et au confort de leur h\u00e9bergement temporaire.<\/p>\n\n\n\n<figure class=\"wp-block-image size-large\"><img loading=\"lazy\" decoding=\"async\" width=\"1024\" height=\"236\" src=\"https:\/\/www.mobilier-design-occasion.fr\/magazine\/wp-content\/uploads\/2025\/08\/image-5-1024x236.png\" alt=\"\" class=\"wp-image-8400\" srcset=\"https:\/\/www.mobilier-design-occasion.fr\/magazine\/wp-content\/uploads\/2025\/08\/image-5-1024x236.png 1024w, https:\/\/www.mobilier-design-occasion.fr\/magazine\/wp-content\/uploads\/2025\/08\/image-5-300x69.png 300w, https:\/\/www.mobilier-design-occasion.fr\/magazine\/wp-content\/uploads\/2025\/08\/image-5-768x177.png 768w, https:\/\/www.mobilier-design-occasion.fr\/magazine\/wp-content\/uploads\/2025\/08\/image-5-1536x354.png 1536w, https:\/\/www.mobilier-design-occasion.fr\/magazine\/wp-content\/uploads\/2025\/08\/image-5-810x187.png 810w, https:\/\/www.mobilier-design-occasion.fr\/magazine\/wp-content\/uploads\/2025\/08\/image-5-1140x263.png 1140w, https:\/\/www.mobilier-design-occasion.fr\/magazine\/wp-content\/uploads\/2025\/08\/image-5.png 1684w\" sizes=\"auto, (max-width: 1024px) 100vw, 1024px\" \/><\/figure>\n\n\n\n<p>Lorsque vous s\u00e9lectionnez vos meubles, privil\u00e9giez la durabilit\u00e9 et la facilit\u00e9 d&#8217;entretien. Les mat\u00e9riaux comme le cuir trait\u00e9, les tissus antimicrobiens ou encore les surfaces stratifi\u00e9es r\u00e9sistent mieux \u00e0 l&#8217;usage intensif caract\u00e9ristique des locations courtes. Cette approche vous permettra de r\u00e9duire vos co\u00fbts de maintenance tout en conservant un aspect impeccable pour vos futurs clients.<\/p>\n\n\n\n<h2 class=\"wp-block-heading\"><span class=\"ez-toc-section\" id=\"Creer_une_identite_visuelle_coherente\"><\/span>Cr\u00e9er une identit\u00e9 visuelle coh\u00e9rente<span class=\"ez-toc-section-end\"><\/span><\/h2>\n\n\n\n<p>L&#8217;harmonisation de votre d\u00e9coration int\u00e9rieure contribue directement \u00e0 votre succ\u00e8s commercial. Les voyageurs d&#8217;aujourd&#8217;hui recherchent des exp\u00e9riences &#8220;instagrammables&#8221; et n&#8217;h\u00e9sitent pas \u00e0 partager leurs d\u00e9couvertes sur les r\u00e9seaux sociaux. Une d\u00e9coration soign\u00e9e et coh\u00e9rente devient ainsi un outil marketing gratuit particuli\u00e8rement efficace.<\/p>\n\n\n\n<p>Pour d\u00e9velopper cette identit\u00e9 visuelle, d\u00e9finissez d&#8217;abord le profil de votre client\u00e8le cible. Une location destin\u00e9e aux familles n\u00e9cessitera un am\u00e9nagement diff\u00e9rent de celle visant une client\u00e8le d&#8217;affaires ou des couples en escapade romantique. Cette r\u00e9flexion initiale guidera vos choix chromatiques, le style de mobilier et les accessoires d\u00e9coratifs.<\/p>\n\n\n\n<figure class=\"wp-block-image size-large\"><img loading=\"lazy\" decoding=\"async\" width=\"1024\" height=\"249\" src=\"https:\/\/www.mobilier-design-occasion.fr\/magazine\/wp-content\/uploads\/2025\/08\/image-6-1024x249.png\" alt=\"\" class=\"wp-image-8401\" srcset=\"https:\/\/www.mobilier-design-occasion.fr\/magazine\/wp-content\/uploads\/2025\/08\/image-6-1024x249.png 1024w, https:\/\/www.mobilier-design-occasion.fr\/magazine\/wp-content\/uploads\/2025\/08\/image-6-300x73.png 300w, https:\/\/www.mobilier-design-occasion.fr\/magazine\/wp-content\/uploads\/2025\/08\/image-6-768x187.png 768w, https:\/\/www.mobilier-design-occasion.fr\/magazine\/wp-content\/uploads\/2025\/08\/image-6-1536x373.png 1536w, https:\/\/www.mobilier-design-occasion.fr\/magazine\/wp-content\/uploads\/2025\/08\/image-6-810x197.png 810w, https:\/\/www.mobilier-design-occasion.fr\/magazine\/wp-content\/uploads\/2025\/08\/image-6-1140x277.png 1140w, https:\/\/www.mobilier-design-occasion.fr\/magazine\/wp-content\/uploads\/2025\/08\/image-6.png 1596w\" sizes=\"auto, (max-width: 1024px) 100vw, 1024px\" \/><\/figure>\n\n\n\n<h2 class=\"wp-block-heading\"><span class=\"ez-toc-section\" id=\"Loptimisation_de_lespace_un_enjeu_majeur\"><\/span>L&#8217;optimisation de l&#8217;espace : un enjeu majeur<span class=\"ez-toc-section-end\"><\/span><\/h2>\n\n\n\n<p>Dans la location saisonni\u00e8re, chaque m\u00e8tre carr\u00e9 compte. L&#8217;art de l&#8217;am\u00e9nagement consiste \u00e0 maximiser la fonctionnalit\u00e9 sans sacrifier l&#8217;esth\u00e9tique. Les meubles multifonctions s&#8217;av\u00e8rent particuli\u00e8rement pr\u00e9cieux : une table basse avec rangement int\u00e9gr\u00e9, un canap\u00e9-lit de qualit\u00e9, ou encore des \u00e9tag\u00e8res murales optimisent l&#8217;espace disponible.<\/p>\n\n\n\n<p>Pensez \u00e9galement aux espaces de rangement. Les voyageurs appr\u00e9cient pouvoir s&#8217;installer confortablement, m\u00eame pour un s\u00e9jour de courte dur\u00e9e. Des placards bien con\u00e7us, des pat\u00e8res discr\u00e8tes et des espaces d\u00e9di\u00e9s aux bagages am\u00e9liorent consid\u00e9rablement l&#8217;exp\u00e9rience client.<\/p>\n\n\n\n<h2 class=\"wp-block-heading\"><span class=\"ez-toc-section\" id=\"La_technologie_au_service_de_votre_gestion\"><\/span>La technologie au service de votre gestion<span class=\"ez-toc-section-end\"><\/span><\/h2>\n\n\n\n<p>Pour maximiser la visibilit\u00e9 de votre location saisonni\u00e8re, un <a href=\"https:\/\/www.lodgify.com\/blog\/fr\/sites-web-location-vacances-comparaison\/\">site web location saisonni\u00e8re<\/a> professionnel s&#8217;impose comme un outil indispensable. Cette vitrine digitale vous permet de pr\u00e9senter votre am\u00e9nagement sous son meilleur jour tout en g\u00e9rant directement vos r\u00e9servations.<\/p>\n\n\n\n<p>Parall\u00e8lement, l&#8217;utilisation du <a href=\"https:\/\/www.lodgify.com\/fr\/comparaison\/meilleur-channel-manager\/\">meilleur channel manager<\/a> vous aidera \u00e0 synchroniser vos disponibilit\u00e9s sur les diff\u00e9rentes plateformes de r\u00e9servation. Cette centralisation vous fait gagner un temps pr\u00e9cieux que vous pourrez consacrer \u00e0 l&#8217;am\u00e9lioration continue de votre h\u00e9bergement.<\/p>\n\n\n\n<h2 class=\"wp-block-heading\"><span class=\"ez-toc-section\" id=\"Les_tendances_actuelles_en_amenagement_de_locations_saisonnieres\"><\/span>Les tendances actuelles en am\u00e9nagement de locations saisonni\u00e8res<span class=\"ez-toc-section-end\"><\/span><\/h2>\n\n\n\n<p>Le secteur \u00e9volue rapidement, influenc\u00e9 par les changements de comportement des consommateurs. Le t\u00e9l\u00e9travail ayant d\u00e9mocratis\u00e9 les s\u00e9jours de moyenne dur\u00e9e, l&#8217;am\u00e9nagement d&#8217;un espace de travail fonctionnel devient un atout concurrentiel majeur. Un bureau ergonomique, une connexion internet performante et un \u00e9clairage adapt\u00e9 peuvent justifier des tarifs premium.<\/p>\n\n\n\n<p>La tendance &#8220;hygge&#8221; scandinave continue de s\u00e9duire, privil\u00e9giant les mati\u00e8res naturelles, les couleurs douces et l&#8217;atmosph\u00e8re cocooning. Cette approche d\u00e9corative rassure les voyageurs en qu\u00eate d&#8217;authenticit\u00e9 et de bien-\u00eatre, particuli\u00e8rement apr\u00e8s les pr\u00e9occupations sanitaires r\u00e9centes.<\/p>\n\n\n\n<figure class=\"wp-block-image size-large\"><img loading=\"lazy\" decoding=\"async\" width=\"1024\" height=\"263\" src=\"https:\/\/www.mobilier-design-occasion.fr\/magazine\/wp-content\/uploads\/2025\/08\/image-7-1024x263.png\" alt=\"\" class=\"wp-image-8402\" srcset=\"https:\/\/www.mobilier-design-occasion.fr\/magazine\/wp-content\/uploads\/2025\/08\/image-7-1024x263.png 1024w, https:\/\/www.mobilier-design-occasion.fr\/magazine\/wp-content\/uploads\/2025\/08\/image-7-300x77.png 300w, https:\/\/www.mobilier-design-occasion.fr\/magazine\/wp-content\/uploads\/2025\/08\/image-7-768x197.png 768w, https:\/\/www.mobilier-design-occasion.fr\/magazine\/wp-content\/uploads\/2025\/08\/image-7-810x208.png 810w, https:\/\/www.mobilier-design-occasion.fr\/magazine\/wp-content\/uploads\/2025\/08\/image-7-1140x293.png 1140w, https:\/\/www.mobilier-design-occasion.fr\/magazine\/wp-content\/uploads\/2025\/08\/image-7.png 1526w\" sizes=\"auto, (max-width: 1024px) 100vw, 1024px\" \/><\/figure>\n\n\n\n<h2 class=\"wp-block-heading\"><span class=\"ez-toc-section\" id=\"Conseils_pratiques_pour_un_amenagement_reussi\"><\/span>Conseils pratiques pour un am\u00e9nagement r\u00e9ussi<span class=\"ez-toc-section-end\"><\/span><\/h2>\n\n\n\n<p>Commencez par \u00e9tablir un budget r\u00e9aliste en distinguant les investissements prioritaires des am\u00e9liorations cosm\u00e9tiques. Les \u00e9l\u00e9ments de base comme la literie, l&#8217;\u00e9lectrom\u00e9nager et les assises m\u00e9ritent un budget cons\u00e9quent, car ils impactent directement le confort de vos h\u00f4tes.<\/p>\n\n\n\n<p>N&#8217;oubliez pas les d\u00e9tails qui font la diff\u00e9rence : des produits d&#8217;accueil de qualit\u00e9, une d\u00e9coration murale personnalis\u00e9e ou encore des guides locaux montrent votre attention \u00e0 l&#8217;exp\u00e9rience client. Ces petites attentions g\u00e9n\u00e8rent souvent les meilleurs commentaires et favorisent les r\u00e9servations r\u00e9p\u00e9t\u00e9es.<\/p>\n\n\n\n<figure class=\"wp-block-image size-large\"><img loading=\"lazy\" decoding=\"async\" width=\"1024\" height=\"259\" src=\"https:\/\/www.mobilier-design-occasion.fr\/magazine\/wp-content\/uploads\/2025\/08\/image-8-1024x259.png\" alt=\"\" class=\"wp-image-8403\" srcset=\"https:\/\/www.mobilier-design-occasion.fr\/magazine\/wp-content\/uploads\/2025\/08\/image-8-1024x259.png 1024w, https:\/\/www.mobilier-design-occasion.fr\/magazine\/wp-content\/uploads\/2025\/08\/image-8-300x76.png 300w, https:\/\/www.mobilier-design-occasion.fr\/magazine\/wp-content\/uploads\/2025\/08\/image-8-768x194.png 768w, https:\/\/www.mobilier-design-occasion.fr\/magazine\/wp-content\/uploads\/2025\/08\/image-8-810x205.png 810w, https:\/\/www.mobilier-design-occasion.fr\/magazine\/wp-content\/uploads\/2025\/08\/image-8-1140x288.png 1140w, https:\/\/www.mobilier-design-occasion.fr\/magazine\/wp-content\/uploads\/2025\/08\/image-8.png 1488w\" sizes=\"auto, (max-width: 1024px) 100vw, 1024px\" \/><\/figure>\n\n\n\n<p>Enfin, planifiez des inspections r\u00e9guli\u00e8res pour maintenir vos standards. Un mobilier bien entretenu et une d\u00e9coration fra\u00eeche garantissent la p\u00e9rennit\u00e9 de votre activit\u00e9 et justifient vos tarifs face \u00e0 la concurrence.<\/p>\n\n\n\n<p>L&#8217;am\u00e9nagement d&#8217;une location saisonni\u00e8re r\u00e9ussie r\u00e9sulte d&#8217;un savant \u00e9quilibre entre esth\u00e9tique, fonctionnalit\u00e9 et rentabilit\u00e9. En soignant ces aspects, vous transformez votre propri\u00e9t\u00e9 en un v\u00e9ritable produit d&#8217;appel capable de fid\u00e9liser votre client\u00e8le et d&#8217;optimiser vos revenus locatifs sur le long terme.<\/p>\n","protected":false},"excerpt":{"rendered":"<p>Dans l&#8217;univers concurrentiel de la location saisonni\u00e8re, la diff\u00e9rence entre une propri\u00e9t\u00e9 qui cartonne et une autre qui peine \u00e0 se remplir se joue souvent dans les d\u00e9tails. Si l&#8217;emplacement reste un crit\u00e8re fondamental, l&#8217;am\u00e9nagement int\u00e9rieur et le choix du mobilier peuvent transformer une simple location en une exp\u00e9rience m\u00e9morable pour vos h\u00f4tes. L&#8217;impact du [&hellip;]<\/p>\n","protected":false},"author":2,"featured_media":8404,"comment_status":"open","ping_status":"open","sticky":false,"template":"","format":"standard","meta":{"footnotes":""},"categories":[2],"tags":[134],"class_list":["post-8399","post","type-post","status-publish","format-standard","has-post-thumbnail","hentry","category-tendances","tag-mobilier"],"yoast_head":"<!-- This site is optimized with the Yoast SEO plugin v27.5 - https:\/\/yoast.com\/product\/yoast-seo-wordpress\/ -->\n<title>Optimiser sa location saisonni\u00e8re : l&#039;importance du mobilier et de l&#039;am\u00e9nagement - Mobilier Design Magazine<\/title>\n<meta name=\"robots\" content=\"index, follow, max-snippet:-1, max-image-preview:large, max-video-preview:-1\" \/>\n<link rel=\"canonical\" href=\"https:\/\/www.mobilier-design-occasion.fr\/magazine\/optimiser-sa-location-saisonniere-limportance-du-mobilier-et-de-lamenagement\/\" \/>\n<meta property=\"og:locale\" content=\"fr_FR\" \/>\n<meta property=\"og:type\" content=\"article\" \/>\n<meta property=\"og:title\" content=\"Optimiser sa location saisonni\u00e8re : l&#039;importance du mobilier et de l&#039;am\u00e9nagement - Mobilier Design Magazine\" \/>\n<meta property=\"og:description\" content=\"Dans l&#8217;univers concurrentiel de la location saisonni\u00e8re, la diff\u00e9rence entre une propri\u00e9t\u00e9 qui cartonne et une autre qui peine \u00e0 se remplir se joue souvent dans les d\u00e9tails. Si l&#8217;emplacement reste un crit\u00e8re fondamental, l&#8217;am\u00e9nagement int\u00e9rieur et le choix du mobilier peuvent transformer une simple location en une exp\u00e9rience m\u00e9morable pour vos h\u00f4tes. L&#8217;impact du [&hellip;]\" \/>\n<meta property=\"og:url\" content=\"https:\/\/www.mobilier-design-occasion.fr\/magazine\/optimiser-sa-location-saisonniere-limportance-du-mobilier-et-de-lamenagement\/\" \/>\n<meta property=\"og:site_name\" content=\"Mobilier Design Magazine\" \/>\n<meta property=\"article:publisher\" content=\"https:\/\/www.facebook.com\/mobilierdesignoccasion\" \/>\n<meta property=\"article:published_time\" content=\"2025-08-08T08:31:55+00:00\" \/>\n<meta property=\"article:modified_time\" content=\"2025-09-12T11:59:05+00:00\" \/>\n<meta property=\"og:image\" content=\"https:\/\/www.mobilier-design-occasion.fr\/magazine\/wp-content\/uploads\/2025\/08\/images.jpeg\" \/>\n\t<meta property=\"og:image:width\" content=\"259\" \/>\n\t<meta property=\"og:image:height\" content=\"194\" \/>\n\t<meta property=\"og:image:type\" content=\"image\/jpeg\" \/>\n<meta name=\"author\" content=\"Vincent Vandegans\" \/>\n<meta name=\"twitter:card\" content=\"summary_large_image\" \/>\n<meta name=\"twitter:label1\" content=\"\u00c9crit par\" \/>\n\t<meta name=\"twitter:data1\" content=\"Vincent Vandegans\" \/>\n\t<meta name=\"twitter:label2\" content=\"Dur\u00e9e de lecture estim\u00e9e\" \/>\n\t<meta name=\"twitter:data2\" content=\"5 minutes\" \/>\n<script type=\"application\/ld+json\" class=\"yoast-schema-graph\">{\"@context\":\"https:\\\/\\\/schema.org\",\"@graph\":[{\"@type\":\"Article\",\"@id\":\"https:\\\/\\\/www.mobilier-design-occasion.fr\\\/magazine\\\/optimiser-sa-location-saisonniere-limportance-du-mobilier-et-de-lamenagement\\\/#article\",\"isPartOf\":{\"@id\":\"https:\\\/\\\/www.mobilier-design-occasion.fr\\\/magazine\\\/optimiser-sa-location-saisonniere-limportance-du-mobilier-et-de-lamenagement\\\/\"},\"author\":{\"name\":\"Vincent Vandegans\",\"@id\":\"https:\\\/\\\/www.mobilier-design-occasion.fr\\\/magazine\\\/#\\\/schema\\\/person\\\/af895bedc80bfb6b17730a672fddac9e\"},\"headline\":\"Optimiser sa location saisonni\u00e8re : l&#8217;importance du mobilier et de l&#8217;am\u00e9nagement\",\"datePublished\":\"2025-08-08T08:31:55+00:00\",\"dateModified\":\"2025-09-12T11:59:05+00:00\",\"mainEntityOfPage\":{\"@id\":\"https:\\\/\\\/www.mobilier-design-occasion.fr\\\/magazine\\\/optimiser-sa-location-saisonniere-limportance-du-mobilier-et-de-lamenagement\\\/\"},\"wordCount\":878,\"commentCount\":0,\"publisher\":{\"@id\":\"https:\\\/\\\/www.mobilier-design-occasion.fr\\\/magazine\\\/#organization\"},\"image\":{\"@id\":\"https:\\\/\\\/www.mobilier-design-occasion.fr\\\/magazine\\\/optimiser-sa-location-saisonniere-limportance-du-mobilier-et-de-lamenagement\\\/#primaryimage\"},\"thumbnailUrl\":\"https:\\\/\\\/www.mobilier-design-occasion.fr\\\/magazine\\\/wp-content\\\/uploads\\\/2025\\\/08\\\/images.jpeg\",\"keywords\":[\"Mobilier\"],\"articleSection\":[\"Tendances\"],\"inLanguage\":\"fr-FR\",\"potentialAction\":[{\"@type\":\"CommentAction\",\"name\":\"Comment\",\"target\":[\"https:\\\/\\\/www.mobilier-design-occasion.fr\\\/magazine\\\/optimiser-sa-location-saisonniere-limportance-du-mobilier-et-de-lamenagement\\\/#respond\"]}]},{\"@type\":\"WebPage\",\"@id\":\"https:\\\/\\\/www.mobilier-design-occasion.fr\\\/magazine\\\/optimiser-sa-location-saisonniere-limportance-du-mobilier-et-de-lamenagement\\\/\",\"url\":\"https:\\\/\\\/www.mobilier-design-occasion.fr\\\/magazine\\\/optimiser-sa-location-saisonniere-limportance-du-mobilier-et-de-lamenagement\\\/\",\"name\":\"Optimiser sa location saisonni\u00e8re : l'importance du mobilier et de l'am\u00e9nagement - Mobilier Design Magazine\",\"isPartOf\":{\"@id\":\"https:\\\/\\\/www.mobilier-design-occasion.fr\\\/magazine\\\/#website\"},\"primaryImageOfPage\":{\"@id\":\"https:\\\/\\\/www.mobilier-design-occasion.fr\\\/magazine\\\/optimiser-sa-location-saisonniere-limportance-du-mobilier-et-de-lamenagement\\\/#primaryimage\"},\"image\":{\"@id\":\"https:\\\/\\\/www.mobilier-design-occasion.fr\\\/magazine\\\/optimiser-sa-location-saisonniere-limportance-du-mobilier-et-de-lamenagement\\\/#primaryimage\"},\"thumbnailUrl\":\"https:\\\/\\\/www.mobilier-design-occasion.fr\\\/magazine\\\/wp-content\\\/uploads\\\/2025\\\/08\\\/images.jpeg\",\"datePublished\":\"2025-08-08T08:31:55+00:00\",\"dateModified\":\"2025-09-12T11:59:05+00:00\",\"breadcrumb\":{\"@id\":\"https:\\\/\\\/www.mobilier-design-occasion.fr\\\/magazine\\\/optimiser-sa-location-saisonniere-limportance-du-mobilier-et-de-lamenagement\\\/#breadcrumb\"},\"inLanguage\":\"fr-FR\",\"potentialAction\":[{\"@type\":\"ReadAction\",\"target\":[\"https:\\\/\\\/www.mobilier-design-occasion.fr\\\/magazine\\\/optimiser-sa-location-saisonniere-limportance-du-mobilier-et-de-lamenagement\\\/\"]}]},{\"@type\":\"ImageObject\",\"inLanguage\":\"fr-FR\",\"@id\":\"https:\\\/\\\/www.mobilier-design-occasion.fr\\\/magazine\\\/optimiser-sa-location-saisonniere-limportance-du-mobilier-et-de-lamenagement\\\/#primaryimage\",\"url\":\"https:\\\/\\\/www.mobilier-design-occasion.fr\\\/magazine\\\/wp-content\\\/uploads\\\/2025\\\/08\\\/images.jpeg\",\"contentUrl\":\"https:\\\/\\\/www.mobilier-design-occasion.fr\\\/magazine\\\/wp-content\\\/uploads\\\/2025\\\/08\\\/images.jpeg\",\"width\":259,\"height\":194},{\"@type\":\"BreadcrumbList\",\"@id\":\"https:\\\/\\\/www.mobilier-design-occasion.fr\\\/magazine\\\/optimiser-sa-location-saisonniere-limportance-du-mobilier-et-de-lamenagement\\\/#breadcrumb\",\"itemListElement\":[{\"@type\":\"ListItem\",\"position\":1,\"name\":\"Accueil\",\"item\":\"https:\\\/\\\/www.mobilier-design-occasion.fr\\\/magazine\\\/\"},{\"@type\":\"ListItem\",\"position\":2,\"name\":\"Optimiser sa location saisonni\u00e8re : l&#8217;importance du mobilier et de l&#8217;am\u00e9nagement\"}]},{\"@type\":\"WebSite\",\"@id\":\"https:\\\/\\\/www.mobilier-design-occasion.fr\\\/magazine\\\/#website\",\"url\":\"https:\\\/\\\/www.mobilier-design-occasion.fr\\\/magazine\\\/\",\"name\":\"Mobilier Design Magazine\",\"description\":\"\",\"publisher\":{\"@id\":\"https:\\\/\\\/www.mobilier-design-occasion.fr\\\/magazine\\\/#organization\"},\"potentialAction\":[{\"@type\":\"SearchAction\",\"target\":{\"@type\":\"EntryPoint\",\"urlTemplate\":\"https:\\\/\\\/www.mobilier-design-occasion.fr\\\/magazine\\\/?s={search_term_string}\"},\"query-input\":{\"@type\":\"PropertyValueSpecification\",\"valueRequired\":true,\"valueName\":\"search_term_string\"}}],\"inLanguage\":\"fr-FR\"},{\"@type\":\"Organization\",\"@id\":\"https:\\\/\\\/www.mobilier-design-occasion.fr\\\/magazine\\\/#organization\",\"name\":\"Mobilier Design Magazine\",\"url\":\"https:\\\/\\\/www.mobilier-design-occasion.fr\\\/magazine\\\/\",\"logo\":{\"@type\":\"ImageObject\",\"inLanguage\":\"fr-FR\",\"@id\":\"https:\\\/\\\/www.mobilier-design-occasion.fr\\\/magazine\\\/#\\\/schema\\\/logo\\\/image\\\/\",\"url\":\"https:\\\/\\\/www.mobilier-design-occasion.fr\\\/magazine\\\/wp-content\\\/uploads\\\/2024\\\/02\\\/android-chrome-192x192-1.png\",\"contentUrl\":\"https:\\\/\\\/www.mobilier-design-occasion.fr\\\/magazine\\\/wp-content\\\/uploads\\\/2024\\\/02\\\/android-chrome-192x192-1.png\",\"width\":192,\"height\":192,\"caption\":\"Mobilier Design Magazine\"},\"image\":{\"@id\":\"https:\\\/\\\/www.mobilier-design-occasion.fr\\\/magazine\\\/#\\\/schema\\\/logo\\\/image\\\/\"},\"sameAs\":[\"https:\\\/\\\/www.facebook.com\\\/mobilierdesignoccasion\"]},{\"@type\":\"Person\",\"@id\":\"https:\\\/\\\/www.mobilier-design-occasion.fr\\\/magazine\\\/#\\\/schema\\\/person\\\/af895bedc80bfb6b17730a672fddac9e\",\"name\":\"Vincent Vandegans\",\"image\":{\"@type\":\"ImageObject\",\"inLanguage\":\"fr-FR\",\"@id\":\"https:\\\/\\\/secure.gravatar.com\\\/avatar\\\/b984800dabdf722d5e3f03f637c8932dea77d81118467d17ad2953e3b273ec66?s=96&d=mm&r=g\",\"url\":\"https:\\\/\\\/secure.gravatar.com\\\/avatar\\\/b984800dabdf722d5e3f03f637c8932dea77d81118467d17ad2953e3b273ec66?s=96&d=mm&r=g\",\"contentUrl\":\"https:\\\/\\\/secure.gravatar.com\\\/avatar\\\/b984800dabdf722d5e3f03f637c8932dea77d81118467d17ad2953e3b273ec66?s=96&d=mm&r=g\",\"caption\":\"Vincent Vandegans\"},\"description\":\"Vincent est passionn\u00e9 par les produits d'occasion, il a ouvert le site MDO avec Cyrielle pour aider les gens \u00e0 trouver du mobilier d'occasion, vintage ou usag\u00e9. Depuis, ils ont \u00e9tendu leurs activit\u00e9s et conseillent tout le monde sur le mobilier d'int\u00e9rieur et d'ext\u00e9rieur au quotidien \u00e0 travers le magazine MDO.\",\"url\":\"https:\\\/\\\/www.mobilier-design-occasion.fr\\\/magazine\\\/author\\\/vincent\\\/\"}]}<\/script>\n<!-- \/ Yoast SEO plugin. -->","yoast_head_json":{"title":"Optimiser sa location saisonni\u00e8re : l'importance du mobilier et de l'am\u00e9nagement - Mobilier Design Magazine","robots":{"index":"index","follow":"follow","max-snippet":"max-snippet:-1","max-image-preview":"max-image-preview:large","max-video-preview":"max-video-preview:-1"},"canonical":"https:\/\/www.mobilier-design-occasion.fr\/magazine\/optimiser-sa-location-saisonniere-limportance-du-mobilier-et-de-lamenagement\/","og_locale":"fr_FR","og_type":"article","og_title":"Optimiser sa location saisonni\u00e8re : l'importance du mobilier et de l'am\u00e9nagement - Mobilier Design Magazine","og_description":"Dans l&#8217;univers concurrentiel de la location saisonni\u00e8re, la diff\u00e9rence entre une propri\u00e9t\u00e9 qui cartonne et une autre qui peine \u00e0 se remplir se joue souvent dans les d\u00e9tails. Si l&#8217;emplacement reste un crit\u00e8re fondamental, l&#8217;am\u00e9nagement int\u00e9rieur et le choix du mobilier peuvent transformer une simple location en une exp\u00e9rience m\u00e9morable pour vos h\u00f4tes. L&#8217;impact du [&hellip;]","og_url":"https:\/\/www.mobilier-design-occasion.fr\/magazine\/optimiser-sa-location-saisonniere-limportance-du-mobilier-et-de-lamenagement\/","og_site_name":"Mobilier Design Magazine","article_publisher":"https:\/\/www.facebook.com\/mobilierdesignoccasion","article_published_time":"2025-08-08T08:31:55+00:00","article_modified_time":"2025-09-12T11:59:05+00:00","og_image":[{"width":259,"height":194,"url":"https:\/\/www.mobilier-design-occasion.fr\/magazine\/wp-content\/uploads\/2025\/08\/images.jpeg","type":"image\/jpeg"}],"author":"Vincent Vandegans","twitter_card":"summary_large_image","twitter_misc":{"\u00c9crit par":"Vincent Vandegans","Dur\u00e9e de lecture estim\u00e9e":"5 minutes"},"schema":{"@context":"https:\/\/schema.org","@graph":[{"@type":"Article","@id":"https:\/\/www.mobilier-design-occasion.fr\/magazine\/optimiser-sa-location-saisonniere-limportance-du-mobilier-et-de-lamenagement\/#article","isPartOf":{"@id":"https:\/\/www.mobilier-design-occasion.fr\/magazine\/optimiser-sa-location-saisonniere-limportance-du-mobilier-et-de-lamenagement\/"},"author":{"name":"Vincent Vandegans","@id":"https:\/\/www.mobilier-design-occasion.fr\/magazine\/#\/schema\/person\/af895bedc80bfb6b17730a672fddac9e"},"headline":"Optimiser sa location saisonni\u00e8re : l&#8217;importance du mobilier et de l&#8217;am\u00e9nagement","datePublished":"2025-08-08T08:31:55+00:00","dateModified":"2025-09-12T11:59:05+00:00","mainEntityOfPage":{"@id":"https:\/\/www.mobilier-design-occasion.fr\/magazine\/optimiser-sa-location-saisonniere-limportance-du-mobilier-et-de-lamenagement\/"},"wordCount":878,"commentCount":0,"publisher":{"@id":"https:\/\/www.mobilier-design-occasion.fr\/magazine\/#organization"},"image":{"@id":"https:\/\/www.mobilier-design-occasion.fr\/magazine\/optimiser-sa-location-saisonniere-limportance-du-mobilier-et-de-lamenagement\/#primaryimage"},"thumbnailUrl":"https:\/\/www.mobilier-design-occasion.fr\/magazine\/wp-content\/uploads\/2025\/08\/images.jpeg","keywords":["Mobilier"],"articleSection":["Tendances"],"inLanguage":"fr-FR","potentialAction":[{"@type":"CommentAction","name":"Comment","target":["https:\/\/www.mobilier-design-occasion.fr\/magazine\/optimiser-sa-location-saisonniere-limportance-du-mobilier-et-de-lamenagement\/#respond"]}]},{"@type":"WebPage","@id":"https:\/\/www.mobilier-design-occasion.fr\/magazine\/optimiser-sa-location-saisonniere-limportance-du-mobilier-et-de-lamenagement\/","url":"https:\/\/www.mobilier-design-occasion.fr\/magazine\/optimiser-sa-location-saisonniere-limportance-du-mobilier-et-de-lamenagement\/","name":"Optimiser sa location saisonni\u00e8re : l'importance du mobilier et de l'am\u00e9nagement - Mobilier Design Magazine","isPartOf":{"@id":"https:\/\/www.mobilier-design-occasion.fr\/magazine\/#website"},"primaryImageOfPage":{"@id":"https:\/\/www.mobilier-design-occasion.fr\/magazine\/optimiser-sa-location-saisonniere-limportance-du-mobilier-et-de-lamenagement\/#primaryimage"},"image":{"@id":"https:\/\/www.mobilier-design-occasion.fr\/magazine\/optimiser-sa-location-saisonniere-limportance-du-mobilier-et-de-lamenagement\/#primaryimage"},"thumbnailUrl":"https:\/\/www.mobilier-design-occasion.fr\/magazine\/wp-content\/uploads\/2025\/08\/images.jpeg","datePublished":"2025-08-08T08:31:55+00:00","dateModified":"2025-09-12T11:59:05+00:00","breadcrumb":{"@id":"https:\/\/www.mobilier-design-occasion.fr\/magazine\/optimiser-sa-location-saisonniere-limportance-du-mobilier-et-de-lamenagement\/#breadcrumb"},"inLanguage":"fr-FR","potentialAction":[{"@type":"ReadAction","target":["https:\/\/www.mobilier-design-occasion.fr\/magazine\/optimiser-sa-location-saisonniere-limportance-du-mobilier-et-de-lamenagement\/"]}]},{"@type":"ImageObject","inLanguage":"fr-FR","@id":"https:\/\/www.mobilier-design-occasion.fr\/magazine\/optimiser-sa-location-saisonniere-limportance-du-mobilier-et-de-lamenagement\/#primaryimage","url":"https:\/\/www.mobilier-design-occasion.fr\/magazine\/wp-content\/uploads\/2025\/08\/images.jpeg","contentUrl":"https:\/\/www.mobilier-design-occasion.fr\/magazine\/wp-content\/uploads\/2025\/08\/images.jpeg","width":259,"height":194},{"@type":"BreadcrumbList","@id":"https:\/\/www.mobilier-design-occasion.fr\/magazine\/optimiser-sa-location-saisonniere-limportance-du-mobilier-et-de-lamenagement\/#breadcrumb","itemListElement":[{"@type":"ListItem","position":1,"name":"Accueil","item":"https:\/\/www.mobilier-design-occasion.fr\/magazine\/"},{"@type":"ListItem","position":2,"name":"Optimiser sa location saisonni\u00e8re : l&#8217;importance du mobilier et de l&#8217;am\u00e9nagement"}]},{"@type":"WebSite","@id":"https:\/\/www.mobilier-design-occasion.fr\/magazine\/#website","url":"https:\/\/www.mobilier-design-occasion.fr\/magazine\/","name":"Mobilier Design Magazine","description":"","publisher":{"@id":"https:\/\/www.mobilier-design-occasion.fr\/magazine\/#organization"},"potentialAction":[{"@type":"SearchAction","target":{"@type":"EntryPoint","urlTemplate":"https:\/\/www.mobilier-design-occasion.fr\/magazine\/?s={search_term_string}"},"query-input":{"@type":"PropertyValueSpecification","valueRequired":true,"valueName":"search_term_string"}}],"inLanguage":"fr-FR"},{"@type":"Organization","@id":"https:\/\/www.mobilier-design-occasion.fr\/magazine\/#organization","name":"Mobilier Design Magazine","url":"https:\/\/www.mobilier-design-occasion.fr\/magazine\/","logo":{"@type":"ImageObject","inLanguage":"fr-FR","@id":"https:\/\/www.mobilier-design-occasion.fr\/magazine\/#\/schema\/logo\/image\/","url":"https:\/\/www.mobilier-design-occasion.fr\/magazine\/wp-content\/uploads\/2024\/02\/android-chrome-192x192-1.png","contentUrl":"https:\/\/www.mobilier-design-occasion.fr\/magazine\/wp-content\/uploads\/2024\/02\/android-chrome-192x192-1.png","width":192,"height":192,"caption":"Mobilier Design Magazine"},"image":{"@id":"https:\/\/www.mobilier-design-occasion.fr\/magazine\/#\/schema\/logo\/image\/"},"sameAs":["https:\/\/www.facebook.com\/mobilierdesignoccasion"]},{"@type":"Person","@id":"https:\/\/www.mobilier-design-occasion.fr\/magazine\/#\/schema\/person\/af895bedc80bfb6b17730a672fddac9e","name":"Vincent Vandegans","image":{"@type":"ImageObject","inLanguage":"fr-FR","@id":"https:\/\/secure.gravatar.com\/avatar\/b984800dabdf722d5e3f03f637c8932dea77d81118467d17ad2953e3b273ec66?s=96&d=mm&r=g","url":"https:\/\/secure.gravatar.com\/avatar\/b984800dabdf722d5e3f03f637c8932dea77d81118467d17ad2953e3b273ec66?s=96&d=mm&r=g","contentUrl":"https:\/\/secure.gravatar.com\/avatar\/b984800dabdf722d5e3f03f637c8932dea77d81118467d17ad2953e3b273ec66?s=96&d=mm&r=g","caption":"Vincent Vandegans"},"description":"Vincent est passionn\u00e9 par les produits d'occasion, il a ouvert le site MDO avec Cyrielle pour aider les gens \u00e0 trouver du mobilier d'occasion, vintage ou usag\u00e9. Depuis, ils ont \u00e9tendu leurs activit\u00e9s et conseillent tout le monde sur le mobilier d'int\u00e9rieur et d'ext\u00e9rieur au quotidien \u00e0 travers le magazine MDO.","url":"https:\/\/www.mobilier-design-occasion.fr\/magazine\/author\/vincent\/"}]}},"_links":{"self":[{"href":"https:\/\/www.mobilier-design-occasion.fr\/magazine\/wp-json\/wp\/v2\/posts\/8399","targetHints":{"allow":["GET"]}}],"collection":[{"href":"https:\/\/www.mobilier-design-occasion.fr\/magazine\/wp-json\/wp\/v2\/posts"}],"about":[{"href":"https:\/\/www.mobilier-design-occasion.fr\/magazine\/wp-json\/wp\/v2\/types\/post"}],"author":[{"embeddable":true,"href":"https:\/\/www.mobilier-design-occasion.fr\/magazine\/wp-json\/wp\/v2\/users\/2"}],"replies":[{"embeddable":true,"href":"https:\/\/www.mobilier-design-occasion.fr\/magazine\/wp-json\/wp\/v2\/comments?post=8399"}],"version-history":[{"count":1,"href":"https:\/\/www.mobilier-design-occasion.fr\/magazine\/wp-json\/wp\/v2\/posts\/8399\/revisions"}],"predecessor-version":[{"id":8405,"href":"https:\/\/www.mobilier-design-occasion.fr\/magazine\/wp-json\/wp\/v2\/posts\/8399\/revisions\/8405"}],"wp:featuredmedia":[{"embeddable":true,"href":"https:\/\/www.mobilier-design-occasion.fr\/magazine\/wp-json\/wp\/v2\/media\/8404"}],"wp:attachment":[{"href":"https:\/\/www.mobilier-design-occasion.fr\/magazine\/wp-json\/wp\/v2\/media?parent=8399"}],"wp:term":[{"taxonomy":"category","embeddable":true,"href":"https:\/\/www.mobilier-design-occasion.fr\/magazine\/wp-json\/wp\/v2\/categories?post=8399"},{"taxonomy":"post_tag","embeddable":true,"href":"https:\/\/www.mobilier-design-occasion.fr\/magazine\/wp-json\/wp\/v2\/tags?post=8399"}],"curies":[{"name":"wp","href":"https:\/\/api.w.org\/{rel}","templated":true}]}}