{"id":8390,"date":"2025-08-08T08:17:10","date_gmt":"2025-08-08T08:17:10","guid":{"rendered":"https:\/\/www.mobilier-design-occasion.fr\/magazine\/?p=8390"},"modified":"2025-08-08T08:19:33","modified_gmt":"2025-08-08T08:19:33","slug":"lart-animalier-dans-la-decoration-moderne","status":"publish","type":"post","link":"https:\/\/www.mobilier-design-occasion.fr\/magazine\/lart-animalier-dans-la-decoration-moderne\/","title":{"rendered":"L&#8217;Art Animalier dans la D\u00e9coration Moderne"},"content":{"rendered":"\n<h2 class=\"wp-block-heading\"><span class=\"ez-toc-section\" id=\"Comment_bien_choisir_son_art_animalier_pour_la_decoration\"><\/span>Comment bien choisir son art animalier pour la d\u00e9coration<span class=\"ez-toc-section-end\"><\/span><\/h2><div id=\"ez-toc-container\" class=\"ez-toc-v2_0_82_2 counter-hierarchy ez-toc-counter ez-toc-grey ez-toc-container-direction\">\n<div class=\"ez-toc-title-container\">\n<span class=\"ez-toc-title-toggle\"><a href=\"#\" class=\"ez-toc-pull-right ez-toc-btn ez-toc-btn-xs ez-toc-btn-default ez-toc-toggle\" aria-label=\"Toggle Table of Content\"><span class=\"ez-toc-js-icon-con\"><span class=\"\"><span class=\"eztoc-hide\" style=\"display:none;\">Toggle<\/span><span class=\"ez-toc-icon-toggle-span\"><svg style=\"fill: #999;color:#999\" xmlns=\"http:\/\/www.w3.org\/2000\/svg\" class=\"list-377408\" width=\"20px\" height=\"20px\" viewBox=\"0 0 24 24\" fill=\"none\"><path d=\"M6 6H4v2h2V6zm14 0H8v2h12V6zM4 11h2v2H4v-2zm16 0H8v2h12v-2zM4 16h2v2H4v-2zm16 0H8v2h12v-2z\" fill=\"currentColor\"><\/path><\/svg><svg style=\"fill: #999;color:#999\" class=\"arrow-unsorted-368013\" xmlns=\"http:\/\/www.w3.org\/2000\/svg\" width=\"10px\" height=\"10px\" viewBox=\"0 0 24 24\" version=\"1.2\" baseProfile=\"tiny\"><path d=\"M18.2 9.3l-6.2-6.3-6.2 6.3c-.2.2-.3.4-.3.7s.1.5.3.7c.2.2.4.3.7.3h11c.3 0 .5-.1.7-.3.2-.2.3-.5.3-.7s-.1-.5-.3-.7zM5.8 14.7l6.2 6.3 6.2-6.3c.2-.2.3-.5.3-.7s-.1-.5-.3-.7c-.2-.2-.4-.3-.7-.3h-11c-.3 0-.5.1-.7.3-.2.2-.3.5-.3.7s.1.5.3.7z\"\/><\/svg><\/span><\/span><\/span><\/a><\/span><\/div>\n<nav><ul class='ez-toc-list ez-toc-list-level-1 eztoc-toggle-hide-by-default' ><li class='ez-toc-page-1 ez-toc-heading-level-2'><a class=\"ez-toc-link ez-toc-heading-1\" href=\"https:\/\/www.mobilier-design-occasion.fr\/magazine\/lart-animalier-dans-la-decoration-moderne\/#Comment_bien_choisir_son_art_animalier_pour_la_decoration\" >Comment bien choisir son art animalier pour la d\u00e9coration<\/a><ul class='ez-toc-list-level-3' ><li class='ez-toc-heading-level-3'><a class=\"ez-toc-link ez-toc-heading-2\" href=\"https:\/\/www.mobilier-design-occasion.fr\/magazine\/lart-animalier-dans-la-decoration-moderne\/#Analyser_votre_espace\" >Analyser votre espace<\/a><\/li><li class='ez-toc-page-1 ez-toc-heading-level-3'><a class=\"ez-toc-link ez-toc-heading-3\" href=\"https:\/\/www.mobilier-design-occasion.fr\/magazine\/lart-animalier-dans-la-decoration-moderne\/#Definir_vos_preferences_artistiques\" >D\u00e9finir vos pr\u00e9f\u00e9rences artistiques<\/a><\/li><li class='ez-toc-page-1 ez-toc-heading-level-3'><a class=\"ez-toc-link ez-toc-heading-4\" href=\"https:\/\/www.mobilier-design-occasion.fr\/magazine\/lart-animalier-dans-la-decoration-moderne\/#Considerer_lusage_de_la_piece\" >Consid\u00e9rer l&#8217;usage de la pi\u00e8ce<\/a><\/li><li class='ez-toc-page-1 ez-toc-heading-level-3'><a class=\"ez-toc-link ez-toc-heading-5\" href=\"https:\/\/www.mobilier-design-occasion.fr\/magazine\/lart-animalier-dans-la-decoration-moderne\/#Harmoniser_avec_la_decoration_existante\" >Harmoniser avec la d\u00e9coration existante<\/a><\/li><li class='ez-toc-page-1 ez-toc-heading-level-3'><a class=\"ez-toc-link ez-toc-heading-6\" href=\"https:\/\/www.mobilier-design-occasion.fr\/magazine\/lart-animalier-dans-la-decoration-moderne\/#Criteres_techniques_et_pratiques\" >Crit\u00e8res techniques et pratiques<\/a><\/li><li class='ez-toc-page-1 ez-toc-heading-level-3'><a class=\"ez-toc-link ez-toc-heading-7\" href=\"https:\/\/www.mobilier-design-occasion.fr\/magazine\/lart-animalier-dans-la-decoration-moderne\/#Penser_a_limpact_emotionnel\" >Penser \u00e0 l&#8217;impact \u00e9motionnel<\/a><\/li><\/ul><\/li><li class='ez-toc-page-1 ez-toc-heading-level-2'><a class=\"ez-toc-link ez-toc-heading-8\" href=\"https:\/\/www.mobilier-design-occasion.fr\/magazine\/lart-animalier-dans-la-decoration-moderne\/#Une_tendance_qui_reflete_notre_epoque\" >Une tendance qui refl\u00e8te notre \u00e9poque<\/a><\/li><li class='ez-toc-page-1 ez-toc-heading-level-2'><a class=\"ez-toc-link ez-toc-heading-9\" href=\"https:\/\/www.mobilier-design-occasion.fr\/magazine\/lart-animalier-dans-la-decoration-moderne\/#Le_charisme_des_rimates_dans_lArt_decoratif\" >Le charisme des rimates dans l&#8217;Art d\u00e9coratif<\/a><\/li><li class='ez-toc-page-1 ez-toc-heading-level-2'><a class=\"ez-toc-link ez-toc-heading-10\" href=\"https:\/\/www.mobilier-design-occasion.fr\/magazine\/lart-animalier-dans-la-decoration-moderne\/#Integrer_lArt_Animalier_dans_Differents_Espaces\" >Int\u00e9grer l&#8217;Art Animalier dans Diff\u00e9rents Espaces<\/a><ul class='ez-toc-list-level-3' ><li class='ez-toc-heading-level-3'><a class=\"ez-toc-link ez-toc-heading-11\" href=\"https:\/\/www.mobilier-design-occasion.fr\/magazine\/lart-animalier-dans-la-decoration-moderne\/#Le_Salon_Point_Focal_et_Conversation\" >Le Salon : Point Focal et Conversation<\/a><\/li><li class='ez-toc-page-1 ez-toc-heading-level-3'><a class=\"ez-toc-link ez-toc-heading-12\" href=\"https:\/\/www.mobilier-design-occasion.fr\/magazine\/lart-animalier-dans-la-decoration-moderne\/#La_Chambre_Intimite_et_Serenite\" >La Chambre : Intimit\u00e9 et S\u00e9r\u00e9nit\u00e9<\/a><\/li><li class='ez-toc-page-1 ez-toc-heading-level-3'><a class=\"ez-toc-link ez-toc-heading-13\" href=\"https:\/\/www.mobilier-design-occasion.fr\/magazine\/lart-animalier-dans-la-decoration-moderne\/#Le_Bureau_Inspiration_et_Dynamisme\" >Le Bureau : Inspiration et Dynamisme<\/a><\/li><\/ul><\/li><li class='ez-toc-page-1 ez-toc-heading-level-2'><a class=\"ez-toc-link ez-toc-heading-14\" href=\"https:\/\/www.mobilier-design-occasion.fr\/magazine\/lart-animalier-dans-la-decoration-moderne\/#Comment_bien_choisir_son_art_animalier_pour_la_decoration-2\" >Comment bien choisir son art animalier pour la d\u00e9coration<\/a><ul class='ez-toc-list-level-3' ><li class='ez-toc-heading-level-3'><a class=\"ez-toc-link ez-toc-heading-15\" href=\"https:\/\/www.mobilier-design-occasion.fr\/magazine\/lart-animalier-dans-la-decoration-moderne\/#Analyser_votre_espace-2\" >Analyser votre espace<\/a><\/li><li class='ez-toc-page-1 ez-toc-heading-level-3'><a class=\"ez-toc-link ez-toc-heading-16\" href=\"https:\/\/www.mobilier-design-occasion.fr\/magazine\/lart-animalier-dans-la-decoration-moderne\/#Definir_vos_preferences_artistiques-2\" >D\u00e9finir vos pr\u00e9f\u00e9rences artistiques<\/a><\/li><li class='ez-toc-page-1 ez-toc-heading-level-3'><a class=\"ez-toc-link ez-toc-heading-17\" href=\"https:\/\/www.mobilier-design-occasion.fr\/magazine\/lart-animalier-dans-la-decoration-moderne\/#Considerer_lusage_de_la_piece-2\" >Consid\u00e9rer l&#8217;usage de la pi\u00e8ce<\/a><\/li><li class='ez-toc-page-1 ez-toc-heading-level-3'><a class=\"ez-toc-link ez-toc-heading-18\" href=\"https:\/\/www.mobilier-design-occasion.fr\/magazine\/lart-animalier-dans-la-decoration-moderne\/#Harmoniser_avec_la_decoration_existante-2\" >Harmoniser avec la d\u00e9coration existante<\/a><\/li><li class='ez-toc-page-1 ez-toc-heading-level-3'><a class=\"ez-toc-link ez-toc-heading-19\" href=\"https:\/\/www.mobilier-design-occasion.fr\/magazine\/lart-animalier-dans-la-decoration-moderne\/#Criteres_techniques_et_pratiques-2\" >Crit\u00e8res techniques et pratiques<\/a><\/li><li class='ez-toc-page-1 ez-toc-heading-level-3'><a class=\"ez-toc-link ez-toc-heading-20\" href=\"https:\/\/www.mobilier-design-occasion.fr\/magazine\/lart-animalier-dans-la-decoration-moderne\/#Penser_a_limpact_emotionnel-2\" >Penser \u00e0 l&#8217;impact \u00e9motionnel<\/a><\/li><\/ul><\/li><li class='ez-toc-page-1 ez-toc-heading-level-2'><a class=\"ez-toc-link ez-toc-heading-21\" href=\"https:\/\/www.mobilier-design-occasion.fr\/magazine\/lart-animalier-dans-la-decoration-moderne\/#Les_Codes_Couleurs_et_Styles\" >Les Codes Couleurs et Styles<\/a><\/li><li class='ez-toc-page-1 ez-toc-heading-level-2'><a class=\"ez-toc-link ez-toc-heading-22\" href=\"https:\/\/www.mobilier-design-occasion.fr\/magazine\/lart-animalier-dans-la-decoration-moderne\/#Conseils_dExpert_pour_une_Integration_Reussie\" >Conseils d&#8217;Expert pour une Int\u00e9gration R\u00e9ussie<\/a><ul class='ez-toc-list-level-3' ><li class='ez-toc-heading-level-3'><a class=\"ez-toc-link ez-toc-heading-23\" href=\"https:\/\/www.mobilier-design-occasion.fr\/magazine\/lart-animalier-dans-la-decoration-moderne\/#Harmoniser_avec_lExistant\" >Harmoniser avec l&#8217;Existant<\/a><\/li><li class='ez-toc-page-1 ez-toc-heading-level-3'><a class=\"ez-toc-link ez-toc-heading-24\" href=\"https:\/\/www.mobilier-design-occasion.fr\/magazine\/lart-animalier-dans-la-decoration-moderne\/#Jouer_sur_les_Contrastes\" >Jouer sur les Contrastes<\/a><\/li><li class='ez-toc-page-1 ez-toc-heading-level-3'><a class=\"ez-toc-link ez-toc-heading-25\" href=\"https:\/\/www.mobilier-design-occasion.fr\/magazine\/lart-animalier-dans-la-decoration-moderne\/#Penser_lEclairage\" >Penser l&#8217;\u00c9clairage<\/a><\/li><\/ul><\/li><li class='ez-toc-page-1 ez-toc-heading-level-2'><a class=\"ez-toc-link ez-toc-heading-26\" href=\"https:\/\/www.mobilier-design-occasion.fr\/magazine\/lart-animalier-dans-la-decoration-moderne\/#LImpact_Psychologique_de_lArt_Animalier\" >L&#8217;Impact Psychologique de l&#8217;Art Animalier<\/a><\/li><li class='ez-toc-page-1 ez-toc-heading-level-2'><a class=\"ez-toc-link ez-toc-heading-27\" href=\"https:\/\/www.mobilier-design-occasion.fr\/magazine\/lart-animalier-dans-la-decoration-moderne\/#Conclusion_Un_Investissement_Durable\" >Conclusion : Un Investissement Durable<\/a><\/li><\/ul><\/nav><\/div>\n\n\n\n\n<h3 class=\"wp-block-heading\"><span class=\"ez-toc-section\" id=\"Analyser_votre_espace\"><\/span><strong>Analyser votre espace<\/strong><span class=\"ez-toc-section-end\"><\/span><\/h3>\n\n\n\n<p>\u2022 Mesurez pr\u00e9cis\u00e9ment l&#8217;emplacement pr\u00e9vu pour \u00e9viter les erreurs de proportion \u2022 \u00c9valuez la luminosit\u00e9 naturelle et artificielle de la pi\u00e8ce pour choisir les bonnes couleurs \u2022 Identifiez le <a href=\"https:\/\/www.mobilier-design-occasion.fr\/magazine\/mobilier-vintage-les-styles-les-plus-prises\/\">style<\/a> dominant de votre d\u00e9coration (moderne, classique, industriel, boh\u00e8me)<\/p>\n\n\n\n<h3 class=\"wp-block-heading\"><span class=\"ez-toc-section\" id=\"Definir_vos_preferences_artistiques\"><\/span><strong>D\u00e9finir vos pr\u00e9f\u00e9rences artistiques<\/strong><span class=\"ez-toc-section-end\"><\/span><\/h3>\n\n\n\n<p>\u2022 D\u00e9terminez le style qui vous correspond : r\u00e9aliste, abstrait, pop art, <a href=\"https:\/\/www.mobilier-design-occasion.fr\/magazine\/lodyssee-lumineuse-lheritage-industriel-revisite\/\">vintage<\/a> ou minimaliste \u2022 Choisissez entre noir et <a href=\"https:\/\/www.mobilier-design-occasion.fr\/magazine\/reinventez-votre-espace-avec-lelegance-du-blanc-et-la-puissance-du-bois-naturel\/\">blanc<\/a> pour l&#8217;\u00e9l\u00e9gance ou couleurs vives pour dynamiser l&#8217;espace \u2022 S\u00e9lectionnez l&#8217;animal qui vous inspire le plus : primates, f\u00e9lins, oiseaux ou autres esp\u00e8ces<\/p>\n\n\n\n<h3 class=\"wp-block-heading\"><span class=\"ez-toc-section\" id=\"Considerer_lusage_de_la_piece\"><\/span><strong>Consid\u00e9rer l&#8217;usage de la pi\u00e8ce<\/strong><span class=\"ez-toc-section-end\"><\/span><\/h3>\n\n\n\n<p>\u2022 Privil\u00e9giez des \u0153uvres apaisantes pour la <a href=\"https:\/\/www.mobilier-design-occasion.fr\/magazine\/5-elements-pour-amenager-une-chambre-montessori\/\">chambre<\/a> et les espaces de d\u00e9tente \u2022 Optez pour des cr\u00e9ations stimulantes et \u00e9nergisantes pour le <a href=\"https:\/\/www.mobilier-design-occasion.fr\/magazine\/devoilez-le-secret-de-lelegance-dans-votre-espace-de-travail\/\">bureau<\/a> ou l&#8217;espace de travail \u2022 Choisissez des pi\u00e8ces conversationnelles et impressionnantes pour le <a href=\"https:\/\/www.mobilier-design-occasion.fr\/magazine\/tendances-2024-choisir-les-meubles-parfaits-pour-chaque-piece-de-votre-maison\/\">salon<\/a> et les espaces de r\u00e9ception<\/p>\n\n\n\n<h3 class=\"wp-block-heading\"><span class=\"ez-toc-section\" id=\"Harmoniser_avec_la_decoration_existante\"><\/span><strong>Harmoniser avec la d\u00e9coration existante<\/strong><span class=\"ez-toc-section-end\"><\/span><\/h3>\n\n\n\n<p>\u2022 Rep\u00e9rez les couleurs dominantes de votre palette d\u00e9corative pour cr\u00e9er une coh\u00e9rence \u2022 \u00c9quilibrez les mati\u00e8res pr\u00e9sentes (<a href=\"https:\/\/www.mobilier-design-occasion.fr\/magazine\/avis-mathy-by-bols\/\">bois<\/a>, m\u00e9tal, <a href=\"https:\/\/www.mobilier-design-occasion.fr\/magazine\/test-avis-essix-home\/\">textile<\/a>) avec le style de l&#8217;\u0153uvre \u2022 Pensez \u00e0 l&#8217;effet d&#8217;ensemble plut\u00f4t qu&#8217;\u00e0 l&#8217;\u0153uvre isol\u00e9e<\/p>\n\n\n\n<h3 class=\"wp-block-heading\"><span class=\"ez-toc-section\" id=\"Criteres_techniques_et_pratiques\"><\/span><strong>Crit\u00e8res techniques et pratiques<\/strong><span class=\"ez-toc-section-end\"><\/span><\/h3>\n\n\n\n<p>\u2022 V\u00e9rifiez la qualit\u00e9 d&#8217;impression et les mat\u00e9riaux utilis\u00e9s pour la durabilit\u00e9 \u2022 Choisissez le bon format : grand format pour un mur vide, format moyen pour accompagner un <a href=\"https:\/\/www.mobilier-design-occasion.fr\/magazine\/comment-entretenir-son-mobilier-design-au-quotidien-top-astuces\/\">meuble<\/a> \u2022 Consid\u00e9rez l&#8217;entretien n\u00e9cessaire selon l&#8217;emplacement (humidit\u00e9, exposition solaire) \u2022 Pr\u00e9voyez le budget pour l&#8217;encadrement si n\u00e9cessaire<\/p>\n\n\n\n<h3 class=\"wp-block-heading\"><span class=\"ez-toc-section\" id=\"Penser_a_limpact_emotionnel\"><\/span><strong>Penser \u00e0 l&#8217;impact \u00e9motionnel<\/strong><span class=\"ez-toc-section-end\"><\/span><\/h3>\n\n\n\n<p>\u2022 S\u00e9lectionnez des \u0153uvres qui \u00e9voquent des \u00e9motions positives au quotidien \u2022 Choisissez des repr\u00e9sentations qui correspondent \u00e0 votre personnalit\u00e9 \u2022 Privil\u00e9giez des cr\u00e9ations intemporelles qui ne vous lasseront pas rapidement.<\/p>\n\n\n\n<hr class=\"wp-block-separator has-alpha-channel-opacity\"\/>\n\n\n\n<p>La d\u00e9coration contemporaine ne cesse d&#8217;\u00e9voluer, et l&#8217;une des tendances les plus marquantes de ces derni\u00e8res ann\u00e9es est sans conteste l&#8217;int\u00e9gration de l&#8217;art animalier dans nos espaces de vie. Loin des repr\u00e9sentations classiques et parfois fig\u00e9es du pass\u00e9, les \u0153uvres d&#8217;art mettant en sc\u00e8ne la faune apportent aujourd&#8217;hui une dimension \u00e0 la fois sophistiqu\u00e9e et vivante \u00e0 nos int\u00e9rieurs.<\/p>\n\n\n\n<h2 class=\"wp-block-heading\"><span class=\"ez-toc-section\" id=\"Une_tendance_qui_reflete_notre_epoque\"><\/span>Une tendance qui refl\u00e8te notre \u00e9poque<span class=\"ez-toc-section-end\"><\/span><\/h2>\n\n\n\n<p>Dans un monde de plus en plus urbanis\u00e9, nous ressentons le besoin visc\u00e9ral de reconnecter avec la nature. Cette qu\u00eate se traduit dans nos choix d\u00e9coratifs par une pr\u00e9dilection pour les \u00e9l\u00e9ments qui \u00e9voquent le monde sauvage. Les \u0153uvres d&#8217;art animali\u00e8res r\u00e9pondent parfaitement \u00e0 cette aspiration, cr\u00e9ant un pont \u00e9motionnel entre notre quotidien citadin et l&#8217;univers naturel.<\/p>\n\n\n\n<figure class=\"wp-block-image size-large\"><img loading=\"lazy\" decoding=\"async\" width=\"1024\" height=\"229\" src=\"https:\/\/www.mobilier-design-occasion.fr\/magazine\/wp-content\/uploads\/2025\/08\/image-1024x229.png\" alt=\"\" class=\"wp-image-8391\" srcset=\"https:\/\/www.mobilier-design-occasion.fr\/magazine\/wp-content\/uploads\/2025\/08\/image-1024x229.png 1024w, https:\/\/www.mobilier-design-occasion.fr\/magazine\/wp-content\/uploads\/2025\/08\/image-300x67.png 300w, https:\/\/www.mobilier-design-occasion.fr\/magazine\/wp-content\/uploads\/2025\/08\/image-768x172.png 768w, https:\/\/www.mobilier-design-occasion.fr\/magazine\/wp-content\/uploads\/2025\/08\/image-810x182.png 810w, https:\/\/www.mobilier-design-occasion.fr\/magazine\/wp-content\/uploads\/2025\/08\/image-1140x255.png 1140w, https:\/\/www.mobilier-design-occasion.fr\/magazine\/wp-content\/uploads\/2025\/08\/image.png 1428w\" sizes=\"auto, (max-width: 1024px) 100vw, 1024px\" \/><\/figure>\n\n\n\n<h2 class=\"wp-block-heading\"><span class=\"ez-toc-section\" id=\"Le_charisme_des_rimates_dans_lArt_decoratif\"><\/span>Le charisme des rimates dans l&#8217;Art d\u00e9coratif<span class=\"ez-toc-section-end\"><\/span><\/h2>\n\n\n\n<p>Parmi les repr\u00e9sentations animali\u00e8res, les primates occupent une place particuli\u00e8re dans le c\u0153ur des amateurs d&#8217;art. Leur expressivit\u00e9 naturelle, leur intelligence perceptible et leur proximit\u00e9 avec l&#8217;humanit\u00e9 en font des sujets artistiques d&#8217;une richesse exceptionnelle. Un tableau singe peut transformer radicalement l&#8217;atmosph\u00e8re d&#8217;une pi\u00e8ce, apportant une note d&#8217;humour, de sagesse ou de myst\u00e8re selon le style choisi.<\/p>\n\n\n\n<p>Ces \u0153uvres se d\u00e9clinent dans une multitude de styles : du r\u00e9alisme photographique aux interpr\u00e9tations pop art color\u00e9es, en passant par des cr\u00e9ations abstraites ou minimalistes. Cette diversit\u00e9 permet \u00e0 chaque amateur de d\u00e9coration de trouver l&#8217;\u0153uvre qui s&#8217;harmonisera parfaitement avec son style personnel.<\/p>\n\n\n\n<figure class=\"wp-block-image size-large\"><img loading=\"lazy\" decoding=\"async\" width=\"1024\" height=\"371\" src=\"https:\/\/www.mobilier-design-occasion.fr\/magazine\/wp-content\/uploads\/2025\/08\/image-1-1024x371.png\" alt=\"\" class=\"wp-image-8392\" srcset=\"https:\/\/www.mobilier-design-occasion.fr\/magazine\/wp-content\/uploads\/2025\/08\/image-1-1024x371.png 1024w, https:\/\/www.mobilier-design-occasion.fr\/magazine\/wp-content\/uploads\/2025\/08\/image-1-300x109.png 300w, https:\/\/www.mobilier-design-occasion.fr\/magazine\/wp-content\/uploads\/2025\/08\/image-1-768x278.png 768w, https:\/\/www.mobilier-design-occasion.fr\/magazine\/wp-content\/uploads\/2025\/08\/image-1-810x293.png 810w, https:\/\/www.mobilier-design-occasion.fr\/magazine\/wp-content\/uploads\/2025\/08\/image-1.png 1066w\" sizes=\"auto, (max-width: 1024px) 100vw, 1024px\" \/><\/figure>\n\n\n\n<h2 class=\"wp-block-heading\"><span class=\"ez-toc-section\" id=\"Integrer_lArt_Animalier_dans_Differents_Espaces\"><\/span>Int\u00e9grer l&#8217;Art Animalier dans Diff\u00e9rents Espaces<span class=\"ez-toc-section-end\"><\/span><\/h2>\n\n\n\n<h3 class=\"wp-block-heading\"><span class=\"ez-toc-section\" id=\"Le_Salon_Point_Focal_et_Conversation\"><\/span>Le Salon : Point Focal et Conversation<span class=\"ez-toc-section-end\"><\/span><\/h3>\n\n\n\n<p>Dans le salon, une \u0153uvre animali\u00e8re de grande taille peut servir de point focal, attirant imm\u00e9diatement l&#8217;attention et cr\u00e9ant un sujet de conversation naturel avec les invit\u00e9s. Plac\u00e9e au-dessus du <a href=\"https:\/\/www.mobilier-design-occasion.fr\/magazine\/test-avis-sur-poltronesofa\/\">canap\u00e9<\/a> ou sur un mur de mise en valeur, elle donne instantan\u00e9ment du caract\u00e8re \u00e0 l&#8217;espace.<\/p>\n\n\n\n<h3 class=\"wp-block-heading\"><span class=\"ez-toc-section\" id=\"La_Chambre_Intimite_et_Serenite\"><\/span>La Chambre : Intimit\u00e9 et S\u00e9r\u00e9nit\u00e9<span class=\"ez-toc-section-end\"><\/span><\/h3>\n\n\n\n<p>Pour la chambre, privil\u00e9giez des repr\u00e9sentations plus douces et apaisantes. Les tons neutres et les compositions \u00e9quilibr\u00e9es favorisent la relaxation tout en maintenant l&#8217;int\u00e9r\u00eat visuel de la pi\u00e8ce.<\/p>\n\n\n\n<h3 class=\"wp-block-heading\"><span class=\"ez-toc-section\" id=\"Le_Bureau_Inspiration_et_Dynamisme\"><\/span>Le Bureau : Inspiration et Dynamisme<span class=\"ez-toc-section-end\"><\/span><\/h3>\n\n\n\n<p>Dans un espace de travail, l&#8217;art animalier peut apporter une dose d&#8217;inspiration quotidienne. L&#8217;intelligence et la curiosit\u00e9 naturelles des animaux repr\u00e9sent\u00e9s peuvent stimuler la cr\u00e9ativit\u00e9 et la r\u00e9flexion.<\/p>\n\n\n\n<figure class=\"wp-block-image size-large\"><img loading=\"lazy\" decoding=\"async\" width=\"1024\" height=\"332\" src=\"https:\/\/www.mobilier-design-occasion.fr\/magazine\/wp-content\/uploads\/2025\/08\/image-2-1024x332.png\" alt=\"\" class=\"wp-image-8393\" srcset=\"https:\/\/www.mobilier-design-occasion.fr\/magazine\/wp-content\/uploads\/2025\/08\/image-2-1024x332.png 1024w, https:\/\/www.mobilier-design-occasion.fr\/magazine\/wp-content\/uploads\/2025\/08\/image-2-300x97.png 300w, https:\/\/www.mobilier-design-occasion.fr\/magazine\/wp-content\/uploads\/2025\/08\/image-2-768x249.png 768w, https:\/\/www.mobilier-design-occasion.fr\/magazine\/wp-content\/uploads\/2025\/08\/image-2-810x263.png 810w, https:\/\/www.mobilier-design-occasion.fr\/magazine\/wp-content\/uploads\/2025\/08\/image-2-1140x370.png 1140w, https:\/\/www.mobilier-design-occasion.fr\/magazine\/wp-content\/uploads\/2025\/08\/image-2.png 1184w\" sizes=\"auto, (max-width: 1024px) 100vw, 1024px\" \/><\/figure>\n\n\n\n<p>Voici une liste \u00e0 puces pratique pour bien choisir votre art animalier d\u00e9coratif :<\/p>\n\n\n\n<hr class=\"wp-block-separator has-alpha-channel-opacity\"\/>\n\n\n\n<h2 class=\"wp-block-heading\"><span class=\"ez-toc-section\" id=\"Comment_bien_choisir_son_art_animalier_pour_la_decoration-2\"><\/span>Comment bien choisir son art animalier pour la d\u00e9coration<span class=\"ez-toc-section-end\"><\/span><\/h2>\n\n\n\n<h3 class=\"wp-block-heading\"><span class=\"ez-toc-section\" id=\"Analyser_votre_espace-2\"><\/span><strong>Analyser votre espace<\/strong><span class=\"ez-toc-section-end\"><\/span><\/h3>\n\n\n\n<p>\u2022 Mesurez pr\u00e9cis\u00e9ment l&#8217;emplacement pr\u00e9vu pour \u00e9viter les erreurs de proportion \u2022 \u00c9valuez la luminosit\u00e9 naturelle et artificielle de la pi\u00e8ce pour choisir les bonnes couleurs \u2022 Identifiez le style dominant de votre d\u00e9coration (moderne, classique, industriel, boh\u00e8me)<\/p>\n\n\n\n<h3 class=\"wp-block-heading\"><span class=\"ez-toc-section\" id=\"Definir_vos_preferences_artistiques-2\"><\/span><strong>D\u00e9finir vos pr\u00e9f\u00e9rences artistiques<\/strong><span class=\"ez-toc-section-end\"><\/span><\/h3>\n\n\n\n<p>\u2022 D\u00e9terminez le style qui vous correspond : r\u00e9aliste, abstrait, pop art, vintage ou minimaliste \u2022 Choisissez entre noir et blanc pour l&#8217;\u00e9l\u00e9gance ou couleurs vives pour dynamiser l&#8217;espace \u2022 S\u00e9lectionnez l&#8217;animal qui vous inspire le plus : primates, f\u00e9lins, oiseaux ou autres esp\u00e8ces<\/p>\n\n\n\n<h3 class=\"wp-block-heading\"><span class=\"ez-toc-section\" id=\"Considerer_lusage_de_la_piece-2\"><\/span><strong>Consid\u00e9rer l&#8217;usage de la pi\u00e8ce<\/strong><span class=\"ez-toc-section-end\"><\/span><\/h3>\n\n\n\n<p>\u2022 Privil\u00e9giez des \u0153uvres apaisantes pour la chambre et les espaces de d\u00e9tente \u2022 Optez pour des cr\u00e9ations stimulantes et \u00e9nergisantes pour le bureau ou l&#8217;espace de travail \u2022 Choisissez des pi\u00e8ces conversationnelles et impressionnantes pour le salon et les espaces de r\u00e9ception<\/p>\n\n\n\n<h3 class=\"wp-block-heading\"><span class=\"ez-toc-section\" id=\"Harmoniser_avec_la_decoration_existante-2\"><\/span><strong>Harmoniser avec la d\u00e9coration existante<\/strong><span class=\"ez-toc-section-end\"><\/span><\/h3>\n\n\n\n<p>\u2022 Rep\u00e9rez les couleurs dominantes de votre palette d\u00e9corative pour cr\u00e9er une coh\u00e9rence \u2022 \u00c9quilibrez les mati\u00e8res pr\u00e9sentes (bois, m\u00e9tal, textile) avec le style de l&#8217;\u0153uvre \u2022 Pensez \u00e0 l&#8217;effet d&#8217;ensemble plut\u00f4t qu&#8217;\u00e0 l&#8217;\u0153uvre isol\u00e9e<\/p>\n\n\n\n<h3 class=\"wp-block-heading\"><span class=\"ez-toc-section\" id=\"Criteres_techniques_et_pratiques-2\"><\/span><strong>Crit\u00e8res techniques et pratiques<\/strong><span class=\"ez-toc-section-end\"><\/span><\/h3>\n\n\n\n<p>\u2022 V\u00e9rifiez la qualit\u00e9 d&#8217;impression et les mat\u00e9riaux utilis\u00e9s pour la durabilit\u00e9 \u2022 Choisissez le bon format : grand format pour un mur vide, format moyen pour accompagner un meuble \u2022 Consid\u00e9rez l&#8217;entretien n\u00e9cessaire selon l&#8217;emplacement (humidit\u00e9, exposition solaire) \u2022 Pr\u00e9voyez le budget pour l&#8217;encadrement si n\u00e9cessaire<\/p>\n\n\n\n<h3 class=\"wp-block-heading\"><span class=\"ez-toc-section\" id=\"Penser_a_limpact_emotionnel-2\"><\/span><strong>Penser \u00e0 l&#8217;impact \u00e9motionnel<\/strong><span class=\"ez-toc-section-end\"><\/span><\/h3>\n\n\n\n<p>\u2022 S\u00e9lectionnez des \u0153uvres qui \u00e9voquent des \u00e9motions positives au quotidien \u2022 Choisissez des repr\u00e9sentations qui correspondent \u00e0 votre personnalit\u00e9 \u2022 Privil\u00e9giez des cr\u00e9ations intemporelles qui ne vous lasseront pas rapidement<\/p>\n\n\n\n<hr class=\"wp-block-separator has-alpha-channel-opacity\"\/>\n\n\n\n<h2 class=\"wp-block-heading\"><span class=\"ez-toc-section\" id=\"Les_Codes_Couleurs_et_Styles\"><\/span>Les Codes Couleurs et Styles<span class=\"ez-toc-section-end\"><\/span><\/h2>\n\n\n\n<p>L&#8217;art animalier moderne joue magistralement avec les palettes chromatiques. Les cr\u00e9ations en noir et blanc apportent une \u00e9l\u00e9gance intemporelle, tandis que les versions color\u00e9es dynamisent l&#8217;espace avec audace. Les styles vintage donnent une dimension nostalgique, et les approches contemporaines s&#8217;int\u00e8grent parfaitement dans les d\u00e9cors modernes ou industriels.<\/p>\n\n\n\n<h2 class=\"wp-block-heading\"><span class=\"ez-toc-section\" id=\"Conseils_dExpert_pour_une_Integration_Reussie\"><\/span>Conseils d&#8217;Expert pour une Int\u00e9gration R\u00e9ussie<span class=\"ez-toc-section-end\"><\/span><\/h2>\n\n\n\n<h3 class=\"wp-block-heading\"><span class=\"ez-toc-section\" id=\"Harmoniser_avec_lExistant\"><\/span>Harmoniser avec l&#8217;Existant<span class=\"ez-toc-section-end\"><\/span><\/h3>\n\n\n\n<p>L&#8217;art animalier ne doit pas entrer en conflit avec votre d\u00e9coration existante mais la sublimer. Consid\u00e9rez les couleurs dominantes de votre espace, les mat\u00e9riaux pr\u00e9sents et l&#8217;ambiance g\u00e9n\u00e9rale recherch\u00e9e.<\/p>\n\n\n\n<h3 class=\"wp-block-heading\"><span class=\"ez-toc-section\" id=\"Jouer_sur_les_Contrastes\"><\/span>Jouer sur les Contrastes<span class=\"ez-toc-section-end\"><\/span><\/h3>\n\n\n\n<p>N&#8217;h\u00e9sitez pas \u00e0 cr\u00e9er des contrastes visuels int\u00e9ressants. Une \u0153uvre au style audacieux peut parfaitement cohabiter avec un <a href=\"https:\/\/www.mobilier-design-occasion.fr\/magazine\/test-avis-sur-la-redoute-interieurs-am-pm\/\">mobilier<\/a> \u00e9pur\u00e9, cr\u00e9ant une tension visuelle dynamique et moderne.<\/p>\n\n\n\n<figure class=\"wp-block-image size-large\"><img loading=\"lazy\" decoding=\"async\" width=\"1024\" height=\"301\" src=\"https:\/\/www.mobilier-design-occasion.fr\/magazine\/wp-content\/uploads\/2025\/08\/image-3-1024x301.png\" alt=\"\" class=\"wp-image-8394\" srcset=\"https:\/\/www.mobilier-design-occasion.fr\/magazine\/wp-content\/uploads\/2025\/08\/image-3-1024x301.png 1024w, https:\/\/www.mobilier-design-occasion.fr\/magazine\/wp-content\/uploads\/2025\/08\/image-3-300x88.png 300w, https:\/\/www.mobilier-design-occasion.fr\/magazine\/wp-content\/uploads\/2025\/08\/image-3-768x226.png 768w, https:\/\/www.mobilier-design-occasion.fr\/magazine\/wp-content\/uploads\/2025\/08\/image-3-810x238.png 810w, https:\/\/www.mobilier-design-occasion.fr\/magazine\/wp-content\/uploads\/2025\/08\/image-3-1140x335.png 1140w, https:\/\/www.mobilier-design-occasion.fr\/magazine\/wp-content\/uploads\/2025\/08\/image-3.png 1272w\" sizes=\"auto, (max-width: 1024px) 100vw, 1024px\" \/><\/figure>\n\n\n\n<h3 class=\"wp-block-heading\"><span class=\"ez-toc-section\" id=\"Penser_lEclairage\"><\/span>Penser l&#8217;\u00c9clairage<span class=\"ez-toc-section-end\"><\/span><\/h3>\n\n\n\n<p>Un bon \u00e9clairage est crucial pour mettre en valeur une \u0153uvre d&#8217;art. Que ce soit par un \u00e9clairage directionnel ou par la <a href=\"https:\/\/www.mobilier-design-occasion.fr\/magazine\/le-charme-discret-de-la-lumiere-tamisee-du-chandelier\/\">lumi\u00e8re<\/a> naturelle, assurez-vous que votre pi\u00e8ce b\u00e9n\u00e9ficie de conditions optimales de mise en valeur.<\/p>\n\n\n\n<h2 class=\"wp-block-heading\"><span class=\"ez-toc-section\" id=\"LImpact_Psychologique_de_lArt_Animalier\"><\/span>L&#8217;Impact Psychologique de l&#8217;Art Animalier<span class=\"ez-toc-section-end\"><\/span><\/h2>\n\n\n\n<p>Au-del\u00e0 de l&#8217;aspect purement <a href=\"https:\/\/www.mobilier-design-occasion.fr\/magazine\/le-petit-lexique-du-mobilier-design\/\">esth\u00e9tique<\/a>, la pr\u00e9sence d&#8217;art animalier dans nos int\u00e9rieurs g\u00e9n\u00e8re des bienfaits psychologiques mesurables. Ces \u0153uvres stimulent notre imagination, \u00e9voquent des \u00e9motions positives et cr\u00e9ent une atmosph\u00e8re de bien-\u00eatre. Elles nous rappellent notre connexion fondamentale avec le monde naturel, apportant une dimension apaisante \u00e0 nos espaces de vie souvent domin\u00e9s par la technologie.<\/p>\n\n\n\n<figure class=\"wp-block-image size-large\"><img loading=\"lazy\" decoding=\"async\" width=\"1024\" height=\"242\" src=\"https:\/\/www.mobilier-design-occasion.fr\/magazine\/wp-content\/uploads\/2025\/08\/image-4-1024x242.png\" alt=\"\" class=\"wp-image-8395\" srcset=\"https:\/\/www.mobilier-design-occasion.fr\/magazine\/wp-content\/uploads\/2025\/08\/image-4-1024x242.png 1024w, https:\/\/www.mobilier-design-occasion.fr\/magazine\/wp-content\/uploads\/2025\/08\/image-4-300x71.png 300w, https:\/\/www.mobilier-design-occasion.fr\/magazine\/wp-content\/uploads\/2025\/08\/image-4-768x181.png 768w, https:\/\/www.mobilier-design-occasion.fr\/magazine\/wp-content\/uploads\/2025\/08\/image-4-810x191.png 810w, https:\/\/www.mobilier-design-occasion.fr\/magazine\/wp-content\/uploads\/2025\/08\/image-4-1140x269.png 1140w, https:\/\/www.mobilier-design-occasion.fr\/magazine\/wp-content\/uploads\/2025\/08\/image-4.png 1330w\" sizes=\"auto, (max-width: 1024px) 100vw, 1024px\" \/><\/figure>\n\n\n\n<h2 class=\"wp-block-heading\"><span class=\"ez-toc-section\" id=\"Conclusion_Un_Investissement_Durable\"><\/span>Conclusion : Un Investissement Durable<span class=\"ez-toc-section-end\"><\/span><\/h2>\n\n\n\n<p>Choisir d&#8217;int\u00e9grer de l&#8217;art animalier dans sa d\u00e9coration, c&#8217;est faire le pari d&#8217;un investissement \u00e0 la fois esth\u00e9tique et \u00e9motionnel durable. Ces \u0153uvres traversent les modes et continuent d&#8217;inspirer, de surprendre et d&#8217;enrichir notre quotidien. Elles t\u00e9moignent d&#8217;un go\u00fbt s\u00fbr et d&#8217;une sensibilit\u00e9 particuli\u00e8re qui ne laisse jamais indiff\u00e9rent.<\/p>\n\n\n\n<p>L&#8217;art animalier moderne offre une palette infinie de possibilit\u00e9s d\u00e9coratives, permettant \u00e0 chacun d&#8217;exprimer sa personnalit\u00e9 tout en cr\u00e9ant des int\u00e9rieurs vivants, chaleureux et profond\u00e9ment humains. Dans cette qu\u00eate d&#8217;authenticit\u00e9 et de connexion avec la nature, chaque \u0153uvre devient une fen\u00eatre ouverte sur un monde plus vaste et plus riche.<\/p>\n","protected":false},"excerpt":{"rendered":"<p>Comment bien choisir son art animalier pour la d\u00e9coration Analyser votre espace \u2022 Mesurez pr\u00e9cis\u00e9ment l&#8217;emplacement pr\u00e9vu pour \u00e9viter les erreurs de proportion \u2022 \u00c9valuez la luminosit\u00e9 naturelle et artificielle de la pi\u00e8ce pour choisir les bonnes couleurs \u2022 Identifiez le style dominant de votre d\u00e9coration (moderne, classique, industriel, boh\u00e8me) D\u00e9finir vos pr\u00e9f\u00e9rences artistiques \u2022 [&hellip;]<\/p>\n","protected":false},"author":2,"featured_media":8396,"comment_status":"open","ping_status":"open","sticky":false,"template":"","format":"standard","meta":{"footnotes":""},"categories":[8],"tags":[233,234,133],"class_list":["post-8390","post","type-post","status-publish","format-standard","has-post-thumbnail","hentry","category-avis","tag-art","tag-tableau","tag-vintage"],"yoast_head":"<!-- This site is optimized with the Yoast SEO plugin v27.5 - https:\/\/yoast.com\/product\/yoast-seo-wordpress\/ -->\n<title>L&#039;Art Animalier dans la D\u00e9coration Moderne - Mobilier Design Magazine<\/title>\n<meta name=\"robots\" content=\"index, follow, max-snippet:-1, max-image-preview:large, max-video-preview:-1\" \/>\n<link rel=\"canonical\" href=\"https:\/\/www.mobilier-design-occasion.fr\/magazine\/lart-animalier-dans-la-decoration-moderne\/\" \/>\n<meta property=\"og:locale\" content=\"fr_FR\" \/>\n<meta property=\"og:type\" content=\"article\" \/>\n<meta property=\"og:title\" content=\"L&#039;Art Animalier dans la D\u00e9coration Moderne - Mobilier Design Magazine\" \/>\n<meta property=\"og:description\" content=\"Comment bien choisir son art animalier pour la d\u00e9coration Analyser votre espace \u2022 Mesurez pr\u00e9cis\u00e9ment l&#8217;emplacement pr\u00e9vu pour \u00e9viter les erreurs de proportion \u2022 \u00c9valuez la luminosit\u00e9 naturelle et artificielle de la pi\u00e8ce pour choisir les bonnes couleurs \u2022 Identifiez le style dominant de votre d\u00e9coration (moderne, classique, industriel, boh\u00e8me) D\u00e9finir vos pr\u00e9f\u00e9rences artistiques \u2022 [&hellip;]\" \/>\n<meta property=\"og:url\" content=\"https:\/\/www.mobilier-design-occasion.fr\/magazine\/lart-animalier-dans-la-decoration-moderne\/\" \/>\n<meta property=\"og:site_name\" content=\"Mobilier Design Magazine\" \/>\n<meta property=\"article:publisher\" content=\"https:\/\/www.facebook.com\/mobilierdesignoccasion\" \/>\n<meta property=\"article:published_time\" content=\"2025-08-08T08:17:10+00:00\" \/>\n<meta property=\"article:modified_time\" content=\"2025-08-08T08:19:33+00:00\" \/>\n<meta property=\"og:image\" content=\"https:\/\/www.mobilier-design-occasion.fr\/magazine\/wp-content\/uploads\/2025\/08\/tableau-pop-art-singe-770599_5000x.webp\" \/>\n\t<meta property=\"og:image:width\" content=\"2048\" \/>\n\t<meta property=\"og:image:height\" content=\"2048\" \/>\n\t<meta property=\"og:image:type\" content=\"image\/webp\" \/>\n<meta name=\"author\" content=\"Vincent Vandegans\" \/>\n<meta name=\"twitter:card\" content=\"summary_large_image\" \/>\n<meta name=\"twitter:label1\" content=\"\u00c9crit par\" \/>\n\t<meta name=\"twitter:data1\" content=\"Vincent Vandegans\" \/>\n\t<meta name=\"twitter:label2\" content=\"Dur\u00e9e de lecture estim\u00e9e\" \/>\n\t<meta name=\"twitter:data2\" content=\"8 minutes\" \/>\n<script type=\"application\/ld+json\" class=\"yoast-schema-graph\">{\"@context\":\"https:\\\/\\\/schema.org\",\"@graph\":[{\"@type\":\"Article\",\"@id\":\"https:\\\/\\\/www.mobilier-design-occasion.fr\\\/magazine\\\/lart-animalier-dans-la-decoration-moderne\\\/#article\",\"isPartOf\":{\"@id\":\"https:\\\/\\\/www.mobilier-design-occasion.fr\\\/magazine\\\/lart-animalier-dans-la-decoration-moderne\\\/\"},\"author\":{\"name\":\"Vincent Vandegans\",\"@id\":\"https:\\\/\\\/www.mobilier-design-occasion.fr\\\/magazine\\\/#\\\/schema\\\/person\\\/af895bedc80bfb6b17730a672fddac9e\"},\"headline\":\"L&#8217;Art Animalier dans la D\u00e9coration Moderne\",\"datePublished\":\"2025-08-08T08:17:10+00:00\",\"dateModified\":\"2025-08-08T08:19:33+00:00\",\"mainEntityOfPage\":{\"@id\":\"https:\\\/\\\/www.mobilier-design-occasion.fr\\\/magazine\\\/lart-animalier-dans-la-decoration-moderne\\\/\"},\"wordCount\":1450,\"commentCount\":0,\"publisher\":{\"@id\":\"https:\\\/\\\/www.mobilier-design-occasion.fr\\\/magazine\\\/#organization\"},\"image\":{\"@id\":\"https:\\\/\\\/www.mobilier-design-occasion.fr\\\/magazine\\\/lart-animalier-dans-la-decoration-moderne\\\/#primaryimage\"},\"thumbnailUrl\":\"https:\\\/\\\/www.mobilier-design-occasion.fr\\\/magazine\\\/wp-content\\\/uploads\\\/2025\\\/08\\\/tableau-pop-art-singe-770599_5000x.webp\",\"keywords\":[\"art\",\"tableau\",\"Vintage\"],\"articleSection\":[\"Avis marques d\u00e9co\"],\"inLanguage\":\"fr-FR\",\"potentialAction\":[{\"@type\":\"CommentAction\",\"name\":\"Comment\",\"target\":[\"https:\\\/\\\/www.mobilier-design-occasion.fr\\\/magazine\\\/lart-animalier-dans-la-decoration-moderne\\\/#respond\"]}]},{\"@type\":\"WebPage\",\"@id\":\"https:\\\/\\\/www.mobilier-design-occasion.fr\\\/magazine\\\/lart-animalier-dans-la-decoration-moderne\\\/\",\"url\":\"https:\\\/\\\/www.mobilier-design-occasion.fr\\\/magazine\\\/lart-animalier-dans-la-decoration-moderne\\\/\",\"name\":\"L'Art Animalier dans la D\u00e9coration Moderne - Mobilier Design Magazine\",\"isPartOf\":{\"@id\":\"https:\\\/\\\/www.mobilier-design-occasion.fr\\\/magazine\\\/#website\"},\"primaryImageOfPage\":{\"@id\":\"https:\\\/\\\/www.mobilier-design-occasion.fr\\\/magazine\\\/lart-animalier-dans-la-decoration-moderne\\\/#primaryimage\"},\"image\":{\"@id\":\"https:\\\/\\\/www.mobilier-design-occasion.fr\\\/magazine\\\/lart-animalier-dans-la-decoration-moderne\\\/#primaryimage\"},\"thumbnailUrl\":\"https:\\\/\\\/www.mobilier-design-occasion.fr\\\/magazine\\\/wp-content\\\/uploads\\\/2025\\\/08\\\/tableau-pop-art-singe-770599_5000x.webp\",\"datePublished\":\"2025-08-08T08:17:10+00:00\",\"dateModified\":\"2025-08-08T08:19:33+00:00\",\"breadcrumb\":{\"@id\":\"https:\\\/\\\/www.mobilier-design-occasion.fr\\\/magazine\\\/lart-animalier-dans-la-decoration-moderne\\\/#breadcrumb\"},\"inLanguage\":\"fr-FR\",\"potentialAction\":[{\"@type\":\"ReadAction\",\"target\":[\"https:\\\/\\\/www.mobilier-design-occasion.fr\\\/magazine\\\/lart-animalier-dans-la-decoration-moderne\\\/\"]}]},{\"@type\":\"ImageObject\",\"inLanguage\":\"fr-FR\",\"@id\":\"https:\\\/\\\/www.mobilier-design-occasion.fr\\\/magazine\\\/lart-animalier-dans-la-decoration-moderne\\\/#primaryimage\",\"url\":\"https:\\\/\\\/www.mobilier-design-occasion.fr\\\/magazine\\\/wp-content\\\/uploads\\\/2025\\\/08\\\/tableau-pop-art-singe-770599_5000x.webp\",\"contentUrl\":\"https:\\\/\\\/www.mobilier-design-occasion.fr\\\/magazine\\\/wp-content\\\/uploads\\\/2025\\\/08\\\/tableau-pop-art-singe-770599_5000x.webp\",\"width\":2048,\"height\":2048},{\"@type\":\"BreadcrumbList\",\"@id\":\"https:\\\/\\\/www.mobilier-design-occasion.fr\\\/magazine\\\/lart-animalier-dans-la-decoration-moderne\\\/#breadcrumb\",\"itemListElement\":[{\"@type\":\"ListItem\",\"position\":1,\"name\":\"Accueil\",\"item\":\"https:\\\/\\\/www.mobilier-design-occasion.fr\\\/magazine\\\/\"},{\"@type\":\"ListItem\",\"position\":2,\"name\":\"L&#8217;Art Animalier dans la D\u00e9coration Moderne\"}]},{\"@type\":\"WebSite\",\"@id\":\"https:\\\/\\\/www.mobilier-design-occasion.fr\\\/magazine\\\/#website\",\"url\":\"https:\\\/\\\/www.mobilier-design-occasion.fr\\\/magazine\\\/\",\"name\":\"Mobilier Design Magazine\",\"description\":\"\",\"publisher\":{\"@id\":\"https:\\\/\\\/www.mobilier-design-occasion.fr\\\/magazine\\\/#organization\"},\"potentialAction\":[{\"@type\":\"SearchAction\",\"target\":{\"@type\":\"EntryPoint\",\"urlTemplate\":\"https:\\\/\\\/www.mobilier-design-occasion.fr\\\/magazine\\\/?s={search_term_string}\"},\"query-input\":{\"@type\":\"PropertyValueSpecification\",\"valueRequired\":true,\"valueName\":\"search_term_string\"}}],\"inLanguage\":\"fr-FR\"},{\"@type\":\"Organization\",\"@id\":\"https:\\\/\\\/www.mobilier-design-occasion.fr\\\/magazine\\\/#organization\",\"name\":\"Mobilier Design Magazine\",\"url\":\"https:\\\/\\\/www.mobilier-design-occasion.fr\\\/magazine\\\/\",\"logo\":{\"@type\":\"ImageObject\",\"inLanguage\":\"fr-FR\",\"@id\":\"https:\\\/\\\/www.mobilier-design-occasion.fr\\\/magazine\\\/#\\\/schema\\\/logo\\\/image\\\/\",\"url\":\"https:\\\/\\\/www.mobilier-design-occasion.fr\\\/magazine\\\/wp-content\\\/uploads\\\/2024\\\/02\\\/android-chrome-192x192-1.png\",\"contentUrl\":\"https:\\\/\\\/www.mobilier-design-occasion.fr\\\/magazine\\\/wp-content\\\/uploads\\\/2024\\\/02\\\/android-chrome-192x192-1.png\",\"width\":192,\"height\":192,\"caption\":\"Mobilier Design Magazine\"},\"image\":{\"@id\":\"https:\\\/\\\/www.mobilier-design-occasion.fr\\\/magazine\\\/#\\\/schema\\\/logo\\\/image\\\/\"},\"sameAs\":[\"https:\\\/\\\/www.facebook.com\\\/mobilierdesignoccasion\"]},{\"@type\":\"Person\",\"@id\":\"https:\\\/\\\/www.mobilier-design-occasion.fr\\\/magazine\\\/#\\\/schema\\\/person\\\/af895bedc80bfb6b17730a672fddac9e\",\"name\":\"Vincent Vandegans\",\"image\":{\"@type\":\"ImageObject\",\"inLanguage\":\"fr-FR\",\"@id\":\"https:\\\/\\\/secure.gravatar.com\\\/avatar\\\/b984800dabdf722d5e3f03f637c8932dea77d81118467d17ad2953e3b273ec66?s=96&d=mm&r=g\",\"url\":\"https:\\\/\\\/secure.gravatar.com\\\/avatar\\\/b984800dabdf722d5e3f03f637c8932dea77d81118467d17ad2953e3b273ec66?s=96&d=mm&r=g\",\"contentUrl\":\"https:\\\/\\\/secure.gravatar.com\\\/avatar\\\/b984800dabdf722d5e3f03f637c8932dea77d81118467d17ad2953e3b273ec66?s=96&d=mm&r=g\",\"caption\":\"Vincent Vandegans\"},\"description\":\"Vincent est passionn\u00e9 par les produits d'occasion, il a ouvert le site MDO avec Cyrielle pour aider les gens \u00e0 trouver du mobilier d'occasion, vintage ou usag\u00e9. Depuis, ils ont \u00e9tendu leurs activit\u00e9s et conseillent tout le monde sur le mobilier d'int\u00e9rieur et d'ext\u00e9rieur au quotidien \u00e0 travers le magazine MDO.\",\"url\":\"https:\\\/\\\/www.mobilier-design-occasion.fr\\\/magazine\\\/author\\\/vincent\\\/\"}]}<\/script>\n<!-- \/ Yoast SEO plugin. -->","yoast_head_json":{"title":"L'Art Animalier dans la D\u00e9coration Moderne - Mobilier Design Magazine","robots":{"index":"index","follow":"follow","max-snippet":"max-snippet:-1","max-image-preview":"max-image-preview:large","max-video-preview":"max-video-preview:-1"},"canonical":"https:\/\/www.mobilier-design-occasion.fr\/magazine\/lart-animalier-dans-la-decoration-moderne\/","og_locale":"fr_FR","og_type":"article","og_title":"L'Art Animalier dans la D\u00e9coration Moderne - Mobilier Design Magazine","og_description":"Comment bien choisir son art animalier pour la d\u00e9coration Analyser votre espace \u2022 Mesurez pr\u00e9cis\u00e9ment l&#8217;emplacement pr\u00e9vu pour \u00e9viter les erreurs de proportion \u2022 \u00c9valuez la luminosit\u00e9 naturelle et artificielle de la pi\u00e8ce pour choisir les bonnes couleurs \u2022 Identifiez le style dominant de votre d\u00e9coration (moderne, classique, industriel, boh\u00e8me) D\u00e9finir vos pr\u00e9f\u00e9rences artistiques \u2022 [&hellip;]","og_url":"https:\/\/www.mobilier-design-occasion.fr\/magazine\/lart-animalier-dans-la-decoration-moderne\/","og_site_name":"Mobilier Design Magazine","article_publisher":"https:\/\/www.facebook.com\/mobilierdesignoccasion","article_published_time":"2025-08-08T08:17:10+00:00","article_modified_time":"2025-08-08T08:19:33+00:00","og_image":[{"width":2048,"height":2048,"url":"https:\/\/www.mobilier-design-occasion.fr\/magazine\/wp-content\/uploads\/2025\/08\/tableau-pop-art-singe-770599_5000x.webp","type":"image\/webp"}],"author":"Vincent Vandegans","twitter_card":"summary_large_image","twitter_misc":{"\u00c9crit par":"Vincent Vandegans","Dur\u00e9e de lecture estim\u00e9e":"8 minutes"},"schema":{"@context":"https:\/\/schema.org","@graph":[{"@type":"Article","@id":"https:\/\/www.mobilier-design-occasion.fr\/magazine\/lart-animalier-dans-la-decoration-moderne\/#article","isPartOf":{"@id":"https:\/\/www.mobilier-design-occasion.fr\/magazine\/lart-animalier-dans-la-decoration-moderne\/"},"author":{"name":"Vincent Vandegans","@id":"https:\/\/www.mobilier-design-occasion.fr\/magazine\/#\/schema\/person\/af895bedc80bfb6b17730a672fddac9e"},"headline":"L&#8217;Art Animalier dans la D\u00e9coration Moderne","datePublished":"2025-08-08T08:17:10+00:00","dateModified":"2025-08-08T08:19:33+00:00","mainEntityOfPage":{"@id":"https:\/\/www.mobilier-design-occasion.fr\/magazine\/lart-animalier-dans-la-decoration-moderne\/"},"wordCount":1450,"commentCount":0,"publisher":{"@id":"https:\/\/www.mobilier-design-occasion.fr\/magazine\/#organization"},"image":{"@id":"https:\/\/www.mobilier-design-occasion.fr\/magazine\/lart-animalier-dans-la-decoration-moderne\/#primaryimage"},"thumbnailUrl":"https:\/\/www.mobilier-design-occasion.fr\/magazine\/wp-content\/uploads\/2025\/08\/tableau-pop-art-singe-770599_5000x.webp","keywords":["art","tableau","Vintage"],"articleSection":["Avis marques d\u00e9co"],"inLanguage":"fr-FR","potentialAction":[{"@type":"CommentAction","name":"Comment","target":["https:\/\/www.mobilier-design-occasion.fr\/magazine\/lart-animalier-dans-la-decoration-moderne\/#respond"]}]},{"@type":"WebPage","@id":"https:\/\/www.mobilier-design-occasion.fr\/magazine\/lart-animalier-dans-la-decoration-moderne\/","url":"https:\/\/www.mobilier-design-occasion.fr\/magazine\/lart-animalier-dans-la-decoration-moderne\/","name":"L'Art Animalier dans la D\u00e9coration Moderne - Mobilier Design Magazine","isPartOf":{"@id":"https:\/\/www.mobilier-design-occasion.fr\/magazine\/#website"},"primaryImageOfPage":{"@id":"https:\/\/www.mobilier-design-occasion.fr\/magazine\/lart-animalier-dans-la-decoration-moderne\/#primaryimage"},"image":{"@id":"https:\/\/www.mobilier-design-occasion.fr\/magazine\/lart-animalier-dans-la-decoration-moderne\/#primaryimage"},"thumbnailUrl":"https:\/\/www.mobilier-design-occasion.fr\/magazine\/wp-content\/uploads\/2025\/08\/tableau-pop-art-singe-770599_5000x.webp","datePublished":"2025-08-08T08:17:10+00:00","dateModified":"2025-08-08T08:19:33+00:00","breadcrumb":{"@id":"https:\/\/www.mobilier-design-occasion.fr\/magazine\/lart-animalier-dans-la-decoration-moderne\/#breadcrumb"},"inLanguage":"fr-FR","potentialAction":[{"@type":"ReadAction","target":["https:\/\/www.mobilier-design-occasion.fr\/magazine\/lart-animalier-dans-la-decoration-moderne\/"]}]},{"@type":"ImageObject","inLanguage":"fr-FR","@id":"https:\/\/www.mobilier-design-occasion.fr\/magazine\/lart-animalier-dans-la-decoration-moderne\/#primaryimage","url":"https:\/\/www.mobilier-design-occasion.fr\/magazine\/wp-content\/uploads\/2025\/08\/tableau-pop-art-singe-770599_5000x.webp","contentUrl":"https:\/\/www.mobilier-design-occasion.fr\/magazine\/wp-content\/uploads\/2025\/08\/tableau-pop-art-singe-770599_5000x.webp","width":2048,"height":2048},{"@type":"BreadcrumbList","@id":"https:\/\/www.mobilier-design-occasion.fr\/magazine\/lart-animalier-dans-la-decoration-moderne\/#breadcrumb","itemListElement":[{"@type":"ListItem","position":1,"name":"Accueil","item":"https:\/\/www.mobilier-design-occasion.fr\/magazine\/"},{"@type":"ListItem","position":2,"name":"L&#8217;Art Animalier dans la D\u00e9coration Moderne"}]},{"@type":"WebSite","@id":"https:\/\/www.mobilier-design-occasion.fr\/magazine\/#website","url":"https:\/\/www.mobilier-design-occasion.fr\/magazine\/","name":"Mobilier Design Magazine","description":"","publisher":{"@id":"https:\/\/www.mobilier-design-occasion.fr\/magazine\/#organization"},"potentialAction":[{"@type":"SearchAction","target":{"@type":"EntryPoint","urlTemplate":"https:\/\/www.mobilier-design-occasion.fr\/magazine\/?s={search_term_string}"},"query-input":{"@type":"PropertyValueSpecification","valueRequired":true,"valueName":"search_term_string"}}],"inLanguage":"fr-FR"},{"@type":"Organization","@id":"https:\/\/www.mobilier-design-occasion.fr\/magazine\/#organization","name":"Mobilier Design Magazine","url":"https:\/\/www.mobilier-design-occasion.fr\/magazine\/","logo":{"@type":"ImageObject","inLanguage":"fr-FR","@id":"https:\/\/www.mobilier-design-occasion.fr\/magazine\/#\/schema\/logo\/image\/","url":"https:\/\/www.mobilier-design-occasion.fr\/magazine\/wp-content\/uploads\/2024\/02\/android-chrome-192x192-1.png","contentUrl":"https:\/\/www.mobilier-design-occasion.fr\/magazine\/wp-content\/uploads\/2024\/02\/android-chrome-192x192-1.png","width":192,"height":192,"caption":"Mobilier Design Magazine"},"image":{"@id":"https:\/\/www.mobilier-design-occasion.fr\/magazine\/#\/schema\/logo\/image\/"},"sameAs":["https:\/\/www.facebook.com\/mobilierdesignoccasion"]},{"@type":"Person","@id":"https:\/\/www.mobilier-design-occasion.fr\/magazine\/#\/schema\/person\/af895bedc80bfb6b17730a672fddac9e","name":"Vincent Vandegans","image":{"@type":"ImageObject","inLanguage":"fr-FR","@id":"https:\/\/secure.gravatar.com\/avatar\/b984800dabdf722d5e3f03f637c8932dea77d81118467d17ad2953e3b273ec66?s=96&d=mm&r=g","url":"https:\/\/secure.gravatar.com\/avatar\/b984800dabdf722d5e3f03f637c8932dea77d81118467d17ad2953e3b273ec66?s=96&d=mm&r=g","contentUrl":"https:\/\/secure.gravatar.com\/avatar\/b984800dabdf722d5e3f03f637c8932dea77d81118467d17ad2953e3b273ec66?s=96&d=mm&r=g","caption":"Vincent Vandegans"},"description":"Vincent est passionn\u00e9 par les produits d'occasion, il a ouvert le site MDO avec Cyrielle pour aider les gens \u00e0 trouver du mobilier d'occasion, vintage ou usag\u00e9. Depuis, ils ont \u00e9tendu leurs activit\u00e9s et conseillent tout le monde sur le mobilier d'int\u00e9rieur et d'ext\u00e9rieur au quotidien \u00e0 travers le magazine MDO.","url":"https:\/\/www.mobilier-design-occasion.fr\/magazine\/author\/vincent\/"}]}},"_links":{"self":[{"href":"https:\/\/www.mobilier-design-occasion.fr\/magazine\/wp-json\/wp\/v2\/posts\/8390","targetHints":{"allow":["GET"]}}],"collection":[{"href":"https:\/\/www.mobilier-design-occasion.fr\/magazine\/wp-json\/wp\/v2\/posts"}],"about":[{"href":"https:\/\/www.mobilier-design-occasion.fr\/magazine\/wp-json\/wp\/v2\/types\/post"}],"author":[{"embeddable":true,"href":"https:\/\/www.mobilier-design-occasion.fr\/magazine\/wp-json\/wp\/v2\/users\/2"}],"replies":[{"embeddable":true,"href":"https:\/\/www.mobilier-design-occasion.fr\/magazine\/wp-json\/wp\/v2\/comments?post=8390"}],"version-history":[{"count":2,"href":"https:\/\/www.mobilier-design-occasion.fr\/magazine\/wp-json\/wp\/v2\/posts\/8390\/revisions"}],"predecessor-version":[{"id":8398,"href":"https:\/\/www.mobilier-design-occasion.fr\/magazine\/wp-json\/wp\/v2\/posts\/8390\/revisions\/8398"}],"wp:featuredmedia":[{"embeddable":true,"href":"https:\/\/www.mobilier-design-occasion.fr\/magazine\/wp-json\/wp\/v2\/media\/8396"}],"wp:attachment":[{"href":"https:\/\/www.mobilier-design-occasion.fr\/magazine\/wp-json\/wp\/v2\/media?parent=8390"}],"wp:term":[{"taxonomy":"category","embeddable":true,"href":"https:\/\/www.mobilier-design-occasion.fr\/magazine\/wp-json\/wp\/v2\/categories?post=8390"},{"taxonomy":"post_tag","embeddable":true,"href":"https:\/\/www.mobilier-design-occasion.fr\/magazine\/wp-json\/wp\/v2\/tags?post=8390"}],"curies":[{"name":"wp","href":"https:\/\/api.w.org\/{rel}","templated":true}]}}