{"id":8380,"date":"2025-08-01T16:38:31","date_gmt":"2025-08-01T16:38:31","guid":{"rendered":"https:\/\/www.mobilier-design-occasion.fr\/magazine\/les-differents-types-descaliers-design-qui-transforment-completement-votre-interieur\/"},"modified":"2025-08-01T16:38:33","modified_gmt":"2025-08-01T16:38:33","slug":"les-differents-types-descaliers-design-qui-transforment-completement-votre-interieur","status":"publish","type":"post","link":"https:\/\/www.mobilier-design-occasion.fr\/magazine\/les-differents-types-descaliers-design-qui-transforment-completement-votre-interieur\/","title":{"rendered":"Les diff\u00e9rents types d\u2019escaliers design qui transforment compl\u00e8tement votre int\u00e9rieur"},"content":{"rendered":"<div>\n<p>Un escalier n\u2019est pas seulement un passage d\u2019un \u00e9tage \u00e0 l\u2019autre. C\u2019est souvent la premi\u00e8re chose que l\u2019on remarque en entrant dans une pi\u00e8ce. Mauvais mod\u00e8le, et l\u2019\u00e9quilibre visuel dispara\u00eet. Trop imposant, il \u00e9crase la lumi\u00e8re. Trop discret, il manque de caract\u00e8re. Comment trouver celui qui donne du relief et transforme vraiment votre int\u00e9rieur\u202f?<\/p>\n<h2><span class=\"ez-toc-section\" id=\"Escalier_droit_en_acier_%E2%80%93_sobriete_et_fonctionnalite\"><\/span>Escalier droit en acier \u2013 sobri\u00e9t\u00e9 et fonctionnalit\u00e9<span class=\"ez-toc-section-end\"><\/span><\/h2><div id=\"ez-toc-container\" class=\"ez-toc-v2_0_82_2 counter-hierarchy ez-toc-counter ez-toc-grey ez-toc-container-direction\">\n<div class=\"ez-toc-title-container\">\n<span class=\"ez-toc-title-toggle\"><a href=\"#\" class=\"ez-toc-pull-right ez-toc-btn ez-toc-btn-xs ez-toc-btn-default ez-toc-toggle\" aria-label=\"Toggle Table of Content\"><span class=\"ez-toc-js-icon-con\"><span class=\"\"><span class=\"eztoc-hide\" style=\"display:none;\">Toggle<\/span><span class=\"ez-toc-icon-toggle-span\"><svg style=\"fill: #999;color:#999\" xmlns=\"http:\/\/www.w3.org\/2000\/svg\" class=\"list-377408\" width=\"20px\" height=\"20px\" viewBox=\"0 0 24 24\" fill=\"none\"><path d=\"M6 6H4v2h2V6zm14 0H8v2h12V6zM4 11h2v2H4v-2zm16 0H8v2h12v-2zM4 16h2v2H4v-2zm16 0H8v2h12v-2z\" fill=\"currentColor\"><\/path><\/svg><svg style=\"fill: #999;color:#999\" class=\"arrow-unsorted-368013\" xmlns=\"http:\/\/www.w3.org\/2000\/svg\" width=\"10px\" height=\"10px\" viewBox=\"0 0 24 24\" version=\"1.2\" baseProfile=\"tiny\"><path d=\"M18.2 9.3l-6.2-6.3-6.2 6.3c-.2.2-.3.4-.3.7s.1.5.3.7c.2.2.4.3.7.3h11c.3 0 .5-.1.7-.3.2-.2.3-.5.3-.7s-.1-.5-.3-.7zM5.8 14.7l6.2 6.3 6.2-6.3c.2-.2.3-.5.3-.7s-.1-.5-.3-.7c-.2-.2-.4-.3-.7-.3h-11c-.3 0-.5.1-.7.3-.2.2-.3.5-.3.7s.1.5.3.7z\"\/><\/svg><\/span><\/span><\/span><\/a><\/span><\/div>\n<nav><ul class='ez-toc-list ez-toc-list-level-1 eztoc-toggle-hide-by-default' ><li class='ez-toc-page-1 ez-toc-heading-level-2'><a class=\"ez-toc-link ez-toc-heading-1\" href=\"https:\/\/www.mobilier-design-occasion.fr\/magazine\/les-differents-types-descaliers-design-qui-transforment-completement-votre-interieur\/#Escalier_droit_en_acier_%E2%80%93_sobriete_et_fonctionnalite\" >Escalier droit en acier \u2013 sobri\u00e9t\u00e9 et fonctionnalit\u00e9<\/a><\/li><li class='ez-toc-page-1 ez-toc-heading-level-2'><a class=\"ez-toc-link ez-toc-heading-2\" href=\"https:\/\/www.mobilier-design-occasion.fr\/magazine\/les-differents-types-descaliers-design-qui-transforment-completement-votre-interieur\/#Escalier_helicoidal_ou_en_colimacon_%E2%80%93_gain_de_place_et_effet_sculptural\" >Escalier h\u00e9lico\u00efdal ou en colima\u00e7on \u2013 gain de place et effet sculptural<\/a><\/li><li class='ez-toc-page-1 ez-toc-heading-level-2'><a class=\"ez-toc-link ez-toc-heading-3\" href=\"https:\/\/www.mobilier-design-occasion.fr\/magazine\/les-differents-types-descaliers-design-qui-transforment-completement-votre-interieur\/#Escalier_a_pas_japonais_%E2%80%93_original_et_gain_de_volume\" >Escalier \u00e0 pas japonais \u2013 original et gain de volume<\/a><\/li><\/ul><\/nav><\/div>\n\n<p><strong><img decoding=\"async\" class=\"aligncenter\" src=\"https:\/\/www.mobilier-design-occasion.fr\/magazine\/wp-content\/uploads\/2025\/08\/18d2e0f90543acc7b25dcfb1b4a772f6.jpeg\" width=\"700\"><br \/>Un escalier droit en acier impose un style clair<\/strong>. Les marches rectilignes, simples et \u00e9pur\u00e9es, apportent une structure visuelle nette \u00e0 un s\u00e9jour. On ressent presque la texture froide du m\u00e9tal sous le pied. Ce mod\u00e8le, propos\u00e9 par Steel M\u00e9tal via <a href=\"https:\/\/steelmetal.fr\/\">steelmetal.fr<\/a>, combine minimalisme et robustesse.\u00a0<\/p>\n<p>Parfois, c\u2019est tout ce qu\u2019il faut pour structurer un grand volume. L\u2019acier peut \u00eatre brut, galvanis\u00e9, patin\u00e9 ou peint en une couleur vive \u2014 plus de 1\u202f200 teintes disponibles, selon le site. Et l\u2019avantage\u202f? Une solidit\u00e9 certaine, peu d\u2019entretien, un rendu l\u00e9ger gr\u00e2ce au limon central fin, et un co\u00fbt souvent inf\u00e9rieur \u00e0 l\u2019inox. Un escalier droit design peut aussi lib\u00e9rer l\u2019espace sous les marches pour du rangement ou un bureau discret.<\/p>\n<h2><span class=\"ez-toc-section\" id=\"Escalier_helicoidal_ou_en_colimacon_%E2%80%93_gain_de_place_et_effet_sculptural\"><\/span>Escalier h\u00e9lico\u00efdal ou en colima\u00e7on \u2013 gain de place et effet sculptural<span class=\"ez-toc-section-end\"><\/span><\/h2>\n<p><img decoding=\"async\" class=\"aligncenter\" src=\"https:\/\/www.mobilier-design-occasion.fr\/magazine\/wp-content\/uploads\/2025\/08\/88221c6fbf687cfd21e38fb63cb0ecbe.jpeg\" width=\"700\"><br \/>Parfois, le tournant rend tout plus fluide. <strong>L\u2019escalier h\u00e9lico\u00efdal, aussi appel\u00e9 escalier en colima\u00e7on ou \u00e0 vis<\/strong>, s\u2019enroule autour d\u2019un f\u00fbt central. La mont\u00e9e devient lente, fluide. On per\u00e7oit l\u2019\u00e9cho des pas m\u00e9talliques et un jeu d\u2019ombre-lumi\u00e8re autour de la colonne. Con\u00e7u par Steel M\u00e9tal, il permet un gain d\u2019espace \u00e9norme.<\/p>\n<p>Il existe en version ronde ou carr\u00e9e. L\u2019escalier h\u00e9lico\u00efdal carr\u00e9 optimise quelques centim\u00e8tres. Il peut gagner 5 \u00e0 6\u202fcm sur la longueur des marches. Id\u00e9al pour les petits volumes, mais pas parfait pour transporter un canap\u00e9. L\u2019allure sculpturale apporte une touche contemporaine imm\u00e9diate.<\/p>\n<h2><span class=\"ez-toc-section\" id=\"Escalier_a_pas_japonais_%E2%80%93_original_et_gain_de_volume\"><\/span>Escalier \u00e0 pas japonais \u2013 original et gain de volume<span class=\"ez-toc-section-end\"><\/span><\/h2>\n<p><img decoding=\"async\" class=\"aligncenter\" src=\"https:\/\/www.mobilier-design-occasion.fr\/magazine\/wp-content\/uploads\/2025\/08\/f0344a9cc892757b5365300473ee5d3f.jpeg\" width=\"700\"><br \/>Dans un petit int\u00e9rieur,<strong> l\u2019escalier \u00e0 pas <a href=\"https:\/\/www.mobilier-design-occasion.fr\/magazine\/elements-de-decoration-japonaise-qui-subliment-les-interieurs-modernes\/\">japonais<\/a> attire l\u2019\u0153il<\/strong>. Les marches d\u00e9cal\u00e9es obligent \u00e0 alterner pied gauche, pied droit. La gestuelle devient zen. On entend le l\u00e9ger craquement du m\u00e9tal sous le pas. Ce type d\u2019escalier optimise l\u2019espace mieux qu\u2019un escalier droit classique.<\/p>\n<p>Il est moderne, esth\u00e9tique, presque ludique. Attention toutefois : il r\u00e9clame vigilance \u00e0 la mont\u00e9e. Le style d\u00e9cal\u00e9 transforme une mont\u00e9e banale en exp\u00e9rience design tout en lib\u00e9rant un volume pr\u00e9cieux au sol. Parfois, l\u2019innovation visuelle rime aussi avec challenge pratique. Voil\u00e0 un escalier qui change une pi\u00e8ce enti\u00e8re.<\/p>\n<\/div>\n","protected":false},"excerpt":{"rendered":"<p>Un escalier n\u2019est pas seulement un passage d\u2019un \u00e9tage \u00e0 l\u2019autre. C\u2019est souvent la premi\u00e8re chose que l\u2019on remarque en entrant dans une pi\u00e8ce. Mauvais mod\u00e8le, et l\u2019\u00e9quilibre visuel dispara\u00eet. Trop imposant, il \u00e9crase la lumi\u00e8re. Trop discret, il manque de caract\u00e8re. Comment trouver celui qui donne du relief et transforme vraiment votre int\u00e9rieur\u202f? Escalier [&hellip;]<\/p>\n","protected":false},"author":2,"featured_media":8385,"comment_status":"open","ping_status":"open","sticky":false,"template":"","format":"standard","meta":{"footnotes":""},"categories":[120,1],"tags":[],"class_list":["post-8380","post","type-post","status-publish","format-standard","has-post-thumbnail","hentry","category-chambre","category-uncategorized"],"yoast_head":"<!-- This site is optimized with the Yoast SEO plugin v27.5 - https:\/\/yoast.com\/product\/yoast-seo-wordpress\/ -->\n<title>Les types d\u2019escaliers design qui transforment compl\u00e8tement votre int\u00e9rieur<\/title>\n<meta name=\"description\" content=\"Escalier droit, h\u00e9lico\u00efdal ou pas japonais\u00a0: lequel apporte vraiment style et lumi\u00e8re \u00e0 votre int\u00e9rieur tout en restant pratique au quotidien\u202f? Votre avis?\" \/>\n<meta name=\"robots\" content=\"index, follow, max-snippet:-1, max-image-preview:large, max-video-preview:-1\" \/>\n<link rel=\"canonical\" href=\"https:\/\/www.mobilier-design-occasion.fr\/magazine\/les-differents-types-descaliers-design-qui-transforment-completement-votre-interieur\/\" \/>\n<meta property=\"og:locale\" content=\"fr_FR\" \/>\n<meta property=\"og:type\" content=\"article\" \/>\n<meta property=\"og:title\" content=\"Les types d\u2019escaliers design qui transforment compl\u00e8tement votre int\u00e9rieur\" \/>\n<meta property=\"og:description\" content=\"Escalier droit, h\u00e9lico\u00efdal ou pas japonais\u00a0: lequel apporte vraiment style et lumi\u00e8re \u00e0 votre int\u00e9rieur tout en restant pratique au quotidien\u202f? Votre avis?\" \/>\n<meta property=\"og:url\" content=\"https:\/\/www.mobilier-design-occasion.fr\/magazine\/les-differents-types-descaliers-design-qui-transforment-completement-votre-interieur\/\" \/>\n<meta property=\"og:site_name\" content=\"Mobilier Design Magazine\" \/>\n<meta property=\"article:publisher\" content=\"https:\/\/www.facebook.com\/mobilierdesignoccasion\" \/>\n<meta property=\"article:published_time\" content=\"2025-08-01T16:38:31+00:00\" \/>\n<meta property=\"article:modified_time\" content=\"2025-08-01T16:38:33+00:00\" \/>\n<meta property=\"og:image\" content=\"https:\/\/www.mobilier-design-occasion.fr\/magazine\/wp-content\/uploads\/2025\/08\/6a420c6a0479015e27ad179bff005fde.jpeg\" \/>\n\t<meta property=\"og:image:width\" content=\"848\" \/>\n\t<meta property=\"og:image:height\" content=\"565\" \/>\n\t<meta property=\"og:image:type\" content=\"image\/jpeg\" \/>\n<meta name=\"author\" content=\"Vincent Vandegans\" \/>\n<meta name=\"twitter:card\" content=\"summary_large_image\" \/>\n<meta name=\"twitter:label1\" content=\"\u00c9crit par\" \/>\n\t<meta name=\"twitter:data1\" content=\"Vincent Vandegans\" \/>\n\t<meta name=\"twitter:label2\" content=\"Dur\u00e9e de lecture estim\u00e9e\" \/>\n\t<meta name=\"twitter:data2\" content=\"2 minutes\" \/>\n<script type=\"application\/ld+json\" class=\"yoast-schema-graph\">{\"@context\":\"https:\\\/\\\/schema.org\",\"@graph\":[{\"@type\":\"Article\",\"@id\":\"https:\\\/\\\/www.mobilier-design-occasion.fr\\\/magazine\\\/les-differents-types-descaliers-design-qui-transforment-completement-votre-interieur\\\/#article\",\"isPartOf\":{\"@id\":\"https:\\\/\\\/www.mobilier-design-occasion.fr\\\/magazine\\\/les-differents-types-descaliers-design-qui-transforment-completement-votre-interieur\\\/\"},\"author\":{\"name\":\"Vincent Vandegans\",\"@id\":\"https:\\\/\\\/www.mobilier-design-occasion.fr\\\/magazine\\\/#\\\/schema\\\/person\\\/af895bedc80bfb6b17730a672fddac9e\"},\"headline\":\"Les diff\u00e9rents types d\u2019escaliers design qui transforment compl\u00e8tement votre int\u00e9rieur\",\"datePublished\":\"2025-08-01T16:38:31+00:00\",\"dateModified\":\"2025-08-01T16:38:33+00:00\",\"mainEntityOfPage\":{\"@id\":\"https:\\\/\\\/www.mobilier-design-occasion.fr\\\/magazine\\\/les-differents-types-descaliers-design-qui-transforment-completement-votre-interieur\\\/\"},\"wordCount\":467,\"commentCount\":0,\"publisher\":{\"@id\":\"https:\\\/\\\/www.mobilier-design-occasion.fr\\\/magazine\\\/#organization\"},\"image\":{\"@id\":\"https:\\\/\\\/www.mobilier-design-occasion.fr\\\/magazine\\\/les-differents-types-descaliers-design-qui-transforment-completement-votre-interieur\\\/#primaryimage\"},\"thumbnailUrl\":\"https:\\\/\\\/www.mobilier-design-occasion.fr\\\/magazine\\\/wp-content\\\/uploads\\\/2025\\\/08\\\/6a420c6a0479015e27ad179bff005fde.jpeg\",\"articleSection\":[\"Chambre\",\"Uncategorized\"],\"inLanguage\":\"fr-FR\",\"potentialAction\":[{\"@type\":\"CommentAction\",\"name\":\"Comment\",\"target\":[\"https:\\\/\\\/www.mobilier-design-occasion.fr\\\/magazine\\\/les-differents-types-descaliers-design-qui-transforment-completement-votre-interieur\\\/#respond\"]}]},{\"@type\":\"WebPage\",\"@id\":\"https:\\\/\\\/www.mobilier-design-occasion.fr\\\/magazine\\\/les-differents-types-descaliers-design-qui-transforment-completement-votre-interieur\\\/\",\"url\":\"https:\\\/\\\/www.mobilier-design-occasion.fr\\\/magazine\\\/les-differents-types-descaliers-design-qui-transforment-completement-votre-interieur\\\/\",\"name\":\"Les types d\u2019escaliers design qui transforment compl\u00e8tement votre int\u00e9rieur\",\"isPartOf\":{\"@id\":\"https:\\\/\\\/www.mobilier-design-occasion.fr\\\/magazine\\\/#website\"},\"primaryImageOfPage\":{\"@id\":\"https:\\\/\\\/www.mobilier-design-occasion.fr\\\/magazine\\\/les-differents-types-descaliers-design-qui-transforment-completement-votre-interieur\\\/#primaryimage\"},\"image\":{\"@id\":\"https:\\\/\\\/www.mobilier-design-occasion.fr\\\/magazine\\\/les-differents-types-descaliers-design-qui-transforment-completement-votre-interieur\\\/#primaryimage\"},\"thumbnailUrl\":\"https:\\\/\\\/www.mobilier-design-occasion.fr\\\/magazine\\\/wp-content\\\/uploads\\\/2025\\\/08\\\/6a420c6a0479015e27ad179bff005fde.jpeg\",\"datePublished\":\"2025-08-01T16:38:31+00:00\",\"dateModified\":\"2025-08-01T16:38:33+00:00\",\"description\":\"Escalier droit, h\u00e9lico\u00efdal ou pas japonais\u00a0: lequel apporte vraiment style et lumi\u00e8re \u00e0 votre int\u00e9rieur tout en restant pratique au quotidien\u202f? Votre avis?\",\"breadcrumb\":{\"@id\":\"https:\\\/\\\/www.mobilier-design-occasion.fr\\\/magazine\\\/les-differents-types-descaliers-design-qui-transforment-completement-votre-interieur\\\/#breadcrumb\"},\"inLanguage\":\"fr-FR\",\"potentialAction\":[{\"@type\":\"ReadAction\",\"target\":[\"https:\\\/\\\/www.mobilier-design-occasion.fr\\\/magazine\\\/les-differents-types-descaliers-design-qui-transforment-completement-votre-interieur\\\/\"]}]},{\"@type\":\"ImageObject\",\"inLanguage\":\"fr-FR\",\"@id\":\"https:\\\/\\\/www.mobilier-design-occasion.fr\\\/magazine\\\/les-differents-types-descaliers-design-qui-transforment-completement-votre-interieur\\\/#primaryimage\",\"url\":\"https:\\\/\\\/www.mobilier-design-occasion.fr\\\/magazine\\\/wp-content\\\/uploads\\\/2025\\\/08\\\/6a420c6a0479015e27ad179bff005fde.jpeg\",\"contentUrl\":\"https:\\\/\\\/www.mobilier-design-occasion.fr\\\/magazine\\\/wp-content\\\/uploads\\\/2025\\\/08\\\/6a420c6a0479015e27ad179bff005fde.jpeg\",\"width\":848,\"height\":565},{\"@type\":\"BreadcrumbList\",\"@id\":\"https:\\\/\\\/www.mobilier-design-occasion.fr\\\/magazine\\\/les-differents-types-descaliers-design-qui-transforment-completement-votre-interieur\\\/#breadcrumb\",\"itemListElement\":[{\"@type\":\"ListItem\",\"position\":1,\"name\":\"Accueil\",\"item\":\"https:\\\/\\\/www.mobilier-design-occasion.fr\\\/magazine\\\/\"},{\"@type\":\"ListItem\",\"position\":2,\"name\":\"Les diff\u00e9rents types d\u2019escaliers design qui transforment compl\u00e8tement votre int\u00e9rieur\"}]},{\"@type\":\"WebSite\",\"@id\":\"https:\\\/\\\/www.mobilier-design-occasion.fr\\\/magazine\\\/#website\",\"url\":\"https:\\\/\\\/www.mobilier-design-occasion.fr\\\/magazine\\\/\",\"name\":\"Mobilier Design Magazine\",\"description\":\"\",\"publisher\":{\"@id\":\"https:\\\/\\\/www.mobilier-design-occasion.fr\\\/magazine\\\/#organization\"},\"potentialAction\":[{\"@type\":\"SearchAction\",\"target\":{\"@type\":\"EntryPoint\",\"urlTemplate\":\"https:\\\/\\\/www.mobilier-design-occasion.fr\\\/magazine\\\/?s={search_term_string}\"},\"query-input\":{\"@type\":\"PropertyValueSpecification\",\"valueRequired\":true,\"valueName\":\"search_term_string\"}}],\"inLanguage\":\"fr-FR\"},{\"@type\":\"Organization\",\"@id\":\"https:\\\/\\\/www.mobilier-design-occasion.fr\\\/magazine\\\/#organization\",\"name\":\"Mobilier Design Magazine\",\"url\":\"https:\\\/\\\/www.mobilier-design-occasion.fr\\\/magazine\\\/\",\"logo\":{\"@type\":\"ImageObject\",\"inLanguage\":\"fr-FR\",\"@id\":\"https:\\\/\\\/www.mobilier-design-occasion.fr\\\/magazine\\\/#\\\/schema\\\/logo\\\/image\\\/\",\"url\":\"https:\\\/\\\/www.mobilier-design-occasion.fr\\\/magazine\\\/wp-content\\\/uploads\\\/2024\\\/02\\\/android-chrome-192x192-1.png\",\"contentUrl\":\"https:\\\/\\\/www.mobilier-design-occasion.fr\\\/magazine\\\/wp-content\\\/uploads\\\/2024\\\/02\\\/android-chrome-192x192-1.png\",\"width\":192,\"height\":192,\"caption\":\"Mobilier Design Magazine\"},\"image\":{\"@id\":\"https:\\\/\\\/www.mobilier-design-occasion.fr\\\/magazine\\\/#\\\/schema\\\/logo\\\/image\\\/\"},\"sameAs\":[\"https:\\\/\\\/www.facebook.com\\\/mobilierdesignoccasion\"]},{\"@type\":\"Person\",\"@id\":\"https:\\\/\\\/www.mobilier-design-occasion.fr\\\/magazine\\\/#\\\/schema\\\/person\\\/af895bedc80bfb6b17730a672fddac9e\",\"name\":\"Vincent Vandegans\",\"image\":{\"@type\":\"ImageObject\",\"inLanguage\":\"fr-FR\",\"@id\":\"https:\\\/\\\/secure.gravatar.com\\\/avatar\\\/b984800dabdf722d5e3f03f637c8932dea77d81118467d17ad2953e3b273ec66?s=96&d=mm&r=g\",\"url\":\"https:\\\/\\\/secure.gravatar.com\\\/avatar\\\/b984800dabdf722d5e3f03f637c8932dea77d81118467d17ad2953e3b273ec66?s=96&d=mm&r=g\",\"contentUrl\":\"https:\\\/\\\/secure.gravatar.com\\\/avatar\\\/b984800dabdf722d5e3f03f637c8932dea77d81118467d17ad2953e3b273ec66?s=96&d=mm&r=g\",\"caption\":\"Vincent Vandegans\"},\"description\":\"Vincent est passionn\u00e9 par les produits d'occasion, il a ouvert le site MDO avec Cyrielle pour aider les gens \u00e0 trouver du mobilier d'occasion, vintage ou usag\u00e9. Depuis, ils ont \u00e9tendu leurs activit\u00e9s et conseillent tout le monde sur le mobilier d'int\u00e9rieur et d'ext\u00e9rieur au quotidien \u00e0 travers le magazine MDO.\",\"url\":\"https:\\\/\\\/www.mobilier-design-occasion.fr\\\/magazine\\\/author\\\/vincent\\\/\"}]}<\/script>\n<!-- \/ Yoast SEO plugin. -->","yoast_head_json":{"title":"Les types d\u2019escaliers design qui transforment compl\u00e8tement votre int\u00e9rieur","description":"Escalier droit, h\u00e9lico\u00efdal ou pas japonais\u00a0: lequel apporte vraiment style et lumi\u00e8re \u00e0 votre int\u00e9rieur tout en restant pratique au quotidien\u202f? Votre avis?","robots":{"index":"index","follow":"follow","max-snippet":"max-snippet:-1","max-image-preview":"max-image-preview:large","max-video-preview":"max-video-preview:-1"},"canonical":"https:\/\/www.mobilier-design-occasion.fr\/magazine\/les-differents-types-descaliers-design-qui-transforment-completement-votre-interieur\/","og_locale":"fr_FR","og_type":"article","og_title":"Les types d\u2019escaliers design qui transforment compl\u00e8tement votre int\u00e9rieur","og_description":"Escalier droit, h\u00e9lico\u00efdal ou pas japonais\u00a0: lequel apporte vraiment style et lumi\u00e8re \u00e0 votre int\u00e9rieur tout en restant pratique au quotidien\u202f? Votre avis?","og_url":"https:\/\/www.mobilier-design-occasion.fr\/magazine\/les-differents-types-descaliers-design-qui-transforment-completement-votre-interieur\/","og_site_name":"Mobilier Design Magazine","article_publisher":"https:\/\/www.facebook.com\/mobilierdesignoccasion","article_published_time":"2025-08-01T16:38:31+00:00","article_modified_time":"2025-08-01T16:38:33+00:00","og_image":[{"width":848,"height":565,"url":"https:\/\/www.mobilier-design-occasion.fr\/magazine\/wp-content\/uploads\/2025\/08\/6a420c6a0479015e27ad179bff005fde.jpeg","type":"image\/jpeg"}],"author":"Vincent Vandegans","twitter_card":"summary_large_image","twitter_misc":{"\u00c9crit par":"Vincent Vandegans","Dur\u00e9e de lecture estim\u00e9e":"2 minutes"},"schema":{"@context":"https:\/\/schema.org","@graph":[{"@type":"Article","@id":"https:\/\/www.mobilier-design-occasion.fr\/magazine\/les-differents-types-descaliers-design-qui-transforment-completement-votre-interieur\/#article","isPartOf":{"@id":"https:\/\/www.mobilier-design-occasion.fr\/magazine\/les-differents-types-descaliers-design-qui-transforment-completement-votre-interieur\/"},"author":{"name":"Vincent Vandegans","@id":"https:\/\/www.mobilier-design-occasion.fr\/magazine\/#\/schema\/person\/af895bedc80bfb6b17730a672fddac9e"},"headline":"Les diff\u00e9rents types d\u2019escaliers design qui transforment compl\u00e8tement votre int\u00e9rieur","datePublished":"2025-08-01T16:38:31+00:00","dateModified":"2025-08-01T16:38:33+00:00","mainEntityOfPage":{"@id":"https:\/\/www.mobilier-design-occasion.fr\/magazine\/les-differents-types-descaliers-design-qui-transforment-completement-votre-interieur\/"},"wordCount":467,"commentCount":0,"publisher":{"@id":"https:\/\/www.mobilier-design-occasion.fr\/magazine\/#organization"},"image":{"@id":"https:\/\/www.mobilier-design-occasion.fr\/magazine\/les-differents-types-descaliers-design-qui-transforment-completement-votre-interieur\/#primaryimage"},"thumbnailUrl":"https:\/\/www.mobilier-design-occasion.fr\/magazine\/wp-content\/uploads\/2025\/08\/6a420c6a0479015e27ad179bff005fde.jpeg","articleSection":["Chambre","Uncategorized"],"inLanguage":"fr-FR","potentialAction":[{"@type":"CommentAction","name":"Comment","target":["https:\/\/www.mobilier-design-occasion.fr\/magazine\/les-differents-types-descaliers-design-qui-transforment-completement-votre-interieur\/#respond"]}]},{"@type":"WebPage","@id":"https:\/\/www.mobilier-design-occasion.fr\/magazine\/les-differents-types-descaliers-design-qui-transforment-completement-votre-interieur\/","url":"https:\/\/www.mobilier-design-occasion.fr\/magazine\/les-differents-types-descaliers-design-qui-transforment-completement-votre-interieur\/","name":"Les types d\u2019escaliers design qui transforment compl\u00e8tement votre int\u00e9rieur","isPartOf":{"@id":"https:\/\/www.mobilier-design-occasion.fr\/magazine\/#website"},"primaryImageOfPage":{"@id":"https:\/\/www.mobilier-design-occasion.fr\/magazine\/les-differents-types-descaliers-design-qui-transforment-completement-votre-interieur\/#primaryimage"},"image":{"@id":"https:\/\/www.mobilier-design-occasion.fr\/magazine\/les-differents-types-descaliers-design-qui-transforment-completement-votre-interieur\/#primaryimage"},"thumbnailUrl":"https:\/\/www.mobilier-design-occasion.fr\/magazine\/wp-content\/uploads\/2025\/08\/6a420c6a0479015e27ad179bff005fde.jpeg","datePublished":"2025-08-01T16:38:31+00:00","dateModified":"2025-08-01T16:38:33+00:00","description":"Escalier droit, h\u00e9lico\u00efdal ou pas japonais\u00a0: lequel apporte vraiment style et lumi\u00e8re \u00e0 votre int\u00e9rieur tout en restant pratique au quotidien\u202f? Votre avis?","breadcrumb":{"@id":"https:\/\/www.mobilier-design-occasion.fr\/magazine\/les-differents-types-descaliers-design-qui-transforment-completement-votre-interieur\/#breadcrumb"},"inLanguage":"fr-FR","potentialAction":[{"@type":"ReadAction","target":["https:\/\/www.mobilier-design-occasion.fr\/magazine\/les-differents-types-descaliers-design-qui-transforment-completement-votre-interieur\/"]}]},{"@type":"ImageObject","inLanguage":"fr-FR","@id":"https:\/\/www.mobilier-design-occasion.fr\/magazine\/les-differents-types-descaliers-design-qui-transforment-completement-votre-interieur\/#primaryimage","url":"https:\/\/www.mobilier-design-occasion.fr\/magazine\/wp-content\/uploads\/2025\/08\/6a420c6a0479015e27ad179bff005fde.jpeg","contentUrl":"https:\/\/www.mobilier-design-occasion.fr\/magazine\/wp-content\/uploads\/2025\/08\/6a420c6a0479015e27ad179bff005fde.jpeg","width":848,"height":565},{"@type":"BreadcrumbList","@id":"https:\/\/www.mobilier-design-occasion.fr\/magazine\/les-differents-types-descaliers-design-qui-transforment-completement-votre-interieur\/#breadcrumb","itemListElement":[{"@type":"ListItem","position":1,"name":"Accueil","item":"https:\/\/www.mobilier-design-occasion.fr\/magazine\/"},{"@type":"ListItem","position":2,"name":"Les diff\u00e9rents types d\u2019escaliers design qui transforment compl\u00e8tement votre int\u00e9rieur"}]},{"@type":"WebSite","@id":"https:\/\/www.mobilier-design-occasion.fr\/magazine\/#website","url":"https:\/\/www.mobilier-design-occasion.fr\/magazine\/","name":"Mobilier Design Magazine","description":"","publisher":{"@id":"https:\/\/www.mobilier-design-occasion.fr\/magazine\/#organization"},"potentialAction":[{"@type":"SearchAction","target":{"@type":"EntryPoint","urlTemplate":"https:\/\/www.mobilier-design-occasion.fr\/magazine\/?s={search_term_string}"},"query-input":{"@type":"PropertyValueSpecification","valueRequired":true,"valueName":"search_term_string"}}],"inLanguage":"fr-FR"},{"@type":"Organization","@id":"https:\/\/www.mobilier-design-occasion.fr\/magazine\/#organization","name":"Mobilier Design Magazine","url":"https:\/\/www.mobilier-design-occasion.fr\/magazine\/","logo":{"@type":"ImageObject","inLanguage":"fr-FR","@id":"https:\/\/www.mobilier-design-occasion.fr\/magazine\/#\/schema\/logo\/image\/","url":"https:\/\/www.mobilier-design-occasion.fr\/magazine\/wp-content\/uploads\/2024\/02\/android-chrome-192x192-1.png","contentUrl":"https:\/\/www.mobilier-design-occasion.fr\/magazine\/wp-content\/uploads\/2024\/02\/android-chrome-192x192-1.png","width":192,"height":192,"caption":"Mobilier Design Magazine"},"image":{"@id":"https:\/\/www.mobilier-design-occasion.fr\/magazine\/#\/schema\/logo\/image\/"},"sameAs":["https:\/\/www.facebook.com\/mobilierdesignoccasion"]},{"@type":"Person","@id":"https:\/\/www.mobilier-design-occasion.fr\/magazine\/#\/schema\/person\/af895bedc80bfb6b17730a672fddac9e","name":"Vincent Vandegans","image":{"@type":"ImageObject","inLanguage":"fr-FR","@id":"https:\/\/secure.gravatar.com\/avatar\/b984800dabdf722d5e3f03f637c8932dea77d81118467d17ad2953e3b273ec66?s=96&d=mm&r=g","url":"https:\/\/secure.gravatar.com\/avatar\/b984800dabdf722d5e3f03f637c8932dea77d81118467d17ad2953e3b273ec66?s=96&d=mm&r=g","contentUrl":"https:\/\/secure.gravatar.com\/avatar\/b984800dabdf722d5e3f03f637c8932dea77d81118467d17ad2953e3b273ec66?s=96&d=mm&r=g","caption":"Vincent Vandegans"},"description":"Vincent est passionn\u00e9 par les produits d'occasion, il a ouvert le site MDO avec Cyrielle pour aider les gens \u00e0 trouver du mobilier d'occasion, vintage ou usag\u00e9. Depuis, ils ont \u00e9tendu leurs activit\u00e9s et conseillent tout le monde sur le mobilier d'int\u00e9rieur et d'ext\u00e9rieur au quotidien \u00e0 travers le magazine MDO.","url":"https:\/\/www.mobilier-design-occasion.fr\/magazine\/author\/vincent\/"}]}},"_links":{"self":[{"href":"https:\/\/www.mobilier-design-occasion.fr\/magazine\/wp-json\/wp\/v2\/posts\/8380","targetHints":{"allow":["GET"]}}],"collection":[{"href":"https:\/\/www.mobilier-design-occasion.fr\/magazine\/wp-json\/wp\/v2\/posts"}],"about":[{"href":"https:\/\/www.mobilier-design-occasion.fr\/magazine\/wp-json\/wp\/v2\/types\/post"}],"author":[{"embeddable":true,"href":"https:\/\/www.mobilier-design-occasion.fr\/magazine\/wp-json\/wp\/v2\/users\/2"}],"replies":[{"embeddable":true,"href":"https:\/\/www.mobilier-design-occasion.fr\/magazine\/wp-json\/wp\/v2\/comments?post=8380"}],"version-history":[{"count":1,"href":"https:\/\/www.mobilier-design-occasion.fr\/magazine\/wp-json\/wp\/v2\/posts\/8380\/revisions"}],"predecessor-version":[{"id":8384,"href":"https:\/\/www.mobilier-design-occasion.fr\/magazine\/wp-json\/wp\/v2\/posts\/8380\/revisions\/8384"}],"wp:featuredmedia":[{"embeddable":true,"href":"https:\/\/www.mobilier-design-occasion.fr\/magazine\/wp-json\/wp\/v2\/media\/8385"}],"wp:attachment":[{"href":"https:\/\/www.mobilier-design-occasion.fr\/magazine\/wp-json\/wp\/v2\/media?parent=8380"}],"wp:term":[{"taxonomy":"category","embeddable":true,"href":"https:\/\/www.mobilier-design-occasion.fr\/magazine\/wp-json\/wp\/v2\/categories?post=8380"},{"taxonomy":"post_tag","embeddable":true,"href":"https:\/\/www.mobilier-design-occasion.fr\/magazine\/wp-json\/wp\/v2\/tags?post=8380"}],"curies":[{"name":"wp","href":"https:\/\/api.w.org\/{rel}","templated":true}]}}